{"id":202857,"date":"2022-10-31T18:48:53","date_gmt":"2022-10-31T17:48:53","guid":{"rendered":"https:\/\/www.24gliwice.pl\/wiadomosci\/?p=202857"},"modified":"2022-11-02T00:11:53","modified_gmt":"2022-11-01T23:11:53","slug":"wszystkich-swietych-to-czas-wspomnien-zmarlych-gliwiczanie-ktorych-pozegnalismy-w-tym-roku","status":"publish","type":"post","link":"https:\/\/www.24gliwice.pl\/wiadomosci\/wszystkich-swietych-to-czas-wspomnien-zmarlych-gliwiczanie-ktorych-pozegnalismy-w-tym-roku\/","title":{"rendered":"Wszystkich \u015awi\u0119tych to czas wspomnie\u0144 zmar\u0142ych. Gliwiczanie, kt\u00f3rych po\u017cegnali\u015bmy w tym roku"},"content":{"rendered":"<div class=\"gliwi-a6-nad-leadem-artykulow gliwi-entity-placement\" id=\"gliwi-3824574443\"><div class=\"gliwi-adlabel\"><span style=\"font-size: 9px\">REKLAMA<\/span><\/div><div id=\"gliwi-1504077405\" style=\"margin-bottom: 25px;margin-left: auto;margin-right: auto;text-align: center;\"><a data-no-instant=\"1\" href=\"https:\/\/dom100.eu\/\" rel=\"noopener\" class=\"a2t-link\" target=\"_blank\" aria-label=\"20260415 DOM100 D\"><img loading=\"lazy\" decoding=\"async\" src=\"https:\/\/www.24gliwice.pl\/wiadomosci\/wp-content\/uploads\/2026\/04\/20260415-DOM100-D.jpg\" alt=\"\"  srcset=\"https:\/\/www.24gliwice.pl\/wiadomosci\/wp-content\/uploads\/2026\/04\/20260415-DOM100-D.jpg 750w, https:\/\/www.24gliwice.pl\/wiadomosci\/wp-content\/uploads\/2026\/04\/20260415-DOM100-D-410x109.jpg 410w\" sizes=\"(max-width: 750px) 100vw, 750px\" class=\"no-lazyload\" width=\"750\" height=\"200\"  style=\"display: inline-block; max-width: 100%; height: auto;\" \/><\/a><\/div><\/div><h2>Najstarsza Polka, Skarbnik Urz\u0119du Miejskiego, ostatni z Cichociemnych i wybitny gliwicki szermierz &#8211; to zwi\u0105zane z Gliwicami najbardziej znane osoby, kt\u00f3re na po\u017cegnali\u015bmy w mijaj\u0105cym roku.<\/h2>\n<p>&nbsp;<\/p>\n<p><a href=\"https:\/\/www.24gliwice.pl\/wiadomosci\/wp-content\/uploads\/2022\/10\/zmarli-w-2022-roku-aleksander-tarnawski.jpg\"><img loading=\"lazy\" decoding=\"async\" src=\"https:\/\/www.24gliwice.pl\/wiadomosci\/wp-content\/uploads\/2022\/10\/zmarli-w-2022-roku-aleksander-tarnawski.jpg\" alt=\"\" width=\"810\" height=\"518\" class=\"alignnone size-full wp-image-202862\" srcset=\"https:\/\/www.24gliwice.pl\/wiadomosci\/wp-content\/uploads\/2022\/10\/zmarli-w-2022-roku-aleksander-tarnawski.jpg 810w, https:\/\/www.24gliwice.pl\/wiadomosci\/wp-content\/uploads\/2022\/10\/zmarli-w-2022-roku-aleksander-tarnawski-363x232.jpg 363w, https:\/\/www.24gliwice.pl\/wiadomosci\/wp-content\/uploads\/2022\/10\/zmarli-w-2022-roku-aleksander-tarnawski-711x455.jpg 711w, https:\/\/www.24gliwice.pl\/wiadomosci\/wp-content\/uploads\/2022\/10\/zmarli-w-2022-roku-aleksander-tarnawski-768x491.jpg 768w\" sizes=\"auto, (max-width: 810px) 100vw, 810px\" \/><\/a><\/p>\n<p>Pu\u0142kownik <strong>Aleksander Tarnawski, ostatni z cichociemnych, ps. \u201eUp\u0142az\u201d<\/strong>, odszed\u0142 na wieczn\u0105 wart\u0119 w marcu 2022 r.,  w wieku 101 lat. Mieszka\u0142 w Gliwicach. By\u0142 in\u017cynierem chemikiem, \u017co\u0142nierzem Polskich Si\u0142 Zbrojnych, oficerem Armii Krajowej. Nale\u017ca\u0142 do komandos\u00f3w polskiego podziemia, wykonywa\u0142 trudne misje konspiracyjne i szkoli\u0142 \u017co\u0142nierzy AK.<\/p>\n<p><a href=\"https:\/\/www.24gliwice.pl\/wiadomosci\/wp-content\/uploads\/2022\/10\/zmarli-w-2022-rgon-franke.jpg\"><img loading=\"lazy\" decoding=\"async\" src=\"https:\/\/www.24gliwice.pl\/wiadomosci\/wp-content\/uploads\/2022\/10\/zmarli-w-2022-rgon-franke.jpg\" alt=\"\" width=\"810\" height=\"608\" class=\"alignnone size-full wp-image-202861\" srcset=\"https:\/\/www.24gliwice.pl\/wiadomosci\/wp-content\/uploads\/2022\/10\/zmarli-w-2022-rgon-franke.jpg 810w, https:\/\/www.24gliwice.pl\/wiadomosci\/wp-content\/uploads\/2022\/10\/zmarli-w-2022-rgon-franke-309x232.jpg 309w, https:\/\/www.24gliwice.pl\/wiadomosci\/wp-content\/uploads\/2022\/10\/zmarli-w-2022-rgon-franke-606x455.jpg 606w, https:\/\/www.24gliwice.pl\/wiadomosci\/wp-content\/uploads\/2022\/10\/zmarli-w-2022-rgon-franke-768x576.jpg 768w\" sizes=\"auto, (max-width: 810px) 100vw, 810px\" \/><\/a><\/p>\n<p><strong>Egon Franke, wybitny gliwicki sportowiec, szermierz<\/strong>, zmar\u0142 w marcu, w wieku 86 lat. Dwukrotnie zdoby\u0142 srebrny medal na mistrzostwach Polski i tytu\u0142 mistrza Polski we florecie, trzykrotnie byt mistrzem kraju w dru\u017cynie. By\u0142 te\u017c mistrzem olimpijskim, wielokrotnym medalist\u0105 mistrzostw \u015bwiata, jeden z kr\u0105\u017ck\u00f3w wywalczy\u0142 w szabli. Najwi\u0119kszy sukces odni\u00f3s\u0142 w 1964 r. w Tokio \u2013  zosta\u0142 pierwszym polskim mistrzem olimpijskim w szermierce. Zdoby\u0142 te\u017c srebro w dru\u017cynie. W 1966 r., na mistrzostwach \u015bwiata wywalczy\u0142 br\u0105zowy medal w dru\u017cynie, a w 1968 r. w Meksyku br\u0105zowy medal olimpijski w dru\u017cynie.<\/p><div class=\"gliwi-a3-w-tresci-artykulow gliwi-entity-placement\" id=\"gliwi-3265743308\"><div class=\"gliwi-adlabel\"><span style=\"font-size: 9px\">REKLAMA<\/span><\/div><div id=\"gliwi-378758776\" style=\"margin-bottom: 30px;margin-left: auto;margin-right: auto;text-align: center;\"><a data-no-instant=\"1\" href=\"https:\/\/ogrodyandersa.pl\/\" rel=\"noopener\" class=\"a2t-link\" target=\"_blank\" aria-label=\"20260415 Ogrody Andersa KUP TERAZ D\"><img loading=\"lazy\" decoding=\"async\" src=\"https:\/\/www.24gliwice.pl\/wiadomosci\/wp-content\/uploads\/2026\/04\/20260415-Ogrody-Andersa-KUP-TERAZ-D.jpg\" alt=\"\"  srcset=\"https:\/\/www.24gliwice.pl\/wiadomosci\/wp-content\/uploads\/2026\/04\/20260415-Ogrody-Andersa-KUP-TERAZ-D.jpg 750w, https:\/\/www.24gliwice.pl\/wiadomosci\/wp-content\/uploads\/2026\/04\/20260415-Ogrody-Andersa-KUP-TERAZ-D-410x109.jpg 410w\" sizes=\"(max-width: 750px) 100vw, 750px\" class=\"no-lazyload\" width=\"750\" height=\"200\"  style=\"display: inline-block; max-width: 100%; height: auto;\" \/><\/a><\/div><\/div>\n<p><a href=\"https:\/\/www.24gliwice.pl\/wiadomosci\/wp-content\/uploads\/2022\/10\/zmarli-w-2022-roku-tekla-juniewicz.jpg\"><img loading=\"lazy\" decoding=\"async\" src=\"https:\/\/www.24gliwice.pl\/wiadomosci\/wp-content\/uploads\/2022\/10\/zmarli-w-2022-roku-tekla-juniewicz.jpg\" alt=\"\" width=\"810\" height=\"541\" class=\"alignnone size-full wp-image-202863\" srcset=\"https:\/\/www.24gliwice.pl\/wiadomosci\/wp-content\/uploads\/2022\/10\/zmarli-w-2022-roku-tekla-juniewicz.jpg 810w, https:\/\/www.24gliwice.pl\/wiadomosci\/wp-content\/uploads\/2022\/10\/zmarli-w-2022-roku-tekla-juniewicz-347x232.jpg 347w, https:\/\/www.24gliwice.pl\/wiadomosci\/wp-content\/uploads\/2022\/10\/zmarli-w-2022-roku-tekla-juniewicz-681x455.jpg 681w, https:\/\/www.24gliwice.pl\/wiadomosci\/wp-content\/uploads\/2022\/10\/zmarli-w-2022-roku-tekla-juniewicz-768x513.jpg 768w\" sizes=\"auto, (max-width: 810px) 100vw, 810px\" \/><\/a><\/p>\n<p>W sierpniu odesz\u0142a <strong>Tekla Juniewicz, najstarsza Polka w historii<\/strong>, rekordzistka d\u0142ugowieczno\u015bci Polski, najstarsza mieszkanka w historii wojew\u00f3dztwa \u015bl\u0105skiego, druga najstarsza osoba na \u015bwiecie, a przede wszystkim niezwyk\u0142a kobieta o wielkim sercu i mocnym charakterze. Prze\u017cy\u0142a 116 lat, 2 miesi\u0105ce i 9 dni. <\/p>\n<p><a href=\"https:\/\/www.24gliwice.pl\/wiadomosci\/wp-content\/uploads\/2022\/10\/zmarli-w-2022-ryszard-reszke.jpg\"><img loading=\"lazy\" decoding=\"async\" src=\"https:\/\/www.24gliwice.pl\/wiadomosci\/wp-content\/uploads\/2022\/10\/zmarli-w-2022-ryszard-reszke.jpg\" alt=\"\" width=\"810\" height=\"540\" class=\"alignnone size-full wp-image-202864\" srcset=\"https:\/\/www.24gliwice.pl\/wiadomosci\/wp-content\/uploads\/2022\/10\/zmarli-w-2022-ryszard-reszke.jpg 810w, https:\/\/www.24gliwice.pl\/wiadomosci\/wp-content\/uploads\/2022\/10\/zmarli-w-2022-ryszard-reszke-348x232.jpg 348w, https:\/\/www.24gliwice.pl\/wiadomosci\/wp-content\/uploads\/2022\/10\/zmarli-w-2022-ryszard-reszke-683x455.jpg 683w, https:\/\/www.24gliwice.pl\/wiadomosci\/wp-content\/uploads\/2022\/10\/zmarli-w-2022-ryszard-reszke-768x512.jpg 768w\" sizes=\"auto, (max-width: 810px) 100vw, 810px\" \/><\/a><\/p>\n<p>W pa\u017adzierniku zmar\u0142 <strong>Ryszard Reszke, skarbnik miasta Gliwice<\/strong>. By\u0142 elektronikiem, ekonomist\u0105, burmistrzem Gryfowa \u015al\u0105skiego i skarbnikiem powiatu lw\u00f3weckiego, a w 2003 roku zosta\u0142 powo\u0142any na skarbnika miasta Gliwice. Przez 19 lat nieprzerwanie by\u0142 zwi\u0105zany z gliwickim samorz\u0105dem. Odpowiada\u0142 za prawid\u0142owe gospodarowanie miejskimi finansami, w tym za nadz\u00f3r nad realizacj\u0105 bud\u017cetu miasta. Jego fachowa wiedza, zaanga\u017cowanie i pracowito\u015b\u0107 przyczyni\u0142y si\u0119 do wypracowania bardzo dobrej kondycji finansowej Gliwic, dzi\u0119ki czemu miasto mog\u0142o realizowa\u0107 ambitny program inwestycyjny. <\/p>\n<p>(\u017cms)\/UM Gliwice(mf)<br \/>\nfot. materia\u0142y Urz\u0119du Miejskiego<\/p>\n<div class=\"gliwi-a5-na-koncu-artykulow gliwi-entity-placement\" id=\"gliwi-742549986\"><div class=\"gliwi-adlabel\"><span style=\"font-size: 9px\">REKLAMA<\/span><\/div><div id=\"gliwi-2203441026\" style=\"margin-left: auto;margin-right: auto;text-align: center;\"><a data-no-instant=\"1\" href=\"https:\/\/prezeroarenagliwice.pl\/\" rel=\"noopener\" class=\"a2t-link\" target=\"_blank\" aria-label=\"20260309-PREZERO-WIOSNA-D\"><img loading=\"lazy\" decoding=\"async\" src=\"https:\/\/www.24gliwice.pl\/wiadomosci\/wp-content\/uploads\/2026\/03\/20260309-PREZERO-WIOSNA-D.webp\" alt=\"\"  srcset=\"https:\/\/www.24gliwice.pl\/wiadomosci\/wp-content\/uploads\/2026\/03\/20260309-PREZERO-WIOSNA-D.webp 750w, https:\/\/www.24gliwice.pl\/wiadomosci\/wp-content\/uploads\/2026\/03\/20260309-PREZERO-WIOSNA-D-410x109.webp 410w\" sizes=\"(max-width: 750px) 100vw, 750px\" class=\"no-lazyload\" width=\"750\" height=\"200\"  style=\"display: inline-block; max-width: 100%; height: auto;\" \/><\/a><\/div><\/div>","protected":false},"excerpt":{"rendered":"<p>Najstarsza Polka, Skarbnik Urz\u0119du Miejskiego, ostatni z Cichociemnych i wybitny gliwicki szermierz &#8211; to zwi\u0105zane z Gliwicami najbardziej znane osoby, kt\u00f3re na po\u017cegnali\u015bmy w mijaj\u0105cym roku. &nbsp; Pu\u0142kownik Aleksander Tarnawski, ostatni z cichociemnych, ps. \u201eUp\u0142az\u201d, odszed\u0142 na wieczn\u0105 wart\u0119 w marcu 2022 r., w wieku 101 lat. Mieszka\u0142 w Gliwicach. By\u0142 in\u017cynierem chemikiem, \u017co\u0142nierzem Polskich [&hellip;]<\/p>\n","protected":false},"author":15,"featured_media":202865,"comment_status":"closed","ping_status":"closed","sticky":false,"template":"","format":"standard","meta":{"_monsterinsights_skip_tracking":false,"_monsterinsights_sitenote_active":false,"_monsterinsights_sitenote_note":"","_monsterinsights_sitenote_category":0,"footnotes":"","_links_to":"","_links_to_target":""},"categories":[3,1],"tags":[5711],"class_list":["post-202857","post","type-post","status-publish","format-standard","has-post-thumbnail","hentry","category-gliwice","category-wszystko","tag-wszystkich-swietych"],"yoast_head":"<!-- This site is optimized with the Yoast SEO plugin v27.4 - https:\/\/yoast.com\/product\/yoast-seo-wordpress\/ -->\n<title>Wszystkich \u015awi\u0119tych to czas wspomnie\u0144 zmar\u0142ych. Gliwiczanie, kt\u00f3rych po\u017cegnali\u015bmy w tym roku - 24GLIWICE - Portal Gliwice | codziennie nowe informacje<\/title>\n<meta name=\"description\" content=\"Aleksander Tarnawski, Egon Franke, Tekla Juniewicz i Ryszard Reszke - to osoby, kt\u00f3re zmar\u0142y w Gliwicach w 2022 roku\" \/>\n<meta name=\"robots\" content=\"index, follow, max-snippet:-1, max-image-preview:large, max-video-preview:-1\" \/>\n<link rel=\"canonical\" href=\"https:\/\/www.24gliwice.pl\/wiadomosci\/wszystkich-swietych-to-czas-wspomnien-zmarlych-gliwiczanie-ktorych-pozegnalismy-w-tym-roku\/\" \/>\n<meta property=\"og:locale\" content=\"pl_PL\" \/>\n<meta property=\"og:type\" content=\"article\" \/>\n<meta property=\"og:title\" content=\"Wszystkich \u015awi\u0119tych to czas wspomnie\u0144 zmar\u0142ych. Gliwiczanie, kt\u00f3rych po\u017cegnali\u015bmy w tym roku - 24GLIWICE - Portal Gliwice | codziennie nowe informacje\" \/>\n<meta property=\"og:description\" content=\"Aleksander Tarnawski, Egon Franke, Tekla Juniewicz i Ryszard Reszke - to osoby, kt\u00f3re zmar\u0142y w Gliwicach w 2022 roku\" \/>\n<meta property=\"og:url\" content=\"https:\/\/www.24gliwice.pl\/wiadomosci\/wszystkich-swietych-to-czas-wspomnien-zmarlych-gliwiczanie-ktorych-pozegnalismy-w-tym-roku\/\" \/>\n<meta property=\"og:site_name\" content=\"24GLIWICE - Portal Gliwice | codziennie nowe informacje\" \/>\n<meta property=\"article:publisher\" content=\"https:\/\/www.facebook.com\/24gliwice\" \/>\n<meta property=\"article:published_time\" content=\"2022-10-31T17:48:53+00:00\" \/>\n<meta property=\"article:modified_time\" content=\"2022-11-01T23:11:53+00:00\" \/>\n<meta property=\"og:image\" content=\"https:\/\/www.24gliwice.pl\/wiadomosci\/wp-content\/uploads\/2022\/10\/znicze.jpg\" \/>\n\t<meta property=\"og:image:width\" content=\"810\" \/>\n\t<meta property=\"og:image:height\" content=\"456\" \/>\n\t<meta property=\"og:image:type\" content=\"image\/jpeg\" \/>\n<meta name=\"author\" content=\"\u017baneta Mrozek-Siewierska\" \/>\n<meta name=\"twitter:card\" content=\"summary_large_image\" \/>\n<meta name=\"twitter:creator\" content=\"@24gliwice\" \/>\n<meta name=\"twitter:site\" content=\"@24gliwice\" \/>\n<meta name=\"twitter:label1\" content=\"Napisane przez\" \/>\n\t<meta name=\"twitter:data1\" content=\"\u017baneta Mrozek-Siewierska\" \/>\n\t<meta name=\"twitter:label2\" content=\"Szacowany czas czytania\" \/>\n\t<meta name=\"twitter:data2\" content=\"2 minuty\" \/>\n<script type=\"application\/ld+json\" class=\"yoast-schema-graph\">{\"@context\":\"https:\\\/\\\/schema.org\",\"@graph\":[{\"@type\":\"Article\",\"@id\":\"https:\\\/\\\/www.24gliwice.pl\\\/wiadomosci\\\/wszystkich-swietych-to-czas-wspomnien-zmarlych-gliwiczanie-ktorych-pozegnalismy-w-tym-roku\\\/#article\",\"isPartOf\":{\"@id\":\"https:\\\/\\\/www.24gliwice.pl\\\/wiadomosci\\\/wszystkich-swietych-to-czas-wspomnien-zmarlych-gliwiczanie-ktorych-pozegnalismy-w-tym-roku\\\/\"},\"author\":{\"name\":\"\u017baneta Mrozek-Siewierska\",\"@id\":\"https:\\\/\\\/www.24gliwice.pl\\\/wiadomosci\\\/#\\\/schema\\\/person\\\/e42c650edd7f2fa332be3811fb166b6e\"},\"headline\":\"Wszystkich \u015awi\u0119tych to czas wspomnie\u0144 zmar\u0142ych. Gliwiczanie, kt\u00f3rych po\u017cegnali\u015bmy w tym roku\",\"datePublished\":\"2022-10-31T17:48:53+00:00\",\"dateModified\":\"2022-11-01T23:11:53+00:00\",\"mainEntityOfPage\":{\"@id\":\"https:\\\/\\\/www.24gliwice.pl\\\/wiadomosci\\\/wszystkich-swietych-to-czas-wspomnien-zmarlych-gliwiczanie-ktorych-pozegnalismy-w-tym-roku\\\/\"},\"wordCount\":338,\"publisher\":{\"@id\":\"https:\\\/\\\/www.24gliwice.pl\\\/wiadomosci\\\/#organization\"},\"image\":{\"@id\":\"https:\\\/\\\/www.24gliwice.pl\\\/wiadomosci\\\/wszystkich-swietych-to-czas-wspomnien-zmarlych-gliwiczanie-ktorych-pozegnalismy-w-tym-roku\\\/#primaryimage\"},\"thumbnailUrl\":\"https:\\\/\\\/www.24gliwice.pl\\\/wiadomosci\\\/wp-content\\\/uploads\\\/2022\\\/10\\\/znicze.jpg\",\"keywords\":[\"WSZYSTKICH \u015aWI\u0118TYCH\"],\"articleSection\":[\"Gliwice\",\"Najnowsze wiadomo\u015bci\"],\"inLanguage\":\"pl-PL\"},{\"@type\":\"WebPage\",\"@id\":\"https:\\\/\\\/www.24gliwice.pl\\\/wiadomosci\\\/wszystkich-swietych-to-czas-wspomnien-zmarlych-gliwiczanie-ktorych-pozegnalismy-w-tym-roku\\\/\",\"url\":\"https:\\\/\\\/www.24gliwice.pl\\\/wiadomosci\\\/wszystkich-swietych-to-czas-wspomnien-zmarlych-gliwiczanie-ktorych-pozegnalismy-w-tym-roku\\\/\",\"name\":\"Wszystkich \u015awi\u0119tych to czas wspomnie\u0144 zmar\u0142ych. Gliwiczanie, kt\u00f3rych po\u017cegnali\u015bmy w tym roku - 24GLIWICE - Portal Gliwice | codziennie nowe informacje\",\"isPartOf\":{\"@id\":\"https:\\\/\\\/www.24gliwice.pl\\\/wiadomosci\\\/#website\"},\"primaryImageOfPage\":{\"@id\":\"https:\\\/\\\/www.24gliwice.pl\\\/wiadomosci\\\/wszystkich-swietych-to-czas-wspomnien-zmarlych-gliwiczanie-ktorych-pozegnalismy-w-tym-roku\\\/#primaryimage\"},\"image\":{\"@id\":\"https:\\\/\\\/www.24gliwice.pl\\\/wiadomosci\\\/wszystkich-swietych-to-czas-wspomnien-zmarlych-gliwiczanie-ktorych-pozegnalismy-w-tym-roku\\\/#primaryimage\"},\"thumbnailUrl\":\"https:\\\/\\\/www.24gliwice.pl\\\/wiadomosci\\\/wp-content\\\/uploads\\\/2022\\\/10\\\/znicze.jpg\",\"datePublished\":\"2022-10-31T17:48:53+00:00\",\"dateModified\":\"2022-11-01T23:11:53+00:00\",\"description\":\"Aleksander Tarnawski, Egon Franke, Tekla Juniewicz i Ryszard Reszke - to osoby, kt\u00f3re zmar\u0142y w Gliwicach w 2022 roku\",\"breadcrumb\":{\"@id\":\"https:\\\/\\\/www.24gliwice.pl\\\/wiadomosci\\\/wszystkich-swietych-to-czas-wspomnien-zmarlych-gliwiczanie-ktorych-pozegnalismy-w-tym-roku\\\/#breadcrumb\"},\"inLanguage\":\"pl-PL\",\"potentialAction\":[{\"@type\":\"ReadAction\",\"target\":[\"https:\\\/\\\/www.24gliwice.pl\\\/wiadomosci\\\/wszystkich-swietych-to-czas-wspomnien-zmarlych-gliwiczanie-ktorych-pozegnalismy-w-tym-roku\\\/\"]}]},{\"@type\":\"ImageObject\",\"inLanguage\":\"pl-PL\",\"@id\":\"https:\\\/\\\/www.24gliwice.pl\\\/wiadomosci\\\/wszystkich-swietych-to-czas-wspomnien-zmarlych-gliwiczanie-ktorych-pozegnalismy-w-tym-roku\\\/#primaryimage\",\"url\":\"https:\\\/\\\/www.24gliwice.pl\\\/wiadomosci\\\/wp-content\\\/uploads\\\/2022\\\/10\\\/znicze.jpg\",\"contentUrl\":\"https:\\\/\\\/www.24gliwice.pl\\\/wiadomosci\\\/wp-content\\\/uploads\\\/2022\\\/10\\\/znicze.jpg\",\"width\":810,\"height\":456},{\"@type\":\"BreadcrumbList\",\"@id\":\"https:\\\/\\\/www.24gliwice.pl\\\/wiadomosci\\\/wszystkich-swietych-to-czas-wspomnien-zmarlych-gliwiczanie-ktorych-pozegnalismy-w-tym-roku\\\/#breadcrumb\",\"itemListElement\":[{\"@type\":\"ListItem\",\"position\":1,\"name\":\"Strona g\u0142\u00f3wna\",\"item\":\"https:\\\/\\\/www.24gliwice.pl\\\/wiadomosci\\\/\"},{\"@type\":\"ListItem\",\"position\":2,\"name\":\"Wszystkich \u015awi\u0119tych to czas wspomnie\u0144 zmar\u0142ych. Gliwiczanie, kt\u00f3rych po\u017cegnali\u015bmy w tym roku\"}]},{\"@type\":\"WebSite\",\"@id\":\"https:\\\/\\\/www.24gliwice.pl\\\/wiadomosci\\\/#website\",\"url\":\"https:\\\/\\\/www.24gliwice.pl\\\/wiadomosci\\\/\",\"name\":\"24GLIWICE - Portal Gliwice | codziennie nowe wiadomo\u015bci\",\"description\":\"Portal Miejski Gliwice\",\"publisher\":{\"@id\":\"https:\\\/\\\/www.24gliwice.pl\\\/wiadomosci\\\/#organization\"},\"potentialAction\":[{\"@type\":\"SearchAction\",\"target\":{\"@type\":\"EntryPoint\",\"urlTemplate\":\"https:\\\/\\\/www.24gliwice.pl\\\/wiadomosci\\\/?s={search_term_string}\"},\"query-input\":{\"@type\":\"PropertyValueSpecification\",\"valueRequired\":true,\"valueName\":\"search_term_string\"}}],\"inLanguage\":\"pl-PL\"},{\"@type\":\"Organization\",\"@id\":\"https:\\\/\\\/www.24gliwice.pl\\\/wiadomosci\\\/#organization\",\"name\":\"24gliwice\",\"url\":\"https:\\\/\\\/www.24gliwice.pl\\\/wiadomosci\\\/\",\"logo\":{\"@type\":\"ImageObject\",\"inLanguage\":\"pl-PL\",\"@id\":\"https:\\\/\\\/www.24gliwice.pl\\\/wiadomosci\\\/#\\\/schema\\\/logo\\\/image\\\/\",\"url\":\"https:\\\/\\\/www.24gliwice.pl\\\/wiadomosci\\\/wp-content\\\/uploads\\\/2024\\\/10\\\/24gliwice-logo-696.jpg\",\"contentUrl\":\"https:\\\/\\\/www.24gliwice.pl\\\/wiadomosci\\\/wp-content\\\/uploads\\\/2024\\\/10\\\/24gliwice-logo-696.jpg\",\"width\":696,\"height\":696,\"caption\":\"24gliwice\"},\"image\":{\"@id\":\"https:\\\/\\\/www.24gliwice.pl\\\/wiadomosci\\\/#\\\/schema\\\/logo\\\/image\\\/\"},\"sameAs\":[\"https:\\\/\\\/www.facebook.com\\\/24gliwice\",\"https:\\\/\\\/x.com\\\/24gliwice\",\"https:\\\/\\\/www.youtube.com\\\/@24gliwice\"]},{\"@type\":\"Person\",\"@id\":\"https:\\\/\\\/www.24gliwice.pl\\\/wiadomosci\\\/#\\\/schema\\\/person\\\/e42c650edd7f2fa332be3811fb166b6e\",\"name\":\"\u017baneta Mrozek-Siewierska\",\"image\":{\"@type\":\"ImageObject\",\"inLanguage\":\"pl-PL\",\"@id\":\"https:\\\/\\\/www.24gliwice.pl\\\/wiadomosci\\\/wp-content\\\/uploads\\\/2021\\\/11\\\/Zaneta-M_S-zdjecie-czb-96x96.jpg\",\"url\":\"https:\\\/\\\/www.24gliwice.pl\\\/wiadomosci\\\/wp-content\\\/uploads\\\/2021\\\/11\\\/Zaneta-M_S-zdjecie-czb-96x96.jpg\",\"contentUrl\":\"https:\\\/\\\/www.24gliwice.pl\\\/wiadomosci\\\/wp-content\\\/uploads\\\/2021\\\/11\\\/Zaneta-M_S-zdjecie-czb-96x96.jpg\",\"caption\":\"\u017baneta Mrozek-Siewierska\"},\"url\":\"https:\\\/\\\/www.24gliwice.pl\\\/wiadomosci\\\/author\\\/zms\\\/\"}]}<\/script>\n<!-- \/ Yoast SEO plugin. -->","yoast_head_json":{"title":"Wszystkich \u015awi\u0119tych to czas wspomnie\u0144 zmar\u0142ych. Gliwiczanie, kt\u00f3rych po\u017cegnali\u015bmy w tym roku - 24GLIWICE - Portal Gliwice | codziennie nowe informacje","description":"Aleksander Tarnawski, Egon Franke, Tekla Juniewicz i Ryszard Reszke - to osoby, kt\u00f3re zmar\u0142y w Gliwicach w 2022 roku","robots":{"index":"index","follow":"follow","max-snippet":"max-snippet:-1","max-image-preview":"max-image-preview:large","max-video-preview":"max-video-preview:-1"},"canonical":"https:\/\/www.24gliwice.pl\/wiadomosci\/wszystkich-swietych-to-czas-wspomnien-zmarlych-gliwiczanie-ktorych-pozegnalismy-w-tym-roku\/","og_locale":"pl_PL","og_type":"article","og_title":"Wszystkich \u015awi\u0119tych to czas wspomnie\u0144 zmar\u0142ych. Gliwiczanie, kt\u00f3rych po\u017cegnali\u015bmy w tym roku - 24GLIWICE - Portal Gliwice | codziennie nowe informacje","og_description":"Aleksander Tarnawski, Egon Franke, Tekla Juniewicz i Ryszard Reszke - to osoby, kt\u00f3re zmar\u0142y w Gliwicach w 2022 roku","og_url":"https:\/\/www.24gliwice.pl\/wiadomosci\/wszystkich-swietych-to-czas-wspomnien-zmarlych-gliwiczanie-ktorych-pozegnalismy-w-tym-roku\/","og_site_name":"24GLIWICE - Portal Gliwice | codziennie nowe informacje","article_publisher":"https:\/\/www.facebook.com\/24gliwice","article_published_time":"2022-10-31T17:48:53+00:00","article_modified_time":"2022-11-01T23:11:53+00:00","og_image":[{"width":810,"height":456,"url":"https:\/\/www.24gliwice.pl\/wiadomosci\/wp-content\/uploads\/2022\/10\/znicze.jpg","type":"image\/jpeg"}],"author":"\u017baneta Mrozek-Siewierska","twitter_card":"summary_large_image","twitter_creator":"@24gliwice","twitter_site":"@24gliwice","twitter_misc":{"Napisane przez":"\u017baneta Mrozek-Siewierska","Szacowany czas czytania":"2 minuty"},"schema":{"@context":"https:\/\/schema.org","@graph":[{"@type":"Article","@id":"https:\/\/www.24gliwice.pl\/wiadomosci\/wszystkich-swietych-to-czas-wspomnien-zmarlych-gliwiczanie-ktorych-pozegnalismy-w-tym-roku\/#article","isPartOf":{"@id":"https:\/\/www.24gliwice.pl\/wiadomosci\/wszystkich-swietych-to-czas-wspomnien-zmarlych-gliwiczanie-ktorych-pozegnalismy-w-tym-roku\/"},"author":{"name":"\u017baneta Mrozek-Siewierska","@id":"https:\/\/www.24gliwice.pl\/wiadomosci\/#\/schema\/person\/e42c650edd7f2fa332be3811fb166b6e"},"headline":"Wszystkich \u015awi\u0119tych to czas wspomnie\u0144 zmar\u0142ych. Gliwiczanie, kt\u00f3rych po\u017cegnali\u015bmy w tym roku","datePublished":"2022-10-31T17:48:53+00:00","dateModified":"2022-11-01T23:11:53+00:00","mainEntityOfPage":{"@id":"https:\/\/www.24gliwice.pl\/wiadomosci\/wszystkich-swietych-to-czas-wspomnien-zmarlych-gliwiczanie-ktorych-pozegnalismy-w-tym-roku\/"},"wordCount":338,"publisher":{"@id":"https:\/\/www.24gliwice.pl\/wiadomosci\/#organization"},"image":{"@id":"https:\/\/www.24gliwice.pl\/wiadomosci\/wszystkich-swietych-to-czas-wspomnien-zmarlych-gliwiczanie-ktorych-pozegnalismy-w-tym-roku\/#primaryimage"},"thumbnailUrl":"https:\/\/www.24gliwice.pl\/wiadomosci\/wp-content\/uploads\/2022\/10\/znicze.jpg","keywords":["WSZYSTKICH \u015aWI\u0118TYCH"],"articleSection":["Gliwice","Najnowsze wiadomo\u015bci"],"inLanguage":"pl-PL"},{"@type":"WebPage","@id":"https:\/\/www.24gliwice.pl\/wiadomosci\/wszystkich-swietych-to-czas-wspomnien-zmarlych-gliwiczanie-ktorych-pozegnalismy-w-tym-roku\/","url":"https:\/\/www.24gliwice.pl\/wiadomosci\/wszystkich-swietych-to-czas-wspomnien-zmarlych-gliwiczanie-ktorych-pozegnalismy-w-tym-roku\/","name":"Wszystkich \u015awi\u0119tych to czas wspomnie\u0144 zmar\u0142ych. Gliwiczanie, kt\u00f3rych po\u017cegnali\u015bmy w tym roku - 24GLIWICE - Portal Gliwice | codziennie nowe informacje","isPartOf":{"@id":"https:\/\/www.24gliwice.pl\/wiadomosci\/#website"},"primaryImageOfPage":{"@id":"https:\/\/www.24gliwice.pl\/wiadomosci\/wszystkich-swietych-to-czas-wspomnien-zmarlych-gliwiczanie-ktorych-pozegnalismy-w-tym-roku\/#primaryimage"},"image":{"@id":"https:\/\/www.24gliwice.pl\/wiadomosci\/wszystkich-swietych-to-czas-wspomnien-zmarlych-gliwiczanie-ktorych-pozegnalismy-w-tym-roku\/#primaryimage"},"thumbnailUrl":"https:\/\/www.24gliwice.pl\/wiadomosci\/wp-content\/uploads\/2022\/10\/znicze.jpg","datePublished":"2022-10-31T17:48:53+00:00","dateModified":"2022-11-01T23:11:53+00:00","description":"Aleksander Tarnawski, Egon Franke, Tekla Juniewicz i Ryszard Reszke - to osoby, kt\u00f3re zmar\u0142y w Gliwicach w 2022 roku","breadcrumb":{"@id":"https:\/\/www.24gliwice.pl\/wiadomosci\/wszystkich-swietych-to-czas-wspomnien-zmarlych-gliwiczanie-ktorych-pozegnalismy-w-tym-roku\/#breadcrumb"},"inLanguage":"pl-PL","potentialAction":[{"@type":"ReadAction","target":["https:\/\/www.24gliwice.pl\/wiadomosci\/wszystkich-swietych-to-czas-wspomnien-zmarlych-gliwiczanie-ktorych-pozegnalismy-w-tym-roku\/"]}]},{"@type":"ImageObject","inLanguage":"pl-PL","@id":"https:\/\/www.24gliwice.pl\/wiadomosci\/wszystkich-swietych-to-czas-wspomnien-zmarlych-gliwiczanie-ktorych-pozegnalismy-w-tym-roku\/#primaryimage","url":"https:\/\/www.24gliwice.pl\/wiadomosci\/wp-content\/uploads\/2022\/10\/znicze.jpg","contentUrl":"https:\/\/www.24gliwice.pl\/wiadomosci\/wp-content\/uploads\/2022\/10\/znicze.jpg","width":810,"height":456},{"@type":"BreadcrumbList","@id":"https:\/\/www.24gliwice.pl\/wiadomosci\/wszystkich-swietych-to-czas-wspomnien-zmarlych-gliwiczanie-ktorych-pozegnalismy-w-tym-roku\/#breadcrumb","itemListElement":[{"@type":"ListItem","position":1,"name":"Strona g\u0142\u00f3wna","item":"https:\/\/www.24gliwice.pl\/wiadomosci\/"},{"@type":"ListItem","position":2,"name":"Wszystkich \u015awi\u0119tych to czas wspomnie\u0144 zmar\u0142ych. Gliwiczanie, kt\u00f3rych po\u017cegnali\u015bmy w tym roku"}]},{"@type":"WebSite","@id":"https:\/\/www.24gliwice.pl\/wiadomosci\/#website","url":"https:\/\/www.24gliwice.pl\/wiadomosci\/","name":"24GLIWICE - Portal Gliwice | codziennie nowe wiadomo\u015bci","description":"Portal Miejski Gliwice","publisher":{"@id":"https:\/\/www.24gliwice.pl\/wiadomosci\/#organization"},"potentialAction":[{"@type":"SearchAction","target":{"@type":"EntryPoint","urlTemplate":"https:\/\/www.24gliwice.pl\/wiadomosci\/?s={search_term_string}"},"query-input":{"@type":"PropertyValueSpecification","valueRequired":true,"valueName":"search_term_string"}}],"inLanguage":"pl-PL"},{"@type":"Organization","@id":"https:\/\/www.24gliwice.pl\/wiadomosci\/#organization","name":"24gliwice","url":"https:\/\/www.24gliwice.pl\/wiadomosci\/","logo":{"@type":"ImageObject","inLanguage":"pl-PL","@id":"https:\/\/www.24gliwice.pl\/wiadomosci\/#\/schema\/logo\/image\/","url":"https:\/\/www.24gliwice.pl\/wiadomosci\/wp-content\/uploads\/2024\/10\/24gliwice-logo-696.jpg","contentUrl":"https:\/\/www.24gliwice.pl\/wiadomosci\/wp-content\/uploads\/2024\/10\/24gliwice-logo-696.jpg","width":696,"height":696,"caption":"24gliwice"},"image":{"@id":"https:\/\/www.24gliwice.pl\/wiadomosci\/#\/schema\/logo\/image\/"},"sameAs":["https:\/\/www.facebook.com\/24gliwice","https:\/\/x.com\/24gliwice","https:\/\/www.youtube.com\/@24gliwice"]},{"@type":"Person","@id":"https:\/\/www.24gliwice.pl\/wiadomosci\/#\/schema\/person\/e42c650edd7f2fa332be3811fb166b6e","name":"\u017baneta Mrozek-Siewierska","image":{"@type":"ImageObject","inLanguage":"pl-PL","@id":"https:\/\/www.24gliwice.pl\/wiadomosci\/wp-content\/uploads\/2021\/11\/Zaneta-M_S-zdjecie-czb-96x96.jpg","url":"https:\/\/www.24gliwice.pl\/wiadomosci\/wp-content\/uploads\/2021\/11\/Zaneta-M_S-zdjecie-czb-96x96.jpg","contentUrl":"https:\/\/www.24gliwice.pl\/wiadomosci\/wp-content\/uploads\/2021\/11\/Zaneta-M_S-zdjecie-czb-96x96.jpg","caption":"\u017baneta Mrozek-Siewierska"},"url":"https:\/\/www.24gliwice.pl\/wiadomosci\/author\/zms\/"}]}},"_links":{"self":[{"href":"https:\/\/www.24gliwice.pl\/wiadomosci\/wp-json\/wp\/v2\/posts\/202857","targetHints":{"allow":["GET"]}}],"collection":[{"href":"https:\/\/www.24gliwice.pl\/wiadomosci\/wp-json\/wp\/v2\/posts"}],"about":[{"href":"https:\/\/www.24gliwice.pl\/wiadomosci\/wp-json\/wp\/v2\/types\/post"}],"author":[{"embeddable":true,"href":"https:\/\/www.24gliwice.pl\/wiadomosci\/wp-json\/wp\/v2\/users\/15"}],"replies":[{"embeddable":true,"href":"https:\/\/www.24gliwice.pl\/wiadomosci\/wp-json\/wp\/v2\/comments?post=202857"}],"version-history":[{"count":8,"href":"https:\/\/www.24gliwice.pl\/wiadomosci\/wp-json\/wp\/v2\/posts\/202857\/revisions"}],"predecessor-version":[{"id":202929,"href":"https:\/\/www.24gliwice.pl\/wiadomosci\/wp-json\/wp\/v2\/posts\/202857\/revisions\/202929"}],"wp:featuredmedia":[{"embeddable":true,"href":"https:\/\/www.24gliwice.pl\/wiadomosci\/wp-json\/wp\/v2\/media\/202865"}],"wp:attachment":[{"href":"https:\/\/www.24gliwice.pl\/wiadomosci\/wp-json\/wp\/v2\/media?parent=202857"}],"wp:term":[{"taxonomy":"category","embeddable":true,"href":"https:\/\/www.24gliwice.pl\/wiadomosci\/wp-json\/wp\/v2\/categories?post=202857"},{"taxonomy":"post_tag","embeddable":true,"href":"https:\/\/www.24gliwice.pl\/wiadomosci\/wp-json\/wp\/v2\/tags?post=202857"}],"curies":[{"name":"wp","href":"https:\/\/api.w.org\/{rel}","templated":true}]}}