{"id":202950,"date":"2022-11-03T01:55:45","date_gmt":"2022-11-03T00:55:45","guid":{"rendered":"https:\/\/www.24gliwice.pl\/wiadomosci\/?p=202950"},"modified":"2022-11-03T01:55:45","modified_gmt":"2022-11-03T00:55:45","slug":"planujecie-wyrobienie-paszportu-lepiej-sie-pospieszyc-lub-przelozyc-sprawe-na-polowe-listopada","status":"publish","type":"post","link":"https:\/\/www.24gliwice.pl\/wiadomosci\/planujecie-wyrobienie-paszportu-lepiej-sie-pospieszyc-lub-przelozyc-sprawe-na-polowe-listopada\/","title":{"rendered":"Planujecie wyrobienie paszportu? Lepiej si\u0119 pospieszy\u0107 lub prze\u0142o\u017cy\u0107 spraw\u0119 na po\u0142ow\u0119 listopada"},"content":{"rendered":"<div class=\"gliwi-a6-nad-leadem-artykulow gliwi-entity-placement\" id=\"gliwi-2893425913\"><div class=\"gliwi-adlabel\"><span style=\"font-size: 9px\">REKLAMA<\/span><\/div><div id=\"gliwi-1480803199\" style=\"margin-bottom: 25px;margin-left: auto;margin-right: auto;text-align: center;\"><a data-no-instant=\"1\" href=\"https:\/\/dom100.eu\/\" rel=\"noopener\" class=\"a2t-link\" target=\"_blank\" aria-label=\"20260415 DOM100 D\"><img loading=\"lazy\" decoding=\"async\" src=\"https:\/\/www.24gliwice.pl\/wiadomosci\/wp-content\/uploads\/2026\/04\/20260415-DOM100-D.jpg\" alt=\"\"  srcset=\"https:\/\/www.24gliwice.pl\/wiadomosci\/wp-content\/uploads\/2026\/04\/20260415-DOM100-D.jpg 750w, https:\/\/www.24gliwice.pl\/wiadomosci\/wp-content\/uploads\/2026\/04\/20260415-DOM100-D-410x109.jpg 410w\" sizes=\"(max-width: 750px) 100vw, 750px\" class=\"no-lazyload\" width=\"750\" height=\"200\"  style=\"display: inline-block; max-width: 100%; height: auto;\" \/><\/a><\/div><\/div><h2>Je\u017celi planujecie w najbli\u017cszych dniach wyrobienie paszportu w punkcie terenowym w gliwickim magistracie, warto zrobi\u0107 to jeszcze w tym tygodniu. <\/h4>\n<p>&nbsp;<br \/>\nZ powodu wdra\u017cania nowego Rejestru Dokument\u00f3w Paszportowych od 7 do 10 listopada b\u0119d\u0105 obowi\u0105zywa\u0142y nast\u0119puj\u0105ce ograniczenia w dost\u0119pie do us\u0142ug paszportowych:<\/p>\n<ul>\n<li>7 listopada (poniedzia\u0142ek) &#8211; mo\u017cliwy b\u0119dzie tylko odbi\u00f3r paszportu, brak mo\u017cliwo\u015bci z\u0142o\u017cenia wniosku o wydanie paszportu;<\/li>\n<li>8 listopada (wtorek) &#8211; b\u0119dzie mo\u017cliwo\u015b\u0107 odbi\u00f3r paszportu tylko do godziny 14:00, brak mo\u017cliwo\u015bci z\u0142o\u017cenia wniosku o wydanie paszportu;<\/li>\n<li>9 \u2013 10 listopada (\u015broda \u2013 czwartek) &#8211; brak mo\u017cliwo\u015bci odbioru paszportu oraz z\u0142o\u017cenia wniosku o wydanie paszportu.<\/li>\n<\/ul>\n<p>11 listopada (pi\u0105tek) przypada \u015awi\u0119to Niepodleg\u0142o\u015bci, z tego wzgl\u0119du urz\u0119dy i instytucje nie pracuj\u0105. Wznowienie pe\u0142nej obs\u0142ugi w sprawach paszportowych nast\u0105pi 14 listopada br.<\/p><div class=\"gliwi-a3-w-tresci-artykulow gliwi-entity-placement\" id=\"gliwi-4114101329\"><div class=\"gliwi-adlabel\"><span style=\"font-size: 9px\">REKLAMA<\/span><\/div><div id=\"gliwi-3150256920\" style=\"margin-bottom: 30px;margin-left: auto;margin-right: auto;text-align: center;\"><a data-no-instant=\"1\" href=\"https:\/\/zlobek.halogen.org.pl\/\" rel=\"noopener\" class=\"a2t-link\" target=\"_blank\" aria-label=\"animator-zlobek_750x200\"><img loading=\"lazy\" decoding=\"async\" src=\"https:\/\/www.24gliwice.pl\/wiadomosci\/wp-content\/uploads\/2026\/02\/animator-zlobek_750x200.webp\" alt=\"\"  srcset=\"https:\/\/www.24gliwice.pl\/wiadomosci\/wp-content\/uploads\/2026\/02\/animator-zlobek_750x200.webp 750w, https:\/\/www.24gliwice.pl\/wiadomosci\/wp-content\/uploads\/2026\/02\/animator-zlobek_750x200-410x109.webp 410w\" sizes=\"(max-width: 750px) 100vw, 750px\" class=\"no-lazyload\" width=\"750\" height=\"200\"  style=\"display: inline-block; max-width: 100%; height: auto;\" \/><\/a><\/div><\/div>\n<p>(\u017cms)\/BIP UM Gliwice<br \/>\nfot. px\/zdj\u0119cie pogl\u0105dowe<\/p>\n<div class=\"gliwi-a5-na-koncu-artykulow gliwi-entity-placement\" id=\"gliwi-663286868\"><div class=\"gliwi-adlabel\"><span style=\"font-size: 9px\">REKLAMA<\/span><\/div><div id=\"gliwi-35122404\" style=\"margin-left: auto;margin-right: auto;text-align: center;\"><a data-no-instant=\"1\" href=\"https:\/\/prezeroarenagliwice.pl\/\" rel=\"noopener\" class=\"a2t-link\" target=\"_blank\" aria-label=\"20260309-PREZERO-WIOSNA-D\"><img loading=\"lazy\" decoding=\"async\" src=\"https:\/\/www.24gliwice.pl\/wiadomosci\/wp-content\/uploads\/2026\/03\/20260309-PREZERO-WIOSNA-D.webp\" alt=\"\"  srcset=\"https:\/\/www.24gliwice.pl\/wiadomosci\/wp-content\/uploads\/2026\/03\/20260309-PREZERO-WIOSNA-D.webp 750w, https:\/\/www.24gliwice.pl\/wiadomosci\/wp-content\/uploads\/2026\/03\/20260309-PREZERO-WIOSNA-D-410x109.webp 410w\" sizes=\"(max-width: 750px) 100vw, 750px\" class=\"no-lazyload\" width=\"750\" height=\"200\"  style=\"display: inline-block; max-width: 100%; height: auto;\" \/><\/a><\/div><\/div>","protected":false},"excerpt":{"rendered":"<p>Je\u017celi planujecie w najbli\u017cszych dniach wyrobienie paszportu w punkcie terenowym w gliwickim magistracie, warto zrobi\u0107 to jeszcze w tym tygodniu. &nbsp; Z powodu wdra\u017cania nowego Rejestru Dokument\u00f3w Paszportowych od 7 do 10 listopada b\u0119d\u0105 obowi\u0105zywa\u0142y nast\u0119puj\u0105ce ograniczenia w dost\u0119pie do us\u0142ug paszportowych: 7 listopada (poniedzia\u0142ek) &#8211; mo\u017cliwy b\u0119dzie tylko odbi\u00f3r paszportu, brak mo\u017cliwo\u015bci z\u0142o\u017cenia wniosku [&hellip;]<\/p>\n","protected":false},"author":15,"featured_media":202953,"comment_status":"open","ping_status":"closed","sticky":false,"template":"","format":"standard","meta":{"_monsterinsights_skip_tracking":false,"_monsterinsights_sitenote_active":false,"_monsterinsights_sitenote_note":"","_monsterinsights_sitenote_category":0,"footnotes":"","_links_to":"","_links_to_target":""},"categories":[3,1],"tags":[9392,9393],"class_list":["post-202950","post","type-post","status-publish","format-standard","has-post-thumbnail","hentry","category-gliwice","category-wszystko","tag-paszport","tag-terenowy-punkt-paszportowy"],"yoast_head":"<!-- This site is optimized with the Yoast SEO plugin v27.4 - https:\/\/yoast.com\/product\/yoast-seo-wordpress\/ -->\n<title>Planujecie wyrobienie paszportu? Lepiej si\u0119 pospieszy\u0107 lub prze\u0142o\u017cy\u0107 spraw\u0119 na po\u0142ow\u0119 listopada - 24GLIWICE - Portal Gliwice | codziennie nowe informacje<\/title>\n<meta name=\"description\" content=\"Mi\u0119dzy 7 a 10 listopada wyst\u0119powa\u0107 b\u0119d\u0105 utrudnienia w wyrobieniu paszportu w punkcie terenowym w Urz\u0119dzie Miejskim w Gliwicach\" \/>\n<meta name=\"robots\" content=\"index, follow, max-snippet:-1, max-image-preview:large, max-video-preview:-1\" \/>\n<link rel=\"canonical\" href=\"https:\/\/www.24gliwice.pl\/wiadomosci\/planujecie-wyrobienie-paszportu-lepiej-sie-pospieszyc-lub-przelozyc-sprawe-na-polowe-listopada\/\" \/>\n<meta property=\"og:locale\" content=\"pl_PL\" \/>\n<meta property=\"og:type\" content=\"article\" \/>\n<meta property=\"og:title\" content=\"Planujecie wyrobienie paszportu? Lepiej si\u0119 pospieszy\u0107 lub prze\u0142o\u017cy\u0107 spraw\u0119 na po\u0142ow\u0119 listopada - 24GLIWICE - Portal Gliwice | codziennie nowe informacje\" \/>\n<meta property=\"og:description\" content=\"Mi\u0119dzy 7 a 10 listopada wyst\u0119powa\u0107 b\u0119d\u0105 utrudnienia w wyrobieniu paszportu w punkcie terenowym w Urz\u0119dzie Miejskim w Gliwicach\" \/>\n<meta property=\"og:url\" content=\"https:\/\/www.24gliwice.pl\/wiadomosci\/planujecie-wyrobienie-paszportu-lepiej-sie-pospieszyc-lub-przelozyc-sprawe-na-polowe-listopada\/\" \/>\n<meta property=\"og:site_name\" content=\"24GLIWICE - Portal Gliwice | codziennie nowe informacje\" \/>\n<meta property=\"article:publisher\" content=\"https:\/\/www.facebook.com\/24gliwice\" \/>\n<meta property=\"article:published_time\" content=\"2022-11-03T00:55:45+00:00\" \/>\n<meta property=\"og:image\" content=\"https:\/\/www.24gliwice.pl\/wiadomosci\/wp-content\/uploads\/2022\/11\/paszport-podroz.jpg\" \/>\n\t<meta property=\"og:image:width\" content=\"810\" \/>\n\t<meta property=\"og:image:height\" content=\"456\" \/>\n\t<meta property=\"og:image:type\" content=\"image\/jpeg\" \/>\n<meta name=\"author\" content=\"\u017baneta Mrozek-Siewierska\" \/>\n<meta name=\"twitter:card\" content=\"summary_large_image\" \/>\n<meta name=\"twitter:creator\" content=\"@24gliwice\" \/>\n<meta name=\"twitter:site\" content=\"@24gliwice\" \/>\n<meta name=\"twitter:label1\" content=\"Napisane przez\" \/>\n\t<meta name=\"twitter:data1\" content=\"\u017baneta Mrozek-Siewierska\" \/>\n\t<meta name=\"twitter:label2\" content=\"Szacowany czas czytania\" \/>\n\t<meta name=\"twitter:data2\" content=\"1 minuta\" \/>\n<script type=\"application\/ld+json\" class=\"yoast-schema-graph\">{\"@context\":\"https:\\\/\\\/schema.org\",\"@graph\":[{\"@type\":\"Article\",\"@id\":\"https:\\\/\\\/www.24gliwice.pl\\\/wiadomosci\\\/planujecie-wyrobienie-paszportu-lepiej-sie-pospieszyc-lub-przelozyc-sprawe-na-polowe-listopada\\\/#article\",\"isPartOf\":{\"@id\":\"https:\\\/\\\/www.24gliwice.pl\\\/wiadomosci\\\/planujecie-wyrobienie-paszportu-lepiej-sie-pospieszyc-lub-przelozyc-sprawe-na-polowe-listopada\\\/\"},\"author\":{\"name\":\"\u017baneta Mrozek-Siewierska\",\"@id\":\"https:\\\/\\\/www.24gliwice.pl\\\/wiadomosci\\\/#\\\/schema\\\/person\\\/e42c650edd7f2fa332be3811fb166b6e\"},\"headline\":\"Planujecie wyrobienie paszportu? Lepiej si\u0119 pospieszy\u0107 lub prze\u0142o\u017cy\u0107 spraw\u0119 na po\u0142ow\u0119 listopada\",\"datePublished\":\"2022-11-03T00:55:45+00:00\",\"mainEntityOfPage\":{\"@id\":\"https:\\\/\\\/www.24gliwice.pl\\\/wiadomosci\\\/planujecie-wyrobienie-paszportu-lepiej-sie-pospieszyc-lub-przelozyc-sprawe-na-polowe-listopada\\\/\"},\"wordCount\":172,\"commentCount\":0,\"publisher\":{\"@id\":\"https:\\\/\\\/www.24gliwice.pl\\\/wiadomosci\\\/#organization\"},\"image\":{\"@id\":\"https:\\\/\\\/www.24gliwice.pl\\\/wiadomosci\\\/planujecie-wyrobienie-paszportu-lepiej-sie-pospieszyc-lub-przelozyc-sprawe-na-polowe-listopada\\\/#primaryimage\"},\"thumbnailUrl\":\"https:\\\/\\\/www.24gliwice.pl\\\/wiadomosci\\\/wp-content\\\/uploads\\\/2022\\\/11\\\/paszport-podroz.jpg\",\"keywords\":[\"paszport\",\"terenowy punkt paszportowy\"],\"articleSection\":[\"Gliwice\",\"Najnowsze wiadomo\u015bci\"],\"inLanguage\":\"pl-PL\",\"potentialAction\":[{\"@type\":\"CommentAction\",\"name\":\"Comment\",\"target\":[\"https:\\\/\\\/www.24gliwice.pl\\\/wiadomosci\\\/planujecie-wyrobienie-paszportu-lepiej-sie-pospieszyc-lub-przelozyc-sprawe-na-polowe-listopada\\\/#respond\"]}]},{\"@type\":\"WebPage\",\"@id\":\"https:\\\/\\\/www.24gliwice.pl\\\/wiadomosci\\\/planujecie-wyrobienie-paszportu-lepiej-sie-pospieszyc-lub-przelozyc-sprawe-na-polowe-listopada\\\/\",\"url\":\"https:\\\/\\\/www.24gliwice.pl\\\/wiadomosci\\\/planujecie-wyrobienie-paszportu-lepiej-sie-pospieszyc-lub-przelozyc-sprawe-na-polowe-listopada\\\/\",\"name\":\"Planujecie wyrobienie paszportu? Lepiej si\u0119 pospieszy\u0107 lub prze\u0142o\u017cy\u0107 spraw\u0119 na po\u0142ow\u0119 listopada - 24GLIWICE - Portal Gliwice | codziennie nowe informacje\",\"isPartOf\":{\"@id\":\"https:\\\/\\\/www.24gliwice.pl\\\/wiadomosci\\\/#website\"},\"primaryImageOfPage\":{\"@id\":\"https:\\\/\\\/www.24gliwice.pl\\\/wiadomosci\\\/planujecie-wyrobienie-paszportu-lepiej-sie-pospieszyc-lub-przelozyc-sprawe-na-polowe-listopada\\\/#primaryimage\"},\"image\":{\"@id\":\"https:\\\/\\\/www.24gliwice.pl\\\/wiadomosci\\\/planujecie-wyrobienie-paszportu-lepiej-sie-pospieszyc-lub-przelozyc-sprawe-na-polowe-listopada\\\/#primaryimage\"},\"thumbnailUrl\":\"https:\\\/\\\/www.24gliwice.pl\\\/wiadomosci\\\/wp-content\\\/uploads\\\/2022\\\/11\\\/paszport-podroz.jpg\",\"datePublished\":\"2022-11-03T00:55:45+00:00\",\"description\":\"Mi\u0119dzy 7 a 10 listopada wyst\u0119powa\u0107 b\u0119d\u0105 utrudnienia w wyrobieniu paszportu w punkcie terenowym w Urz\u0119dzie Miejskim w Gliwicach\",\"breadcrumb\":{\"@id\":\"https:\\\/\\\/www.24gliwice.pl\\\/wiadomosci\\\/planujecie-wyrobienie-paszportu-lepiej-sie-pospieszyc-lub-przelozyc-sprawe-na-polowe-listopada\\\/#breadcrumb\"},\"inLanguage\":\"pl-PL\",\"potentialAction\":[{\"@type\":\"ReadAction\",\"target\":[\"https:\\\/\\\/www.24gliwice.pl\\\/wiadomosci\\\/planujecie-wyrobienie-paszportu-lepiej-sie-pospieszyc-lub-przelozyc-sprawe-na-polowe-listopada\\\/\"]}]},{\"@type\":\"ImageObject\",\"inLanguage\":\"pl-PL\",\"@id\":\"https:\\\/\\\/www.24gliwice.pl\\\/wiadomosci\\\/planujecie-wyrobienie-paszportu-lepiej-sie-pospieszyc-lub-przelozyc-sprawe-na-polowe-listopada\\\/#primaryimage\",\"url\":\"https:\\\/\\\/www.24gliwice.pl\\\/wiadomosci\\\/wp-content\\\/uploads\\\/2022\\\/11\\\/paszport-podroz.jpg\",\"contentUrl\":\"https:\\\/\\\/www.24gliwice.pl\\\/wiadomosci\\\/wp-content\\\/uploads\\\/2022\\\/11\\\/paszport-podroz.jpg\",\"width\":810,\"height\":456},{\"@type\":\"BreadcrumbList\",\"@id\":\"https:\\\/\\\/www.24gliwice.pl\\\/wiadomosci\\\/planujecie-wyrobienie-paszportu-lepiej-sie-pospieszyc-lub-przelozyc-sprawe-na-polowe-listopada\\\/#breadcrumb\",\"itemListElement\":[{\"@type\":\"ListItem\",\"position\":1,\"name\":\"Strona g\u0142\u00f3wna\",\"item\":\"https:\\\/\\\/www.24gliwice.pl\\\/wiadomosci\\\/\"},{\"@type\":\"ListItem\",\"position\":2,\"name\":\"Planujecie wyrobienie paszportu? Lepiej si\u0119 pospieszy\u0107 lub prze\u0142o\u017cy\u0107 spraw\u0119 na po\u0142ow\u0119 listopada\"}]},{\"@type\":\"WebSite\",\"@id\":\"https:\\\/\\\/www.24gliwice.pl\\\/wiadomosci\\\/#website\",\"url\":\"https:\\\/\\\/www.24gliwice.pl\\\/wiadomosci\\\/\",\"name\":\"24GLIWICE - Portal Gliwice | codziennie nowe wiadomo\u015bci\",\"description\":\"Portal Miejski Gliwice\",\"publisher\":{\"@id\":\"https:\\\/\\\/www.24gliwice.pl\\\/wiadomosci\\\/#organization\"},\"potentialAction\":[{\"@type\":\"SearchAction\",\"target\":{\"@type\":\"EntryPoint\",\"urlTemplate\":\"https:\\\/\\\/www.24gliwice.pl\\\/wiadomosci\\\/?s={search_term_string}\"},\"query-input\":{\"@type\":\"PropertyValueSpecification\",\"valueRequired\":true,\"valueName\":\"search_term_string\"}}],\"inLanguage\":\"pl-PL\"},{\"@type\":\"Organization\",\"@id\":\"https:\\\/\\\/www.24gliwice.pl\\\/wiadomosci\\\/#organization\",\"name\":\"24gliwice\",\"url\":\"https:\\\/\\\/www.24gliwice.pl\\\/wiadomosci\\\/\",\"logo\":{\"@type\":\"ImageObject\",\"inLanguage\":\"pl-PL\",\"@id\":\"https:\\\/\\\/www.24gliwice.pl\\\/wiadomosci\\\/#\\\/schema\\\/logo\\\/image\\\/\",\"url\":\"https:\\\/\\\/www.24gliwice.pl\\\/wiadomosci\\\/wp-content\\\/uploads\\\/2024\\\/10\\\/24gliwice-logo-696.jpg\",\"contentUrl\":\"https:\\\/\\\/www.24gliwice.pl\\\/wiadomosci\\\/wp-content\\\/uploads\\\/2024\\\/10\\\/24gliwice-logo-696.jpg\",\"width\":696,\"height\":696,\"caption\":\"24gliwice\"},\"image\":{\"@id\":\"https:\\\/\\\/www.24gliwice.pl\\\/wiadomosci\\\/#\\\/schema\\\/logo\\\/image\\\/\"},\"sameAs\":[\"https:\\\/\\\/www.facebook.com\\\/24gliwice\",\"https:\\\/\\\/x.com\\\/24gliwice\",\"https:\\\/\\\/www.youtube.com\\\/@24gliwice\"]},{\"@type\":\"Person\",\"@id\":\"https:\\\/\\\/www.24gliwice.pl\\\/wiadomosci\\\/#\\\/schema\\\/person\\\/e42c650edd7f2fa332be3811fb166b6e\",\"name\":\"\u017baneta Mrozek-Siewierska\",\"image\":{\"@type\":\"ImageObject\",\"inLanguage\":\"pl-PL\",\"@id\":\"https:\\\/\\\/www.24gliwice.pl\\\/wiadomosci\\\/wp-content\\\/uploads\\\/2021\\\/11\\\/Zaneta-M_S-zdjecie-czb-96x96.jpg\",\"url\":\"https:\\\/\\\/www.24gliwice.pl\\\/wiadomosci\\\/wp-content\\\/uploads\\\/2021\\\/11\\\/Zaneta-M_S-zdjecie-czb-96x96.jpg\",\"contentUrl\":\"https:\\\/\\\/www.24gliwice.pl\\\/wiadomosci\\\/wp-content\\\/uploads\\\/2021\\\/11\\\/Zaneta-M_S-zdjecie-czb-96x96.jpg\",\"caption\":\"\u017baneta Mrozek-Siewierska\"},\"url\":\"https:\\\/\\\/www.24gliwice.pl\\\/wiadomosci\\\/author\\\/zms\\\/\"}]}<\/script>\n<!-- \/ Yoast SEO plugin. -->","yoast_head_json":{"title":"Planujecie wyrobienie paszportu? Lepiej si\u0119 pospieszy\u0107 lub prze\u0142o\u017cy\u0107 spraw\u0119 na po\u0142ow\u0119 listopada - 24GLIWICE - Portal Gliwice | codziennie nowe informacje","description":"Mi\u0119dzy 7 a 10 listopada wyst\u0119powa\u0107 b\u0119d\u0105 utrudnienia w wyrobieniu paszportu w punkcie terenowym w Urz\u0119dzie Miejskim w Gliwicach","robots":{"index":"index","follow":"follow","max-snippet":"max-snippet:-1","max-image-preview":"max-image-preview:large","max-video-preview":"max-video-preview:-1"},"canonical":"https:\/\/www.24gliwice.pl\/wiadomosci\/planujecie-wyrobienie-paszportu-lepiej-sie-pospieszyc-lub-przelozyc-sprawe-na-polowe-listopada\/","og_locale":"pl_PL","og_type":"article","og_title":"Planujecie wyrobienie paszportu? Lepiej si\u0119 pospieszy\u0107 lub prze\u0142o\u017cy\u0107 spraw\u0119 na po\u0142ow\u0119 listopada - 24GLIWICE - Portal Gliwice | codziennie nowe informacje","og_description":"Mi\u0119dzy 7 a 10 listopada wyst\u0119powa\u0107 b\u0119d\u0105 utrudnienia w wyrobieniu paszportu w punkcie terenowym w Urz\u0119dzie Miejskim w Gliwicach","og_url":"https:\/\/www.24gliwice.pl\/wiadomosci\/planujecie-wyrobienie-paszportu-lepiej-sie-pospieszyc-lub-przelozyc-sprawe-na-polowe-listopada\/","og_site_name":"24GLIWICE - Portal Gliwice | codziennie nowe informacje","article_publisher":"https:\/\/www.facebook.com\/24gliwice","article_published_time":"2022-11-03T00:55:45+00:00","og_image":[{"width":810,"height":456,"url":"https:\/\/www.24gliwice.pl\/wiadomosci\/wp-content\/uploads\/2022\/11\/paszport-podroz.jpg","type":"image\/jpeg"}],"author":"\u017baneta Mrozek-Siewierska","twitter_card":"summary_large_image","twitter_creator":"@24gliwice","twitter_site":"@24gliwice","twitter_misc":{"Napisane przez":"\u017baneta Mrozek-Siewierska","Szacowany czas czytania":"1 minuta"},"schema":{"@context":"https:\/\/schema.org","@graph":[{"@type":"Article","@id":"https:\/\/www.24gliwice.pl\/wiadomosci\/planujecie-wyrobienie-paszportu-lepiej-sie-pospieszyc-lub-przelozyc-sprawe-na-polowe-listopada\/#article","isPartOf":{"@id":"https:\/\/www.24gliwice.pl\/wiadomosci\/planujecie-wyrobienie-paszportu-lepiej-sie-pospieszyc-lub-przelozyc-sprawe-na-polowe-listopada\/"},"author":{"name":"\u017baneta Mrozek-Siewierska","@id":"https:\/\/www.24gliwice.pl\/wiadomosci\/#\/schema\/person\/e42c650edd7f2fa332be3811fb166b6e"},"headline":"Planujecie wyrobienie paszportu? Lepiej si\u0119 pospieszy\u0107 lub prze\u0142o\u017cy\u0107 spraw\u0119 na po\u0142ow\u0119 listopada","datePublished":"2022-11-03T00:55:45+00:00","mainEntityOfPage":{"@id":"https:\/\/www.24gliwice.pl\/wiadomosci\/planujecie-wyrobienie-paszportu-lepiej-sie-pospieszyc-lub-przelozyc-sprawe-na-polowe-listopada\/"},"wordCount":172,"commentCount":0,"publisher":{"@id":"https:\/\/www.24gliwice.pl\/wiadomosci\/#organization"},"image":{"@id":"https:\/\/www.24gliwice.pl\/wiadomosci\/planujecie-wyrobienie-paszportu-lepiej-sie-pospieszyc-lub-przelozyc-sprawe-na-polowe-listopada\/#primaryimage"},"thumbnailUrl":"https:\/\/www.24gliwice.pl\/wiadomosci\/wp-content\/uploads\/2022\/11\/paszport-podroz.jpg","keywords":["paszport","terenowy punkt paszportowy"],"articleSection":["Gliwice","Najnowsze wiadomo\u015bci"],"inLanguage":"pl-PL","potentialAction":[{"@type":"CommentAction","name":"Comment","target":["https:\/\/www.24gliwice.pl\/wiadomosci\/planujecie-wyrobienie-paszportu-lepiej-sie-pospieszyc-lub-przelozyc-sprawe-na-polowe-listopada\/#respond"]}]},{"@type":"WebPage","@id":"https:\/\/www.24gliwice.pl\/wiadomosci\/planujecie-wyrobienie-paszportu-lepiej-sie-pospieszyc-lub-przelozyc-sprawe-na-polowe-listopada\/","url":"https:\/\/www.24gliwice.pl\/wiadomosci\/planujecie-wyrobienie-paszportu-lepiej-sie-pospieszyc-lub-przelozyc-sprawe-na-polowe-listopada\/","name":"Planujecie wyrobienie paszportu? Lepiej si\u0119 pospieszy\u0107 lub prze\u0142o\u017cy\u0107 spraw\u0119 na po\u0142ow\u0119 listopada - 24GLIWICE - Portal Gliwice | codziennie nowe informacje","isPartOf":{"@id":"https:\/\/www.24gliwice.pl\/wiadomosci\/#website"},"primaryImageOfPage":{"@id":"https:\/\/www.24gliwice.pl\/wiadomosci\/planujecie-wyrobienie-paszportu-lepiej-sie-pospieszyc-lub-przelozyc-sprawe-na-polowe-listopada\/#primaryimage"},"image":{"@id":"https:\/\/www.24gliwice.pl\/wiadomosci\/planujecie-wyrobienie-paszportu-lepiej-sie-pospieszyc-lub-przelozyc-sprawe-na-polowe-listopada\/#primaryimage"},"thumbnailUrl":"https:\/\/www.24gliwice.pl\/wiadomosci\/wp-content\/uploads\/2022\/11\/paszport-podroz.jpg","datePublished":"2022-11-03T00:55:45+00:00","description":"Mi\u0119dzy 7 a 10 listopada wyst\u0119powa\u0107 b\u0119d\u0105 utrudnienia w wyrobieniu paszportu w punkcie terenowym w Urz\u0119dzie Miejskim w Gliwicach","breadcrumb":{"@id":"https:\/\/www.24gliwice.pl\/wiadomosci\/planujecie-wyrobienie-paszportu-lepiej-sie-pospieszyc-lub-przelozyc-sprawe-na-polowe-listopada\/#breadcrumb"},"inLanguage":"pl-PL","potentialAction":[{"@type":"ReadAction","target":["https:\/\/www.24gliwice.pl\/wiadomosci\/planujecie-wyrobienie-paszportu-lepiej-sie-pospieszyc-lub-przelozyc-sprawe-na-polowe-listopada\/"]}]},{"@type":"ImageObject","inLanguage":"pl-PL","@id":"https:\/\/www.24gliwice.pl\/wiadomosci\/planujecie-wyrobienie-paszportu-lepiej-sie-pospieszyc-lub-przelozyc-sprawe-na-polowe-listopada\/#primaryimage","url":"https:\/\/www.24gliwice.pl\/wiadomosci\/wp-content\/uploads\/2022\/11\/paszport-podroz.jpg","contentUrl":"https:\/\/www.24gliwice.pl\/wiadomosci\/wp-content\/uploads\/2022\/11\/paszport-podroz.jpg","width":810,"height":456},{"@type":"BreadcrumbList","@id":"https:\/\/www.24gliwice.pl\/wiadomosci\/planujecie-wyrobienie-paszportu-lepiej-sie-pospieszyc-lub-przelozyc-sprawe-na-polowe-listopada\/#breadcrumb","itemListElement":[{"@type":"ListItem","position":1,"name":"Strona g\u0142\u00f3wna","item":"https:\/\/www.24gliwice.pl\/wiadomosci\/"},{"@type":"ListItem","position":2,"name":"Planujecie wyrobienie paszportu? Lepiej si\u0119 pospieszy\u0107 lub prze\u0142o\u017cy\u0107 spraw\u0119 na po\u0142ow\u0119 listopada"}]},{"@type":"WebSite","@id":"https:\/\/www.24gliwice.pl\/wiadomosci\/#website","url":"https:\/\/www.24gliwice.pl\/wiadomosci\/","name":"24GLIWICE - Portal Gliwice | codziennie nowe wiadomo\u015bci","description":"Portal Miejski Gliwice","publisher":{"@id":"https:\/\/www.24gliwice.pl\/wiadomosci\/#organization"},"potentialAction":[{"@type":"SearchAction","target":{"@type":"EntryPoint","urlTemplate":"https:\/\/www.24gliwice.pl\/wiadomosci\/?s={search_term_string}"},"query-input":{"@type":"PropertyValueSpecification","valueRequired":true,"valueName":"search_term_string"}}],"inLanguage":"pl-PL"},{"@type":"Organization","@id":"https:\/\/www.24gliwice.pl\/wiadomosci\/#organization","name":"24gliwice","url":"https:\/\/www.24gliwice.pl\/wiadomosci\/","logo":{"@type":"ImageObject","inLanguage":"pl-PL","@id":"https:\/\/www.24gliwice.pl\/wiadomosci\/#\/schema\/logo\/image\/","url":"https:\/\/www.24gliwice.pl\/wiadomosci\/wp-content\/uploads\/2024\/10\/24gliwice-logo-696.jpg","contentUrl":"https:\/\/www.24gliwice.pl\/wiadomosci\/wp-content\/uploads\/2024\/10\/24gliwice-logo-696.jpg","width":696,"height":696,"caption":"24gliwice"},"image":{"@id":"https:\/\/www.24gliwice.pl\/wiadomosci\/#\/schema\/logo\/image\/"},"sameAs":["https:\/\/www.facebook.com\/24gliwice","https:\/\/x.com\/24gliwice","https:\/\/www.youtube.com\/@24gliwice"]},{"@type":"Person","@id":"https:\/\/www.24gliwice.pl\/wiadomosci\/#\/schema\/person\/e42c650edd7f2fa332be3811fb166b6e","name":"\u017baneta Mrozek-Siewierska","image":{"@type":"ImageObject","inLanguage":"pl-PL","@id":"https:\/\/www.24gliwice.pl\/wiadomosci\/wp-content\/uploads\/2021\/11\/Zaneta-M_S-zdjecie-czb-96x96.jpg","url":"https:\/\/www.24gliwice.pl\/wiadomosci\/wp-content\/uploads\/2021\/11\/Zaneta-M_S-zdjecie-czb-96x96.jpg","contentUrl":"https:\/\/www.24gliwice.pl\/wiadomosci\/wp-content\/uploads\/2021\/11\/Zaneta-M_S-zdjecie-czb-96x96.jpg","caption":"\u017baneta Mrozek-Siewierska"},"url":"https:\/\/www.24gliwice.pl\/wiadomosci\/author\/zms\/"}]}},"_links":{"self":[{"href":"https:\/\/www.24gliwice.pl\/wiadomosci\/wp-json\/wp\/v2\/posts\/202950","targetHints":{"allow":["GET"]}}],"collection":[{"href":"https:\/\/www.24gliwice.pl\/wiadomosci\/wp-json\/wp\/v2\/posts"}],"about":[{"href":"https:\/\/www.24gliwice.pl\/wiadomosci\/wp-json\/wp\/v2\/types\/post"}],"author":[{"embeddable":true,"href":"https:\/\/www.24gliwice.pl\/wiadomosci\/wp-json\/wp\/v2\/users\/15"}],"replies":[{"embeddable":true,"href":"https:\/\/www.24gliwice.pl\/wiadomosci\/wp-json\/wp\/v2\/comments?post=202950"}],"version-history":[{"count":5,"href":"https:\/\/www.24gliwice.pl\/wiadomosci\/wp-json\/wp\/v2\/posts\/202950\/revisions"}],"predecessor-version":[{"id":203024,"href":"https:\/\/www.24gliwice.pl\/wiadomosci\/wp-json\/wp\/v2\/posts\/202950\/revisions\/203024"}],"wp:featuredmedia":[{"embeddable":true,"href":"https:\/\/www.24gliwice.pl\/wiadomosci\/wp-json\/wp\/v2\/media\/202953"}],"wp:attachment":[{"href":"https:\/\/www.24gliwice.pl\/wiadomosci\/wp-json\/wp\/v2\/media?parent=202950"}],"wp:term":[{"taxonomy":"category","embeddable":true,"href":"https:\/\/www.24gliwice.pl\/wiadomosci\/wp-json\/wp\/v2\/categories?post=202950"},{"taxonomy":"post_tag","embeddable":true,"href":"https:\/\/www.24gliwice.pl\/wiadomosci\/wp-json\/wp\/v2\/tags?post=202950"}],"curies":[{"name":"wp","href":"https:\/\/api.w.org\/{rel}","templated":true}]}}