{"id":202983,"date":"2022-11-03T06:02:45","date_gmt":"2022-11-03T05:02:45","guid":{"rendered":"https:\/\/www.24gliwice.pl\/wiadomosci\/?p=202983"},"modified":"2022-11-03T02:04:05","modified_gmt":"2022-11-03T01:04:05","slug":"wyjatkowy-koncert-z-okazji-swieta-niepodleglosci-bilety-w-cenie-2-zl-sa-juz-dostepne-w-sprzedazy","status":"publish","type":"post","link":"https:\/\/www.24gliwice.pl\/wiadomosci\/wyjatkowy-koncert-z-okazji-swieta-niepodleglosci-bilety-w-cenie-2-zl-sa-juz-dostepne-w-sprzedazy\/","title":{"rendered":"Wyj\u0105tkowy koncert z okazji \u015awi\u0119ta Niepodleg\u0142o\u015bci. Bilety w cenie 2 z\u0142 s\u0105 ju\u017c dost\u0119pne w sprzeda\u017cy"},"content":{"rendered":"<div class=\"gliwi-a6-nad-leadem-artykulow gliwi-entity-placement\" id=\"gliwi-486266550\"><div class=\"gliwi-adlabel\"><span style=\"font-size: 9px\">REKLAMA<\/span><\/div><div id=\"gliwi-2193322890\" style=\"margin-bottom: 25px;margin-left: auto;margin-right: auto;text-align: center;\"><a data-no-instant=\"1\" href=\"https:\/\/dom100.eu\/\" rel=\"noopener\" class=\"a2t-link\" target=\"_blank\" aria-label=\"20260415 DOM100 D\"><img loading=\"lazy\" decoding=\"async\" src=\"https:\/\/www.24gliwice.pl\/wiadomosci\/wp-content\/uploads\/2026\/04\/20260415-DOM100-D.jpg\" alt=\"\"  srcset=\"https:\/\/www.24gliwice.pl\/wiadomosci\/wp-content\/uploads\/2026\/04\/20260415-DOM100-D.jpg 750w, https:\/\/www.24gliwice.pl\/wiadomosci\/wp-content\/uploads\/2026\/04\/20260415-DOM100-D-410x109.jpg 410w\" sizes=\"(max-width: 750px) 100vw, 750px\" class=\"no-lazyload\" width=\"750\" height=\"200\"  style=\"display: inline-block; max-width: 100%; height: auto;\" \/><\/a><\/div><\/div><h3>Muzyka z filmowych adaptacji powie\u015bci Henryka Sienkiewicza i J\u00f3zefa Kraszewskiego w po\u0142\u0105czeniu z historycznymi obrazami Jana Matejki i Wojciecha Kossaka stworz\u0105 niesamowity, muzyczno-malarski klimat Narodowego \u015awi\u0119ta Niepodleg\u0142o\u015bci. 11 listopada w Teatrze Miejskim (ul. Nowy \u015awiat 55\u201357) wyst\u0105pi zesp\u00f3\u0142 Impressja.<\/h3>\n<p>&nbsp;<br \/>\nO godzinie 18:00 rozpocznie si\u0119 koncert, w kt\u00f3rym zabrzmi\u0105 takie utwory, jak \u201eBogurodzica\u201d, \u201eDumka na dwa serca\u201d, \u201eHej, Hej Soko\u0142y\u201d czy \u201ePolonez\u201d <strong>Wojciecha Kilara<\/strong>. Muzyce b\u0119d\u0105 towarzyszy\u0107 fragmenty s\u0142ynnych powie\u015bci Sienkiewicza i Kraszewskiego oraz wielkie historyczne dzie\u0142a, kt\u00f3re wysz\u0142y spod p\u0119dzla <strong>Jana Matejki, Wojciecha Kossaka i J\u00f3zefa Brandta<\/strong>. Widowisko powsta\u0142o z okazji rocznicy odzyskania przez Polsk\u0119 niepodleg\u0142o\u015bci.<\/p>\n<p>Bilety w cenie 2 z\u0142 s\u0105 dost\u0119pne w kasach Teatru Miejskiego i kina Amok (ul. Dolnych Wa\u0142\u00f3w 3). Wydarzenie jest elementem miejskich obchod\u00f3w Narodowego \u015awi\u0119ta Niepodleg\u0142o\u015bci.<\/p><div class=\"gliwi-a3-w-tresci-artykulow gliwi-entity-placement\" id=\"gliwi-1116545210\"><div class=\"gliwi-adlabel\"><span style=\"font-size: 9px\">REKLAMA<\/span><\/div><div id=\"gliwi-3193581253\" style=\"margin-bottom: 30px;margin-left: auto;margin-right: auto;text-align: center;\"><a data-no-instant=\"1\" href=\"https:\/\/zlobek.halogen.org.pl\/\" rel=\"noopener\" class=\"a2t-link\" target=\"_blank\" aria-label=\"animator-zlobek_750x200\"><img loading=\"lazy\" decoding=\"async\" src=\"https:\/\/www.24gliwice.pl\/wiadomosci\/wp-content\/uploads\/2026\/02\/animator-zlobek_750x200.webp\" alt=\"\"  srcset=\"https:\/\/www.24gliwice.pl\/wiadomosci\/wp-content\/uploads\/2026\/02\/animator-zlobek_750x200.webp 750w, https:\/\/www.24gliwice.pl\/wiadomosci\/wp-content\/uploads\/2026\/02\/animator-zlobek_750x200-410x109.webp 410w\" sizes=\"(max-width: 750px) 100vw, 750px\" class=\"no-lazyload\" width=\"750\" height=\"200\"  style=\"display: inline-block; max-width: 100%; height: auto;\" \/><\/a><\/div><\/div>\n<p>(\u017cms)\/UM Gliwice<\/p>\n<div class=\"gliwi-a5-na-koncu-artykulow gliwi-entity-placement\" id=\"gliwi-4031677786\"><div class=\"gliwi-adlabel\"><span style=\"font-size: 9px\">REKLAMA<\/span><\/div><div id=\"gliwi-3893709784\" style=\"margin-left: auto;margin-right: auto;text-align: center;\"><a data-no-instant=\"1\" href=\"https:\/\/www.jasek.pl\/\" rel=\"noopener\" class=\"a2t-link\" target=\"_blank\" aria-label=\"20200401-jasek 600\"><img loading=\"lazy\" decoding=\"async\" src=\"https:\/\/www.24gliwice.pl\/wiadomosci\/wp-content\/uploads\/2020\/04\/20200401-jasek-600.jpg\" alt=\"\"  srcset=\"https:\/\/www.24gliwice.pl\/wiadomosci\/wp-content\/uploads\/2020\/04\/20200401-jasek-600.jpg 600w, https:\/\/www.24gliwice.pl\/wiadomosci\/wp-content\/uploads\/2020\/04\/20200401-jasek-600-410x109.jpg 410w\" sizes=\"(max-width: 600px) 100vw, 600px\" class=\"no-lazyload\" width=\"600\" height=\"160\"  style=\"display: inline-block; max-width: 100%; height: auto;\" \/><\/a><\/div><\/div>","protected":false},"excerpt":{"rendered":"<p>Muzyka z filmowych adaptacji powie\u015bci Henryka Sienkiewicza i J\u00f3zefa Kraszewskiego w po\u0142\u0105czeniu z historycznymi obrazami Jana Matejki i Wojciecha Kossaka stworz\u0105 niesamowity, muzyczno-malarski klimat Narodowego \u015awi\u0119ta Niepodleg\u0142o\u015bci. 11 listopada w Teatrze Miejskim (ul. Nowy \u015awiat 55\u201357) wyst\u0105pi zesp\u00f3\u0142 Impressja. &nbsp; O godzinie 18:00 rozpocznie si\u0119 koncert, w kt\u00f3rym zabrzmi\u0105 takie utwory, jak \u201eBogurodzica\u201d, \u201eDumka na [&hellip;]<\/p>\n","protected":false},"author":15,"featured_media":167035,"comment_status":"open","ping_status":"closed","sticky":false,"template":"","format":"standard","meta":{"_monsterinsights_skip_tracking":false,"_monsterinsights_sitenote_active":false,"_monsterinsights_sitenote_note":"","_monsterinsights_sitenote_category":0,"footnotes":"","_links_to":"","_links_to_target":""},"categories":[3,6,1],"tags":[8061],"class_list":["post-202983","post","type-post","status-publish","format-standard","has-post-thumbnail","hentry","category-gliwice","category-kultura","category-wszystko","tag-swieto-niepodleglosci"],"yoast_head":"<!-- This site is optimized with the Yoast SEO plugin v27.4 - https:\/\/yoast.com\/product\/yoast-seo-wordpress\/ -->\n<title>Wyj\u0105tkowy koncert z okazji \u015awi\u0119ta Niepodleg\u0142o\u015bci. Bilety w cenie 2 z\u0142 s\u0105 ju\u017c dost\u0119pne w sprzeda\u017cy - 24GLIWICE - Portal Gliwice | codziennie nowe informacje<\/title>\n<meta name=\"description\" content=\"Z okazji \u015awi\u0119ta Niepodleg\u0142o\u015bci w Teatrze Miejskim zaplanowano koncert zespo\u0142u Impressja. Bilety w cenie 2 z\u0142 s\u0105 ju\u017c w sprzeda\u017cy\" \/>\n<meta name=\"robots\" content=\"index, follow, max-snippet:-1, max-image-preview:large, max-video-preview:-1\" \/>\n<link rel=\"canonical\" href=\"https:\/\/www.24gliwice.pl\/wiadomosci\/wyjatkowy-koncert-z-okazji-swieta-niepodleglosci-bilety-w-cenie-2-zl-sa-juz-dostepne-w-sprzedazy\/\" \/>\n<meta property=\"og:locale\" content=\"pl_PL\" \/>\n<meta property=\"og:type\" content=\"article\" \/>\n<meta property=\"og:title\" content=\"Wyj\u0105tkowy koncert z okazji \u015awi\u0119ta Niepodleg\u0142o\u015bci. Bilety w cenie 2 z\u0142 s\u0105 ju\u017c dost\u0119pne w sprzeda\u017cy - 24GLIWICE - Portal Gliwice | codziennie nowe informacje\" \/>\n<meta property=\"og:description\" content=\"Z okazji \u015awi\u0119ta Niepodleg\u0142o\u015bci w Teatrze Miejskim zaplanowano koncert zespo\u0142u Impressja. Bilety w cenie 2 z\u0142 s\u0105 ju\u017c w sprzeda\u017cy\" \/>\n<meta property=\"og:url\" content=\"https:\/\/www.24gliwice.pl\/wiadomosci\/wyjatkowy-koncert-z-okazji-swieta-niepodleglosci-bilety-w-cenie-2-zl-sa-juz-dostepne-w-sprzedazy\/\" \/>\n<meta property=\"og:site_name\" content=\"24GLIWICE - Portal Gliwice | codziennie nowe informacje\" \/>\n<meta property=\"article:publisher\" content=\"https:\/\/www.facebook.com\/24gliwice\" \/>\n<meta property=\"article:published_time\" content=\"2022-11-03T05:02:45+00:00\" \/>\n<meta property=\"og:image\" content=\"https:\/\/www.24gliwice.pl\/wiadomosci\/wp-content\/uploads\/2021\/03\/teatr-miejski-gliwice.jpg\" \/>\n\t<meta property=\"og:image:width\" content=\"810\" \/>\n\t<meta property=\"og:image:height\" content=\"456\" \/>\n\t<meta property=\"og:image:type\" content=\"image\/jpeg\" \/>\n<meta name=\"author\" content=\"\u017baneta Mrozek-Siewierska\" \/>\n<meta name=\"twitter:card\" content=\"summary_large_image\" \/>\n<meta name=\"twitter:creator\" content=\"@24gliwice\" \/>\n<meta name=\"twitter:site\" content=\"@24gliwice\" \/>\n<meta name=\"twitter:label1\" content=\"Napisane przez\" \/>\n\t<meta name=\"twitter:data1\" content=\"\u017baneta Mrozek-Siewierska\" \/>\n\t<meta name=\"twitter:label2\" content=\"Szacowany czas czytania\" \/>\n\t<meta name=\"twitter:data2\" content=\"1 minuta\" \/>\n<script type=\"application\/ld+json\" class=\"yoast-schema-graph\">{\"@context\":\"https:\\\/\\\/schema.org\",\"@graph\":[{\"@type\":\"Article\",\"@id\":\"https:\\\/\\\/www.24gliwice.pl\\\/wiadomosci\\\/wyjatkowy-koncert-z-okazji-swieta-niepodleglosci-bilety-w-cenie-2-zl-sa-juz-dostepne-w-sprzedazy\\\/#article\",\"isPartOf\":{\"@id\":\"https:\\\/\\\/www.24gliwice.pl\\\/wiadomosci\\\/wyjatkowy-koncert-z-okazji-swieta-niepodleglosci-bilety-w-cenie-2-zl-sa-juz-dostepne-w-sprzedazy\\\/\"},\"author\":{\"name\":\"\u017baneta Mrozek-Siewierska\",\"@id\":\"https:\\\/\\\/www.24gliwice.pl\\\/wiadomosci\\\/#\\\/schema\\\/person\\\/e42c650edd7f2fa332be3811fb166b6e\"},\"headline\":\"Wyj\u0105tkowy koncert z okazji \u015awi\u0119ta Niepodleg\u0142o\u015bci. Bilety w cenie 2 z\u0142 s\u0105 ju\u017c dost\u0119pne w sprzeda\u017cy\",\"datePublished\":\"2022-11-03T05:02:45+00:00\",\"mainEntityOfPage\":{\"@id\":\"https:\\\/\\\/www.24gliwice.pl\\\/wiadomosci\\\/wyjatkowy-koncert-z-okazji-swieta-niepodleglosci-bilety-w-cenie-2-zl-sa-juz-dostepne-w-sprzedazy\\\/\"},\"wordCount\":168,\"commentCount\":0,\"publisher\":{\"@id\":\"https:\\\/\\\/www.24gliwice.pl\\\/wiadomosci\\\/#organization\"},\"image\":{\"@id\":\"https:\\\/\\\/www.24gliwice.pl\\\/wiadomosci\\\/wyjatkowy-koncert-z-okazji-swieta-niepodleglosci-bilety-w-cenie-2-zl-sa-juz-dostepne-w-sprzedazy\\\/#primaryimage\"},\"thumbnailUrl\":\"https:\\\/\\\/www.24gliwice.pl\\\/wiadomosci\\\/wp-content\\\/uploads\\\/2021\\\/03\\\/teatr-miejski-gliwice.jpg\",\"keywords\":[\"\u015bwi\u0119to niepodleg\u0142o\u015bci\"],\"articleSection\":[\"Gliwice\",\"Kultura, wydarzenia, imprezy\",\"Najnowsze wiadomo\u015bci\"],\"inLanguage\":\"pl-PL\",\"potentialAction\":[{\"@type\":\"CommentAction\",\"name\":\"Comment\",\"target\":[\"https:\\\/\\\/www.24gliwice.pl\\\/wiadomosci\\\/wyjatkowy-koncert-z-okazji-swieta-niepodleglosci-bilety-w-cenie-2-zl-sa-juz-dostepne-w-sprzedazy\\\/#respond\"]}]},{\"@type\":\"WebPage\",\"@id\":\"https:\\\/\\\/www.24gliwice.pl\\\/wiadomosci\\\/wyjatkowy-koncert-z-okazji-swieta-niepodleglosci-bilety-w-cenie-2-zl-sa-juz-dostepne-w-sprzedazy\\\/\",\"url\":\"https:\\\/\\\/www.24gliwice.pl\\\/wiadomosci\\\/wyjatkowy-koncert-z-okazji-swieta-niepodleglosci-bilety-w-cenie-2-zl-sa-juz-dostepne-w-sprzedazy\\\/\",\"name\":\"Wyj\u0105tkowy koncert z okazji \u015awi\u0119ta Niepodleg\u0142o\u015bci. Bilety w cenie 2 z\u0142 s\u0105 ju\u017c dost\u0119pne w sprzeda\u017cy - 24GLIWICE - Portal Gliwice | codziennie nowe informacje\",\"isPartOf\":{\"@id\":\"https:\\\/\\\/www.24gliwice.pl\\\/wiadomosci\\\/#website\"},\"primaryImageOfPage\":{\"@id\":\"https:\\\/\\\/www.24gliwice.pl\\\/wiadomosci\\\/wyjatkowy-koncert-z-okazji-swieta-niepodleglosci-bilety-w-cenie-2-zl-sa-juz-dostepne-w-sprzedazy\\\/#primaryimage\"},\"image\":{\"@id\":\"https:\\\/\\\/www.24gliwice.pl\\\/wiadomosci\\\/wyjatkowy-koncert-z-okazji-swieta-niepodleglosci-bilety-w-cenie-2-zl-sa-juz-dostepne-w-sprzedazy\\\/#primaryimage\"},\"thumbnailUrl\":\"https:\\\/\\\/www.24gliwice.pl\\\/wiadomosci\\\/wp-content\\\/uploads\\\/2021\\\/03\\\/teatr-miejski-gliwice.jpg\",\"datePublished\":\"2022-11-03T05:02:45+00:00\",\"description\":\"Z okazji \u015awi\u0119ta Niepodleg\u0142o\u015bci w Teatrze Miejskim zaplanowano koncert zespo\u0142u Impressja. Bilety w cenie 2 z\u0142 s\u0105 ju\u017c w sprzeda\u017cy\",\"breadcrumb\":{\"@id\":\"https:\\\/\\\/www.24gliwice.pl\\\/wiadomosci\\\/wyjatkowy-koncert-z-okazji-swieta-niepodleglosci-bilety-w-cenie-2-zl-sa-juz-dostepne-w-sprzedazy\\\/#breadcrumb\"},\"inLanguage\":\"pl-PL\",\"potentialAction\":[{\"@type\":\"ReadAction\",\"target\":[\"https:\\\/\\\/www.24gliwice.pl\\\/wiadomosci\\\/wyjatkowy-koncert-z-okazji-swieta-niepodleglosci-bilety-w-cenie-2-zl-sa-juz-dostepne-w-sprzedazy\\\/\"]}]},{\"@type\":\"ImageObject\",\"inLanguage\":\"pl-PL\",\"@id\":\"https:\\\/\\\/www.24gliwice.pl\\\/wiadomosci\\\/wyjatkowy-koncert-z-okazji-swieta-niepodleglosci-bilety-w-cenie-2-zl-sa-juz-dostepne-w-sprzedazy\\\/#primaryimage\",\"url\":\"https:\\\/\\\/www.24gliwice.pl\\\/wiadomosci\\\/wp-content\\\/uploads\\\/2021\\\/03\\\/teatr-miejski-gliwice.jpg\",\"contentUrl\":\"https:\\\/\\\/www.24gliwice.pl\\\/wiadomosci\\\/wp-content\\\/uploads\\\/2021\\\/03\\\/teatr-miejski-gliwice.jpg\",\"width\":810,\"height\":456},{\"@type\":\"BreadcrumbList\",\"@id\":\"https:\\\/\\\/www.24gliwice.pl\\\/wiadomosci\\\/wyjatkowy-koncert-z-okazji-swieta-niepodleglosci-bilety-w-cenie-2-zl-sa-juz-dostepne-w-sprzedazy\\\/#breadcrumb\",\"itemListElement\":[{\"@type\":\"ListItem\",\"position\":1,\"name\":\"Strona g\u0142\u00f3wna\",\"item\":\"https:\\\/\\\/www.24gliwice.pl\\\/wiadomosci\\\/\"},{\"@type\":\"ListItem\",\"position\":2,\"name\":\"Wyj\u0105tkowy koncert z okazji \u015awi\u0119ta Niepodleg\u0142o\u015bci. Bilety w cenie 2 z\u0142 s\u0105 ju\u017c dost\u0119pne w sprzeda\u017cy\"}]},{\"@type\":\"WebSite\",\"@id\":\"https:\\\/\\\/www.24gliwice.pl\\\/wiadomosci\\\/#website\",\"url\":\"https:\\\/\\\/www.24gliwice.pl\\\/wiadomosci\\\/\",\"name\":\"24GLIWICE - Portal Gliwice | codziennie nowe wiadomo\u015bci\",\"description\":\"Portal Miejski Gliwice\",\"publisher\":{\"@id\":\"https:\\\/\\\/www.24gliwice.pl\\\/wiadomosci\\\/#organization\"},\"potentialAction\":[{\"@type\":\"SearchAction\",\"target\":{\"@type\":\"EntryPoint\",\"urlTemplate\":\"https:\\\/\\\/www.24gliwice.pl\\\/wiadomosci\\\/?s={search_term_string}\"},\"query-input\":{\"@type\":\"PropertyValueSpecification\",\"valueRequired\":true,\"valueName\":\"search_term_string\"}}],\"inLanguage\":\"pl-PL\"},{\"@type\":\"Organization\",\"@id\":\"https:\\\/\\\/www.24gliwice.pl\\\/wiadomosci\\\/#organization\",\"name\":\"24gliwice\",\"url\":\"https:\\\/\\\/www.24gliwice.pl\\\/wiadomosci\\\/\",\"logo\":{\"@type\":\"ImageObject\",\"inLanguage\":\"pl-PL\",\"@id\":\"https:\\\/\\\/www.24gliwice.pl\\\/wiadomosci\\\/#\\\/schema\\\/logo\\\/image\\\/\",\"url\":\"https:\\\/\\\/www.24gliwice.pl\\\/wiadomosci\\\/wp-content\\\/uploads\\\/2024\\\/10\\\/24gliwice-logo-696.jpg\",\"contentUrl\":\"https:\\\/\\\/www.24gliwice.pl\\\/wiadomosci\\\/wp-content\\\/uploads\\\/2024\\\/10\\\/24gliwice-logo-696.jpg\",\"width\":696,\"height\":696,\"caption\":\"24gliwice\"},\"image\":{\"@id\":\"https:\\\/\\\/www.24gliwice.pl\\\/wiadomosci\\\/#\\\/schema\\\/logo\\\/image\\\/\"},\"sameAs\":[\"https:\\\/\\\/www.facebook.com\\\/24gliwice\",\"https:\\\/\\\/x.com\\\/24gliwice\",\"https:\\\/\\\/www.youtube.com\\\/@24gliwice\"]},{\"@type\":\"Person\",\"@id\":\"https:\\\/\\\/www.24gliwice.pl\\\/wiadomosci\\\/#\\\/schema\\\/person\\\/e42c650edd7f2fa332be3811fb166b6e\",\"name\":\"\u017baneta Mrozek-Siewierska\",\"image\":{\"@type\":\"ImageObject\",\"inLanguage\":\"pl-PL\",\"@id\":\"https:\\\/\\\/www.24gliwice.pl\\\/wiadomosci\\\/wp-content\\\/uploads\\\/2021\\\/11\\\/Zaneta-M_S-zdjecie-czb-96x96.jpg\",\"url\":\"https:\\\/\\\/www.24gliwice.pl\\\/wiadomosci\\\/wp-content\\\/uploads\\\/2021\\\/11\\\/Zaneta-M_S-zdjecie-czb-96x96.jpg\",\"contentUrl\":\"https:\\\/\\\/www.24gliwice.pl\\\/wiadomosci\\\/wp-content\\\/uploads\\\/2021\\\/11\\\/Zaneta-M_S-zdjecie-czb-96x96.jpg\",\"caption\":\"\u017baneta Mrozek-Siewierska\"},\"url\":\"https:\\\/\\\/www.24gliwice.pl\\\/wiadomosci\\\/author\\\/zms\\\/\"}]}<\/script>\n<!-- \/ Yoast SEO plugin. -->","yoast_head_json":{"title":"Wyj\u0105tkowy koncert z okazji \u015awi\u0119ta Niepodleg\u0142o\u015bci. Bilety w cenie 2 z\u0142 s\u0105 ju\u017c dost\u0119pne w sprzeda\u017cy - 24GLIWICE - Portal Gliwice | codziennie nowe informacje","description":"Z okazji \u015awi\u0119ta Niepodleg\u0142o\u015bci w Teatrze Miejskim zaplanowano koncert zespo\u0142u Impressja. Bilety w cenie 2 z\u0142 s\u0105 ju\u017c w sprzeda\u017cy","robots":{"index":"index","follow":"follow","max-snippet":"max-snippet:-1","max-image-preview":"max-image-preview:large","max-video-preview":"max-video-preview:-1"},"canonical":"https:\/\/www.24gliwice.pl\/wiadomosci\/wyjatkowy-koncert-z-okazji-swieta-niepodleglosci-bilety-w-cenie-2-zl-sa-juz-dostepne-w-sprzedazy\/","og_locale":"pl_PL","og_type":"article","og_title":"Wyj\u0105tkowy koncert z okazji \u015awi\u0119ta Niepodleg\u0142o\u015bci. Bilety w cenie 2 z\u0142 s\u0105 ju\u017c dost\u0119pne w sprzeda\u017cy - 24GLIWICE - Portal Gliwice | codziennie nowe informacje","og_description":"Z okazji \u015awi\u0119ta Niepodleg\u0142o\u015bci w Teatrze Miejskim zaplanowano koncert zespo\u0142u Impressja. Bilety w cenie 2 z\u0142 s\u0105 ju\u017c w sprzeda\u017cy","og_url":"https:\/\/www.24gliwice.pl\/wiadomosci\/wyjatkowy-koncert-z-okazji-swieta-niepodleglosci-bilety-w-cenie-2-zl-sa-juz-dostepne-w-sprzedazy\/","og_site_name":"24GLIWICE - Portal Gliwice | codziennie nowe informacje","article_publisher":"https:\/\/www.facebook.com\/24gliwice","article_published_time":"2022-11-03T05:02:45+00:00","og_image":[{"width":810,"height":456,"url":"https:\/\/www.24gliwice.pl\/wiadomosci\/wp-content\/uploads\/2021\/03\/teatr-miejski-gliwice.jpg","type":"image\/jpeg"}],"author":"\u017baneta Mrozek-Siewierska","twitter_card":"summary_large_image","twitter_creator":"@24gliwice","twitter_site":"@24gliwice","twitter_misc":{"Napisane przez":"\u017baneta Mrozek-Siewierska","Szacowany czas czytania":"1 minuta"},"schema":{"@context":"https:\/\/schema.org","@graph":[{"@type":"Article","@id":"https:\/\/www.24gliwice.pl\/wiadomosci\/wyjatkowy-koncert-z-okazji-swieta-niepodleglosci-bilety-w-cenie-2-zl-sa-juz-dostepne-w-sprzedazy\/#article","isPartOf":{"@id":"https:\/\/www.24gliwice.pl\/wiadomosci\/wyjatkowy-koncert-z-okazji-swieta-niepodleglosci-bilety-w-cenie-2-zl-sa-juz-dostepne-w-sprzedazy\/"},"author":{"name":"\u017baneta Mrozek-Siewierska","@id":"https:\/\/www.24gliwice.pl\/wiadomosci\/#\/schema\/person\/e42c650edd7f2fa332be3811fb166b6e"},"headline":"Wyj\u0105tkowy koncert z okazji \u015awi\u0119ta Niepodleg\u0142o\u015bci. Bilety w cenie 2 z\u0142 s\u0105 ju\u017c dost\u0119pne w sprzeda\u017cy","datePublished":"2022-11-03T05:02:45+00:00","mainEntityOfPage":{"@id":"https:\/\/www.24gliwice.pl\/wiadomosci\/wyjatkowy-koncert-z-okazji-swieta-niepodleglosci-bilety-w-cenie-2-zl-sa-juz-dostepne-w-sprzedazy\/"},"wordCount":168,"commentCount":0,"publisher":{"@id":"https:\/\/www.24gliwice.pl\/wiadomosci\/#organization"},"image":{"@id":"https:\/\/www.24gliwice.pl\/wiadomosci\/wyjatkowy-koncert-z-okazji-swieta-niepodleglosci-bilety-w-cenie-2-zl-sa-juz-dostepne-w-sprzedazy\/#primaryimage"},"thumbnailUrl":"https:\/\/www.24gliwice.pl\/wiadomosci\/wp-content\/uploads\/2021\/03\/teatr-miejski-gliwice.jpg","keywords":["\u015bwi\u0119to niepodleg\u0142o\u015bci"],"articleSection":["Gliwice","Kultura, wydarzenia, imprezy","Najnowsze wiadomo\u015bci"],"inLanguage":"pl-PL","potentialAction":[{"@type":"CommentAction","name":"Comment","target":["https:\/\/www.24gliwice.pl\/wiadomosci\/wyjatkowy-koncert-z-okazji-swieta-niepodleglosci-bilety-w-cenie-2-zl-sa-juz-dostepne-w-sprzedazy\/#respond"]}]},{"@type":"WebPage","@id":"https:\/\/www.24gliwice.pl\/wiadomosci\/wyjatkowy-koncert-z-okazji-swieta-niepodleglosci-bilety-w-cenie-2-zl-sa-juz-dostepne-w-sprzedazy\/","url":"https:\/\/www.24gliwice.pl\/wiadomosci\/wyjatkowy-koncert-z-okazji-swieta-niepodleglosci-bilety-w-cenie-2-zl-sa-juz-dostepne-w-sprzedazy\/","name":"Wyj\u0105tkowy koncert z okazji \u015awi\u0119ta Niepodleg\u0142o\u015bci. Bilety w cenie 2 z\u0142 s\u0105 ju\u017c dost\u0119pne w sprzeda\u017cy - 24GLIWICE - Portal Gliwice | codziennie nowe informacje","isPartOf":{"@id":"https:\/\/www.24gliwice.pl\/wiadomosci\/#website"},"primaryImageOfPage":{"@id":"https:\/\/www.24gliwice.pl\/wiadomosci\/wyjatkowy-koncert-z-okazji-swieta-niepodleglosci-bilety-w-cenie-2-zl-sa-juz-dostepne-w-sprzedazy\/#primaryimage"},"image":{"@id":"https:\/\/www.24gliwice.pl\/wiadomosci\/wyjatkowy-koncert-z-okazji-swieta-niepodleglosci-bilety-w-cenie-2-zl-sa-juz-dostepne-w-sprzedazy\/#primaryimage"},"thumbnailUrl":"https:\/\/www.24gliwice.pl\/wiadomosci\/wp-content\/uploads\/2021\/03\/teatr-miejski-gliwice.jpg","datePublished":"2022-11-03T05:02:45+00:00","description":"Z okazji \u015awi\u0119ta Niepodleg\u0142o\u015bci w Teatrze Miejskim zaplanowano koncert zespo\u0142u Impressja. Bilety w cenie 2 z\u0142 s\u0105 ju\u017c w sprzeda\u017cy","breadcrumb":{"@id":"https:\/\/www.24gliwice.pl\/wiadomosci\/wyjatkowy-koncert-z-okazji-swieta-niepodleglosci-bilety-w-cenie-2-zl-sa-juz-dostepne-w-sprzedazy\/#breadcrumb"},"inLanguage":"pl-PL","potentialAction":[{"@type":"ReadAction","target":["https:\/\/www.24gliwice.pl\/wiadomosci\/wyjatkowy-koncert-z-okazji-swieta-niepodleglosci-bilety-w-cenie-2-zl-sa-juz-dostepne-w-sprzedazy\/"]}]},{"@type":"ImageObject","inLanguage":"pl-PL","@id":"https:\/\/www.24gliwice.pl\/wiadomosci\/wyjatkowy-koncert-z-okazji-swieta-niepodleglosci-bilety-w-cenie-2-zl-sa-juz-dostepne-w-sprzedazy\/#primaryimage","url":"https:\/\/www.24gliwice.pl\/wiadomosci\/wp-content\/uploads\/2021\/03\/teatr-miejski-gliwice.jpg","contentUrl":"https:\/\/www.24gliwice.pl\/wiadomosci\/wp-content\/uploads\/2021\/03\/teatr-miejski-gliwice.jpg","width":810,"height":456},{"@type":"BreadcrumbList","@id":"https:\/\/www.24gliwice.pl\/wiadomosci\/wyjatkowy-koncert-z-okazji-swieta-niepodleglosci-bilety-w-cenie-2-zl-sa-juz-dostepne-w-sprzedazy\/#breadcrumb","itemListElement":[{"@type":"ListItem","position":1,"name":"Strona g\u0142\u00f3wna","item":"https:\/\/www.24gliwice.pl\/wiadomosci\/"},{"@type":"ListItem","position":2,"name":"Wyj\u0105tkowy koncert z okazji \u015awi\u0119ta Niepodleg\u0142o\u015bci. Bilety w cenie 2 z\u0142 s\u0105 ju\u017c dost\u0119pne w sprzeda\u017cy"}]},{"@type":"WebSite","@id":"https:\/\/www.24gliwice.pl\/wiadomosci\/#website","url":"https:\/\/www.24gliwice.pl\/wiadomosci\/","name":"24GLIWICE - Portal Gliwice | codziennie nowe wiadomo\u015bci","description":"Portal Miejski Gliwice","publisher":{"@id":"https:\/\/www.24gliwice.pl\/wiadomosci\/#organization"},"potentialAction":[{"@type":"SearchAction","target":{"@type":"EntryPoint","urlTemplate":"https:\/\/www.24gliwice.pl\/wiadomosci\/?s={search_term_string}"},"query-input":{"@type":"PropertyValueSpecification","valueRequired":true,"valueName":"search_term_string"}}],"inLanguage":"pl-PL"},{"@type":"Organization","@id":"https:\/\/www.24gliwice.pl\/wiadomosci\/#organization","name":"24gliwice","url":"https:\/\/www.24gliwice.pl\/wiadomosci\/","logo":{"@type":"ImageObject","inLanguage":"pl-PL","@id":"https:\/\/www.24gliwice.pl\/wiadomosci\/#\/schema\/logo\/image\/","url":"https:\/\/www.24gliwice.pl\/wiadomosci\/wp-content\/uploads\/2024\/10\/24gliwice-logo-696.jpg","contentUrl":"https:\/\/www.24gliwice.pl\/wiadomosci\/wp-content\/uploads\/2024\/10\/24gliwice-logo-696.jpg","width":696,"height":696,"caption":"24gliwice"},"image":{"@id":"https:\/\/www.24gliwice.pl\/wiadomosci\/#\/schema\/logo\/image\/"},"sameAs":["https:\/\/www.facebook.com\/24gliwice","https:\/\/x.com\/24gliwice","https:\/\/www.youtube.com\/@24gliwice"]},{"@type":"Person","@id":"https:\/\/www.24gliwice.pl\/wiadomosci\/#\/schema\/person\/e42c650edd7f2fa332be3811fb166b6e","name":"\u017baneta Mrozek-Siewierska","image":{"@type":"ImageObject","inLanguage":"pl-PL","@id":"https:\/\/www.24gliwice.pl\/wiadomosci\/wp-content\/uploads\/2021\/11\/Zaneta-M_S-zdjecie-czb-96x96.jpg","url":"https:\/\/www.24gliwice.pl\/wiadomosci\/wp-content\/uploads\/2021\/11\/Zaneta-M_S-zdjecie-czb-96x96.jpg","contentUrl":"https:\/\/www.24gliwice.pl\/wiadomosci\/wp-content\/uploads\/2021\/11\/Zaneta-M_S-zdjecie-czb-96x96.jpg","caption":"\u017baneta Mrozek-Siewierska"},"url":"https:\/\/www.24gliwice.pl\/wiadomosci\/author\/zms\/"}]}},"_links":{"self":[{"href":"https:\/\/www.24gliwice.pl\/wiadomosci\/wp-json\/wp\/v2\/posts\/202983","targetHints":{"allow":["GET"]}}],"collection":[{"href":"https:\/\/www.24gliwice.pl\/wiadomosci\/wp-json\/wp\/v2\/posts"}],"about":[{"href":"https:\/\/www.24gliwice.pl\/wiadomosci\/wp-json\/wp\/v2\/types\/post"}],"author":[{"embeddable":true,"href":"https:\/\/www.24gliwice.pl\/wiadomosci\/wp-json\/wp\/v2\/users\/15"}],"replies":[{"embeddable":true,"href":"https:\/\/www.24gliwice.pl\/wiadomosci\/wp-json\/wp\/v2\/comments?post=202983"}],"version-history":[{"count":4,"href":"https:\/\/www.24gliwice.pl\/wiadomosci\/wp-json\/wp\/v2\/posts\/202983\/revisions"}],"predecessor-version":[{"id":203026,"href":"https:\/\/www.24gliwice.pl\/wiadomosci\/wp-json\/wp\/v2\/posts\/202983\/revisions\/203026"}],"wp:featuredmedia":[{"embeddable":true,"href":"https:\/\/www.24gliwice.pl\/wiadomosci\/wp-json\/wp\/v2\/media\/167035"}],"wp:attachment":[{"href":"https:\/\/www.24gliwice.pl\/wiadomosci\/wp-json\/wp\/v2\/media?parent=202983"}],"wp:term":[{"taxonomy":"category","embeddable":true,"href":"https:\/\/www.24gliwice.pl\/wiadomosci\/wp-json\/wp\/v2\/categories?post=202983"},{"taxonomy":"post_tag","embeddable":true,"href":"https:\/\/www.24gliwice.pl\/wiadomosci\/wp-json\/wp\/v2\/tags?post=202983"}],"curies":[{"name":"wp","href":"https:\/\/api.w.org\/{rel}","templated":true}]}}