{"id":211304,"date":"2023-03-23T02:02:41","date_gmt":"2023-03-23T01:02:41","guid":{"rendered":"https:\/\/www.24gliwice.pl\/wiadomosci\/?p=211304"},"modified":"2023-03-23T02:02:41","modified_gmt":"2023-03-23T01:02:41","slug":"protest-przeciwko-zamykaniu-uliczek-starowki-plany-zmiany-w-ruchu-nie-byly-z-nami-konsultowane","status":"publish","type":"post","link":"https:\/\/www.24gliwice.pl\/wiadomosci\/protest-przeciwko-zamykaniu-uliczek-starowki-plany-zmiany-w-ruchu-nie-byly-z-nami-konsultowane\/","title":{"rendered":"Protest przeciwko zamykaniu uliczek star\u00f3wki. &#8220;Plany zmiany w ruchu nie by\u0142y z nami konsultowane&#8221;"},"content":{"rendered":"<div class=\"gliwi-a6-nad-leadem-artykulow gliwi-entity-placement\" id=\"gliwi-2061113198\"><div class=\"gliwi-adlabel\"><span style=\"font-size: 9px\">REKLAMA<\/span><\/div><div id=\"gliwi-2422660626\" style=\"margin-bottom: 30px;margin-left: auto;margin-right: auto;text-align: center;\"><a data-no-instant=\"1\" href=\"https:\/\/przedszkole.halogen.org.pl\/\" rel=\"noopener\" class=\"a2t-link\" target=\"_blank\" aria-label=\"20260402-ANIMATOR-przedszkole_grafika_750x200\"><img loading=\"lazy\" decoding=\"async\" src=\"https:\/\/www.24gliwice.pl\/wiadomosci\/wp-content\/uploads\/2026\/04\/20260402-ANIMATOR-przedszkole_grafika_750x200.webp\" alt=\"\"  srcset=\"https:\/\/www.24gliwice.pl\/wiadomosci\/wp-content\/uploads\/2026\/04\/20260402-ANIMATOR-przedszkole_grafika_750x200.webp 750w, https:\/\/www.24gliwice.pl\/wiadomosci\/wp-content\/uploads\/2026\/04\/20260402-ANIMATOR-przedszkole_grafika_750x200-410x109.webp 410w\" sizes=\"(max-width: 750px) 100vw, 750px\" class=\"no-lazyload\" width=\"750\" height=\"200\"  style=\"display: inline-block; max-width: 100%; height: auto;\" \/><\/a><\/div><\/div><h2>Przedsi\u0119biorcy z ul. Matejki i Tkackiej przygotowali protest do prezydenta Gliwic. Obawiaj\u0105 si\u0119, \u017ce wskutek ograniczania ruchu samochodowego na kolejnych ulicach star\u00f3wki strac\u0105 swoich dotychczasowych klient\u00f3w.<\/h2>\n<p>&nbsp;<br \/>\nPod pismem protestacyjnym podpisa\u0142a si\u0119 blisko setka podmiot\u00f3w gospodarczych, kt\u00f3re, jak wskazuj\u0105, nie bra\u0142y udzia\u0142u w \u017cadnych oficjalnych konsultacjach planu zmian w rejonie gliwickiego Rynku. &#8211; Klienci, kt\u00f3rzy do nas przyje\u017cd\u017caj\u0105 ju\u017c narzekaj\u0105 na ci\u0119\u017cki dojazd i brak miejsca do parkowania. Niejednokrotnie przez to w og\u00f3le do nas nie docieraj\u0105 &#8211; podkre\u015blaj\u0105 przedsi\u0119biorcy. Zauwa\u017caj\u0105 te\u017c, \u017ce przecie\u017c w rejonie ich dzia\u0142alno\u015bci wyznaczone zosta\u0142y wcze\u015bniej zatoki postojowe. <\/p>\n<h4>Konferencja narodowc\u00f3w i burzliwe obrady<\/h4>\n<p>Przedstawiciele Ruchu Narodowego z naszego miasta, a tak\u017ce Konfederacji, kilka dni temu na gliwickim Rynku zorganizowali konferencj\u0119 w sprawie planowanego w tym roku poszerzenia strefy ograniczonej dost\u0119pno\u015bci. Wzi\u0105\u0142 w niej udzia\u0142 m.in. Rafa\u0142 Nowak reprezentuj\u0105cy lokalne \u015brodowisko narodowc\u00f3w, a tak\u017ce Jakub Kalus, sekretarz Ruchu Narodowego (prezesem tej organizacji jest Robert Winnicki, za\u015b jednym z wiceprezes\u00f3w Krzysztof Bosak), a tak\u017ce &#8211; jak przedstawiono go na spotkaniu &#8211; kierownik dzia\u0142u prawnego Konfederacji. W trakcie kilkuminutowego wyst\u0105pienia mowa by\u0142a m.in. o &#8220;k\u0142odach rzucanych pod ko\u0142a polskich kierowc\u00f3w&#8221;, a tak\u017ce o &#8220;ciosie w mikroprzedsi\u0119biorc\u00f3w&#8221;, eko-szale\u0144cach i eurokratach. <\/p><div class=\"gliwi-a3-w-tresci-artykulow gliwi-entity-placement\" id=\"gliwi-932807347\"><div class=\"gliwi-adlabel\"><span style=\"font-size: 9px\">REKLAMA<\/span><\/div><div id=\"gliwi-1244535254\" style=\"margin-bottom: 30px;margin-left: auto;margin-right: auto;text-align: center;\"><a data-no-instant=\"1\" href=\"https:\/\/zlobek.halogen.org.pl\/\" rel=\"noopener\" class=\"a2t-link\" target=\"_blank\" aria-label=\"animator-zlobek_750x200\"><img loading=\"lazy\" decoding=\"async\" src=\"https:\/\/www.24gliwice.pl\/wiadomosci\/wp-content\/uploads\/2026\/02\/animator-zlobek_750x200.webp\" alt=\"\"  srcset=\"https:\/\/www.24gliwice.pl\/wiadomosci\/wp-content\/uploads\/2026\/02\/animator-zlobek_750x200.webp 750w, https:\/\/www.24gliwice.pl\/wiadomosci\/wp-content\/uploads\/2026\/02\/animator-zlobek_750x200-410x109.webp 410w\" sizes=\"(max-width: 750px) 100vw, 750px\" class=\"no-lazyload\" width=\"750\" height=\"200\"  style=\"display: inline-block; max-width: 100%; height: auto;\" \/><\/a><\/div><\/div>\n<blockquote><p>Ratujmy polskich kierowc\u00f3w i polskich przedsi\u0119biorc\u00f3w. Samoch\u00f3d nie powinien by\u0107 dobrem luksusowym <\/p><\/blockquote>\n<p>&#8211; m\u00f3wi Kalus na nagraniu udost\u0119pnionym w mediach spo\u0142eczno\u015bciowych przez Konfederacj\u0119 i Ruch Narodowy. <\/p>\n<p>\u015arodowisko narodowc\u00f3w przygotowa\u0142o te\u017c stron\u0119 z w\u0142asnym apelem do prezydenta Gliwic o wycofanie si\u0119 z planowanych ogranicze\u0144 w ruchu samochodowym. &#8211; <em>Sprzeciwiamy si\u0119 w\u0142\u0105czeniu Gliwic w nurt szeroko zakrojonych zmian na szczeblu pa\u0144stwowym i ponadnarodowym, maj\u0105cych na celu ograniczenie korzy\u015bci oraz zwi\u0119kszenie obci\u0105\u017ce\u0144 fiskalnych wynikaj\u0105cych z posiadania i u\u017cytkowania samochod\u00f3w. Zwracamy uwag\u0119, \u017ce rozwi\u0105zania promowane przez Uni\u0119 Europejsk\u0105 oraz obecny rz\u0105d w Polsce wp\u0142yn\u0105 negatywnie na funkcjonowanie bran\u017cy samochodowej i transportowej, dodatkowo pog\u0142\u0119biaj\u0105c procesy inflacyjne<\/em> &#8211; pisz\u0105 do prezydenta Neumanna. <\/p>\n<blockquote><p>Ideologiczny szlak zosta\u0142 wytyczony przez organy Unii Europejskiej, nast\u0119pnie bezkrytycznie zaakceptowany przez rz\u0105d Mateusza Morawieckiego w formie agendy Fit for 55 i tzw. kamieni milowych Krajowego Planu Odbudowy <\/p><\/blockquote>\n<p>&#8211; wyja\u015bniaj\u0105 ju\u017c poza tre\u015bci\u0105 apelu do samorz\u0105du.  Do tej pory petycj\u0119 sygnowa\u0142o ponad 400 os\u00f3b, nie wiadomo jednak, czy tylko z Gliwic, czy tak\u017ce z innych cz\u0119\u015bci Polski. <\/p>\n<p>Tymczasem o tym, \u017ce to narodowcy organizuj\u0105 si\u0119 w obronie przedsi\u0119biorc\u00f3w z gliwickiej star\u00f3wki, zacz\u0119li przestrzega\u0107 nas nasi Czytelnicy. <\/p>\n<p>\u2013 Prosz\u0119 nag\u0142o\u015bnienie sprawy, bo chyba lokalni przedsi\u0119biorcy nie s\u0105 \u015bwiadomi kogo popieraj\u0105 \u2013 rzekomy \u201eprotest przedsi\u0119biorc\u00f3w\u201d w sprawie zamkni\u0119cia ulic (https:\/\/stopograniczeniomruchu.com\/) jest zorganizowany przez Ruch Narodowy (stopka strony). Ciekawe ilu z lokalnych przedsi\u0119biorc\u00f3w chcia\u0142oby rzeczywi\u015bcie wzi\u0105\u0107 udzia\u0142 w prote\u015bcie ramie w rami\u0119 z nacjonalistami \u2013 ostrzega mieszkaniec Gliwic.<\/p>\n<h4>Sprawy nie s\u0105 przes\u0105dzone<\/h4>\n<p>Niedawno odby\u0142o si\u0119 te\u017c spotkanie Rady Dzielnicy \u015ar\u00f3dmie\u015bcie, podczas kt\u00f3rego wys\u0142uchano przedsi\u0119biorc\u00f3w i mieszka\u0144c\u00f3w ulic starego miasta, zamykanych w ramach \u201eStrefy Ograniczonej Dost\u0119pno\u015bci w Gliwicach\u201d.<\/p>\n<blockquote><p>Dyskusja by\u0142a bardzo burzliwa, ale uda\u0142o si\u0119 wypracowa\u0107 g\u0142\u00f3wne postulaty, kt\u00f3re zostan\u0105 przedstawione w\u0142adzom miasta <\/p><\/blockquote>\n<p>\u2013 informowa\u0142a <strong>Ma\u0142gorzata Konior<\/strong> z RDZ \u015ar\u00f3dmie\u015bcie. Przedstawiciele samorz\u0105du zapewniaj\u0105 jednak, \u017ce sprawy nie s\u0105 jednak przes\u0105dzone, a do samego rozszerzenia SOD pozosta\u0142o kilka miesi\u0119cy i jest jeszcze czas na wnoszenie poprawek. <\/p>\n<p><iframe loading=\"lazy\" src=\"https:\/\/www.facebook.com\/plugins\/post.php?href=https%3A%2F%2Fwww.facebook.com%2FSrodmiescieGliwice%2Fposts%2Fpfbid0yqQjSxRTwrrayeUigGCVcSybwFBAQHyzNPo9g7vRb73HXVPk3pmKjmjhQdt677Fcl&#038;show_text=true&#038;width=500\" width=\"500\" height=\"864\" style=\"border:none;overflow:hidden\" scrolling=\"no\" frameborder=\"0\" allowfullscreen=\"true\" allow=\"autoplay; clipboard-write; encrypted-media; picture-in-picture; web-share\"><\/iframe><\/p>\n<p>&#8211; Propozycja poszerzenia strefy z ograniczeniem ruchu na star\u00f3wce zosta\u0142a przygotowana z uwzgl\u0119dnieniem uwag, jakie w ci\u0105gu ostatniego roku wp\u0142ywa\u0142y do ZDM. Z my\u015bl\u0105 o mieszka\u0144cach star\u00f3wki starano si\u0119 wyznaczy\u0107 odpowiedni\u0105 liczb\u0119 miejsc parkingowych, z my\u015bl\u0105 o przedsi\u0119biorcach np. przewidziano wyd\u0142u\u017cenie czasu na dostawy &#8211; bo przedsi\u0119biorcy na obecnie &#8220;zamkni\u0119tym&#8221; obszarze zg\u0142aszali tak\u0105 potrzeb\u0119 &#8211; wyja\u015bnia rzecznik prezydenta Gliwic, <strong>\u0141ukasz Oryszczak. <\/strong> <\/p>\n<p>&#8211; Przed og\u0142oszeniem plan\u00f3w miasta nie prowadzono rozm\u00f3w z przedsi\u0119biorcami z ulic, o kt\u00f3re b\u0119dzie poszerzona strefa. Pomys\u0142 zosta\u0142 og\u0142oszony i szczeg\u00f3\u0142owo opisany kilka miesi\u0119cy przed wprowadzeniem w \u017cycie, po to aby da\u0107 wszystkim (w tym przedsi\u0119biorcom) czas na zg\u0142oszenie ewentualnych problem\u00f3w\/pomys\u0142\u00f3w i \u017ceby by\u0142 czas na wprowadzenie ewentualnych modyfikacji. To w\u0142a\u015bnie teraz jest czas na rozmowy i takie rozmowy z pewno\u015bci\u0105 b\u0119d\u0105 si\u0119 toczy\u0107 w kolejnych tygodniach &#8211; dodaje rzecznik. <\/p>\n<p>(\u017cms)<br \/>\nfot. 24gliwice.pl<\/p>\n<div class=\"gliwi-a5-na-koncu-artykulow gliwi-entity-placement\" id=\"gliwi-1245502530\"><div class=\"gliwi-adlabel\"><span style=\"font-size: 9px\">REKLAMA<\/span><\/div><div id=\"gliwi-3839988720\" style=\"margin-left: auto;margin-right: auto;text-align: center;\"><a data-no-instant=\"1\" href=\"https:\/\/prezeroarenagliwice.pl\/\" rel=\"noopener\" class=\"a2t-link\" target=\"_blank\" aria-label=\"20260309-PREZERO-WIOSNA-D\"><img loading=\"lazy\" decoding=\"async\" src=\"https:\/\/www.24gliwice.pl\/wiadomosci\/wp-content\/uploads\/2026\/03\/20260309-PREZERO-WIOSNA-D.webp\" alt=\"\"  srcset=\"https:\/\/www.24gliwice.pl\/wiadomosci\/wp-content\/uploads\/2026\/03\/20260309-PREZERO-WIOSNA-D.webp 750w, https:\/\/www.24gliwice.pl\/wiadomosci\/wp-content\/uploads\/2026\/03\/20260309-PREZERO-WIOSNA-D-410x109.webp 410w\" sizes=\"(max-width: 750px) 100vw, 750px\" class=\"no-lazyload\" width=\"750\" height=\"200\"  style=\"display: inline-block; max-width: 100%; height: auto;\" \/><\/a><\/div><\/div>","protected":false},"excerpt":{"rendered":"<p>Przedsi\u0119biorcy z ul. Matejki i Tkackiej przygotowali protest do prezydenta Gliwic. Obawiaj\u0105 si\u0119, \u017ce wskutek ograniczania ruchu samochodowego na kolejnych ulicach star\u00f3wki strac\u0105 swoich dotychczasowych klient\u00f3w. &nbsp; Pod pismem protestacyjnym podpisa\u0142a si\u0119 blisko setka podmiot\u00f3w gospodarczych, kt\u00f3re, jak wskazuj\u0105, nie bra\u0142y udzia\u0142u w \u017cadnych oficjalnych konsultacjach planu zmian w rejonie gliwickiego Rynku. &#8211; Klienci, kt\u00f3rzy [&hellip;]<\/p>\n","protected":false},"author":15,"featured_media":211336,"comment_status":"open","ping_status":"closed","sticky":false,"template":"","format":"standard","meta":{"_monsterinsights_skip_tracking":false,"_monsterinsights_sitenote_active":false,"_monsterinsights_sitenote_note":"","_monsterinsights_sitenote_category":0,"footnotes":"","_links_to":"","_links_to_target":""},"categories":[3,1,9,8],"tags":[19816],"class_list":["post-211304","post","type-post","status-publish","format-standard","has-post-thumbnail","hentry","category-gliwice","category-wszystko","category-aktualnosci_lokalne","category-samorzad_polityka","tag-strefa-ograniczonej-dostepnosci"],"yoast_head":"<!-- This site is optimized with the Yoast SEO plugin v27.5 - https:\/\/yoast.com\/product\/yoast-seo-wordpress\/ -->\n<title>Protest przeciwko zamykaniu uliczek star\u00f3wki. &quot;Plany zmiany w ruchu nie by\u0142y z nami konsultowane&quot; - 24GLIWICE - Portal Gliwice | codziennie nowe informacje<\/title>\n<meta name=\"description\" content=\"Przedsi\u0119biorcy prowadz\u0105cy dzia\u0142alno\u015b\u0107 na gliwickiej star\u00f3wce protestuj\u0105 przeciwko rozszerzaniu strefy ograniczonej dost\u0119pno\u015bci. Jest petycja\" \/>\n<meta name=\"robots\" content=\"index, follow, max-snippet:-1, max-image-preview:large, max-video-preview:-1\" \/>\n<link rel=\"canonical\" href=\"https:\/\/www.24gliwice.pl\/wiadomosci\/protest-przeciwko-zamykaniu-uliczek-starowki-plany-zmiany-w-ruchu-nie-byly-z-nami-konsultowane\/\" \/>\n<meta property=\"og:locale\" content=\"pl_PL\" \/>\n<meta property=\"og:type\" content=\"article\" \/>\n<meta property=\"og:title\" content=\"Protest przeciwko zamykaniu uliczek star\u00f3wki. &quot;Plany zmiany w ruchu nie by\u0142y z nami konsultowane&quot; - 24GLIWICE - Portal Gliwice | codziennie nowe informacje\" \/>\n<meta property=\"og:description\" content=\"Przedsi\u0119biorcy prowadz\u0105cy dzia\u0142alno\u015b\u0107 na gliwickiej star\u00f3wce protestuj\u0105 przeciwko rozszerzaniu strefy ograniczonej dost\u0119pno\u015bci. Jest petycja\" \/>\n<meta property=\"og:url\" content=\"https:\/\/www.24gliwice.pl\/wiadomosci\/protest-przeciwko-zamykaniu-uliczek-starowki-plany-zmiany-w-ruchu-nie-byly-z-nami-konsultowane\/\" \/>\n<meta property=\"og:site_name\" content=\"24GLIWICE - Portal Gliwice | codziennie nowe informacje\" \/>\n<meta property=\"article:publisher\" content=\"https:\/\/www.facebook.com\/24gliwice\" \/>\n<meta property=\"article:published_time\" content=\"2023-03-23T01:02:41+00:00\" \/>\n<meta property=\"og:image\" content=\"https:\/\/www.24gliwice.pl\/wiadomosci\/wp-content\/uploads\/2023\/03\/parkowanie-raciborska.jpg\" \/>\n\t<meta property=\"og:image:width\" content=\"809\" \/>\n\t<meta property=\"og:image:height\" content=\"456\" \/>\n\t<meta property=\"og:image:type\" content=\"image\/jpeg\" \/>\n<meta name=\"author\" content=\"\u017baneta Mrozek-Siewierska\" \/>\n<meta name=\"twitter:card\" content=\"summary_large_image\" \/>\n<meta name=\"twitter:creator\" content=\"@24gliwice\" \/>\n<meta name=\"twitter:site\" content=\"@24gliwice\" \/>\n<meta name=\"twitter:label1\" content=\"Napisane przez\" \/>\n\t<meta name=\"twitter:data1\" content=\"\u017baneta Mrozek-Siewierska\" \/>\n\t<meta name=\"twitter:label2\" content=\"Szacowany czas czytania\" \/>\n\t<meta name=\"twitter:data2\" content=\"4 minuty\" \/>\n<script type=\"application\/ld+json\" class=\"yoast-schema-graph\">{\"@context\":\"https:\\\/\\\/schema.org\",\"@graph\":[{\"@type\":\"Article\",\"@id\":\"https:\\\/\\\/www.24gliwice.pl\\\/wiadomosci\\\/protest-przeciwko-zamykaniu-uliczek-starowki-plany-zmiany-w-ruchu-nie-byly-z-nami-konsultowane\\\/#article\",\"isPartOf\":{\"@id\":\"https:\\\/\\\/www.24gliwice.pl\\\/wiadomosci\\\/protest-przeciwko-zamykaniu-uliczek-starowki-plany-zmiany-w-ruchu-nie-byly-z-nami-konsultowane\\\/\"},\"author\":{\"name\":\"\u017baneta Mrozek-Siewierska\",\"@id\":\"https:\\\/\\\/www.24gliwice.pl\\\/wiadomosci\\\/#\\\/schema\\\/person\\\/e42c650edd7f2fa332be3811fb166b6e\"},\"headline\":\"Protest przeciwko zamykaniu uliczek star\u00f3wki. &#8220;Plany zmiany w ruchu nie by\u0142y z nami konsultowane&#8221;\",\"datePublished\":\"2023-03-23T01:02:41+00:00\",\"mainEntityOfPage\":{\"@id\":\"https:\\\/\\\/www.24gliwice.pl\\\/wiadomosci\\\/protest-przeciwko-zamykaniu-uliczek-starowki-plany-zmiany-w-ruchu-nie-byly-z-nami-konsultowane\\\/\"},\"wordCount\":797,\"commentCount\":0,\"publisher\":{\"@id\":\"https:\\\/\\\/www.24gliwice.pl\\\/wiadomosci\\\/#organization\"},\"image\":{\"@id\":\"https:\\\/\\\/www.24gliwice.pl\\\/wiadomosci\\\/protest-przeciwko-zamykaniu-uliczek-starowki-plany-zmiany-w-ruchu-nie-byly-z-nami-konsultowane\\\/#primaryimage\"},\"thumbnailUrl\":\"https:\\\/\\\/www.24gliwice.pl\\\/wiadomosci\\\/wp-content\\\/uploads\\\/2023\\\/03\\\/parkowanie-raciborska.jpg\",\"keywords\":[\"strefa ograniczonej dost\u0119pno\u015bci\"],\"articleSection\":[\"Gliwice\",\"Najnowsze wiadomo\u015bci\",\"Portal Gliwice - Wiadomo\u015bci lokalne\",\"Samorz\u0105d, polityka\"],\"inLanguage\":\"pl-PL\",\"potentialAction\":[{\"@type\":\"CommentAction\",\"name\":\"Comment\",\"target\":[\"https:\\\/\\\/www.24gliwice.pl\\\/wiadomosci\\\/protest-przeciwko-zamykaniu-uliczek-starowki-plany-zmiany-w-ruchu-nie-byly-z-nami-konsultowane\\\/#respond\"]}]},{\"@type\":\"WebPage\",\"@id\":\"https:\\\/\\\/www.24gliwice.pl\\\/wiadomosci\\\/protest-przeciwko-zamykaniu-uliczek-starowki-plany-zmiany-w-ruchu-nie-byly-z-nami-konsultowane\\\/\",\"url\":\"https:\\\/\\\/www.24gliwice.pl\\\/wiadomosci\\\/protest-przeciwko-zamykaniu-uliczek-starowki-plany-zmiany-w-ruchu-nie-byly-z-nami-konsultowane\\\/\",\"name\":\"Protest przeciwko zamykaniu uliczek star\u00f3wki. \\\"Plany zmiany w ruchu nie by\u0142y z nami konsultowane\\\" - 24GLIWICE - Portal Gliwice | codziennie nowe informacje\",\"isPartOf\":{\"@id\":\"https:\\\/\\\/www.24gliwice.pl\\\/wiadomosci\\\/#website\"},\"primaryImageOfPage\":{\"@id\":\"https:\\\/\\\/www.24gliwice.pl\\\/wiadomosci\\\/protest-przeciwko-zamykaniu-uliczek-starowki-plany-zmiany-w-ruchu-nie-byly-z-nami-konsultowane\\\/#primaryimage\"},\"image\":{\"@id\":\"https:\\\/\\\/www.24gliwice.pl\\\/wiadomosci\\\/protest-przeciwko-zamykaniu-uliczek-starowki-plany-zmiany-w-ruchu-nie-byly-z-nami-konsultowane\\\/#primaryimage\"},\"thumbnailUrl\":\"https:\\\/\\\/www.24gliwice.pl\\\/wiadomosci\\\/wp-content\\\/uploads\\\/2023\\\/03\\\/parkowanie-raciborska.jpg\",\"datePublished\":\"2023-03-23T01:02:41+00:00\",\"description\":\"Przedsi\u0119biorcy prowadz\u0105cy dzia\u0142alno\u015b\u0107 na gliwickiej star\u00f3wce protestuj\u0105 przeciwko rozszerzaniu strefy ograniczonej dost\u0119pno\u015bci. Jest petycja\",\"breadcrumb\":{\"@id\":\"https:\\\/\\\/www.24gliwice.pl\\\/wiadomosci\\\/protest-przeciwko-zamykaniu-uliczek-starowki-plany-zmiany-w-ruchu-nie-byly-z-nami-konsultowane\\\/#breadcrumb\"},\"inLanguage\":\"pl-PL\",\"potentialAction\":[{\"@type\":\"ReadAction\",\"target\":[\"https:\\\/\\\/www.24gliwice.pl\\\/wiadomosci\\\/protest-przeciwko-zamykaniu-uliczek-starowki-plany-zmiany-w-ruchu-nie-byly-z-nami-konsultowane\\\/\"]}]},{\"@type\":\"ImageObject\",\"inLanguage\":\"pl-PL\",\"@id\":\"https:\\\/\\\/www.24gliwice.pl\\\/wiadomosci\\\/protest-przeciwko-zamykaniu-uliczek-starowki-plany-zmiany-w-ruchu-nie-byly-z-nami-konsultowane\\\/#primaryimage\",\"url\":\"https:\\\/\\\/www.24gliwice.pl\\\/wiadomosci\\\/wp-content\\\/uploads\\\/2023\\\/03\\\/parkowanie-raciborska.jpg\",\"contentUrl\":\"https:\\\/\\\/www.24gliwice.pl\\\/wiadomosci\\\/wp-content\\\/uploads\\\/2023\\\/03\\\/parkowanie-raciborska.jpg\",\"width\":809,\"height\":456},{\"@type\":\"BreadcrumbList\",\"@id\":\"https:\\\/\\\/www.24gliwice.pl\\\/wiadomosci\\\/protest-przeciwko-zamykaniu-uliczek-starowki-plany-zmiany-w-ruchu-nie-byly-z-nami-konsultowane\\\/#breadcrumb\",\"itemListElement\":[{\"@type\":\"ListItem\",\"position\":1,\"name\":\"Strona g\u0142\u00f3wna\",\"item\":\"https:\\\/\\\/www.24gliwice.pl\\\/wiadomosci\\\/\"},{\"@type\":\"ListItem\",\"position\":2,\"name\":\"Protest przeciwko zamykaniu uliczek star\u00f3wki. &#8222;Plany zmiany w ruchu nie by\u0142y z nami konsultowane&#8221;\"}]},{\"@type\":\"WebSite\",\"@id\":\"https:\\\/\\\/www.24gliwice.pl\\\/wiadomosci\\\/#website\",\"url\":\"https:\\\/\\\/www.24gliwice.pl\\\/wiadomosci\\\/\",\"name\":\"24GLIWICE - Portal Gliwice | codziennie nowe wiadomo\u015bci\",\"description\":\"Portal Miejski Gliwice\",\"publisher\":{\"@id\":\"https:\\\/\\\/www.24gliwice.pl\\\/wiadomosci\\\/#organization\"},\"potentialAction\":[{\"@type\":\"SearchAction\",\"target\":{\"@type\":\"EntryPoint\",\"urlTemplate\":\"https:\\\/\\\/www.24gliwice.pl\\\/wiadomosci\\\/?s={search_term_string}\"},\"query-input\":{\"@type\":\"PropertyValueSpecification\",\"valueRequired\":true,\"valueName\":\"search_term_string\"}}],\"inLanguage\":\"pl-PL\"},{\"@type\":\"Organization\",\"@id\":\"https:\\\/\\\/www.24gliwice.pl\\\/wiadomosci\\\/#organization\",\"name\":\"24gliwice\",\"url\":\"https:\\\/\\\/www.24gliwice.pl\\\/wiadomosci\\\/\",\"logo\":{\"@type\":\"ImageObject\",\"inLanguage\":\"pl-PL\",\"@id\":\"https:\\\/\\\/www.24gliwice.pl\\\/wiadomosci\\\/#\\\/schema\\\/logo\\\/image\\\/\",\"url\":\"https:\\\/\\\/www.24gliwice.pl\\\/wiadomosci\\\/wp-content\\\/uploads\\\/2024\\\/10\\\/24gliwice-logo-696.jpg\",\"contentUrl\":\"https:\\\/\\\/www.24gliwice.pl\\\/wiadomosci\\\/wp-content\\\/uploads\\\/2024\\\/10\\\/24gliwice-logo-696.jpg\",\"width\":696,\"height\":696,\"caption\":\"24gliwice\"},\"image\":{\"@id\":\"https:\\\/\\\/www.24gliwice.pl\\\/wiadomosci\\\/#\\\/schema\\\/logo\\\/image\\\/\"},\"sameAs\":[\"https:\\\/\\\/www.facebook.com\\\/24gliwice\",\"https:\\\/\\\/x.com\\\/24gliwice\",\"https:\\\/\\\/www.youtube.com\\\/@24gliwice\"]},{\"@type\":\"Person\",\"@id\":\"https:\\\/\\\/www.24gliwice.pl\\\/wiadomosci\\\/#\\\/schema\\\/person\\\/e42c650edd7f2fa332be3811fb166b6e\",\"name\":\"\u017baneta Mrozek-Siewierska\",\"image\":{\"@type\":\"ImageObject\",\"inLanguage\":\"pl-PL\",\"@id\":\"https:\\\/\\\/secure.gravatar.com\\\/avatar\\\/1881429e9c64597c77ad7aef2d0a19be69a3253e57534d16aa15bf3a4d34a0a3?s=96&d=mm&r=g\",\"url\":\"https:\\\/\\\/secure.gravatar.com\\\/avatar\\\/1881429e9c64597c77ad7aef2d0a19be69a3253e57534d16aa15bf3a4d34a0a3?s=96&d=mm&r=g\",\"contentUrl\":\"https:\\\/\\\/secure.gravatar.com\\\/avatar\\\/1881429e9c64597c77ad7aef2d0a19be69a3253e57534d16aa15bf3a4d34a0a3?s=96&d=mm&r=g\",\"caption\":\"\u017baneta Mrozek-Siewierska\"},\"url\":\"https:\\\/\\\/www.24gliwice.pl\\\/wiadomosci\\\/author\\\/zms\\\/\"}]}<\/script>\n<!-- \/ Yoast SEO plugin. -->","yoast_head_json":{"title":"Protest przeciwko zamykaniu uliczek star\u00f3wki. \"Plany zmiany w ruchu nie by\u0142y z nami konsultowane\" - 24GLIWICE - Portal Gliwice | codziennie nowe informacje","description":"Przedsi\u0119biorcy prowadz\u0105cy dzia\u0142alno\u015b\u0107 na gliwickiej star\u00f3wce protestuj\u0105 przeciwko rozszerzaniu strefy ograniczonej dost\u0119pno\u015bci. Jest petycja","robots":{"index":"index","follow":"follow","max-snippet":"max-snippet:-1","max-image-preview":"max-image-preview:large","max-video-preview":"max-video-preview:-1"},"canonical":"https:\/\/www.24gliwice.pl\/wiadomosci\/protest-przeciwko-zamykaniu-uliczek-starowki-plany-zmiany-w-ruchu-nie-byly-z-nami-konsultowane\/","og_locale":"pl_PL","og_type":"article","og_title":"Protest przeciwko zamykaniu uliczek star\u00f3wki. \"Plany zmiany w ruchu nie by\u0142y z nami konsultowane\" - 24GLIWICE - Portal Gliwice | codziennie nowe informacje","og_description":"Przedsi\u0119biorcy prowadz\u0105cy dzia\u0142alno\u015b\u0107 na gliwickiej star\u00f3wce protestuj\u0105 przeciwko rozszerzaniu strefy ograniczonej dost\u0119pno\u015bci. Jest petycja","og_url":"https:\/\/www.24gliwice.pl\/wiadomosci\/protest-przeciwko-zamykaniu-uliczek-starowki-plany-zmiany-w-ruchu-nie-byly-z-nami-konsultowane\/","og_site_name":"24GLIWICE - Portal Gliwice | codziennie nowe informacje","article_publisher":"https:\/\/www.facebook.com\/24gliwice","article_published_time":"2023-03-23T01:02:41+00:00","og_image":[{"width":809,"height":456,"url":"https:\/\/www.24gliwice.pl\/wiadomosci\/wp-content\/uploads\/2023\/03\/parkowanie-raciborska.jpg","type":"image\/jpeg"}],"author":"\u017baneta Mrozek-Siewierska","twitter_card":"summary_large_image","twitter_creator":"@24gliwice","twitter_site":"@24gliwice","twitter_misc":{"Napisane przez":"\u017baneta Mrozek-Siewierska","Szacowany czas czytania":"4 minuty"},"schema":{"@context":"https:\/\/schema.org","@graph":[{"@type":"Article","@id":"https:\/\/www.24gliwice.pl\/wiadomosci\/protest-przeciwko-zamykaniu-uliczek-starowki-plany-zmiany-w-ruchu-nie-byly-z-nami-konsultowane\/#article","isPartOf":{"@id":"https:\/\/www.24gliwice.pl\/wiadomosci\/protest-przeciwko-zamykaniu-uliczek-starowki-plany-zmiany-w-ruchu-nie-byly-z-nami-konsultowane\/"},"author":{"name":"\u017baneta Mrozek-Siewierska","@id":"https:\/\/www.24gliwice.pl\/wiadomosci\/#\/schema\/person\/e42c650edd7f2fa332be3811fb166b6e"},"headline":"Protest przeciwko zamykaniu uliczek star\u00f3wki. &#8220;Plany zmiany w ruchu nie by\u0142y z nami konsultowane&#8221;","datePublished":"2023-03-23T01:02:41+00:00","mainEntityOfPage":{"@id":"https:\/\/www.24gliwice.pl\/wiadomosci\/protest-przeciwko-zamykaniu-uliczek-starowki-plany-zmiany-w-ruchu-nie-byly-z-nami-konsultowane\/"},"wordCount":797,"commentCount":0,"publisher":{"@id":"https:\/\/www.24gliwice.pl\/wiadomosci\/#organization"},"image":{"@id":"https:\/\/www.24gliwice.pl\/wiadomosci\/protest-przeciwko-zamykaniu-uliczek-starowki-plany-zmiany-w-ruchu-nie-byly-z-nami-konsultowane\/#primaryimage"},"thumbnailUrl":"https:\/\/www.24gliwice.pl\/wiadomosci\/wp-content\/uploads\/2023\/03\/parkowanie-raciborska.jpg","keywords":["strefa ograniczonej dost\u0119pno\u015bci"],"articleSection":["Gliwice","Najnowsze wiadomo\u015bci","Portal Gliwice - Wiadomo\u015bci lokalne","Samorz\u0105d, polityka"],"inLanguage":"pl-PL","potentialAction":[{"@type":"CommentAction","name":"Comment","target":["https:\/\/www.24gliwice.pl\/wiadomosci\/protest-przeciwko-zamykaniu-uliczek-starowki-plany-zmiany-w-ruchu-nie-byly-z-nami-konsultowane\/#respond"]}]},{"@type":"WebPage","@id":"https:\/\/www.24gliwice.pl\/wiadomosci\/protest-przeciwko-zamykaniu-uliczek-starowki-plany-zmiany-w-ruchu-nie-byly-z-nami-konsultowane\/","url":"https:\/\/www.24gliwice.pl\/wiadomosci\/protest-przeciwko-zamykaniu-uliczek-starowki-plany-zmiany-w-ruchu-nie-byly-z-nami-konsultowane\/","name":"Protest przeciwko zamykaniu uliczek star\u00f3wki. \"Plany zmiany w ruchu nie by\u0142y z nami konsultowane\" - 24GLIWICE - Portal Gliwice | codziennie nowe informacje","isPartOf":{"@id":"https:\/\/www.24gliwice.pl\/wiadomosci\/#website"},"primaryImageOfPage":{"@id":"https:\/\/www.24gliwice.pl\/wiadomosci\/protest-przeciwko-zamykaniu-uliczek-starowki-plany-zmiany-w-ruchu-nie-byly-z-nami-konsultowane\/#primaryimage"},"image":{"@id":"https:\/\/www.24gliwice.pl\/wiadomosci\/protest-przeciwko-zamykaniu-uliczek-starowki-plany-zmiany-w-ruchu-nie-byly-z-nami-konsultowane\/#primaryimage"},"thumbnailUrl":"https:\/\/www.24gliwice.pl\/wiadomosci\/wp-content\/uploads\/2023\/03\/parkowanie-raciborska.jpg","datePublished":"2023-03-23T01:02:41+00:00","description":"Przedsi\u0119biorcy prowadz\u0105cy dzia\u0142alno\u015b\u0107 na gliwickiej star\u00f3wce protestuj\u0105 przeciwko rozszerzaniu strefy ograniczonej dost\u0119pno\u015bci. Jest petycja","breadcrumb":{"@id":"https:\/\/www.24gliwice.pl\/wiadomosci\/protest-przeciwko-zamykaniu-uliczek-starowki-plany-zmiany-w-ruchu-nie-byly-z-nami-konsultowane\/#breadcrumb"},"inLanguage":"pl-PL","potentialAction":[{"@type":"ReadAction","target":["https:\/\/www.24gliwice.pl\/wiadomosci\/protest-przeciwko-zamykaniu-uliczek-starowki-plany-zmiany-w-ruchu-nie-byly-z-nami-konsultowane\/"]}]},{"@type":"ImageObject","inLanguage":"pl-PL","@id":"https:\/\/www.24gliwice.pl\/wiadomosci\/protest-przeciwko-zamykaniu-uliczek-starowki-plany-zmiany-w-ruchu-nie-byly-z-nami-konsultowane\/#primaryimage","url":"https:\/\/www.24gliwice.pl\/wiadomosci\/wp-content\/uploads\/2023\/03\/parkowanie-raciborska.jpg","contentUrl":"https:\/\/www.24gliwice.pl\/wiadomosci\/wp-content\/uploads\/2023\/03\/parkowanie-raciborska.jpg","width":809,"height":456},{"@type":"BreadcrumbList","@id":"https:\/\/www.24gliwice.pl\/wiadomosci\/protest-przeciwko-zamykaniu-uliczek-starowki-plany-zmiany-w-ruchu-nie-byly-z-nami-konsultowane\/#breadcrumb","itemListElement":[{"@type":"ListItem","position":1,"name":"Strona g\u0142\u00f3wna","item":"https:\/\/www.24gliwice.pl\/wiadomosci\/"},{"@type":"ListItem","position":2,"name":"Protest przeciwko zamykaniu uliczek star\u00f3wki. &#8222;Plany zmiany w ruchu nie by\u0142y z nami konsultowane&#8221;"}]},{"@type":"WebSite","@id":"https:\/\/www.24gliwice.pl\/wiadomosci\/#website","url":"https:\/\/www.24gliwice.pl\/wiadomosci\/","name":"24GLIWICE - Portal Gliwice | codziennie nowe wiadomo\u015bci","description":"Portal Miejski Gliwice","publisher":{"@id":"https:\/\/www.24gliwice.pl\/wiadomosci\/#organization"},"potentialAction":[{"@type":"SearchAction","target":{"@type":"EntryPoint","urlTemplate":"https:\/\/www.24gliwice.pl\/wiadomosci\/?s={search_term_string}"},"query-input":{"@type":"PropertyValueSpecification","valueRequired":true,"valueName":"search_term_string"}}],"inLanguage":"pl-PL"},{"@type":"Organization","@id":"https:\/\/www.24gliwice.pl\/wiadomosci\/#organization","name":"24gliwice","url":"https:\/\/www.24gliwice.pl\/wiadomosci\/","logo":{"@type":"ImageObject","inLanguage":"pl-PL","@id":"https:\/\/www.24gliwice.pl\/wiadomosci\/#\/schema\/logo\/image\/","url":"https:\/\/www.24gliwice.pl\/wiadomosci\/wp-content\/uploads\/2024\/10\/24gliwice-logo-696.jpg","contentUrl":"https:\/\/www.24gliwice.pl\/wiadomosci\/wp-content\/uploads\/2024\/10\/24gliwice-logo-696.jpg","width":696,"height":696,"caption":"24gliwice"},"image":{"@id":"https:\/\/www.24gliwice.pl\/wiadomosci\/#\/schema\/logo\/image\/"},"sameAs":["https:\/\/www.facebook.com\/24gliwice","https:\/\/x.com\/24gliwice","https:\/\/www.youtube.com\/@24gliwice"]},{"@type":"Person","@id":"https:\/\/www.24gliwice.pl\/wiadomosci\/#\/schema\/person\/e42c650edd7f2fa332be3811fb166b6e","name":"\u017baneta Mrozek-Siewierska","image":{"@type":"ImageObject","inLanguage":"pl-PL","@id":"https:\/\/secure.gravatar.com\/avatar\/1881429e9c64597c77ad7aef2d0a19be69a3253e57534d16aa15bf3a4d34a0a3?s=96&d=mm&r=g","url":"https:\/\/secure.gravatar.com\/avatar\/1881429e9c64597c77ad7aef2d0a19be69a3253e57534d16aa15bf3a4d34a0a3?s=96&d=mm&r=g","contentUrl":"https:\/\/secure.gravatar.com\/avatar\/1881429e9c64597c77ad7aef2d0a19be69a3253e57534d16aa15bf3a4d34a0a3?s=96&d=mm&r=g","caption":"\u017baneta Mrozek-Siewierska"},"url":"https:\/\/www.24gliwice.pl\/wiadomosci\/author\/zms\/"}]}},"_links":{"self":[{"href":"https:\/\/www.24gliwice.pl\/wiadomosci\/wp-json\/wp\/v2\/posts\/211304","targetHints":{"allow":["GET"]}}],"collection":[{"href":"https:\/\/www.24gliwice.pl\/wiadomosci\/wp-json\/wp\/v2\/posts"}],"about":[{"href":"https:\/\/www.24gliwice.pl\/wiadomosci\/wp-json\/wp\/v2\/types\/post"}],"author":[{"embeddable":true,"href":"https:\/\/www.24gliwice.pl\/wiadomosci\/wp-json\/wp\/v2\/users\/15"}],"replies":[{"embeddable":true,"href":"https:\/\/www.24gliwice.pl\/wiadomosci\/wp-json\/wp\/v2\/comments?post=211304"}],"version-history":[{"count":0,"href":"https:\/\/www.24gliwice.pl\/wiadomosci\/wp-json\/wp\/v2\/posts\/211304\/revisions"}],"wp:featuredmedia":[{"embeddable":true,"href":"https:\/\/www.24gliwice.pl\/wiadomosci\/wp-json\/wp\/v2\/media\/211336"}],"wp:attachment":[{"href":"https:\/\/www.24gliwice.pl\/wiadomosci\/wp-json\/wp\/v2\/media?parent=211304"}],"wp:term":[{"taxonomy":"category","embeddable":true,"href":"https:\/\/www.24gliwice.pl\/wiadomosci\/wp-json\/wp\/v2\/categories?post=211304"},{"taxonomy":"post_tag","embeddable":true,"href":"https:\/\/www.24gliwice.pl\/wiadomosci\/wp-json\/wp\/v2\/tags?post=211304"}],"curies":[{"name":"wp","href":"https:\/\/api.w.org\/{rel}","templated":true}]}}