{"id":211938,"date":"2023-04-03T06:01:07","date_gmt":"2023-04-03T04:01:07","guid":{"rendered":"https:\/\/www.24gliwice.pl\/wiadomosci\/?p=211938"},"modified":"2023-04-03T00:49:59","modified_gmt":"2023-04-02T22:49:59","slug":"kwalifikacja-wojskowa-obejmie-blisko-1400-osob-z-gliwic-i-z-powiatu-gdzie-musza-sie-stawic-zmiana-lokalizacji","status":"publish","type":"post","link":"https:\/\/www.24gliwice.pl\/wiadomosci\/kwalifikacja-wojskowa-obejmie-blisko-1400-osob-z-gliwic-i-z-powiatu-gdzie-musza-sie-stawic-zmiana-lokalizacji\/","title":{"rendered":"Kwalifikacja wojskowa obejmie blisko 1400 os\u00f3b z Gliwic i z powiatu. Gdzie musz\u0105 si\u0119 stawi\u0107? Zmiana lokalizacji"},"content":{"rendered":"<div class=\"gliwi-a6-nad-leadem-artykulow gliwi-entity-placement\" id=\"gliwi-760113228\"><div class=\"gliwi-adlabel\"><span style=\"font-size: 9px\">REKLAMA<\/span><\/div><div id=\"gliwi-3911339229\" style=\"margin-bottom: 30px;margin-left: auto;margin-right: auto;text-align: center;\"><a data-no-instant=\"1\" href=\"https:\/\/przedszkole.halogen.org.pl\/\" rel=\"noopener\" class=\"a2t-link\" target=\"_blank\" aria-label=\"20260402-ANIMATOR-przedszkole_grafika_750x200\"><img loading=\"lazy\" decoding=\"async\" src=\"https:\/\/www.24gliwice.pl\/wiadomosci\/wp-content\/uploads\/2026\/04\/20260402-ANIMATOR-przedszkole_grafika_750x200.webp\" alt=\"\"  srcset=\"https:\/\/www.24gliwice.pl\/wiadomosci\/wp-content\/uploads\/2026\/04\/20260402-ANIMATOR-przedszkole_grafika_750x200.webp 750w, https:\/\/www.24gliwice.pl\/wiadomosci\/wp-content\/uploads\/2026\/04\/20260402-ANIMATOR-przedszkole_grafika_750x200-410x109.webp 410w\" sizes=\"(max-width: 750px) 100vw, 750px\" class=\"no-lazyload\" width=\"750\" height=\"200\"  style=\"display: inline-block; max-width: 100%; height: auto;\" \/><\/a><\/div><\/div><h2>Tegoroczna kwalifikacja wojskowa na terenie Gliwic rozpocznie si\u0119 22 maja, a potrwa do 29 czerwca. B\u0119dzie przeprowadzona przy ul. Jasnej 31B &#8211; pod tym adresem powinno stawi\u0107 si\u0119 ponad o\u015bmiuset m\u0119\u017cczyzn oraz&#8230; 15 kobiet z naszego miasta. Inne terminy wyznaczono dla mieszka\u0144c\u00f3w powiatu.<\/h2>\n<p>&nbsp;<br \/>\n&#8211; <em>Celem kwalifikacji wojskowej jest wprowadzenie danych do ewidencji wojskowej oraz okre\u015blenie zdolno\u015bci fizycznej i psychicznej do pe\u0142nienia s\u0142u\u017cby wojskowej os\u00f3b podlegaj\u0105cych obowi\u0105zkowi stawienia si\u0119 do kwalifikacji oraz tych, kt\u00f3re zg\u0142osi\u0142y si\u0119 w trybie ochotniczym do pe\u0142nienia s\u0142u\u017cby wojskowej, a maj\u0105 uko\u0144czony 18 rok \u017cycia<\/em> &#8211; informuje Centralne Wojskowe Centrum Rekrutacji w serwisie wojsko-polskie.pl. <\/p>\n<h4>Osoby podlegaj\u0105ce obowi\u0105zkowi stawienia si\u0119 do kwalifikacji wojskowej wzywane s\u0105 przez w\u00f3jt\u00f3w lub burmistrz\u00f3w (prezydent\u00f3w miast) za pomoc\u0105 wezwa\u0144, kt\u00f3re nale\u017cy dor\u0119czy\u0107 co najmniej na 7 dni przed wyznaczonym terminem stawiennictwa.<\/h4>\n<p>Je\u017celi z wa\u017cnych przyczyn wezwana osoba nie mo\u017ce stawi\u0107 si\u0119 w wyznaczonym terminie powinna zawiadomi\u0107 o tym organy samorz\u0105dowe najp\u00f3\u017aniej w wyznaczonym terminie kwalifikacji oraz poda\u0107 przyczyny, kt\u00f3re nie pozwalaj\u0105 jej na przybycie. W\u00f3jt lub burmistrz (prezydent miasta) okre\u015bli nowy termin stawiennictwa.<\/p><div class=\"gliwi-a3-w-tresci-artykulow gliwi-entity-placement\" id=\"gliwi-1317733047\"><div class=\"gliwi-adlabel\"><span style=\"font-size: 9px\">REKLAMA<\/span><\/div><div id=\"gliwi-1878534748\" style=\"margin-bottom: 30px;margin-left: auto;margin-right: auto;text-align: center;\"><a data-no-instant=\"1\" href=\"https:\/\/zlobek.halogen.org.pl\/\" rel=\"noopener\" class=\"a2t-link\" target=\"_blank\" aria-label=\"animator-zlobek_750x200\"><img loading=\"lazy\" decoding=\"async\" src=\"https:\/\/www.24gliwice.pl\/wiadomosci\/wp-content\/uploads\/2026\/02\/animator-zlobek_750x200.webp\" alt=\"\"  srcset=\"https:\/\/www.24gliwice.pl\/wiadomosci\/wp-content\/uploads\/2026\/02\/animator-zlobek_750x200.webp 750w, https:\/\/www.24gliwice.pl\/wiadomosci\/wp-content\/uploads\/2026\/02\/animator-zlobek_750x200-410x109.webp 410w\" sizes=\"(max-width: 750px) 100vw, 750px\" class=\"no-lazyload\" width=\"750\" height=\"200\"  style=\"display: inline-block; max-width: 100%; height: auto;\" \/><\/a><\/div><\/div>\n<p><iframe loading=\"lazy\" src=\"https:\/\/www.facebook.com\/plugins\/post.php?href=https%3A%2F%2Fwww.facebook.com%2FZostanZolnierzem%2Fposts%2Fpfbid02t761tbuDiwEH7zupjkLAtFpvC2HhYz54rSYvG9ywEWHLPg5E23QLrauPkTAwqtHNl&#038;show_text=true&#038;width=500\" width=\"500\" height=\"494\" style=\"border:none;overflow:hidden\" scrolling=\"no\" frameborder=\"0\" allowfullscreen=\"true\" allow=\"autoplay; clipboard-write; encrypted-media; picture-in-picture; web-share\"><\/iframe><\/p>\n<h4>Kwalifikacja wojskowa w Gliwicach<\/h4>\n<p>&#8211; <strong>Obejmie ona m\u0119\u017cczyzn zameldowanych na pobyt sta\u0142y lub pobyt czasowy na terenie miasta Gliwice, kt\u00f3rzy:<\/strong><br \/>\n\u2022    w bie\u017c\u0105cym roku kalendarzowym ko\u0144cz\u0105 19. rok \u017cycia \u2013 wezwania otrzyma 684 m\u0119\u017cczyzn,<br \/>\n\u2022    maj\u0105 nieuregulowany stosunek do s\u0142u\u017cby wojskowej \u2013 wezwania otrzyma 127 m\u0119\u017cczyzn<br \/>\noraz<br \/>\n\u2022    kobiety, kt\u00f3re zosta\u0142y wskazane przez Wojskow\u0105 Komend\u0119 Uzupe\u0142nie\u0144 \u2013 wezwania otrzyma 15 kobiet.<\/p>\n<p><strong>Ka\u017cda z os\u00f3b podlegaj\u0105cych kwalifikacji otrzyma indywidualne zawiadomienie ze wskazaniem dnia i godziny stawienia si\u0119.<\/strong><\/p>\n<p>&#8211; <strong>Kwalifikacja wojskowa obejmuje:<\/strong><br \/>\n\u2022    sprawdzenie to\u017csamo\u015bci osoby podlegaj\u0105cej kwalifikacji wojskowej;<br \/>\n\u2022    ustalenie kategorii zdolno\u015bci do czynnej s\u0142u\u017cby wojskowej \u2013 badanie lekarskie oraz psychologiczne, kt\u00f3re przeprowadza Powiatowa Komisja Lekarska;<br \/>\n\u2022    za\u0142o\u017cenie ewidencji wojskowej i wydanie za\u015bwiadczenia o stawieniu si\u0119 do kwalifikacji wojskowej.<\/p>\n<p>&#8211; <strong>Osoba stawiaj\u0105ca si\u0119 do kwalifikacji wojskowej powinna przedstawi\u0107:<\/strong><br \/>\n\u2022    dow\u00f3d osobisty lub inny dokument pozwalaj\u0105cy na ustalenie to\u017csamo\u015bci;<br \/>\n\u2022    je\u015bli posiada \u2013 dokumentacj\u0119 medyczn\u0105, w tym wyniki bada\u0144 specjalistycznych przeprowadzonych w okresie dwunastu miesi\u0119cy przed dniem stawienia si\u0119 do kwalifikacji wojskowej;<br \/>\n\u2022    dokumenty potwierdzaj\u0105ce poziom wykszta\u0142cenia lub pobierania nauki oraz posiadane kwalifikacje zawodowe (np. \u015bwiadectwo szkolne).<\/p>\n<p>Dodatkowe informacje mo\u017cna uzyska\u0107 pod numerem telefonu: 32239-12-79.<\/p>\n<p><iframe src=\"https:\/\/www.google.com\/maps\/embed?pb=!4v1680253690883!6m8!1m7!1sfks09wPAE9FPVn5600jZog!2m2!1d50.28204781417885!2d18.67183416365422!3f315.9154472926618!4f13.561227495547485!5f0.5827071659009876\" width=\"810\" height=\"450\" style=\"border:0;\" allowfullscreen=\"\" loading=\"lazy\" referrerpolicy=\"no-referrer-when-downgrade\"><\/iframe><\/p>\n<h4>Kwalifikacja wojskowa w powiecie gliwickim<\/h4>\n<p>Kwalifikacja wojskowa dla os\u00f3b zamieszka\u0142ych stale lub przebywaj\u0105cych czasowo przez ponad 3 miesi\u0105ce na terenie miast:<strong> Knur\u00f3w i Pyskowice<\/strong>; miast i gmin:<strong> So\u015bnicowice i Toszek<\/strong>; gmin <strong>Giera\u0142towice, Pilchowice, Rudziniec i Wielowie\u015b<\/strong> \u2013 r\u00f3wnie\u017c przeprowadzona zostanie w budynku biurowym, mieszcz\u0105cym si\u0119 przy ul. Jasnej 31B w Gliwicach. <\/p>\n<p><strong>Harmonogram przebiegu kwalifikacji wojskowej na terenie powiatu gliwickiego:<\/strong><\/p>\n<ul>\n<li>Gmina Knur\u00f3w \u2013 od 17.04. do 21.04.2023 r.,<\/li>\n<li>Gmina Pyskowice \u2013 od 24.04. do 25.04.2023 r.,<\/li>\n<li>Gmina Giera\u0142towice \u2013 od 26.04. do 27.04.2023r.,<\/li>\n<li>Gmina Rudziniec \u2013 od 28.04. i 09.05.2023r.,<\/li>\n<li>Gmina Pilchowice \u2013 od 10.05. do 11.05.2023r.,<\/li>\n<li>Gmina So\u015bnicowice \u2013 od 12.05. i 15.05.2023r.,<\/li>\n<li>Gmina Toszek \u2013 od 15.05. i 16.05.2023r.,<\/li>\n<li>Gmina Wielowie\u015b \u2013 17.05.2023r.,<\/li>\n<li>Kobiety \u2013 18.05.2023r.<\/li>\n<\/ul>\n<p>W roku 2023 do stawienia przed powiatow\u0105 komisj\u0119 lekarsk\u0105 wezwanych zostanie blisko 550 os\u00f3b.<\/p>\n<p><a href=\"https:\/\/www.24gliwice.pl\/wiadomosci\/wp-content\/uploads\/2022\/04\/kwalifikacja-wojskowa-2.jpg\"><img loading=\"lazy\" decoding=\"async\" src=\"https:\/\/www.24gliwice.pl\/wiadomosci\/wp-content\/uploads\/2022\/04\/kwalifikacja-wojskowa-2.jpg\" alt=\"\" width=\"810\" height=\"457\" class=\"alignnone size-full wp-image-190419\" srcset=\"https:\/\/www.24gliwice.pl\/wiadomosci\/wp-content\/uploads\/2022\/04\/kwalifikacja-wojskowa-2.jpg 810w, https:\/\/www.24gliwice.pl\/wiadomosci\/wp-content\/uploads\/2022\/04\/kwalifikacja-wojskowa-2-410x232.jpg 410w, https:\/\/www.24gliwice.pl\/wiadomosci\/wp-content\/uploads\/2022\/04\/kwalifikacja-wojskowa-2-806x455.jpg 806w, https:\/\/www.24gliwice.pl\/wiadomosci\/wp-content\/uploads\/2022\/04\/kwalifikacja-wojskowa-2-768x433.jpg 768w\" sizes=\"auto, (max-width: 810px) 100vw, 810px\" \/><\/a><\/p>\n<h4>Ka\u017cdemu przyznana zostanie kategoria<\/h4>\n<p>Komisja lekarska, po przeprowadzeniu bada\u0144 oraz weryfikacji dokumentacji medycznej przedstawianej przez osob\u0119 poddawan\u0105 badaniu wyda pisemne orzeczenie o zdolno\u015bci do czynnej s\u0142u\u017cby wojskowej, ustalaj\u0105c jedn\u0105 z poni\u017cszych kategorii zdolno\u015bci:<\/p>\n<li><strong>kategoria A<\/strong> \u2013 zdolny(a) do czynnej s\u0142u\u017cby wojskowej, co oznacza zdolno\u015b\u0107 do odbywania lub pe\u0142nienia okre\u015blonego rodzaju czynnej s\u0142u\u017cby wojskowej, a tak\u017ce zdolno\u015b\u0107 do odbywania s\u0142u\u017cby w obronie cywilnej oraz s\u0142u\u017cby zast\u0119pczej, z wyj\u0105tkiem zawodowej s\u0142u\u017cby wojskowej.<\/li>\n<li><strong>kategoria B <\/strong>\u2013 czasowo niezdolny(a) do czynnej s\u0142u\u017cby wojskowej, co oznacza, \u017ce aktualny stan zdrowia nie pozwala na pe\u0142nienie tej s\u0142u\u017cby, natomiast w okresie do 12 lub 24 miesi\u0119cy od dnia badania, rokuje nadziej\u0119 na odzyskanie zdolno\u015bci do jej pe\u0142nienia. Osoby takie zostan\u0105 ponownie wezwane do kwalifikacji wojskowej po up\u0142ywie okresu, na jaki orzeczona zosta\u0142a niezdolno\u015b\u0107,<\/li>\n<li><strong>kategoria D <\/strong>\u2013 niezdolny(a) do czynnej s\u0142u\u017cby wojskowej w czasie pokoju, z wyj\u0105tkiem niekt\u00f3rych stanowisk s\u0142u\u017cbowych przeznaczonych dla terytorialnej s\u0142u\u017cby wojskowej,<\/li>\n<li><strong>kategoria E<\/strong> &#8211; trwale i ca\u0142kowicie niezdolny(a) do czynnej s\u0142u\u017cby wojskowej w czasie pokoju, oraz w razie og\u0142oszenia mobilizacji i w czasie wojny. Osoba taka nie b\u0119dzie podlega\u0142a ju\u017c obowi\u0105zkowi wojskowemu.<\/li>\n<p>Ka\u017cdy badany otrzyma pisemne orzeczenie o zdolno\u015bci do czynnej s\u0142u\u017cby wojskowej z wskazaniem kategorii tej zdolno\u015bci.<\/p>\n<p>(\u017cms)\/UM Gliwice, CWCR, Starostwo Gliwice<br \/>\nfot. arch. WKU Gliwice <\/p>\n<div class=\"gliwi-a5-na-koncu-artykulow gliwi-entity-placement\" id=\"gliwi-1903715391\"><div class=\"gliwi-adlabel\"><span style=\"font-size: 9px\">REKLAMA<\/span><\/div><div id=\"gliwi-1434795704\" style=\"margin-left: auto;margin-right: auto;text-align: center;\"><a data-no-instant=\"1\" href=\"https:\/\/prezeroarenagliwice.pl\/\" rel=\"noopener\" class=\"a2t-link\" target=\"_blank\" aria-label=\"20260309-PREZERO-WIOSNA-D\"><img loading=\"lazy\" decoding=\"async\" src=\"https:\/\/www.24gliwice.pl\/wiadomosci\/wp-content\/uploads\/2026\/03\/20260309-PREZERO-WIOSNA-D.webp\" alt=\"\"  srcset=\"https:\/\/www.24gliwice.pl\/wiadomosci\/wp-content\/uploads\/2026\/03\/20260309-PREZERO-WIOSNA-D.webp 750w, https:\/\/www.24gliwice.pl\/wiadomosci\/wp-content\/uploads\/2026\/03\/20260309-PREZERO-WIOSNA-D-410x109.webp 410w\" sizes=\"(max-width: 750px) 100vw, 750px\" class=\"no-lazyload\" width=\"750\" height=\"200\"  style=\"display: inline-block; max-width: 100%; height: auto;\" \/><\/a><\/div><\/div>","protected":false},"excerpt":{"rendered":"<p>Tegoroczna kwalifikacja wojskowa na terenie Gliwic rozpocznie si\u0119 22 maja, a potrwa do 29 czerwca. B\u0119dzie przeprowadzona przy ul. Jasnej 31B &#8211; pod tym adresem powinno stawi\u0107 si\u0119 ponad o\u015bmiuset m\u0119\u017cczyzn oraz&#8230; 15 kobiet z naszego miasta. Inne terminy wyznaczono dla mieszka\u0144c\u00f3w powiatu. &nbsp; &#8211; Celem kwalifikacji wojskowej jest wprowadzenie danych do ewidencji wojskowej oraz [&hellip;]<\/p>\n","protected":false},"author":15,"featured_media":190420,"comment_status":"open","ping_status":"closed","sticky":false,"template":"","format":"standard","meta":{"_monsterinsights_skip_tracking":false,"_monsterinsights_sitenote_active":false,"_monsterinsights_sitenote_note":"","_monsterinsights_sitenote_category":0,"footnotes":"","_links_to":"","_links_to_target":""},"categories":[3,1],"tags":[20962,11411],"class_list":["post-211938","post","type-post","status-publish","format-standard","has-post-thumbnail","hentry","category-gliwice","category-wszystko","tag-jasna-31b","tag-kwalifikacja-wojskowa"],"yoast_head":"<!-- This site is optimized with the Yoast SEO plugin v27.4 - https:\/\/yoast.com\/product\/yoast-seo-wordpress\/ -->\n<title>Kwalifikacja wojskowa obejmie blisko 1400 os\u00f3b z Gliwic i z powiatu. Gdzie musz\u0105 si\u0119 stawi\u0107? Zmiana lokalizacji - 24GLIWICE - Portal Gliwice | codziennie nowe informacje<\/title>\n<meta name=\"description\" content=\"Tegoroczna kwalifikacja wojskowa obejmie oko\u0142o 1,4 tys. os\u00f3b z Gliwic i powiatu. Uwaga: zmieniono lokalizacj\u0119 bada\u0144 - adres to ul. Jasna 31B\" \/>\n<meta name=\"robots\" content=\"index, follow, max-snippet:-1, max-image-preview:large, max-video-preview:-1\" \/>\n<link rel=\"canonical\" href=\"https:\/\/www.24gliwice.pl\/wiadomosci\/kwalifikacja-wojskowa-obejmie-blisko-1400-osob-z-gliwic-i-z-powiatu-gdzie-musza-sie-stawic-zmiana-lokalizacji\/\" \/>\n<meta property=\"og:locale\" content=\"pl_PL\" \/>\n<meta property=\"og:type\" content=\"article\" \/>\n<meta property=\"og:title\" content=\"Kwalifikacja wojskowa obejmie blisko 1400 os\u00f3b z Gliwic i z powiatu. Gdzie musz\u0105 si\u0119 stawi\u0107? Zmiana lokalizacji - 24GLIWICE - Portal Gliwice | codziennie nowe informacje\" \/>\n<meta property=\"og:description\" content=\"Tegoroczna kwalifikacja wojskowa obejmie oko\u0142o 1,4 tys. os\u00f3b z Gliwic i powiatu. Uwaga: zmieniono lokalizacj\u0119 bada\u0144 - adres to ul. Jasna 31B\" \/>\n<meta property=\"og:url\" content=\"https:\/\/www.24gliwice.pl\/wiadomosci\/kwalifikacja-wojskowa-obejmie-blisko-1400-osob-z-gliwic-i-z-powiatu-gdzie-musza-sie-stawic-zmiana-lokalizacji\/\" \/>\n<meta property=\"og:site_name\" content=\"24GLIWICE - Portal Gliwice | codziennie nowe informacje\" \/>\n<meta property=\"article:publisher\" content=\"https:\/\/www.facebook.com\/24gliwice\" \/>\n<meta property=\"article:published_time\" content=\"2023-04-03T04:01:07+00:00\" \/>\n<meta property=\"og:image\" content=\"https:\/\/www.24gliwice.pl\/wiadomosci\/wp-content\/uploads\/2022\/04\/kwalifikacja-wojskowa.jpg\" \/>\n\t<meta property=\"og:image:width\" content=\"810\" \/>\n\t<meta property=\"og:image:height\" content=\"457\" \/>\n\t<meta property=\"og:image:type\" content=\"image\/jpeg\" \/>\n<meta name=\"author\" content=\"\u017baneta Mrozek-Siewierska\" \/>\n<meta name=\"twitter:card\" content=\"summary_large_image\" \/>\n<meta name=\"twitter:creator\" content=\"@24gliwice\" \/>\n<meta name=\"twitter:site\" content=\"@24gliwice\" \/>\n<meta name=\"twitter:label1\" content=\"Napisane przez\" \/>\n\t<meta name=\"twitter:data1\" content=\"\u017baneta Mrozek-Siewierska\" \/>\n\t<meta name=\"twitter:label2\" content=\"Szacowany czas czytania\" \/>\n\t<meta name=\"twitter:data2\" content=\"5 minut\" \/>\n<script type=\"application\/ld+json\" class=\"yoast-schema-graph\">{\"@context\":\"https:\\\/\\\/schema.org\",\"@graph\":[{\"@type\":\"Article\",\"@id\":\"https:\\\/\\\/www.24gliwice.pl\\\/wiadomosci\\\/kwalifikacja-wojskowa-obejmie-blisko-1400-osob-z-gliwic-i-z-powiatu-gdzie-musza-sie-stawic-zmiana-lokalizacji\\\/#article\",\"isPartOf\":{\"@id\":\"https:\\\/\\\/www.24gliwice.pl\\\/wiadomosci\\\/kwalifikacja-wojskowa-obejmie-blisko-1400-osob-z-gliwic-i-z-powiatu-gdzie-musza-sie-stawic-zmiana-lokalizacji\\\/\"},\"author\":{\"name\":\"\u017baneta Mrozek-Siewierska\",\"@id\":\"https:\\\/\\\/www.24gliwice.pl\\\/wiadomosci\\\/#\\\/schema\\\/person\\\/e42c650edd7f2fa332be3811fb166b6e\"},\"headline\":\"Kwalifikacja wojskowa obejmie blisko 1400 os\u00f3b z Gliwic i z powiatu. Gdzie musz\u0105 si\u0119 stawi\u0107? Zmiana lokalizacji\",\"datePublished\":\"2023-04-03T04:01:07+00:00\",\"mainEntityOfPage\":{\"@id\":\"https:\\\/\\\/www.24gliwice.pl\\\/wiadomosci\\\/kwalifikacja-wojskowa-obejmie-blisko-1400-osob-z-gliwic-i-z-powiatu-gdzie-musza-sie-stawic-zmiana-lokalizacji\\\/\"},\"wordCount\":799,\"commentCount\":0,\"publisher\":{\"@id\":\"https:\\\/\\\/www.24gliwice.pl\\\/wiadomosci\\\/#organization\"},\"image\":{\"@id\":\"https:\\\/\\\/www.24gliwice.pl\\\/wiadomosci\\\/kwalifikacja-wojskowa-obejmie-blisko-1400-osob-z-gliwic-i-z-powiatu-gdzie-musza-sie-stawic-zmiana-lokalizacji\\\/#primaryimage\"},\"thumbnailUrl\":\"https:\\\/\\\/www.24gliwice.pl\\\/wiadomosci\\\/wp-content\\\/uploads\\\/2022\\\/04\\\/kwalifikacja-wojskowa.jpg\",\"keywords\":[\"jasna 31b\",\"kwalifikacja wojskowa\"],\"articleSection\":[\"Gliwice\",\"Najnowsze wiadomo\u015bci\"],\"inLanguage\":\"pl-PL\",\"potentialAction\":[{\"@type\":\"CommentAction\",\"name\":\"Comment\",\"target\":[\"https:\\\/\\\/www.24gliwice.pl\\\/wiadomosci\\\/kwalifikacja-wojskowa-obejmie-blisko-1400-osob-z-gliwic-i-z-powiatu-gdzie-musza-sie-stawic-zmiana-lokalizacji\\\/#respond\"]}]},{\"@type\":\"WebPage\",\"@id\":\"https:\\\/\\\/www.24gliwice.pl\\\/wiadomosci\\\/kwalifikacja-wojskowa-obejmie-blisko-1400-osob-z-gliwic-i-z-powiatu-gdzie-musza-sie-stawic-zmiana-lokalizacji\\\/\",\"url\":\"https:\\\/\\\/www.24gliwice.pl\\\/wiadomosci\\\/kwalifikacja-wojskowa-obejmie-blisko-1400-osob-z-gliwic-i-z-powiatu-gdzie-musza-sie-stawic-zmiana-lokalizacji\\\/\",\"name\":\"Kwalifikacja wojskowa obejmie blisko 1400 os\u00f3b z Gliwic i z powiatu. Gdzie musz\u0105 si\u0119 stawi\u0107? Zmiana lokalizacji - 24GLIWICE - Portal Gliwice | codziennie nowe informacje\",\"isPartOf\":{\"@id\":\"https:\\\/\\\/www.24gliwice.pl\\\/wiadomosci\\\/#website\"},\"primaryImageOfPage\":{\"@id\":\"https:\\\/\\\/www.24gliwice.pl\\\/wiadomosci\\\/kwalifikacja-wojskowa-obejmie-blisko-1400-osob-z-gliwic-i-z-powiatu-gdzie-musza-sie-stawic-zmiana-lokalizacji\\\/#primaryimage\"},\"image\":{\"@id\":\"https:\\\/\\\/www.24gliwice.pl\\\/wiadomosci\\\/kwalifikacja-wojskowa-obejmie-blisko-1400-osob-z-gliwic-i-z-powiatu-gdzie-musza-sie-stawic-zmiana-lokalizacji\\\/#primaryimage\"},\"thumbnailUrl\":\"https:\\\/\\\/www.24gliwice.pl\\\/wiadomosci\\\/wp-content\\\/uploads\\\/2022\\\/04\\\/kwalifikacja-wojskowa.jpg\",\"datePublished\":\"2023-04-03T04:01:07+00:00\",\"description\":\"Tegoroczna kwalifikacja wojskowa obejmie oko\u0142o 1,4 tys. os\u00f3b z Gliwic i powiatu. Uwaga: zmieniono lokalizacj\u0119 bada\u0144 - adres to ul. Jasna 31B\",\"breadcrumb\":{\"@id\":\"https:\\\/\\\/www.24gliwice.pl\\\/wiadomosci\\\/kwalifikacja-wojskowa-obejmie-blisko-1400-osob-z-gliwic-i-z-powiatu-gdzie-musza-sie-stawic-zmiana-lokalizacji\\\/#breadcrumb\"},\"inLanguage\":\"pl-PL\",\"potentialAction\":[{\"@type\":\"ReadAction\",\"target\":[\"https:\\\/\\\/www.24gliwice.pl\\\/wiadomosci\\\/kwalifikacja-wojskowa-obejmie-blisko-1400-osob-z-gliwic-i-z-powiatu-gdzie-musza-sie-stawic-zmiana-lokalizacji\\\/\"]}]},{\"@type\":\"ImageObject\",\"inLanguage\":\"pl-PL\",\"@id\":\"https:\\\/\\\/www.24gliwice.pl\\\/wiadomosci\\\/kwalifikacja-wojskowa-obejmie-blisko-1400-osob-z-gliwic-i-z-powiatu-gdzie-musza-sie-stawic-zmiana-lokalizacji\\\/#primaryimage\",\"url\":\"https:\\\/\\\/www.24gliwice.pl\\\/wiadomosci\\\/wp-content\\\/uploads\\\/2022\\\/04\\\/kwalifikacja-wojskowa.jpg\",\"contentUrl\":\"https:\\\/\\\/www.24gliwice.pl\\\/wiadomosci\\\/wp-content\\\/uploads\\\/2022\\\/04\\\/kwalifikacja-wojskowa.jpg\",\"width\":810,\"height\":457},{\"@type\":\"BreadcrumbList\",\"@id\":\"https:\\\/\\\/www.24gliwice.pl\\\/wiadomosci\\\/kwalifikacja-wojskowa-obejmie-blisko-1400-osob-z-gliwic-i-z-powiatu-gdzie-musza-sie-stawic-zmiana-lokalizacji\\\/#breadcrumb\",\"itemListElement\":[{\"@type\":\"ListItem\",\"position\":1,\"name\":\"Strona g\u0142\u00f3wna\",\"item\":\"https:\\\/\\\/www.24gliwice.pl\\\/wiadomosci\\\/\"},{\"@type\":\"ListItem\",\"position\":2,\"name\":\"Kwalifikacja wojskowa obejmie blisko 1400 os\u00f3b z Gliwic i z powiatu. Gdzie musz\u0105 si\u0119 stawi\u0107? Zmiana lokalizacji\"}]},{\"@type\":\"WebSite\",\"@id\":\"https:\\\/\\\/www.24gliwice.pl\\\/wiadomosci\\\/#website\",\"url\":\"https:\\\/\\\/www.24gliwice.pl\\\/wiadomosci\\\/\",\"name\":\"24GLIWICE - Portal Gliwice | codziennie nowe wiadomo\u015bci\",\"description\":\"Portal Miejski Gliwice\",\"publisher\":{\"@id\":\"https:\\\/\\\/www.24gliwice.pl\\\/wiadomosci\\\/#organization\"},\"potentialAction\":[{\"@type\":\"SearchAction\",\"target\":{\"@type\":\"EntryPoint\",\"urlTemplate\":\"https:\\\/\\\/www.24gliwice.pl\\\/wiadomosci\\\/?s={search_term_string}\"},\"query-input\":{\"@type\":\"PropertyValueSpecification\",\"valueRequired\":true,\"valueName\":\"search_term_string\"}}],\"inLanguage\":\"pl-PL\"},{\"@type\":\"Organization\",\"@id\":\"https:\\\/\\\/www.24gliwice.pl\\\/wiadomosci\\\/#organization\",\"name\":\"24gliwice\",\"url\":\"https:\\\/\\\/www.24gliwice.pl\\\/wiadomosci\\\/\",\"logo\":{\"@type\":\"ImageObject\",\"inLanguage\":\"pl-PL\",\"@id\":\"https:\\\/\\\/www.24gliwice.pl\\\/wiadomosci\\\/#\\\/schema\\\/logo\\\/image\\\/\",\"url\":\"https:\\\/\\\/www.24gliwice.pl\\\/wiadomosci\\\/wp-content\\\/uploads\\\/2024\\\/10\\\/24gliwice-logo-696.jpg\",\"contentUrl\":\"https:\\\/\\\/www.24gliwice.pl\\\/wiadomosci\\\/wp-content\\\/uploads\\\/2024\\\/10\\\/24gliwice-logo-696.jpg\",\"width\":696,\"height\":696,\"caption\":\"24gliwice\"},\"image\":{\"@id\":\"https:\\\/\\\/www.24gliwice.pl\\\/wiadomosci\\\/#\\\/schema\\\/logo\\\/image\\\/\"},\"sameAs\":[\"https:\\\/\\\/www.facebook.com\\\/24gliwice\",\"https:\\\/\\\/x.com\\\/24gliwice\",\"https:\\\/\\\/www.youtube.com\\\/@24gliwice\"]},{\"@type\":\"Person\",\"@id\":\"https:\\\/\\\/www.24gliwice.pl\\\/wiadomosci\\\/#\\\/schema\\\/person\\\/e42c650edd7f2fa332be3811fb166b6e\",\"name\":\"\u017baneta Mrozek-Siewierska\",\"image\":{\"@type\":\"ImageObject\",\"inLanguage\":\"pl-PL\",\"@id\":\"https:\\\/\\\/www.24gliwice.pl\\\/wiadomosci\\\/wp-content\\\/uploads\\\/2021\\\/11\\\/Zaneta-M_S-zdjecie-czb-96x96.jpg\",\"url\":\"https:\\\/\\\/www.24gliwice.pl\\\/wiadomosci\\\/wp-content\\\/uploads\\\/2021\\\/11\\\/Zaneta-M_S-zdjecie-czb-96x96.jpg\",\"contentUrl\":\"https:\\\/\\\/www.24gliwice.pl\\\/wiadomosci\\\/wp-content\\\/uploads\\\/2021\\\/11\\\/Zaneta-M_S-zdjecie-czb-96x96.jpg\",\"caption\":\"\u017baneta Mrozek-Siewierska\"},\"url\":\"https:\\\/\\\/www.24gliwice.pl\\\/wiadomosci\\\/author\\\/zms\\\/\"}]}<\/script>\n<!-- \/ Yoast SEO plugin. -->","yoast_head_json":{"title":"Kwalifikacja wojskowa obejmie blisko 1400 os\u00f3b z Gliwic i z powiatu. Gdzie musz\u0105 si\u0119 stawi\u0107? Zmiana lokalizacji - 24GLIWICE - Portal Gliwice | codziennie nowe informacje","description":"Tegoroczna kwalifikacja wojskowa obejmie oko\u0142o 1,4 tys. os\u00f3b z Gliwic i powiatu. Uwaga: zmieniono lokalizacj\u0119 bada\u0144 - adres to ul. Jasna 31B","robots":{"index":"index","follow":"follow","max-snippet":"max-snippet:-1","max-image-preview":"max-image-preview:large","max-video-preview":"max-video-preview:-1"},"canonical":"https:\/\/www.24gliwice.pl\/wiadomosci\/kwalifikacja-wojskowa-obejmie-blisko-1400-osob-z-gliwic-i-z-powiatu-gdzie-musza-sie-stawic-zmiana-lokalizacji\/","og_locale":"pl_PL","og_type":"article","og_title":"Kwalifikacja wojskowa obejmie blisko 1400 os\u00f3b z Gliwic i z powiatu. Gdzie musz\u0105 si\u0119 stawi\u0107? Zmiana lokalizacji - 24GLIWICE - Portal Gliwice | codziennie nowe informacje","og_description":"Tegoroczna kwalifikacja wojskowa obejmie oko\u0142o 1,4 tys. os\u00f3b z Gliwic i powiatu. Uwaga: zmieniono lokalizacj\u0119 bada\u0144 - adres to ul. Jasna 31B","og_url":"https:\/\/www.24gliwice.pl\/wiadomosci\/kwalifikacja-wojskowa-obejmie-blisko-1400-osob-z-gliwic-i-z-powiatu-gdzie-musza-sie-stawic-zmiana-lokalizacji\/","og_site_name":"24GLIWICE - Portal Gliwice | codziennie nowe informacje","article_publisher":"https:\/\/www.facebook.com\/24gliwice","article_published_time":"2023-04-03T04:01:07+00:00","og_image":[{"width":810,"height":457,"url":"https:\/\/www.24gliwice.pl\/wiadomosci\/wp-content\/uploads\/2022\/04\/kwalifikacja-wojskowa.jpg","type":"image\/jpeg"}],"author":"\u017baneta Mrozek-Siewierska","twitter_card":"summary_large_image","twitter_creator":"@24gliwice","twitter_site":"@24gliwice","twitter_misc":{"Napisane przez":"\u017baneta Mrozek-Siewierska","Szacowany czas czytania":"5 minut"},"schema":{"@context":"https:\/\/schema.org","@graph":[{"@type":"Article","@id":"https:\/\/www.24gliwice.pl\/wiadomosci\/kwalifikacja-wojskowa-obejmie-blisko-1400-osob-z-gliwic-i-z-powiatu-gdzie-musza-sie-stawic-zmiana-lokalizacji\/#article","isPartOf":{"@id":"https:\/\/www.24gliwice.pl\/wiadomosci\/kwalifikacja-wojskowa-obejmie-blisko-1400-osob-z-gliwic-i-z-powiatu-gdzie-musza-sie-stawic-zmiana-lokalizacji\/"},"author":{"name":"\u017baneta Mrozek-Siewierska","@id":"https:\/\/www.24gliwice.pl\/wiadomosci\/#\/schema\/person\/e42c650edd7f2fa332be3811fb166b6e"},"headline":"Kwalifikacja wojskowa obejmie blisko 1400 os\u00f3b z Gliwic i z powiatu. Gdzie musz\u0105 si\u0119 stawi\u0107? Zmiana lokalizacji","datePublished":"2023-04-03T04:01:07+00:00","mainEntityOfPage":{"@id":"https:\/\/www.24gliwice.pl\/wiadomosci\/kwalifikacja-wojskowa-obejmie-blisko-1400-osob-z-gliwic-i-z-powiatu-gdzie-musza-sie-stawic-zmiana-lokalizacji\/"},"wordCount":799,"commentCount":0,"publisher":{"@id":"https:\/\/www.24gliwice.pl\/wiadomosci\/#organization"},"image":{"@id":"https:\/\/www.24gliwice.pl\/wiadomosci\/kwalifikacja-wojskowa-obejmie-blisko-1400-osob-z-gliwic-i-z-powiatu-gdzie-musza-sie-stawic-zmiana-lokalizacji\/#primaryimage"},"thumbnailUrl":"https:\/\/www.24gliwice.pl\/wiadomosci\/wp-content\/uploads\/2022\/04\/kwalifikacja-wojskowa.jpg","keywords":["jasna 31b","kwalifikacja wojskowa"],"articleSection":["Gliwice","Najnowsze wiadomo\u015bci"],"inLanguage":"pl-PL","potentialAction":[{"@type":"CommentAction","name":"Comment","target":["https:\/\/www.24gliwice.pl\/wiadomosci\/kwalifikacja-wojskowa-obejmie-blisko-1400-osob-z-gliwic-i-z-powiatu-gdzie-musza-sie-stawic-zmiana-lokalizacji\/#respond"]}]},{"@type":"WebPage","@id":"https:\/\/www.24gliwice.pl\/wiadomosci\/kwalifikacja-wojskowa-obejmie-blisko-1400-osob-z-gliwic-i-z-powiatu-gdzie-musza-sie-stawic-zmiana-lokalizacji\/","url":"https:\/\/www.24gliwice.pl\/wiadomosci\/kwalifikacja-wojskowa-obejmie-blisko-1400-osob-z-gliwic-i-z-powiatu-gdzie-musza-sie-stawic-zmiana-lokalizacji\/","name":"Kwalifikacja wojskowa obejmie blisko 1400 os\u00f3b z Gliwic i z powiatu. Gdzie musz\u0105 si\u0119 stawi\u0107? Zmiana lokalizacji - 24GLIWICE - Portal Gliwice | codziennie nowe informacje","isPartOf":{"@id":"https:\/\/www.24gliwice.pl\/wiadomosci\/#website"},"primaryImageOfPage":{"@id":"https:\/\/www.24gliwice.pl\/wiadomosci\/kwalifikacja-wojskowa-obejmie-blisko-1400-osob-z-gliwic-i-z-powiatu-gdzie-musza-sie-stawic-zmiana-lokalizacji\/#primaryimage"},"image":{"@id":"https:\/\/www.24gliwice.pl\/wiadomosci\/kwalifikacja-wojskowa-obejmie-blisko-1400-osob-z-gliwic-i-z-powiatu-gdzie-musza-sie-stawic-zmiana-lokalizacji\/#primaryimage"},"thumbnailUrl":"https:\/\/www.24gliwice.pl\/wiadomosci\/wp-content\/uploads\/2022\/04\/kwalifikacja-wojskowa.jpg","datePublished":"2023-04-03T04:01:07+00:00","description":"Tegoroczna kwalifikacja wojskowa obejmie oko\u0142o 1,4 tys. os\u00f3b z Gliwic i powiatu. Uwaga: zmieniono lokalizacj\u0119 bada\u0144 - adres to ul. Jasna 31B","breadcrumb":{"@id":"https:\/\/www.24gliwice.pl\/wiadomosci\/kwalifikacja-wojskowa-obejmie-blisko-1400-osob-z-gliwic-i-z-powiatu-gdzie-musza-sie-stawic-zmiana-lokalizacji\/#breadcrumb"},"inLanguage":"pl-PL","potentialAction":[{"@type":"ReadAction","target":["https:\/\/www.24gliwice.pl\/wiadomosci\/kwalifikacja-wojskowa-obejmie-blisko-1400-osob-z-gliwic-i-z-powiatu-gdzie-musza-sie-stawic-zmiana-lokalizacji\/"]}]},{"@type":"ImageObject","inLanguage":"pl-PL","@id":"https:\/\/www.24gliwice.pl\/wiadomosci\/kwalifikacja-wojskowa-obejmie-blisko-1400-osob-z-gliwic-i-z-powiatu-gdzie-musza-sie-stawic-zmiana-lokalizacji\/#primaryimage","url":"https:\/\/www.24gliwice.pl\/wiadomosci\/wp-content\/uploads\/2022\/04\/kwalifikacja-wojskowa.jpg","contentUrl":"https:\/\/www.24gliwice.pl\/wiadomosci\/wp-content\/uploads\/2022\/04\/kwalifikacja-wojskowa.jpg","width":810,"height":457},{"@type":"BreadcrumbList","@id":"https:\/\/www.24gliwice.pl\/wiadomosci\/kwalifikacja-wojskowa-obejmie-blisko-1400-osob-z-gliwic-i-z-powiatu-gdzie-musza-sie-stawic-zmiana-lokalizacji\/#breadcrumb","itemListElement":[{"@type":"ListItem","position":1,"name":"Strona g\u0142\u00f3wna","item":"https:\/\/www.24gliwice.pl\/wiadomosci\/"},{"@type":"ListItem","position":2,"name":"Kwalifikacja wojskowa obejmie blisko 1400 os\u00f3b z Gliwic i z powiatu. Gdzie musz\u0105 si\u0119 stawi\u0107? Zmiana lokalizacji"}]},{"@type":"WebSite","@id":"https:\/\/www.24gliwice.pl\/wiadomosci\/#website","url":"https:\/\/www.24gliwice.pl\/wiadomosci\/","name":"24GLIWICE - Portal Gliwice | codziennie nowe wiadomo\u015bci","description":"Portal Miejski Gliwice","publisher":{"@id":"https:\/\/www.24gliwice.pl\/wiadomosci\/#organization"},"potentialAction":[{"@type":"SearchAction","target":{"@type":"EntryPoint","urlTemplate":"https:\/\/www.24gliwice.pl\/wiadomosci\/?s={search_term_string}"},"query-input":{"@type":"PropertyValueSpecification","valueRequired":true,"valueName":"search_term_string"}}],"inLanguage":"pl-PL"},{"@type":"Organization","@id":"https:\/\/www.24gliwice.pl\/wiadomosci\/#organization","name":"24gliwice","url":"https:\/\/www.24gliwice.pl\/wiadomosci\/","logo":{"@type":"ImageObject","inLanguage":"pl-PL","@id":"https:\/\/www.24gliwice.pl\/wiadomosci\/#\/schema\/logo\/image\/","url":"https:\/\/www.24gliwice.pl\/wiadomosci\/wp-content\/uploads\/2024\/10\/24gliwice-logo-696.jpg","contentUrl":"https:\/\/www.24gliwice.pl\/wiadomosci\/wp-content\/uploads\/2024\/10\/24gliwice-logo-696.jpg","width":696,"height":696,"caption":"24gliwice"},"image":{"@id":"https:\/\/www.24gliwice.pl\/wiadomosci\/#\/schema\/logo\/image\/"},"sameAs":["https:\/\/www.facebook.com\/24gliwice","https:\/\/x.com\/24gliwice","https:\/\/www.youtube.com\/@24gliwice"]},{"@type":"Person","@id":"https:\/\/www.24gliwice.pl\/wiadomosci\/#\/schema\/person\/e42c650edd7f2fa332be3811fb166b6e","name":"\u017baneta Mrozek-Siewierska","image":{"@type":"ImageObject","inLanguage":"pl-PL","@id":"https:\/\/www.24gliwice.pl\/wiadomosci\/wp-content\/uploads\/2021\/11\/Zaneta-M_S-zdjecie-czb-96x96.jpg","url":"https:\/\/www.24gliwice.pl\/wiadomosci\/wp-content\/uploads\/2021\/11\/Zaneta-M_S-zdjecie-czb-96x96.jpg","contentUrl":"https:\/\/www.24gliwice.pl\/wiadomosci\/wp-content\/uploads\/2021\/11\/Zaneta-M_S-zdjecie-czb-96x96.jpg","caption":"\u017baneta Mrozek-Siewierska"},"url":"https:\/\/www.24gliwice.pl\/wiadomosci\/author\/zms\/"}]}},"_links":{"self":[{"href":"https:\/\/www.24gliwice.pl\/wiadomosci\/wp-json\/wp\/v2\/posts\/211938","targetHints":{"allow":["GET"]}}],"collection":[{"href":"https:\/\/www.24gliwice.pl\/wiadomosci\/wp-json\/wp\/v2\/posts"}],"about":[{"href":"https:\/\/www.24gliwice.pl\/wiadomosci\/wp-json\/wp\/v2\/types\/post"}],"author":[{"embeddable":true,"href":"https:\/\/www.24gliwice.pl\/wiadomosci\/wp-json\/wp\/v2\/users\/15"}],"replies":[{"embeddable":true,"href":"https:\/\/www.24gliwice.pl\/wiadomosci\/wp-json\/wp\/v2\/comments?post=211938"}],"version-history":[{"count":12,"href":"https:\/\/www.24gliwice.pl\/wiadomosci\/wp-json\/wp\/v2\/posts\/211938\/revisions"}],"predecessor-version":[{"id":212014,"href":"https:\/\/www.24gliwice.pl\/wiadomosci\/wp-json\/wp\/v2\/posts\/211938\/revisions\/212014"}],"wp:featuredmedia":[{"embeddable":true,"href":"https:\/\/www.24gliwice.pl\/wiadomosci\/wp-json\/wp\/v2\/media\/190420"}],"wp:attachment":[{"href":"https:\/\/www.24gliwice.pl\/wiadomosci\/wp-json\/wp\/v2\/media?parent=211938"}],"wp:term":[{"taxonomy":"category","embeddable":true,"href":"https:\/\/www.24gliwice.pl\/wiadomosci\/wp-json\/wp\/v2\/categories?post=211938"},{"taxonomy":"post_tag","embeddable":true,"href":"https:\/\/www.24gliwice.pl\/wiadomosci\/wp-json\/wp\/v2\/tags?post=211938"}],"curies":[{"name":"wp","href":"https:\/\/api.w.org\/{rel}","templated":true}]}}