{"id":214746,"date":"2023-05-22T06:31:46","date_gmt":"2023-05-22T04:31:46","guid":{"rendered":"https:\/\/www.24gliwice.pl\/wiadomosci\/?p=214746"},"modified":"2023-05-22T02:32:29","modified_gmt":"2023-05-22T00:32:29","slug":"sedziowie-tuleya-zurek-i-juszczyszyn-w-gliwickim-kinie-amok-pokaz-filmowy-i-spotkanie-wstep-wolny","status":"publish","type":"post","link":"https:\/\/www.24gliwice.pl\/wiadomosci\/sedziowie-tuleya-zurek-i-juszczyszyn-w-gliwickim-kinie-amok-pokaz-filmowy-i-spotkanie-wstep-wolny\/","title":{"rendered":"S\u0119dziowie Tuleya, \u017burek i Juszczyszyn w gliwickim kinie AMOK. Pokaz filmowy i spotkanie, wst\u0119p wolny"},"content":{"rendered":"<div class=\"gliwi-a6-nad-leadem-artykulow gliwi-entity-placement\" id=\"gliwi-3684750835\"><div class=\"gliwi-adlabel\"><span style=\"font-size: 9px\">REKLAMA<\/span><\/div><div id=\"gliwi-882166289\" style=\"margin-bottom: 30px;margin-left: auto;margin-right: auto;text-align: center;\"><a data-no-instant=\"1\" href=\"https:\/\/przedszkole.halogen.org.pl\/\" rel=\"noopener\" class=\"a2t-link\" target=\"_blank\" aria-label=\"20260402-ANIMATOR-przedszkole_grafika_750x200\"><img loading=\"lazy\" decoding=\"async\" src=\"https:\/\/www.24gliwice.pl\/wiadomosci\/wp-content\/uploads\/2026\/04\/20260402-ANIMATOR-przedszkole_grafika_750x200.webp\" alt=\"\"  srcset=\"https:\/\/www.24gliwice.pl\/wiadomosci\/wp-content\/uploads\/2026\/04\/20260402-ANIMATOR-przedszkole_grafika_750x200.webp 750w, https:\/\/www.24gliwice.pl\/wiadomosci\/wp-content\/uploads\/2026\/04\/20260402-ANIMATOR-przedszkole_grafika_750x200-410x109.webp 410w\" sizes=\"(max-width: 750px) 100vw, 750px\" class=\"no-lazyload\" width=\"750\" height=\"200\"  style=\"display: inline-block; max-width: 100%; height: auto;\" \/><\/a><\/div><\/div><h2>W kinie AMOK odb\u0119dzie si\u0119 pokaz filmu &#8220;S\u0119dziowie pod presj\u0105&#8221; po\u0142\u0105czony ze spotkaniem z s\u0119dziami. Wst\u0119p na wydarzenie organizowane przez \u015bl\u0105ski oddzia\u0142 stowarzyszenia IUSTITIA jest wolny. <\/h2>\n<p>&nbsp;<br \/>\n<strong>Waldemar \u017burek, Igor Tuleya, Pawe\u0142 Juszczyszyn<\/strong> &#8211; to polscy, niewygodni dla w\u0142adzy s\u0119dziowie, z kt\u00f3rymi b\u0119dzie mo\u017cna porozmawia\u0107 po seansie. Wydarzenie odb\u0119dzie si\u0119 w pi\u0105tek, 26 maja, rozpocz\u0119cie o godzinie 18:00. <\/p>\n<p>&#8211; <em>Opowie\u015b\u0107 o niepokornych s\u0119dziach, kt\u00f3rzy staj\u0105 w obronie Konstytucji oraz tr\u00f3jpodzia\u0142u w\u0142adzy. Jednym z nich jest s\u0119dzia Igor Tuleya, kt\u00f3ry wbrew naciskom wydaje wyroki niekorzystne dla rz\u0105dz\u0105cych. Dla w\u0142adzy jest wrogiem numer jeden; dla protestuj\u0105cych obywateli \u2013 twarz\u0105 s\u0119dziowskiego buntu. W filmie widzimy konsekwencje jego bezkompromisowej postawy, przygl\u0105damy si\u0119, jak polityczna presja wp\u0142ywa na jego \u017cycie. Jednocze\u015bnie jeste\u015bmy \u015bwiadkami niezwyk\u0142ej solidarno\u015bci, kt\u00f3r\u0105 okazuj\u0105 mu zar\u00f3wno s\u0119dziowie, jak i zwykli obywatele<\/em> &#8211; czytamy w zapowiedzi na stronie kina AMOK. <\/p><div class=\"gliwi-a3-w-tresci-artykulow gliwi-entity-placement\" id=\"gliwi-4092318724\"><div class=\"gliwi-adlabel\"><span style=\"font-size: 9px\">REKLAMA<\/span><\/div><div id=\"gliwi-3120263019\" style=\"margin-bottom: 30px;margin-left: auto;margin-right: auto;text-align: center;\"><a data-no-instant=\"1\" href=\"https:\/\/zlobek.halogen.org.pl\/\" rel=\"noopener\" class=\"a2t-link\" target=\"_blank\" aria-label=\"animator-zlobek_750x200\"><img loading=\"lazy\" decoding=\"async\" src=\"https:\/\/www.24gliwice.pl\/wiadomosci\/wp-content\/uploads\/2026\/02\/animator-zlobek_750x200.webp\" alt=\"\"  srcset=\"https:\/\/www.24gliwice.pl\/wiadomosci\/wp-content\/uploads\/2026\/02\/animator-zlobek_750x200.webp 750w, https:\/\/www.24gliwice.pl\/wiadomosci\/wp-content\/uploads\/2026\/02\/animator-zlobek_750x200-410x109.webp 410w\" sizes=\"(max-width: 750px) 100vw, 750px\" class=\"no-lazyload\" width=\"750\" height=\"200\"  style=\"display: inline-block; max-width: 100%; height: auto;\" \/><\/a><\/div><\/div>\n<blockquote><p><em>Tymczasem demonta\u017c pa\u0144stwa prawa ujawnia si\u0119 z ca\u0142\u0105 jaskrawo\u015bci\u0105. Po rozstrzygni\u0119ciu upolitycznionego Trybuna\u0142u Konstytucyjnego w sprawie aborcji przez Polsk\u0119 przetacza si\u0119 najwi\u0119ksza fala demonstracji w historii. S\u0119dziowie wychodz\u0105 na ulice, by stan\u0105\u0107 rami\u0119 w rami\u0119 z obywatelami w obronie praworz\u0105dno\u015bci<\/em> <\/p><\/blockquote>\n<p>&#8211; kontynuuje AMOK.<\/p>\n<p>Pokaz filmowy po\u0142\u0105czony ze spotkaniem organizuje Oddzia\u0142 \u015al\u0105ski Stowarzyszenia S\u0119dzi\u00f3w Polskich IUSTITIA. Film &#8220;S\u0119dziowie pod presj\u0105&#8221; to dokument autorstwa <strong>Kacpra Lisowskiego<\/strong> i <strong>Iwony Harris<\/strong> z Lollipop Films z 2021 roku. <a href=\"https:\/\/www.facebook.com\/events\/6429685483749307\" rel=\"noopener\" target=\"_blank\">Wydarzenie w serwisie facebook.com mo\u017cna znale\u017a\u0107 tutaj.<\/a><\/p>\n<p><iframe loading=\"lazy\" width=\"810\" height=\"455\" src=\"https:\/\/www.youtube.com\/embed\/U1u446cMQ2w\" title=\"YouTube video player\" frameborder=\"0\" allow=\"accelerometer; autoplay; clipboard-write; encrypted-media; gyroscope; picture-in-picture; web-share\" allowfullscreen><\/iframe><\/p>\n<p>(\u017cms)<br \/>\nfot. materia\u0142y organizatora\/scr. youtube.com<\/p>\n<div class=\"gliwi-a5-na-koncu-artykulow gliwi-entity-placement\" id=\"gliwi-1052683006\"><div class=\"gliwi-adlabel\"><span style=\"font-size: 9px\">REKLAMA<\/span><\/div><div id=\"gliwi-2786353506\" style=\"margin-left: auto;margin-right: auto;text-align: center;\"><a data-no-instant=\"1\" href=\"https:\/\/prezeroarenagliwice.pl\/\" rel=\"noopener\" class=\"a2t-link\" target=\"_blank\" aria-label=\"20260309-PREZERO-WIOSNA-D\"><img loading=\"lazy\" decoding=\"async\" src=\"https:\/\/www.24gliwice.pl\/wiadomosci\/wp-content\/uploads\/2026\/03\/20260309-PREZERO-WIOSNA-D.webp\" alt=\"\"  srcset=\"https:\/\/www.24gliwice.pl\/wiadomosci\/wp-content\/uploads\/2026\/03\/20260309-PREZERO-WIOSNA-D.webp 750w, https:\/\/www.24gliwice.pl\/wiadomosci\/wp-content\/uploads\/2026\/03\/20260309-PREZERO-WIOSNA-D-410x109.webp 410w\" sizes=\"(max-width: 750px) 100vw, 750px\" class=\"no-lazyload\" width=\"750\" height=\"200\"  style=\"display: inline-block; max-width: 100%; height: auto;\" \/><\/a><\/div><\/div>","protected":false},"excerpt":{"rendered":"<p>W kinie AMOK odb\u0119dzie si\u0119 pokaz filmu &#8220;S\u0119dziowie pod presj\u0105&#8221; po\u0142\u0105czony ze spotkaniem z s\u0119dziami. Wst\u0119p na wydarzenie organizowane przez \u015bl\u0105ski oddzia\u0142 stowarzyszenia IUSTITIA jest wolny. &nbsp; Waldemar \u017burek, Igor Tuleya, Pawe\u0142 Juszczyszyn &#8211; to polscy, niewygodni dla w\u0142adzy s\u0119dziowie, z kt\u00f3rymi b\u0119dzie mo\u017cna porozmawia\u0107 po seansie. Wydarzenie odb\u0119dzie si\u0119 w pi\u0105tek, 26 maja, rozpocz\u0119cie [&hellip;]<\/p>\n","protected":false},"author":15,"featured_media":214750,"comment_status":"open","ping_status":"closed","sticky":false,"template":"","format":"standard","meta":{"_monsterinsights_skip_tracking":false,"_monsterinsights_sitenote_active":false,"_monsterinsights_sitenote_note":"","_monsterinsights_sitenote_category":0,"footnotes":"","_links_to":"","_links_to_target":""},"categories":[3,6,1],"tags":[4577],"class_list":["post-214746","post","type-post","status-publish","format-standard","has-post-thumbnail","hentry","category-gliwice","category-kultura","category-wszystko","tag-amok"],"yoast_head":"<!-- This site is optimized with the Yoast SEO plugin v27.5 - https:\/\/yoast.com\/product\/yoast-seo-wordpress\/ -->\n<title>S\u0119dziowie Tuleya, \u017burek i Juszczyszyn w gliwickim kinie AMOK. Pokaz filmowy i spotkanie, wst\u0119p wolny - 24GLIWICE - Portal Gliwice | codziennie nowe informacje<\/title>\n<meta name=\"description\" content=\"W kinie Amok odb\u0119dzie si\u0119 pokaz filmu &quot;S\u0119dziowie pod presj\u0105&quot;. Wst\u0119p wolny. Po filmie b\u0119dzie spotkanie z s\u0119dziami niepokornymi wobec w\u0142adz RP\" \/>\n<meta name=\"robots\" content=\"index, follow, max-snippet:-1, max-image-preview:large, max-video-preview:-1\" \/>\n<link rel=\"canonical\" href=\"https:\/\/www.24gliwice.pl\/wiadomosci\/sedziowie-tuleya-zurek-i-juszczyszyn-w-gliwickim-kinie-amok-pokaz-filmowy-i-spotkanie-wstep-wolny\/\" \/>\n<meta property=\"og:locale\" content=\"pl_PL\" \/>\n<meta property=\"og:type\" content=\"article\" \/>\n<meta property=\"og:title\" content=\"S\u0119dziowie Tuleya, \u017burek i Juszczyszyn w gliwickim kinie AMOK. Pokaz filmowy i spotkanie, wst\u0119p wolny - 24GLIWICE - Portal Gliwice | codziennie nowe informacje\" \/>\n<meta property=\"og:description\" content=\"W kinie Amok odb\u0119dzie si\u0119 pokaz filmu &quot;S\u0119dziowie pod presj\u0105&quot;. Wst\u0119p wolny. Po filmie b\u0119dzie spotkanie z s\u0119dziami niepokornymi wobec w\u0142adz RP\" \/>\n<meta property=\"og:url\" content=\"https:\/\/www.24gliwice.pl\/wiadomosci\/sedziowie-tuleya-zurek-i-juszczyszyn-w-gliwickim-kinie-amok-pokaz-filmowy-i-spotkanie-wstep-wolny\/\" \/>\n<meta property=\"og:site_name\" content=\"24GLIWICE - Portal Gliwice | codziennie nowe informacje\" \/>\n<meta property=\"article:publisher\" content=\"https:\/\/www.facebook.com\/24gliwice\" \/>\n<meta property=\"article:published_time\" content=\"2023-05-22T04:31:46+00:00\" \/>\n<meta property=\"og:image\" content=\"https:\/\/www.24gliwice.pl\/wiadomosci\/wp-content\/uploads\/2023\/05\/2023-05-18.jpg\" \/>\n\t<meta property=\"og:image:width\" content=\"810\" \/>\n\t<meta property=\"og:image:height\" content=\"457\" \/>\n\t<meta property=\"og:image:type\" content=\"image\/jpeg\" \/>\n<meta name=\"author\" content=\"\u017baneta Mrozek-Siewierska\" \/>\n<meta name=\"twitter:card\" content=\"summary_large_image\" \/>\n<meta name=\"twitter:creator\" content=\"@24gliwice\" \/>\n<meta name=\"twitter:site\" content=\"@24gliwice\" \/>\n<meta name=\"twitter:label1\" content=\"Napisane przez\" \/>\n\t<meta name=\"twitter:data1\" content=\"\u017baneta Mrozek-Siewierska\" \/>\n\t<meta name=\"twitter:label2\" content=\"Szacowany czas czytania\" \/>\n\t<meta name=\"twitter:data2\" content=\"2 minuty\" \/>\n<script type=\"application\/ld+json\" class=\"yoast-schema-graph\">{\"@context\":\"https:\\\/\\\/schema.org\",\"@graph\":[{\"@type\":\"Article\",\"@id\":\"https:\\\/\\\/www.24gliwice.pl\\\/wiadomosci\\\/sedziowie-tuleya-zurek-i-juszczyszyn-w-gliwickim-kinie-amok-pokaz-filmowy-i-spotkanie-wstep-wolny\\\/#article\",\"isPartOf\":{\"@id\":\"https:\\\/\\\/www.24gliwice.pl\\\/wiadomosci\\\/sedziowie-tuleya-zurek-i-juszczyszyn-w-gliwickim-kinie-amok-pokaz-filmowy-i-spotkanie-wstep-wolny\\\/\"},\"author\":{\"name\":\"\u017baneta Mrozek-Siewierska\",\"@id\":\"https:\\\/\\\/www.24gliwice.pl\\\/wiadomosci\\\/#\\\/schema\\\/person\\\/e42c650edd7f2fa332be3811fb166b6e\"},\"headline\":\"S\u0119dziowie Tuleya, \u017burek i Juszczyszyn w gliwickim kinie AMOK. Pokaz filmowy i spotkanie, wst\u0119p wolny\",\"datePublished\":\"2023-05-22T04:31:46+00:00\",\"mainEntityOfPage\":{\"@id\":\"https:\\\/\\\/www.24gliwice.pl\\\/wiadomosci\\\/sedziowie-tuleya-zurek-i-juszczyszyn-w-gliwickim-kinie-amok-pokaz-filmowy-i-spotkanie-wstep-wolny\\\/\"},\"wordCount\":288,\"commentCount\":0,\"publisher\":{\"@id\":\"https:\\\/\\\/www.24gliwice.pl\\\/wiadomosci\\\/#organization\"},\"image\":{\"@id\":\"https:\\\/\\\/www.24gliwice.pl\\\/wiadomosci\\\/sedziowie-tuleya-zurek-i-juszczyszyn-w-gliwickim-kinie-amok-pokaz-filmowy-i-spotkanie-wstep-wolny\\\/#primaryimage\"},\"thumbnailUrl\":\"https:\\\/\\\/www.24gliwice.pl\\\/wiadomosci\\\/wp-content\\\/uploads\\\/2023\\\/05\\\/2023-05-18.jpg\",\"keywords\":[\"AMOK\"],\"articleSection\":[\"Gliwice\",\"Kultura, wydarzenia, imprezy\",\"Najnowsze wiadomo\u015bci\"],\"inLanguage\":\"pl-PL\",\"potentialAction\":[{\"@type\":\"CommentAction\",\"name\":\"Comment\",\"target\":[\"https:\\\/\\\/www.24gliwice.pl\\\/wiadomosci\\\/sedziowie-tuleya-zurek-i-juszczyszyn-w-gliwickim-kinie-amok-pokaz-filmowy-i-spotkanie-wstep-wolny\\\/#respond\"]}]},{\"@type\":\"WebPage\",\"@id\":\"https:\\\/\\\/www.24gliwice.pl\\\/wiadomosci\\\/sedziowie-tuleya-zurek-i-juszczyszyn-w-gliwickim-kinie-amok-pokaz-filmowy-i-spotkanie-wstep-wolny\\\/\",\"url\":\"https:\\\/\\\/www.24gliwice.pl\\\/wiadomosci\\\/sedziowie-tuleya-zurek-i-juszczyszyn-w-gliwickim-kinie-amok-pokaz-filmowy-i-spotkanie-wstep-wolny\\\/\",\"name\":\"S\u0119dziowie Tuleya, \u017burek i Juszczyszyn w gliwickim kinie AMOK. Pokaz filmowy i spotkanie, wst\u0119p wolny - 24GLIWICE - Portal Gliwice | codziennie nowe informacje\",\"isPartOf\":{\"@id\":\"https:\\\/\\\/www.24gliwice.pl\\\/wiadomosci\\\/#website\"},\"primaryImageOfPage\":{\"@id\":\"https:\\\/\\\/www.24gliwice.pl\\\/wiadomosci\\\/sedziowie-tuleya-zurek-i-juszczyszyn-w-gliwickim-kinie-amok-pokaz-filmowy-i-spotkanie-wstep-wolny\\\/#primaryimage\"},\"image\":{\"@id\":\"https:\\\/\\\/www.24gliwice.pl\\\/wiadomosci\\\/sedziowie-tuleya-zurek-i-juszczyszyn-w-gliwickim-kinie-amok-pokaz-filmowy-i-spotkanie-wstep-wolny\\\/#primaryimage\"},\"thumbnailUrl\":\"https:\\\/\\\/www.24gliwice.pl\\\/wiadomosci\\\/wp-content\\\/uploads\\\/2023\\\/05\\\/2023-05-18.jpg\",\"datePublished\":\"2023-05-22T04:31:46+00:00\",\"description\":\"W kinie Amok odb\u0119dzie si\u0119 pokaz filmu \\\"S\u0119dziowie pod presj\u0105\\\". Wst\u0119p wolny. Po filmie b\u0119dzie spotkanie z s\u0119dziami niepokornymi wobec w\u0142adz RP\",\"breadcrumb\":{\"@id\":\"https:\\\/\\\/www.24gliwice.pl\\\/wiadomosci\\\/sedziowie-tuleya-zurek-i-juszczyszyn-w-gliwickim-kinie-amok-pokaz-filmowy-i-spotkanie-wstep-wolny\\\/#breadcrumb\"},\"inLanguage\":\"pl-PL\",\"potentialAction\":[{\"@type\":\"ReadAction\",\"target\":[\"https:\\\/\\\/www.24gliwice.pl\\\/wiadomosci\\\/sedziowie-tuleya-zurek-i-juszczyszyn-w-gliwickim-kinie-amok-pokaz-filmowy-i-spotkanie-wstep-wolny\\\/\"]}]},{\"@type\":\"ImageObject\",\"inLanguage\":\"pl-PL\",\"@id\":\"https:\\\/\\\/www.24gliwice.pl\\\/wiadomosci\\\/sedziowie-tuleya-zurek-i-juszczyszyn-w-gliwickim-kinie-amok-pokaz-filmowy-i-spotkanie-wstep-wolny\\\/#primaryimage\",\"url\":\"https:\\\/\\\/www.24gliwice.pl\\\/wiadomosci\\\/wp-content\\\/uploads\\\/2023\\\/05\\\/2023-05-18.jpg\",\"contentUrl\":\"https:\\\/\\\/www.24gliwice.pl\\\/wiadomosci\\\/wp-content\\\/uploads\\\/2023\\\/05\\\/2023-05-18.jpg\",\"width\":810,\"height\":457},{\"@type\":\"BreadcrumbList\",\"@id\":\"https:\\\/\\\/www.24gliwice.pl\\\/wiadomosci\\\/sedziowie-tuleya-zurek-i-juszczyszyn-w-gliwickim-kinie-amok-pokaz-filmowy-i-spotkanie-wstep-wolny\\\/#breadcrumb\",\"itemListElement\":[{\"@type\":\"ListItem\",\"position\":1,\"name\":\"Strona g\u0142\u00f3wna\",\"item\":\"https:\\\/\\\/www.24gliwice.pl\\\/wiadomosci\\\/\"},{\"@type\":\"ListItem\",\"position\":2,\"name\":\"S\u0119dziowie Tuleya, \u017burek i Juszczyszyn w gliwickim kinie AMOK. Pokaz filmowy i spotkanie, wst\u0119p wolny\"}]},{\"@type\":\"WebSite\",\"@id\":\"https:\\\/\\\/www.24gliwice.pl\\\/wiadomosci\\\/#website\",\"url\":\"https:\\\/\\\/www.24gliwice.pl\\\/wiadomosci\\\/\",\"name\":\"24GLIWICE - Portal Gliwice | codziennie nowe wiadomo\u015bci\",\"description\":\"Portal Miejski Gliwice\",\"publisher\":{\"@id\":\"https:\\\/\\\/www.24gliwice.pl\\\/wiadomosci\\\/#organization\"},\"potentialAction\":[{\"@type\":\"SearchAction\",\"target\":{\"@type\":\"EntryPoint\",\"urlTemplate\":\"https:\\\/\\\/www.24gliwice.pl\\\/wiadomosci\\\/?s={search_term_string}\"},\"query-input\":{\"@type\":\"PropertyValueSpecification\",\"valueRequired\":true,\"valueName\":\"search_term_string\"}}],\"inLanguage\":\"pl-PL\"},{\"@type\":\"Organization\",\"@id\":\"https:\\\/\\\/www.24gliwice.pl\\\/wiadomosci\\\/#organization\",\"name\":\"24gliwice\",\"url\":\"https:\\\/\\\/www.24gliwice.pl\\\/wiadomosci\\\/\",\"logo\":{\"@type\":\"ImageObject\",\"inLanguage\":\"pl-PL\",\"@id\":\"https:\\\/\\\/www.24gliwice.pl\\\/wiadomosci\\\/#\\\/schema\\\/logo\\\/image\\\/\",\"url\":\"https:\\\/\\\/www.24gliwice.pl\\\/wiadomosci\\\/wp-content\\\/uploads\\\/2024\\\/10\\\/24gliwice-logo-696.jpg\",\"contentUrl\":\"https:\\\/\\\/www.24gliwice.pl\\\/wiadomosci\\\/wp-content\\\/uploads\\\/2024\\\/10\\\/24gliwice-logo-696.jpg\",\"width\":696,\"height\":696,\"caption\":\"24gliwice\"},\"image\":{\"@id\":\"https:\\\/\\\/www.24gliwice.pl\\\/wiadomosci\\\/#\\\/schema\\\/logo\\\/image\\\/\"},\"sameAs\":[\"https:\\\/\\\/www.facebook.com\\\/24gliwice\",\"https:\\\/\\\/x.com\\\/24gliwice\",\"https:\\\/\\\/www.youtube.com\\\/@24gliwice\"]},{\"@type\":\"Person\",\"@id\":\"https:\\\/\\\/www.24gliwice.pl\\\/wiadomosci\\\/#\\\/schema\\\/person\\\/e42c650edd7f2fa332be3811fb166b6e\",\"name\":\"\u017baneta Mrozek-Siewierska\",\"image\":{\"@type\":\"ImageObject\",\"inLanguage\":\"pl-PL\",\"@id\":\"https:\\\/\\\/secure.gravatar.com\\\/avatar\\\/1881429e9c64597c77ad7aef2d0a19be69a3253e57534d16aa15bf3a4d34a0a3?s=96&d=mm&r=g\",\"url\":\"https:\\\/\\\/secure.gravatar.com\\\/avatar\\\/1881429e9c64597c77ad7aef2d0a19be69a3253e57534d16aa15bf3a4d34a0a3?s=96&d=mm&r=g\",\"contentUrl\":\"https:\\\/\\\/secure.gravatar.com\\\/avatar\\\/1881429e9c64597c77ad7aef2d0a19be69a3253e57534d16aa15bf3a4d34a0a3?s=96&d=mm&r=g\",\"caption\":\"\u017baneta Mrozek-Siewierska\"},\"url\":\"https:\\\/\\\/www.24gliwice.pl\\\/wiadomosci\\\/author\\\/zms\\\/\"}]}<\/script>\n<!-- \/ Yoast SEO plugin. -->","yoast_head_json":{"title":"S\u0119dziowie Tuleya, \u017burek i Juszczyszyn w gliwickim kinie AMOK. Pokaz filmowy i spotkanie, wst\u0119p wolny - 24GLIWICE - Portal Gliwice | codziennie nowe informacje","description":"W kinie Amok odb\u0119dzie si\u0119 pokaz filmu \"S\u0119dziowie pod presj\u0105\". Wst\u0119p wolny. Po filmie b\u0119dzie spotkanie z s\u0119dziami niepokornymi wobec w\u0142adz RP","robots":{"index":"index","follow":"follow","max-snippet":"max-snippet:-1","max-image-preview":"max-image-preview:large","max-video-preview":"max-video-preview:-1"},"canonical":"https:\/\/www.24gliwice.pl\/wiadomosci\/sedziowie-tuleya-zurek-i-juszczyszyn-w-gliwickim-kinie-amok-pokaz-filmowy-i-spotkanie-wstep-wolny\/","og_locale":"pl_PL","og_type":"article","og_title":"S\u0119dziowie Tuleya, \u017burek i Juszczyszyn w gliwickim kinie AMOK. Pokaz filmowy i spotkanie, wst\u0119p wolny - 24GLIWICE - Portal Gliwice | codziennie nowe informacje","og_description":"W kinie Amok odb\u0119dzie si\u0119 pokaz filmu \"S\u0119dziowie pod presj\u0105\". Wst\u0119p wolny. Po filmie b\u0119dzie spotkanie z s\u0119dziami niepokornymi wobec w\u0142adz RP","og_url":"https:\/\/www.24gliwice.pl\/wiadomosci\/sedziowie-tuleya-zurek-i-juszczyszyn-w-gliwickim-kinie-amok-pokaz-filmowy-i-spotkanie-wstep-wolny\/","og_site_name":"24GLIWICE - Portal Gliwice | codziennie nowe informacje","article_publisher":"https:\/\/www.facebook.com\/24gliwice","article_published_time":"2023-05-22T04:31:46+00:00","og_image":[{"width":810,"height":457,"url":"https:\/\/www.24gliwice.pl\/wiadomosci\/wp-content\/uploads\/2023\/05\/2023-05-18.jpg","type":"image\/jpeg"}],"author":"\u017baneta Mrozek-Siewierska","twitter_card":"summary_large_image","twitter_creator":"@24gliwice","twitter_site":"@24gliwice","twitter_misc":{"Napisane przez":"\u017baneta Mrozek-Siewierska","Szacowany czas czytania":"2 minuty"},"schema":{"@context":"https:\/\/schema.org","@graph":[{"@type":"Article","@id":"https:\/\/www.24gliwice.pl\/wiadomosci\/sedziowie-tuleya-zurek-i-juszczyszyn-w-gliwickim-kinie-amok-pokaz-filmowy-i-spotkanie-wstep-wolny\/#article","isPartOf":{"@id":"https:\/\/www.24gliwice.pl\/wiadomosci\/sedziowie-tuleya-zurek-i-juszczyszyn-w-gliwickim-kinie-amok-pokaz-filmowy-i-spotkanie-wstep-wolny\/"},"author":{"name":"\u017baneta Mrozek-Siewierska","@id":"https:\/\/www.24gliwice.pl\/wiadomosci\/#\/schema\/person\/e42c650edd7f2fa332be3811fb166b6e"},"headline":"S\u0119dziowie Tuleya, \u017burek i Juszczyszyn w gliwickim kinie AMOK. Pokaz filmowy i spotkanie, wst\u0119p wolny","datePublished":"2023-05-22T04:31:46+00:00","mainEntityOfPage":{"@id":"https:\/\/www.24gliwice.pl\/wiadomosci\/sedziowie-tuleya-zurek-i-juszczyszyn-w-gliwickim-kinie-amok-pokaz-filmowy-i-spotkanie-wstep-wolny\/"},"wordCount":288,"commentCount":0,"publisher":{"@id":"https:\/\/www.24gliwice.pl\/wiadomosci\/#organization"},"image":{"@id":"https:\/\/www.24gliwice.pl\/wiadomosci\/sedziowie-tuleya-zurek-i-juszczyszyn-w-gliwickim-kinie-amok-pokaz-filmowy-i-spotkanie-wstep-wolny\/#primaryimage"},"thumbnailUrl":"https:\/\/www.24gliwice.pl\/wiadomosci\/wp-content\/uploads\/2023\/05\/2023-05-18.jpg","keywords":["AMOK"],"articleSection":["Gliwice","Kultura, wydarzenia, imprezy","Najnowsze wiadomo\u015bci"],"inLanguage":"pl-PL","potentialAction":[{"@type":"CommentAction","name":"Comment","target":["https:\/\/www.24gliwice.pl\/wiadomosci\/sedziowie-tuleya-zurek-i-juszczyszyn-w-gliwickim-kinie-amok-pokaz-filmowy-i-spotkanie-wstep-wolny\/#respond"]}]},{"@type":"WebPage","@id":"https:\/\/www.24gliwice.pl\/wiadomosci\/sedziowie-tuleya-zurek-i-juszczyszyn-w-gliwickim-kinie-amok-pokaz-filmowy-i-spotkanie-wstep-wolny\/","url":"https:\/\/www.24gliwice.pl\/wiadomosci\/sedziowie-tuleya-zurek-i-juszczyszyn-w-gliwickim-kinie-amok-pokaz-filmowy-i-spotkanie-wstep-wolny\/","name":"S\u0119dziowie Tuleya, \u017burek i Juszczyszyn w gliwickim kinie AMOK. Pokaz filmowy i spotkanie, wst\u0119p wolny - 24GLIWICE - Portal Gliwice | codziennie nowe informacje","isPartOf":{"@id":"https:\/\/www.24gliwice.pl\/wiadomosci\/#website"},"primaryImageOfPage":{"@id":"https:\/\/www.24gliwice.pl\/wiadomosci\/sedziowie-tuleya-zurek-i-juszczyszyn-w-gliwickim-kinie-amok-pokaz-filmowy-i-spotkanie-wstep-wolny\/#primaryimage"},"image":{"@id":"https:\/\/www.24gliwice.pl\/wiadomosci\/sedziowie-tuleya-zurek-i-juszczyszyn-w-gliwickim-kinie-amok-pokaz-filmowy-i-spotkanie-wstep-wolny\/#primaryimage"},"thumbnailUrl":"https:\/\/www.24gliwice.pl\/wiadomosci\/wp-content\/uploads\/2023\/05\/2023-05-18.jpg","datePublished":"2023-05-22T04:31:46+00:00","description":"W kinie Amok odb\u0119dzie si\u0119 pokaz filmu \"S\u0119dziowie pod presj\u0105\". Wst\u0119p wolny. Po filmie b\u0119dzie spotkanie z s\u0119dziami niepokornymi wobec w\u0142adz RP","breadcrumb":{"@id":"https:\/\/www.24gliwice.pl\/wiadomosci\/sedziowie-tuleya-zurek-i-juszczyszyn-w-gliwickim-kinie-amok-pokaz-filmowy-i-spotkanie-wstep-wolny\/#breadcrumb"},"inLanguage":"pl-PL","potentialAction":[{"@type":"ReadAction","target":["https:\/\/www.24gliwice.pl\/wiadomosci\/sedziowie-tuleya-zurek-i-juszczyszyn-w-gliwickim-kinie-amok-pokaz-filmowy-i-spotkanie-wstep-wolny\/"]}]},{"@type":"ImageObject","inLanguage":"pl-PL","@id":"https:\/\/www.24gliwice.pl\/wiadomosci\/sedziowie-tuleya-zurek-i-juszczyszyn-w-gliwickim-kinie-amok-pokaz-filmowy-i-spotkanie-wstep-wolny\/#primaryimage","url":"https:\/\/www.24gliwice.pl\/wiadomosci\/wp-content\/uploads\/2023\/05\/2023-05-18.jpg","contentUrl":"https:\/\/www.24gliwice.pl\/wiadomosci\/wp-content\/uploads\/2023\/05\/2023-05-18.jpg","width":810,"height":457},{"@type":"BreadcrumbList","@id":"https:\/\/www.24gliwice.pl\/wiadomosci\/sedziowie-tuleya-zurek-i-juszczyszyn-w-gliwickim-kinie-amok-pokaz-filmowy-i-spotkanie-wstep-wolny\/#breadcrumb","itemListElement":[{"@type":"ListItem","position":1,"name":"Strona g\u0142\u00f3wna","item":"https:\/\/www.24gliwice.pl\/wiadomosci\/"},{"@type":"ListItem","position":2,"name":"S\u0119dziowie Tuleya, \u017burek i Juszczyszyn w gliwickim kinie AMOK. Pokaz filmowy i spotkanie, wst\u0119p wolny"}]},{"@type":"WebSite","@id":"https:\/\/www.24gliwice.pl\/wiadomosci\/#website","url":"https:\/\/www.24gliwice.pl\/wiadomosci\/","name":"24GLIWICE - Portal Gliwice | codziennie nowe wiadomo\u015bci","description":"Portal Miejski Gliwice","publisher":{"@id":"https:\/\/www.24gliwice.pl\/wiadomosci\/#organization"},"potentialAction":[{"@type":"SearchAction","target":{"@type":"EntryPoint","urlTemplate":"https:\/\/www.24gliwice.pl\/wiadomosci\/?s={search_term_string}"},"query-input":{"@type":"PropertyValueSpecification","valueRequired":true,"valueName":"search_term_string"}}],"inLanguage":"pl-PL"},{"@type":"Organization","@id":"https:\/\/www.24gliwice.pl\/wiadomosci\/#organization","name":"24gliwice","url":"https:\/\/www.24gliwice.pl\/wiadomosci\/","logo":{"@type":"ImageObject","inLanguage":"pl-PL","@id":"https:\/\/www.24gliwice.pl\/wiadomosci\/#\/schema\/logo\/image\/","url":"https:\/\/www.24gliwice.pl\/wiadomosci\/wp-content\/uploads\/2024\/10\/24gliwice-logo-696.jpg","contentUrl":"https:\/\/www.24gliwice.pl\/wiadomosci\/wp-content\/uploads\/2024\/10\/24gliwice-logo-696.jpg","width":696,"height":696,"caption":"24gliwice"},"image":{"@id":"https:\/\/www.24gliwice.pl\/wiadomosci\/#\/schema\/logo\/image\/"},"sameAs":["https:\/\/www.facebook.com\/24gliwice","https:\/\/x.com\/24gliwice","https:\/\/www.youtube.com\/@24gliwice"]},{"@type":"Person","@id":"https:\/\/www.24gliwice.pl\/wiadomosci\/#\/schema\/person\/e42c650edd7f2fa332be3811fb166b6e","name":"\u017baneta Mrozek-Siewierska","image":{"@type":"ImageObject","inLanguage":"pl-PL","@id":"https:\/\/secure.gravatar.com\/avatar\/1881429e9c64597c77ad7aef2d0a19be69a3253e57534d16aa15bf3a4d34a0a3?s=96&d=mm&r=g","url":"https:\/\/secure.gravatar.com\/avatar\/1881429e9c64597c77ad7aef2d0a19be69a3253e57534d16aa15bf3a4d34a0a3?s=96&d=mm&r=g","contentUrl":"https:\/\/secure.gravatar.com\/avatar\/1881429e9c64597c77ad7aef2d0a19be69a3253e57534d16aa15bf3a4d34a0a3?s=96&d=mm&r=g","caption":"\u017baneta Mrozek-Siewierska"},"url":"https:\/\/www.24gliwice.pl\/wiadomosci\/author\/zms\/"}]}},"_links":{"self":[{"href":"https:\/\/www.24gliwice.pl\/wiadomosci\/wp-json\/wp\/v2\/posts\/214746","targetHints":{"allow":["GET"]}}],"collection":[{"href":"https:\/\/www.24gliwice.pl\/wiadomosci\/wp-json\/wp\/v2\/posts"}],"about":[{"href":"https:\/\/www.24gliwice.pl\/wiadomosci\/wp-json\/wp\/v2\/types\/post"}],"author":[{"embeddable":true,"href":"https:\/\/www.24gliwice.pl\/wiadomosci\/wp-json\/wp\/v2\/users\/15"}],"replies":[{"embeddable":true,"href":"https:\/\/www.24gliwice.pl\/wiadomosci\/wp-json\/wp\/v2\/comments?post=214746"}],"version-history":[{"count":0,"href":"https:\/\/www.24gliwice.pl\/wiadomosci\/wp-json\/wp\/v2\/posts\/214746\/revisions"}],"wp:featuredmedia":[{"embeddable":true,"href":"https:\/\/www.24gliwice.pl\/wiadomosci\/wp-json\/wp\/v2\/media\/214750"}],"wp:attachment":[{"href":"https:\/\/www.24gliwice.pl\/wiadomosci\/wp-json\/wp\/v2\/media?parent=214746"}],"wp:term":[{"taxonomy":"category","embeddable":true,"href":"https:\/\/www.24gliwice.pl\/wiadomosci\/wp-json\/wp\/v2\/categories?post=214746"},{"taxonomy":"post_tag","embeddable":true,"href":"https:\/\/www.24gliwice.pl\/wiadomosci\/wp-json\/wp\/v2\/tags?post=214746"}],"curies":[{"name":"wp","href":"https:\/\/api.w.org\/{rel}","templated":true}]}}