{"id":214837,"date":"2023-05-20T03:38:59","date_gmt":"2023-05-20T01:38:59","guid":{"rendered":"https:\/\/www.24gliwice.pl\/wiadomosci\/?p=214837"},"modified":"2023-05-20T03:38:59","modified_gmt":"2023-05-20T01:38:59","slug":"przeszkoda-na-chodniku-zaparkowane-auto-od-kilku-tygodni-blokuje-nowo-wyznaczony-ciag-pieszy","status":"publish","type":"post","link":"https:\/\/www.24gliwice.pl\/wiadomosci\/przeszkoda-na-chodniku-zaparkowane-auto-od-kilku-tygodni-blokuje-nowo-wyznaczony-ciag-pieszy\/","title":{"rendered":"Przeszkoda na chodniku. Zaparkowane auto od kilku tygodni blokuje nowo wyznaczony ci\u0105g pieszy"},"content":{"rendered":"<div class=\"gliwi-a6-nad-leadem-artykulow gliwi-entity-placement\" id=\"gliwi-1306960742\"><div class=\"gliwi-adlabel\"><span style=\"font-size: 9px\">REKLAMA<\/span><\/div><div id=\"gliwi-1062179436\" style=\"margin-bottom: 25px;margin-left: auto;margin-right: auto;text-align: center;\"><a data-no-instant=\"1\" href=\"https:\/\/dom100.eu\/\" rel=\"noopener\" class=\"a2t-link\" target=\"_blank\" aria-label=\"20260415 DOM100 D\"><img loading=\"lazy\" decoding=\"async\" src=\"https:\/\/www.24gliwice.pl\/wiadomosci\/wp-content\/uploads\/2026\/04\/20260415-DOM100-D.jpg\" alt=\"\"  srcset=\"https:\/\/www.24gliwice.pl\/wiadomosci\/wp-content\/uploads\/2026\/04\/20260415-DOM100-D.jpg 750w, https:\/\/www.24gliwice.pl\/wiadomosci\/wp-content\/uploads\/2026\/04\/20260415-DOM100-D-410x109.jpg 410w\" sizes=\"(max-width: 750px) 100vw, 750px\" class=\"no-lazyload\" width=\"750\" height=\"200\"  style=\"display: inline-block; max-width: 100%; height: auto;\" \/><\/a><\/div><\/div><h2>Srebrny ford focus, parkuj\u0105cy tu\u017c przy ogrodzeniu Willi Caro, od ponad 3 tygodni blokuje wyznaczony niedawno ci\u0105g pieszy. Czy drogowcy znaj\u0105 problem i znajd\u0105 jakie\u015b rozwi\u0105zanie?<\/h2>\n<p>&nbsp;<br \/>\nNiedawno <a href=\"https:\/\/www.24gliwice.pl\/wiadomosci\/mniej-miejsc-do-parkowania-w-rejonie-starowki-znikaja-parkingi-wyznaczone-niezgodnie-z-przepisami\/\">zlikwidowano cz\u0119\u015b\u0107 miejsc parkingowych wzd\u0142u\u017c ogrodzenia Willi Caro<\/a>, od strony ulicy Dolnych Wa\u0142\u00f3w. Oznakowaniem pionowym i poziomym wyznaczono trzy stanowiska, gdzie zgodnie z przepisami mo\u017cna pozostawi\u0107 auto. Wcze\u015bniej mog\u0142o tam sta\u0107 nawet 8 pojazd\u00f3w.<\/p>\n<p><a href=\"https:\/\/www.24gliwice.pl\/wiadomosci\/wp-content\/uploads\/2023\/05\/dolnych-walow-parkowanie-willa-caro2-001-1.jpg\"><img loading=\"lazy\" decoding=\"async\" class=\"alignnone size-full wp-image-214908\" src=\"https:\/\/www.24gliwice.pl\/wiadomosci\/wp-content\/uploads\/2023\/05\/dolnych-walow-parkowanie-willa-caro2-001-1.jpg\" alt=\"\" width=\"810\" height=\"456\" srcset=\"https:\/\/www.24gliwice.pl\/wiadomosci\/wp-content\/uploads\/2023\/05\/dolnych-walow-parkowanie-willa-caro2-001-1.jpg 810w, https:\/\/www.24gliwice.pl\/wiadomosci\/wp-content\/uploads\/2023\/05\/dolnych-walow-parkowanie-willa-caro2-001-1-410x232.jpg 410w, https:\/\/www.24gliwice.pl\/wiadomosci\/wp-content\/uploads\/2023\/05\/dolnych-walow-parkowanie-willa-caro2-001-1-808x455.jpg 808w, https:\/\/www.24gliwice.pl\/wiadomosci\/wp-content\/uploads\/2023\/05\/dolnych-walow-parkowanie-willa-caro2-001-1-768x432.jpg 768w\" sizes=\"auto, (max-width: 810px) 100vw, 810px\" \/><\/a><\/p>\n<p>Pozosta\u0142\u0105 przestrze\u0144 zabezpieczono przed parkowaniem s\u0142upkami. Jest te\u017c nowy przebieg ci\u0105gu przeznaczonego dla pieszych, kt\u00f3rzy dot\u0105d poruszali si\u0119 cz\u0119\u015bci\u0105 chodnika przy kraw\u0119dzi jezdni &#8211; teraz maj\u0105 porusza\u0107 si\u0119 wzd\u0142u\u017c p\u0142otu. Na razie jednak musz\u0105 kluczy\u0107 &#8211; najpierw mi\u0119dzy rze\u017ab\u0105 lwa, murkiem okalaj\u0105cym drzewo, by wreszcie obej\u015b\u0107 zaparkowanego tam od dawna forda focusa. Dodajmy &#8211; postawionego &#8220;po staremu&#8221; czyli zderzakiem tu\u017c przy ogrodzeniu.<\/p><div class=\"gliwi-a3-w-tresci-artykulow gliwi-entity-placement\" id=\"gliwi-1380642864\"><div class=\"gliwi-adlabel\"><span style=\"font-size: 9px\">REKLAMA<\/span><\/div><div id=\"gliwi-12455012\" style=\"margin-bottom: 30px;margin-left: auto;margin-right: auto;text-align: center;\"><a data-no-instant=\"1\" href=\"https:\/\/ogrodyandersa.pl\/\" rel=\"noopener\" class=\"a2t-link\" target=\"_blank\" aria-label=\"20260415 Ogrody Andersa KUP TERAZ D\"><img loading=\"lazy\" decoding=\"async\" src=\"https:\/\/www.24gliwice.pl\/wiadomosci\/wp-content\/uploads\/2026\/04\/20260415-Ogrody-Andersa-KUP-TERAZ-D.jpg\" alt=\"\"  srcset=\"https:\/\/www.24gliwice.pl\/wiadomosci\/wp-content\/uploads\/2026\/04\/20260415-Ogrody-Andersa-KUP-TERAZ-D.jpg 750w, https:\/\/www.24gliwice.pl\/wiadomosci\/wp-content\/uploads\/2026\/04\/20260415-Ogrody-Andersa-KUP-TERAZ-D-410x109.jpg 410w\" sizes=\"(max-width: 750px) 100vw, 750px\" class=\"no-lazyload\" width=\"750\" height=\"200\"  style=\"display: inline-block; max-width: 100%; height: auto;\" \/><\/a><\/div><\/div>\n<h4>Samoch\u00f3d ten stoi tam co najmniej od 27 kwietnia, kiedy prowadzono prace przy uporz\u0105dkowaniu miejsc postojowych w tym miejscu.<\/h4>\n<p>Przez zaparkowane auto drogowcy musieli si\u0119 wstrzyma\u0107 z monta\u017cem jednego ze s\u0142upk\u00f3w. W\u0142a\u015bciciel pojazdu dosta\u0142 szans\u0119 na usuni\u0119cie pojazdu &#8220;bez przeszk\u00f3d&#8221;. Samoch\u00f3d jednak wci\u0105\u017c stoi w tym samym miejscu. Pytamy wi\u0119c Zarz\u0105du Dr\u00f3g Miejskich, kt\u00f3ry zleca\u0142 uporz\u0105dkowanie parkingu, czy widzi szans\u0119 na rozwi\u0105zanie tego problemu.<\/p>\n<div id=\"attachment_214909\" style=\"width: 820px\" class=\"wp-caption alignnone\"><a href=\"https:\/\/www.24gliwice.pl\/wiadomosci\/wp-content\/uploads\/2023\/05\/dolnych-walow-001-1.jpg\"><img loading=\"lazy\" decoding=\"async\" aria-describedby=\"caption-attachment-214909\" class=\"wp-image-214909 size-full\" src=\"https:\/\/www.24gliwice.pl\/wiadomosci\/wp-content\/uploads\/2023\/05\/dolnych-walow-001-1.jpg\" alt=\"\" width=\"810\" height=\"456\" srcset=\"https:\/\/www.24gliwice.pl\/wiadomosci\/wp-content\/uploads\/2023\/05\/dolnych-walow-001-1.jpg 810w, https:\/\/www.24gliwice.pl\/wiadomosci\/wp-content\/uploads\/2023\/05\/dolnych-walow-001-1-410x232.jpg 410w, https:\/\/www.24gliwice.pl\/wiadomosci\/wp-content\/uploads\/2023\/05\/dolnych-walow-001-1-808x455.jpg 808w, https:\/\/www.24gliwice.pl\/wiadomosci\/wp-content\/uploads\/2023\/05\/dolnych-walow-001-1-768x432.jpg 768w\" sizes=\"auto, (max-width: 810px) 100vw, 810px\" \/><\/a><p id=\"caption-attachment-214909\" class=\"wp-caption-text\">Ju\u017c 27 kwietnia, kiedy wprowadzano now\u0105 organizacj\u0119 parkowania w tym miejscu, ford sta\u0142 tam zaparkowany<\/p><\/div>\n<p>&#8211; <em>Sprawa parkowania forda jest nam znana. ZDM przes\u0142a\u0142 zg\u0142oszenie w tej sprawie do Stra\u017cy Miejskiej. Po odje\u017adzie pojazdu lub jego usuni\u0119ciu s\u0142upek zostanie zamontowany<\/em> &#8211; informuje <strong>Jadwiga Jagie\u0142\u0142o-Stiborska<\/strong>, rzeczniczka ZDM Gliwice.<\/p>\n<h4>Kiedy pojazd zostanie usuni\u0119ty przez funkcjonariuszy Stra\u017cy Miejskiej?<\/h4>\n<p>W\u0142a\u015bciciel focusa powinien si\u0119 pospieszy\u0107 &#8211; lepiej zabra\u0107 swoje auto osobi\u015bcie, ani\u017celi p\u00f3\u017aniej odbiera\u0107 je z p\u0142atnego parkingu i pokrywa\u0107 koszty jego holowania i przechowywania.<\/p>\n<p>Zgodnie z zapisami ustawy z dnia 20 czerwca 1997 r. Prawo o ruchu drogowym art. 130a ust. 1 pojazd jest usuwany z drogi na koszt w\u0142a\u015bciciela w przypadku:<\/p>\n<ul>\n<li>Pozostawienia pojazdu w miejscu, gdzie jest to zabronione i <strong>utrudnia ruch<\/strong> lub w inny spos\u00f3b zagra\u017ca bezpiecze\u0144stwu.<\/li>\n<li>Pozostawienia pojazdu nieoznakowanego kart\u0105 parkingow\u0105, w miejscu przeznaczonym dla pojazdu osoby niepe\u0142nosprawnej o obni\u017conej sprawno\u015bci ruchowej.<\/li>\n<li>Pozostawienia pojazdu w miejscu obowi\u0105zywania znaku wskazuj\u0105cego, \u017ce zaparkowany pojazd zostanie usuni\u0119ty na koszt w\u0142a\u015bciciela.<\/li>\n<\/ul>\n<p><a href=\"https:\/\/www.24gliwice.pl\/wiadomosci\/wp-content\/uploads\/2023\/05\/ford-focus-willa-caro-dolnych-walow-18-maja-001.jpg\"><img loading=\"lazy\" decoding=\"async\" class=\"alignnone size-full wp-image-214906\" src=\"https:\/\/www.24gliwice.pl\/wiadomosci\/wp-content\/uploads\/2023\/05\/ford-focus-willa-caro-dolnych-walow-18-maja-001.jpg\" alt=\"\" width=\"810\" height=\"456\" srcset=\"https:\/\/www.24gliwice.pl\/wiadomosci\/wp-content\/uploads\/2023\/05\/ford-focus-willa-caro-dolnych-walow-18-maja-001.jpg 810w, https:\/\/www.24gliwice.pl\/wiadomosci\/wp-content\/uploads\/2023\/05\/ford-focus-willa-caro-dolnych-walow-18-maja-001-410x232.jpg 410w, https:\/\/www.24gliwice.pl\/wiadomosci\/wp-content\/uploads\/2023\/05\/ford-focus-willa-caro-dolnych-walow-18-maja-001-808x455.jpg 808w, https:\/\/www.24gliwice.pl\/wiadomosci\/wp-content\/uploads\/2023\/05\/ford-focus-willa-caro-dolnych-walow-18-maja-001-768x432.jpg 768w\" sizes=\"auto, (max-width: 810px) 100vw, 810px\" \/><\/a><\/p>\n<p><a href=\"https:\/\/www.24gliwice.pl\/wiadomosci\/wp-content\/uploads\/2023\/05\/ford-focus-willa-caro-dolnych-walow-001.jpg\"><img loading=\"lazy\" decoding=\"async\" class=\"alignnone size-full wp-image-214907\" src=\"https:\/\/www.24gliwice.pl\/wiadomosci\/wp-content\/uploads\/2023\/05\/ford-focus-willa-caro-dolnych-walow-001.jpg\" alt=\"\" width=\"810\" height=\"456\" srcset=\"https:\/\/www.24gliwice.pl\/wiadomosci\/wp-content\/uploads\/2023\/05\/ford-focus-willa-caro-dolnych-walow-001.jpg 810w, https:\/\/www.24gliwice.pl\/wiadomosci\/wp-content\/uploads\/2023\/05\/ford-focus-willa-caro-dolnych-walow-001-410x232.jpg 410w, https:\/\/www.24gliwice.pl\/wiadomosci\/wp-content\/uploads\/2023\/05\/ford-focus-willa-caro-dolnych-walow-001-808x455.jpg 808w, https:\/\/www.24gliwice.pl\/wiadomosci\/wp-content\/uploads\/2023\/05\/ford-focus-willa-caro-dolnych-walow-001-768x432.jpg 768w\" sizes=\"auto, (max-width: 810px) 100vw, 810px\" \/><\/a><\/p>\n<p>Je\u015bli chodzi o koszty, to za usuni\u0119cie pojazdu z drogi w przypadkach okre\u015blonych w art. 130a ust. 1-2 ustawy Prawo o ruchu drogowym ustala si\u0119 op\u0142at\u0119 w wysoko\u015bci 459 z\u0142, w przypadku pojazdu o dopuszczalnej masie ca\u0142kowitej do 3,5 tony. Przechowywanie takiego samochodu na parkingu strze\u017conym to wydatek rz\u0119du 46 z\u0142 brutto za ka\u017cd\u0105 kolejn\u0105 dob\u0119. <a href=\"https:\/\/smgliwice.pl\/usuniety-pojazd-co-robic\/\" target=\"_blank\" rel=\"noopener\">Wi\u0119cej informacji na ten temat mo\u017cna znale\u017a\u0107 tutaj. <\/a><\/p>\n<p>(\u017cms)<\/p>\n<div class=\"gliwi-a5-na-koncu-artykulow gliwi-entity-placement\" id=\"gliwi-1980330694\"><div class=\"gliwi-adlabel\"><span style=\"font-size: 9px\">REKLAMA<\/span><\/div><div id=\"gliwi-4186950303\" style=\"margin-left: auto;margin-right: auto;text-align: center;\"><a data-no-instant=\"1\" href=\"https:\/\/prezeroarenagliwice.pl\/\" rel=\"noopener\" class=\"a2t-link\" target=\"_blank\" aria-label=\"20260309-PREZERO-WIOSNA-D\"><img loading=\"lazy\" decoding=\"async\" src=\"https:\/\/www.24gliwice.pl\/wiadomosci\/wp-content\/uploads\/2026\/03\/20260309-PREZERO-WIOSNA-D.webp\" alt=\"\"  srcset=\"https:\/\/www.24gliwice.pl\/wiadomosci\/wp-content\/uploads\/2026\/03\/20260309-PREZERO-WIOSNA-D.webp 750w, https:\/\/www.24gliwice.pl\/wiadomosci\/wp-content\/uploads\/2026\/03\/20260309-PREZERO-WIOSNA-D-410x109.webp 410w\" sizes=\"(max-width: 750px) 100vw, 750px\" class=\"no-lazyload\" width=\"750\" height=\"200\"  style=\"display: inline-block; max-width: 100%; height: auto;\" \/><\/a><\/div><\/div>","protected":false},"excerpt":{"rendered":"<p>Srebrny ford focus, parkuj\u0105cy tu\u017c przy ogrodzeniu Willi Caro, od ponad 3 tygodni blokuje wyznaczony niedawno ci\u0105g pieszy. Czy drogowcy znaj\u0105 problem i znajd\u0105 jakie\u015b rozwi\u0105zanie? &nbsp; Niedawno zlikwidowano cz\u0119\u015b\u0107 miejsc parkingowych wzd\u0142u\u017c ogrodzenia Willi Caro, od strony ulicy Dolnych Wa\u0142\u00f3w. Oznakowaniem pionowym i poziomym wyznaczono trzy stanowiska, gdzie zgodnie z przepisami mo\u017cna pozostawi\u0107 auto. [&hellip;]<\/p>\n","protected":false},"author":15,"featured_media":214905,"comment_status":"open","ping_status":"closed","sticky":false,"template":"","format":"standard","meta":{"_monsterinsights_skip_tracking":false,"_monsterinsights_sitenote_active":false,"_monsterinsights_sitenote_note":"","_monsterinsights_sitenote_category":0,"footnotes":"","_links_to":"","_links_to_target":""},"categories":[3,1,9,5],"tags":[11529],"class_list":["post-214837","post","type-post","status-publish","format-standard","has-post-thumbnail","hentry","category-gliwice","category-wszystko","category-aktualnosci_lokalne","category-kryminalki","tag-blokowanie-chodnika"],"yoast_head":"<!-- This site is optimized with the Yoast SEO plugin v27.5 - https:\/\/yoast.com\/product\/yoast-seo-wordpress\/ -->\n<title>Przeszkoda na chodniku. Zaparkowane auto od kilku tygodni blokuje nowo wyznaczony ci\u0105g pieszy - 24GLIWICE - Portal Gliwice | codziennie nowe informacje<\/title>\n<meta name=\"description\" content=\"Wyznaczono nowy przebieg chodnika dla pieszych przy ul. Dolnych Wa\u0142\u00f3w, ale w poprzek niego nadal parkuje ford, kt\u00f3ry stoi tam od min. 3 tyg.\" \/>\n<meta name=\"robots\" content=\"index, follow, max-snippet:-1, max-image-preview:large, max-video-preview:-1\" \/>\n<link rel=\"canonical\" href=\"https:\/\/www.24gliwice.pl\/wiadomosci\/przeszkoda-na-chodniku-zaparkowane-auto-od-kilku-tygodni-blokuje-nowo-wyznaczony-ciag-pieszy\/\" \/>\n<meta property=\"og:locale\" content=\"pl_PL\" \/>\n<meta property=\"og:type\" content=\"article\" \/>\n<meta property=\"og:title\" content=\"Przeszkoda na chodniku. Zaparkowane auto od kilku tygodni blokuje nowo wyznaczony ci\u0105g pieszy - 24GLIWICE - Portal Gliwice | codziennie nowe informacje\" \/>\n<meta property=\"og:description\" content=\"Wyznaczono nowy przebieg chodnika dla pieszych przy ul. Dolnych Wa\u0142\u00f3w, ale w poprzek niego nadal parkuje ford, kt\u00f3ry stoi tam od min. 3 tyg.\" \/>\n<meta property=\"og:url\" content=\"https:\/\/www.24gliwice.pl\/wiadomosci\/przeszkoda-na-chodniku-zaparkowane-auto-od-kilku-tygodni-blokuje-nowo-wyznaczony-ciag-pieszy\/\" \/>\n<meta property=\"og:site_name\" content=\"24GLIWICE - Portal Gliwice | codziennie nowe informacje\" \/>\n<meta property=\"article:publisher\" content=\"https:\/\/www.facebook.com\/24gliwice\" \/>\n<meta property=\"article:published_time\" content=\"2023-05-20T01:38:59+00:00\" \/>\n<meta property=\"og:image\" content=\"https:\/\/www.24gliwice.pl\/wiadomosci\/wp-content\/uploads\/2023\/05\/ford-focus-willa-caro-dolnych-walow-18-maja-2-001.jpg\" \/>\n\t<meta property=\"og:image:width\" content=\"810\" \/>\n\t<meta property=\"og:image:height\" content=\"456\" \/>\n\t<meta property=\"og:image:type\" content=\"image\/jpeg\" \/>\n<meta name=\"author\" content=\"\u017baneta Mrozek-Siewierska\" \/>\n<meta name=\"twitter:card\" content=\"summary_large_image\" \/>\n<meta name=\"twitter:creator\" content=\"@24gliwice\" \/>\n<meta name=\"twitter:site\" content=\"@24gliwice\" \/>\n<meta name=\"twitter:label1\" content=\"Napisane przez\" \/>\n\t<meta name=\"twitter:data1\" content=\"\u017baneta Mrozek-Siewierska\" \/>\n\t<meta name=\"twitter:label2\" content=\"Szacowany czas czytania\" \/>\n\t<meta name=\"twitter:data2\" content=\"4 minuty\" \/>\n<script type=\"application\/ld+json\" class=\"yoast-schema-graph\">{\"@context\":\"https:\\\/\\\/schema.org\",\"@graph\":[{\"@type\":\"Article\",\"@id\":\"https:\\\/\\\/www.24gliwice.pl\\\/wiadomosci\\\/przeszkoda-na-chodniku-zaparkowane-auto-od-kilku-tygodni-blokuje-nowo-wyznaczony-ciag-pieszy\\\/#article\",\"isPartOf\":{\"@id\":\"https:\\\/\\\/www.24gliwice.pl\\\/wiadomosci\\\/przeszkoda-na-chodniku-zaparkowane-auto-od-kilku-tygodni-blokuje-nowo-wyznaczony-ciag-pieszy\\\/\"},\"author\":{\"name\":\"\u017baneta Mrozek-Siewierska\",\"@id\":\"https:\\\/\\\/www.24gliwice.pl\\\/wiadomosci\\\/#\\\/schema\\\/person\\\/e42c650edd7f2fa332be3811fb166b6e\"},\"headline\":\"Przeszkoda na chodniku. Zaparkowane auto od kilku tygodni blokuje nowo wyznaczony ci\u0105g pieszy\",\"datePublished\":\"2023-05-20T01:38:59+00:00\",\"mainEntityOfPage\":{\"@id\":\"https:\\\/\\\/www.24gliwice.pl\\\/wiadomosci\\\/przeszkoda-na-chodniku-zaparkowane-auto-od-kilku-tygodni-blokuje-nowo-wyznaczony-ciag-pieszy\\\/\"},\"wordCount\":495,\"commentCount\":0,\"publisher\":{\"@id\":\"https:\\\/\\\/www.24gliwice.pl\\\/wiadomosci\\\/#organization\"},\"image\":{\"@id\":\"https:\\\/\\\/www.24gliwice.pl\\\/wiadomosci\\\/przeszkoda-na-chodniku-zaparkowane-auto-od-kilku-tygodni-blokuje-nowo-wyznaczony-ciag-pieszy\\\/#primaryimage\"},\"thumbnailUrl\":\"https:\\\/\\\/www.24gliwice.pl\\\/wiadomosci\\\/wp-content\\\/uploads\\\/2023\\\/05\\\/ford-focus-willa-caro-dolnych-walow-18-maja-2-001.jpg\",\"keywords\":[\"blokowanie chodnika\"],\"articleSection\":[\"Gliwice\",\"Najnowsze wiadomo\u015bci\",\"Portal Gliwice - Wiadomo\u015bci lokalne\",\"Prawo\"],\"inLanguage\":\"pl-PL\",\"potentialAction\":[{\"@type\":\"CommentAction\",\"name\":\"Comment\",\"target\":[\"https:\\\/\\\/www.24gliwice.pl\\\/wiadomosci\\\/przeszkoda-na-chodniku-zaparkowane-auto-od-kilku-tygodni-blokuje-nowo-wyznaczony-ciag-pieszy\\\/#respond\"]}]},{\"@type\":\"WebPage\",\"@id\":\"https:\\\/\\\/www.24gliwice.pl\\\/wiadomosci\\\/przeszkoda-na-chodniku-zaparkowane-auto-od-kilku-tygodni-blokuje-nowo-wyznaczony-ciag-pieszy\\\/\",\"url\":\"https:\\\/\\\/www.24gliwice.pl\\\/wiadomosci\\\/przeszkoda-na-chodniku-zaparkowane-auto-od-kilku-tygodni-blokuje-nowo-wyznaczony-ciag-pieszy\\\/\",\"name\":\"Przeszkoda na chodniku. Zaparkowane auto od kilku tygodni blokuje nowo wyznaczony ci\u0105g pieszy - 24GLIWICE - Portal Gliwice | codziennie nowe informacje\",\"isPartOf\":{\"@id\":\"https:\\\/\\\/www.24gliwice.pl\\\/wiadomosci\\\/#website\"},\"primaryImageOfPage\":{\"@id\":\"https:\\\/\\\/www.24gliwice.pl\\\/wiadomosci\\\/przeszkoda-na-chodniku-zaparkowane-auto-od-kilku-tygodni-blokuje-nowo-wyznaczony-ciag-pieszy\\\/#primaryimage\"},\"image\":{\"@id\":\"https:\\\/\\\/www.24gliwice.pl\\\/wiadomosci\\\/przeszkoda-na-chodniku-zaparkowane-auto-od-kilku-tygodni-blokuje-nowo-wyznaczony-ciag-pieszy\\\/#primaryimage\"},\"thumbnailUrl\":\"https:\\\/\\\/www.24gliwice.pl\\\/wiadomosci\\\/wp-content\\\/uploads\\\/2023\\\/05\\\/ford-focus-willa-caro-dolnych-walow-18-maja-2-001.jpg\",\"datePublished\":\"2023-05-20T01:38:59+00:00\",\"description\":\"Wyznaczono nowy przebieg chodnika dla pieszych przy ul. Dolnych Wa\u0142\u00f3w, ale w poprzek niego nadal parkuje ford, kt\u00f3ry stoi tam od min. 3 tyg.\",\"breadcrumb\":{\"@id\":\"https:\\\/\\\/www.24gliwice.pl\\\/wiadomosci\\\/przeszkoda-na-chodniku-zaparkowane-auto-od-kilku-tygodni-blokuje-nowo-wyznaczony-ciag-pieszy\\\/#breadcrumb\"},\"inLanguage\":\"pl-PL\",\"potentialAction\":[{\"@type\":\"ReadAction\",\"target\":[\"https:\\\/\\\/www.24gliwice.pl\\\/wiadomosci\\\/przeszkoda-na-chodniku-zaparkowane-auto-od-kilku-tygodni-blokuje-nowo-wyznaczony-ciag-pieszy\\\/\"]}]},{\"@type\":\"ImageObject\",\"inLanguage\":\"pl-PL\",\"@id\":\"https:\\\/\\\/www.24gliwice.pl\\\/wiadomosci\\\/przeszkoda-na-chodniku-zaparkowane-auto-od-kilku-tygodni-blokuje-nowo-wyznaczony-ciag-pieszy\\\/#primaryimage\",\"url\":\"https:\\\/\\\/www.24gliwice.pl\\\/wiadomosci\\\/wp-content\\\/uploads\\\/2023\\\/05\\\/ford-focus-willa-caro-dolnych-walow-18-maja-2-001.jpg\",\"contentUrl\":\"https:\\\/\\\/www.24gliwice.pl\\\/wiadomosci\\\/wp-content\\\/uploads\\\/2023\\\/05\\\/ford-focus-willa-caro-dolnych-walow-18-maja-2-001.jpg\",\"width\":810,\"height\":456},{\"@type\":\"BreadcrumbList\",\"@id\":\"https:\\\/\\\/www.24gliwice.pl\\\/wiadomosci\\\/przeszkoda-na-chodniku-zaparkowane-auto-od-kilku-tygodni-blokuje-nowo-wyznaczony-ciag-pieszy\\\/#breadcrumb\",\"itemListElement\":[{\"@type\":\"ListItem\",\"position\":1,\"name\":\"Strona g\u0142\u00f3wna\",\"item\":\"https:\\\/\\\/www.24gliwice.pl\\\/wiadomosci\\\/\"},{\"@type\":\"ListItem\",\"position\":2,\"name\":\"Przeszkoda na chodniku. Zaparkowane auto od kilku tygodni blokuje nowo wyznaczony ci\u0105g pieszy\"}]},{\"@type\":\"WebSite\",\"@id\":\"https:\\\/\\\/www.24gliwice.pl\\\/wiadomosci\\\/#website\",\"url\":\"https:\\\/\\\/www.24gliwice.pl\\\/wiadomosci\\\/\",\"name\":\"24GLIWICE - Portal Gliwice | codziennie nowe wiadomo\u015bci\",\"description\":\"Portal Miejski Gliwice\",\"publisher\":{\"@id\":\"https:\\\/\\\/www.24gliwice.pl\\\/wiadomosci\\\/#organization\"},\"potentialAction\":[{\"@type\":\"SearchAction\",\"target\":{\"@type\":\"EntryPoint\",\"urlTemplate\":\"https:\\\/\\\/www.24gliwice.pl\\\/wiadomosci\\\/?s={search_term_string}\"},\"query-input\":{\"@type\":\"PropertyValueSpecification\",\"valueRequired\":true,\"valueName\":\"search_term_string\"}}],\"inLanguage\":\"pl-PL\"},{\"@type\":\"Organization\",\"@id\":\"https:\\\/\\\/www.24gliwice.pl\\\/wiadomosci\\\/#organization\",\"name\":\"24gliwice\",\"url\":\"https:\\\/\\\/www.24gliwice.pl\\\/wiadomosci\\\/\",\"logo\":{\"@type\":\"ImageObject\",\"inLanguage\":\"pl-PL\",\"@id\":\"https:\\\/\\\/www.24gliwice.pl\\\/wiadomosci\\\/#\\\/schema\\\/logo\\\/image\\\/\",\"url\":\"https:\\\/\\\/www.24gliwice.pl\\\/wiadomosci\\\/wp-content\\\/uploads\\\/2024\\\/10\\\/24gliwice-logo-696.jpg\",\"contentUrl\":\"https:\\\/\\\/www.24gliwice.pl\\\/wiadomosci\\\/wp-content\\\/uploads\\\/2024\\\/10\\\/24gliwice-logo-696.jpg\",\"width\":696,\"height\":696,\"caption\":\"24gliwice\"},\"image\":{\"@id\":\"https:\\\/\\\/www.24gliwice.pl\\\/wiadomosci\\\/#\\\/schema\\\/logo\\\/image\\\/\"},\"sameAs\":[\"https:\\\/\\\/www.facebook.com\\\/24gliwice\",\"https:\\\/\\\/x.com\\\/24gliwice\",\"https:\\\/\\\/www.youtube.com\\\/@24gliwice\"]},{\"@type\":\"Person\",\"@id\":\"https:\\\/\\\/www.24gliwice.pl\\\/wiadomosci\\\/#\\\/schema\\\/person\\\/e42c650edd7f2fa332be3811fb166b6e\",\"name\":\"\u017baneta Mrozek-Siewierska\",\"image\":{\"@type\":\"ImageObject\",\"inLanguage\":\"pl-PL\",\"@id\":\"https:\\\/\\\/secure.gravatar.com\\\/avatar\\\/1881429e9c64597c77ad7aef2d0a19be69a3253e57534d16aa15bf3a4d34a0a3?s=96&d=mm&r=g\",\"url\":\"https:\\\/\\\/secure.gravatar.com\\\/avatar\\\/1881429e9c64597c77ad7aef2d0a19be69a3253e57534d16aa15bf3a4d34a0a3?s=96&d=mm&r=g\",\"contentUrl\":\"https:\\\/\\\/secure.gravatar.com\\\/avatar\\\/1881429e9c64597c77ad7aef2d0a19be69a3253e57534d16aa15bf3a4d34a0a3?s=96&d=mm&r=g\",\"caption\":\"\u017baneta Mrozek-Siewierska\"},\"url\":\"https:\\\/\\\/www.24gliwice.pl\\\/wiadomosci\\\/author\\\/zms\\\/\"}]}<\/script>\n<!-- \/ Yoast SEO plugin. -->","yoast_head_json":{"title":"Przeszkoda na chodniku. Zaparkowane auto od kilku tygodni blokuje nowo wyznaczony ci\u0105g pieszy - 24GLIWICE - Portal Gliwice | codziennie nowe informacje","description":"Wyznaczono nowy przebieg chodnika dla pieszych przy ul. Dolnych Wa\u0142\u00f3w, ale w poprzek niego nadal parkuje ford, kt\u00f3ry stoi tam od min. 3 tyg.","robots":{"index":"index","follow":"follow","max-snippet":"max-snippet:-1","max-image-preview":"max-image-preview:large","max-video-preview":"max-video-preview:-1"},"canonical":"https:\/\/www.24gliwice.pl\/wiadomosci\/przeszkoda-na-chodniku-zaparkowane-auto-od-kilku-tygodni-blokuje-nowo-wyznaczony-ciag-pieszy\/","og_locale":"pl_PL","og_type":"article","og_title":"Przeszkoda na chodniku. Zaparkowane auto od kilku tygodni blokuje nowo wyznaczony ci\u0105g pieszy - 24GLIWICE - Portal Gliwice | codziennie nowe informacje","og_description":"Wyznaczono nowy przebieg chodnika dla pieszych przy ul. Dolnych Wa\u0142\u00f3w, ale w poprzek niego nadal parkuje ford, kt\u00f3ry stoi tam od min. 3 tyg.","og_url":"https:\/\/www.24gliwice.pl\/wiadomosci\/przeszkoda-na-chodniku-zaparkowane-auto-od-kilku-tygodni-blokuje-nowo-wyznaczony-ciag-pieszy\/","og_site_name":"24GLIWICE - Portal Gliwice | codziennie nowe informacje","article_publisher":"https:\/\/www.facebook.com\/24gliwice","article_published_time":"2023-05-20T01:38:59+00:00","og_image":[{"width":810,"height":456,"url":"https:\/\/www.24gliwice.pl\/wiadomosci\/wp-content\/uploads\/2023\/05\/ford-focus-willa-caro-dolnych-walow-18-maja-2-001.jpg","type":"image\/jpeg"}],"author":"\u017baneta Mrozek-Siewierska","twitter_card":"summary_large_image","twitter_creator":"@24gliwice","twitter_site":"@24gliwice","twitter_misc":{"Napisane przez":"\u017baneta Mrozek-Siewierska","Szacowany czas czytania":"4 minuty"},"schema":{"@context":"https:\/\/schema.org","@graph":[{"@type":"Article","@id":"https:\/\/www.24gliwice.pl\/wiadomosci\/przeszkoda-na-chodniku-zaparkowane-auto-od-kilku-tygodni-blokuje-nowo-wyznaczony-ciag-pieszy\/#article","isPartOf":{"@id":"https:\/\/www.24gliwice.pl\/wiadomosci\/przeszkoda-na-chodniku-zaparkowane-auto-od-kilku-tygodni-blokuje-nowo-wyznaczony-ciag-pieszy\/"},"author":{"name":"\u017baneta Mrozek-Siewierska","@id":"https:\/\/www.24gliwice.pl\/wiadomosci\/#\/schema\/person\/e42c650edd7f2fa332be3811fb166b6e"},"headline":"Przeszkoda na chodniku. Zaparkowane auto od kilku tygodni blokuje nowo wyznaczony ci\u0105g pieszy","datePublished":"2023-05-20T01:38:59+00:00","mainEntityOfPage":{"@id":"https:\/\/www.24gliwice.pl\/wiadomosci\/przeszkoda-na-chodniku-zaparkowane-auto-od-kilku-tygodni-blokuje-nowo-wyznaczony-ciag-pieszy\/"},"wordCount":495,"commentCount":0,"publisher":{"@id":"https:\/\/www.24gliwice.pl\/wiadomosci\/#organization"},"image":{"@id":"https:\/\/www.24gliwice.pl\/wiadomosci\/przeszkoda-na-chodniku-zaparkowane-auto-od-kilku-tygodni-blokuje-nowo-wyznaczony-ciag-pieszy\/#primaryimage"},"thumbnailUrl":"https:\/\/www.24gliwice.pl\/wiadomosci\/wp-content\/uploads\/2023\/05\/ford-focus-willa-caro-dolnych-walow-18-maja-2-001.jpg","keywords":["blokowanie chodnika"],"articleSection":["Gliwice","Najnowsze wiadomo\u015bci","Portal Gliwice - Wiadomo\u015bci lokalne","Prawo"],"inLanguage":"pl-PL","potentialAction":[{"@type":"CommentAction","name":"Comment","target":["https:\/\/www.24gliwice.pl\/wiadomosci\/przeszkoda-na-chodniku-zaparkowane-auto-od-kilku-tygodni-blokuje-nowo-wyznaczony-ciag-pieszy\/#respond"]}]},{"@type":"WebPage","@id":"https:\/\/www.24gliwice.pl\/wiadomosci\/przeszkoda-na-chodniku-zaparkowane-auto-od-kilku-tygodni-blokuje-nowo-wyznaczony-ciag-pieszy\/","url":"https:\/\/www.24gliwice.pl\/wiadomosci\/przeszkoda-na-chodniku-zaparkowane-auto-od-kilku-tygodni-blokuje-nowo-wyznaczony-ciag-pieszy\/","name":"Przeszkoda na chodniku. Zaparkowane auto od kilku tygodni blokuje nowo wyznaczony ci\u0105g pieszy - 24GLIWICE - Portal Gliwice | codziennie nowe informacje","isPartOf":{"@id":"https:\/\/www.24gliwice.pl\/wiadomosci\/#website"},"primaryImageOfPage":{"@id":"https:\/\/www.24gliwice.pl\/wiadomosci\/przeszkoda-na-chodniku-zaparkowane-auto-od-kilku-tygodni-blokuje-nowo-wyznaczony-ciag-pieszy\/#primaryimage"},"image":{"@id":"https:\/\/www.24gliwice.pl\/wiadomosci\/przeszkoda-na-chodniku-zaparkowane-auto-od-kilku-tygodni-blokuje-nowo-wyznaczony-ciag-pieszy\/#primaryimage"},"thumbnailUrl":"https:\/\/www.24gliwice.pl\/wiadomosci\/wp-content\/uploads\/2023\/05\/ford-focus-willa-caro-dolnych-walow-18-maja-2-001.jpg","datePublished":"2023-05-20T01:38:59+00:00","description":"Wyznaczono nowy przebieg chodnika dla pieszych przy ul. Dolnych Wa\u0142\u00f3w, ale w poprzek niego nadal parkuje ford, kt\u00f3ry stoi tam od min. 3 tyg.","breadcrumb":{"@id":"https:\/\/www.24gliwice.pl\/wiadomosci\/przeszkoda-na-chodniku-zaparkowane-auto-od-kilku-tygodni-blokuje-nowo-wyznaczony-ciag-pieszy\/#breadcrumb"},"inLanguage":"pl-PL","potentialAction":[{"@type":"ReadAction","target":["https:\/\/www.24gliwice.pl\/wiadomosci\/przeszkoda-na-chodniku-zaparkowane-auto-od-kilku-tygodni-blokuje-nowo-wyznaczony-ciag-pieszy\/"]}]},{"@type":"ImageObject","inLanguage":"pl-PL","@id":"https:\/\/www.24gliwice.pl\/wiadomosci\/przeszkoda-na-chodniku-zaparkowane-auto-od-kilku-tygodni-blokuje-nowo-wyznaczony-ciag-pieszy\/#primaryimage","url":"https:\/\/www.24gliwice.pl\/wiadomosci\/wp-content\/uploads\/2023\/05\/ford-focus-willa-caro-dolnych-walow-18-maja-2-001.jpg","contentUrl":"https:\/\/www.24gliwice.pl\/wiadomosci\/wp-content\/uploads\/2023\/05\/ford-focus-willa-caro-dolnych-walow-18-maja-2-001.jpg","width":810,"height":456},{"@type":"BreadcrumbList","@id":"https:\/\/www.24gliwice.pl\/wiadomosci\/przeszkoda-na-chodniku-zaparkowane-auto-od-kilku-tygodni-blokuje-nowo-wyznaczony-ciag-pieszy\/#breadcrumb","itemListElement":[{"@type":"ListItem","position":1,"name":"Strona g\u0142\u00f3wna","item":"https:\/\/www.24gliwice.pl\/wiadomosci\/"},{"@type":"ListItem","position":2,"name":"Przeszkoda na chodniku. Zaparkowane auto od kilku tygodni blokuje nowo wyznaczony ci\u0105g pieszy"}]},{"@type":"WebSite","@id":"https:\/\/www.24gliwice.pl\/wiadomosci\/#website","url":"https:\/\/www.24gliwice.pl\/wiadomosci\/","name":"24GLIWICE - Portal Gliwice | codziennie nowe wiadomo\u015bci","description":"Portal Miejski Gliwice","publisher":{"@id":"https:\/\/www.24gliwice.pl\/wiadomosci\/#organization"},"potentialAction":[{"@type":"SearchAction","target":{"@type":"EntryPoint","urlTemplate":"https:\/\/www.24gliwice.pl\/wiadomosci\/?s={search_term_string}"},"query-input":{"@type":"PropertyValueSpecification","valueRequired":true,"valueName":"search_term_string"}}],"inLanguage":"pl-PL"},{"@type":"Organization","@id":"https:\/\/www.24gliwice.pl\/wiadomosci\/#organization","name":"24gliwice","url":"https:\/\/www.24gliwice.pl\/wiadomosci\/","logo":{"@type":"ImageObject","inLanguage":"pl-PL","@id":"https:\/\/www.24gliwice.pl\/wiadomosci\/#\/schema\/logo\/image\/","url":"https:\/\/www.24gliwice.pl\/wiadomosci\/wp-content\/uploads\/2024\/10\/24gliwice-logo-696.jpg","contentUrl":"https:\/\/www.24gliwice.pl\/wiadomosci\/wp-content\/uploads\/2024\/10\/24gliwice-logo-696.jpg","width":696,"height":696,"caption":"24gliwice"},"image":{"@id":"https:\/\/www.24gliwice.pl\/wiadomosci\/#\/schema\/logo\/image\/"},"sameAs":["https:\/\/www.facebook.com\/24gliwice","https:\/\/x.com\/24gliwice","https:\/\/www.youtube.com\/@24gliwice"]},{"@type":"Person","@id":"https:\/\/www.24gliwice.pl\/wiadomosci\/#\/schema\/person\/e42c650edd7f2fa332be3811fb166b6e","name":"\u017baneta Mrozek-Siewierska","image":{"@type":"ImageObject","inLanguage":"pl-PL","@id":"https:\/\/secure.gravatar.com\/avatar\/1881429e9c64597c77ad7aef2d0a19be69a3253e57534d16aa15bf3a4d34a0a3?s=96&d=mm&r=g","url":"https:\/\/secure.gravatar.com\/avatar\/1881429e9c64597c77ad7aef2d0a19be69a3253e57534d16aa15bf3a4d34a0a3?s=96&d=mm&r=g","contentUrl":"https:\/\/secure.gravatar.com\/avatar\/1881429e9c64597c77ad7aef2d0a19be69a3253e57534d16aa15bf3a4d34a0a3?s=96&d=mm&r=g","caption":"\u017baneta Mrozek-Siewierska"},"url":"https:\/\/www.24gliwice.pl\/wiadomosci\/author\/zms\/"}]}},"_links":{"self":[{"href":"https:\/\/www.24gliwice.pl\/wiadomosci\/wp-json\/wp\/v2\/posts\/214837","targetHints":{"allow":["GET"]}}],"collection":[{"href":"https:\/\/www.24gliwice.pl\/wiadomosci\/wp-json\/wp\/v2\/posts"}],"about":[{"href":"https:\/\/www.24gliwice.pl\/wiadomosci\/wp-json\/wp\/v2\/types\/post"}],"author":[{"embeddable":true,"href":"https:\/\/www.24gliwice.pl\/wiadomosci\/wp-json\/wp\/v2\/users\/15"}],"replies":[{"embeddable":true,"href":"https:\/\/www.24gliwice.pl\/wiadomosci\/wp-json\/wp\/v2\/comments?post=214837"}],"version-history":[{"count":0,"href":"https:\/\/www.24gliwice.pl\/wiadomosci\/wp-json\/wp\/v2\/posts\/214837\/revisions"}],"wp:featuredmedia":[{"embeddable":true,"href":"https:\/\/www.24gliwice.pl\/wiadomosci\/wp-json\/wp\/v2\/media\/214905"}],"wp:attachment":[{"href":"https:\/\/www.24gliwice.pl\/wiadomosci\/wp-json\/wp\/v2\/media?parent=214837"}],"wp:term":[{"taxonomy":"category","embeddable":true,"href":"https:\/\/www.24gliwice.pl\/wiadomosci\/wp-json\/wp\/v2\/categories?post=214837"},{"taxonomy":"post_tag","embeddable":true,"href":"https:\/\/www.24gliwice.pl\/wiadomosci\/wp-json\/wp\/v2\/tags?post=214837"}],"curies":[{"name":"wp","href":"https:\/\/api.w.org\/{rel}","templated":true}]}}