{"id":214954,"date":"2023-05-23T00:52:43","date_gmt":"2023-05-22T22:52:43","guid":{"rendered":"https:\/\/www.24gliwice.pl\/wiadomosci\/?p=214954"},"modified":"2023-05-23T12:04:23","modified_gmt":"2023-05-23T10:04:23","slug":"stara-siedziba-cikit-obok-kina-juz-zamknieta-poslanka-o-przeprowadzce-mam-duze-watpliwosci","status":"publish","type":"post","link":"https:\/\/www.24gliwice.pl\/wiadomosci\/stara-siedziba-cikit-obok-kina-juz-zamknieta-poslanka-o-przeprowadzce-mam-duze-watpliwosci\/","title":{"rendered":"Stara siedziba CIKiT, obok kina, ju\u017c zamkni\u0119ta. Pos\u0142anka o przeprowadzce: &#8220;mam du\u017ce w\u0105tpliwo\u015bci&#8221;"},"content":{"rendered":"<div class=\"gliwi-a6-nad-leadem-artykulow gliwi-entity-placement\" id=\"gliwi-951848443\"><div class=\"gliwi-adlabel\"><span style=\"font-size: 9px\">REKLAMA<\/span><\/div><div id=\"gliwi-2565078658\" style=\"margin-bottom: 30px;margin-left: auto;margin-right: auto;text-align: center;\"><a data-no-instant=\"1\" href=\"https:\/\/przedszkole.halogen.org.pl\/\" rel=\"noopener\" class=\"a2t-link\" target=\"_blank\" aria-label=\"20260402-ANIMATOR-przedszkole_grafika_750x200\"><img loading=\"lazy\" decoding=\"async\" src=\"https:\/\/www.24gliwice.pl\/wiadomosci\/wp-content\/uploads\/2026\/04\/20260402-ANIMATOR-przedszkole_grafika_750x200.webp\" alt=\"\"  srcset=\"https:\/\/www.24gliwice.pl\/wiadomosci\/wp-content\/uploads\/2026\/04\/20260402-ANIMATOR-przedszkole_grafika_750x200.webp 750w, https:\/\/www.24gliwice.pl\/wiadomosci\/wp-content\/uploads\/2026\/04\/20260402-ANIMATOR-przedszkole_grafika_750x200-410x109.webp 410w\" sizes=\"(max-width: 750px) 100vw, 750px\" class=\"no-lazyload\" width=\"750\" height=\"200\"  style=\"display: inline-block; max-width: 100%; height: auto;\" \/><\/a><\/div><\/div><h2>Zapowiadane ju\u017c wcze\u015bniej przenosiny Centrum Informacji Kulturalnej i Turystycznej do nowej siedziby w centrum przesiadkowym, w\u0142a\u015bnie staj\u0105 si\u0119 faktem. Do ko\u0144ca maja CIKiT jest nieczynne.<\/h2>\n<p>&nbsp;<br \/>\nCzy zmiana lokalizacji przyczyni si\u0119 do wzrostu zainteresowania turystyk\u0105 dost\u0119pn\u0105 w Gliwicach? Ju\u017c wcze\u015bniej pojawia\u0142y si\u0119 w tej sprawie g\u0142osy krytyki. Ostatnio nawet pos\u0142anka Nowej Lewicy z naszego okr\u0119gu, <strong>Wanda Nowicka<\/strong> zaj\u0119\u0142a stanowisko w tej sprawie, obawiaj\u0105c si\u0119, \u017ce takie posuni\u0119cie nie spowoduje nap\u0142ywu turyst\u00f3w do naszego miasta, bo niewielu ich przybywa akurat przez centrum przesiadkowe.<\/p>\n<blockquote><p>Wi\u0119kszo\u015b\u0107 pierwsze swe kroki kieruje do rynku i star\u00f3wki. To tam powinni zasi\u0119ga\u0107 informacji o kolejnych miejscach do zwiedzenia!<\/p><\/blockquote>\n<p>&#8211; podkre\u015bla pos\u0142anka w internetowym wpisie.<\/p><div class=\"gliwi-a3-w-tresci-artykulow gliwi-entity-placement\" id=\"gliwi-890551252\"><div class=\"gliwi-adlabel\"><span style=\"font-size: 9px\">REKLAMA<\/span><\/div><div id=\"gliwi-1932354684\" style=\"margin-bottom: 30px;margin-left: auto;margin-right: auto;text-align: center;\"><a data-no-instant=\"1\" href=\"https:\/\/ogrodyandersa.pl\/\" rel=\"noopener\" class=\"a2t-link\" target=\"_blank\" aria-label=\"20260415 Ogrody Andersa KUP TERAZ D\"><img loading=\"lazy\" decoding=\"async\" src=\"https:\/\/www.24gliwice.pl\/wiadomosci\/wp-content\/uploads\/2026\/04\/20260415-Ogrody-Andersa-KUP-TERAZ-D.jpg\" alt=\"\"  srcset=\"https:\/\/www.24gliwice.pl\/wiadomosci\/wp-content\/uploads\/2026\/04\/20260415-Ogrody-Andersa-KUP-TERAZ-D.jpg 750w, https:\/\/www.24gliwice.pl\/wiadomosci\/wp-content\/uploads\/2026\/04\/20260415-Ogrody-Andersa-KUP-TERAZ-D-410x109.jpg 410w\" sizes=\"(max-width: 750px) 100vw, 750px\" class=\"no-lazyload\" width=\"750\" height=\"200\"  style=\"display: inline-block; max-width: 100%; height: auto;\" \/><\/a><\/div><\/div>\n<p><iframe loading=\"lazy\" src=\"https:\/\/www.facebook.com\/plugins\/post.php?href=https%3A%2F%2Fwww.facebook.com%2FWandaNowickaPoslanka%2Fposts%2Fpfbid0KdTjmSGZZk1DrzX3kMdCVvHRbpcD426c8ZpLPJJ72Yk7hyPrRJtMKNvTTu7Zx1Zml&#038;show_text=true&#038;width=500\" width=\"500\" height=\"575\" style=\"border:none;overflow:hidden\" scrolling=\"no\" frameborder=\"0\" allowfullscreen=\"true\" allow=\"autoplay; clipboard-write; encrypted-media; picture-in-picture; web-share\"><\/iframe><\/p>\n<p>Z kolei rzecznik prezydenta Gliwic, <strong>\u0141ukasz Oryszczak<\/strong> uwa\u017ca, \u017ce tego rodzaju w\u0119z\u0142y komunikacyjne, jakie stanowi w Gliwicach centrum przesiadkowe, s\u0105 dobr\u0105 lokalizacj\u0105 punkt\u00f3w informacji o mie\u015bcie.<\/p>\n<p>Pytany o to w marcu, wyja\u015bnia\u0142, \u017ce decyzja o zmianie lokalizacji CIKiT jest zwi\u0105zana bezpo\u015brednio z transformacj\u0105 tej cz\u0119\u015bci centrum Gliwic, kt\u00f3ra obejmuje zar\u00f3wno CP jak i teren przylegaj\u0105cy do dworca oraz Placu Piast\u00f3w. Opr\u00f3cz tego siedziba w CP jest miejscem bardziej dost\u0119pnym, zapewniaj\u0105cym wi\u0119kszy komfort zar\u00f3wno pracownikom jaki klientom centrum.<\/p>\n<h4>Przypomnijmy, \u017ce plac\u00f3wka od 2010 roku dzia\u0142a\u0142a w strukturze Muzeum w Gliwicach i mie\u015bci\u0142a si\u0119 w budynku Kina Amok \u2013 Scena Bajka. W 2022 roku zosta\u0142a w\u0142\u0105czona do Centrum Kultury Victoria, a teraz czeka j\u0105 kolejna zmiana.<\/h4>\n<p>W najbli\u017cszych dniach CIKiT b\u0119dzie niedost\u0119pne. Od 22 maja do 1 czerwca przewidziano jego przeprowadzk\u0119 do Centrum Przesiadkowego. W nowej siedzibie otworzy si\u0119 od 1 czerwca. Do tego czasu bilety na True Tone Festiwal b\u0119dzie mo\u017cna kupowa\u0107 na 2. pi\u0119trze w budynku MDK przy ul. Barlickiego 3.<\/p>\n<p>Informacja turystyczna b\u0119dzie czynna w tych samych dniach jak dotychczas, czyli od wtorku do soboty, jednak w nieznacznie zmienionych godzinach: 9:00\u201317:00. <\/p>\n<p>(\u017cms)<br \/>\nfot. 24GLIWICE\/\u017bMS<\/p>\n<div class=\"gliwi-a5-na-koncu-artykulow gliwi-entity-placement\" id=\"gliwi-2834856679\"><div class=\"gliwi-adlabel\"><span style=\"font-size: 9px\">REKLAMA<\/span><\/div><div id=\"gliwi-2844674578\" style=\"margin-left: auto;margin-right: auto;text-align: center;\"><a data-no-instant=\"1\" href=\"https:\/\/www.jasek.pl\/\" rel=\"noopener\" class=\"a2t-link\" target=\"_blank\" aria-label=\"20200401-jasek 600\"><img loading=\"lazy\" decoding=\"async\" src=\"https:\/\/www.24gliwice.pl\/wiadomosci\/wp-content\/uploads\/2020\/04\/20200401-jasek-600.jpg\" alt=\"\"  srcset=\"https:\/\/www.24gliwice.pl\/wiadomosci\/wp-content\/uploads\/2020\/04\/20200401-jasek-600.jpg 600w, https:\/\/www.24gliwice.pl\/wiadomosci\/wp-content\/uploads\/2020\/04\/20200401-jasek-600-410x109.jpg 410w\" sizes=\"(max-width: 600px) 100vw, 600px\" class=\"no-lazyload\" width=\"600\" height=\"160\"  style=\"display: inline-block; max-width: 100%; height: auto;\" \/><\/a><\/div><\/div>","protected":false},"excerpt":{"rendered":"<p>Zapowiadane ju\u017c wcze\u015bniej przenosiny Centrum Informacji Kulturalnej i Turystycznej do nowej siedziby w centrum przesiadkowym, w\u0142a\u015bnie staj\u0105 si\u0119 faktem. Do ko\u0144ca maja CIKiT jest nieczynne. &nbsp; Czy zmiana lokalizacji przyczyni si\u0119 do wzrostu zainteresowania turystyk\u0105 dost\u0119pn\u0105 w Gliwicach? Ju\u017c wcze\u015bniej pojawia\u0142y si\u0119 w tej sprawie g\u0142osy krytyki. Ostatnio nawet pos\u0142anka Nowej Lewicy z naszego okr\u0119gu, [&hellip;]<\/p>\n","protected":false},"author":15,"featured_media":215024,"comment_status":"open","ping_status":"closed","sticky":false,"template":"","format":"standard","meta":{"_monsterinsights_skip_tracking":false,"_monsterinsights_sitenote_active":false,"_monsterinsights_sitenote_note":"","_monsterinsights_sitenote_category":0,"footnotes":"","_links_to":"","_links_to_target":""},"categories":[3,6,1],"tags":[14019,16480],"class_list":["post-214954","post","type-post","status-publish","format-standard","has-post-thumbnail","hentry","category-gliwice","category-kultura","category-wszystko","tag-cikit","tag-nowicka"],"yoast_head":"<!-- This site is optimized with the Yoast SEO plugin v27.5 - https:\/\/yoast.com\/product\/yoast-seo-wordpress\/ -->\n<title>Stara siedziba CIKiT, obok kina, ju\u017c zamkni\u0119ta. Pos\u0142anka o przeprowadzce: &quot;mam du\u017ce w\u0105tpliwo\u015bci&quot; - 24GLIWICE - Portal Gliwice | codziennie nowe informacje<\/title>\n<meta name=\"description\" content=\"Centrum Informacji Kulturalnej i Turystycznej przenosi si\u0119 do Centrum Przesiadkowego, wielu krytykuje takie rozwi\u0105zanie. S\u0142usznie?\" \/>\n<meta name=\"robots\" content=\"index, follow, max-snippet:-1, max-image-preview:large, max-video-preview:-1\" \/>\n<link rel=\"canonical\" href=\"https:\/\/www.24gliwice.pl\/wiadomosci\/stara-siedziba-cikit-obok-kina-juz-zamknieta-poslanka-o-przeprowadzce-mam-duze-watpliwosci\/\" \/>\n<meta property=\"og:locale\" content=\"pl_PL\" \/>\n<meta property=\"og:type\" content=\"article\" \/>\n<meta property=\"og:title\" content=\"Stara siedziba CIKiT, obok kina, ju\u017c zamkni\u0119ta. Pos\u0142anka o przeprowadzce: &quot;mam du\u017ce w\u0105tpliwo\u015bci&quot; - 24GLIWICE - Portal Gliwice | codziennie nowe informacje\" \/>\n<meta property=\"og:description\" content=\"Centrum Informacji Kulturalnej i Turystycznej przenosi si\u0119 do Centrum Przesiadkowego, wielu krytykuje takie rozwi\u0105zanie. S\u0142usznie?\" \/>\n<meta property=\"og:url\" content=\"https:\/\/www.24gliwice.pl\/wiadomosci\/stara-siedziba-cikit-obok-kina-juz-zamknieta-poslanka-o-przeprowadzce-mam-duze-watpliwosci\/\" \/>\n<meta property=\"og:site_name\" content=\"24GLIWICE - Portal Gliwice | codziennie nowe informacje\" \/>\n<meta property=\"article:publisher\" content=\"https:\/\/www.facebook.com\/24gliwice\" \/>\n<meta property=\"article:published_time\" content=\"2023-05-22T22:52:43+00:00\" \/>\n<meta property=\"article:modified_time\" content=\"2023-05-23T10:04:23+00:00\" \/>\n<meta property=\"og:image\" content=\"https:\/\/www.24gliwice.pl\/wiadomosci\/wp-content\/uploads\/2023\/05\/cikit-centrum-informacji-kulturalnej-i-turystycznej-001.jpg\" \/>\n\t<meta property=\"og:image:width\" content=\"810\" \/>\n\t<meta property=\"og:image:height\" content=\"456\" \/>\n\t<meta property=\"og:image:type\" content=\"image\/jpeg\" \/>\n<meta name=\"author\" content=\"\u017baneta Mrozek-Siewierska\" \/>\n<meta name=\"twitter:card\" content=\"summary_large_image\" \/>\n<meta name=\"twitter:creator\" content=\"@24gliwice\" \/>\n<meta name=\"twitter:site\" content=\"@24gliwice\" \/>\n<meta name=\"twitter:label1\" content=\"Napisane przez\" \/>\n\t<meta name=\"twitter:data1\" content=\"\u017baneta Mrozek-Siewierska\" \/>\n\t<meta name=\"twitter:label2\" content=\"Szacowany czas czytania\" \/>\n\t<meta name=\"twitter:data2\" content=\"2 minuty\" \/>\n<script type=\"application\/ld+json\" class=\"yoast-schema-graph\">{\"@context\":\"https:\\\/\\\/schema.org\",\"@graph\":[{\"@type\":\"Article\",\"@id\":\"https:\\\/\\\/www.24gliwice.pl\\\/wiadomosci\\\/stara-siedziba-cikit-obok-kina-juz-zamknieta-poslanka-o-przeprowadzce-mam-duze-watpliwosci\\\/#article\",\"isPartOf\":{\"@id\":\"https:\\\/\\\/www.24gliwice.pl\\\/wiadomosci\\\/stara-siedziba-cikit-obok-kina-juz-zamknieta-poslanka-o-przeprowadzce-mam-duze-watpliwosci\\\/\"},\"author\":{\"name\":\"\u017baneta Mrozek-Siewierska\",\"@id\":\"https:\\\/\\\/www.24gliwice.pl\\\/wiadomosci\\\/#\\\/schema\\\/person\\\/e42c650edd7f2fa332be3811fb166b6e\"},\"headline\":\"Stara siedziba CIKiT, obok kina, ju\u017c zamkni\u0119ta. Pos\u0142anka o przeprowadzce: &#8220;mam du\u017ce w\u0105tpliwo\u015bci&#8221;\",\"datePublished\":\"2023-05-22T22:52:43+00:00\",\"dateModified\":\"2023-05-23T10:04:23+00:00\",\"mainEntityOfPage\":{\"@id\":\"https:\\\/\\\/www.24gliwice.pl\\\/wiadomosci\\\/stara-siedziba-cikit-obok-kina-juz-zamknieta-poslanka-o-przeprowadzce-mam-duze-watpliwosci\\\/\"},\"wordCount\":354,\"commentCount\":0,\"publisher\":{\"@id\":\"https:\\\/\\\/www.24gliwice.pl\\\/wiadomosci\\\/#organization\"},\"image\":{\"@id\":\"https:\\\/\\\/www.24gliwice.pl\\\/wiadomosci\\\/stara-siedziba-cikit-obok-kina-juz-zamknieta-poslanka-o-przeprowadzce-mam-duze-watpliwosci\\\/#primaryimage\"},\"thumbnailUrl\":\"https:\\\/\\\/www.24gliwice.pl\\\/wiadomosci\\\/wp-content\\\/uploads\\\/2023\\\/05\\\/cikit-centrum-informacji-kulturalnej-i-turystycznej-001.jpg\",\"keywords\":[\"cikit\",\"nowicka\"],\"articleSection\":[\"Gliwice\",\"Kultura, wydarzenia, imprezy\",\"Najnowsze wiadomo\u015bci\"],\"inLanguage\":\"pl-PL\",\"potentialAction\":[{\"@type\":\"CommentAction\",\"name\":\"Comment\",\"target\":[\"https:\\\/\\\/www.24gliwice.pl\\\/wiadomosci\\\/stara-siedziba-cikit-obok-kina-juz-zamknieta-poslanka-o-przeprowadzce-mam-duze-watpliwosci\\\/#respond\"]}]},{\"@type\":\"WebPage\",\"@id\":\"https:\\\/\\\/www.24gliwice.pl\\\/wiadomosci\\\/stara-siedziba-cikit-obok-kina-juz-zamknieta-poslanka-o-przeprowadzce-mam-duze-watpliwosci\\\/\",\"url\":\"https:\\\/\\\/www.24gliwice.pl\\\/wiadomosci\\\/stara-siedziba-cikit-obok-kina-juz-zamknieta-poslanka-o-przeprowadzce-mam-duze-watpliwosci\\\/\",\"name\":\"Stara siedziba CIKiT, obok kina, ju\u017c zamkni\u0119ta. Pos\u0142anka o przeprowadzce: \\\"mam du\u017ce w\u0105tpliwo\u015bci\\\" - 24GLIWICE - Portal Gliwice | codziennie nowe informacje\",\"isPartOf\":{\"@id\":\"https:\\\/\\\/www.24gliwice.pl\\\/wiadomosci\\\/#website\"},\"primaryImageOfPage\":{\"@id\":\"https:\\\/\\\/www.24gliwice.pl\\\/wiadomosci\\\/stara-siedziba-cikit-obok-kina-juz-zamknieta-poslanka-o-przeprowadzce-mam-duze-watpliwosci\\\/#primaryimage\"},\"image\":{\"@id\":\"https:\\\/\\\/www.24gliwice.pl\\\/wiadomosci\\\/stara-siedziba-cikit-obok-kina-juz-zamknieta-poslanka-o-przeprowadzce-mam-duze-watpliwosci\\\/#primaryimage\"},\"thumbnailUrl\":\"https:\\\/\\\/www.24gliwice.pl\\\/wiadomosci\\\/wp-content\\\/uploads\\\/2023\\\/05\\\/cikit-centrum-informacji-kulturalnej-i-turystycznej-001.jpg\",\"datePublished\":\"2023-05-22T22:52:43+00:00\",\"dateModified\":\"2023-05-23T10:04:23+00:00\",\"description\":\"Centrum Informacji Kulturalnej i Turystycznej przenosi si\u0119 do Centrum Przesiadkowego, wielu krytykuje takie rozwi\u0105zanie. S\u0142usznie?\",\"breadcrumb\":{\"@id\":\"https:\\\/\\\/www.24gliwice.pl\\\/wiadomosci\\\/stara-siedziba-cikit-obok-kina-juz-zamknieta-poslanka-o-przeprowadzce-mam-duze-watpliwosci\\\/#breadcrumb\"},\"inLanguage\":\"pl-PL\",\"potentialAction\":[{\"@type\":\"ReadAction\",\"target\":[\"https:\\\/\\\/www.24gliwice.pl\\\/wiadomosci\\\/stara-siedziba-cikit-obok-kina-juz-zamknieta-poslanka-o-przeprowadzce-mam-duze-watpliwosci\\\/\"]}]},{\"@type\":\"ImageObject\",\"inLanguage\":\"pl-PL\",\"@id\":\"https:\\\/\\\/www.24gliwice.pl\\\/wiadomosci\\\/stara-siedziba-cikit-obok-kina-juz-zamknieta-poslanka-o-przeprowadzce-mam-duze-watpliwosci\\\/#primaryimage\",\"url\":\"https:\\\/\\\/www.24gliwice.pl\\\/wiadomosci\\\/wp-content\\\/uploads\\\/2023\\\/05\\\/cikit-centrum-informacji-kulturalnej-i-turystycznej-001.jpg\",\"contentUrl\":\"https:\\\/\\\/www.24gliwice.pl\\\/wiadomosci\\\/wp-content\\\/uploads\\\/2023\\\/05\\\/cikit-centrum-informacji-kulturalnej-i-turystycznej-001.jpg\",\"width\":810,\"height\":456},{\"@type\":\"BreadcrumbList\",\"@id\":\"https:\\\/\\\/www.24gliwice.pl\\\/wiadomosci\\\/stara-siedziba-cikit-obok-kina-juz-zamknieta-poslanka-o-przeprowadzce-mam-duze-watpliwosci\\\/#breadcrumb\",\"itemListElement\":[{\"@type\":\"ListItem\",\"position\":1,\"name\":\"Strona g\u0142\u00f3wna\",\"item\":\"https:\\\/\\\/www.24gliwice.pl\\\/wiadomosci\\\/\"},{\"@type\":\"ListItem\",\"position\":2,\"name\":\"Stara siedziba CIKiT, obok kina, ju\u017c zamkni\u0119ta. Pos\u0142anka o przeprowadzce: &#8222;mam du\u017ce w\u0105tpliwo\u015bci&#8221;\"}]},{\"@type\":\"WebSite\",\"@id\":\"https:\\\/\\\/www.24gliwice.pl\\\/wiadomosci\\\/#website\",\"url\":\"https:\\\/\\\/www.24gliwice.pl\\\/wiadomosci\\\/\",\"name\":\"24GLIWICE - Portal Gliwice | codziennie nowe wiadomo\u015bci\",\"description\":\"Portal Miejski Gliwice\",\"publisher\":{\"@id\":\"https:\\\/\\\/www.24gliwice.pl\\\/wiadomosci\\\/#organization\"},\"potentialAction\":[{\"@type\":\"SearchAction\",\"target\":{\"@type\":\"EntryPoint\",\"urlTemplate\":\"https:\\\/\\\/www.24gliwice.pl\\\/wiadomosci\\\/?s={search_term_string}\"},\"query-input\":{\"@type\":\"PropertyValueSpecification\",\"valueRequired\":true,\"valueName\":\"search_term_string\"}}],\"inLanguage\":\"pl-PL\"},{\"@type\":\"Organization\",\"@id\":\"https:\\\/\\\/www.24gliwice.pl\\\/wiadomosci\\\/#organization\",\"name\":\"24gliwice\",\"url\":\"https:\\\/\\\/www.24gliwice.pl\\\/wiadomosci\\\/\",\"logo\":{\"@type\":\"ImageObject\",\"inLanguage\":\"pl-PL\",\"@id\":\"https:\\\/\\\/www.24gliwice.pl\\\/wiadomosci\\\/#\\\/schema\\\/logo\\\/image\\\/\",\"url\":\"https:\\\/\\\/www.24gliwice.pl\\\/wiadomosci\\\/wp-content\\\/uploads\\\/2024\\\/10\\\/24gliwice-logo-696.jpg\",\"contentUrl\":\"https:\\\/\\\/www.24gliwice.pl\\\/wiadomosci\\\/wp-content\\\/uploads\\\/2024\\\/10\\\/24gliwice-logo-696.jpg\",\"width\":696,\"height\":696,\"caption\":\"24gliwice\"},\"image\":{\"@id\":\"https:\\\/\\\/www.24gliwice.pl\\\/wiadomosci\\\/#\\\/schema\\\/logo\\\/image\\\/\"},\"sameAs\":[\"https:\\\/\\\/www.facebook.com\\\/24gliwice\",\"https:\\\/\\\/x.com\\\/24gliwice\",\"https:\\\/\\\/www.youtube.com\\\/@24gliwice\"]},{\"@type\":\"Person\",\"@id\":\"https:\\\/\\\/www.24gliwice.pl\\\/wiadomosci\\\/#\\\/schema\\\/person\\\/e42c650edd7f2fa332be3811fb166b6e\",\"name\":\"\u017baneta Mrozek-Siewierska\",\"image\":{\"@type\":\"ImageObject\",\"inLanguage\":\"pl-PL\",\"@id\":\"https:\\\/\\\/secure.gravatar.com\\\/avatar\\\/1881429e9c64597c77ad7aef2d0a19be69a3253e57534d16aa15bf3a4d34a0a3?s=96&d=mm&r=g\",\"url\":\"https:\\\/\\\/secure.gravatar.com\\\/avatar\\\/1881429e9c64597c77ad7aef2d0a19be69a3253e57534d16aa15bf3a4d34a0a3?s=96&d=mm&r=g\",\"contentUrl\":\"https:\\\/\\\/secure.gravatar.com\\\/avatar\\\/1881429e9c64597c77ad7aef2d0a19be69a3253e57534d16aa15bf3a4d34a0a3?s=96&d=mm&r=g\",\"caption\":\"\u017baneta Mrozek-Siewierska\"},\"url\":\"https:\\\/\\\/www.24gliwice.pl\\\/wiadomosci\\\/author\\\/zms\\\/\"}]}<\/script>\n<!-- \/ Yoast SEO plugin. -->","yoast_head_json":{"title":"Stara siedziba CIKiT, obok kina, ju\u017c zamkni\u0119ta. Pos\u0142anka o przeprowadzce: \"mam du\u017ce w\u0105tpliwo\u015bci\" - 24GLIWICE - Portal Gliwice | codziennie nowe informacje","description":"Centrum Informacji Kulturalnej i Turystycznej przenosi si\u0119 do Centrum Przesiadkowego, wielu krytykuje takie rozwi\u0105zanie. S\u0142usznie?","robots":{"index":"index","follow":"follow","max-snippet":"max-snippet:-1","max-image-preview":"max-image-preview:large","max-video-preview":"max-video-preview:-1"},"canonical":"https:\/\/www.24gliwice.pl\/wiadomosci\/stara-siedziba-cikit-obok-kina-juz-zamknieta-poslanka-o-przeprowadzce-mam-duze-watpliwosci\/","og_locale":"pl_PL","og_type":"article","og_title":"Stara siedziba CIKiT, obok kina, ju\u017c zamkni\u0119ta. Pos\u0142anka o przeprowadzce: \"mam du\u017ce w\u0105tpliwo\u015bci\" - 24GLIWICE - Portal Gliwice | codziennie nowe informacje","og_description":"Centrum Informacji Kulturalnej i Turystycznej przenosi si\u0119 do Centrum Przesiadkowego, wielu krytykuje takie rozwi\u0105zanie. S\u0142usznie?","og_url":"https:\/\/www.24gliwice.pl\/wiadomosci\/stara-siedziba-cikit-obok-kina-juz-zamknieta-poslanka-o-przeprowadzce-mam-duze-watpliwosci\/","og_site_name":"24GLIWICE - Portal Gliwice | codziennie nowe informacje","article_publisher":"https:\/\/www.facebook.com\/24gliwice","article_published_time":"2023-05-22T22:52:43+00:00","article_modified_time":"2023-05-23T10:04:23+00:00","og_image":[{"width":810,"height":456,"url":"https:\/\/www.24gliwice.pl\/wiadomosci\/wp-content\/uploads\/2023\/05\/cikit-centrum-informacji-kulturalnej-i-turystycznej-001.jpg","type":"image\/jpeg"}],"author":"\u017baneta Mrozek-Siewierska","twitter_card":"summary_large_image","twitter_creator":"@24gliwice","twitter_site":"@24gliwice","twitter_misc":{"Napisane przez":"\u017baneta Mrozek-Siewierska","Szacowany czas czytania":"2 minuty"},"schema":{"@context":"https:\/\/schema.org","@graph":[{"@type":"Article","@id":"https:\/\/www.24gliwice.pl\/wiadomosci\/stara-siedziba-cikit-obok-kina-juz-zamknieta-poslanka-o-przeprowadzce-mam-duze-watpliwosci\/#article","isPartOf":{"@id":"https:\/\/www.24gliwice.pl\/wiadomosci\/stara-siedziba-cikit-obok-kina-juz-zamknieta-poslanka-o-przeprowadzce-mam-duze-watpliwosci\/"},"author":{"name":"\u017baneta Mrozek-Siewierska","@id":"https:\/\/www.24gliwice.pl\/wiadomosci\/#\/schema\/person\/e42c650edd7f2fa332be3811fb166b6e"},"headline":"Stara siedziba CIKiT, obok kina, ju\u017c zamkni\u0119ta. Pos\u0142anka o przeprowadzce: &#8220;mam du\u017ce w\u0105tpliwo\u015bci&#8221;","datePublished":"2023-05-22T22:52:43+00:00","dateModified":"2023-05-23T10:04:23+00:00","mainEntityOfPage":{"@id":"https:\/\/www.24gliwice.pl\/wiadomosci\/stara-siedziba-cikit-obok-kina-juz-zamknieta-poslanka-o-przeprowadzce-mam-duze-watpliwosci\/"},"wordCount":354,"commentCount":0,"publisher":{"@id":"https:\/\/www.24gliwice.pl\/wiadomosci\/#organization"},"image":{"@id":"https:\/\/www.24gliwice.pl\/wiadomosci\/stara-siedziba-cikit-obok-kina-juz-zamknieta-poslanka-o-przeprowadzce-mam-duze-watpliwosci\/#primaryimage"},"thumbnailUrl":"https:\/\/www.24gliwice.pl\/wiadomosci\/wp-content\/uploads\/2023\/05\/cikit-centrum-informacji-kulturalnej-i-turystycznej-001.jpg","keywords":["cikit","nowicka"],"articleSection":["Gliwice","Kultura, wydarzenia, imprezy","Najnowsze wiadomo\u015bci"],"inLanguage":"pl-PL","potentialAction":[{"@type":"CommentAction","name":"Comment","target":["https:\/\/www.24gliwice.pl\/wiadomosci\/stara-siedziba-cikit-obok-kina-juz-zamknieta-poslanka-o-przeprowadzce-mam-duze-watpliwosci\/#respond"]}]},{"@type":"WebPage","@id":"https:\/\/www.24gliwice.pl\/wiadomosci\/stara-siedziba-cikit-obok-kina-juz-zamknieta-poslanka-o-przeprowadzce-mam-duze-watpliwosci\/","url":"https:\/\/www.24gliwice.pl\/wiadomosci\/stara-siedziba-cikit-obok-kina-juz-zamknieta-poslanka-o-przeprowadzce-mam-duze-watpliwosci\/","name":"Stara siedziba CIKiT, obok kina, ju\u017c zamkni\u0119ta. Pos\u0142anka o przeprowadzce: \"mam du\u017ce w\u0105tpliwo\u015bci\" - 24GLIWICE - Portal Gliwice | codziennie nowe informacje","isPartOf":{"@id":"https:\/\/www.24gliwice.pl\/wiadomosci\/#website"},"primaryImageOfPage":{"@id":"https:\/\/www.24gliwice.pl\/wiadomosci\/stara-siedziba-cikit-obok-kina-juz-zamknieta-poslanka-o-przeprowadzce-mam-duze-watpliwosci\/#primaryimage"},"image":{"@id":"https:\/\/www.24gliwice.pl\/wiadomosci\/stara-siedziba-cikit-obok-kina-juz-zamknieta-poslanka-o-przeprowadzce-mam-duze-watpliwosci\/#primaryimage"},"thumbnailUrl":"https:\/\/www.24gliwice.pl\/wiadomosci\/wp-content\/uploads\/2023\/05\/cikit-centrum-informacji-kulturalnej-i-turystycznej-001.jpg","datePublished":"2023-05-22T22:52:43+00:00","dateModified":"2023-05-23T10:04:23+00:00","description":"Centrum Informacji Kulturalnej i Turystycznej przenosi si\u0119 do Centrum Przesiadkowego, wielu krytykuje takie rozwi\u0105zanie. S\u0142usznie?","breadcrumb":{"@id":"https:\/\/www.24gliwice.pl\/wiadomosci\/stara-siedziba-cikit-obok-kina-juz-zamknieta-poslanka-o-przeprowadzce-mam-duze-watpliwosci\/#breadcrumb"},"inLanguage":"pl-PL","potentialAction":[{"@type":"ReadAction","target":["https:\/\/www.24gliwice.pl\/wiadomosci\/stara-siedziba-cikit-obok-kina-juz-zamknieta-poslanka-o-przeprowadzce-mam-duze-watpliwosci\/"]}]},{"@type":"ImageObject","inLanguage":"pl-PL","@id":"https:\/\/www.24gliwice.pl\/wiadomosci\/stara-siedziba-cikit-obok-kina-juz-zamknieta-poslanka-o-przeprowadzce-mam-duze-watpliwosci\/#primaryimage","url":"https:\/\/www.24gliwice.pl\/wiadomosci\/wp-content\/uploads\/2023\/05\/cikit-centrum-informacji-kulturalnej-i-turystycznej-001.jpg","contentUrl":"https:\/\/www.24gliwice.pl\/wiadomosci\/wp-content\/uploads\/2023\/05\/cikit-centrum-informacji-kulturalnej-i-turystycznej-001.jpg","width":810,"height":456},{"@type":"BreadcrumbList","@id":"https:\/\/www.24gliwice.pl\/wiadomosci\/stara-siedziba-cikit-obok-kina-juz-zamknieta-poslanka-o-przeprowadzce-mam-duze-watpliwosci\/#breadcrumb","itemListElement":[{"@type":"ListItem","position":1,"name":"Strona g\u0142\u00f3wna","item":"https:\/\/www.24gliwice.pl\/wiadomosci\/"},{"@type":"ListItem","position":2,"name":"Stara siedziba CIKiT, obok kina, ju\u017c zamkni\u0119ta. Pos\u0142anka o przeprowadzce: &#8222;mam du\u017ce w\u0105tpliwo\u015bci&#8221;"}]},{"@type":"WebSite","@id":"https:\/\/www.24gliwice.pl\/wiadomosci\/#website","url":"https:\/\/www.24gliwice.pl\/wiadomosci\/","name":"24GLIWICE - Portal Gliwice | codziennie nowe wiadomo\u015bci","description":"Portal Miejski Gliwice","publisher":{"@id":"https:\/\/www.24gliwice.pl\/wiadomosci\/#organization"},"potentialAction":[{"@type":"SearchAction","target":{"@type":"EntryPoint","urlTemplate":"https:\/\/www.24gliwice.pl\/wiadomosci\/?s={search_term_string}"},"query-input":{"@type":"PropertyValueSpecification","valueRequired":true,"valueName":"search_term_string"}}],"inLanguage":"pl-PL"},{"@type":"Organization","@id":"https:\/\/www.24gliwice.pl\/wiadomosci\/#organization","name":"24gliwice","url":"https:\/\/www.24gliwice.pl\/wiadomosci\/","logo":{"@type":"ImageObject","inLanguage":"pl-PL","@id":"https:\/\/www.24gliwice.pl\/wiadomosci\/#\/schema\/logo\/image\/","url":"https:\/\/www.24gliwice.pl\/wiadomosci\/wp-content\/uploads\/2024\/10\/24gliwice-logo-696.jpg","contentUrl":"https:\/\/www.24gliwice.pl\/wiadomosci\/wp-content\/uploads\/2024\/10\/24gliwice-logo-696.jpg","width":696,"height":696,"caption":"24gliwice"},"image":{"@id":"https:\/\/www.24gliwice.pl\/wiadomosci\/#\/schema\/logo\/image\/"},"sameAs":["https:\/\/www.facebook.com\/24gliwice","https:\/\/x.com\/24gliwice","https:\/\/www.youtube.com\/@24gliwice"]},{"@type":"Person","@id":"https:\/\/www.24gliwice.pl\/wiadomosci\/#\/schema\/person\/e42c650edd7f2fa332be3811fb166b6e","name":"\u017baneta Mrozek-Siewierska","image":{"@type":"ImageObject","inLanguage":"pl-PL","@id":"https:\/\/secure.gravatar.com\/avatar\/1881429e9c64597c77ad7aef2d0a19be69a3253e57534d16aa15bf3a4d34a0a3?s=96&d=mm&r=g","url":"https:\/\/secure.gravatar.com\/avatar\/1881429e9c64597c77ad7aef2d0a19be69a3253e57534d16aa15bf3a4d34a0a3?s=96&d=mm&r=g","contentUrl":"https:\/\/secure.gravatar.com\/avatar\/1881429e9c64597c77ad7aef2d0a19be69a3253e57534d16aa15bf3a4d34a0a3?s=96&d=mm&r=g","caption":"\u017baneta Mrozek-Siewierska"},"url":"https:\/\/www.24gliwice.pl\/wiadomosci\/author\/zms\/"}]}},"_links":{"self":[{"href":"https:\/\/www.24gliwice.pl\/wiadomosci\/wp-json\/wp\/v2\/posts\/214954","targetHints":{"allow":["GET"]}}],"collection":[{"href":"https:\/\/www.24gliwice.pl\/wiadomosci\/wp-json\/wp\/v2\/posts"}],"about":[{"href":"https:\/\/www.24gliwice.pl\/wiadomosci\/wp-json\/wp\/v2\/types\/post"}],"author":[{"embeddable":true,"href":"https:\/\/www.24gliwice.pl\/wiadomosci\/wp-json\/wp\/v2\/users\/15"}],"replies":[{"embeddable":true,"href":"https:\/\/www.24gliwice.pl\/wiadomosci\/wp-json\/wp\/v2\/comments?post=214954"}],"version-history":[{"count":0,"href":"https:\/\/www.24gliwice.pl\/wiadomosci\/wp-json\/wp\/v2\/posts\/214954\/revisions"}],"wp:featuredmedia":[{"embeddable":true,"href":"https:\/\/www.24gliwice.pl\/wiadomosci\/wp-json\/wp\/v2\/media\/215024"}],"wp:attachment":[{"href":"https:\/\/www.24gliwice.pl\/wiadomosci\/wp-json\/wp\/v2\/media?parent=214954"}],"wp:term":[{"taxonomy":"category","embeddable":true,"href":"https:\/\/www.24gliwice.pl\/wiadomosci\/wp-json\/wp\/v2\/categories?post=214954"},{"taxonomy":"post_tag","embeddable":true,"href":"https:\/\/www.24gliwice.pl\/wiadomosci\/wp-json\/wp\/v2\/tags?post=214954"}],"curies":[{"name":"wp","href":"https:\/\/api.w.org\/{rel}","templated":true}]}}