{"id":215064,"date":"2023-05-23T12:16:19","date_gmt":"2023-05-23T10:16:19","guid":{"rendered":"https:\/\/www.24gliwice.pl\/wiadomosci\/?p=215064"},"modified":"2023-05-23T22:11:34","modified_gmt":"2023-05-23T20:11:34","slug":"tragedia-nad-zbiornikiem-wodnym-nieopodal-gliwic-wyciagneli-z-zalewu-niedajacego-oznak-zycia-mezczyzne","status":"publish","type":"post","link":"https:\/\/www.24gliwice.pl\/wiadomosci\/tragedia-nad-zbiornikiem-wodnym-nieopodal-gliwic-wyciagneli-z-zalewu-niedajacego-oznak-zycia-mezczyzne\/","title":{"rendered":"Tragedia nad zbiornikiem wodnym nieopodal Gliwic. &#8220;Wyci\u0105gn\u0119li z zalewu niedaj\u0105cego oznak \u017cycia m\u0119\u017cczyzn\u0119&#8221;"},"content":{"rendered":"<div class=\"gliwi-a6-nad-leadem-artykulow gliwi-entity-placement\" id=\"gliwi-3955399018\"><div class=\"gliwi-adlabel\"><span style=\"font-size: 9px\">REKLAMA<\/span><\/div><div id=\"gliwi-666445054\" style=\"margin-bottom: 25px;margin-left: auto;margin-right: auto;text-align: center;\"><a data-no-instant=\"1\" href=\"https:\/\/dom100.eu\/\" rel=\"noopener\" class=\"a2t-link\" target=\"_blank\" aria-label=\"20260415 DOM100 D\"><img loading=\"lazy\" decoding=\"async\" src=\"https:\/\/www.24gliwice.pl\/wiadomosci\/wp-content\/uploads\/2026\/04\/20260415-DOM100-D.jpg\" alt=\"\"  srcset=\"https:\/\/www.24gliwice.pl\/wiadomosci\/wp-content\/uploads\/2026\/04\/20260415-DOM100-D.jpg 750w, https:\/\/www.24gliwice.pl\/wiadomosci\/wp-content\/uploads\/2026\/04\/20260415-DOM100-D-410x109.jpg 410w\" sizes=\"(max-width: 750px) 100vw, 750px\" class=\"no-lazyload\" width=\"750\" height=\"200\"  style=\"display: inline-block; max-width: 100%; height: auto;\" \/><\/a><\/div><\/div><h2>W gminie Zbros\u0142awice w miejscowo\u015bci Kamieniec, nad po\u0142o\u017conym tam zbiornikiem wodnym trzech m\u0119\u017cczyzn raczy\u0142o si\u0119 alkoholem. Jeden z nich postanowi\u0142 pop\u0142ywa\u0107 &#8211; nie \u017cyje.<\/h2>\n<p>&nbsp;<br \/>\nDo tego tragicznego zdarzenia dosz\u0142o w niedziel\u0119 wieczorem, oko\u0142o godziny 22:00. Jego okoliczno\u015bci wyja\u015bniaj\u0105 policjanci ze Zbros\u0142awic pod nadzorem prokuratora. <\/p>\n<p>&#8211; <em>Jak ustalili mundurowi, trzech znajomych spotka\u0142o si\u0119 przy Zalewie Kamieniec, gdzie wsp\u00f3lnie pili alkohol. W pewnym momencie jeden z nich odszed\u0142 od swoich kompan\u00f3w. Po d\u0142u\u017cszej nieobecno\u015bci pozostali si\u0119 zaniepokoili i zaalarmowali s\u0142u\u017cby. Na miejscu b\u0142yskawicznie zjawili si\u0119 policjanci ze Zbros\u0142awic, kt\u00f3rzy rozpocz\u0119li poszukiwania<\/em> &#8211; relacjonuje \u015al\u0105ska Policja. <\/p><div class=\"gliwi-a3-w-tresci-artykulow gliwi-entity-placement\" id=\"gliwi-2322395594\"><div class=\"gliwi-adlabel\"><span style=\"font-size: 9px\">REKLAMA<\/span><\/div><div id=\"gliwi-2509237861\" style=\"margin-bottom: 30px;margin-left: auto;margin-right: auto;text-align: center;\"><a data-no-instant=\"1\" href=\"https:\/\/ogrodyandersa.pl\/\" rel=\"noopener\" class=\"a2t-link\" target=\"_blank\" aria-label=\"20260415 Ogrody Andersa KUP TERAZ D\"><img loading=\"lazy\" decoding=\"async\" src=\"https:\/\/www.24gliwice.pl\/wiadomosci\/wp-content\/uploads\/2026\/04\/20260415-Ogrody-Andersa-KUP-TERAZ-D.jpg\" alt=\"\"  srcset=\"https:\/\/www.24gliwice.pl\/wiadomosci\/wp-content\/uploads\/2026\/04\/20260415-Ogrody-Andersa-KUP-TERAZ-D.jpg 750w, https:\/\/www.24gliwice.pl\/wiadomosci\/wp-content\/uploads\/2026\/04\/20260415-Ogrody-Andersa-KUP-TERAZ-D-410x109.jpg 410w\" sizes=\"(max-width: 750px) 100vw, 750px\" class=\"no-lazyload\" width=\"750\" height=\"200\"  style=\"display: inline-block; max-width: 100%; height: auto;\" \/><\/a><\/div><\/div>\n<blockquote><p><em>Niestety, nied\u0142ugo p\u00f3\u017aniej mundurowi wyci\u0105gn\u0119li z zalewu niedaj\u0105cego oznak \u017cycia m\u0119\u017cczyzn\u0119. Mimo szybko podj\u0119tej akcji ratunkowej, kt\u00f3r\u0105 od policjant\u00f3w przej\u0119li ratownicy, nie uda\u0142o si\u0119 uratowa\u0107 43-letniego mieszka\u0144ca Kamie\u0144ca<\/em> <\/p><\/blockquote>\n<p>&#8211; kontynuuje KWP Katowice. <\/p>\n<p>Wezwano prokuratora, kt\u00f3ry, wraz z technikiem kryminalistyki, wykona\u0142 ogl\u0119dziny miejsca zdarzenia. W miniony poniedzia\u0142ek przes\u0142uchani zostali dwaj mieszka\u0144cy Kamie\u0144ca w wieku 33 i 41 lat, kt\u00f3rzy przebywali w miejscu tragedii. \u015aledczy zajm\u0105 si\u0119 teraz dok\u0142adnym wyja\u015bnieniem przebiegu tego zdarzenia.<\/p>\n<p><iframe src=\"https:\/\/www.google.com\/maps\/embed?pb=!1m18!1m12!1m3!1d1086.104867680754!2d18.72152948884807!3d50.40244334289576!2m3!1f0!2f0!3f0!3m2!1i1024!2i768!4f13.1!3m3!1m2!1s0x47112f3905b55e1f%3A0xfc82b22cbe49a9e7!2sZalew!5e1!3m2!1spl!2spl!4v1684833050721!5m2!1spl!2spl\" width=\"810\" height=\"450\" style=\"border:0;\" allowfullscreen=\"\" loading=\"lazy\" referrerpolicy=\"no-referrer-when-downgrade\"><\/iframe><\/p>\n<p>&#8211; <em>Niestety niewiele wystarczy, aby dosz\u0142o do tragedii, dlatego przed zbli\u017caj\u0105cym si\u0119 wakacyjnym okresem apelujemy przede wszystkim o zdrowy rozs\u0105dek. Alkohol i brawura w po\u0142\u0105czeniu z k\u0105piel\u0105, a nawet tylko przebywaniem zbyt blisko wody mo\u017ce prowadzi\u0107 do takich tragedii jak ta<\/em> &#8211; przypomina \u015al\u0105ska Policja. <\/p>\n<p>Nie by\u0142o to niestety pierwsze takie zdarzenie, do kt\u00f3rego dosz\u0142o nad kamienieckim zbiornikiem wodnym. 2 lata temu wyci\u0105gni\u0119to stamt\u0105d cia\u0142o 66-latka. Jak w\u00f3wczas informowa\u0142a policja, by\u0142 to w\u0119dkarz, kt\u00f3ry najprawdopodobniej wpad\u0142 do wody. <\/p>\n<p>(\u017cms)\/\u015al\u0105ska Policja<br \/>\nfot. zdj. pogl\u0105dowe\/\u015al\u0105ska Policja: D\u0105browa G\u00f3rnicza<\/p>\n<div class=\"gliwi-a5-na-koncu-artykulow gliwi-entity-placement\" id=\"gliwi-3476036151\"><div class=\"gliwi-adlabel\"><span style=\"font-size: 9px\">REKLAMA<\/span><\/div><div id=\"gliwi-2465538558\" style=\"margin-left: auto;margin-right: auto;text-align: center;\"><a data-no-instant=\"1\" href=\"https:\/\/prezeroarenagliwice.pl\/\" rel=\"noopener\" class=\"a2t-link\" target=\"_blank\" aria-label=\"20260309-PREZERO-WIOSNA-D\"><img loading=\"lazy\" decoding=\"async\" src=\"https:\/\/www.24gliwice.pl\/wiadomosci\/wp-content\/uploads\/2026\/03\/20260309-PREZERO-WIOSNA-D.webp\" alt=\"\"  srcset=\"https:\/\/www.24gliwice.pl\/wiadomosci\/wp-content\/uploads\/2026\/03\/20260309-PREZERO-WIOSNA-D.webp 750w, https:\/\/www.24gliwice.pl\/wiadomosci\/wp-content\/uploads\/2026\/03\/20260309-PREZERO-WIOSNA-D-410x109.webp 410w\" sizes=\"(max-width: 750px) 100vw, 750px\" class=\"no-lazyload\" width=\"750\" height=\"200\"  style=\"display: inline-block; max-width: 100%; height: auto;\" \/><\/a><\/div><\/div>","protected":false},"excerpt":{"rendered":"<p>W gminie Zbros\u0142awice w miejscowo\u015bci Kamieniec, nad po\u0142o\u017conym tam zbiornikiem wodnym trzech m\u0119\u017cczyzn raczy\u0142o si\u0119 alkoholem. Jeden z nich postanowi\u0142 pop\u0142ywa\u0107 &#8211; nie \u017cyje. &nbsp; Do tego tragicznego zdarzenia dosz\u0142o w niedziel\u0119 wieczorem, oko\u0142o godziny 22:00. Jego okoliczno\u015bci wyja\u015bniaj\u0105 policjanci ze Zbros\u0142awic pod nadzorem prokuratora. &#8211; Jak ustalili mundurowi, trzech znajomych spotka\u0142o si\u0119 przy Zalewie [&hellip;]<\/p>\n","protected":false},"author":15,"featured_media":215118,"comment_status":"closed","ping_status":"closed","sticky":false,"template":"","format":"standard","meta":{"_monsterinsights_skip_tracking":false,"_monsterinsights_sitenote_active":false,"_monsterinsights_sitenote_note":"","_monsterinsights_sitenote_category":0,"footnotes":"","_links_to":"","_links_to_target":""},"categories":[1,5],"tags":[12980,22688,7505],"class_list":["post-215064","post","type-post","status-publish","format-standard","has-post-thumbnail","hentry","category-wszystko","category-kryminalki","tag-kamieniec","tag-nojasek","tag-utoniecie"],"yoast_head":"<!-- This site is optimized with the Yoast SEO plugin v27.5 - https:\/\/yoast.com\/product\/yoast-seo-wordpress\/ -->\n<title>Tragedia nad zbiornikiem wodnym nieopodal Gliwic. &quot;Wyci\u0105gn\u0119li z zalewu niedaj\u0105cego oznak \u017cycia m\u0119\u017cczyzn\u0119&quot; - 24GLIWICE - Portal Gliwice | codziennie nowe informacje<\/title>\n<meta name=\"description\" content=\"W gminie Zbros\u0142awice dosz\u0142o do utoni\u0119cia m\u0119\u017cczyzny, kt\u00f3ry wcze\u015bniej ze swoimi znajomymi spo\u017cywa\u0142 alkohol. Nie \u017cyje 43-latek\" \/>\n<meta name=\"robots\" content=\"index, follow, max-snippet:-1, max-image-preview:large, max-video-preview:-1\" \/>\n<link rel=\"canonical\" href=\"https:\/\/www.24gliwice.pl\/wiadomosci\/tragedia-nad-zbiornikiem-wodnym-nieopodal-gliwic-wyciagneli-z-zalewu-niedajacego-oznak-zycia-mezczyzne\/\" \/>\n<meta property=\"og:locale\" content=\"pl_PL\" \/>\n<meta property=\"og:type\" content=\"article\" \/>\n<meta property=\"og:title\" content=\"Tragedia nad zbiornikiem wodnym nieopodal Gliwic. &quot;Wyci\u0105gn\u0119li z zalewu niedaj\u0105cego oznak \u017cycia m\u0119\u017cczyzn\u0119&quot; - 24GLIWICE - Portal Gliwice | codziennie nowe informacje\" \/>\n<meta property=\"og:description\" content=\"W gminie Zbros\u0142awice dosz\u0142o do utoni\u0119cia m\u0119\u017cczyzny, kt\u00f3ry wcze\u015bniej ze swoimi znajomymi spo\u017cywa\u0142 alkohol. Nie \u017cyje 43-latek\" \/>\n<meta property=\"og:url\" content=\"https:\/\/www.24gliwice.pl\/wiadomosci\/tragedia-nad-zbiornikiem-wodnym-nieopodal-gliwic-wyciagneli-z-zalewu-niedajacego-oznak-zycia-mezczyzne\/\" \/>\n<meta property=\"og:site_name\" content=\"24GLIWICE - Portal Gliwice | codziennie nowe informacje\" \/>\n<meta property=\"article:publisher\" content=\"https:\/\/www.facebook.com\/24gliwice\" \/>\n<meta property=\"article:published_time\" content=\"2023-05-23T10:16:19+00:00\" \/>\n<meta property=\"article:modified_time\" content=\"2023-05-23T20:11:34+00:00\" \/>\n<meta property=\"og:image\" content=\"https:\/\/www.24gliwice.pl\/wiadomosci\/wp-content\/uploads\/2023\/05\/woda-policja-parawan.jpg\" \/>\n\t<meta property=\"og:image:width\" content=\"810\" \/>\n\t<meta property=\"og:image:height\" content=\"463\" \/>\n\t<meta property=\"og:image:type\" content=\"image\/jpeg\" \/>\n<meta name=\"author\" content=\"\u017baneta Mrozek-Siewierska\" \/>\n<meta name=\"twitter:card\" content=\"summary_large_image\" \/>\n<meta name=\"twitter:creator\" content=\"@24gliwice\" \/>\n<meta name=\"twitter:site\" content=\"@24gliwice\" \/>\n<meta name=\"twitter:label1\" content=\"Napisane przez\" \/>\n\t<meta name=\"twitter:data1\" content=\"\u017baneta Mrozek-Siewierska\" \/>\n\t<meta name=\"twitter:label2\" content=\"Szacowany czas czytania\" \/>\n\t<meta name=\"twitter:data2\" content=\"2 minuty\" \/>\n<script type=\"application\/ld+json\" class=\"yoast-schema-graph\">{\"@context\":\"https:\\\/\\\/schema.org\",\"@graph\":[{\"@type\":\"Article\",\"@id\":\"https:\\\/\\\/www.24gliwice.pl\\\/wiadomosci\\\/tragedia-nad-zbiornikiem-wodnym-nieopodal-gliwic-wyciagneli-z-zalewu-niedajacego-oznak-zycia-mezczyzne\\\/#article\",\"isPartOf\":{\"@id\":\"https:\\\/\\\/www.24gliwice.pl\\\/wiadomosci\\\/tragedia-nad-zbiornikiem-wodnym-nieopodal-gliwic-wyciagneli-z-zalewu-niedajacego-oznak-zycia-mezczyzne\\\/\"},\"author\":{\"name\":\"\u017baneta Mrozek-Siewierska\",\"@id\":\"https:\\\/\\\/www.24gliwice.pl\\\/wiadomosci\\\/#\\\/schema\\\/person\\\/e42c650edd7f2fa332be3811fb166b6e\"},\"headline\":\"Tragedia nad zbiornikiem wodnym nieopodal Gliwic. &#8220;Wyci\u0105gn\u0119li z zalewu niedaj\u0105cego oznak \u017cycia m\u0119\u017cczyzn\u0119&#8221;\",\"datePublished\":\"2023-05-23T10:16:19+00:00\",\"dateModified\":\"2023-05-23T20:11:34+00:00\",\"mainEntityOfPage\":{\"@id\":\"https:\\\/\\\/www.24gliwice.pl\\\/wiadomosci\\\/tragedia-nad-zbiornikiem-wodnym-nieopodal-gliwic-wyciagneli-z-zalewu-niedajacego-oznak-zycia-mezczyzne\\\/\"},\"wordCount\":337,\"publisher\":{\"@id\":\"https:\\\/\\\/www.24gliwice.pl\\\/wiadomosci\\\/#organization\"},\"image\":{\"@id\":\"https:\\\/\\\/www.24gliwice.pl\\\/wiadomosci\\\/tragedia-nad-zbiornikiem-wodnym-nieopodal-gliwic-wyciagneli-z-zalewu-niedajacego-oznak-zycia-mezczyzne\\\/#primaryimage\"},\"thumbnailUrl\":\"https:\\\/\\\/www.24gliwice.pl\\\/wiadomosci\\\/wp-content\\\/uploads\\\/2023\\\/05\\\/woda-policja-parawan.jpg\",\"keywords\":[\"kamieniec\",\"NOJASEK\",\"UTONI\u0118CIE\"],\"articleSection\":[\"Najnowsze wiadomo\u015bci\",\"Prawo\"],\"inLanguage\":\"pl-PL\"},{\"@type\":\"WebPage\",\"@id\":\"https:\\\/\\\/www.24gliwice.pl\\\/wiadomosci\\\/tragedia-nad-zbiornikiem-wodnym-nieopodal-gliwic-wyciagneli-z-zalewu-niedajacego-oznak-zycia-mezczyzne\\\/\",\"url\":\"https:\\\/\\\/www.24gliwice.pl\\\/wiadomosci\\\/tragedia-nad-zbiornikiem-wodnym-nieopodal-gliwic-wyciagneli-z-zalewu-niedajacego-oznak-zycia-mezczyzne\\\/\",\"name\":\"Tragedia nad zbiornikiem wodnym nieopodal Gliwic. \\\"Wyci\u0105gn\u0119li z zalewu niedaj\u0105cego oznak \u017cycia m\u0119\u017cczyzn\u0119\\\" - 24GLIWICE - Portal Gliwice | codziennie nowe informacje\",\"isPartOf\":{\"@id\":\"https:\\\/\\\/www.24gliwice.pl\\\/wiadomosci\\\/#website\"},\"primaryImageOfPage\":{\"@id\":\"https:\\\/\\\/www.24gliwice.pl\\\/wiadomosci\\\/tragedia-nad-zbiornikiem-wodnym-nieopodal-gliwic-wyciagneli-z-zalewu-niedajacego-oznak-zycia-mezczyzne\\\/#primaryimage\"},\"image\":{\"@id\":\"https:\\\/\\\/www.24gliwice.pl\\\/wiadomosci\\\/tragedia-nad-zbiornikiem-wodnym-nieopodal-gliwic-wyciagneli-z-zalewu-niedajacego-oznak-zycia-mezczyzne\\\/#primaryimage\"},\"thumbnailUrl\":\"https:\\\/\\\/www.24gliwice.pl\\\/wiadomosci\\\/wp-content\\\/uploads\\\/2023\\\/05\\\/woda-policja-parawan.jpg\",\"datePublished\":\"2023-05-23T10:16:19+00:00\",\"dateModified\":\"2023-05-23T20:11:34+00:00\",\"description\":\"W gminie Zbros\u0142awice dosz\u0142o do utoni\u0119cia m\u0119\u017cczyzny, kt\u00f3ry wcze\u015bniej ze swoimi znajomymi spo\u017cywa\u0142 alkohol. Nie \u017cyje 43-latek\",\"breadcrumb\":{\"@id\":\"https:\\\/\\\/www.24gliwice.pl\\\/wiadomosci\\\/tragedia-nad-zbiornikiem-wodnym-nieopodal-gliwic-wyciagneli-z-zalewu-niedajacego-oznak-zycia-mezczyzne\\\/#breadcrumb\"},\"inLanguage\":\"pl-PL\",\"potentialAction\":[{\"@type\":\"ReadAction\",\"target\":[\"https:\\\/\\\/www.24gliwice.pl\\\/wiadomosci\\\/tragedia-nad-zbiornikiem-wodnym-nieopodal-gliwic-wyciagneli-z-zalewu-niedajacego-oznak-zycia-mezczyzne\\\/\"]}]},{\"@type\":\"ImageObject\",\"inLanguage\":\"pl-PL\",\"@id\":\"https:\\\/\\\/www.24gliwice.pl\\\/wiadomosci\\\/tragedia-nad-zbiornikiem-wodnym-nieopodal-gliwic-wyciagneli-z-zalewu-niedajacego-oznak-zycia-mezczyzne\\\/#primaryimage\",\"url\":\"https:\\\/\\\/www.24gliwice.pl\\\/wiadomosci\\\/wp-content\\\/uploads\\\/2023\\\/05\\\/woda-policja-parawan.jpg\",\"contentUrl\":\"https:\\\/\\\/www.24gliwice.pl\\\/wiadomosci\\\/wp-content\\\/uploads\\\/2023\\\/05\\\/woda-policja-parawan.jpg\",\"width\":810,\"height\":463,\"caption\":\"Fot. pogl\u0105dowe \\\/\u015al\u0105ska Policja\"},{\"@type\":\"BreadcrumbList\",\"@id\":\"https:\\\/\\\/www.24gliwice.pl\\\/wiadomosci\\\/tragedia-nad-zbiornikiem-wodnym-nieopodal-gliwic-wyciagneli-z-zalewu-niedajacego-oznak-zycia-mezczyzne\\\/#breadcrumb\",\"itemListElement\":[{\"@type\":\"ListItem\",\"position\":1,\"name\":\"Strona g\u0142\u00f3wna\",\"item\":\"https:\\\/\\\/www.24gliwice.pl\\\/wiadomosci\\\/\"},{\"@type\":\"ListItem\",\"position\":2,\"name\":\"Tragedia nad zbiornikiem wodnym nieopodal Gliwic. &#8222;Wyci\u0105gn\u0119li z zalewu niedaj\u0105cego oznak \u017cycia m\u0119\u017cczyzn\u0119&#8221;\"}]},{\"@type\":\"WebSite\",\"@id\":\"https:\\\/\\\/www.24gliwice.pl\\\/wiadomosci\\\/#website\",\"url\":\"https:\\\/\\\/www.24gliwice.pl\\\/wiadomosci\\\/\",\"name\":\"24GLIWICE - Portal Gliwice | codziennie nowe wiadomo\u015bci\",\"description\":\"Portal Miejski Gliwice\",\"publisher\":{\"@id\":\"https:\\\/\\\/www.24gliwice.pl\\\/wiadomosci\\\/#organization\"},\"potentialAction\":[{\"@type\":\"SearchAction\",\"target\":{\"@type\":\"EntryPoint\",\"urlTemplate\":\"https:\\\/\\\/www.24gliwice.pl\\\/wiadomosci\\\/?s={search_term_string}\"},\"query-input\":{\"@type\":\"PropertyValueSpecification\",\"valueRequired\":true,\"valueName\":\"search_term_string\"}}],\"inLanguage\":\"pl-PL\"},{\"@type\":\"Organization\",\"@id\":\"https:\\\/\\\/www.24gliwice.pl\\\/wiadomosci\\\/#organization\",\"name\":\"24gliwice\",\"url\":\"https:\\\/\\\/www.24gliwice.pl\\\/wiadomosci\\\/\",\"logo\":{\"@type\":\"ImageObject\",\"inLanguage\":\"pl-PL\",\"@id\":\"https:\\\/\\\/www.24gliwice.pl\\\/wiadomosci\\\/#\\\/schema\\\/logo\\\/image\\\/\",\"url\":\"https:\\\/\\\/www.24gliwice.pl\\\/wiadomosci\\\/wp-content\\\/uploads\\\/2024\\\/10\\\/24gliwice-logo-696.jpg\",\"contentUrl\":\"https:\\\/\\\/www.24gliwice.pl\\\/wiadomosci\\\/wp-content\\\/uploads\\\/2024\\\/10\\\/24gliwice-logo-696.jpg\",\"width\":696,\"height\":696,\"caption\":\"24gliwice\"},\"image\":{\"@id\":\"https:\\\/\\\/www.24gliwice.pl\\\/wiadomosci\\\/#\\\/schema\\\/logo\\\/image\\\/\"},\"sameAs\":[\"https:\\\/\\\/www.facebook.com\\\/24gliwice\",\"https:\\\/\\\/x.com\\\/24gliwice\",\"https:\\\/\\\/www.youtube.com\\\/@24gliwice\"]},{\"@type\":\"Person\",\"@id\":\"https:\\\/\\\/www.24gliwice.pl\\\/wiadomosci\\\/#\\\/schema\\\/person\\\/e42c650edd7f2fa332be3811fb166b6e\",\"name\":\"\u017baneta Mrozek-Siewierska\",\"image\":{\"@type\":\"ImageObject\",\"inLanguage\":\"pl-PL\",\"@id\":\"https:\\\/\\\/secure.gravatar.com\\\/avatar\\\/1881429e9c64597c77ad7aef2d0a19be69a3253e57534d16aa15bf3a4d34a0a3?s=96&d=mm&r=g\",\"url\":\"https:\\\/\\\/secure.gravatar.com\\\/avatar\\\/1881429e9c64597c77ad7aef2d0a19be69a3253e57534d16aa15bf3a4d34a0a3?s=96&d=mm&r=g\",\"contentUrl\":\"https:\\\/\\\/secure.gravatar.com\\\/avatar\\\/1881429e9c64597c77ad7aef2d0a19be69a3253e57534d16aa15bf3a4d34a0a3?s=96&d=mm&r=g\",\"caption\":\"\u017baneta Mrozek-Siewierska\"},\"url\":\"https:\\\/\\\/www.24gliwice.pl\\\/wiadomosci\\\/author\\\/zms\\\/\"}]}<\/script>\n<!-- \/ Yoast SEO plugin. -->","yoast_head_json":{"title":"Tragedia nad zbiornikiem wodnym nieopodal Gliwic. \"Wyci\u0105gn\u0119li z zalewu niedaj\u0105cego oznak \u017cycia m\u0119\u017cczyzn\u0119\" - 24GLIWICE - Portal Gliwice | codziennie nowe informacje","description":"W gminie Zbros\u0142awice dosz\u0142o do utoni\u0119cia m\u0119\u017cczyzny, kt\u00f3ry wcze\u015bniej ze swoimi znajomymi spo\u017cywa\u0142 alkohol. Nie \u017cyje 43-latek","robots":{"index":"index","follow":"follow","max-snippet":"max-snippet:-1","max-image-preview":"max-image-preview:large","max-video-preview":"max-video-preview:-1"},"canonical":"https:\/\/www.24gliwice.pl\/wiadomosci\/tragedia-nad-zbiornikiem-wodnym-nieopodal-gliwic-wyciagneli-z-zalewu-niedajacego-oznak-zycia-mezczyzne\/","og_locale":"pl_PL","og_type":"article","og_title":"Tragedia nad zbiornikiem wodnym nieopodal Gliwic. \"Wyci\u0105gn\u0119li z zalewu niedaj\u0105cego oznak \u017cycia m\u0119\u017cczyzn\u0119\" - 24GLIWICE - Portal Gliwice | codziennie nowe informacje","og_description":"W gminie Zbros\u0142awice dosz\u0142o do utoni\u0119cia m\u0119\u017cczyzny, kt\u00f3ry wcze\u015bniej ze swoimi znajomymi spo\u017cywa\u0142 alkohol. Nie \u017cyje 43-latek","og_url":"https:\/\/www.24gliwice.pl\/wiadomosci\/tragedia-nad-zbiornikiem-wodnym-nieopodal-gliwic-wyciagneli-z-zalewu-niedajacego-oznak-zycia-mezczyzne\/","og_site_name":"24GLIWICE - Portal Gliwice | codziennie nowe informacje","article_publisher":"https:\/\/www.facebook.com\/24gliwice","article_published_time":"2023-05-23T10:16:19+00:00","article_modified_time":"2023-05-23T20:11:34+00:00","og_image":[{"width":810,"height":463,"url":"https:\/\/www.24gliwice.pl\/wiadomosci\/wp-content\/uploads\/2023\/05\/woda-policja-parawan.jpg","type":"image\/jpeg"}],"author":"\u017baneta Mrozek-Siewierska","twitter_card":"summary_large_image","twitter_creator":"@24gliwice","twitter_site":"@24gliwice","twitter_misc":{"Napisane przez":"\u017baneta Mrozek-Siewierska","Szacowany czas czytania":"2 minuty"},"schema":{"@context":"https:\/\/schema.org","@graph":[{"@type":"Article","@id":"https:\/\/www.24gliwice.pl\/wiadomosci\/tragedia-nad-zbiornikiem-wodnym-nieopodal-gliwic-wyciagneli-z-zalewu-niedajacego-oznak-zycia-mezczyzne\/#article","isPartOf":{"@id":"https:\/\/www.24gliwice.pl\/wiadomosci\/tragedia-nad-zbiornikiem-wodnym-nieopodal-gliwic-wyciagneli-z-zalewu-niedajacego-oznak-zycia-mezczyzne\/"},"author":{"name":"\u017baneta Mrozek-Siewierska","@id":"https:\/\/www.24gliwice.pl\/wiadomosci\/#\/schema\/person\/e42c650edd7f2fa332be3811fb166b6e"},"headline":"Tragedia nad zbiornikiem wodnym nieopodal Gliwic. &#8220;Wyci\u0105gn\u0119li z zalewu niedaj\u0105cego oznak \u017cycia m\u0119\u017cczyzn\u0119&#8221;","datePublished":"2023-05-23T10:16:19+00:00","dateModified":"2023-05-23T20:11:34+00:00","mainEntityOfPage":{"@id":"https:\/\/www.24gliwice.pl\/wiadomosci\/tragedia-nad-zbiornikiem-wodnym-nieopodal-gliwic-wyciagneli-z-zalewu-niedajacego-oznak-zycia-mezczyzne\/"},"wordCount":337,"publisher":{"@id":"https:\/\/www.24gliwice.pl\/wiadomosci\/#organization"},"image":{"@id":"https:\/\/www.24gliwice.pl\/wiadomosci\/tragedia-nad-zbiornikiem-wodnym-nieopodal-gliwic-wyciagneli-z-zalewu-niedajacego-oznak-zycia-mezczyzne\/#primaryimage"},"thumbnailUrl":"https:\/\/www.24gliwice.pl\/wiadomosci\/wp-content\/uploads\/2023\/05\/woda-policja-parawan.jpg","keywords":["kamieniec","NOJASEK","UTONI\u0118CIE"],"articleSection":["Najnowsze wiadomo\u015bci","Prawo"],"inLanguage":"pl-PL"},{"@type":"WebPage","@id":"https:\/\/www.24gliwice.pl\/wiadomosci\/tragedia-nad-zbiornikiem-wodnym-nieopodal-gliwic-wyciagneli-z-zalewu-niedajacego-oznak-zycia-mezczyzne\/","url":"https:\/\/www.24gliwice.pl\/wiadomosci\/tragedia-nad-zbiornikiem-wodnym-nieopodal-gliwic-wyciagneli-z-zalewu-niedajacego-oznak-zycia-mezczyzne\/","name":"Tragedia nad zbiornikiem wodnym nieopodal Gliwic. \"Wyci\u0105gn\u0119li z zalewu niedaj\u0105cego oznak \u017cycia m\u0119\u017cczyzn\u0119\" - 24GLIWICE - Portal Gliwice | codziennie nowe informacje","isPartOf":{"@id":"https:\/\/www.24gliwice.pl\/wiadomosci\/#website"},"primaryImageOfPage":{"@id":"https:\/\/www.24gliwice.pl\/wiadomosci\/tragedia-nad-zbiornikiem-wodnym-nieopodal-gliwic-wyciagneli-z-zalewu-niedajacego-oznak-zycia-mezczyzne\/#primaryimage"},"image":{"@id":"https:\/\/www.24gliwice.pl\/wiadomosci\/tragedia-nad-zbiornikiem-wodnym-nieopodal-gliwic-wyciagneli-z-zalewu-niedajacego-oznak-zycia-mezczyzne\/#primaryimage"},"thumbnailUrl":"https:\/\/www.24gliwice.pl\/wiadomosci\/wp-content\/uploads\/2023\/05\/woda-policja-parawan.jpg","datePublished":"2023-05-23T10:16:19+00:00","dateModified":"2023-05-23T20:11:34+00:00","description":"W gminie Zbros\u0142awice dosz\u0142o do utoni\u0119cia m\u0119\u017cczyzny, kt\u00f3ry wcze\u015bniej ze swoimi znajomymi spo\u017cywa\u0142 alkohol. Nie \u017cyje 43-latek","breadcrumb":{"@id":"https:\/\/www.24gliwice.pl\/wiadomosci\/tragedia-nad-zbiornikiem-wodnym-nieopodal-gliwic-wyciagneli-z-zalewu-niedajacego-oznak-zycia-mezczyzne\/#breadcrumb"},"inLanguage":"pl-PL","potentialAction":[{"@type":"ReadAction","target":["https:\/\/www.24gliwice.pl\/wiadomosci\/tragedia-nad-zbiornikiem-wodnym-nieopodal-gliwic-wyciagneli-z-zalewu-niedajacego-oznak-zycia-mezczyzne\/"]}]},{"@type":"ImageObject","inLanguage":"pl-PL","@id":"https:\/\/www.24gliwice.pl\/wiadomosci\/tragedia-nad-zbiornikiem-wodnym-nieopodal-gliwic-wyciagneli-z-zalewu-niedajacego-oznak-zycia-mezczyzne\/#primaryimage","url":"https:\/\/www.24gliwice.pl\/wiadomosci\/wp-content\/uploads\/2023\/05\/woda-policja-parawan.jpg","contentUrl":"https:\/\/www.24gliwice.pl\/wiadomosci\/wp-content\/uploads\/2023\/05\/woda-policja-parawan.jpg","width":810,"height":463,"caption":"Fot. pogl\u0105dowe \/\u015al\u0105ska Policja"},{"@type":"BreadcrumbList","@id":"https:\/\/www.24gliwice.pl\/wiadomosci\/tragedia-nad-zbiornikiem-wodnym-nieopodal-gliwic-wyciagneli-z-zalewu-niedajacego-oznak-zycia-mezczyzne\/#breadcrumb","itemListElement":[{"@type":"ListItem","position":1,"name":"Strona g\u0142\u00f3wna","item":"https:\/\/www.24gliwice.pl\/wiadomosci\/"},{"@type":"ListItem","position":2,"name":"Tragedia nad zbiornikiem wodnym nieopodal Gliwic. &#8222;Wyci\u0105gn\u0119li z zalewu niedaj\u0105cego oznak \u017cycia m\u0119\u017cczyzn\u0119&#8221;"}]},{"@type":"WebSite","@id":"https:\/\/www.24gliwice.pl\/wiadomosci\/#website","url":"https:\/\/www.24gliwice.pl\/wiadomosci\/","name":"24GLIWICE - Portal Gliwice | codziennie nowe wiadomo\u015bci","description":"Portal Miejski Gliwice","publisher":{"@id":"https:\/\/www.24gliwice.pl\/wiadomosci\/#organization"},"potentialAction":[{"@type":"SearchAction","target":{"@type":"EntryPoint","urlTemplate":"https:\/\/www.24gliwice.pl\/wiadomosci\/?s={search_term_string}"},"query-input":{"@type":"PropertyValueSpecification","valueRequired":true,"valueName":"search_term_string"}}],"inLanguage":"pl-PL"},{"@type":"Organization","@id":"https:\/\/www.24gliwice.pl\/wiadomosci\/#organization","name":"24gliwice","url":"https:\/\/www.24gliwice.pl\/wiadomosci\/","logo":{"@type":"ImageObject","inLanguage":"pl-PL","@id":"https:\/\/www.24gliwice.pl\/wiadomosci\/#\/schema\/logo\/image\/","url":"https:\/\/www.24gliwice.pl\/wiadomosci\/wp-content\/uploads\/2024\/10\/24gliwice-logo-696.jpg","contentUrl":"https:\/\/www.24gliwice.pl\/wiadomosci\/wp-content\/uploads\/2024\/10\/24gliwice-logo-696.jpg","width":696,"height":696,"caption":"24gliwice"},"image":{"@id":"https:\/\/www.24gliwice.pl\/wiadomosci\/#\/schema\/logo\/image\/"},"sameAs":["https:\/\/www.facebook.com\/24gliwice","https:\/\/x.com\/24gliwice","https:\/\/www.youtube.com\/@24gliwice"]},{"@type":"Person","@id":"https:\/\/www.24gliwice.pl\/wiadomosci\/#\/schema\/person\/e42c650edd7f2fa332be3811fb166b6e","name":"\u017baneta Mrozek-Siewierska","image":{"@type":"ImageObject","inLanguage":"pl-PL","@id":"https:\/\/secure.gravatar.com\/avatar\/1881429e9c64597c77ad7aef2d0a19be69a3253e57534d16aa15bf3a4d34a0a3?s=96&d=mm&r=g","url":"https:\/\/secure.gravatar.com\/avatar\/1881429e9c64597c77ad7aef2d0a19be69a3253e57534d16aa15bf3a4d34a0a3?s=96&d=mm&r=g","contentUrl":"https:\/\/secure.gravatar.com\/avatar\/1881429e9c64597c77ad7aef2d0a19be69a3253e57534d16aa15bf3a4d34a0a3?s=96&d=mm&r=g","caption":"\u017baneta Mrozek-Siewierska"},"url":"https:\/\/www.24gliwice.pl\/wiadomosci\/author\/zms\/"}]}},"_links":{"self":[{"href":"https:\/\/www.24gliwice.pl\/wiadomosci\/wp-json\/wp\/v2\/posts\/215064","targetHints":{"allow":["GET"]}}],"collection":[{"href":"https:\/\/www.24gliwice.pl\/wiadomosci\/wp-json\/wp\/v2\/posts"}],"about":[{"href":"https:\/\/www.24gliwice.pl\/wiadomosci\/wp-json\/wp\/v2\/types\/post"}],"author":[{"embeddable":true,"href":"https:\/\/www.24gliwice.pl\/wiadomosci\/wp-json\/wp\/v2\/users\/15"}],"replies":[{"embeddable":true,"href":"https:\/\/www.24gliwice.pl\/wiadomosci\/wp-json\/wp\/v2\/comments?post=215064"}],"version-history":[{"count":0,"href":"https:\/\/www.24gliwice.pl\/wiadomosci\/wp-json\/wp\/v2\/posts\/215064\/revisions"}],"wp:featuredmedia":[{"embeddable":true,"href":"https:\/\/www.24gliwice.pl\/wiadomosci\/wp-json\/wp\/v2\/media\/215118"}],"wp:attachment":[{"href":"https:\/\/www.24gliwice.pl\/wiadomosci\/wp-json\/wp\/v2\/media?parent=215064"}],"wp:term":[{"taxonomy":"category","embeddable":true,"href":"https:\/\/www.24gliwice.pl\/wiadomosci\/wp-json\/wp\/v2\/categories?post=215064"},{"taxonomy":"post_tag","embeddable":true,"href":"https:\/\/www.24gliwice.pl\/wiadomosci\/wp-json\/wp\/v2\/tags?post=215064"}],"curies":[{"name":"wp","href":"https:\/\/api.w.org\/{rel}","templated":true}]}}