{"id":215140,"date":"2023-05-25T06:23:18","date_gmt":"2023-05-25T04:23:18","guid":{"rendered":"https:\/\/www.24gliwice.pl\/wiadomosci\/?p=215140"},"modified":"2023-05-25T01:24:35","modified_gmt":"2023-05-24T23:24:35","slug":"tworcze-wakacje-w-miescie-warsztaty-w-teatrze-miejskim-w-gliwicach-warto-pospieszyc-sie-z-zapisaniem-dziecka","status":"publish","type":"post","link":"https:\/\/www.24gliwice.pl\/wiadomosci\/tworcze-wakacje-w-miescie-warsztaty-w-teatrze-miejskim-w-gliwicach-warto-pospieszyc-sie-z-zapisaniem-dziecka\/","title":{"rendered":"Tw\u00f3rcze wakacje w mie\u015bcie \u2013 warsztaty w Teatrze Miejskim w Gliwicach. Warto pospieszy\u0107 si\u0119 z zapisaniem dziecka"},"content":{"rendered":"<div class=\"gliwi-a6-nad-leadem-artykulow gliwi-entity-placement\" id=\"gliwi-1602057329\"><div class=\"gliwi-adlabel\"><span style=\"font-size: 9px\">REKLAMA<\/span><\/div><div id=\"gliwi-2472286914\" style=\"margin-bottom: 25px;margin-left: auto;margin-right: auto;text-align: center;\"><a data-no-instant=\"1\" href=\"https:\/\/dom100.eu\/\" rel=\"noopener\" class=\"a2t-link\" target=\"_blank\" aria-label=\"20260415 DOM100 D\"><img loading=\"lazy\" decoding=\"async\" src=\"https:\/\/www.24gliwice.pl\/wiadomosci\/wp-content\/uploads\/2026\/04\/20260415-DOM100-D.jpg\" alt=\"\"  srcset=\"https:\/\/www.24gliwice.pl\/wiadomosci\/wp-content\/uploads\/2026\/04\/20260415-DOM100-D.jpg 750w, https:\/\/www.24gliwice.pl\/wiadomosci\/wp-content\/uploads\/2026\/04\/20260415-DOM100-D-410x109.jpg 410w\" sizes=\"(max-width: 750px) 100vw, 750px\" class=\"no-lazyload\" width=\"750\" height=\"200\"  style=\"display: inline-block; max-width: 100%; height: auto;\" \/><\/a><\/div><\/div><h2>Turnusy teatralne, warsztaty musicalowe, zwiedzanie teatru &#8211; dla dzieci sp\u0119dzaj\u0105cych lato w mie\u015bcie gliwicki teatr przygotowa\u0142 kilka ciekawych propozycji.<\/h2>\n<p>&nbsp;<br \/>\nJak co roku Teatr Miejski zaplanowa\u0142 atrakcyjne zaj\u0119cia wakacyjne. &#8211; <em>Stawiamy na dobr\u0105 zabaw\u0119 w ruchu, budowanie relacji z innymi i rozw\u00f3j indywidualnych talent\u00f3w. To nie tylko szansa na tw\u00f3rczy rozw\u00f3j najm\u0142odszych, ale te\u017c pomoc w organizacji czasu wolnego dla rodzic\u00f3w<\/em> \u2013 m\u00f3wi <strong>Grzegorz Krawczyk,<\/strong> dyrektor Teatru Miejskiego w Gliwicach.<\/p>\n<h4>TYGODNIOWE WARSZTATY AKTORSKIE<\/h4>\n<p>W lipcu aktor <strong>Kornel Sadowski<\/strong> poprowadzi dla dzieci dwa turnusy tygodniowych warsztat\u00f3w aktorskich. &#8211; W ostatnim dniu zaj\u0119\u0107 zapraszamy rodzic\u00f3w i opiekun\u00f3w na minipokaz naszej pracy. Doro\u015bli s\u0105 zawsze zaskoczeni pomys\u0142owo\u015bci\u0105 i pracowito\u015bci\u0105 dzieci \u2013 m\u00f3wi aktor. <\/p><div class=\"gliwi-a3-w-tresci-artykulow gliwi-entity-placement\" id=\"gliwi-3312448551\"><div class=\"gliwi-adlabel\"><span style=\"font-size: 9px\">REKLAMA<\/span><\/div><div id=\"gliwi-1139025376\" style=\"margin-bottom: 30px;margin-left: auto;margin-right: auto;text-align: center;\"><a data-no-instant=\"1\" href=\"https:\/\/zlobek.halogen.org.pl\/\" rel=\"noopener\" class=\"a2t-link\" target=\"_blank\" aria-label=\"animator-zlobek_750x200\"><img loading=\"lazy\" decoding=\"async\" src=\"https:\/\/www.24gliwice.pl\/wiadomosci\/wp-content\/uploads\/2026\/02\/animator-zlobek_750x200.webp\" alt=\"\"  srcset=\"https:\/\/www.24gliwice.pl\/wiadomosci\/wp-content\/uploads\/2026\/02\/animator-zlobek_750x200.webp 750w, https:\/\/www.24gliwice.pl\/wiadomosci\/wp-content\/uploads\/2026\/02\/animator-zlobek_750x200-410x109.webp 410w\" sizes=\"(max-width: 750px) 100vw, 750px\" class=\"no-lazyload\" width=\"750\" height=\"200\"  style=\"display: inline-block; max-width: 100%; height: auto;\" \/><\/a><\/div><\/div>\n<p>Turnus 3-7 lipca przeznaczony jest dla dzieci w wieku 7-10 lat, a w terminie 10-14 lipca pracowa\u0107 b\u0119dzie grupa 11-14 latk\u00f3w.<\/p>\n<h4>PIOSENKI I CHOREOGRAFIE<\/h4>\n<p>Warsztaty musicalowe to nowy pomys\u0142 pary aktor\u00f3w, <strong>Karoliny Olgi Burek i Macieja Piasnego.<\/strong> &#8211; Uwielbiamy \u015bpiewa\u0107 dla dzieci i z dzie\u0107mi. Do przygotowania zaj\u0119\u0107 zainspirowali nas m\u0142odzi widzowie, kt\u00f3rzy po spektaklu \u201ePrzygody Tomka Sawyera\u201d wprost nie chc\u0105 nas wypu\u015bci\u0107 ze wsp\u00f3lnych ta\u0144c\u00f3w. Na warsztatach musicalowych nauczymy si\u0119 utwor\u00f3w ze spektaklu \u2013 zaprasza Karolina Olga Burek. Zaj\u0119cia odb\u0119d\u0105 si\u0119 7, 21 i 28 sierpnia.<\/p>\n<h4>P\u00d3\u0141KOLONIE DO TEATRU<\/h4>\n<p>Teatr przygotowa\u0142 tak\u017ce propozycj\u0119 dla organizator\u00f3w p\u00f3\u0142kolonii. W wybranych terminach aktorzy poprowadz\u0105 warsztaty aktorskie, a tak\u017ce oprowadz\u0105 dzieci po teatralnych zakamarkach.<\/p>\n<p>Na wszystkie zaj\u0119cia obowi\u0105zuj\u0105 zapisy. Pe\u0142ny program i informacje o biletach na warsztaty wakacyjne: <a href=\"https:\/\/teatr.gliwice.pl\/dla-szkol-i-przedszkoli\/wakacje-w-teatrze2023\/\" rel=\"noopener\" target=\"_blank\">https:\/\/teatr.gliwice.pl\/dla-szkol-i-przedszkoli\/wakacje-w-teatrze2023\/<\/a><\/p>\n<p>(mat. TMG)<br \/>\nfot. Teatr Miejski w Gliwicach<\/p>\n<div class=\"gliwi-a5-na-koncu-artykulow gliwi-entity-placement\" id=\"gliwi-781227527\"><div class=\"gliwi-adlabel\"><span style=\"font-size: 9px\">REKLAMA<\/span><\/div><div id=\"gliwi-1117108737\" style=\"margin-left: auto;margin-right: auto;text-align: center;\"><a data-no-instant=\"1\" href=\"https:\/\/prezeroarenagliwice.pl\/\" rel=\"noopener\" class=\"a2t-link\" target=\"_blank\" aria-label=\"20260309-PREZERO-WIOSNA-D\"><img loading=\"lazy\" decoding=\"async\" src=\"https:\/\/www.24gliwice.pl\/wiadomosci\/wp-content\/uploads\/2026\/03\/20260309-PREZERO-WIOSNA-D.webp\" alt=\"\"  srcset=\"https:\/\/www.24gliwice.pl\/wiadomosci\/wp-content\/uploads\/2026\/03\/20260309-PREZERO-WIOSNA-D.webp 750w, https:\/\/www.24gliwice.pl\/wiadomosci\/wp-content\/uploads\/2026\/03\/20260309-PREZERO-WIOSNA-D-410x109.webp 410w\" sizes=\"(max-width: 750px) 100vw, 750px\" class=\"no-lazyload\" width=\"750\" height=\"200\"  style=\"display: inline-block; max-width: 100%; height: auto;\" \/><\/a><\/div><\/div>","protected":false},"excerpt":{"rendered":"<p>Turnusy teatralne, warsztaty musicalowe, zwiedzanie teatru &#8211; dla dzieci sp\u0119dzaj\u0105cych lato w mie\u015bcie gliwicki teatr przygotowa\u0142 kilka ciekawych propozycji. &nbsp; Jak co roku Teatr Miejski zaplanowa\u0142 atrakcyjne zaj\u0119cia wakacyjne. &#8211; Stawiamy na dobr\u0105 zabaw\u0119 w ruchu, budowanie relacji z innymi i rozw\u00f3j indywidualnych talent\u00f3w. To nie tylko szansa na tw\u00f3rczy rozw\u00f3j najm\u0142odszych, ale te\u017c pomoc [&hellip;]<\/p>\n","protected":false},"author":15,"featured_media":215148,"comment_status":"open","ping_status":"closed","sticky":false,"template":"","format":"standard","meta":{"_monsterinsights_skip_tracking":false,"_monsterinsights_sitenote_active":false,"_monsterinsights_sitenote_note":"","_monsterinsights_sitenote_category":0,"footnotes":"","_links_to":"","_links_to_target":""},"categories":[3,6,1,1129],"tags":[7857,10726],"class_list":["post-215140","post","type-post","status-publish","format-standard","has-post-thumbnail","hentry","category-gliwice","category-kultura","category-wszystko","category-polecamy","tag-wakacje","tag-warsztaty-teatralne"],"yoast_head":"<!-- This site is optimized with the Yoast SEO plugin v27.5 - https:\/\/yoast.com\/product\/yoast-seo-wordpress\/ -->\n<title>Tw\u00f3rcze wakacje w mie\u015bcie \u2013 warsztaty w Teatrze Miejskim w Gliwicach. Warto pospieszy\u0107 si\u0119 z zapisaniem dziecka - 24GLIWICE - Portal Gliwice | codziennie nowe informacje<\/title>\n<meta name=\"description\" content=\"Dzieci, kt\u00f3re przynajmniej cz\u0119\u015b\u0107 wakacji b\u0119d\u0105 sp\u0119dza\u0107 w mie\u015bcie, mog\u0105 zapisa\u0107 si\u0119 na warsztaty albo p\u00f3\u0142kolonie w Teatrze Miejskim w Gliwicach\" \/>\n<meta name=\"robots\" content=\"index, follow, max-snippet:-1, max-image-preview:large, max-video-preview:-1\" \/>\n<link rel=\"canonical\" href=\"https:\/\/www.24gliwice.pl\/wiadomosci\/tworcze-wakacje-w-miescie-warsztaty-w-teatrze-miejskim-w-gliwicach-warto-pospieszyc-sie-z-zapisaniem-dziecka\/\" \/>\n<meta property=\"og:locale\" content=\"pl_PL\" \/>\n<meta property=\"og:type\" content=\"article\" \/>\n<meta property=\"og:title\" content=\"Tw\u00f3rcze wakacje w mie\u015bcie \u2013 warsztaty w Teatrze Miejskim w Gliwicach. Warto pospieszy\u0107 si\u0119 z zapisaniem dziecka - 24GLIWICE - Portal Gliwice | codziennie nowe informacje\" \/>\n<meta property=\"og:description\" content=\"Dzieci, kt\u00f3re przynajmniej cz\u0119\u015b\u0107 wakacji b\u0119d\u0105 sp\u0119dza\u0107 w mie\u015bcie, mog\u0105 zapisa\u0107 si\u0119 na warsztaty albo p\u00f3\u0142kolonie w Teatrze Miejskim w Gliwicach\" \/>\n<meta property=\"og:url\" content=\"https:\/\/www.24gliwice.pl\/wiadomosci\/tworcze-wakacje-w-miescie-warsztaty-w-teatrze-miejskim-w-gliwicach-warto-pospieszyc-sie-z-zapisaniem-dziecka\/\" \/>\n<meta property=\"og:site_name\" content=\"24GLIWICE - Portal Gliwice | codziennie nowe informacje\" \/>\n<meta property=\"article:publisher\" content=\"https:\/\/www.facebook.com\/24gliwice\" \/>\n<meta property=\"article:published_time\" content=\"2023-05-25T04:23:18+00:00\" \/>\n<meta property=\"og:image\" content=\"https:\/\/www.24gliwice.pl\/wiadomosci\/wp-content\/uploads\/2023\/05\/warsztaty-w-teatrze-astaszow-001.jpg\" \/>\n\t<meta property=\"og:image:width\" content=\"810\" \/>\n\t<meta property=\"og:image:height\" content=\"456\" \/>\n\t<meta property=\"og:image:type\" content=\"image\/jpeg\" \/>\n<meta name=\"author\" content=\"\u017baneta Mrozek-Siewierska\" \/>\n<meta name=\"twitter:card\" content=\"summary_large_image\" \/>\n<meta name=\"twitter:creator\" content=\"@24gliwice\" \/>\n<meta name=\"twitter:site\" content=\"@24gliwice\" \/>\n<meta name=\"twitter:label1\" content=\"Napisane przez\" \/>\n\t<meta name=\"twitter:data1\" content=\"\u017baneta Mrozek-Siewierska\" \/>\n\t<meta name=\"twitter:label2\" content=\"Szacowany czas czytania\" \/>\n\t<meta name=\"twitter:data2\" content=\"2 minuty\" \/>\n<script type=\"application\/ld+json\" class=\"yoast-schema-graph\">{\"@context\":\"https:\\\/\\\/schema.org\",\"@graph\":[{\"@type\":\"Article\",\"@id\":\"https:\\\/\\\/www.24gliwice.pl\\\/wiadomosci\\\/tworcze-wakacje-w-miescie-warsztaty-w-teatrze-miejskim-w-gliwicach-warto-pospieszyc-sie-z-zapisaniem-dziecka\\\/#article\",\"isPartOf\":{\"@id\":\"https:\\\/\\\/www.24gliwice.pl\\\/wiadomosci\\\/tworcze-wakacje-w-miescie-warsztaty-w-teatrze-miejskim-w-gliwicach-warto-pospieszyc-sie-z-zapisaniem-dziecka\\\/\"},\"author\":{\"name\":\"\u017baneta Mrozek-Siewierska\",\"@id\":\"https:\\\/\\\/www.24gliwice.pl\\\/wiadomosci\\\/#\\\/schema\\\/person\\\/e42c650edd7f2fa332be3811fb166b6e\"},\"headline\":\"Tw\u00f3rcze wakacje w mie\u015bcie \u2013 warsztaty w Teatrze Miejskim w Gliwicach. Warto pospieszy\u0107 si\u0119 z zapisaniem dziecka\",\"datePublished\":\"2023-05-25T04:23:18+00:00\",\"mainEntityOfPage\":{\"@id\":\"https:\\\/\\\/www.24gliwice.pl\\\/wiadomosci\\\/tworcze-wakacje-w-miescie-warsztaty-w-teatrze-miejskim-w-gliwicach-warto-pospieszyc-sie-z-zapisaniem-dziecka\\\/\"},\"wordCount\":300,\"commentCount\":0,\"publisher\":{\"@id\":\"https:\\\/\\\/www.24gliwice.pl\\\/wiadomosci\\\/#organization\"},\"image\":{\"@id\":\"https:\\\/\\\/www.24gliwice.pl\\\/wiadomosci\\\/tworcze-wakacje-w-miescie-warsztaty-w-teatrze-miejskim-w-gliwicach-warto-pospieszyc-sie-z-zapisaniem-dziecka\\\/#primaryimage\"},\"thumbnailUrl\":\"https:\\\/\\\/www.24gliwice.pl\\\/wiadomosci\\\/wp-content\\\/uploads\\\/2023\\\/05\\\/warsztaty-w-teatrze-astaszow-001.jpg\",\"keywords\":[\"WAKACJE\",\"warsztaty teatralne\"],\"articleSection\":[\"Gliwice\",\"Kultura, wydarzenia, imprezy\",\"Najnowsze wiadomo\u015bci\",\"Polecamy\"],\"inLanguage\":\"pl-PL\",\"potentialAction\":[{\"@type\":\"CommentAction\",\"name\":\"Comment\",\"target\":[\"https:\\\/\\\/www.24gliwice.pl\\\/wiadomosci\\\/tworcze-wakacje-w-miescie-warsztaty-w-teatrze-miejskim-w-gliwicach-warto-pospieszyc-sie-z-zapisaniem-dziecka\\\/#respond\"]}]},{\"@type\":\"WebPage\",\"@id\":\"https:\\\/\\\/www.24gliwice.pl\\\/wiadomosci\\\/tworcze-wakacje-w-miescie-warsztaty-w-teatrze-miejskim-w-gliwicach-warto-pospieszyc-sie-z-zapisaniem-dziecka\\\/\",\"url\":\"https:\\\/\\\/www.24gliwice.pl\\\/wiadomosci\\\/tworcze-wakacje-w-miescie-warsztaty-w-teatrze-miejskim-w-gliwicach-warto-pospieszyc-sie-z-zapisaniem-dziecka\\\/\",\"name\":\"Tw\u00f3rcze wakacje w mie\u015bcie \u2013 warsztaty w Teatrze Miejskim w Gliwicach. Warto pospieszy\u0107 si\u0119 z zapisaniem dziecka - 24GLIWICE - Portal Gliwice | codziennie nowe informacje\",\"isPartOf\":{\"@id\":\"https:\\\/\\\/www.24gliwice.pl\\\/wiadomosci\\\/#website\"},\"primaryImageOfPage\":{\"@id\":\"https:\\\/\\\/www.24gliwice.pl\\\/wiadomosci\\\/tworcze-wakacje-w-miescie-warsztaty-w-teatrze-miejskim-w-gliwicach-warto-pospieszyc-sie-z-zapisaniem-dziecka\\\/#primaryimage\"},\"image\":{\"@id\":\"https:\\\/\\\/www.24gliwice.pl\\\/wiadomosci\\\/tworcze-wakacje-w-miescie-warsztaty-w-teatrze-miejskim-w-gliwicach-warto-pospieszyc-sie-z-zapisaniem-dziecka\\\/#primaryimage\"},\"thumbnailUrl\":\"https:\\\/\\\/www.24gliwice.pl\\\/wiadomosci\\\/wp-content\\\/uploads\\\/2023\\\/05\\\/warsztaty-w-teatrze-astaszow-001.jpg\",\"datePublished\":\"2023-05-25T04:23:18+00:00\",\"description\":\"Dzieci, kt\u00f3re przynajmniej cz\u0119\u015b\u0107 wakacji b\u0119d\u0105 sp\u0119dza\u0107 w mie\u015bcie, mog\u0105 zapisa\u0107 si\u0119 na warsztaty albo p\u00f3\u0142kolonie w Teatrze Miejskim w Gliwicach\",\"breadcrumb\":{\"@id\":\"https:\\\/\\\/www.24gliwice.pl\\\/wiadomosci\\\/tworcze-wakacje-w-miescie-warsztaty-w-teatrze-miejskim-w-gliwicach-warto-pospieszyc-sie-z-zapisaniem-dziecka\\\/#breadcrumb\"},\"inLanguage\":\"pl-PL\",\"potentialAction\":[{\"@type\":\"ReadAction\",\"target\":[\"https:\\\/\\\/www.24gliwice.pl\\\/wiadomosci\\\/tworcze-wakacje-w-miescie-warsztaty-w-teatrze-miejskim-w-gliwicach-warto-pospieszyc-sie-z-zapisaniem-dziecka\\\/\"]}]},{\"@type\":\"ImageObject\",\"inLanguage\":\"pl-PL\",\"@id\":\"https:\\\/\\\/www.24gliwice.pl\\\/wiadomosci\\\/tworcze-wakacje-w-miescie-warsztaty-w-teatrze-miejskim-w-gliwicach-warto-pospieszyc-sie-z-zapisaniem-dziecka\\\/#primaryimage\",\"url\":\"https:\\\/\\\/www.24gliwice.pl\\\/wiadomosci\\\/wp-content\\\/uploads\\\/2023\\\/05\\\/warsztaty-w-teatrze-astaszow-001.jpg\",\"contentUrl\":\"https:\\\/\\\/www.24gliwice.pl\\\/wiadomosci\\\/wp-content\\\/uploads\\\/2023\\\/05\\\/warsztaty-w-teatrze-astaszow-001.jpg\",\"width\":810,\"height\":456},{\"@type\":\"BreadcrumbList\",\"@id\":\"https:\\\/\\\/www.24gliwice.pl\\\/wiadomosci\\\/tworcze-wakacje-w-miescie-warsztaty-w-teatrze-miejskim-w-gliwicach-warto-pospieszyc-sie-z-zapisaniem-dziecka\\\/#breadcrumb\",\"itemListElement\":[{\"@type\":\"ListItem\",\"position\":1,\"name\":\"Strona g\u0142\u00f3wna\",\"item\":\"https:\\\/\\\/www.24gliwice.pl\\\/wiadomosci\\\/\"},{\"@type\":\"ListItem\",\"position\":2,\"name\":\"Tw\u00f3rcze wakacje w mie\u015bcie \u2013 warsztaty w Teatrze Miejskim w Gliwicach. Warto pospieszy\u0107 si\u0119 z zapisaniem dziecka\"}]},{\"@type\":\"WebSite\",\"@id\":\"https:\\\/\\\/www.24gliwice.pl\\\/wiadomosci\\\/#website\",\"url\":\"https:\\\/\\\/www.24gliwice.pl\\\/wiadomosci\\\/\",\"name\":\"24GLIWICE - Portal Gliwice | codziennie nowe wiadomo\u015bci\",\"description\":\"Portal Miejski Gliwice\",\"publisher\":{\"@id\":\"https:\\\/\\\/www.24gliwice.pl\\\/wiadomosci\\\/#organization\"},\"potentialAction\":[{\"@type\":\"SearchAction\",\"target\":{\"@type\":\"EntryPoint\",\"urlTemplate\":\"https:\\\/\\\/www.24gliwice.pl\\\/wiadomosci\\\/?s={search_term_string}\"},\"query-input\":{\"@type\":\"PropertyValueSpecification\",\"valueRequired\":true,\"valueName\":\"search_term_string\"}}],\"inLanguage\":\"pl-PL\"},{\"@type\":\"Organization\",\"@id\":\"https:\\\/\\\/www.24gliwice.pl\\\/wiadomosci\\\/#organization\",\"name\":\"24gliwice\",\"url\":\"https:\\\/\\\/www.24gliwice.pl\\\/wiadomosci\\\/\",\"logo\":{\"@type\":\"ImageObject\",\"inLanguage\":\"pl-PL\",\"@id\":\"https:\\\/\\\/www.24gliwice.pl\\\/wiadomosci\\\/#\\\/schema\\\/logo\\\/image\\\/\",\"url\":\"https:\\\/\\\/www.24gliwice.pl\\\/wiadomosci\\\/wp-content\\\/uploads\\\/2024\\\/10\\\/24gliwice-logo-696.jpg\",\"contentUrl\":\"https:\\\/\\\/www.24gliwice.pl\\\/wiadomosci\\\/wp-content\\\/uploads\\\/2024\\\/10\\\/24gliwice-logo-696.jpg\",\"width\":696,\"height\":696,\"caption\":\"24gliwice\"},\"image\":{\"@id\":\"https:\\\/\\\/www.24gliwice.pl\\\/wiadomosci\\\/#\\\/schema\\\/logo\\\/image\\\/\"},\"sameAs\":[\"https:\\\/\\\/www.facebook.com\\\/24gliwice\",\"https:\\\/\\\/x.com\\\/24gliwice\",\"https:\\\/\\\/www.youtube.com\\\/@24gliwice\"]},{\"@type\":\"Person\",\"@id\":\"https:\\\/\\\/www.24gliwice.pl\\\/wiadomosci\\\/#\\\/schema\\\/person\\\/e42c650edd7f2fa332be3811fb166b6e\",\"name\":\"\u017baneta Mrozek-Siewierska\",\"image\":{\"@type\":\"ImageObject\",\"inLanguage\":\"pl-PL\",\"@id\":\"https:\\\/\\\/secure.gravatar.com\\\/avatar\\\/1881429e9c64597c77ad7aef2d0a19be69a3253e57534d16aa15bf3a4d34a0a3?s=96&d=mm&r=g\",\"url\":\"https:\\\/\\\/secure.gravatar.com\\\/avatar\\\/1881429e9c64597c77ad7aef2d0a19be69a3253e57534d16aa15bf3a4d34a0a3?s=96&d=mm&r=g\",\"contentUrl\":\"https:\\\/\\\/secure.gravatar.com\\\/avatar\\\/1881429e9c64597c77ad7aef2d0a19be69a3253e57534d16aa15bf3a4d34a0a3?s=96&d=mm&r=g\",\"caption\":\"\u017baneta Mrozek-Siewierska\"},\"url\":\"https:\\\/\\\/www.24gliwice.pl\\\/wiadomosci\\\/author\\\/zms\\\/\"}]}<\/script>\n<!-- \/ Yoast SEO plugin. -->","yoast_head_json":{"title":"Tw\u00f3rcze wakacje w mie\u015bcie \u2013 warsztaty w Teatrze Miejskim w Gliwicach. Warto pospieszy\u0107 si\u0119 z zapisaniem dziecka - 24GLIWICE - Portal Gliwice | codziennie nowe informacje","description":"Dzieci, kt\u00f3re przynajmniej cz\u0119\u015b\u0107 wakacji b\u0119d\u0105 sp\u0119dza\u0107 w mie\u015bcie, mog\u0105 zapisa\u0107 si\u0119 na warsztaty albo p\u00f3\u0142kolonie w Teatrze Miejskim w Gliwicach","robots":{"index":"index","follow":"follow","max-snippet":"max-snippet:-1","max-image-preview":"max-image-preview:large","max-video-preview":"max-video-preview:-1"},"canonical":"https:\/\/www.24gliwice.pl\/wiadomosci\/tworcze-wakacje-w-miescie-warsztaty-w-teatrze-miejskim-w-gliwicach-warto-pospieszyc-sie-z-zapisaniem-dziecka\/","og_locale":"pl_PL","og_type":"article","og_title":"Tw\u00f3rcze wakacje w mie\u015bcie \u2013 warsztaty w Teatrze Miejskim w Gliwicach. Warto pospieszy\u0107 si\u0119 z zapisaniem dziecka - 24GLIWICE - Portal Gliwice | codziennie nowe informacje","og_description":"Dzieci, kt\u00f3re przynajmniej cz\u0119\u015b\u0107 wakacji b\u0119d\u0105 sp\u0119dza\u0107 w mie\u015bcie, mog\u0105 zapisa\u0107 si\u0119 na warsztaty albo p\u00f3\u0142kolonie w Teatrze Miejskim w Gliwicach","og_url":"https:\/\/www.24gliwice.pl\/wiadomosci\/tworcze-wakacje-w-miescie-warsztaty-w-teatrze-miejskim-w-gliwicach-warto-pospieszyc-sie-z-zapisaniem-dziecka\/","og_site_name":"24GLIWICE - Portal Gliwice | codziennie nowe informacje","article_publisher":"https:\/\/www.facebook.com\/24gliwice","article_published_time":"2023-05-25T04:23:18+00:00","og_image":[{"width":810,"height":456,"url":"https:\/\/www.24gliwice.pl\/wiadomosci\/wp-content\/uploads\/2023\/05\/warsztaty-w-teatrze-astaszow-001.jpg","type":"image\/jpeg"}],"author":"\u017baneta Mrozek-Siewierska","twitter_card":"summary_large_image","twitter_creator":"@24gliwice","twitter_site":"@24gliwice","twitter_misc":{"Napisane przez":"\u017baneta Mrozek-Siewierska","Szacowany czas czytania":"2 minuty"},"schema":{"@context":"https:\/\/schema.org","@graph":[{"@type":"Article","@id":"https:\/\/www.24gliwice.pl\/wiadomosci\/tworcze-wakacje-w-miescie-warsztaty-w-teatrze-miejskim-w-gliwicach-warto-pospieszyc-sie-z-zapisaniem-dziecka\/#article","isPartOf":{"@id":"https:\/\/www.24gliwice.pl\/wiadomosci\/tworcze-wakacje-w-miescie-warsztaty-w-teatrze-miejskim-w-gliwicach-warto-pospieszyc-sie-z-zapisaniem-dziecka\/"},"author":{"name":"\u017baneta Mrozek-Siewierska","@id":"https:\/\/www.24gliwice.pl\/wiadomosci\/#\/schema\/person\/e42c650edd7f2fa332be3811fb166b6e"},"headline":"Tw\u00f3rcze wakacje w mie\u015bcie \u2013 warsztaty w Teatrze Miejskim w Gliwicach. Warto pospieszy\u0107 si\u0119 z zapisaniem dziecka","datePublished":"2023-05-25T04:23:18+00:00","mainEntityOfPage":{"@id":"https:\/\/www.24gliwice.pl\/wiadomosci\/tworcze-wakacje-w-miescie-warsztaty-w-teatrze-miejskim-w-gliwicach-warto-pospieszyc-sie-z-zapisaniem-dziecka\/"},"wordCount":300,"commentCount":0,"publisher":{"@id":"https:\/\/www.24gliwice.pl\/wiadomosci\/#organization"},"image":{"@id":"https:\/\/www.24gliwice.pl\/wiadomosci\/tworcze-wakacje-w-miescie-warsztaty-w-teatrze-miejskim-w-gliwicach-warto-pospieszyc-sie-z-zapisaniem-dziecka\/#primaryimage"},"thumbnailUrl":"https:\/\/www.24gliwice.pl\/wiadomosci\/wp-content\/uploads\/2023\/05\/warsztaty-w-teatrze-astaszow-001.jpg","keywords":["WAKACJE","warsztaty teatralne"],"articleSection":["Gliwice","Kultura, wydarzenia, imprezy","Najnowsze wiadomo\u015bci","Polecamy"],"inLanguage":"pl-PL","potentialAction":[{"@type":"CommentAction","name":"Comment","target":["https:\/\/www.24gliwice.pl\/wiadomosci\/tworcze-wakacje-w-miescie-warsztaty-w-teatrze-miejskim-w-gliwicach-warto-pospieszyc-sie-z-zapisaniem-dziecka\/#respond"]}]},{"@type":"WebPage","@id":"https:\/\/www.24gliwice.pl\/wiadomosci\/tworcze-wakacje-w-miescie-warsztaty-w-teatrze-miejskim-w-gliwicach-warto-pospieszyc-sie-z-zapisaniem-dziecka\/","url":"https:\/\/www.24gliwice.pl\/wiadomosci\/tworcze-wakacje-w-miescie-warsztaty-w-teatrze-miejskim-w-gliwicach-warto-pospieszyc-sie-z-zapisaniem-dziecka\/","name":"Tw\u00f3rcze wakacje w mie\u015bcie \u2013 warsztaty w Teatrze Miejskim w Gliwicach. Warto pospieszy\u0107 si\u0119 z zapisaniem dziecka - 24GLIWICE - Portal Gliwice | codziennie nowe informacje","isPartOf":{"@id":"https:\/\/www.24gliwice.pl\/wiadomosci\/#website"},"primaryImageOfPage":{"@id":"https:\/\/www.24gliwice.pl\/wiadomosci\/tworcze-wakacje-w-miescie-warsztaty-w-teatrze-miejskim-w-gliwicach-warto-pospieszyc-sie-z-zapisaniem-dziecka\/#primaryimage"},"image":{"@id":"https:\/\/www.24gliwice.pl\/wiadomosci\/tworcze-wakacje-w-miescie-warsztaty-w-teatrze-miejskim-w-gliwicach-warto-pospieszyc-sie-z-zapisaniem-dziecka\/#primaryimage"},"thumbnailUrl":"https:\/\/www.24gliwice.pl\/wiadomosci\/wp-content\/uploads\/2023\/05\/warsztaty-w-teatrze-astaszow-001.jpg","datePublished":"2023-05-25T04:23:18+00:00","description":"Dzieci, kt\u00f3re przynajmniej cz\u0119\u015b\u0107 wakacji b\u0119d\u0105 sp\u0119dza\u0107 w mie\u015bcie, mog\u0105 zapisa\u0107 si\u0119 na warsztaty albo p\u00f3\u0142kolonie w Teatrze Miejskim w Gliwicach","breadcrumb":{"@id":"https:\/\/www.24gliwice.pl\/wiadomosci\/tworcze-wakacje-w-miescie-warsztaty-w-teatrze-miejskim-w-gliwicach-warto-pospieszyc-sie-z-zapisaniem-dziecka\/#breadcrumb"},"inLanguage":"pl-PL","potentialAction":[{"@type":"ReadAction","target":["https:\/\/www.24gliwice.pl\/wiadomosci\/tworcze-wakacje-w-miescie-warsztaty-w-teatrze-miejskim-w-gliwicach-warto-pospieszyc-sie-z-zapisaniem-dziecka\/"]}]},{"@type":"ImageObject","inLanguage":"pl-PL","@id":"https:\/\/www.24gliwice.pl\/wiadomosci\/tworcze-wakacje-w-miescie-warsztaty-w-teatrze-miejskim-w-gliwicach-warto-pospieszyc-sie-z-zapisaniem-dziecka\/#primaryimage","url":"https:\/\/www.24gliwice.pl\/wiadomosci\/wp-content\/uploads\/2023\/05\/warsztaty-w-teatrze-astaszow-001.jpg","contentUrl":"https:\/\/www.24gliwice.pl\/wiadomosci\/wp-content\/uploads\/2023\/05\/warsztaty-w-teatrze-astaszow-001.jpg","width":810,"height":456},{"@type":"BreadcrumbList","@id":"https:\/\/www.24gliwice.pl\/wiadomosci\/tworcze-wakacje-w-miescie-warsztaty-w-teatrze-miejskim-w-gliwicach-warto-pospieszyc-sie-z-zapisaniem-dziecka\/#breadcrumb","itemListElement":[{"@type":"ListItem","position":1,"name":"Strona g\u0142\u00f3wna","item":"https:\/\/www.24gliwice.pl\/wiadomosci\/"},{"@type":"ListItem","position":2,"name":"Tw\u00f3rcze wakacje w mie\u015bcie \u2013 warsztaty w Teatrze Miejskim w Gliwicach. Warto pospieszy\u0107 si\u0119 z zapisaniem dziecka"}]},{"@type":"WebSite","@id":"https:\/\/www.24gliwice.pl\/wiadomosci\/#website","url":"https:\/\/www.24gliwice.pl\/wiadomosci\/","name":"24GLIWICE - Portal Gliwice | codziennie nowe wiadomo\u015bci","description":"Portal Miejski Gliwice","publisher":{"@id":"https:\/\/www.24gliwice.pl\/wiadomosci\/#organization"},"potentialAction":[{"@type":"SearchAction","target":{"@type":"EntryPoint","urlTemplate":"https:\/\/www.24gliwice.pl\/wiadomosci\/?s={search_term_string}"},"query-input":{"@type":"PropertyValueSpecification","valueRequired":true,"valueName":"search_term_string"}}],"inLanguage":"pl-PL"},{"@type":"Organization","@id":"https:\/\/www.24gliwice.pl\/wiadomosci\/#organization","name":"24gliwice","url":"https:\/\/www.24gliwice.pl\/wiadomosci\/","logo":{"@type":"ImageObject","inLanguage":"pl-PL","@id":"https:\/\/www.24gliwice.pl\/wiadomosci\/#\/schema\/logo\/image\/","url":"https:\/\/www.24gliwice.pl\/wiadomosci\/wp-content\/uploads\/2024\/10\/24gliwice-logo-696.jpg","contentUrl":"https:\/\/www.24gliwice.pl\/wiadomosci\/wp-content\/uploads\/2024\/10\/24gliwice-logo-696.jpg","width":696,"height":696,"caption":"24gliwice"},"image":{"@id":"https:\/\/www.24gliwice.pl\/wiadomosci\/#\/schema\/logo\/image\/"},"sameAs":["https:\/\/www.facebook.com\/24gliwice","https:\/\/x.com\/24gliwice","https:\/\/www.youtube.com\/@24gliwice"]},{"@type":"Person","@id":"https:\/\/www.24gliwice.pl\/wiadomosci\/#\/schema\/person\/e42c650edd7f2fa332be3811fb166b6e","name":"\u017baneta Mrozek-Siewierska","image":{"@type":"ImageObject","inLanguage":"pl-PL","@id":"https:\/\/secure.gravatar.com\/avatar\/1881429e9c64597c77ad7aef2d0a19be69a3253e57534d16aa15bf3a4d34a0a3?s=96&d=mm&r=g","url":"https:\/\/secure.gravatar.com\/avatar\/1881429e9c64597c77ad7aef2d0a19be69a3253e57534d16aa15bf3a4d34a0a3?s=96&d=mm&r=g","contentUrl":"https:\/\/secure.gravatar.com\/avatar\/1881429e9c64597c77ad7aef2d0a19be69a3253e57534d16aa15bf3a4d34a0a3?s=96&d=mm&r=g","caption":"\u017baneta Mrozek-Siewierska"},"url":"https:\/\/www.24gliwice.pl\/wiadomosci\/author\/zms\/"}]}},"_links":{"self":[{"href":"https:\/\/www.24gliwice.pl\/wiadomosci\/wp-json\/wp\/v2\/posts\/215140","targetHints":{"allow":["GET"]}}],"collection":[{"href":"https:\/\/www.24gliwice.pl\/wiadomosci\/wp-json\/wp\/v2\/posts"}],"about":[{"href":"https:\/\/www.24gliwice.pl\/wiadomosci\/wp-json\/wp\/v2\/types\/post"}],"author":[{"embeddable":true,"href":"https:\/\/www.24gliwice.pl\/wiadomosci\/wp-json\/wp\/v2\/users\/15"}],"replies":[{"embeddable":true,"href":"https:\/\/www.24gliwice.pl\/wiadomosci\/wp-json\/wp\/v2\/comments?post=215140"}],"version-history":[{"count":0,"href":"https:\/\/www.24gliwice.pl\/wiadomosci\/wp-json\/wp\/v2\/posts\/215140\/revisions"}],"wp:featuredmedia":[{"embeddable":true,"href":"https:\/\/www.24gliwice.pl\/wiadomosci\/wp-json\/wp\/v2\/media\/215148"}],"wp:attachment":[{"href":"https:\/\/www.24gliwice.pl\/wiadomosci\/wp-json\/wp\/v2\/media?parent=215140"}],"wp:term":[{"taxonomy":"category","embeddable":true,"href":"https:\/\/www.24gliwice.pl\/wiadomosci\/wp-json\/wp\/v2\/categories?post=215140"},{"taxonomy":"post_tag","embeddable":true,"href":"https:\/\/www.24gliwice.pl\/wiadomosci\/wp-json\/wp\/v2\/tags?post=215140"}],"curies":[{"name":"wp","href":"https:\/\/api.w.org\/{rel}","templated":true}]}}