{"id":215157,"date":"2023-05-25T07:25:00","date_gmt":"2023-05-25T05:25:00","guid":{"rendered":"https:\/\/www.24gliwice.pl\/wiadomosci\/?p=215157"},"modified":"2023-05-25T01:26:51","modified_gmt":"2023-05-24T23:26:51","slug":"dts-zawezona-do-jednego-pasa-ruchu-po-7-latach-od-otwarcia-konieczne-sa-prace-naprawcze","status":"publish","type":"post","link":"https:\/\/www.24gliwice.pl\/wiadomosci\/dts-zawezona-do-jednego-pasa-ruchu-po-7-latach-od-otwarcia-konieczne-sa-prace-naprawcze\/","title":{"rendered":"DT\u015a zaw\u0119\u017cona do jednego pasa ruchu. Po 7 latach od otwarcia konieczne s\u0105 prace naprawcze"},"content":{"rendered":"<div class=\"gliwi-a6-nad-leadem-artykulow gliwi-entity-placement\" id=\"gliwi-1484881018\"><div class=\"gliwi-adlabel\"><span style=\"font-size: 9px\">REKLAMA<\/span><\/div><div id=\"gliwi-456496156\" style=\"margin-bottom: 25px;margin-left: auto;margin-right: auto;text-align: center;\"><a data-no-instant=\"1\" href=\"https:\/\/dom100.eu\/\" rel=\"noopener\" class=\"a2t-link\" target=\"_blank\" aria-label=\"20260415 DOM100 D\"><img loading=\"lazy\" decoding=\"async\" src=\"https:\/\/www.24gliwice.pl\/wiadomosci\/wp-content\/uploads\/2026\/04\/20260415-DOM100-D.jpg\" alt=\"\"  srcset=\"https:\/\/www.24gliwice.pl\/wiadomosci\/wp-content\/uploads\/2026\/04\/20260415-DOM100-D.jpg 750w, https:\/\/www.24gliwice.pl\/wiadomosci\/wp-content\/uploads\/2026\/04\/20260415-DOM100-D-410x109.jpg 410w\" sizes=\"(max-width: 750px) 100vw, 750px\" class=\"no-lazyload\" width=\"750\" height=\"200\"  style=\"display: inline-block; max-width: 100%; height: auto;\" \/><\/a><\/div><\/div><h2>Tymczasowa organizacja ruchu na odcinku DT\u015a zostanie wprowadzona w poniedzia\u0142ek. Ma obowi\u0105zywa\u0107 przez 3 dni. Przez ten czas drogowcy dokonaj\u0105 naprawy jednego z wiadukt\u00f3w w ci\u0105gu \u015brednic\u00f3wki, le\u017c\u0105cego w dzielnicy Baildona.<\/h2>\n<p>&nbsp;<br \/>\nOd otwarcia odcinka Drogowej Trasy \u015arednicowej, kt\u00f3ry biegnie przez Gliwice, min\u0119\u0142o ju\u017c 7 lat. Trudno uwierzy\u0107, \u017ce up\u0142yn\u0119\u0142o a\u017c tyle czasu &#8211; z jego biegiem infrastruktura zacz\u0119\u0142a ulega\u0107 degradacji. Konieczne jest wi\u0119c przeprowadzenie napraw. Roboty rozpoczn\u0105 si\u0119 od 29 maja. <\/p>\n<p><a href=\"https:\/\/www.24gliwice.pl\/wiadomosci\/wp-content\/uploads\/2023\/05\/wiadukt-dts-001.jpg\"><img loading=\"lazy\" decoding=\"async\" src=\"https:\/\/www.24gliwice.pl\/wiadomosci\/wp-content\/uploads\/2023\/05\/wiadukt-dts-001.jpg\" alt=\"\" width=\"810\" height=\"456\" class=\"alignnone size-full wp-image-215159\" srcset=\"https:\/\/www.24gliwice.pl\/wiadomosci\/wp-content\/uploads\/2023\/05\/wiadukt-dts-001.jpg 810w, https:\/\/www.24gliwice.pl\/wiadomosci\/wp-content\/uploads\/2023\/05\/wiadukt-dts-001-410x232.jpg 410w, https:\/\/www.24gliwice.pl\/wiadomosci\/wp-content\/uploads\/2023\/05\/wiadukt-dts-001-808x455.jpg 808w, https:\/\/www.24gliwice.pl\/wiadomosci\/wp-content\/uploads\/2023\/05\/wiadukt-dts-001-768x432.jpg 768w\" sizes=\"auto, (max-width: 810px) 100vw, 810px\" \/><\/a><\/p>\n<p>&#8211; <em>Prace zwi\u0105zane z napraw\u0105 wiaduktu b\u0119d\u0105 powodem wprowadzenia &#8211; w najbli\u017cszy poniedzia\u0142ek, 29 maja &#8211; tymczasowej organizacji ruchu na odcinku Drogowej Trasy \u015arednicowej. Roboty prowadzone b\u0119d\u0105 przy zaj\u0119ciu jednego pasa ruchu pod obiektem \u0142\u0105cz\u0105cym ul. Franciszka\u0144sk\u0105 z ul. Robotnicz\u0105. Prace, a wraz z nimi utrudnienia potrwaj\u0105 trzy dni<\/em> &#8211; poinformowa\u0142a <strong>Jadwiga Jagie\u0142\u0142o-Stiborska,<\/strong> rzeczniczka Zarz\u0105du Dr\u00f3g Miejskich w Gliwicach. <\/p><div class=\"gliwi-a3-w-tresci-artykulow gliwi-entity-placement\" id=\"gliwi-149848729\"><div class=\"gliwi-adlabel\"><span style=\"font-size: 9px\">REKLAMA<\/span><\/div><div id=\"gliwi-2446354726\" style=\"margin-bottom: 30px;margin-left: auto;margin-right: auto;text-align: center;\"><a data-no-instant=\"1\" href=\"https:\/\/ogrodyandersa.pl\/\" rel=\"noopener\" class=\"a2t-link\" target=\"_blank\" aria-label=\"20260415 Ogrody Andersa KUP TERAZ D\"><img loading=\"lazy\" decoding=\"async\" src=\"https:\/\/www.24gliwice.pl\/wiadomosci\/wp-content\/uploads\/2026\/04\/20260415-Ogrody-Andersa-KUP-TERAZ-D.jpg\" alt=\"\"  srcset=\"https:\/\/www.24gliwice.pl\/wiadomosci\/wp-content\/uploads\/2026\/04\/20260415-Ogrody-Andersa-KUP-TERAZ-D.jpg 750w, https:\/\/www.24gliwice.pl\/wiadomosci\/wp-content\/uploads\/2026\/04\/20260415-Ogrody-Andersa-KUP-TERAZ-D-410x109.jpg 410w\" sizes=\"(max-width: 750px) 100vw, 750px\" class=\"no-lazyload\" width=\"750\" height=\"200\"  style=\"display: inline-block; max-width: 100%; height: auto;\" \/><\/a><\/div><\/div>\n<p>(\u017cms)\/ZDM Gliwice<br \/>\nfot. ZDM Gliwice<\/p>\n<div class=\"gliwi-a5-na-koncu-artykulow gliwi-entity-placement\" id=\"gliwi-478048948\"><div class=\"gliwi-adlabel\"><span style=\"font-size: 9px\">REKLAMA<\/span><\/div><div id=\"gliwi-2261582992\" style=\"margin-left: auto;margin-right: auto;text-align: center;\"><a data-no-instant=\"1\" href=\"https:\/\/prezeroarenagliwice.pl\/\" rel=\"noopener\" class=\"a2t-link\" target=\"_blank\" aria-label=\"20260309-PREZERO-WIOSNA-D\"><img loading=\"lazy\" decoding=\"async\" src=\"https:\/\/www.24gliwice.pl\/wiadomosci\/wp-content\/uploads\/2026\/03\/20260309-PREZERO-WIOSNA-D.webp\" alt=\"\"  srcset=\"https:\/\/www.24gliwice.pl\/wiadomosci\/wp-content\/uploads\/2026\/03\/20260309-PREZERO-WIOSNA-D.webp 750w, https:\/\/www.24gliwice.pl\/wiadomosci\/wp-content\/uploads\/2026\/03\/20260309-PREZERO-WIOSNA-D-410x109.webp 410w\" sizes=\"(max-width: 750px) 100vw, 750px\" class=\"no-lazyload\" width=\"750\" height=\"200\"  style=\"display: inline-block; max-width: 100%; height: auto;\" \/><\/a><\/div><\/div>","protected":false},"excerpt":{"rendered":"<p>Tymczasowa organizacja ruchu na odcinku DT\u015a zostanie wprowadzona w poniedzia\u0142ek. Ma obowi\u0105zywa\u0107 przez 3 dni. Przez ten czas drogowcy dokonaj\u0105 naprawy jednego z wiadukt\u00f3w w ci\u0105gu \u015brednic\u00f3wki, le\u017c\u0105cego w dzielnicy Baildona. &nbsp; Od otwarcia odcinka Drogowej Trasy \u015arednicowej, kt\u00f3ry biegnie przez Gliwice, min\u0119\u0142o ju\u017c 7 lat. Trudno uwierzy\u0107, \u017ce up\u0142yn\u0119\u0142o a\u017c tyle czasu &#8211; z [&hellip;]<\/p>\n","protected":false},"author":15,"featured_media":215160,"comment_status":"open","ping_status":"closed","sticky":false,"template":"","format":"standard","meta":{"_monsterinsights_skip_tracking":false,"_monsterinsights_sitenote_active":false,"_monsterinsights_sitenote_note":"","_monsterinsights_sitenote_category":0,"footnotes":"","_links_to":"","_links_to_target":""},"categories":[3,1],"tags":[1197],"class_list":["post-215157","post","type-post","status-publish","format-standard","has-post-thumbnail","hentry","category-gliwice","category-wszystko","tag-dts"],"yoast_head":"<!-- This site is optimized with the Yoast SEO plugin v27.5 - https:\/\/yoast.com\/product\/yoast-seo-wordpress\/ -->\n<title>DT\u015a zaw\u0119\u017cona do jednego pasa ruchu. Po 7 latach od otwarcia konieczne s\u0105 prace naprawcze - 24GLIWICE - Portal Gliwice | codziennie nowe informacje<\/title>\n<meta name=\"description\" content=\"Wiadukt drogowy, \u0142\u0105cz\u0105cy ulice Robotnicz\u0105 i Franciszka\u0144sk\u0105, wymaga naprawy. Prace rozpoczn\u0105 si\u0119 29 maja, b\u0119d\u0105 utrudnienia - m.in. zw\u0119\u017cenie\" \/>\n<meta name=\"robots\" content=\"index, follow, max-snippet:-1, max-image-preview:large, max-video-preview:-1\" \/>\n<link rel=\"canonical\" href=\"https:\/\/www.24gliwice.pl\/wiadomosci\/dts-zawezona-do-jednego-pasa-ruchu-po-7-latach-od-otwarcia-konieczne-sa-prace-naprawcze\/\" \/>\n<meta property=\"og:locale\" content=\"pl_PL\" \/>\n<meta property=\"og:type\" content=\"article\" \/>\n<meta property=\"og:title\" content=\"DT\u015a zaw\u0119\u017cona do jednego pasa ruchu. Po 7 latach od otwarcia konieczne s\u0105 prace naprawcze - 24GLIWICE - Portal Gliwice | codziennie nowe informacje\" \/>\n<meta property=\"og:description\" content=\"Wiadukt drogowy, \u0142\u0105cz\u0105cy ulice Robotnicz\u0105 i Franciszka\u0144sk\u0105, wymaga naprawy. Prace rozpoczn\u0105 si\u0119 29 maja, b\u0119d\u0105 utrudnienia - m.in. zw\u0119\u017cenie\" \/>\n<meta property=\"og:url\" content=\"https:\/\/www.24gliwice.pl\/wiadomosci\/dts-zawezona-do-jednego-pasa-ruchu-po-7-latach-od-otwarcia-konieczne-sa-prace-naprawcze\/\" \/>\n<meta property=\"og:site_name\" content=\"24GLIWICE - Portal Gliwice | codziennie nowe informacje\" \/>\n<meta property=\"article:publisher\" content=\"https:\/\/www.facebook.com\/24gliwice\" \/>\n<meta property=\"article:published_time\" content=\"2023-05-25T05:25:00+00:00\" \/>\n<meta property=\"og:image\" content=\"https:\/\/www.24gliwice.pl\/wiadomosci\/wp-content\/uploads\/2023\/05\/wiadukt-dts2-001.jpg\" \/>\n\t<meta property=\"og:image:width\" content=\"810\" \/>\n\t<meta property=\"og:image:height\" content=\"456\" \/>\n\t<meta property=\"og:image:type\" content=\"image\/jpeg\" \/>\n<meta name=\"author\" content=\"\u017baneta Mrozek-Siewierska\" \/>\n<meta name=\"twitter:card\" content=\"summary_large_image\" \/>\n<meta name=\"twitter:creator\" content=\"@24gliwice\" \/>\n<meta name=\"twitter:site\" content=\"@24gliwice\" \/>\n<meta name=\"twitter:label1\" content=\"Napisane przez\" \/>\n\t<meta name=\"twitter:data1\" content=\"\u017baneta Mrozek-Siewierska\" \/>\n\t<meta name=\"twitter:label2\" content=\"Szacowany czas czytania\" \/>\n\t<meta name=\"twitter:data2\" content=\"1 minuta\" \/>\n<script type=\"application\/ld+json\" class=\"yoast-schema-graph\">{\"@context\":\"https:\\\/\\\/schema.org\",\"@graph\":[{\"@type\":\"Article\",\"@id\":\"https:\\\/\\\/www.24gliwice.pl\\\/wiadomosci\\\/dts-zawezona-do-jednego-pasa-ruchu-po-7-latach-od-otwarcia-konieczne-sa-prace-naprawcze\\\/#article\",\"isPartOf\":{\"@id\":\"https:\\\/\\\/www.24gliwice.pl\\\/wiadomosci\\\/dts-zawezona-do-jednego-pasa-ruchu-po-7-latach-od-otwarcia-konieczne-sa-prace-naprawcze\\\/\"},\"author\":{\"name\":\"\u017baneta Mrozek-Siewierska\",\"@id\":\"https:\\\/\\\/www.24gliwice.pl\\\/wiadomosci\\\/#\\\/schema\\\/person\\\/e42c650edd7f2fa332be3811fb166b6e\"},\"headline\":\"DT\u015a zaw\u0119\u017cona do jednego pasa ruchu. Po 7 latach od otwarcia konieczne s\u0105 prace naprawcze\",\"datePublished\":\"2023-05-25T05:25:00+00:00\",\"mainEntityOfPage\":{\"@id\":\"https:\\\/\\\/www.24gliwice.pl\\\/wiadomosci\\\/dts-zawezona-do-jednego-pasa-ruchu-po-7-latach-od-otwarcia-konieczne-sa-prace-naprawcze\\\/\"},\"wordCount\":172,\"commentCount\":0,\"publisher\":{\"@id\":\"https:\\\/\\\/www.24gliwice.pl\\\/wiadomosci\\\/#organization\"},\"image\":{\"@id\":\"https:\\\/\\\/www.24gliwice.pl\\\/wiadomosci\\\/dts-zawezona-do-jednego-pasa-ruchu-po-7-latach-od-otwarcia-konieczne-sa-prace-naprawcze\\\/#primaryimage\"},\"thumbnailUrl\":\"https:\\\/\\\/www.24gliwice.pl\\\/wiadomosci\\\/wp-content\\\/uploads\\\/2023\\\/05\\\/wiadukt-dts2-001.jpg\",\"keywords\":[\"DT\u015a\"],\"articleSection\":[\"Gliwice\",\"Najnowsze wiadomo\u015bci\"],\"inLanguage\":\"pl-PL\",\"potentialAction\":[{\"@type\":\"CommentAction\",\"name\":\"Comment\",\"target\":[\"https:\\\/\\\/www.24gliwice.pl\\\/wiadomosci\\\/dts-zawezona-do-jednego-pasa-ruchu-po-7-latach-od-otwarcia-konieczne-sa-prace-naprawcze\\\/#respond\"]}]},{\"@type\":\"WebPage\",\"@id\":\"https:\\\/\\\/www.24gliwice.pl\\\/wiadomosci\\\/dts-zawezona-do-jednego-pasa-ruchu-po-7-latach-od-otwarcia-konieczne-sa-prace-naprawcze\\\/\",\"url\":\"https:\\\/\\\/www.24gliwice.pl\\\/wiadomosci\\\/dts-zawezona-do-jednego-pasa-ruchu-po-7-latach-od-otwarcia-konieczne-sa-prace-naprawcze\\\/\",\"name\":\"DT\u015a zaw\u0119\u017cona do jednego pasa ruchu. Po 7 latach od otwarcia konieczne s\u0105 prace naprawcze - 24GLIWICE - Portal Gliwice | codziennie nowe informacje\",\"isPartOf\":{\"@id\":\"https:\\\/\\\/www.24gliwice.pl\\\/wiadomosci\\\/#website\"},\"primaryImageOfPage\":{\"@id\":\"https:\\\/\\\/www.24gliwice.pl\\\/wiadomosci\\\/dts-zawezona-do-jednego-pasa-ruchu-po-7-latach-od-otwarcia-konieczne-sa-prace-naprawcze\\\/#primaryimage\"},\"image\":{\"@id\":\"https:\\\/\\\/www.24gliwice.pl\\\/wiadomosci\\\/dts-zawezona-do-jednego-pasa-ruchu-po-7-latach-od-otwarcia-konieczne-sa-prace-naprawcze\\\/#primaryimage\"},\"thumbnailUrl\":\"https:\\\/\\\/www.24gliwice.pl\\\/wiadomosci\\\/wp-content\\\/uploads\\\/2023\\\/05\\\/wiadukt-dts2-001.jpg\",\"datePublished\":\"2023-05-25T05:25:00+00:00\",\"description\":\"Wiadukt drogowy, \u0142\u0105cz\u0105cy ulice Robotnicz\u0105 i Franciszka\u0144sk\u0105, wymaga naprawy. Prace rozpoczn\u0105 si\u0119 29 maja, b\u0119d\u0105 utrudnienia - m.in. zw\u0119\u017cenie\",\"breadcrumb\":{\"@id\":\"https:\\\/\\\/www.24gliwice.pl\\\/wiadomosci\\\/dts-zawezona-do-jednego-pasa-ruchu-po-7-latach-od-otwarcia-konieczne-sa-prace-naprawcze\\\/#breadcrumb\"},\"inLanguage\":\"pl-PL\",\"potentialAction\":[{\"@type\":\"ReadAction\",\"target\":[\"https:\\\/\\\/www.24gliwice.pl\\\/wiadomosci\\\/dts-zawezona-do-jednego-pasa-ruchu-po-7-latach-od-otwarcia-konieczne-sa-prace-naprawcze\\\/\"]}]},{\"@type\":\"ImageObject\",\"inLanguage\":\"pl-PL\",\"@id\":\"https:\\\/\\\/www.24gliwice.pl\\\/wiadomosci\\\/dts-zawezona-do-jednego-pasa-ruchu-po-7-latach-od-otwarcia-konieczne-sa-prace-naprawcze\\\/#primaryimage\",\"url\":\"https:\\\/\\\/www.24gliwice.pl\\\/wiadomosci\\\/wp-content\\\/uploads\\\/2023\\\/05\\\/wiadukt-dts2-001.jpg\",\"contentUrl\":\"https:\\\/\\\/www.24gliwice.pl\\\/wiadomosci\\\/wp-content\\\/uploads\\\/2023\\\/05\\\/wiadukt-dts2-001.jpg\",\"width\":810,\"height\":456},{\"@type\":\"BreadcrumbList\",\"@id\":\"https:\\\/\\\/www.24gliwice.pl\\\/wiadomosci\\\/dts-zawezona-do-jednego-pasa-ruchu-po-7-latach-od-otwarcia-konieczne-sa-prace-naprawcze\\\/#breadcrumb\",\"itemListElement\":[{\"@type\":\"ListItem\",\"position\":1,\"name\":\"Strona g\u0142\u00f3wna\",\"item\":\"https:\\\/\\\/www.24gliwice.pl\\\/wiadomosci\\\/\"},{\"@type\":\"ListItem\",\"position\":2,\"name\":\"DT\u015a zaw\u0119\u017cona do jednego pasa ruchu. Po 7 latach od otwarcia konieczne s\u0105 prace naprawcze\"}]},{\"@type\":\"WebSite\",\"@id\":\"https:\\\/\\\/www.24gliwice.pl\\\/wiadomosci\\\/#website\",\"url\":\"https:\\\/\\\/www.24gliwice.pl\\\/wiadomosci\\\/\",\"name\":\"24GLIWICE - Portal Gliwice | codziennie nowe wiadomo\u015bci\",\"description\":\"Portal Miejski Gliwice\",\"publisher\":{\"@id\":\"https:\\\/\\\/www.24gliwice.pl\\\/wiadomosci\\\/#organization\"},\"potentialAction\":[{\"@type\":\"SearchAction\",\"target\":{\"@type\":\"EntryPoint\",\"urlTemplate\":\"https:\\\/\\\/www.24gliwice.pl\\\/wiadomosci\\\/?s={search_term_string}\"},\"query-input\":{\"@type\":\"PropertyValueSpecification\",\"valueRequired\":true,\"valueName\":\"search_term_string\"}}],\"inLanguage\":\"pl-PL\"},{\"@type\":\"Organization\",\"@id\":\"https:\\\/\\\/www.24gliwice.pl\\\/wiadomosci\\\/#organization\",\"name\":\"24gliwice\",\"url\":\"https:\\\/\\\/www.24gliwice.pl\\\/wiadomosci\\\/\",\"logo\":{\"@type\":\"ImageObject\",\"inLanguage\":\"pl-PL\",\"@id\":\"https:\\\/\\\/www.24gliwice.pl\\\/wiadomosci\\\/#\\\/schema\\\/logo\\\/image\\\/\",\"url\":\"https:\\\/\\\/www.24gliwice.pl\\\/wiadomosci\\\/wp-content\\\/uploads\\\/2024\\\/10\\\/24gliwice-logo-696.jpg\",\"contentUrl\":\"https:\\\/\\\/www.24gliwice.pl\\\/wiadomosci\\\/wp-content\\\/uploads\\\/2024\\\/10\\\/24gliwice-logo-696.jpg\",\"width\":696,\"height\":696,\"caption\":\"24gliwice\"},\"image\":{\"@id\":\"https:\\\/\\\/www.24gliwice.pl\\\/wiadomosci\\\/#\\\/schema\\\/logo\\\/image\\\/\"},\"sameAs\":[\"https:\\\/\\\/www.facebook.com\\\/24gliwice\",\"https:\\\/\\\/x.com\\\/24gliwice\",\"https:\\\/\\\/www.youtube.com\\\/@24gliwice\"]},{\"@type\":\"Person\",\"@id\":\"https:\\\/\\\/www.24gliwice.pl\\\/wiadomosci\\\/#\\\/schema\\\/person\\\/e42c650edd7f2fa332be3811fb166b6e\",\"name\":\"\u017baneta Mrozek-Siewierska\",\"image\":{\"@type\":\"ImageObject\",\"inLanguage\":\"pl-PL\",\"@id\":\"https:\\\/\\\/secure.gravatar.com\\\/avatar\\\/1881429e9c64597c77ad7aef2d0a19be69a3253e57534d16aa15bf3a4d34a0a3?s=96&d=mm&r=g\",\"url\":\"https:\\\/\\\/secure.gravatar.com\\\/avatar\\\/1881429e9c64597c77ad7aef2d0a19be69a3253e57534d16aa15bf3a4d34a0a3?s=96&d=mm&r=g\",\"contentUrl\":\"https:\\\/\\\/secure.gravatar.com\\\/avatar\\\/1881429e9c64597c77ad7aef2d0a19be69a3253e57534d16aa15bf3a4d34a0a3?s=96&d=mm&r=g\",\"caption\":\"\u017baneta Mrozek-Siewierska\"},\"url\":\"https:\\\/\\\/www.24gliwice.pl\\\/wiadomosci\\\/author\\\/zms\\\/\"}]}<\/script>\n<!-- \/ Yoast SEO plugin. -->","yoast_head_json":{"title":"DT\u015a zaw\u0119\u017cona do jednego pasa ruchu. Po 7 latach od otwarcia konieczne s\u0105 prace naprawcze - 24GLIWICE - Portal Gliwice | codziennie nowe informacje","description":"Wiadukt drogowy, \u0142\u0105cz\u0105cy ulice Robotnicz\u0105 i Franciszka\u0144sk\u0105, wymaga naprawy. Prace rozpoczn\u0105 si\u0119 29 maja, b\u0119d\u0105 utrudnienia - m.in. zw\u0119\u017cenie","robots":{"index":"index","follow":"follow","max-snippet":"max-snippet:-1","max-image-preview":"max-image-preview:large","max-video-preview":"max-video-preview:-1"},"canonical":"https:\/\/www.24gliwice.pl\/wiadomosci\/dts-zawezona-do-jednego-pasa-ruchu-po-7-latach-od-otwarcia-konieczne-sa-prace-naprawcze\/","og_locale":"pl_PL","og_type":"article","og_title":"DT\u015a zaw\u0119\u017cona do jednego pasa ruchu. Po 7 latach od otwarcia konieczne s\u0105 prace naprawcze - 24GLIWICE - Portal Gliwice | codziennie nowe informacje","og_description":"Wiadukt drogowy, \u0142\u0105cz\u0105cy ulice Robotnicz\u0105 i Franciszka\u0144sk\u0105, wymaga naprawy. Prace rozpoczn\u0105 si\u0119 29 maja, b\u0119d\u0105 utrudnienia - m.in. zw\u0119\u017cenie","og_url":"https:\/\/www.24gliwice.pl\/wiadomosci\/dts-zawezona-do-jednego-pasa-ruchu-po-7-latach-od-otwarcia-konieczne-sa-prace-naprawcze\/","og_site_name":"24GLIWICE - Portal Gliwice | codziennie nowe informacje","article_publisher":"https:\/\/www.facebook.com\/24gliwice","article_published_time":"2023-05-25T05:25:00+00:00","og_image":[{"width":810,"height":456,"url":"https:\/\/www.24gliwice.pl\/wiadomosci\/wp-content\/uploads\/2023\/05\/wiadukt-dts2-001.jpg","type":"image\/jpeg"}],"author":"\u017baneta Mrozek-Siewierska","twitter_card":"summary_large_image","twitter_creator":"@24gliwice","twitter_site":"@24gliwice","twitter_misc":{"Napisane przez":"\u017baneta Mrozek-Siewierska","Szacowany czas czytania":"1 minuta"},"schema":{"@context":"https:\/\/schema.org","@graph":[{"@type":"Article","@id":"https:\/\/www.24gliwice.pl\/wiadomosci\/dts-zawezona-do-jednego-pasa-ruchu-po-7-latach-od-otwarcia-konieczne-sa-prace-naprawcze\/#article","isPartOf":{"@id":"https:\/\/www.24gliwice.pl\/wiadomosci\/dts-zawezona-do-jednego-pasa-ruchu-po-7-latach-od-otwarcia-konieczne-sa-prace-naprawcze\/"},"author":{"name":"\u017baneta Mrozek-Siewierska","@id":"https:\/\/www.24gliwice.pl\/wiadomosci\/#\/schema\/person\/e42c650edd7f2fa332be3811fb166b6e"},"headline":"DT\u015a zaw\u0119\u017cona do jednego pasa ruchu. Po 7 latach od otwarcia konieczne s\u0105 prace naprawcze","datePublished":"2023-05-25T05:25:00+00:00","mainEntityOfPage":{"@id":"https:\/\/www.24gliwice.pl\/wiadomosci\/dts-zawezona-do-jednego-pasa-ruchu-po-7-latach-od-otwarcia-konieczne-sa-prace-naprawcze\/"},"wordCount":172,"commentCount":0,"publisher":{"@id":"https:\/\/www.24gliwice.pl\/wiadomosci\/#organization"},"image":{"@id":"https:\/\/www.24gliwice.pl\/wiadomosci\/dts-zawezona-do-jednego-pasa-ruchu-po-7-latach-od-otwarcia-konieczne-sa-prace-naprawcze\/#primaryimage"},"thumbnailUrl":"https:\/\/www.24gliwice.pl\/wiadomosci\/wp-content\/uploads\/2023\/05\/wiadukt-dts2-001.jpg","keywords":["DT\u015a"],"articleSection":["Gliwice","Najnowsze wiadomo\u015bci"],"inLanguage":"pl-PL","potentialAction":[{"@type":"CommentAction","name":"Comment","target":["https:\/\/www.24gliwice.pl\/wiadomosci\/dts-zawezona-do-jednego-pasa-ruchu-po-7-latach-od-otwarcia-konieczne-sa-prace-naprawcze\/#respond"]}]},{"@type":"WebPage","@id":"https:\/\/www.24gliwice.pl\/wiadomosci\/dts-zawezona-do-jednego-pasa-ruchu-po-7-latach-od-otwarcia-konieczne-sa-prace-naprawcze\/","url":"https:\/\/www.24gliwice.pl\/wiadomosci\/dts-zawezona-do-jednego-pasa-ruchu-po-7-latach-od-otwarcia-konieczne-sa-prace-naprawcze\/","name":"DT\u015a zaw\u0119\u017cona do jednego pasa ruchu. Po 7 latach od otwarcia konieczne s\u0105 prace naprawcze - 24GLIWICE - Portal Gliwice | codziennie nowe informacje","isPartOf":{"@id":"https:\/\/www.24gliwice.pl\/wiadomosci\/#website"},"primaryImageOfPage":{"@id":"https:\/\/www.24gliwice.pl\/wiadomosci\/dts-zawezona-do-jednego-pasa-ruchu-po-7-latach-od-otwarcia-konieczne-sa-prace-naprawcze\/#primaryimage"},"image":{"@id":"https:\/\/www.24gliwice.pl\/wiadomosci\/dts-zawezona-do-jednego-pasa-ruchu-po-7-latach-od-otwarcia-konieczne-sa-prace-naprawcze\/#primaryimage"},"thumbnailUrl":"https:\/\/www.24gliwice.pl\/wiadomosci\/wp-content\/uploads\/2023\/05\/wiadukt-dts2-001.jpg","datePublished":"2023-05-25T05:25:00+00:00","description":"Wiadukt drogowy, \u0142\u0105cz\u0105cy ulice Robotnicz\u0105 i Franciszka\u0144sk\u0105, wymaga naprawy. Prace rozpoczn\u0105 si\u0119 29 maja, b\u0119d\u0105 utrudnienia - m.in. zw\u0119\u017cenie","breadcrumb":{"@id":"https:\/\/www.24gliwice.pl\/wiadomosci\/dts-zawezona-do-jednego-pasa-ruchu-po-7-latach-od-otwarcia-konieczne-sa-prace-naprawcze\/#breadcrumb"},"inLanguage":"pl-PL","potentialAction":[{"@type":"ReadAction","target":["https:\/\/www.24gliwice.pl\/wiadomosci\/dts-zawezona-do-jednego-pasa-ruchu-po-7-latach-od-otwarcia-konieczne-sa-prace-naprawcze\/"]}]},{"@type":"ImageObject","inLanguage":"pl-PL","@id":"https:\/\/www.24gliwice.pl\/wiadomosci\/dts-zawezona-do-jednego-pasa-ruchu-po-7-latach-od-otwarcia-konieczne-sa-prace-naprawcze\/#primaryimage","url":"https:\/\/www.24gliwice.pl\/wiadomosci\/wp-content\/uploads\/2023\/05\/wiadukt-dts2-001.jpg","contentUrl":"https:\/\/www.24gliwice.pl\/wiadomosci\/wp-content\/uploads\/2023\/05\/wiadukt-dts2-001.jpg","width":810,"height":456},{"@type":"BreadcrumbList","@id":"https:\/\/www.24gliwice.pl\/wiadomosci\/dts-zawezona-do-jednego-pasa-ruchu-po-7-latach-od-otwarcia-konieczne-sa-prace-naprawcze\/#breadcrumb","itemListElement":[{"@type":"ListItem","position":1,"name":"Strona g\u0142\u00f3wna","item":"https:\/\/www.24gliwice.pl\/wiadomosci\/"},{"@type":"ListItem","position":2,"name":"DT\u015a zaw\u0119\u017cona do jednego pasa ruchu. Po 7 latach od otwarcia konieczne s\u0105 prace naprawcze"}]},{"@type":"WebSite","@id":"https:\/\/www.24gliwice.pl\/wiadomosci\/#website","url":"https:\/\/www.24gliwice.pl\/wiadomosci\/","name":"24GLIWICE - Portal Gliwice | codziennie nowe wiadomo\u015bci","description":"Portal Miejski Gliwice","publisher":{"@id":"https:\/\/www.24gliwice.pl\/wiadomosci\/#organization"},"potentialAction":[{"@type":"SearchAction","target":{"@type":"EntryPoint","urlTemplate":"https:\/\/www.24gliwice.pl\/wiadomosci\/?s={search_term_string}"},"query-input":{"@type":"PropertyValueSpecification","valueRequired":true,"valueName":"search_term_string"}}],"inLanguage":"pl-PL"},{"@type":"Organization","@id":"https:\/\/www.24gliwice.pl\/wiadomosci\/#organization","name":"24gliwice","url":"https:\/\/www.24gliwice.pl\/wiadomosci\/","logo":{"@type":"ImageObject","inLanguage":"pl-PL","@id":"https:\/\/www.24gliwice.pl\/wiadomosci\/#\/schema\/logo\/image\/","url":"https:\/\/www.24gliwice.pl\/wiadomosci\/wp-content\/uploads\/2024\/10\/24gliwice-logo-696.jpg","contentUrl":"https:\/\/www.24gliwice.pl\/wiadomosci\/wp-content\/uploads\/2024\/10\/24gliwice-logo-696.jpg","width":696,"height":696,"caption":"24gliwice"},"image":{"@id":"https:\/\/www.24gliwice.pl\/wiadomosci\/#\/schema\/logo\/image\/"},"sameAs":["https:\/\/www.facebook.com\/24gliwice","https:\/\/x.com\/24gliwice","https:\/\/www.youtube.com\/@24gliwice"]},{"@type":"Person","@id":"https:\/\/www.24gliwice.pl\/wiadomosci\/#\/schema\/person\/e42c650edd7f2fa332be3811fb166b6e","name":"\u017baneta Mrozek-Siewierska","image":{"@type":"ImageObject","inLanguage":"pl-PL","@id":"https:\/\/secure.gravatar.com\/avatar\/1881429e9c64597c77ad7aef2d0a19be69a3253e57534d16aa15bf3a4d34a0a3?s=96&d=mm&r=g","url":"https:\/\/secure.gravatar.com\/avatar\/1881429e9c64597c77ad7aef2d0a19be69a3253e57534d16aa15bf3a4d34a0a3?s=96&d=mm&r=g","contentUrl":"https:\/\/secure.gravatar.com\/avatar\/1881429e9c64597c77ad7aef2d0a19be69a3253e57534d16aa15bf3a4d34a0a3?s=96&d=mm&r=g","caption":"\u017baneta Mrozek-Siewierska"},"url":"https:\/\/www.24gliwice.pl\/wiadomosci\/author\/zms\/"}]}},"_links":{"self":[{"href":"https:\/\/www.24gliwice.pl\/wiadomosci\/wp-json\/wp\/v2\/posts\/215157","targetHints":{"allow":["GET"]}}],"collection":[{"href":"https:\/\/www.24gliwice.pl\/wiadomosci\/wp-json\/wp\/v2\/posts"}],"about":[{"href":"https:\/\/www.24gliwice.pl\/wiadomosci\/wp-json\/wp\/v2\/types\/post"}],"author":[{"embeddable":true,"href":"https:\/\/www.24gliwice.pl\/wiadomosci\/wp-json\/wp\/v2\/users\/15"}],"replies":[{"embeddable":true,"href":"https:\/\/www.24gliwice.pl\/wiadomosci\/wp-json\/wp\/v2\/comments?post=215157"}],"version-history":[{"count":0,"href":"https:\/\/www.24gliwice.pl\/wiadomosci\/wp-json\/wp\/v2\/posts\/215157\/revisions"}],"wp:featuredmedia":[{"embeddable":true,"href":"https:\/\/www.24gliwice.pl\/wiadomosci\/wp-json\/wp\/v2\/media\/215160"}],"wp:attachment":[{"href":"https:\/\/www.24gliwice.pl\/wiadomosci\/wp-json\/wp\/v2\/media?parent=215157"}],"wp:term":[{"taxonomy":"category","embeddable":true,"href":"https:\/\/www.24gliwice.pl\/wiadomosci\/wp-json\/wp\/v2\/categories?post=215157"},{"taxonomy":"post_tag","embeddable":true,"href":"https:\/\/www.24gliwice.pl\/wiadomosci\/wp-json\/wp\/v2\/tags?post=215157"}],"curies":[{"name":"wp","href":"https:\/\/api.w.org\/{rel}","templated":true}]}}