{"id":215244,"date":"2023-05-25T17:39:22","date_gmt":"2023-05-25T15:39:22","guid":{"rendered":"https:\/\/www.24gliwice.pl\/wiadomosci\/?p=215244"},"modified":"2023-05-25T17:39:22","modified_gmt":"2023-05-25T15:39:22","slug":"miala-byc-rozbiorka-i-uprzatniecie-terenu-splonal-pustostan-przy-ulicy-zelenskiego-boya","status":"publish","type":"post","link":"https:\/\/www.24gliwice.pl\/wiadomosci\/miala-byc-rozbiorka-i-uprzatniecie-terenu-splonal-pustostan-przy-ulicy-zelenskiego-boya\/","title":{"rendered":"Mia\u0142a by\u0107 rozbi\u00f3rka i uprz\u0105tni\u0119cie terenu. Sp\u0142on\u0105\u0142 pustostan przy ulicy \u017bele\u0144skiego-Boya"},"content":{"rendered":"<div class=\"gliwi-a6-nad-leadem-artykulow gliwi-entity-placement\" id=\"gliwi-979272795\"><div class=\"gliwi-adlabel\"><span style=\"font-size: 9px\">REKLAMA<\/span><\/div><div id=\"gliwi-2963576891\" style=\"margin-bottom: 30px;margin-left: auto;margin-right: auto;text-align: center;\"><a data-no-instant=\"1\" href=\"https:\/\/przedszkole.halogen.org.pl\/\" rel=\"noopener\" class=\"a2t-link\" target=\"_blank\" aria-label=\"20260402-ANIMATOR-przedszkole_grafika_750x200\"><img loading=\"lazy\" decoding=\"async\" src=\"https:\/\/www.24gliwice.pl\/wiadomosci\/wp-content\/uploads\/2026\/04\/20260402-ANIMATOR-przedszkole_grafika_750x200.webp\" alt=\"\"  srcset=\"https:\/\/www.24gliwice.pl\/wiadomosci\/wp-content\/uploads\/2026\/04\/20260402-ANIMATOR-przedszkole_grafika_750x200.webp 750w, https:\/\/www.24gliwice.pl\/wiadomosci\/wp-content\/uploads\/2026\/04\/20260402-ANIMATOR-przedszkole_grafika_750x200-410x109.webp 410w\" sizes=\"(max-width: 750px) 100vw, 750px\" class=\"no-lazyload\" width=\"750\" height=\"200\"  style=\"display: inline-block; max-width: 100%; height: auto;\" \/><\/a><\/div><\/div><h2>W pustostanie przy ulicy \u017bele\u0144skiego-Boya w \u0141ab\u0119dach wybuch po\u017car. Wcze\u015bniej mieszka\u0142 tam bezdomny, jednak cz\u0142owiek ten zmar\u0142. Miasto zamierza\u0142o uprz\u0105tn\u0105\u0107 teren, planowano te\u017c rozebra\u0107 budynek. Teraz do rozbi\u00f3rki b\u0119dzie pogorzelisko.<\/h2>\n<p>&nbsp;<br \/>\nW \u015brod\u0119, po godzinie 16:00 stra\u017c po\u017carn\u0105 z Gliwic zaalarmowano do po\u017caru wspomnianego pustostanu. Na szcz\u0119\u015bcie w wyniku pojawienia si\u0119 \u017cywio\u0142u nikt nie zosta\u0142 poszkodowany.<\/p>\n<p>&#8211; W dzia\u0142aniach bra\u0142y udzia\u0142 3 zast\u0119py stra\u017cy po\u017carnej, 14 stra\u017cak\u00f3w. Dzia\u0142ania zako\u0144czono po godzinie 18:00 &#8211; informuje Komenda PSP Gliwice. <\/p><div class=\"gliwi-a3-w-tresci-artykulow gliwi-entity-placement\" id=\"gliwi-747685067\"><div class=\"gliwi-adlabel\"><span style=\"font-size: 9px\">REKLAMA<\/span><\/div><div id=\"gliwi-592965798\" style=\"margin-bottom: 30px;margin-left: auto;margin-right: auto;text-align: center;\"><a data-no-instant=\"1\" href=\"https:\/\/ogrodyandersa.pl\/\" rel=\"noopener\" class=\"a2t-link\" target=\"_blank\" aria-label=\"20260415 Ogrody Andersa KUP TERAZ D\"><img loading=\"lazy\" decoding=\"async\" src=\"https:\/\/www.24gliwice.pl\/wiadomosci\/wp-content\/uploads\/2026\/04\/20260415-Ogrody-Andersa-KUP-TERAZ-D.jpg\" alt=\"\"  srcset=\"https:\/\/www.24gliwice.pl\/wiadomosci\/wp-content\/uploads\/2026\/04\/20260415-Ogrody-Andersa-KUP-TERAZ-D.jpg 750w, https:\/\/www.24gliwice.pl\/wiadomosci\/wp-content\/uploads\/2026\/04\/20260415-Ogrody-Andersa-KUP-TERAZ-D-410x109.jpg 410w\" sizes=\"(max-width: 750px) 100vw, 750px\" class=\"no-lazyload\" width=\"750\" height=\"200\"  style=\"display: inline-block; max-width: 100%; height: auto;\" \/><\/a><\/div><\/div>\n<p><a href=\"https:\/\/www.24gliwice.pl\/wiadomosci\/wp-content\/uploads\/2023\/05\/pozar-pustostanu-zelenskiego-boya2.jpg\"><img loading=\"lazy\" decoding=\"async\" src=\"https:\/\/www.24gliwice.pl\/wiadomosci\/wp-content\/uploads\/2023\/05\/pozar-pustostanu-zelenskiego-boya2.jpg\" alt=\"\" width=\"810\" height=\"682\" class=\"alignnone size-full wp-image-215255\" srcset=\"https:\/\/www.24gliwice.pl\/wiadomosci\/wp-content\/uploads\/2023\/05\/pozar-pustostanu-zelenskiego-boya2.jpg 810w, https:\/\/www.24gliwice.pl\/wiadomosci\/wp-content\/uploads\/2023\/05\/pozar-pustostanu-zelenskiego-boya2-276x232.jpg 276w, https:\/\/www.24gliwice.pl\/wiadomosci\/wp-content\/uploads\/2023\/05\/pozar-pustostanu-zelenskiego-boya2-540x455.jpg 540w, https:\/\/www.24gliwice.pl\/wiadomosci\/wp-content\/uploads\/2023\/05\/pozar-pustostanu-zelenskiego-boya2-768x647.jpg 768w\" sizes=\"auto, (max-width: 810px) 100vw, 810px\" \/><\/a><\/p>\n<p>S\u0105dz\u0105c po zdj\u0119ciach, w momencie przybycia stra\u017cak\u00f3w na miejsce zdarzenia, ogie\u0144 by\u0142 ju\u017c rozwini\u0119ty. A jaka by\u0142a przyczyna jego wyst\u0105pienia? &#8211; <em>Dowodz\u0105cy akcj\u0105 okre\u015bli\u0142 przypuszczaln\u0105 przyczyn\u0119 po\u017caru &#8211; podpalenie <\/em>&#8211; informuje Rada Dzielnicy \u0141ab\u0119dy.<\/p>\n<p><a href=\"https:\/\/www.24gliwice.pl\/wiadomosci\/wp-content\/uploads\/2023\/05\/pozar-pustostanu-zelenskiego-boya3.jpg\"><img loading=\"lazy\" decoding=\"async\" src=\"https:\/\/www.24gliwice.pl\/wiadomosci\/wp-content\/uploads\/2023\/05\/pozar-pustostanu-zelenskiego-boya3.jpg\" alt=\"\" width=\"810\" height=\"608\" class=\"alignnone size-full wp-image-215256\" srcset=\"https:\/\/www.24gliwice.pl\/wiadomosci\/wp-content\/uploads\/2023\/05\/pozar-pustostanu-zelenskiego-boya3.jpg 810w, https:\/\/www.24gliwice.pl\/wiadomosci\/wp-content\/uploads\/2023\/05\/pozar-pustostanu-zelenskiego-boya3-309x232.jpg 309w, https:\/\/www.24gliwice.pl\/wiadomosci\/wp-content\/uploads\/2023\/05\/pozar-pustostanu-zelenskiego-boya3-606x455.jpg 606w, https:\/\/www.24gliwice.pl\/wiadomosci\/wp-content\/uploads\/2023\/05\/pozar-pustostanu-zelenskiego-boya3-768x576.jpg 768w\" sizes=\"auto, (max-width: 810px) 100vw, 810px\" \/><\/a><\/p>\n<p>Przypomnijmy, \u017ce miasto w kwietniu szuka\u0142o wykonawcy prac polegaj\u0105cych na uprz\u0105tni\u0119ciu tego terenu. Z relacji zamieszczonej na profilu Nasze \u0141ab\u0119dy (FB) wynika\u0142o, \u017ce wcze\u015bniej w istniej\u0105cym tam budynku mieszka\u0142 bezdomny, kt\u00f3ry zajmowa\u0142 si\u0119 zbieractwem. To prawdopodobnie on przyczyni\u0142 si\u0119 do zgromadzenia du\u017cej ilo\u015bci \u015bmieci na terenie nieruchomo\u015bci. <a href=\"https:\/\/www.24gliwice.pl\/wiadomosci\/dzikie-wysypiska-smieci-w-gliwicach-kto-posprzata-teren-w-rejonie-torow-kolejowych-i-kanalu-gliwickiego\/\" rel=\"noopener\" target=\"_blank\">Wi\u0119cej na ten temat pisali\u015bmy TU. <\/a>A co b\u0119dzie dalej dzia\u0142o si\u0119 z tym terenem?<\/p>\n<p><iframe loading=\"lazy\" src=\"https:\/\/www.facebook.com\/plugins\/post.php?href=https%3A%2F%2Fwww.facebook.com%2Fnaszelabedy%2Fposts%2Fpfbid02mH1jDhAzpED9zPMdUcVPjZJQqHkhCWdb53ecA76Z1ktdRFWzoDq3VvUsHqP4F52Yl&#038;show_text=true&#038;width=500\" width=\"500\" height=\"735\" style=\"border:none;overflow:hidden\" scrolling=\"no\" frameborder=\"0\" allowfullscreen=\"true\" allow=\"autoplay; clipboard-write; encrypted-media; picture-in-picture; web-share\"><\/iframe><\/p>\n<p>&#8211; <em>W zakresie prac do wykonania nie zmieni\u0142o si\u0119 nic &#8211; barak trzeba rozebra\u0107 &#8211; pozwolenie jest, \u015bmieci trzeba usun\u0105\u0107 &#8211; wykonawca jest wy\u0142oniony. Prace na \u015bmietnisku przy ul. \u017bele\u0144skiego &#8211; Boya maj\u0105 si\u0119 rozpocz\u0105\u0107 si\u0119 w przysz\u0142ym tygodniu<\/em> &#8211; dodaje Rada Dzielnicy. <\/p>\n<p>(\u017cms)<br \/>\nfot. PSP Gliwice<\/p>\n<div class=\"gliwi-a5-na-koncu-artykulow gliwi-entity-placement\" id=\"gliwi-1936817775\"><div class=\"gliwi-adlabel\"><span style=\"font-size: 9px\">REKLAMA<\/span><\/div><div id=\"gliwi-120081102\" style=\"margin-left: auto;margin-right: auto;text-align: center;\"><a data-no-instant=\"1\" href=\"https:\/\/prezeroarenagliwice.pl\/\" rel=\"noopener\" class=\"a2t-link\" target=\"_blank\" aria-label=\"20260309-PREZERO-WIOSNA-D\"><img loading=\"lazy\" decoding=\"async\" src=\"https:\/\/www.24gliwice.pl\/wiadomosci\/wp-content\/uploads\/2026\/03\/20260309-PREZERO-WIOSNA-D.webp\" alt=\"\"  srcset=\"https:\/\/www.24gliwice.pl\/wiadomosci\/wp-content\/uploads\/2026\/03\/20260309-PREZERO-WIOSNA-D.webp 750w, https:\/\/www.24gliwice.pl\/wiadomosci\/wp-content\/uploads\/2026\/03\/20260309-PREZERO-WIOSNA-D-410x109.webp 410w\" sizes=\"(max-width: 750px) 100vw, 750px\" class=\"no-lazyload\" width=\"750\" height=\"200\"  style=\"display: inline-block; max-width: 100%; height: auto;\" \/><\/a><\/div><\/div>","protected":false},"excerpt":{"rendered":"<p>W pustostanie przy ulicy \u017bele\u0144skiego-Boya w \u0141ab\u0119dach wybuch po\u017car. Wcze\u015bniej mieszka\u0142 tam bezdomny, jednak cz\u0142owiek ten zmar\u0142. Miasto zamierza\u0142o uprz\u0105tn\u0105\u0107 teren, planowano te\u017c rozebra\u0107 budynek. Teraz do rozbi\u00f3rki b\u0119dzie pogorzelisko. &nbsp; W \u015brod\u0119, po godzinie 16:00 stra\u017c po\u017carn\u0105 z Gliwic zaalarmowano do po\u017caru wspomnianego pustostanu. Na szcz\u0119\u015bcie w wyniku pojawienia si\u0119 \u017cywio\u0142u nikt nie zosta\u0142 [&hellip;]<\/p>\n","protected":false},"author":15,"featured_media":215254,"comment_status":"open","ping_status":"closed","sticky":false,"template":"","format":"standard","meta":{"_monsterinsights_skip_tracking":false,"_monsterinsights_sitenote_active":false,"_monsterinsights_sitenote_note":"","_monsterinsights_sitenote_category":0,"footnotes":"","_links_to":"","_links_to_target":""},"categories":[3,1,5],"tags":[],"class_list":["post-215244","post","type-post","status-publish","format-standard","has-post-thumbnail","hentry","category-gliwice","category-wszystko","category-kryminalki"],"yoast_head":"<!-- This site is optimized with the Yoast SEO plugin v27.5 - https:\/\/yoast.com\/product\/yoast-seo-wordpress\/ -->\n<title>Mia\u0142a by\u0107 rozbi\u00f3rka i uprz\u0105tni\u0119cie terenu. Sp\u0142on\u0105\u0142 pustostan przy ulicy \u017bele\u0144skiego-Boya - 24GLIWICE - Portal Gliwice | codziennie nowe informacje<\/title>\n<meta name=\"description\" content=\"Pustostan na terenie \u0141ab\u0119d mia\u0142 zosta\u0107 uprz\u0105tni\u0119ty z odpad\u00f3w i rozebrany. Dosz\u0142o tam do po\u017caru - prawdopodobnie by\u0142o to podpalenie\" \/>\n<meta name=\"robots\" content=\"index, follow, max-snippet:-1, max-image-preview:large, max-video-preview:-1\" \/>\n<link rel=\"canonical\" href=\"https:\/\/www.24gliwice.pl\/wiadomosci\/miala-byc-rozbiorka-i-uprzatniecie-terenu-splonal-pustostan-przy-ulicy-zelenskiego-boya\/\" \/>\n<meta property=\"og:locale\" content=\"pl_PL\" \/>\n<meta property=\"og:type\" content=\"article\" \/>\n<meta property=\"og:title\" content=\"Mia\u0142a by\u0107 rozbi\u00f3rka i uprz\u0105tni\u0119cie terenu. Sp\u0142on\u0105\u0142 pustostan przy ulicy \u017bele\u0144skiego-Boya - 24GLIWICE - Portal Gliwice | codziennie nowe informacje\" \/>\n<meta property=\"og:description\" content=\"Pustostan na terenie \u0141ab\u0119d mia\u0142 zosta\u0107 uprz\u0105tni\u0119ty z odpad\u00f3w i rozebrany. Dosz\u0142o tam do po\u017caru - prawdopodobnie by\u0142o to podpalenie\" \/>\n<meta property=\"og:url\" content=\"https:\/\/www.24gliwice.pl\/wiadomosci\/miala-byc-rozbiorka-i-uprzatniecie-terenu-splonal-pustostan-przy-ulicy-zelenskiego-boya\/\" \/>\n<meta property=\"og:site_name\" content=\"24GLIWICE - Portal Gliwice | codziennie nowe informacje\" \/>\n<meta property=\"article:publisher\" content=\"https:\/\/www.facebook.com\/24gliwice\" \/>\n<meta property=\"article:published_time\" content=\"2023-05-25T15:39:22+00:00\" \/>\n<meta property=\"og:image\" content=\"https:\/\/www.24gliwice.pl\/wiadomosci\/wp-content\/uploads\/2023\/05\/pozar-pustostanu-zelenskiego-boya.jpg\" \/>\n\t<meta property=\"og:image:width\" content=\"810\" \/>\n\t<meta property=\"og:image:height\" content=\"456\" \/>\n\t<meta property=\"og:image:type\" content=\"image\/jpeg\" \/>\n<meta name=\"author\" content=\"\u017baneta Mrozek-Siewierska\" \/>\n<meta name=\"twitter:card\" content=\"summary_large_image\" \/>\n<meta name=\"twitter:creator\" content=\"@24gliwice\" \/>\n<meta name=\"twitter:site\" content=\"@24gliwice\" \/>\n<meta name=\"twitter:label1\" content=\"Napisane przez\" \/>\n\t<meta name=\"twitter:data1\" content=\"\u017baneta Mrozek-Siewierska\" \/>\n\t<meta name=\"twitter:label2\" content=\"Szacowany czas czytania\" \/>\n\t<meta name=\"twitter:data2\" content=\"2 minuty\" \/>\n<script type=\"application\/ld+json\" class=\"yoast-schema-graph\">{\"@context\":\"https:\\\/\\\/schema.org\",\"@graph\":[{\"@type\":\"Article\",\"@id\":\"https:\\\/\\\/www.24gliwice.pl\\\/wiadomosci\\\/miala-byc-rozbiorka-i-uprzatniecie-terenu-splonal-pustostan-przy-ulicy-zelenskiego-boya\\\/#article\",\"isPartOf\":{\"@id\":\"https:\\\/\\\/www.24gliwice.pl\\\/wiadomosci\\\/miala-byc-rozbiorka-i-uprzatniecie-terenu-splonal-pustostan-przy-ulicy-zelenskiego-boya\\\/\"},\"author\":{\"name\":\"\u017baneta Mrozek-Siewierska\",\"@id\":\"https:\\\/\\\/www.24gliwice.pl\\\/wiadomosci\\\/#\\\/schema\\\/person\\\/e42c650edd7f2fa332be3811fb166b6e\"},\"headline\":\"Mia\u0142a by\u0107 rozbi\u00f3rka i uprz\u0105tni\u0119cie terenu. Sp\u0142on\u0105\u0142 pustostan przy ulicy \u017bele\u0144skiego-Boya\",\"datePublished\":\"2023-05-25T15:39:22+00:00\",\"mainEntityOfPage\":{\"@id\":\"https:\\\/\\\/www.24gliwice.pl\\\/wiadomosci\\\/miala-byc-rozbiorka-i-uprzatniecie-terenu-splonal-pustostan-przy-ulicy-zelenskiego-boya\\\/\"},\"wordCount\":287,\"commentCount\":0,\"publisher\":{\"@id\":\"https:\\\/\\\/www.24gliwice.pl\\\/wiadomosci\\\/#organization\"},\"image\":{\"@id\":\"https:\\\/\\\/www.24gliwice.pl\\\/wiadomosci\\\/miala-byc-rozbiorka-i-uprzatniecie-terenu-splonal-pustostan-przy-ulicy-zelenskiego-boya\\\/#primaryimage\"},\"thumbnailUrl\":\"https:\\\/\\\/www.24gliwice.pl\\\/wiadomosci\\\/wp-content\\\/uploads\\\/2023\\\/05\\\/pozar-pustostanu-zelenskiego-boya.jpg\",\"articleSection\":[\"Gliwice\",\"Najnowsze wiadomo\u015bci\",\"Prawo\"],\"inLanguage\":\"pl-PL\",\"potentialAction\":[{\"@type\":\"CommentAction\",\"name\":\"Comment\",\"target\":[\"https:\\\/\\\/www.24gliwice.pl\\\/wiadomosci\\\/miala-byc-rozbiorka-i-uprzatniecie-terenu-splonal-pustostan-przy-ulicy-zelenskiego-boya\\\/#respond\"]}]},{\"@type\":\"WebPage\",\"@id\":\"https:\\\/\\\/www.24gliwice.pl\\\/wiadomosci\\\/miala-byc-rozbiorka-i-uprzatniecie-terenu-splonal-pustostan-przy-ulicy-zelenskiego-boya\\\/\",\"url\":\"https:\\\/\\\/www.24gliwice.pl\\\/wiadomosci\\\/miala-byc-rozbiorka-i-uprzatniecie-terenu-splonal-pustostan-przy-ulicy-zelenskiego-boya\\\/\",\"name\":\"Mia\u0142a by\u0107 rozbi\u00f3rka i uprz\u0105tni\u0119cie terenu. Sp\u0142on\u0105\u0142 pustostan przy ulicy \u017bele\u0144skiego-Boya - 24GLIWICE - Portal Gliwice | codziennie nowe informacje\",\"isPartOf\":{\"@id\":\"https:\\\/\\\/www.24gliwice.pl\\\/wiadomosci\\\/#website\"},\"primaryImageOfPage\":{\"@id\":\"https:\\\/\\\/www.24gliwice.pl\\\/wiadomosci\\\/miala-byc-rozbiorka-i-uprzatniecie-terenu-splonal-pustostan-przy-ulicy-zelenskiego-boya\\\/#primaryimage\"},\"image\":{\"@id\":\"https:\\\/\\\/www.24gliwice.pl\\\/wiadomosci\\\/miala-byc-rozbiorka-i-uprzatniecie-terenu-splonal-pustostan-przy-ulicy-zelenskiego-boya\\\/#primaryimage\"},\"thumbnailUrl\":\"https:\\\/\\\/www.24gliwice.pl\\\/wiadomosci\\\/wp-content\\\/uploads\\\/2023\\\/05\\\/pozar-pustostanu-zelenskiego-boya.jpg\",\"datePublished\":\"2023-05-25T15:39:22+00:00\",\"description\":\"Pustostan na terenie \u0141ab\u0119d mia\u0142 zosta\u0107 uprz\u0105tni\u0119ty z odpad\u00f3w i rozebrany. Dosz\u0142o tam do po\u017caru - prawdopodobnie by\u0142o to podpalenie\",\"breadcrumb\":{\"@id\":\"https:\\\/\\\/www.24gliwice.pl\\\/wiadomosci\\\/miala-byc-rozbiorka-i-uprzatniecie-terenu-splonal-pustostan-przy-ulicy-zelenskiego-boya\\\/#breadcrumb\"},\"inLanguage\":\"pl-PL\",\"potentialAction\":[{\"@type\":\"ReadAction\",\"target\":[\"https:\\\/\\\/www.24gliwice.pl\\\/wiadomosci\\\/miala-byc-rozbiorka-i-uprzatniecie-terenu-splonal-pustostan-przy-ulicy-zelenskiego-boya\\\/\"]}]},{\"@type\":\"ImageObject\",\"inLanguage\":\"pl-PL\",\"@id\":\"https:\\\/\\\/www.24gliwice.pl\\\/wiadomosci\\\/miala-byc-rozbiorka-i-uprzatniecie-terenu-splonal-pustostan-przy-ulicy-zelenskiego-boya\\\/#primaryimage\",\"url\":\"https:\\\/\\\/www.24gliwice.pl\\\/wiadomosci\\\/wp-content\\\/uploads\\\/2023\\\/05\\\/pozar-pustostanu-zelenskiego-boya.jpg\",\"contentUrl\":\"https:\\\/\\\/www.24gliwice.pl\\\/wiadomosci\\\/wp-content\\\/uploads\\\/2023\\\/05\\\/pozar-pustostanu-zelenskiego-boya.jpg\",\"width\":810,\"height\":456},{\"@type\":\"BreadcrumbList\",\"@id\":\"https:\\\/\\\/www.24gliwice.pl\\\/wiadomosci\\\/miala-byc-rozbiorka-i-uprzatniecie-terenu-splonal-pustostan-przy-ulicy-zelenskiego-boya\\\/#breadcrumb\",\"itemListElement\":[{\"@type\":\"ListItem\",\"position\":1,\"name\":\"Strona g\u0142\u00f3wna\",\"item\":\"https:\\\/\\\/www.24gliwice.pl\\\/wiadomosci\\\/\"},{\"@type\":\"ListItem\",\"position\":2,\"name\":\"Mia\u0142a by\u0107 rozbi\u00f3rka i uprz\u0105tni\u0119cie terenu. Sp\u0142on\u0105\u0142 pustostan przy ulicy \u017bele\u0144skiego-Boya\"}]},{\"@type\":\"WebSite\",\"@id\":\"https:\\\/\\\/www.24gliwice.pl\\\/wiadomosci\\\/#website\",\"url\":\"https:\\\/\\\/www.24gliwice.pl\\\/wiadomosci\\\/\",\"name\":\"24GLIWICE - Portal Gliwice | codziennie nowe wiadomo\u015bci\",\"description\":\"Portal Miejski Gliwice\",\"publisher\":{\"@id\":\"https:\\\/\\\/www.24gliwice.pl\\\/wiadomosci\\\/#organization\"},\"potentialAction\":[{\"@type\":\"SearchAction\",\"target\":{\"@type\":\"EntryPoint\",\"urlTemplate\":\"https:\\\/\\\/www.24gliwice.pl\\\/wiadomosci\\\/?s={search_term_string}\"},\"query-input\":{\"@type\":\"PropertyValueSpecification\",\"valueRequired\":true,\"valueName\":\"search_term_string\"}}],\"inLanguage\":\"pl-PL\"},{\"@type\":\"Organization\",\"@id\":\"https:\\\/\\\/www.24gliwice.pl\\\/wiadomosci\\\/#organization\",\"name\":\"24gliwice\",\"url\":\"https:\\\/\\\/www.24gliwice.pl\\\/wiadomosci\\\/\",\"logo\":{\"@type\":\"ImageObject\",\"inLanguage\":\"pl-PL\",\"@id\":\"https:\\\/\\\/www.24gliwice.pl\\\/wiadomosci\\\/#\\\/schema\\\/logo\\\/image\\\/\",\"url\":\"https:\\\/\\\/www.24gliwice.pl\\\/wiadomosci\\\/wp-content\\\/uploads\\\/2024\\\/10\\\/24gliwice-logo-696.jpg\",\"contentUrl\":\"https:\\\/\\\/www.24gliwice.pl\\\/wiadomosci\\\/wp-content\\\/uploads\\\/2024\\\/10\\\/24gliwice-logo-696.jpg\",\"width\":696,\"height\":696,\"caption\":\"24gliwice\"},\"image\":{\"@id\":\"https:\\\/\\\/www.24gliwice.pl\\\/wiadomosci\\\/#\\\/schema\\\/logo\\\/image\\\/\"},\"sameAs\":[\"https:\\\/\\\/www.facebook.com\\\/24gliwice\",\"https:\\\/\\\/x.com\\\/24gliwice\",\"https:\\\/\\\/www.youtube.com\\\/@24gliwice\"]},{\"@type\":\"Person\",\"@id\":\"https:\\\/\\\/www.24gliwice.pl\\\/wiadomosci\\\/#\\\/schema\\\/person\\\/e42c650edd7f2fa332be3811fb166b6e\",\"name\":\"\u017baneta Mrozek-Siewierska\",\"image\":{\"@type\":\"ImageObject\",\"inLanguage\":\"pl-PL\",\"@id\":\"https:\\\/\\\/secure.gravatar.com\\\/avatar\\\/1881429e9c64597c77ad7aef2d0a19be69a3253e57534d16aa15bf3a4d34a0a3?s=96&d=mm&r=g\",\"url\":\"https:\\\/\\\/secure.gravatar.com\\\/avatar\\\/1881429e9c64597c77ad7aef2d0a19be69a3253e57534d16aa15bf3a4d34a0a3?s=96&d=mm&r=g\",\"contentUrl\":\"https:\\\/\\\/secure.gravatar.com\\\/avatar\\\/1881429e9c64597c77ad7aef2d0a19be69a3253e57534d16aa15bf3a4d34a0a3?s=96&d=mm&r=g\",\"caption\":\"\u017baneta Mrozek-Siewierska\"},\"url\":\"https:\\\/\\\/www.24gliwice.pl\\\/wiadomosci\\\/author\\\/zms\\\/\"}]}<\/script>\n<!-- \/ Yoast SEO plugin. -->","yoast_head_json":{"title":"Mia\u0142a by\u0107 rozbi\u00f3rka i uprz\u0105tni\u0119cie terenu. Sp\u0142on\u0105\u0142 pustostan przy ulicy \u017bele\u0144skiego-Boya - 24GLIWICE - Portal Gliwice | codziennie nowe informacje","description":"Pustostan na terenie \u0141ab\u0119d mia\u0142 zosta\u0107 uprz\u0105tni\u0119ty z odpad\u00f3w i rozebrany. Dosz\u0142o tam do po\u017caru - prawdopodobnie by\u0142o to podpalenie","robots":{"index":"index","follow":"follow","max-snippet":"max-snippet:-1","max-image-preview":"max-image-preview:large","max-video-preview":"max-video-preview:-1"},"canonical":"https:\/\/www.24gliwice.pl\/wiadomosci\/miala-byc-rozbiorka-i-uprzatniecie-terenu-splonal-pustostan-przy-ulicy-zelenskiego-boya\/","og_locale":"pl_PL","og_type":"article","og_title":"Mia\u0142a by\u0107 rozbi\u00f3rka i uprz\u0105tni\u0119cie terenu. Sp\u0142on\u0105\u0142 pustostan przy ulicy \u017bele\u0144skiego-Boya - 24GLIWICE - Portal Gliwice | codziennie nowe informacje","og_description":"Pustostan na terenie \u0141ab\u0119d mia\u0142 zosta\u0107 uprz\u0105tni\u0119ty z odpad\u00f3w i rozebrany. Dosz\u0142o tam do po\u017caru - prawdopodobnie by\u0142o to podpalenie","og_url":"https:\/\/www.24gliwice.pl\/wiadomosci\/miala-byc-rozbiorka-i-uprzatniecie-terenu-splonal-pustostan-przy-ulicy-zelenskiego-boya\/","og_site_name":"24GLIWICE - Portal Gliwice | codziennie nowe informacje","article_publisher":"https:\/\/www.facebook.com\/24gliwice","article_published_time":"2023-05-25T15:39:22+00:00","og_image":[{"width":810,"height":456,"url":"https:\/\/www.24gliwice.pl\/wiadomosci\/wp-content\/uploads\/2023\/05\/pozar-pustostanu-zelenskiego-boya.jpg","type":"image\/jpeg"}],"author":"\u017baneta Mrozek-Siewierska","twitter_card":"summary_large_image","twitter_creator":"@24gliwice","twitter_site":"@24gliwice","twitter_misc":{"Napisane przez":"\u017baneta Mrozek-Siewierska","Szacowany czas czytania":"2 minuty"},"schema":{"@context":"https:\/\/schema.org","@graph":[{"@type":"Article","@id":"https:\/\/www.24gliwice.pl\/wiadomosci\/miala-byc-rozbiorka-i-uprzatniecie-terenu-splonal-pustostan-przy-ulicy-zelenskiego-boya\/#article","isPartOf":{"@id":"https:\/\/www.24gliwice.pl\/wiadomosci\/miala-byc-rozbiorka-i-uprzatniecie-terenu-splonal-pustostan-przy-ulicy-zelenskiego-boya\/"},"author":{"name":"\u017baneta Mrozek-Siewierska","@id":"https:\/\/www.24gliwice.pl\/wiadomosci\/#\/schema\/person\/e42c650edd7f2fa332be3811fb166b6e"},"headline":"Mia\u0142a by\u0107 rozbi\u00f3rka i uprz\u0105tni\u0119cie terenu. Sp\u0142on\u0105\u0142 pustostan przy ulicy \u017bele\u0144skiego-Boya","datePublished":"2023-05-25T15:39:22+00:00","mainEntityOfPage":{"@id":"https:\/\/www.24gliwice.pl\/wiadomosci\/miala-byc-rozbiorka-i-uprzatniecie-terenu-splonal-pustostan-przy-ulicy-zelenskiego-boya\/"},"wordCount":287,"commentCount":0,"publisher":{"@id":"https:\/\/www.24gliwice.pl\/wiadomosci\/#organization"},"image":{"@id":"https:\/\/www.24gliwice.pl\/wiadomosci\/miala-byc-rozbiorka-i-uprzatniecie-terenu-splonal-pustostan-przy-ulicy-zelenskiego-boya\/#primaryimage"},"thumbnailUrl":"https:\/\/www.24gliwice.pl\/wiadomosci\/wp-content\/uploads\/2023\/05\/pozar-pustostanu-zelenskiego-boya.jpg","articleSection":["Gliwice","Najnowsze wiadomo\u015bci","Prawo"],"inLanguage":"pl-PL","potentialAction":[{"@type":"CommentAction","name":"Comment","target":["https:\/\/www.24gliwice.pl\/wiadomosci\/miala-byc-rozbiorka-i-uprzatniecie-terenu-splonal-pustostan-przy-ulicy-zelenskiego-boya\/#respond"]}]},{"@type":"WebPage","@id":"https:\/\/www.24gliwice.pl\/wiadomosci\/miala-byc-rozbiorka-i-uprzatniecie-terenu-splonal-pustostan-przy-ulicy-zelenskiego-boya\/","url":"https:\/\/www.24gliwice.pl\/wiadomosci\/miala-byc-rozbiorka-i-uprzatniecie-terenu-splonal-pustostan-przy-ulicy-zelenskiego-boya\/","name":"Mia\u0142a by\u0107 rozbi\u00f3rka i uprz\u0105tni\u0119cie terenu. Sp\u0142on\u0105\u0142 pustostan przy ulicy \u017bele\u0144skiego-Boya - 24GLIWICE - Portal Gliwice | codziennie nowe informacje","isPartOf":{"@id":"https:\/\/www.24gliwice.pl\/wiadomosci\/#website"},"primaryImageOfPage":{"@id":"https:\/\/www.24gliwice.pl\/wiadomosci\/miala-byc-rozbiorka-i-uprzatniecie-terenu-splonal-pustostan-przy-ulicy-zelenskiego-boya\/#primaryimage"},"image":{"@id":"https:\/\/www.24gliwice.pl\/wiadomosci\/miala-byc-rozbiorka-i-uprzatniecie-terenu-splonal-pustostan-przy-ulicy-zelenskiego-boya\/#primaryimage"},"thumbnailUrl":"https:\/\/www.24gliwice.pl\/wiadomosci\/wp-content\/uploads\/2023\/05\/pozar-pustostanu-zelenskiego-boya.jpg","datePublished":"2023-05-25T15:39:22+00:00","description":"Pustostan na terenie \u0141ab\u0119d mia\u0142 zosta\u0107 uprz\u0105tni\u0119ty z odpad\u00f3w i rozebrany. Dosz\u0142o tam do po\u017caru - prawdopodobnie by\u0142o to podpalenie","breadcrumb":{"@id":"https:\/\/www.24gliwice.pl\/wiadomosci\/miala-byc-rozbiorka-i-uprzatniecie-terenu-splonal-pustostan-przy-ulicy-zelenskiego-boya\/#breadcrumb"},"inLanguage":"pl-PL","potentialAction":[{"@type":"ReadAction","target":["https:\/\/www.24gliwice.pl\/wiadomosci\/miala-byc-rozbiorka-i-uprzatniecie-terenu-splonal-pustostan-przy-ulicy-zelenskiego-boya\/"]}]},{"@type":"ImageObject","inLanguage":"pl-PL","@id":"https:\/\/www.24gliwice.pl\/wiadomosci\/miala-byc-rozbiorka-i-uprzatniecie-terenu-splonal-pustostan-przy-ulicy-zelenskiego-boya\/#primaryimage","url":"https:\/\/www.24gliwice.pl\/wiadomosci\/wp-content\/uploads\/2023\/05\/pozar-pustostanu-zelenskiego-boya.jpg","contentUrl":"https:\/\/www.24gliwice.pl\/wiadomosci\/wp-content\/uploads\/2023\/05\/pozar-pustostanu-zelenskiego-boya.jpg","width":810,"height":456},{"@type":"BreadcrumbList","@id":"https:\/\/www.24gliwice.pl\/wiadomosci\/miala-byc-rozbiorka-i-uprzatniecie-terenu-splonal-pustostan-przy-ulicy-zelenskiego-boya\/#breadcrumb","itemListElement":[{"@type":"ListItem","position":1,"name":"Strona g\u0142\u00f3wna","item":"https:\/\/www.24gliwice.pl\/wiadomosci\/"},{"@type":"ListItem","position":2,"name":"Mia\u0142a by\u0107 rozbi\u00f3rka i uprz\u0105tni\u0119cie terenu. Sp\u0142on\u0105\u0142 pustostan przy ulicy \u017bele\u0144skiego-Boya"}]},{"@type":"WebSite","@id":"https:\/\/www.24gliwice.pl\/wiadomosci\/#website","url":"https:\/\/www.24gliwice.pl\/wiadomosci\/","name":"24GLIWICE - Portal Gliwice | codziennie nowe wiadomo\u015bci","description":"Portal Miejski Gliwice","publisher":{"@id":"https:\/\/www.24gliwice.pl\/wiadomosci\/#organization"},"potentialAction":[{"@type":"SearchAction","target":{"@type":"EntryPoint","urlTemplate":"https:\/\/www.24gliwice.pl\/wiadomosci\/?s={search_term_string}"},"query-input":{"@type":"PropertyValueSpecification","valueRequired":true,"valueName":"search_term_string"}}],"inLanguage":"pl-PL"},{"@type":"Organization","@id":"https:\/\/www.24gliwice.pl\/wiadomosci\/#organization","name":"24gliwice","url":"https:\/\/www.24gliwice.pl\/wiadomosci\/","logo":{"@type":"ImageObject","inLanguage":"pl-PL","@id":"https:\/\/www.24gliwice.pl\/wiadomosci\/#\/schema\/logo\/image\/","url":"https:\/\/www.24gliwice.pl\/wiadomosci\/wp-content\/uploads\/2024\/10\/24gliwice-logo-696.jpg","contentUrl":"https:\/\/www.24gliwice.pl\/wiadomosci\/wp-content\/uploads\/2024\/10\/24gliwice-logo-696.jpg","width":696,"height":696,"caption":"24gliwice"},"image":{"@id":"https:\/\/www.24gliwice.pl\/wiadomosci\/#\/schema\/logo\/image\/"},"sameAs":["https:\/\/www.facebook.com\/24gliwice","https:\/\/x.com\/24gliwice","https:\/\/www.youtube.com\/@24gliwice"]},{"@type":"Person","@id":"https:\/\/www.24gliwice.pl\/wiadomosci\/#\/schema\/person\/e42c650edd7f2fa332be3811fb166b6e","name":"\u017baneta Mrozek-Siewierska","image":{"@type":"ImageObject","inLanguage":"pl-PL","@id":"https:\/\/secure.gravatar.com\/avatar\/1881429e9c64597c77ad7aef2d0a19be69a3253e57534d16aa15bf3a4d34a0a3?s=96&d=mm&r=g","url":"https:\/\/secure.gravatar.com\/avatar\/1881429e9c64597c77ad7aef2d0a19be69a3253e57534d16aa15bf3a4d34a0a3?s=96&d=mm&r=g","contentUrl":"https:\/\/secure.gravatar.com\/avatar\/1881429e9c64597c77ad7aef2d0a19be69a3253e57534d16aa15bf3a4d34a0a3?s=96&d=mm&r=g","caption":"\u017baneta Mrozek-Siewierska"},"url":"https:\/\/www.24gliwice.pl\/wiadomosci\/author\/zms\/"}]}},"_links":{"self":[{"href":"https:\/\/www.24gliwice.pl\/wiadomosci\/wp-json\/wp\/v2\/posts\/215244","targetHints":{"allow":["GET"]}}],"collection":[{"href":"https:\/\/www.24gliwice.pl\/wiadomosci\/wp-json\/wp\/v2\/posts"}],"about":[{"href":"https:\/\/www.24gliwice.pl\/wiadomosci\/wp-json\/wp\/v2\/types\/post"}],"author":[{"embeddable":true,"href":"https:\/\/www.24gliwice.pl\/wiadomosci\/wp-json\/wp\/v2\/users\/15"}],"replies":[{"embeddable":true,"href":"https:\/\/www.24gliwice.pl\/wiadomosci\/wp-json\/wp\/v2\/comments?post=215244"}],"version-history":[{"count":0,"href":"https:\/\/www.24gliwice.pl\/wiadomosci\/wp-json\/wp\/v2\/posts\/215244\/revisions"}],"wp:featuredmedia":[{"embeddable":true,"href":"https:\/\/www.24gliwice.pl\/wiadomosci\/wp-json\/wp\/v2\/media\/215254"}],"wp:attachment":[{"href":"https:\/\/www.24gliwice.pl\/wiadomosci\/wp-json\/wp\/v2\/media?parent=215244"}],"wp:term":[{"taxonomy":"category","embeddable":true,"href":"https:\/\/www.24gliwice.pl\/wiadomosci\/wp-json\/wp\/v2\/categories?post=215244"},{"taxonomy":"post_tag","embeddable":true,"href":"https:\/\/www.24gliwice.pl\/wiadomosci\/wp-json\/wp\/v2\/tags?post=215244"}],"curies":[{"name":"wp","href":"https:\/\/api.w.org\/{rel}","templated":true}]}}