{"id":215307,"date":"2023-05-27T10:42:41","date_gmt":"2023-05-27T08:42:41","guid":{"rendered":"https:\/\/www.24gliwice.pl\/wiadomosci\/?p=215307"},"modified":"2023-05-27T02:44:08","modified_gmt":"2023-05-27T00:44:08","slug":"kiedy-mozemy-zostac-zatrzymani-przez-policje-11-osob-oczekuje-w-policyjnym-areszcie-na-dalszy-bieg-spraw","status":"publish","type":"post","link":"https:\/\/www.24gliwice.pl\/wiadomosci\/kiedy-mozemy-zostac-zatrzymani-przez-policje-11-osob-oczekuje-w-policyjnym-areszcie-na-dalszy-bieg-spraw\/","title":{"rendered":"Kiedy mo\u017cemy zosta\u0107 zatrzymani przez policj\u0119? 11 os\u00f3b oczekuje w policyjnym areszcie na dalszy bieg spraw"},"content":{"rendered":"<div class=\"gliwi-a6-nad-leadem-artykulow gliwi-entity-placement\" id=\"gliwi-1585795502\"><div class=\"gliwi-adlabel\"><span style=\"font-size: 9px\">REKLAMA<\/span><\/div><div id=\"gliwi-234582297\" style=\"margin-bottom: 30px;margin-left: auto;margin-right: auto;text-align: center;\"><a data-no-instant=\"1\" href=\"https:\/\/przedszkole.halogen.org.pl\/\" rel=\"noopener\" class=\"a2t-link\" target=\"_blank\" aria-label=\"20260402-ANIMATOR-przedszkole_grafika_750x200\"><img loading=\"lazy\" decoding=\"async\" src=\"https:\/\/www.24gliwice.pl\/wiadomosci\/wp-content\/uploads\/2026\/04\/20260402-ANIMATOR-przedszkole_grafika_750x200.webp\" alt=\"\"  srcset=\"https:\/\/www.24gliwice.pl\/wiadomosci\/wp-content\/uploads\/2026\/04\/20260402-ANIMATOR-przedszkole_grafika_750x200.webp 750w, https:\/\/www.24gliwice.pl\/wiadomosci\/wp-content\/uploads\/2026\/04\/20260402-ANIMATOR-przedszkole_grafika_750x200-410x109.webp 410w\" sizes=\"(max-width: 750px) 100vw, 750px\" class=\"no-lazyload\" width=\"750\" height=\"200\"  style=\"display: inline-block; max-width: 100%; height: auto;\" \/><\/a><\/div><\/div><h2>W pomieszczeniu dla os\u00f3b zatrzymanych gliwickiej komendy, o godzinie 8.00 w pi\u0105tek, przebywa\u0142o jedenastu osadzonych do r\u00f3\u017cnych spraw. To osoby podejrzane o kradzie\u017ce, paserstwo, narkotyki, kradzie\u017c rozb\u00f3jnicz\u0105, przemoc domow\u0105, naruszenie nietykalno\u015bci policjanta.<\/h2>\n<p>&nbsp;<br \/>\nW poszczeg\u00f3lnych celach znajduje si\u0119 10 m\u0119\u017cczyzn i jednak kobieta. Warto przypomnie\u0107, dlaczego policja mo\u017ce osob\u0119 zatrzyma\u0107 i na jak d\u0142ugo.<\/p>\n<p>&#8211; <em>Zatrzyma\u0107 mo\u017cna, je\u015bli policjant uzna, \u017ce istnieje prawdopodobie\u0144stwo pope\u0142nienia przest\u0119pstwa, a tak\u017ce zachodzi obawa, i\u017c potencjalny sprawca mo\u017ce uciec lub utrudnia\u0107 post\u0119powanie (np. przez zacieranie \u015blad\u00f3w). Oczywi\u015bcie, organy \u015bcigania mog\u0105 r\u00f3wnie\u017c dan\u0105 osob\u0119 zatrzyma\u0107, gdy nie s\u0105 w stanie ustali\u0107 jej to\u017csamo\u015bci albo zamierzaj\u0105 przeprowadzi\u0107 post\u0119powanie przyspieszone<\/em> &#8211; wyja\u015bnia podinspektor Marek S\u0142omski, oficer prasowy KMP Gliwice. <\/p><div class=\"gliwi-a3-w-tresci-artykulow gliwi-entity-placement\" id=\"gliwi-3425185018\"><div class=\"gliwi-adlabel\"><span style=\"font-size: 9px\">REKLAMA<\/span><\/div><div id=\"gliwi-3712479270\" style=\"margin-bottom: 30px;margin-left: auto;margin-right: auto;text-align: center;\"><a data-no-instant=\"1\" href=\"https:\/\/ogrodyandersa.pl\/\" rel=\"noopener\" class=\"a2t-link\" target=\"_blank\" aria-label=\"20260415 Ogrody Andersa KUP TERAZ D\"><img loading=\"lazy\" decoding=\"async\" src=\"https:\/\/www.24gliwice.pl\/wiadomosci\/wp-content\/uploads\/2026\/04\/20260415-Ogrody-Andersa-KUP-TERAZ-D.jpg\" alt=\"\"  srcset=\"https:\/\/www.24gliwice.pl\/wiadomosci\/wp-content\/uploads\/2026\/04\/20260415-Ogrody-Andersa-KUP-TERAZ-D.jpg 750w, https:\/\/www.24gliwice.pl\/wiadomosci\/wp-content\/uploads\/2026\/04\/20260415-Ogrody-Andersa-KUP-TERAZ-D-410x109.jpg 410w\" sizes=\"(max-width: 750px) 100vw, 750px\" class=\"no-lazyload\" width=\"750\" height=\"200\"  style=\"display: inline-block; max-width: 100%; height: auto;\" \/><\/a><\/div><\/div>\n<blockquote><p><em>Zatrzyma\u0107 mo\u017cna kogo\u015b maksymalnie na 48 godzin. W tym czasie policja (prokurator) musi wyst\u0105pi\u0107 do s\u0105du z wnioskiem o tymczasowe aresztowanie albo, co oczywiste, zwolni\u0107. S\u0105d ma nast\u0119pnie 24 godziny na podj\u0119cie decyzji co do tymczasowego aresztowania<\/em> <\/p><\/blockquote>\n<p>&#8211; dodaje S\u0142omski. <\/p>\n<p>Taka procedura w praktyce oznacza, \u017ce osoba mo\u017ce by\u0107 zatrzymana w policyjnym areszcie maksymalnie 72 godziny (3 dni), chyba, \u017ce do tego czasu zostanie jej dor\u0119czone postanowienie o tymczasowym aresztowaniu. <\/p>\n<p>(\u017cms)\/KMP Gliwice<br \/>\nfot. px\/zdj\u0119cie pogl\u0105dowe<\/p>\n<div class=\"gliwi-a5-na-koncu-artykulow gliwi-entity-placement\" id=\"gliwi-1155991905\"><div class=\"gliwi-adlabel\"><span style=\"font-size: 9px\">REKLAMA<\/span><\/div><div id=\"gliwi-376220212\" style=\"margin-left: auto;margin-right: auto;text-align: center;\"><a data-no-instant=\"1\" href=\"https:\/\/www.jasek.pl\/\" rel=\"noopener\" class=\"a2t-link\" target=\"_blank\" aria-label=\"20200401-jasek 600\"><img loading=\"lazy\" decoding=\"async\" src=\"https:\/\/www.24gliwice.pl\/wiadomosci\/wp-content\/uploads\/2020\/04\/20200401-jasek-600.jpg\" alt=\"\"  srcset=\"https:\/\/www.24gliwice.pl\/wiadomosci\/wp-content\/uploads\/2020\/04\/20200401-jasek-600.jpg 600w, https:\/\/www.24gliwice.pl\/wiadomosci\/wp-content\/uploads\/2020\/04\/20200401-jasek-600-410x109.jpg 410w\" sizes=\"(max-width: 600px) 100vw, 600px\" class=\"no-lazyload\" width=\"600\" height=\"160\"  style=\"display: inline-block; max-width: 100%; height: auto;\" \/><\/a><\/div><\/div>","protected":false},"excerpt":{"rendered":"<p>W pomieszczeniu dla os\u00f3b zatrzymanych gliwickiej komendy, o godzinie 8.00 w pi\u0105tek, przebywa\u0142o jedenastu osadzonych do r\u00f3\u017cnych spraw. To osoby podejrzane o kradzie\u017ce, paserstwo, narkotyki, kradzie\u017c rozb\u00f3jnicz\u0105, przemoc domow\u0105, naruszenie nietykalno\u015bci policjanta. &nbsp; W poszczeg\u00f3lnych celach znajduje si\u0119 10 m\u0119\u017cczyzn i jednak kobieta. Warto przypomnie\u0107, dlaczego policja mo\u017ce osob\u0119 zatrzyma\u0107 i na jak d\u0142ugo. &#8211; [&hellip;]<\/p>\n","protected":false},"author":15,"featured_media":215314,"comment_status":"open","ping_status":"closed","sticky":false,"template":"","format":"standard","meta":{"_monsterinsights_skip_tracking":false,"_monsterinsights_sitenote_active":false,"_monsterinsights_sitenote_note":"","_monsterinsights_sitenote_category":0,"footnotes":"","_links_to":"","_links_to_target":""},"categories":[3,1,5],"tags":[733,10459],"class_list":["post-215307","post","type-post","status-publish","format-standard","has-post-thumbnail","hentry","category-gliwice","category-wszystko","category-kryminalki","tag-policja","tag-zatrzymani"],"yoast_head":"<!-- This site is optimized with the Yoast SEO plugin v27.5 - https:\/\/yoast.com\/product\/yoast-seo-wordpress\/ -->\n<title>Kiedy mo\u017cemy zosta\u0107 zatrzymani przez policj\u0119? 11 os\u00f3b oczekuje w policyjnym areszcie na dalszy bieg spraw - 24GLIWICE - Portal Gliwice | codziennie nowe informacje<\/title>\n<meta name=\"description\" content=\"W pomieszczeniach dla os\u00f3b zatrzymanych KMP Gliwice oczekuje 11 os\u00f3b, kt\u00f3re oczekuj\u0105 na dalszy bieg swoich spraw. Sp\u0119dz\u0105 tam maks. 3 doby\" \/>\n<meta name=\"robots\" content=\"index, follow, max-snippet:-1, max-image-preview:large, max-video-preview:-1\" \/>\n<link rel=\"canonical\" href=\"https:\/\/www.24gliwice.pl\/wiadomosci\/kiedy-mozemy-zostac-zatrzymani-przez-policje-11-osob-oczekuje-w-policyjnym-areszcie-na-dalszy-bieg-spraw\/\" \/>\n<meta property=\"og:locale\" content=\"pl_PL\" \/>\n<meta property=\"og:type\" content=\"article\" \/>\n<meta property=\"og:title\" content=\"Kiedy mo\u017cemy zosta\u0107 zatrzymani przez policj\u0119? 11 os\u00f3b oczekuje w policyjnym areszcie na dalszy bieg spraw - 24GLIWICE - Portal Gliwice | codziennie nowe informacje\" \/>\n<meta property=\"og:description\" content=\"W pomieszczeniach dla os\u00f3b zatrzymanych KMP Gliwice oczekuje 11 os\u00f3b, kt\u00f3re oczekuj\u0105 na dalszy bieg swoich spraw. Sp\u0119dz\u0105 tam maks. 3 doby\" \/>\n<meta property=\"og:url\" content=\"https:\/\/www.24gliwice.pl\/wiadomosci\/kiedy-mozemy-zostac-zatrzymani-przez-policje-11-osob-oczekuje-w-policyjnym-areszcie-na-dalszy-bieg-spraw\/\" \/>\n<meta property=\"og:site_name\" content=\"24GLIWICE - Portal Gliwice | codziennie nowe informacje\" \/>\n<meta property=\"article:publisher\" content=\"https:\/\/www.facebook.com\/24gliwice\" \/>\n<meta property=\"article:published_time\" content=\"2023-05-27T08:42:41+00:00\" \/>\n<meta property=\"og:image\" content=\"https:\/\/www.24gliwice.pl\/wiadomosci\/wp-content\/uploads\/2023\/05\/2023-05-26.png.jpg\" \/>\n\t<meta property=\"og:image:width\" content=\"810\" \/>\n\t<meta property=\"og:image:height\" content=\"453\" \/>\n\t<meta property=\"og:image:type\" content=\"image\/jpeg\" \/>\n<meta name=\"author\" content=\"\u017baneta Mrozek-Siewierska\" \/>\n<meta name=\"twitter:card\" content=\"summary_large_image\" \/>\n<meta name=\"twitter:creator\" content=\"@24gliwice\" \/>\n<meta name=\"twitter:site\" content=\"@24gliwice\" \/>\n<meta name=\"twitter:label1\" content=\"Napisane przez\" \/>\n\t<meta name=\"twitter:data1\" content=\"\u017baneta Mrozek-Siewierska\" \/>\n\t<meta name=\"twitter:label2\" content=\"Szacowany czas czytania\" \/>\n\t<meta name=\"twitter:data2\" content=\"2 minuty\" \/>\n<script type=\"application\/ld+json\" class=\"yoast-schema-graph\">{\"@context\":\"https:\\\/\\\/schema.org\",\"@graph\":[{\"@type\":\"Article\",\"@id\":\"https:\\\/\\\/www.24gliwice.pl\\\/wiadomosci\\\/kiedy-mozemy-zostac-zatrzymani-przez-policje-11-osob-oczekuje-w-policyjnym-areszcie-na-dalszy-bieg-spraw\\\/#article\",\"isPartOf\":{\"@id\":\"https:\\\/\\\/www.24gliwice.pl\\\/wiadomosci\\\/kiedy-mozemy-zostac-zatrzymani-przez-policje-11-osob-oczekuje-w-policyjnym-areszcie-na-dalszy-bieg-spraw\\\/\"},\"author\":{\"name\":\"\u017baneta Mrozek-Siewierska\",\"@id\":\"https:\\\/\\\/www.24gliwice.pl\\\/wiadomosci\\\/#\\\/schema\\\/person\\\/e42c650edd7f2fa332be3811fb166b6e\"},\"headline\":\"Kiedy mo\u017cemy zosta\u0107 zatrzymani przez policj\u0119? 11 os\u00f3b oczekuje w policyjnym areszcie na dalszy bieg spraw\",\"datePublished\":\"2023-05-27T08:42:41+00:00\",\"mainEntityOfPage\":{\"@id\":\"https:\\\/\\\/www.24gliwice.pl\\\/wiadomosci\\\/kiedy-mozemy-zostac-zatrzymani-przez-policje-11-osob-oczekuje-w-policyjnym-areszcie-na-dalszy-bieg-spraw\\\/\"},\"wordCount\":237,\"commentCount\":0,\"publisher\":{\"@id\":\"https:\\\/\\\/www.24gliwice.pl\\\/wiadomosci\\\/#organization\"},\"image\":{\"@id\":\"https:\\\/\\\/www.24gliwice.pl\\\/wiadomosci\\\/kiedy-mozemy-zostac-zatrzymani-przez-policje-11-osob-oczekuje-w-policyjnym-areszcie-na-dalszy-bieg-spraw\\\/#primaryimage\"},\"thumbnailUrl\":\"https:\\\/\\\/www.24gliwice.pl\\\/wiadomosci\\\/wp-content\\\/uploads\\\/2023\\\/05\\\/2023-05-26.png.jpg\",\"keywords\":[\"POLICJA\",\"zatrzymani\"],\"articleSection\":[\"Gliwice\",\"Najnowsze wiadomo\u015bci\",\"Prawo\"],\"inLanguage\":\"pl-PL\",\"potentialAction\":[{\"@type\":\"CommentAction\",\"name\":\"Comment\",\"target\":[\"https:\\\/\\\/www.24gliwice.pl\\\/wiadomosci\\\/kiedy-mozemy-zostac-zatrzymani-przez-policje-11-osob-oczekuje-w-policyjnym-areszcie-na-dalszy-bieg-spraw\\\/#respond\"]}]},{\"@type\":\"WebPage\",\"@id\":\"https:\\\/\\\/www.24gliwice.pl\\\/wiadomosci\\\/kiedy-mozemy-zostac-zatrzymani-przez-policje-11-osob-oczekuje-w-policyjnym-areszcie-na-dalszy-bieg-spraw\\\/\",\"url\":\"https:\\\/\\\/www.24gliwice.pl\\\/wiadomosci\\\/kiedy-mozemy-zostac-zatrzymani-przez-policje-11-osob-oczekuje-w-policyjnym-areszcie-na-dalszy-bieg-spraw\\\/\",\"name\":\"Kiedy mo\u017cemy zosta\u0107 zatrzymani przez policj\u0119? 11 os\u00f3b oczekuje w policyjnym areszcie na dalszy bieg spraw - 24GLIWICE - Portal Gliwice | codziennie nowe informacje\",\"isPartOf\":{\"@id\":\"https:\\\/\\\/www.24gliwice.pl\\\/wiadomosci\\\/#website\"},\"primaryImageOfPage\":{\"@id\":\"https:\\\/\\\/www.24gliwice.pl\\\/wiadomosci\\\/kiedy-mozemy-zostac-zatrzymani-przez-policje-11-osob-oczekuje-w-policyjnym-areszcie-na-dalszy-bieg-spraw\\\/#primaryimage\"},\"image\":{\"@id\":\"https:\\\/\\\/www.24gliwice.pl\\\/wiadomosci\\\/kiedy-mozemy-zostac-zatrzymani-przez-policje-11-osob-oczekuje-w-policyjnym-areszcie-na-dalszy-bieg-spraw\\\/#primaryimage\"},\"thumbnailUrl\":\"https:\\\/\\\/www.24gliwice.pl\\\/wiadomosci\\\/wp-content\\\/uploads\\\/2023\\\/05\\\/2023-05-26.png.jpg\",\"datePublished\":\"2023-05-27T08:42:41+00:00\",\"description\":\"W pomieszczeniach dla os\u00f3b zatrzymanych KMP Gliwice oczekuje 11 os\u00f3b, kt\u00f3re oczekuj\u0105 na dalszy bieg swoich spraw. Sp\u0119dz\u0105 tam maks. 3 doby\",\"breadcrumb\":{\"@id\":\"https:\\\/\\\/www.24gliwice.pl\\\/wiadomosci\\\/kiedy-mozemy-zostac-zatrzymani-przez-policje-11-osob-oczekuje-w-policyjnym-areszcie-na-dalszy-bieg-spraw\\\/#breadcrumb\"},\"inLanguage\":\"pl-PL\",\"potentialAction\":[{\"@type\":\"ReadAction\",\"target\":[\"https:\\\/\\\/www.24gliwice.pl\\\/wiadomosci\\\/kiedy-mozemy-zostac-zatrzymani-przez-policje-11-osob-oczekuje-w-policyjnym-areszcie-na-dalszy-bieg-spraw\\\/\"]}]},{\"@type\":\"ImageObject\",\"inLanguage\":\"pl-PL\",\"@id\":\"https:\\\/\\\/www.24gliwice.pl\\\/wiadomosci\\\/kiedy-mozemy-zostac-zatrzymani-przez-policje-11-osob-oczekuje-w-policyjnym-areszcie-na-dalszy-bieg-spraw\\\/#primaryimage\",\"url\":\"https:\\\/\\\/www.24gliwice.pl\\\/wiadomosci\\\/wp-content\\\/uploads\\\/2023\\\/05\\\/2023-05-26.png.jpg\",\"contentUrl\":\"https:\\\/\\\/www.24gliwice.pl\\\/wiadomosci\\\/wp-content\\\/uploads\\\/2023\\\/05\\\/2023-05-26.png.jpg\",\"width\":810,\"height\":453},{\"@type\":\"BreadcrumbList\",\"@id\":\"https:\\\/\\\/www.24gliwice.pl\\\/wiadomosci\\\/kiedy-mozemy-zostac-zatrzymani-przez-policje-11-osob-oczekuje-w-policyjnym-areszcie-na-dalszy-bieg-spraw\\\/#breadcrumb\",\"itemListElement\":[{\"@type\":\"ListItem\",\"position\":1,\"name\":\"Strona g\u0142\u00f3wna\",\"item\":\"https:\\\/\\\/www.24gliwice.pl\\\/wiadomosci\\\/\"},{\"@type\":\"ListItem\",\"position\":2,\"name\":\"Kiedy mo\u017cemy zosta\u0107 zatrzymani przez policj\u0119? 11 os\u00f3b oczekuje w policyjnym areszcie na dalszy bieg spraw\"}]},{\"@type\":\"WebSite\",\"@id\":\"https:\\\/\\\/www.24gliwice.pl\\\/wiadomosci\\\/#website\",\"url\":\"https:\\\/\\\/www.24gliwice.pl\\\/wiadomosci\\\/\",\"name\":\"24GLIWICE - Portal Gliwice | codziennie nowe wiadomo\u015bci\",\"description\":\"Portal Miejski Gliwice\",\"publisher\":{\"@id\":\"https:\\\/\\\/www.24gliwice.pl\\\/wiadomosci\\\/#organization\"},\"potentialAction\":[{\"@type\":\"SearchAction\",\"target\":{\"@type\":\"EntryPoint\",\"urlTemplate\":\"https:\\\/\\\/www.24gliwice.pl\\\/wiadomosci\\\/?s={search_term_string}\"},\"query-input\":{\"@type\":\"PropertyValueSpecification\",\"valueRequired\":true,\"valueName\":\"search_term_string\"}}],\"inLanguage\":\"pl-PL\"},{\"@type\":\"Organization\",\"@id\":\"https:\\\/\\\/www.24gliwice.pl\\\/wiadomosci\\\/#organization\",\"name\":\"24gliwice\",\"url\":\"https:\\\/\\\/www.24gliwice.pl\\\/wiadomosci\\\/\",\"logo\":{\"@type\":\"ImageObject\",\"inLanguage\":\"pl-PL\",\"@id\":\"https:\\\/\\\/www.24gliwice.pl\\\/wiadomosci\\\/#\\\/schema\\\/logo\\\/image\\\/\",\"url\":\"https:\\\/\\\/www.24gliwice.pl\\\/wiadomosci\\\/wp-content\\\/uploads\\\/2024\\\/10\\\/24gliwice-logo-696.jpg\",\"contentUrl\":\"https:\\\/\\\/www.24gliwice.pl\\\/wiadomosci\\\/wp-content\\\/uploads\\\/2024\\\/10\\\/24gliwice-logo-696.jpg\",\"width\":696,\"height\":696,\"caption\":\"24gliwice\"},\"image\":{\"@id\":\"https:\\\/\\\/www.24gliwice.pl\\\/wiadomosci\\\/#\\\/schema\\\/logo\\\/image\\\/\"},\"sameAs\":[\"https:\\\/\\\/www.facebook.com\\\/24gliwice\",\"https:\\\/\\\/x.com\\\/24gliwice\",\"https:\\\/\\\/www.youtube.com\\\/@24gliwice\"]},{\"@type\":\"Person\",\"@id\":\"https:\\\/\\\/www.24gliwice.pl\\\/wiadomosci\\\/#\\\/schema\\\/person\\\/e42c650edd7f2fa332be3811fb166b6e\",\"name\":\"\u017baneta Mrozek-Siewierska\",\"image\":{\"@type\":\"ImageObject\",\"inLanguage\":\"pl-PL\",\"@id\":\"https:\\\/\\\/secure.gravatar.com\\\/avatar\\\/1881429e9c64597c77ad7aef2d0a19be69a3253e57534d16aa15bf3a4d34a0a3?s=96&d=mm&r=g\",\"url\":\"https:\\\/\\\/secure.gravatar.com\\\/avatar\\\/1881429e9c64597c77ad7aef2d0a19be69a3253e57534d16aa15bf3a4d34a0a3?s=96&d=mm&r=g\",\"contentUrl\":\"https:\\\/\\\/secure.gravatar.com\\\/avatar\\\/1881429e9c64597c77ad7aef2d0a19be69a3253e57534d16aa15bf3a4d34a0a3?s=96&d=mm&r=g\",\"caption\":\"\u017baneta Mrozek-Siewierska\"},\"url\":\"https:\\\/\\\/www.24gliwice.pl\\\/wiadomosci\\\/author\\\/zms\\\/\"}]}<\/script>\n<!-- \/ Yoast SEO plugin. -->","yoast_head_json":{"title":"Kiedy mo\u017cemy zosta\u0107 zatrzymani przez policj\u0119? 11 os\u00f3b oczekuje w policyjnym areszcie na dalszy bieg spraw - 24GLIWICE - Portal Gliwice | codziennie nowe informacje","description":"W pomieszczeniach dla os\u00f3b zatrzymanych KMP Gliwice oczekuje 11 os\u00f3b, kt\u00f3re oczekuj\u0105 na dalszy bieg swoich spraw. Sp\u0119dz\u0105 tam maks. 3 doby","robots":{"index":"index","follow":"follow","max-snippet":"max-snippet:-1","max-image-preview":"max-image-preview:large","max-video-preview":"max-video-preview:-1"},"canonical":"https:\/\/www.24gliwice.pl\/wiadomosci\/kiedy-mozemy-zostac-zatrzymani-przez-policje-11-osob-oczekuje-w-policyjnym-areszcie-na-dalszy-bieg-spraw\/","og_locale":"pl_PL","og_type":"article","og_title":"Kiedy mo\u017cemy zosta\u0107 zatrzymani przez policj\u0119? 11 os\u00f3b oczekuje w policyjnym areszcie na dalszy bieg spraw - 24GLIWICE - Portal Gliwice | codziennie nowe informacje","og_description":"W pomieszczeniach dla os\u00f3b zatrzymanych KMP Gliwice oczekuje 11 os\u00f3b, kt\u00f3re oczekuj\u0105 na dalszy bieg swoich spraw. Sp\u0119dz\u0105 tam maks. 3 doby","og_url":"https:\/\/www.24gliwice.pl\/wiadomosci\/kiedy-mozemy-zostac-zatrzymani-przez-policje-11-osob-oczekuje-w-policyjnym-areszcie-na-dalszy-bieg-spraw\/","og_site_name":"24GLIWICE - Portal Gliwice | codziennie nowe informacje","article_publisher":"https:\/\/www.facebook.com\/24gliwice","article_published_time":"2023-05-27T08:42:41+00:00","og_image":[{"width":810,"height":453,"url":"https:\/\/www.24gliwice.pl\/wiadomosci\/wp-content\/uploads\/2023\/05\/2023-05-26.png.jpg","type":"image\/jpeg"}],"author":"\u017baneta Mrozek-Siewierska","twitter_card":"summary_large_image","twitter_creator":"@24gliwice","twitter_site":"@24gliwice","twitter_misc":{"Napisane przez":"\u017baneta Mrozek-Siewierska","Szacowany czas czytania":"2 minuty"},"schema":{"@context":"https:\/\/schema.org","@graph":[{"@type":"Article","@id":"https:\/\/www.24gliwice.pl\/wiadomosci\/kiedy-mozemy-zostac-zatrzymani-przez-policje-11-osob-oczekuje-w-policyjnym-areszcie-na-dalszy-bieg-spraw\/#article","isPartOf":{"@id":"https:\/\/www.24gliwice.pl\/wiadomosci\/kiedy-mozemy-zostac-zatrzymani-przez-policje-11-osob-oczekuje-w-policyjnym-areszcie-na-dalszy-bieg-spraw\/"},"author":{"name":"\u017baneta Mrozek-Siewierska","@id":"https:\/\/www.24gliwice.pl\/wiadomosci\/#\/schema\/person\/e42c650edd7f2fa332be3811fb166b6e"},"headline":"Kiedy mo\u017cemy zosta\u0107 zatrzymani przez policj\u0119? 11 os\u00f3b oczekuje w policyjnym areszcie na dalszy bieg spraw","datePublished":"2023-05-27T08:42:41+00:00","mainEntityOfPage":{"@id":"https:\/\/www.24gliwice.pl\/wiadomosci\/kiedy-mozemy-zostac-zatrzymani-przez-policje-11-osob-oczekuje-w-policyjnym-areszcie-na-dalszy-bieg-spraw\/"},"wordCount":237,"commentCount":0,"publisher":{"@id":"https:\/\/www.24gliwice.pl\/wiadomosci\/#organization"},"image":{"@id":"https:\/\/www.24gliwice.pl\/wiadomosci\/kiedy-mozemy-zostac-zatrzymani-przez-policje-11-osob-oczekuje-w-policyjnym-areszcie-na-dalszy-bieg-spraw\/#primaryimage"},"thumbnailUrl":"https:\/\/www.24gliwice.pl\/wiadomosci\/wp-content\/uploads\/2023\/05\/2023-05-26.png.jpg","keywords":["POLICJA","zatrzymani"],"articleSection":["Gliwice","Najnowsze wiadomo\u015bci","Prawo"],"inLanguage":"pl-PL","potentialAction":[{"@type":"CommentAction","name":"Comment","target":["https:\/\/www.24gliwice.pl\/wiadomosci\/kiedy-mozemy-zostac-zatrzymani-przez-policje-11-osob-oczekuje-w-policyjnym-areszcie-na-dalszy-bieg-spraw\/#respond"]}]},{"@type":"WebPage","@id":"https:\/\/www.24gliwice.pl\/wiadomosci\/kiedy-mozemy-zostac-zatrzymani-przez-policje-11-osob-oczekuje-w-policyjnym-areszcie-na-dalszy-bieg-spraw\/","url":"https:\/\/www.24gliwice.pl\/wiadomosci\/kiedy-mozemy-zostac-zatrzymani-przez-policje-11-osob-oczekuje-w-policyjnym-areszcie-na-dalszy-bieg-spraw\/","name":"Kiedy mo\u017cemy zosta\u0107 zatrzymani przez policj\u0119? 11 os\u00f3b oczekuje w policyjnym areszcie na dalszy bieg spraw - 24GLIWICE - Portal Gliwice | codziennie nowe informacje","isPartOf":{"@id":"https:\/\/www.24gliwice.pl\/wiadomosci\/#website"},"primaryImageOfPage":{"@id":"https:\/\/www.24gliwice.pl\/wiadomosci\/kiedy-mozemy-zostac-zatrzymani-przez-policje-11-osob-oczekuje-w-policyjnym-areszcie-na-dalszy-bieg-spraw\/#primaryimage"},"image":{"@id":"https:\/\/www.24gliwice.pl\/wiadomosci\/kiedy-mozemy-zostac-zatrzymani-przez-policje-11-osob-oczekuje-w-policyjnym-areszcie-na-dalszy-bieg-spraw\/#primaryimage"},"thumbnailUrl":"https:\/\/www.24gliwice.pl\/wiadomosci\/wp-content\/uploads\/2023\/05\/2023-05-26.png.jpg","datePublished":"2023-05-27T08:42:41+00:00","description":"W pomieszczeniach dla os\u00f3b zatrzymanych KMP Gliwice oczekuje 11 os\u00f3b, kt\u00f3re oczekuj\u0105 na dalszy bieg swoich spraw. Sp\u0119dz\u0105 tam maks. 3 doby","breadcrumb":{"@id":"https:\/\/www.24gliwice.pl\/wiadomosci\/kiedy-mozemy-zostac-zatrzymani-przez-policje-11-osob-oczekuje-w-policyjnym-areszcie-na-dalszy-bieg-spraw\/#breadcrumb"},"inLanguage":"pl-PL","potentialAction":[{"@type":"ReadAction","target":["https:\/\/www.24gliwice.pl\/wiadomosci\/kiedy-mozemy-zostac-zatrzymani-przez-policje-11-osob-oczekuje-w-policyjnym-areszcie-na-dalszy-bieg-spraw\/"]}]},{"@type":"ImageObject","inLanguage":"pl-PL","@id":"https:\/\/www.24gliwice.pl\/wiadomosci\/kiedy-mozemy-zostac-zatrzymani-przez-policje-11-osob-oczekuje-w-policyjnym-areszcie-na-dalszy-bieg-spraw\/#primaryimage","url":"https:\/\/www.24gliwice.pl\/wiadomosci\/wp-content\/uploads\/2023\/05\/2023-05-26.png.jpg","contentUrl":"https:\/\/www.24gliwice.pl\/wiadomosci\/wp-content\/uploads\/2023\/05\/2023-05-26.png.jpg","width":810,"height":453},{"@type":"BreadcrumbList","@id":"https:\/\/www.24gliwice.pl\/wiadomosci\/kiedy-mozemy-zostac-zatrzymani-przez-policje-11-osob-oczekuje-w-policyjnym-areszcie-na-dalszy-bieg-spraw\/#breadcrumb","itemListElement":[{"@type":"ListItem","position":1,"name":"Strona g\u0142\u00f3wna","item":"https:\/\/www.24gliwice.pl\/wiadomosci\/"},{"@type":"ListItem","position":2,"name":"Kiedy mo\u017cemy zosta\u0107 zatrzymani przez policj\u0119? 11 os\u00f3b oczekuje w policyjnym areszcie na dalszy bieg spraw"}]},{"@type":"WebSite","@id":"https:\/\/www.24gliwice.pl\/wiadomosci\/#website","url":"https:\/\/www.24gliwice.pl\/wiadomosci\/","name":"24GLIWICE - Portal Gliwice | codziennie nowe wiadomo\u015bci","description":"Portal Miejski Gliwice","publisher":{"@id":"https:\/\/www.24gliwice.pl\/wiadomosci\/#organization"},"potentialAction":[{"@type":"SearchAction","target":{"@type":"EntryPoint","urlTemplate":"https:\/\/www.24gliwice.pl\/wiadomosci\/?s={search_term_string}"},"query-input":{"@type":"PropertyValueSpecification","valueRequired":true,"valueName":"search_term_string"}}],"inLanguage":"pl-PL"},{"@type":"Organization","@id":"https:\/\/www.24gliwice.pl\/wiadomosci\/#organization","name":"24gliwice","url":"https:\/\/www.24gliwice.pl\/wiadomosci\/","logo":{"@type":"ImageObject","inLanguage":"pl-PL","@id":"https:\/\/www.24gliwice.pl\/wiadomosci\/#\/schema\/logo\/image\/","url":"https:\/\/www.24gliwice.pl\/wiadomosci\/wp-content\/uploads\/2024\/10\/24gliwice-logo-696.jpg","contentUrl":"https:\/\/www.24gliwice.pl\/wiadomosci\/wp-content\/uploads\/2024\/10\/24gliwice-logo-696.jpg","width":696,"height":696,"caption":"24gliwice"},"image":{"@id":"https:\/\/www.24gliwice.pl\/wiadomosci\/#\/schema\/logo\/image\/"},"sameAs":["https:\/\/www.facebook.com\/24gliwice","https:\/\/x.com\/24gliwice","https:\/\/www.youtube.com\/@24gliwice"]},{"@type":"Person","@id":"https:\/\/www.24gliwice.pl\/wiadomosci\/#\/schema\/person\/e42c650edd7f2fa332be3811fb166b6e","name":"\u017baneta Mrozek-Siewierska","image":{"@type":"ImageObject","inLanguage":"pl-PL","@id":"https:\/\/secure.gravatar.com\/avatar\/1881429e9c64597c77ad7aef2d0a19be69a3253e57534d16aa15bf3a4d34a0a3?s=96&d=mm&r=g","url":"https:\/\/secure.gravatar.com\/avatar\/1881429e9c64597c77ad7aef2d0a19be69a3253e57534d16aa15bf3a4d34a0a3?s=96&d=mm&r=g","contentUrl":"https:\/\/secure.gravatar.com\/avatar\/1881429e9c64597c77ad7aef2d0a19be69a3253e57534d16aa15bf3a4d34a0a3?s=96&d=mm&r=g","caption":"\u017baneta Mrozek-Siewierska"},"url":"https:\/\/www.24gliwice.pl\/wiadomosci\/author\/zms\/"}]}},"_links":{"self":[{"href":"https:\/\/www.24gliwice.pl\/wiadomosci\/wp-json\/wp\/v2\/posts\/215307","targetHints":{"allow":["GET"]}}],"collection":[{"href":"https:\/\/www.24gliwice.pl\/wiadomosci\/wp-json\/wp\/v2\/posts"}],"about":[{"href":"https:\/\/www.24gliwice.pl\/wiadomosci\/wp-json\/wp\/v2\/types\/post"}],"author":[{"embeddable":true,"href":"https:\/\/www.24gliwice.pl\/wiadomosci\/wp-json\/wp\/v2\/users\/15"}],"replies":[{"embeddable":true,"href":"https:\/\/www.24gliwice.pl\/wiadomosci\/wp-json\/wp\/v2\/comments?post=215307"}],"version-history":[{"count":0,"href":"https:\/\/www.24gliwice.pl\/wiadomosci\/wp-json\/wp\/v2\/posts\/215307\/revisions"}],"wp:featuredmedia":[{"embeddable":true,"href":"https:\/\/www.24gliwice.pl\/wiadomosci\/wp-json\/wp\/v2\/media\/215314"}],"wp:attachment":[{"href":"https:\/\/www.24gliwice.pl\/wiadomosci\/wp-json\/wp\/v2\/media?parent=215307"}],"wp:term":[{"taxonomy":"category","embeddable":true,"href":"https:\/\/www.24gliwice.pl\/wiadomosci\/wp-json\/wp\/v2\/categories?post=215307"},{"taxonomy":"post_tag","embeddable":true,"href":"https:\/\/www.24gliwice.pl\/wiadomosci\/wp-json\/wp\/v2\/tags?post=215307"}],"curies":[{"name":"wp","href":"https:\/\/api.w.org\/{rel}","templated":true}]}}