{"id":215370,"date":"2023-05-26T20:33:50","date_gmt":"2023-05-26T18:33:50","guid":{"rendered":"https:\/\/www.24gliwice.pl\/wiadomosci\/?p=215370"},"modified":"2023-05-26T20:33:50","modified_gmt":"2023-05-26T18:33:50","slug":"dzien-dziecka-w-gliwicach-mnostwo-atrakcji","status":"publish","type":"post","link":"https:\/\/www.24gliwice.pl\/wiadomosci\/dzien-dziecka-w-gliwicach-mnostwo-atrakcji\/","title":{"rendered":"Dzie\u0144 Dziecka w Gliwicach. Mn\u00f3stwo atrakcji!"},"content":{"rendered":"<h2><strong>Na ten dzie\u0144 ka\u017cde dziecko czeka ca\u0142y rok. W Gliwicach najm\u0142odsi nie musz\u0105 odk\u0142ada\u0107 \u015bwi\u0119towania do 1 czerwca. Pierwsze atrakcje zaplanowano ju\u017c na 28 maja! Impreza pod Aren\u0105 Gliwice rozpocznie si\u0119 o godz. 13.00 i potrwa do 19.00.<\/strong><\/h2>\n<p>&nbsp;<\/p>\n<p>Tegoroczny Dzie\u0144 Dziecka w Gliwicach rozpocznie si\u0119 ju\u017c w niedziel\u0119, 28 maja \u2013 Centrum Kultury Victoria i Arena Gliwice zapraszaj\u0105 na \u201ePodw\u00f3rko\u201d. W tym roku szykuje si\u0119 niez\u0142y cyrk! \u2013 na placu przed Aren\u0105 stanie miasteczko z namiotem cyrkowym, a w nim\u2026 ca\u0142a masa atrakcji i niespodzianek dla najm\u0142odszych!<\/p>\n<p>Co poza tym? W tym dniu b\u0119dzie mo\u017cna spotka\u0107 kuglarzy, \u017congler\u00f3w, szczudlarzy i ma\u017coretki Pantery z Centrum Kultury Victoria, a tak\u017ce\u2026 nauczy\u0107 si\u0119 cyrkowych sztuczek i sprawdzi\u0107 w grach zr\u0119czno\u015bciowych! Nie zabraknie te\u017c kreatywnych warsztat\u00f3w. Na terenie miasteczka dzieci b\u0119d\u0105 mog\u0142y stworzy\u0107 kukie\u0142ki, maski, instrumenty (np. marakasy), patyczki cyrkowc\u00f3w, zabawki (b\u0105czki, klik-klaki) i inne rekwizyty potrzebne do wystawienia sztuki teatralnej we w\u0142asnym domu lub na podw\u00f3rku. Ale to nie wszystko! Zaplanowano te\u017c m.in. k\u0105cik artystyczny, malowanie twarzy oraz \u015bcie\u017ck\u0119 akrobatyczn\u0105. Wodze fantazji b\u0119dzie mo\u017cna pu\u015bci\u0107, buduj\u0105c konstrukcje z klock\u00f3w i \u201eedururek\u201d.<\/p>\n<h3>Ten dzie\u0144 nale\u017ce\u0107 b\u0119dzie do wszystkich dzieci!<\/h3>\n<p>O godzinie 15.00 rozpocznie si\u0119 koncert m\u0142odych i zdolnych. Na \u201ePodw\u00f3rku\u201d zaprezentuj\u0105 si\u0119 Kingska, Malczi, a tak\u017ce Piku\u015b i Sotel \u2013 ulubie\u0144cy najm\u0142odszych. Fina\u0142em zabawy \u2013 o godz. 18.00 \u2013 b\u0119dzie koncert zespo\u0142u Czere\u015bnie \u2013 to propozycja dla nieco starszych.<\/p>\n<p>Organizatorzy zapewniaj\u0105, \u017ce w trakcie imprezy, dla dzieci ze szczeg\u00f3lnymi potrzebami dost\u0119pny b\u0119dzie k\u0105cik ciszy, gdzie w bezpiecznej i wygodnej przestrzeni b\u0119d\u0105 mog\u0142y si\u0119 wyciszy\u0107 m.in. dzi\u0119ki udost\u0119pnionym specjalnym s\u0142uchawkom. Odpocz\u0105\u0107 b\u0119dzie mo\u017cna tak\u017ce w strefie relaksu, gdzie stan\u0105 food trucki.<\/p>\n<p>Udzia\u0142 w wydarzeniu jest bezp\u0142atny. Wi\u0119cej informacji mo\u017cna znale\u017a\u0107 na\u00a0<a href=\"https:\/\/ckvictoria.pl\/\">ckvictoria.pl<\/a>.<\/p>\n<h3>Dzie\u0144 Dziecka \u2013 misja muzyka!<\/h3>\n<p>Ciekawe propozycje dla najm\u0142odszych przygotowa\u0142o r\u00f3wnie\u017c Kino Amok, kt\u00f3re zaprasza na fantastyczn\u0105 przygod\u0119 w \u015bwiecie filmowych bajek, pe\u0142n\u0105 muzyki, ba\u015bni i musicali, z uwielbianymi przez dzieci bohaterami \u2013 Ernestem i Celestyn\u0105, a tak\u017ce Ma\u0142\u0105 Syrenk\u0105!<\/p>\n<p>1 czerwca o godz. 16.15 rozpocznie si\u0119 seans filmu animowanego \u201eErnest i Celestyna: Misja muzyka\u201d. Bajka, b\u0119d\u0105ca kontynuacj\u0105 nominowanego do Oscara filmu, opowiada o ma\u0142ej myszce i nied\u017awiedziu, kt\u00f3rzy wyruszaj\u0105 w zwariowan\u0105 podr\u00f3\u017c, aby uratowa\u0107 muzyk\u0119 i muzyk\u00f3w oraz przekona\u0107 si\u0119, \u017ce przyja\u017a\u0144 jest najwa\u017cniejsza. Tutaj ka\u017cda nuta jest na wag\u0119 z\u0142ota, a ka\u017cdy u\u015bmiech mo\u017ce zburzy\u0107 mur! Film zosta\u0142 wyr\u00f3\u017cniony Znakiem Jako\u015bci ZEF.<\/p>\n<p>O godz. 18.00 m\u0142odych widz\u00f3w przywita natomiast \u201eMa\u0142a Syrenka\u201d. I cho\u0107 bohaterka nagrodzonej Oscarami klasycznej animacji Disneya jest dzieciom doskonale znana, tym razem jej opowie\u015b\u0107 b\u0119dzie mo\u017cna zobaczy\u0107 w zupe\u0142nie nowej ods\u0142onie. Dzi\u0119ki aktorskiej musicalowej wersji dzieci jeszcze raz zobacz\u0105 histori\u0119 pi\u0119knej, odwa\u017cnej i \u017c\u0105dnej przyg\u00f3d syrenki Arielki \u2013 najm\u0142odszej i najbardziej niepokornej c\u00f3rki Trytona \u2013 kr\u00f3la m\u00f3rz i ocean\u00f3w.<\/p>\n<p>W tym dniu ka\u017cde dziecko otrzyma wyj\u0105tkowy upominek \u2013 urocz\u0105 minipacynk\u0119! Szczeg\u00f3\u0142owe informacje dotycz\u0105ce seans\u00f3w i bilet\u00f3w znajduj\u0105 si\u0119 na stronie internetowej\u00a0<a href=\"https:\/\/amok.gliwice.pl\/wydarzenia\/dzien-dziecka-misja-muzyka\/\">amok.gliwice.pl<\/a>.<\/p>\n<h3>Po spektaklu\u2026 na plac zabaw!<\/h3>\n<p>Propozycj\u0105 Teatru Miejskiego dla najm\u0142odszych jest spektakl \u201eAch, jak cudowna jest Panama!\u201d. To opowie\u015b\u0107 na podstawie bajki Janoscha o Misiu poszukuj\u0105cym Panamy \u2013 krainy banan\u00f3w. W wyprawie bohaterowi towarzyszy jego najlepszy przyjaciel Tygrysek. To niezwykle prosta i zwyczajna bajka, kt\u00f3ra uczy, \u017ce zmiany zawsze przynosz\u0105 co\u015b dobrego, i pokazuje, jak wa\u017cna w \u017cyciu jest przyja\u017a\u0144. Podczas spektaklu muzyka jest wykonywana na \u017cywo.<\/p>\n<p>Po zako\u0144czeniu przedstawienia \u015bwi\u0119towanie Dnia Dziecka przeniesie si\u0119 na teatralny plac zabaw, gdzie aktorzy Teatru Miejskiego przeprowadz\u0105 dla dzieci zabawy podw\u00f3rkowe na \u015bwie\u017cym powietrzu. Szykuje si\u0119 niez\u0142a frajda! Wi\u0119cej informacji na\u00a0<a href=\"https:\/\/teatr.gliwice.pl\/2023\/05\/22\/dzien-dziecka-w-teatrze\/\">teatr.gliwice.pl<\/a>.<\/p>\n<p>Jedno jest pewne: nudy nie ma!<\/p>\n<p><small>Publikacja: Miasto Gliwice<\/small><\/p>\n","protected":false},"excerpt":{"rendered":"<p>Na ten dzie\u0144 ka\u017cde dziecko czeka ca\u0142y rok. W Gliwicach najm\u0142odsi nie musz\u0105 odk\u0142ada\u0107 \u015bwi\u0119towania do 1 czerwca. Pierwsze atrakcje zaplanowano ju\u017c na 28 maja! Impreza pod Aren\u0105 Gliwice rozpocznie si\u0119 o godz. 13.00 i potrwa do 19.00. &nbsp; Tegoroczny Dzie\u0144 Dziecka w Gliwicach rozpocznie si\u0119 ju\u017c w niedziel\u0119, 28 maja \u2013 Centrum Kultury Victoria [&hellip;]<\/p>\n","protected":false},"author":4,"featured_media":215373,"comment_status":"closed","ping_status":"closed","sticky":false,"template":"","format":"standard","meta":{"_monsterinsights_skip_tracking":false,"_monsterinsights_sitenote_active":false,"_monsterinsights_sitenote_note":"","_monsterinsights_sitenote_category":0,"footnotes":"","_links_to":"","_links_to_target":""},"categories":[3,6,1,1129],"tags":[2630],"class_list":["post-215370","post","type-post","status-publish","format-standard","has-post-thumbnail","hentry","category-gliwice","category-kultura","category-wszystko","category-polecamy","tag-dzien-dziecka"],"yoast_head":"<!-- This site is optimized with the Yoast SEO plugin v27.5 - https:\/\/yoast.com\/product\/yoast-seo-wordpress\/ -->\n<title>Dzie\u0144 Dziecka w Gliwicach. Mn\u00f3stwo atrakcji! - 24GLIWICE - Portal Gliwice | codziennie nowe informacje<\/title>\n<meta name=\"robots\" content=\"index, follow, max-snippet:-1, max-image-preview:large, max-video-preview:-1\" \/>\n<link rel=\"canonical\" href=\"https:\/\/www.24gliwice.pl\/wiadomosci\/dzien-dziecka-w-gliwicach-mnostwo-atrakcji\/\" \/>\n<meta property=\"og:locale\" content=\"pl_PL\" \/>\n<meta property=\"og:type\" content=\"article\" \/>\n<meta property=\"og:title\" content=\"Dzie\u0144 Dziecka w Gliwicach. Mn\u00f3stwo atrakcji! - 24GLIWICE - Portal Gliwice | codziennie nowe informacje\" \/>\n<meta property=\"og:description\" content=\"Na ten dzie\u0144 ka\u017cde dziecko czeka ca\u0142y rok. W Gliwicach najm\u0142odsi nie musz\u0105 odk\u0142ada\u0107 \u015bwi\u0119towania do 1 czerwca. Pierwsze atrakcje zaplanowano ju\u017c na 28 maja! Impreza pod Aren\u0105 Gliwice rozpocznie si\u0119 o godz. 13.00 i potrwa do 19.00. &nbsp; Tegoroczny Dzie\u0144 Dziecka w Gliwicach rozpocznie si\u0119 ju\u017c w niedziel\u0119, 28 maja \u2013 Centrum Kultury Victoria [&hellip;]\" \/>\n<meta property=\"og:url\" content=\"https:\/\/www.24gliwice.pl\/wiadomosci\/dzien-dziecka-w-gliwicach-mnostwo-atrakcji\/\" \/>\n<meta property=\"og:site_name\" content=\"24GLIWICE - Portal Gliwice | codziennie nowe informacje\" \/>\n<meta property=\"article:publisher\" content=\"https:\/\/www.facebook.com\/24gliwice\" \/>\n<meta property=\"article:author\" content=\"https:\/\/www.facebook.com\/marcin.fabrykowski\" \/>\n<meta property=\"article:published_time\" content=\"2023-05-26T18:33:50+00:00\" \/>\n<meta property=\"og:image\" content=\"https:\/\/www.24gliwice.pl\/wiadomosci\/wp-content\/uploads\/2023\/05\/dzien-dziecka.jpg\" \/>\n\t<meta property=\"og:image:width\" content=\"1140\" \/>\n\t<meta property=\"og:image:height\" content=\"696\" \/>\n\t<meta property=\"og:image:type\" content=\"image\/jpeg\" \/>\n<meta name=\"author\" content=\"Marcin Fabrykowski\" \/>\n<meta name=\"twitter:card\" content=\"summary_large_image\" \/>\n<meta name=\"twitter:creator\" content=\"@24gliwice\" \/>\n<meta name=\"twitter:site\" content=\"@24gliwice\" \/>\n<meta name=\"twitter:label1\" content=\"Napisane przez\" \/>\n\t<meta name=\"twitter:data1\" content=\"Marcin Fabrykowski\" \/>\n\t<meta name=\"twitter:label2\" content=\"Szacowany czas czytania\" \/>\n\t<meta name=\"twitter:data2\" content=\"4 minuty\" \/>\n<script type=\"application\/ld+json\" class=\"yoast-schema-graph\">{\"@context\":\"https:\\\/\\\/schema.org\",\"@graph\":[{\"@type\":\"Article\",\"@id\":\"https:\\\/\\\/www.24gliwice.pl\\\/wiadomosci\\\/dzien-dziecka-w-gliwicach-mnostwo-atrakcji\\\/#article\",\"isPartOf\":{\"@id\":\"https:\\\/\\\/www.24gliwice.pl\\\/wiadomosci\\\/dzien-dziecka-w-gliwicach-mnostwo-atrakcji\\\/\"},\"author\":{\"name\":\"Marcin Fabrykowski\",\"@id\":\"https:\\\/\\\/www.24gliwice.pl\\\/wiadomosci\\\/#\\\/schema\\\/person\\\/cb5857e4a4d048c15984c1edcc8ef0c0\"},\"headline\":\"Dzie\u0144 Dziecka w Gliwicach. Mn\u00f3stwo atrakcji!\",\"datePublished\":\"2023-05-26T18:33:50+00:00\",\"mainEntityOfPage\":{\"@id\":\"https:\\\/\\\/www.24gliwice.pl\\\/wiadomosci\\\/dzien-dziecka-w-gliwicach-mnostwo-atrakcji\\\/\"},\"wordCount\":676,\"publisher\":{\"@id\":\"https:\\\/\\\/www.24gliwice.pl\\\/wiadomosci\\\/#organization\"},\"image\":{\"@id\":\"https:\\\/\\\/www.24gliwice.pl\\\/wiadomosci\\\/dzien-dziecka-w-gliwicach-mnostwo-atrakcji\\\/#primaryimage\"},\"thumbnailUrl\":\"https:\\\/\\\/www.24gliwice.pl\\\/wiadomosci\\\/wp-content\\\/uploads\\\/2023\\\/05\\\/dzien-dziecka.jpg\",\"keywords\":[\"DZIE\u0143 DZIECKA\"],\"articleSection\":[\"Gliwice\",\"Kultura, wydarzenia, imprezy\",\"Najnowsze wiadomo\u015bci\",\"Polecamy\"],\"inLanguage\":\"pl-PL\"},{\"@type\":\"WebPage\",\"@id\":\"https:\\\/\\\/www.24gliwice.pl\\\/wiadomosci\\\/dzien-dziecka-w-gliwicach-mnostwo-atrakcji\\\/\",\"url\":\"https:\\\/\\\/www.24gliwice.pl\\\/wiadomosci\\\/dzien-dziecka-w-gliwicach-mnostwo-atrakcji\\\/\",\"name\":\"Dzie\u0144 Dziecka w Gliwicach. Mn\u00f3stwo atrakcji! - 24GLIWICE - Portal Gliwice | codziennie nowe informacje\",\"isPartOf\":{\"@id\":\"https:\\\/\\\/www.24gliwice.pl\\\/wiadomosci\\\/#website\"},\"primaryImageOfPage\":{\"@id\":\"https:\\\/\\\/www.24gliwice.pl\\\/wiadomosci\\\/dzien-dziecka-w-gliwicach-mnostwo-atrakcji\\\/#primaryimage\"},\"image\":{\"@id\":\"https:\\\/\\\/www.24gliwice.pl\\\/wiadomosci\\\/dzien-dziecka-w-gliwicach-mnostwo-atrakcji\\\/#primaryimage\"},\"thumbnailUrl\":\"https:\\\/\\\/www.24gliwice.pl\\\/wiadomosci\\\/wp-content\\\/uploads\\\/2023\\\/05\\\/dzien-dziecka.jpg\",\"datePublished\":\"2023-05-26T18:33:50+00:00\",\"breadcrumb\":{\"@id\":\"https:\\\/\\\/www.24gliwice.pl\\\/wiadomosci\\\/dzien-dziecka-w-gliwicach-mnostwo-atrakcji\\\/#breadcrumb\"},\"inLanguage\":\"pl-PL\",\"potentialAction\":[{\"@type\":\"ReadAction\",\"target\":[\"https:\\\/\\\/www.24gliwice.pl\\\/wiadomosci\\\/dzien-dziecka-w-gliwicach-mnostwo-atrakcji\\\/\"]}]},{\"@type\":\"ImageObject\",\"inLanguage\":\"pl-PL\",\"@id\":\"https:\\\/\\\/www.24gliwice.pl\\\/wiadomosci\\\/dzien-dziecka-w-gliwicach-mnostwo-atrakcji\\\/#primaryimage\",\"url\":\"https:\\\/\\\/www.24gliwice.pl\\\/wiadomosci\\\/wp-content\\\/uploads\\\/2023\\\/05\\\/dzien-dziecka.jpg\",\"contentUrl\":\"https:\\\/\\\/www.24gliwice.pl\\\/wiadomosci\\\/wp-content\\\/uploads\\\/2023\\\/05\\\/dzien-dziecka.jpg\",\"width\":1140,\"height\":696},{\"@type\":\"BreadcrumbList\",\"@id\":\"https:\\\/\\\/www.24gliwice.pl\\\/wiadomosci\\\/dzien-dziecka-w-gliwicach-mnostwo-atrakcji\\\/#breadcrumb\",\"itemListElement\":[{\"@type\":\"ListItem\",\"position\":1,\"name\":\"Strona g\u0142\u00f3wna\",\"item\":\"https:\\\/\\\/www.24gliwice.pl\\\/wiadomosci\\\/\"},{\"@type\":\"ListItem\",\"position\":2,\"name\":\"Dzie\u0144 Dziecka w Gliwicach. Mn\u00f3stwo atrakcji!\"}]},{\"@type\":\"WebSite\",\"@id\":\"https:\\\/\\\/www.24gliwice.pl\\\/wiadomosci\\\/#website\",\"url\":\"https:\\\/\\\/www.24gliwice.pl\\\/wiadomosci\\\/\",\"name\":\"24GLIWICE - Portal Gliwice | codziennie nowe wiadomo\u015bci\",\"description\":\"Portal Miejski Gliwice\",\"publisher\":{\"@id\":\"https:\\\/\\\/www.24gliwice.pl\\\/wiadomosci\\\/#organization\"},\"potentialAction\":[{\"@type\":\"SearchAction\",\"target\":{\"@type\":\"EntryPoint\",\"urlTemplate\":\"https:\\\/\\\/www.24gliwice.pl\\\/wiadomosci\\\/?s={search_term_string}\"},\"query-input\":{\"@type\":\"PropertyValueSpecification\",\"valueRequired\":true,\"valueName\":\"search_term_string\"}}],\"inLanguage\":\"pl-PL\"},{\"@type\":\"Organization\",\"@id\":\"https:\\\/\\\/www.24gliwice.pl\\\/wiadomosci\\\/#organization\",\"name\":\"24gliwice\",\"url\":\"https:\\\/\\\/www.24gliwice.pl\\\/wiadomosci\\\/\",\"logo\":{\"@type\":\"ImageObject\",\"inLanguage\":\"pl-PL\",\"@id\":\"https:\\\/\\\/www.24gliwice.pl\\\/wiadomosci\\\/#\\\/schema\\\/logo\\\/image\\\/\",\"url\":\"https:\\\/\\\/www.24gliwice.pl\\\/wiadomosci\\\/wp-content\\\/uploads\\\/2024\\\/10\\\/24gliwice-logo-696.jpg\",\"contentUrl\":\"https:\\\/\\\/www.24gliwice.pl\\\/wiadomosci\\\/wp-content\\\/uploads\\\/2024\\\/10\\\/24gliwice-logo-696.jpg\",\"width\":696,\"height\":696,\"caption\":\"24gliwice\"},\"image\":{\"@id\":\"https:\\\/\\\/www.24gliwice.pl\\\/wiadomosci\\\/#\\\/schema\\\/logo\\\/image\\\/\"},\"sameAs\":[\"https:\\\/\\\/www.facebook.com\\\/24gliwice\",\"https:\\\/\\\/x.com\\\/24gliwice\",\"https:\\\/\\\/www.youtube.com\\\/@24gliwice\"]},{\"@type\":\"Person\",\"@id\":\"https:\\\/\\\/www.24gliwice.pl\\\/wiadomosci\\\/#\\\/schema\\\/person\\\/cb5857e4a4d048c15984c1edcc8ef0c0\",\"name\":\"Marcin Fabrykowski\",\"image\":{\"@type\":\"ImageObject\",\"inLanguage\":\"pl-PL\",\"@id\":\"https:\\\/\\\/www.24gliwice.pl\\\/wiadomosci\\\/wp-content\\\/uploads\\\/2025\\\/11\\\/zdjecie-moje-marcin-300-96x96.jpg\",\"url\":\"https:\\\/\\\/www.24gliwice.pl\\\/wiadomosci\\\/wp-content\\\/uploads\\\/2025\\\/11\\\/zdjecie-moje-marcin-300-96x96.jpg\",\"contentUrl\":\"https:\\\/\\\/www.24gliwice.pl\\\/wiadomosci\\\/wp-content\\\/uploads\\\/2025\\\/11\\\/zdjecie-moje-marcin-300-96x96.jpg\",\"caption\":\"Marcin Fabrykowski\"},\"sameAs\":[\"http:\\\/\\\/24gliwice.pl\",\"https:\\\/\\\/www.facebook.com\\\/marcin.fabrykowski\"],\"url\":\"https:\\\/\\\/www.24gliwice.pl\\\/wiadomosci\\\/author\\\/marcin-fabrykowski\\\/\"}]}<\/script>\n<!-- \/ Yoast SEO plugin. -->","yoast_head_json":{"title":"Dzie\u0144 Dziecka w Gliwicach. Mn\u00f3stwo atrakcji! - 24GLIWICE - Portal Gliwice | codziennie nowe informacje","robots":{"index":"index","follow":"follow","max-snippet":"max-snippet:-1","max-image-preview":"max-image-preview:large","max-video-preview":"max-video-preview:-1"},"canonical":"https:\/\/www.24gliwice.pl\/wiadomosci\/dzien-dziecka-w-gliwicach-mnostwo-atrakcji\/","og_locale":"pl_PL","og_type":"article","og_title":"Dzie\u0144 Dziecka w Gliwicach. Mn\u00f3stwo atrakcji! - 24GLIWICE - Portal Gliwice | codziennie nowe informacje","og_description":"Na ten dzie\u0144 ka\u017cde dziecko czeka ca\u0142y rok. W Gliwicach najm\u0142odsi nie musz\u0105 odk\u0142ada\u0107 \u015bwi\u0119towania do 1 czerwca. Pierwsze atrakcje zaplanowano ju\u017c na 28 maja! Impreza pod Aren\u0105 Gliwice rozpocznie si\u0119 o godz. 13.00 i potrwa do 19.00. &nbsp; Tegoroczny Dzie\u0144 Dziecka w Gliwicach rozpocznie si\u0119 ju\u017c w niedziel\u0119, 28 maja \u2013 Centrum Kultury Victoria [&hellip;]","og_url":"https:\/\/www.24gliwice.pl\/wiadomosci\/dzien-dziecka-w-gliwicach-mnostwo-atrakcji\/","og_site_name":"24GLIWICE - Portal Gliwice | codziennie nowe informacje","article_publisher":"https:\/\/www.facebook.com\/24gliwice","article_author":"https:\/\/www.facebook.com\/marcin.fabrykowski","article_published_time":"2023-05-26T18:33:50+00:00","og_image":[{"width":1140,"height":696,"url":"https:\/\/www.24gliwice.pl\/wiadomosci\/wp-content\/uploads\/2023\/05\/dzien-dziecka.jpg","type":"image\/jpeg"}],"author":"Marcin Fabrykowski","twitter_card":"summary_large_image","twitter_creator":"@24gliwice","twitter_site":"@24gliwice","twitter_misc":{"Napisane przez":"Marcin Fabrykowski","Szacowany czas czytania":"4 minuty"},"schema":{"@context":"https:\/\/schema.org","@graph":[{"@type":"Article","@id":"https:\/\/www.24gliwice.pl\/wiadomosci\/dzien-dziecka-w-gliwicach-mnostwo-atrakcji\/#article","isPartOf":{"@id":"https:\/\/www.24gliwice.pl\/wiadomosci\/dzien-dziecka-w-gliwicach-mnostwo-atrakcji\/"},"author":{"name":"Marcin Fabrykowski","@id":"https:\/\/www.24gliwice.pl\/wiadomosci\/#\/schema\/person\/cb5857e4a4d048c15984c1edcc8ef0c0"},"headline":"Dzie\u0144 Dziecka w Gliwicach. Mn\u00f3stwo atrakcji!","datePublished":"2023-05-26T18:33:50+00:00","mainEntityOfPage":{"@id":"https:\/\/www.24gliwice.pl\/wiadomosci\/dzien-dziecka-w-gliwicach-mnostwo-atrakcji\/"},"wordCount":676,"publisher":{"@id":"https:\/\/www.24gliwice.pl\/wiadomosci\/#organization"},"image":{"@id":"https:\/\/www.24gliwice.pl\/wiadomosci\/dzien-dziecka-w-gliwicach-mnostwo-atrakcji\/#primaryimage"},"thumbnailUrl":"https:\/\/www.24gliwice.pl\/wiadomosci\/wp-content\/uploads\/2023\/05\/dzien-dziecka.jpg","keywords":["DZIE\u0143 DZIECKA"],"articleSection":["Gliwice","Kultura, wydarzenia, imprezy","Najnowsze wiadomo\u015bci","Polecamy"],"inLanguage":"pl-PL"},{"@type":"WebPage","@id":"https:\/\/www.24gliwice.pl\/wiadomosci\/dzien-dziecka-w-gliwicach-mnostwo-atrakcji\/","url":"https:\/\/www.24gliwice.pl\/wiadomosci\/dzien-dziecka-w-gliwicach-mnostwo-atrakcji\/","name":"Dzie\u0144 Dziecka w Gliwicach. Mn\u00f3stwo atrakcji! - 24GLIWICE - Portal Gliwice | codziennie nowe informacje","isPartOf":{"@id":"https:\/\/www.24gliwice.pl\/wiadomosci\/#website"},"primaryImageOfPage":{"@id":"https:\/\/www.24gliwice.pl\/wiadomosci\/dzien-dziecka-w-gliwicach-mnostwo-atrakcji\/#primaryimage"},"image":{"@id":"https:\/\/www.24gliwice.pl\/wiadomosci\/dzien-dziecka-w-gliwicach-mnostwo-atrakcji\/#primaryimage"},"thumbnailUrl":"https:\/\/www.24gliwice.pl\/wiadomosci\/wp-content\/uploads\/2023\/05\/dzien-dziecka.jpg","datePublished":"2023-05-26T18:33:50+00:00","breadcrumb":{"@id":"https:\/\/www.24gliwice.pl\/wiadomosci\/dzien-dziecka-w-gliwicach-mnostwo-atrakcji\/#breadcrumb"},"inLanguage":"pl-PL","potentialAction":[{"@type":"ReadAction","target":["https:\/\/www.24gliwice.pl\/wiadomosci\/dzien-dziecka-w-gliwicach-mnostwo-atrakcji\/"]}]},{"@type":"ImageObject","inLanguage":"pl-PL","@id":"https:\/\/www.24gliwice.pl\/wiadomosci\/dzien-dziecka-w-gliwicach-mnostwo-atrakcji\/#primaryimage","url":"https:\/\/www.24gliwice.pl\/wiadomosci\/wp-content\/uploads\/2023\/05\/dzien-dziecka.jpg","contentUrl":"https:\/\/www.24gliwice.pl\/wiadomosci\/wp-content\/uploads\/2023\/05\/dzien-dziecka.jpg","width":1140,"height":696},{"@type":"BreadcrumbList","@id":"https:\/\/www.24gliwice.pl\/wiadomosci\/dzien-dziecka-w-gliwicach-mnostwo-atrakcji\/#breadcrumb","itemListElement":[{"@type":"ListItem","position":1,"name":"Strona g\u0142\u00f3wna","item":"https:\/\/www.24gliwice.pl\/wiadomosci\/"},{"@type":"ListItem","position":2,"name":"Dzie\u0144 Dziecka w Gliwicach. Mn\u00f3stwo atrakcji!"}]},{"@type":"WebSite","@id":"https:\/\/www.24gliwice.pl\/wiadomosci\/#website","url":"https:\/\/www.24gliwice.pl\/wiadomosci\/","name":"24GLIWICE - Portal Gliwice | codziennie nowe wiadomo\u015bci","description":"Portal Miejski Gliwice","publisher":{"@id":"https:\/\/www.24gliwice.pl\/wiadomosci\/#organization"},"potentialAction":[{"@type":"SearchAction","target":{"@type":"EntryPoint","urlTemplate":"https:\/\/www.24gliwice.pl\/wiadomosci\/?s={search_term_string}"},"query-input":{"@type":"PropertyValueSpecification","valueRequired":true,"valueName":"search_term_string"}}],"inLanguage":"pl-PL"},{"@type":"Organization","@id":"https:\/\/www.24gliwice.pl\/wiadomosci\/#organization","name":"24gliwice","url":"https:\/\/www.24gliwice.pl\/wiadomosci\/","logo":{"@type":"ImageObject","inLanguage":"pl-PL","@id":"https:\/\/www.24gliwice.pl\/wiadomosci\/#\/schema\/logo\/image\/","url":"https:\/\/www.24gliwice.pl\/wiadomosci\/wp-content\/uploads\/2024\/10\/24gliwice-logo-696.jpg","contentUrl":"https:\/\/www.24gliwice.pl\/wiadomosci\/wp-content\/uploads\/2024\/10\/24gliwice-logo-696.jpg","width":696,"height":696,"caption":"24gliwice"},"image":{"@id":"https:\/\/www.24gliwice.pl\/wiadomosci\/#\/schema\/logo\/image\/"},"sameAs":["https:\/\/www.facebook.com\/24gliwice","https:\/\/x.com\/24gliwice","https:\/\/www.youtube.com\/@24gliwice"]},{"@type":"Person","@id":"https:\/\/www.24gliwice.pl\/wiadomosci\/#\/schema\/person\/cb5857e4a4d048c15984c1edcc8ef0c0","name":"Marcin Fabrykowski","image":{"@type":"ImageObject","inLanguage":"pl-PL","@id":"https:\/\/www.24gliwice.pl\/wiadomosci\/wp-content\/uploads\/2025\/11\/zdjecie-moje-marcin-300-96x96.jpg","url":"https:\/\/www.24gliwice.pl\/wiadomosci\/wp-content\/uploads\/2025\/11\/zdjecie-moje-marcin-300-96x96.jpg","contentUrl":"https:\/\/www.24gliwice.pl\/wiadomosci\/wp-content\/uploads\/2025\/11\/zdjecie-moje-marcin-300-96x96.jpg","caption":"Marcin Fabrykowski"},"sameAs":["http:\/\/24gliwice.pl","https:\/\/www.facebook.com\/marcin.fabrykowski"],"url":"https:\/\/www.24gliwice.pl\/wiadomosci\/author\/marcin-fabrykowski\/"}]}},"_links":{"self":[{"href":"https:\/\/www.24gliwice.pl\/wiadomosci\/wp-json\/wp\/v2\/posts\/215370","targetHints":{"allow":["GET"]}}],"collection":[{"href":"https:\/\/www.24gliwice.pl\/wiadomosci\/wp-json\/wp\/v2\/posts"}],"about":[{"href":"https:\/\/www.24gliwice.pl\/wiadomosci\/wp-json\/wp\/v2\/types\/post"}],"author":[{"embeddable":true,"href":"https:\/\/www.24gliwice.pl\/wiadomosci\/wp-json\/wp\/v2\/users\/4"}],"replies":[{"embeddable":true,"href":"https:\/\/www.24gliwice.pl\/wiadomosci\/wp-json\/wp\/v2\/comments?post=215370"}],"version-history":[{"count":0,"href":"https:\/\/www.24gliwice.pl\/wiadomosci\/wp-json\/wp\/v2\/posts\/215370\/revisions"}],"wp:featuredmedia":[{"embeddable":true,"href":"https:\/\/www.24gliwice.pl\/wiadomosci\/wp-json\/wp\/v2\/media\/215373"}],"wp:attachment":[{"href":"https:\/\/www.24gliwice.pl\/wiadomosci\/wp-json\/wp\/v2\/media?parent=215370"}],"wp:term":[{"taxonomy":"category","embeddable":true,"href":"https:\/\/www.24gliwice.pl\/wiadomosci\/wp-json\/wp\/v2\/categories?post=215370"},{"taxonomy":"post_tag","embeddable":true,"href":"https:\/\/www.24gliwice.pl\/wiadomosci\/wp-json\/wp\/v2\/tags?post=215370"}],"curies":[{"name":"wp","href":"https:\/\/api.w.org\/{rel}","templated":true}]}}