{"id":215618,"date":"2023-06-01T06:27:01","date_gmt":"2023-06-01T04:27:01","guid":{"rendered":"https:\/\/www.24gliwice.pl\/wiadomosci\/?p=215618"},"modified":"2023-06-01T03:31:21","modified_gmt":"2023-06-01T01:31:21","slug":"zmiany-w-gliwickiej-fabryce-samochodow-stellantis-andrzeja-korpaka-zastapi-nowy-dyrektor","status":"publish","type":"post","link":"https:\/\/www.24gliwice.pl\/wiadomosci\/zmiany-w-gliwickiej-fabryce-samochodow-stellantis-andrzeja-korpaka-zastapi-nowy-dyrektor\/","title":{"rendered":"Zmiany w gliwickiej fabryce samochod\u00f3w Stellantis. Andrzeja Korpaka zast\u0105pi nowy dyrektor"},"content":{"rendered":"<div class=\"gliwi-a6-nad-leadem-artykulow gliwi-entity-placement\" id=\"gliwi-1757684451\"><div class=\"gliwi-adlabel\"><span style=\"font-size: 9px\">REKLAMA<\/span><\/div><div id=\"gliwi-3324874909\" style=\"margin-bottom: 30px;margin-left: auto;margin-right: auto;text-align: center;\"><a data-no-instant=\"1\" href=\"https:\/\/przedszkole.halogen.org.pl\/\" rel=\"noopener\" class=\"a2t-link\" target=\"_blank\" aria-label=\"20260402-ANIMATOR-przedszkole_grafika_750x200\"><img loading=\"lazy\" decoding=\"async\" src=\"https:\/\/www.24gliwice.pl\/wiadomosci\/wp-content\/uploads\/2026\/04\/20260402-ANIMATOR-przedszkole_grafika_750x200.webp\" alt=\"\"  srcset=\"https:\/\/www.24gliwice.pl\/wiadomosci\/wp-content\/uploads\/2026\/04\/20260402-ANIMATOR-przedszkole_grafika_750x200.webp 750w, https:\/\/www.24gliwice.pl\/wiadomosci\/wp-content\/uploads\/2026\/04\/20260402-ANIMATOR-przedszkole_grafika_750x200-410x109.webp 410w\" sizes=\"(max-width: 750px) 100vw, 750px\" class=\"no-lazyload\" width=\"750\" height=\"200\"  style=\"display: inline-block; max-width: 100%; height: auto;\" \/><\/a><\/div><\/div><h2>Najpierw kierowa\u0142 gliwick\u0105 fabryk\u0105 Opla, potem, po przekszta\u0142ceniu, by\u0142 dyrektorem generalnym Stellantis Gliwice. Andrzej Korpak og\u0142osi\u0142 decyzj\u0119 o zako\u0144czeniu kariery korporacyjnej. Wiadomo ju\u017c kto go zast\u0105pi.<\/h2>\n<p>&nbsp;<br \/>\nOstatnich dwadzie\u015bcia sze\u015b\u0107 lat aktywnie dzia\u0142a\u0142 na rzecz rozwoju silnych struktur motoryzacyjnych w Polsce, nie tylko odpowiadaj\u0105c za dzia\u0142alno\u015b\u0107 produkcyjn\u0105 koncernu, ale w r\u00f3wnie\u017c w ramach wsp\u00f3\u0142pracy z organizacjami bran\u017cowymi i \u015brodowiskiem naukowym. Za t\u0119 ostatni\u0105 dzia\u0142alno\u015b\u0107 otrzyma\u0142 tytu\u0142 \u201eZas\u0142u\u017conego Wydzia\u0142u In\u017cynierii \u015arodowiska i Energetyki\u201d Politechniki \u015al\u0105skiej.<\/p>\n<h4>W strukturach korporacji pe\u0142ni\u0142 rol\u0119 dyrektora produkcji, a nast\u0119pnie dyrektora fabryki samochod\u00f3w osobowych w Gliwicach oraz dyrektora fabryki jednostek nap\u0119dowych w Tychach.<\/h4>\n<p>By\u0142 r\u00f3wnie\u017c europejskim liderem ds. bezpiecze\u0144stwa i higieny pracy sp\u00f3\u0142ki Opel, a tak\u017ce szefem pionu produkcji Stellantis w Polsce, zrzeszaj\u0105cego cztery zak\u0142ady produkcyjne koncernu. Najd\u0142u\u017cej jednak, bo trzyna\u015bcie lat, by\u0142 zwi\u0105zany z przedsi\u0119biorstwem w Gliwicach, jako dyrektor jego fabryki samochod\u00f3w osobowych, wdra\u017caj\u0105c wsp\u00f3lnie z gliwickim zespo\u0142em kolejne generacje modeli marek Opel, Vauxhall, Holden, Suzuki i Buick.<\/p><div class=\"gliwi-a3-w-tresci-artykulow gliwi-entity-placement\" id=\"gliwi-1372232913\"><div class=\"gliwi-adlabel\"><span style=\"font-size: 9px\">REKLAMA<\/span><\/div><div id=\"gliwi-634826865\" style=\"margin-bottom: 30px;margin-left: auto;margin-right: auto;text-align: center;\"><a data-no-instant=\"1\" href=\"https:\/\/ogrodyandersa.pl\/\" rel=\"noopener\" class=\"a2t-link\" target=\"_blank\" aria-label=\"20260415 Ogrody Andersa KUP TERAZ D\"><img loading=\"lazy\" decoding=\"async\" src=\"https:\/\/www.24gliwice.pl\/wiadomosci\/wp-content\/uploads\/2026\/04\/20260415-Ogrody-Andersa-KUP-TERAZ-D.jpg\" alt=\"\"  srcset=\"https:\/\/www.24gliwice.pl\/wiadomosci\/wp-content\/uploads\/2026\/04\/20260415-Ogrody-Andersa-KUP-TERAZ-D.jpg 750w, https:\/\/www.24gliwice.pl\/wiadomosci\/wp-content\/uploads\/2026\/04\/20260415-Ogrody-Andersa-KUP-TERAZ-D-410x109.jpg 410w\" sizes=\"(max-width: 750px) 100vw, 750px\" class=\"no-lazyload\" width=\"750\" height=\"200\"  style=\"display: inline-block; max-width: 100%; height: auto;\" \/><\/a><\/div><\/div>\n<p><a href=\"https:\/\/www.24gliwice.pl\/wiadomosci\/wp-content\/uploads\/2023\/05\/stellantis-andrzej-korpak-001.jpg\"><img loading=\"lazy\" decoding=\"async\" class=\"alignnone  wp-image-215623\" src=\"https:\/\/www.24gliwice.pl\/wiadomosci\/wp-content\/uploads\/2023\/05\/stellantis-andrzej-korpak-001.jpg\" alt=\"\" width=\"1512\" height=\"2268\" srcset=\"https:\/\/www.24gliwice.pl\/wiadomosci\/wp-content\/uploads\/2023\/05\/stellantis-andrzej-korpak-001.jpg 540w, https:\/\/www.24gliwice.pl\/wiadomosci\/wp-content\/uploads\/2023\/05\/stellantis-andrzej-korpak-001-155x232.jpg 155w, https:\/\/www.24gliwice.pl\/wiadomosci\/wp-content\/uploads\/2023\/05\/stellantis-andrzej-korpak-001-303x455.jpg 303w\" sizes=\"auto, (max-width: 1512px) 100vw, 1512px\" \/><\/a><\/p>\n<p>Nast\u0119pnie, w obliczu zmian w\u0142a\u015bcicielskich i strukturalnych, przeprowadzi\u0142 proces przekszta\u0142cenia profilu produkcyjnego gliwickiej lokalizacji w producenta du\u017cych samochod\u00f3w dostawczych Stellantis. W efekcie powsta\u0142a nowa fabryka produkuj\u0105ca pojazdy LCV dla marek Opel, Vauxhall, Peugeot i Citro\u00ebn, a w ramach pozaprodukcyjnej dzia\u0142alno\u015bci firmy utworzono Centrum Oprogramowania Stellantis.<\/p>\n<h4>Po zako\u0144czeniu kariery korporacyjnej Andrzej b\u0119dzie kontynuowa\u0142 dzia\u0142alno\u015b\u0107 w bran\u017cy motoryzacyjnej jako niezale\u017cny konsultant.<\/h4>\n<p>&#8211; <em>By\u0142o dla mnie wielkim zaszczytem m\u00f3c pracowa\u0107 z tak kompetentnym i zaanga\u017cowanym zespo\u0142em, jakim jest Zesp\u00f3\u0142 Stellantis Gliwice. Jestem spokojny o przysz\u0142o\u015b\u0107 naszego przedsi\u0119biorstwa, w pe\u0142ni gotowego na kolejne wyzwania i funkcjonowanie w bardzo dynamicznie zmieniaj\u0105cej si\u0119 bran\u017cy motoryzacyjnej. Wiem, \u017ce m\u00f3j nast\u0119pca \u2013 <strong>Grzegorz Buchal<\/strong>, wysokiej klasy menad\u017cer, pewnie poprowadzi j\u0105 do sukces\u00f3w na kolejnych etapach rozwoju<\/em> \u2013 powiedzia\u0142 Andrzej Korpak, dyrektor generalny Stellantis Gliwice.<\/p>\n<h4>1 czerwca stanowisko dyrektora zak\u0142adu Stellantis Gliwice obejmie Grzegorz Buchal, obecnie dyrektor globalnego pionu in\u017cynierii Stellantis ds. wdra\u017cania pojazd\u00f3w dostawczych i pick-up.<\/h4>\n<p>Buchal ma wszechstronne do\u015bwiadczenie w motoryzacji, zar\u00f3wno w obszarze produkcji, jaki i planowania strategicznego. Zdobywa\u0142 je kieruj\u0105c wydzia\u0142ami produkcyjnymi nie tylko w gliwickim zak\u0142adzie Stellantis (wcze\u015bniej Opel Manufacturing Poland), ale r\u00f3wnie\u017c w szwedzkim Saabie i hiszpa\u0144skim Oplu, jak i pe\u0142ni\u0105c rol\u0119 dyrektora fabryk jednostek nap\u0119dowych w Tychach, a nast\u0119pnie Szengotthard na W\u0119grzech. By\u0142 r\u00f3wnie\u017c dyrektorem dzia\u0142u Strategii i Planowania w centrali firmy Opel w Niemczech.<\/p>\n<p><a href=\"https:\/\/www.24gliwice.pl\/wiadomosci\/wp-content\/uploads\/2023\/05\/stellantis-grzegorz-buchal-001.jpg\"><img loading=\"lazy\" decoding=\"async\" class=\"alignnone  wp-image-215624\" src=\"https:\/\/www.24gliwice.pl\/wiadomosci\/wp-content\/uploads\/2023\/05\/stellantis-grzegorz-buchal-001.jpg\" alt=\"\" width=\"1382\" height=\"2073\" srcset=\"https:\/\/www.24gliwice.pl\/wiadomosci\/wp-content\/uploads\/2023\/05\/stellantis-grzegorz-buchal-001.jpg 540w, https:\/\/www.24gliwice.pl\/wiadomosci\/wp-content\/uploads\/2023\/05\/stellantis-grzegorz-buchal-001-155x232.jpg 155w, https:\/\/www.24gliwice.pl\/wiadomosci\/wp-content\/uploads\/2023\/05\/stellantis-grzegorz-buchal-001-303x455.jpg 303w\" sizes=\"auto, (max-width: 1382px) 100vw, 1382px\" \/><\/a><\/p>\n<p>W ramach zada\u0144 na obecnym stanowisku \u2013 dyrektora globalnego pionu in\u017cynierii Stellantis ds. wdra\u017cania pojazd\u00f3w dostawczych, wsp\u00f3\u0142prowadzi\u0142 projekt uruchomienia gamy modelowej du\u017cych samochod\u00f3w dostawczych dla marek Opel, Peugeot, Vauxhall i Citro\u00ebn w nowo wybudowanej gliwickiej fabryce.<\/p>\n<blockquote><p>Powr\u00f3t do zak\u0142adu w Gliwicach, w kt\u00f3rym zaczyna\u0142em karier\u0119 zawodow\u0105, jest dla mnie wielkim wyr\u00f3\u017cnieniem i daje mi mo\u017cliwo\u015b\u0107 wykorzystania do\u015bwiadczenia i wiedzy, na rzecz naszej polskiej fabryki. Do\u0142\u0105czam ponownie do zespo\u0142u, z kt\u00f3rym pracowa\u0142em wiele lat, i kt\u00f3ry bardzo ceni\u0119<\/p><\/blockquote>\n<p>&#8211; m\u00f3wi nowy dyrektor Stellantis.<\/p>\n<p>&#8211; Jednym z naszych najwa\u017cniejszych zada\u0144 jest wzmacnianie liderskiej pozycji Stellantis w segmencie pojazd\u00f3w dostawczych w Europie. Gliwice s\u0105 znane z doskona\u0142ej jako\u015bci i ten atut wykorzystamy w walce o prymat koncernu na rynku. W imieniu ca\u0142ego zespo\u0142u dzi\u0119kuj\u0119 Andrzejowi Korpakowi za wszystkie lata bardzo udanej wsp\u00f3lnej pracy \u2013 powiedzia\u0142 <strong>Grzegorz Buchal,<\/strong> nowy dyrektor fabryki du\u017cych samochod\u00f3w dostawczych Stellantis Gliwice.<\/p>\n<p>(mat. pras.)<br \/>\nfot. mat. Stellantis<\/p>\n<div class=\"gliwi-a5-na-koncu-artykulow gliwi-entity-placement\" id=\"gliwi-529362207\"><div class=\"gliwi-adlabel\"><span style=\"font-size: 9px\">REKLAMA<\/span><\/div><div id=\"gliwi-823234183\" style=\"margin-left: auto;margin-right: auto;text-align: center;\"><a data-no-instant=\"1\" href=\"https:\/\/www.jasek.pl\/\" rel=\"noopener\" class=\"a2t-link\" target=\"_blank\" aria-label=\"20200401-jasek 600\"><img loading=\"lazy\" decoding=\"async\" src=\"https:\/\/www.24gliwice.pl\/wiadomosci\/wp-content\/uploads\/2020\/04\/20200401-jasek-600.jpg\" alt=\"\"  srcset=\"https:\/\/www.24gliwice.pl\/wiadomosci\/wp-content\/uploads\/2020\/04\/20200401-jasek-600.jpg 600w, https:\/\/www.24gliwice.pl\/wiadomosci\/wp-content\/uploads\/2020\/04\/20200401-jasek-600-410x109.jpg 410w\" sizes=\"(max-width: 600px) 100vw, 600px\" class=\"no-lazyload\" width=\"600\" height=\"160\"  style=\"display: inline-block; max-width: 100%; height: auto;\" \/><\/a><\/div><\/div>","protected":false},"excerpt":{"rendered":"<p>Najpierw kierowa\u0142 gliwick\u0105 fabryk\u0105 Opla, potem, po przekszta\u0142ceniu, by\u0142 dyrektorem generalnym Stellantis Gliwice. Andrzej Korpak og\u0142osi\u0142 decyzj\u0119 o zako\u0144czeniu kariery korporacyjnej. Wiadomo ju\u017c kto go zast\u0105pi. &nbsp; Ostatnich dwadzie\u015bcia sze\u015b\u0107 lat aktywnie dzia\u0142a\u0142 na rzecz rozwoju silnych struktur motoryzacyjnych w Polsce, nie tylko odpowiadaj\u0105c za dzia\u0142alno\u015b\u0107 produkcyjn\u0105 koncernu, ale w r\u00f3wnie\u017c w ramach wsp\u00f3\u0142pracy z [&hellip;]<\/p>\n","protected":false},"author":15,"featured_media":194652,"comment_status":"open","ping_status":"closed","sticky":false,"template":"","format":"standard","meta":{"_monsterinsights_skip_tracking":false,"_monsterinsights_sitenote_active":false,"_monsterinsights_sitenote_note":"","_monsterinsights_sitenote_category":0,"footnotes":"","_links_to":"","_links_to_target":""},"categories":[3,1],"tags":[19771],"class_list":["post-215618","post","type-post","status-publish","format-standard","has-post-thumbnail","hentry","category-gliwice","category-wszystko","tag-stellantis"],"yoast_head":"<!-- This site is optimized with the Yoast SEO plugin v27.5 - https:\/\/yoast.com\/product\/yoast-seo-wordpress\/ -->\n<title>Zmiany w gliwickiej fabryce samochod\u00f3w Stellantis. Andrzeja Korpaka zast\u0105pi nowy dyrektor - 24GLIWICE - Portal Gliwice | codziennie nowe informacje<\/title>\n<meta name=\"description\" content=\"Dyrektor generalny Stellantis Gliwice, Andrzej Korpak, zako\u0144czy\u0142 karier\u0119. 1 czerwca jego stanowisko obejmie Grzegorz Buchal z tego koncernu\" \/>\n<meta name=\"robots\" content=\"index, follow, max-snippet:-1, max-image-preview:large, max-video-preview:-1\" \/>\n<link rel=\"canonical\" href=\"https:\/\/www.24gliwice.pl\/wiadomosci\/zmiany-w-gliwickiej-fabryce-samochodow-stellantis-andrzeja-korpaka-zastapi-nowy-dyrektor\/\" \/>\n<meta property=\"og:locale\" content=\"pl_PL\" \/>\n<meta property=\"og:type\" content=\"article\" \/>\n<meta property=\"og:title\" content=\"Zmiany w gliwickiej fabryce samochod\u00f3w Stellantis. Andrzeja Korpaka zast\u0105pi nowy dyrektor - 24GLIWICE - Portal Gliwice | codziennie nowe informacje\" \/>\n<meta property=\"og:description\" content=\"Dyrektor generalny Stellantis Gliwice, Andrzej Korpak, zako\u0144czy\u0142 karier\u0119. 1 czerwca jego stanowisko obejmie Grzegorz Buchal z tego koncernu\" \/>\n<meta property=\"og:url\" content=\"https:\/\/www.24gliwice.pl\/wiadomosci\/zmiany-w-gliwickiej-fabryce-samochodow-stellantis-andrzeja-korpaka-zastapi-nowy-dyrektor\/\" \/>\n<meta property=\"og:site_name\" content=\"24GLIWICE - Portal Gliwice | codziennie nowe informacje\" \/>\n<meta property=\"article:publisher\" content=\"https:\/\/www.facebook.com\/24gliwice\" \/>\n<meta property=\"article:published_time\" content=\"2023-06-01T04:27:01+00:00\" \/>\n<meta property=\"og:image\" content=\"https:\/\/www.24gliwice.pl\/wiadomosci\/wp-content\/uploads\/2022\/06\/stellantis2.jpg\" \/>\n\t<meta property=\"og:image:width\" content=\"810\" \/>\n\t<meta property=\"og:image:height\" content=\"456\" \/>\n\t<meta property=\"og:image:type\" content=\"image\/jpeg\" \/>\n<meta name=\"author\" content=\"\u017baneta Mrozek-Siewierska\" \/>\n<meta name=\"twitter:card\" content=\"summary_large_image\" \/>\n<meta name=\"twitter:creator\" content=\"@24gliwice\" \/>\n<meta name=\"twitter:site\" content=\"@24gliwice\" \/>\n<meta name=\"twitter:label1\" content=\"Napisane przez\" \/>\n\t<meta name=\"twitter:data1\" content=\"\u017baneta Mrozek-Siewierska\" \/>\n\t<meta name=\"twitter:label2\" content=\"Szacowany czas czytania\" \/>\n\t<meta name=\"twitter:data2\" content=\"4 minuty\" \/>\n<script type=\"application\/ld+json\" class=\"yoast-schema-graph\">{\"@context\":\"https:\\\/\\\/schema.org\",\"@graph\":[{\"@type\":\"Article\",\"@id\":\"https:\\\/\\\/www.24gliwice.pl\\\/wiadomosci\\\/zmiany-w-gliwickiej-fabryce-samochodow-stellantis-andrzeja-korpaka-zastapi-nowy-dyrektor\\\/#article\",\"isPartOf\":{\"@id\":\"https:\\\/\\\/www.24gliwice.pl\\\/wiadomosci\\\/zmiany-w-gliwickiej-fabryce-samochodow-stellantis-andrzeja-korpaka-zastapi-nowy-dyrektor\\\/\"},\"author\":{\"name\":\"\u017baneta Mrozek-Siewierska\",\"@id\":\"https:\\\/\\\/www.24gliwice.pl\\\/wiadomosci\\\/#\\\/schema\\\/person\\\/e42c650edd7f2fa332be3811fb166b6e\"},\"headline\":\"Zmiany w gliwickiej fabryce samochod\u00f3w Stellantis. Andrzeja Korpaka zast\u0105pi nowy dyrektor\",\"datePublished\":\"2023-06-01T04:27:01+00:00\",\"mainEntityOfPage\":{\"@id\":\"https:\\\/\\\/www.24gliwice.pl\\\/wiadomosci\\\/zmiany-w-gliwickiej-fabryce-samochodow-stellantis-andrzeja-korpaka-zastapi-nowy-dyrektor\\\/\"},\"wordCount\":635,\"commentCount\":0,\"publisher\":{\"@id\":\"https:\\\/\\\/www.24gliwice.pl\\\/wiadomosci\\\/#organization\"},\"image\":{\"@id\":\"https:\\\/\\\/www.24gliwice.pl\\\/wiadomosci\\\/zmiany-w-gliwickiej-fabryce-samochodow-stellantis-andrzeja-korpaka-zastapi-nowy-dyrektor\\\/#primaryimage\"},\"thumbnailUrl\":\"https:\\\/\\\/www.24gliwice.pl\\\/wiadomosci\\\/wp-content\\\/uploads\\\/2022\\\/06\\\/stellantis2.jpg\",\"keywords\":[\"stellantis\"],\"articleSection\":[\"Gliwice\",\"Najnowsze wiadomo\u015bci\"],\"inLanguage\":\"pl-PL\",\"potentialAction\":[{\"@type\":\"CommentAction\",\"name\":\"Comment\",\"target\":[\"https:\\\/\\\/www.24gliwice.pl\\\/wiadomosci\\\/zmiany-w-gliwickiej-fabryce-samochodow-stellantis-andrzeja-korpaka-zastapi-nowy-dyrektor\\\/#respond\"]}]},{\"@type\":\"WebPage\",\"@id\":\"https:\\\/\\\/www.24gliwice.pl\\\/wiadomosci\\\/zmiany-w-gliwickiej-fabryce-samochodow-stellantis-andrzeja-korpaka-zastapi-nowy-dyrektor\\\/\",\"url\":\"https:\\\/\\\/www.24gliwice.pl\\\/wiadomosci\\\/zmiany-w-gliwickiej-fabryce-samochodow-stellantis-andrzeja-korpaka-zastapi-nowy-dyrektor\\\/\",\"name\":\"Zmiany w gliwickiej fabryce samochod\u00f3w Stellantis. Andrzeja Korpaka zast\u0105pi nowy dyrektor - 24GLIWICE - Portal Gliwice | codziennie nowe informacje\",\"isPartOf\":{\"@id\":\"https:\\\/\\\/www.24gliwice.pl\\\/wiadomosci\\\/#website\"},\"primaryImageOfPage\":{\"@id\":\"https:\\\/\\\/www.24gliwice.pl\\\/wiadomosci\\\/zmiany-w-gliwickiej-fabryce-samochodow-stellantis-andrzeja-korpaka-zastapi-nowy-dyrektor\\\/#primaryimage\"},\"image\":{\"@id\":\"https:\\\/\\\/www.24gliwice.pl\\\/wiadomosci\\\/zmiany-w-gliwickiej-fabryce-samochodow-stellantis-andrzeja-korpaka-zastapi-nowy-dyrektor\\\/#primaryimage\"},\"thumbnailUrl\":\"https:\\\/\\\/www.24gliwice.pl\\\/wiadomosci\\\/wp-content\\\/uploads\\\/2022\\\/06\\\/stellantis2.jpg\",\"datePublished\":\"2023-06-01T04:27:01+00:00\",\"description\":\"Dyrektor generalny Stellantis Gliwice, Andrzej Korpak, zako\u0144czy\u0142 karier\u0119. 1 czerwca jego stanowisko obejmie Grzegorz Buchal z tego koncernu\",\"breadcrumb\":{\"@id\":\"https:\\\/\\\/www.24gliwice.pl\\\/wiadomosci\\\/zmiany-w-gliwickiej-fabryce-samochodow-stellantis-andrzeja-korpaka-zastapi-nowy-dyrektor\\\/#breadcrumb\"},\"inLanguage\":\"pl-PL\",\"potentialAction\":[{\"@type\":\"ReadAction\",\"target\":[\"https:\\\/\\\/www.24gliwice.pl\\\/wiadomosci\\\/zmiany-w-gliwickiej-fabryce-samochodow-stellantis-andrzeja-korpaka-zastapi-nowy-dyrektor\\\/\"]}]},{\"@type\":\"ImageObject\",\"inLanguage\":\"pl-PL\",\"@id\":\"https:\\\/\\\/www.24gliwice.pl\\\/wiadomosci\\\/zmiany-w-gliwickiej-fabryce-samochodow-stellantis-andrzeja-korpaka-zastapi-nowy-dyrektor\\\/#primaryimage\",\"url\":\"https:\\\/\\\/www.24gliwice.pl\\\/wiadomosci\\\/wp-content\\\/uploads\\\/2022\\\/06\\\/stellantis2.jpg\",\"contentUrl\":\"https:\\\/\\\/www.24gliwice.pl\\\/wiadomosci\\\/wp-content\\\/uploads\\\/2022\\\/06\\\/stellantis2.jpg\",\"width\":810,\"height\":456},{\"@type\":\"BreadcrumbList\",\"@id\":\"https:\\\/\\\/www.24gliwice.pl\\\/wiadomosci\\\/zmiany-w-gliwickiej-fabryce-samochodow-stellantis-andrzeja-korpaka-zastapi-nowy-dyrektor\\\/#breadcrumb\",\"itemListElement\":[{\"@type\":\"ListItem\",\"position\":1,\"name\":\"Strona g\u0142\u00f3wna\",\"item\":\"https:\\\/\\\/www.24gliwice.pl\\\/wiadomosci\\\/\"},{\"@type\":\"ListItem\",\"position\":2,\"name\":\"Zmiany w gliwickiej fabryce samochod\u00f3w Stellantis. Andrzeja Korpaka zast\u0105pi nowy dyrektor\"}]},{\"@type\":\"WebSite\",\"@id\":\"https:\\\/\\\/www.24gliwice.pl\\\/wiadomosci\\\/#website\",\"url\":\"https:\\\/\\\/www.24gliwice.pl\\\/wiadomosci\\\/\",\"name\":\"24GLIWICE - Portal Gliwice | codziennie nowe wiadomo\u015bci\",\"description\":\"Portal Miejski Gliwice\",\"publisher\":{\"@id\":\"https:\\\/\\\/www.24gliwice.pl\\\/wiadomosci\\\/#organization\"},\"potentialAction\":[{\"@type\":\"SearchAction\",\"target\":{\"@type\":\"EntryPoint\",\"urlTemplate\":\"https:\\\/\\\/www.24gliwice.pl\\\/wiadomosci\\\/?s={search_term_string}\"},\"query-input\":{\"@type\":\"PropertyValueSpecification\",\"valueRequired\":true,\"valueName\":\"search_term_string\"}}],\"inLanguage\":\"pl-PL\"},{\"@type\":\"Organization\",\"@id\":\"https:\\\/\\\/www.24gliwice.pl\\\/wiadomosci\\\/#organization\",\"name\":\"24gliwice\",\"url\":\"https:\\\/\\\/www.24gliwice.pl\\\/wiadomosci\\\/\",\"logo\":{\"@type\":\"ImageObject\",\"inLanguage\":\"pl-PL\",\"@id\":\"https:\\\/\\\/www.24gliwice.pl\\\/wiadomosci\\\/#\\\/schema\\\/logo\\\/image\\\/\",\"url\":\"https:\\\/\\\/www.24gliwice.pl\\\/wiadomosci\\\/wp-content\\\/uploads\\\/2024\\\/10\\\/24gliwice-logo-696.jpg\",\"contentUrl\":\"https:\\\/\\\/www.24gliwice.pl\\\/wiadomosci\\\/wp-content\\\/uploads\\\/2024\\\/10\\\/24gliwice-logo-696.jpg\",\"width\":696,\"height\":696,\"caption\":\"24gliwice\"},\"image\":{\"@id\":\"https:\\\/\\\/www.24gliwice.pl\\\/wiadomosci\\\/#\\\/schema\\\/logo\\\/image\\\/\"},\"sameAs\":[\"https:\\\/\\\/www.facebook.com\\\/24gliwice\",\"https:\\\/\\\/x.com\\\/24gliwice\",\"https:\\\/\\\/www.youtube.com\\\/@24gliwice\"]},{\"@type\":\"Person\",\"@id\":\"https:\\\/\\\/www.24gliwice.pl\\\/wiadomosci\\\/#\\\/schema\\\/person\\\/e42c650edd7f2fa332be3811fb166b6e\",\"name\":\"\u017baneta Mrozek-Siewierska\",\"image\":{\"@type\":\"ImageObject\",\"inLanguage\":\"pl-PL\",\"@id\":\"https:\\\/\\\/secure.gravatar.com\\\/avatar\\\/1881429e9c64597c77ad7aef2d0a19be69a3253e57534d16aa15bf3a4d34a0a3?s=96&d=mm&r=g\",\"url\":\"https:\\\/\\\/secure.gravatar.com\\\/avatar\\\/1881429e9c64597c77ad7aef2d0a19be69a3253e57534d16aa15bf3a4d34a0a3?s=96&d=mm&r=g\",\"contentUrl\":\"https:\\\/\\\/secure.gravatar.com\\\/avatar\\\/1881429e9c64597c77ad7aef2d0a19be69a3253e57534d16aa15bf3a4d34a0a3?s=96&d=mm&r=g\",\"caption\":\"\u017baneta Mrozek-Siewierska\"},\"url\":\"https:\\\/\\\/www.24gliwice.pl\\\/wiadomosci\\\/author\\\/zms\\\/\"}]}<\/script>\n<!-- \/ Yoast SEO plugin. -->","yoast_head_json":{"title":"Zmiany w gliwickiej fabryce samochod\u00f3w Stellantis. Andrzeja Korpaka zast\u0105pi nowy dyrektor - 24GLIWICE - Portal Gliwice | codziennie nowe informacje","description":"Dyrektor generalny Stellantis Gliwice, Andrzej Korpak, zako\u0144czy\u0142 karier\u0119. 1 czerwca jego stanowisko obejmie Grzegorz Buchal z tego koncernu","robots":{"index":"index","follow":"follow","max-snippet":"max-snippet:-1","max-image-preview":"max-image-preview:large","max-video-preview":"max-video-preview:-1"},"canonical":"https:\/\/www.24gliwice.pl\/wiadomosci\/zmiany-w-gliwickiej-fabryce-samochodow-stellantis-andrzeja-korpaka-zastapi-nowy-dyrektor\/","og_locale":"pl_PL","og_type":"article","og_title":"Zmiany w gliwickiej fabryce samochod\u00f3w Stellantis. Andrzeja Korpaka zast\u0105pi nowy dyrektor - 24GLIWICE - Portal Gliwice | codziennie nowe informacje","og_description":"Dyrektor generalny Stellantis Gliwice, Andrzej Korpak, zako\u0144czy\u0142 karier\u0119. 1 czerwca jego stanowisko obejmie Grzegorz Buchal z tego koncernu","og_url":"https:\/\/www.24gliwice.pl\/wiadomosci\/zmiany-w-gliwickiej-fabryce-samochodow-stellantis-andrzeja-korpaka-zastapi-nowy-dyrektor\/","og_site_name":"24GLIWICE - Portal Gliwice | codziennie nowe informacje","article_publisher":"https:\/\/www.facebook.com\/24gliwice","article_published_time":"2023-06-01T04:27:01+00:00","og_image":[{"width":810,"height":456,"url":"https:\/\/www.24gliwice.pl\/wiadomosci\/wp-content\/uploads\/2022\/06\/stellantis2.jpg","type":"image\/jpeg"}],"author":"\u017baneta Mrozek-Siewierska","twitter_card":"summary_large_image","twitter_creator":"@24gliwice","twitter_site":"@24gliwice","twitter_misc":{"Napisane przez":"\u017baneta Mrozek-Siewierska","Szacowany czas czytania":"4 minuty"},"schema":{"@context":"https:\/\/schema.org","@graph":[{"@type":"Article","@id":"https:\/\/www.24gliwice.pl\/wiadomosci\/zmiany-w-gliwickiej-fabryce-samochodow-stellantis-andrzeja-korpaka-zastapi-nowy-dyrektor\/#article","isPartOf":{"@id":"https:\/\/www.24gliwice.pl\/wiadomosci\/zmiany-w-gliwickiej-fabryce-samochodow-stellantis-andrzeja-korpaka-zastapi-nowy-dyrektor\/"},"author":{"name":"\u017baneta Mrozek-Siewierska","@id":"https:\/\/www.24gliwice.pl\/wiadomosci\/#\/schema\/person\/e42c650edd7f2fa332be3811fb166b6e"},"headline":"Zmiany w gliwickiej fabryce samochod\u00f3w Stellantis. Andrzeja Korpaka zast\u0105pi nowy dyrektor","datePublished":"2023-06-01T04:27:01+00:00","mainEntityOfPage":{"@id":"https:\/\/www.24gliwice.pl\/wiadomosci\/zmiany-w-gliwickiej-fabryce-samochodow-stellantis-andrzeja-korpaka-zastapi-nowy-dyrektor\/"},"wordCount":635,"commentCount":0,"publisher":{"@id":"https:\/\/www.24gliwice.pl\/wiadomosci\/#organization"},"image":{"@id":"https:\/\/www.24gliwice.pl\/wiadomosci\/zmiany-w-gliwickiej-fabryce-samochodow-stellantis-andrzeja-korpaka-zastapi-nowy-dyrektor\/#primaryimage"},"thumbnailUrl":"https:\/\/www.24gliwice.pl\/wiadomosci\/wp-content\/uploads\/2022\/06\/stellantis2.jpg","keywords":["stellantis"],"articleSection":["Gliwice","Najnowsze wiadomo\u015bci"],"inLanguage":"pl-PL","potentialAction":[{"@type":"CommentAction","name":"Comment","target":["https:\/\/www.24gliwice.pl\/wiadomosci\/zmiany-w-gliwickiej-fabryce-samochodow-stellantis-andrzeja-korpaka-zastapi-nowy-dyrektor\/#respond"]}]},{"@type":"WebPage","@id":"https:\/\/www.24gliwice.pl\/wiadomosci\/zmiany-w-gliwickiej-fabryce-samochodow-stellantis-andrzeja-korpaka-zastapi-nowy-dyrektor\/","url":"https:\/\/www.24gliwice.pl\/wiadomosci\/zmiany-w-gliwickiej-fabryce-samochodow-stellantis-andrzeja-korpaka-zastapi-nowy-dyrektor\/","name":"Zmiany w gliwickiej fabryce samochod\u00f3w Stellantis. Andrzeja Korpaka zast\u0105pi nowy dyrektor - 24GLIWICE - Portal Gliwice | codziennie nowe informacje","isPartOf":{"@id":"https:\/\/www.24gliwice.pl\/wiadomosci\/#website"},"primaryImageOfPage":{"@id":"https:\/\/www.24gliwice.pl\/wiadomosci\/zmiany-w-gliwickiej-fabryce-samochodow-stellantis-andrzeja-korpaka-zastapi-nowy-dyrektor\/#primaryimage"},"image":{"@id":"https:\/\/www.24gliwice.pl\/wiadomosci\/zmiany-w-gliwickiej-fabryce-samochodow-stellantis-andrzeja-korpaka-zastapi-nowy-dyrektor\/#primaryimage"},"thumbnailUrl":"https:\/\/www.24gliwice.pl\/wiadomosci\/wp-content\/uploads\/2022\/06\/stellantis2.jpg","datePublished":"2023-06-01T04:27:01+00:00","description":"Dyrektor generalny Stellantis Gliwice, Andrzej Korpak, zako\u0144czy\u0142 karier\u0119. 1 czerwca jego stanowisko obejmie Grzegorz Buchal z tego koncernu","breadcrumb":{"@id":"https:\/\/www.24gliwice.pl\/wiadomosci\/zmiany-w-gliwickiej-fabryce-samochodow-stellantis-andrzeja-korpaka-zastapi-nowy-dyrektor\/#breadcrumb"},"inLanguage":"pl-PL","potentialAction":[{"@type":"ReadAction","target":["https:\/\/www.24gliwice.pl\/wiadomosci\/zmiany-w-gliwickiej-fabryce-samochodow-stellantis-andrzeja-korpaka-zastapi-nowy-dyrektor\/"]}]},{"@type":"ImageObject","inLanguage":"pl-PL","@id":"https:\/\/www.24gliwice.pl\/wiadomosci\/zmiany-w-gliwickiej-fabryce-samochodow-stellantis-andrzeja-korpaka-zastapi-nowy-dyrektor\/#primaryimage","url":"https:\/\/www.24gliwice.pl\/wiadomosci\/wp-content\/uploads\/2022\/06\/stellantis2.jpg","contentUrl":"https:\/\/www.24gliwice.pl\/wiadomosci\/wp-content\/uploads\/2022\/06\/stellantis2.jpg","width":810,"height":456},{"@type":"BreadcrumbList","@id":"https:\/\/www.24gliwice.pl\/wiadomosci\/zmiany-w-gliwickiej-fabryce-samochodow-stellantis-andrzeja-korpaka-zastapi-nowy-dyrektor\/#breadcrumb","itemListElement":[{"@type":"ListItem","position":1,"name":"Strona g\u0142\u00f3wna","item":"https:\/\/www.24gliwice.pl\/wiadomosci\/"},{"@type":"ListItem","position":2,"name":"Zmiany w gliwickiej fabryce samochod\u00f3w Stellantis. Andrzeja Korpaka zast\u0105pi nowy dyrektor"}]},{"@type":"WebSite","@id":"https:\/\/www.24gliwice.pl\/wiadomosci\/#website","url":"https:\/\/www.24gliwice.pl\/wiadomosci\/","name":"24GLIWICE - Portal Gliwice | codziennie nowe wiadomo\u015bci","description":"Portal Miejski Gliwice","publisher":{"@id":"https:\/\/www.24gliwice.pl\/wiadomosci\/#organization"},"potentialAction":[{"@type":"SearchAction","target":{"@type":"EntryPoint","urlTemplate":"https:\/\/www.24gliwice.pl\/wiadomosci\/?s={search_term_string}"},"query-input":{"@type":"PropertyValueSpecification","valueRequired":true,"valueName":"search_term_string"}}],"inLanguage":"pl-PL"},{"@type":"Organization","@id":"https:\/\/www.24gliwice.pl\/wiadomosci\/#organization","name":"24gliwice","url":"https:\/\/www.24gliwice.pl\/wiadomosci\/","logo":{"@type":"ImageObject","inLanguage":"pl-PL","@id":"https:\/\/www.24gliwice.pl\/wiadomosci\/#\/schema\/logo\/image\/","url":"https:\/\/www.24gliwice.pl\/wiadomosci\/wp-content\/uploads\/2024\/10\/24gliwice-logo-696.jpg","contentUrl":"https:\/\/www.24gliwice.pl\/wiadomosci\/wp-content\/uploads\/2024\/10\/24gliwice-logo-696.jpg","width":696,"height":696,"caption":"24gliwice"},"image":{"@id":"https:\/\/www.24gliwice.pl\/wiadomosci\/#\/schema\/logo\/image\/"},"sameAs":["https:\/\/www.facebook.com\/24gliwice","https:\/\/x.com\/24gliwice","https:\/\/www.youtube.com\/@24gliwice"]},{"@type":"Person","@id":"https:\/\/www.24gliwice.pl\/wiadomosci\/#\/schema\/person\/e42c650edd7f2fa332be3811fb166b6e","name":"\u017baneta Mrozek-Siewierska","image":{"@type":"ImageObject","inLanguage":"pl-PL","@id":"https:\/\/secure.gravatar.com\/avatar\/1881429e9c64597c77ad7aef2d0a19be69a3253e57534d16aa15bf3a4d34a0a3?s=96&d=mm&r=g","url":"https:\/\/secure.gravatar.com\/avatar\/1881429e9c64597c77ad7aef2d0a19be69a3253e57534d16aa15bf3a4d34a0a3?s=96&d=mm&r=g","contentUrl":"https:\/\/secure.gravatar.com\/avatar\/1881429e9c64597c77ad7aef2d0a19be69a3253e57534d16aa15bf3a4d34a0a3?s=96&d=mm&r=g","caption":"\u017baneta Mrozek-Siewierska"},"url":"https:\/\/www.24gliwice.pl\/wiadomosci\/author\/zms\/"}]}},"_links":{"self":[{"href":"https:\/\/www.24gliwice.pl\/wiadomosci\/wp-json\/wp\/v2\/posts\/215618","targetHints":{"allow":["GET"]}}],"collection":[{"href":"https:\/\/www.24gliwice.pl\/wiadomosci\/wp-json\/wp\/v2\/posts"}],"about":[{"href":"https:\/\/www.24gliwice.pl\/wiadomosci\/wp-json\/wp\/v2\/types\/post"}],"author":[{"embeddable":true,"href":"https:\/\/www.24gliwice.pl\/wiadomosci\/wp-json\/wp\/v2\/users\/15"}],"replies":[{"embeddable":true,"href":"https:\/\/www.24gliwice.pl\/wiadomosci\/wp-json\/wp\/v2\/comments?post=215618"}],"version-history":[{"count":0,"href":"https:\/\/www.24gliwice.pl\/wiadomosci\/wp-json\/wp\/v2\/posts\/215618\/revisions"}],"wp:featuredmedia":[{"embeddable":true,"href":"https:\/\/www.24gliwice.pl\/wiadomosci\/wp-json\/wp\/v2\/media\/194652"}],"wp:attachment":[{"href":"https:\/\/www.24gliwice.pl\/wiadomosci\/wp-json\/wp\/v2\/media?parent=215618"}],"wp:term":[{"taxonomy":"category","embeddable":true,"href":"https:\/\/www.24gliwice.pl\/wiadomosci\/wp-json\/wp\/v2\/categories?post=215618"},{"taxonomy":"post_tag","embeddable":true,"href":"https:\/\/www.24gliwice.pl\/wiadomosci\/wp-json\/wp\/v2\/tags?post=215618"}],"curies":[{"name":"wp","href":"https:\/\/api.w.org\/{rel}","templated":true}]}}