{"id":215842,"date":"2023-06-05T14:12:07","date_gmt":"2023-06-05T12:12:07","guid":{"rendered":"https:\/\/www.24gliwice.pl\/wiadomosci\/?p=215842"},"modified":"2023-06-05T14:12:07","modified_gmt":"2023-06-05T12:12:07","slug":"mobilne-ladowarki-do-autobusow-i-elektryczne-pojazdy-trafia-m-in-do-pkm-gliwice-sa-juz-pierwsze-sztuki","status":"publish","type":"post","link":"https:\/\/www.24gliwice.pl\/wiadomosci\/mobilne-ladowarki-do-autobusow-i-elektryczne-pojazdy-trafia-m-in-do-pkm-gliwice-sa-juz-pierwsze-sztuki\/","title":{"rendered":"Mobilne \u0142adowarki do autobus\u00f3w i elektryczne pojazdy trafi\u0105 m.in. do PKM Gliwice. S\u0105 ju\u017c pierwsze sztuki"},"content":{"rendered":"<div class=\"gliwi-a6-nad-leadem-artykulow gliwi-entity-placement\" id=\"gliwi-3375420509\"><div class=\"gliwi-adlabel\"><span style=\"font-size: 9px\">REKLAMA<\/span><\/div><div id=\"gliwi-2158173437\" style=\"margin-bottom: 30px;margin-left: auto;margin-right: auto;text-align: center;\"><a data-no-instant=\"1\" href=\"https:\/\/przedszkole.halogen.org.pl\/\" rel=\"noopener\" class=\"a2t-link\" target=\"_blank\" aria-label=\"20260402-ANIMATOR-przedszkole_grafika_750x200\"><img loading=\"lazy\" decoding=\"async\" src=\"https:\/\/www.24gliwice.pl\/wiadomosci\/wp-content\/uploads\/2026\/04\/20260402-ANIMATOR-przedszkole_grafika_750x200.webp\" alt=\"\"  srcset=\"https:\/\/www.24gliwice.pl\/wiadomosci\/wp-content\/uploads\/2026\/04\/20260402-ANIMATOR-przedszkole_grafika_750x200.webp 750w, https:\/\/www.24gliwice.pl\/wiadomosci\/wp-content\/uploads\/2026\/04\/20260402-ANIMATOR-przedszkole_grafika_750x200-410x109.webp 410w\" sizes=\"(max-width: 750px) 100vw, 750px\" class=\"no-lazyload\" width=\"750\" height=\"200\"  style=\"display: inline-block; max-width: 100%; height: auto;\" \/><\/a><\/div><\/div><h2>Do GZM trafi\u0142y w\u0142a\u015bnie pierwsze sztuki autobus\u00f3w elektrycznych, zakupionych w ramach Programu GEPARD II. \u0141\u0105cznie Metropolia kupi\u0142a 32 pojazdy, kt\u00f3re b\u0119d\u0105 dostarczane do ko\u0144ca czerwca tego roku. R\u00f3wnolegle trwa monta\u017c infrastruktury do \u0142adowania autobus\u00f3w elektrycznych.<\/h2>\n<p>&nbsp;<br \/>\nPierwsze sztuki nowoczesnych autobus\u00f3w elektrycznych trafiaj\u0105 ju\u017c do czterech metropolitalnych PKM: Katowice, Sosnowiec, Gliwice i \u015awierklaniec. To efekt umowy z firm\u0105 Solaris Bus &#038; Coach na zakup 27 autobus\u00f3w 12-metrowych oraz pi\u0119ciu przegubowych o d\u0142ugo\u015bci 18 metr\u00f3w. <\/p>\n<h4>Pojazdy s\u0105 klimatyzowane, wyposa\u017cone w Wi-Fi, \u0142adowarki USB i przystosowane do potrzeb os\u00f3b z niepe\u0142nosprawno\u015bciami. Umowa przewiduje realizacj\u0119 ca\u0142ego zam\u00f3wienia do 30 czerwca br.<\/h4>\n<p>Nowe autobusy to pierwsze pojazdy sygnowane jako Transport GZM, kt\u00f3ry docelowo skupi wszystkie formy mobilno\u015bci realizowane przez Metropoli\u0119. Transport GZM sukcesywnie b\u0119dzie pojawia\u0107 si\u0119 na wszystkich elementach infrastruktury transportu publicznego organizowanego przez G\u00f3rno\u015bl\u0105sko-Zag\u0142\u0119biowsk\u0105 Metropoli\u0119, a docelowo po\u0142\u0105czy i ujednolici wizerunek wielu podmiot\u00f3w buduj\u0105cych system komunikacji w naszym regionie.<\/p><div class=\"gliwi-a3-w-tresci-artykulow gliwi-entity-placement\" id=\"gliwi-2863641009\"><div class=\"gliwi-adlabel\"><span style=\"font-size: 9px\">REKLAMA<\/span><\/div><div id=\"gliwi-3399061495\" style=\"margin-bottom: 30px;margin-left: auto;margin-right: auto;text-align: center;\"><a data-no-instant=\"1\" href=\"https:\/\/zlobek.halogen.org.pl\/\" rel=\"noopener\" class=\"a2t-link\" target=\"_blank\" aria-label=\"animator-zlobek_750x200\"><img loading=\"lazy\" decoding=\"async\" src=\"https:\/\/www.24gliwice.pl\/wiadomosci\/wp-content\/uploads\/2026\/02\/animator-zlobek_750x200.webp\" alt=\"\"  srcset=\"https:\/\/www.24gliwice.pl\/wiadomosci\/wp-content\/uploads\/2026\/02\/animator-zlobek_750x200.webp 750w, https:\/\/www.24gliwice.pl\/wiadomosci\/wp-content\/uploads\/2026\/02\/animator-zlobek_750x200-410x109.webp 410w\" sizes=\"(max-width: 750px) 100vw, 750px\" class=\"no-lazyload\" width=\"750\" height=\"200\"  style=\"display: inline-block; max-width: 100%; height: auto;\" \/><\/a><\/div><\/div>\n<p><a href=\"https:\/\/www.24gliwice.pl\/wiadomosci\/wp-content\/uploads\/2023\/06\/gzm_bus_3-scaled.jpg\"><img loading=\"lazy\" decoding=\"async\" src=\"https:\/\/www.24gliwice.pl\/wiadomosci\/wp-content\/uploads\/2023\/06\/gzm_bus_3-scaled.jpg\" alt=\"\" width=\"2560\" height=\"1707\" class=\"alignnone size-full wp-image-215852\" srcset=\"https:\/\/www.24gliwice.pl\/wiadomosci\/wp-content\/uploads\/2023\/06\/gzm_bus_3-scaled.jpg 2560w, https:\/\/www.24gliwice.pl\/wiadomosci\/wp-content\/uploads\/2023\/06\/gzm_bus_3-348x232.jpg 348w, https:\/\/www.24gliwice.pl\/wiadomosci\/wp-content\/uploads\/2023\/06\/gzm_bus_3-683x455.jpg 683w, https:\/\/www.24gliwice.pl\/wiadomosci\/wp-content\/uploads\/2023\/06\/gzm_bus_3-768x512.jpg 768w, https:\/\/www.24gliwice.pl\/wiadomosci\/wp-content\/uploads\/2023\/06\/gzm_bus_3-1536x1024.jpg 1536w, https:\/\/www.24gliwice.pl\/wiadomosci\/wp-content\/uploads\/2023\/06\/gzm_bus_3-2048x1365.jpg 2048w, https:\/\/www.24gliwice.pl\/wiadomosci\/wp-content\/uploads\/2023\/06\/gzm_bus_3-810x540.jpg 810w, https:\/\/www.24gliwice.pl\/wiadomosci\/wp-content\/uploads\/2023\/06\/gzm_bus_3-1140x760.jpg 1140w\" sizes=\"auto, (max-width: 2560px) 100vw, 2560px\" \/><\/a><\/p>\n<p>Ponadto w ramach projektu zostanie uruchomionych 16 mobilnych \u0142adowarek, z kt\u00f3rych b\u0119d\u0105 mog\u0142y korzysta\u0107 jednocze\u015bnie po dwa autobusy, a tak\u017ce 11 szybkich stacjonarnych \u0142adowarek pantografowych, kt\u00f3re pojawiaj\u0105 si\u0119 w sze\u015bciu miastach Metropolii: B\u0119dzinie, Gliwicach, Katowicach, Miko\u0142owie, Sosnowcu i Tarnowskich G\u00f3rach.<\/p>\n<h4>Zakup autobus\u00f3w i infrastruktury \u0142adowania realizowany jest w ramach Programu GEPARD II. Ca\u0142kowity koszt przedsi\u0119wzi\u0119cia to ponad 107 mln z\u0142.<\/h4>\n<p>Z tej kwoty prawie 75 mln z\u0142 pochodzi z dotacji Regionalnego Programu Operacyjnego Wojew\u00f3dztwa \u015al\u0105skiego na lata 2014-2020 oraz Narodowego Funduszu Ochrony \u015arodowiska i Gospodarki Wodnej.<\/p>\n<p><a href=\"https:\/\/www.24gliwice.pl\/wiadomosci\/wp-content\/uploads\/2023\/06\/gzm_bus_2-scaled.jpg\"><img loading=\"lazy\" decoding=\"async\" src=\"https:\/\/www.24gliwice.pl\/wiadomosci\/wp-content\/uploads\/2023\/06\/gzm_bus_2-scaled.jpg\" alt=\"\" width=\"2560\" height=\"1707\" class=\"alignnone size-full wp-image-215851\" srcset=\"https:\/\/www.24gliwice.pl\/wiadomosci\/wp-content\/uploads\/2023\/06\/gzm_bus_2-scaled.jpg 2560w, https:\/\/www.24gliwice.pl\/wiadomosci\/wp-content\/uploads\/2023\/06\/gzm_bus_2-348x232.jpg 348w, https:\/\/www.24gliwice.pl\/wiadomosci\/wp-content\/uploads\/2023\/06\/gzm_bus_2-683x455.jpg 683w, https:\/\/www.24gliwice.pl\/wiadomosci\/wp-content\/uploads\/2023\/06\/gzm_bus_2-768x512.jpg 768w, https:\/\/www.24gliwice.pl\/wiadomosci\/wp-content\/uploads\/2023\/06\/gzm_bus_2-1536x1024.jpg 1536w, https:\/\/www.24gliwice.pl\/wiadomosci\/wp-content\/uploads\/2023\/06\/gzm_bus_2-2048x1365.jpg 2048w, https:\/\/www.24gliwice.pl\/wiadomosci\/wp-content\/uploads\/2023\/06\/gzm_bus_2-810x540.jpg 810w, https:\/\/www.24gliwice.pl\/wiadomosci\/wp-content\/uploads\/2023\/06\/gzm_bus_2-1140x760.jpg 1140w\" sizes=\"auto, (max-width: 2560px) 100vw, 2560px\" \/><\/a><\/p>\n<p>Dzi\u0119ki powy\u017cszej inwestycji zwi\u0119kszy si\u0119 flota ekologicznych, niskoemisyjnych autobus\u00f3w w GZM. Przypomnijmy, \u017ce Metropolia planuje tak\u017ce zakup do 30 autobus\u00f3w nap\u0119dzanych wodorem (20 w ramach zam\u00f3wienia podstawowego oraz kolejnych maksymalnie 10 w ramach prawa opcji). Pojazdy trafi\u0105 do PKM-\u00f3w w Tychach, Katowicach i \u015awierkla\u0144cu. Aktualnie trwa badanie ofert z\u0142o\u017conych w przetargu. Docelowo autobusy nap\u0119dzane wodorem powinny pojawi\u0107 si\u0119 w Metropolii w pierwszej po\u0142owie 2024 roku. <\/p>\n<p>(mat. pras. GZM)<br \/>\nfot. mat. GZM<\/p>\n<p><a href=\"https:\/\/www.24gliwice.pl\/wiadomosci\/wp-content\/uploads\/2023\/06\/gzm_bus_3-scaled.jpg\"><img loading=\"lazy\" decoding=\"async\" src=\"https:\/\/www.24gliwice.pl\/wiadomosci\/wp-content\/uploads\/2023\/06\/gzm_bus_3-scaled.jpg\" alt=\"\" width=\"2560\" height=\"1707\" class=\"alignnone size-full wp-image-215852\" srcset=\"https:\/\/www.24gliwice.pl\/wiadomosci\/wp-content\/uploads\/2023\/06\/gzm_bus_3-scaled.jpg 2560w, https:\/\/www.24gliwice.pl\/wiadomosci\/wp-content\/uploads\/2023\/06\/gzm_bus_3-348x232.jpg 348w, https:\/\/www.24gliwice.pl\/wiadomosci\/wp-content\/uploads\/2023\/06\/gzm_bus_3-683x455.jpg 683w, https:\/\/www.24gliwice.pl\/wiadomosci\/wp-content\/uploads\/2023\/06\/gzm_bus_3-768x512.jpg 768w, https:\/\/www.24gliwice.pl\/wiadomosci\/wp-content\/uploads\/2023\/06\/gzm_bus_3-1536x1024.jpg 1536w, https:\/\/www.24gliwice.pl\/wiadomosci\/wp-content\/uploads\/2023\/06\/gzm_bus_3-2048x1365.jpg 2048w, https:\/\/www.24gliwice.pl\/wiadomosci\/wp-content\/uploads\/2023\/06\/gzm_bus_3-810x540.jpg 810w, https:\/\/www.24gliwice.pl\/wiadomosci\/wp-content\/uploads\/2023\/06\/gzm_bus_3-1140x760.jpg 1140w\" sizes=\"auto, (max-width: 2560px) 100vw, 2560px\" \/><\/a><\/p>\n<div class=\"gliwi-a5-na-koncu-artykulow gliwi-entity-placement\" id=\"gliwi-3872526782\"><div class=\"gliwi-adlabel\"><span style=\"font-size: 9px\">REKLAMA<\/span><\/div><div id=\"gliwi-1544330721\" style=\"margin-left: auto;margin-right: auto;text-align: center;\"><a data-no-instant=\"1\" href=\"https:\/\/prezeroarenagliwice.pl\/\" rel=\"noopener\" class=\"a2t-link\" target=\"_blank\" aria-label=\"20260309-PREZERO-WIOSNA-D\"><img loading=\"lazy\" decoding=\"async\" src=\"https:\/\/www.24gliwice.pl\/wiadomosci\/wp-content\/uploads\/2026\/03\/20260309-PREZERO-WIOSNA-D.webp\" alt=\"\"  srcset=\"https:\/\/www.24gliwice.pl\/wiadomosci\/wp-content\/uploads\/2026\/03\/20260309-PREZERO-WIOSNA-D.webp 750w, https:\/\/www.24gliwice.pl\/wiadomosci\/wp-content\/uploads\/2026\/03\/20260309-PREZERO-WIOSNA-D-410x109.webp 410w\" sizes=\"(max-width: 750px) 100vw, 750px\" class=\"no-lazyload\" width=\"750\" height=\"200\"  style=\"display: inline-block; max-width: 100%; height: auto;\" \/><\/a><\/div><\/div>","protected":false},"excerpt":{"rendered":"<p>Do GZM trafi\u0142y w\u0142a\u015bnie pierwsze sztuki autobus\u00f3w elektrycznych, zakupionych w ramach Programu GEPARD II. \u0141\u0105cznie Metropolia kupi\u0142a 32 pojazdy, kt\u00f3re b\u0119d\u0105 dostarczane do ko\u0144ca czerwca tego roku. R\u00f3wnolegle trwa monta\u017c infrastruktury do \u0142adowania autobus\u00f3w elektrycznych. &nbsp; Pierwsze sztuki nowoczesnych autobus\u00f3w elektrycznych trafiaj\u0105 ju\u017c do czterech metropolitalnych PKM: Katowice, Sosnowiec, Gliwice i \u015awierklaniec. To efekt umowy [&hellip;]<\/p>\n","protected":false},"author":15,"featured_media":215853,"comment_status":"open","ping_status":"closed","sticky":false,"template":"","format":"standard","meta":{"_monsterinsights_skip_tracking":false,"_monsterinsights_sitenote_active":false,"_monsterinsights_sitenote_note":"","_monsterinsights_sitenote_category":0,"footnotes":"","_links_to":"","_links_to_target":""},"categories":[3,1,8],"tags":[17032,22774],"class_list":["post-215842","post","type-post","status-publish","format-standard","has-post-thumbnail","hentry","category-gliwice","category-wszystko","category-samorzad_polityka","tag-elektryczne-autobusy","tag-transport-gzm"],"yoast_head":"<!-- This site is optimized with the Yoast SEO plugin v27.5 - https:\/\/yoast.com\/product\/yoast-seo-wordpress\/ -->\n<title>Mobilne \u0142adowarki do autobus\u00f3w i elektryczne pojazdy trafi\u0105 m.in. do PKM Gliwice. S\u0105 ju\u017c pierwsze sztuki - 24GLIWICE - Portal Gliwice | codziennie nowe informacje<\/title>\n<meta name=\"description\" content=\"Pierwsze, zam\u00f3wione przez GZM elektryczne autobusy, trafi\u0142y ju\u017c do PKM-\u00f3w, m.in. do gliwickiego. Opr\u00f3cz tego b\u0119d\u0105 te\u017c mobilne \u0142adowarki\" \/>\n<meta name=\"robots\" content=\"index, follow, max-snippet:-1, max-image-preview:large, max-video-preview:-1\" \/>\n<link rel=\"canonical\" href=\"https:\/\/www.24gliwice.pl\/wiadomosci\/mobilne-ladowarki-do-autobusow-i-elektryczne-pojazdy-trafia-m-in-do-pkm-gliwice-sa-juz-pierwsze-sztuki\/\" \/>\n<meta property=\"og:locale\" content=\"pl_PL\" \/>\n<meta property=\"og:type\" content=\"article\" \/>\n<meta property=\"og:title\" content=\"Mobilne \u0142adowarki do autobus\u00f3w i elektryczne pojazdy trafi\u0105 m.in. do PKM Gliwice. S\u0105 ju\u017c pierwsze sztuki - 24GLIWICE - Portal Gliwice | codziennie nowe informacje\" \/>\n<meta property=\"og:description\" content=\"Pierwsze, zam\u00f3wione przez GZM elektryczne autobusy, trafi\u0142y ju\u017c do PKM-\u00f3w, m.in. do gliwickiego. Opr\u00f3cz tego b\u0119d\u0105 te\u017c mobilne \u0142adowarki\" \/>\n<meta property=\"og:url\" content=\"https:\/\/www.24gliwice.pl\/wiadomosci\/mobilne-ladowarki-do-autobusow-i-elektryczne-pojazdy-trafia-m-in-do-pkm-gliwice-sa-juz-pierwsze-sztuki\/\" \/>\n<meta property=\"og:site_name\" content=\"24GLIWICE - Portal Gliwice | codziennie nowe informacje\" \/>\n<meta property=\"article:publisher\" content=\"https:\/\/www.facebook.com\/24gliwice\" \/>\n<meta property=\"article:published_time\" content=\"2023-06-05T12:12:07+00:00\" \/>\n<meta property=\"og:image\" content=\"https:\/\/www.24gliwice.pl\/wiadomosci\/wp-content\/uploads\/2023\/06\/gzm_bus_4.png-001.jpg\" \/>\n\t<meta property=\"og:image:width\" content=\"810\" \/>\n\t<meta property=\"og:image:height\" content=\"456\" \/>\n\t<meta property=\"og:image:type\" content=\"image\/jpeg\" \/>\n<meta name=\"author\" content=\"\u017baneta Mrozek-Siewierska\" \/>\n<meta name=\"twitter:card\" content=\"summary_large_image\" \/>\n<meta name=\"twitter:creator\" content=\"@24gliwice\" \/>\n<meta name=\"twitter:site\" content=\"@24gliwice\" \/>\n<meta name=\"twitter:label1\" content=\"Napisane przez\" \/>\n\t<meta name=\"twitter:data1\" content=\"\u017baneta Mrozek-Siewierska\" \/>\n\t<meta name=\"twitter:label2\" content=\"Szacowany czas czytania\" \/>\n\t<meta name=\"twitter:data2\" content=\"3 minuty\" \/>\n<script type=\"application\/ld+json\" class=\"yoast-schema-graph\">{\"@context\":\"https:\\\/\\\/schema.org\",\"@graph\":[{\"@type\":\"Article\",\"@id\":\"https:\\\/\\\/www.24gliwice.pl\\\/wiadomosci\\\/mobilne-ladowarki-do-autobusow-i-elektryczne-pojazdy-trafia-m-in-do-pkm-gliwice-sa-juz-pierwsze-sztuki\\\/#article\",\"isPartOf\":{\"@id\":\"https:\\\/\\\/www.24gliwice.pl\\\/wiadomosci\\\/mobilne-ladowarki-do-autobusow-i-elektryczne-pojazdy-trafia-m-in-do-pkm-gliwice-sa-juz-pierwsze-sztuki\\\/\"},\"author\":{\"name\":\"\u017baneta Mrozek-Siewierska\",\"@id\":\"https:\\\/\\\/www.24gliwice.pl\\\/wiadomosci\\\/#\\\/schema\\\/person\\\/e42c650edd7f2fa332be3811fb166b6e\"},\"headline\":\"Mobilne \u0142adowarki do autobus\u00f3w i elektryczne pojazdy trafi\u0105 m.in. do PKM Gliwice. S\u0105 ju\u017c pierwsze sztuki\",\"datePublished\":\"2023-06-05T12:12:07+00:00\",\"mainEntityOfPage\":{\"@id\":\"https:\\\/\\\/www.24gliwice.pl\\\/wiadomosci\\\/mobilne-ladowarki-do-autobusow-i-elektryczne-pojazdy-trafia-m-in-do-pkm-gliwice-sa-juz-pierwsze-sztuki\\\/\"},\"wordCount\":369,\"commentCount\":0,\"publisher\":{\"@id\":\"https:\\\/\\\/www.24gliwice.pl\\\/wiadomosci\\\/#organization\"},\"image\":{\"@id\":\"https:\\\/\\\/www.24gliwice.pl\\\/wiadomosci\\\/mobilne-ladowarki-do-autobusow-i-elektryczne-pojazdy-trafia-m-in-do-pkm-gliwice-sa-juz-pierwsze-sztuki\\\/#primaryimage\"},\"thumbnailUrl\":\"https:\\\/\\\/www.24gliwice.pl\\\/wiadomosci\\\/wp-content\\\/uploads\\\/2023\\\/06\\\/gzm_bus_4.png-001.jpg\",\"keywords\":[\"elektryczne autobusy\",\"transport GZM\"],\"articleSection\":[\"Gliwice\",\"Najnowsze wiadomo\u015bci\",\"Samorz\u0105d, polityka\"],\"inLanguage\":\"pl-PL\",\"potentialAction\":[{\"@type\":\"CommentAction\",\"name\":\"Comment\",\"target\":[\"https:\\\/\\\/www.24gliwice.pl\\\/wiadomosci\\\/mobilne-ladowarki-do-autobusow-i-elektryczne-pojazdy-trafia-m-in-do-pkm-gliwice-sa-juz-pierwsze-sztuki\\\/#respond\"]}]},{\"@type\":\"WebPage\",\"@id\":\"https:\\\/\\\/www.24gliwice.pl\\\/wiadomosci\\\/mobilne-ladowarki-do-autobusow-i-elektryczne-pojazdy-trafia-m-in-do-pkm-gliwice-sa-juz-pierwsze-sztuki\\\/\",\"url\":\"https:\\\/\\\/www.24gliwice.pl\\\/wiadomosci\\\/mobilne-ladowarki-do-autobusow-i-elektryczne-pojazdy-trafia-m-in-do-pkm-gliwice-sa-juz-pierwsze-sztuki\\\/\",\"name\":\"Mobilne \u0142adowarki do autobus\u00f3w i elektryczne pojazdy trafi\u0105 m.in. do PKM Gliwice. S\u0105 ju\u017c pierwsze sztuki - 24GLIWICE - Portal Gliwice | codziennie nowe informacje\",\"isPartOf\":{\"@id\":\"https:\\\/\\\/www.24gliwice.pl\\\/wiadomosci\\\/#website\"},\"primaryImageOfPage\":{\"@id\":\"https:\\\/\\\/www.24gliwice.pl\\\/wiadomosci\\\/mobilne-ladowarki-do-autobusow-i-elektryczne-pojazdy-trafia-m-in-do-pkm-gliwice-sa-juz-pierwsze-sztuki\\\/#primaryimage\"},\"image\":{\"@id\":\"https:\\\/\\\/www.24gliwice.pl\\\/wiadomosci\\\/mobilne-ladowarki-do-autobusow-i-elektryczne-pojazdy-trafia-m-in-do-pkm-gliwice-sa-juz-pierwsze-sztuki\\\/#primaryimage\"},\"thumbnailUrl\":\"https:\\\/\\\/www.24gliwice.pl\\\/wiadomosci\\\/wp-content\\\/uploads\\\/2023\\\/06\\\/gzm_bus_4.png-001.jpg\",\"datePublished\":\"2023-06-05T12:12:07+00:00\",\"description\":\"Pierwsze, zam\u00f3wione przez GZM elektryczne autobusy, trafi\u0142y ju\u017c do PKM-\u00f3w, m.in. do gliwickiego. Opr\u00f3cz tego b\u0119d\u0105 te\u017c mobilne \u0142adowarki\",\"breadcrumb\":{\"@id\":\"https:\\\/\\\/www.24gliwice.pl\\\/wiadomosci\\\/mobilne-ladowarki-do-autobusow-i-elektryczne-pojazdy-trafia-m-in-do-pkm-gliwice-sa-juz-pierwsze-sztuki\\\/#breadcrumb\"},\"inLanguage\":\"pl-PL\",\"potentialAction\":[{\"@type\":\"ReadAction\",\"target\":[\"https:\\\/\\\/www.24gliwice.pl\\\/wiadomosci\\\/mobilne-ladowarki-do-autobusow-i-elektryczne-pojazdy-trafia-m-in-do-pkm-gliwice-sa-juz-pierwsze-sztuki\\\/\"]}]},{\"@type\":\"ImageObject\",\"inLanguage\":\"pl-PL\",\"@id\":\"https:\\\/\\\/www.24gliwice.pl\\\/wiadomosci\\\/mobilne-ladowarki-do-autobusow-i-elektryczne-pojazdy-trafia-m-in-do-pkm-gliwice-sa-juz-pierwsze-sztuki\\\/#primaryimage\",\"url\":\"https:\\\/\\\/www.24gliwice.pl\\\/wiadomosci\\\/wp-content\\\/uploads\\\/2023\\\/06\\\/gzm_bus_4.png-001.jpg\",\"contentUrl\":\"https:\\\/\\\/www.24gliwice.pl\\\/wiadomosci\\\/wp-content\\\/uploads\\\/2023\\\/06\\\/gzm_bus_4.png-001.jpg\",\"width\":810,\"height\":456},{\"@type\":\"BreadcrumbList\",\"@id\":\"https:\\\/\\\/www.24gliwice.pl\\\/wiadomosci\\\/mobilne-ladowarki-do-autobusow-i-elektryczne-pojazdy-trafia-m-in-do-pkm-gliwice-sa-juz-pierwsze-sztuki\\\/#breadcrumb\",\"itemListElement\":[{\"@type\":\"ListItem\",\"position\":1,\"name\":\"Strona g\u0142\u00f3wna\",\"item\":\"https:\\\/\\\/www.24gliwice.pl\\\/wiadomosci\\\/\"},{\"@type\":\"ListItem\",\"position\":2,\"name\":\"Mobilne \u0142adowarki do autobus\u00f3w i elektryczne pojazdy trafi\u0105 m.in. do PKM Gliwice. S\u0105 ju\u017c pierwsze sztuki\"}]},{\"@type\":\"WebSite\",\"@id\":\"https:\\\/\\\/www.24gliwice.pl\\\/wiadomosci\\\/#website\",\"url\":\"https:\\\/\\\/www.24gliwice.pl\\\/wiadomosci\\\/\",\"name\":\"24GLIWICE - Portal Gliwice | codziennie nowe wiadomo\u015bci\",\"description\":\"Portal Miejski Gliwice\",\"publisher\":{\"@id\":\"https:\\\/\\\/www.24gliwice.pl\\\/wiadomosci\\\/#organization\"},\"potentialAction\":[{\"@type\":\"SearchAction\",\"target\":{\"@type\":\"EntryPoint\",\"urlTemplate\":\"https:\\\/\\\/www.24gliwice.pl\\\/wiadomosci\\\/?s={search_term_string}\"},\"query-input\":{\"@type\":\"PropertyValueSpecification\",\"valueRequired\":true,\"valueName\":\"search_term_string\"}}],\"inLanguage\":\"pl-PL\"},{\"@type\":\"Organization\",\"@id\":\"https:\\\/\\\/www.24gliwice.pl\\\/wiadomosci\\\/#organization\",\"name\":\"24gliwice\",\"url\":\"https:\\\/\\\/www.24gliwice.pl\\\/wiadomosci\\\/\",\"logo\":{\"@type\":\"ImageObject\",\"inLanguage\":\"pl-PL\",\"@id\":\"https:\\\/\\\/www.24gliwice.pl\\\/wiadomosci\\\/#\\\/schema\\\/logo\\\/image\\\/\",\"url\":\"https:\\\/\\\/www.24gliwice.pl\\\/wiadomosci\\\/wp-content\\\/uploads\\\/2024\\\/10\\\/24gliwice-logo-696.jpg\",\"contentUrl\":\"https:\\\/\\\/www.24gliwice.pl\\\/wiadomosci\\\/wp-content\\\/uploads\\\/2024\\\/10\\\/24gliwice-logo-696.jpg\",\"width\":696,\"height\":696,\"caption\":\"24gliwice\"},\"image\":{\"@id\":\"https:\\\/\\\/www.24gliwice.pl\\\/wiadomosci\\\/#\\\/schema\\\/logo\\\/image\\\/\"},\"sameAs\":[\"https:\\\/\\\/www.facebook.com\\\/24gliwice\",\"https:\\\/\\\/x.com\\\/24gliwice\",\"https:\\\/\\\/www.youtube.com\\\/@24gliwice\"]},{\"@type\":\"Person\",\"@id\":\"https:\\\/\\\/www.24gliwice.pl\\\/wiadomosci\\\/#\\\/schema\\\/person\\\/e42c650edd7f2fa332be3811fb166b6e\",\"name\":\"\u017baneta Mrozek-Siewierska\",\"image\":{\"@type\":\"ImageObject\",\"inLanguage\":\"pl-PL\",\"@id\":\"https:\\\/\\\/secure.gravatar.com\\\/avatar\\\/1881429e9c64597c77ad7aef2d0a19be69a3253e57534d16aa15bf3a4d34a0a3?s=96&d=mm&r=g\",\"url\":\"https:\\\/\\\/secure.gravatar.com\\\/avatar\\\/1881429e9c64597c77ad7aef2d0a19be69a3253e57534d16aa15bf3a4d34a0a3?s=96&d=mm&r=g\",\"contentUrl\":\"https:\\\/\\\/secure.gravatar.com\\\/avatar\\\/1881429e9c64597c77ad7aef2d0a19be69a3253e57534d16aa15bf3a4d34a0a3?s=96&d=mm&r=g\",\"caption\":\"\u017baneta Mrozek-Siewierska\"},\"url\":\"https:\\\/\\\/www.24gliwice.pl\\\/wiadomosci\\\/author\\\/zms\\\/\"}]}<\/script>\n<!-- \/ Yoast SEO plugin. -->","yoast_head_json":{"title":"Mobilne \u0142adowarki do autobus\u00f3w i elektryczne pojazdy trafi\u0105 m.in. do PKM Gliwice. S\u0105 ju\u017c pierwsze sztuki - 24GLIWICE - Portal Gliwice | codziennie nowe informacje","description":"Pierwsze, zam\u00f3wione przez GZM elektryczne autobusy, trafi\u0142y ju\u017c do PKM-\u00f3w, m.in. do gliwickiego. Opr\u00f3cz tego b\u0119d\u0105 te\u017c mobilne \u0142adowarki","robots":{"index":"index","follow":"follow","max-snippet":"max-snippet:-1","max-image-preview":"max-image-preview:large","max-video-preview":"max-video-preview:-1"},"canonical":"https:\/\/www.24gliwice.pl\/wiadomosci\/mobilne-ladowarki-do-autobusow-i-elektryczne-pojazdy-trafia-m-in-do-pkm-gliwice-sa-juz-pierwsze-sztuki\/","og_locale":"pl_PL","og_type":"article","og_title":"Mobilne \u0142adowarki do autobus\u00f3w i elektryczne pojazdy trafi\u0105 m.in. do PKM Gliwice. S\u0105 ju\u017c pierwsze sztuki - 24GLIWICE - Portal Gliwice | codziennie nowe informacje","og_description":"Pierwsze, zam\u00f3wione przez GZM elektryczne autobusy, trafi\u0142y ju\u017c do PKM-\u00f3w, m.in. do gliwickiego. Opr\u00f3cz tego b\u0119d\u0105 te\u017c mobilne \u0142adowarki","og_url":"https:\/\/www.24gliwice.pl\/wiadomosci\/mobilne-ladowarki-do-autobusow-i-elektryczne-pojazdy-trafia-m-in-do-pkm-gliwice-sa-juz-pierwsze-sztuki\/","og_site_name":"24GLIWICE - Portal Gliwice | codziennie nowe informacje","article_publisher":"https:\/\/www.facebook.com\/24gliwice","article_published_time":"2023-06-05T12:12:07+00:00","og_image":[{"width":810,"height":456,"url":"https:\/\/www.24gliwice.pl\/wiadomosci\/wp-content\/uploads\/2023\/06\/gzm_bus_4.png-001.jpg","type":"image\/jpeg"}],"author":"\u017baneta Mrozek-Siewierska","twitter_card":"summary_large_image","twitter_creator":"@24gliwice","twitter_site":"@24gliwice","twitter_misc":{"Napisane przez":"\u017baneta Mrozek-Siewierska","Szacowany czas czytania":"3 minuty"},"schema":{"@context":"https:\/\/schema.org","@graph":[{"@type":"Article","@id":"https:\/\/www.24gliwice.pl\/wiadomosci\/mobilne-ladowarki-do-autobusow-i-elektryczne-pojazdy-trafia-m-in-do-pkm-gliwice-sa-juz-pierwsze-sztuki\/#article","isPartOf":{"@id":"https:\/\/www.24gliwice.pl\/wiadomosci\/mobilne-ladowarki-do-autobusow-i-elektryczne-pojazdy-trafia-m-in-do-pkm-gliwice-sa-juz-pierwsze-sztuki\/"},"author":{"name":"\u017baneta Mrozek-Siewierska","@id":"https:\/\/www.24gliwice.pl\/wiadomosci\/#\/schema\/person\/e42c650edd7f2fa332be3811fb166b6e"},"headline":"Mobilne \u0142adowarki do autobus\u00f3w i elektryczne pojazdy trafi\u0105 m.in. do PKM Gliwice. S\u0105 ju\u017c pierwsze sztuki","datePublished":"2023-06-05T12:12:07+00:00","mainEntityOfPage":{"@id":"https:\/\/www.24gliwice.pl\/wiadomosci\/mobilne-ladowarki-do-autobusow-i-elektryczne-pojazdy-trafia-m-in-do-pkm-gliwice-sa-juz-pierwsze-sztuki\/"},"wordCount":369,"commentCount":0,"publisher":{"@id":"https:\/\/www.24gliwice.pl\/wiadomosci\/#organization"},"image":{"@id":"https:\/\/www.24gliwice.pl\/wiadomosci\/mobilne-ladowarki-do-autobusow-i-elektryczne-pojazdy-trafia-m-in-do-pkm-gliwice-sa-juz-pierwsze-sztuki\/#primaryimage"},"thumbnailUrl":"https:\/\/www.24gliwice.pl\/wiadomosci\/wp-content\/uploads\/2023\/06\/gzm_bus_4.png-001.jpg","keywords":["elektryczne autobusy","transport GZM"],"articleSection":["Gliwice","Najnowsze wiadomo\u015bci","Samorz\u0105d, polityka"],"inLanguage":"pl-PL","potentialAction":[{"@type":"CommentAction","name":"Comment","target":["https:\/\/www.24gliwice.pl\/wiadomosci\/mobilne-ladowarki-do-autobusow-i-elektryczne-pojazdy-trafia-m-in-do-pkm-gliwice-sa-juz-pierwsze-sztuki\/#respond"]}]},{"@type":"WebPage","@id":"https:\/\/www.24gliwice.pl\/wiadomosci\/mobilne-ladowarki-do-autobusow-i-elektryczne-pojazdy-trafia-m-in-do-pkm-gliwice-sa-juz-pierwsze-sztuki\/","url":"https:\/\/www.24gliwice.pl\/wiadomosci\/mobilne-ladowarki-do-autobusow-i-elektryczne-pojazdy-trafia-m-in-do-pkm-gliwice-sa-juz-pierwsze-sztuki\/","name":"Mobilne \u0142adowarki do autobus\u00f3w i elektryczne pojazdy trafi\u0105 m.in. do PKM Gliwice. S\u0105 ju\u017c pierwsze sztuki - 24GLIWICE - Portal Gliwice | codziennie nowe informacje","isPartOf":{"@id":"https:\/\/www.24gliwice.pl\/wiadomosci\/#website"},"primaryImageOfPage":{"@id":"https:\/\/www.24gliwice.pl\/wiadomosci\/mobilne-ladowarki-do-autobusow-i-elektryczne-pojazdy-trafia-m-in-do-pkm-gliwice-sa-juz-pierwsze-sztuki\/#primaryimage"},"image":{"@id":"https:\/\/www.24gliwice.pl\/wiadomosci\/mobilne-ladowarki-do-autobusow-i-elektryczne-pojazdy-trafia-m-in-do-pkm-gliwice-sa-juz-pierwsze-sztuki\/#primaryimage"},"thumbnailUrl":"https:\/\/www.24gliwice.pl\/wiadomosci\/wp-content\/uploads\/2023\/06\/gzm_bus_4.png-001.jpg","datePublished":"2023-06-05T12:12:07+00:00","description":"Pierwsze, zam\u00f3wione przez GZM elektryczne autobusy, trafi\u0142y ju\u017c do PKM-\u00f3w, m.in. do gliwickiego. Opr\u00f3cz tego b\u0119d\u0105 te\u017c mobilne \u0142adowarki","breadcrumb":{"@id":"https:\/\/www.24gliwice.pl\/wiadomosci\/mobilne-ladowarki-do-autobusow-i-elektryczne-pojazdy-trafia-m-in-do-pkm-gliwice-sa-juz-pierwsze-sztuki\/#breadcrumb"},"inLanguage":"pl-PL","potentialAction":[{"@type":"ReadAction","target":["https:\/\/www.24gliwice.pl\/wiadomosci\/mobilne-ladowarki-do-autobusow-i-elektryczne-pojazdy-trafia-m-in-do-pkm-gliwice-sa-juz-pierwsze-sztuki\/"]}]},{"@type":"ImageObject","inLanguage":"pl-PL","@id":"https:\/\/www.24gliwice.pl\/wiadomosci\/mobilne-ladowarki-do-autobusow-i-elektryczne-pojazdy-trafia-m-in-do-pkm-gliwice-sa-juz-pierwsze-sztuki\/#primaryimage","url":"https:\/\/www.24gliwice.pl\/wiadomosci\/wp-content\/uploads\/2023\/06\/gzm_bus_4.png-001.jpg","contentUrl":"https:\/\/www.24gliwice.pl\/wiadomosci\/wp-content\/uploads\/2023\/06\/gzm_bus_4.png-001.jpg","width":810,"height":456},{"@type":"BreadcrumbList","@id":"https:\/\/www.24gliwice.pl\/wiadomosci\/mobilne-ladowarki-do-autobusow-i-elektryczne-pojazdy-trafia-m-in-do-pkm-gliwice-sa-juz-pierwsze-sztuki\/#breadcrumb","itemListElement":[{"@type":"ListItem","position":1,"name":"Strona g\u0142\u00f3wna","item":"https:\/\/www.24gliwice.pl\/wiadomosci\/"},{"@type":"ListItem","position":2,"name":"Mobilne \u0142adowarki do autobus\u00f3w i elektryczne pojazdy trafi\u0105 m.in. do PKM Gliwice. S\u0105 ju\u017c pierwsze sztuki"}]},{"@type":"WebSite","@id":"https:\/\/www.24gliwice.pl\/wiadomosci\/#website","url":"https:\/\/www.24gliwice.pl\/wiadomosci\/","name":"24GLIWICE - Portal Gliwice | codziennie nowe wiadomo\u015bci","description":"Portal Miejski Gliwice","publisher":{"@id":"https:\/\/www.24gliwice.pl\/wiadomosci\/#organization"},"potentialAction":[{"@type":"SearchAction","target":{"@type":"EntryPoint","urlTemplate":"https:\/\/www.24gliwice.pl\/wiadomosci\/?s={search_term_string}"},"query-input":{"@type":"PropertyValueSpecification","valueRequired":true,"valueName":"search_term_string"}}],"inLanguage":"pl-PL"},{"@type":"Organization","@id":"https:\/\/www.24gliwice.pl\/wiadomosci\/#organization","name":"24gliwice","url":"https:\/\/www.24gliwice.pl\/wiadomosci\/","logo":{"@type":"ImageObject","inLanguage":"pl-PL","@id":"https:\/\/www.24gliwice.pl\/wiadomosci\/#\/schema\/logo\/image\/","url":"https:\/\/www.24gliwice.pl\/wiadomosci\/wp-content\/uploads\/2024\/10\/24gliwice-logo-696.jpg","contentUrl":"https:\/\/www.24gliwice.pl\/wiadomosci\/wp-content\/uploads\/2024\/10\/24gliwice-logo-696.jpg","width":696,"height":696,"caption":"24gliwice"},"image":{"@id":"https:\/\/www.24gliwice.pl\/wiadomosci\/#\/schema\/logo\/image\/"},"sameAs":["https:\/\/www.facebook.com\/24gliwice","https:\/\/x.com\/24gliwice","https:\/\/www.youtube.com\/@24gliwice"]},{"@type":"Person","@id":"https:\/\/www.24gliwice.pl\/wiadomosci\/#\/schema\/person\/e42c650edd7f2fa332be3811fb166b6e","name":"\u017baneta Mrozek-Siewierska","image":{"@type":"ImageObject","inLanguage":"pl-PL","@id":"https:\/\/secure.gravatar.com\/avatar\/1881429e9c64597c77ad7aef2d0a19be69a3253e57534d16aa15bf3a4d34a0a3?s=96&d=mm&r=g","url":"https:\/\/secure.gravatar.com\/avatar\/1881429e9c64597c77ad7aef2d0a19be69a3253e57534d16aa15bf3a4d34a0a3?s=96&d=mm&r=g","contentUrl":"https:\/\/secure.gravatar.com\/avatar\/1881429e9c64597c77ad7aef2d0a19be69a3253e57534d16aa15bf3a4d34a0a3?s=96&d=mm&r=g","caption":"\u017baneta Mrozek-Siewierska"},"url":"https:\/\/www.24gliwice.pl\/wiadomosci\/author\/zms\/"}]}},"_links":{"self":[{"href":"https:\/\/www.24gliwice.pl\/wiadomosci\/wp-json\/wp\/v2\/posts\/215842","targetHints":{"allow":["GET"]}}],"collection":[{"href":"https:\/\/www.24gliwice.pl\/wiadomosci\/wp-json\/wp\/v2\/posts"}],"about":[{"href":"https:\/\/www.24gliwice.pl\/wiadomosci\/wp-json\/wp\/v2\/types\/post"}],"author":[{"embeddable":true,"href":"https:\/\/www.24gliwice.pl\/wiadomosci\/wp-json\/wp\/v2\/users\/15"}],"replies":[{"embeddable":true,"href":"https:\/\/www.24gliwice.pl\/wiadomosci\/wp-json\/wp\/v2\/comments?post=215842"}],"version-history":[{"count":0,"href":"https:\/\/www.24gliwice.pl\/wiadomosci\/wp-json\/wp\/v2\/posts\/215842\/revisions"}],"wp:featuredmedia":[{"embeddable":true,"href":"https:\/\/www.24gliwice.pl\/wiadomosci\/wp-json\/wp\/v2\/media\/215853"}],"wp:attachment":[{"href":"https:\/\/www.24gliwice.pl\/wiadomosci\/wp-json\/wp\/v2\/media?parent=215842"}],"wp:term":[{"taxonomy":"category","embeddable":true,"href":"https:\/\/www.24gliwice.pl\/wiadomosci\/wp-json\/wp\/v2\/categories?post=215842"},{"taxonomy":"post_tag","embeddable":true,"href":"https:\/\/www.24gliwice.pl\/wiadomosci\/wp-json\/wp\/v2\/tags?post=215842"}],"curies":[{"name":"wp","href":"https:\/\/api.w.org\/{rel}","templated":true}]}}