{"id":219116,"date":"2023-08-02T07:35:11","date_gmt":"2023-08-02T05:35:11","guid":{"rendered":"https:\/\/www.24gliwice.pl\/wiadomosci\/?p=219116"},"modified":"2023-08-01T22:40:39","modified_gmt":"2023-08-01T20:40:39","slug":"zle-zaparkowal-rzucal-miesem-w-obecnosci-straznikow-zakonczylo-sie-to-spora-grzywna-dla-kierujacego","status":"publish","type":"post","link":"https:\/\/www.24gliwice.pl\/wiadomosci\/zle-zaparkowal-rzucal-miesem-w-obecnosci-straznikow-zakonczylo-sie-to-spora-grzywna-dla-kierujacego\/","title":{"rendered":"\u0179le zaparkowa\u0142, &#8220;rzuca\u0142 mi\u0119sem&#8221; w obecno\u015bci stra\u017cnik\u00f3w&#8230; Zako\u0144czy\u0142o si\u0119 to spor\u0105 grzywn\u0105 dla &#8220;kieruj\u0105cego&#8221;"},"content":{"rendered":"<div class=\"gliwi-a6-nad-leadem-artykulow gliwi-entity-placement\" id=\"gliwi-2849109519\"><div class=\"gliwi-adlabel\"><span style=\"font-size: 9px\">REKLAMA<\/span><\/div><div id=\"gliwi-1913824354\" style=\"margin-bottom: 25px;margin-left: auto;margin-right: auto;text-align: center;\"><a data-no-instant=\"1\" href=\"https:\/\/dom100.eu\/\" rel=\"noopener\" class=\"a2t-link\" target=\"_blank\" aria-label=\"20260415 DOM100 D\"><img loading=\"lazy\" decoding=\"async\" src=\"https:\/\/www.24gliwice.pl\/wiadomosci\/wp-content\/uploads\/2026\/04\/20260415-DOM100-D.jpg\" alt=\"\"  srcset=\"https:\/\/www.24gliwice.pl\/wiadomosci\/wp-content\/uploads\/2026\/04\/20260415-DOM100-D.jpg 750w, https:\/\/www.24gliwice.pl\/wiadomosci\/wp-content\/uploads\/2026\/04\/20260415-DOM100-D-410x109.jpg 410w\" sizes=\"(max-width: 750px) 100vw, 750px\" class=\"no-lazyload\" width=\"750\" height=\"200\"  style=\"display: inline-block; max-width: 100%; height: auto;\" \/><\/a><\/div><\/div><h2>Pewien kierowca nie tylko zignorowa\u0142 znaki i przepisy, ale w obecno\u015bci stra\u017cy miejskiej zacz\u0105\u0142 u\u017cywa\u0107 obra\u017aliwych s\u0142\u00f3w. To nie koniec. Okaza\u0142o si\u0119, \u017ce m\u0119\u017cczyzna je\u017adzi\u0142 autem mimo braku stosownych uprawnie\u0144. S\u0142ono go to wszystko kosztowa\u0142o.<\/h2>\n<p>&nbsp;<br \/>\nBy\u0107 mo\u017ce, nie maj\u0105c prawa jazdy, kierowca ten po prostu przepis\u00f3w nie zna\u0142 &#8211; nie zmienia to faktu, \u017ce sprowadzi\u0142 w ten spos\u00f3b na siebie k\u0142opoty. A \u017ce przy okazji przys\u0142owiowo &#8220;rzuci\u0142 mi\u0119sem&#8221; zap\u0142aci blisko 3 tysi\u0105ce z\u0142otych &#8211; \u0142\u0105cznie: kar i s\u0105dowych koszt\u00f3w. <\/p>\n<blockquote><p><em>Interwencja jakich wiele w naszej pracy. Nieprawid\u0142owo zaparkowany pojazd (niestosowanie si\u0119 do znaku B-36 \u201ezakaz zatrzymywania\u201d i zatrzymanie si\u0119 w odleg\u0142o\u015bci mniejszej ni\u017c 10 metr\u00f3w od skrzy\u017cowania). Rozstrzygni\u0119cie wydawa\u0142o si\u0119 proste. Niestety im dalej (tym gorzej dla kieruj\u0105cego)<\/em> <\/p><\/blockquote>\n<p>&#8211; rozpoczyna stra\u017c miejska. <\/p><div class=\"gliwi-a3-w-tresci-artykulow gliwi-entity-placement\" id=\"gliwi-1740307064\"><div class=\"gliwi-adlabel\"><span style=\"font-size: 9px\">REKLAMA<\/span><\/div><div id=\"gliwi-888841806\" style=\"margin-bottom: 30px;margin-left: auto;margin-right: auto;text-align: center;\"><a data-no-instant=\"1\" href=\"https:\/\/ogrodyandersa.pl\/\" rel=\"noopener\" class=\"a2t-link\" target=\"_blank\" aria-label=\"20260415 Ogrody Andersa KUP TERAZ D\"><img loading=\"lazy\" decoding=\"async\" src=\"https:\/\/www.24gliwice.pl\/wiadomosci\/wp-content\/uploads\/2026\/04\/20260415-Ogrody-Andersa-KUP-TERAZ-D.jpg\" alt=\"\"  srcset=\"https:\/\/www.24gliwice.pl\/wiadomosci\/wp-content\/uploads\/2026\/04\/20260415-Ogrody-Andersa-KUP-TERAZ-D.jpg 750w, https:\/\/www.24gliwice.pl\/wiadomosci\/wp-content\/uploads\/2026\/04\/20260415-Ogrody-Andersa-KUP-TERAZ-D-410x109.jpg 410w\" sizes=\"(max-width: 750px) 100vw, 750px\" class=\"no-lazyload\" width=\"750\" height=\"200\"  style=\"display: inline-block; max-width: 100%; height: auto;\" \/><\/a><\/div><\/div>\n<p>&#8211; <em>Ten bowiem, nie przyjmowa\u0142 do wiadomo\u015bci faktu pope\u0142nienia dw\u00f3ch wykrocze\u0144. Dodatkowo swoje zdenerwowanie okazywa\u0142, u\u017cywaj\u0105c publicznie, wielu s\u0142\u00f3w powszechnie uznawanych za obra\u017aliwe. Jego sytuacj\u0119 pogorszy\u0142 brak uprawnie\u0144 do kierowania pojazdami mechanicznymi<\/em> &#8211; dodaje. Tym samym m\u0119\u017cczyzna ten pope\u0142ni\u0142 wykroczenia z art. <strong>92 \u00a7 1, 97, 141 i 94<\/strong> Kodeksu wykrocze\u0144<\/p>\n<p>Sprawa trafi\u0142a do S\u0105du, kt\u00f3ry w post\u0119powaniu nakazowym ukara\u0142 m\u0119\u017cczyzn\u0119 grzywn\u0105 w wysoko\u015bci 2,5 tys. z\u0142, wymierzy\u0142 zakaz prowadzenia pojazd\u00f3w mechanicznych na okres 6 miesi\u0119cy oraz obci\u0105\u017cy\u0142 kosztami w kwocie \u0142\u0105cznej 320 z\u0142. <\/p>\n<p>(\u017cms)\/SM Gliwice<br \/>\nfot. arch. 24gliwice.pl<\/p>\n<div class=\"gliwi-a5-na-koncu-artykulow gliwi-entity-placement\" id=\"gliwi-3857211480\"><div class=\"gliwi-adlabel\"><span style=\"font-size: 9px\">REKLAMA<\/span><\/div><div id=\"gliwi-1114682724\" style=\"margin-left: auto;margin-right: auto;text-align: center;\"><a data-no-instant=\"1\" href=\"https:\/\/prezeroarenagliwice.pl\/\" rel=\"noopener\" class=\"a2t-link\" target=\"_blank\" aria-label=\"20260309-PREZERO-WIOSNA-D\"><img loading=\"lazy\" decoding=\"async\" src=\"https:\/\/www.24gliwice.pl\/wiadomosci\/wp-content\/uploads\/2026\/03\/20260309-PREZERO-WIOSNA-D.webp\" alt=\"\"  srcset=\"https:\/\/www.24gliwice.pl\/wiadomosci\/wp-content\/uploads\/2026\/03\/20260309-PREZERO-WIOSNA-D.webp 750w, https:\/\/www.24gliwice.pl\/wiadomosci\/wp-content\/uploads\/2026\/03\/20260309-PREZERO-WIOSNA-D-410x109.webp 410w\" sizes=\"(max-width: 750px) 100vw, 750px\" class=\"no-lazyload\" width=\"750\" height=\"200\"  style=\"display: inline-block; max-width: 100%; height: auto;\" \/><\/a><\/div><\/div>","protected":false},"excerpt":{"rendered":"<p>Pewien kierowca nie tylko zignorowa\u0142 znaki i przepisy, ale w obecno\u015bci stra\u017cy miejskiej zacz\u0105\u0142 u\u017cywa\u0107 obra\u017aliwych s\u0142\u00f3w. To nie koniec. Okaza\u0142o si\u0119, \u017ce m\u0119\u017cczyzna je\u017adzi\u0142 autem mimo braku stosownych uprawnie\u0144. S\u0142ono go to wszystko kosztowa\u0142o. &nbsp; By\u0107 mo\u017ce, nie maj\u0105c prawa jazdy, kierowca ten po prostu przepis\u00f3w nie zna\u0142 &#8211; nie zmienia to faktu, \u017ce [&hellip;]<\/p>\n","protected":false},"author":15,"featured_media":129382,"comment_status":"open","ping_status":"closed","sticky":false,"template":"","format":"standard","meta":{"_monsterinsights_skip_tracking":false,"_monsterinsights_sitenote_active":false,"_monsterinsights_sitenote_note":"","_monsterinsights_sitenote_category":0,"footnotes":"","_links_to":"","_links_to_target":""},"categories":[3,1,5],"tags":[8520,1165],"class_list":["post-219116","post","type-post","status-publish","format-standard","has-post-thumbnail","hentry","category-gliwice","category-wszystko","category-kryminalki","tag-grzywna","tag-straz-miejska"],"yoast_head":"<!-- This site is optimized with the Yoast SEO plugin v27.5 - https:\/\/yoast.com\/product\/yoast-seo-wordpress\/ -->\n<title>\u0179le zaparkowa\u0142, &quot;rzuca\u0142 mi\u0119sem&quot; w obecno\u015bci stra\u017cnik\u00f3w... Zako\u0144czy\u0142o si\u0119 to spor\u0105 grzywn\u0105 dla &quot;kieruj\u0105cego&quot; - 24GLIWICE - Portal Gliwice | codziennie nowe informacje<\/title>\n<meta name=\"description\" content=\"Pewien m\u0119\u017cczyzna \u017ale zaparkowa\u0142, \u015bci\u0105gaj\u0105c na siebie k\u0142opoty, pope\u0142nionych przez niego wykrocze\u0144 by\u0142o bowiem wi\u0119cej. Ukarano go 3 tys. grzywny\" \/>\n<meta name=\"robots\" content=\"index, follow, max-snippet:-1, max-image-preview:large, max-video-preview:-1\" \/>\n<link rel=\"canonical\" href=\"https:\/\/www.24gliwice.pl\/wiadomosci\/zle-zaparkowal-rzucal-miesem-w-obecnosci-straznikow-zakonczylo-sie-to-spora-grzywna-dla-kierujacego\/\" \/>\n<meta property=\"og:locale\" content=\"pl_PL\" \/>\n<meta property=\"og:type\" content=\"article\" \/>\n<meta property=\"og:title\" content=\"\u0179le zaparkowa\u0142, &quot;rzuca\u0142 mi\u0119sem&quot; w obecno\u015bci stra\u017cnik\u00f3w... Zako\u0144czy\u0142o si\u0119 to spor\u0105 grzywn\u0105 dla &quot;kieruj\u0105cego&quot; - 24GLIWICE - Portal Gliwice | codziennie nowe informacje\" \/>\n<meta property=\"og:description\" content=\"Pewien m\u0119\u017cczyzna \u017ale zaparkowa\u0142, \u015bci\u0105gaj\u0105c na siebie k\u0142opoty, pope\u0142nionych przez niego wykrocze\u0144 by\u0142o bowiem wi\u0119cej. Ukarano go 3 tys. grzywny\" \/>\n<meta property=\"og:url\" content=\"https:\/\/www.24gliwice.pl\/wiadomosci\/zle-zaparkowal-rzucal-miesem-w-obecnosci-straznikow-zakonczylo-sie-to-spora-grzywna-dla-kierujacego\/\" \/>\n<meta property=\"og:site_name\" content=\"24GLIWICE - Portal Gliwice | codziennie nowe informacje\" \/>\n<meta property=\"article:publisher\" content=\"https:\/\/www.facebook.com\/24gliwice\" \/>\n<meta property=\"article:published_time\" content=\"2023-08-02T05:35:11+00:00\" \/>\n<meta property=\"og:image\" content=\"https:\/\/www.24gliwice.pl\/wiadomosci\/wp-content\/uploads\/2019\/01\/1-sad-rejonowy-w-gliwicach-1.jpg\" \/>\n\t<meta property=\"og:image:width\" content=\"810\" \/>\n\t<meta property=\"og:image:height\" content=\"455\" \/>\n\t<meta property=\"og:image:type\" content=\"image\/jpeg\" \/>\n<meta name=\"author\" content=\"\u017baneta Mrozek-Siewierska\" \/>\n<meta name=\"twitter:card\" content=\"summary_large_image\" \/>\n<meta name=\"twitter:creator\" content=\"@24gliwice\" \/>\n<meta name=\"twitter:site\" content=\"@24gliwice\" \/>\n<meta name=\"twitter:label1\" content=\"Napisane przez\" \/>\n\t<meta name=\"twitter:data1\" content=\"\u017baneta Mrozek-Siewierska\" \/>\n\t<meta name=\"twitter:label2\" content=\"Szacowany czas czytania\" \/>\n\t<meta name=\"twitter:data2\" content=\"2 minuty\" \/>\n<script type=\"application\/ld+json\" class=\"yoast-schema-graph\">{\"@context\":\"https:\\\/\\\/schema.org\",\"@graph\":[{\"@type\":\"Article\",\"@id\":\"https:\\\/\\\/www.24gliwice.pl\\\/wiadomosci\\\/zle-zaparkowal-rzucal-miesem-w-obecnosci-straznikow-zakonczylo-sie-to-spora-grzywna-dla-kierujacego\\\/#article\",\"isPartOf\":{\"@id\":\"https:\\\/\\\/www.24gliwice.pl\\\/wiadomosci\\\/zle-zaparkowal-rzucal-miesem-w-obecnosci-straznikow-zakonczylo-sie-to-spora-grzywna-dla-kierujacego\\\/\"},\"author\":{\"name\":\"\u017baneta Mrozek-Siewierska\",\"@id\":\"https:\\\/\\\/www.24gliwice.pl\\\/wiadomosci\\\/#\\\/schema\\\/person\\\/e42c650edd7f2fa332be3811fb166b6e\"},\"headline\":\"\u0179le zaparkowa\u0142, &#8220;rzuca\u0142 mi\u0119sem&#8221; w obecno\u015bci stra\u017cnik\u00f3w&#8230; Zako\u0144czy\u0142o si\u0119 to spor\u0105 grzywn\u0105 dla &#8220;kieruj\u0105cego&#8221;\",\"datePublished\":\"2023-08-02T05:35:11+00:00\",\"mainEntityOfPage\":{\"@id\":\"https:\\\/\\\/www.24gliwice.pl\\\/wiadomosci\\\/zle-zaparkowal-rzucal-miesem-w-obecnosci-straznikow-zakonczylo-sie-to-spora-grzywna-dla-kierujacego\\\/\"},\"wordCount\":271,\"commentCount\":0,\"publisher\":{\"@id\":\"https:\\\/\\\/www.24gliwice.pl\\\/wiadomosci\\\/#organization\"},\"image\":{\"@id\":\"https:\\\/\\\/www.24gliwice.pl\\\/wiadomosci\\\/zle-zaparkowal-rzucal-miesem-w-obecnosci-straznikow-zakonczylo-sie-to-spora-grzywna-dla-kierujacego\\\/#primaryimage\"},\"thumbnailUrl\":\"https:\\\/\\\/www.24gliwice.pl\\\/wiadomosci\\\/wp-content\\\/uploads\\\/2019\\\/01\\\/1-sad-rejonowy-w-gliwicach-1.jpg\",\"keywords\":[\"GRZYWNA\",\"STRA\u017b MIEJSKA\"],\"articleSection\":[\"Gliwice\",\"Najnowsze wiadomo\u015bci\",\"Prawo\"],\"inLanguage\":\"pl-PL\",\"potentialAction\":[{\"@type\":\"CommentAction\",\"name\":\"Comment\",\"target\":[\"https:\\\/\\\/www.24gliwice.pl\\\/wiadomosci\\\/zle-zaparkowal-rzucal-miesem-w-obecnosci-straznikow-zakonczylo-sie-to-spora-grzywna-dla-kierujacego\\\/#respond\"]}]},{\"@type\":\"WebPage\",\"@id\":\"https:\\\/\\\/www.24gliwice.pl\\\/wiadomosci\\\/zle-zaparkowal-rzucal-miesem-w-obecnosci-straznikow-zakonczylo-sie-to-spora-grzywna-dla-kierujacego\\\/\",\"url\":\"https:\\\/\\\/www.24gliwice.pl\\\/wiadomosci\\\/zle-zaparkowal-rzucal-miesem-w-obecnosci-straznikow-zakonczylo-sie-to-spora-grzywna-dla-kierujacego\\\/\",\"name\":\"\u0179le zaparkowa\u0142, \\\"rzuca\u0142 mi\u0119sem\\\" w obecno\u015bci stra\u017cnik\u00f3w... Zako\u0144czy\u0142o si\u0119 to spor\u0105 grzywn\u0105 dla \\\"kieruj\u0105cego\\\" - 24GLIWICE - Portal Gliwice | codziennie nowe informacje\",\"isPartOf\":{\"@id\":\"https:\\\/\\\/www.24gliwice.pl\\\/wiadomosci\\\/#website\"},\"primaryImageOfPage\":{\"@id\":\"https:\\\/\\\/www.24gliwice.pl\\\/wiadomosci\\\/zle-zaparkowal-rzucal-miesem-w-obecnosci-straznikow-zakonczylo-sie-to-spora-grzywna-dla-kierujacego\\\/#primaryimage\"},\"image\":{\"@id\":\"https:\\\/\\\/www.24gliwice.pl\\\/wiadomosci\\\/zle-zaparkowal-rzucal-miesem-w-obecnosci-straznikow-zakonczylo-sie-to-spora-grzywna-dla-kierujacego\\\/#primaryimage\"},\"thumbnailUrl\":\"https:\\\/\\\/www.24gliwice.pl\\\/wiadomosci\\\/wp-content\\\/uploads\\\/2019\\\/01\\\/1-sad-rejonowy-w-gliwicach-1.jpg\",\"datePublished\":\"2023-08-02T05:35:11+00:00\",\"description\":\"Pewien m\u0119\u017cczyzna \u017ale zaparkowa\u0142, \u015bci\u0105gaj\u0105c na siebie k\u0142opoty, pope\u0142nionych przez niego wykrocze\u0144 by\u0142o bowiem wi\u0119cej. Ukarano go 3 tys. grzywny\",\"breadcrumb\":{\"@id\":\"https:\\\/\\\/www.24gliwice.pl\\\/wiadomosci\\\/zle-zaparkowal-rzucal-miesem-w-obecnosci-straznikow-zakonczylo-sie-to-spora-grzywna-dla-kierujacego\\\/#breadcrumb\"},\"inLanguage\":\"pl-PL\",\"potentialAction\":[{\"@type\":\"ReadAction\",\"target\":[\"https:\\\/\\\/www.24gliwice.pl\\\/wiadomosci\\\/zle-zaparkowal-rzucal-miesem-w-obecnosci-straznikow-zakonczylo-sie-to-spora-grzywna-dla-kierujacego\\\/\"]}]},{\"@type\":\"ImageObject\",\"inLanguage\":\"pl-PL\",\"@id\":\"https:\\\/\\\/www.24gliwice.pl\\\/wiadomosci\\\/zle-zaparkowal-rzucal-miesem-w-obecnosci-straznikow-zakonczylo-sie-to-spora-grzywna-dla-kierujacego\\\/#primaryimage\",\"url\":\"https:\\\/\\\/www.24gliwice.pl\\\/wiadomosci\\\/wp-content\\\/uploads\\\/2019\\\/01\\\/1-sad-rejonowy-w-gliwicach-1.jpg\",\"contentUrl\":\"https:\\\/\\\/www.24gliwice.pl\\\/wiadomosci\\\/wp-content\\\/uploads\\\/2019\\\/01\\\/1-sad-rejonowy-w-gliwicach-1.jpg\",\"width\":810,\"height\":455},{\"@type\":\"BreadcrumbList\",\"@id\":\"https:\\\/\\\/www.24gliwice.pl\\\/wiadomosci\\\/zle-zaparkowal-rzucal-miesem-w-obecnosci-straznikow-zakonczylo-sie-to-spora-grzywna-dla-kierujacego\\\/#breadcrumb\",\"itemListElement\":[{\"@type\":\"ListItem\",\"position\":1,\"name\":\"Strona g\u0142\u00f3wna\",\"item\":\"https:\\\/\\\/www.24gliwice.pl\\\/wiadomosci\\\/\"},{\"@type\":\"ListItem\",\"position\":2,\"name\":\"\u0179le zaparkowa\u0142, &#8222;rzuca\u0142 mi\u0119sem&#8221; w obecno\u015bci stra\u017cnik\u00f3w&#8230; Zako\u0144czy\u0142o si\u0119 to spor\u0105 grzywn\u0105 dla &#8222;kieruj\u0105cego&#8221;\"}]},{\"@type\":\"WebSite\",\"@id\":\"https:\\\/\\\/www.24gliwice.pl\\\/wiadomosci\\\/#website\",\"url\":\"https:\\\/\\\/www.24gliwice.pl\\\/wiadomosci\\\/\",\"name\":\"24GLIWICE - Portal Gliwice | codziennie nowe wiadomo\u015bci\",\"description\":\"Portal Miejski Gliwice\",\"publisher\":{\"@id\":\"https:\\\/\\\/www.24gliwice.pl\\\/wiadomosci\\\/#organization\"},\"potentialAction\":[{\"@type\":\"SearchAction\",\"target\":{\"@type\":\"EntryPoint\",\"urlTemplate\":\"https:\\\/\\\/www.24gliwice.pl\\\/wiadomosci\\\/?s={search_term_string}\"},\"query-input\":{\"@type\":\"PropertyValueSpecification\",\"valueRequired\":true,\"valueName\":\"search_term_string\"}}],\"inLanguage\":\"pl-PL\"},{\"@type\":\"Organization\",\"@id\":\"https:\\\/\\\/www.24gliwice.pl\\\/wiadomosci\\\/#organization\",\"name\":\"24gliwice\",\"url\":\"https:\\\/\\\/www.24gliwice.pl\\\/wiadomosci\\\/\",\"logo\":{\"@type\":\"ImageObject\",\"inLanguage\":\"pl-PL\",\"@id\":\"https:\\\/\\\/www.24gliwice.pl\\\/wiadomosci\\\/#\\\/schema\\\/logo\\\/image\\\/\",\"url\":\"https:\\\/\\\/www.24gliwice.pl\\\/wiadomosci\\\/wp-content\\\/uploads\\\/2024\\\/10\\\/24gliwice-logo-696.jpg\",\"contentUrl\":\"https:\\\/\\\/www.24gliwice.pl\\\/wiadomosci\\\/wp-content\\\/uploads\\\/2024\\\/10\\\/24gliwice-logo-696.jpg\",\"width\":696,\"height\":696,\"caption\":\"24gliwice\"},\"image\":{\"@id\":\"https:\\\/\\\/www.24gliwice.pl\\\/wiadomosci\\\/#\\\/schema\\\/logo\\\/image\\\/\"},\"sameAs\":[\"https:\\\/\\\/www.facebook.com\\\/24gliwice\",\"https:\\\/\\\/x.com\\\/24gliwice\",\"https:\\\/\\\/www.youtube.com\\\/@24gliwice\"]},{\"@type\":\"Person\",\"@id\":\"https:\\\/\\\/www.24gliwice.pl\\\/wiadomosci\\\/#\\\/schema\\\/person\\\/e42c650edd7f2fa332be3811fb166b6e\",\"name\":\"\u017baneta Mrozek-Siewierska\",\"image\":{\"@type\":\"ImageObject\",\"inLanguage\":\"pl-PL\",\"@id\":\"https:\\\/\\\/secure.gravatar.com\\\/avatar\\\/1881429e9c64597c77ad7aef2d0a19be69a3253e57534d16aa15bf3a4d34a0a3?s=96&d=mm&r=g\",\"url\":\"https:\\\/\\\/secure.gravatar.com\\\/avatar\\\/1881429e9c64597c77ad7aef2d0a19be69a3253e57534d16aa15bf3a4d34a0a3?s=96&d=mm&r=g\",\"contentUrl\":\"https:\\\/\\\/secure.gravatar.com\\\/avatar\\\/1881429e9c64597c77ad7aef2d0a19be69a3253e57534d16aa15bf3a4d34a0a3?s=96&d=mm&r=g\",\"caption\":\"\u017baneta Mrozek-Siewierska\"},\"url\":\"https:\\\/\\\/www.24gliwice.pl\\\/wiadomosci\\\/author\\\/zms\\\/\"}]}<\/script>\n<!-- \/ Yoast SEO plugin. -->","yoast_head_json":{"title":"\u0179le zaparkowa\u0142, \"rzuca\u0142 mi\u0119sem\" w obecno\u015bci stra\u017cnik\u00f3w... Zako\u0144czy\u0142o si\u0119 to spor\u0105 grzywn\u0105 dla \"kieruj\u0105cego\" - 24GLIWICE - Portal Gliwice | codziennie nowe informacje","description":"Pewien m\u0119\u017cczyzna \u017ale zaparkowa\u0142, \u015bci\u0105gaj\u0105c na siebie k\u0142opoty, pope\u0142nionych przez niego wykrocze\u0144 by\u0142o bowiem wi\u0119cej. Ukarano go 3 tys. grzywny","robots":{"index":"index","follow":"follow","max-snippet":"max-snippet:-1","max-image-preview":"max-image-preview:large","max-video-preview":"max-video-preview:-1"},"canonical":"https:\/\/www.24gliwice.pl\/wiadomosci\/zle-zaparkowal-rzucal-miesem-w-obecnosci-straznikow-zakonczylo-sie-to-spora-grzywna-dla-kierujacego\/","og_locale":"pl_PL","og_type":"article","og_title":"\u0179le zaparkowa\u0142, \"rzuca\u0142 mi\u0119sem\" w obecno\u015bci stra\u017cnik\u00f3w... Zako\u0144czy\u0142o si\u0119 to spor\u0105 grzywn\u0105 dla \"kieruj\u0105cego\" - 24GLIWICE - Portal Gliwice | codziennie nowe informacje","og_description":"Pewien m\u0119\u017cczyzna \u017ale zaparkowa\u0142, \u015bci\u0105gaj\u0105c na siebie k\u0142opoty, pope\u0142nionych przez niego wykrocze\u0144 by\u0142o bowiem wi\u0119cej. Ukarano go 3 tys. grzywny","og_url":"https:\/\/www.24gliwice.pl\/wiadomosci\/zle-zaparkowal-rzucal-miesem-w-obecnosci-straznikow-zakonczylo-sie-to-spora-grzywna-dla-kierujacego\/","og_site_name":"24GLIWICE - Portal Gliwice | codziennie nowe informacje","article_publisher":"https:\/\/www.facebook.com\/24gliwice","article_published_time":"2023-08-02T05:35:11+00:00","og_image":[{"width":810,"height":455,"url":"https:\/\/www.24gliwice.pl\/wiadomosci\/wp-content\/uploads\/2019\/01\/1-sad-rejonowy-w-gliwicach-1.jpg","type":"image\/jpeg"}],"author":"\u017baneta Mrozek-Siewierska","twitter_card":"summary_large_image","twitter_creator":"@24gliwice","twitter_site":"@24gliwice","twitter_misc":{"Napisane przez":"\u017baneta Mrozek-Siewierska","Szacowany czas czytania":"2 minuty"},"schema":{"@context":"https:\/\/schema.org","@graph":[{"@type":"Article","@id":"https:\/\/www.24gliwice.pl\/wiadomosci\/zle-zaparkowal-rzucal-miesem-w-obecnosci-straznikow-zakonczylo-sie-to-spora-grzywna-dla-kierujacego\/#article","isPartOf":{"@id":"https:\/\/www.24gliwice.pl\/wiadomosci\/zle-zaparkowal-rzucal-miesem-w-obecnosci-straznikow-zakonczylo-sie-to-spora-grzywna-dla-kierujacego\/"},"author":{"name":"\u017baneta Mrozek-Siewierska","@id":"https:\/\/www.24gliwice.pl\/wiadomosci\/#\/schema\/person\/e42c650edd7f2fa332be3811fb166b6e"},"headline":"\u0179le zaparkowa\u0142, &#8220;rzuca\u0142 mi\u0119sem&#8221; w obecno\u015bci stra\u017cnik\u00f3w&#8230; Zako\u0144czy\u0142o si\u0119 to spor\u0105 grzywn\u0105 dla &#8220;kieruj\u0105cego&#8221;","datePublished":"2023-08-02T05:35:11+00:00","mainEntityOfPage":{"@id":"https:\/\/www.24gliwice.pl\/wiadomosci\/zle-zaparkowal-rzucal-miesem-w-obecnosci-straznikow-zakonczylo-sie-to-spora-grzywna-dla-kierujacego\/"},"wordCount":271,"commentCount":0,"publisher":{"@id":"https:\/\/www.24gliwice.pl\/wiadomosci\/#organization"},"image":{"@id":"https:\/\/www.24gliwice.pl\/wiadomosci\/zle-zaparkowal-rzucal-miesem-w-obecnosci-straznikow-zakonczylo-sie-to-spora-grzywna-dla-kierujacego\/#primaryimage"},"thumbnailUrl":"https:\/\/www.24gliwice.pl\/wiadomosci\/wp-content\/uploads\/2019\/01\/1-sad-rejonowy-w-gliwicach-1.jpg","keywords":["GRZYWNA","STRA\u017b MIEJSKA"],"articleSection":["Gliwice","Najnowsze wiadomo\u015bci","Prawo"],"inLanguage":"pl-PL","potentialAction":[{"@type":"CommentAction","name":"Comment","target":["https:\/\/www.24gliwice.pl\/wiadomosci\/zle-zaparkowal-rzucal-miesem-w-obecnosci-straznikow-zakonczylo-sie-to-spora-grzywna-dla-kierujacego\/#respond"]}]},{"@type":"WebPage","@id":"https:\/\/www.24gliwice.pl\/wiadomosci\/zle-zaparkowal-rzucal-miesem-w-obecnosci-straznikow-zakonczylo-sie-to-spora-grzywna-dla-kierujacego\/","url":"https:\/\/www.24gliwice.pl\/wiadomosci\/zle-zaparkowal-rzucal-miesem-w-obecnosci-straznikow-zakonczylo-sie-to-spora-grzywna-dla-kierujacego\/","name":"\u0179le zaparkowa\u0142, \"rzuca\u0142 mi\u0119sem\" w obecno\u015bci stra\u017cnik\u00f3w... Zako\u0144czy\u0142o si\u0119 to spor\u0105 grzywn\u0105 dla \"kieruj\u0105cego\" - 24GLIWICE - Portal Gliwice | codziennie nowe informacje","isPartOf":{"@id":"https:\/\/www.24gliwice.pl\/wiadomosci\/#website"},"primaryImageOfPage":{"@id":"https:\/\/www.24gliwice.pl\/wiadomosci\/zle-zaparkowal-rzucal-miesem-w-obecnosci-straznikow-zakonczylo-sie-to-spora-grzywna-dla-kierujacego\/#primaryimage"},"image":{"@id":"https:\/\/www.24gliwice.pl\/wiadomosci\/zle-zaparkowal-rzucal-miesem-w-obecnosci-straznikow-zakonczylo-sie-to-spora-grzywna-dla-kierujacego\/#primaryimage"},"thumbnailUrl":"https:\/\/www.24gliwice.pl\/wiadomosci\/wp-content\/uploads\/2019\/01\/1-sad-rejonowy-w-gliwicach-1.jpg","datePublished":"2023-08-02T05:35:11+00:00","description":"Pewien m\u0119\u017cczyzna \u017ale zaparkowa\u0142, \u015bci\u0105gaj\u0105c na siebie k\u0142opoty, pope\u0142nionych przez niego wykrocze\u0144 by\u0142o bowiem wi\u0119cej. Ukarano go 3 tys. grzywny","breadcrumb":{"@id":"https:\/\/www.24gliwice.pl\/wiadomosci\/zle-zaparkowal-rzucal-miesem-w-obecnosci-straznikow-zakonczylo-sie-to-spora-grzywna-dla-kierujacego\/#breadcrumb"},"inLanguage":"pl-PL","potentialAction":[{"@type":"ReadAction","target":["https:\/\/www.24gliwice.pl\/wiadomosci\/zle-zaparkowal-rzucal-miesem-w-obecnosci-straznikow-zakonczylo-sie-to-spora-grzywna-dla-kierujacego\/"]}]},{"@type":"ImageObject","inLanguage":"pl-PL","@id":"https:\/\/www.24gliwice.pl\/wiadomosci\/zle-zaparkowal-rzucal-miesem-w-obecnosci-straznikow-zakonczylo-sie-to-spora-grzywna-dla-kierujacego\/#primaryimage","url":"https:\/\/www.24gliwice.pl\/wiadomosci\/wp-content\/uploads\/2019\/01\/1-sad-rejonowy-w-gliwicach-1.jpg","contentUrl":"https:\/\/www.24gliwice.pl\/wiadomosci\/wp-content\/uploads\/2019\/01\/1-sad-rejonowy-w-gliwicach-1.jpg","width":810,"height":455},{"@type":"BreadcrumbList","@id":"https:\/\/www.24gliwice.pl\/wiadomosci\/zle-zaparkowal-rzucal-miesem-w-obecnosci-straznikow-zakonczylo-sie-to-spora-grzywna-dla-kierujacego\/#breadcrumb","itemListElement":[{"@type":"ListItem","position":1,"name":"Strona g\u0142\u00f3wna","item":"https:\/\/www.24gliwice.pl\/wiadomosci\/"},{"@type":"ListItem","position":2,"name":"\u0179le zaparkowa\u0142, &#8222;rzuca\u0142 mi\u0119sem&#8221; w obecno\u015bci stra\u017cnik\u00f3w&#8230; Zako\u0144czy\u0142o si\u0119 to spor\u0105 grzywn\u0105 dla &#8222;kieruj\u0105cego&#8221;"}]},{"@type":"WebSite","@id":"https:\/\/www.24gliwice.pl\/wiadomosci\/#website","url":"https:\/\/www.24gliwice.pl\/wiadomosci\/","name":"24GLIWICE - Portal Gliwice | codziennie nowe wiadomo\u015bci","description":"Portal Miejski Gliwice","publisher":{"@id":"https:\/\/www.24gliwice.pl\/wiadomosci\/#organization"},"potentialAction":[{"@type":"SearchAction","target":{"@type":"EntryPoint","urlTemplate":"https:\/\/www.24gliwice.pl\/wiadomosci\/?s={search_term_string}"},"query-input":{"@type":"PropertyValueSpecification","valueRequired":true,"valueName":"search_term_string"}}],"inLanguage":"pl-PL"},{"@type":"Organization","@id":"https:\/\/www.24gliwice.pl\/wiadomosci\/#organization","name":"24gliwice","url":"https:\/\/www.24gliwice.pl\/wiadomosci\/","logo":{"@type":"ImageObject","inLanguage":"pl-PL","@id":"https:\/\/www.24gliwice.pl\/wiadomosci\/#\/schema\/logo\/image\/","url":"https:\/\/www.24gliwice.pl\/wiadomosci\/wp-content\/uploads\/2024\/10\/24gliwice-logo-696.jpg","contentUrl":"https:\/\/www.24gliwice.pl\/wiadomosci\/wp-content\/uploads\/2024\/10\/24gliwice-logo-696.jpg","width":696,"height":696,"caption":"24gliwice"},"image":{"@id":"https:\/\/www.24gliwice.pl\/wiadomosci\/#\/schema\/logo\/image\/"},"sameAs":["https:\/\/www.facebook.com\/24gliwice","https:\/\/x.com\/24gliwice","https:\/\/www.youtube.com\/@24gliwice"]},{"@type":"Person","@id":"https:\/\/www.24gliwice.pl\/wiadomosci\/#\/schema\/person\/e42c650edd7f2fa332be3811fb166b6e","name":"\u017baneta Mrozek-Siewierska","image":{"@type":"ImageObject","inLanguage":"pl-PL","@id":"https:\/\/secure.gravatar.com\/avatar\/1881429e9c64597c77ad7aef2d0a19be69a3253e57534d16aa15bf3a4d34a0a3?s=96&d=mm&r=g","url":"https:\/\/secure.gravatar.com\/avatar\/1881429e9c64597c77ad7aef2d0a19be69a3253e57534d16aa15bf3a4d34a0a3?s=96&d=mm&r=g","contentUrl":"https:\/\/secure.gravatar.com\/avatar\/1881429e9c64597c77ad7aef2d0a19be69a3253e57534d16aa15bf3a4d34a0a3?s=96&d=mm&r=g","caption":"\u017baneta Mrozek-Siewierska"},"url":"https:\/\/www.24gliwice.pl\/wiadomosci\/author\/zms\/"}]}},"_links":{"self":[{"href":"https:\/\/www.24gliwice.pl\/wiadomosci\/wp-json\/wp\/v2\/posts\/219116","targetHints":{"allow":["GET"]}}],"collection":[{"href":"https:\/\/www.24gliwice.pl\/wiadomosci\/wp-json\/wp\/v2\/posts"}],"about":[{"href":"https:\/\/www.24gliwice.pl\/wiadomosci\/wp-json\/wp\/v2\/types\/post"}],"author":[{"embeddable":true,"href":"https:\/\/www.24gliwice.pl\/wiadomosci\/wp-json\/wp\/v2\/users\/15"}],"replies":[{"embeddable":true,"href":"https:\/\/www.24gliwice.pl\/wiadomosci\/wp-json\/wp\/v2\/comments?post=219116"}],"version-history":[{"count":0,"href":"https:\/\/www.24gliwice.pl\/wiadomosci\/wp-json\/wp\/v2\/posts\/219116\/revisions"}],"wp:featuredmedia":[{"embeddable":true,"href":"https:\/\/www.24gliwice.pl\/wiadomosci\/wp-json\/wp\/v2\/media\/129382"}],"wp:attachment":[{"href":"https:\/\/www.24gliwice.pl\/wiadomosci\/wp-json\/wp\/v2\/media?parent=219116"}],"wp:term":[{"taxonomy":"category","embeddable":true,"href":"https:\/\/www.24gliwice.pl\/wiadomosci\/wp-json\/wp\/v2\/categories?post=219116"},{"taxonomy":"post_tag","embeddable":true,"href":"https:\/\/www.24gliwice.pl\/wiadomosci\/wp-json\/wp\/v2\/tags?post=219116"}],"curies":[{"name":"wp","href":"https:\/\/api.w.org\/{rel}","templated":true}]}}