{"id":219592,"date":"2023-08-15T06:00:03","date_gmt":"2023-08-15T04:00:03","guid":{"rendered":"https:\/\/www.24gliwice.pl\/wiadomosci\/?p=219592"},"modified":"2023-08-15T01:31:28","modified_gmt":"2023-08-14T23:31:28","slug":"magistrat-chce-budowac-pasy-rowerowe-zamiast-wydzielonych-sciezek-gdzie-moga-powstac","status":"publish","type":"post","link":"https:\/\/www.24gliwice.pl\/wiadomosci\/magistrat-chce-budowac-pasy-rowerowe-zamiast-wydzielonych-sciezek-gdzie-moga-powstac\/","title":{"rendered":"Magistrat chce budowa\u0107 pasy rowerowe zamiast wydzielonych \u015bcie\u017cek. Gdzie mog\u0105 powsta\u0107?"},"content":{"rendered":"<div class=\"gliwi-a6-nad-leadem-artykulow gliwi-entity-placement\" id=\"gliwi-1065943750\"><div class=\"gliwi-adlabel\"><span style=\"font-size: 9px\">REKLAMA<\/span><\/div><div id=\"gliwi-3861591677\" style=\"margin-bottom: 30px;margin-left: auto;margin-right: auto;text-align: center;\"><a data-no-instant=\"1\" href=\"https:\/\/przedszkole.halogen.org.pl\/\" rel=\"noopener\" class=\"a2t-link\" target=\"_blank\" aria-label=\"20260402-ANIMATOR-przedszkole_grafika_750x200\"><img loading=\"lazy\" decoding=\"async\" src=\"https:\/\/www.24gliwice.pl\/wiadomosci\/wp-content\/uploads\/2026\/04\/20260402-ANIMATOR-przedszkole_grafika_750x200.webp\" alt=\"\"  srcset=\"https:\/\/www.24gliwice.pl\/wiadomosci\/wp-content\/uploads\/2026\/04\/20260402-ANIMATOR-przedszkole_grafika_750x200.webp 750w, https:\/\/www.24gliwice.pl\/wiadomosci\/wp-content\/uploads\/2026\/04\/20260402-ANIMATOR-przedszkole_grafika_750x200-410x109.webp 410w\" sizes=\"(max-width: 750px) 100vw, 750px\" class=\"no-lazyload\" width=\"750\" height=\"200\"  style=\"display: inline-block; max-width: 100%; height: auto;\" \/><\/a><\/div><\/div><h2>Urz\u0105d Miasta zmienia podej\u015bcie do budowy nowych dr\u00f3g rowerowych. Zamiast wydzielonych \u015bcie\u017cek na du\u017cych ulicach miasta maj\u0105 pojawia\u0107 si\u0119 pasy rowerowe.<\/h2>\n<p>&nbsp;<br \/>\n&#8211; W przysz\u0142ym roku ZDM wykona analizy uk\u0142adu dr\u00f3g rowerowych poprzez wykorzystanie do tego cz\u0119\u015bci pas\u00f3w drogowych. Sukcesywnie b\u0119dziemy dokonywali zmian tam gdzie to mo\u017cliwe &#8211; zapowiedzia\u0142 w programie &#8220;Go\u015b\u0107 Dnia&#8221; wiceprezydent Gliwic <strong>Mariusz \u015apiewok<\/strong>.<\/p>\n<p>To rewolucja w podej\u015bciu do infrastruktury rowerowej w Gliwicach. Urz\u0119dnicy do tej pory niech\u0119tnie podchodzili do tego pomys\u0142u. Nawet w tegorocznej edycji Gliwickiego Bud\u017cetu Obywatelskiego wnioski o stworzenie pas\u00f3w rowerowych zosta\u0142y odrzucone. W uzasadnieniu ZDM wskazywa\u0142, \u017ce takie rozwi\u0105zanie jest niebezpieczne. Mariusz \u015apiewok argumentacj\u0119 drogowc\u00f3w okre\u015bli\u0142 jako &#8220;niefortunn\u0105&#8221;.<\/p><div class=\"gliwi-a3-w-tresci-artykulow gliwi-entity-placement\" id=\"gliwi-455683172\"><div class=\"gliwi-adlabel\"><span style=\"font-size: 9px\">REKLAMA<\/span><\/div><div id=\"gliwi-3139938297\" style=\"margin-bottom: 30px;margin-left: auto;margin-right: auto;text-align: center;\"><a data-no-instant=\"1\" href=\"https:\/\/zlobek.halogen.org.pl\/\" rel=\"noopener\" class=\"a2t-link\" target=\"_blank\" aria-label=\"animator-zlobek_750x200\"><img loading=\"lazy\" decoding=\"async\" src=\"https:\/\/www.24gliwice.pl\/wiadomosci\/wp-content\/uploads\/2026\/02\/animator-zlobek_750x200.webp\" alt=\"\"  srcset=\"https:\/\/www.24gliwice.pl\/wiadomosci\/wp-content\/uploads\/2026\/02\/animator-zlobek_750x200.webp 750w, https:\/\/www.24gliwice.pl\/wiadomosci\/wp-content\/uploads\/2026\/02\/animator-zlobek_750x200-410x109.webp 410w\" sizes=\"(max-width: 750px) 100vw, 750px\" class=\"no-lazyload\" width=\"750\" height=\"200\"  style=\"display: inline-block; max-width: 100%; height: auto;\" \/><\/a><\/div><\/div>\n<p>&#8211; Prezydent Adam Neumann podj\u0105\u0142 decyzj\u0119, \u017ce zmieniamy podej\u015bcie i o ile wyodr\u0119bnianie pas\u00f3w rowerowych w ramach pasu drogowego nie by\u0142o akceptowalne, to teraz chcemy ju\u017c w przysz\u0142ym roku zaproponowa\u0107 konkretne rozwi\u0105zania na konkretnych ulicach &#8211; m\u00f3wi\u0142 wiceprezydent miasta. <\/p>\n<p>Zmiana, cho\u0107 oczekiwana przez rowerowych aktywist\u00f3w, raczej w urz\u0119dzie nie by\u0142a wcze\u015bniej szeroko dyskutowana. Na kilka dni przed wywiadem, ZDM utrzymywa\u0142, \u017ce pasy rowerowe to raczej wyj\u0105tek od regu\u0142y ni\u017c nowa, obowi\u0105zuj\u0105ca norma.<\/p>\n<p>&#8211; W Gliwicach preferuje si\u0119 rozwi\u0105zania docelowe tj. budow\u0119 wydzielonych dr\u00f3g dla rower\u00f3w. W takich sytuacjach rowerzysta jest oddzielony np. ziele\u0144cem od samochod\u00f3w. Niemniej jednak na wybranych ulicach w przypadku zachowania bezpiecze\u0144stwa ruchu drogowego rozwi\u0105zania polegaj\u0105ce na wyznaczeniu pas\u00f3w dla rower\u00f3w mog\u0105 by\u0107 zasadne &#8211; informowa\u0142a na pocz\u0105tku lipca <strong>Anna Gilner<\/strong>, dyrektor Zarz\u0105du Dr\u00f3g Miejskich w Gliwicach.<\/p>\n<h4>GDZIE MOG\u0104 POWSTA\u0106 PASY ROWEROWE?<\/H4><\/p>\n<p>Trzymaj\u0105c si\u0119 s\u0142\u00f3w wiceprezydenta, w przysz\u0142ym roku ma zosta\u0107 przygotowana dok\u0142adna analiza uk\u0142adu drogowego. W rozmowie Mariusz \u015apiewok wskaza\u0142 te\u017c konkretne ulice gdzie mog\u0105 powsta\u0107 pasy rowerowe. To m.in. ulica Ko\u015bciuszki, ul. Tarnog\u00f3rska (od Centrum Przesiadkowego do Radiostacji) i ul. Daszy\u0144skiego (od centrum w kierunku na przedmie\u015bcia).<\/p>\n<p>Swoje w\u0142asne propozycje przedstawili aktywi\u015bci z Rowerowych Gliwic. Ich zdaniem pasy rowerowe powinny pojawi\u0107 si\u0119 na ulicach:<\/p>\n<p>&#8211; Andersa + Ko\u015bciuszki,<br \/>\n&#8211; Daszy\u0144skiego (od Ko\u015bciuszki do mostu nad Ostropk\u0105),<br \/>\n&#8211; Poniatowskiego (od Chorzowskiej do Wr\u00f3blewskiego),<br \/>\n&#8211; Przyszowska,<br \/>\n&#8211; Sikorskiego (od nr 103 do ronda),<br \/>\n&#8211; Tarnog\u00f3rska (od Radiostacji do Kolberga),<br \/>\n&#8211; Traugutta,<br \/>\n&#8211; Zwyci\u0119stwa<\/p>\n<p>&#8211; Zaproponowana powy\u017cej sie\u0107 PRDR liczy\u0142aby ponad 10 km oraz by\u0142aby \u015bwietnym i tanim uzupe\u0142nieniem istniej\u0105cych, budowanych oraz projektowanych dr\u00f3g dla rower\u00f3w. Co daje realne nadziej\u0119, \u017ce w 2025 roku sie\u0107 gliwickiej infrastruktury rowerowej b\u0119dzie \u0142\u0105czy\u0107 zdecydowan\u0105 wi\u0119kszo\u015b\u0107 dzielnic Gliwic ze sob\u0105 &#8211; czytamy na stronie stowarzyszenia Rowerowe Gliwice.<\/p>\n<p>Obecnie, wed\u0142ug szacunk\u00f3w magistratu gliwiccy rowerzy\u015bci maj\u0105 do dyspozycji w Gliwicach ponad 126,5 km tras i dr\u00f3g rowerowych oraz ci\u0105g\u00f3w pieszo-rowerowych. Oficjalne statystyki uwzgl\u0119dniaj\u0105 jednak te\u017c drogi w fatalnym stanie technicznym, kt\u00f3re trudno nazywa\u0107 drogami rowerowymi z prawdziwego zdarzenia.<\/p>\n<p>Micha\u0142 Szewczyk<\/p>\n<p>fot. pasy rowerowe na ul. Roosevelta w Zabrzu<\/p>\n<p>Wywiad z wiceprezydentem Mariuszem \u015apiewokiem mo\u017cna zobaczy\u0107 tutaj:<br \/>\n<iframe loading=\"lazy\" width=\"560\" height=\"315\" src=\"https:\/\/www.youtube.com\/embed\/6mcVuTE3G3E\" title=\"YouTube video player\" frameborder=\"0\" allow=\"accelerometer; autoplay; clipboard-write; encrypted-media; gyroscope; picture-in-picture; web-share\" allowfullscreen><\/iframe><\/p>\n<div class=\"gliwi-a5-na-koncu-artykulow gliwi-entity-placement\" id=\"gliwi-3910246374\"><div class=\"gliwi-adlabel\"><span style=\"font-size: 9px\">REKLAMA<\/span><\/div><div id=\"gliwi-3099870359\" style=\"margin-left: auto;margin-right: auto;text-align: center;\"><a data-no-instant=\"1\" href=\"https:\/\/prezeroarenagliwice.pl\/\" rel=\"noopener\" class=\"a2t-link\" target=\"_blank\" aria-label=\"20260309-PREZERO-WIOSNA-D\"><img loading=\"lazy\" decoding=\"async\" src=\"https:\/\/www.24gliwice.pl\/wiadomosci\/wp-content\/uploads\/2026\/03\/20260309-PREZERO-WIOSNA-D.webp\" alt=\"\"  srcset=\"https:\/\/www.24gliwice.pl\/wiadomosci\/wp-content\/uploads\/2026\/03\/20260309-PREZERO-WIOSNA-D.webp 750w, https:\/\/www.24gliwice.pl\/wiadomosci\/wp-content\/uploads\/2026\/03\/20260309-PREZERO-WIOSNA-D-410x109.webp 410w\" sizes=\"(max-width: 750px) 100vw, 750px\" class=\"no-lazyload\" width=\"750\" height=\"200\"  style=\"display: inline-block; max-width: 100%; height: auto;\" \/><\/a><\/div><\/div>","protected":false},"excerpt":{"rendered":"<p>Urz\u0105d Miasta zmienia podej\u015bcie do budowy nowych dr\u00f3g rowerowych. Zamiast wydzielonych \u015bcie\u017cek na du\u017cych ulicach miasta maj\u0105 pojawia\u0107 si\u0119 pasy rowerowe. &nbsp; &#8211; W przysz\u0142ym roku ZDM wykona analizy uk\u0142adu dr\u00f3g rowerowych poprzez wykorzystanie do tego cz\u0119\u015bci pas\u00f3w drogowych. Sukcesywnie b\u0119dziemy dokonywali zmian tam gdzie to mo\u017cliwe &#8211; zapowiedzia\u0142 w programie &#8220;Go\u015b\u0107 Dnia&#8221; wiceprezydent Gliwic [&hellip;]<\/p>\n","protected":false},"author":12,"featured_media":109230,"comment_status":"open","ping_status":"closed","sticky":false,"template":"","format":"standard","meta":{"_monsterinsights_skip_tracking":false,"_monsterinsights_sitenote_active":false,"_monsterinsights_sitenote_note":"","_monsterinsights_sitenote_category":0,"footnotes":"","_links_to":"","_links_to_target":""},"categories":[3,1,9,8],"tags":[16473,8873,9634],"class_list":["post-219592","post","type-post","status-publish","format-standard","has-post-thumbnail","hentry","category-gliwice","category-wszystko","category-aktualnosci_lokalne","category-samorzad_polityka","tag-ddr","tag-drogi-rowerowe","tag-pasy-rowerowe"],"yoast_head":"<!-- This site is optimized with the Yoast SEO plugin v27.5 - https:\/\/yoast.com\/product\/yoast-seo-wordpress\/ -->\n<title>Magistrat chce budowa\u0107 pasy rowerowe zamiast wydzielonych \u015bcie\u017cek. Gdzie mog\u0105 powsta\u0107? - 24GLIWICE - Portal Gliwice | codziennie nowe informacje<\/title>\n<meta name=\"robots\" content=\"index, follow, max-snippet:-1, max-image-preview:large, max-video-preview:-1\" \/>\n<link rel=\"canonical\" href=\"https:\/\/www.24gliwice.pl\/wiadomosci\/magistrat-chce-budowac-pasy-rowerowe-zamiast-wydzielonych-sciezek-gdzie-moga-powstac\/\" \/>\n<meta property=\"og:locale\" content=\"pl_PL\" \/>\n<meta property=\"og:type\" content=\"article\" \/>\n<meta property=\"og:title\" content=\"Magistrat chce budowa\u0107 pasy rowerowe zamiast wydzielonych \u015bcie\u017cek. Gdzie mog\u0105 powsta\u0107? - 24GLIWICE - Portal Gliwice | codziennie nowe informacje\" \/>\n<meta property=\"og:description\" content=\"Urz\u0105d Miasta zmienia podej\u015bcie do budowy nowych dr\u00f3g rowerowych. Zamiast wydzielonych \u015bcie\u017cek na du\u017cych ulicach miasta maj\u0105 pojawia\u0107 si\u0119 pasy rowerowe. &nbsp; &#8211; W przysz\u0142ym roku ZDM wykona analizy uk\u0142adu dr\u00f3g rowerowych poprzez wykorzystanie do tego cz\u0119\u015bci pas\u00f3w drogowych. Sukcesywnie b\u0119dziemy dokonywali zmian tam gdzie to mo\u017cliwe &#8211; zapowiedzia\u0142 w programie &#8220;Go\u015b\u0107 Dnia&#8221; wiceprezydent Gliwic [&hellip;]\" \/>\n<meta property=\"og:url\" content=\"https:\/\/www.24gliwice.pl\/wiadomosci\/magistrat-chce-budowac-pasy-rowerowe-zamiast-wydzielonych-sciezek-gdzie-moga-powstac\/\" \/>\n<meta property=\"og:site_name\" content=\"24GLIWICE - Portal Gliwice | codziennie nowe informacje\" \/>\n<meta property=\"article:publisher\" content=\"https:\/\/www.facebook.com\/24gliwice\" \/>\n<meta property=\"article:published_time\" content=\"2023-08-15T04:00:03+00:00\" \/>\n<meta property=\"og:image\" content=\"https:\/\/www.24gliwice.pl\/wiadomosci\/wp-content\/uploads\/2017\/12\/roosevelta-zabrze-pasy.jpg\" \/>\n\t<meta property=\"og:image:width\" content=\"810\" \/>\n\t<meta property=\"og:image:height\" content=\"456\" \/>\n\t<meta property=\"og:image:type\" content=\"image\/jpeg\" \/>\n<meta name=\"author\" content=\"Micha\u0142 Szewczyk\" \/>\n<meta name=\"twitter:card\" content=\"summary_large_image\" \/>\n<meta name=\"twitter:creator\" content=\"@24gliwice\" \/>\n<meta name=\"twitter:site\" content=\"@24gliwice\" \/>\n<meta name=\"twitter:label1\" content=\"Napisane przez\" \/>\n\t<meta name=\"twitter:data1\" content=\"Micha\u0142 Szewczyk\" \/>\n\t<meta name=\"twitter:label2\" content=\"Szacowany czas czytania\" \/>\n\t<meta name=\"twitter:data2\" content=\"3 minuty\" \/>\n<script type=\"application\/ld+json\" class=\"yoast-schema-graph\">{\"@context\":\"https:\\\/\\\/schema.org\",\"@graph\":[{\"@type\":\"Article\",\"@id\":\"https:\\\/\\\/www.24gliwice.pl\\\/wiadomosci\\\/magistrat-chce-budowac-pasy-rowerowe-zamiast-wydzielonych-sciezek-gdzie-moga-powstac\\\/#article\",\"isPartOf\":{\"@id\":\"https:\\\/\\\/www.24gliwice.pl\\\/wiadomosci\\\/magistrat-chce-budowac-pasy-rowerowe-zamiast-wydzielonych-sciezek-gdzie-moga-powstac\\\/\"},\"author\":{\"name\":\"Micha\u0142 Szewczyk\",\"@id\":\"https:\\\/\\\/www.24gliwice.pl\\\/wiadomosci\\\/#\\\/schema\\\/person\\\/940e8f8a097e322de4f463f061ef8d45\"},\"headline\":\"Magistrat chce budowa\u0107 pasy rowerowe zamiast wydzielonych \u015bcie\u017cek. Gdzie mog\u0105 powsta\u0107?\",\"datePublished\":\"2023-08-15T04:00:03+00:00\",\"mainEntityOfPage\":{\"@id\":\"https:\\\/\\\/www.24gliwice.pl\\\/wiadomosci\\\/magistrat-chce-budowac-pasy-rowerowe-zamiast-wydzielonych-sciezek-gdzie-moga-powstac\\\/\"},\"wordCount\":540,\"commentCount\":0,\"publisher\":{\"@id\":\"https:\\\/\\\/www.24gliwice.pl\\\/wiadomosci\\\/#organization\"},\"image\":{\"@id\":\"https:\\\/\\\/www.24gliwice.pl\\\/wiadomosci\\\/magistrat-chce-budowac-pasy-rowerowe-zamiast-wydzielonych-sciezek-gdzie-moga-powstac\\\/#primaryimage\"},\"thumbnailUrl\":\"https:\\\/\\\/www.24gliwice.pl\\\/wiadomosci\\\/wp-content\\\/uploads\\\/2017\\\/12\\\/roosevelta-zabrze-pasy.jpg\",\"keywords\":[\"DDR\",\"DROGI ROWEROWE\",\"pasy rowerowe\"],\"articleSection\":[\"Gliwice\",\"Najnowsze wiadomo\u015bci\",\"Portal Gliwice - Wiadomo\u015bci lokalne\",\"Samorz\u0105d, polityka\"],\"inLanguage\":\"pl-PL\",\"potentialAction\":[{\"@type\":\"CommentAction\",\"name\":\"Comment\",\"target\":[\"https:\\\/\\\/www.24gliwice.pl\\\/wiadomosci\\\/magistrat-chce-budowac-pasy-rowerowe-zamiast-wydzielonych-sciezek-gdzie-moga-powstac\\\/#respond\"]}]},{\"@type\":\"WebPage\",\"@id\":\"https:\\\/\\\/www.24gliwice.pl\\\/wiadomosci\\\/magistrat-chce-budowac-pasy-rowerowe-zamiast-wydzielonych-sciezek-gdzie-moga-powstac\\\/\",\"url\":\"https:\\\/\\\/www.24gliwice.pl\\\/wiadomosci\\\/magistrat-chce-budowac-pasy-rowerowe-zamiast-wydzielonych-sciezek-gdzie-moga-powstac\\\/\",\"name\":\"Magistrat chce budowa\u0107 pasy rowerowe zamiast wydzielonych \u015bcie\u017cek. Gdzie mog\u0105 powsta\u0107? - 24GLIWICE - Portal Gliwice | codziennie nowe informacje\",\"isPartOf\":{\"@id\":\"https:\\\/\\\/www.24gliwice.pl\\\/wiadomosci\\\/#website\"},\"primaryImageOfPage\":{\"@id\":\"https:\\\/\\\/www.24gliwice.pl\\\/wiadomosci\\\/magistrat-chce-budowac-pasy-rowerowe-zamiast-wydzielonych-sciezek-gdzie-moga-powstac\\\/#primaryimage\"},\"image\":{\"@id\":\"https:\\\/\\\/www.24gliwice.pl\\\/wiadomosci\\\/magistrat-chce-budowac-pasy-rowerowe-zamiast-wydzielonych-sciezek-gdzie-moga-powstac\\\/#primaryimage\"},\"thumbnailUrl\":\"https:\\\/\\\/www.24gliwice.pl\\\/wiadomosci\\\/wp-content\\\/uploads\\\/2017\\\/12\\\/roosevelta-zabrze-pasy.jpg\",\"datePublished\":\"2023-08-15T04:00:03+00:00\",\"breadcrumb\":{\"@id\":\"https:\\\/\\\/www.24gliwice.pl\\\/wiadomosci\\\/magistrat-chce-budowac-pasy-rowerowe-zamiast-wydzielonych-sciezek-gdzie-moga-powstac\\\/#breadcrumb\"},\"inLanguage\":\"pl-PL\",\"potentialAction\":[{\"@type\":\"ReadAction\",\"target\":[\"https:\\\/\\\/www.24gliwice.pl\\\/wiadomosci\\\/magistrat-chce-budowac-pasy-rowerowe-zamiast-wydzielonych-sciezek-gdzie-moga-powstac\\\/\"]}]},{\"@type\":\"ImageObject\",\"inLanguage\":\"pl-PL\",\"@id\":\"https:\\\/\\\/www.24gliwice.pl\\\/wiadomosci\\\/magistrat-chce-budowac-pasy-rowerowe-zamiast-wydzielonych-sciezek-gdzie-moga-powstac\\\/#primaryimage\",\"url\":\"https:\\\/\\\/www.24gliwice.pl\\\/wiadomosci\\\/wp-content\\\/uploads\\\/2017\\\/12\\\/roosevelta-zabrze-pasy.jpg\",\"contentUrl\":\"https:\\\/\\\/www.24gliwice.pl\\\/wiadomosci\\\/wp-content\\\/uploads\\\/2017\\\/12\\\/roosevelta-zabrze-pasy.jpg\",\"width\":810,\"height\":456},{\"@type\":\"BreadcrumbList\",\"@id\":\"https:\\\/\\\/www.24gliwice.pl\\\/wiadomosci\\\/magistrat-chce-budowac-pasy-rowerowe-zamiast-wydzielonych-sciezek-gdzie-moga-powstac\\\/#breadcrumb\",\"itemListElement\":[{\"@type\":\"ListItem\",\"position\":1,\"name\":\"Strona g\u0142\u00f3wna\",\"item\":\"https:\\\/\\\/www.24gliwice.pl\\\/wiadomosci\\\/\"},{\"@type\":\"ListItem\",\"position\":2,\"name\":\"Magistrat chce budowa\u0107 pasy rowerowe zamiast wydzielonych \u015bcie\u017cek. Gdzie mog\u0105 powsta\u0107?\"}]},{\"@type\":\"WebSite\",\"@id\":\"https:\\\/\\\/www.24gliwice.pl\\\/wiadomosci\\\/#website\",\"url\":\"https:\\\/\\\/www.24gliwice.pl\\\/wiadomosci\\\/\",\"name\":\"24GLIWICE - Portal Gliwice | codziennie nowe wiadomo\u015bci\",\"description\":\"Portal Miejski Gliwice\",\"publisher\":{\"@id\":\"https:\\\/\\\/www.24gliwice.pl\\\/wiadomosci\\\/#organization\"},\"potentialAction\":[{\"@type\":\"SearchAction\",\"target\":{\"@type\":\"EntryPoint\",\"urlTemplate\":\"https:\\\/\\\/www.24gliwice.pl\\\/wiadomosci\\\/?s={search_term_string}\"},\"query-input\":{\"@type\":\"PropertyValueSpecification\",\"valueRequired\":true,\"valueName\":\"search_term_string\"}}],\"inLanguage\":\"pl-PL\"},{\"@type\":\"Organization\",\"@id\":\"https:\\\/\\\/www.24gliwice.pl\\\/wiadomosci\\\/#organization\",\"name\":\"24gliwice\",\"url\":\"https:\\\/\\\/www.24gliwice.pl\\\/wiadomosci\\\/\",\"logo\":{\"@type\":\"ImageObject\",\"inLanguage\":\"pl-PL\",\"@id\":\"https:\\\/\\\/www.24gliwice.pl\\\/wiadomosci\\\/#\\\/schema\\\/logo\\\/image\\\/\",\"url\":\"https:\\\/\\\/www.24gliwice.pl\\\/wiadomosci\\\/wp-content\\\/uploads\\\/2024\\\/10\\\/24gliwice-logo-696.jpg\",\"contentUrl\":\"https:\\\/\\\/www.24gliwice.pl\\\/wiadomosci\\\/wp-content\\\/uploads\\\/2024\\\/10\\\/24gliwice-logo-696.jpg\",\"width\":696,\"height\":696,\"caption\":\"24gliwice\"},\"image\":{\"@id\":\"https:\\\/\\\/www.24gliwice.pl\\\/wiadomosci\\\/#\\\/schema\\\/logo\\\/image\\\/\"},\"sameAs\":[\"https:\\\/\\\/www.facebook.com\\\/24gliwice\",\"https:\\\/\\\/x.com\\\/24gliwice\",\"https:\\\/\\\/www.youtube.com\\\/@24gliwice\"]},{\"@type\":\"Person\",\"@id\":\"https:\\\/\\\/www.24gliwice.pl\\\/wiadomosci\\\/#\\\/schema\\\/person\\\/940e8f8a097e322de4f463f061ef8d45\",\"name\":\"Micha\u0142 Szewczyk\",\"image\":{\"@type\":\"ImageObject\",\"inLanguage\":\"pl-PL\",\"@id\":\"https:\\\/\\\/secure.gravatar.com\\\/avatar\\\/771b8b6c74cd8d255e46392d605e01a86133900ef09b6ef3c8d451c9d92288cf?s=96&d=mm&r=g\",\"url\":\"https:\\\/\\\/secure.gravatar.com\\\/avatar\\\/771b8b6c74cd8d255e46392d605e01a86133900ef09b6ef3c8d451c9d92288cf?s=96&d=mm&r=g\",\"contentUrl\":\"https:\\\/\\\/secure.gravatar.com\\\/avatar\\\/771b8b6c74cd8d255e46392d605e01a86133900ef09b6ef3c8d451c9d92288cf?s=96&d=mm&r=g\",\"caption\":\"Micha\u0142 Szewczyk\"},\"sameAs\":[\"http:\\\/\\\/www.gazeta-miejska.pl\"],\"url\":\"https:\\\/\\\/www.24gliwice.pl\\\/wiadomosci\\\/author\\\/michal-szewczyk\\\/\"}]}<\/script>\n<!-- \/ Yoast SEO plugin. -->","yoast_head_json":{"title":"Magistrat chce budowa\u0107 pasy rowerowe zamiast wydzielonych \u015bcie\u017cek. Gdzie mog\u0105 powsta\u0107? - 24GLIWICE - Portal Gliwice | codziennie nowe informacje","robots":{"index":"index","follow":"follow","max-snippet":"max-snippet:-1","max-image-preview":"max-image-preview:large","max-video-preview":"max-video-preview:-1"},"canonical":"https:\/\/www.24gliwice.pl\/wiadomosci\/magistrat-chce-budowac-pasy-rowerowe-zamiast-wydzielonych-sciezek-gdzie-moga-powstac\/","og_locale":"pl_PL","og_type":"article","og_title":"Magistrat chce budowa\u0107 pasy rowerowe zamiast wydzielonych \u015bcie\u017cek. Gdzie mog\u0105 powsta\u0107? - 24GLIWICE - Portal Gliwice | codziennie nowe informacje","og_description":"Urz\u0105d Miasta zmienia podej\u015bcie do budowy nowych dr\u00f3g rowerowych. Zamiast wydzielonych \u015bcie\u017cek na du\u017cych ulicach miasta maj\u0105 pojawia\u0107 si\u0119 pasy rowerowe. &nbsp; &#8211; W przysz\u0142ym roku ZDM wykona analizy uk\u0142adu dr\u00f3g rowerowych poprzez wykorzystanie do tego cz\u0119\u015bci pas\u00f3w drogowych. Sukcesywnie b\u0119dziemy dokonywali zmian tam gdzie to mo\u017cliwe &#8211; zapowiedzia\u0142 w programie &#8220;Go\u015b\u0107 Dnia&#8221; wiceprezydent Gliwic [&hellip;]","og_url":"https:\/\/www.24gliwice.pl\/wiadomosci\/magistrat-chce-budowac-pasy-rowerowe-zamiast-wydzielonych-sciezek-gdzie-moga-powstac\/","og_site_name":"24GLIWICE - Portal Gliwice | codziennie nowe informacje","article_publisher":"https:\/\/www.facebook.com\/24gliwice","article_published_time":"2023-08-15T04:00:03+00:00","og_image":[{"width":810,"height":456,"url":"https:\/\/www.24gliwice.pl\/wiadomosci\/wp-content\/uploads\/2017\/12\/roosevelta-zabrze-pasy.jpg","type":"image\/jpeg"}],"author":"Micha\u0142 Szewczyk","twitter_card":"summary_large_image","twitter_creator":"@24gliwice","twitter_site":"@24gliwice","twitter_misc":{"Napisane przez":"Micha\u0142 Szewczyk","Szacowany czas czytania":"3 minuty"},"schema":{"@context":"https:\/\/schema.org","@graph":[{"@type":"Article","@id":"https:\/\/www.24gliwice.pl\/wiadomosci\/magistrat-chce-budowac-pasy-rowerowe-zamiast-wydzielonych-sciezek-gdzie-moga-powstac\/#article","isPartOf":{"@id":"https:\/\/www.24gliwice.pl\/wiadomosci\/magistrat-chce-budowac-pasy-rowerowe-zamiast-wydzielonych-sciezek-gdzie-moga-powstac\/"},"author":{"name":"Micha\u0142 Szewczyk","@id":"https:\/\/www.24gliwice.pl\/wiadomosci\/#\/schema\/person\/940e8f8a097e322de4f463f061ef8d45"},"headline":"Magistrat chce budowa\u0107 pasy rowerowe zamiast wydzielonych \u015bcie\u017cek. Gdzie mog\u0105 powsta\u0107?","datePublished":"2023-08-15T04:00:03+00:00","mainEntityOfPage":{"@id":"https:\/\/www.24gliwice.pl\/wiadomosci\/magistrat-chce-budowac-pasy-rowerowe-zamiast-wydzielonych-sciezek-gdzie-moga-powstac\/"},"wordCount":540,"commentCount":0,"publisher":{"@id":"https:\/\/www.24gliwice.pl\/wiadomosci\/#organization"},"image":{"@id":"https:\/\/www.24gliwice.pl\/wiadomosci\/magistrat-chce-budowac-pasy-rowerowe-zamiast-wydzielonych-sciezek-gdzie-moga-powstac\/#primaryimage"},"thumbnailUrl":"https:\/\/www.24gliwice.pl\/wiadomosci\/wp-content\/uploads\/2017\/12\/roosevelta-zabrze-pasy.jpg","keywords":["DDR","DROGI ROWEROWE","pasy rowerowe"],"articleSection":["Gliwice","Najnowsze wiadomo\u015bci","Portal Gliwice - Wiadomo\u015bci lokalne","Samorz\u0105d, polityka"],"inLanguage":"pl-PL","potentialAction":[{"@type":"CommentAction","name":"Comment","target":["https:\/\/www.24gliwice.pl\/wiadomosci\/magistrat-chce-budowac-pasy-rowerowe-zamiast-wydzielonych-sciezek-gdzie-moga-powstac\/#respond"]}]},{"@type":"WebPage","@id":"https:\/\/www.24gliwice.pl\/wiadomosci\/magistrat-chce-budowac-pasy-rowerowe-zamiast-wydzielonych-sciezek-gdzie-moga-powstac\/","url":"https:\/\/www.24gliwice.pl\/wiadomosci\/magistrat-chce-budowac-pasy-rowerowe-zamiast-wydzielonych-sciezek-gdzie-moga-powstac\/","name":"Magistrat chce budowa\u0107 pasy rowerowe zamiast wydzielonych \u015bcie\u017cek. Gdzie mog\u0105 powsta\u0107? - 24GLIWICE - Portal Gliwice | codziennie nowe informacje","isPartOf":{"@id":"https:\/\/www.24gliwice.pl\/wiadomosci\/#website"},"primaryImageOfPage":{"@id":"https:\/\/www.24gliwice.pl\/wiadomosci\/magistrat-chce-budowac-pasy-rowerowe-zamiast-wydzielonych-sciezek-gdzie-moga-powstac\/#primaryimage"},"image":{"@id":"https:\/\/www.24gliwice.pl\/wiadomosci\/magistrat-chce-budowac-pasy-rowerowe-zamiast-wydzielonych-sciezek-gdzie-moga-powstac\/#primaryimage"},"thumbnailUrl":"https:\/\/www.24gliwice.pl\/wiadomosci\/wp-content\/uploads\/2017\/12\/roosevelta-zabrze-pasy.jpg","datePublished":"2023-08-15T04:00:03+00:00","breadcrumb":{"@id":"https:\/\/www.24gliwice.pl\/wiadomosci\/magistrat-chce-budowac-pasy-rowerowe-zamiast-wydzielonych-sciezek-gdzie-moga-powstac\/#breadcrumb"},"inLanguage":"pl-PL","potentialAction":[{"@type":"ReadAction","target":["https:\/\/www.24gliwice.pl\/wiadomosci\/magistrat-chce-budowac-pasy-rowerowe-zamiast-wydzielonych-sciezek-gdzie-moga-powstac\/"]}]},{"@type":"ImageObject","inLanguage":"pl-PL","@id":"https:\/\/www.24gliwice.pl\/wiadomosci\/magistrat-chce-budowac-pasy-rowerowe-zamiast-wydzielonych-sciezek-gdzie-moga-powstac\/#primaryimage","url":"https:\/\/www.24gliwice.pl\/wiadomosci\/wp-content\/uploads\/2017\/12\/roosevelta-zabrze-pasy.jpg","contentUrl":"https:\/\/www.24gliwice.pl\/wiadomosci\/wp-content\/uploads\/2017\/12\/roosevelta-zabrze-pasy.jpg","width":810,"height":456},{"@type":"BreadcrumbList","@id":"https:\/\/www.24gliwice.pl\/wiadomosci\/magistrat-chce-budowac-pasy-rowerowe-zamiast-wydzielonych-sciezek-gdzie-moga-powstac\/#breadcrumb","itemListElement":[{"@type":"ListItem","position":1,"name":"Strona g\u0142\u00f3wna","item":"https:\/\/www.24gliwice.pl\/wiadomosci\/"},{"@type":"ListItem","position":2,"name":"Magistrat chce budowa\u0107 pasy rowerowe zamiast wydzielonych \u015bcie\u017cek. Gdzie mog\u0105 powsta\u0107?"}]},{"@type":"WebSite","@id":"https:\/\/www.24gliwice.pl\/wiadomosci\/#website","url":"https:\/\/www.24gliwice.pl\/wiadomosci\/","name":"24GLIWICE - Portal Gliwice | codziennie nowe wiadomo\u015bci","description":"Portal Miejski Gliwice","publisher":{"@id":"https:\/\/www.24gliwice.pl\/wiadomosci\/#organization"},"potentialAction":[{"@type":"SearchAction","target":{"@type":"EntryPoint","urlTemplate":"https:\/\/www.24gliwice.pl\/wiadomosci\/?s={search_term_string}"},"query-input":{"@type":"PropertyValueSpecification","valueRequired":true,"valueName":"search_term_string"}}],"inLanguage":"pl-PL"},{"@type":"Organization","@id":"https:\/\/www.24gliwice.pl\/wiadomosci\/#organization","name":"24gliwice","url":"https:\/\/www.24gliwice.pl\/wiadomosci\/","logo":{"@type":"ImageObject","inLanguage":"pl-PL","@id":"https:\/\/www.24gliwice.pl\/wiadomosci\/#\/schema\/logo\/image\/","url":"https:\/\/www.24gliwice.pl\/wiadomosci\/wp-content\/uploads\/2024\/10\/24gliwice-logo-696.jpg","contentUrl":"https:\/\/www.24gliwice.pl\/wiadomosci\/wp-content\/uploads\/2024\/10\/24gliwice-logo-696.jpg","width":696,"height":696,"caption":"24gliwice"},"image":{"@id":"https:\/\/www.24gliwice.pl\/wiadomosci\/#\/schema\/logo\/image\/"},"sameAs":["https:\/\/www.facebook.com\/24gliwice","https:\/\/x.com\/24gliwice","https:\/\/www.youtube.com\/@24gliwice"]},{"@type":"Person","@id":"https:\/\/www.24gliwice.pl\/wiadomosci\/#\/schema\/person\/940e8f8a097e322de4f463f061ef8d45","name":"Micha\u0142 Szewczyk","image":{"@type":"ImageObject","inLanguage":"pl-PL","@id":"https:\/\/secure.gravatar.com\/avatar\/771b8b6c74cd8d255e46392d605e01a86133900ef09b6ef3c8d451c9d92288cf?s=96&d=mm&r=g","url":"https:\/\/secure.gravatar.com\/avatar\/771b8b6c74cd8d255e46392d605e01a86133900ef09b6ef3c8d451c9d92288cf?s=96&d=mm&r=g","contentUrl":"https:\/\/secure.gravatar.com\/avatar\/771b8b6c74cd8d255e46392d605e01a86133900ef09b6ef3c8d451c9d92288cf?s=96&d=mm&r=g","caption":"Micha\u0142 Szewczyk"},"sameAs":["http:\/\/www.gazeta-miejska.pl"],"url":"https:\/\/www.24gliwice.pl\/wiadomosci\/author\/michal-szewczyk\/"}]}},"_links":{"self":[{"href":"https:\/\/www.24gliwice.pl\/wiadomosci\/wp-json\/wp\/v2\/posts\/219592","targetHints":{"allow":["GET"]}}],"collection":[{"href":"https:\/\/www.24gliwice.pl\/wiadomosci\/wp-json\/wp\/v2\/posts"}],"about":[{"href":"https:\/\/www.24gliwice.pl\/wiadomosci\/wp-json\/wp\/v2\/types\/post"}],"author":[{"embeddable":true,"href":"https:\/\/www.24gliwice.pl\/wiadomosci\/wp-json\/wp\/v2\/users\/12"}],"replies":[{"embeddable":true,"href":"https:\/\/www.24gliwice.pl\/wiadomosci\/wp-json\/wp\/v2\/comments?post=219592"}],"version-history":[{"count":0,"href":"https:\/\/www.24gliwice.pl\/wiadomosci\/wp-json\/wp\/v2\/posts\/219592\/revisions"}],"wp:featuredmedia":[{"embeddable":true,"href":"https:\/\/www.24gliwice.pl\/wiadomosci\/wp-json\/wp\/v2\/media\/109230"}],"wp:attachment":[{"href":"https:\/\/www.24gliwice.pl\/wiadomosci\/wp-json\/wp\/v2\/media?parent=219592"}],"wp:term":[{"taxonomy":"category","embeddable":true,"href":"https:\/\/www.24gliwice.pl\/wiadomosci\/wp-json\/wp\/v2\/categories?post=219592"},{"taxonomy":"post_tag","embeddable":true,"href":"https:\/\/www.24gliwice.pl\/wiadomosci\/wp-json\/wp\/v2\/tags?post=219592"}],"curies":[{"name":"wp","href":"https:\/\/api.w.org\/{rel}","templated":true}]}}