{"id":219819,"date":"2023-08-25T01:02:54","date_gmt":"2023-08-24T23:02:54","guid":{"rendered":"https:\/\/www.24gliwice.pl\/wiadomosci\/?p=219819"},"modified":"2023-08-25T01:02:54","modified_gmt":"2023-08-24T23:02:54","slug":"spor-o-nowe-muzeum-przy-radiostacji-protesty-spolecznikow-jasne-stanowisko-muzeum-w-gliwicach","status":"publish","type":"post","link":"https:\/\/www.24gliwice.pl\/wiadomosci\/spor-o-nowe-muzeum-przy-radiostacji-protesty-spolecznikow-jasne-stanowisko-muzeum-w-gliwicach\/","title":{"rendered":"Sp\u00f3r o nowe muzeum przy Radiostacji. Protesty spo\u0142ecznik\u00f3w, jasne stanowisko Muzeum w Gliwicach"},"content":{"rendered":"<div class=\"gliwi-a6-nad-leadem-artykulow gliwi-entity-placement\" id=\"gliwi-2563977412\"><div class=\"gliwi-adlabel\"><span style=\"font-size: 9px\">REKLAMA<\/span><\/div><div id=\"gliwi-291584277\" style=\"margin-bottom: 30px;margin-left: auto;margin-right: auto;text-align: center;\"><a data-no-instant=\"1\" href=\"https:\/\/przedszkole.halogen.org.pl\/\" rel=\"noopener\" class=\"a2t-link\" target=\"_blank\" aria-label=\"20260402-ANIMATOR-przedszkole_grafika_750x200\"><img loading=\"lazy\" decoding=\"async\" src=\"https:\/\/www.24gliwice.pl\/wiadomosci\/wp-content\/uploads\/2026\/04\/20260402-ANIMATOR-przedszkole_grafika_750x200.webp\" alt=\"\"  srcset=\"https:\/\/www.24gliwice.pl\/wiadomosci\/wp-content\/uploads\/2026\/04\/20260402-ANIMATOR-przedszkole_grafika_750x200.webp 750w, https:\/\/www.24gliwice.pl\/wiadomosci\/wp-content\/uploads\/2026\/04\/20260402-ANIMATOR-przedszkole_grafika_750x200-410x109.webp 410w\" sizes=\"(max-width: 750px) 100vw, 750px\" class=\"no-lazyload\" width=\"750\" height=\"200\"  style=\"display: inline-block; max-width: 100%; height: auto;\" \/><\/a><\/div><\/div><h2>Muzeum w Gliwicach chce przebudowa\u0107 budynki Radiostacji Gliwickiej pod nowy kompleks muzealno-badawczy. Zdaniem spo\u0142ecznik\u00f3w przekre\u015bli to szanse zabytku na wpis na list\u0119 UNESCO, a inwestycj\u0119 dwukrotnie negatywnie zaopiniowa\u0142 Narodowy Instytut Dziedzictwa.<\/h2>\n<p>&nbsp;<br \/>\nWed\u0142ug plan\u00f3w zewn\u0119trzny wygl\u0105d budynk\u00f3w ma zosta\u0107 zachowany, a zmiany obejm\u0105 ich wn\u0119trza. Dwa budynki maj\u0105 zosta\u0107 wykorzystane na potrzeby muzealne. Po\u0142\u0105czy\u0107 ma je nowy, podziemny obiekt przeznaczony na cz\u0119\u015b\u0107 sta\u0142ej ekspozycji muzealnej. W trzecim budynku powsta\u0107 ma aparthotel (obiekt oferuj\u0105cy apartamenty \u2013 mieszkania pod wynajem). Zaplanowano tak\u017ce budow\u0119 miejsc parkingowych (przeczytaj &#8211;> <a href=\"https:\/\/www.24gliwice.pl\/wiadomosci\/podziemna-ekspozycja-gastronomia-i-hotel-projekt-nowej-odslony-muzeum-na-terenie-kompleksu-radiostacji\/\" rel=\"noopener\" target=\"_blank\">Podziemna ekspozycja, gastronomia i hotel \u2013 projekt nowej ods\u0142ony Muzeum na terenie kompleksu Radiostacji<\/a>).<\/p>\n<p><img loading=\"lazy\" decoding=\"async\" src=\"https:\/\/www.24gliwice.pl\/wiadomosci\/wp-content\/uploads\/2023\/08\/radiostacja-zms-3.jpg\" alt=\"\" width=\"810\" height=\"456\" class=\"aligncenter size-full wp-image-220309\" srcset=\"https:\/\/www.24gliwice.pl\/wiadomosci\/wp-content\/uploads\/2023\/08\/radiostacja-zms-3.jpg 810w, https:\/\/www.24gliwice.pl\/wiadomosci\/wp-content\/uploads\/2023\/08\/radiostacja-zms-3-410x232.jpg 410w, https:\/\/www.24gliwice.pl\/wiadomosci\/wp-content\/uploads\/2023\/08\/radiostacja-zms-3-808x455.jpg 808w, https:\/\/www.24gliwice.pl\/wiadomosci\/wp-content\/uploads\/2023\/08\/radiostacja-zms-3-768x432.jpg 768w\" sizes=\"auto, (max-width: 810px) 100vw, 810px\" \/><\/p>\n<p>Opracowany zosta\u0142 ju\u017c scenariusz ekspozycji muzealnej, a tak\u017ce projekt plastyczny wystawy i modernizacji ca\u0142ego obiektu autorstwa Miros\u0142awa Nizio z pracowni Nizio Design International (w Gliwicach pracowa\u0142 ju\u017c nad wystaw\u0105 \u201eS\u0142usznie s\u0142yn\u0105 dzi\u015b Gliwice&#8230;\u201d, otwart\u0105 w Oddziale Odlewnictwa Artystycznego w pa\u017adzierniku 2010 roku). <\/p><div class=\"gliwi-a3-w-tresci-artykulow gliwi-entity-placement\" id=\"gliwi-1466670603\"><div class=\"gliwi-adlabel\"><span style=\"font-size: 9px\">REKLAMA<\/span><\/div><div id=\"gliwi-1754964855\" style=\"margin-bottom: 30px;margin-left: auto;margin-right: auto;text-align: center;\"><a data-no-instant=\"1\" href=\"https:\/\/zlobek.halogen.org.pl\/\" rel=\"noopener\" class=\"a2t-link\" target=\"_blank\" aria-label=\"animator-zlobek_750x200\"><img loading=\"lazy\" decoding=\"async\" src=\"https:\/\/www.24gliwice.pl\/wiadomosci\/wp-content\/uploads\/2026\/02\/animator-zlobek_750x200.webp\" alt=\"\"  srcset=\"https:\/\/www.24gliwice.pl\/wiadomosci\/wp-content\/uploads\/2026\/02\/animator-zlobek_750x200.webp 750w, https:\/\/www.24gliwice.pl\/wiadomosci\/wp-content\/uploads\/2026\/02\/animator-zlobek_750x200-410x109.webp 410w\" sizes=\"(max-width: 750px) 100vw, 750px\" class=\"no-lazyload\" width=\"750\" height=\"200\"  style=\"display: inline-block; max-width: 100%; height: auto;\" \/><\/a><\/div><\/div>\n<p>Teraz Muzeum zamierza ubiega\u0107 si\u0119 o \u015brodki zewn\u0119trzne na realizacj\u0119 inwestycji. Jednak na pocz\u0105tku sierpnia okaza\u0142o si\u0119, \u017ce w toku przygotowa\u0144 projekt otrzyma\u0142 dwukrotnie negatywn\u0105 opini\u0119 Narodowego Instytutu Dziedzictwa. Ocena NID jest zaskakuj\u0105co jednoznaczna, a realizacja projektu okre\u015blona zosta\u0142a jako &#8220;wysoce ryzykowna i zagra\u017caj\u0105ca zachowaniu ca\u0142ego zabytkowego zespo\u0142u radiostacji w nienaruszonym stanie&#8221; oraz &#8220;ca\u0142kowicie sprzeczna z zasadami konserwatorskimi i niedopuszczalna&#8221;. Mimo to zgod\u0119 na realizacj\u0119 inwestycji wyrazi\u0142 \u015al\u0105ski Wojew\u00f3dzki Konserwator Zabytk\u00f3w (opinia NID nie jest dla \u015aWKZ wi\u0105\u017c\u0105ca).<\/p>\n<p><H4>NOWE MUZEUM PRZEKRE\u015aLI SZANSE NA WPIS DO UNESCO?<\/H4><\/p>\n<p>Spraw\u0119 nag\u0142o\u015bnili na facebooku spo\u0142ecznicy z nieformalnej grupy Ratujmy Lipy. Ich zdaniem poza negatywn\u0105 ocen\u0105 NID, inwestycja mo\u017ce zaprzepa\u015bci\u0107 szans\u0119 na wpisanie zabytku na list\u0119 zabytk\u00f3w UNESCO (o co gliwiccy urz\u0119dnicy z mniejszym lub wi\u0119kszym zaanga\u017cowaniem zabiegaj\u0105 od co najmniej dekady).  <\/p>\n<blockquote><p>&#8211; Zabytek, aby znale\u017a\u0107 si\u0119 na li\u015bcie, musi by\u0107 nie tylko wa\u017cny, ale tak\u017ce autentyczny, to znaczy jak najmniej przeobra\u017cony. Bez tego wpisu do UNESCO nie b\u0119dzie<\/p><\/blockquote>\n<p> &#8211; czytamy na fanpage&#8217;u. &#8211; Zupe\u0142nie niezrozumia\u0142e jest, jak w\u0142adze Gliwic s\u0105 w stanie jednocze\u015bnie twierdzi\u0107, \u017ce podejmuj\u0105 starania o wpis Radiostacji na list\u0119 UNESCO, i szykowa\u0107 si\u0119 do wprowadzenia tam takich zmian, kt\u00f3re najprawdopodobniej szanse na umieszczenie kompleksu na tej li\u015bcie na zawsze pogrzebi\u0105 &#8211; pisz\u0105 Ratujmy Lipy. <\/p>\n<p><img loading=\"lazy\" decoding=\"async\" src=\"https:\/\/www.24gliwice.pl\/wiadomosci\/wp-content\/uploads\/2023\/08\/radiostacja-zms-5.jpg\" alt=\"\" width=\"810\" height=\"456\" class=\"aligncenter size-full wp-image-220311\" srcset=\"https:\/\/www.24gliwice.pl\/wiadomosci\/wp-content\/uploads\/2023\/08\/radiostacja-zms-5.jpg 810w, https:\/\/www.24gliwice.pl\/wiadomosci\/wp-content\/uploads\/2023\/08\/radiostacja-zms-5-410x232.jpg 410w, https:\/\/www.24gliwice.pl\/wiadomosci\/wp-content\/uploads\/2023\/08\/radiostacja-zms-5-808x455.jpg 808w, https:\/\/www.24gliwice.pl\/wiadomosci\/wp-content\/uploads\/2023\/08\/radiostacja-zms-5-768x432.jpg 768w\" sizes=\"auto, (max-width: 810px) 100vw, 810px\" \/><\/p>\n<p>Urz\u0105d Miejski poproszony o komentarz na razie nie chce udziela\u0107 odpowiedzi.<br \/>\n&#8211; Obecnie spraw\u0119 rozpatruje organ wy\u017cszej instancji, jakim jest Generalny Konserwator Zabytk\u00f3w. Nie b\u0119dziemy komentowa\u0107 post\u0119powania, kt\u00f3re nie zosta\u0142o jeszcze zako\u0144czone &#8211; informuje <strong>Maja Lamorska-Gorgol<\/strong> z Wydzia\u0142u Promocji i Komunikacji Spo\u0142ecznej UM Gliwice. <\/p>\n<p><H4>MUZEUM: PRZECI\u0104GAJ\u0104CE SI\u0118 PROCEDURY MOG\u0104 ZASZKODZI\u0106 POZYSKANIU DOFINANSOWANIA<\/H4><\/p>\n<p>Pewne swoich zamierze\u0144 jest natomiast Muzeum w Gliwicach. Muzealnicy przekonuj\u0105, \u017ce nie ma zagro\u017cenia, by inwestycja mog\u0142a utrudni\u0107 wpis na list\u0119 UNESCO.<\/p>\n<p>&#8211; Wytyczne operacyjne do realizacji Konwencji \u015bwiatowego dziedzictwa uznaj\u0105 bowiem, i\u017c dobro \u015bwiatowego dziedzictwa, a wi\u0119c zabytki, mog\u0105 tak\u017ce \u201ewspomaga\u0107 r\u00f3\u017cne &#8211; obecne i proponowane &#8211; formy u\u017cytkowania, kt\u00f3re maj\u0105 charakter ekologicznie i kulturowo zr\u00f3wnowa\u017cony, i kt\u00f3re mog\u0105 mie\u0107 pozytywny wp\u0142yw na jako\u015b\u0107 \u017cycia danej spo\u0142eczno\u015bci&#8221; &#8211; czytamy w przes\u0142anej przez Urz\u0105d korespondencji. &#8211; Planowana inwestycja w opinii specjalist\u00f3w z Muzeum spe\u0142nia ten wym\u00f3g. Jest \u015bwiadectwem odpowiedzialno\u015bci nie tylko za utrzymanie dobra kultury, jakim jest Radiostacja, ale tak\u017ce (poprzez wprowadzanie niezb\u0119dnych funkcji o charakterze edukacyjnym) zapewniania do niego szerokiego dost\u0119pu, co ma pozytywny wp\u0142yw na dobrostan spo\u0142eczno\u015bci lokalnej &#8211; argumentuj\u0105 muzealnicy.<\/p>\n<p>Muzeum w Gliwicach wyst\u0105pi\u0142o ju\u017c o dofinansowanie dla projektu z Unii Europejskiej. Jest szansa, \u017ce uda si\u0119 pozyska\u0107 80% ca\u0142ej wymaganej kwoty. <\/p>\n<blockquote><p>&#8211; Znaczne wyd\u0142u\u017cenie procedur formalnych, kt\u00f3re jest wynikiem odwo\u0142ania od decyzji WKZ, znacz\u0105co utrudnia Muzeum uzyskanie prawomocnego pozwolenia na budow\u0119, a w najgorszym przypadku mo\u017ce nawet uniemo\u017cliwi\u0107 si\u0119gni\u0119cie po \u015brodki europejskie<\/p><\/blockquote>\n<p> &#8211; wskazuje Muzeum. &#8211; Konsekwencj\u0105 mo\u017ce by\u0107 od\u0142o\u017cenie inwestycji na bli\u017cej nieokre\u015blon\u0105 przysz\u0142o\u015b\u0107, b\u0105d\u017a nawet jej niezrealizowanie. Du\u017ca skala inwestycji wyklucza mo\u017cliwo\u015b\u0107 zrealizowania jej wy\u0142\u0105cznie w oparciu o bud\u017cet miasta &#8211; dodaj\u0105.<\/p>\n<p><img loading=\"lazy\" decoding=\"async\" src=\"https:\/\/www.24gliwice.pl\/wiadomosci\/wp-content\/uploads\/2023\/08\/radiostacja-zms-1-001.jpg\" alt=\"\" width=\"810\" height=\"456\" class=\"aligncenter size-full wp-image-220308\" srcset=\"https:\/\/www.24gliwice.pl\/wiadomosci\/wp-content\/uploads\/2023\/08\/radiostacja-zms-1-001.jpg 810w, https:\/\/www.24gliwice.pl\/wiadomosci\/wp-content\/uploads\/2023\/08\/radiostacja-zms-1-001-410x232.jpg 410w, https:\/\/www.24gliwice.pl\/wiadomosci\/wp-content\/uploads\/2023\/08\/radiostacja-zms-1-001-808x455.jpg 808w, https:\/\/www.24gliwice.pl\/wiadomosci\/wp-content\/uploads\/2023\/08\/radiostacja-zms-1-001-768x432.jpg 768w\" sizes=\"auto, (max-width: 810px) 100vw, 810px\" \/><\/p>\n<p>Sp\u00f3r rozstrzygnie Generalny Konserwator Zabytk\u00f3w. Sprawa zd\u0105\u017cy\u0142a ju\u017c jednak odbi\u0107 si\u0119 szerokim echem w przestrzeni internetowej. Wpis &#8220;Ratujmy Lipy&#8221; na temat oceny NID zosta\u0142 udost\u0119pniony na facebook&#8217;u blisko 100 razy.<\/p>\n<h4>W RADIOSTACJI O PROWOKACJI, ALE TE\u017b O HISTORII MIESZKA\u0143C\u00d3W GLIWIC<\/H4><\/p>\n<p>Przypomnijmy, nowa ekspozycja muzealna w Radiostacji ma opowiada\u0107 przede wszystkim o prowokacji gliwickiej, cho\u0107 nie tylko.<\/p>\n<p>&#8211;  Zwr\u00f3cimy szczeg\u00f3ln\u0105 uwag\u0119 na katastrofalne w skutkach decyzje natury politycznej, na instrumentalne wykorzystywanie medi\u00f3w do dezinformowania i manipulowania spo\u0142ecze\u0144stwami, na k\u0142amstwo historyczne, na odpowiedzialno\u015b\u0107 za dokonywane przez ka\u017cdego z nas wybory, na nieodwracalne skutki zacierania granicy mi\u0119dzy dobrem a z\u0142em. Chcemy tak\u017ce w inspiruj\u0105cy spos\u00f3b opowiada\u0107 o dramatycznej historii mieszka\u0144c\u00f3w Gliwic i regionu w XX wieku, zw\u0142aszcza w nieszcz\u0119snym okresie dw\u00f3ch totalitaryzm\u00f3w &#8211; czytamy w opisie projektu na stronie internetowej Muzeum w Gliwicach.<\/p>\n<p>(msz)<\/p>\n<div class=\"gliwi-a5-na-koncu-artykulow gliwi-entity-placement\" id=\"gliwi-3818251457\"><div class=\"gliwi-adlabel\"><span style=\"font-size: 9px\">REKLAMA<\/span><\/div><div id=\"gliwi-688084300\" style=\"margin-left: auto;margin-right: auto;text-align: center;\"><a data-no-instant=\"1\" href=\"https:\/\/prezeroarenagliwice.pl\/\" rel=\"noopener\" class=\"a2t-link\" target=\"_blank\" aria-label=\"20260309-PREZERO-WIOSNA-D\"><img loading=\"lazy\" decoding=\"async\" src=\"https:\/\/www.24gliwice.pl\/wiadomosci\/wp-content\/uploads\/2026\/03\/20260309-PREZERO-WIOSNA-D.webp\" alt=\"\"  srcset=\"https:\/\/www.24gliwice.pl\/wiadomosci\/wp-content\/uploads\/2026\/03\/20260309-PREZERO-WIOSNA-D.webp 750w, https:\/\/www.24gliwice.pl\/wiadomosci\/wp-content\/uploads\/2026\/03\/20260309-PREZERO-WIOSNA-D-410x109.webp 410w\" sizes=\"(max-width: 750px) 100vw, 750px\" class=\"no-lazyload\" width=\"750\" height=\"200\"  style=\"display: inline-block; max-width: 100%; height: auto;\" \/><\/a><\/div><\/div>","protected":false},"excerpt":{"rendered":"<p>Muzeum w Gliwicach chce przebudowa\u0107 budynki Radiostacji Gliwickiej pod nowy kompleks muzealno-badawczy. Zdaniem spo\u0142ecznik\u00f3w przekre\u015bli to szanse zabytku na wpis na list\u0119 UNESCO, a inwestycj\u0119 dwukrotnie negatywnie zaopiniowa\u0142 Narodowy Instytut Dziedzictwa. &nbsp; Wed\u0142ug plan\u00f3w zewn\u0119trzny wygl\u0105d budynk\u00f3w ma zosta\u0107 zachowany, a zmiany obejm\u0105 ich wn\u0119trza. Dwa budynki maj\u0105 zosta\u0107 wykorzystane na potrzeby muzealne. Po\u0142\u0105czy\u0107 ma [&hellip;]<\/p>\n","protected":false},"author":12,"featured_media":220310,"comment_status":"open","ping_status":"closed","sticky":false,"template":"","format":"standard","meta":{"_monsterinsights_skip_tracking":false,"_monsterinsights_sitenote_active":false,"_monsterinsights_sitenote_note":"","_monsterinsights_sitenote_category":0,"footnotes":"","_links_to":"","_links_to_target":""},"categories":[3,1,9,8],"tags":[211,527],"class_list":["post-219819","post","type-post","status-publish","format-standard","has-post-thumbnail","hentry","category-gliwice","category-wszystko","category-aktualnosci_lokalne","category-samorzad_polityka","tag-muzeum-w-gliwicach","tag-radiostacja"],"yoast_head":"<!-- This site is optimized with the Yoast SEO plugin v27.5 - https:\/\/yoast.com\/product\/yoast-seo-wordpress\/ -->\n<title>Sp\u00f3r o nowe muzeum przy Radiostacji. Protesty spo\u0142ecznik\u00f3w, jasne stanowisko Muzeum w Gliwicach - 24GLIWICE - Portal Gliwice | codziennie nowe informacje<\/title>\n<meta name=\"robots\" content=\"index, follow, max-snippet:-1, max-image-preview:large, max-video-preview:-1\" \/>\n<link rel=\"canonical\" href=\"https:\/\/www.24gliwice.pl\/wiadomosci\/spor-o-nowe-muzeum-przy-radiostacji-protesty-spolecznikow-jasne-stanowisko-muzeum-w-gliwicach\/\" \/>\n<meta property=\"og:locale\" content=\"pl_PL\" \/>\n<meta property=\"og:type\" content=\"article\" \/>\n<meta property=\"og:title\" content=\"Sp\u00f3r o nowe muzeum przy Radiostacji. Protesty spo\u0142ecznik\u00f3w, jasne stanowisko Muzeum w Gliwicach - 24GLIWICE - Portal Gliwice | codziennie nowe informacje\" \/>\n<meta property=\"og:description\" content=\"Muzeum w Gliwicach chce przebudowa\u0107 budynki Radiostacji Gliwickiej pod nowy kompleks muzealno-badawczy. Zdaniem spo\u0142ecznik\u00f3w przekre\u015bli to szanse zabytku na wpis na list\u0119 UNESCO, a inwestycj\u0119 dwukrotnie negatywnie zaopiniowa\u0142 Narodowy Instytut Dziedzictwa. &nbsp; Wed\u0142ug plan\u00f3w zewn\u0119trzny wygl\u0105d budynk\u00f3w ma zosta\u0107 zachowany, a zmiany obejm\u0105 ich wn\u0119trza. Dwa budynki maj\u0105 zosta\u0107 wykorzystane na potrzeby muzealne. Po\u0142\u0105czy\u0107 ma [&hellip;]\" \/>\n<meta property=\"og:url\" content=\"https:\/\/www.24gliwice.pl\/wiadomosci\/spor-o-nowe-muzeum-przy-radiostacji-protesty-spolecznikow-jasne-stanowisko-muzeum-w-gliwicach\/\" \/>\n<meta property=\"og:site_name\" content=\"24GLIWICE - Portal Gliwice | codziennie nowe informacje\" \/>\n<meta property=\"article:publisher\" content=\"https:\/\/www.facebook.com\/24gliwice\" \/>\n<meta property=\"article:published_time\" content=\"2023-08-24T23:02:54+00:00\" \/>\n<meta property=\"og:image\" content=\"https:\/\/www.24gliwice.pl\/wiadomosci\/wp-content\/uploads\/2023\/08\/radiostacja-zms-4.jpg\" \/>\n\t<meta property=\"og:image:width\" content=\"810\" \/>\n\t<meta property=\"og:image:height\" content=\"456\" \/>\n\t<meta property=\"og:image:type\" content=\"image\/jpeg\" \/>\n<meta name=\"author\" content=\"Micha\u0142 Szewczyk\" \/>\n<meta name=\"twitter:card\" content=\"summary_large_image\" \/>\n<meta name=\"twitter:creator\" content=\"@24gliwice\" \/>\n<meta name=\"twitter:site\" content=\"@24gliwice\" \/>\n<meta name=\"twitter:label1\" content=\"Napisane przez\" \/>\n\t<meta name=\"twitter:data1\" content=\"Micha\u0142 Szewczyk\" \/>\n\t<meta name=\"twitter:label2\" content=\"Szacowany czas czytania\" \/>\n\t<meta name=\"twitter:data2\" content=\"5 minut\" \/>\n<script type=\"application\/ld+json\" class=\"yoast-schema-graph\">{\"@context\":\"https:\\\/\\\/schema.org\",\"@graph\":[{\"@type\":\"Article\",\"@id\":\"https:\\\/\\\/www.24gliwice.pl\\\/wiadomosci\\\/spor-o-nowe-muzeum-przy-radiostacji-protesty-spolecznikow-jasne-stanowisko-muzeum-w-gliwicach\\\/#article\",\"isPartOf\":{\"@id\":\"https:\\\/\\\/www.24gliwice.pl\\\/wiadomosci\\\/spor-o-nowe-muzeum-przy-radiostacji-protesty-spolecznikow-jasne-stanowisko-muzeum-w-gliwicach\\\/\"},\"author\":{\"name\":\"Micha\u0142 Szewczyk\",\"@id\":\"https:\\\/\\\/www.24gliwice.pl\\\/wiadomosci\\\/#\\\/schema\\\/person\\\/940e8f8a097e322de4f463f061ef8d45\"},\"headline\":\"Sp\u00f3r o nowe muzeum przy Radiostacji. Protesty spo\u0142ecznik\u00f3w, jasne stanowisko Muzeum w Gliwicach\",\"datePublished\":\"2023-08-24T23:02:54+00:00\",\"mainEntityOfPage\":{\"@id\":\"https:\\\/\\\/www.24gliwice.pl\\\/wiadomosci\\\/spor-o-nowe-muzeum-przy-radiostacji-protesty-spolecznikow-jasne-stanowisko-muzeum-w-gliwicach\\\/\"},\"wordCount\":889,\"commentCount\":0,\"publisher\":{\"@id\":\"https:\\\/\\\/www.24gliwice.pl\\\/wiadomosci\\\/#organization\"},\"image\":{\"@id\":\"https:\\\/\\\/www.24gliwice.pl\\\/wiadomosci\\\/spor-o-nowe-muzeum-przy-radiostacji-protesty-spolecznikow-jasne-stanowisko-muzeum-w-gliwicach\\\/#primaryimage\"},\"thumbnailUrl\":\"https:\\\/\\\/www.24gliwice.pl\\\/wiadomosci\\\/wp-content\\\/uploads\\\/2023\\\/08\\\/radiostacja-zms-4.jpg\",\"keywords\":[\"MUZEUM W GLIWICACH\",\"RADIOSTACJA\"],\"articleSection\":[\"Gliwice\",\"Najnowsze wiadomo\u015bci\",\"Portal Gliwice - Wiadomo\u015bci lokalne\",\"Samorz\u0105d, polityka\"],\"inLanguage\":\"pl-PL\",\"potentialAction\":[{\"@type\":\"CommentAction\",\"name\":\"Comment\",\"target\":[\"https:\\\/\\\/www.24gliwice.pl\\\/wiadomosci\\\/spor-o-nowe-muzeum-przy-radiostacji-protesty-spolecznikow-jasne-stanowisko-muzeum-w-gliwicach\\\/#respond\"]}]},{\"@type\":\"WebPage\",\"@id\":\"https:\\\/\\\/www.24gliwice.pl\\\/wiadomosci\\\/spor-o-nowe-muzeum-przy-radiostacji-protesty-spolecznikow-jasne-stanowisko-muzeum-w-gliwicach\\\/\",\"url\":\"https:\\\/\\\/www.24gliwice.pl\\\/wiadomosci\\\/spor-o-nowe-muzeum-przy-radiostacji-protesty-spolecznikow-jasne-stanowisko-muzeum-w-gliwicach\\\/\",\"name\":\"Sp\u00f3r o nowe muzeum przy Radiostacji. Protesty spo\u0142ecznik\u00f3w, jasne stanowisko Muzeum w Gliwicach - 24GLIWICE - Portal Gliwice | codziennie nowe informacje\",\"isPartOf\":{\"@id\":\"https:\\\/\\\/www.24gliwice.pl\\\/wiadomosci\\\/#website\"},\"primaryImageOfPage\":{\"@id\":\"https:\\\/\\\/www.24gliwice.pl\\\/wiadomosci\\\/spor-o-nowe-muzeum-przy-radiostacji-protesty-spolecznikow-jasne-stanowisko-muzeum-w-gliwicach\\\/#primaryimage\"},\"image\":{\"@id\":\"https:\\\/\\\/www.24gliwice.pl\\\/wiadomosci\\\/spor-o-nowe-muzeum-przy-radiostacji-protesty-spolecznikow-jasne-stanowisko-muzeum-w-gliwicach\\\/#primaryimage\"},\"thumbnailUrl\":\"https:\\\/\\\/www.24gliwice.pl\\\/wiadomosci\\\/wp-content\\\/uploads\\\/2023\\\/08\\\/radiostacja-zms-4.jpg\",\"datePublished\":\"2023-08-24T23:02:54+00:00\",\"breadcrumb\":{\"@id\":\"https:\\\/\\\/www.24gliwice.pl\\\/wiadomosci\\\/spor-o-nowe-muzeum-przy-radiostacji-protesty-spolecznikow-jasne-stanowisko-muzeum-w-gliwicach\\\/#breadcrumb\"},\"inLanguage\":\"pl-PL\",\"potentialAction\":[{\"@type\":\"ReadAction\",\"target\":[\"https:\\\/\\\/www.24gliwice.pl\\\/wiadomosci\\\/spor-o-nowe-muzeum-przy-radiostacji-protesty-spolecznikow-jasne-stanowisko-muzeum-w-gliwicach\\\/\"]}]},{\"@type\":\"ImageObject\",\"inLanguage\":\"pl-PL\",\"@id\":\"https:\\\/\\\/www.24gliwice.pl\\\/wiadomosci\\\/spor-o-nowe-muzeum-przy-radiostacji-protesty-spolecznikow-jasne-stanowisko-muzeum-w-gliwicach\\\/#primaryimage\",\"url\":\"https:\\\/\\\/www.24gliwice.pl\\\/wiadomosci\\\/wp-content\\\/uploads\\\/2023\\\/08\\\/radiostacja-zms-4.jpg\",\"contentUrl\":\"https:\\\/\\\/www.24gliwice.pl\\\/wiadomosci\\\/wp-content\\\/uploads\\\/2023\\\/08\\\/radiostacja-zms-4.jpg\",\"width\":810,\"height\":456},{\"@type\":\"BreadcrumbList\",\"@id\":\"https:\\\/\\\/www.24gliwice.pl\\\/wiadomosci\\\/spor-o-nowe-muzeum-przy-radiostacji-protesty-spolecznikow-jasne-stanowisko-muzeum-w-gliwicach\\\/#breadcrumb\",\"itemListElement\":[{\"@type\":\"ListItem\",\"position\":1,\"name\":\"Strona g\u0142\u00f3wna\",\"item\":\"https:\\\/\\\/www.24gliwice.pl\\\/wiadomosci\\\/\"},{\"@type\":\"ListItem\",\"position\":2,\"name\":\"Sp\u00f3r o nowe muzeum przy Radiostacji. Protesty spo\u0142ecznik\u00f3w, jasne stanowisko Muzeum w Gliwicach\"}]},{\"@type\":\"WebSite\",\"@id\":\"https:\\\/\\\/www.24gliwice.pl\\\/wiadomosci\\\/#website\",\"url\":\"https:\\\/\\\/www.24gliwice.pl\\\/wiadomosci\\\/\",\"name\":\"24GLIWICE - Portal Gliwice | codziennie nowe wiadomo\u015bci\",\"description\":\"Portal Miejski Gliwice\",\"publisher\":{\"@id\":\"https:\\\/\\\/www.24gliwice.pl\\\/wiadomosci\\\/#organization\"},\"potentialAction\":[{\"@type\":\"SearchAction\",\"target\":{\"@type\":\"EntryPoint\",\"urlTemplate\":\"https:\\\/\\\/www.24gliwice.pl\\\/wiadomosci\\\/?s={search_term_string}\"},\"query-input\":{\"@type\":\"PropertyValueSpecification\",\"valueRequired\":true,\"valueName\":\"search_term_string\"}}],\"inLanguage\":\"pl-PL\"},{\"@type\":\"Organization\",\"@id\":\"https:\\\/\\\/www.24gliwice.pl\\\/wiadomosci\\\/#organization\",\"name\":\"24gliwice\",\"url\":\"https:\\\/\\\/www.24gliwice.pl\\\/wiadomosci\\\/\",\"logo\":{\"@type\":\"ImageObject\",\"inLanguage\":\"pl-PL\",\"@id\":\"https:\\\/\\\/www.24gliwice.pl\\\/wiadomosci\\\/#\\\/schema\\\/logo\\\/image\\\/\",\"url\":\"https:\\\/\\\/www.24gliwice.pl\\\/wiadomosci\\\/wp-content\\\/uploads\\\/2024\\\/10\\\/24gliwice-logo-696.jpg\",\"contentUrl\":\"https:\\\/\\\/www.24gliwice.pl\\\/wiadomosci\\\/wp-content\\\/uploads\\\/2024\\\/10\\\/24gliwice-logo-696.jpg\",\"width\":696,\"height\":696,\"caption\":\"24gliwice\"},\"image\":{\"@id\":\"https:\\\/\\\/www.24gliwice.pl\\\/wiadomosci\\\/#\\\/schema\\\/logo\\\/image\\\/\"},\"sameAs\":[\"https:\\\/\\\/www.facebook.com\\\/24gliwice\",\"https:\\\/\\\/x.com\\\/24gliwice\",\"https:\\\/\\\/www.youtube.com\\\/@24gliwice\"]},{\"@type\":\"Person\",\"@id\":\"https:\\\/\\\/www.24gliwice.pl\\\/wiadomosci\\\/#\\\/schema\\\/person\\\/940e8f8a097e322de4f463f061ef8d45\",\"name\":\"Micha\u0142 Szewczyk\",\"image\":{\"@type\":\"ImageObject\",\"inLanguage\":\"pl-PL\",\"@id\":\"https:\\\/\\\/secure.gravatar.com\\\/avatar\\\/771b8b6c74cd8d255e46392d605e01a86133900ef09b6ef3c8d451c9d92288cf?s=96&d=mm&r=g\",\"url\":\"https:\\\/\\\/secure.gravatar.com\\\/avatar\\\/771b8b6c74cd8d255e46392d605e01a86133900ef09b6ef3c8d451c9d92288cf?s=96&d=mm&r=g\",\"contentUrl\":\"https:\\\/\\\/secure.gravatar.com\\\/avatar\\\/771b8b6c74cd8d255e46392d605e01a86133900ef09b6ef3c8d451c9d92288cf?s=96&d=mm&r=g\",\"caption\":\"Micha\u0142 Szewczyk\"},\"sameAs\":[\"http:\\\/\\\/www.gazeta-miejska.pl\"],\"url\":\"https:\\\/\\\/www.24gliwice.pl\\\/wiadomosci\\\/author\\\/michal-szewczyk\\\/\"}]}<\/script>\n<!-- \/ Yoast SEO plugin. -->","yoast_head_json":{"title":"Sp\u00f3r o nowe muzeum przy Radiostacji. Protesty spo\u0142ecznik\u00f3w, jasne stanowisko Muzeum w Gliwicach - 24GLIWICE - Portal Gliwice | codziennie nowe informacje","robots":{"index":"index","follow":"follow","max-snippet":"max-snippet:-1","max-image-preview":"max-image-preview:large","max-video-preview":"max-video-preview:-1"},"canonical":"https:\/\/www.24gliwice.pl\/wiadomosci\/spor-o-nowe-muzeum-przy-radiostacji-protesty-spolecznikow-jasne-stanowisko-muzeum-w-gliwicach\/","og_locale":"pl_PL","og_type":"article","og_title":"Sp\u00f3r o nowe muzeum przy Radiostacji. Protesty spo\u0142ecznik\u00f3w, jasne stanowisko Muzeum w Gliwicach - 24GLIWICE - Portal Gliwice | codziennie nowe informacje","og_description":"Muzeum w Gliwicach chce przebudowa\u0107 budynki Radiostacji Gliwickiej pod nowy kompleks muzealno-badawczy. Zdaniem spo\u0142ecznik\u00f3w przekre\u015bli to szanse zabytku na wpis na list\u0119 UNESCO, a inwestycj\u0119 dwukrotnie negatywnie zaopiniowa\u0142 Narodowy Instytut Dziedzictwa. &nbsp; Wed\u0142ug plan\u00f3w zewn\u0119trzny wygl\u0105d budynk\u00f3w ma zosta\u0107 zachowany, a zmiany obejm\u0105 ich wn\u0119trza. Dwa budynki maj\u0105 zosta\u0107 wykorzystane na potrzeby muzealne. Po\u0142\u0105czy\u0107 ma [&hellip;]","og_url":"https:\/\/www.24gliwice.pl\/wiadomosci\/spor-o-nowe-muzeum-przy-radiostacji-protesty-spolecznikow-jasne-stanowisko-muzeum-w-gliwicach\/","og_site_name":"24GLIWICE - Portal Gliwice | codziennie nowe informacje","article_publisher":"https:\/\/www.facebook.com\/24gliwice","article_published_time":"2023-08-24T23:02:54+00:00","og_image":[{"width":810,"height":456,"url":"https:\/\/www.24gliwice.pl\/wiadomosci\/wp-content\/uploads\/2023\/08\/radiostacja-zms-4.jpg","type":"image\/jpeg"}],"author":"Micha\u0142 Szewczyk","twitter_card":"summary_large_image","twitter_creator":"@24gliwice","twitter_site":"@24gliwice","twitter_misc":{"Napisane przez":"Micha\u0142 Szewczyk","Szacowany czas czytania":"5 minut"},"schema":{"@context":"https:\/\/schema.org","@graph":[{"@type":"Article","@id":"https:\/\/www.24gliwice.pl\/wiadomosci\/spor-o-nowe-muzeum-przy-radiostacji-protesty-spolecznikow-jasne-stanowisko-muzeum-w-gliwicach\/#article","isPartOf":{"@id":"https:\/\/www.24gliwice.pl\/wiadomosci\/spor-o-nowe-muzeum-przy-radiostacji-protesty-spolecznikow-jasne-stanowisko-muzeum-w-gliwicach\/"},"author":{"name":"Micha\u0142 Szewczyk","@id":"https:\/\/www.24gliwice.pl\/wiadomosci\/#\/schema\/person\/940e8f8a097e322de4f463f061ef8d45"},"headline":"Sp\u00f3r o nowe muzeum przy Radiostacji. Protesty spo\u0142ecznik\u00f3w, jasne stanowisko Muzeum w Gliwicach","datePublished":"2023-08-24T23:02:54+00:00","mainEntityOfPage":{"@id":"https:\/\/www.24gliwice.pl\/wiadomosci\/spor-o-nowe-muzeum-przy-radiostacji-protesty-spolecznikow-jasne-stanowisko-muzeum-w-gliwicach\/"},"wordCount":889,"commentCount":0,"publisher":{"@id":"https:\/\/www.24gliwice.pl\/wiadomosci\/#organization"},"image":{"@id":"https:\/\/www.24gliwice.pl\/wiadomosci\/spor-o-nowe-muzeum-przy-radiostacji-protesty-spolecznikow-jasne-stanowisko-muzeum-w-gliwicach\/#primaryimage"},"thumbnailUrl":"https:\/\/www.24gliwice.pl\/wiadomosci\/wp-content\/uploads\/2023\/08\/radiostacja-zms-4.jpg","keywords":["MUZEUM W GLIWICACH","RADIOSTACJA"],"articleSection":["Gliwice","Najnowsze wiadomo\u015bci","Portal Gliwice - Wiadomo\u015bci lokalne","Samorz\u0105d, polityka"],"inLanguage":"pl-PL","potentialAction":[{"@type":"CommentAction","name":"Comment","target":["https:\/\/www.24gliwice.pl\/wiadomosci\/spor-o-nowe-muzeum-przy-radiostacji-protesty-spolecznikow-jasne-stanowisko-muzeum-w-gliwicach\/#respond"]}]},{"@type":"WebPage","@id":"https:\/\/www.24gliwice.pl\/wiadomosci\/spor-o-nowe-muzeum-przy-radiostacji-protesty-spolecznikow-jasne-stanowisko-muzeum-w-gliwicach\/","url":"https:\/\/www.24gliwice.pl\/wiadomosci\/spor-o-nowe-muzeum-przy-radiostacji-protesty-spolecznikow-jasne-stanowisko-muzeum-w-gliwicach\/","name":"Sp\u00f3r o nowe muzeum przy Radiostacji. Protesty spo\u0142ecznik\u00f3w, jasne stanowisko Muzeum w Gliwicach - 24GLIWICE - Portal Gliwice | codziennie nowe informacje","isPartOf":{"@id":"https:\/\/www.24gliwice.pl\/wiadomosci\/#website"},"primaryImageOfPage":{"@id":"https:\/\/www.24gliwice.pl\/wiadomosci\/spor-o-nowe-muzeum-przy-radiostacji-protesty-spolecznikow-jasne-stanowisko-muzeum-w-gliwicach\/#primaryimage"},"image":{"@id":"https:\/\/www.24gliwice.pl\/wiadomosci\/spor-o-nowe-muzeum-przy-radiostacji-protesty-spolecznikow-jasne-stanowisko-muzeum-w-gliwicach\/#primaryimage"},"thumbnailUrl":"https:\/\/www.24gliwice.pl\/wiadomosci\/wp-content\/uploads\/2023\/08\/radiostacja-zms-4.jpg","datePublished":"2023-08-24T23:02:54+00:00","breadcrumb":{"@id":"https:\/\/www.24gliwice.pl\/wiadomosci\/spor-o-nowe-muzeum-przy-radiostacji-protesty-spolecznikow-jasne-stanowisko-muzeum-w-gliwicach\/#breadcrumb"},"inLanguage":"pl-PL","potentialAction":[{"@type":"ReadAction","target":["https:\/\/www.24gliwice.pl\/wiadomosci\/spor-o-nowe-muzeum-przy-radiostacji-protesty-spolecznikow-jasne-stanowisko-muzeum-w-gliwicach\/"]}]},{"@type":"ImageObject","inLanguage":"pl-PL","@id":"https:\/\/www.24gliwice.pl\/wiadomosci\/spor-o-nowe-muzeum-przy-radiostacji-protesty-spolecznikow-jasne-stanowisko-muzeum-w-gliwicach\/#primaryimage","url":"https:\/\/www.24gliwice.pl\/wiadomosci\/wp-content\/uploads\/2023\/08\/radiostacja-zms-4.jpg","contentUrl":"https:\/\/www.24gliwice.pl\/wiadomosci\/wp-content\/uploads\/2023\/08\/radiostacja-zms-4.jpg","width":810,"height":456},{"@type":"BreadcrumbList","@id":"https:\/\/www.24gliwice.pl\/wiadomosci\/spor-o-nowe-muzeum-przy-radiostacji-protesty-spolecznikow-jasne-stanowisko-muzeum-w-gliwicach\/#breadcrumb","itemListElement":[{"@type":"ListItem","position":1,"name":"Strona g\u0142\u00f3wna","item":"https:\/\/www.24gliwice.pl\/wiadomosci\/"},{"@type":"ListItem","position":2,"name":"Sp\u00f3r o nowe muzeum przy Radiostacji. Protesty spo\u0142ecznik\u00f3w, jasne stanowisko Muzeum w Gliwicach"}]},{"@type":"WebSite","@id":"https:\/\/www.24gliwice.pl\/wiadomosci\/#website","url":"https:\/\/www.24gliwice.pl\/wiadomosci\/","name":"24GLIWICE - Portal Gliwice | codziennie nowe wiadomo\u015bci","description":"Portal Miejski Gliwice","publisher":{"@id":"https:\/\/www.24gliwice.pl\/wiadomosci\/#organization"},"potentialAction":[{"@type":"SearchAction","target":{"@type":"EntryPoint","urlTemplate":"https:\/\/www.24gliwice.pl\/wiadomosci\/?s={search_term_string}"},"query-input":{"@type":"PropertyValueSpecification","valueRequired":true,"valueName":"search_term_string"}}],"inLanguage":"pl-PL"},{"@type":"Organization","@id":"https:\/\/www.24gliwice.pl\/wiadomosci\/#organization","name":"24gliwice","url":"https:\/\/www.24gliwice.pl\/wiadomosci\/","logo":{"@type":"ImageObject","inLanguage":"pl-PL","@id":"https:\/\/www.24gliwice.pl\/wiadomosci\/#\/schema\/logo\/image\/","url":"https:\/\/www.24gliwice.pl\/wiadomosci\/wp-content\/uploads\/2024\/10\/24gliwice-logo-696.jpg","contentUrl":"https:\/\/www.24gliwice.pl\/wiadomosci\/wp-content\/uploads\/2024\/10\/24gliwice-logo-696.jpg","width":696,"height":696,"caption":"24gliwice"},"image":{"@id":"https:\/\/www.24gliwice.pl\/wiadomosci\/#\/schema\/logo\/image\/"},"sameAs":["https:\/\/www.facebook.com\/24gliwice","https:\/\/x.com\/24gliwice","https:\/\/www.youtube.com\/@24gliwice"]},{"@type":"Person","@id":"https:\/\/www.24gliwice.pl\/wiadomosci\/#\/schema\/person\/940e8f8a097e322de4f463f061ef8d45","name":"Micha\u0142 Szewczyk","image":{"@type":"ImageObject","inLanguage":"pl-PL","@id":"https:\/\/secure.gravatar.com\/avatar\/771b8b6c74cd8d255e46392d605e01a86133900ef09b6ef3c8d451c9d92288cf?s=96&d=mm&r=g","url":"https:\/\/secure.gravatar.com\/avatar\/771b8b6c74cd8d255e46392d605e01a86133900ef09b6ef3c8d451c9d92288cf?s=96&d=mm&r=g","contentUrl":"https:\/\/secure.gravatar.com\/avatar\/771b8b6c74cd8d255e46392d605e01a86133900ef09b6ef3c8d451c9d92288cf?s=96&d=mm&r=g","caption":"Micha\u0142 Szewczyk"},"sameAs":["http:\/\/www.gazeta-miejska.pl"],"url":"https:\/\/www.24gliwice.pl\/wiadomosci\/author\/michal-szewczyk\/"}]}},"_links":{"self":[{"href":"https:\/\/www.24gliwice.pl\/wiadomosci\/wp-json\/wp\/v2\/posts\/219819","targetHints":{"allow":["GET"]}}],"collection":[{"href":"https:\/\/www.24gliwice.pl\/wiadomosci\/wp-json\/wp\/v2\/posts"}],"about":[{"href":"https:\/\/www.24gliwice.pl\/wiadomosci\/wp-json\/wp\/v2\/types\/post"}],"author":[{"embeddable":true,"href":"https:\/\/www.24gliwice.pl\/wiadomosci\/wp-json\/wp\/v2\/users\/12"}],"replies":[{"embeddable":true,"href":"https:\/\/www.24gliwice.pl\/wiadomosci\/wp-json\/wp\/v2\/comments?post=219819"}],"version-history":[{"count":0,"href":"https:\/\/www.24gliwice.pl\/wiadomosci\/wp-json\/wp\/v2\/posts\/219819\/revisions"}],"wp:featuredmedia":[{"embeddable":true,"href":"https:\/\/www.24gliwice.pl\/wiadomosci\/wp-json\/wp\/v2\/media\/220310"}],"wp:attachment":[{"href":"https:\/\/www.24gliwice.pl\/wiadomosci\/wp-json\/wp\/v2\/media?parent=219819"}],"wp:term":[{"taxonomy":"category","embeddable":true,"href":"https:\/\/www.24gliwice.pl\/wiadomosci\/wp-json\/wp\/v2\/categories?post=219819"},{"taxonomy":"post_tag","embeddable":true,"href":"https:\/\/www.24gliwice.pl\/wiadomosci\/wp-json\/wp\/v2\/tags?post=219819"}],"curies":[{"name":"wp","href":"https:\/\/api.w.org\/{rel}","templated":true}]}}