{"id":220114,"date":"2023-08-22T19:05:38","date_gmt":"2023-08-22T17:05:38","guid":{"rendered":"https:\/\/www.24gliwice.pl\/wiadomosci\/?p=220114"},"modified":"2023-08-29T10:17:30","modified_gmt":"2023-08-29T08:17:30","slug":"wystawa-body-worlds-powraca-do-katowic-z-nowa-ekspozycja","status":"publish","type":"post","link":"https:\/\/www.24gliwice.pl\/wiadomosci\/wystawa-body-worlds-powraca-do-katowic-z-nowa-ekspozycja\/","title":{"rendered":"Wystawa BODY WORLDS powraca do Katowic z now\u0105 ekspozycj\u0105!"},"content":{"rendered":"<h3>BODY WORLDS &#8211; najliczniej odwiedzana wystawa \u015bwiata po 6 latach powraca do Katowic! Now\u0105 ods\u0142on\u0119 tej niezwyk\u0142ej wystawy autorstwa dr. Gunthera von Hagensa b\u0119dzie mo\u017cna ogl\u0105da\u0107 tylko przez 3 miesi\u0105ce, od soboty, 2 wrze\u015bnia, do 3 grudnia 2023 r., w Galerii SZYB WILSON (ul. Oswobodzenia 1). Jest to pierwsza publiczna wystawa dotycz\u0105ca anatomii cz\u0142owieka, kt\u00f3r\u0105 mia\u0142o okazj\u0119 podziwia\u0107 ju\u017c ponad 50 milion\u00f3w odwiedzaj\u0105cych na ca\u0142ym \u015bwiecie.<\/h3>\n<p>&nbsp;<br \/>\nTa liczba sprawia, \u017ce BODY WORLDS wyr\u00f3\u017cnia si\u0119 w historii anatomii staj\u0105c si\u0119 najliczniej odwiedzan\u0105 wystaw\u0105 wszech czas\u00f3w! Zachwyca widz\u00f3w ju\u017c od \u0107wier\u0107 wieku wzbudzaj\u0105c ogromne emocje i zainteresowanie wsz\u0119dzie tam, gdzie si\u0119 pojawia.<\/p>\n<p>Przed 6 laty w Katowicach prezentowana by\u0142a wystawa <b>BODY WORLDS<\/b> z cyklu <b>VITAL<\/b>, kt\u00f3ra inspirowa\u0142a do \u017cycia z zachowaniem witalno\u015bci oraz pe\u0142ni si\u0142. Umo\u017cliwi\u0142a odwiedzaj\u0105cym odkrycie ludzkiej anatomii, fizjologii jak i zdrowia. W tym roku widzowie zobacz\u0105 wystaw\u0119 <b>BODY WORLDS<\/b> z cyklu <b>THE CYCLE OF LIFE<\/b> &#8211; zwiedzaj\u0105cy b\u0119d\u0105 mieli mo\u017cliwo\u015b\u0107 poznania zmian zachodz\u0105cych w ludzkim ciele \u2013 od pocz\u0119cia, poprzez okres niemowl\u0119cy, dzieci\u0144stwo, dojrza\u0142o\u015b\u0107, a\u017c po jesie\u0144 \u017cycia. <\/p>\n<p>Wystawa zaprezentuje autentyczne ludzkie cia\u0142a i fascynuj\u0105ce instalacje multimedialne, pozwoli odkry\u0107 tajemnice i skomplikowane zagadki ludzkiego organizmu. Wszystkie eksponaty, kt\u00f3re znajd\u0105 si\u0119 na wystawie, a b\u0119dzie ich ponad 160 s\u0105 prawdziwe. Cia\u0142a pochodz\u0105 od dawc\u00f3w, kt\u00f3rzy za \u017cycia zgodzili si\u0119 je przekaza\u0107 na rzecz Instytutu Plastynacji w Heidelbergu. W instytucie tym prowadzony jest specjalny program dawc\u00f3w cia\u0142 na potrzeby plastynacji.<\/p>\n<p><iframe loading=\"lazy\" title=\"Wystawa BODY WORLDS powraca do Katowic z now\u0105 ekspozycj\u0105!\" width=\"810\" height=\"456\" src=\"https:\/\/www.youtube.com\/embed\/h8OEhTmnLXk?feature=oembed\" frameborder=\"0\" allow=\"accelerometer; autoplay; clipboard-write; encrypted-media; gyroscope; picture-in-picture; web-share\" allowfullscreen><\/iframe><\/p>\n<p>Co takiego jest w BODY WORLDS, co urzeka i odbija si\u0119 echem tak wielu milion\u00f3w ludzi z r\u00f3\u017cnych kultur i religii, w r\u00f3\u017cnym wieku i wykonuj\u0105cych r\u00f3\u017cne zawody? Kurator dr. Angelina Whalley, kt\u00f3ra jest odpowiedzialna za tre\u015b\u0107, projekt oraz koncepcyjne planowanie wystawy stwierdza, i\u017c kluczem do sukcesu BODY WORLDS jest to, \u017ce wystawa g\u0142\u0119boko zmienia nasze spojrzenie na nas samych: \u201eZwiedzaj\u0105cy patrz\u0105c na inne ludzkie cia\u0142o odkrywaj\u0105 w\u0142asne w zupe\u0142nie nowy spos\u00f3b. Ekspozycja przedstawia cia\u0142o nie tylko jako podstaw\u0119 naszej fizycznej egzystencji, ale tak\u017ce jako zwierciad\u0142o naszego w\u0142asnego stylu \u017cycia. Cokolwiek robimy lub czego nie robimy, to co jemy, jak i czy \u0107wiczymy &#8211; wszystko ma na nas fizyczny wp\u0142yw, zar\u00f3wno pozytywny, jak i negatywny\u201d. <\/p>\n<p>Ekspozycja przywodzi na my\u015bl te skojarzenia i przedstawia wyj\u0105tkowo\u015b\u0107 ludzkiego \u017cycia. <b>Wiedza zdobyta na wystawie wyostrza poczucie w\u0142asnej bezbronno\u015bci oraz warto\u015bci w\u0142asnego zdrowia<\/b> jednocze\u015bnie ucz\u0105c jak lepiej dba\u0107 o siebie.<\/p>\n<div id=\"attachment_220118\" style=\"width: 820px\" class=\"wp-caption aligncenter\"><img loading=\"lazy\" decoding=\"async\" aria-describedby=\"caption-attachment-220118\" class=\"size-full wp-image-220118\" src=\"https:\/\/www.24gliwice.pl\/wiadomosci\/wp-content\/uploads\/2023\/08\/BW_8.jpg\" alt=\"\" width=\"810\" height=\"490\" srcset=\"https:\/\/www.24gliwice.pl\/wiadomosci\/wp-content\/uploads\/2023\/08\/BW_8.jpg 810w, https:\/\/www.24gliwice.pl\/wiadomosci\/wp-content\/uploads\/2023\/08\/BW_8-384x232.jpg 384w, https:\/\/www.24gliwice.pl\/wiadomosci\/wp-content\/uploads\/2023\/08\/BW_8-752x455.jpg 752w, https:\/\/www.24gliwice.pl\/wiadomosci\/wp-content\/uploads\/2023\/08\/BW_8-768x465.jpg 768w\" sizes=\"auto, (max-width: 810px) 100vw, 810px\" \/><p id=\"caption-attachment-220118\" class=\"wp-caption-text\">fot. materia\u0142y prasowe<\/p><\/div>\n<p><b>Wystawa k\u0142adzie ogromny nacisk na edukacj\u0119<\/b>, przez co zach\u0119ca uczni\u00f3w szk\u00f3\u0142 podstawowych, szk\u00f3\u0142 \u015brednich i uczelni wy\u017cszych do przeniesienia wiedzy podr\u0119cznikowej w praktyczn\u0105 nauk\u0119 anatomii i czerpanie wiedzy \u201ez pierwszej r\u0119ki\u201d. <b>Warto\u015b\u0107 edukacyjna projektu zosta\u0142a bardzo wysoko oceniona<\/b> przez wiele instytucji naukowych z ca\u0142ego \u015bwiata zdobywaj\u0105c ogromn\u0105 popularno\u015b\u0107 na ka\u017cdym kontynencie. Metoda plastynacji oraz stworzenie wystawy BODY WORLDS sprawi\u0142y, \u017ce wiedza dotycz\u0105ca anatomii, kiedy\u015b przeznaczona wy\u0142\u0105cznie dla lekarzy i personelu medycznego, teraz sta\u0142a si\u0119 dost\u0119pna dla ka\u017cdego z nas.<\/p>\n<p>Bezprecedensowy sukces BODY WORLDS opiera si\u0119 na prze\u0142omowym procesie plastynacji dr. Gunthera von Hagensa &#8211; metodzie konserwacji tkanki anatomicznej wynalezionej przez lekarza i anatoma w 1977 r. na Uniwersytecie w Heidelbergu. Dopracowanie tej technologii zaj\u0119\u0142o mu wiele lat. <\/p>\n<p>Pierwotnie plastynacja mia\u0142a s\u0142u\u017cy\u0107 wy\u0142\u0105cznie \u015brodowisku naukowemu oraz zaawansowanej edukacji. Jednak kiedy dr von Hagens po raz pierwszy zaprezentowa\u0142 swoje plastynaty publiczno\u015bci w Narodowym Muzeum Nauki w Tokio, w 1995 r., nie m\u00f3g\u0142 przewidzie\u0107 medialnego szumu oraz rewolucji kt\u00f3r\u0105 wywo\u0142a\u0142 jego wynalazek: \u201eNie doceni\u0142em jak du\u017cy b\u0119dzie to sukces\u201d \u2013 powiedzia\u0142 dr von Hagens. Od tego czasu dr von Hagens po\u015bwi\u0119ca sw\u00f3j czas edukuj\u0105c spo\u0142ecze\u0144stwo w tematyce ludzkiego cia\u0142a. Za swoj\u0105 prac\u0119 otrzyma\u0142 wiele wyr\u00f3\u017cnie\u0144 od renomowanych instytucji, w tym nagrod\u0119 za ca\u0142okszta\u0142t pracy naukowej &#8211; za znacz\u0105cy wk\u0142ad w publiczne zrozumienie nauki od stowarzyszenia ASTC (Association of Science and Technology Centres), kt\u00f3re zrzesza ponad 650 instytucji naukowych.<\/p>\n<div id=\"attachment_220115\" style=\"width: 820px\" class=\"wp-caption aligncenter\"><img loading=\"lazy\" decoding=\"async\" aria-describedby=\"caption-attachment-220115\" class=\"size-full wp-image-220115\" src=\"https:\/\/www.24gliwice.pl\/wiadomosci\/wp-content\/uploads\/2023\/08\/BW_3.jpg\" alt=\"\" width=\"810\" height=\"530\" srcset=\"https:\/\/www.24gliwice.pl\/wiadomosci\/wp-content\/uploads\/2023\/08\/BW_3.jpg 810w, https:\/\/www.24gliwice.pl\/wiadomosci\/wp-content\/uploads\/2023\/08\/BW_3-355x232.jpg 355w, https:\/\/www.24gliwice.pl\/wiadomosci\/wp-content\/uploads\/2023\/08\/BW_3-695x455.jpg 695w, https:\/\/www.24gliwice.pl\/wiadomosci\/wp-content\/uploads\/2023\/08\/BW_3-768x503.jpg 768w\" sizes=\"auto, (max-width: 810px) 100vw, 810px\" \/><p id=\"caption-attachment-220115\" class=\"wp-caption-text\">fot. materia\u0142y prasowe<\/p><\/div>\n<p><i>BODY WORLDS zas\u0142uguje na uwag\u0119. Towarzyszy laikowi z dziedziny medycyny i anatomii, pomagaj\u0105c odkrywa\u0107 ludzkie cia\u0142o, pokazuj\u0105c i t\u0142umacz\u0105c prostym j\u0119zykiem \u017cyciowe mechanizmy. Najbardziej zaskakuj\u0105ce jest por\u00f3wnanie zdrowych i chorych narz\u0105d\u00f3w. Widz\u0105c serce w ksi\u0105\u017cce, telewizji czy na modelu to jedno, ale patrz\u0105c na prawdziwe plastyczne serce, zdaj\u0105c sobie spraw\u0119 z tego co mamy w sobie i nieustannej pracy naszego wewn\u0119trznego uk\u0142adu, pozostaje nam tyko podziw i szacunek dla naszego cia\u0142a. Wystawa jest wspania\u0142ym hymnem o szacunku do cia\u0142a.<\/i> <b>L\u2019Osservatore Romano, wydawnictwo katolickie,<\/b> przy Stolicy Apostolskiej w Watykanie.<\/p>\n<p style=\"padding-left: 80px;\"><i>Wystawa jest idealnym rozwi\u0105zaniem dla wszystkich ciekawych ludzkiego cia\u0142a \u2013 bez wzgl\u0119du na wiek.Mam tutaj na my\u015bli zar\u00f3wno dzieci w wieku szkolnym, licealist\u00f3w, jak i student\u00f3w, a tak\u017ce osoby dojrza\u0142e.Ka\u017cdy znajdzie co\u015b dla siebie \u2013 edukacj\u0119 czy refleksj\u0119 nad kondycj\u0105 naszego zdrowia.<\/i><b>Colleen Schultz,<\/b> <b>Kierownik O\u015bwiaty<\/b> z Children\u2019s Health Education.<\/p>\n<p style=\"padding-left: 80px;\"><i>BODY WORLDS w niesamowicie interesuj\u0105cy spos\u00f3b przedstawia tajemniczo\u015b\u0107 naszego cia\u0142a. Na jednym poziomie widzimy zawi\u0142o\u015b\u0107 ludzkiego cia\u0142a a na innym poziomie przygl\u0105damy si\u0119 komu\u015b, kto my\u015bla\u0142 i oddycha\u0142. Ta wystawa to ciekawe i niezapomniane do\u015bwiadczenie, obok kt\u00f3rego nie mo\u017cna przej\u015b\u0107 oboj\u0119tnie. Polecam w szczeg\u00f3lno\u015bci osobom, kt\u00f3re interesuj\u0105 si\u0119 ludzk\u0105 natur\u0105 oraz chcia\u0142yby dowiedzie\u0107 si\u0119 o sobie czego\u015b wi\u0119cej.<\/i> <b>dr Carlyle Chan,<\/b> <b>Profersor Psychiatrii<\/b> w Medical College of Wisconsin.<\/p>\n<p style=\"padding-left: 80px;\">Dr Gunther von Hagens jako anatom, wynalazca, nauczyciel oraz or\u0119downik zdrowia stworzy\u0142 estetyczne plastynaty ca\u0142ego organizmu. Dzi\u0119ki nim mamy mo\u017cliwo\u015b\u0107 wnikliwego zapoznania si\u0119 z fantastyczn\u0105 tematyk\u0105 cia\u0142a. Poprzez plastynacj\u0119, cia\u0142o po \u015bmierci cz\u0142owieka mo\u017ce zosta\u0107 przekszta\u0142cone w niesamowity anatomiczny wzorzec, daj\u0105c widzom mo\u017cliwo\u015b\u0107 zobaczenia ludzkiego cia\u0142a, jakiego nigdy przedtem nie widzieli.<\/p>\n<p>Og\u00f3lno\u015bwiatowy sukces BODY WORLDS potwierdza r\u00f3wnie\u017c uznanie gwiazd \u015bwiatowego formatu. Do grona zachwyconych widz\u00f3w nale\u017c\u0105 m.in.: Demi Moore, Andre Agassi, Tina Turner, Jean-Paul Gaultier, Gary Oldman, Steffi Graf, Dustin Hoffman, Tony Hawk czy Nicole Kidman. To mi\u0119dzy innymi na wystawie BODY WORLDS rozgrywa si\u0119 jedna z kluczowych akcji filmu o przygodach brytyjskiego agenta s\u0142u\u017cb specjalnych Jamesa Bonda &#8211; Casino Royale!<b> <\/b><u><a href=\"https:\/\/www.youtube.com\/watch?v=sx5P4cWdblU&amp;feature=youtu.be\">https:\/\/www.youtube.com\/watch?v=sx5P4cWdblU&amp;feature=youtu.be<\/a><\/u><\/p>\n<p><u><b><br \/>\nWystawa, kt\u00f3ra sprawi, \u017ce inaczej zaczniesz postrzega\u0107 swoje cia\u0142o! Zobacz, poznaj, prze\u017cyj!<br \/>\n<\/b><\/u><\/p>\n<p><b>Profile wystawy na Social Media:<\/b> <u><a href=\"https:\/\/www.facebook.com\/BodyWorldsPolska\">Facebook<\/a><\/u> \/ <u><a href=\"https:\/\/www.instagram.com\/bodyworldspolska\/\">Instagram<\/a><\/u><\/p>\n<p><small>materia\u0142 partnera<\/small><\/p>\n","protected":false},"excerpt":{"rendered":"<p>BODY WORLDS &#8211; najliczniej odwiedzana wystawa \u015bwiata po 6 latach powraca do Katowic! Now\u0105 ods\u0142on\u0119 tej niezwyk\u0142ej wystawy autorstwa dr. Gunthera von Hagensa b\u0119dzie mo\u017cna ogl\u0105da\u0107 tylko przez 3 miesi\u0105ce, od soboty, 2 wrze\u015bnia, do 3 grudnia 2023 r., w Galerii SZYB WILSON (ul. Oswobodzenia 1). Jest to pierwsza publiczna wystawa dotycz\u0105ca anatomii cz\u0142owieka, kt\u00f3r\u0105 [&hellip;]<\/p>\n","protected":false},"author":4,"featured_media":220119,"comment_status":"closed","ping_status":"closed","sticky":false,"template":"","format":"standard","meta":{"_monsterinsights_skip_tracking":false,"_monsterinsights_sitenote_active":false,"_monsterinsights_sitenote_note":"","_monsterinsights_sitenote_category":0,"footnotes":"","_links_to":"","_links_to_target":""},"categories":[6,1,1129],"tags":[],"class_list":["post-220114","post","type-post","status-publish","format-standard","has-post-thumbnail","hentry","category-kultura","category-wszystko","category-polecamy"],"yoast_head":"<!-- This site is optimized with the Yoast SEO plugin v27.5 - https:\/\/yoast.com\/product\/yoast-seo-wordpress\/ -->\n<title>Wystawa BODY WORLDS powraca do Katowic z now\u0105 ekspozycj\u0105! - 24GLIWICE - Portal Gliwice | codziennie nowe informacje<\/title>\n<meta name=\"robots\" content=\"index, follow, max-snippet:-1, max-image-preview:large, max-video-preview:-1\" \/>\n<link rel=\"canonical\" href=\"https:\/\/www.24gliwice.pl\/wiadomosci\/wystawa-body-worlds-powraca-do-katowic-z-nowa-ekspozycja\/\" \/>\n<meta property=\"og:locale\" content=\"pl_PL\" \/>\n<meta property=\"og:type\" content=\"article\" \/>\n<meta property=\"og:title\" content=\"Wystawa BODY WORLDS powraca do Katowic z now\u0105 ekspozycj\u0105! - 24GLIWICE - Portal Gliwice | codziennie nowe informacje\" \/>\n<meta property=\"og:description\" content=\"BODY WORLDS &#8211; najliczniej odwiedzana wystawa \u015bwiata po 6 latach powraca do Katowic! Now\u0105 ods\u0142on\u0119 tej niezwyk\u0142ej wystawy autorstwa dr. Gunthera von Hagensa b\u0119dzie mo\u017cna ogl\u0105da\u0107 tylko przez 3 miesi\u0105ce, od soboty, 2 wrze\u015bnia, do 3 grudnia 2023 r., w Galerii SZYB WILSON (ul. Oswobodzenia 1). Jest to pierwsza publiczna wystawa dotycz\u0105ca anatomii cz\u0142owieka, kt\u00f3r\u0105 [&hellip;]\" \/>\n<meta property=\"og:url\" content=\"https:\/\/www.24gliwice.pl\/wiadomosci\/wystawa-body-worlds-powraca-do-katowic-z-nowa-ekspozycja\/\" \/>\n<meta property=\"og:site_name\" content=\"24GLIWICE - Portal Gliwice | codziennie nowe informacje\" \/>\n<meta property=\"article:publisher\" content=\"https:\/\/www.facebook.com\/24gliwice\" \/>\n<meta property=\"article:author\" content=\"https:\/\/www.facebook.com\/marcin.fabrykowski\" \/>\n<meta property=\"article:published_time\" content=\"2023-08-22T17:05:38+00:00\" \/>\n<meta property=\"article:modified_time\" content=\"2023-08-29T08:17:30+00:00\" \/>\n<meta property=\"og:image\" content=\"https:\/\/www.24gliwice.pl\/wiadomosci\/wp-content\/uploads\/2023\/08\/BW_Zdjecie-Glowne_1-001.jpg\" \/>\n\t<meta property=\"og:image:width\" content=\"1140\" \/>\n\t<meta property=\"og:image:height\" content=\"642\" \/>\n\t<meta property=\"og:image:type\" content=\"image\/jpeg\" \/>\n<meta name=\"author\" content=\"Marcin Fabrykowski\" \/>\n<meta name=\"twitter:card\" content=\"summary_large_image\" \/>\n<meta name=\"twitter:creator\" content=\"@24gliwice\" \/>\n<meta name=\"twitter:site\" content=\"@24gliwice\" \/>\n<meta name=\"twitter:label1\" content=\"Napisane przez\" \/>\n\t<meta name=\"twitter:data1\" content=\"Marcin Fabrykowski\" \/>\n\t<meta name=\"twitter:label2\" content=\"Szacowany czas czytania\" \/>\n\t<meta name=\"twitter:data2\" content=\"7 minut\" \/>\n<script type=\"application\/ld+json\" class=\"yoast-schema-graph\">{\"@context\":\"https:\\\/\\\/schema.org\",\"@graph\":[{\"@type\":\"Article\",\"@id\":\"https:\\\/\\\/www.24gliwice.pl\\\/wiadomosci\\\/wystawa-body-worlds-powraca-do-katowic-z-nowa-ekspozycja\\\/#article\",\"isPartOf\":{\"@id\":\"https:\\\/\\\/www.24gliwice.pl\\\/wiadomosci\\\/wystawa-body-worlds-powraca-do-katowic-z-nowa-ekspozycja\\\/\"},\"author\":{\"name\":\"Marcin Fabrykowski\",\"@id\":\"https:\\\/\\\/www.24gliwice.pl\\\/wiadomosci\\\/#\\\/schema\\\/person\\\/cb5857e4a4d048c15984c1edcc8ef0c0\"},\"headline\":\"Wystawa BODY WORLDS powraca do Katowic z now\u0105 ekspozycj\u0105!\",\"datePublished\":\"2023-08-22T17:05:38+00:00\",\"dateModified\":\"2023-08-29T08:17:30+00:00\",\"mainEntityOfPage\":{\"@id\":\"https:\\\/\\\/www.24gliwice.pl\\\/wiadomosci\\\/wystawa-body-worlds-powraca-do-katowic-z-nowa-ekspozycja\\\/\"},\"wordCount\":1158,\"publisher\":{\"@id\":\"https:\\\/\\\/www.24gliwice.pl\\\/wiadomosci\\\/#organization\"},\"image\":{\"@id\":\"https:\\\/\\\/www.24gliwice.pl\\\/wiadomosci\\\/wystawa-body-worlds-powraca-do-katowic-z-nowa-ekspozycja\\\/#primaryimage\"},\"thumbnailUrl\":\"https:\\\/\\\/www.24gliwice.pl\\\/wiadomosci\\\/wp-content\\\/uploads\\\/2023\\\/08\\\/BW_Zdjecie-Glowne_1-001.jpg\",\"articleSection\":[\"Kultura, wydarzenia, imprezy\",\"Najnowsze wiadomo\u015bci\",\"Polecamy\"],\"inLanguage\":\"pl-PL\"},{\"@type\":\"WebPage\",\"@id\":\"https:\\\/\\\/www.24gliwice.pl\\\/wiadomosci\\\/wystawa-body-worlds-powraca-do-katowic-z-nowa-ekspozycja\\\/\",\"url\":\"https:\\\/\\\/www.24gliwice.pl\\\/wiadomosci\\\/wystawa-body-worlds-powraca-do-katowic-z-nowa-ekspozycja\\\/\",\"name\":\"Wystawa BODY WORLDS powraca do Katowic z now\u0105 ekspozycj\u0105! - 24GLIWICE - Portal Gliwice | codziennie nowe informacje\",\"isPartOf\":{\"@id\":\"https:\\\/\\\/www.24gliwice.pl\\\/wiadomosci\\\/#website\"},\"primaryImageOfPage\":{\"@id\":\"https:\\\/\\\/www.24gliwice.pl\\\/wiadomosci\\\/wystawa-body-worlds-powraca-do-katowic-z-nowa-ekspozycja\\\/#primaryimage\"},\"image\":{\"@id\":\"https:\\\/\\\/www.24gliwice.pl\\\/wiadomosci\\\/wystawa-body-worlds-powraca-do-katowic-z-nowa-ekspozycja\\\/#primaryimage\"},\"thumbnailUrl\":\"https:\\\/\\\/www.24gliwice.pl\\\/wiadomosci\\\/wp-content\\\/uploads\\\/2023\\\/08\\\/BW_Zdjecie-Glowne_1-001.jpg\",\"datePublished\":\"2023-08-22T17:05:38+00:00\",\"dateModified\":\"2023-08-29T08:17:30+00:00\",\"breadcrumb\":{\"@id\":\"https:\\\/\\\/www.24gliwice.pl\\\/wiadomosci\\\/wystawa-body-worlds-powraca-do-katowic-z-nowa-ekspozycja\\\/#breadcrumb\"},\"inLanguage\":\"pl-PL\",\"potentialAction\":[{\"@type\":\"ReadAction\",\"target\":[\"https:\\\/\\\/www.24gliwice.pl\\\/wiadomosci\\\/wystawa-body-worlds-powraca-do-katowic-z-nowa-ekspozycja\\\/\"]}]},{\"@type\":\"ImageObject\",\"inLanguage\":\"pl-PL\",\"@id\":\"https:\\\/\\\/www.24gliwice.pl\\\/wiadomosci\\\/wystawa-body-worlds-powraca-do-katowic-z-nowa-ekspozycja\\\/#primaryimage\",\"url\":\"https:\\\/\\\/www.24gliwice.pl\\\/wiadomosci\\\/wp-content\\\/uploads\\\/2023\\\/08\\\/BW_Zdjecie-Glowne_1-001.jpg\",\"contentUrl\":\"https:\\\/\\\/www.24gliwice.pl\\\/wiadomosci\\\/wp-content\\\/uploads\\\/2023\\\/08\\\/BW_Zdjecie-Glowne_1-001.jpg\",\"width\":1140,\"height\":642,\"caption\":\"fot. materia\u0142y prasowe\"},{\"@type\":\"BreadcrumbList\",\"@id\":\"https:\\\/\\\/www.24gliwice.pl\\\/wiadomosci\\\/wystawa-body-worlds-powraca-do-katowic-z-nowa-ekspozycja\\\/#breadcrumb\",\"itemListElement\":[{\"@type\":\"ListItem\",\"position\":1,\"name\":\"Strona g\u0142\u00f3wna\",\"item\":\"https:\\\/\\\/www.24gliwice.pl\\\/wiadomosci\\\/\"},{\"@type\":\"ListItem\",\"position\":2,\"name\":\"Wystawa BODY WORLDS powraca do Katowic z now\u0105 ekspozycj\u0105!\"}]},{\"@type\":\"WebSite\",\"@id\":\"https:\\\/\\\/www.24gliwice.pl\\\/wiadomosci\\\/#website\",\"url\":\"https:\\\/\\\/www.24gliwice.pl\\\/wiadomosci\\\/\",\"name\":\"24GLIWICE - Portal Gliwice | codziennie nowe wiadomo\u015bci\",\"description\":\"Portal Miejski Gliwice\",\"publisher\":{\"@id\":\"https:\\\/\\\/www.24gliwice.pl\\\/wiadomosci\\\/#organization\"},\"potentialAction\":[{\"@type\":\"SearchAction\",\"target\":{\"@type\":\"EntryPoint\",\"urlTemplate\":\"https:\\\/\\\/www.24gliwice.pl\\\/wiadomosci\\\/?s={search_term_string}\"},\"query-input\":{\"@type\":\"PropertyValueSpecification\",\"valueRequired\":true,\"valueName\":\"search_term_string\"}}],\"inLanguage\":\"pl-PL\"},{\"@type\":\"Organization\",\"@id\":\"https:\\\/\\\/www.24gliwice.pl\\\/wiadomosci\\\/#organization\",\"name\":\"24gliwice\",\"url\":\"https:\\\/\\\/www.24gliwice.pl\\\/wiadomosci\\\/\",\"logo\":{\"@type\":\"ImageObject\",\"inLanguage\":\"pl-PL\",\"@id\":\"https:\\\/\\\/www.24gliwice.pl\\\/wiadomosci\\\/#\\\/schema\\\/logo\\\/image\\\/\",\"url\":\"https:\\\/\\\/www.24gliwice.pl\\\/wiadomosci\\\/wp-content\\\/uploads\\\/2024\\\/10\\\/24gliwice-logo-696.jpg\",\"contentUrl\":\"https:\\\/\\\/www.24gliwice.pl\\\/wiadomosci\\\/wp-content\\\/uploads\\\/2024\\\/10\\\/24gliwice-logo-696.jpg\",\"width\":696,\"height\":696,\"caption\":\"24gliwice\"},\"image\":{\"@id\":\"https:\\\/\\\/www.24gliwice.pl\\\/wiadomosci\\\/#\\\/schema\\\/logo\\\/image\\\/\"},\"sameAs\":[\"https:\\\/\\\/www.facebook.com\\\/24gliwice\",\"https:\\\/\\\/x.com\\\/24gliwice\",\"https:\\\/\\\/www.youtube.com\\\/@24gliwice\"]},{\"@type\":\"Person\",\"@id\":\"https:\\\/\\\/www.24gliwice.pl\\\/wiadomosci\\\/#\\\/schema\\\/person\\\/cb5857e4a4d048c15984c1edcc8ef0c0\",\"name\":\"Marcin Fabrykowski\",\"image\":{\"@type\":\"ImageObject\",\"inLanguage\":\"pl-PL\",\"@id\":\"https:\\\/\\\/www.24gliwice.pl\\\/wiadomosci\\\/wp-content\\\/uploads\\\/2025\\\/11\\\/zdjecie-moje-marcin-300-96x96.jpg\",\"url\":\"https:\\\/\\\/www.24gliwice.pl\\\/wiadomosci\\\/wp-content\\\/uploads\\\/2025\\\/11\\\/zdjecie-moje-marcin-300-96x96.jpg\",\"contentUrl\":\"https:\\\/\\\/www.24gliwice.pl\\\/wiadomosci\\\/wp-content\\\/uploads\\\/2025\\\/11\\\/zdjecie-moje-marcin-300-96x96.jpg\",\"caption\":\"Marcin Fabrykowski\"},\"sameAs\":[\"http:\\\/\\\/24gliwice.pl\",\"https:\\\/\\\/www.facebook.com\\\/marcin.fabrykowski\"],\"url\":\"https:\\\/\\\/www.24gliwice.pl\\\/wiadomosci\\\/author\\\/marcin-fabrykowski\\\/\"}]}<\/script>\n<!-- \/ Yoast SEO plugin. -->","yoast_head_json":{"title":"Wystawa BODY WORLDS powraca do Katowic z now\u0105 ekspozycj\u0105! - 24GLIWICE - Portal Gliwice | codziennie nowe informacje","robots":{"index":"index","follow":"follow","max-snippet":"max-snippet:-1","max-image-preview":"max-image-preview:large","max-video-preview":"max-video-preview:-1"},"canonical":"https:\/\/www.24gliwice.pl\/wiadomosci\/wystawa-body-worlds-powraca-do-katowic-z-nowa-ekspozycja\/","og_locale":"pl_PL","og_type":"article","og_title":"Wystawa BODY WORLDS powraca do Katowic z now\u0105 ekspozycj\u0105! - 24GLIWICE - Portal Gliwice | codziennie nowe informacje","og_description":"BODY WORLDS &#8211; najliczniej odwiedzana wystawa \u015bwiata po 6 latach powraca do Katowic! Now\u0105 ods\u0142on\u0119 tej niezwyk\u0142ej wystawy autorstwa dr. Gunthera von Hagensa b\u0119dzie mo\u017cna ogl\u0105da\u0107 tylko przez 3 miesi\u0105ce, od soboty, 2 wrze\u015bnia, do 3 grudnia 2023 r., w Galerii SZYB WILSON (ul. Oswobodzenia 1). Jest to pierwsza publiczna wystawa dotycz\u0105ca anatomii cz\u0142owieka, kt\u00f3r\u0105 [&hellip;]","og_url":"https:\/\/www.24gliwice.pl\/wiadomosci\/wystawa-body-worlds-powraca-do-katowic-z-nowa-ekspozycja\/","og_site_name":"24GLIWICE - Portal Gliwice | codziennie nowe informacje","article_publisher":"https:\/\/www.facebook.com\/24gliwice","article_author":"https:\/\/www.facebook.com\/marcin.fabrykowski","article_published_time":"2023-08-22T17:05:38+00:00","article_modified_time":"2023-08-29T08:17:30+00:00","og_image":[{"width":1140,"height":642,"url":"https:\/\/www.24gliwice.pl\/wiadomosci\/wp-content\/uploads\/2023\/08\/BW_Zdjecie-Glowne_1-001.jpg","type":"image\/jpeg"}],"author":"Marcin Fabrykowski","twitter_card":"summary_large_image","twitter_creator":"@24gliwice","twitter_site":"@24gliwice","twitter_misc":{"Napisane przez":"Marcin Fabrykowski","Szacowany czas czytania":"7 minut"},"schema":{"@context":"https:\/\/schema.org","@graph":[{"@type":"Article","@id":"https:\/\/www.24gliwice.pl\/wiadomosci\/wystawa-body-worlds-powraca-do-katowic-z-nowa-ekspozycja\/#article","isPartOf":{"@id":"https:\/\/www.24gliwice.pl\/wiadomosci\/wystawa-body-worlds-powraca-do-katowic-z-nowa-ekspozycja\/"},"author":{"name":"Marcin Fabrykowski","@id":"https:\/\/www.24gliwice.pl\/wiadomosci\/#\/schema\/person\/cb5857e4a4d048c15984c1edcc8ef0c0"},"headline":"Wystawa BODY WORLDS powraca do Katowic z now\u0105 ekspozycj\u0105!","datePublished":"2023-08-22T17:05:38+00:00","dateModified":"2023-08-29T08:17:30+00:00","mainEntityOfPage":{"@id":"https:\/\/www.24gliwice.pl\/wiadomosci\/wystawa-body-worlds-powraca-do-katowic-z-nowa-ekspozycja\/"},"wordCount":1158,"publisher":{"@id":"https:\/\/www.24gliwice.pl\/wiadomosci\/#organization"},"image":{"@id":"https:\/\/www.24gliwice.pl\/wiadomosci\/wystawa-body-worlds-powraca-do-katowic-z-nowa-ekspozycja\/#primaryimage"},"thumbnailUrl":"https:\/\/www.24gliwice.pl\/wiadomosci\/wp-content\/uploads\/2023\/08\/BW_Zdjecie-Glowne_1-001.jpg","articleSection":["Kultura, wydarzenia, imprezy","Najnowsze wiadomo\u015bci","Polecamy"],"inLanguage":"pl-PL"},{"@type":"WebPage","@id":"https:\/\/www.24gliwice.pl\/wiadomosci\/wystawa-body-worlds-powraca-do-katowic-z-nowa-ekspozycja\/","url":"https:\/\/www.24gliwice.pl\/wiadomosci\/wystawa-body-worlds-powraca-do-katowic-z-nowa-ekspozycja\/","name":"Wystawa BODY WORLDS powraca do Katowic z now\u0105 ekspozycj\u0105! - 24GLIWICE - Portal Gliwice | codziennie nowe informacje","isPartOf":{"@id":"https:\/\/www.24gliwice.pl\/wiadomosci\/#website"},"primaryImageOfPage":{"@id":"https:\/\/www.24gliwice.pl\/wiadomosci\/wystawa-body-worlds-powraca-do-katowic-z-nowa-ekspozycja\/#primaryimage"},"image":{"@id":"https:\/\/www.24gliwice.pl\/wiadomosci\/wystawa-body-worlds-powraca-do-katowic-z-nowa-ekspozycja\/#primaryimage"},"thumbnailUrl":"https:\/\/www.24gliwice.pl\/wiadomosci\/wp-content\/uploads\/2023\/08\/BW_Zdjecie-Glowne_1-001.jpg","datePublished":"2023-08-22T17:05:38+00:00","dateModified":"2023-08-29T08:17:30+00:00","breadcrumb":{"@id":"https:\/\/www.24gliwice.pl\/wiadomosci\/wystawa-body-worlds-powraca-do-katowic-z-nowa-ekspozycja\/#breadcrumb"},"inLanguage":"pl-PL","potentialAction":[{"@type":"ReadAction","target":["https:\/\/www.24gliwice.pl\/wiadomosci\/wystawa-body-worlds-powraca-do-katowic-z-nowa-ekspozycja\/"]}]},{"@type":"ImageObject","inLanguage":"pl-PL","@id":"https:\/\/www.24gliwice.pl\/wiadomosci\/wystawa-body-worlds-powraca-do-katowic-z-nowa-ekspozycja\/#primaryimage","url":"https:\/\/www.24gliwice.pl\/wiadomosci\/wp-content\/uploads\/2023\/08\/BW_Zdjecie-Glowne_1-001.jpg","contentUrl":"https:\/\/www.24gliwice.pl\/wiadomosci\/wp-content\/uploads\/2023\/08\/BW_Zdjecie-Glowne_1-001.jpg","width":1140,"height":642,"caption":"fot. materia\u0142y prasowe"},{"@type":"BreadcrumbList","@id":"https:\/\/www.24gliwice.pl\/wiadomosci\/wystawa-body-worlds-powraca-do-katowic-z-nowa-ekspozycja\/#breadcrumb","itemListElement":[{"@type":"ListItem","position":1,"name":"Strona g\u0142\u00f3wna","item":"https:\/\/www.24gliwice.pl\/wiadomosci\/"},{"@type":"ListItem","position":2,"name":"Wystawa BODY WORLDS powraca do Katowic z now\u0105 ekspozycj\u0105!"}]},{"@type":"WebSite","@id":"https:\/\/www.24gliwice.pl\/wiadomosci\/#website","url":"https:\/\/www.24gliwice.pl\/wiadomosci\/","name":"24GLIWICE - Portal Gliwice | codziennie nowe wiadomo\u015bci","description":"Portal Miejski Gliwice","publisher":{"@id":"https:\/\/www.24gliwice.pl\/wiadomosci\/#organization"},"potentialAction":[{"@type":"SearchAction","target":{"@type":"EntryPoint","urlTemplate":"https:\/\/www.24gliwice.pl\/wiadomosci\/?s={search_term_string}"},"query-input":{"@type":"PropertyValueSpecification","valueRequired":true,"valueName":"search_term_string"}}],"inLanguage":"pl-PL"},{"@type":"Organization","@id":"https:\/\/www.24gliwice.pl\/wiadomosci\/#organization","name":"24gliwice","url":"https:\/\/www.24gliwice.pl\/wiadomosci\/","logo":{"@type":"ImageObject","inLanguage":"pl-PL","@id":"https:\/\/www.24gliwice.pl\/wiadomosci\/#\/schema\/logo\/image\/","url":"https:\/\/www.24gliwice.pl\/wiadomosci\/wp-content\/uploads\/2024\/10\/24gliwice-logo-696.jpg","contentUrl":"https:\/\/www.24gliwice.pl\/wiadomosci\/wp-content\/uploads\/2024\/10\/24gliwice-logo-696.jpg","width":696,"height":696,"caption":"24gliwice"},"image":{"@id":"https:\/\/www.24gliwice.pl\/wiadomosci\/#\/schema\/logo\/image\/"},"sameAs":["https:\/\/www.facebook.com\/24gliwice","https:\/\/x.com\/24gliwice","https:\/\/www.youtube.com\/@24gliwice"]},{"@type":"Person","@id":"https:\/\/www.24gliwice.pl\/wiadomosci\/#\/schema\/person\/cb5857e4a4d048c15984c1edcc8ef0c0","name":"Marcin Fabrykowski","image":{"@type":"ImageObject","inLanguage":"pl-PL","@id":"https:\/\/www.24gliwice.pl\/wiadomosci\/wp-content\/uploads\/2025\/11\/zdjecie-moje-marcin-300-96x96.jpg","url":"https:\/\/www.24gliwice.pl\/wiadomosci\/wp-content\/uploads\/2025\/11\/zdjecie-moje-marcin-300-96x96.jpg","contentUrl":"https:\/\/www.24gliwice.pl\/wiadomosci\/wp-content\/uploads\/2025\/11\/zdjecie-moje-marcin-300-96x96.jpg","caption":"Marcin Fabrykowski"},"sameAs":["http:\/\/24gliwice.pl","https:\/\/www.facebook.com\/marcin.fabrykowski"],"url":"https:\/\/www.24gliwice.pl\/wiadomosci\/author\/marcin-fabrykowski\/"}]}},"_links":{"self":[{"href":"https:\/\/www.24gliwice.pl\/wiadomosci\/wp-json\/wp\/v2\/posts\/220114","targetHints":{"allow":["GET"]}}],"collection":[{"href":"https:\/\/www.24gliwice.pl\/wiadomosci\/wp-json\/wp\/v2\/posts"}],"about":[{"href":"https:\/\/www.24gliwice.pl\/wiadomosci\/wp-json\/wp\/v2\/types\/post"}],"author":[{"embeddable":true,"href":"https:\/\/www.24gliwice.pl\/wiadomosci\/wp-json\/wp\/v2\/users\/4"}],"replies":[{"embeddable":true,"href":"https:\/\/www.24gliwice.pl\/wiadomosci\/wp-json\/wp\/v2\/comments?post=220114"}],"version-history":[{"count":0,"href":"https:\/\/www.24gliwice.pl\/wiadomosci\/wp-json\/wp\/v2\/posts\/220114\/revisions"}],"wp:featuredmedia":[{"embeddable":true,"href":"https:\/\/www.24gliwice.pl\/wiadomosci\/wp-json\/wp\/v2\/media\/220119"}],"wp:attachment":[{"href":"https:\/\/www.24gliwice.pl\/wiadomosci\/wp-json\/wp\/v2\/media?parent=220114"}],"wp:term":[{"taxonomy":"category","embeddable":true,"href":"https:\/\/www.24gliwice.pl\/wiadomosci\/wp-json\/wp\/v2\/categories?post=220114"},{"taxonomy":"post_tag","embeddable":true,"href":"https:\/\/www.24gliwice.pl\/wiadomosci\/wp-json\/wp\/v2\/tags?post=220114"}],"curies":[{"name":"wp","href":"https:\/\/api.w.org\/{rel}","templated":true}]}}