{"id":220553,"date":"2023-08-30T06:45:37","date_gmt":"2023-08-30T04:45:37","guid":{"rendered":"https:\/\/www.24gliwice.pl\/wiadomosci\/?p=220553"},"modified":"2023-08-29T22:48:36","modified_gmt":"2023-08-29T20:48:36","slug":"strefa-tempo-30-na-wojtowej-wsi-obejmuje-kilkanascie-ulic-zdm-uspokoi-sie-ruch-w-dzielnicy","status":"publish","type":"post","link":"https:\/\/www.24gliwice.pl\/wiadomosci\/strefa-tempo-30-na-wojtowej-wsi-obejmuje-kilkanascie-ulic-zdm-uspokoi-sie-ruch-w-dzielnicy\/","title":{"rendered":"Strefa TEMPO 30 na W\u00f3jtowej Wsi obejmuje kilkana\u015bcie ulic. ZDM: &#8220;Uspokoi si\u0119 ruch w dzielnicy&#8221;"},"content":{"rendered":"<div class=\"gliwi-a6-nad-leadem-artykulow gliwi-entity-placement\" id=\"gliwi-10236931\"><div class=\"gliwi-adlabel\"><span style=\"font-size: 9px\">REKLAMA<\/span><\/div><div id=\"gliwi-3497626705\" style=\"margin-bottom: 25px;margin-left: auto;margin-right: auto;text-align: center;\"><a data-no-instant=\"1\" href=\"https:\/\/dom100.eu\/\" rel=\"noopener\" class=\"a2t-link\" target=\"_blank\" aria-label=\"20260415 DOM100 D\"><img loading=\"lazy\" decoding=\"async\" src=\"https:\/\/www.24gliwice.pl\/wiadomosci\/wp-content\/uploads\/2026\/04\/20260415-DOM100-D.jpg\" alt=\"\"  srcset=\"https:\/\/www.24gliwice.pl\/wiadomosci\/wp-content\/uploads\/2026\/04\/20260415-DOM100-D.jpg 750w, https:\/\/www.24gliwice.pl\/wiadomosci\/wp-content\/uploads\/2026\/04\/20260415-DOM100-D-410x109.jpg 410w\" sizes=\"(max-width: 750px) 100vw, 750px\" class=\"no-lazyload\" width=\"750\" height=\"200\"  style=\"display: inline-block; max-width: 100%; height: auto;\" \/><\/a><\/div><\/div><h2>Na kilkunastu ulicach W\u00f3jtowej Wsi Zarz\u0105d Dr\u00f3g Miejskich wprowadzi\u0142 zapowiadan\u0105 od kilku miesi\u0119cy stref\u0119 TEMPO 30. Rozwi\u0105zanie ma uspokoi\u0107 ruch, a w efekcie zwi\u0119kszy\u0107 bezpiecze\u0144stwo mieszka\u0144c\u00f3w, kt\u00f3rzy prosili o takie dzia\u0142ania. <\/h2>\n<p>&nbsp;<br \/>\nStrefa TEMPO 30, czyli ograniczenia pr\u0119dko\u015bci do 30 km\/godzin\u0119, zacz\u0119\u0142a obowi\u0105zywa\u0107 w tym tygodniu. Obj\u0119\u0142a ona ulice: <strong>Mickiewicza, Damrota, Norwida, Ole\u015bnickiego, Skargi, cz\u0119\u015b\u0107 Sobieskiego, cz\u0119\u015b\u0107 ulicy Ligonia, Zawiszy Czarnego, D\u0142ugosza, D\u0142ug\u0105, Ma\u0142\u0105, Na Wzg\u00f3rzu, Prusa i Puszkina.<\/strong><\/p>\n<p>\u2013 <em>Dzi\u0119ki temu uspokoi si\u0119 ruch w dzielnicy o historycznej zabudowie, z w\u0105skimi i kr\u0119tymi uliczkami, z parkiem, placem zabaw oraz alej\u0105 dla pieszych i rower\u00f3w. Na cz\u0119\u015bci ul. Ligonia powsta\u0142a w dodatku strefa zamieszkania ograniczaj\u0105c\u0105 prawa kierowc\u00f3w, a daj\u0105ca wi\u0119ksz\u0105 swobod\u0119 pieszym, kt\u00f3rzy mog\u0105 porusza\u0107 si\u0119 ca\u0142\u0105 szeroko\u015bci\u0105 drogi i maj\u0105 pierwsze\u0144stwo przed pojazdami. Dopuszczalna pr\u0119dko\u015b\u0107 aut w strefie zamieszkania wynosi 20 km\/h, zabroniony jest post\u00f3j pojazdu w miejscu innym ni\u017c wyznaczone<\/em> \u2013 m\u00f3wi <strong>Jadwiga Jagie\u0142\u0142o-Stiborska<\/strong>, rzecznik prasowy ZDM. Tego typu strefy wcze\u015bniej wprowadzono ju\u017c m.in. w Bojkowie, na Sikorniku oraz w Czechowicach.<\/p><div class=\"gliwi-a3-w-tresci-artykulow gliwi-entity-placement\" id=\"gliwi-2939200732\"><div class=\"gliwi-adlabel\"><span style=\"font-size: 9px\">REKLAMA<\/span><\/div><div id=\"gliwi-1896308206\" style=\"margin-bottom: 30px;margin-left: auto;margin-right: auto;text-align: center;\"><a data-no-instant=\"1\" href=\"https:\/\/ogrodyandersa.pl\/\" rel=\"noopener\" class=\"a2t-link\" target=\"_blank\" aria-label=\"20260415 Ogrody Andersa KUP TERAZ D\"><img loading=\"lazy\" decoding=\"async\" src=\"https:\/\/www.24gliwice.pl\/wiadomosci\/wp-content\/uploads\/2026\/04\/20260415-Ogrody-Andersa-KUP-TERAZ-D.jpg\" alt=\"\"  srcset=\"https:\/\/www.24gliwice.pl\/wiadomosci\/wp-content\/uploads\/2026\/04\/20260415-Ogrody-Andersa-KUP-TERAZ-D.jpg 750w, https:\/\/www.24gliwice.pl\/wiadomosci\/wp-content\/uploads\/2026\/04\/20260415-Ogrody-Andersa-KUP-TERAZ-D-410x109.jpg 410w\" sizes=\"(max-width: 750px) 100vw, 750px\" class=\"no-lazyload\" width=\"750\" height=\"200\"  style=\"display: inline-block; max-width: 100%; height: auto;\" \/><\/a><\/div><\/div>\n<p><a href=\"https:\/\/www.24gliwice.pl\/wiadomosci\/wp-content\/uploads\/2023\/08\/strefa-tempo-30-mapa.jpg\"><img loading=\"lazy\" decoding=\"async\" src=\"https:\/\/www.24gliwice.pl\/wiadomosci\/wp-content\/uploads\/2023\/08\/strefa-tempo-30-mapa.jpg\" alt=\"\" width=\"810\" height=\"546\" class=\"alignnone size-full wp-image-220555\" srcset=\"https:\/\/www.24gliwice.pl\/wiadomosci\/wp-content\/uploads\/2023\/08\/strefa-tempo-30-mapa.jpg 810w, https:\/\/www.24gliwice.pl\/wiadomosci\/wp-content\/uploads\/2023\/08\/strefa-tempo-30-mapa-344x232.jpg 344w, https:\/\/www.24gliwice.pl\/wiadomosci\/wp-content\/uploads\/2023\/08\/strefa-tempo-30-mapa-675x455.jpg 675w, https:\/\/www.24gliwice.pl\/wiadomosci\/wp-content\/uploads\/2023\/08\/strefa-tempo-30-mapa-768x518.jpg 768w\" sizes=\"auto, (max-width: 810px) 100vw, 810px\" \/><\/a><\/p>\n<h4>Bezpiecze\u0144stwo na ulicach poprawiaj\u0105 tak\u017ce m.in. wyniesione przej\u015bcia przez jezdni\u0119.<\/h4>\n<p>W miejscach, kt\u00f3re wymagaj\u0105 szczeg\u00f3lnego zabezpieczenia, m.in. w pobli\u017cu szk\u00f3\u0142 i przedszkoli, park\u00f3w, punkt\u00f3w us\u0142ugowych czy handlowych, ko\u015bcio\u0142\u00f3w powstaj\u0105 wyniesione przej\u015bcia dla pieszych. To skuteczne rozwi\u0105zania, kt\u00f3re powstrzymuj\u0105 kierowc\u00f3w przed wje\u017cd\u017caniem z impetem na pasy. Takie przej\u015bcia zbudowano ostatnio w ramach projektu \u201eBezpieczny pieszy w Gliwicach\u201d przy ul Okrzei, Elsnera, Beskidzkiej i Gierymskiego. <\/p>\n<h4>W trakcie budowy s\u0105 obecnie przej\u015bcia na ul. Orl\u0105t \u015al\u0105skich, Kr\u00f3lowej Bony i Sienkiewicza. Jeszcze w tym roku powstan\u0105 kolejne \u2013 m.in. przy ul. Dubois.<\/h4>\n<p>Przedsi\u0119wzi\u0119cie obejmie w sumie 10 przej\u015b\u0107, a na jego realizacj\u0119 miasto uzyska\u0142o dofinansowanie ze \u015brodk\u00f3w Funduszu Sp\u00f3jno\u015bci (w ramach Programu Operacyjnego Infrastruktura i \u015arodowisko 2014\u20132020), w wysoko\u015bci ponad 452 tys. z\u0142 (budowa przej\u015b\u0107 b\u0119dzie kosztowa\u0107 ponad 587 tys. z\u0142). <\/p>\n<p>(\u017cms)\/UM Gliwice(mf)<\/p>\n<div class=\"gliwi-a5-na-koncu-artykulow gliwi-entity-placement\" id=\"gliwi-2672938559\"><div class=\"gliwi-adlabel\"><span style=\"font-size: 9px\">REKLAMA<\/span><\/div><div id=\"gliwi-1185599110\" style=\"margin-left: auto;margin-right: auto;text-align: center;\"><a data-no-instant=\"1\" href=\"https:\/\/prezeroarenagliwice.pl\/\" rel=\"noopener\" class=\"a2t-link\" target=\"_blank\" aria-label=\"20260309-PREZERO-WIOSNA-D\"><img loading=\"lazy\" decoding=\"async\" src=\"https:\/\/www.24gliwice.pl\/wiadomosci\/wp-content\/uploads\/2026\/03\/20260309-PREZERO-WIOSNA-D.webp\" alt=\"\"  srcset=\"https:\/\/www.24gliwice.pl\/wiadomosci\/wp-content\/uploads\/2026\/03\/20260309-PREZERO-WIOSNA-D.webp 750w, https:\/\/www.24gliwice.pl\/wiadomosci\/wp-content\/uploads\/2026\/03\/20260309-PREZERO-WIOSNA-D-410x109.webp 410w\" sizes=\"(max-width: 750px) 100vw, 750px\" class=\"no-lazyload\" width=\"750\" height=\"200\"  style=\"display: inline-block; max-width: 100%; height: auto;\" \/><\/a><\/div><\/div>","protected":false},"excerpt":{"rendered":"<p>Na kilkunastu ulicach W\u00f3jtowej Wsi Zarz\u0105d Dr\u00f3g Miejskich wprowadzi\u0142 zapowiadan\u0105 od kilku miesi\u0119cy stref\u0119 TEMPO 30. Rozwi\u0105zanie ma uspokoi\u0107 ruch, a w efekcie zwi\u0119kszy\u0107 bezpiecze\u0144stwo mieszka\u0144c\u00f3w, kt\u00f3rzy prosili o takie dzia\u0142ania. &nbsp; Strefa TEMPO 30, czyli ograniczenia pr\u0119dko\u015bci do 30 km\/godzin\u0119, zacz\u0119\u0142a obowi\u0105zywa\u0107 w tym tygodniu. Obj\u0119\u0142a ona ulice: Mickiewicza, Damrota, Norwida, Ole\u015bnickiego, Skargi, cz\u0119\u015b\u0107 [&hellip;]<\/p>\n","protected":false},"author":15,"featured_media":220556,"comment_status":"open","ping_status":"closed","sticky":false,"template":"","format":"standard","meta":{"_monsterinsights_skip_tracking":false,"_monsterinsights_sitenote_active":false,"_monsterinsights_sitenote_note":"","_monsterinsights_sitenote_category":0,"footnotes":"","_links_to":"","_links_to_target":""},"categories":[3,1],"tags":[22857,4706],"class_list":["post-220553","post","type-post","status-publish","format-standard","has-post-thumbnail","hentry","category-gliwice","category-wszystko","tag-strefa-tempo-30","tag-wojtowa-wies"],"yoast_head":"<!-- This site is optimized with the Yoast SEO plugin v27.5 - https:\/\/yoast.com\/product\/yoast-seo-wordpress\/ -->\n<title>Strefa TEMPO 30 na W\u00f3jtowej Wsi obejmuje kilkana\u015bcie ulic. ZDM: &quot;Uspokoi si\u0119 ruch w dzielnicy&quot; - 24GLIWICE - Portal Gliwice | codziennie nowe informacje<\/title>\n<meta name=\"description\" content=\"Na terenie W\u00f3jtowej Wsi wprowadzona zosta\u0142a strefa tempo 30. Obejmuje ona kilkana\u015bcie ulic w dzielnicy, ma uspokoi\u0107 ruch\" \/>\n<meta name=\"robots\" content=\"index, follow, max-snippet:-1, max-image-preview:large, max-video-preview:-1\" \/>\n<link rel=\"canonical\" href=\"https:\/\/www.24gliwice.pl\/wiadomosci\/strefa-tempo-30-na-wojtowej-wsi-obejmuje-kilkanascie-ulic-zdm-uspokoi-sie-ruch-w-dzielnicy\/\" \/>\n<meta property=\"og:locale\" content=\"pl_PL\" \/>\n<meta property=\"og:type\" content=\"article\" \/>\n<meta property=\"og:title\" content=\"Strefa TEMPO 30 na W\u00f3jtowej Wsi obejmuje kilkana\u015bcie ulic. ZDM: &quot;Uspokoi si\u0119 ruch w dzielnicy&quot; - 24GLIWICE - Portal Gliwice | codziennie nowe informacje\" \/>\n<meta property=\"og:description\" content=\"Na terenie W\u00f3jtowej Wsi wprowadzona zosta\u0142a strefa tempo 30. Obejmuje ona kilkana\u015bcie ulic w dzielnicy, ma uspokoi\u0107 ruch\" \/>\n<meta property=\"og:url\" content=\"https:\/\/www.24gliwice.pl\/wiadomosci\/strefa-tempo-30-na-wojtowej-wsi-obejmuje-kilkanascie-ulic-zdm-uspokoi-sie-ruch-w-dzielnicy\/\" \/>\n<meta property=\"og:site_name\" content=\"24GLIWICE - Portal Gliwice | codziennie nowe informacje\" \/>\n<meta property=\"article:publisher\" content=\"https:\/\/www.facebook.com\/24gliwice\" \/>\n<meta property=\"article:published_time\" content=\"2023-08-30T04:45:37+00:00\" \/>\n<meta property=\"og:image\" content=\"https:\/\/www.24gliwice.pl\/wiadomosci\/wp-content\/uploads\/2023\/08\/strefa-tempo-30.jpg\" \/>\n\t<meta property=\"og:image:width\" content=\"810\" \/>\n\t<meta property=\"og:image:height\" content=\"457\" \/>\n\t<meta property=\"og:image:type\" content=\"image\/jpeg\" \/>\n<meta name=\"author\" content=\"\u017baneta Mrozek-Siewierska\" \/>\n<meta name=\"twitter:card\" content=\"summary_large_image\" \/>\n<meta name=\"twitter:creator\" content=\"@24gliwice\" \/>\n<meta name=\"twitter:site\" content=\"@24gliwice\" \/>\n<meta name=\"twitter:label1\" content=\"Napisane przez\" \/>\n\t<meta name=\"twitter:data1\" content=\"\u017baneta Mrozek-Siewierska\" \/>\n\t<meta name=\"twitter:label2\" content=\"Szacowany czas czytania\" \/>\n\t<meta name=\"twitter:data2\" content=\"2 minuty\" \/>\n<script type=\"application\/ld+json\" class=\"yoast-schema-graph\">{\"@context\":\"https:\\\/\\\/schema.org\",\"@graph\":[{\"@type\":\"Article\",\"@id\":\"https:\\\/\\\/www.24gliwice.pl\\\/wiadomosci\\\/strefa-tempo-30-na-wojtowej-wsi-obejmuje-kilkanascie-ulic-zdm-uspokoi-sie-ruch-w-dzielnicy\\\/#article\",\"isPartOf\":{\"@id\":\"https:\\\/\\\/www.24gliwice.pl\\\/wiadomosci\\\/strefa-tempo-30-na-wojtowej-wsi-obejmuje-kilkanascie-ulic-zdm-uspokoi-sie-ruch-w-dzielnicy\\\/\"},\"author\":{\"name\":\"\u017baneta Mrozek-Siewierska\",\"@id\":\"https:\\\/\\\/www.24gliwice.pl\\\/wiadomosci\\\/#\\\/schema\\\/person\\\/e42c650edd7f2fa332be3811fb166b6e\"},\"headline\":\"Strefa TEMPO 30 na W\u00f3jtowej Wsi obejmuje kilkana\u015bcie ulic. ZDM: &#8220;Uspokoi si\u0119 ruch w dzielnicy&#8221;\",\"datePublished\":\"2023-08-30T04:45:37+00:00\",\"mainEntityOfPage\":{\"@id\":\"https:\\\/\\\/www.24gliwice.pl\\\/wiadomosci\\\/strefa-tempo-30-na-wojtowej-wsi-obejmuje-kilkanascie-ulic-zdm-uspokoi-sie-ruch-w-dzielnicy\\\/\"},\"wordCount\":373,\"commentCount\":0,\"publisher\":{\"@id\":\"https:\\\/\\\/www.24gliwice.pl\\\/wiadomosci\\\/#organization\"},\"image\":{\"@id\":\"https:\\\/\\\/www.24gliwice.pl\\\/wiadomosci\\\/strefa-tempo-30-na-wojtowej-wsi-obejmuje-kilkanascie-ulic-zdm-uspokoi-sie-ruch-w-dzielnicy\\\/#primaryimage\"},\"thumbnailUrl\":\"https:\\\/\\\/www.24gliwice.pl\\\/wiadomosci\\\/wp-content\\\/uploads\\\/2023\\\/08\\\/strefa-tempo-30.jpg\",\"keywords\":[\"strefa Tempo 30\",\"W\u00d3JTOWA WIE\u015a\"],\"articleSection\":[\"Gliwice\",\"Najnowsze wiadomo\u015bci\"],\"inLanguage\":\"pl-PL\",\"potentialAction\":[{\"@type\":\"CommentAction\",\"name\":\"Comment\",\"target\":[\"https:\\\/\\\/www.24gliwice.pl\\\/wiadomosci\\\/strefa-tempo-30-na-wojtowej-wsi-obejmuje-kilkanascie-ulic-zdm-uspokoi-sie-ruch-w-dzielnicy\\\/#respond\"]}]},{\"@type\":\"WebPage\",\"@id\":\"https:\\\/\\\/www.24gliwice.pl\\\/wiadomosci\\\/strefa-tempo-30-na-wojtowej-wsi-obejmuje-kilkanascie-ulic-zdm-uspokoi-sie-ruch-w-dzielnicy\\\/\",\"url\":\"https:\\\/\\\/www.24gliwice.pl\\\/wiadomosci\\\/strefa-tempo-30-na-wojtowej-wsi-obejmuje-kilkanascie-ulic-zdm-uspokoi-sie-ruch-w-dzielnicy\\\/\",\"name\":\"Strefa TEMPO 30 na W\u00f3jtowej Wsi obejmuje kilkana\u015bcie ulic. ZDM: \\\"Uspokoi si\u0119 ruch w dzielnicy\\\" - 24GLIWICE - Portal Gliwice | codziennie nowe informacje\",\"isPartOf\":{\"@id\":\"https:\\\/\\\/www.24gliwice.pl\\\/wiadomosci\\\/#website\"},\"primaryImageOfPage\":{\"@id\":\"https:\\\/\\\/www.24gliwice.pl\\\/wiadomosci\\\/strefa-tempo-30-na-wojtowej-wsi-obejmuje-kilkanascie-ulic-zdm-uspokoi-sie-ruch-w-dzielnicy\\\/#primaryimage\"},\"image\":{\"@id\":\"https:\\\/\\\/www.24gliwice.pl\\\/wiadomosci\\\/strefa-tempo-30-na-wojtowej-wsi-obejmuje-kilkanascie-ulic-zdm-uspokoi-sie-ruch-w-dzielnicy\\\/#primaryimage\"},\"thumbnailUrl\":\"https:\\\/\\\/www.24gliwice.pl\\\/wiadomosci\\\/wp-content\\\/uploads\\\/2023\\\/08\\\/strefa-tempo-30.jpg\",\"datePublished\":\"2023-08-30T04:45:37+00:00\",\"description\":\"Na terenie W\u00f3jtowej Wsi wprowadzona zosta\u0142a strefa tempo 30. Obejmuje ona kilkana\u015bcie ulic w dzielnicy, ma uspokoi\u0107 ruch\",\"breadcrumb\":{\"@id\":\"https:\\\/\\\/www.24gliwice.pl\\\/wiadomosci\\\/strefa-tempo-30-na-wojtowej-wsi-obejmuje-kilkanascie-ulic-zdm-uspokoi-sie-ruch-w-dzielnicy\\\/#breadcrumb\"},\"inLanguage\":\"pl-PL\",\"potentialAction\":[{\"@type\":\"ReadAction\",\"target\":[\"https:\\\/\\\/www.24gliwice.pl\\\/wiadomosci\\\/strefa-tempo-30-na-wojtowej-wsi-obejmuje-kilkanascie-ulic-zdm-uspokoi-sie-ruch-w-dzielnicy\\\/\"]}]},{\"@type\":\"ImageObject\",\"inLanguage\":\"pl-PL\",\"@id\":\"https:\\\/\\\/www.24gliwice.pl\\\/wiadomosci\\\/strefa-tempo-30-na-wojtowej-wsi-obejmuje-kilkanascie-ulic-zdm-uspokoi-sie-ruch-w-dzielnicy\\\/#primaryimage\",\"url\":\"https:\\\/\\\/www.24gliwice.pl\\\/wiadomosci\\\/wp-content\\\/uploads\\\/2023\\\/08\\\/strefa-tempo-30.jpg\",\"contentUrl\":\"https:\\\/\\\/www.24gliwice.pl\\\/wiadomosci\\\/wp-content\\\/uploads\\\/2023\\\/08\\\/strefa-tempo-30.jpg\",\"width\":810,\"height\":457},{\"@type\":\"BreadcrumbList\",\"@id\":\"https:\\\/\\\/www.24gliwice.pl\\\/wiadomosci\\\/strefa-tempo-30-na-wojtowej-wsi-obejmuje-kilkanascie-ulic-zdm-uspokoi-sie-ruch-w-dzielnicy\\\/#breadcrumb\",\"itemListElement\":[{\"@type\":\"ListItem\",\"position\":1,\"name\":\"Strona g\u0142\u00f3wna\",\"item\":\"https:\\\/\\\/www.24gliwice.pl\\\/wiadomosci\\\/\"},{\"@type\":\"ListItem\",\"position\":2,\"name\":\"Strefa TEMPO 30 na W\u00f3jtowej Wsi obejmuje kilkana\u015bcie ulic. ZDM: &#8222;Uspokoi si\u0119 ruch w dzielnicy&#8221;\"}]},{\"@type\":\"WebSite\",\"@id\":\"https:\\\/\\\/www.24gliwice.pl\\\/wiadomosci\\\/#website\",\"url\":\"https:\\\/\\\/www.24gliwice.pl\\\/wiadomosci\\\/\",\"name\":\"24GLIWICE - Portal Gliwice | codziennie nowe wiadomo\u015bci\",\"description\":\"Portal Miejski Gliwice\",\"publisher\":{\"@id\":\"https:\\\/\\\/www.24gliwice.pl\\\/wiadomosci\\\/#organization\"},\"potentialAction\":[{\"@type\":\"SearchAction\",\"target\":{\"@type\":\"EntryPoint\",\"urlTemplate\":\"https:\\\/\\\/www.24gliwice.pl\\\/wiadomosci\\\/?s={search_term_string}\"},\"query-input\":{\"@type\":\"PropertyValueSpecification\",\"valueRequired\":true,\"valueName\":\"search_term_string\"}}],\"inLanguage\":\"pl-PL\"},{\"@type\":\"Organization\",\"@id\":\"https:\\\/\\\/www.24gliwice.pl\\\/wiadomosci\\\/#organization\",\"name\":\"24gliwice\",\"url\":\"https:\\\/\\\/www.24gliwice.pl\\\/wiadomosci\\\/\",\"logo\":{\"@type\":\"ImageObject\",\"inLanguage\":\"pl-PL\",\"@id\":\"https:\\\/\\\/www.24gliwice.pl\\\/wiadomosci\\\/#\\\/schema\\\/logo\\\/image\\\/\",\"url\":\"https:\\\/\\\/www.24gliwice.pl\\\/wiadomosci\\\/wp-content\\\/uploads\\\/2024\\\/10\\\/24gliwice-logo-696.jpg\",\"contentUrl\":\"https:\\\/\\\/www.24gliwice.pl\\\/wiadomosci\\\/wp-content\\\/uploads\\\/2024\\\/10\\\/24gliwice-logo-696.jpg\",\"width\":696,\"height\":696,\"caption\":\"24gliwice\"},\"image\":{\"@id\":\"https:\\\/\\\/www.24gliwice.pl\\\/wiadomosci\\\/#\\\/schema\\\/logo\\\/image\\\/\"},\"sameAs\":[\"https:\\\/\\\/www.facebook.com\\\/24gliwice\",\"https:\\\/\\\/x.com\\\/24gliwice\",\"https:\\\/\\\/www.youtube.com\\\/@24gliwice\"]},{\"@type\":\"Person\",\"@id\":\"https:\\\/\\\/www.24gliwice.pl\\\/wiadomosci\\\/#\\\/schema\\\/person\\\/e42c650edd7f2fa332be3811fb166b6e\",\"name\":\"\u017baneta Mrozek-Siewierska\",\"image\":{\"@type\":\"ImageObject\",\"inLanguage\":\"pl-PL\",\"@id\":\"https:\\\/\\\/secure.gravatar.com\\\/avatar\\\/1881429e9c64597c77ad7aef2d0a19be69a3253e57534d16aa15bf3a4d34a0a3?s=96&d=mm&r=g\",\"url\":\"https:\\\/\\\/secure.gravatar.com\\\/avatar\\\/1881429e9c64597c77ad7aef2d0a19be69a3253e57534d16aa15bf3a4d34a0a3?s=96&d=mm&r=g\",\"contentUrl\":\"https:\\\/\\\/secure.gravatar.com\\\/avatar\\\/1881429e9c64597c77ad7aef2d0a19be69a3253e57534d16aa15bf3a4d34a0a3?s=96&d=mm&r=g\",\"caption\":\"\u017baneta Mrozek-Siewierska\"},\"url\":\"https:\\\/\\\/www.24gliwice.pl\\\/wiadomosci\\\/author\\\/zms\\\/\"}]}<\/script>\n<!-- \/ Yoast SEO plugin. -->","yoast_head_json":{"title":"Strefa TEMPO 30 na W\u00f3jtowej Wsi obejmuje kilkana\u015bcie ulic. ZDM: \"Uspokoi si\u0119 ruch w dzielnicy\" - 24GLIWICE - Portal Gliwice | codziennie nowe informacje","description":"Na terenie W\u00f3jtowej Wsi wprowadzona zosta\u0142a strefa tempo 30. Obejmuje ona kilkana\u015bcie ulic w dzielnicy, ma uspokoi\u0107 ruch","robots":{"index":"index","follow":"follow","max-snippet":"max-snippet:-1","max-image-preview":"max-image-preview:large","max-video-preview":"max-video-preview:-1"},"canonical":"https:\/\/www.24gliwice.pl\/wiadomosci\/strefa-tempo-30-na-wojtowej-wsi-obejmuje-kilkanascie-ulic-zdm-uspokoi-sie-ruch-w-dzielnicy\/","og_locale":"pl_PL","og_type":"article","og_title":"Strefa TEMPO 30 na W\u00f3jtowej Wsi obejmuje kilkana\u015bcie ulic. ZDM: \"Uspokoi si\u0119 ruch w dzielnicy\" - 24GLIWICE - Portal Gliwice | codziennie nowe informacje","og_description":"Na terenie W\u00f3jtowej Wsi wprowadzona zosta\u0142a strefa tempo 30. Obejmuje ona kilkana\u015bcie ulic w dzielnicy, ma uspokoi\u0107 ruch","og_url":"https:\/\/www.24gliwice.pl\/wiadomosci\/strefa-tempo-30-na-wojtowej-wsi-obejmuje-kilkanascie-ulic-zdm-uspokoi-sie-ruch-w-dzielnicy\/","og_site_name":"24GLIWICE - Portal Gliwice | codziennie nowe informacje","article_publisher":"https:\/\/www.facebook.com\/24gliwice","article_published_time":"2023-08-30T04:45:37+00:00","og_image":[{"width":810,"height":457,"url":"https:\/\/www.24gliwice.pl\/wiadomosci\/wp-content\/uploads\/2023\/08\/strefa-tempo-30.jpg","type":"image\/jpeg"}],"author":"\u017baneta Mrozek-Siewierska","twitter_card":"summary_large_image","twitter_creator":"@24gliwice","twitter_site":"@24gliwice","twitter_misc":{"Napisane przez":"\u017baneta Mrozek-Siewierska","Szacowany czas czytania":"2 minuty"},"schema":{"@context":"https:\/\/schema.org","@graph":[{"@type":"Article","@id":"https:\/\/www.24gliwice.pl\/wiadomosci\/strefa-tempo-30-na-wojtowej-wsi-obejmuje-kilkanascie-ulic-zdm-uspokoi-sie-ruch-w-dzielnicy\/#article","isPartOf":{"@id":"https:\/\/www.24gliwice.pl\/wiadomosci\/strefa-tempo-30-na-wojtowej-wsi-obejmuje-kilkanascie-ulic-zdm-uspokoi-sie-ruch-w-dzielnicy\/"},"author":{"name":"\u017baneta Mrozek-Siewierska","@id":"https:\/\/www.24gliwice.pl\/wiadomosci\/#\/schema\/person\/e42c650edd7f2fa332be3811fb166b6e"},"headline":"Strefa TEMPO 30 na W\u00f3jtowej Wsi obejmuje kilkana\u015bcie ulic. ZDM: &#8220;Uspokoi si\u0119 ruch w dzielnicy&#8221;","datePublished":"2023-08-30T04:45:37+00:00","mainEntityOfPage":{"@id":"https:\/\/www.24gliwice.pl\/wiadomosci\/strefa-tempo-30-na-wojtowej-wsi-obejmuje-kilkanascie-ulic-zdm-uspokoi-sie-ruch-w-dzielnicy\/"},"wordCount":373,"commentCount":0,"publisher":{"@id":"https:\/\/www.24gliwice.pl\/wiadomosci\/#organization"},"image":{"@id":"https:\/\/www.24gliwice.pl\/wiadomosci\/strefa-tempo-30-na-wojtowej-wsi-obejmuje-kilkanascie-ulic-zdm-uspokoi-sie-ruch-w-dzielnicy\/#primaryimage"},"thumbnailUrl":"https:\/\/www.24gliwice.pl\/wiadomosci\/wp-content\/uploads\/2023\/08\/strefa-tempo-30.jpg","keywords":["strefa Tempo 30","W\u00d3JTOWA WIE\u015a"],"articleSection":["Gliwice","Najnowsze wiadomo\u015bci"],"inLanguage":"pl-PL","potentialAction":[{"@type":"CommentAction","name":"Comment","target":["https:\/\/www.24gliwice.pl\/wiadomosci\/strefa-tempo-30-na-wojtowej-wsi-obejmuje-kilkanascie-ulic-zdm-uspokoi-sie-ruch-w-dzielnicy\/#respond"]}]},{"@type":"WebPage","@id":"https:\/\/www.24gliwice.pl\/wiadomosci\/strefa-tempo-30-na-wojtowej-wsi-obejmuje-kilkanascie-ulic-zdm-uspokoi-sie-ruch-w-dzielnicy\/","url":"https:\/\/www.24gliwice.pl\/wiadomosci\/strefa-tempo-30-na-wojtowej-wsi-obejmuje-kilkanascie-ulic-zdm-uspokoi-sie-ruch-w-dzielnicy\/","name":"Strefa TEMPO 30 na W\u00f3jtowej Wsi obejmuje kilkana\u015bcie ulic. ZDM: \"Uspokoi si\u0119 ruch w dzielnicy\" - 24GLIWICE - Portal Gliwice | codziennie nowe informacje","isPartOf":{"@id":"https:\/\/www.24gliwice.pl\/wiadomosci\/#website"},"primaryImageOfPage":{"@id":"https:\/\/www.24gliwice.pl\/wiadomosci\/strefa-tempo-30-na-wojtowej-wsi-obejmuje-kilkanascie-ulic-zdm-uspokoi-sie-ruch-w-dzielnicy\/#primaryimage"},"image":{"@id":"https:\/\/www.24gliwice.pl\/wiadomosci\/strefa-tempo-30-na-wojtowej-wsi-obejmuje-kilkanascie-ulic-zdm-uspokoi-sie-ruch-w-dzielnicy\/#primaryimage"},"thumbnailUrl":"https:\/\/www.24gliwice.pl\/wiadomosci\/wp-content\/uploads\/2023\/08\/strefa-tempo-30.jpg","datePublished":"2023-08-30T04:45:37+00:00","description":"Na terenie W\u00f3jtowej Wsi wprowadzona zosta\u0142a strefa tempo 30. Obejmuje ona kilkana\u015bcie ulic w dzielnicy, ma uspokoi\u0107 ruch","breadcrumb":{"@id":"https:\/\/www.24gliwice.pl\/wiadomosci\/strefa-tempo-30-na-wojtowej-wsi-obejmuje-kilkanascie-ulic-zdm-uspokoi-sie-ruch-w-dzielnicy\/#breadcrumb"},"inLanguage":"pl-PL","potentialAction":[{"@type":"ReadAction","target":["https:\/\/www.24gliwice.pl\/wiadomosci\/strefa-tempo-30-na-wojtowej-wsi-obejmuje-kilkanascie-ulic-zdm-uspokoi-sie-ruch-w-dzielnicy\/"]}]},{"@type":"ImageObject","inLanguage":"pl-PL","@id":"https:\/\/www.24gliwice.pl\/wiadomosci\/strefa-tempo-30-na-wojtowej-wsi-obejmuje-kilkanascie-ulic-zdm-uspokoi-sie-ruch-w-dzielnicy\/#primaryimage","url":"https:\/\/www.24gliwice.pl\/wiadomosci\/wp-content\/uploads\/2023\/08\/strefa-tempo-30.jpg","contentUrl":"https:\/\/www.24gliwice.pl\/wiadomosci\/wp-content\/uploads\/2023\/08\/strefa-tempo-30.jpg","width":810,"height":457},{"@type":"BreadcrumbList","@id":"https:\/\/www.24gliwice.pl\/wiadomosci\/strefa-tempo-30-na-wojtowej-wsi-obejmuje-kilkanascie-ulic-zdm-uspokoi-sie-ruch-w-dzielnicy\/#breadcrumb","itemListElement":[{"@type":"ListItem","position":1,"name":"Strona g\u0142\u00f3wna","item":"https:\/\/www.24gliwice.pl\/wiadomosci\/"},{"@type":"ListItem","position":2,"name":"Strefa TEMPO 30 na W\u00f3jtowej Wsi obejmuje kilkana\u015bcie ulic. ZDM: &#8222;Uspokoi si\u0119 ruch w dzielnicy&#8221;"}]},{"@type":"WebSite","@id":"https:\/\/www.24gliwice.pl\/wiadomosci\/#website","url":"https:\/\/www.24gliwice.pl\/wiadomosci\/","name":"24GLIWICE - Portal Gliwice | codziennie nowe wiadomo\u015bci","description":"Portal Miejski Gliwice","publisher":{"@id":"https:\/\/www.24gliwice.pl\/wiadomosci\/#organization"},"potentialAction":[{"@type":"SearchAction","target":{"@type":"EntryPoint","urlTemplate":"https:\/\/www.24gliwice.pl\/wiadomosci\/?s={search_term_string}"},"query-input":{"@type":"PropertyValueSpecification","valueRequired":true,"valueName":"search_term_string"}}],"inLanguage":"pl-PL"},{"@type":"Organization","@id":"https:\/\/www.24gliwice.pl\/wiadomosci\/#organization","name":"24gliwice","url":"https:\/\/www.24gliwice.pl\/wiadomosci\/","logo":{"@type":"ImageObject","inLanguage":"pl-PL","@id":"https:\/\/www.24gliwice.pl\/wiadomosci\/#\/schema\/logo\/image\/","url":"https:\/\/www.24gliwice.pl\/wiadomosci\/wp-content\/uploads\/2024\/10\/24gliwice-logo-696.jpg","contentUrl":"https:\/\/www.24gliwice.pl\/wiadomosci\/wp-content\/uploads\/2024\/10\/24gliwice-logo-696.jpg","width":696,"height":696,"caption":"24gliwice"},"image":{"@id":"https:\/\/www.24gliwice.pl\/wiadomosci\/#\/schema\/logo\/image\/"},"sameAs":["https:\/\/www.facebook.com\/24gliwice","https:\/\/x.com\/24gliwice","https:\/\/www.youtube.com\/@24gliwice"]},{"@type":"Person","@id":"https:\/\/www.24gliwice.pl\/wiadomosci\/#\/schema\/person\/e42c650edd7f2fa332be3811fb166b6e","name":"\u017baneta Mrozek-Siewierska","image":{"@type":"ImageObject","inLanguage":"pl-PL","@id":"https:\/\/secure.gravatar.com\/avatar\/1881429e9c64597c77ad7aef2d0a19be69a3253e57534d16aa15bf3a4d34a0a3?s=96&d=mm&r=g","url":"https:\/\/secure.gravatar.com\/avatar\/1881429e9c64597c77ad7aef2d0a19be69a3253e57534d16aa15bf3a4d34a0a3?s=96&d=mm&r=g","contentUrl":"https:\/\/secure.gravatar.com\/avatar\/1881429e9c64597c77ad7aef2d0a19be69a3253e57534d16aa15bf3a4d34a0a3?s=96&d=mm&r=g","caption":"\u017baneta Mrozek-Siewierska"},"url":"https:\/\/www.24gliwice.pl\/wiadomosci\/author\/zms\/"}]}},"_links":{"self":[{"href":"https:\/\/www.24gliwice.pl\/wiadomosci\/wp-json\/wp\/v2\/posts\/220553","targetHints":{"allow":["GET"]}}],"collection":[{"href":"https:\/\/www.24gliwice.pl\/wiadomosci\/wp-json\/wp\/v2\/posts"}],"about":[{"href":"https:\/\/www.24gliwice.pl\/wiadomosci\/wp-json\/wp\/v2\/types\/post"}],"author":[{"embeddable":true,"href":"https:\/\/www.24gliwice.pl\/wiadomosci\/wp-json\/wp\/v2\/users\/15"}],"replies":[{"embeddable":true,"href":"https:\/\/www.24gliwice.pl\/wiadomosci\/wp-json\/wp\/v2\/comments?post=220553"}],"version-history":[{"count":0,"href":"https:\/\/www.24gliwice.pl\/wiadomosci\/wp-json\/wp\/v2\/posts\/220553\/revisions"}],"wp:featuredmedia":[{"embeddable":true,"href":"https:\/\/www.24gliwice.pl\/wiadomosci\/wp-json\/wp\/v2\/media\/220556"}],"wp:attachment":[{"href":"https:\/\/www.24gliwice.pl\/wiadomosci\/wp-json\/wp\/v2\/media?parent=220553"}],"wp:term":[{"taxonomy":"category","embeddable":true,"href":"https:\/\/www.24gliwice.pl\/wiadomosci\/wp-json\/wp\/v2\/categories?post=220553"},{"taxonomy":"post_tag","embeddable":true,"href":"https:\/\/www.24gliwice.pl\/wiadomosci\/wp-json\/wp\/v2\/tags?post=220553"}],"curies":[{"name":"wp","href":"https:\/\/api.w.org\/{rel}","templated":true}]}}