{"id":220664,"date":"2023-08-31T00:14:40","date_gmt":"2023-08-30T22:14:40","guid":{"rendered":"https:\/\/www.24gliwice.pl\/wiadomosci\/?p=220664"},"modified":"2023-08-31T12:26:41","modified_gmt":"2023-08-31T10:26:41","slug":"opuscil-miejsce-zamieszkania-moze-byc-w-stanie-zagrozenia-zycia-zaginal-30-letni-kamil-rutkowski","status":"publish","type":"post","link":"https:\/\/www.24gliwice.pl\/wiadomosci\/opuscil-miejsce-zamieszkania-moze-byc-w-stanie-zagrozenia-zycia-zaginal-30-letni-kamil-rutkowski\/","title":{"rendered":"AKTUALIZACJA. Opu\u015bci\u0142 miejsce zamieszkania, mo\u017ce by\u0107 w stanie zagro\u017cenia \u017cycia. Zagin\u0105\u0142 30-latek"},"content":{"rendered":"<div class=\"gliwi-a6-nad-leadem-artykulow gliwi-entity-placement\" id=\"gliwi-1093564355\"><div class=\"gliwi-adlabel\"><span style=\"font-size: 9px\">REKLAMA<\/span><\/div><div id=\"gliwi-753034421\" style=\"margin-bottom: 25px;margin-left: auto;margin-right: auto;text-align: center;\"><a data-no-instant=\"1\" href=\"https:\/\/dom100.eu\/\" rel=\"noopener\" class=\"a2t-link\" target=\"_blank\" aria-label=\"20260415 DOM100 D\"><img loading=\"lazy\" decoding=\"async\" src=\"https:\/\/www.24gliwice.pl\/wiadomosci\/wp-content\/uploads\/2026\/04\/20260415-DOM100-D.jpg\" alt=\"\"  srcset=\"https:\/\/www.24gliwice.pl\/wiadomosci\/wp-content\/uploads\/2026\/04\/20260415-DOM100-D.jpg 750w, https:\/\/www.24gliwice.pl\/wiadomosci\/wp-content\/uploads\/2026\/04\/20260415-DOM100-D-410x109.jpg 410w\" sizes=\"(max-width: 750px) 100vw, 750px\" class=\"no-lazyload\" width=\"750\" height=\"200\"  style=\"display: inline-block; max-width: 100%; height: auto;\" \/><\/a><\/div><\/div><p><span style=\"color: #ff0000;\">AKTUALIZACJA: Zaginiony m\u0119\u017cczyzna zosta\u0142 odnaleziony.<\/span><\/p>\n<h2>30-letni m\u0119\u017cczyzna w \u015brod\u0119 oko\u0142o 20:00 opu\u015bci\u0142 dotychczasowe miejsce pobytu, nie informuj\u0105c rodziny, dok\u0105d si\u0119 udaje i do chwili obecnej nie skontaktowa\u0142 si\u0119 z bliskimi. Trwaj\u0105 jego poszukiwania.<\/h2>\n<p>&#8211; <em>Policjanci otrzymali zg\u0142oszenie od rodziny, zaniepokojonej nag\u0142ym opuszczeniem mieszkania oraz zachowaniem wskazuj\u0105cym na zagro\u017cenie \u017cycia<\/em> &#8211; informuje podinspektor <strong>Marek S\u0142omski<\/strong>, oficer prasowy KMP Gliwice.<\/p><div class=\"gliwi-a3-w-tresci-artykulow gliwi-entity-placement\" id=\"gliwi-3740907709\"><div class=\"gliwi-adlabel\"><span style=\"font-size: 9px\">REKLAMA<\/span><\/div><div id=\"gliwi-2552595604\" style=\"margin-bottom: 30px;margin-left: auto;margin-right: auto;text-align: center;\"><a data-no-instant=\"1\" href=\"https:\/\/ogrodyandersa.pl\/\" rel=\"noopener\" class=\"a2t-link\" target=\"_blank\" aria-label=\"20260415 Ogrody Andersa KUP TERAZ D\"><img loading=\"lazy\" decoding=\"async\" src=\"https:\/\/www.24gliwice.pl\/wiadomosci\/wp-content\/uploads\/2026\/04\/20260415-Ogrody-Andersa-KUP-TERAZ-D.jpg\" alt=\"\"  srcset=\"https:\/\/www.24gliwice.pl\/wiadomosci\/wp-content\/uploads\/2026\/04\/20260415-Ogrody-Andersa-KUP-TERAZ-D.jpg 750w, https:\/\/www.24gliwice.pl\/wiadomosci\/wp-content\/uploads\/2026\/04\/20260415-Ogrody-Andersa-KUP-TERAZ-D-410x109.jpg 410w\" sizes=\"(max-width: 750px) 100vw, 750px\" class=\"no-lazyload\" width=\"750\" height=\"200\"  style=\"display: inline-block; max-width: 100%; height: auto;\" \/><\/a><\/div><\/div>\n<h4>Rysopis zaginionego:<\/h4>\n<p>&#8211; wzrost 170 cm, szczup\u0142ej budowy cia\u0142a, \u0142ysy, uz\u0119bienie niepe\u0142ne, liczne tatua\u017ce na ca\u0142ym ciele, w tym tatua\u017c na szyi w kszta\u0142cie napisu oraz \u201e\u0142ezka\u201d pod lewym okiem.<\/p>\n<h4>Ubi\u00f3r:<\/h4>\n<p>&#8211; bluza czarna z du\u017cym bia\u0142ym napisem \u201epitbul\u201d z przodu, spodnie dresowe koloru czarnego z czerwonymi wstawkami, buty czarne typu adidasy. Mia\u0142 ze sob\u0105 plecak czarno-niebieski z napisem \u201enike\u201d.<\/p>\n<p>Wszelkie informacje mog\u0105ce przyczyni\u0107 si\u0119 do ustalenia miejsca pobytu m\u0119\u017cczyzny, nale\u017cy kierowa\u0107 do Komendy Miejskiej Policji w Gliwicach, ul. Powsta\u0144c\u00f3w Warszawy 12, telefon ca\u0142odobowy<strong> 47 8592255 <\/strong>lub do najbli\u017cszej jednostki policji.<\/p>\n<p>(\u017cms)\/KMP Gliwice<br \/>\nfot. za KMP Gliwice<\/p>\n<div class=\"gliwi-a5-na-koncu-artykulow gliwi-entity-placement\" id=\"gliwi-1085489658\"><div class=\"gliwi-adlabel\"><span style=\"font-size: 9px\">REKLAMA<\/span><\/div><div id=\"gliwi-862667650\" style=\"margin-left: auto;margin-right: auto;text-align: center;\"><a data-no-instant=\"1\" href=\"https:\/\/prezeroarenagliwice.pl\/\" rel=\"noopener\" class=\"a2t-link\" target=\"_blank\" aria-label=\"20260309-PREZERO-WIOSNA-D\"><img loading=\"lazy\" decoding=\"async\" src=\"https:\/\/www.24gliwice.pl\/wiadomosci\/wp-content\/uploads\/2026\/03\/20260309-PREZERO-WIOSNA-D.webp\" alt=\"\"  srcset=\"https:\/\/www.24gliwice.pl\/wiadomosci\/wp-content\/uploads\/2026\/03\/20260309-PREZERO-WIOSNA-D.webp 750w, https:\/\/www.24gliwice.pl\/wiadomosci\/wp-content\/uploads\/2026\/03\/20260309-PREZERO-WIOSNA-D-410x109.webp 410w\" sizes=\"(max-width: 750px) 100vw, 750px\" class=\"no-lazyload\" width=\"750\" height=\"200\"  style=\"display: inline-block; max-width: 100%; height: auto;\" \/><\/a><\/div><\/div>","protected":false},"excerpt":{"rendered":"<p>AKTUALIZACJA: Zaginiony m\u0119\u017cczyzna zosta\u0142 odnaleziony. 30-letni m\u0119\u017cczyzna w \u015brod\u0119 oko\u0142o 20:00 opu\u015bci\u0142 dotychczasowe miejsce pobytu, nie informuj\u0105c rodziny, dok\u0105d si\u0119 udaje i do chwili obecnej nie skontaktowa\u0142 si\u0119 z bliskimi. Trwaj\u0105 jego poszukiwania. &#8211; Policjanci otrzymali zg\u0142oszenie od rodziny, zaniepokojonej nag\u0142ym opuszczeniem mieszkania oraz zachowaniem wskazuj\u0105cym na zagro\u017cenie \u017cycia &#8211; informuje podinspektor Marek S\u0142omski, oficer [&hellip;]<\/p>\n","protected":false},"author":15,"featured_media":220682,"comment_status":"closed","ping_status":"closed","sticky":false,"template":"","format":"standard","meta":{"_monsterinsights_skip_tracking":false,"_monsterinsights_sitenote_active":false,"_monsterinsights_sitenote_note":"","_monsterinsights_sitenote_category":0,"footnotes":"","_links_to":"","_links_to_target":""},"categories":[1],"tags":[22688,7766],"class_list":["post-220664","post","type-post","status-publish","format-standard","has-post-thumbnail","hentry","category-wszystko","tag-nojasek","tag-zaginiony"],"yoast_head":"<!-- This site is optimized with the Yoast SEO plugin v27.5 - https:\/\/yoast.com\/product\/yoast-seo-wordpress\/ -->\n<title>AKTUALIZACJA. Opu\u015bci\u0142 miejsce zamieszkania, mo\u017ce by\u0107 w stanie zagro\u017cenia \u017cycia. Zagin\u0105\u0142 30-latek - 24GLIWICE - Portal Gliwice | codziennie nowe informacje<\/title>\n<meta name=\"description\" content=\"30-letni Kamil Rutkowski opu\u015bci\u0142 nieoczekiwanie miejsce zamieszkania, mo\u017ce by\u0107 w stanie zagra\u017caj\u0105cym \u017cyciu. Policja rozpocz\u0119\u0142a poszukiwania\" \/>\n<meta name=\"robots\" content=\"index, follow, max-snippet:-1, max-image-preview:large, max-video-preview:-1\" \/>\n<link rel=\"canonical\" href=\"https:\/\/www.24gliwice.pl\/wiadomosci\/opuscil-miejsce-zamieszkania-moze-byc-w-stanie-zagrozenia-zycia-zaginal-30-letni-kamil-rutkowski\/\" \/>\n<meta property=\"og:locale\" content=\"pl_PL\" \/>\n<meta property=\"og:type\" content=\"article\" \/>\n<meta property=\"og:title\" content=\"AKTUALIZACJA. Opu\u015bci\u0142 miejsce zamieszkania, mo\u017ce by\u0107 w stanie zagro\u017cenia \u017cycia. Zagin\u0105\u0142 30-latek - 24GLIWICE - Portal Gliwice | codziennie nowe informacje\" \/>\n<meta property=\"og:description\" content=\"30-letni Kamil Rutkowski opu\u015bci\u0142 nieoczekiwanie miejsce zamieszkania, mo\u017ce by\u0107 w stanie zagra\u017caj\u0105cym \u017cyciu. Policja rozpocz\u0119\u0142a poszukiwania\" \/>\n<meta property=\"og:url\" content=\"https:\/\/www.24gliwice.pl\/wiadomosci\/opuscil-miejsce-zamieszkania-moze-byc-w-stanie-zagrozenia-zycia-zaginal-30-letni-kamil-rutkowski\/\" \/>\n<meta property=\"og:site_name\" content=\"24GLIWICE - Portal Gliwice | codziennie nowe informacje\" \/>\n<meta property=\"article:publisher\" content=\"https:\/\/www.facebook.com\/24gliwice\" \/>\n<meta property=\"article:published_time\" content=\"2023-08-30T22:14:40+00:00\" \/>\n<meta property=\"article:modified_time\" content=\"2023-08-31T10:26:41+00:00\" \/>\n<meta property=\"og:image\" content=\"https:\/\/www.24gliwice.pl\/wiadomosci\/wp-content\/uploads\/2023\/08\/zaginiony-anonim.png\" \/>\n\t<meta property=\"og:image:width\" content=\"810\" \/>\n\t<meta property=\"og:image:height\" content=\"456\" \/>\n\t<meta property=\"og:image:type\" content=\"image\/png\" \/>\n<meta name=\"author\" content=\"\u017baneta Mrozek-Siewierska\" \/>\n<meta name=\"twitter:card\" content=\"summary_large_image\" \/>\n<meta name=\"twitter:creator\" content=\"@24gliwice\" \/>\n<meta name=\"twitter:site\" content=\"@24gliwice\" \/>\n<meta name=\"twitter:label1\" content=\"Napisane przez\" \/>\n\t<meta name=\"twitter:data1\" content=\"\u017baneta Mrozek-Siewierska\" \/>\n\t<meta name=\"twitter:label2\" content=\"Szacowany czas czytania\" \/>\n\t<meta name=\"twitter:data2\" content=\"1 minuta\" \/>\n<script type=\"application\/ld+json\" class=\"yoast-schema-graph\">{\"@context\":\"https:\\\/\\\/schema.org\",\"@graph\":[{\"@type\":\"Article\",\"@id\":\"https:\\\/\\\/www.24gliwice.pl\\\/wiadomosci\\\/opuscil-miejsce-zamieszkania-moze-byc-w-stanie-zagrozenia-zycia-zaginal-30-letni-kamil-rutkowski\\\/#article\",\"isPartOf\":{\"@id\":\"https:\\\/\\\/www.24gliwice.pl\\\/wiadomosci\\\/opuscil-miejsce-zamieszkania-moze-byc-w-stanie-zagrozenia-zycia-zaginal-30-letni-kamil-rutkowski\\\/\"},\"author\":{\"name\":\"\u017baneta Mrozek-Siewierska\",\"@id\":\"https:\\\/\\\/www.24gliwice.pl\\\/wiadomosci\\\/#\\\/schema\\\/person\\\/e42c650edd7f2fa332be3811fb166b6e\"},\"headline\":\"AKTUALIZACJA. Opu\u015bci\u0142 miejsce zamieszkania, mo\u017ce by\u0107 w stanie zagro\u017cenia \u017cycia. Zagin\u0105\u0142 30-latek\",\"datePublished\":\"2023-08-30T22:14:40+00:00\",\"dateModified\":\"2023-08-31T10:26:41+00:00\",\"mainEntityOfPage\":{\"@id\":\"https:\\\/\\\/www.24gliwice.pl\\\/wiadomosci\\\/opuscil-miejsce-zamieszkania-moze-byc-w-stanie-zagrozenia-zycia-zaginal-30-letni-kamil-rutkowski\\\/\"},\"wordCount\":194,\"publisher\":{\"@id\":\"https:\\\/\\\/www.24gliwice.pl\\\/wiadomosci\\\/#organization\"},\"image\":{\"@id\":\"https:\\\/\\\/www.24gliwice.pl\\\/wiadomosci\\\/opuscil-miejsce-zamieszkania-moze-byc-w-stanie-zagrozenia-zycia-zaginal-30-letni-kamil-rutkowski\\\/#primaryimage\"},\"thumbnailUrl\":\"https:\\\/\\\/www.24gliwice.pl\\\/wiadomosci\\\/wp-content\\\/uploads\\\/2023\\\/08\\\/zaginiony-anonim.png\",\"keywords\":[\"NOJASEK\",\"ZAGINIONY\"],\"articleSection\":[\"Najnowsze wiadomo\u015bci\"],\"inLanguage\":\"pl-PL\"},{\"@type\":\"WebPage\",\"@id\":\"https:\\\/\\\/www.24gliwice.pl\\\/wiadomosci\\\/opuscil-miejsce-zamieszkania-moze-byc-w-stanie-zagrozenia-zycia-zaginal-30-letni-kamil-rutkowski\\\/\",\"url\":\"https:\\\/\\\/www.24gliwice.pl\\\/wiadomosci\\\/opuscil-miejsce-zamieszkania-moze-byc-w-stanie-zagrozenia-zycia-zaginal-30-letni-kamil-rutkowski\\\/\",\"name\":\"AKTUALIZACJA. Opu\u015bci\u0142 miejsce zamieszkania, mo\u017ce by\u0107 w stanie zagro\u017cenia \u017cycia. Zagin\u0105\u0142 30-latek - 24GLIWICE - Portal Gliwice | codziennie nowe informacje\",\"isPartOf\":{\"@id\":\"https:\\\/\\\/www.24gliwice.pl\\\/wiadomosci\\\/#website\"},\"primaryImageOfPage\":{\"@id\":\"https:\\\/\\\/www.24gliwice.pl\\\/wiadomosci\\\/opuscil-miejsce-zamieszkania-moze-byc-w-stanie-zagrozenia-zycia-zaginal-30-letni-kamil-rutkowski\\\/#primaryimage\"},\"image\":{\"@id\":\"https:\\\/\\\/www.24gliwice.pl\\\/wiadomosci\\\/opuscil-miejsce-zamieszkania-moze-byc-w-stanie-zagrozenia-zycia-zaginal-30-letni-kamil-rutkowski\\\/#primaryimage\"},\"thumbnailUrl\":\"https:\\\/\\\/www.24gliwice.pl\\\/wiadomosci\\\/wp-content\\\/uploads\\\/2023\\\/08\\\/zaginiony-anonim.png\",\"datePublished\":\"2023-08-30T22:14:40+00:00\",\"dateModified\":\"2023-08-31T10:26:41+00:00\",\"description\":\"30-letni Kamil Rutkowski opu\u015bci\u0142 nieoczekiwanie miejsce zamieszkania, mo\u017ce by\u0107 w stanie zagra\u017caj\u0105cym \u017cyciu. Policja rozpocz\u0119\u0142a poszukiwania\",\"breadcrumb\":{\"@id\":\"https:\\\/\\\/www.24gliwice.pl\\\/wiadomosci\\\/opuscil-miejsce-zamieszkania-moze-byc-w-stanie-zagrozenia-zycia-zaginal-30-letni-kamil-rutkowski\\\/#breadcrumb\"},\"inLanguage\":\"pl-PL\",\"potentialAction\":[{\"@type\":\"ReadAction\",\"target\":[\"https:\\\/\\\/www.24gliwice.pl\\\/wiadomosci\\\/opuscil-miejsce-zamieszkania-moze-byc-w-stanie-zagrozenia-zycia-zaginal-30-letni-kamil-rutkowski\\\/\"]}]},{\"@type\":\"ImageObject\",\"inLanguage\":\"pl-PL\",\"@id\":\"https:\\\/\\\/www.24gliwice.pl\\\/wiadomosci\\\/opuscil-miejsce-zamieszkania-moze-byc-w-stanie-zagrozenia-zycia-zaginal-30-letni-kamil-rutkowski\\\/#primaryimage\",\"url\":\"https:\\\/\\\/www.24gliwice.pl\\\/wiadomosci\\\/wp-content\\\/uploads\\\/2023\\\/08\\\/zaginiony-anonim.png\",\"contentUrl\":\"https:\\\/\\\/www.24gliwice.pl\\\/wiadomosci\\\/wp-content\\\/uploads\\\/2023\\\/08\\\/zaginiony-anonim.png\",\"width\":810,\"height\":456},{\"@type\":\"BreadcrumbList\",\"@id\":\"https:\\\/\\\/www.24gliwice.pl\\\/wiadomosci\\\/opuscil-miejsce-zamieszkania-moze-byc-w-stanie-zagrozenia-zycia-zaginal-30-letni-kamil-rutkowski\\\/#breadcrumb\",\"itemListElement\":[{\"@type\":\"ListItem\",\"position\":1,\"name\":\"Strona g\u0142\u00f3wna\",\"item\":\"https:\\\/\\\/www.24gliwice.pl\\\/wiadomosci\\\/\"},{\"@type\":\"ListItem\",\"position\":2,\"name\":\"AKTUALIZACJA. Opu\u015bci\u0142 miejsce zamieszkania, mo\u017ce by\u0107 w stanie zagro\u017cenia \u017cycia. Zagin\u0105\u0142 30-latek\"}]},{\"@type\":\"WebSite\",\"@id\":\"https:\\\/\\\/www.24gliwice.pl\\\/wiadomosci\\\/#website\",\"url\":\"https:\\\/\\\/www.24gliwice.pl\\\/wiadomosci\\\/\",\"name\":\"24GLIWICE - Portal Gliwice | codziennie nowe wiadomo\u015bci\",\"description\":\"Portal Miejski Gliwice\",\"publisher\":{\"@id\":\"https:\\\/\\\/www.24gliwice.pl\\\/wiadomosci\\\/#organization\"},\"potentialAction\":[{\"@type\":\"SearchAction\",\"target\":{\"@type\":\"EntryPoint\",\"urlTemplate\":\"https:\\\/\\\/www.24gliwice.pl\\\/wiadomosci\\\/?s={search_term_string}\"},\"query-input\":{\"@type\":\"PropertyValueSpecification\",\"valueRequired\":true,\"valueName\":\"search_term_string\"}}],\"inLanguage\":\"pl-PL\"},{\"@type\":\"Organization\",\"@id\":\"https:\\\/\\\/www.24gliwice.pl\\\/wiadomosci\\\/#organization\",\"name\":\"24gliwice\",\"url\":\"https:\\\/\\\/www.24gliwice.pl\\\/wiadomosci\\\/\",\"logo\":{\"@type\":\"ImageObject\",\"inLanguage\":\"pl-PL\",\"@id\":\"https:\\\/\\\/www.24gliwice.pl\\\/wiadomosci\\\/#\\\/schema\\\/logo\\\/image\\\/\",\"url\":\"https:\\\/\\\/www.24gliwice.pl\\\/wiadomosci\\\/wp-content\\\/uploads\\\/2024\\\/10\\\/24gliwice-logo-696.jpg\",\"contentUrl\":\"https:\\\/\\\/www.24gliwice.pl\\\/wiadomosci\\\/wp-content\\\/uploads\\\/2024\\\/10\\\/24gliwice-logo-696.jpg\",\"width\":696,\"height\":696,\"caption\":\"24gliwice\"},\"image\":{\"@id\":\"https:\\\/\\\/www.24gliwice.pl\\\/wiadomosci\\\/#\\\/schema\\\/logo\\\/image\\\/\"},\"sameAs\":[\"https:\\\/\\\/www.facebook.com\\\/24gliwice\",\"https:\\\/\\\/x.com\\\/24gliwice\",\"https:\\\/\\\/www.youtube.com\\\/@24gliwice\"]},{\"@type\":\"Person\",\"@id\":\"https:\\\/\\\/www.24gliwice.pl\\\/wiadomosci\\\/#\\\/schema\\\/person\\\/e42c650edd7f2fa332be3811fb166b6e\",\"name\":\"\u017baneta Mrozek-Siewierska\",\"image\":{\"@type\":\"ImageObject\",\"inLanguage\":\"pl-PL\",\"@id\":\"https:\\\/\\\/secure.gravatar.com\\\/avatar\\\/1881429e9c64597c77ad7aef2d0a19be69a3253e57534d16aa15bf3a4d34a0a3?s=96&d=mm&r=g\",\"url\":\"https:\\\/\\\/secure.gravatar.com\\\/avatar\\\/1881429e9c64597c77ad7aef2d0a19be69a3253e57534d16aa15bf3a4d34a0a3?s=96&d=mm&r=g\",\"contentUrl\":\"https:\\\/\\\/secure.gravatar.com\\\/avatar\\\/1881429e9c64597c77ad7aef2d0a19be69a3253e57534d16aa15bf3a4d34a0a3?s=96&d=mm&r=g\",\"caption\":\"\u017baneta Mrozek-Siewierska\"},\"url\":\"https:\\\/\\\/www.24gliwice.pl\\\/wiadomosci\\\/author\\\/zms\\\/\"}]}<\/script>\n<!-- \/ Yoast SEO plugin. -->","yoast_head_json":{"title":"AKTUALIZACJA. Opu\u015bci\u0142 miejsce zamieszkania, mo\u017ce by\u0107 w stanie zagro\u017cenia \u017cycia. Zagin\u0105\u0142 30-latek - 24GLIWICE - Portal Gliwice | codziennie nowe informacje","description":"30-letni Kamil Rutkowski opu\u015bci\u0142 nieoczekiwanie miejsce zamieszkania, mo\u017ce by\u0107 w stanie zagra\u017caj\u0105cym \u017cyciu. Policja rozpocz\u0119\u0142a poszukiwania","robots":{"index":"index","follow":"follow","max-snippet":"max-snippet:-1","max-image-preview":"max-image-preview:large","max-video-preview":"max-video-preview:-1"},"canonical":"https:\/\/www.24gliwice.pl\/wiadomosci\/opuscil-miejsce-zamieszkania-moze-byc-w-stanie-zagrozenia-zycia-zaginal-30-letni-kamil-rutkowski\/","og_locale":"pl_PL","og_type":"article","og_title":"AKTUALIZACJA. Opu\u015bci\u0142 miejsce zamieszkania, mo\u017ce by\u0107 w stanie zagro\u017cenia \u017cycia. Zagin\u0105\u0142 30-latek - 24GLIWICE - Portal Gliwice | codziennie nowe informacje","og_description":"30-letni Kamil Rutkowski opu\u015bci\u0142 nieoczekiwanie miejsce zamieszkania, mo\u017ce by\u0107 w stanie zagra\u017caj\u0105cym \u017cyciu. Policja rozpocz\u0119\u0142a poszukiwania","og_url":"https:\/\/www.24gliwice.pl\/wiadomosci\/opuscil-miejsce-zamieszkania-moze-byc-w-stanie-zagrozenia-zycia-zaginal-30-letni-kamil-rutkowski\/","og_site_name":"24GLIWICE - Portal Gliwice | codziennie nowe informacje","article_publisher":"https:\/\/www.facebook.com\/24gliwice","article_published_time":"2023-08-30T22:14:40+00:00","article_modified_time":"2023-08-31T10:26:41+00:00","og_image":[{"width":810,"height":456,"url":"https:\/\/www.24gliwice.pl\/wiadomosci\/wp-content\/uploads\/2023\/08\/zaginiony-anonim.png","type":"image\/png"}],"author":"\u017baneta Mrozek-Siewierska","twitter_card":"summary_large_image","twitter_creator":"@24gliwice","twitter_site":"@24gliwice","twitter_misc":{"Napisane przez":"\u017baneta Mrozek-Siewierska","Szacowany czas czytania":"1 minuta"},"schema":{"@context":"https:\/\/schema.org","@graph":[{"@type":"Article","@id":"https:\/\/www.24gliwice.pl\/wiadomosci\/opuscil-miejsce-zamieszkania-moze-byc-w-stanie-zagrozenia-zycia-zaginal-30-letni-kamil-rutkowski\/#article","isPartOf":{"@id":"https:\/\/www.24gliwice.pl\/wiadomosci\/opuscil-miejsce-zamieszkania-moze-byc-w-stanie-zagrozenia-zycia-zaginal-30-letni-kamil-rutkowski\/"},"author":{"name":"\u017baneta Mrozek-Siewierska","@id":"https:\/\/www.24gliwice.pl\/wiadomosci\/#\/schema\/person\/e42c650edd7f2fa332be3811fb166b6e"},"headline":"AKTUALIZACJA. Opu\u015bci\u0142 miejsce zamieszkania, mo\u017ce by\u0107 w stanie zagro\u017cenia \u017cycia. Zagin\u0105\u0142 30-latek","datePublished":"2023-08-30T22:14:40+00:00","dateModified":"2023-08-31T10:26:41+00:00","mainEntityOfPage":{"@id":"https:\/\/www.24gliwice.pl\/wiadomosci\/opuscil-miejsce-zamieszkania-moze-byc-w-stanie-zagrozenia-zycia-zaginal-30-letni-kamil-rutkowski\/"},"wordCount":194,"publisher":{"@id":"https:\/\/www.24gliwice.pl\/wiadomosci\/#organization"},"image":{"@id":"https:\/\/www.24gliwice.pl\/wiadomosci\/opuscil-miejsce-zamieszkania-moze-byc-w-stanie-zagrozenia-zycia-zaginal-30-letni-kamil-rutkowski\/#primaryimage"},"thumbnailUrl":"https:\/\/www.24gliwice.pl\/wiadomosci\/wp-content\/uploads\/2023\/08\/zaginiony-anonim.png","keywords":["NOJASEK","ZAGINIONY"],"articleSection":["Najnowsze wiadomo\u015bci"],"inLanguage":"pl-PL"},{"@type":"WebPage","@id":"https:\/\/www.24gliwice.pl\/wiadomosci\/opuscil-miejsce-zamieszkania-moze-byc-w-stanie-zagrozenia-zycia-zaginal-30-letni-kamil-rutkowski\/","url":"https:\/\/www.24gliwice.pl\/wiadomosci\/opuscil-miejsce-zamieszkania-moze-byc-w-stanie-zagrozenia-zycia-zaginal-30-letni-kamil-rutkowski\/","name":"AKTUALIZACJA. Opu\u015bci\u0142 miejsce zamieszkania, mo\u017ce by\u0107 w stanie zagro\u017cenia \u017cycia. Zagin\u0105\u0142 30-latek - 24GLIWICE - Portal Gliwice | codziennie nowe informacje","isPartOf":{"@id":"https:\/\/www.24gliwice.pl\/wiadomosci\/#website"},"primaryImageOfPage":{"@id":"https:\/\/www.24gliwice.pl\/wiadomosci\/opuscil-miejsce-zamieszkania-moze-byc-w-stanie-zagrozenia-zycia-zaginal-30-letni-kamil-rutkowski\/#primaryimage"},"image":{"@id":"https:\/\/www.24gliwice.pl\/wiadomosci\/opuscil-miejsce-zamieszkania-moze-byc-w-stanie-zagrozenia-zycia-zaginal-30-letni-kamil-rutkowski\/#primaryimage"},"thumbnailUrl":"https:\/\/www.24gliwice.pl\/wiadomosci\/wp-content\/uploads\/2023\/08\/zaginiony-anonim.png","datePublished":"2023-08-30T22:14:40+00:00","dateModified":"2023-08-31T10:26:41+00:00","description":"30-letni Kamil Rutkowski opu\u015bci\u0142 nieoczekiwanie miejsce zamieszkania, mo\u017ce by\u0107 w stanie zagra\u017caj\u0105cym \u017cyciu. Policja rozpocz\u0119\u0142a poszukiwania","breadcrumb":{"@id":"https:\/\/www.24gliwice.pl\/wiadomosci\/opuscil-miejsce-zamieszkania-moze-byc-w-stanie-zagrozenia-zycia-zaginal-30-letni-kamil-rutkowski\/#breadcrumb"},"inLanguage":"pl-PL","potentialAction":[{"@type":"ReadAction","target":["https:\/\/www.24gliwice.pl\/wiadomosci\/opuscil-miejsce-zamieszkania-moze-byc-w-stanie-zagrozenia-zycia-zaginal-30-letni-kamil-rutkowski\/"]}]},{"@type":"ImageObject","inLanguage":"pl-PL","@id":"https:\/\/www.24gliwice.pl\/wiadomosci\/opuscil-miejsce-zamieszkania-moze-byc-w-stanie-zagrozenia-zycia-zaginal-30-letni-kamil-rutkowski\/#primaryimage","url":"https:\/\/www.24gliwice.pl\/wiadomosci\/wp-content\/uploads\/2023\/08\/zaginiony-anonim.png","contentUrl":"https:\/\/www.24gliwice.pl\/wiadomosci\/wp-content\/uploads\/2023\/08\/zaginiony-anonim.png","width":810,"height":456},{"@type":"BreadcrumbList","@id":"https:\/\/www.24gliwice.pl\/wiadomosci\/opuscil-miejsce-zamieszkania-moze-byc-w-stanie-zagrozenia-zycia-zaginal-30-letni-kamil-rutkowski\/#breadcrumb","itemListElement":[{"@type":"ListItem","position":1,"name":"Strona g\u0142\u00f3wna","item":"https:\/\/www.24gliwice.pl\/wiadomosci\/"},{"@type":"ListItem","position":2,"name":"AKTUALIZACJA. Opu\u015bci\u0142 miejsce zamieszkania, mo\u017ce by\u0107 w stanie zagro\u017cenia \u017cycia. Zagin\u0105\u0142 30-latek"}]},{"@type":"WebSite","@id":"https:\/\/www.24gliwice.pl\/wiadomosci\/#website","url":"https:\/\/www.24gliwice.pl\/wiadomosci\/","name":"24GLIWICE - Portal Gliwice | codziennie nowe wiadomo\u015bci","description":"Portal Miejski Gliwice","publisher":{"@id":"https:\/\/www.24gliwice.pl\/wiadomosci\/#organization"},"potentialAction":[{"@type":"SearchAction","target":{"@type":"EntryPoint","urlTemplate":"https:\/\/www.24gliwice.pl\/wiadomosci\/?s={search_term_string}"},"query-input":{"@type":"PropertyValueSpecification","valueRequired":true,"valueName":"search_term_string"}}],"inLanguage":"pl-PL"},{"@type":"Organization","@id":"https:\/\/www.24gliwice.pl\/wiadomosci\/#organization","name":"24gliwice","url":"https:\/\/www.24gliwice.pl\/wiadomosci\/","logo":{"@type":"ImageObject","inLanguage":"pl-PL","@id":"https:\/\/www.24gliwice.pl\/wiadomosci\/#\/schema\/logo\/image\/","url":"https:\/\/www.24gliwice.pl\/wiadomosci\/wp-content\/uploads\/2024\/10\/24gliwice-logo-696.jpg","contentUrl":"https:\/\/www.24gliwice.pl\/wiadomosci\/wp-content\/uploads\/2024\/10\/24gliwice-logo-696.jpg","width":696,"height":696,"caption":"24gliwice"},"image":{"@id":"https:\/\/www.24gliwice.pl\/wiadomosci\/#\/schema\/logo\/image\/"},"sameAs":["https:\/\/www.facebook.com\/24gliwice","https:\/\/x.com\/24gliwice","https:\/\/www.youtube.com\/@24gliwice"]},{"@type":"Person","@id":"https:\/\/www.24gliwice.pl\/wiadomosci\/#\/schema\/person\/e42c650edd7f2fa332be3811fb166b6e","name":"\u017baneta Mrozek-Siewierska","image":{"@type":"ImageObject","inLanguage":"pl-PL","@id":"https:\/\/secure.gravatar.com\/avatar\/1881429e9c64597c77ad7aef2d0a19be69a3253e57534d16aa15bf3a4d34a0a3?s=96&d=mm&r=g","url":"https:\/\/secure.gravatar.com\/avatar\/1881429e9c64597c77ad7aef2d0a19be69a3253e57534d16aa15bf3a4d34a0a3?s=96&d=mm&r=g","contentUrl":"https:\/\/secure.gravatar.com\/avatar\/1881429e9c64597c77ad7aef2d0a19be69a3253e57534d16aa15bf3a4d34a0a3?s=96&d=mm&r=g","caption":"\u017baneta Mrozek-Siewierska"},"url":"https:\/\/www.24gliwice.pl\/wiadomosci\/author\/zms\/"}]}},"_links":{"self":[{"href":"https:\/\/www.24gliwice.pl\/wiadomosci\/wp-json\/wp\/v2\/posts\/220664","targetHints":{"allow":["GET"]}}],"collection":[{"href":"https:\/\/www.24gliwice.pl\/wiadomosci\/wp-json\/wp\/v2\/posts"}],"about":[{"href":"https:\/\/www.24gliwice.pl\/wiadomosci\/wp-json\/wp\/v2\/types\/post"}],"author":[{"embeddable":true,"href":"https:\/\/www.24gliwice.pl\/wiadomosci\/wp-json\/wp\/v2\/users\/15"}],"replies":[{"embeddable":true,"href":"https:\/\/www.24gliwice.pl\/wiadomosci\/wp-json\/wp\/v2\/comments?post=220664"}],"version-history":[{"count":0,"href":"https:\/\/www.24gliwice.pl\/wiadomosci\/wp-json\/wp\/v2\/posts\/220664\/revisions"}],"wp:featuredmedia":[{"embeddable":true,"href":"https:\/\/www.24gliwice.pl\/wiadomosci\/wp-json\/wp\/v2\/media\/220682"}],"wp:attachment":[{"href":"https:\/\/www.24gliwice.pl\/wiadomosci\/wp-json\/wp\/v2\/media?parent=220664"}],"wp:term":[{"taxonomy":"category","embeddable":true,"href":"https:\/\/www.24gliwice.pl\/wiadomosci\/wp-json\/wp\/v2\/categories?post=220664"},{"taxonomy":"post_tag","embeddable":true,"href":"https:\/\/www.24gliwice.pl\/wiadomosci\/wp-json\/wp\/v2\/tags?post=220664"}],"curies":[{"name":"wp","href":"https:\/\/api.w.org\/{rel}","templated":true}]}}