{"id":221182,"date":"2023-09-11T02:53:56","date_gmt":"2023-09-11T00:53:56","guid":{"rendered":"https:\/\/www.24gliwice.pl\/wiadomosci\/?p=221182"},"modified":"2023-09-11T03:13:49","modified_gmt":"2023-09-11T01:13:49","slug":"wielkie-otwarcie-nowego-centrum-gliwic-przyciagnelo-tlumy-mieszkancow-galeria","status":"publish","type":"post","link":"https:\/\/www.24gliwice.pl\/wiadomosci\/wielkie-otwarcie-nowego-centrum-gliwic-przyciagnelo-tlumy-mieszkancow-galeria\/","title":{"rendered":"Wielkie otwarcie nowego centrum Gliwic przyci\u0105gn\u0119\u0142o t\u0142umy mieszka\u0144c\u00f3w (galeria)"},"content":{"rendered":"<div class=\"gliwi-a6-nad-leadem-artykulow gliwi-entity-placement\" id=\"gliwi-1845704248\"><div class=\"gliwi-adlabel\"><span style=\"font-size: 9px\">REKLAMA<\/span><\/div><div id=\"gliwi-3106260158\" style=\"margin-bottom: 25px;margin-left: auto;margin-right: auto;text-align: center;\"><a data-no-instant=\"1\" href=\"https:\/\/dom100.eu\/\" rel=\"noopener\" class=\"a2t-link\" target=\"_blank\" aria-label=\"20260415 DOM100 D\"><img loading=\"lazy\" decoding=\"async\" src=\"https:\/\/www.24gliwice.pl\/wiadomosci\/wp-content\/uploads\/2026\/04\/20260415-DOM100-D.jpg\" alt=\"\"  srcset=\"https:\/\/www.24gliwice.pl\/wiadomosci\/wp-content\/uploads\/2026\/04\/20260415-DOM100-D.jpg 750w, https:\/\/www.24gliwice.pl\/wiadomosci\/wp-content\/uploads\/2026\/04\/20260415-DOM100-D-410x109.jpg 410w\" sizes=\"(max-width: 750px) 100vw, 750px\" class=\"no-lazyload\" width=\"750\" height=\"200\"  style=\"display: inline-block; max-width: 100%; height: auto;\" \/><\/a><\/div><\/div><h2>Takich t\u0142um\u00f3w na ul. Zwyci\u0119stwa jak w niedziel\u0119 nie pami\u0119tamy chyba od lat 90., kiedy centrum by\u0142o ch\u0119tnie wybieranym celem zakup\u00f3w i spacer\u00f3w. Tym razem okazja by\u0142a zupe\u0142nie inna, to zako\u0144czenie kosztuj\u0105cej blisko 50 mln z\u0142otych przebudowy uk\u0142adu drogowego  centrum Gliwic.<\/h2>\n<p>&nbsp;<\/p>\n<p><img loading=\"lazy\" decoding=\"async\" src=\"https:\/\/www.24gliwice.pl\/wiadomosci\/wp-content\/uploads\/2023\/09\/otwarcie-nowe-centrum-gliwic-9-001.jpg\" alt=\"\" width=\"810\" height=\"486\" class=\"aligncenter size-full wp-image-221198\" srcset=\"https:\/\/www.24gliwice.pl\/wiadomosci\/wp-content\/uploads\/2023\/09\/otwarcie-nowe-centrum-gliwic-9-001.jpg 810w, https:\/\/www.24gliwice.pl\/wiadomosci\/wp-content\/uploads\/2023\/09\/otwarcie-nowe-centrum-gliwic-9-001-387x232.jpg 387w, https:\/\/www.24gliwice.pl\/wiadomosci\/wp-content\/uploads\/2023\/09\/otwarcie-nowe-centrum-gliwic-9-001-758x455.jpg 758w, https:\/\/www.24gliwice.pl\/wiadomosci\/wp-content\/uploads\/2023\/09\/otwarcie-nowe-centrum-gliwic-9-001-768x461.jpg 768w\" sizes=\"auto, (max-width: 810px) 100vw, 810px\" \/><\/p>\n<p>Nowy plac przed dworcem PKP, przebudowa placu Piast\u00f3w i okolic, ul. Bohater\u00f3w Getta Warszawskiego, fragmentu ulicy Zwyci\u0119stwa &#8211; by\u0142o, co \u015bwi\u0119towa\u0107, tym bardziej, \u017ce trwaj\u0105ce ponad dwa lata prace mocno da\u0142y si\u0119 we znaki zar\u00f3wno pieszym jak i kierowcom korzystaj\u0105cym z centrum.<\/p>\n<p>Na placu dworcowym w niedziel\u0119 pojawi\u0142y si\u0119 liczne stoiska, najm\u0142odsi mogli uczestniczy\u0107 w grach i zabawach, przy budynku kursowa\u0142a ciesz\u0105ca si\u0119 ogromnym powodzeniem kolejka elektryczna.<\/p><div class=\"gliwi-a3-w-tresci-artykulow gliwi-entity-placement\" id=\"gliwi-4064937412\"><div class=\"gliwi-adlabel\"><span style=\"font-size: 9px\">REKLAMA<\/span><\/div><div id=\"gliwi-829836814\" style=\"margin-bottom: 30px;margin-left: auto;margin-right: auto;text-align: center;\"><a data-no-instant=\"1\" href=\"https:\/\/zlobek.halogen.org.pl\/\" rel=\"noopener\" class=\"a2t-link\" target=\"_blank\" aria-label=\"animator-zlobek_750x200\"><img loading=\"lazy\" decoding=\"async\" src=\"https:\/\/www.24gliwice.pl\/wiadomosci\/wp-content\/uploads\/2026\/02\/animator-zlobek_750x200.webp\" alt=\"\"  srcset=\"https:\/\/www.24gliwice.pl\/wiadomosci\/wp-content\/uploads\/2026\/02\/animator-zlobek_750x200.webp 750w, https:\/\/www.24gliwice.pl\/wiadomosci\/wp-content\/uploads\/2026\/02\/animator-zlobek_750x200-410x109.webp 410w\" sizes=\"(max-width: 750px) 100vw, 750px\" class=\"no-lazyload\" width=\"750\" height=\"200\"  style=\"display: inline-block; max-width: 100%; height: auto;\" \/><\/a><\/div><\/div>\n<p><img loading=\"lazy\" decoding=\"async\" src=\"https:\/\/www.24gliwice.pl\/wiadomosci\/wp-content\/uploads\/2023\/09\/otwarcie-nowe-centrum-gliwic-7.jpg\" alt=\"\" width=\"810\" height=\"456\" class=\"aligncenter size-full wp-image-221190\" srcset=\"https:\/\/www.24gliwice.pl\/wiadomosci\/wp-content\/uploads\/2023\/09\/otwarcie-nowe-centrum-gliwic-7.jpg 810w, https:\/\/www.24gliwice.pl\/wiadomosci\/wp-content\/uploads\/2023\/09\/otwarcie-nowe-centrum-gliwic-7-410x232.jpg 410w, https:\/\/www.24gliwice.pl\/wiadomosci\/wp-content\/uploads\/2023\/09\/otwarcie-nowe-centrum-gliwic-7-808x455.jpg 808w, https:\/\/www.24gliwice.pl\/wiadomosci\/wp-content\/uploads\/2023\/09\/otwarcie-nowe-centrum-gliwic-7-768x432.jpg 768w\" sizes=\"auto, (max-width: 810px) 100vw, 810px\" \/><\/p>\n<p><iframe loading=\"lazy\" src=\"https:\/\/www.facebook.com\/plugins\/video.php?height=314&#038;href=https%3A%2F%2Fwww.facebook.com%2F24gliwice%2Fvideos%2F1780204145715491%2F&#038;show_text=false&#038;width=560&#038;t=0\" width=\"560\" height=\"314\" style=\"border:none;overflow:hidden\" scrolling=\"no\" frameborder=\"0\" allowfullscreen=\"true\" allow=\"autoplay; clipboard-write; encrypted-media; picture-in-picture; web-share\" allowFullScreen=\"true\"><\/iframe><\/p>\n<p>Na skwerze Europejskim pojawi\u0142a si\u0119 mniejsza scena, gdzie przed godzin\u0105 19:00 samorz\u0105dowcy i przedstawiciele wykonawcy opowiadali o inwestycji. <\/p>\n<p><img loading=\"lazy\" decoding=\"async\" src=\"https:\/\/www.24gliwice.pl\/wiadomosci\/wp-content\/uploads\/2023\/09\/otwarcie-nowe-centrum-gliwic-5.jpg\" alt=\"\" width=\"810\" height=\"606\" class=\"aligncenter size-full wp-image-221188\" srcset=\"https:\/\/www.24gliwice.pl\/wiadomosci\/wp-content\/uploads\/2023\/09\/otwarcie-nowe-centrum-gliwic-5.jpg 810w, https:\/\/www.24gliwice.pl\/wiadomosci\/wp-content\/uploads\/2023\/09\/otwarcie-nowe-centrum-gliwic-5-310x232.jpg 310w, https:\/\/www.24gliwice.pl\/wiadomosci\/wp-content\/uploads\/2023\/09\/otwarcie-nowe-centrum-gliwic-5-608x455.jpg 608w, https:\/\/www.24gliwice.pl\/wiadomosci\/wp-content\/uploads\/2023\/09\/otwarcie-nowe-centrum-gliwic-5-768x575.jpg 768w\" sizes=\"auto, (max-width: 810px) 100vw, 810px\" \/><\/p>\n<p>A ta od pocz\u0105tku budzi\u0142a kontrowersje. G\u0142osy krytyki w odniesieniu do deficytu zieleni, wycinki drzew czy zbyt skomplikowanej organizacji ruchu na placu Piast\u00f3w znalaz\u0142y uj\u015bcie w spontanicznym happeningu. Tu\u017c obok otwieraj\u0105cych ulic\u0119 Zwyci\u0119stwa samorz\u0105dowc\u00f3w pojawi\u0142 si\u0119&#8230; spory s\u0142omiany mi\u015b z has\u0142em: &#8220;Plac Piast\u00f3w na miar\u0119 naszych mo\u017cliwo\u015bci&#8221;.<\/p>\n<p><img loading=\"lazy\" decoding=\"async\" src=\"https:\/\/www.24gliwice.pl\/wiadomosci\/wp-content\/uploads\/2023\/09\/otwarcie-nowe-centrum-gliwic-2.jpg\" alt=\"\" width=\"810\" height=\"606\" class=\"aligncenter size-full wp-image-221185\" srcset=\"https:\/\/www.24gliwice.pl\/wiadomosci\/wp-content\/uploads\/2023\/09\/otwarcie-nowe-centrum-gliwic-2.jpg 810w, https:\/\/www.24gliwice.pl\/wiadomosci\/wp-content\/uploads\/2023\/09\/otwarcie-nowe-centrum-gliwic-2-310x232.jpg 310w, https:\/\/www.24gliwice.pl\/wiadomosci\/wp-content\/uploads\/2023\/09\/otwarcie-nowe-centrum-gliwic-2-608x455.jpg 608w, https:\/\/www.24gliwice.pl\/wiadomosci\/wp-content\/uploads\/2023\/09\/otwarcie-nowe-centrum-gliwic-2-768x575.jpg 768w\" sizes=\"auto, (max-width: 810px) 100vw, 810px\" \/><\/p>\n<p>Otwarcie przebudowanego fragmentu ul. Zwyci\u0119stwa (pomi\u0119dzy ul. Dubois a Boh. Getta Warszawskiego) przebieg\u0142o sprawnie. Symboliczne zdj\u0119cie barierek z udzia\u0142em obecnego i by\u0142ego prezydenta, dyrektor ZDM i przedstawicieli wykonawcy nast\u0105pi\u0142o ok. godziny 19:00. Tym samym przywr\u00f3cono ruch na ca\u0142ej d\u0142ugo\u015bci ulicy Zwyci\u0119stwa.<\/p>\n<p><iframe loading=\"lazy\" src=\"https:\/\/www.facebook.com\/plugins\/video.php?height=314&#038;href=https%3A%2F%2Fwww.facebook.com%2F24gliwice%2Fvideos%2F270817735897274%2F&#038;show_text=false&#038;width=560&#038;t=0\" width=\"560\" height=\"314\" style=\"border:none;overflow:hidden\" scrolling=\"no\" frameborder=\"0\" allowfullscreen=\"true\" allow=\"autoplay; clipboard-write; encrypted-media; picture-in-picture; web-share\" allowFullScreen=\"true\"><\/iframe> <\/p>\n<p>G\u0142\u00f3wn\u0105 atrakcj\u0105 by\u0142 jednak koncert zorganizowany na parkingu nad Drogow\u0105 Tras\u0105 \u015arednicow\u0105. Role gwiazd wieczoru wieczoru przypad\u0142y zespo\u0142om Baranovski i Feel. Wyst\u0119py mo\u017cna by\u0142o obserwowa\u0107 nie tylko z p\u0142yty parkingu ale r\u00f3wnie\u017c z boku.<\/p>\n<div style=\"width: 810px;\" class=\"wp-video\"><video class=\"wp-video-shortcode\" id=\"video-221182-1\" width=\"810\" height=\"456\" preload=\"metadata\" controls=\"controls\"><source type=\"video\/mp4\" src=\"https:\/\/www.24gliwice.pl\/wiadomosci\/wp-content\/uploads\/2023\/09\/20230910-koncert-nad-dts-baranovski.mp4?_=1\" \/><a href=\"https:\/\/www.24gliwice.pl\/wiadomosci\/wp-content\/uploads\/2023\/09\/20230910-koncert-nad-dts-baranovski.mp4\">https:\/\/www.24gliwice.pl\/wiadomosci\/wp-content\/uploads\/2023\/09\/20230910-koncert-nad-dts-baranovski.mp4<\/a><\/video><\/div>\n<p>&nbsp;<br \/>\nPlac przed dworcem niew\u0105tpliwie najlepiej prezentuje si\u0119 po zmierzchu. Nowa, kolorowa fontanna najwi\u0119kszy entuzjazm wywo\u0142a\u0142a w\u015br\u00f3d dzieci. Liczne kwietniki nieco \u0142agodz\u0105 betonowo\u015b\u0107 placu, pozostaje tylko trzyma\u0107 kciuki za kondycj\u0119 i szybki wzrost posadzonych tam drzew.<\/p>\n<p><img loading=\"lazy\" decoding=\"async\" src=\"https:\/\/www.24gliwice.pl\/wiadomosci\/wp-content\/uploads\/2023\/09\/otwarcie-nowe-centrum-gliwic-10.jpg\" alt=\"\" width=\"810\" height=\"456\" class=\"aligncenter size-full wp-image-221193\" srcset=\"https:\/\/www.24gliwice.pl\/wiadomosci\/wp-content\/uploads\/2023\/09\/otwarcie-nowe-centrum-gliwic-10.jpg 810w, https:\/\/www.24gliwice.pl\/wiadomosci\/wp-content\/uploads\/2023\/09\/otwarcie-nowe-centrum-gliwic-10-410x232.jpg 410w, https:\/\/www.24gliwice.pl\/wiadomosci\/wp-content\/uploads\/2023\/09\/otwarcie-nowe-centrum-gliwic-10-808x455.jpg 808w, https:\/\/www.24gliwice.pl\/wiadomosci\/wp-content\/uploads\/2023\/09\/otwarcie-nowe-centrum-gliwic-10-768x432.jpg 768w\" sizes=\"auto, (max-width: 810px) 100vw, 810px\" \/><\/p>\n<p><img loading=\"lazy\" decoding=\"async\" src=\"https:\/\/www.24gliwice.pl\/wiadomosci\/wp-content\/uploads\/2023\/09\/otwarcie-nowe-centrum-gliwic-4.jpg\" alt=\"\" width=\"810\" height=\"456\" class=\"aligncenter size-full wp-image-221187\" srcset=\"https:\/\/www.24gliwice.pl\/wiadomosci\/wp-content\/uploads\/2023\/09\/otwarcie-nowe-centrum-gliwic-4.jpg 810w, https:\/\/www.24gliwice.pl\/wiadomosci\/wp-content\/uploads\/2023\/09\/otwarcie-nowe-centrum-gliwic-4-410x232.jpg 410w, https:\/\/www.24gliwice.pl\/wiadomosci\/wp-content\/uploads\/2023\/09\/otwarcie-nowe-centrum-gliwic-4-808x455.jpg 808w, https:\/\/www.24gliwice.pl\/wiadomosci\/wp-content\/uploads\/2023\/09\/otwarcie-nowe-centrum-gliwic-4-768x432.jpg 768w\" sizes=\"auto, (max-width: 810px) 100vw, 810px\" \/><\/p>\n<p>Czy to ju\u017c koniec inwestycji i remont\u00f3w w tym rejonie? Z pewno\u015bci\u0105 nie. Pilnej modernizacji wymaga mocno &#8220;zapyzia\u0142a&#8221; ulica Zwyci\u0119stwa na prawie ca\u0142ej d\u0142ugo\u015bci, od ul. Dubois do placu Inwalid\u00f3w. Ra\u017c\u0105 r\u00f3wnie\u017c puste, wymagaj\u0105ce zagospodarowania dzia\u0142ki w rejonie skrzy\u017cowania ul. Boh. Getta Warszawskiego i Zwyci\u0119stwa. Tam a\u017c si\u0119 prosi o wkomponowanie w istniej\u0105c\u0105 zabudow\u0119 dobrej architektury, kt\u00f3ra przy okazji zas\u0142oni dominuj\u0105ce nad przestrzeni\u0105 \u015blepe \u015bciany kamienic upstrzone wielkimi bilbordami reklamowymi. <\/p>\n<p>emef<\/p>\n<div class=\"gliwi-a5-na-koncu-artykulow gliwi-entity-placement\" id=\"gliwi-2325312322\"><div class=\"gliwi-adlabel\"><span style=\"font-size: 9px\">REKLAMA<\/span><\/div><div id=\"gliwi-454134821\" style=\"margin-left: auto;margin-right: auto;text-align: center;\"><a data-no-instant=\"1\" href=\"https:\/\/prezeroarenagliwice.pl\/\" rel=\"noopener\" class=\"a2t-link\" target=\"_blank\" aria-label=\"20260309-PREZERO-WIOSNA-D\"><img loading=\"lazy\" decoding=\"async\" src=\"https:\/\/www.24gliwice.pl\/wiadomosci\/wp-content\/uploads\/2026\/03\/20260309-PREZERO-WIOSNA-D.webp\" alt=\"\"  srcset=\"https:\/\/www.24gliwice.pl\/wiadomosci\/wp-content\/uploads\/2026\/03\/20260309-PREZERO-WIOSNA-D.webp 750w, https:\/\/www.24gliwice.pl\/wiadomosci\/wp-content\/uploads\/2026\/03\/20260309-PREZERO-WIOSNA-D-410x109.webp 410w\" sizes=\"(max-width: 750px) 100vw, 750px\" class=\"no-lazyload\" width=\"750\" height=\"200\"  style=\"display: inline-block; max-width: 100%; height: auto;\" \/><\/a><\/div><\/div>","protected":false},"excerpt":{"rendered":"<p>Takich t\u0142um\u00f3w na ul. Zwyci\u0119stwa jak w niedziel\u0119 nie pami\u0119tamy chyba od lat 90., kiedy centrum by\u0142o ch\u0119tnie wybieranym celem zakup\u00f3w i spacer\u00f3w. Tym razem okazja by\u0142a zupe\u0142nie inna, to zako\u0144czenie kosztuj\u0105cej blisko 50 mln z\u0142otych przebudowy uk\u0142adu drogowego centrum Gliwic. &nbsp; Nowy plac przed dworcem PKP, przebudowa placu Piast\u00f3w i okolic, ul. Bohater\u00f3w Getta [&hellip;]<\/p>\n","protected":false},"author":4,"featured_media":221189,"comment_status":"open","ping_status":"closed","sticky":false,"template":"","format":"standard","meta":{"_monsterinsights_skip_tracking":false,"_monsterinsights_sitenote_active":false,"_monsterinsights_sitenote_note":"","_monsterinsights_sitenote_category":0,"footnotes":"","_links_to":"","_links_to_target":""},"categories":[3,1,9],"tags":[735],"class_list":["post-221182","post","type-post","status-publish","format-standard","has-post-thumbnail","hentry","category-gliwice","category-wszystko","category-aktualnosci_lokalne","tag-nowe-centrum-gliwic"],"yoast_head":"<!-- This site is optimized with the Yoast SEO plugin v27.5 - https:\/\/yoast.com\/product\/yoast-seo-wordpress\/ -->\n<title>Wielkie otwarcie nowego centrum Gliwic przyci\u0105gn\u0119\u0142o t\u0142umy mieszka\u0144c\u00f3w (galeria) - 24GLIWICE - Portal Gliwice | codziennie nowe informacje<\/title>\n<meta name=\"robots\" content=\"index, follow, max-snippet:-1, max-image-preview:large, max-video-preview:-1\" \/>\n<link rel=\"canonical\" href=\"https:\/\/www.24gliwice.pl\/wiadomosci\/wielkie-otwarcie-nowego-centrum-gliwic-przyciagnelo-tlumy-mieszkancow-galeria\/\" \/>\n<meta property=\"og:locale\" content=\"pl_PL\" \/>\n<meta property=\"og:type\" content=\"article\" \/>\n<meta property=\"og:title\" content=\"Wielkie otwarcie nowego centrum Gliwic przyci\u0105gn\u0119\u0142o t\u0142umy mieszka\u0144c\u00f3w (galeria) - 24GLIWICE - Portal Gliwice | codziennie nowe informacje\" \/>\n<meta property=\"og:description\" content=\"Takich t\u0142um\u00f3w na ul. Zwyci\u0119stwa jak w niedziel\u0119 nie pami\u0119tamy chyba od lat 90., kiedy centrum by\u0142o ch\u0119tnie wybieranym celem zakup\u00f3w i spacer\u00f3w. Tym razem okazja by\u0142a zupe\u0142nie inna, to zako\u0144czenie kosztuj\u0105cej blisko 50 mln z\u0142otych przebudowy uk\u0142adu drogowego centrum Gliwic. &nbsp; Nowy plac przed dworcem PKP, przebudowa placu Piast\u00f3w i okolic, ul. Bohater\u00f3w Getta [&hellip;]\" \/>\n<meta property=\"og:url\" content=\"https:\/\/www.24gliwice.pl\/wiadomosci\/wielkie-otwarcie-nowego-centrum-gliwic-przyciagnelo-tlumy-mieszkancow-galeria\/\" \/>\n<meta property=\"og:site_name\" content=\"24GLIWICE - Portal Gliwice | codziennie nowe informacje\" \/>\n<meta property=\"article:publisher\" content=\"https:\/\/www.facebook.com\/24gliwice\" \/>\n<meta property=\"article:author\" content=\"https:\/\/www.facebook.com\/marcin.fabrykowski\" \/>\n<meta property=\"article:published_time\" content=\"2023-09-11T00:53:56+00:00\" \/>\n<meta property=\"article:modified_time\" content=\"2023-09-11T01:13:49+00:00\" \/>\n<meta property=\"og:image\" content=\"https:\/\/www.24gliwice.pl\/wiadomosci\/wp-content\/uploads\/2023\/09\/otwarcie-nowe-centrum-gliwic-6.jpg\" \/>\n\t<meta property=\"og:image:width\" content=\"810\" \/>\n\t<meta property=\"og:image:height\" content=\"456\" \/>\n\t<meta property=\"og:image:type\" content=\"image\/jpeg\" \/>\n<meta name=\"author\" content=\"Marcin Fabrykowski\" \/>\n<meta name=\"twitter:card\" content=\"summary_large_image\" \/>\n<meta name=\"twitter:creator\" content=\"@24gliwice\" \/>\n<meta name=\"twitter:site\" content=\"@24gliwice\" \/>\n<meta name=\"twitter:label1\" content=\"Napisane przez\" \/>\n\t<meta name=\"twitter:data1\" content=\"Marcin Fabrykowski\" \/>\n\t<meta name=\"twitter:label2\" content=\"Szacowany czas czytania\" \/>\n\t<meta name=\"twitter:data2\" content=\"3 minuty\" \/>\n<script type=\"application\/ld+json\" class=\"yoast-schema-graph\">{\"@context\":\"https:\\\/\\\/schema.org\",\"@graph\":[{\"@type\":\"Article\",\"@id\":\"https:\\\/\\\/www.24gliwice.pl\\\/wiadomosci\\\/wielkie-otwarcie-nowego-centrum-gliwic-przyciagnelo-tlumy-mieszkancow-galeria\\\/#article\",\"isPartOf\":{\"@id\":\"https:\\\/\\\/www.24gliwice.pl\\\/wiadomosci\\\/wielkie-otwarcie-nowego-centrum-gliwic-przyciagnelo-tlumy-mieszkancow-galeria\\\/\"},\"author\":{\"name\":\"Marcin Fabrykowski\",\"@id\":\"https:\\\/\\\/www.24gliwice.pl\\\/wiadomosci\\\/#\\\/schema\\\/person\\\/cb5857e4a4d048c15984c1edcc8ef0c0\"},\"headline\":\"Wielkie otwarcie nowego centrum Gliwic przyci\u0105gn\u0119\u0142o t\u0142umy mieszka\u0144c\u00f3w (galeria)\",\"datePublished\":\"2023-09-11T00:53:56+00:00\",\"dateModified\":\"2023-09-11T01:13:49+00:00\",\"mainEntityOfPage\":{\"@id\":\"https:\\\/\\\/www.24gliwice.pl\\\/wiadomosci\\\/wielkie-otwarcie-nowego-centrum-gliwic-przyciagnelo-tlumy-mieszkancow-galeria\\\/\"},\"wordCount\":468,\"commentCount\":0,\"publisher\":{\"@id\":\"https:\\\/\\\/www.24gliwice.pl\\\/wiadomosci\\\/#organization\"},\"image\":{\"@id\":\"https:\\\/\\\/www.24gliwice.pl\\\/wiadomosci\\\/wielkie-otwarcie-nowego-centrum-gliwic-przyciagnelo-tlumy-mieszkancow-galeria\\\/#primaryimage\"},\"thumbnailUrl\":\"https:\\\/\\\/www.24gliwice.pl\\\/wiadomosci\\\/wp-content\\\/uploads\\\/2023\\\/09\\\/otwarcie-nowe-centrum-gliwic-6.jpg\",\"keywords\":[\"nowe centrum Gliwic\"],\"articleSection\":[\"Gliwice\",\"Najnowsze wiadomo\u015bci\",\"Portal Gliwice - Wiadomo\u015bci lokalne\"],\"inLanguage\":\"pl-PL\",\"potentialAction\":[{\"@type\":\"CommentAction\",\"name\":\"Comment\",\"target\":[\"https:\\\/\\\/www.24gliwice.pl\\\/wiadomosci\\\/wielkie-otwarcie-nowego-centrum-gliwic-przyciagnelo-tlumy-mieszkancow-galeria\\\/#respond\"]}]},{\"@type\":\"WebPage\",\"@id\":\"https:\\\/\\\/www.24gliwice.pl\\\/wiadomosci\\\/wielkie-otwarcie-nowego-centrum-gliwic-przyciagnelo-tlumy-mieszkancow-galeria\\\/\",\"url\":\"https:\\\/\\\/www.24gliwice.pl\\\/wiadomosci\\\/wielkie-otwarcie-nowego-centrum-gliwic-przyciagnelo-tlumy-mieszkancow-galeria\\\/\",\"name\":\"Wielkie otwarcie nowego centrum Gliwic przyci\u0105gn\u0119\u0142o t\u0142umy mieszka\u0144c\u00f3w (galeria) - 24GLIWICE - Portal Gliwice | codziennie nowe informacje\",\"isPartOf\":{\"@id\":\"https:\\\/\\\/www.24gliwice.pl\\\/wiadomosci\\\/#website\"},\"primaryImageOfPage\":{\"@id\":\"https:\\\/\\\/www.24gliwice.pl\\\/wiadomosci\\\/wielkie-otwarcie-nowego-centrum-gliwic-przyciagnelo-tlumy-mieszkancow-galeria\\\/#primaryimage\"},\"image\":{\"@id\":\"https:\\\/\\\/www.24gliwice.pl\\\/wiadomosci\\\/wielkie-otwarcie-nowego-centrum-gliwic-przyciagnelo-tlumy-mieszkancow-galeria\\\/#primaryimage\"},\"thumbnailUrl\":\"https:\\\/\\\/www.24gliwice.pl\\\/wiadomosci\\\/wp-content\\\/uploads\\\/2023\\\/09\\\/otwarcie-nowe-centrum-gliwic-6.jpg\",\"datePublished\":\"2023-09-11T00:53:56+00:00\",\"dateModified\":\"2023-09-11T01:13:49+00:00\",\"breadcrumb\":{\"@id\":\"https:\\\/\\\/www.24gliwice.pl\\\/wiadomosci\\\/wielkie-otwarcie-nowego-centrum-gliwic-przyciagnelo-tlumy-mieszkancow-galeria\\\/#breadcrumb\"},\"inLanguage\":\"pl-PL\",\"potentialAction\":[{\"@type\":\"ReadAction\",\"target\":[\"https:\\\/\\\/www.24gliwice.pl\\\/wiadomosci\\\/wielkie-otwarcie-nowego-centrum-gliwic-przyciagnelo-tlumy-mieszkancow-galeria\\\/\"]}]},{\"@type\":\"ImageObject\",\"inLanguage\":\"pl-PL\",\"@id\":\"https:\\\/\\\/www.24gliwice.pl\\\/wiadomosci\\\/wielkie-otwarcie-nowego-centrum-gliwic-przyciagnelo-tlumy-mieszkancow-galeria\\\/#primaryimage\",\"url\":\"https:\\\/\\\/www.24gliwice.pl\\\/wiadomosci\\\/wp-content\\\/uploads\\\/2023\\\/09\\\/otwarcie-nowe-centrum-gliwic-6.jpg\",\"contentUrl\":\"https:\\\/\\\/www.24gliwice.pl\\\/wiadomosci\\\/wp-content\\\/uploads\\\/2023\\\/09\\\/otwarcie-nowe-centrum-gliwic-6.jpg\",\"width\":810,\"height\":456},{\"@type\":\"BreadcrumbList\",\"@id\":\"https:\\\/\\\/www.24gliwice.pl\\\/wiadomosci\\\/wielkie-otwarcie-nowego-centrum-gliwic-przyciagnelo-tlumy-mieszkancow-galeria\\\/#breadcrumb\",\"itemListElement\":[{\"@type\":\"ListItem\",\"position\":1,\"name\":\"Strona g\u0142\u00f3wna\",\"item\":\"https:\\\/\\\/www.24gliwice.pl\\\/wiadomosci\\\/\"},{\"@type\":\"ListItem\",\"position\":2,\"name\":\"Wielkie otwarcie nowego centrum Gliwic przyci\u0105gn\u0119\u0142o t\u0142umy mieszka\u0144c\u00f3w (galeria)\"}]},{\"@type\":\"WebSite\",\"@id\":\"https:\\\/\\\/www.24gliwice.pl\\\/wiadomosci\\\/#website\",\"url\":\"https:\\\/\\\/www.24gliwice.pl\\\/wiadomosci\\\/\",\"name\":\"24GLIWICE - Portal Gliwice | codziennie nowe wiadomo\u015bci\",\"description\":\"Portal Miejski Gliwice\",\"publisher\":{\"@id\":\"https:\\\/\\\/www.24gliwice.pl\\\/wiadomosci\\\/#organization\"},\"potentialAction\":[{\"@type\":\"SearchAction\",\"target\":{\"@type\":\"EntryPoint\",\"urlTemplate\":\"https:\\\/\\\/www.24gliwice.pl\\\/wiadomosci\\\/?s={search_term_string}\"},\"query-input\":{\"@type\":\"PropertyValueSpecification\",\"valueRequired\":true,\"valueName\":\"search_term_string\"}}],\"inLanguage\":\"pl-PL\"},{\"@type\":\"Organization\",\"@id\":\"https:\\\/\\\/www.24gliwice.pl\\\/wiadomosci\\\/#organization\",\"name\":\"24gliwice\",\"url\":\"https:\\\/\\\/www.24gliwice.pl\\\/wiadomosci\\\/\",\"logo\":{\"@type\":\"ImageObject\",\"inLanguage\":\"pl-PL\",\"@id\":\"https:\\\/\\\/www.24gliwice.pl\\\/wiadomosci\\\/#\\\/schema\\\/logo\\\/image\\\/\",\"url\":\"https:\\\/\\\/www.24gliwice.pl\\\/wiadomosci\\\/wp-content\\\/uploads\\\/2024\\\/10\\\/24gliwice-logo-696.jpg\",\"contentUrl\":\"https:\\\/\\\/www.24gliwice.pl\\\/wiadomosci\\\/wp-content\\\/uploads\\\/2024\\\/10\\\/24gliwice-logo-696.jpg\",\"width\":696,\"height\":696,\"caption\":\"24gliwice\"},\"image\":{\"@id\":\"https:\\\/\\\/www.24gliwice.pl\\\/wiadomosci\\\/#\\\/schema\\\/logo\\\/image\\\/\"},\"sameAs\":[\"https:\\\/\\\/www.facebook.com\\\/24gliwice\",\"https:\\\/\\\/x.com\\\/24gliwice\",\"https:\\\/\\\/www.youtube.com\\\/@24gliwice\"]},{\"@type\":\"Person\",\"@id\":\"https:\\\/\\\/www.24gliwice.pl\\\/wiadomosci\\\/#\\\/schema\\\/person\\\/cb5857e4a4d048c15984c1edcc8ef0c0\",\"name\":\"Marcin Fabrykowski\",\"image\":{\"@type\":\"ImageObject\",\"inLanguage\":\"pl-PL\",\"@id\":\"https:\\\/\\\/www.24gliwice.pl\\\/wiadomosci\\\/wp-content\\\/uploads\\\/2025\\\/11\\\/zdjecie-moje-marcin-300-96x96.jpg\",\"url\":\"https:\\\/\\\/www.24gliwice.pl\\\/wiadomosci\\\/wp-content\\\/uploads\\\/2025\\\/11\\\/zdjecie-moje-marcin-300-96x96.jpg\",\"contentUrl\":\"https:\\\/\\\/www.24gliwice.pl\\\/wiadomosci\\\/wp-content\\\/uploads\\\/2025\\\/11\\\/zdjecie-moje-marcin-300-96x96.jpg\",\"caption\":\"Marcin Fabrykowski\"},\"sameAs\":[\"http:\\\/\\\/24gliwice.pl\",\"https:\\\/\\\/www.facebook.com\\\/marcin.fabrykowski\"],\"url\":\"https:\\\/\\\/www.24gliwice.pl\\\/wiadomosci\\\/author\\\/marcin-fabrykowski\\\/\"}]}<\/script>\n<!-- \/ Yoast SEO plugin. -->","yoast_head_json":{"title":"Wielkie otwarcie nowego centrum Gliwic przyci\u0105gn\u0119\u0142o t\u0142umy mieszka\u0144c\u00f3w (galeria) - 24GLIWICE - Portal Gliwice | codziennie nowe informacje","robots":{"index":"index","follow":"follow","max-snippet":"max-snippet:-1","max-image-preview":"max-image-preview:large","max-video-preview":"max-video-preview:-1"},"canonical":"https:\/\/www.24gliwice.pl\/wiadomosci\/wielkie-otwarcie-nowego-centrum-gliwic-przyciagnelo-tlumy-mieszkancow-galeria\/","og_locale":"pl_PL","og_type":"article","og_title":"Wielkie otwarcie nowego centrum Gliwic przyci\u0105gn\u0119\u0142o t\u0142umy mieszka\u0144c\u00f3w (galeria) - 24GLIWICE - Portal Gliwice | codziennie nowe informacje","og_description":"Takich t\u0142um\u00f3w na ul. Zwyci\u0119stwa jak w niedziel\u0119 nie pami\u0119tamy chyba od lat 90., kiedy centrum by\u0142o ch\u0119tnie wybieranym celem zakup\u00f3w i spacer\u00f3w. Tym razem okazja by\u0142a zupe\u0142nie inna, to zako\u0144czenie kosztuj\u0105cej blisko 50 mln z\u0142otych przebudowy uk\u0142adu drogowego centrum Gliwic. &nbsp; Nowy plac przed dworcem PKP, przebudowa placu Piast\u00f3w i okolic, ul. Bohater\u00f3w Getta [&hellip;]","og_url":"https:\/\/www.24gliwice.pl\/wiadomosci\/wielkie-otwarcie-nowego-centrum-gliwic-przyciagnelo-tlumy-mieszkancow-galeria\/","og_site_name":"24GLIWICE - Portal Gliwice | codziennie nowe informacje","article_publisher":"https:\/\/www.facebook.com\/24gliwice","article_author":"https:\/\/www.facebook.com\/marcin.fabrykowski","article_published_time":"2023-09-11T00:53:56+00:00","article_modified_time":"2023-09-11T01:13:49+00:00","og_image":[{"width":810,"height":456,"url":"https:\/\/www.24gliwice.pl\/wiadomosci\/wp-content\/uploads\/2023\/09\/otwarcie-nowe-centrum-gliwic-6.jpg","type":"image\/jpeg"}],"author":"Marcin Fabrykowski","twitter_card":"summary_large_image","twitter_creator":"@24gliwice","twitter_site":"@24gliwice","twitter_misc":{"Napisane przez":"Marcin Fabrykowski","Szacowany czas czytania":"3 minuty"},"schema":{"@context":"https:\/\/schema.org","@graph":[{"@type":"Article","@id":"https:\/\/www.24gliwice.pl\/wiadomosci\/wielkie-otwarcie-nowego-centrum-gliwic-przyciagnelo-tlumy-mieszkancow-galeria\/#article","isPartOf":{"@id":"https:\/\/www.24gliwice.pl\/wiadomosci\/wielkie-otwarcie-nowego-centrum-gliwic-przyciagnelo-tlumy-mieszkancow-galeria\/"},"author":{"name":"Marcin Fabrykowski","@id":"https:\/\/www.24gliwice.pl\/wiadomosci\/#\/schema\/person\/cb5857e4a4d048c15984c1edcc8ef0c0"},"headline":"Wielkie otwarcie nowego centrum Gliwic przyci\u0105gn\u0119\u0142o t\u0142umy mieszka\u0144c\u00f3w (galeria)","datePublished":"2023-09-11T00:53:56+00:00","dateModified":"2023-09-11T01:13:49+00:00","mainEntityOfPage":{"@id":"https:\/\/www.24gliwice.pl\/wiadomosci\/wielkie-otwarcie-nowego-centrum-gliwic-przyciagnelo-tlumy-mieszkancow-galeria\/"},"wordCount":468,"commentCount":0,"publisher":{"@id":"https:\/\/www.24gliwice.pl\/wiadomosci\/#organization"},"image":{"@id":"https:\/\/www.24gliwice.pl\/wiadomosci\/wielkie-otwarcie-nowego-centrum-gliwic-przyciagnelo-tlumy-mieszkancow-galeria\/#primaryimage"},"thumbnailUrl":"https:\/\/www.24gliwice.pl\/wiadomosci\/wp-content\/uploads\/2023\/09\/otwarcie-nowe-centrum-gliwic-6.jpg","keywords":["nowe centrum Gliwic"],"articleSection":["Gliwice","Najnowsze wiadomo\u015bci","Portal Gliwice - Wiadomo\u015bci lokalne"],"inLanguage":"pl-PL","potentialAction":[{"@type":"CommentAction","name":"Comment","target":["https:\/\/www.24gliwice.pl\/wiadomosci\/wielkie-otwarcie-nowego-centrum-gliwic-przyciagnelo-tlumy-mieszkancow-galeria\/#respond"]}]},{"@type":"WebPage","@id":"https:\/\/www.24gliwice.pl\/wiadomosci\/wielkie-otwarcie-nowego-centrum-gliwic-przyciagnelo-tlumy-mieszkancow-galeria\/","url":"https:\/\/www.24gliwice.pl\/wiadomosci\/wielkie-otwarcie-nowego-centrum-gliwic-przyciagnelo-tlumy-mieszkancow-galeria\/","name":"Wielkie otwarcie nowego centrum Gliwic przyci\u0105gn\u0119\u0142o t\u0142umy mieszka\u0144c\u00f3w (galeria) - 24GLIWICE - Portal Gliwice | codziennie nowe informacje","isPartOf":{"@id":"https:\/\/www.24gliwice.pl\/wiadomosci\/#website"},"primaryImageOfPage":{"@id":"https:\/\/www.24gliwice.pl\/wiadomosci\/wielkie-otwarcie-nowego-centrum-gliwic-przyciagnelo-tlumy-mieszkancow-galeria\/#primaryimage"},"image":{"@id":"https:\/\/www.24gliwice.pl\/wiadomosci\/wielkie-otwarcie-nowego-centrum-gliwic-przyciagnelo-tlumy-mieszkancow-galeria\/#primaryimage"},"thumbnailUrl":"https:\/\/www.24gliwice.pl\/wiadomosci\/wp-content\/uploads\/2023\/09\/otwarcie-nowe-centrum-gliwic-6.jpg","datePublished":"2023-09-11T00:53:56+00:00","dateModified":"2023-09-11T01:13:49+00:00","breadcrumb":{"@id":"https:\/\/www.24gliwice.pl\/wiadomosci\/wielkie-otwarcie-nowego-centrum-gliwic-przyciagnelo-tlumy-mieszkancow-galeria\/#breadcrumb"},"inLanguage":"pl-PL","potentialAction":[{"@type":"ReadAction","target":["https:\/\/www.24gliwice.pl\/wiadomosci\/wielkie-otwarcie-nowego-centrum-gliwic-przyciagnelo-tlumy-mieszkancow-galeria\/"]}]},{"@type":"ImageObject","inLanguage":"pl-PL","@id":"https:\/\/www.24gliwice.pl\/wiadomosci\/wielkie-otwarcie-nowego-centrum-gliwic-przyciagnelo-tlumy-mieszkancow-galeria\/#primaryimage","url":"https:\/\/www.24gliwice.pl\/wiadomosci\/wp-content\/uploads\/2023\/09\/otwarcie-nowe-centrum-gliwic-6.jpg","contentUrl":"https:\/\/www.24gliwice.pl\/wiadomosci\/wp-content\/uploads\/2023\/09\/otwarcie-nowe-centrum-gliwic-6.jpg","width":810,"height":456},{"@type":"BreadcrumbList","@id":"https:\/\/www.24gliwice.pl\/wiadomosci\/wielkie-otwarcie-nowego-centrum-gliwic-przyciagnelo-tlumy-mieszkancow-galeria\/#breadcrumb","itemListElement":[{"@type":"ListItem","position":1,"name":"Strona g\u0142\u00f3wna","item":"https:\/\/www.24gliwice.pl\/wiadomosci\/"},{"@type":"ListItem","position":2,"name":"Wielkie otwarcie nowego centrum Gliwic przyci\u0105gn\u0119\u0142o t\u0142umy mieszka\u0144c\u00f3w (galeria)"}]},{"@type":"WebSite","@id":"https:\/\/www.24gliwice.pl\/wiadomosci\/#website","url":"https:\/\/www.24gliwice.pl\/wiadomosci\/","name":"24GLIWICE - Portal Gliwice | codziennie nowe wiadomo\u015bci","description":"Portal Miejski Gliwice","publisher":{"@id":"https:\/\/www.24gliwice.pl\/wiadomosci\/#organization"},"potentialAction":[{"@type":"SearchAction","target":{"@type":"EntryPoint","urlTemplate":"https:\/\/www.24gliwice.pl\/wiadomosci\/?s={search_term_string}"},"query-input":{"@type":"PropertyValueSpecification","valueRequired":true,"valueName":"search_term_string"}}],"inLanguage":"pl-PL"},{"@type":"Organization","@id":"https:\/\/www.24gliwice.pl\/wiadomosci\/#organization","name":"24gliwice","url":"https:\/\/www.24gliwice.pl\/wiadomosci\/","logo":{"@type":"ImageObject","inLanguage":"pl-PL","@id":"https:\/\/www.24gliwice.pl\/wiadomosci\/#\/schema\/logo\/image\/","url":"https:\/\/www.24gliwice.pl\/wiadomosci\/wp-content\/uploads\/2024\/10\/24gliwice-logo-696.jpg","contentUrl":"https:\/\/www.24gliwice.pl\/wiadomosci\/wp-content\/uploads\/2024\/10\/24gliwice-logo-696.jpg","width":696,"height":696,"caption":"24gliwice"},"image":{"@id":"https:\/\/www.24gliwice.pl\/wiadomosci\/#\/schema\/logo\/image\/"},"sameAs":["https:\/\/www.facebook.com\/24gliwice","https:\/\/x.com\/24gliwice","https:\/\/www.youtube.com\/@24gliwice"]},{"@type":"Person","@id":"https:\/\/www.24gliwice.pl\/wiadomosci\/#\/schema\/person\/cb5857e4a4d048c15984c1edcc8ef0c0","name":"Marcin Fabrykowski","image":{"@type":"ImageObject","inLanguage":"pl-PL","@id":"https:\/\/www.24gliwice.pl\/wiadomosci\/wp-content\/uploads\/2025\/11\/zdjecie-moje-marcin-300-96x96.jpg","url":"https:\/\/www.24gliwice.pl\/wiadomosci\/wp-content\/uploads\/2025\/11\/zdjecie-moje-marcin-300-96x96.jpg","contentUrl":"https:\/\/www.24gliwice.pl\/wiadomosci\/wp-content\/uploads\/2025\/11\/zdjecie-moje-marcin-300-96x96.jpg","caption":"Marcin Fabrykowski"},"sameAs":["http:\/\/24gliwice.pl","https:\/\/www.facebook.com\/marcin.fabrykowski"],"url":"https:\/\/www.24gliwice.pl\/wiadomosci\/author\/marcin-fabrykowski\/"}]}},"_links":{"self":[{"href":"https:\/\/www.24gliwice.pl\/wiadomosci\/wp-json\/wp\/v2\/posts\/221182","targetHints":{"allow":["GET"]}}],"collection":[{"href":"https:\/\/www.24gliwice.pl\/wiadomosci\/wp-json\/wp\/v2\/posts"}],"about":[{"href":"https:\/\/www.24gliwice.pl\/wiadomosci\/wp-json\/wp\/v2\/types\/post"}],"author":[{"embeddable":true,"href":"https:\/\/www.24gliwice.pl\/wiadomosci\/wp-json\/wp\/v2\/users\/4"}],"replies":[{"embeddable":true,"href":"https:\/\/www.24gliwice.pl\/wiadomosci\/wp-json\/wp\/v2\/comments?post=221182"}],"version-history":[{"count":0,"href":"https:\/\/www.24gliwice.pl\/wiadomosci\/wp-json\/wp\/v2\/posts\/221182\/revisions"}],"wp:featuredmedia":[{"embeddable":true,"href":"https:\/\/www.24gliwice.pl\/wiadomosci\/wp-json\/wp\/v2\/media\/221189"}],"wp:attachment":[{"href":"https:\/\/www.24gliwice.pl\/wiadomosci\/wp-json\/wp\/v2\/media?parent=221182"}],"wp:term":[{"taxonomy":"category","embeddable":true,"href":"https:\/\/www.24gliwice.pl\/wiadomosci\/wp-json\/wp\/v2\/categories?post=221182"},{"taxonomy":"post_tag","embeddable":true,"href":"https:\/\/www.24gliwice.pl\/wiadomosci\/wp-json\/wp\/v2\/tags?post=221182"}],"curies":[{"name":"wp","href":"https:\/\/api.w.org\/{rel}","templated":true}]}}