{"id":221604,"date":"2023-09-15T13:31:56","date_gmt":"2023-09-15T11:31:56","guid":{"rendered":"https:\/\/www.24gliwice.pl\/wiadomosci\/?p=221604"},"modified":"2023-09-15T13:31:56","modified_gmt":"2023-09-15T11:31:56","slug":"kierujaca-bmw-dwa-razy-wjechala-w-to-samo-auto-raz-podczas-kolizji-drugi-uciekajac","status":"publish","type":"post","link":"https:\/\/www.24gliwice.pl\/wiadomosci\/kierujaca-bmw-dwa-razy-wjechala-w-to-samo-auto-raz-podczas-kolizji-drugi-uciekajac\/","title":{"rendered":"Kieruj\u0105ca BMW dwa razy wjecha\u0142a w to samo auto. Raz podczas kolizji, drugi &#8211; uciekaj\u0105c"},"content":{"rendered":"<div class=\"gliwi-a6-nad-leadem-artykulow gliwi-entity-placement\" id=\"gliwi-3417273797\"><div class=\"gliwi-adlabel\"><span style=\"font-size: 9px\">REKLAMA<\/span><\/div><div id=\"gliwi-592200933\" style=\"margin-bottom: 25px;margin-left: auto;margin-right: auto;text-align: center;\"><a data-no-instant=\"1\" href=\"https:\/\/dom100.eu\/\" rel=\"noopener\" class=\"a2t-link\" target=\"_blank\" aria-label=\"20260415 DOM100 D\"><img loading=\"lazy\" decoding=\"async\" src=\"https:\/\/www.24gliwice.pl\/wiadomosci\/wp-content\/uploads\/2026\/04\/20260415-DOM100-D.jpg\" alt=\"\"  srcset=\"https:\/\/www.24gliwice.pl\/wiadomosci\/wp-content\/uploads\/2026\/04\/20260415-DOM100-D.jpg 750w, https:\/\/www.24gliwice.pl\/wiadomosci\/wp-content\/uploads\/2026\/04\/20260415-DOM100-D-410x109.jpg 410w\" sizes=\"(max-width: 750px) 100vw, 750px\" class=\"no-lazyload\" width=\"750\" height=\"200\"  style=\"display: inline-block; max-width: 100%; height: auto;\" \/><\/a><\/div><\/div><h2>Kieruj\u0105ca BMW dwa razy najecha\u0142a na to samo auto. Po raz pierwszy &#8211; powoduj\u0105c z nim kolizj\u0119. Drugi raz podczas pr\u00f3by ucieczki z miejsca zdarzenia, dodajmy &#8211; ostatecznie udanej.<\/h2>\n<p>&nbsp;<br \/>\nPolicja poszukuje \u015bwiadk\u00f3w sytuacji, kt\u00f3ra mia\u0142a miejsce ponad tydzie\u0144 temu &#8211; w czwartek (7 wrze\u015bnia).<\/p>\n<p>&#8211; <em>Oko\u0142o godziny 8:00 w Gliwicach na ulicy Rybnickiej &#8211; wjazd na autostrad\u0119 A4, kieruj\u0105ca BMW o pocz\u0105tkowym nr rej. POZ\u2026. kobieta w wyniku niezachowania nale\u017cytej ostro\u017cno\u015bci oraz bezpiecznej odleg\u0142o\u015bci od poprzedzaj\u0105cego pojazdu doprowadzi\u0142a do zderzenia z kieruj\u0105cym samochodem TOYOTA YARIS o nr rejestracyjnym SK 944AW, a nast\u0119pnie, podczas udanej pr\u00f3by oddalenia si\u0119 z miejsca zdarzenia, ponownie najecha\u0142a na ten sam unieruchomiony pojazd<\/em> &#8211; czytamy w komunikacie policji. <\/p><div class=\"gliwi-a3-w-tresci-artykulow gliwi-entity-placement\" id=\"gliwi-1783474076\"><div class=\"gliwi-adlabel\"><span style=\"font-size: 9px\">REKLAMA<\/span><\/div><div id=\"gliwi-4261284632\" style=\"margin-bottom: 30px;margin-left: auto;margin-right: auto;text-align: center;\"><a data-no-instant=\"1\" href=\"https:\/\/zlobek.halogen.org.pl\/\" rel=\"noopener\" class=\"a2t-link\" target=\"_blank\" aria-label=\"animator-zlobek_750x200\"><img loading=\"lazy\" decoding=\"async\" src=\"https:\/\/www.24gliwice.pl\/wiadomosci\/wp-content\/uploads\/2026\/02\/animator-zlobek_750x200.webp\" alt=\"\"  srcset=\"https:\/\/www.24gliwice.pl\/wiadomosci\/wp-content\/uploads\/2026\/02\/animator-zlobek_750x200.webp 750w, https:\/\/www.24gliwice.pl\/wiadomosci\/wp-content\/uploads\/2026\/02\/animator-zlobek_750x200-410x109.webp 410w\" sizes=\"(max-width: 750px) 100vw, 750px\" class=\"no-lazyload\" width=\"750\" height=\"200\"  style=\"display: inline-block; max-width: 100%; height: auto;\" \/><\/a><\/div><\/div>\n<p>Gliwicka komenda prosi wszystkich \u015bwiadk\u00f3w, kt\u00f3rzy posiadaj\u0105 jak\u0105kolwiek wiedz\u0119 na temat przyczyn i okoliczno\u015bci tego zdarzenia (model i numer rejestracyjny pojazdu uczestnicz\u0105cego, dane personalne sprawcy, itp.) o kontakt osobisty z Wydzia\u0142em Prewencji b\u0105d\u017a telefoniczny pod nr tel. 47 859 22 66 lub 47 859 23 66 z zast\u0119pc\u0105 dy\u017curnego lub pod nr tel. 47 859 22 57 z referentem prowadz\u0105cym czynno\u015bci wyja\u015bniaj\u0105ce.<\/p>\n<p>(\u017cms)\/KMP Gliwice<br \/>\nfot. zdj\u0119cie pogl\u0105dowe\/px<\/p>\n<div class=\"gliwi-a5-na-koncu-artykulow gliwi-entity-placement\" id=\"gliwi-4071252979\"><div class=\"gliwi-adlabel\"><span style=\"font-size: 9px\">REKLAMA<\/span><\/div><div id=\"gliwi-3265804164\" style=\"margin-left: auto;margin-right: auto;text-align: center;\"><a data-no-instant=\"1\" href=\"https:\/\/prezeroarenagliwice.pl\/\" rel=\"noopener\" class=\"a2t-link\" target=\"_blank\" aria-label=\"20260309-PREZERO-WIOSNA-D\"><img loading=\"lazy\" decoding=\"async\" src=\"https:\/\/www.24gliwice.pl\/wiadomosci\/wp-content\/uploads\/2026\/03\/20260309-PREZERO-WIOSNA-D.webp\" alt=\"\"  srcset=\"https:\/\/www.24gliwice.pl\/wiadomosci\/wp-content\/uploads\/2026\/03\/20260309-PREZERO-WIOSNA-D.webp 750w, https:\/\/www.24gliwice.pl\/wiadomosci\/wp-content\/uploads\/2026\/03\/20260309-PREZERO-WIOSNA-D-410x109.webp 410w\" sizes=\"(max-width: 750px) 100vw, 750px\" class=\"no-lazyload\" width=\"750\" height=\"200\"  style=\"display: inline-block; max-width: 100%; height: auto;\" \/><\/a><\/div><\/div>","protected":false},"excerpt":{"rendered":"<p>Kieruj\u0105ca BMW dwa razy najecha\u0142a na to samo auto. Po raz pierwszy &#8211; powoduj\u0105c z nim kolizj\u0119. Drugi raz podczas pr\u00f3by ucieczki z miejsca zdarzenia, dodajmy &#8211; ostatecznie udanej. &nbsp; Policja poszukuje \u015bwiadk\u00f3w sytuacji, kt\u00f3ra mia\u0142a miejsce ponad tydzie\u0144 temu &#8211; w czwartek (7 wrze\u015bnia). &#8211; Oko\u0142o godziny 8:00 w Gliwicach na ulicy Rybnickiej &#8211; [&hellip;]<\/p>\n","protected":false},"author":15,"featured_media":221607,"comment_status":"open","ping_status":"closed","sticky":false,"template":"","format":"standard","meta":{"_monsterinsights_skip_tracking":false,"_monsterinsights_sitenote_active":false,"_monsterinsights_sitenote_note":"","_monsterinsights_sitenote_category":0,"footnotes":"","_links_to":"","_links_to_target":""},"categories":[3,1,5],"tags":[8519,12220],"class_list":["post-221604","post","type-post","status-publish","format-standard","has-post-thumbnail","hentry","category-gliwice","category-wszystko","category-kryminalki","tag-kolizja","tag-ucieczka"],"yoast_head":"<!-- This site is optimized with the Yoast SEO plugin v27.5 - https:\/\/yoast.com\/product\/yoast-seo-wordpress\/ -->\n<title>Kieruj\u0105ca BMW dwa razy wjecha\u0142a w to samo auto. Raz podczas kolizji, drugi - uciekaj\u0105c - 24GLIWICE - Portal Gliwice | codziennie nowe informacje<\/title>\n<meta name=\"description\" content=\"Kieruj\u0105ca BMW dwa razy wjecha\u0142a w to samo auto. Raz powoduj\u0105c z nim kolizj\u0119, a po raz 2. podejmuj\u0105c udan\u0105 pr\u00f3b\u0119 ucieczki z miejsca zdarzenia\" \/>\n<meta name=\"robots\" content=\"index, follow, max-snippet:-1, max-image-preview:large, max-video-preview:-1\" \/>\n<link rel=\"canonical\" href=\"https:\/\/www.24gliwice.pl\/wiadomosci\/kierujaca-bmw-dwa-razy-wjechala-w-to-samo-auto-raz-podczas-kolizji-drugi-uciekajac\/\" \/>\n<meta property=\"og:locale\" content=\"pl_PL\" \/>\n<meta property=\"og:type\" content=\"article\" \/>\n<meta property=\"og:title\" content=\"Kieruj\u0105ca BMW dwa razy wjecha\u0142a w to samo auto. Raz podczas kolizji, drugi - uciekaj\u0105c - 24GLIWICE - Portal Gliwice | codziennie nowe informacje\" \/>\n<meta property=\"og:description\" content=\"Kieruj\u0105ca BMW dwa razy wjecha\u0142a w to samo auto. Raz powoduj\u0105c z nim kolizj\u0119, a po raz 2. podejmuj\u0105c udan\u0105 pr\u00f3b\u0119 ucieczki z miejsca zdarzenia\" \/>\n<meta property=\"og:url\" content=\"https:\/\/www.24gliwice.pl\/wiadomosci\/kierujaca-bmw-dwa-razy-wjechala-w-to-samo-auto-raz-podczas-kolizji-drugi-uciekajac\/\" \/>\n<meta property=\"og:site_name\" content=\"24GLIWICE - Portal Gliwice | codziennie nowe informacje\" \/>\n<meta property=\"article:publisher\" content=\"https:\/\/www.facebook.com\/24gliwice\" \/>\n<meta property=\"article:published_time\" content=\"2023-09-15T11:31:56+00:00\" \/>\n<meta property=\"og:image\" content=\"https:\/\/www.24gliwice.pl\/wiadomosci\/wp-content\/uploads\/2023\/09\/bmw.jpg\" \/>\n\t<meta property=\"og:image:width\" content=\"810\" \/>\n\t<meta property=\"og:image:height\" content=\"456\" \/>\n\t<meta property=\"og:image:type\" content=\"image\/jpeg\" \/>\n<meta name=\"author\" content=\"\u017baneta Mrozek-Siewierska\" \/>\n<meta name=\"twitter:card\" content=\"summary_large_image\" \/>\n<meta name=\"twitter:creator\" content=\"@24gliwice\" \/>\n<meta name=\"twitter:site\" content=\"@24gliwice\" \/>\n<meta name=\"twitter:label1\" content=\"Napisane przez\" \/>\n\t<meta name=\"twitter:data1\" content=\"\u017baneta Mrozek-Siewierska\" \/>\n\t<meta name=\"twitter:label2\" content=\"Szacowany czas czytania\" \/>\n\t<meta name=\"twitter:data2\" content=\"2 minuty\" \/>\n<script type=\"application\/ld+json\" class=\"yoast-schema-graph\">{\"@context\":\"https:\\\/\\\/schema.org\",\"@graph\":[{\"@type\":\"Article\",\"@id\":\"https:\\\/\\\/www.24gliwice.pl\\\/wiadomosci\\\/kierujaca-bmw-dwa-razy-wjechala-w-to-samo-auto-raz-podczas-kolizji-drugi-uciekajac\\\/#article\",\"isPartOf\":{\"@id\":\"https:\\\/\\\/www.24gliwice.pl\\\/wiadomosci\\\/kierujaca-bmw-dwa-razy-wjechala-w-to-samo-auto-raz-podczas-kolizji-drugi-uciekajac\\\/\"},\"author\":{\"name\":\"\u017baneta Mrozek-Siewierska\",\"@id\":\"https:\\\/\\\/www.24gliwice.pl\\\/wiadomosci\\\/#\\\/schema\\\/person\\\/e42c650edd7f2fa332be3811fb166b6e\"},\"headline\":\"Kieruj\u0105ca BMW dwa razy wjecha\u0142a w to samo auto. Raz podczas kolizji, drugi &#8211; uciekaj\u0105c\",\"datePublished\":\"2023-09-15T11:31:56+00:00\",\"mainEntityOfPage\":{\"@id\":\"https:\\\/\\\/www.24gliwice.pl\\\/wiadomosci\\\/kierujaca-bmw-dwa-razy-wjechala-w-to-samo-auto-raz-podczas-kolizji-drugi-uciekajac\\\/\"},\"wordCount\":223,\"commentCount\":0,\"publisher\":{\"@id\":\"https:\\\/\\\/www.24gliwice.pl\\\/wiadomosci\\\/#organization\"},\"image\":{\"@id\":\"https:\\\/\\\/www.24gliwice.pl\\\/wiadomosci\\\/kierujaca-bmw-dwa-razy-wjechala-w-to-samo-auto-raz-podczas-kolizji-drugi-uciekajac\\\/#primaryimage\"},\"thumbnailUrl\":\"https:\\\/\\\/www.24gliwice.pl\\\/wiadomosci\\\/wp-content\\\/uploads\\\/2023\\\/09\\\/bmw.jpg\",\"keywords\":[\"KOLIZJA\",\"ucieczka\"],\"articleSection\":[\"Gliwice\",\"Najnowsze wiadomo\u015bci\",\"Prawo\"],\"inLanguage\":\"pl-PL\",\"potentialAction\":[{\"@type\":\"CommentAction\",\"name\":\"Comment\",\"target\":[\"https:\\\/\\\/www.24gliwice.pl\\\/wiadomosci\\\/kierujaca-bmw-dwa-razy-wjechala-w-to-samo-auto-raz-podczas-kolizji-drugi-uciekajac\\\/#respond\"]}]},{\"@type\":\"WebPage\",\"@id\":\"https:\\\/\\\/www.24gliwice.pl\\\/wiadomosci\\\/kierujaca-bmw-dwa-razy-wjechala-w-to-samo-auto-raz-podczas-kolizji-drugi-uciekajac\\\/\",\"url\":\"https:\\\/\\\/www.24gliwice.pl\\\/wiadomosci\\\/kierujaca-bmw-dwa-razy-wjechala-w-to-samo-auto-raz-podczas-kolizji-drugi-uciekajac\\\/\",\"name\":\"Kieruj\u0105ca BMW dwa razy wjecha\u0142a w to samo auto. Raz podczas kolizji, drugi - uciekaj\u0105c - 24GLIWICE - Portal Gliwice | codziennie nowe informacje\",\"isPartOf\":{\"@id\":\"https:\\\/\\\/www.24gliwice.pl\\\/wiadomosci\\\/#website\"},\"primaryImageOfPage\":{\"@id\":\"https:\\\/\\\/www.24gliwice.pl\\\/wiadomosci\\\/kierujaca-bmw-dwa-razy-wjechala-w-to-samo-auto-raz-podczas-kolizji-drugi-uciekajac\\\/#primaryimage\"},\"image\":{\"@id\":\"https:\\\/\\\/www.24gliwice.pl\\\/wiadomosci\\\/kierujaca-bmw-dwa-razy-wjechala-w-to-samo-auto-raz-podczas-kolizji-drugi-uciekajac\\\/#primaryimage\"},\"thumbnailUrl\":\"https:\\\/\\\/www.24gliwice.pl\\\/wiadomosci\\\/wp-content\\\/uploads\\\/2023\\\/09\\\/bmw.jpg\",\"datePublished\":\"2023-09-15T11:31:56+00:00\",\"description\":\"Kieruj\u0105ca BMW dwa razy wjecha\u0142a w to samo auto. Raz powoduj\u0105c z nim kolizj\u0119, a po raz 2. podejmuj\u0105c udan\u0105 pr\u00f3b\u0119 ucieczki z miejsca zdarzenia\",\"breadcrumb\":{\"@id\":\"https:\\\/\\\/www.24gliwice.pl\\\/wiadomosci\\\/kierujaca-bmw-dwa-razy-wjechala-w-to-samo-auto-raz-podczas-kolizji-drugi-uciekajac\\\/#breadcrumb\"},\"inLanguage\":\"pl-PL\",\"potentialAction\":[{\"@type\":\"ReadAction\",\"target\":[\"https:\\\/\\\/www.24gliwice.pl\\\/wiadomosci\\\/kierujaca-bmw-dwa-razy-wjechala-w-to-samo-auto-raz-podczas-kolizji-drugi-uciekajac\\\/\"]}]},{\"@type\":\"ImageObject\",\"inLanguage\":\"pl-PL\",\"@id\":\"https:\\\/\\\/www.24gliwice.pl\\\/wiadomosci\\\/kierujaca-bmw-dwa-razy-wjechala-w-to-samo-auto-raz-podczas-kolizji-drugi-uciekajac\\\/#primaryimage\",\"url\":\"https:\\\/\\\/www.24gliwice.pl\\\/wiadomosci\\\/wp-content\\\/uploads\\\/2023\\\/09\\\/bmw.jpg\",\"contentUrl\":\"https:\\\/\\\/www.24gliwice.pl\\\/wiadomosci\\\/wp-content\\\/uploads\\\/2023\\\/09\\\/bmw.jpg\",\"width\":810,\"height\":456,\"caption\":\"zdj\u0119cie pogl\u0105dowe\"},{\"@type\":\"BreadcrumbList\",\"@id\":\"https:\\\/\\\/www.24gliwice.pl\\\/wiadomosci\\\/kierujaca-bmw-dwa-razy-wjechala-w-to-samo-auto-raz-podczas-kolizji-drugi-uciekajac\\\/#breadcrumb\",\"itemListElement\":[{\"@type\":\"ListItem\",\"position\":1,\"name\":\"Strona g\u0142\u00f3wna\",\"item\":\"https:\\\/\\\/www.24gliwice.pl\\\/wiadomosci\\\/\"},{\"@type\":\"ListItem\",\"position\":2,\"name\":\"Kieruj\u0105ca BMW dwa razy wjecha\u0142a w to samo auto. Raz podczas kolizji, drugi &#8211; uciekaj\u0105c\"}]},{\"@type\":\"WebSite\",\"@id\":\"https:\\\/\\\/www.24gliwice.pl\\\/wiadomosci\\\/#website\",\"url\":\"https:\\\/\\\/www.24gliwice.pl\\\/wiadomosci\\\/\",\"name\":\"24GLIWICE - Portal Gliwice | codziennie nowe wiadomo\u015bci\",\"description\":\"Portal Miejski Gliwice\",\"publisher\":{\"@id\":\"https:\\\/\\\/www.24gliwice.pl\\\/wiadomosci\\\/#organization\"},\"potentialAction\":[{\"@type\":\"SearchAction\",\"target\":{\"@type\":\"EntryPoint\",\"urlTemplate\":\"https:\\\/\\\/www.24gliwice.pl\\\/wiadomosci\\\/?s={search_term_string}\"},\"query-input\":{\"@type\":\"PropertyValueSpecification\",\"valueRequired\":true,\"valueName\":\"search_term_string\"}}],\"inLanguage\":\"pl-PL\"},{\"@type\":\"Organization\",\"@id\":\"https:\\\/\\\/www.24gliwice.pl\\\/wiadomosci\\\/#organization\",\"name\":\"24gliwice\",\"url\":\"https:\\\/\\\/www.24gliwice.pl\\\/wiadomosci\\\/\",\"logo\":{\"@type\":\"ImageObject\",\"inLanguage\":\"pl-PL\",\"@id\":\"https:\\\/\\\/www.24gliwice.pl\\\/wiadomosci\\\/#\\\/schema\\\/logo\\\/image\\\/\",\"url\":\"https:\\\/\\\/www.24gliwice.pl\\\/wiadomosci\\\/wp-content\\\/uploads\\\/2024\\\/10\\\/24gliwice-logo-696.jpg\",\"contentUrl\":\"https:\\\/\\\/www.24gliwice.pl\\\/wiadomosci\\\/wp-content\\\/uploads\\\/2024\\\/10\\\/24gliwice-logo-696.jpg\",\"width\":696,\"height\":696,\"caption\":\"24gliwice\"},\"image\":{\"@id\":\"https:\\\/\\\/www.24gliwice.pl\\\/wiadomosci\\\/#\\\/schema\\\/logo\\\/image\\\/\"},\"sameAs\":[\"https:\\\/\\\/www.facebook.com\\\/24gliwice\",\"https:\\\/\\\/x.com\\\/24gliwice\",\"https:\\\/\\\/www.youtube.com\\\/@24gliwice\"]},{\"@type\":\"Person\",\"@id\":\"https:\\\/\\\/www.24gliwice.pl\\\/wiadomosci\\\/#\\\/schema\\\/person\\\/e42c650edd7f2fa332be3811fb166b6e\",\"name\":\"\u017baneta Mrozek-Siewierska\",\"image\":{\"@type\":\"ImageObject\",\"inLanguage\":\"pl-PL\",\"@id\":\"https:\\\/\\\/secure.gravatar.com\\\/avatar\\\/1881429e9c64597c77ad7aef2d0a19be69a3253e57534d16aa15bf3a4d34a0a3?s=96&d=mm&r=g\",\"url\":\"https:\\\/\\\/secure.gravatar.com\\\/avatar\\\/1881429e9c64597c77ad7aef2d0a19be69a3253e57534d16aa15bf3a4d34a0a3?s=96&d=mm&r=g\",\"contentUrl\":\"https:\\\/\\\/secure.gravatar.com\\\/avatar\\\/1881429e9c64597c77ad7aef2d0a19be69a3253e57534d16aa15bf3a4d34a0a3?s=96&d=mm&r=g\",\"caption\":\"\u017baneta Mrozek-Siewierska\"},\"url\":\"https:\\\/\\\/www.24gliwice.pl\\\/wiadomosci\\\/author\\\/zms\\\/\"}]}<\/script>\n<!-- \/ Yoast SEO plugin. -->","yoast_head_json":{"title":"Kieruj\u0105ca BMW dwa razy wjecha\u0142a w to samo auto. Raz podczas kolizji, drugi - uciekaj\u0105c - 24GLIWICE - Portal Gliwice | codziennie nowe informacje","description":"Kieruj\u0105ca BMW dwa razy wjecha\u0142a w to samo auto. Raz powoduj\u0105c z nim kolizj\u0119, a po raz 2. podejmuj\u0105c udan\u0105 pr\u00f3b\u0119 ucieczki z miejsca zdarzenia","robots":{"index":"index","follow":"follow","max-snippet":"max-snippet:-1","max-image-preview":"max-image-preview:large","max-video-preview":"max-video-preview:-1"},"canonical":"https:\/\/www.24gliwice.pl\/wiadomosci\/kierujaca-bmw-dwa-razy-wjechala-w-to-samo-auto-raz-podczas-kolizji-drugi-uciekajac\/","og_locale":"pl_PL","og_type":"article","og_title":"Kieruj\u0105ca BMW dwa razy wjecha\u0142a w to samo auto. Raz podczas kolizji, drugi - uciekaj\u0105c - 24GLIWICE - Portal Gliwice | codziennie nowe informacje","og_description":"Kieruj\u0105ca BMW dwa razy wjecha\u0142a w to samo auto. Raz powoduj\u0105c z nim kolizj\u0119, a po raz 2. podejmuj\u0105c udan\u0105 pr\u00f3b\u0119 ucieczki z miejsca zdarzenia","og_url":"https:\/\/www.24gliwice.pl\/wiadomosci\/kierujaca-bmw-dwa-razy-wjechala-w-to-samo-auto-raz-podczas-kolizji-drugi-uciekajac\/","og_site_name":"24GLIWICE - Portal Gliwice | codziennie nowe informacje","article_publisher":"https:\/\/www.facebook.com\/24gliwice","article_published_time":"2023-09-15T11:31:56+00:00","og_image":[{"width":810,"height":456,"url":"https:\/\/www.24gliwice.pl\/wiadomosci\/wp-content\/uploads\/2023\/09\/bmw.jpg","type":"image\/jpeg"}],"author":"\u017baneta Mrozek-Siewierska","twitter_card":"summary_large_image","twitter_creator":"@24gliwice","twitter_site":"@24gliwice","twitter_misc":{"Napisane przez":"\u017baneta Mrozek-Siewierska","Szacowany czas czytania":"2 minuty"},"schema":{"@context":"https:\/\/schema.org","@graph":[{"@type":"Article","@id":"https:\/\/www.24gliwice.pl\/wiadomosci\/kierujaca-bmw-dwa-razy-wjechala-w-to-samo-auto-raz-podczas-kolizji-drugi-uciekajac\/#article","isPartOf":{"@id":"https:\/\/www.24gliwice.pl\/wiadomosci\/kierujaca-bmw-dwa-razy-wjechala-w-to-samo-auto-raz-podczas-kolizji-drugi-uciekajac\/"},"author":{"name":"\u017baneta Mrozek-Siewierska","@id":"https:\/\/www.24gliwice.pl\/wiadomosci\/#\/schema\/person\/e42c650edd7f2fa332be3811fb166b6e"},"headline":"Kieruj\u0105ca BMW dwa razy wjecha\u0142a w to samo auto. Raz podczas kolizji, drugi &#8211; uciekaj\u0105c","datePublished":"2023-09-15T11:31:56+00:00","mainEntityOfPage":{"@id":"https:\/\/www.24gliwice.pl\/wiadomosci\/kierujaca-bmw-dwa-razy-wjechala-w-to-samo-auto-raz-podczas-kolizji-drugi-uciekajac\/"},"wordCount":223,"commentCount":0,"publisher":{"@id":"https:\/\/www.24gliwice.pl\/wiadomosci\/#organization"},"image":{"@id":"https:\/\/www.24gliwice.pl\/wiadomosci\/kierujaca-bmw-dwa-razy-wjechala-w-to-samo-auto-raz-podczas-kolizji-drugi-uciekajac\/#primaryimage"},"thumbnailUrl":"https:\/\/www.24gliwice.pl\/wiadomosci\/wp-content\/uploads\/2023\/09\/bmw.jpg","keywords":["KOLIZJA","ucieczka"],"articleSection":["Gliwice","Najnowsze wiadomo\u015bci","Prawo"],"inLanguage":"pl-PL","potentialAction":[{"@type":"CommentAction","name":"Comment","target":["https:\/\/www.24gliwice.pl\/wiadomosci\/kierujaca-bmw-dwa-razy-wjechala-w-to-samo-auto-raz-podczas-kolizji-drugi-uciekajac\/#respond"]}]},{"@type":"WebPage","@id":"https:\/\/www.24gliwice.pl\/wiadomosci\/kierujaca-bmw-dwa-razy-wjechala-w-to-samo-auto-raz-podczas-kolizji-drugi-uciekajac\/","url":"https:\/\/www.24gliwice.pl\/wiadomosci\/kierujaca-bmw-dwa-razy-wjechala-w-to-samo-auto-raz-podczas-kolizji-drugi-uciekajac\/","name":"Kieruj\u0105ca BMW dwa razy wjecha\u0142a w to samo auto. Raz podczas kolizji, drugi - uciekaj\u0105c - 24GLIWICE - Portal Gliwice | codziennie nowe informacje","isPartOf":{"@id":"https:\/\/www.24gliwice.pl\/wiadomosci\/#website"},"primaryImageOfPage":{"@id":"https:\/\/www.24gliwice.pl\/wiadomosci\/kierujaca-bmw-dwa-razy-wjechala-w-to-samo-auto-raz-podczas-kolizji-drugi-uciekajac\/#primaryimage"},"image":{"@id":"https:\/\/www.24gliwice.pl\/wiadomosci\/kierujaca-bmw-dwa-razy-wjechala-w-to-samo-auto-raz-podczas-kolizji-drugi-uciekajac\/#primaryimage"},"thumbnailUrl":"https:\/\/www.24gliwice.pl\/wiadomosci\/wp-content\/uploads\/2023\/09\/bmw.jpg","datePublished":"2023-09-15T11:31:56+00:00","description":"Kieruj\u0105ca BMW dwa razy wjecha\u0142a w to samo auto. Raz powoduj\u0105c z nim kolizj\u0119, a po raz 2. podejmuj\u0105c udan\u0105 pr\u00f3b\u0119 ucieczki z miejsca zdarzenia","breadcrumb":{"@id":"https:\/\/www.24gliwice.pl\/wiadomosci\/kierujaca-bmw-dwa-razy-wjechala-w-to-samo-auto-raz-podczas-kolizji-drugi-uciekajac\/#breadcrumb"},"inLanguage":"pl-PL","potentialAction":[{"@type":"ReadAction","target":["https:\/\/www.24gliwice.pl\/wiadomosci\/kierujaca-bmw-dwa-razy-wjechala-w-to-samo-auto-raz-podczas-kolizji-drugi-uciekajac\/"]}]},{"@type":"ImageObject","inLanguage":"pl-PL","@id":"https:\/\/www.24gliwice.pl\/wiadomosci\/kierujaca-bmw-dwa-razy-wjechala-w-to-samo-auto-raz-podczas-kolizji-drugi-uciekajac\/#primaryimage","url":"https:\/\/www.24gliwice.pl\/wiadomosci\/wp-content\/uploads\/2023\/09\/bmw.jpg","contentUrl":"https:\/\/www.24gliwice.pl\/wiadomosci\/wp-content\/uploads\/2023\/09\/bmw.jpg","width":810,"height":456,"caption":"zdj\u0119cie pogl\u0105dowe"},{"@type":"BreadcrumbList","@id":"https:\/\/www.24gliwice.pl\/wiadomosci\/kierujaca-bmw-dwa-razy-wjechala-w-to-samo-auto-raz-podczas-kolizji-drugi-uciekajac\/#breadcrumb","itemListElement":[{"@type":"ListItem","position":1,"name":"Strona g\u0142\u00f3wna","item":"https:\/\/www.24gliwice.pl\/wiadomosci\/"},{"@type":"ListItem","position":2,"name":"Kieruj\u0105ca BMW dwa razy wjecha\u0142a w to samo auto. Raz podczas kolizji, drugi &#8211; uciekaj\u0105c"}]},{"@type":"WebSite","@id":"https:\/\/www.24gliwice.pl\/wiadomosci\/#website","url":"https:\/\/www.24gliwice.pl\/wiadomosci\/","name":"24GLIWICE - Portal Gliwice | codziennie nowe wiadomo\u015bci","description":"Portal Miejski Gliwice","publisher":{"@id":"https:\/\/www.24gliwice.pl\/wiadomosci\/#organization"},"potentialAction":[{"@type":"SearchAction","target":{"@type":"EntryPoint","urlTemplate":"https:\/\/www.24gliwice.pl\/wiadomosci\/?s={search_term_string}"},"query-input":{"@type":"PropertyValueSpecification","valueRequired":true,"valueName":"search_term_string"}}],"inLanguage":"pl-PL"},{"@type":"Organization","@id":"https:\/\/www.24gliwice.pl\/wiadomosci\/#organization","name":"24gliwice","url":"https:\/\/www.24gliwice.pl\/wiadomosci\/","logo":{"@type":"ImageObject","inLanguage":"pl-PL","@id":"https:\/\/www.24gliwice.pl\/wiadomosci\/#\/schema\/logo\/image\/","url":"https:\/\/www.24gliwice.pl\/wiadomosci\/wp-content\/uploads\/2024\/10\/24gliwice-logo-696.jpg","contentUrl":"https:\/\/www.24gliwice.pl\/wiadomosci\/wp-content\/uploads\/2024\/10\/24gliwice-logo-696.jpg","width":696,"height":696,"caption":"24gliwice"},"image":{"@id":"https:\/\/www.24gliwice.pl\/wiadomosci\/#\/schema\/logo\/image\/"},"sameAs":["https:\/\/www.facebook.com\/24gliwice","https:\/\/x.com\/24gliwice","https:\/\/www.youtube.com\/@24gliwice"]},{"@type":"Person","@id":"https:\/\/www.24gliwice.pl\/wiadomosci\/#\/schema\/person\/e42c650edd7f2fa332be3811fb166b6e","name":"\u017baneta Mrozek-Siewierska","image":{"@type":"ImageObject","inLanguage":"pl-PL","@id":"https:\/\/secure.gravatar.com\/avatar\/1881429e9c64597c77ad7aef2d0a19be69a3253e57534d16aa15bf3a4d34a0a3?s=96&d=mm&r=g","url":"https:\/\/secure.gravatar.com\/avatar\/1881429e9c64597c77ad7aef2d0a19be69a3253e57534d16aa15bf3a4d34a0a3?s=96&d=mm&r=g","contentUrl":"https:\/\/secure.gravatar.com\/avatar\/1881429e9c64597c77ad7aef2d0a19be69a3253e57534d16aa15bf3a4d34a0a3?s=96&d=mm&r=g","caption":"\u017baneta Mrozek-Siewierska"},"url":"https:\/\/www.24gliwice.pl\/wiadomosci\/author\/zms\/"}]}},"_links":{"self":[{"href":"https:\/\/www.24gliwice.pl\/wiadomosci\/wp-json\/wp\/v2\/posts\/221604","targetHints":{"allow":["GET"]}}],"collection":[{"href":"https:\/\/www.24gliwice.pl\/wiadomosci\/wp-json\/wp\/v2\/posts"}],"about":[{"href":"https:\/\/www.24gliwice.pl\/wiadomosci\/wp-json\/wp\/v2\/types\/post"}],"author":[{"embeddable":true,"href":"https:\/\/www.24gliwice.pl\/wiadomosci\/wp-json\/wp\/v2\/users\/15"}],"replies":[{"embeddable":true,"href":"https:\/\/www.24gliwice.pl\/wiadomosci\/wp-json\/wp\/v2\/comments?post=221604"}],"version-history":[{"count":0,"href":"https:\/\/www.24gliwice.pl\/wiadomosci\/wp-json\/wp\/v2\/posts\/221604\/revisions"}],"wp:featuredmedia":[{"embeddable":true,"href":"https:\/\/www.24gliwice.pl\/wiadomosci\/wp-json\/wp\/v2\/media\/221607"}],"wp:attachment":[{"href":"https:\/\/www.24gliwice.pl\/wiadomosci\/wp-json\/wp\/v2\/media?parent=221604"}],"wp:term":[{"taxonomy":"category","embeddable":true,"href":"https:\/\/www.24gliwice.pl\/wiadomosci\/wp-json\/wp\/v2\/categories?post=221604"},{"taxonomy":"post_tag","embeddable":true,"href":"https:\/\/www.24gliwice.pl\/wiadomosci\/wp-json\/wp\/v2\/tags?post=221604"}],"curies":[{"name":"wp","href":"https:\/\/api.w.org\/{rel}","templated":true}]}}