{"id":221656,"date":"2023-09-17T19:05:50","date_gmt":"2023-09-17T17:05:50","guid":{"rendered":"https:\/\/www.24gliwice.pl\/wiadomosci\/?p=221656"},"modified":"2023-09-18T03:02:07","modified_gmt":"2023-09-18T01:02:07","slug":"co-slychac-na-budowie-ostatniego-odcinka-obwodnicy-zachodniej-sa-wyrazne-postepy-galeria","status":"publish","type":"post","link":"https:\/\/www.24gliwice.pl\/wiadomosci\/co-slychac-na-budowie-ostatniego-odcinka-obwodnicy-zachodniej-sa-wyrazne-postepy-galeria\/","title":{"rendered":"Co s\u0142ycha\u0107 na budowie ostatniego odcinka obwodnicy zachodniej? S\u0105 wyra\u017ane post\u0119py (galeria)"},"content":{"rendered":"<div class=\"gliwi-a6-nad-leadem-artykulow gliwi-entity-placement\" id=\"gliwi-2038454621\"><div class=\"gliwi-adlabel\"><span style=\"font-size: 9px\">REKLAMA<\/span><\/div><div id=\"gliwi-144371037\" style=\"margin-bottom: 25px;margin-left: auto;margin-right: auto;text-align: center;\"><a data-no-instant=\"1\" href=\"https:\/\/dom100.eu\/\" rel=\"noopener\" class=\"a2t-link\" target=\"_blank\" aria-label=\"20260415 DOM100 D\"><img loading=\"lazy\" decoding=\"async\" src=\"https:\/\/www.24gliwice.pl\/wiadomosci\/wp-content\/uploads\/2026\/04\/20260415-DOM100-D.jpg\" alt=\"\"  srcset=\"https:\/\/www.24gliwice.pl\/wiadomosci\/wp-content\/uploads\/2026\/04\/20260415-DOM100-D.jpg 750w, https:\/\/www.24gliwice.pl\/wiadomosci\/wp-content\/uploads\/2026\/04\/20260415-DOM100-D-410x109.jpg 410w\" sizes=\"(max-width: 750px) 100vw, 750px\" class=\"no-lazyload\" width=\"750\" height=\"200\"  style=\"display: inline-block; max-width: 100%; height: auto;\" \/><\/a><\/div><\/div><h2>Budowa ostatniego odcinka obwodnicy zachodniej jest coraz bardziej zaawansowana. Ta jedna z najwi\u0119kszych, prowadzonych aktualnie inwestycji drogowych w Gliwicach ma by\u0107 wed\u0142ug za\u0142o\u017ce\u0144 gotowa ju\u017c za kilka miesi\u0119cy, na pocz\u0105tku przysz\u0142ego roku.<\/h2>\n<p>&nbsp;<br \/>\nPrace na odcinku pomi\u0119dzy ul. Sowi\u0144skiego i Daszy\u0144skiego rozpocz\u0119\u0142y si\u0119 w grudniu 2021 roku. Post\u0119p rob\u00f3t najbardziej widoczny jest od strony ul. Sowi\u0144skiego, gdzie na fragmencie drogi po\u0142o\u017cono ju\u017c nawierzchni\u0119 asfaltow\u0105. Wcze\u015bniej wykonano prace zwi\u0105zane z infrastruktur\u0105, w tym m.in. kanalizacj\u0119 deszczow\u0105.<\/p>\n<p><img loading=\"lazy\" decoding=\"async\" src=\"https:\/\/www.24gliwice.pl\/wiadomosci\/wp-content\/uploads\/2023\/09\/obwodnica-zachodnia-sowinskiego-daszynskiego-5.jpg\" alt=\"\" width=\"810\" height=\"456\" class=\"aligncenter size-full wp-image-221661\" srcset=\"https:\/\/www.24gliwice.pl\/wiadomosci\/wp-content\/uploads\/2023\/09\/obwodnica-zachodnia-sowinskiego-daszynskiego-5.jpg 810w, https:\/\/www.24gliwice.pl\/wiadomosci\/wp-content\/uploads\/2023\/09\/obwodnica-zachodnia-sowinskiego-daszynskiego-5-410x232.jpg 410w, https:\/\/www.24gliwice.pl\/wiadomosci\/wp-content\/uploads\/2023\/09\/obwodnica-zachodnia-sowinskiego-daszynskiego-5-808x455.jpg 808w, https:\/\/www.24gliwice.pl\/wiadomosci\/wp-content\/uploads\/2023\/09\/obwodnica-zachodnia-sowinskiego-daszynskiego-5-768x432.jpg 768w\" sizes=\"auto, (max-width: 810px) 100vw, 810px\" \/><\/p>\n<p>Budowane s\u0105 te\u017c zatoki autobusowe, przy kt\u00f3rych pojawi\u0105 si\u0119 przystanki komunikacji miejskiej. Wzd\u0142u\u017c ca\u0142ego odcinka powstanie te\u017c ci\u0105g pieszo-rowerowy.<\/p><div class=\"gliwi-a3-w-tresci-artykulow gliwi-entity-placement\" id=\"gliwi-1473668974\"><div class=\"gliwi-adlabel\"><span style=\"font-size: 9px\">REKLAMA<\/span><\/div><div id=\"gliwi-1126811502\" style=\"margin-bottom: 30px;margin-left: auto;margin-right: auto;text-align: center;\"><a data-no-instant=\"1\" href=\"https:\/\/zlobek.halogen.org.pl\/\" rel=\"noopener\" class=\"a2t-link\" target=\"_blank\" aria-label=\"animator-zlobek_750x200\"><img loading=\"lazy\" decoding=\"async\" src=\"https:\/\/www.24gliwice.pl\/wiadomosci\/wp-content\/uploads\/2026\/02\/animator-zlobek_750x200.webp\" alt=\"\"  srcset=\"https:\/\/www.24gliwice.pl\/wiadomosci\/wp-content\/uploads\/2026\/02\/animator-zlobek_750x200.webp 750w, https:\/\/www.24gliwice.pl\/wiadomosci\/wp-content\/uploads\/2026\/02\/animator-zlobek_750x200-410x109.webp 410w\" sizes=\"(max-width: 750px) 100vw, 750px\" class=\"no-lazyload\" width=\"750\" height=\"200\"  style=\"display: inline-block; max-width: 100%; height: auto;\" \/><\/a><\/div><\/div>\n<p><img loading=\"lazy\" decoding=\"async\" src=\"https:\/\/www.24gliwice.pl\/wiadomosci\/wp-content\/uploads\/2023\/09\/obwodnica-zachodnia-sowinskiego-daszynskiego-3.jpg\" alt=\"\" width=\"810\" height=\"455\" class=\"aligncenter size-full wp-image-221659\" srcset=\"https:\/\/www.24gliwice.pl\/wiadomosci\/wp-content\/uploads\/2023\/09\/obwodnica-zachodnia-sowinskiego-daszynskiego-3.jpg 810w, https:\/\/www.24gliwice.pl\/wiadomosci\/wp-content\/uploads\/2023\/09\/obwodnica-zachodnia-sowinskiego-daszynskiego-3-410x230.jpg 410w, https:\/\/www.24gliwice.pl\/wiadomosci\/wp-content\/uploads\/2023\/09\/obwodnica-zachodnia-sowinskiego-daszynskiego-3-768x431.jpg 768w\" sizes=\"auto, (max-width: 810px) 100vw, 810px\" \/><\/p>\n<p>Budowany odcinek trasy o d\u0142ugo\u015bci blisko 2 km b\u0119dzie drog\u0105 jednojezdniow\u0105, z jednym pasem ruchu w ka\u017cd\u0105 stron\u0119, z mo\u017cliwo\u015bci\u0105 dobudowy w przysz\u0142o\u015bci drugiej jezdni. Na obu ko\u0144cach nowego odcinka b\u0119d\u0105 skrzy\u017cowania z sygnalizacj\u0105 \u015bwietln\u0105. Przewidziane jest jeszcze jedno skrzy\u017cowanie z projektowan\u0105 obecnie obwodnic\u0105 Ostropy.<\/p>\n<p><img loading=\"lazy\" decoding=\"async\" src=\"https:\/\/www.24gliwice.pl\/wiadomosci\/wp-content\/uploads\/2023\/09\/obwodnica-zachodnia-sowinskiego-daszynskiego-7.jpg\" alt=\"\" width=\"810\" height=\"456\" class=\"aligncenter size-full wp-image-221663\" srcset=\"https:\/\/www.24gliwice.pl\/wiadomosci\/wp-content\/uploads\/2023\/09\/obwodnica-zachodnia-sowinskiego-daszynskiego-7.jpg 810w, https:\/\/www.24gliwice.pl\/wiadomosci\/wp-content\/uploads\/2023\/09\/obwodnica-zachodnia-sowinskiego-daszynskiego-7-410x232.jpg 410w, https:\/\/www.24gliwice.pl\/wiadomosci\/wp-content\/uploads\/2023\/09\/obwodnica-zachodnia-sowinskiego-daszynskiego-7-808x455.jpg 808w, https:\/\/www.24gliwice.pl\/wiadomosci\/wp-content\/uploads\/2023\/09\/obwodnica-zachodnia-sowinskiego-daszynskiego-7-768x432.jpg 768w\" sizes=\"auto, (max-width: 810px) 100vw, 810px\" \/><\/p>\n<p>Budow\u0105 zajmuje si\u0119 konsorcjum firm: Przedsi\u0119biorstwo Remont\u00f3w Ulic i Most\u00f3w S.A. oraz Eurovia POLSKA S.A. Koszt inwestycji (wraz z dokumentacj\u0105 projektow\u0105 i przebudow\u0105 dr\u00f3g dojazdowych) to obecnie oko\u0142o 45 mln z\u0142.<\/p>\n<p><img loading=\"lazy\" decoding=\"async\" src=\"https:\/\/www.24gliwice.pl\/wiadomosci\/wp-content\/uploads\/2023\/09\/obwodnica-zachodnia-sowinskiego-daszynskiego-1.jpg\" alt=\"\" width=\"810\" height=\"456\" class=\"aligncenter size-full wp-image-221657\" srcset=\"https:\/\/www.24gliwice.pl\/wiadomosci\/wp-content\/uploads\/2023\/09\/obwodnica-zachodnia-sowinskiego-daszynskiego-1.jpg 810w, https:\/\/www.24gliwice.pl\/wiadomosci\/wp-content\/uploads\/2023\/09\/obwodnica-zachodnia-sowinskiego-daszynskiego-1-410x232.jpg 410w, https:\/\/www.24gliwice.pl\/wiadomosci\/wp-content\/uploads\/2023\/09\/obwodnica-zachodnia-sowinskiego-daszynskiego-1-808x455.jpg 808w, https:\/\/www.24gliwice.pl\/wiadomosci\/wp-content\/uploads\/2023\/09\/obwodnica-zachodnia-sowinskiego-daszynskiego-1-768x432.jpg 768w\" sizes=\"auto, (max-width: 810px) 100vw, 810px\" \/><\/p>\n<p>Powstaj\u0105cy odcinek to ostatnia cz\u0119\u015b\u0107 obwodnicy zachodniej. B\u0119dzie stanowi\u0107 ca\u0142o\u015b\u0107 z istniej\u0105cym ju\u017c odcinkiem \u0142\u0105cz\u0105cym ul. Rybnick\u0105 z ul. Daszy\u0144skiego. Mo\u017cliwy b\u0119dzie wygodny i szybki przejazd od ul. Rybnickiej do alei Jana Nowaka-Jeziora\u0144skiego. Nowa trasa zdecydowanie odci\u0105\u017cy od ruchu samochodowego miejskie ulice, u\u0142atwiaj\u0105c przejazd przez Gliwice. Docelowo stanie si\u0119 Drog\u0105 Krajow\u0105 nr 78.<\/p>\n<p><a href=\"https:\/\/www.24gliwice.pl\/wiadomosci\/wp-content\/uploads\/2023\/03\/obwodnica_zachodnia_2023v3-CMYK.jpg\"><img loading=\"lazy\" decoding=\"async\" src=\"https:\/\/www.24gliwice.pl\/wiadomosci\/wp-content\/uploads\/2023\/03\/obwodnica_zachodnia_2023v3-CMYK.jpg\" width=\"812\" height=\"1400\" class=\"alignnone size-full\" \/><\/a><\/p>\n<div class=\"gliwi-a5-na-koncu-artykulow gliwi-entity-placement\" id=\"gliwi-917894058\"><div class=\"gliwi-adlabel\"><span style=\"font-size: 9px\">REKLAMA<\/span><\/div><div id=\"gliwi-3341922678\" style=\"margin-left: auto;margin-right: auto;text-align: center;\"><a data-no-instant=\"1\" href=\"https:\/\/prezeroarenagliwice.pl\/\" rel=\"noopener\" class=\"a2t-link\" target=\"_blank\" aria-label=\"20260309-PREZERO-WIOSNA-D\"><img loading=\"lazy\" decoding=\"async\" src=\"https:\/\/www.24gliwice.pl\/wiadomosci\/wp-content\/uploads\/2026\/03\/20260309-PREZERO-WIOSNA-D.webp\" alt=\"\"  srcset=\"https:\/\/www.24gliwice.pl\/wiadomosci\/wp-content\/uploads\/2026\/03\/20260309-PREZERO-WIOSNA-D.webp 750w, https:\/\/www.24gliwice.pl\/wiadomosci\/wp-content\/uploads\/2026\/03\/20260309-PREZERO-WIOSNA-D-410x109.webp 410w\" sizes=\"(max-width: 750px) 100vw, 750px\" class=\"no-lazyload\" width=\"750\" height=\"200\"  style=\"display: inline-block; max-width: 100%; height: auto;\" \/><\/a><\/div><\/div>","protected":false},"excerpt":{"rendered":"<p>Budowa ostatniego odcinka obwodnicy zachodniej jest coraz bardziej zaawansowana. Ta jedna z najwi\u0119kszych, prowadzonych aktualnie inwestycji drogowych w Gliwicach ma by\u0107 wed\u0142ug za\u0142o\u017ce\u0144 gotowa ju\u017c za kilka miesi\u0119cy, na pocz\u0105tku przysz\u0142ego roku. &nbsp; Prace na odcinku pomi\u0119dzy ul. Sowi\u0144skiego i Daszy\u0144skiego rozpocz\u0119\u0142y si\u0119 w grudniu 2021 roku. Post\u0119p rob\u00f3t najbardziej widoczny jest od strony ul. [&hellip;]<\/p>\n","protected":false},"author":4,"featured_media":221664,"comment_status":"open","ping_status":"closed","sticky":false,"template":"","format":"standard","meta":{"_monsterinsights_skip_tracking":false,"_monsterinsights_sitenote_active":false,"_monsterinsights_sitenote_note":"","_monsterinsights_sitenote_category":0,"footnotes":"","_links_to":"","_links_to_target":""},"categories":[3,1,9],"tags":[8330,1586],"class_list":["post-221656","post","type-post","status-publish","format-standard","has-post-thumbnail","hentry","category-gliwice","category-wszystko","category-aktualnosci_lokalne","tag-obwodnica","tag-zachodnia-obwodnica-gliwic"],"yoast_head":"<!-- This site is optimized with the Yoast SEO plugin v27.5 - https:\/\/yoast.com\/product\/yoast-seo-wordpress\/ -->\n<title>Co s\u0142ycha\u0107 na budowie ostatniego odcinka obwodnicy zachodniej? S\u0105 wyra\u017ane post\u0119py (galeria) - 24GLIWICE - Portal Gliwice | codziennie nowe informacje<\/title>\n<meta name=\"robots\" content=\"index, follow, max-snippet:-1, max-image-preview:large, max-video-preview:-1\" \/>\n<link rel=\"canonical\" href=\"https:\/\/www.24gliwice.pl\/wiadomosci\/co-slychac-na-budowie-ostatniego-odcinka-obwodnicy-zachodniej-sa-wyrazne-postepy-galeria\/\" \/>\n<meta property=\"og:locale\" content=\"pl_PL\" \/>\n<meta property=\"og:type\" content=\"article\" \/>\n<meta property=\"og:title\" content=\"Co s\u0142ycha\u0107 na budowie ostatniego odcinka obwodnicy zachodniej? S\u0105 wyra\u017ane post\u0119py (galeria) - 24GLIWICE - Portal Gliwice | codziennie nowe informacje\" \/>\n<meta property=\"og:description\" content=\"Budowa ostatniego odcinka obwodnicy zachodniej jest coraz bardziej zaawansowana. Ta jedna z najwi\u0119kszych, prowadzonych aktualnie inwestycji drogowych w Gliwicach ma by\u0107 wed\u0142ug za\u0142o\u017ce\u0144 gotowa ju\u017c za kilka miesi\u0119cy, na pocz\u0105tku przysz\u0142ego roku. &nbsp; Prace na odcinku pomi\u0119dzy ul. Sowi\u0144skiego i Daszy\u0144skiego rozpocz\u0119\u0142y si\u0119 w grudniu 2021 roku. Post\u0119p rob\u00f3t najbardziej widoczny jest od strony ul. [&hellip;]\" \/>\n<meta property=\"og:url\" content=\"https:\/\/www.24gliwice.pl\/wiadomosci\/co-slychac-na-budowie-ostatniego-odcinka-obwodnicy-zachodniej-sa-wyrazne-postepy-galeria\/\" \/>\n<meta property=\"og:site_name\" content=\"24GLIWICE - Portal Gliwice | codziennie nowe informacje\" \/>\n<meta property=\"article:publisher\" content=\"https:\/\/www.facebook.com\/24gliwice\" \/>\n<meta property=\"article:author\" content=\"https:\/\/www.facebook.com\/marcin.fabrykowski\" \/>\n<meta property=\"article:published_time\" content=\"2023-09-17T17:05:50+00:00\" \/>\n<meta property=\"article:modified_time\" content=\"2023-09-18T01:02:07+00:00\" \/>\n<meta property=\"og:image\" content=\"https:\/\/www.24gliwice.pl\/wiadomosci\/wp-content\/uploads\/2023\/09\/obwodnica-zachodnia-sowinskiego-daszynskiego-8.jpg\" \/>\n\t<meta property=\"og:image:width\" content=\"810\" \/>\n\t<meta property=\"og:image:height\" content=\"456\" \/>\n\t<meta property=\"og:image:type\" content=\"image\/jpeg\" \/>\n<meta name=\"author\" content=\"Marcin Fabrykowski\" \/>\n<meta name=\"twitter:card\" content=\"summary_large_image\" \/>\n<meta name=\"twitter:creator\" content=\"@24gliwice\" \/>\n<meta name=\"twitter:site\" content=\"@24gliwice\" \/>\n<meta name=\"twitter:label1\" content=\"Napisane przez\" \/>\n\t<meta name=\"twitter:data1\" content=\"Marcin Fabrykowski\" \/>\n\t<meta name=\"twitter:label2\" content=\"Szacowany czas czytania\" \/>\n\t<meta name=\"twitter:data2\" content=\"3 minuty\" \/>\n<script type=\"application\/ld+json\" class=\"yoast-schema-graph\">{\"@context\":\"https:\\\/\\\/schema.org\",\"@graph\":[{\"@type\":\"Article\",\"@id\":\"https:\\\/\\\/www.24gliwice.pl\\\/wiadomosci\\\/co-slychac-na-budowie-ostatniego-odcinka-obwodnicy-zachodniej-sa-wyrazne-postepy-galeria\\\/#article\",\"isPartOf\":{\"@id\":\"https:\\\/\\\/www.24gliwice.pl\\\/wiadomosci\\\/co-slychac-na-budowie-ostatniego-odcinka-obwodnicy-zachodniej-sa-wyrazne-postepy-galeria\\\/\"},\"author\":{\"name\":\"Marcin Fabrykowski\",\"@id\":\"https:\\\/\\\/www.24gliwice.pl\\\/wiadomosci\\\/#\\\/schema\\\/person\\\/cb5857e4a4d048c15984c1edcc8ef0c0\"},\"headline\":\"Co s\u0142ycha\u0107 na budowie ostatniego odcinka obwodnicy zachodniej? S\u0105 wyra\u017ane post\u0119py (galeria)\",\"datePublished\":\"2023-09-17T17:05:50+00:00\",\"dateModified\":\"2023-09-18T01:02:07+00:00\",\"mainEntityOfPage\":{\"@id\":\"https:\\\/\\\/www.24gliwice.pl\\\/wiadomosci\\\/co-slychac-na-budowie-ostatniego-odcinka-obwodnicy-zachodniej-sa-wyrazne-postepy-galeria\\\/\"},\"wordCount\":288,\"commentCount\":0,\"publisher\":{\"@id\":\"https:\\\/\\\/www.24gliwice.pl\\\/wiadomosci\\\/#organization\"},\"image\":{\"@id\":\"https:\\\/\\\/www.24gliwice.pl\\\/wiadomosci\\\/co-slychac-na-budowie-ostatniego-odcinka-obwodnicy-zachodniej-sa-wyrazne-postepy-galeria\\\/#primaryimage\"},\"thumbnailUrl\":\"https:\\\/\\\/www.24gliwice.pl\\\/wiadomosci\\\/wp-content\\\/uploads\\\/2023\\\/09\\\/obwodnica-zachodnia-sowinskiego-daszynskiego-8.jpg\",\"keywords\":[\"OBWODNICA\",\"zachodnia obwodnica gliwic\"],\"articleSection\":[\"Gliwice\",\"Najnowsze wiadomo\u015bci\",\"Portal Gliwice - Wiadomo\u015bci lokalne\"],\"inLanguage\":\"pl-PL\",\"potentialAction\":[{\"@type\":\"CommentAction\",\"name\":\"Comment\",\"target\":[\"https:\\\/\\\/www.24gliwice.pl\\\/wiadomosci\\\/co-slychac-na-budowie-ostatniego-odcinka-obwodnicy-zachodniej-sa-wyrazne-postepy-galeria\\\/#respond\"]}]},{\"@type\":\"WebPage\",\"@id\":\"https:\\\/\\\/www.24gliwice.pl\\\/wiadomosci\\\/co-slychac-na-budowie-ostatniego-odcinka-obwodnicy-zachodniej-sa-wyrazne-postepy-galeria\\\/\",\"url\":\"https:\\\/\\\/www.24gliwice.pl\\\/wiadomosci\\\/co-slychac-na-budowie-ostatniego-odcinka-obwodnicy-zachodniej-sa-wyrazne-postepy-galeria\\\/\",\"name\":\"Co s\u0142ycha\u0107 na budowie ostatniego odcinka obwodnicy zachodniej? S\u0105 wyra\u017ane post\u0119py (galeria) - 24GLIWICE - Portal Gliwice | codziennie nowe informacje\",\"isPartOf\":{\"@id\":\"https:\\\/\\\/www.24gliwice.pl\\\/wiadomosci\\\/#website\"},\"primaryImageOfPage\":{\"@id\":\"https:\\\/\\\/www.24gliwice.pl\\\/wiadomosci\\\/co-slychac-na-budowie-ostatniego-odcinka-obwodnicy-zachodniej-sa-wyrazne-postepy-galeria\\\/#primaryimage\"},\"image\":{\"@id\":\"https:\\\/\\\/www.24gliwice.pl\\\/wiadomosci\\\/co-slychac-na-budowie-ostatniego-odcinka-obwodnicy-zachodniej-sa-wyrazne-postepy-galeria\\\/#primaryimage\"},\"thumbnailUrl\":\"https:\\\/\\\/www.24gliwice.pl\\\/wiadomosci\\\/wp-content\\\/uploads\\\/2023\\\/09\\\/obwodnica-zachodnia-sowinskiego-daszynskiego-8.jpg\",\"datePublished\":\"2023-09-17T17:05:50+00:00\",\"dateModified\":\"2023-09-18T01:02:07+00:00\",\"breadcrumb\":{\"@id\":\"https:\\\/\\\/www.24gliwice.pl\\\/wiadomosci\\\/co-slychac-na-budowie-ostatniego-odcinka-obwodnicy-zachodniej-sa-wyrazne-postepy-galeria\\\/#breadcrumb\"},\"inLanguage\":\"pl-PL\",\"potentialAction\":[{\"@type\":\"ReadAction\",\"target\":[\"https:\\\/\\\/www.24gliwice.pl\\\/wiadomosci\\\/co-slychac-na-budowie-ostatniego-odcinka-obwodnicy-zachodniej-sa-wyrazne-postepy-galeria\\\/\"]}]},{\"@type\":\"ImageObject\",\"inLanguage\":\"pl-PL\",\"@id\":\"https:\\\/\\\/www.24gliwice.pl\\\/wiadomosci\\\/co-slychac-na-budowie-ostatniego-odcinka-obwodnicy-zachodniej-sa-wyrazne-postepy-galeria\\\/#primaryimage\",\"url\":\"https:\\\/\\\/www.24gliwice.pl\\\/wiadomosci\\\/wp-content\\\/uploads\\\/2023\\\/09\\\/obwodnica-zachodnia-sowinskiego-daszynskiego-8.jpg\",\"contentUrl\":\"https:\\\/\\\/www.24gliwice.pl\\\/wiadomosci\\\/wp-content\\\/uploads\\\/2023\\\/09\\\/obwodnica-zachodnia-sowinskiego-daszynskiego-8.jpg\",\"width\":810,\"height\":456},{\"@type\":\"BreadcrumbList\",\"@id\":\"https:\\\/\\\/www.24gliwice.pl\\\/wiadomosci\\\/co-slychac-na-budowie-ostatniego-odcinka-obwodnicy-zachodniej-sa-wyrazne-postepy-galeria\\\/#breadcrumb\",\"itemListElement\":[{\"@type\":\"ListItem\",\"position\":1,\"name\":\"Strona g\u0142\u00f3wna\",\"item\":\"https:\\\/\\\/www.24gliwice.pl\\\/wiadomosci\\\/\"},{\"@type\":\"ListItem\",\"position\":2,\"name\":\"Co s\u0142ycha\u0107 na budowie ostatniego odcinka obwodnicy zachodniej? S\u0105 wyra\u017ane post\u0119py (galeria)\"}]},{\"@type\":\"WebSite\",\"@id\":\"https:\\\/\\\/www.24gliwice.pl\\\/wiadomosci\\\/#website\",\"url\":\"https:\\\/\\\/www.24gliwice.pl\\\/wiadomosci\\\/\",\"name\":\"24GLIWICE - Portal Gliwice | codziennie nowe wiadomo\u015bci\",\"description\":\"Portal Miejski Gliwice\",\"publisher\":{\"@id\":\"https:\\\/\\\/www.24gliwice.pl\\\/wiadomosci\\\/#organization\"},\"potentialAction\":[{\"@type\":\"SearchAction\",\"target\":{\"@type\":\"EntryPoint\",\"urlTemplate\":\"https:\\\/\\\/www.24gliwice.pl\\\/wiadomosci\\\/?s={search_term_string}\"},\"query-input\":{\"@type\":\"PropertyValueSpecification\",\"valueRequired\":true,\"valueName\":\"search_term_string\"}}],\"inLanguage\":\"pl-PL\"},{\"@type\":\"Organization\",\"@id\":\"https:\\\/\\\/www.24gliwice.pl\\\/wiadomosci\\\/#organization\",\"name\":\"24gliwice\",\"url\":\"https:\\\/\\\/www.24gliwice.pl\\\/wiadomosci\\\/\",\"logo\":{\"@type\":\"ImageObject\",\"inLanguage\":\"pl-PL\",\"@id\":\"https:\\\/\\\/www.24gliwice.pl\\\/wiadomosci\\\/#\\\/schema\\\/logo\\\/image\\\/\",\"url\":\"https:\\\/\\\/www.24gliwice.pl\\\/wiadomosci\\\/wp-content\\\/uploads\\\/2024\\\/10\\\/24gliwice-logo-696.jpg\",\"contentUrl\":\"https:\\\/\\\/www.24gliwice.pl\\\/wiadomosci\\\/wp-content\\\/uploads\\\/2024\\\/10\\\/24gliwice-logo-696.jpg\",\"width\":696,\"height\":696,\"caption\":\"24gliwice\"},\"image\":{\"@id\":\"https:\\\/\\\/www.24gliwice.pl\\\/wiadomosci\\\/#\\\/schema\\\/logo\\\/image\\\/\"},\"sameAs\":[\"https:\\\/\\\/www.facebook.com\\\/24gliwice\",\"https:\\\/\\\/x.com\\\/24gliwice\",\"https:\\\/\\\/www.youtube.com\\\/@24gliwice\"]},{\"@type\":\"Person\",\"@id\":\"https:\\\/\\\/www.24gliwice.pl\\\/wiadomosci\\\/#\\\/schema\\\/person\\\/cb5857e4a4d048c15984c1edcc8ef0c0\",\"name\":\"Marcin Fabrykowski\",\"image\":{\"@type\":\"ImageObject\",\"inLanguage\":\"pl-PL\",\"@id\":\"https:\\\/\\\/www.24gliwice.pl\\\/wiadomosci\\\/wp-content\\\/uploads\\\/2025\\\/11\\\/zdjecie-moje-marcin-300-96x96.jpg\",\"url\":\"https:\\\/\\\/www.24gliwice.pl\\\/wiadomosci\\\/wp-content\\\/uploads\\\/2025\\\/11\\\/zdjecie-moje-marcin-300-96x96.jpg\",\"contentUrl\":\"https:\\\/\\\/www.24gliwice.pl\\\/wiadomosci\\\/wp-content\\\/uploads\\\/2025\\\/11\\\/zdjecie-moje-marcin-300-96x96.jpg\",\"caption\":\"Marcin Fabrykowski\"},\"sameAs\":[\"http:\\\/\\\/24gliwice.pl\",\"https:\\\/\\\/www.facebook.com\\\/marcin.fabrykowski\"],\"url\":\"https:\\\/\\\/www.24gliwice.pl\\\/wiadomosci\\\/author\\\/marcin-fabrykowski\\\/\"}]}<\/script>\n<!-- \/ Yoast SEO plugin. -->","yoast_head_json":{"title":"Co s\u0142ycha\u0107 na budowie ostatniego odcinka obwodnicy zachodniej? S\u0105 wyra\u017ane post\u0119py (galeria) - 24GLIWICE - Portal Gliwice | codziennie nowe informacje","robots":{"index":"index","follow":"follow","max-snippet":"max-snippet:-1","max-image-preview":"max-image-preview:large","max-video-preview":"max-video-preview:-1"},"canonical":"https:\/\/www.24gliwice.pl\/wiadomosci\/co-slychac-na-budowie-ostatniego-odcinka-obwodnicy-zachodniej-sa-wyrazne-postepy-galeria\/","og_locale":"pl_PL","og_type":"article","og_title":"Co s\u0142ycha\u0107 na budowie ostatniego odcinka obwodnicy zachodniej? S\u0105 wyra\u017ane post\u0119py (galeria) - 24GLIWICE - Portal Gliwice | codziennie nowe informacje","og_description":"Budowa ostatniego odcinka obwodnicy zachodniej jest coraz bardziej zaawansowana. Ta jedna z najwi\u0119kszych, prowadzonych aktualnie inwestycji drogowych w Gliwicach ma by\u0107 wed\u0142ug za\u0142o\u017ce\u0144 gotowa ju\u017c za kilka miesi\u0119cy, na pocz\u0105tku przysz\u0142ego roku. &nbsp; Prace na odcinku pomi\u0119dzy ul. Sowi\u0144skiego i Daszy\u0144skiego rozpocz\u0119\u0142y si\u0119 w grudniu 2021 roku. Post\u0119p rob\u00f3t najbardziej widoczny jest od strony ul. [&hellip;]","og_url":"https:\/\/www.24gliwice.pl\/wiadomosci\/co-slychac-na-budowie-ostatniego-odcinka-obwodnicy-zachodniej-sa-wyrazne-postepy-galeria\/","og_site_name":"24GLIWICE - Portal Gliwice | codziennie nowe informacje","article_publisher":"https:\/\/www.facebook.com\/24gliwice","article_author":"https:\/\/www.facebook.com\/marcin.fabrykowski","article_published_time":"2023-09-17T17:05:50+00:00","article_modified_time":"2023-09-18T01:02:07+00:00","og_image":[{"width":810,"height":456,"url":"https:\/\/www.24gliwice.pl\/wiadomosci\/wp-content\/uploads\/2023\/09\/obwodnica-zachodnia-sowinskiego-daszynskiego-8.jpg","type":"image\/jpeg"}],"author":"Marcin Fabrykowski","twitter_card":"summary_large_image","twitter_creator":"@24gliwice","twitter_site":"@24gliwice","twitter_misc":{"Napisane przez":"Marcin Fabrykowski","Szacowany czas czytania":"3 minuty"},"schema":{"@context":"https:\/\/schema.org","@graph":[{"@type":"Article","@id":"https:\/\/www.24gliwice.pl\/wiadomosci\/co-slychac-na-budowie-ostatniego-odcinka-obwodnicy-zachodniej-sa-wyrazne-postepy-galeria\/#article","isPartOf":{"@id":"https:\/\/www.24gliwice.pl\/wiadomosci\/co-slychac-na-budowie-ostatniego-odcinka-obwodnicy-zachodniej-sa-wyrazne-postepy-galeria\/"},"author":{"name":"Marcin Fabrykowski","@id":"https:\/\/www.24gliwice.pl\/wiadomosci\/#\/schema\/person\/cb5857e4a4d048c15984c1edcc8ef0c0"},"headline":"Co s\u0142ycha\u0107 na budowie ostatniego odcinka obwodnicy zachodniej? S\u0105 wyra\u017ane post\u0119py (galeria)","datePublished":"2023-09-17T17:05:50+00:00","dateModified":"2023-09-18T01:02:07+00:00","mainEntityOfPage":{"@id":"https:\/\/www.24gliwice.pl\/wiadomosci\/co-slychac-na-budowie-ostatniego-odcinka-obwodnicy-zachodniej-sa-wyrazne-postepy-galeria\/"},"wordCount":288,"commentCount":0,"publisher":{"@id":"https:\/\/www.24gliwice.pl\/wiadomosci\/#organization"},"image":{"@id":"https:\/\/www.24gliwice.pl\/wiadomosci\/co-slychac-na-budowie-ostatniego-odcinka-obwodnicy-zachodniej-sa-wyrazne-postepy-galeria\/#primaryimage"},"thumbnailUrl":"https:\/\/www.24gliwice.pl\/wiadomosci\/wp-content\/uploads\/2023\/09\/obwodnica-zachodnia-sowinskiego-daszynskiego-8.jpg","keywords":["OBWODNICA","zachodnia obwodnica gliwic"],"articleSection":["Gliwice","Najnowsze wiadomo\u015bci","Portal Gliwice - Wiadomo\u015bci lokalne"],"inLanguage":"pl-PL","potentialAction":[{"@type":"CommentAction","name":"Comment","target":["https:\/\/www.24gliwice.pl\/wiadomosci\/co-slychac-na-budowie-ostatniego-odcinka-obwodnicy-zachodniej-sa-wyrazne-postepy-galeria\/#respond"]}]},{"@type":"WebPage","@id":"https:\/\/www.24gliwice.pl\/wiadomosci\/co-slychac-na-budowie-ostatniego-odcinka-obwodnicy-zachodniej-sa-wyrazne-postepy-galeria\/","url":"https:\/\/www.24gliwice.pl\/wiadomosci\/co-slychac-na-budowie-ostatniego-odcinka-obwodnicy-zachodniej-sa-wyrazne-postepy-galeria\/","name":"Co s\u0142ycha\u0107 na budowie ostatniego odcinka obwodnicy zachodniej? S\u0105 wyra\u017ane post\u0119py (galeria) - 24GLIWICE - Portal Gliwice | codziennie nowe informacje","isPartOf":{"@id":"https:\/\/www.24gliwice.pl\/wiadomosci\/#website"},"primaryImageOfPage":{"@id":"https:\/\/www.24gliwice.pl\/wiadomosci\/co-slychac-na-budowie-ostatniego-odcinka-obwodnicy-zachodniej-sa-wyrazne-postepy-galeria\/#primaryimage"},"image":{"@id":"https:\/\/www.24gliwice.pl\/wiadomosci\/co-slychac-na-budowie-ostatniego-odcinka-obwodnicy-zachodniej-sa-wyrazne-postepy-galeria\/#primaryimage"},"thumbnailUrl":"https:\/\/www.24gliwice.pl\/wiadomosci\/wp-content\/uploads\/2023\/09\/obwodnica-zachodnia-sowinskiego-daszynskiego-8.jpg","datePublished":"2023-09-17T17:05:50+00:00","dateModified":"2023-09-18T01:02:07+00:00","breadcrumb":{"@id":"https:\/\/www.24gliwice.pl\/wiadomosci\/co-slychac-na-budowie-ostatniego-odcinka-obwodnicy-zachodniej-sa-wyrazne-postepy-galeria\/#breadcrumb"},"inLanguage":"pl-PL","potentialAction":[{"@type":"ReadAction","target":["https:\/\/www.24gliwice.pl\/wiadomosci\/co-slychac-na-budowie-ostatniego-odcinka-obwodnicy-zachodniej-sa-wyrazne-postepy-galeria\/"]}]},{"@type":"ImageObject","inLanguage":"pl-PL","@id":"https:\/\/www.24gliwice.pl\/wiadomosci\/co-slychac-na-budowie-ostatniego-odcinka-obwodnicy-zachodniej-sa-wyrazne-postepy-galeria\/#primaryimage","url":"https:\/\/www.24gliwice.pl\/wiadomosci\/wp-content\/uploads\/2023\/09\/obwodnica-zachodnia-sowinskiego-daszynskiego-8.jpg","contentUrl":"https:\/\/www.24gliwice.pl\/wiadomosci\/wp-content\/uploads\/2023\/09\/obwodnica-zachodnia-sowinskiego-daszynskiego-8.jpg","width":810,"height":456},{"@type":"BreadcrumbList","@id":"https:\/\/www.24gliwice.pl\/wiadomosci\/co-slychac-na-budowie-ostatniego-odcinka-obwodnicy-zachodniej-sa-wyrazne-postepy-galeria\/#breadcrumb","itemListElement":[{"@type":"ListItem","position":1,"name":"Strona g\u0142\u00f3wna","item":"https:\/\/www.24gliwice.pl\/wiadomosci\/"},{"@type":"ListItem","position":2,"name":"Co s\u0142ycha\u0107 na budowie ostatniego odcinka obwodnicy zachodniej? S\u0105 wyra\u017ane post\u0119py (galeria)"}]},{"@type":"WebSite","@id":"https:\/\/www.24gliwice.pl\/wiadomosci\/#website","url":"https:\/\/www.24gliwice.pl\/wiadomosci\/","name":"24GLIWICE - Portal Gliwice | codziennie nowe wiadomo\u015bci","description":"Portal Miejski Gliwice","publisher":{"@id":"https:\/\/www.24gliwice.pl\/wiadomosci\/#organization"},"potentialAction":[{"@type":"SearchAction","target":{"@type":"EntryPoint","urlTemplate":"https:\/\/www.24gliwice.pl\/wiadomosci\/?s={search_term_string}"},"query-input":{"@type":"PropertyValueSpecification","valueRequired":true,"valueName":"search_term_string"}}],"inLanguage":"pl-PL"},{"@type":"Organization","@id":"https:\/\/www.24gliwice.pl\/wiadomosci\/#organization","name":"24gliwice","url":"https:\/\/www.24gliwice.pl\/wiadomosci\/","logo":{"@type":"ImageObject","inLanguage":"pl-PL","@id":"https:\/\/www.24gliwice.pl\/wiadomosci\/#\/schema\/logo\/image\/","url":"https:\/\/www.24gliwice.pl\/wiadomosci\/wp-content\/uploads\/2024\/10\/24gliwice-logo-696.jpg","contentUrl":"https:\/\/www.24gliwice.pl\/wiadomosci\/wp-content\/uploads\/2024\/10\/24gliwice-logo-696.jpg","width":696,"height":696,"caption":"24gliwice"},"image":{"@id":"https:\/\/www.24gliwice.pl\/wiadomosci\/#\/schema\/logo\/image\/"},"sameAs":["https:\/\/www.facebook.com\/24gliwice","https:\/\/x.com\/24gliwice","https:\/\/www.youtube.com\/@24gliwice"]},{"@type":"Person","@id":"https:\/\/www.24gliwice.pl\/wiadomosci\/#\/schema\/person\/cb5857e4a4d048c15984c1edcc8ef0c0","name":"Marcin Fabrykowski","image":{"@type":"ImageObject","inLanguage":"pl-PL","@id":"https:\/\/www.24gliwice.pl\/wiadomosci\/wp-content\/uploads\/2025\/11\/zdjecie-moje-marcin-300-96x96.jpg","url":"https:\/\/www.24gliwice.pl\/wiadomosci\/wp-content\/uploads\/2025\/11\/zdjecie-moje-marcin-300-96x96.jpg","contentUrl":"https:\/\/www.24gliwice.pl\/wiadomosci\/wp-content\/uploads\/2025\/11\/zdjecie-moje-marcin-300-96x96.jpg","caption":"Marcin Fabrykowski"},"sameAs":["http:\/\/24gliwice.pl","https:\/\/www.facebook.com\/marcin.fabrykowski"],"url":"https:\/\/www.24gliwice.pl\/wiadomosci\/author\/marcin-fabrykowski\/"}]}},"_links":{"self":[{"href":"https:\/\/www.24gliwice.pl\/wiadomosci\/wp-json\/wp\/v2\/posts\/221656","targetHints":{"allow":["GET"]}}],"collection":[{"href":"https:\/\/www.24gliwice.pl\/wiadomosci\/wp-json\/wp\/v2\/posts"}],"about":[{"href":"https:\/\/www.24gliwice.pl\/wiadomosci\/wp-json\/wp\/v2\/types\/post"}],"author":[{"embeddable":true,"href":"https:\/\/www.24gliwice.pl\/wiadomosci\/wp-json\/wp\/v2\/users\/4"}],"replies":[{"embeddable":true,"href":"https:\/\/www.24gliwice.pl\/wiadomosci\/wp-json\/wp\/v2\/comments?post=221656"}],"version-history":[{"count":0,"href":"https:\/\/www.24gliwice.pl\/wiadomosci\/wp-json\/wp\/v2\/posts\/221656\/revisions"}],"wp:featuredmedia":[{"embeddable":true,"href":"https:\/\/www.24gliwice.pl\/wiadomosci\/wp-json\/wp\/v2\/media\/221664"}],"wp:attachment":[{"href":"https:\/\/www.24gliwice.pl\/wiadomosci\/wp-json\/wp\/v2\/media?parent=221656"}],"wp:term":[{"taxonomy":"category","embeddable":true,"href":"https:\/\/www.24gliwice.pl\/wiadomosci\/wp-json\/wp\/v2\/categories?post=221656"},{"taxonomy":"post_tag","embeddable":true,"href":"https:\/\/www.24gliwice.pl\/wiadomosci\/wp-json\/wp\/v2\/tags?post=221656"}],"curies":[{"name":"wp","href":"https:\/\/api.w.org\/{rel}","templated":true}]}}