{"id":221923,"date":"2023-09-22T03:44:42","date_gmt":"2023-09-22T01:44:42","guid":{"rendered":"https:\/\/www.24gliwice.pl\/wiadomosci\/?p=221923"},"modified":"2023-09-22T03:44:42","modified_gmt":"2023-09-22T01:44:42","slug":"gliwickie-kino-amok-nie-wyswietli-rzadowego-spotu-przed-zielona-granica-jasne-stanowisko-dyrekcji","status":"publish","type":"post","link":"https:\/\/www.24gliwice.pl\/wiadomosci\/gliwickie-kino-amok-nie-wyswietli-rzadowego-spotu-przed-zielona-granica-jasne-stanowisko-dyrekcji\/","title":{"rendered":"Gliwickie kino AMOK nie wy\u015bwietli rz\u0105dowego spotu przed &#8220;Zielon\u0105 granic\u0105&#8221;. Jasne stanowisko dyrekcji"},"content":{"rendered":"<div class=\"gliwi-a6-nad-leadem-artykulow gliwi-entity-placement\" id=\"gliwi-3328330471\"><div class=\"gliwi-adlabel\"><span style=\"font-size: 9px\">REKLAMA<\/span><\/div><div id=\"gliwi-3134178105\" style=\"margin-bottom: 25px;margin-left: auto;margin-right: auto;text-align: center;\"><a data-no-instant=\"1\" href=\"https:\/\/dom100.eu\/\" rel=\"noopener\" class=\"a2t-link\" target=\"_blank\" aria-label=\"20260415 DOM100 D\"><img loading=\"lazy\" decoding=\"async\" src=\"https:\/\/www.24gliwice.pl\/wiadomosci\/wp-content\/uploads\/2026\/04\/20260415-DOM100-D.jpg\" alt=\"\"  srcset=\"https:\/\/www.24gliwice.pl\/wiadomosci\/wp-content\/uploads\/2026\/04\/20260415-DOM100-D.jpg 750w, https:\/\/www.24gliwice.pl\/wiadomosci\/wp-content\/uploads\/2026\/04\/20260415-DOM100-D-410x109.jpg 410w\" sizes=\"(max-width: 750px) 100vw, 750px\" class=\"no-lazyload\" width=\"750\" height=\"200\"  style=\"display: inline-block; max-width: 100%; height: auto;\" \/><\/a><\/div><\/div><h2>Gliwickie kino &#8220;Amok&#8221; nie wyemituje rz\u0105dowych spot\u00f3w przed seansami filmu &#8220;Zielona granica&#8221; Agnieszki Holland.<\/h2>\n<p>&nbsp;<br \/>\n&#8211; W zwi\u0105zku z medialn\u0105 dyskusj\u0105 na temat filmu Agnieszki Holland \u201eZielona granica&#8221; przekazujemy, \u017ce kino studyjne AMOK, zgodnie z zaplanowanym repertuarem, b\u0119dzie wy\u015bwietla\u0142o ten film od dnia 22 wrze\u015bnia 2023. <strong>Informujemy r\u00f3wnie\u017c, \u017ce kino AMOK nie b\u0119dzie emitowa\u0107 \u017cadnego spotu dotycz\u0105cego tego tytu\u0142u, poza jego zwiastunem promocyjnym (trailerem) na innych seansach<\/strong> &#8211; czytamy w komunikacie przes\u0142anym do redakcji 24gliwice.<\/p>\n<p>Przypomnijmy, w czwartek wiceszef Ministerstwa Spraw Wewn\u0119trznych i Administracji <strong>B\u0142a\u017cej Pobo\u017cy<\/strong> nazwa\u0142 film Holland &#8220;obrzydliwym paszkwilem&#8221; i zapowiedzia\u0142, \u017ce w kinach studyjnych w ca\u0142ej Polsce emisja &#8220;Zielonej granicy&#8221; b\u0119dzie poprzedzona specjalnie przygotowanym spotem.<\/p><div class=\"gliwi-a3-w-tresci-artykulow gliwi-entity-placement\" id=\"gliwi-1302000757\"><div class=\"gliwi-adlabel\"><span style=\"font-size: 9px\">REKLAMA<\/span><\/div><div id=\"gliwi-1669357463\" style=\"margin-bottom: 30px;margin-left: auto;margin-right: auto;text-align: center;\"><a data-no-instant=\"1\" href=\"https:\/\/zlobek.halogen.org.pl\/\" rel=\"noopener\" class=\"a2t-link\" target=\"_blank\" aria-label=\"animator-zlobek_750x200\"><img loading=\"lazy\" decoding=\"async\" src=\"https:\/\/www.24gliwice.pl\/wiadomosci\/wp-content\/uploads\/2026\/02\/animator-zlobek_750x200.webp\" alt=\"\"  srcset=\"https:\/\/www.24gliwice.pl\/wiadomosci\/wp-content\/uploads\/2026\/02\/animator-zlobek_750x200.webp 750w, https:\/\/www.24gliwice.pl\/wiadomosci\/wp-content\/uploads\/2026\/02\/animator-zlobek_750x200-410x109.webp 410w\" sizes=\"(max-width: 750px) 100vw, 750px\" class=\"no-lazyload\" width=\"750\" height=\"200\"  style=\"display: inline-block; max-width: 100%; height: auto;\" \/><\/a><\/div><\/div>\n<p>&#8211; Nasz kr\u00f3tki spot pokazuje kontekst operacji hybrydowej, przebieg tej operacji i rozwi\u0105zanie, kt\u00f3re wprowadzili\u015bmy, aby zagwarantowa\u0107 bezpiecze\u0144stwo polskiego pa\u0144stwa \u2014 powiedzia\u0142 Pobo\u017cy, jednocze\u015bnie przyznaj\u0105c, \u017ce filmu nie widzia\u0142, a swoj\u0105 ocen\u0119 opiera na zwiastunie i fragmentach filmu, kt\u00f3re wyciek\u0142y do sieci. <\/p>\n<p>O\u015bwiadczenie w tej sprawie wyda\u0142o ju\u017c <strong>Stowarzyszenie Kin Studyjnych<\/strong>, na kt\u00f3re powo\u0142uje si\u0119 w swoim komunikacie tak\u017ce gliwickie kino. <\/p>\n<p>&#8211; Stowarzyszenie Kin Studyjnych w ramach prowadzonej dzia\u0142alno\u015bci zrzesza 241 instytucje prywatne i samorz\u0105dowe prowadz\u0105ce kina studyjne na terenie Polski. Kina zrzeszone w Stowarzyszeniu prowadzone s\u0105 przez niezale\u017cne od Stowarzyszenia Kin Studyjnych podmioty, kt\u00f3re we w\u0142asnym zakresie decyduj\u0105 o wszelkich aspektach swojej dzia\u0142alno\u015bci, w tym o repertuarze filmowym i wy\u015bwietlanych spotach reklamowych &#8211; czytamy w o\u015bwiadczeniu.<\/p>\n<p>Podobn\u0105 decyzj\u0119 jak &#8220;Amok&#8221; podj\u0119\u0142y ju\u017c dyrekcje kilku innych kin w Polsce m.in. w Krakowie i Warszawie. Do sprawy odnios\u0142a si\u0119 te\u017c re\u017cyserka &#8220;Zielonej granicy&#8221;.<\/p>\n<blockquote><p>&#8211; Zanim ktokolwiek zobaczy\u0142 film, mieli ju\u017c pogl\u0105d na jego temat. Co mog\u0119 powiedzie\u0107? To jest bezprawie i cenzura<\/p><\/blockquote>\n<p> &#8211; powiedzia\u0142a Agnieszka Holland serwisowi Onet.pl.<\/p>\n<p>&#8220;Zielona granica&#8221; to polski dramat filmowy opowiadaj\u0105cy histori\u0119 w oparciu o sytuacj\u0119 na polsko-bia\u0142oruskiej granicy. Film mia\u0142 swoj\u0105 premier\u0119 5 wrze\u015bnia 2023 roku w konkursie g\u0142\u00f3wnym na 80. Mi\u0119dzynarodowym Festiwalu Filmowym w Wenecji, gdzie zdoby\u0142 Nagrod\u0119 Specjaln\u0105 Jury.<br \/>\n(msz)<\/p>\n<div class=\"gliwi-a5-na-koncu-artykulow gliwi-entity-placement\" id=\"gliwi-1865381164\"><div class=\"gliwi-adlabel\"><span style=\"font-size: 9px\">REKLAMA<\/span><\/div><div id=\"gliwi-8270494\" style=\"margin-left: auto;margin-right: auto;text-align: center;\"><a data-no-instant=\"1\" href=\"https:\/\/prezeroarenagliwice.pl\/\" rel=\"noopener\" class=\"a2t-link\" target=\"_blank\" aria-label=\"20260309-PREZERO-WIOSNA-D\"><img loading=\"lazy\" decoding=\"async\" src=\"https:\/\/www.24gliwice.pl\/wiadomosci\/wp-content\/uploads\/2026\/03\/20260309-PREZERO-WIOSNA-D.webp\" alt=\"\"  srcset=\"https:\/\/www.24gliwice.pl\/wiadomosci\/wp-content\/uploads\/2026\/03\/20260309-PREZERO-WIOSNA-D.webp 750w, https:\/\/www.24gliwice.pl\/wiadomosci\/wp-content\/uploads\/2026\/03\/20260309-PREZERO-WIOSNA-D-410x109.webp 410w\" sizes=\"(max-width: 750px) 100vw, 750px\" class=\"no-lazyload\" width=\"750\" height=\"200\"  style=\"display: inline-block; max-width: 100%; height: auto;\" \/><\/a><\/div><\/div>","protected":false},"excerpt":{"rendered":"<p>Gliwickie kino &#8220;Amok&#8221; nie wyemituje rz\u0105dowych spot\u00f3w przed seansami filmu &#8220;Zielona granica&#8221; Agnieszki Holland. &nbsp; &#8211; W zwi\u0105zku z medialn\u0105 dyskusj\u0105 na temat filmu Agnieszki Holland \u201eZielona granica&#8221; przekazujemy, \u017ce kino studyjne AMOK, zgodnie z zaplanowanym repertuarem, b\u0119dzie wy\u015bwietla\u0142o ten film od dnia 22 wrze\u015bnia 2023. Informujemy r\u00f3wnie\u017c, \u017ce kino AMOK nie b\u0119dzie emitowa\u0107 \u017cadnego [&hellip;]<\/p>\n","protected":false},"author":12,"featured_media":221677,"comment_status":"open","ping_status":"closed","sticky":false,"template":"","format":"standard","meta":{"_monsterinsights_skip_tracking":false,"_monsterinsights_sitenote_active":false,"_monsterinsights_sitenote_note":"","_monsterinsights_sitenote_category":0,"footnotes":"","_links_to":"","_links_to_target":""},"categories":[3,6,1,9],"tags":[256],"class_list":["post-221923","post","type-post","status-publish","format-standard","has-post-thumbnail","hentry","category-gliwice","category-kultura","category-wszystko","category-aktualnosci_lokalne","tag-kino-amok"],"yoast_head":"<!-- This site is optimized with the Yoast SEO plugin v27.5 - https:\/\/yoast.com\/product\/yoast-seo-wordpress\/ -->\n<title>Gliwickie kino AMOK nie wy\u015bwietli rz\u0105dowego spotu przed &quot;Zielon\u0105 granic\u0105&quot;. Jasne stanowisko dyrekcji - 24GLIWICE - Portal Gliwice | codziennie nowe informacje<\/title>\n<meta name=\"robots\" content=\"index, follow, max-snippet:-1, max-image-preview:large, max-video-preview:-1\" \/>\n<link rel=\"canonical\" href=\"https:\/\/www.24gliwice.pl\/wiadomosci\/gliwickie-kino-amok-nie-wyswietli-rzadowego-spotu-przed-zielona-granica-jasne-stanowisko-dyrekcji\/\" \/>\n<meta property=\"og:locale\" content=\"pl_PL\" \/>\n<meta property=\"og:type\" content=\"article\" \/>\n<meta property=\"og:title\" content=\"Gliwickie kino AMOK nie wy\u015bwietli rz\u0105dowego spotu przed &quot;Zielon\u0105 granic\u0105&quot;. Jasne stanowisko dyrekcji - 24GLIWICE - Portal Gliwice | codziennie nowe informacje\" \/>\n<meta property=\"og:description\" content=\"Gliwickie kino &#8220;Amok&#8221; nie wyemituje rz\u0105dowych spot\u00f3w przed seansami filmu &#8220;Zielona granica&#8221; Agnieszki Holland. &nbsp; &#8211; W zwi\u0105zku z medialn\u0105 dyskusj\u0105 na temat filmu Agnieszki Holland \u201eZielona granica&#8221; przekazujemy, \u017ce kino studyjne AMOK, zgodnie z zaplanowanym repertuarem, b\u0119dzie wy\u015bwietla\u0142o ten film od dnia 22 wrze\u015bnia 2023. Informujemy r\u00f3wnie\u017c, \u017ce kino AMOK nie b\u0119dzie emitowa\u0107 \u017cadnego [&hellip;]\" \/>\n<meta property=\"og:url\" content=\"https:\/\/www.24gliwice.pl\/wiadomosci\/gliwickie-kino-amok-nie-wyswietli-rzadowego-spotu-przed-zielona-granica-jasne-stanowisko-dyrekcji\/\" \/>\n<meta property=\"og:site_name\" content=\"24GLIWICE - Portal Gliwice | codziennie nowe informacje\" \/>\n<meta property=\"article:publisher\" content=\"https:\/\/www.facebook.com\/24gliwice\" \/>\n<meta property=\"article:published_time\" content=\"2023-09-22T01:44:42+00:00\" \/>\n<meta property=\"og:image\" content=\"https:\/\/www.24gliwice.pl\/wiadomosci\/wp-content\/uploads\/2023\/09\/kino-amok-scena-bajka-mf-1.jpg\" \/>\n\t<meta property=\"og:image:width\" content=\"810\" \/>\n\t<meta property=\"og:image:height\" content=\"456\" \/>\n\t<meta property=\"og:image:type\" content=\"image\/jpeg\" \/>\n<meta name=\"author\" content=\"Micha\u0142 Szewczyk\" \/>\n<meta name=\"twitter:card\" content=\"summary_large_image\" \/>\n<meta name=\"twitter:creator\" content=\"@24gliwice\" \/>\n<meta name=\"twitter:site\" content=\"@24gliwice\" \/>\n<meta name=\"twitter:label1\" content=\"Napisane przez\" \/>\n\t<meta name=\"twitter:data1\" content=\"Micha\u0142 Szewczyk\" \/>\n\t<meta name=\"twitter:label2\" content=\"Szacowany czas czytania\" \/>\n\t<meta name=\"twitter:data2\" content=\"2 minuty\" \/>\n<script type=\"application\/ld+json\" class=\"yoast-schema-graph\">{\"@context\":\"https:\\\/\\\/schema.org\",\"@graph\":[{\"@type\":\"Article\",\"@id\":\"https:\\\/\\\/www.24gliwice.pl\\\/wiadomosci\\\/gliwickie-kino-amok-nie-wyswietli-rzadowego-spotu-przed-zielona-granica-jasne-stanowisko-dyrekcji\\\/#article\",\"isPartOf\":{\"@id\":\"https:\\\/\\\/www.24gliwice.pl\\\/wiadomosci\\\/gliwickie-kino-amok-nie-wyswietli-rzadowego-spotu-przed-zielona-granica-jasne-stanowisko-dyrekcji\\\/\"},\"author\":{\"name\":\"Micha\u0142 Szewczyk\",\"@id\":\"https:\\\/\\\/www.24gliwice.pl\\\/wiadomosci\\\/#\\\/schema\\\/person\\\/940e8f8a097e322de4f463f061ef8d45\"},\"headline\":\"Gliwickie kino AMOK nie wy\u015bwietli rz\u0105dowego spotu przed &#8220;Zielon\u0105 granic\u0105&#8221;. Jasne stanowisko dyrekcji\",\"datePublished\":\"2023-09-22T01:44:42+00:00\",\"mainEntityOfPage\":{\"@id\":\"https:\\\/\\\/www.24gliwice.pl\\\/wiadomosci\\\/gliwickie-kino-amok-nie-wyswietli-rzadowego-spotu-przed-zielona-granica-jasne-stanowisko-dyrekcji\\\/\"},\"wordCount\":379,\"commentCount\":0,\"publisher\":{\"@id\":\"https:\\\/\\\/www.24gliwice.pl\\\/wiadomosci\\\/#organization\"},\"image\":{\"@id\":\"https:\\\/\\\/www.24gliwice.pl\\\/wiadomosci\\\/gliwickie-kino-amok-nie-wyswietli-rzadowego-spotu-przed-zielona-granica-jasne-stanowisko-dyrekcji\\\/#primaryimage\"},\"thumbnailUrl\":\"https:\\\/\\\/www.24gliwice.pl\\\/wiadomosci\\\/wp-content\\\/uploads\\\/2023\\\/09\\\/kino-amok-scena-bajka-mf-1.jpg\",\"keywords\":[\"KINO AMOK\"],\"articleSection\":[\"Gliwice\",\"Kultura, wydarzenia, imprezy\",\"Najnowsze wiadomo\u015bci\",\"Portal Gliwice - Wiadomo\u015bci lokalne\"],\"inLanguage\":\"pl-PL\",\"potentialAction\":[{\"@type\":\"CommentAction\",\"name\":\"Comment\",\"target\":[\"https:\\\/\\\/www.24gliwice.pl\\\/wiadomosci\\\/gliwickie-kino-amok-nie-wyswietli-rzadowego-spotu-przed-zielona-granica-jasne-stanowisko-dyrekcji\\\/#respond\"]}]},{\"@type\":\"WebPage\",\"@id\":\"https:\\\/\\\/www.24gliwice.pl\\\/wiadomosci\\\/gliwickie-kino-amok-nie-wyswietli-rzadowego-spotu-przed-zielona-granica-jasne-stanowisko-dyrekcji\\\/\",\"url\":\"https:\\\/\\\/www.24gliwice.pl\\\/wiadomosci\\\/gliwickie-kino-amok-nie-wyswietli-rzadowego-spotu-przed-zielona-granica-jasne-stanowisko-dyrekcji\\\/\",\"name\":\"Gliwickie kino AMOK nie wy\u015bwietli rz\u0105dowego spotu przed \\\"Zielon\u0105 granic\u0105\\\". Jasne stanowisko dyrekcji - 24GLIWICE - Portal Gliwice | codziennie nowe informacje\",\"isPartOf\":{\"@id\":\"https:\\\/\\\/www.24gliwice.pl\\\/wiadomosci\\\/#website\"},\"primaryImageOfPage\":{\"@id\":\"https:\\\/\\\/www.24gliwice.pl\\\/wiadomosci\\\/gliwickie-kino-amok-nie-wyswietli-rzadowego-spotu-przed-zielona-granica-jasne-stanowisko-dyrekcji\\\/#primaryimage\"},\"image\":{\"@id\":\"https:\\\/\\\/www.24gliwice.pl\\\/wiadomosci\\\/gliwickie-kino-amok-nie-wyswietli-rzadowego-spotu-przed-zielona-granica-jasne-stanowisko-dyrekcji\\\/#primaryimage\"},\"thumbnailUrl\":\"https:\\\/\\\/www.24gliwice.pl\\\/wiadomosci\\\/wp-content\\\/uploads\\\/2023\\\/09\\\/kino-amok-scena-bajka-mf-1.jpg\",\"datePublished\":\"2023-09-22T01:44:42+00:00\",\"breadcrumb\":{\"@id\":\"https:\\\/\\\/www.24gliwice.pl\\\/wiadomosci\\\/gliwickie-kino-amok-nie-wyswietli-rzadowego-spotu-przed-zielona-granica-jasne-stanowisko-dyrekcji\\\/#breadcrumb\"},\"inLanguage\":\"pl-PL\",\"potentialAction\":[{\"@type\":\"ReadAction\",\"target\":[\"https:\\\/\\\/www.24gliwice.pl\\\/wiadomosci\\\/gliwickie-kino-amok-nie-wyswietli-rzadowego-spotu-przed-zielona-granica-jasne-stanowisko-dyrekcji\\\/\"]}]},{\"@type\":\"ImageObject\",\"inLanguage\":\"pl-PL\",\"@id\":\"https:\\\/\\\/www.24gliwice.pl\\\/wiadomosci\\\/gliwickie-kino-amok-nie-wyswietli-rzadowego-spotu-przed-zielona-granica-jasne-stanowisko-dyrekcji\\\/#primaryimage\",\"url\":\"https:\\\/\\\/www.24gliwice.pl\\\/wiadomosci\\\/wp-content\\\/uploads\\\/2023\\\/09\\\/kino-amok-scena-bajka-mf-1.jpg\",\"contentUrl\":\"https:\\\/\\\/www.24gliwice.pl\\\/wiadomosci\\\/wp-content\\\/uploads\\\/2023\\\/09\\\/kino-amok-scena-bajka-mf-1.jpg\",\"width\":810,\"height\":456},{\"@type\":\"BreadcrumbList\",\"@id\":\"https:\\\/\\\/www.24gliwice.pl\\\/wiadomosci\\\/gliwickie-kino-amok-nie-wyswietli-rzadowego-spotu-przed-zielona-granica-jasne-stanowisko-dyrekcji\\\/#breadcrumb\",\"itemListElement\":[{\"@type\":\"ListItem\",\"position\":1,\"name\":\"Strona g\u0142\u00f3wna\",\"item\":\"https:\\\/\\\/www.24gliwice.pl\\\/wiadomosci\\\/\"},{\"@type\":\"ListItem\",\"position\":2,\"name\":\"Gliwickie kino AMOK nie wy\u015bwietli rz\u0105dowego spotu przed &#8222;Zielon\u0105 granic\u0105&#8221;. Jasne stanowisko dyrekcji\"}]},{\"@type\":\"WebSite\",\"@id\":\"https:\\\/\\\/www.24gliwice.pl\\\/wiadomosci\\\/#website\",\"url\":\"https:\\\/\\\/www.24gliwice.pl\\\/wiadomosci\\\/\",\"name\":\"24GLIWICE - Portal Gliwice | codziennie nowe wiadomo\u015bci\",\"description\":\"Portal Miejski Gliwice\",\"publisher\":{\"@id\":\"https:\\\/\\\/www.24gliwice.pl\\\/wiadomosci\\\/#organization\"},\"potentialAction\":[{\"@type\":\"SearchAction\",\"target\":{\"@type\":\"EntryPoint\",\"urlTemplate\":\"https:\\\/\\\/www.24gliwice.pl\\\/wiadomosci\\\/?s={search_term_string}\"},\"query-input\":{\"@type\":\"PropertyValueSpecification\",\"valueRequired\":true,\"valueName\":\"search_term_string\"}}],\"inLanguage\":\"pl-PL\"},{\"@type\":\"Organization\",\"@id\":\"https:\\\/\\\/www.24gliwice.pl\\\/wiadomosci\\\/#organization\",\"name\":\"24gliwice\",\"url\":\"https:\\\/\\\/www.24gliwice.pl\\\/wiadomosci\\\/\",\"logo\":{\"@type\":\"ImageObject\",\"inLanguage\":\"pl-PL\",\"@id\":\"https:\\\/\\\/www.24gliwice.pl\\\/wiadomosci\\\/#\\\/schema\\\/logo\\\/image\\\/\",\"url\":\"https:\\\/\\\/www.24gliwice.pl\\\/wiadomosci\\\/wp-content\\\/uploads\\\/2024\\\/10\\\/24gliwice-logo-696.jpg\",\"contentUrl\":\"https:\\\/\\\/www.24gliwice.pl\\\/wiadomosci\\\/wp-content\\\/uploads\\\/2024\\\/10\\\/24gliwice-logo-696.jpg\",\"width\":696,\"height\":696,\"caption\":\"24gliwice\"},\"image\":{\"@id\":\"https:\\\/\\\/www.24gliwice.pl\\\/wiadomosci\\\/#\\\/schema\\\/logo\\\/image\\\/\"},\"sameAs\":[\"https:\\\/\\\/www.facebook.com\\\/24gliwice\",\"https:\\\/\\\/x.com\\\/24gliwice\",\"https:\\\/\\\/www.youtube.com\\\/@24gliwice\"]},{\"@type\":\"Person\",\"@id\":\"https:\\\/\\\/www.24gliwice.pl\\\/wiadomosci\\\/#\\\/schema\\\/person\\\/940e8f8a097e322de4f463f061ef8d45\",\"name\":\"Micha\u0142 Szewczyk\",\"image\":{\"@type\":\"ImageObject\",\"inLanguage\":\"pl-PL\",\"@id\":\"https:\\\/\\\/secure.gravatar.com\\\/avatar\\\/771b8b6c74cd8d255e46392d605e01a86133900ef09b6ef3c8d451c9d92288cf?s=96&d=mm&r=g\",\"url\":\"https:\\\/\\\/secure.gravatar.com\\\/avatar\\\/771b8b6c74cd8d255e46392d605e01a86133900ef09b6ef3c8d451c9d92288cf?s=96&d=mm&r=g\",\"contentUrl\":\"https:\\\/\\\/secure.gravatar.com\\\/avatar\\\/771b8b6c74cd8d255e46392d605e01a86133900ef09b6ef3c8d451c9d92288cf?s=96&d=mm&r=g\",\"caption\":\"Micha\u0142 Szewczyk\"},\"sameAs\":[\"http:\\\/\\\/www.gazeta-miejska.pl\"],\"url\":\"https:\\\/\\\/www.24gliwice.pl\\\/wiadomosci\\\/author\\\/michal-szewczyk\\\/\"}]}<\/script>\n<!-- \/ Yoast SEO plugin. -->","yoast_head_json":{"title":"Gliwickie kino AMOK nie wy\u015bwietli rz\u0105dowego spotu przed \"Zielon\u0105 granic\u0105\". Jasne stanowisko dyrekcji - 24GLIWICE - Portal Gliwice | codziennie nowe informacje","robots":{"index":"index","follow":"follow","max-snippet":"max-snippet:-1","max-image-preview":"max-image-preview:large","max-video-preview":"max-video-preview:-1"},"canonical":"https:\/\/www.24gliwice.pl\/wiadomosci\/gliwickie-kino-amok-nie-wyswietli-rzadowego-spotu-przed-zielona-granica-jasne-stanowisko-dyrekcji\/","og_locale":"pl_PL","og_type":"article","og_title":"Gliwickie kino AMOK nie wy\u015bwietli rz\u0105dowego spotu przed \"Zielon\u0105 granic\u0105\". Jasne stanowisko dyrekcji - 24GLIWICE - Portal Gliwice | codziennie nowe informacje","og_description":"Gliwickie kino &#8220;Amok&#8221; nie wyemituje rz\u0105dowych spot\u00f3w przed seansami filmu &#8220;Zielona granica&#8221; Agnieszki Holland. &nbsp; &#8211; W zwi\u0105zku z medialn\u0105 dyskusj\u0105 na temat filmu Agnieszki Holland \u201eZielona granica&#8221; przekazujemy, \u017ce kino studyjne AMOK, zgodnie z zaplanowanym repertuarem, b\u0119dzie wy\u015bwietla\u0142o ten film od dnia 22 wrze\u015bnia 2023. Informujemy r\u00f3wnie\u017c, \u017ce kino AMOK nie b\u0119dzie emitowa\u0107 \u017cadnego [&hellip;]","og_url":"https:\/\/www.24gliwice.pl\/wiadomosci\/gliwickie-kino-amok-nie-wyswietli-rzadowego-spotu-przed-zielona-granica-jasne-stanowisko-dyrekcji\/","og_site_name":"24GLIWICE - Portal Gliwice | codziennie nowe informacje","article_publisher":"https:\/\/www.facebook.com\/24gliwice","article_published_time":"2023-09-22T01:44:42+00:00","og_image":[{"width":810,"height":456,"url":"https:\/\/www.24gliwice.pl\/wiadomosci\/wp-content\/uploads\/2023\/09\/kino-amok-scena-bajka-mf-1.jpg","type":"image\/jpeg"}],"author":"Micha\u0142 Szewczyk","twitter_card":"summary_large_image","twitter_creator":"@24gliwice","twitter_site":"@24gliwice","twitter_misc":{"Napisane przez":"Micha\u0142 Szewczyk","Szacowany czas czytania":"2 minuty"},"schema":{"@context":"https:\/\/schema.org","@graph":[{"@type":"Article","@id":"https:\/\/www.24gliwice.pl\/wiadomosci\/gliwickie-kino-amok-nie-wyswietli-rzadowego-spotu-przed-zielona-granica-jasne-stanowisko-dyrekcji\/#article","isPartOf":{"@id":"https:\/\/www.24gliwice.pl\/wiadomosci\/gliwickie-kino-amok-nie-wyswietli-rzadowego-spotu-przed-zielona-granica-jasne-stanowisko-dyrekcji\/"},"author":{"name":"Micha\u0142 Szewczyk","@id":"https:\/\/www.24gliwice.pl\/wiadomosci\/#\/schema\/person\/940e8f8a097e322de4f463f061ef8d45"},"headline":"Gliwickie kino AMOK nie wy\u015bwietli rz\u0105dowego spotu przed &#8220;Zielon\u0105 granic\u0105&#8221;. Jasne stanowisko dyrekcji","datePublished":"2023-09-22T01:44:42+00:00","mainEntityOfPage":{"@id":"https:\/\/www.24gliwice.pl\/wiadomosci\/gliwickie-kino-amok-nie-wyswietli-rzadowego-spotu-przed-zielona-granica-jasne-stanowisko-dyrekcji\/"},"wordCount":379,"commentCount":0,"publisher":{"@id":"https:\/\/www.24gliwice.pl\/wiadomosci\/#organization"},"image":{"@id":"https:\/\/www.24gliwice.pl\/wiadomosci\/gliwickie-kino-amok-nie-wyswietli-rzadowego-spotu-przed-zielona-granica-jasne-stanowisko-dyrekcji\/#primaryimage"},"thumbnailUrl":"https:\/\/www.24gliwice.pl\/wiadomosci\/wp-content\/uploads\/2023\/09\/kino-amok-scena-bajka-mf-1.jpg","keywords":["KINO AMOK"],"articleSection":["Gliwice","Kultura, wydarzenia, imprezy","Najnowsze wiadomo\u015bci","Portal Gliwice - Wiadomo\u015bci lokalne"],"inLanguage":"pl-PL","potentialAction":[{"@type":"CommentAction","name":"Comment","target":["https:\/\/www.24gliwice.pl\/wiadomosci\/gliwickie-kino-amok-nie-wyswietli-rzadowego-spotu-przed-zielona-granica-jasne-stanowisko-dyrekcji\/#respond"]}]},{"@type":"WebPage","@id":"https:\/\/www.24gliwice.pl\/wiadomosci\/gliwickie-kino-amok-nie-wyswietli-rzadowego-spotu-przed-zielona-granica-jasne-stanowisko-dyrekcji\/","url":"https:\/\/www.24gliwice.pl\/wiadomosci\/gliwickie-kino-amok-nie-wyswietli-rzadowego-spotu-przed-zielona-granica-jasne-stanowisko-dyrekcji\/","name":"Gliwickie kino AMOK nie wy\u015bwietli rz\u0105dowego spotu przed \"Zielon\u0105 granic\u0105\". Jasne stanowisko dyrekcji - 24GLIWICE - Portal Gliwice | codziennie nowe informacje","isPartOf":{"@id":"https:\/\/www.24gliwice.pl\/wiadomosci\/#website"},"primaryImageOfPage":{"@id":"https:\/\/www.24gliwice.pl\/wiadomosci\/gliwickie-kino-amok-nie-wyswietli-rzadowego-spotu-przed-zielona-granica-jasne-stanowisko-dyrekcji\/#primaryimage"},"image":{"@id":"https:\/\/www.24gliwice.pl\/wiadomosci\/gliwickie-kino-amok-nie-wyswietli-rzadowego-spotu-przed-zielona-granica-jasne-stanowisko-dyrekcji\/#primaryimage"},"thumbnailUrl":"https:\/\/www.24gliwice.pl\/wiadomosci\/wp-content\/uploads\/2023\/09\/kino-amok-scena-bajka-mf-1.jpg","datePublished":"2023-09-22T01:44:42+00:00","breadcrumb":{"@id":"https:\/\/www.24gliwice.pl\/wiadomosci\/gliwickie-kino-amok-nie-wyswietli-rzadowego-spotu-przed-zielona-granica-jasne-stanowisko-dyrekcji\/#breadcrumb"},"inLanguage":"pl-PL","potentialAction":[{"@type":"ReadAction","target":["https:\/\/www.24gliwice.pl\/wiadomosci\/gliwickie-kino-amok-nie-wyswietli-rzadowego-spotu-przed-zielona-granica-jasne-stanowisko-dyrekcji\/"]}]},{"@type":"ImageObject","inLanguage":"pl-PL","@id":"https:\/\/www.24gliwice.pl\/wiadomosci\/gliwickie-kino-amok-nie-wyswietli-rzadowego-spotu-przed-zielona-granica-jasne-stanowisko-dyrekcji\/#primaryimage","url":"https:\/\/www.24gliwice.pl\/wiadomosci\/wp-content\/uploads\/2023\/09\/kino-amok-scena-bajka-mf-1.jpg","contentUrl":"https:\/\/www.24gliwice.pl\/wiadomosci\/wp-content\/uploads\/2023\/09\/kino-amok-scena-bajka-mf-1.jpg","width":810,"height":456},{"@type":"BreadcrumbList","@id":"https:\/\/www.24gliwice.pl\/wiadomosci\/gliwickie-kino-amok-nie-wyswietli-rzadowego-spotu-przed-zielona-granica-jasne-stanowisko-dyrekcji\/#breadcrumb","itemListElement":[{"@type":"ListItem","position":1,"name":"Strona g\u0142\u00f3wna","item":"https:\/\/www.24gliwice.pl\/wiadomosci\/"},{"@type":"ListItem","position":2,"name":"Gliwickie kino AMOK nie wy\u015bwietli rz\u0105dowego spotu przed &#8222;Zielon\u0105 granic\u0105&#8221;. Jasne stanowisko dyrekcji"}]},{"@type":"WebSite","@id":"https:\/\/www.24gliwice.pl\/wiadomosci\/#website","url":"https:\/\/www.24gliwice.pl\/wiadomosci\/","name":"24GLIWICE - Portal Gliwice | codziennie nowe wiadomo\u015bci","description":"Portal Miejski Gliwice","publisher":{"@id":"https:\/\/www.24gliwice.pl\/wiadomosci\/#organization"},"potentialAction":[{"@type":"SearchAction","target":{"@type":"EntryPoint","urlTemplate":"https:\/\/www.24gliwice.pl\/wiadomosci\/?s={search_term_string}"},"query-input":{"@type":"PropertyValueSpecification","valueRequired":true,"valueName":"search_term_string"}}],"inLanguage":"pl-PL"},{"@type":"Organization","@id":"https:\/\/www.24gliwice.pl\/wiadomosci\/#organization","name":"24gliwice","url":"https:\/\/www.24gliwice.pl\/wiadomosci\/","logo":{"@type":"ImageObject","inLanguage":"pl-PL","@id":"https:\/\/www.24gliwice.pl\/wiadomosci\/#\/schema\/logo\/image\/","url":"https:\/\/www.24gliwice.pl\/wiadomosci\/wp-content\/uploads\/2024\/10\/24gliwice-logo-696.jpg","contentUrl":"https:\/\/www.24gliwice.pl\/wiadomosci\/wp-content\/uploads\/2024\/10\/24gliwice-logo-696.jpg","width":696,"height":696,"caption":"24gliwice"},"image":{"@id":"https:\/\/www.24gliwice.pl\/wiadomosci\/#\/schema\/logo\/image\/"},"sameAs":["https:\/\/www.facebook.com\/24gliwice","https:\/\/x.com\/24gliwice","https:\/\/www.youtube.com\/@24gliwice"]},{"@type":"Person","@id":"https:\/\/www.24gliwice.pl\/wiadomosci\/#\/schema\/person\/940e8f8a097e322de4f463f061ef8d45","name":"Micha\u0142 Szewczyk","image":{"@type":"ImageObject","inLanguage":"pl-PL","@id":"https:\/\/secure.gravatar.com\/avatar\/771b8b6c74cd8d255e46392d605e01a86133900ef09b6ef3c8d451c9d92288cf?s=96&d=mm&r=g","url":"https:\/\/secure.gravatar.com\/avatar\/771b8b6c74cd8d255e46392d605e01a86133900ef09b6ef3c8d451c9d92288cf?s=96&d=mm&r=g","contentUrl":"https:\/\/secure.gravatar.com\/avatar\/771b8b6c74cd8d255e46392d605e01a86133900ef09b6ef3c8d451c9d92288cf?s=96&d=mm&r=g","caption":"Micha\u0142 Szewczyk"},"sameAs":["http:\/\/www.gazeta-miejska.pl"],"url":"https:\/\/www.24gliwice.pl\/wiadomosci\/author\/michal-szewczyk\/"}]}},"_links":{"self":[{"href":"https:\/\/www.24gliwice.pl\/wiadomosci\/wp-json\/wp\/v2\/posts\/221923","targetHints":{"allow":["GET"]}}],"collection":[{"href":"https:\/\/www.24gliwice.pl\/wiadomosci\/wp-json\/wp\/v2\/posts"}],"about":[{"href":"https:\/\/www.24gliwice.pl\/wiadomosci\/wp-json\/wp\/v2\/types\/post"}],"author":[{"embeddable":true,"href":"https:\/\/www.24gliwice.pl\/wiadomosci\/wp-json\/wp\/v2\/users\/12"}],"replies":[{"embeddable":true,"href":"https:\/\/www.24gliwice.pl\/wiadomosci\/wp-json\/wp\/v2\/comments?post=221923"}],"version-history":[{"count":0,"href":"https:\/\/www.24gliwice.pl\/wiadomosci\/wp-json\/wp\/v2\/posts\/221923\/revisions"}],"wp:featuredmedia":[{"embeddable":true,"href":"https:\/\/www.24gliwice.pl\/wiadomosci\/wp-json\/wp\/v2\/media\/221677"}],"wp:attachment":[{"href":"https:\/\/www.24gliwice.pl\/wiadomosci\/wp-json\/wp\/v2\/media?parent=221923"}],"wp:term":[{"taxonomy":"category","embeddable":true,"href":"https:\/\/www.24gliwice.pl\/wiadomosci\/wp-json\/wp\/v2\/categories?post=221923"},{"taxonomy":"post_tag","embeddable":true,"href":"https:\/\/www.24gliwice.pl\/wiadomosci\/wp-json\/wp\/v2\/tags?post=221923"}],"curies":[{"name":"wp","href":"https:\/\/api.w.org\/{rel}","templated":true}]}}