{"id":222080,"date":"2023-09-27T06:57:56","date_gmt":"2023-09-27T04:57:56","guid":{"rendered":"https:\/\/www.24gliwice.pl\/wiadomosci\/?p=222080"},"modified":"2023-09-26T22:58:39","modified_gmt":"2023-09-26T20:58:39","slug":"poszerzanie-wspolnoty-fotografia-humanistyczna-ze-zbiorow-muzeum-w-gliwicach-wystawa-w-czytelni-sztuki","status":"publish","type":"post","link":"https:\/\/www.24gliwice.pl\/wiadomosci\/poszerzanie-wspolnoty-fotografia-humanistyczna-ze-zbiorow-muzeum-w-gliwicach-wystawa-w-czytelni-sztuki\/","title":{"rendered":"\u201ePoszerzanie wsp\u00f3lnoty. Fotografia humanistyczna ze zbior\u00f3w Muzeum w Gliwicach\u201d. Wystawa w Czytelni Sztuki"},"content":{"rendered":"<div class=\"gliwi-a6-nad-leadem-artykulow gliwi-entity-placement\" id=\"gliwi-459086799\"><div class=\"gliwi-adlabel\"><span style=\"font-size: 9px\">REKLAMA<\/span><\/div><div id=\"gliwi-2971072304\" style=\"margin-bottom: 30px;margin-left: auto;margin-right: auto;text-align: center;\"><a data-no-instant=\"1\" href=\"https:\/\/przedszkole.halogen.org.pl\/\" rel=\"noopener\" class=\"a2t-link\" target=\"_blank\" aria-label=\"20260402-ANIMATOR-przedszkole_grafika_750x200\"><img loading=\"lazy\" decoding=\"async\" src=\"https:\/\/www.24gliwice.pl\/wiadomosci\/wp-content\/uploads\/2026\/04\/20260402-ANIMATOR-przedszkole_grafika_750x200.webp\" alt=\"\"  srcset=\"https:\/\/www.24gliwice.pl\/wiadomosci\/wp-content\/uploads\/2026\/04\/20260402-ANIMATOR-przedszkole_grafika_750x200.webp 750w, https:\/\/www.24gliwice.pl\/wiadomosci\/wp-content\/uploads\/2026\/04\/20260402-ANIMATOR-przedszkole_grafika_750x200-410x109.webp 410w\" sizes=\"(max-width: 750px) 100vw, 750px\" class=\"no-lazyload\" width=\"750\" height=\"200\"  style=\"display: inline-block; max-width: 100%; height: auto;\" \/><\/a><\/div><\/div><h2>Muzeum w Gliwicach zaprasza na now\u0105 wystaw\u0119 czasow\u0105. W Czytelni Sztuki zostan\u0105 zaprezentowane wyj\u0105tkowe zdj\u0119cia wykonane przez artyst\u00f3w wywodz\u0105cych si\u0119 z gliwickiego \u015brodowiska fotograficznego. Wernisa\u017c odb\u0119dzie si\u0119 ju\u017c w najbli\u017cszy pi\u0105tek, 29 wrze\u015bnia. Wst\u0119p wolny.<\/h2>\n<p>&nbsp;<br \/>\nWystawa \u201ePoszerzanie wsp\u00f3lnoty. Fotografia humanistyczna ze zbior\u00f3w Muzeum w Gliwicach\u201d ukazuje cztery indywidualno\u015bci \u2013 <strong>Zofi\u0119 Rydet<\/strong> (1911\u20131997), <strong>Jerzego Lewczy\u0144skiego<\/strong> (1924\u20132014), <strong>Piotra Janika <\/strong>(1923\u20131981) i <strong>Stanis\u0142awa Jakubowskiego <\/strong>(ur. 1934). Artystka i arty\u015bci, inspiruj\u0105c si\u0119 spo\u0142ecznym fotoreporta\u017cem, wypracowali w\u0142asne sposoby opowiadania o rzeczywisto\u015bci. U podstaw ich j\u0119zyka wizualnego le\u017ca\u0142o autentyczne zainteresowanie drugim cz\u0142owiekiem.<\/p>\n<h4>Prezentowane na wystawie prace powsta\u0142y pod koniec lat 50. i w latach 60. ubieg\u0142ego wieku lub stanowi\u0105 kontynuacj\u0119 uformowanych wtedy w\u0105tk\u00f3w i zainteresowa\u0144.<\/h4>\n<p>Pomimo historycznego charakteru ekspozycji zagadnienia podejmowane przez tw\u00f3rc\u00f3w wydaj\u0105 si\u0119 nadal aktualne i poruszaj\u0105ce \u2013 zach\u0119caj\u0105 do budowania poczucia solidarno\u015bci poprzez zrozumienie emocji i potrzeb innych. Arty\u015bci sprzeciwiaj\u0105 si\u0119 instrumentalizacji jednostek i marginalizowaniu poszczeg\u00f3lnych grup spo\u0142ecznych, w\u0142\u0105czaj\u0105 nieuprzywilejowane cz\u0119sto osoby do dyskursu wizualnego, namawiaj\u0105c tym samym do poszerzania wsp\u00f3lnoty. Wystaw\u0119 mo\u017cna tak\u017ce ogl\u0105da\u0107 przez pryzmat w\u0105tk\u00f3w lokalnych \u2013 na wielu z prezentowanych fotografii rozpoznawalne s\u0105 Gliwice lub okoliczne miejscowo\u015bci.<\/p><div class=\"gliwi-a3-w-tresci-artykulow gliwi-entity-placement\" id=\"gliwi-1898668173\"><div class=\"gliwi-adlabel\"><span style=\"font-size: 9px\">REKLAMA<\/span><\/div><div id=\"gliwi-845054995\" style=\"margin-bottom: 30px;margin-left: auto;margin-right: auto;text-align: center;\"><a data-no-instant=\"1\" href=\"https:\/\/zlobek.halogen.org.pl\/\" rel=\"noopener\" class=\"a2t-link\" target=\"_blank\" aria-label=\"animator-zlobek_750x200\"><img loading=\"lazy\" decoding=\"async\" src=\"https:\/\/www.24gliwice.pl\/wiadomosci\/wp-content\/uploads\/2026\/02\/animator-zlobek_750x200.webp\" alt=\"\"  srcset=\"https:\/\/www.24gliwice.pl\/wiadomosci\/wp-content\/uploads\/2026\/02\/animator-zlobek_750x200.webp 750w, https:\/\/www.24gliwice.pl\/wiadomosci\/wp-content\/uploads\/2026\/02\/animator-zlobek_750x200-410x109.webp 410w\" sizes=\"(max-width: 750px) 100vw, 750px\" class=\"no-lazyload\" width=\"750\" height=\"200\"  style=\"display: inline-block; max-width: 100%; height: auto;\" \/><\/a><\/div><\/div>\n<p><a href=\"https:\/\/www.24gliwice.pl\/wiadomosci\/wp-content\/uploads\/2023\/09\/wystawa-muzeum.jpg\"><img loading=\"lazy\" decoding=\"async\" class=\"alignnone  wp-image-222085\" src=\"https:\/\/www.24gliwice.pl\/wiadomosci\/wp-content\/uploads\/2023\/09\/wystawa-muzeum.jpg\" alt=\"\" width=\"1210\" height=\"532\" srcset=\"https:\/\/www.24gliwice.pl\/wiadomosci\/wp-content\/uploads\/2023\/09\/wystawa-muzeum.jpg 810w, https:\/\/www.24gliwice.pl\/wiadomosci\/wp-content\/uploads\/2023\/09\/wystawa-muzeum-410x180.jpg 410w, https:\/\/www.24gliwice.pl\/wiadomosci\/wp-content\/uploads\/2023\/09\/wystawa-muzeum-768x338.jpg 768w\" sizes=\"auto, (max-width: 1210px) 100vw, 1210px\" \/><\/a><\/p>\n<p>Wszystkie eksponowane prace pochodz\u0105 z kolekcji Muzeum w Gliwicach. Wystawa dost\u0119pna b\u0119dzie do 17 grudnia. Towarzyszy\u0107 jej b\u0119dzie publikacja w formie drukowanej i online. Wernisa\u017c w Czytelni Sztuki (Willa Caro, ul. Dolnych Wa\u0142\u00f3w 8a) rozpocznie si\u0119 29 wrze\u015bnia o godzinie 18:00.<\/p>\n<p>Wi\u0119cej informacji mo\u017cna znale\u017a\u0107 na <a href=\"http:\/\/muzeum.gliwice.pl\" target=\"_blank\" rel=\"noopener\">muzeum.gliwice.pl<\/a> oraz w aplikacji [GAMA].<\/p>\n<p>(\u017cms\/UM Gliwice)<br \/>\nfot. materia\u0142y Muzeum w Gliwicach (Stanis\u0142aw Jakubowski &#8211; dzieci w przedszkolu, Piotr Janik &#8211; banner)<\/p>\n<p><a href=\"https:\/\/www.24gliwice.pl\/wiadomosci\/wp-content\/uploads\/2023\/09\/Wystawa-muzeum-Stanislaw_Jakubowski_Dzieci_w_przedszkolu_1963_negatyw_z_kolekcji_Muzeum_w_Gliwicach-001.jpg\"><img loading=\"lazy\" decoding=\"async\" class=\"alignnone  wp-image-222084\" src=\"https:\/\/www.24gliwice.pl\/wiadomosci\/wp-content\/uploads\/2023\/09\/Wystawa-muzeum-Stanislaw_Jakubowski_Dzieci_w_przedszkolu_1963_negatyw_z_kolekcji_Muzeum_w_Gliwicach-001.jpg\" alt=\"\" width=\"1276\" height=\"1939\" srcset=\"https:\/\/www.24gliwice.pl\/wiadomosci\/wp-content\/uploads\/2023\/09\/Wystawa-muzeum-Stanislaw_Jakubowski_Dzieci_w_przedszkolu_1963_negatyw_z_kolekcji_Muzeum_w_Gliwicach-001.jpg 533w, https:\/\/www.24gliwice.pl\/wiadomosci\/wp-content\/uploads\/2023\/09\/Wystawa-muzeum-Stanislaw_Jakubowski_Dzieci_w_przedszkolu_1963_negatyw_z_kolekcji_Muzeum_w_Gliwicach-001-153x232.jpg 153w, https:\/\/www.24gliwice.pl\/wiadomosci\/wp-content\/uploads\/2023\/09\/Wystawa-muzeum-Stanislaw_Jakubowski_Dzieci_w_przedszkolu_1963_negatyw_z_kolekcji_Muzeum_w_Gliwicach-001-299x455.jpg 299w\" sizes=\"auto, (max-width: 1276px) 100vw, 1276px\" \/><\/a><\/p>\n<div class=\"gliwi-a5-na-koncu-artykulow gliwi-entity-placement\" id=\"gliwi-2639155549\"><div class=\"gliwi-adlabel\"><span style=\"font-size: 9px\">REKLAMA<\/span><\/div><div id=\"gliwi-499626160\" style=\"margin-left: auto;margin-right: auto;text-align: center;\"><a data-no-instant=\"1\" href=\"https:\/\/prezeroarenagliwice.pl\/\" rel=\"noopener\" class=\"a2t-link\" target=\"_blank\" aria-label=\"20260309-PREZERO-WIOSNA-D\"><img loading=\"lazy\" decoding=\"async\" src=\"https:\/\/www.24gliwice.pl\/wiadomosci\/wp-content\/uploads\/2026\/03\/20260309-PREZERO-WIOSNA-D.webp\" alt=\"\"  srcset=\"https:\/\/www.24gliwice.pl\/wiadomosci\/wp-content\/uploads\/2026\/03\/20260309-PREZERO-WIOSNA-D.webp 750w, https:\/\/www.24gliwice.pl\/wiadomosci\/wp-content\/uploads\/2026\/03\/20260309-PREZERO-WIOSNA-D-410x109.webp 410w\" sizes=\"(max-width: 750px) 100vw, 750px\" class=\"no-lazyload\" width=\"750\" height=\"200\"  style=\"display: inline-block; max-width: 100%; height: auto;\" \/><\/a><\/div><\/div>","protected":false},"excerpt":{"rendered":"<p>Muzeum w Gliwicach zaprasza na now\u0105 wystaw\u0119 czasow\u0105. W Czytelni Sztuki zostan\u0105 zaprezentowane wyj\u0105tkowe zdj\u0119cia wykonane przez artyst\u00f3w wywodz\u0105cych si\u0119 z gliwickiego \u015brodowiska fotograficznego. Wernisa\u017c odb\u0119dzie si\u0119 ju\u017c w najbli\u017cszy pi\u0105tek, 29 wrze\u015bnia. Wst\u0119p wolny. &nbsp; Wystawa \u201ePoszerzanie wsp\u00f3lnoty. Fotografia humanistyczna ze zbior\u00f3w Muzeum w Gliwicach\u201d ukazuje cztery indywidualno\u015bci \u2013 Zofi\u0119 Rydet (1911\u20131997), Jerzego Lewczy\u0144skiego [&hellip;]<\/p>\n","protected":false},"author":15,"featured_media":222083,"comment_status":"open","ping_status":"closed","sticky":false,"template":"","format":"standard","meta":{"_monsterinsights_skip_tracking":false,"_monsterinsights_sitenote_active":false,"_monsterinsights_sitenote_note":"","_monsterinsights_sitenote_category":0,"footnotes":"","_links_to":"","_links_to_target":""},"categories":[3,6,1],"tags":[5674,2464],"class_list":["post-222080","post","type-post","status-publish","format-standard","has-post-thumbnail","hentry","category-gliwice","category-kultura","category-wszystko","tag-muzeum","tag-wystawa"],"yoast_head":"<!-- This site is optimized with the Yoast SEO plugin v27.5 - https:\/\/yoast.com\/product\/yoast-seo-wordpress\/ -->\n<title>\u201ePoszerzanie wsp\u00f3lnoty. Fotografia humanistyczna ze zbior\u00f3w Muzeum w Gliwicach\u201d. Wystawa w Czytelni Sztuki - 24GLIWICE - Portal Gliwice | codziennie nowe informacje<\/title>\n<meta name=\"description\" content=\"W Czytelni Sztuki w Willi Caro dost\u0119pna b\u0119dzie wystawa \u201ePoszerzanie wsp\u00f3lnoty. Fotografia humanistyczna ze zbior\u00f3w Muzeum w Gliwicach\u201d\" \/>\n<meta name=\"robots\" content=\"index, follow, max-snippet:-1, max-image-preview:large, max-video-preview:-1\" \/>\n<link rel=\"canonical\" href=\"https:\/\/www.24gliwice.pl\/wiadomosci\/poszerzanie-wspolnoty-fotografia-humanistyczna-ze-zbiorow-muzeum-w-gliwicach-wystawa-w-czytelni-sztuki\/\" \/>\n<meta property=\"og:locale\" content=\"pl_PL\" \/>\n<meta property=\"og:type\" content=\"article\" \/>\n<meta property=\"og:title\" content=\"\u201ePoszerzanie wsp\u00f3lnoty. Fotografia humanistyczna ze zbior\u00f3w Muzeum w Gliwicach\u201d. Wystawa w Czytelni Sztuki - 24GLIWICE - Portal Gliwice | codziennie nowe informacje\" \/>\n<meta property=\"og:description\" content=\"W Czytelni Sztuki w Willi Caro dost\u0119pna b\u0119dzie wystawa \u201ePoszerzanie wsp\u00f3lnoty. Fotografia humanistyczna ze zbior\u00f3w Muzeum w Gliwicach\u201d\" \/>\n<meta property=\"og:url\" content=\"https:\/\/www.24gliwice.pl\/wiadomosci\/poszerzanie-wspolnoty-fotografia-humanistyczna-ze-zbiorow-muzeum-w-gliwicach-wystawa-w-czytelni-sztuki\/\" \/>\n<meta property=\"og:site_name\" content=\"24GLIWICE - Portal Gliwice | codziennie nowe informacje\" \/>\n<meta property=\"article:publisher\" content=\"https:\/\/www.facebook.com\/24gliwice\" \/>\n<meta property=\"article:published_time\" content=\"2023-09-27T04:57:56+00:00\" \/>\n<meta property=\"og:image\" content=\"https:\/\/www.24gliwice.pl\/wiadomosci\/wp-content\/uploads\/2023\/09\/Wystawa-muzeum-Stanislaw_Jakubowski_Dzieci_w_przedszkolu_1963_negatyw_z_kolekcji_Muzeum_w_Gliwicach.jpg\" \/>\n\t<meta property=\"og:image:width\" content=\"810\" \/>\n\t<meta property=\"og:image:height\" content=\"460\" \/>\n\t<meta property=\"og:image:type\" content=\"image\/jpeg\" \/>\n<meta name=\"author\" content=\"\u017baneta Mrozek-Siewierska\" \/>\n<meta name=\"twitter:card\" content=\"summary_large_image\" \/>\n<meta name=\"twitter:creator\" content=\"@24gliwice\" \/>\n<meta name=\"twitter:site\" content=\"@24gliwice\" \/>\n<meta name=\"twitter:label1\" content=\"Napisane przez\" \/>\n\t<meta name=\"twitter:data1\" content=\"\u017baneta Mrozek-Siewierska\" \/>\n\t<meta name=\"twitter:label2\" content=\"Szacowany czas czytania\" \/>\n\t<meta name=\"twitter:data2\" content=\"2 minuty\" \/>\n<script type=\"application\/ld+json\" class=\"yoast-schema-graph\">{\"@context\":\"https:\\\/\\\/schema.org\",\"@graph\":[{\"@type\":\"Article\",\"@id\":\"https:\\\/\\\/www.24gliwice.pl\\\/wiadomosci\\\/poszerzanie-wspolnoty-fotografia-humanistyczna-ze-zbiorow-muzeum-w-gliwicach-wystawa-w-czytelni-sztuki\\\/#article\",\"isPartOf\":{\"@id\":\"https:\\\/\\\/www.24gliwice.pl\\\/wiadomosci\\\/poszerzanie-wspolnoty-fotografia-humanistyczna-ze-zbiorow-muzeum-w-gliwicach-wystawa-w-czytelni-sztuki\\\/\"},\"author\":{\"name\":\"\u017baneta Mrozek-Siewierska\",\"@id\":\"https:\\\/\\\/www.24gliwice.pl\\\/wiadomosci\\\/#\\\/schema\\\/person\\\/e42c650edd7f2fa332be3811fb166b6e\"},\"headline\":\"\u201ePoszerzanie wsp\u00f3lnoty. Fotografia humanistyczna ze zbior\u00f3w Muzeum w Gliwicach\u201d. Wystawa w Czytelni Sztuki\",\"datePublished\":\"2023-09-27T04:57:56+00:00\",\"mainEntityOfPage\":{\"@id\":\"https:\\\/\\\/www.24gliwice.pl\\\/wiadomosci\\\/poszerzanie-wspolnoty-fotografia-humanistyczna-ze-zbiorow-muzeum-w-gliwicach-wystawa-w-czytelni-sztuki\\\/\"},\"wordCount\":307,\"commentCount\":0,\"publisher\":{\"@id\":\"https:\\\/\\\/www.24gliwice.pl\\\/wiadomosci\\\/#organization\"},\"image\":{\"@id\":\"https:\\\/\\\/www.24gliwice.pl\\\/wiadomosci\\\/poszerzanie-wspolnoty-fotografia-humanistyczna-ze-zbiorow-muzeum-w-gliwicach-wystawa-w-czytelni-sztuki\\\/#primaryimage\"},\"thumbnailUrl\":\"https:\\\/\\\/www.24gliwice.pl\\\/wiadomosci\\\/wp-content\\\/uploads\\\/2023\\\/09\\\/Wystawa-muzeum-Stanislaw_Jakubowski_Dzieci_w_przedszkolu_1963_negatyw_z_kolekcji_Muzeum_w_Gliwicach.jpg\",\"keywords\":[\"MUZEUM\",\"WYSTAWA\"],\"articleSection\":[\"Gliwice\",\"Kultura, wydarzenia, imprezy\",\"Najnowsze wiadomo\u015bci\"],\"inLanguage\":\"pl-PL\",\"potentialAction\":[{\"@type\":\"CommentAction\",\"name\":\"Comment\",\"target\":[\"https:\\\/\\\/www.24gliwice.pl\\\/wiadomosci\\\/poszerzanie-wspolnoty-fotografia-humanistyczna-ze-zbiorow-muzeum-w-gliwicach-wystawa-w-czytelni-sztuki\\\/#respond\"]}]},{\"@type\":\"WebPage\",\"@id\":\"https:\\\/\\\/www.24gliwice.pl\\\/wiadomosci\\\/poszerzanie-wspolnoty-fotografia-humanistyczna-ze-zbiorow-muzeum-w-gliwicach-wystawa-w-czytelni-sztuki\\\/\",\"url\":\"https:\\\/\\\/www.24gliwice.pl\\\/wiadomosci\\\/poszerzanie-wspolnoty-fotografia-humanistyczna-ze-zbiorow-muzeum-w-gliwicach-wystawa-w-czytelni-sztuki\\\/\",\"name\":\"\u201ePoszerzanie wsp\u00f3lnoty. Fotografia humanistyczna ze zbior\u00f3w Muzeum w Gliwicach\u201d. Wystawa w Czytelni Sztuki - 24GLIWICE - Portal Gliwice | codziennie nowe informacje\",\"isPartOf\":{\"@id\":\"https:\\\/\\\/www.24gliwice.pl\\\/wiadomosci\\\/#website\"},\"primaryImageOfPage\":{\"@id\":\"https:\\\/\\\/www.24gliwice.pl\\\/wiadomosci\\\/poszerzanie-wspolnoty-fotografia-humanistyczna-ze-zbiorow-muzeum-w-gliwicach-wystawa-w-czytelni-sztuki\\\/#primaryimage\"},\"image\":{\"@id\":\"https:\\\/\\\/www.24gliwice.pl\\\/wiadomosci\\\/poszerzanie-wspolnoty-fotografia-humanistyczna-ze-zbiorow-muzeum-w-gliwicach-wystawa-w-czytelni-sztuki\\\/#primaryimage\"},\"thumbnailUrl\":\"https:\\\/\\\/www.24gliwice.pl\\\/wiadomosci\\\/wp-content\\\/uploads\\\/2023\\\/09\\\/Wystawa-muzeum-Stanislaw_Jakubowski_Dzieci_w_przedszkolu_1963_negatyw_z_kolekcji_Muzeum_w_Gliwicach.jpg\",\"datePublished\":\"2023-09-27T04:57:56+00:00\",\"description\":\"W Czytelni Sztuki w Willi Caro dost\u0119pna b\u0119dzie wystawa \u201ePoszerzanie wsp\u00f3lnoty. Fotografia humanistyczna ze zbior\u00f3w Muzeum w Gliwicach\u201d\",\"breadcrumb\":{\"@id\":\"https:\\\/\\\/www.24gliwice.pl\\\/wiadomosci\\\/poszerzanie-wspolnoty-fotografia-humanistyczna-ze-zbiorow-muzeum-w-gliwicach-wystawa-w-czytelni-sztuki\\\/#breadcrumb\"},\"inLanguage\":\"pl-PL\",\"potentialAction\":[{\"@type\":\"ReadAction\",\"target\":[\"https:\\\/\\\/www.24gliwice.pl\\\/wiadomosci\\\/poszerzanie-wspolnoty-fotografia-humanistyczna-ze-zbiorow-muzeum-w-gliwicach-wystawa-w-czytelni-sztuki\\\/\"]}]},{\"@type\":\"ImageObject\",\"inLanguage\":\"pl-PL\",\"@id\":\"https:\\\/\\\/www.24gliwice.pl\\\/wiadomosci\\\/poszerzanie-wspolnoty-fotografia-humanistyczna-ze-zbiorow-muzeum-w-gliwicach-wystawa-w-czytelni-sztuki\\\/#primaryimage\",\"url\":\"https:\\\/\\\/www.24gliwice.pl\\\/wiadomosci\\\/wp-content\\\/uploads\\\/2023\\\/09\\\/Wystawa-muzeum-Stanislaw_Jakubowski_Dzieci_w_przedszkolu_1963_negatyw_z_kolekcji_Muzeum_w_Gliwicach.jpg\",\"contentUrl\":\"https:\\\/\\\/www.24gliwice.pl\\\/wiadomosci\\\/wp-content\\\/uploads\\\/2023\\\/09\\\/Wystawa-muzeum-Stanislaw_Jakubowski_Dzieci_w_przedszkolu_1963_negatyw_z_kolekcji_Muzeum_w_Gliwicach.jpg\",\"width\":810,\"height\":460},{\"@type\":\"BreadcrumbList\",\"@id\":\"https:\\\/\\\/www.24gliwice.pl\\\/wiadomosci\\\/poszerzanie-wspolnoty-fotografia-humanistyczna-ze-zbiorow-muzeum-w-gliwicach-wystawa-w-czytelni-sztuki\\\/#breadcrumb\",\"itemListElement\":[{\"@type\":\"ListItem\",\"position\":1,\"name\":\"Strona g\u0142\u00f3wna\",\"item\":\"https:\\\/\\\/www.24gliwice.pl\\\/wiadomosci\\\/\"},{\"@type\":\"ListItem\",\"position\":2,\"name\":\"\u201ePoszerzanie wsp\u00f3lnoty. Fotografia humanistyczna ze zbior\u00f3w Muzeum w Gliwicach\u201d. Wystawa w Czytelni Sztuki\"}]},{\"@type\":\"WebSite\",\"@id\":\"https:\\\/\\\/www.24gliwice.pl\\\/wiadomosci\\\/#website\",\"url\":\"https:\\\/\\\/www.24gliwice.pl\\\/wiadomosci\\\/\",\"name\":\"24GLIWICE - Portal Gliwice | codziennie nowe wiadomo\u015bci\",\"description\":\"Portal Miejski Gliwice\",\"publisher\":{\"@id\":\"https:\\\/\\\/www.24gliwice.pl\\\/wiadomosci\\\/#organization\"},\"potentialAction\":[{\"@type\":\"SearchAction\",\"target\":{\"@type\":\"EntryPoint\",\"urlTemplate\":\"https:\\\/\\\/www.24gliwice.pl\\\/wiadomosci\\\/?s={search_term_string}\"},\"query-input\":{\"@type\":\"PropertyValueSpecification\",\"valueRequired\":true,\"valueName\":\"search_term_string\"}}],\"inLanguage\":\"pl-PL\"},{\"@type\":\"Organization\",\"@id\":\"https:\\\/\\\/www.24gliwice.pl\\\/wiadomosci\\\/#organization\",\"name\":\"24gliwice\",\"url\":\"https:\\\/\\\/www.24gliwice.pl\\\/wiadomosci\\\/\",\"logo\":{\"@type\":\"ImageObject\",\"inLanguage\":\"pl-PL\",\"@id\":\"https:\\\/\\\/www.24gliwice.pl\\\/wiadomosci\\\/#\\\/schema\\\/logo\\\/image\\\/\",\"url\":\"https:\\\/\\\/www.24gliwice.pl\\\/wiadomosci\\\/wp-content\\\/uploads\\\/2024\\\/10\\\/24gliwice-logo-696.jpg\",\"contentUrl\":\"https:\\\/\\\/www.24gliwice.pl\\\/wiadomosci\\\/wp-content\\\/uploads\\\/2024\\\/10\\\/24gliwice-logo-696.jpg\",\"width\":696,\"height\":696,\"caption\":\"24gliwice\"},\"image\":{\"@id\":\"https:\\\/\\\/www.24gliwice.pl\\\/wiadomosci\\\/#\\\/schema\\\/logo\\\/image\\\/\"},\"sameAs\":[\"https:\\\/\\\/www.facebook.com\\\/24gliwice\",\"https:\\\/\\\/x.com\\\/24gliwice\",\"https:\\\/\\\/www.youtube.com\\\/@24gliwice\"]},{\"@type\":\"Person\",\"@id\":\"https:\\\/\\\/www.24gliwice.pl\\\/wiadomosci\\\/#\\\/schema\\\/person\\\/e42c650edd7f2fa332be3811fb166b6e\",\"name\":\"\u017baneta Mrozek-Siewierska\",\"image\":{\"@type\":\"ImageObject\",\"inLanguage\":\"pl-PL\",\"@id\":\"https:\\\/\\\/secure.gravatar.com\\\/avatar\\\/1881429e9c64597c77ad7aef2d0a19be69a3253e57534d16aa15bf3a4d34a0a3?s=96&d=mm&r=g\",\"url\":\"https:\\\/\\\/secure.gravatar.com\\\/avatar\\\/1881429e9c64597c77ad7aef2d0a19be69a3253e57534d16aa15bf3a4d34a0a3?s=96&d=mm&r=g\",\"contentUrl\":\"https:\\\/\\\/secure.gravatar.com\\\/avatar\\\/1881429e9c64597c77ad7aef2d0a19be69a3253e57534d16aa15bf3a4d34a0a3?s=96&d=mm&r=g\",\"caption\":\"\u017baneta Mrozek-Siewierska\"},\"url\":\"https:\\\/\\\/www.24gliwice.pl\\\/wiadomosci\\\/author\\\/zms\\\/\"}]}<\/script>\n<!-- \/ Yoast SEO plugin. -->","yoast_head_json":{"title":"\u201ePoszerzanie wsp\u00f3lnoty. Fotografia humanistyczna ze zbior\u00f3w Muzeum w Gliwicach\u201d. Wystawa w Czytelni Sztuki - 24GLIWICE - Portal Gliwice | codziennie nowe informacje","description":"W Czytelni Sztuki w Willi Caro dost\u0119pna b\u0119dzie wystawa \u201ePoszerzanie wsp\u00f3lnoty. Fotografia humanistyczna ze zbior\u00f3w Muzeum w Gliwicach\u201d","robots":{"index":"index","follow":"follow","max-snippet":"max-snippet:-1","max-image-preview":"max-image-preview:large","max-video-preview":"max-video-preview:-1"},"canonical":"https:\/\/www.24gliwice.pl\/wiadomosci\/poszerzanie-wspolnoty-fotografia-humanistyczna-ze-zbiorow-muzeum-w-gliwicach-wystawa-w-czytelni-sztuki\/","og_locale":"pl_PL","og_type":"article","og_title":"\u201ePoszerzanie wsp\u00f3lnoty. Fotografia humanistyczna ze zbior\u00f3w Muzeum w Gliwicach\u201d. Wystawa w Czytelni Sztuki - 24GLIWICE - Portal Gliwice | codziennie nowe informacje","og_description":"W Czytelni Sztuki w Willi Caro dost\u0119pna b\u0119dzie wystawa \u201ePoszerzanie wsp\u00f3lnoty. Fotografia humanistyczna ze zbior\u00f3w Muzeum w Gliwicach\u201d","og_url":"https:\/\/www.24gliwice.pl\/wiadomosci\/poszerzanie-wspolnoty-fotografia-humanistyczna-ze-zbiorow-muzeum-w-gliwicach-wystawa-w-czytelni-sztuki\/","og_site_name":"24GLIWICE - Portal Gliwice | codziennie nowe informacje","article_publisher":"https:\/\/www.facebook.com\/24gliwice","article_published_time":"2023-09-27T04:57:56+00:00","og_image":[{"width":810,"height":460,"url":"https:\/\/www.24gliwice.pl\/wiadomosci\/wp-content\/uploads\/2023\/09\/Wystawa-muzeum-Stanislaw_Jakubowski_Dzieci_w_przedszkolu_1963_negatyw_z_kolekcji_Muzeum_w_Gliwicach.jpg","type":"image\/jpeg"}],"author":"\u017baneta Mrozek-Siewierska","twitter_card":"summary_large_image","twitter_creator":"@24gliwice","twitter_site":"@24gliwice","twitter_misc":{"Napisane przez":"\u017baneta Mrozek-Siewierska","Szacowany czas czytania":"2 minuty"},"schema":{"@context":"https:\/\/schema.org","@graph":[{"@type":"Article","@id":"https:\/\/www.24gliwice.pl\/wiadomosci\/poszerzanie-wspolnoty-fotografia-humanistyczna-ze-zbiorow-muzeum-w-gliwicach-wystawa-w-czytelni-sztuki\/#article","isPartOf":{"@id":"https:\/\/www.24gliwice.pl\/wiadomosci\/poszerzanie-wspolnoty-fotografia-humanistyczna-ze-zbiorow-muzeum-w-gliwicach-wystawa-w-czytelni-sztuki\/"},"author":{"name":"\u017baneta Mrozek-Siewierska","@id":"https:\/\/www.24gliwice.pl\/wiadomosci\/#\/schema\/person\/e42c650edd7f2fa332be3811fb166b6e"},"headline":"\u201ePoszerzanie wsp\u00f3lnoty. Fotografia humanistyczna ze zbior\u00f3w Muzeum w Gliwicach\u201d. Wystawa w Czytelni Sztuki","datePublished":"2023-09-27T04:57:56+00:00","mainEntityOfPage":{"@id":"https:\/\/www.24gliwice.pl\/wiadomosci\/poszerzanie-wspolnoty-fotografia-humanistyczna-ze-zbiorow-muzeum-w-gliwicach-wystawa-w-czytelni-sztuki\/"},"wordCount":307,"commentCount":0,"publisher":{"@id":"https:\/\/www.24gliwice.pl\/wiadomosci\/#organization"},"image":{"@id":"https:\/\/www.24gliwice.pl\/wiadomosci\/poszerzanie-wspolnoty-fotografia-humanistyczna-ze-zbiorow-muzeum-w-gliwicach-wystawa-w-czytelni-sztuki\/#primaryimage"},"thumbnailUrl":"https:\/\/www.24gliwice.pl\/wiadomosci\/wp-content\/uploads\/2023\/09\/Wystawa-muzeum-Stanislaw_Jakubowski_Dzieci_w_przedszkolu_1963_negatyw_z_kolekcji_Muzeum_w_Gliwicach.jpg","keywords":["MUZEUM","WYSTAWA"],"articleSection":["Gliwice","Kultura, wydarzenia, imprezy","Najnowsze wiadomo\u015bci"],"inLanguage":"pl-PL","potentialAction":[{"@type":"CommentAction","name":"Comment","target":["https:\/\/www.24gliwice.pl\/wiadomosci\/poszerzanie-wspolnoty-fotografia-humanistyczna-ze-zbiorow-muzeum-w-gliwicach-wystawa-w-czytelni-sztuki\/#respond"]}]},{"@type":"WebPage","@id":"https:\/\/www.24gliwice.pl\/wiadomosci\/poszerzanie-wspolnoty-fotografia-humanistyczna-ze-zbiorow-muzeum-w-gliwicach-wystawa-w-czytelni-sztuki\/","url":"https:\/\/www.24gliwice.pl\/wiadomosci\/poszerzanie-wspolnoty-fotografia-humanistyczna-ze-zbiorow-muzeum-w-gliwicach-wystawa-w-czytelni-sztuki\/","name":"\u201ePoszerzanie wsp\u00f3lnoty. Fotografia humanistyczna ze zbior\u00f3w Muzeum w Gliwicach\u201d. Wystawa w Czytelni Sztuki - 24GLIWICE - Portal Gliwice | codziennie nowe informacje","isPartOf":{"@id":"https:\/\/www.24gliwice.pl\/wiadomosci\/#website"},"primaryImageOfPage":{"@id":"https:\/\/www.24gliwice.pl\/wiadomosci\/poszerzanie-wspolnoty-fotografia-humanistyczna-ze-zbiorow-muzeum-w-gliwicach-wystawa-w-czytelni-sztuki\/#primaryimage"},"image":{"@id":"https:\/\/www.24gliwice.pl\/wiadomosci\/poszerzanie-wspolnoty-fotografia-humanistyczna-ze-zbiorow-muzeum-w-gliwicach-wystawa-w-czytelni-sztuki\/#primaryimage"},"thumbnailUrl":"https:\/\/www.24gliwice.pl\/wiadomosci\/wp-content\/uploads\/2023\/09\/Wystawa-muzeum-Stanislaw_Jakubowski_Dzieci_w_przedszkolu_1963_negatyw_z_kolekcji_Muzeum_w_Gliwicach.jpg","datePublished":"2023-09-27T04:57:56+00:00","description":"W Czytelni Sztuki w Willi Caro dost\u0119pna b\u0119dzie wystawa \u201ePoszerzanie wsp\u00f3lnoty. Fotografia humanistyczna ze zbior\u00f3w Muzeum w Gliwicach\u201d","breadcrumb":{"@id":"https:\/\/www.24gliwice.pl\/wiadomosci\/poszerzanie-wspolnoty-fotografia-humanistyczna-ze-zbiorow-muzeum-w-gliwicach-wystawa-w-czytelni-sztuki\/#breadcrumb"},"inLanguage":"pl-PL","potentialAction":[{"@type":"ReadAction","target":["https:\/\/www.24gliwice.pl\/wiadomosci\/poszerzanie-wspolnoty-fotografia-humanistyczna-ze-zbiorow-muzeum-w-gliwicach-wystawa-w-czytelni-sztuki\/"]}]},{"@type":"ImageObject","inLanguage":"pl-PL","@id":"https:\/\/www.24gliwice.pl\/wiadomosci\/poszerzanie-wspolnoty-fotografia-humanistyczna-ze-zbiorow-muzeum-w-gliwicach-wystawa-w-czytelni-sztuki\/#primaryimage","url":"https:\/\/www.24gliwice.pl\/wiadomosci\/wp-content\/uploads\/2023\/09\/Wystawa-muzeum-Stanislaw_Jakubowski_Dzieci_w_przedszkolu_1963_negatyw_z_kolekcji_Muzeum_w_Gliwicach.jpg","contentUrl":"https:\/\/www.24gliwice.pl\/wiadomosci\/wp-content\/uploads\/2023\/09\/Wystawa-muzeum-Stanislaw_Jakubowski_Dzieci_w_przedszkolu_1963_negatyw_z_kolekcji_Muzeum_w_Gliwicach.jpg","width":810,"height":460},{"@type":"BreadcrumbList","@id":"https:\/\/www.24gliwice.pl\/wiadomosci\/poszerzanie-wspolnoty-fotografia-humanistyczna-ze-zbiorow-muzeum-w-gliwicach-wystawa-w-czytelni-sztuki\/#breadcrumb","itemListElement":[{"@type":"ListItem","position":1,"name":"Strona g\u0142\u00f3wna","item":"https:\/\/www.24gliwice.pl\/wiadomosci\/"},{"@type":"ListItem","position":2,"name":"\u201ePoszerzanie wsp\u00f3lnoty. Fotografia humanistyczna ze zbior\u00f3w Muzeum w Gliwicach\u201d. Wystawa w Czytelni Sztuki"}]},{"@type":"WebSite","@id":"https:\/\/www.24gliwice.pl\/wiadomosci\/#website","url":"https:\/\/www.24gliwice.pl\/wiadomosci\/","name":"24GLIWICE - Portal Gliwice | codziennie nowe wiadomo\u015bci","description":"Portal Miejski Gliwice","publisher":{"@id":"https:\/\/www.24gliwice.pl\/wiadomosci\/#organization"},"potentialAction":[{"@type":"SearchAction","target":{"@type":"EntryPoint","urlTemplate":"https:\/\/www.24gliwice.pl\/wiadomosci\/?s={search_term_string}"},"query-input":{"@type":"PropertyValueSpecification","valueRequired":true,"valueName":"search_term_string"}}],"inLanguage":"pl-PL"},{"@type":"Organization","@id":"https:\/\/www.24gliwice.pl\/wiadomosci\/#organization","name":"24gliwice","url":"https:\/\/www.24gliwice.pl\/wiadomosci\/","logo":{"@type":"ImageObject","inLanguage":"pl-PL","@id":"https:\/\/www.24gliwice.pl\/wiadomosci\/#\/schema\/logo\/image\/","url":"https:\/\/www.24gliwice.pl\/wiadomosci\/wp-content\/uploads\/2024\/10\/24gliwice-logo-696.jpg","contentUrl":"https:\/\/www.24gliwice.pl\/wiadomosci\/wp-content\/uploads\/2024\/10\/24gliwice-logo-696.jpg","width":696,"height":696,"caption":"24gliwice"},"image":{"@id":"https:\/\/www.24gliwice.pl\/wiadomosci\/#\/schema\/logo\/image\/"},"sameAs":["https:\/\/www.facebook.com\/24gliwice","https:\/\/x.com\/24gliwice","https:\/\/www.youtube.com\/@24gliwice"]},{"@type":"Person","@id":"https:\/\/www.24gliwice.pl\/wiadomosci\/#\/schema\/person\/e42c650edd7f2fa332be3811fb166b6e","name":"\u017baneta Mrozek-Siewierska","image":{"@type":"ImageObject","inLanguage":"pl-PL","@id":"https:\/\/secure.gravatar.com\/avatar\/1881429e9c64597c77ad7aef2d0a19be69a3253e57534d16aa15bf3a4d34a0a3?s=96&d=mm&r=g","url":"https:\/\/secure.gravatar.com\/avatar\/1881429e9c64597c77ad7aef2d0a19be69a3253e57534d16aa15bf3a4d34a0a3?s=96&d=mm&r=g","contentUrl":"https:\/\/secure.gravatar.com\/avatar\/1881429e9c64597c77ad7aef2d0a19be69a3253e57534d16aa15bf3a4d34a0a3?s=96&d=mm&r=g","caption":"\u017baneta Mrozek-Siewierska"},"url":"https:\/\/www.24gliwice.pl\/wiadomosci\/author\/zms\/"}]}},"_links":{"self":[{"href":"https:\/\/www.24gliwice.pl\/wiadomosci\/wp-json\/wp\/v2\/posts\/222080","targetHints":{"allow":["GET"]}}],"collection":[{"href":"https:\/\/www.24gliwice.pl\/wiadomosci\/wp-json\/wp\/v2\/posts"}],"about":[{"href":"https:\/\/www.24gliwice.pl\/wiadomosci\/wp-json\/wp\/v2\/types\/post"}],"author":[{"embeddable":true,"href":"https:\/\/www.24gliwice.pl\/wiadomosci\/wp-json\/wp\/v2\/users\/15"}],"replies":[{"embeddable":true,"href":"https:\/\/www.24gliwice.pl\/wiadomosci\/wp-json\/wp\/v2\/comments?post=222080"}],"version-history":[{"count":0,"href":"https:\/\/www.24gliwice.pl\/wiadomosci\/wp-json\/wp\/v2\/posts\/222080\/revisions"}],"wp:featuredmedia":[{"embeddable":true,"href":"https:\/\/www.24gliwice.pl\/wiadomosci\/wp-json\/wp\/v2\/media\/222083"}],"wp:attachment":[{"href":"https:\/\/www.24gliwice.pl\/wiadomosci\/wp-json\/wp\/v2\/media?parent=222080"}],"wp:term":[{"taxonomy":"category","embeddable":true,"href":"https:\/\/www.24gliwice.pl\/wiadomosci\/wp-json\/wp\/v2\/categories?post=222080"},{"taxonomy":"post_tag","embeddable":true,"href":"https:\/\/www.24gliwice.pl\/wiadomosci\/wp-json\/wp\/v2\/tags?post=222080"}],"curies":[{"name":"wp","href":"https:\/\/api.w.org\/{rel}","templated":true}]}}