{"id":222205,"date":"2023-09-27T13:12:02","date_gmt":"2023-09-27T11:12:02","guid":{"rendered":"https:\/\/www.24gliwice.pl\/wiadomosci\/?p=222205"},"modified":"2023-09-27T13:12:02","modified_gmt":"2023-09-27T11:12:02","slug":"wiek-to-tylko-liczba-inauguracja-gliwickich-dni-seniora-w-centrum-handlowym-forum","status":"publish","type":"post","link":"https:\/\/www.24gliwice.pl\/wiadomosci\/wiek-to-tylko-liczba-inauguracja-gliwickich-dni-seniora-w-centrum-handlowym-forum\/","title":{"rendered":"Wiek to tylko liczba. Inauguracja gliwickich Dni Seniora w centrum handlowym Forum"},"content":{"rendered":"<div class=\"gliwi-a6-nad-leadem-artykulow gliwi-entity-placement\" id=\"gliwi-648385206\"><div class=\"gliwi-adlabel\"><span style=\"font-size: 9px\">REKLAMA<\/span><\/div><div id=\"gliwi-2975135685\" style=\"margin-bottom: 25px;margin-left: auto;margin-right: auto;text-align: center;\"><a data-no-instant=\"1\" href=\"https:\/\/dom100.eu\/\" rel=\"noopener\" class=\"a2t-link\" target=\"_blank\" aria-label=\"20260415 DOM100 D\"><img loading=\"lazy\" decoding=\"async\" src=\"https:\/\/www.24gliwice.pl\/wiadomosci\/wp-content\/uploads\/2026\/04\/20260415-DOM100-D.jpg\" alt=\"\"  srcset=\"https:\/\/www.24gliwice.pl\/wiadomosci\/wp-content\/uploads\/2026\/04\/20260415-DOM100-D.jpg 750w, https:\/\/www.24gliwice.pl\/wiadomosci\/wp-content\/uploads\/2026\/04\/20260415-DOM100-D-410x109.jpg 410w\" sizes=\"(max-width: 750px) 100vw, 750px\" class=\"no-lazyload\" width=\"750\" height=\"200\"  style=\"display: inline-block; max-width: 100%; height: auto;\" \/><\/a><\/div><\/div><h2>Pa\u017adziernik jest miesi\u0105cem, w kt\u00f3rym co roku honorujemy osoby starsze i podkre\u015blamy wa\u017cn\u0105 rol\u0119 seniora w \u017cyciu spo\u0142ecznym. Z tej okazji miasto przygotowa\u0142o szereg atrakcji, kt\u00f3re potrwaj\u0105 od 30 wrze\u015bnia do 8 pa\u017adziernika. Inauguracja tegorocznych obchod\u00f3w odb\u0119dzie si\u0119 w gliwickim Centrum Handlowym FORUM.<\/h2>\n<p>&nbsp;<br \/>\n30 wrze\u015bnia, w godzinach 14:00-19:00, CH FORUM we wsp\u00f3\u0142pracy z Urz\u0119dem Miejskim w Gliwicach i zaproszonymi partnerami otwiera szeroko drzwi dla os\u00f3b w podesz\u0142ym wieku, kt\u00f3re w tym dniu b\u0119d\u0105 mog\u0142y zasi\u0119gn\u0105\u0107 wielu praktycznych informacji i porad na temat zdrowia i dobrego samopoczucia, wzi\u0105\u0107 udzia\u0142 w prelekcjach, warsztatach, a nawet w pota\u0144c\u00f3wce na scenie FORUM. Oto kilka wybranych atrakcji, kt\u00f3re zosta\u0142y przygotowane z okazji inauguracji Gliwickich Dni Seniora:<\/p>\n<ul>\n<li>Na stoisku O\u015brodka Pomocy Spo\u0142ecznej b\u0119d\u0105 udzielane <strong>informacje na temat dost\u0119pnych \u015bwiadcze\u0144 i form wsparcia dla senior\u00f3w<\/strong>. W punkcie informacyjnym Gliwickiego O\u015brodka Dzia\u0142a\u0144 Spo\u0142ecznych \u2013 Centrum 3.0 seniorzy poznaj\u0105 szczeg\u00f3\u0142y aktualnej oferty Strefy Seniora \u2013 miejsca, kt\u00f3re powsta\u0142o z my\u015bl\u0105 o aktywno\u015bci spo\u0142ecznej najstarszych mieszka\u0144c\u00f3w Gliwic (to tutaj mog\u0105 oni znale\u017a\u0107 przydatne informacje dotycz\u0105ce m.in. lokalnej oferty edukacyjnej i kulturalnej, aktualnych promocji i zni\u017cek czy mo\u017cliwo\u015bci sp\u0119dzenia wolnego czasu w Gliwicach).<\/li>\n<p><\/p>\n<li>Seniorzy, kt\u00f3rzy czuj\u0105 w sobie artystyczn\u0105 pasj\u0119, b\u0119d\u0105 mogli <strong>wzi\u0105\u0107 udzia\u0142 w warsztatach r\u0119kodzie\u0142a<\/strong>, przygotowanych przez Fundacj\u0119 R\u00f3\u017cyczka oraz obejrze\u0107 wystaw\u0119 prac malarskich. Szczeg\u00f3lnie bogaty blok zaj\u0119\u0107 dotyczy\u0107 b\u0119dzie zdrowia. Obok pokazu pierwszej pomocy medycznej, zorganizowanego przez PCK Gliwice, b\u0119dzie <strong>mo\u017cliwo\u015b\u0107 wykonania pomiaru ci\u015bnienia t\u0119tniczego i poziomu cukru we krwi, masa\u017cu d\u0142oni czy analizy stanu sk\u00f3ry<\/strong> \u2013 do dyspozycji odwiedzaj\u0105cych b\u0119d\u0105 specjali\u015bci z Centrum Kszta\u0142cenia Zawodowego i Ustawicznego wojew\u00f3dztwa \u015bl\u0105skiego.<\/li>\n<p> \t<\/p>\n<li>Wsp\u00f3lne ze specjalistami z gliwickiego oddzia\u0142u Narodowego Instytutu Onkologii b\u0119dzie mo\u017cna porozmawia\u0107 na temat zdrowia, a konkretnie profilaktyki raka piersi \u2013 jednego z najcz\u0119stszych nowotwor\u00f3w wyst\u0119puj\u0105cych u kobiet. W programie przewidziano r\u00f3wnie\u017c spotkanie z psychologiem z niepublicznej Poradni &#8220;Mo\u017cemy Wi\u0119cej&#8221; oraz konsultacje trychologiczne, przygotowane przez Centrum Zdrowego W\u0142osa TrychoWay.<\/li>\n<p><\/p>\n<li>Seniorzy b\u0119d\u0105 mogli wzi\u0105\u0107 udzia\u0142 w <strong>bezp\u0142atnym pokazie makija\u017cu<\/strong>, a tak\u017ce zrobi\u0107 sobie pami\u0105tkowe zdj\u0119cie na tle specjalnej \u015bcianki. Ca\u0142o\u015b\u0107 zako\u0144czy si\u0119 <strong>pota\u0144c\u00f3wk\u0105 przy muzyce z lat 70. i 80.<\/strong>, zorganizowan\u0105 we wsp\u00f3\u0142pracy z Miejsk\u0105 Bibliotek\u0105 Publiczn\u0105.<\/li>\n<\/ul>\n<p><a href=\"https:\/\/www.24gliwice.pl\/wiadomosci\/wp-content\/uploads\/2023\/09\/dni-seniora.jpg\"><img loading=\"lazy\" decoding=\"async\" class=\"alignnone wp-image-222208\" src=\"https:\/\/www.24gliwice.pl\/wiadomosci\/wp-content\/uploads\/2023\/09\/dni-seniora.jpg\" alt=\"\" width=\"1234\" height=\"2192\" srcset=\"https:\/\/www.24gliwice.pl\/wiadomosci\/wp-content\/uploads\/2023\/09\/dni-seniora.jpg 456w, https:\/\/www.24gliwice.pl\/wiadomosci\/wp-content\/uploads\/2023\/09\/dni-seniora-131x232.jpg 131w, https:\/\/www.24gliwice.pl\/wiadomosci\/wp-content\/uploads\/2023\/09\/dni-seniora-256x455.jpg 256w\" sizes=\"auto, (max-width: 1234px) 100vw, 1234px\" \/><\/a><\/p>\n<p>\u2013 <em>Gliwickie Dni Seniora zosta\u0142y zorganizowane w zwi\u0105zku z corocznymi \u015bwi\u0119tami senior\u00f3w, do kt\u00f3rych nale\u017c\u0105: Mi\u0119dzynarodowy Dzie\u0144 Os\u00f3b Starszych (1.10), Europejski Dzie\u0144 Seniora (20.10) i \u015awiatowy Dzie\u0144 Seniora (14.11). Seniorzy tworz\u0105 w Gliwicach liczn\u0105 i bardzo aktywn\u0105 grup\u0119, dlatego miasto stara si\u0119 zapewni\u0107 im dobre warunki do spotka\u0144, rozwoju, sp\u0119dzania wolnego czasu i r\u00f3\u017cnorodnych aktywno\u015bci. Dzi\u0119kujemy dyrekcji Centrum Handlowego FORUM, kt\u00f3re aktywnie wspiera nas w tym przedsi\u0119wzi\u0119ciu, udost\u0119pniaj\u0105c swoj\u0105 przestrze\u0144 dla organizowanych przez nas dzia\u0142a\u0144. Obchody Gliwickich Dni Seniora potrwaj\u0105 w tym roku od 30 wrze\u015bnia do 8 pa\u017adziernika. Po wi\u0119cej szczeg\u00f3\u0142\u00f3w zapraszam na stron\u0119 <a href=\"https:\/\/gliwice.eu\/aktualnosci\/miasto\/gliwickie-dni-seniora\" target=\"_blank\" rel=\"noopener\">https:\/\/gliwice.eu<\/a> <\/em>\u2013 m\u00f3wi <strong>Beata Je\u017cyk<\/strong>, Pe\u0142nomocnik Prezydenta Miasta Gliwice do spraw senior\u00f3w z Wydzia\u0142u Zdrowia i Spraw Spo\u0142ecznych Urz\u0119du Miejskiego w Gliwicach.<\/p><div class=\"gliwi-a3-w-tresci-artykulow gliwi-entity-placement\" id=\"gliwi-461778250\"><div class=\"gliwi-adlabel\"><span style=\"font-size: 9px\">REKLAMA<\/span><\/div><div id=\"gliwi-4179050222\" style=\"margin-bottom: 30px;margin-left: auto;margin-right: auto;text-align: center;\"><a data-no-instant=\"1\" href=\"https:\/\/zlobek.halogen.org.pl\/\" rel=\"noopener\" class=\"a2t-link\" target=\"_blank\" aria-label=\"animator-zlobek_750x200\"><img loading=\"lazy\" decoding=\"async\" src=\"https:\/\/www.24gliwice.pl\/wiadomosci\/wp-content\/uploads\/2026\/02\/animator-zlobek_750x200.webp\" alt=\"\"  srcset=\"https:\/\/www.24gliwice.pl\/wiadomosci\/wp-content\/uploads\/2026\/02\/animator-zlobek_750x200.webp 750w, https:\/\/www.24gliwice.pl\/wiadomosci\/wp-content\/uploads\/2026\/02\/animator-zlobek_750x200-410x109.webp 410w\" sizes=\"(max-width: 750px) 100vw, 750px\" class=\"no-lazyload\" width=\"750\" height=\"200\"  style=\"display: inline-block; max-width: 100%; height: auto;\" \/><\/a><\/div><\/div>\n<p>\u2013 Z roku na rok obserwujemy rosn\u0105c\u0105 aktywno\u015b\u0107 senior\u00f3w, r\u00f3wnie\u017c w\u015br\u00f3d klient\u00f3w FORUM, kt\u00f3re \u2013 jak wiele innych centr\u00f3w handlowych \u2013 jest nie tylko miejscem codziennych zakup\u00f3w, ale tak\u017ce sp\u0119dzania wolnego czasu. Ka\u017cdy z nas ma wok\u00f3\u0142 siebie osoby starsze, kt\u00f3rych potrzeby powinni\u015bmy dostrzega\u0107 i s\u0142u\u017cy\u0107 im na co dzie\u0144 swoj\u0105 pomoc\u0105. Dlatego cieszymy si\u0119, \u017ce mo\u017cemy wesprze\u0107 Miasto Gliwice w organizacji tegorocznych Gliwickich Dni Seniora. Zapraszamy serdecznie w najbli\u017csz\u0105 sobot\u0119, 30 wrze\u015bnia, od godziny 14:00 \u2013 mog\u0119 zapewni\u0107, \u017ce atrakcji i niespodzianek na pewno nie zabraknie! \u2013 dodaje <strong>Alicja Sucha\u0144ska-Kr\u00f3lica, <\/strong>menad\u017cer ds. administracji i marketingu w CH FORUM.<\/p>\n<p><small>materia\u0142 partnera<\/small><\/p>\n<div class=\"gliwi-a5-na-koncu-artykulow gliwi-entity-placement\" id=\"gliwi-965309186\"><div class=\"gliwi-adlabel\"><span style=\"font-size: 9px\">REKLAMA<\/span><\/div><div id=\"gliwi-2834250258\" style=\"margin-left: auto;margin-right: auto;text-align: center;\"><a data-no-instant=\"1\" href=\"https:\/\/prezeroarenagliwice.pl\/\" rel=\"noopener\" class=\"a2t-link\" target=\"_blank\" aria-label=\"20260309-PREZERO-WIOSNA-D\"><img loading=\"lazy\" decoding=\"async\" src=\"https:\/\/www.24gliwice.pl\/wiadomosci\/wp-content\/uploads\/2026\/03\/20260309-PREZERO-WIOSNA-D.webp\" alt=\"\"  srcset=\"https:\/\/www.24gliwice.pl\/wiadomosci\/wp-content\/uploads\/2026\/03\/20260309-PREZERO-WIOSNA-D.webp 750w, https:\/\/www.24gliwice.pl\/wiadomosci\/wp-content\/uploads\/2026\/03\/20260309-PREZERO-WIOSNA-D-410x109.webp 410w\" sizes=\"(max-width: 750px) 100vw, 750px\" class=\"no-lazyload\" width=\"750\" height=\"200\"  style=\"display: inline-block; max-width: 100%; height: auto;\" \/><\/a><\/div><\/div>","protected":false},"excerpt":{"rendered":"<p>Pa\u017adziernik jest miesi\u0105cem, w kt\u00f3rym co roku honorujemy osoby starsze i podkre\u015blamy wa\u017cn\u0105 rol\u0119 seniora w \u017cyciu spo\u0142ecznym. Z tej okazji miasto przygotowa\u0142o szereg atrakcji, kt\u00f3re potrwaj\u0105 od 30 wrze\u015bnia do 8 pa\u017adziernika. Inauguracja tegorocznych obchod\u00f3w odb\u0119dzie si\u0119 w gliwickim Centrum Handlowym FORUM. &nbsp; 30 wrze\u015bnia, w godzinach 14:00-19:00, CH FORUM we wsp\u00f3\u0142pracy z Urz\u0119dem [&hellip;]<\/p>\n","protected":false},"author":15,"featured_media":222207,"comment_status":"closed","ping_status":"closed","sticky":false,"template":"","format":"standard","meta":{"_monsterinsights_skip_tracking":false,"_monsterinsights_sitenote_active":false,"_monsterinsights_sitenote_note":"","_monsterinsights_sitenote_category":0,"footnotes":"","_links_to":"","_links_to_target":""},"categories":[3,6,1,1129],"tags":[2198],"class_list":["post-222205","post","type-post","status-publish","format-standard","has-post-thumbnail","hentry","category-gliwice","category-kultura","category-wszystko","category-polecamy","tag-forum"],"yoast_head":"<!-- This site is optimized with the Yoast SEO plugin v27.5 - https:\/\/yoast.com\/product\/yoast-seo-wordpress\/ -->\n<title>Wiek to tylko liczba. Inauguracja gliwickich Dni Seniora w centrum handlowym Forum - 24GLIWICE - Portal Gliwice | codziennie nowe informacje<\/title>\n<meta name=\"description\" content=\"Inauguracja gliwickich Dni Seniora odb\u0119dzie si\u0119 w gliwickim Centrum Handlowym Forum ju\u017c w sobot\u0119, 30 wrze\u015bnia. Wst\u0119p na wydarzenia jest wolny\" \/>\n<meta name=\"robots\" content=\"index, follow, max-snippet:-1, max-image-preview:large, max-video-preview:-1\" \/>\n<link rel=\"canonical\" href=\"https:\/\/www.24gliwice.pl\/wiadomosci\/wiek-to-tylko-liczba-inauguracja-gliwickich-dni-seniora-w-centrum-handlowym-forum\/\" \/>\n<meta property=\"og:locale\" content=\"pl_PL\" \/>\n<meta property=\"og:type\" content=\"article\" \/>\n<meta property=\"og:title\" content=\"Wiek to tylko liczba. Inauguracja gliwickich Dni Seniora w centrum handlowym Forum - 24GLIWICE - Portal Gliwice | codziennie nowe informacje\" \/>\n<meta property=\"og:description\" content=\"Inauguracja gliwickich Dni Seniora odb\u0119dzie si\u0119 w gliwickim Centrum Handlowym Forum ju\u017c w sobot\u0119, 30 wrze\u015bnia. Wst\u0119p na wydarzenia jest wolny\" \/>\n<meta property=\"og:url\" content=\"https:\/\/www.24gliwice.pl\/wiadomosci\/wiek-to-tylko-liczba-inauguracja-gliwickich-dni-seniora-w-centrum-handlowym-forum\/\" \/>\n<meta property=\"og:site_name\" content=\"24GLIWICE - Portal Gliwice | codziennie nowe informacje\" \/>\n<meta property=\"article:publisher\" content=\"https:\/\/www.facebook.com\/24gliwice\" \/>\n<meta property=\"article:published_time\" content=\"2023-09-27T11:12:02+00:00\" \/>\n<meta property=\"og:image\" content=\"https:\/\/www.24gliwice.pl\/wiadomosci\/wp-content\/uploads\/2023\/09\/dni-seniora-foto.jpg\" \/>\n\t<meta property=\"og:image:width\" content=\"810\" \/>\n\t<meta property=\"og:image:height\" content=\"456\" \/>\n\t<meta property=\"og:image:type\" content=\"image\/jpeg\" \/>\n<meta name=\"author\" content=\"\u017baneta Mrozek-Siewierska\" \/>\n<meta name=\"twitter:card\" content=\"summary_large_image\" \/>\n<meta name=\"twitter:creator\" content=\"@24gliwice\" \/>\n<meta name=\"twitter:site\" content=\"@24gliwice\" \/>\n<meta name=\"twitter:label1\" content=\"Napisane przez\" \/>\n\t<meta name=\"twitter:data1\" content=\"\u017baneta Mrozek-Siewierska\" \/>\n\t<meta name=\"twitter:label2\" content=\"Szacowany czas czytania\" \/>\n\t<meta name=\"twitter:data2\" content=\"4 minuty\" \/>\n<script type=\"application\/ld+json\" class=\"yoast-schema-graph\">{\"@context\":\"https:\\\/\\\/schema.org\",\"@graph\":[{\"@type\":\"Article\",\"@id\":\"https:\\\/\\\/www.24gliwice.pl\\\/wiadomosci\\\/wiek-to-tylko-liczba-inauguracja-gliwickich-dni-seniora-w-centrum-handlowym-forum\\\/#article\",\"isPartOf\":{\"@id\":\"https:\\\/\\\/www.24gliwice.pl\\\/wiadomosci\\\/wiek-to-tylko-liczba-inauguracja-gliwickich-dni-seniora-w-centrum-handlowym-forum\\\/\"},\"author\":{\"name\":\"\u017baneta Mrozek-Siewierska\",\"@id\":\"https:\\\/\\\/www.24gliwice.pl\\\/wiadomosci\\\/#\\\/schema\\\/person\\\/e42c650edd7f2fa332be3811fb166b6e\"},\"headline\":\"Wiek to tylko liczba. Inauguracja gliwickich Dni Seniora w centrum handlowym Forum\",\"datePublished\":\"2023-09-27T11:12:02+00:00\",\"mainEntityOfPage\":{\"@id\":\"https:\\\/\\\/www.24gliwice.pl\\\/wiadomosci\\\/wiek-to-tylko-liczba-inauguracja-gliwickich-dni-seniora-w-centrum-handlowym-forum\\\/\"},\"wordCount\":687,\"publisher\":{\"@id\":\"https:\\\/\\\/www.24gliwice.pl\\\/wiadomosci\\\/#organization\"},\"image\":{\"@id\":\"https:\\\/\\\/www.24gliwice.pl\\\/wiadomosci\\\/wiek-to-tylko-liczba-inauguracja-gliwickich-dni-seniora-w-centrum-handlowym-forum\\\/#primaryimage\"},\"thumbnailUrl\":\"https:\\\/\\\/www.24gliwice.pl\\\/wiadomosci\\\/wp-content\\\/uploads\\\/2023\\\/09\\\/dni-seniora-foto.jpg\",\"keywords\":[\"FORUM\"],\"articleSection\":[\"Gliwice\",\"Kultura, wydarzenia, imprezy\",\"Najnowsze wiadomo\u015bci\",\"Polecamy\"],\"inLanguage\":\"pl-PL\"},{\"@type\":\"WebPage\",\"@id\":\"https:\\\/\\\/www.24gliwice.pl\\\/wiadomosci\\\/wiek-to-tylko-liczba-inauguracja-gliwickich-dni-seniora-w-centrum-handlowym-forum\\\/\",\"url\":\"https:\\\/\\\/www.24gliwice.pl\\\/wiadomosci\\\/wiek-to-tylko-liczba-inauguracja-gliwickich-dni-seniora-w-centrum-handlowym-forum\\\/\",\"name\":\"Wiek to tylko liczba. Inauguracja gliwickich Dni Seniora w centrum handlowym Forum - 24GLIWICE - Portal Gliwice | codziennie nowe informacje\",\"isPartOf\":{\"@id\":\"https:\\\/\\\/www.24gliwice.pl\\\/wiadomosci\\\/#website\"},\"primaryImageOfPage\":{\"@id\":\"https:\\\/\\\/www.24gliwice.pl\\\/wiadomosci\\\/wiek-to-tylko-liczba-inauguracja-gliwickich-dni-seniora-w-centrum-handlowym-forum\\\/#primaryimage\"},\"image\":{\"@id\":\"https:\\\/\\\/www.24gliwice.pl\\\/wiadomosci\\\/wiek-to-tylko-liczba-inauguracja-gliwickich-dni-seniora-w-centrum-handlowym-forum\\\/#primaryimage\"},\"thumbnailUrl\":\"https:\\\/\\\/www.24gliwice.pl\\\/wiadomosci\\\/wp-content\\\/uploads\\\/2023\\\/09\\\/dni-seniora-foto.jpg\",\"datePublished\":\"2023-09-27T11:12:02+00:00\",\"description\":\"Inauguracja gliwickich Dni Seniora odb\u0119dzie si\u0119 w gliwickim Centrum Handlowym Forum ju\u017c w sobot\u0119, 30 wrze\u015bnia. Wst\u0119p na wydarzenia jest wolny\",\"breadcrumb\":{\"@id\":\"https:\\\/\\\/www.24gliwice.pl\\\/wiadomosci\\\/wiek-to-tylko-liczba-inauguracja-gliwickich-dni-seniora-w-centrum-handlowym-forum\\\/#breadcrumb\"},\"inLanguage\":\"pl-PL\",\"potentialAction\":[{\"@type\":\"ReadAction\",\"target\":[\"https:\\\/\\\/www.24gliwice.pl\\\/wiadomosci\\\/wiek-to-tylko-liczba-inauguracja-gliwickich-dni-seniora-w-centrum-handlowym-forum\\\/\"]}]},{\"@type\":\"ImageObject\",\"inLanguage\":\"pl-PL\",\"@id\":\"https:\\\/\\\/www.24gliwice.pl\\\/wiadomosci\\\/wiek-to-tylko-liczba-inauguracja-gliwickich-dni-seniora-w-centrum-handlowym-forum\\\/#primaryimage\",\"url\":\"https:\\\/\\\/www.24gliwice.pl\\\/wiadomosci\\\/wp-content\\\/uploads\\\/2023\\\/09\\\/dni-seniora-foto.jpg\",\"contentUrl\":\"https:\\\/\\\/www.24gliwice.pl\\\/wiadomosci\\\/wp-content\\\/uploads\\\/2023\\\/09\\\/dni-seniora-foto.jpg\",\"width\":810,\"height\":456},{\"@type\":\"BreadcrumbList\",\"@id\":\"https:\\\/\\\/www.24gliwice.pl\\\/wiadomosci\\\/wiek-to-tylko-liczba-inauguracja-gliwickich-dni-seniora-w-centrum-handlowym-forum\\\/#breadcrumb\",\"itemListElement\":[{\"@type\":\"ListItem\",\"position\":1,\"name\":\"Strona g\u0142\u00f3wna\",\"item\":\"https:\\\/\\\/www.24gliwice.pl\\\/wiadomosci\\\/\"},{\"@type\":\"ListItem\",\"position\":2,\"name\":\"Wiek to tylko liczba. Inauguracja gliwickich Dni Seniora w centrum handlowym Forum\"}]},{\"@type\":\"WebSite\",\"@id\":\"https:\\\/\\\/www.24gliwice.pl\\\/wiadomosci\\\/#website\",\"url\":\"https:\\\/\\\/www.24gliwice.pl\\\/wiadomosci\\\/\",\"name\":\"24GLIWICE - Portal Gliwice | codziennie nowe wiadomo\u015bci\",\"description\":\"Portal Miejski Gliwice\",\"publisher\":{\"@id\":\"https:\\\/\\\/www.24gliwice.pl\\\/wiadomosci\\\/#organization\"},\"potentialAction\":[{\"@type\":\"SearchAction\",\"target\":{\"@type\":\"EntryPoint\",\"urlTemplate\":\"https:\\\/\\\/www.24gliwice.pl\\\/wiadomosci\\\/?s={search_term_string}\"},\"query-input\":{\"@type\":\"PropertyValueSpecification\",\"valueRequired\":true,\"valueName\":\"search_term_string\"}}],\"inLanguage\":\"pl-PL\"},{\"@type\":\"Organization\",\"@id\":\"https:\\\/\\\/www.24gliwice.pl\\\/wiadomosci\\\/#organization\",\"name\":\"24gliwice\",\"url\":\"https:\\\/\\\/www.24gliwice.pl\\\/wiadomosci\\\/\",\"logo\":{\"@type\":\"ImageObject\",\"inLanguage\":\"pl-PL\",\"@id\":\"https:\\\/\\\/www.24gliwice.pl\\\/wiadomosci\\\/#\\\/schema\\\/logo\\\/image\\\/\",\"url\":\"https:\\\/\\\/www.24gliwice.pl\\\/wiadomosci\\\/wp-content\\\/uploads\\\/2024\\\/10\\\/24gliwice-logo-696.jpg\",\"contentUrl\":\"https:\\\/\\\/www.24gliwice.pl\\\/wiadomosci\\\/wp-content\\\/uploads\\\/2024\\\/10\\\/24gliwice-logo-696.jpg\",\"width\":696,\"height\":696,\"caption\":\"24gliwice\"},\"image\":{\"@id\":\"https:\\\/\\\/www.24gliwice.pl\\\/wiadomosci\\\/#\\\/schema\\\/logo\\\/image\\\/\"},\"sameAs\":[\"https:\\\/\\\/www.facebook.com\\\/24gliwice\",\"https:\\\/\\\/x.com\\\/24gliwice\",\"https:\\\/\\\/www.youtube.com\\\/@24gliwice\"]},{\"@type\":\"Person\",\"@id\":\"https:\\\/\\\/www.24gliwice.pl\\\/wiadomosci\\\/#\\\/schema\\\/person\\\/e42c650edd7f2fa332be3811fb166b6e\",\"name\":\"\u017baneta Mrozek-Siewierska\",\"image\":{\"@type\":\"ImageObject\",\"inLanguage\":\"pl-PL\",\"@id\":\"https:\\\/\\\/secure.gravatar.com\\\/avatar\\\/1881429e9c64597c77ad7aef2d0a19be69a3253e57534d16aa15bf3a4d34a0a3?s=96&d=mm&r=g\",\"url\":\"https:\\\/\\\/secure.gravatar.com\\\/avatar\\\/1881429e9c64597c77ad7aef2d0a19be69a3253e57534d16aa15bf3a4d34a0a3?s=96&d=mm&r=g\",\"contentUrl\":\"https:\\\/\\\/secure.gravatar.com\\\/avatar\\\/1881429e9c64597c77ad7aef2d0a19be69a3253e57534d16aa15bf3a4d34a0a3?s=96&d=mm&r=g\",\"caption\":\"\u017baneta Mrozek-Siewierska\"},\"url\":\"https:\\\/\\\/www.24gliwice.pl\\\/wiadomosci\\\/author\\\/zms\\\/\"}]}<\/script>\n<!-- \/ Yoast SEO plugin. -->","yoast_head_json":{"title":"Wiek to tylko liczba. Inauguracja gliwickich Dni Seniora w centrum handlowym Forum - 24GLIWICE - Portal Gliwice | codziennie nowe informacje","description":"Inauguracja gliwickich Dni Seniora odb\u0119dzie si\u0119 w gliwickim Centrum Handlowym Forum ju\u017c w sobot\u0119, 30 wrze\u015bnia. Wst\u0119p na wydarzenia jest wolny","robots":{"index":"index","follow":"follow","max-snippet":"max-snippet:-1","max-image-preview":"max-image-preview:large","max-video-preview":"max-video-preview:-1"},"canonical":"https:\/\/www.24gliwice.pl\/wiadomosci\/wiek-to-tylko-liczba-inauguracja-gliwickich-dni-seniora-w-centrum-handlowym-forum\/","og_locale":"pl_PL","og_type":"article","og_title":"Wiek to tylko liczba. Inauguracja gliwickich Dni Seniora w centrum handlowym Forum - 24GLIWICE - Portal Gliwice | codziennie nowe informacje","og_description":"Inauguracja gliwickich Dni Seniora odb\u0119dzie si\u0119 w gliwickim Centrum Handlowym Forum ju\u017c w sobot\u0119, 30 wrze\u015bnia. Wst\u0119p na wydarzenia jest wolny","og_url":"https:\/\/www.24gliwice.pl\/wiadomosci\/wiek-to-tylko-liczba-inauguracja-gliwickich-dni-seniora-w-centrum-handlowym-forum\/","og_site_name":"24GLIWICE - Portal Gliwice | codziennie nowe informacje","article_publisher":"https:\/\/www.facebook.com\/24gliwice","article_published_time":"2023-09-27T11:12:02+00:00","og_image":[{"width":810,"height":456,"url":"https:\/\/www.24gliwice.pl\/wiadomosci\/wp-content\/uploads\/2023\/09\/dni-seniora-foto.jpg","type":"image\/jpeg"}],"author":"\u017baneta Mrozek-Siewierska","twitter_card":"summary_large_image","twitter_creator":"@24gliwice","twitter_site":"@24gliwice","twitter_misc":{"Napisane przez":"\u017baneta Mrozek-Siewierska","Szacowany czas czytania":"4 minuty"},"schema":{"@context":"https:\/\/schema.org","@graph":[{"@type":"Article","@id":"https:\/\/www.24gliwice.pl\/wiadomosci\/wiek-to-tylko-liczba-inauguracja-gliwickich-dni-seniora-w-centrum-handlowym-forum\/#article","isPartOf":{"@id":"https:\/\/www.24gliwice.pl\/wiadomosci\/wiek-to-tylko-liczba-inauguracja-gliwickich-dni-seniora-w-centrum-handlowym-forum\/"},"author":{"name":"\u017baneta Mrozek-Siewierska","@id":"https:\/\/www.24gliwice.pl\/wiadomosci\/#\/schema\/person\/e42c650edd7f2fa332be3811fb166b6e"},"headline":"Wiek to tylko liczba. Inauguracja gliwickich Dni Seniora w centrum handlowym Forum","datePublished":"2023-09-27T11:12:02+00:00","mainEntityOfPage":{"@id":"https:\/\/www.24gliwice.pl\/wiadomosci\/wiek-to-tylko-liczba-inauguracja-gliwickich-dni-seniora-w-centrum-handlowym-forum\/"},"wordCount":687,"publisher":{"@id":"https:\/\/www.24gliwice.pl\/wiadomosci\/#organization"},"image":{"@id":"https:\/\/www.24gliwice.pl\/wiadomosci\/wiek-to-tylko-liczba-inauguracja-gliwickich-dni-seniora-w-centrum-handlowym-forum\/#primaryimage"},"thumbnailUrl":"https:\/\/www.24gliwice.pl\/wiadomosci\/wp-content\/uploads\/2023\/09\/dni-seniora-foto.jpg","keywords":["FORUM"],"articleSection":["Gliwice","Kultura, wydarzenia, imprezy","Najnowsze wiadomo\u015bci","Polecamy"],"inLanguage":"pl-PL"},{"@type":"WebPage","@id":"https:\/\/www.24gliwice.pl\/wiadomosci\/wiek-to-tylko-liczba-inauguracja-gliwickich-dni-seniora-w-centrum-handlowym-forum\/","url":"https:\/\/www.24gliwice.pl\/wiadomosci\/wiek-to-tylko-liczba-inauguracja-gliwickich-dni-seniora-w-centrum-handlowym-forum\/","name":"Wiek to tylko liczba. Inauguracja gliwickich Dni Seniora w centrum handlowym Forum - 24GLIWICE - Portal Gliwice | codziennie nowe informacje","isPartOf":{"@id":"https:\/\/www.24gliwice.pl\/wiadomosci\/#website"},"primaryImageOfPage":{"@id":"https:\/\/www.24gliwice.pl\/wiadomosci\/wiek-to-tylko-liczba-inauguracja-gliwickich-dni-seniora-w-centrum-handlowym-forum\/#primaryimage"},"image":{"@id":"https:\/\/www.24gliwice.pl\/wiadomosci\/wiek-to-tylko-liczba-inauguracja-gliwickich-dni-seniora-w-centrum-handlowym-forum\/#primaryimage"},"thumbnailUrl":"https:\/\/www.24gliwice.pl\/wiadomosci\/wp-content\/uploads\/2023\/09\/dni-seniora-foto.jpg","datePublished":"2023-09-27T11:12:02+00:00","description":"Inauguracja gliwickich Dni Seniora odb\u0119dzie si\u0119 w gliwickim Centrum Handlowym Forum ju\u017c w sobot\u0119, 30 wrze\u015bnia. Wst\u0119p na wydarzenia jest wolny","breadcrumb":{"@id":"https:\/\/www.24gliwice.pl\/wiadomosci\/wiek-to-tylko-liczba-inauguracja-gliwickich-dni-seniora-w-centrum-handlowym-forum\/#breadcrumb"},"inLanguage":"pl-PL","potentialAction":[{"@type":"ReadAction","target":["https:\/\/www.24gliwice.pl\/wiadomosci\/wiek-to-tylko-liczba-inauguracja-gliwickich-dni-seniora-w-centrum-handlowym-forum\/"]}]},{"@type":"ImageObject","inLanguage":"pl-PL","@id":"https:\/\/www.24gliwice.pl\/wiadomosci\/wiek-to-tylko-liczba-inauguracja-gliwickich-dni-seniora-w-centrum-handlowym-forum\/#primaryimage","url":"https:\/\/www.24gliwice.pl\/wiadomosci\/wp-content\/uploads\/2023\/09\/dni-seniora-foto.jpg","contentUrl":"https:\/\/www.24gliwice.pl\/wiadomosci\/wp-content\/uploads\/2023\/09\/dni-seniora-foto.jpg","width":810,"height":456},{"@type":"BreadcrumbList","@id":"https:\/\/www.24gliwice.pl\/wiadomosci\/wiek-to-tylko-liczba-inauguracja-gliwickich-dni-seniora-w-centrum-handlowym-forum\/#breadcrumb","itemListElement":[{"@type":"ListItem","position":1,"name":"Strona g\u0142\u00f3wna","item":"https:\/\/www.24gliwice.pl\/wiadomosci\/"},{"@type":"ListItem","position":2,"name":"Wiek to tylko liczba. Inauguracja gliwickich Dni Seniora w centrum handlowym Forum"}]},{"@type":"WebSite","@id":"https:\/\/www.24gliwice.pl\/wiadomosci\/#website","url":"https:\/\/www.24gliwice.pl\/wiadomosci\/","name":"24GLIWICE - Portal Gliwice | codziennie nowe wiadomo\u015bci","description":"Portal Miejski Gliwice","publisher":{"@id":"https:\/\/www.24gliwice.pl\/wiadomosci\/#organization"},"potentialAction":[{"@type":"SearchAction","target":{"@type":"EntryPoint","urlTemplate":"https:\/\/www.24gliwice.pl\/wiadomosci\/?s={search_term_string}"},"query-input":{"@type":"PropertyValueSpecification","valueRequired":true,"valueName":"search_term_string"}}],"inLanguage":"pl-PL"},{"@type":"Organization","@id":"https:\/\/www.24gliwice.pl\/wiadomosci\/#organization","name":"24gliwice","url":"https:\/\/www.24gliwice.pl\/wiadomosci\/","logo":{"@type":"ImageObject","inLanguage":"pl-PL","@id":"https:\/\/www.24gliwice.pl\/wiadomosci\/#\/schema\/logo\/image\/","url":"https:\/\/www.24gliwice.pl\/wiadomosci\/wp-content\/uploads\/2024\/10\/24gliwice-logo-696.jpg","contentUrl":"https:\/\/www.24gliwice.pl\/wiadomosci\/wp-content\/uploads\/2024\/10\/24gliwice-logo-696.jpg","width":696,"height":696,"caption":"24gliwice"},"image":{"@id":"https:\/\/www.24gliwice.pl\/wiadomosci\/#\/schema\/logo\/image\/"},"sameAs":["https:\/\/www.facebook.com\/24gliwice","https:\/\/x.com\/24gliwice","https:\/\/www.youtube.com\/@24gliwice"]},{"@type":"Person","@id":"https:\/\/www.24gliwice.pl\/wiadomosci\/#\/schema\/person\/e42c650edd7f2fa332be3811fb166b6e","name":"\u017baneta Mrozek-Siewierska","image":{"@type":"ImageObject","inLanguage":"pl-PL","@id":"https:\/\/secure.gravatar.com\/avatar\/1881429e9c64597c77ad7aef2d0a19be69a3253e57534d16aa15bf3a4d34a0a3?s=96&d=mm&r=g","url":"https:\/\/secure.gravatar.com\/avatar\/1881429e9c64597c77ad7aef2d0a19be69a3253e57534d16aa15bf3a4d34a0a3?s=96&d=mm&r=g","contentUrl":"https:\/\/secure.gravatar.com\/avatar\/1881429e9c64597c77ad7aef2d0a19be69a3253e57534d16aa15bf3a4d34a0a3?s=96&d=mm&r=g","caption":"\u017baneta Mrozek-Siewierska"},"url":"https:\/\/www.24gliwice.pl\/wiadomosci\/author\/zms\/"}]}},"_links":{"self":[{"href":"https:\/\/www.24gliwice.pl\/wiadomosci\/wp-json\/wp\/v2\/posts\/222205","targetHints":{"allow":["GET"]}}],"collection":[{"href":"https:\/\/www.24gliwice.pl\/wiadomosci\/wp-json\/wp\/v2\/posts"}],"about":[{"href":"https:\/\/www.24gliwice.pl\/wiadomosci\/wp-json\/wp\/v2\/types\/post"}],"author":[{"embeddable":true,"href":"https:\/\/www.24gliwice.pl\/wiadomosci\/wp-json\/wp\/v2\/users\/15"}],"replies":[{"embeddable":true,"href":"https:\/\/www.24gliwice.pl\/wiadomosci\/wp-json\/wp\/v2\/comments?post=222205"}],"version-history":[{"count":0,"href":"https:\/\/www.24gliwice.pl\/wiadomosci\/wp-json\/wp\/v2\/posts\/222205\/revisions"}],"wp:featuredmedia":[{"embeddable":true,"href":"https:\/\/www.24gliwice.pl\/wiadomosci\/wp-json\/wp\/v2\/media\/222207"}],"wp:attachment":[{"href":"https:\/\/www.24gliwice.pl\/wiadomosci\/wp-json\/wp\/v2\/media?parent=222205"}],"wp:term":[{"taxonomy":"category","embeddable":true,"href":"https:\/\/www.24gliwice.pl\/wiadomosci\/wp-json\/wp\/v2\/categories?post=222205"},{"taxonomy":"post_tag","embeddable":true,"href":"https:\/\/www.24gliwice.pl\/wiadomosci\/wp-json\/wp\/v2\/tags?post=222205"}],"curies":[{"name":"wp","href":"https:\/\/api.w.org\/{rel}","templated":true}]}}