{"id":222312,"date":"2023-09-29T13:46:52","date_gmt":"2023-09-29T11:46:52","guid":{"rendered":"https:\/\/www.24gliwice.pl\/wiadomosci\/?p=222312"},"modified":"2023-10-02T23:01:51","modified_gmt":"2023-10-02T21:01:51","slug":"zygmunt-frankiewicz-premier-morawiecki-jest-notorycznym-klamca-za-tym-co-mowi-nie-ida-zadne-czyny","status":"publish","type":"post","link":"https:\/\/www.24gliwice.pl\/wiadomosci\/zygmunt-frankiewicz-premier-morawiecki-jest-notorycznym-klamca-za-tym-co-mowi-nie-ida-zadne-czyny\/","title":{"rendered":"Zygmunt Frankiewicz: &#8220;Premier Morawiecki jest notorycznym k\u0142amc\u0105. Za tym co m\u00f3wi nie id\u0105 \u017cadne czyny&#8221;"},"content":{"rendered":"<div class=\"gliwi-a6-nad-leadem-artykulow gliwi-entity-placement\" id=\"gliwi-996874387\"><div class=\"gliwi-adlabel\"><span style=\"font-size: 9px\">REKLAMA<\/span><\/div><div id=\"gliwi-4268896199\" style=\"margin-bottom: 30px;margin-left: auto;margin-right: auto;text-align: center;\"><a data-no-instant=\"1\" href=\"https:\/\/przedszkole.halogen.org.pl\/\" rel=\"noopener\" class=\"a2t-link\" target=\"_blank\" aria-label=\"20260402-ANIMATOR-przedszkole_grafika_750x200\"><img loading=\"lazy\" decoding=\"async\" src=\"https:\/\/www.24gliwice.pl\/wiadomosci\/wp-content\/uploads\/2026\/04\/20260402-ANIMATOR-przedszkole_grafika_750x200.webp\" alt=\"\"  srcset=\"https:\/\/www.24gliwice.pl\/wiadomosci\/wp-content\/uploads\/2026\/04\/20260402-ANIMATOR-przedszkole_grafika_750x200.webp 750w, https:\/\/www.24gliwice.pl\/wiadomosci\/wp-content\/uploads\/2026\/04\/20260402-ANIMATOR-przedszkole_grafika_750x200-410x109.webp 410w\" sizes=\"(max-width: 750px) 100vw, 750px\" class=\"no-lazyload\" width=\"750\" height=\"200\"  style=\"display: inline-block; max-width: 100%; height: auto;\" \/><\/a><\/div><\/div><p><iframe loading=\"lazy\" title=\"Zygmunt Frankiewicz ostro o premierze Morawieckim: &quot;Jest notorycznym k\u0142amc\u0105&quot;\" width=\"810\" height=\"456\" src=\"https:\/\/www.youtube.com\/embed\/DeqgDMHAwW0?feature=oembed\" frameborder=\"0\" allow=\"accelerometer; autoplay; clipboard-write; encrypted-media; gyroscope; picture-in-picture; web-share\" allowfullscreen><\/iframe><\/p>\n<h2><em>&#8211; Premier Morawiecki jest notorycznym k\u0142amc\u0105, wszystko co m\u00f3wi nie powinno by\u0107 powa\u017cnie traktowane, dlatego, \u017ce za tym nie id\u0105 \u017cadne czyny. To jest czysta ob\u0142uda<\/em><\/h2>\n<p>&#8211; m\u00f3wi w programie Go\u015b\u0107 Dnia <strong>Zygmunt Frankiewicz<\/strong>, senator RP, by\u0142y prezydent Gliwic.<\/p>\n<p><em>&#8211; Tak jak niszczony jest samorz\u0105d, nawet w namiastce nigdy nie by\u0142 traktowany wcze\u015bniej. (&#8230;) Pieni\u0105dze (dla samorz\u0105du &#8211; red) s\u0105 rozdawane albo w og\u00f3le bez zasad, albo z iluzorycznymi zasadami, kt\u00f3re zwykle sprowadzaj\u0105 si\u0119 do tego, \u017ce premier mo\u017ce da\u0107 ka\u017cdemu dowoln\u0105 kwot\u0119 i dowolnie \u017ale potraktowa\u0107 ka\u017cdy z samorz\u0105d\u00f3w. To jest rz\u0105dzenie na zasadzie dziel i rz\u0105d\u017a, czyli swoim dajemy, niepokornym nie dajemy. Cz\u0119\u015b\u0107 samorz\u0105d\u00f3w jest doprowadzona praktycznie do bankructwa<\/em> &#8211; ocenia Zygmunt Frankiewicz.<\/p><div class=\"gliwi-a3-w-tresci-artykulow gliwi-entity-placement\" id=\"gliwi-2665956107\"><div class=\"gliwi-adlabel\"><span style=\"font-size: 9px\">REKLAMA<\/span><\/div><div id=\"gliwi-560119486\" style=\"margin-bottom: 30px;margin-left: auto;margin-right: auto;text-align: center;\"><a data-no-instant=\"1\" href=\"https:\/\/zlobek.halogen.org.pl\/\" rel=\"noopener\" class=\"a2t-link\" target=\"_blank\" aria-label=\"animator-zlobek_750x200\"><img loading=\"lazy\" decoding=\"async\" src=\"https:\/\/www.24gliwice.pl\/wiadomosci\/wp-content\/uploads\/2026\/02\/animator-zlobek_750x200.webp\" alt=\"\"  srcset=\"https:\/\/www.24gliwice.pl\/wiadomosci\/wp-content\/uploads\/2026\/02\/animator-zlobek_750x200.webp 750w, https:\/\/www.24gliwice.pl\/wiadomosci\/wp-content\/uploads\/2026\/02\/animator-zlobek_750x200-410x109.webp 410w\" sizes=\"(max-width: 750px) 100vw, 750px\" class=\"no-lazyload\" width=\"750\" height=\"200\"  style=\"display: inline-block; max-width: 100%; height: auto;\" \/><\/a><\/div><\/div>\n<hr>\n<p><strong>Uwaga. Dla u\u0142atwienia wywiad zosta\u0142 podzielony na rozdzia\u0142y<\/strong>. Je\u015bli chcesz pos\u0142ucha\u0107 tylko okre\u015blonego fragmentu &#8211; najed\u017a na pasek post\u0119pu filmu w trakcie odtwarzania. Mo\u017cesz te\u017c klikn\u0105\u0107 bezpo\u015brednio w wybrany znacznik czasowy widoczny poni\u017cej.<\/p>\n<p><span class=\"yt-core-attributed-string--link-inherit-color\"><a class=\"yt-core-attributed-string__link yt-core-attributed-string__link--display-type yt-core-attributed-string__link--call-to-action-color\" tabindex=\"0\" href=\"https:\/\/www.youtube.com\/watch?v=DeqgDMHAwW0&amp;t=0s\" target=\"\" rel=\"nofollow noopener\">00:00<\/a><\/span><span class=\"yt-core-attributed-string--link-inherit-color\"> Skr\u00f3t, powitanie <\/span><span class=\"yt-core-attributed-string--link-inherit-color\"><a class=\"yt-core-attributed-string__link yt-core-attributed-string__link--display-type yt-core-attributed-string__link--call-to-action-color\" tabindex=\"0\" href=\"https:\/\/www.youtube.com\/watch?v=DeqgDMHAwW0&amp;t=69s\" target=\"\" rel=\"nofollow noopener\">01:09<\/a><\/span><span class=\"yt-core-attributed-string--link-inherit-color\"> O pakcie senackim i relacjach z Platform\u0105 Obywatelsk\u0105 <\/span><span class=\"yt-core-attributed-string--link-inherit-color\"><a class=\"yt-core-attributed-string__link yt-core-attributed-string__link--display-type yt-core-attributed-string__link--call-to-action-color\" tabindex=\"0\" href=\"https:\/\/www.youtube.com\/watch?v=DeqgDMHAwW0&amp;t=478s\" target=\"\" rel=\"nofollow noopener\">07:58<\/a><\/span><span class=\"yt-core-attributed-string--link-inherit-color\"> Dlaczego wg senatora PiS szkodzi samorz\u0105dom <\/span><span class=\"yt-core-attributed-string--link-inherit-color\"><a class=\"yt-core-attributed-string__link yt-core-attributed-string__link--display-type yt-core-attributed-string__link--call-to-action-color\" tabindex=\"0\" href=\"https:\/\/www.youtube.com\/watch?v=DeqgDMHAwW0&amp;t=685s\" target=\"\" rel=\"nofollow noopener\">11:25<\/a><\/span><span class=\"yt-core-attributed-string--link-inherit-color\"> 60 tysi\u0119cy z\u0142otych wolne od podatku? <\/span><span class=\"yt-core-attributed-string--link-inherit-color\"><a class=\"yt-core-attributed-string__link yt-core-attributed-string__link--display-type yt-core-attributed-string__link--call-to-action-color\" tabindex=\"0\" href=\"https:\/\/www.youtube.com\/watch?v=DeqgDMHAwW0&amp;t=727s\" target=\"\" rel=\"nofollow noopener\">12:07<\/a><\/span><span class=\"yt-core-attributed-string--link-inherit-color\"> Kadencyjno\u015b\u0107 a &#8220;zabetonowanie&#8221; samorz\u0105d\u00f3w <\/span><span class=\"yt-core-attributed-string--link-inherit-color\"><a class=\"yt-core-attributed-string__link yt-core-attributed-string__link--display-type yt-core-attributed-string__link--call-to-action-color\" tabindex=\"0\" href=\"https:\/\/www.youtube.com\/watch?v=DeqgDMHAwW0&amp;t=1048s\" target=\"\" rel=\"nofollow noopener\">17:28<\/a><\/span><span class=\"yt-core-attributed-string--link-inherit-color\"> Ocena aktualnych w\u0142adz Gliwic <\/span><span class=\"yt-core-attributed-string--link-inherit-color\"><a class=\"yt-core-attributed-string__link yt-core-attributed-string__link--display-type yt-core-attributed-string__link--call-to-action-color\" tabindex=\"0\" href=\"https:\/\/www.youtube.com\/watch?v=DeqgDMHAwW0&amp;t=1218s\" target=\"\" rel=\"nofollow noopener\">20:18<\/a><\/span><span class=\"yt-core-attributed-string--link-inherit-color\"> Wybory prezydenta Gliwic w 2024 roku <\/span><span class=\"yt-core-attributed-string--link-inherit-color\"><a class=\"yt-core-attributed-string__link yt-core-attributed-string__link--display-type yt-core-attributed-string__link--call-to-action-color\" tabindex=\"0\" href=\"https:\/\/www.youtube.com\/watch?v=DeqgDMHAwW0&amp;t=1270s\" target=\"\" rel=\"nofollow noopener\">21:10<\/a><\/span><span class=\"yt-core-attributed-string--link-inherit-color\"> Sp\u00f3r mi\u0119dzy B. Budk\u0105 a A. Neumannem<\/span><\/p>\n<p><strong>Zapraszamy do pos\u0142uchania ca\u0142ego wywiadu.<\/strong><\/p>\n<p>Odcinek programu Go\u015b\u0107 Dnia zrealizowano w studiu 24gliwice. Rozmow\u0119 prowadzi red. <strong>Micha\u0142 Szewczyk<\/strong>. Realizacja \u0141ukasz Gawin, Marcin Fabrykowski.<\/p>\n<div class=\"gliwi-a5-na-koncu-artykulow gliwi-entity-placement\" id=\"gliwi-80368471\"><div class=\"gliwi-adlabel\"><span style=\"font-size: 9px\">REKLAMA<\/span><\/div><div id=\"gliwi-888612372\" style=\"margin-left: auto;margin-right: auto;text-align: center;\"><a data-no-instant=\"1\" href=\"https:\/\/prezeroarenagliwice.pl\/\" rel=\"noopener\" class=\"a2t-link\" target=\"_blank\" aria-label=\"20260309-PREZERO-WIOSNA-D\"><img loading=\"lazy\" decoding=\"async\" src=\"https:\/\/www.24gliwice.pl\/wiadomosci\/wp-content\/uploads\/2026\/03\/20260309-PREZERO-WIOSNA-D.webp\" alt=\"\"  srcset=\"https:\/\/www.24gliwice.pl\/wiadomosci\/wp-content\/uploads\/2026\/03\/20260309-PREZERO-WIOSNA-D.webp 750w, https:\/\/www.24gliwice.pl\/wiadomosci\/wp-content\/uploads\/2026\/03\/20260309-PREZERO-WIOSNA-D-410x109.webp 410w\" sizes=\"(max-width: 750px) 100vw, 750px\" class=\"no-lazyload\" width=\"750\" height=\"200\"  style=\"display: inline-block; max-width: 100%; height: auto;\" \/><\/a><\/div><\/div>","protected":false},"excerpt":{"rendered":"<p>&#8211; Premier Morawiecki jest notorycznym k\u0142amc\u0105, wszystko co m\u00f3wi nie powinno by\u0107 powa\u017cnie traktowane, dlatego, \u017ce za tym nie id\u0105 \u017cadne czyny. To jest czysta ob\u0142uda &#8211; m\u00f3wi w programie Go\u015b\u0107 Dnia Zygmunt Frankiewicz, senator RP, by\u0142y prezydent Gliwic. &#8211; Tak jak niszczony jest samorz\u0105d, nawet w namiastce nigdy nie by\u0142 traktowany wcze\u015bniej. (&#8230;) Pieni\u0105dze [&hellip;]<\/p>\n","protected":false},"author":4,"featured_media":222313,"comment_status":"closed","ping_status":"closed","sticky":false,"template":"","format":"video","meta":{"_monsterinsights_skip_tracking":false,"_monsterinsights_sitenote_active":false,"_monsterinsights_sitenote_note":"","_monsterinsights_sitenote_category":0,"footnotes":"","_links_to":"","_links_to_target":""},"categories":[3,83,1,9,8,4,12],"tags":[76,22995,29],"class_list":["post-222312","post","type-post","status-publish","format-video","has-post-thumbnail","hentry","category-gliwice","category-gosc_dnia","category-wszystko","category-aktualnosci_lokalne","category-samorzad_polityka","category-telewizja-gliwice","category-wywiady","tag-gosc-dnia","tag-wybory-2023","tag-zygmunt-frankiewicz","post_format-post-format-video"],"yoast_head":"<!-- This site is optimized with the Yoast SEO plugin v27.5 - https:\/\/yoast.com\/product\/yoast-seo-wordpress\/ -->\n<title>Zygmunt Frankiewicz: &quot;Premier Morawiecki jest notorycznym k\u0142amc\u0105. Za tym co m\u00f3wi nie id\u0105 \u017cadne czyny&quot; - 24GLIWICE - Portal Gliwice | codziennie nowe informacje<\/title>\n<meta name=\"robots\" content=\"index, follow, max-snippet:-1, max-image-preview:large, max-video-preview:-1\" \/>\n<link rel=\"canonical\" href=\"https:\/\/www.24gliwice.pl\/wiadomosci\/zygmunt-frankiewicz-premier-morawiecki-jest-notorycznym-klamca-za-tym-co-mowi-nie-ida-zadne-czyny\/\" \/>\n<meta property=\"og:locale\" content=\"pl_PL\" \/>\n<meta property=\"og:type\" content=\"article\" \/>\n<meta property=\"og:title\" content=\"Zygmunt Frankiewicz: &quot;Premier Morawiecki jest notorycznym k\u0142amc\u0105. Za tym co m\u00f3wi nie id\u0105 \u017cadne czyny&quot; - 24GLIWICE - Portal Gliwice | codziennie nowe informacje\" \/>\n<meta property=\"og:description\" content=\"&#8211; Premier Morawiecki jest notorycznym k\u0142amc\u0105, wszystko co m\u00f3wi nie powinno by\u0107 powa\u017cnie traktowane, dlatego, \u017ce za tym nie id\u0105 \u017cadne czyny. To jest czysta ob\u0142uda &#8211; m\u00f3wi w programie Go\u015b\u0107 Dnia Zygmunt Frankiewicz, senator RP, by\u0142y prezydent Gliwic. &#8211; Tak jak niszczony jest samorz\u0105d, nawet w namiastce nigdy nie by\u0142 traktowany wcze\u015bniej. (&#8230;) Pieni\u0105dze [&hellip;]\" \/>\n<meta property=\"og:url\" content=\"https:\/\/www.24gliwice.pl\/wiadomosci\/zygmunt-frankiewicz-premier-morawiecki-jest-notorycznym-klamca-za-tym-co-mowi-nie-ida-zadne-czyny\/\" \/>\n<meta property=\"og:site_name\" content=\"24GLIWICE - Portal Gliwice | codziennie nowe informacje\" \/>\n<meta property=\"article:publisher\" content=\"https:\/\/www.facebook.com\/24gliwice\" \/>\n<meta property=\"article:author\" content=\"https:\/\/www.facebook.com\/marcin.fabrykowski\" \/>\n<meta property=\"article:published_time\" content=\"2023-09-29T11:46:52+00:00\" \/>\n<meta property=\"article:modified_time\" content=\"2023-10-02T21:01:51+00:00\" \/>\n<meta property=\"og:image\" content=\"https:\/\/www.24gliwice.pl\/wiadomosci\/wp-content\/uploads\/2023\/09\/gosc-dnia-zygmunt-frankiewicz.jpg\" \/>\n\t<meta property=\"og:image:width\" content=\"1140\" \/>\n\t<meta property=\"og:image:height\" content=\"642\" \/>\n\t<meta property=\"og:image:type\" content=\"image\/jpeg\" \/>\n<meta name=\"author\" content=\"Marcin Fabrykowski\" \/>\n<meta name=\"twitter:card\" content=\"summary_large_image\" \/>\n<meta name=\"twitter:creator\" content=\"@24gliwice\" \/>\n<meta name=\"twitter:site\" content=\"@24gliwice\" \/>\n<meta name=\"twitter:label1\" content=\"Napisane przez\" \/>\n\t<meta name=\"twitter:data1\" content=\"Marcin Fabrykowski\" \/>\n\t<meta name=\"twitter:label2\" content=\"Szacowany czas czytania\" \/>\n\t<meta name=\"twitter:data2\" content=\"2 minuty\" \/>\n<script type=\"application\/ld+json\" class=\"yoast-schema-graph\">{\"@context\":\"https:\\\/\\\/schema.org\",\"@graph\":[{\"@type\":\"Article\",\"@id\":\"https:\\\/\\\/www.24gliwice.pl\\\/wiadomosci\\\/zygmunt-frankiewicz-premier-morawiecki-jest-notorycznym-klamca-za-tym-co-mowi-nie-ida-zadne-czyny\\\/#article\",\"isPartOf\":{\"@id\":\"https:\\\/\\\/www.24gliwice.pl\\\/wiadomosci\\\/zygmunt-frankiewicz-premier-morawiecki-jest-notorycznym-klamca-za-tym-co-mowi-nie-ida-zadne-czyny\\\/\"},\"author\":{\"name\":\"Marcin Fabrykowski\",\"@id\":\"https:\\\/\\\/www.24gliwice.pl\\\/wiadomosci\\\/#\\\/schema\\\/person\\\/cb5857e4a4d048c15984c1edcc8ef0c0\"},\"headline\":\"Zygmunt Frankiewicz: &#8220;Premier Morawiecki jest notorycznym k\u0142amc\u0105. Za tym co m\u00f3wi nie id\u0105 \u017cadne czyny&#8221;\",\"datePublished\":\"2023-09-29T11:46:52+00:00\",\"dateModified\":\"2023-10-02T21:01:51+00:00\",\"mainEntityOfPage\":{\"@id\":\"https:\\\/\\\/www.24gliwice.pl\\\/wiadomosci\\\/zygmunt-frankiewicz-premier-morawiecki-jest-notorycznym-klamca-za-tym-co-mowi-nie-ida-zadne-czyny\\\/\"},\"wordCount\":275,\"publisher\":{\"@id\":\"https:\\\/\\\/www.24gliwice.pl\\\/wiadomosci\\\/#organization\"},\"image\":{\"@id\":\"https:\\\/\\\/www.24gliwice.pl\\\/wiadomosci\\\/zygmunt-frankiewicz-premier-morawiecki-jest-notorycznym-klamca-za-tym-co-mowi-nie-ida-zadne-czyny\\\/#primaryimage\"},\"thumbnailUrl\":\"https:\\\/\\\/www.24gliwice.pl\\\/wiadomosci\\\/wp-content\\\/uploads\\\/2023\\\/09\\\/gosc-dnia-zygmunt-frankiewicz.jpg\",\"keywords\":[\"GO\u015a\u0106 DNIA\",\"WYBORY 2023\",\"ZYGMUNT FRANKIEWICZ\"],\"articleSection\":[\"Gliwice\",\"Go\u015b\u0107 Dnia\",\"Najnowsze wiadomo\u015bci\",\"Portal Gliwice - Wiadomo\u015bci lokalne\",\"Samorz\u0105d, polityka\",\"Telewizja, materia\u0142y wideo\",\"Wywiady\"],\"inLanguage\":\"pl-PL\"},{\"@type\":\"WebPage\",\"@id\":\"https:\\\/\\\/www.24gliwice.pl\\\/wiadomosci\\\/zygmunt-frankiewicz-premier-morawiecki-jest-notorycznym-klamca-za-tym-co-mowi-nie-ida-zadne-czyny\\\/\",\"url\":\"https:\\\/\\\/www.24gliwice.pl\\\/wiadomosci\\\/zygmunt-frankiewicz-premier-morawiecki-jest-notorycznym-klamca-za-tym-co-mowi-nie-ida-zadne-czyny\\\/\",\"name\":\"Zygmunt Frankiewicz: \\\"Premier Morawiecki jest notorycznym k\u0142amc\u0105. Za tym co m\u00f3wi nie id\u0105 \u017cadne czyny\\\" - 24GLIWICE - Portal Gliwice | codziennie nowe informacje\",\"isPartOf\":{\"@id\":\"https:\\\/\\\/www.24gliwice.pl\\\/wiadomosci\\\/#website\"},\"primaryImageOfPage\":{\"@id\":\"https:\\\/\\\/www.24gliwice.pl\\\/wiadomosci\\\/zygmunt-frankiewicz-premier-morawiecki-jest-notorycznym-klamca-za-tym-co-mowi-nie-ida-zadne-czyny\\\/#primaryimage\"},\"image\":{\"@id\":\"https:\\\/\\\/www.24gliwice.pl\\\/wiadomosci\\\/zygmunt-frankiewicz-premier-morawiecki-jest-notorycznym-klamca-za-tym-co-mowi-nie-ida-zadne-czyny\\\/#primaryimage\"},\"thumbnailUrl\":\"https:\\\/\\\/www.24gliwice.pl\\\/wiadomosci\\\/wp-content\\\/uploads\\\/2023\\\/09\\\/gosc-dnia-zygmunt-frankiewicz.jpg\",\"datePublished\":\"2023-09-29T11:46:52+00:00\",\"dateModified\":\"2023-10-02T21:01:51+00:00\",\"breadcrumb\":{\"@id\":\"https:\\\/\\\/www.24gliwice.pl\\\/wiadomosci\\\/zygmunt-frankiewicz-premier-morawiecki-jest-notorycznym-klamca-za-tym-co-mowi-nie-ida-zadne-czyny\\\/#breadcrumb\"},\"inLanguage\":\"pl-PL\",\"potentialAction\":[{\"@type\":\"ReadAction\",\"target\":[\"https:\\\/\\\/www.24gliwice.pl\\\/wiadomosci\\\/zygmunt-frankiewicz-premier-morawiecki-jest-notorycznym-klamca-za-tym-co-mowi-nie-ida-zadne-czyny\\\/\"]}]},{\"@type\":\"ImageObject\",\"inLanguage\":\"pl-PL\",\"@id\":\"https:\\\/\\\/www.24gliwice.pl\\\/wiadomosci\\\/zygmunt-frankiewicz-premier-morawiecki-jest-notorycznym-klamca-za-tym-co-mowi-nie-ida-zadne-czyny\\\/#primaryimage\",\"url\":\"https:\\\/\\\/www.24gliwice.pl\\\/wiadomosci\\\/wp-content\\\/uploads\\\/2023\\\/09\\\/gosc-dnia-zygmunt-frankiewicz.jpg\",\"contentUrl\":\"https:\\\/\\\/www.24gliwice.pl\\\/wiadomosci\\\/wp-content\\\/uploads\\\/2023\\\/09\\\/gosc-dnia-zygmunt-frankiewicz.jpg\",\"width\":1140,\"height\":642},{\"@type\":\"BreadcrumbList\",\"@id\":\"https:\\\/\\\/www.24gliwice.pl\\\/wiadomosci\\\/zygmunt-frankiewicz-premier-morawiecki-jest-notorycznym-klamca-za-tym-co-mowi-nie-ida-zadne-czyny\\\/#breadcrumb\",\"itemListElement\":[{\"@type\":\"ListItem\",\"position\":1,\"name\":\"Strona g\u0142\u00f3wna\",\"item\":\"https:\\\/\\\/www.24gliwice.pl\\\/wiadomosci\\\/\"},{\"@type\":\"ListItem\",\"position\":2,\"name\":\"Zygmunt Frankiewicz: &#8222;Premier Morawiecki jest notorycznym k\u0142amc\u0105. Za tym co m\u00f3wi nie id\u0105 \u017cadne czyny&#8221;\"}]},{\"@type\":\"WebSite\",\"@id\":\"https:\\\/\\\/www.24gliwice.pl\\\/wiadomosci\\\/#website\",\"url\":\"https:\\\/\\\/www.24gliwice.pl\\\/wiadomosci\\\/\",\"name\":\"24GLIWICE - Portal Gliwice | codziennie nowe wiadomo\u015bci\",\"description\":\"Portal Miejski Gliwice\",\"publisher\":{\"@id\":\"https:\\\/\\\/www.24gliwice.pl\\\/wiadomosci\\\/#organization\"},\"potentialAction\":[{\"@type\":\"SearchAction\",\"target\":{\"@type\":\"EntryPoint\",\"urlTemplate\":\"https:\\\/\\\/www.24gliwice.pl\\\/wiadomosci\\\/?s={search_term_string}\"},\"query-input\":{\"@type\":\"PropertyValueSpecification\",\"valueRequired\":true,\"valueName\":\"search_term_string\"}}],\"inLanguage\":\"pl-PL\"},{\"@type\":\"Organization\",\"@id\":\"https:\\\/\\\/www.24gliwice.pl\\\/wiadomosci\\\/#organization\",\"name\":\"24gliwice\",\"url\":\"https:\\\/\\\/www.24gliwice.pl\\\/wiadomosci\\\/\",\"logo\":{\"@type\":\"ImageObject\",\"inLanguage\":\"pl-PL\",\"@id\":\"https:\\\/\\\/www.24gliwice.pl\\\/wiadomosci\\\/#\\\/schema\\\/logo\\\/image\\\/\",\"url\":\"https:\\\/\\\/www.24gliwice.pl\\\/wiadomosci\\\/wp-content\\\/uploads\\\/2024\\\/10\\\/24gliwice-logo-696.jpg\",\"contentUrl\":\"https:\\\/\\\/www.24gliwice.pl\\\/wiadomosci\\\/wp-content\\\/uploads\\\/2024\\\/10\\\/24gliwice-logo-696.jpg\",\"width\":696,\"height\":696,\"caption\":\"24gliwice\"},\"image\":{\"@id\":\"https:\\\/\\\/www.24gliwice.pl\\\/wiadomosci\\\/#\\\/schema\\\/logo\\\/image\\\/\"},\"sameAs\":[\"https:\\\/\\\/www.facebook.com\\\/24gliwice\",\"https:\\\/\\\/x.com\\\/24gliwice\",\"https:\\\/\\\/www.youtube.com\\\/@24gliwice\"]},{\"@type\":\"Person\",\"@id\":\"https:\\\/\\\/www.24gliwice.pl\\\/wiadomosci\\\/#\\\/schema\\\/person\\\/cb5857e4a4d048c15984c1edcc8ef0c0\",\"name\":\"Marcin Fabrykowski\",\"image\":{\"@type\":\"ImageObject\",\"inLanguage\":\"pl-PL\",\"@id\":\"https:\\\/\\\/www.24gliwice.pl\\\/wiadomosci\\\/wp-content\\\/uploads\\\/2025\\\/11\\\/zdjecie-moje-marcin-300-96x96.jpg\",\"url\":\"https:\\\/\\\/www.24gliwice.pl\\\/wiadomosci\\\/wp-content\\\/uploads\\\/2025\\\/11\\\/zdjecie-moje-marcin-300-96x96.jpg\",\"contentUrl\":\"https:\\\/\\\/www.24gliwice.pl\\\/wiadomosci\\\/wp-content\\\/uploads\\\/2025\\\/11\\\/zdjecie-moje-marcin-300-96x96.jpg\",\"caption\":\"Marcin Fabrykowski\"},\"sameAs\":[\"http:\\\/\\\/24gliwice.pl\",\"https:\\\/\\\/www.facebook.com\\\/marcin.fabrykowski\"],\"url\":\"https:\\\/\\\/www.24gliwice.pl\\\/wiadomosci\\\/author\\\/marcin-fabrykowski\\\/\"}]}<\/script>\n<!-- \/ Yoast SEO plugin. -->","yoast_head_json":{"title":"Zygmunt Frankiewicz: \"Premier Morawiecki jest notorycznym k\u0142amc\u0105. Za tym co m\u00f3wi nie id\u0105 \u017cadne czyny\" - 24GLIWICE - Portal Gliwice | codziennie nowe informacje","robots":{"index":"index","follow":"follow","max-snippet":"max-snippet:-1","max-image-preview":"max-image-preview:large","max-video-preview":"max-video-preview:-1"},"canonical":"https:\/\/www.24gliwice.pl\/wiadomosci\/zygmunt-frankiewicz-premier-morawiecki-jest-notorycznym-klamca-za-tym-co-mowi-nie-ida-zadne-czyny\/","og_locale":"pl_PL","og_type":"article","og_title":"Zygmunt Frankiewicz: \"Premier Morawiecki jest notorycznym k\u0142amc\u0105. Za tym co m\u00f3wi nie id\u0105 \u017cadne czyny\" - 24GLIWICE - Portal Gliwice | codziennie nowe informacje","og_description":"&#8211; Premier Morawiecki jest notorycznym k\u0142amc\u0105, wszystko co m\u00f3wi nie powinno by\u0107 powa\u017cnie traktowane, dlatego, \u017ce za tym nie id\u0105 \u017cadne czyny. To jest czysta ob\u0142uda &#8211; m\u00f3wi w programie Go\u015b\u0107 Dnia Zygmunt Frankiewicz, senator RP, by\u0142y prezydent Gliwic. &#8211; Tak jak niszczony jest samorz\u0105d, nawet w namiastce nigdy nie by\u0142 traktowany wcze\u015bniej. (&#8230;) Pieni\u0105dze [&hellip;]","og_url":"https:\/\/www.24gliwice.pl\/wiadomosci\/zygmunt-frankiewicz-premier-morawiecki-jest-notorycznym-klamca-za-tym-co-mowi-nie-ida-zadne-czyny\/","og_site_name":"24GLIWICE - Portal Gliwice | codziennie nowe informacje","article_publisher":"https:\/\/www.facebook.com\/24gliwice","article_author":"https:\/\/www.facebook.com\/marcin.fabrykowski","article_published_time":"2023-09-29T11:46:52+00:00","article_modified_time":"2023-10-02T21:01:51+00:00","og_image":[{"width":1140,"height":642,"url":"https:\/\/www.24gliwice.pl\/wiadomosci\/wp-content\/uploads\/2023\/09\/gosc-dnia-zygmunt-frankiewicz.jpg","type":"image\/jpeg"}],"author":"Marcin Fabrykowski","twitter_card":"summary_large_image","twitter_creator":"@24gliwice","twitter_site":"@24gliwice","twitter_misc":{"Napisane przez":"Marcin Fabrykowski","Szacowany czas czytania":"2 minuty"},"schema":{"@context":"https:\/\/schema.org","@graph":[{"@type":"Article","@id":"https:\/\/www.24gliwice.pl\/wiadomosci\/zygmunt-frankiewicz-premier-morawiecki-jest-notorycznym-klamca-za-tym-co-mowi-nie-ida-zadne-czyny\/#article","isPartOf":{"@id":"https:\/\/www.24gliwice.pl\/wiadomosci\/zygmunt-frankiewicz-premier-morawiecki-jest-notorycznym-klamca-za-tym-co-mowi-nie-ida-zadne-czyny\/"},"author":{"name":"Marcin Fabrykowski","@id":"https:\/\/www.24gliwice.pl\/wiadomosci\/#\/schema\/person\/cb5857e4a4d048c15984c1edcc8ef0c0"},"headline":"Zygmunt Frankiewicz: &#8220;Premier Morawiecki jest notorycznym k\u0142amc\u0105. Za tym co m\u00f3wi nie id\u0105 \u017cadne czyny&#8221;","datePublished":"2023-09-29T11:46:52+00:00","dateModified":"2023-10-02T21:01:51+00:00","mainEntityOfPage":{"@id":"https:\/\/www.24gliwice.pl\/wiadomosci\/zygmunt-frankiewicz-premier-morawiecki-jest-notorycznym-klamca-za-tym-co-mowi-nie-ida-zadne-czyny\/"},"wordCount":275,"publisher":{"@id":"https:\/\/www.24gliwice.pl\/wiadomosci\/#organization"},"image":{"@id":"https:\/\/www.24gliwice.pl\/wiadomosci\/zygmunt-frankiewicz-premier-morawiecki-jest-notorycznym-klamca-za-tym-co-mowi-nie-ida-zadne-czyny\/#primaryimage"},"thumbnailUrl":"https:\/\/www.24gliwice.pl\/wiadomosci\/wp-content\/uploads\/2023\/09\/gosc-dnia-zygmunt-frankiewicz.jpg","keywords":["GO\u015a\u0106 DNIA","WYBORY 2023","ZYGMUNT FRANKIEWICZ"],"articleSection":["Gliwice","Go\u015b\u0107 Dnia","Najnowsze wiadomo\u015bci","Portal Gliwice - Wiadomo\u015bci lokalne","Samorz\u0105d, polityka","Telewizja, materia\u0142y wideo","Wywiady"],"inLanguage":"pl-PL"},{"@type":"WebPage","@id":"https:\/\/www.24gliwice.pl\/wiadomosci\/zygmunt-frankiewicz-premier-morawiecki-jest-notorycznym-klamca-za-tym-co-mowi-nie-ida-zadne-czyny\/","url":"https:\/\/www.24gliwice.pl\/wiadomosci\/zygmunt-frankiewicz-premier-morawiecki-jest-notorycznym-klamca-za-tym-co-mowi-nie-ida-zadne-czyny\/","name":"Zygmunt Frankiewicz: \"Premier Morawiecki jest notorycznym k\u0142amc\u0105. Za tym co m\u00f3wi nie id\u0105 \u017cadne czyny\" - 24GLIWICE - Portal Gliwice | codziennie nowe informacje","isPartOf":{"@id":"https:\/\/www.24gliwice.pl\/wiadomosci\/#website"},"primaryImageOfPage":{"@id":"https:\/\/www.24gliwice.pl\/wiadomosci\/zygmunt-frankiewicz-premier-morawiecki-jest-notorycznym-klamca-za-tym-co-mowi-nie-ida-zadne-czyny\/#primaryimage"},"image":{"@id":"https:\/\/www.24gliwice.pl\/wiadomosci\/zygmunt-frankiewicz-premier-morawiecki-jest-notorycznym-klamca-za-tym-co-mowi-nie-ida-zadne-czyny\/#primaryimage"},"thumbnailUrl":"https:\/\/www.24gliwice.pl\/wiadomosci\/wp-content\/uploads\/2023\/09\/gosc-dnia-zygmunt-frankiewicz.jpg","datePublished":"2023-09-29T11:46:52+00:00","dateModified":"2023-10-02T21:01:51+00:00","breadcrumb":{"@id":"https:\/\/www.24gliwice.pl\/wiadomosci\/zygmunt-frankiewicz-premier-morawiecki-jest-notorycznym-klamca-za-tym-co-mowi-nie-ida-zadne-czyny\/#breadcrumb"},"inLanguage":"pl-PL","potentialAction":[{"@type":"ReadAction","target":["https:\/\/www.24gliwice.pl\/wiadomosci\/zygmunt-frankiewicz-premier-morawiecki-jest-notorycznym-klamca-za-tym-co-mowi-nie-ida-zadne-czyny\/"]}]},{"@type":"ImageObject","inLanguage":"pl-PL","@id":"https:\/\/www.24gliwice.pl\/wiadomosci\/zygmunt-frankiewicz-premier-morawiecki-jest-notorycznym-klamca-za-tym-co-mowi-nie-ida-zadne-czyny\/#primaryimage","url":"https:\/\/www.24gliwice.pl\/wiadomosci\/wp-content\/uploads\/2023\/09\/gosc-dnia-zygmunt-frankiewicz.jpg","contentUrl":"https:\/\/www.24gliwice.pl\/wiadomosci\/wp-content\/uploads\/2023\/09\/gosc-dnia-zygmunt-frankiewicz.jpg","width":1140,"height":642},{"@type":"BreadcrumbList","@id":"https:\/\/www.24gliwice.pl\/wiadomosci\/zygmunt-frankiewicz-premier-morawiecki-jest-notorycznym-klamca-za-tym-co-mowi-nie-ida-zadne-czyny\/#breadcrumb","itemListElement":[{"@type":"ListItem","position":1,"name":"Strona g\u0142\u00f3wna","item":"https:\/\/www.24gliwice.pl\/wiadomosci\/"},{"@type":"ListItem","position":2,"name":"Zygmunt Frankiewicz: &#8222;Premier Morawiecki jest notorycznym k\u0142amc\u0105. Za tym co m\u00f3wi nie id\u0105 \u017cadne czyny&#8221;"}]},{"@type":"WebSite","@id":"https:\/\/www.24gliwice.pl\/wiadomosci\/#website","url":"https:\/\/www.24gliwice.pl\/wiadomosci\/","name":"24GLIWICE - Portal Gliwice | codziennie nowe wiadomo\u015bci","description":"Portal Miejski Gliwice","publisher":{"@id":"https:\/\/www.24gliwice.pl\/wiadomosci\/#organization"},"potentialAction":[{"@type":"SearchAction","target":{"@type":"EntryPoint","urlTemplate":"https:\/\/www.24gliwice.pl\/wiadomosci\/?s={search_term_string}"},"query-input":{"@type":"PropertyValueSpecification","valueRequired":true,"valueName":"search_term_string"}}],"inLanguage":"pl-PL"},{"@type":"Organization","@id":"https:\/\/www.24gliwice.pl\/wiadomosci\/#organization","name":"24gliwice","url":"https:\/\/www.24gliwice.pl\/wiadomosci\/","logo":{"@type":"ImageObject","inLanguage":"pl-PL","@id":"https:\/\/www.24gliwice.pl\/wiadomosci\/#\/schema\/logo\/image\/","url":"https:\/\/www.24gliwice.pl\/wiadomosci\/wp-content\/uploads\/2024\/10\/24gliwice-logo-696.jpg","contentUrl":"https:\/\/www.24gliwice.pl\/wiadomosci\/wp-content\/uploads\/2024\/10\/24gliwice-logo-696.jpg","width":696,"height":696,"caption":"24gliwice"},"image":{"@id":"https:\/\/www.24gliwice.pl\/wiadomosci\/#\/schema\/logo\/image\/"},"sameAs":["https:\/\/www.facebook.com\/24gliwice","https:\/\/x.com\/24gliwice","https:\/\/www.youtube.com\/@24gliwice"]},{"@type":"Person","@id":"https:\/\/www.24gliwice.pl\/wiadomosci\/#\/schema\/person\/cb5857e4a4d048c15984c1edcc8ef0c0","name":"Marcin Fabrykowski","image":{"@type":"ImageObject","inLanguage":"pl-PL","@id":"https:\/\/www.24gliwice.pl\/wiadomosci\/wp-content\/uploads\/2025\/11\/zdjecie-moje-marcin-300-96x96.jpg","url":"https:\/\/www.24gliwice.pl\/wiadomosci\/wp-content\/uploads\/2025\/11\/zdjecie-moje-marcin-300-96x96.jpg","contentUrl":"https:\/\/www.24gliwice.pl\/wiadomosci\/wp-content\/uploads\/2025\/11\/zdjecie-moje-marcin-300-96x96.jpg","caption":"Marcin Fabrykowski"},"sameAs":["http:\/\/24gliwice.pl","https:\/\/www.facebook.com\/marcin.fabrykowski"],"url":"https:\/\/www.24gliwice.pl\/wiadomosci\/author\/marcin-fabrykowski\/"}]}},"_links":{"self":[{"href":"https:\/\/www.24gliwice.pl\/wiadomosci\/wp-json\/wp\/v2\/posts\/222312","targetHints":{"allow":["GET"]}}],"collection":[{"href":"https:\/\/www.24gliwice.pl\/wiadomosci\/wp-json\/wp\/v2\/posts"}],"about":[{"href":"https:\/\/www.24gliwice.pl\/wiadomosci\/wp-json\/wp\/v2\/types\/post"}],"author":[{"embeddable":true,"href":"https:\/\/www.24gliwice.pl\/wiadomosci\/wp-json\/wp\/v2\/users\/4"}],"replies":[{"embeddable":true,"href":"https:\/\/www.24gliwice.pl\/wiadomosci\/wp-json\/wp\/v2\/comments?post=222312"}],"version-history":[{"count":0,"href":"https:\/\/www.24gliwice.pl\/wiadomosci\/wp-json\/wp\/v2\/posts\/222312\/revisions"}],"wp:featuredmedia":[{"embeddable":true,"href":"https:\/\/www.24gliwice.pl\/wiadomosci\/wp-json\/wp\/v2\/media\/222313"}],"wp:attachment":[{"href":"https:\/\/www.24gliwice.pl\/wiadomosci\/wp-json\/wp\/v2\/media?parent=222312"}],"wp:term":[{"taxonomy":"category","embeddable":true,"href":"https:\/\/www.24gliwice.pl\/wiadomosci\/wp-json\/wp\/v2\/categories?post=222312"},{"taxonomy":"post_tag","embeddable":true,"href":"https:\/\/www.24gliwice.pl\/wiadomosci\/wp-json\/wp\/v2\/tags?post=222312"}],"curies":[{"name":"wp","href":"https:\/\/api.w.org\/{rel}","templated":true}]}}