{"id":223404,"date":"2023-10-19T01:40:18","date_gmt":"2023-10-18T23:40:18","guid":{"rendered":"https:\/\/www.24gliwice.pl\/wiadomosci\/?p=223404"},"modified":"2023-10-19T01:49:44","modified_gmt":"2023-10-18T23:49:44","slug":"lokale-w-centrum-przesiadkowym-na-razie-pozostana-puste-inny-w-samym-sercu-gliwic-udalo-sie-wynajac","status":"publish","type":"post","link":"https:\/\/www.24gliwice.pl\/wiadomosci\/lokale-w-centrum-przesiadkowym-na-razie-pozostana-puste-inny-w-samym-sercu-gliwic-udalo-sie-wynajac\/","title":{"rendered":"Lokale w Centrum Przesiadkowym na razie pozostan\u0105 puste. Inny &#8211; w samym sercu Gliwic &#8211; uda\u0142o si\u0119 wynaj\u0105\u0107"},"content":{"rendered":"<div class=\"gliwi-a6-nad-leadem-artykulow gliwi-entity-placement\" id=\"gliwi-2329083586\"><div class=\"gliwi-adlabel\"><span style=\"font-size: 9px\">REKLAMA<\/span><\/div><div id=\"gliwi-3087337098\" style=\"margin-bottom: 25px;margin-left: auto;margin-right: auto;text-align: center;\"><a data-no-instant=\"1\" href=\"https:\/\/dom100.eu\/\" rel=\"noopener\" class=\"a2t-link\" target=\"_blank\" aria-label=\"20260415 DOM100 D\"><img loading=\"lazy\" decoding=\"async\" src=\"https:\/\/www.24gliwice.pl\/wiadomosci\/wp-content\/uploads\/2026\/04\/20260415-DOM100-D.jpg\" alt=\"\"  srcset=\"https:\/\/www.24gliwice.pl\/wiadomosci\/wp-content\/uploads\/2026\/04\/20260415-DOM100-D.jpg 750w, https:\/\/www.24gliwice.pl\/wiadomosci\/wp-content\/uploads\/2026\/04\/20260415-DOM100-D-410x109.jpg 410w\" sizes=\"(max-width: 750px) 100vw, 750px\" class=\"no-lazyload\" width=\"750\" height=\"200\"  style=\"display: inline-block; max-width: 100%; height: auto;\" \/><\/a><\/div><\/div><h2>Trzeci przetarg na wynajem lokali w Centrum Przesiadkowym zako\u0144czy\u0142 si\u0119 fiaskiem. Nie wp\u0142yn\u0119\u0142a \u017cadna oferta. Puste pozostan\u0105 zar\u00f3wno cztery pomieszczenia umiejscowione na pi\u0119trze budynku g\u0142\u00f3wnego CP, jak i restauracja.<\/h2>\n<p>&nbsp;<br \/>\nPoza kolejk\u0105, jaka od pocz\u0105tku pa\u017adziernika ustawia si\u0119 do punktu obs\u0142ugi pasa\u017cera w budynku g\u0142\u00f3wnym, w zabudowaniach CP dzieje si\u0119 niewiele. Mamy tu wspomniany POP, a tak\u017ce przeniesione tam w tym roku Centrum Informacji Kulturalnej i Turystycznej, biura strefy p\u0142atnego parkowania i GTV BUS w budynku pomocniczym, za\u015b pomieszczenie w budynku wie\u017cy ci\u015bnie\u0144 zosta\u0142o wynaj\u0119te przedsi\u0119biorcy, kt\u00f3ry wzi\u0105\u0142 udzia\u0142 w poprzednim post\u0119powaniu na najem lokali u\u017cytkowych.<\/p>\n<p><a href=\"https:\/\/www.24gliwice.pl\/wiadomosci\/wp-content\/uploads\/2023\/10\/centrum-przesiadkowe-wieza-cisnien.jpg\"><img loading=\"lazy\" decoding=\"async\" class=\"alignnone  wp-image-223709\" src=\"https:\/\/www.24gliwice.pl\/wiadomosci\/wp-content\/uploads\/2023\/10\/centrum-przesiadkowe-wieza-cisnien.jpg\" alt=\"\" width=\"966\" height=\"544\" srcset=\"https:\/\/www.24gliwice.pl\/wiadomosci\/wp-content\/uploads\/2023\/10\/centrum-przesiadkowe-wieza-cisnien.jpg 810w, https:\/\/www.24gliwice.pl\/wiadomosci\/wp-content\/uploads\/2023\/10\/centrum-przesiadkowe-wieza-cisnien-410x232.jpg 410w, https:\/\/www.24gliwice.pl\/wiadomosci\/wp-content\/uploads\/2023\/10\/centrum-przesiadkowe-wieza-cisnien-808x455.jpg 808w, https:\/\/www.24gliwice.pl\/wiadomosci\/wp-content\/uploads\/2023\/10\/centrum-przesiadkowe-wieza-cisnien-768x432.jpg 768w\" sizes=\"auto, (max-width: 966px) 100vw, 966px\" \/><\/a><\/p>\n<p><a href=\"https:\/\/www.24gliwice.pl\/wiadomosci\/wp-content\/uploads\/2023\/10\/centrum-przesiadkowe-cikit.jpg\"><img loading=\"lazy\" decoding=\"async\" class=\"alignnone  wp-image-223704\" src=\"https:\/\/www.24gliwice.pl\/wiadomosci\/wp-content\/uploads\/2023\/10\/centrum-przesiadkowe-cikit.jpg\" alt=\"\" width=\"1116\" height=\"628\" srcset=\"https:\/\/www.24gliwice.pl\/wiadomosci\/wp-content\/uploads\/2023\/10\/centrum-przesiadkowe-cikit.jpg 810w, https:\/\/www.24gliwice.pl\/wiadomosci\/wp-content\/uploads\/2023\/10\/centrum-przesiadkowe-cikit-410x232.jpg 410w, https:\/\/www.24gliwice.pl\/wiadomosci\/wp-content\/uploads\/2023\/10\/centrum-przesiadkowe-cikit-808x455.jpg 808w, https:\/\/www.24gliwice.pl\/wiadomosci\/wp-content\/uploads\/2023\/10\/centrum-przesiadkowe-cikit-768x432.jpg 768w\" sizes=\"auto, (max-width: 1116px) 100vw, 1116px\" \/><\/a><\/p>\n<p><a href=\"https:\/\/www.24gliwice.pl\/wiadomosci\/wp-content\/uploads\/2023\/10\/centrum-przesiadkowe-ztm.jpg\"><img loading=\"lazy\" decoding=\"async\" class=\"alignnone  wp-image-223710\" src=\"https:\/\/www.24gliwice.pl\/wiadomosci\/wp-content\/uploads\/2023\/10\/centrum-przesiadkowe-ztm.jpg\" alt=\"\" width=\"1027\" height=\"578\" srcset=\"https:\/\/www.24gliwice.pl\/wiadomosci\/wp-content\/uploads\/2023\/10\/centrum-przesiadkowe-ztm.jpg 810w, https:\/\/www.24gliwice.pl\/wiadomosci\/wp-content\/uploads\/2023\/10\/centrum-przesiadkowe-ztm-410x232.jpg 410w, https:\/\/www.24gliwice.pl\/wiadomosci\/wp-content\/uploads\/2023\/10\/centrum-przesiadkowe-ztm-808x455.jpg 808w, https:\/\/www.24gliwice.pl\/wiadomosci\/wp-content\/uploads\/2023\/10\/centrum-przesiadkowe-ztm-768x432.jpg 768w\" sizes=\"auto, (max-width: 1027px) 100vw, 1027px\" \/><\/a><\/p>\n<p>Opr\u00f3cz wspomnianych instytucji czy podmiot\u00f3w, w centrum przesiadkowym jest raczej pusto. By\u0107 mo\u017ce potencjalnych zainteresowanych odstraszaj\u0105 wysokie op\u0142aty za najem (cho\u0107 i tak ju\u017c obni\u017cone wzgl\u0119dem wcze\u015bniejszych przetarg\u00f3w), ale mo\u017ce te\u017c sama lokalizacja w miejscu, kt\u00f3re cho\u0107 odwiedzane przez licznych podr\u00f3\u017cnych, to jednak stanowi\u0105cym chwilowy przystanek na drodze do innych lokalizacji. Trudno te\u017c nie zauwa\u017cy\u0107, \u017ce na pi\u0119tro budynku g\u0142\u00f3wnego ma\u0142o kto wchodzi &#8211; na ten czas nie ma zreszt\u0105 po co. Ale czy w sytuacji, gdyby tylko jeden z lokali dost\u0119pnych tam, rozpocz\u0105\u0142 dzia\u0142anie, wielu pasa\u017cerom chcia\u0142oby si\u0119 fatygowa\u0107 w to miejsce, \u017ceby zapozna\u0107 si\u0119 z jego ofert\u0105?<\/p><div class=\"gliwi-a3-w-tresci-artykulow gliwi-entity-placement\" id=\"gliwi-1285518193\"><div class=\"gliwi-adlabel\"><span style=\"font-size: 9px\">REKLAMA<\/span><\/div><div id=\"gliwi-3711001944\" style=\"margin-bottom: 30px;margin-left: auto;margin-right: auto;text-align: center;\"><a data-no-instant=\"1\" href=\"https:\/\/zlobek.halogen.org.pl\/\" rel=\"noopener\" class=\"a2t-link\" target=\"_blank\" aria-label=\"animator-zlobek_750x200\"><img loading=\"lazy\" decoding=\"async\" src=\"https:\/\/www.24gliwice.pl\/wiadomosci\/wp-content\/uploads\/2026\/02\/animator-zlobek_750x200.webp\" alt=\"\"  srcset=\"https:\/\/www.24gliwice.pl\/wiadomosci\/wp-content\/uploads\/2026\/02\/animator-zlobek_750x200.webp 750w, https:\/\/www.24gliwice.pl\/wiadomosci\/wp-content\/uploads\/2026\/02\/animator-zlobek_750x200-410x109.webp 410w\" sizes=\"(max-width: 750px) 100vw, 750px\" class=\"no-lazyload\" width=\"750\" height=\"200\"  style=\"display: inline-block; max-width: 100%; height: auto;\" \/><\/a><\/div><\/div>\n<p><a href=\"https:\/\/www.24gliwice.pl\/wiadomosci\/wp-content\/uploads\/2023\/10\/centrum-przesiadkowe-lokale-gora.jpg\"><img loading=\"lazy\" decoding=\"async\" class=\"alignnone  wp-image-223707\" src=\"https:\/\/www.24gliwice.pl\/wiadomosci\/wp-content\/uploads\/2023\/10\/centrum-przesiadkowe-lokale-gora.jpg\" alt=\"\" width=\"1060\" height=\"597\" srcset=\"https:\/\/www.24gliwice.pl\/wiadomosci\/wp-content\/uploads\/2023\/10\/centrum-przesiadkowe-lokale-gora.jpg 810w, https:\/\/www.24gliwice.pl\/wiadomosci\/wp-content\/uploads\/2023\/10\/centrum-przesiadkowe-lokale-gora-410x232.jpg 410w, https:\/\/www.24gliwice.pl\/wiadomosci\/wp-content\/uploads\/2023\/10\/centrum-przesiadkowe-lokale-gora-808x455.jpg 808w, https:\/\/www.24gliwice.pl\/wiadomosci\/wp-content\/uploads\/2023\/10\/centrum-przesiadkowe-lokale-gora-768x432.jpg 768w\" sizes=\"auto, (max-width: 1060px) 100vw, 1060px\" \/><\/a><\/p>\n<p><a href=\"https:\/\/www.24gliwice.pl\/wiadomosci\/wp-content\/uploads\/2023\/10\/centrum-przesiadkowe-bud-pomocniczy.jpg\"><img loading=\"lazy\" decoding=\"async\" class=\"alignnone  wp-image-223703\" src=\"https:\/\/www.24gliwice.pl\/wiadomosci\/wp-content\/uploads\/2023\/10\/centrum-przesiadkowe-bud-pomocniczy.jpg\" alt=\"\" width=\"1101\" height=\"620\" srcset=\"https:\/\/www.24gliwice.pl\/wiadomosci\/wp-content\/uploads\/2023\/10\/centrum-przesiadkowe-bud-pomocniczy.jpg 810w, https:\/\/www.24gliwice.pl\/wiadomosci\/wp-content\/uploads\/2023\/10\/centrum-przesiadkowe-bud-pomocniczy-410x232.jpg 410w, https:\/\/www.24gliwice.pl\/wiadomosci\/wp-content\/uploads\/2023\/10\/centrum-przesiadkowe-bud-pomocniczy-808x455.jpg 808w, https:\/\/www.24gliwice.pl\/wiadomosci\/wp-content\/uploads\/2023\/10\/centrum-przesiadkowe-bud-pomocniczy-768x432.jpg 768w\" sizes=\"auto, (max-width: 1101px) 100vw, 1101px\" \/><\/a><br \/>\n&nbsp;<\/p>\n<h4>Du\u017cy lokal w centrum Gliwic zyska nowe \u017cycie<\/h4>\n<p>Nie powinni\u015bmy spodziewa\u0107 si\u0119 rych\u0142ego uruchomienia dzia\u0142alno\u015bci w lokalu przy ulicy Zwyci\u0119stwa 36 (na zbiegu z alej\u0105 Przyja\u017ani), jest jednak post\u0119p, bo w zako\u0144czonym niedawno przetargu na wynajem, wy\u0142oniono jego najemc\u0119. To osoba prywatna, kt\u00f3ra ma teraz 3 miesi\u0105ce na za\u0142o\u017cenie dzia\u0142alno\u015bci gospodarczej.<\/p>\n<p><a href=\"https:\/\/www.24gliwice.pl\/wiadomosci\/wp-content\/uploads\/2023\/08\/zwyciestwa-36.jpg\"><img loading=\"lazy\" decoding=\"async\" class=\"alignnone  wp-image-220093\" src=\"https:\/\/www.24gliwice.pl\/wiadomosci\/wp-content\/uploads\/2023\/08\/zwyciestwa-36.jpg\" alt=\"\" width=\"1201\" height=\"676\" srcset=\"https:\/\/www.24gliwice.pl\/wiadomosci\/wp-content\/uploads\/2023\/08\/zwyciestwa-36.jpg 810w, https:\/\/www.24gliwice.pl\/wiadomosci\/wp-content\/uploads\/2023\/08\/zwyciestwa-36-410x232.jpg 410w, https:\/\/www.24gliwice.pl\/wiadomosci\/wp-content\/uploads\/2023\/08\/zwyciestwa-36-808x455.jpg 808w, https:\/\/www.24gliwice.pl\/wiadomosci\/wp-content\/uploads\/2023\/08\/zwyciestwa-36-768x432.jpg 768w\" sizes=\"auto, (max-width: 1201px) 100vw, 1201px\" \/><\/a><\/p>\n<p>Pomieszczenia obok Ruin Teatru Victoria, w kt\u00f3rych niegdy\u015b dzia\u0142a\u0142 m.in. sklep firmowy Wawel, wymagaj\u0105 generalnego remontu. Nowy lokal ruszy wi\u0119c najwcze\u015bniej za dobrych kilka miesi\u0119cy. Wiadomo jednak, jaki b\u0119dzie profil prowadzonej tu dzia\u0142alno\u015bci, bo te wytyczne zawarto w og\u0142oszeniu.<\/p>\n<p><a href=\"https:\/\/www.24gliwice.pl\/wiadomosci\/wp-content\/uploads\/2023\/08\/zwyciestwa-364.jpg\"><img loading=\"lazy\" decoding=\"async\" class=\"alignnone  wp-image-220096\" src=\"https:\/\/www.24gliwice.pl\/wiadomosci\/wp-content\/uploads\/2023\/08\/zwyciestwa-364.jpg\" alt=\"\" width=\"1060\" height=\"597\" srcset=\"https:\/\/www.24gliwice.pl\/wiadomosci\/wp-content\/uploads\/2023\/08\/zwyciestwa-364.jpg 810w, https:\/\/www.24gliwice.pl\/wiadomosci\/wp-content\/uploads\/2023\/08\/zwyciestwa-364-410x232.jpg 410w, https:\/\/www.24gliwice.pl\/wiadomosci\/wp-content\/uploads\/2023\/08\/zwyciestwa-364-808x455.jpg 808w, https:\/\/www.24gliwice.pl\/wiadomosci\/wp-content\/uploads\/2023\/08\/zwyciestwa-364-768x432.jpg 768w\" sizes=\"auto, (max-width: 1060px) 100vw, 1060px\" \/><\/a><\/p>\n<p>&#8211; <em>W lokalu prowadzona b\u0119dzie dzia\u0142alno\u015b\u0107 gospodarcza w zakresie gastronomii, zwi\u0105zanej z prowadzeniem restauracji i\/lub kawiarni, z rozszerzeniem o dzia\u0142ania kulturalne przez kt\u00f3re rozumie si\u0119: r\u00f3\u017cne formy edukacji kulturalnej, artystycznej i tw\u00f3rczej, koncerty, recitale, performance, projekcje, spotkania z tw\u00f3rcami, autorami, wyk\u0142ady, prezentacje, wystawy\/wernisa\u017ce, spotkania literackie, wydarzenia taneczne<\/em> &#8211; przypomina rzecznik prezydenta Gliwic,<strong> \u0141ukasz Oryszczak. <\/strong><\/p>\n<p>(\u017cms)<\/p>\n<div class=\"gliwi-a5-na-koncu-artykulow gliwi-entity-placement\" id=\"gliwi-197979850\"><div class=\"gliwi-adlabel\"><span style=\"font-size: 9px\">REKLAMA<\/span><\/div><div id=\"gliwi-2426961961\" style=\"margin-left: auto;margin-right: auto;text-align: center;\"><a data-no-instant=\"1\" href=\"https:\/\/prezeroarenagliwice.pl\/\" rel=\"noopener\" class=\"a2t-link\" target=\"_blank\" aria-label=\"20260309-PREZERO-WIOSNA-D\"><img loading=\"lazy\" decoding=\"async\" src=\"https:\/\/www.24gliwice.pl\/wiadomosci\/wp-content\/uploads\/2026\/03\/20260309-PREZERO-WIOSNA-D.webp\" alt=\"\"  srcset=\"https:\/\/www.24gliwice.pl\/wiadomosci\/wp-content\/uploads\/2026\/03\/20260309-PREZERO-WIOSNA-D.webp 750w, https:\/\/www.24gliwice.pl\/wiadomosci\/wp-content\/uploads\/2026\/03\/20260309-PREZERO-WIOSNA-D-410x109.webp 410w\" sizes=\"(max-width: 750px) 100vw, 750px\" class=\"no-lazyload\" width=\"750\" height=\"200\"  style=\"display: inline-block; max-width: 100%; height: auto;\" \/><\/a><\/div><\/div>","protected":false},"excerpt":{"rendered":"<p>Trzeci przetarg na wynajem lokali w Centrum Przesiadkowym zako\u0144czy\u0142 si\u0119 fiaskiem. Nie wp\u0142yn\u0119\u0142a \u017cadna oferta. Puste pozostan\u0105 zar\u00f3wno cztery pomieszczenia umiejscowione na pi\u0119trze budynku g\u0142\u00f3wnego CP, jak i restauracja. &nbsp; Poza kolejk\u0105, jaka od pocz\u0105tku pa\u017adziernika ustawia si\u0119 do punktu obs\u0142ugi pasa\u017cera w budynku g\u0142\u00f3wnym, w zabudowaniach CP dzieje si\u0119 niewiele. Mamy tu wspomniany POP, [&hellip;]<\/p>\n","protected":false},"author":15,"featured_media":223705,"comment_status":"open","ping_status":"closed","sticky":false,"template":"","format":"standard","meta":{"_monsterinsights_skip_tracking":false,"_monsterinsights_sitenote_active":false,"_monsterinsights_sitenote_note":"","_monsterinsights_sitenote_category":0,"footnotes":"","_links_to":"","_links_to_target":""},"categories":[3,1,9],"tags":[748,22978],"class_list":["post-223404","post","type-post","status-publish","format-standard","has-post-thumbnail","hentry","category-gliwice","category-wszystko","category-aktualnosci_lokalne","tag-centrum-przesiadkowe","tag-zwyciestwa-36"],"yoast_head":"<!-- This site is optimized with the Yoast SEO plugin v27.5 - https:\/\/yoast.com\/product\/yoast-seo-wordpress\/ -->\n<title>Lokale w Centrum Przesiadkowym na razie pozostan\u0105 puste. Inny - w samym sercu Gliwic - uda\u0142o si\u0119 wynaj\u0105\u0107 - 24GLIWICE - Portal Gliwice | codziennie nowe informacje<\/title>\n<meta name=\"description\" content=\"Lokale w centrum przesiadkowym nadal s\u0105 niezagospodarowane. Uda\u0142o si\u0119 za to wynaj\u0105\u0107 pomieszczenia przy ulicy Zwyci\u0119stwa 36\" \/>\n<meta name=\"robots\" content=\"index, follow, max-snippet:-1, max-image-preview:large, max-video-preview:-1\" \/>\n<link rel=\"canonical\" href=\"https:\/\/www.24gliwice.pl\/wiadomosci\/lokale-w-centrum-przesiadkowym-na-razie-pozostana-puste-inny-w-samym-sercu-gliwic-udalo-sie-wynajac\/\" \/>\n<meta property=\"og:locale\" content=\"pl_PL\" \/>\n<meta property=\"og:type\" content=\"article\" \/>\n<meta property=\"og:title\" content=\"Lokale w Centrum Przesiadkowym na razie pozostan\u0105 puste. Inny - w samym sercu Gliwic - uda\u0142o si\u0119 wynaj\u0105\u0107 - 24GLIWICE - Portal Gliwice | codziennie nowe informacje\" \/>\n<meta property=\"og:description\" content=\"Lokale w centrum przesiadkowym nadal s\u0105 niezagospodarowane. Uda\u0142o si\u0119 za to wynaj\u0105\u0107 pomieszczenia przy ulicy Zwyci\u0119stwa 36\" \/>\n<meta property=\"og:url\" content=\"https:\/\/www.24gliwice.pl\/wiadomosci\/lokale-w-centrum-przesiadkowym-na-razie-pozostana-puste-inny-w-samym-sercu-gliwic-udalo-sie-wynajac\/\" \/>\n<meta property=\"og:site_name\" content=\"24GLIWICE - Portal Gliwice | codziennie nowe informacje\" \/>\n<meta property=\"article:publisher\" content=\"https:\/\/www.facebook.com\/24gliwice\" \/>\n<meta property=\"article:published_time\" content=\"2023-10-18T23:40:18+00:00\" \/>\n<meta property=\"article:modified_time\" content=\"2023-10-18T23:49:44+00:00\" \/>\n<meta property=\"og:image\" content=\"https:\/\/www.24gliwice.pl\/wiadomosci\/wp-content\/uploads\/2023\/10\/centrum-przesiadkowe-gora.jpg\" \/>\n\t<meta property=\"og:image:width\" content=\"810\" \/>\n\t<meta property=\"og:image:height\" content=\"456\" \/>\n\t<meta property=\"og:image:type\" content=\"image\/jpeg\" \/>\n<meta name=\"author\" content=\"\u017baneta Mrozek-Siewierska\" \/>\n<meta name=\"twitter:card\" content=\"summary_large_image\" \/>\n<meta name=\"twitter:creator\" content=\"@24gliwice\" \/>\n<meta name=\"twitter:site\" content=\"@24gliwice\" \/>\n<meta name=\"twitter:label1\" content=\"Napisane przez\" \/>\n\t<meta name=\"twitter:data1\" content=\"\u017baneta Mrozek-Siewierska\" \/>\n\t<meta name=\"twitter:label2\" content=\"Szacowany czas czytania\" \/>\n\t<meta name=\"twitter:data2\" content=\"4 minuty\" \/>\n<script type=\"application\/ld+json\" class=\"yoast-schema-graph\">{\"@context\":\"https:\\\/\\\/schema.org\",\"@graph\":[{\"@type\":\"Article\",\"@id\":\"https:\\\/\\\/www.24gliwice.pl\\\/wiadomosci\\\/lokale-w-centrum-przesiadkowym-na-razie-pozostana-puste-inny-w-samym-sercu-gliwic-udalo-sie-wynajac\\\/#article\",\"isPartOf\":{\"@id\":\"https:\\\/\\\/www.24gliwice.pl\\\/wiadomosci\\\/lokale-w-centrum-przesiadkowym-na-razie-pozostana-puste-inny-w-samym-sercu-gliwic-udalo-sie-wynajac\\\/\"},\"author\":{\"name\":\"\u017baneta Mrozek-Siewierska\",\"@id\":\"https:\\\/\\\/www.24gliwice.pl\\\/wiadomosci\\\/#\\\/schema\\\/person\\\/e42c650edd7f2fa332be3811fb166b6e\"},\"headline\":\"Lokale w Centrum Przesiadkowym na razie pozostan\u0105 puste. Inny &#8211; w samym sercu Gliwic &#8211; uda\u0142o si\u0119 wynaj\u0105\u0107\",\"datePublished\":\"2023-10-18T23:40:18+00:00\",\"dateModified\":\"2023-10-18T23:49:44+00:00\",\"mainEntityOfPage\":{\"@id\":\"https:\\\/\\\/www.24gliwice.pl\\\/wiadomosci\\\/lokale-w-centrum-przesiadkowym-na-razie-pozostana-puste-inny-w-samym-sercu-gliwic-udalo-sie-wynajac\\\/\"},\"wordCount\":437,\"commentCount\":0,\"publisher\":{\"@id\":\"https:\\\/\\\/www.24gliwice.pl\\\/wiadomosci\\\/#organization\"},\"image\":{\"@id\":\"https:\\\/\\\/www.24gliwice.pl\\\/wiadomosci\\\/lokale-w-centrum-przesiadkowym-na-razie-pozostana-puste-inny-w-samym-sercu-gliwic-udalo-sie-wynajac\\\/#primaryimage\"},\"thumbnailUrl\":\"https:\\\/\\\/www.24gliwice.pl\\\/wiadomosci\\\/wp-content\\\/uploads\\\/2023\\\/10\\\/centrum-przesiadkowe-gora.jpg\",\"keywords\":[\"CENTRUM PRZESIADKOWE\",\"zwyci\u0119stwa 36\"],\"articleSection\":[\"Gliwice\",\"Najnowsze wiadomo\u015bci\",\"Portal Gliwice - Wiadomo\u015bci lokalne\"],\"inLanguage\":\"pl-PL\",\"potentialAction\":[{\"@type\":\"CommentAction\",\"name\":\"Comment\",\"target\":[\"https:\\\/\\\/www.24gliwice.pl\\\/wiadomosci\\\/lokale-w-centrum-przesiadkowym-na-razie-pozostana-puste-inny-w-samym-sercu-gliwic-udalo-sie-wynajac\\\/#respond\"]}]},{\"@type\":\"WebPage\",\"@id\":\"https:\\\/\\\/www.24gliwice.pl\\\/wiadomosci\\\/lokale-w-centrum-przesiadkowym-na-razie-pozostana-puste-inny-w-samym-sercu-gliwic-udalo-sie-wynajac\\\/\",\"url\":\"https:\\\/\\\/www.24gliwice.pl\\\/wiadomosci\\\/lokale-w-centrum-przesiadkowym-na-razie-pozostana-puste-inny-w-samym-sercu-gliwic-udalo-sie-wynajac\\\/\",\"name\":\"Lokale w Centrum Przesiadkowym na razie pozostan\u0105 puste. Inny - w samym sercu Gliwic - uda\u0142o si\u0119 wynaj\u0105\u0107 - 24GLIWICE - Portal Gliwice | codziennie nowe informacje\",\"isPartOf\":{\"@id\":\"https:\\\/\\\/www.24gliwice.pl\\\/wiadomosci\\\/#website\"},\"primaryImageOfPage\":{\"@id\":\"https:\\\/\\\/www.24gliwice.pl\\\/wiadomosci\\\/lokale-w-centrum-przesiadkowym-na-razie-pozostana-puste-inny-w-samym-sercu-gliwic-udalo-sie-wynajac\\\/#primaryimage\"},\"image\":{\"@id\":\"https:\\\/\\\/www.24gliwice.pl\\\/wiadomosci\\\/lokale-w-centrum-przesiadkowym-na-razie-pozostana-puste-inny-w-samym-sercu-gliwic-udalo-sie-wynajac\\\/#primaryimage\"},\"thumbnailUrl\":\"https:\\\/\\\/www.24gliwice.pl\\\/wiadomosci\\\/wp-content\\\/uploads\\\/2023\\\/10\\\/centrum-przesiadkowe-gora.jpg\",\"datePublished\":\"2023-10-18T23:40:18+00:00\",\"dateModified\":\"2023-10-18T23:49:44+00:00\",\"description\":\"Lokale w centrum przesiadkowym nadal s\u0105 niezagospodarowane. Uda\u0142o si\u0119 za to wynaj\u0105\u0107 pomieszczenia przy ulicy Zwyci\u0119stwa 36\",\"breadcrumb\":{\"@id\":\"https:\\\/\\\/www.24gliwice.pl\\\/wiadomosci\\\/lokale-w-centrum-przesiadkowym-na-razie-pozostana-puste-inny-w-samym-sercu-gliwic-udalo-sie-wynajac\\\/#breadcrumb\"},\"inLanguage\":\"pl-PL\",\"potentialAction\":[{\"@type\":\"ReadAction\",\"target\":[\"https:\\\/\\\/www.24gliwice.pl\\\/wiadomosci\\\/lokale-w-centrum-przesiadkowym-na-razie-pozostana-puste-inny-w-samym-sercu-gliwic-udalo-sie-wynajac\\\/\"]}]},{\"@type\":\"ImageObject\",\"inLanguage\":\"pl-PL\",\"@id\":\"https:\\\/\\\/www.24gliwice.pl\\\/wiadomosci\\\/lokale-w-centrum-przesiadkowym-na-razie-pozostana-puste-inny-w-samym-sercu-gliwic-udalo-sie-wynajac\\\/#primaryimage\",\"url\":\"https:\\\/\\\/www.24gliwice.pl\\\/wiadomosci\\\/wp-content\\\/uploads\\\/2023\\\/10\\\/centrum-przesiadkowe-gora.jpg\",\"contentUrl\":\"https:\\\/\\\/www.24gliwice.pl\\\/wiadomosci\\\/wp-content\\\/uploads\\\/2023\\\/10\\\/centrum-przesiadkowe-gora.jpg\",\"width\":810,\"height\":456},{\"@type\":\"BreadcrumbList\",\"@id\":\"https:\\\/\\\/www.24gliwice.pl\\\/wiadomosci\\\/lokale-w-centrum-przesiadkowym-na-razie-pozostana-puste-inny-w-samym-sercu-gliwic-udalo-sie-wynajac\\\/#breadcrumb\",\"itemListElement\":[{\"@type\":\"ListItem\",\"position\":1,\"name\":\"Strona g\u0142\u00f3wna\",\"item\":\"https:\\\/\\\/www.24gliwice.pl\\\/wiadomosci\\\/\"},{\"@type\":\"ListItem\",\"position\":2,\"name\":\"Lokale w Centrum Przesiadkowym na razie pozostan\u0105 puste. Inny &#8211; w samym sercu Gliwic &#8211; uda\u0142o si\u0119 wynaj\u0105\u0107\"}]},{\"@type\":\"WebSite\",\"@id\":\"https:\\\/\\\/www.24gliwice.pl\\\/wiadomosci\\\/#website\",\"url\":\"https:\\\/\\\/www.24gliwice.pl\\\/wiadomosci\\\/\",\"name\":\"24GLIWICE - Portal Gliwice | codziennie nowe wiadomo\u015bci\",\"description\":\"Portal Miejski Gliwice\",\"publisher\":{\"@id\":\"https:\\\/\\\/www.24gliwice.pl\\\/wiadomosci\\\/#organization\"},\"potentialAction\":[{\"@type\":\"SearchAction\",\"target\":{\"@type\":\"EntryPoint\",\"urlTemplate\":\"https:\\\/\\\/www.24gliwice.pl\\\/wiadomosci\\\/?s={search_term_string}\"},\"query-input\":{\"@type\":\"PropertyValueSpecification\",\"valueRequired\":true,\"valueName\":\"search_term_string\"}}],\"inLanguage\":\"pl-PL\"},{\"@type\":\"Organization\",\"@id\":\"https:\\\/\\\/www.24gliwice.pl\\\/wiadomosci\\\/#organization\",\"name\":\"24gliwice\",\"url\":\"https:\\\/\\\/www.24gliwice.pl\\\/wiadomosci\\\/\",\"logo\":{\"@type\":\"ImageObject\",\"inLanguage\":\"pl-PL\",\"@id\":\"https:\\\/\\\/www.24gliwice.pl\\\/wiadomosci\\\/#\\\/schema\\\/logo\\\/image\\\/\",\"url\":\"https:\\\/\\\/www.24gliwice.pl\\\/wiadomosci\\\/wp-content\\\/uploads\\\/2024\\\/10\\\/24gliwice-logo-696.jpg\",\"contentUrl\":\"https:\\\/\\\/www.24gliwice.pl\\\/wiadomosci\\\/wp-content\\\/uploads\\\/2024\\\/10\\\/24gliwice-logo-696.jpg\",\"width\":696,\"height\":696,\"caption\":\"24gliwice\"},\"image\":{\"@id\":\"https:\\\/\\\/www.24gliwice.pl\\\/wiadomosci\\\/#\\\/schema\\\/logo\\\/image\\\/\"},\"sameAs\":[\"https:\\\/\\\/www.facebook.com\\\/24gliwice\",\"https:\\\/\\\/x.com\\\/24gliwice\",\"https:\\\/\\\/www.youtube.com\\\/@24gliwice\"]},{\"@type\":\"Person\",\"@id\":\"https:\\\/\\\/www.24gliwice.pl\\\/wiadomosci\\\/#\\\/schema\\\/person\\\/e42c650edd7f2fa332be3811fb166b6e\",\"name\":\"\u017baneta Mrozek-Siewierska\",\"image\":{\"@type\":\"ImageObject\",\"inLanguage\":\"pl-PL\",\"@id\":\"https:\\\/\\\/secure.gravatar.com\\\/avatar\\\/1881429e9c64597c77ad7aef2d0a19be69a3253e57534d16aa15bf3a4d34a0a3?s=96&d=mm&r=g\",\"url\":\"https:\\\/\\\/secure.gravatar.com\\\/avatar\\\/1881429e9c64597c77ad7aef2d0a19be69a3253e57534d16aa15bf3a4d34a0a3?s=96&d=mm&r=g\",\"contentUrl\":\"https:\\\/\\\/secure.gravatar.com\\\/avatar\\\/1881429e9c64597c77ad7aef2d0a19be69a3253e57534d16aa15bf3a4d34a0a3?s=96&d=mm&r=g\",\"caption\":\"\u017baneta Mrozek-Siewierska\"},\"url\":\"https:\\\/\\\/www.24gliwice.pl\\\/wiadomosci\\\/author\\\/zms\\\/\"}]}<\/script>\n<!-- \/ Yoast SEO plugin. -->","yoast_head_json":{"title":"Lokale w Centrum Przesiadkowym na razie pozostan\u0105 puste. Inny - w samym sercu Gliwic - uda\u0142o si\u0119 wynaj\u0105\u0107 - 24GLIWICE - Portal Gliwice | codziennie nowe informacje","description":"Lokale w centrum przesiadkowym nadal s\u0105 niezagospodarowane. Uda\u0142o si\u0119 za to wynaj\u0105\u0107 pomieszczenia przy ulicy Zwyci\u0119stwa 36","robots":{"index":"index","follow":"follow","max-snippet":"max-snippet:-1","max-image-preview":"max-image-preview:large","max-video-preview":"max-video-preview:-1"},"canonical":"https:\/\/www.24gliwice.pl\/wiadomosci\/lokale-w-centrum-przesiadkowym-na-razie-pozostana-puste-inny-w-samym-sercu-gliwic-udalo-sie-wynajac\/","og_locale":"pl_PL","og_type":"article","og_title":"Lokale w Centrum Przesiadkowym na razie pozostan\u0105 puste. Inny - w samym sercu Gliwic - uda\u0142o si\u0119 wynaj\u0105\u0107 - 24GLIWICE - Portal Gliwice | codziennie nowe informacje","og_description":"Lokale w centrum przesiadkowym nadal s\u0105 niezagospodarowane. Uda\u0142o si\u0119 za to wynaj\u0105\u0107 pomieszczenia przy ulicy Zwyci\u0119stwa 36","og_url":"https:\/\/www.24gliwice.pl\/wiadomosci\/lokale-w-centrum-przesiadkowym-na-razie-pozostana-puste-inny-w-samym-sercu-gliwic-udalo-sie-wynajac\/","og_site_name":"24GLIWICE - Portal Gliwice | codziennie nowe informacje","article_publisher":"https:\/\/www.facebook.com\/24gliwice","article_published_time":"2023-10-18T23:40:18+00:00","article_modified_time":"2023-10-18T23:49:44+00:00","og_image":[{"width":810,"height":456,"url":"https:\/\/www.24gliwice.pl\/wiadomosci\/wp-content\/uploads\/2023\/10\/centrum-przesiadkowe-gora.jpg","type":"image\/jpeg"}],"author":"\u017baneta Mrozek-Siewierska","twitter_card":"summary_large_image","twitter_creator":"@24gliwice","twitter_site":"@24gliwice","twitter_misc":{"Napisane przez":"\u017baneta Mrozek-Siewierska","Szacowany czas czytania":"4 minuty"},"schema":{"@context":"https:\/\/schema.org","@graph":[{"@type":"Article","@id":"https:\/\/www.24gliwice.pl\/wiadomosci\/lokale-w-centrum-przesiadkowym-na-razie-pozostana-puste-inny-w-samym-sercu-gliwic-udalo-sie-wynajac\/#article","isPartOf":{"@id":"https:\/\/www.24gliwice.pl\/wiadomosci\/lokale-w-centrum-przesiadkowym-na-razie-pozostana-puste-inny-w-samym-sercu-gliwic-udalo-sie-wynajac\/"},"author":{"name":"\u017baneta Mrozek-Siewierska","@id":"https:\/\/www.24gliwice.pl\/wiadomosci\/#\/schema\/person\/e42c650edd7f2fa332be3811fb166b6e"},"headline":"Lokale w Centrum Przesiadkowym na razie pozostan\u0105 puste. Inny &#8211; w samym sercu Gliwic &#8211; uda\u0142o si\u0119 wynaj\u0105\u0107","datePublished":"2023-10-18T23:40:18+00:00","dateModified":"2023-10-18T23:49:44+00:00","mainEntityOfPage":{"@id":"https:\/\/www.24gliwice.pl\/wiadomosci\/lokale-w-centrum-przesiadkowym-na-razie-pozostana-puste-inny-w-samym-sercu-gliwic-udalo-sie-wynajac\/"},"wordCount":437,"commentCount":0,"publisher":{"@id":"https:\/\/www.24gliwice.pl\/wiadomosci\/#organization"},"image":{"@id":"https:\/\/www.24gliwice.pl\/wiadomosci\/lokale-w-centrum-przesiadkowym-na-razie-pozostana-puste-inny-w-samym-sercu-gliwic-udalo-sie-wynajac\/#primaryimage"},"thumbnailUrl":"https:\/\/www.24gliwice.pl\/wiadomosci\/wp-content\/uploads\/2023\/10\/centrum-przesiadkowe-gora.jpg","keywords":["CENTRUM PRZESIADKOWE","zwyci\u0119stwa 36"],"articleSection":["Gliwice","Najnowsze wiadomo\u015bci","Portal Gliwice - Wiadomo\u015bci lokalne"],"inLanguage":"pl-PL","potentialAction":[{"@type":"CommentAction","name":"Comment","target":["https:\/\/www.24gliwice.pl\/wiadomosci\/lokale-w-centrum-przesiadkowym-na-razie-pozostana-puste-inny-w-samym-sercu-gliwic-udalo-sie-wynajac\/#respond"]}]},{"@type":"WebPage","@id":"https:\/\/www.24gliwice.pl\/wiadomosci\/lokale-w-centrum-przesiadkowym-na-razie-pozostana-puste-inny-w-samym-sercu-gliwic-udalo-sie-wynajac\/","url":"https:\/\/www.24gliwice.pl\/wiadomosci\/lokale-w-centrum-przesiadkowym-na-razie-pozostana-puste-inny-w-samym-sercu-gliwic-udalo-sie-wynajac\/","name":"Lokale w Centrum Przesiadkowym na razie pozostan\u0105 puste. Inny - w samym sercu Gliwic - uda\u0142o si\u0119 wynaj\u0105\u0107 - 24GLIWICE - Portal Gliwice | codziennie nowe informacje","isPartOf":{"@id":"https:\/\/www.24gliwice.pl\/wiadomosci\/#website"},"primaryImageOfPage":{"@id":"https:\/\/www.24gliwice.pl\/wiadomosci\/lokale-w-centrum-przesiadkowym-na-razie-pozostana-puste-inny-w-samym-sercu-gliwic-udalo-sie-wynajac\/#primaryimage"},"image":{"@id":"https:\/\/www.24gliwice.pl\/wiadomosci\/lokale-w-centrum-przesiadkowym-na-razie-pozostana-puste-inny-w-samym-sercu-gliwic-udalo-sie-wynajac\/#primaryimage"},"thumbnailUrl":"https:\/\/www.24gliwice.pl\/wiadomosci\/wp-content\/uploads\/2023\/10\/centrum-przesiadkowe-gora.jpg","datePublished":"2023-10-18T23:40:18+00:00","dateModified":"2023-10-18T23:49:44+00:00","description":"Lokale w centrum przesiadkowym nadal s\u0105 niezagospodarowane. Uda\u0142o si\u0119 za to wynaj\u0105\u0107 pomieszczenia przy ulicy Zwyci\u0119stwa 36","breadcrumb":{"@id":"https:\/\/www.24gliwice.pl\/wiadomosci\/lokale-w-centrum-przesiadkowym-na-razie-pozostana-puste-inny-w-samym-sercu-gliwic-udalo-sie-wynajac\/#breadcrumb"},"inLanguage":"pl-PL","potentialAction":[{"@type":"ReadAction","target":["https:\/\/www.24gliwice.pl\/wiadomosci\/lokale-w-centrum-przesiadkowym-na-razie-pozostana-puste-inny-w-samym-sercu-gliwic-udalo-sie-wynajac\/"]}]},{"@type":"ImageObject","inLanguage":"pl-PL","@id":"https:\/\/www.24gliwice.pl\/wiadomosci\/lokale-w-centrum-przesiadkowym-na-razie-pozostana-puste-inny-w-samym-sercu-gliwic-udalo-sie-wynajac\/#primaryimage","url":"https:\/\/www.24gliwice.pl\/wiadomosci\/wp-content\/uploads\/2023\/10\/centrum-przesiadkowe-gora.jpg","contentUrl":"https:\/\/www.24gliwice.pl\/wiadomosci\/wp-content\/uploads\/2023\/10\/centrum-przesiadkowe-gora.jpg","width":810,"height":456},{"@type":"BreadcrumbList","@id":"https:\/\/www.24gliwice.pl\/wiadomosci\/lokale-w-centrum-przesiadkowym-na-razie-pozostana-puste-inny-w-samym-sercu-gliwic-udalo-sie-wynajac\/#breadcrumb","itemListElement":[{"@type":"ListItem","position":1,"name":"Strona g\u0142\u00f3wna","item":"https:\/\/www.24gliwice.pl\/wiadomosci\/"},{"@type":"ListItem","position":2,"name":"Lokale w Centrum Przesiadkowym na razie pozostan\u0105 puste. Inny &#8211; w samym sercu Gliwic &#8211; uda\u0142o si\u0119 wynaj\u0105\u0107"}]},{"@type":"WebSite","@id":"https:\/\/www.24gliwice.pl\/wiadomosci\/#website","url":"https:\/\/www.24gliwice.pl\/wiadomosci\/","name":"24GLIWICE - Portal Gliwice | codziennie nowe wiadomo\u015bci","description":"Portal Miejski Gliwice","publisher":{"@id":"https:\/\/www.24gliwice.pl\/wiadomosci\/#organization"},"potentialAction":[{"@type":"SearchAction","target":{"@type":"EntryPoint","urlTemplate":"https:\/\/www.24gliwice.pl\/wiadomosci\/?s={search_term_string}"},"query-input":{"@type":"PropertyValueSpecification","valueRequired":true,"valueName":"search_term_string"}}],"inLanguage":"pl-PL"},{"@type":"Organization","@id":"https:\/\/www.24gliwice.pl\/wiadomosci\/#organization","name":"24gliwice","url":"https:\/\/www.24gliwice.pl\/wiadomosci\/","logo":{"@type":"ImageObject","inLanguage":"pl-PL","@id":"https:\/\/www.24gliwice.pl\/wiadomosci\/#\/schema\/logo\/image\/","url":"https:\/\/www.24gliwice.pl\/wiadomosci\/wp-content\/uploads\/2024\/10\/24gliwice-logo-696.jpg","contentUrl":"https:\/\/www.24gliwice.pl\/wiadomosci\/wp-content\/uploads\/2024\/10\/24gliwice-logo-696.jpg","width":696,"height":696,"caption":"24gliwice"},"image":{"@id":"https:\/\/www.24gliwice.pl\/wiadomosci\/#\/schema\/logo\/image\/"},"sameAs":["https:\/\/www.facebook.com\/24gliwice","https:\/\/x.com\/24gliwice","https:\/\/www.youtube.com\/@24gliwice"]},{"@type":"Person","@id":"https:\/\/www.24gliwice.pl\/wiadomosci\/#\/schema\/person\/e42c650edd7f2fa332be3811fb166b6e","name":"\u017baneta Mrozek-Siewierska","image":{"@type":"ImageObject","inLanguage":"pl-PL","@id":"https:\/\/secure.gravatar.com\/avatar\/1881429e9c64597c77ad7aef2d0a19be69a3253e57534d16aa15bf3a4d34a0a3?s=96&d=mm&r=g","url":"https:\/\/secure.gravatar.com\/avatar\/1881429e9c64597c77ad7aef2d0a19be69a3253e57534d16aa15bf3a4d34a0a3?s=96&d=mm&r=g","contentUrl":"https:\/\/secure.gravatar.com\/avatar\/1881429e9c64597c77ad7aef2d0a19be69a3253e57534d16aa15bf3a4d34a0a3?s=96&d=mm&r=g","caption":"\u017baneta Mrozek-Siewierska"},"url":"https:\/\/www.24gliwice.pl\/wiadomosci\/author\/zms\/"}]}},"_links":{"self":[{"href":"https:\/\/www.24gliwice.pl\/wiadomosci\/wp-json\/wp\/v2\/posts\/223404","targetHints":{"allow":["GET"]}}],"collection":[{"href":"https:\/\/www.24gliwice.pl\/wiadomosci\/wp-json\/wp\/v2\/posts"}],"about":[{"href":"https:\/\/www.24gliwice.pl\/wiadomosci\/wp-json\/wp\/v2\/types\/post"}],"author":[{"embeddable":true,"href":"https:\/\/www.24gliwice.pl\/wiadomosci\/wp-json\/wp\/v2\/users\/15"}],"replies":[{"embeddable":true,"href":"https:\/\/www.24gliwice.pl\/wiadomosci\/wp-json\/wp\/v2\/comments?post=223404"}],"version-history":[{"count":0,"href":"https:\/\/www.24gliwice.pl\/wiadomosci\/wp-json\/wp\/v2\/posts\/223404\/revisions"}],"wp:featuredmedia":[{"embeddable":true,"href":"https:\/\/www.24gliwice.pl\/wiadomosci\/wp-json\/wp\/v2\/media\/223705"}],"wp:attachment":[{"href":"https:\/\/www.24gliwice.pl\/wiadomosci\/wp-json\/wp\/v2\/media?parent=223404"}],"wp:term":[{"taxonomy":"category","embeddable":true,"href":"https:\/\/www.24gliwice.pl\/wiadomosci\/wp-json\/wp\/v2\/categories?post=223404"},{"taxonomy":"post_tag","embeddable":true,"href":"https:\/\/www.24gliwice.pl\/wiadomosci\/wp-json\/wp\/v2\/tags?post=223404"}],"curies":[{"name":"wp","href":"https:\/\/api.w.org\/{rel}","templated":true}]}}