{"id":223817,"date":"2023-10-23T02:27:08","date_gmt":"2023-10-23T00:27:08","guid":{"rendered":"https:\/\/www.24gliwice.pl\/wiadomosci\/?p=223817"},"modified":"2023-10-23T10:58:29","modified_gmt":"2023-10-23T08:58:29","slug":"bedzie-modernizacja-wiec-bedzie-drozej-pytamy-mzuk-o-plany-dotyczace-targowiska-na-ul-lipowej","status":"publish","type":"post","link":"https:\/\/www.24gliwice.pl\/wiadomosci\/bedzie-modernizacja-wiec-bedzie-drozej-pytamy-mzuk-o-plany-dotyczace-targowiska-na-ul-lipowej\/","title":{"rendered":"Czy po modernizacji b\u0119dzie dro\u017cej? Pytamy MZUK o plany dotycz\u0105ce targowiska przy ul. Lipowej"},"content":{"rendered":"<div class=\"gliwi-a6-nad-leadem-artykulow gliwi-entity-placement\" id=\"gliwi-1744318844\"><div class=\"gliwi-adlabel\"><span style=\"font-size: 9px\">REKLAMA<\/span><\/div><div id=\"gliwi-2755127400\" style=\"margin-bottom: 25px;margin-left: auto;margin-right: auto;text-align: center;\"><a data-no-instant=\"1\" href=\"https:\/\/dom100.eu\/\" rel=\"noopener\" class=\"a2t-link\" target=\"_blank\" aria-label=\"20260415 DOM100 D\"><img loading=\"lazy\" decoding=\"async\" src=\"https:\/\/www.24gliwice.pl\/wiadomosci\/wp-content\/uploads\/2026\/04\/20260415-DOM100-D.jpg\" alt=\"\"  srcset=\"https:\/\/www.24gliwice.pl\/wiadomosci\/wp-content\/uploads\/2026\/04\/20260415-DOM100-D.jpg 750w, https:\/\/www.24gliwice.pl\/wiadomosci\/wp-content\/uploads\/2026\/04\/20260415-DOM100-D-410x109.jpg 410w\" sizes=\"(max-width: 750px) 100vw, 750px\" class=\"no-lazyload\" width=\"750\" height=\"200\"  style=\"display: inline-block; max-width: 100%; height: auto;\" \/><\/a><\/div><\/div><h2>Rusza modernizacja targowiska na ul. Lipowej. W \u015blad za pierwszymi przetargami pojawi\u0142y si\u0119 obawy o podwy\u017ck\u0119 cen na targowisku po remoncie. Czy w zwi\u0105zku z inwestycj\u0105 z na targu b\u0119dzie dro\u017cej?<\/h2>\n<p>&nbsp;<br \/>\nModernizacja targowiska przy ul. Lipowej ma ruszy\u0107 jeszcze w tym roku i potrwa 14 miesi\u0119cy. W tej chwili rozstrzygane jest post\u0119powanie przetargowe na dostaw\u0119 i monta\u017c kontenerowych stanowisk handlowych. To jednak dopiero pocz\u0105tek. W ramach inwestycji wykonana zostanie otwarta hala targowa, budynek administracyjno-socjalny o powierzchni 90m2, wymieniona zostanie nawierzchnia asfaltowa, powstan\u0105 te\u017c nowe miejsca parkingowe dla samochod\u00f3w i rower\u00f3w, a modernizacja obejmie tak\u017ce wymian\u0119 ogrodzenia wraz z bramami wyjazdowymi (szacowany przez magistrat koszt przedsi\u0119wzi\u0119cia to oko\u0142o 3,5 mln z\u0142otych). <\/p>\n<p><img loading=\"lazy\" decoding=\"async\" src=\"https:\/\/www.24gliwice.pl\/wiadomosci\/wp-content\/uploads\/2023\/10\/targowisko-1.jpg\" alt=\"\" width=\"780\" height=\"556\" class=\"aligncenter size-full wp-image-223915\" srcset=\"https:\/\/www.24gliwice.pl\/wiadomosci\/wp-content\/uploads\/2023\/10\/targowisko-1.jpg 780w, https:\/\/www.24gliwice.pl\/wiadomosci\/wp-content\/uploads\/2023\/10\/targowisko-1-325x232.jpg 325w, https:\/\/www.24gliwice.pl\/wiadomosci\/wp-content\/uploads\/2023\/10\/targowisko-1-638x455.jpg 638w, https:\/\/www.24gliwice.pl\/wiadomosci\/wp-content\/uploads\/2023\/10\/targowisko-1-768x547.jpg 768w\" sizes=\"auto, (max-width: 780px) 100vw, 780px\" \/><\/p>\n<p>Pytanie o koszty inwestycji jest zreszt\u0105 najcz\u0119\u015bciej zadawanym przez kupc\u00f3w i mieszka\u0144c\u00f3w. <strong>Nie o koszt modernizacji jednak tu chodzi, a cen\u0119, jak\u0105 w przysz\u0142o\u015bci trzeba b\u0119dzie zap\u0142aci\u0107 za modernizacj\u0119<\/strong>. Pierwszym straszakiem jest dawny <strong>targ na ul. Zubrzyckiego<\/strong>, kt\u00f3ry po zamianie w Pasa\u017c Handlowy Jasna podupad\u0142, a za jeden z powod\u00f3w wskazuje si\u0119 w\u0142a\u015bnie wysokie ceny. Bo ewentualne podniesienie stawek dla handlowc\u00f3w na Lipowej dotknie tak\u017ce kupuj\u0105cych, na kt\u00f3rych zostan\u0105 przerzucone koszty. <\/p><div class=\"gliwi-a3-w-tresci-artykulow gliwi-entity-placement\" id=\"gliwi-2119955560\"><div class=\"gliwi-adlabel\"><span style=\"font-size: 9px\">REKLAMA<\/span><\/div><div id=\"gliwi-1630892403\" style=\"margin-bottom: 30px;margin-left: auto;margin-right: auto;text-align: center;\"><a data-no-instant=\"1\" href=\"https:\/\/zlobek.halogen.org.pl\/\" rel=\"noopener\" class=\"a2t-link\" target=\"_blank\" aria-label=\"animator-zlobek_750x200\"><img loading=\"lazy\" decoding=\"async\" src=\"https:\/\/www.24gliwice.pl\/wiadomosci\/wp-content\/uploads\/2026\/02\/animator-zlobek_750x200.webp\" alt=\"\"  srcset=\"https:\/\/www.24gliwice.pl\/wiadomosci\/wp-content\/uploads\/2026\/02\/animator-zlobek_750x200.webp 750w, https:\/\/www.24gliwice.pl\/wiadomosci\/wp-content\/uploads\/2026\/02\/animator-zlobek_750x200-410x109.webp 410w\" sizes=\"(max-width: 750px) 100vw, 750px\" class=\"no-lazyload\" width=\"750\" height=\"200\"  style=\"display: inline-block; max-width: 100%; height: auto;\" \/><\/a><\/div><\/div>\n<p><img loading=\"lazy\" decoding=\"async\" src=\"https:\/\/www.24gliwice.pl\/wiadomosci\/wp-content\/uploads\/2023\/10\/targowisko-2.jpg\" alt=\"\" width=\"780\" height=\"556\" class=\"aligncenter size-full wp-image-223916\" srcset=\"https:\/\/www.24gliwice.pl\/wiadomosci\/wp-content\/uploads\/2023\/10\/targowisko-2.jpg 780w, https:\/\/www.24gliwice.pl\/wiadomosci\/wp-content\/uploads\/2023\/10\/targowisko-2-325x232.jpg 325w, https:\/\/www.24gliwice.pl\/wiadomosci\/wp-content\/uploads\/2023\/10\/targowisko-2-638x455.jpg 638w, https:\/\/www.24gliwice.pl\/wiadomosci\/wp-content\/uploads\/2023\/10\/targowisko-2-768x547.jpg 768w\" sizes=\"auto, (max-width: 780px) 100vw, 780px\" \/><\/p>\n<p><strong>Na Lipowej obecnie funkcjonuje nast\u0119puj\u0105cy cennik:<\/strong><\/p>\n<p>&#8211; sprzeda\u017c z r\u0119ki, kosza, z ziemi, ze stolika na powierzchni do 1m2 &#8211; 6,00 z\u0142 brutto<br \/>\n&#8211; sprzeda\u017c na terenie o powierzchni powy\u017cej 1m2 do 6 m2 &#8211; 18,00 z\u0142 brutto<br \/>\n&#8211; sprzeda\u017c na terenie o powierzchni powy\u017cej 6 m2 &#8211; 18,00 z\u0142 + 3,50 z\u0142 za ka\u017cdy kolejny m2<br \/>\n&#8211; stanowisko handlowe 9m2 &#8211; 30,00 z\u0142<br \/>\n&#8211; stanowisko handlowe 24m2 (z mo\u017cliwo\u015bci\u0105 parkowania pojazdu) &#8211; 75,00 z\u0142<br \/>\n&#8211; stanowisko handlowe 27m2 (z mo\u017cliwo\u015bci\u0105 parkowania pojazdu) &#8211; 85,00 z\u0142<\/p>\n<p>To ceny, kt\u00f3re i tak w ostatnich latach zosta\u0142y kilkukrotnie podniesione. Czy za rok czeka nas kolejna podwy\u017cka? Zapytali\u015bmy MZUK i mamy dobre informacje, cho\u0107 lakoniczno\u015b\u0107 komunikatu urz\u0119dnik\u00f3w mo\u017cna uzna\u0107 za r\u00f3wnie konkretn\u0105 co budz\u0105c\u0105 w\u0105tpliwo\u015bci, na ile jest to stanowisko wi\u0105\u017c\u0105ce. <\/p>\n<blockquote><p>&#8211; Odpowiadaj\u0105c na Pana pytanie, nie mamy takich plan\u00f3w<\/p><\/blockquote>\n<p> &#8211; m\u00f3wi <strong>Patrycja Cie\u015blok-Sorowka<\/strong>, rzecznik prasowy MZUK. <\/p>\n<p><img loading=\"lazy\" decoding=\"async\" src=\"https:\/\/www.24gliwice.pl\/wiadomosci\/wp-content\/uploads\/2023\/10\/targowisko-3.jpg\" alt=\"\" width=\"780\" height=\"556\" class=\"aligncenter size-full wp-image-223917\" srcset=\"https:\/\/www.24gliwice.pl\/wiadomosci\/wp-content\/uploads\/2023\/10\/targowisko-3.jpg 780w, https:\/\/www.24gliwice.pl\/wiadomosci\/wp-content\/uploads\/2023\/10\/targowisko-3-325x232.jpg 325w, https:\/\/www.24gliwice.pl\/wiadomosci\/wp-content\/uploads\/2023\/10\/targowisko-3-638x455.jpg 638w, https:\/\/www.24gliwice.pl\/wiadomosci\/wp-content\/uploads\/2023\/10\/targowisko-3-768x547.jpg 768w\" sizes=\"auto, (max-width: 780px) 100vw, 780px\" \/><\/p>\n<p>W tle dyskusji o cenach, wybrzmiewa te\u017c dyskusja o samym kszta\u0142cie przysz\u0142ego targowiska. Targ na ul. Lipowej jest ostatnim miejscem w Gliwicach, gdzie na tak\u0105 skal\u0119 organizowany by\u0142by ten rodzaj handlu. Pojawiaj\u0105 si\u0119 g\u0142osy, \u017ce zamiast projektu &#8220;estetyzacji zza biurka&#8221;, targowisko powinno pozosta\u0107 w bardziej surowym charakterze, jaki dobrze znamy z targ\u00f3w w wielu miastach Europy. Tu jednak zderzaj\u0105 si\u0119 sprzeczne stanowiska. W\u015br\u00f3d kupc\u00f3w mo\u017cna us\u0142ysze\u0107, \u017ce nikt z nimi nie konsultowa\u0142 przysz\u0142ego wygl\u0105du targowiska, miasto wskazuje natomiast na przeprowadzon\u0105 w 2021 roku ankiet\u0119. W\u015br\u00f3d 160 kupc\u00f3w ponad 40% z nich by\u0142a zainteresowana prowadzeniem handlu w miejscach zadaszonych, a tyle samo chcia\u0142oby sprzedawa\u0107 towar w miejscach odkrytych. Z kolei oko\u0142o 20% zadeklarowa\u0142a ch\u0119\u0107 prowadzenia dzia\u0142alno\u015bci w pawilonach handlowych.<\/p>\n<p><strong>Micha\u0142 Szewczyk <\/strong><br \/>\nwiz. MZUK Gliwice<\/p>\n<p><strong>AKTUALIZACJA<\/strong><br \/>\nKilka godzin po publikacji tekstu rzeczniczka MZUK poinformowa\u0142a nas o&#8230; zmianie plan\u00f3w wobec targowiska przy ul. Lipowej. Piszemy o tym w artykule <a href=\"https:\/\/www.24gliwice.pl\/wiadomosci\/nagla-zmiana-planow-mzuk-lifting-zamiast-modernizacji-targowiska-przy-ul-lipowej\/\">Nag\u0142a zmiana plan\u00f3w MZUK. Lifting zamiast modernizacji targowiska przy ul. Lipowej<\/a><\/p>\n<div class=\"gliwi-a5-na-koncu-artykulow gliwi-entity-placement\" id=\"gliwi-2823153830\"><div class=\"gliwi-adlabel\"><span style=\"font-size: 9px\">REKLAMA<\/span><\/div><div id=\"gliwi-2685746810\" style=\"margin-left: auto;margin-right: auto;text-align: center;\"><a data-no-instant=\"1\" href=\"https:\/\/www.jasek.pl\/\" rel=\"noopener\" class=\"a2t-link\" target=\"_blank\" aria-label=\"20200401-jasek 600\"><img loading=\"lazy\" decoding=\"async\" src=\"https:\/\/www.24gliwice.pl\/wiadomosci\/wp-content\/uploads\/2020\/04\/20200401-jasek-600.jpg\" alt=\"\"  srcset=\"https:\/\/www.24gliwice.pl\/wiadomosci\/wp-content\/uploads\/2020\/04\/20200401-jasek-600.jpg 600w, https:\/\/www.24gliwice.pl\/wiadomosci\/wp-content\/uploads\/2020\/04\/20200401-jasek-600-410x109.jpg 410w\" sizes=\"(max-width: 600px) 100vw, 600px\" class=\"no-lazyload\" width=\"600\" height=\"160\"  style=\"display: inline-block; max-width: 100%; height: auto;\" \/><\/a><\/div><\/div>","protected":false},"excerpt":{"rendered":"<p>Rusza modernizacja targowiska na ul. Lipowej. W \u015blad za pierwszymi przetargami pojawi\u0142y si\u0119 obawy o podwy\u017ck\u0119 cen na targowisku po remoncie. Czy w zwi\u0105zku z inwestycj\u0105 z na targu b\u0119dzie dro\u017cej? &nbsp; Modernizacja targowiska przy ul. Lipowej ma ruszy\u0107 jeszcze w tym roku i potrwa 14 miesi\u0119cy. W tej chwili rozstrzygane jest post\u0119powanie przetargowe na [&hellip;]<\/p>\n","protected":false},"author":12,"featured_media":0,"comment_status":"open","ping_status":"closed","sticky":false,"template":"","format":"standard","meta":{"_monsterinsights_skip_tracking":false,"_monsterinsights_sitenote_active":false,"_monsterinsights_sitenote_note":"","_monsterinsights_sitenote_category":0,"footnotes":"","_links_to":"","_links_to_target":""},"categories":[3,1],"tags":[10031],"class_list":["post-223817","post","type-post","status-publish","format-standard","hentry","category-gliwice","category-wszystko","tag-targowisko"],"yoast_head":"<!-- This site is optimized with the Yoast SEO plugin v27.5 - https:\/\/yoast.com\/product\/yoast-seo-wordpress\/ -->\n<title>Czy po modernizacji b\u0119dzie dro\u017cej? Pytamy MZUK o plany dotycz\u0105ce targowiska przy ul. Lipowej - 24GLIWICE - Portal Gliwice | codziennie nowe informacje<\/title>\n<meta name=\"robots\" content=\"index, follow, max-snippet:-1, max-image-preview:large, max-video-preview:-1\" \/>\n<link rel=\"canonical\" href=\"https:\/\/www.24gliwice.pl\/wiadomosci\/bedzie-modernizacja-wiec-bedzie-drozej-pytamy-mzuk-o-plany-dotyczace-targowiska-na-ul-lipowej\/\" \/>\n<meta property=\"og:locale\" content=\"pl_PL\" \/>\n<meta property=\"og:type\" content=\"article\" \/>\n<meta property=\"og:title\" content=\"Czy po modernizacji b\u0119dzie dro\u017cej? Pytamy MZUK o plany dotycz\u0105ce targowiska przy ul. Lipowej - 24GLIWICE - Portal Gliwice | codziennie nowe informacje\" \/>\n<meta property=\"og:description\" content=\"Rusza modernizacja targowiska na ul. Lipowej. W \u015blad za pierwszymi przetargami pojawi\u0142y si\u0119 obawy o podwy\u017ck\u0119 cen na targowisku po remoncie. Czy w zwi\u0105zku z inwestycj\u0105 z na targu b\u0119dzie dro\u017cej? &nbsp; Modernizacja targowiska przy ul. Lipowej ma ruszy\u0107 jeszcze w tym roku i potrwa 14 miesi\u0119cy. W tej chwili rozstrzygane jest post\u0119powanie przetargowe na [&hellip;]\" \/>\n<meta property=\"og:url\" content=\"https:\/\/www.24gliwice.pl\/wiadomosci\/bedzie-modernizacja-wiec-bedzie-drozej-pytamy-mzuk-o-plany-dotyczace-targowiska-na-ul-lipowej\/\" \/>\n<meta property=\"og:site_name\" content=\"24GLIWICE - Portal Gliwice | codziennie nowe informacje\" \/>\n<meta property=\"article:publisher\" content=\"https:\/\/www.facebook.com\/24gliwice\" \/>\n<meta property=\"article:published_time\" content=\"2023-10-23T00:27:08+00:00\" \/>\n<meta property=\"article:modified_time\" content=\"2023-10-23T08:58:29+00:00\" \/>\n<meta property=\"og:image\" content=\"https:\/\/www.24gliwice.pl\/wiadomosci\/wp-content\/uploads\/2023\/10\/targowisko.jpg\" \/>\n\t<meta property=\"og:image:width\" content=\"810\" \/>\n\t<meta property=\"og:image:height\" content=\"456\" \/>\n\t<meta property=\"og:image:type\" content=\"image\/jpeg\" \/>\n<meta name=\"author\" content=\"Micha\u0142 Szewczyk\" \/>\n<meta name=\"twitter:card\" content=\"summary_large_image\" \/>\n<meta name=\"twitter:creator\" content=\"@24gliwice\" \/>\n<meta name=\"twitter:site\" content=\"@24gliwice\" \/>\n<meta name=\"twitter:label1\" content=\"Napisane przez\" \/>\n\t<meta name=\"twitter:data1\" content=\"Micha\u0142 Szewczyk\" \/>\n\t<meta name=\"twitter:label2\" content=\"Szacowany czas czytania\" \/>\n\t<meta name=\"twitter:data2\" content=\"4 minuty\" \/>\n<script type=\"application\/ld+json\" class=\"yoast-schema-graph\">{\"@context\":\"https:\\\/\\\/schema.org\",\"@graph\":[{\"@type\":\"Article\",\"@id\":\"https:\\\/\\\/www.24gliwice.pl\\\/wiadomosci\\\/bedzie-modernizacja-wiec-bedzie-drozej-pytamy-mzuk-o-plany-dotyczace-targowiska-na-ul-lipowej\\\/#article\",\"isPartOf\":{\"@id\":\"https:\\\/\\\/www.24gliwice.pl\\\/wiadomosci\\\/bedzie-modernizacja-wiec-bedzie-drozej-pytamy-mzuk-o-plany-dotyczace-targowiska-na-ul-lipowej\\\/\"},\"author\":{\"name\":\"Micha\u0142 Szewczyk\",\"@id\":\"https:\\\/\\\/www.24gliwice.pl\\\/wiadomosci\\\/#\\\/schema\\\/person\\\/940e8f8a097e322de4f463f061ef8d45\"},\"headline\":\"Czy po modernizacji b\u0119dzie dro\u017cej? Pytamy MZUK o plany dotycz\u0105ce targowiska przy ul. Lipowej\",\"datePublished\":\"2023-10-23T00:27:08+00:00\",\"dateModified\":\"2023-10-23T08:58:29+00:00\",\"mainEntityOfPage\":{\"@id\":\"https:\\\/\\\/www.24gliwice.pl\\\/wiadomosci\\\/bedzie-modernizacja-wiec-bedzie-drozej-pytamy-mzuk-o-plany-dotyczace-targowiska-na-ul-lipowej\\\/\"},\"wordCount\":566,\"commentCount\":0,\"publisher\":{\"@id\":\"https:\\\/\\\/www.24gliwice.pl\\\/wiadomosci\\\/#organization\"},\"image\":{\"@id\":\"https:\\\/\\\/www.24gliwice.pl\\\/wiadomosci\\\/bedzie-modernizacja-wiec-bedzie-drozej-pytamy-mzuk-o-plany-dotyczace-targowiska-na-ul-lipowej\\\/#primaryimage\"},\"thumbnailUrl\":\"https:\\\/\\\/www.24gliwice.pl\\\/wiadomosci\\\/wp-content\\\/uploads\\\/2023\\\/10\\\/targowisko-1.jpg\",\"keywords\":[\"targowisko\"],\"articleSection\":[\"Gliwice\",\"Najnowsze wiadomo\u015bci\"],\"inLanguage\":\"pl-PL\",\"potentialAction\":[{\"@type\":\"CommentAction\",\"name\":\"Comment\",\"target\":[\"https:\\\/\\\/www.24gliwice.pl\\\/wiadomosci\\\/bedzie-modernizacja-wiec-bedzie-drozej-pytamy-mzuk-o-plany-dotyczace-targowiska-na-ul-lipowej\\\/#respond\"]}]},{\"@type\":\"WebPage\",\"@id\":\"https:\\\/\\\/www.24gliwice.pl\\\/wiadomosci\\\/bedzie-modernizacja-wiec-bedzie-drozej-pytamy-mzuk-o-plany-dotyczace-targowiska-na-ul-lipowej\\\/\",\"url\":\"https:\\\/\\\/www.24gliwice.pl\\\/wiadomosci\\\/bedzie-modernizacja-wiec-bedzie-drozej-pytamy-mzuk-o-plany-dotyczace-targowiska-na-ul-lipowej\\\/\",\"name\":\"Czy po modernizacji b\u0119dzie dro\u017cej? Pytamy MZUK o plany dotycz\u0105ce targowiska przy ul. Lipowej - 24GLIWICE - Portal Gliwice | codziennie nowe informacje\",\"isPartOf\":{\"@id\":\"https:\\\/\\\/www.24gliwice.pl\\\/wiadomosci\\\/#website\"},\"primaryImageOfPage\":{\"@id\":\"https:\\\/\\\/www.24gliwice.pl\\\/wiadomosci\\\/bedzie-modernizacja-wiec-bedzie-drozej-pytamy-mzuk-o-plany-dotyczace-targowiska-na-ul-lipowej\\\/#primaryimage\"},\"image\":{\"@id\":\"https:\\\/\\\/www.24gliwice.pl\\\/wiadomosci\\\/bedzie-modernizacja-wiec-bedzie-drozej-pytamy-mzuk-o-plany-dotyczace-targowiska-na-ul-lipowej\\\/#primaryimage\"},\"thumbnailUrl\":\"https:\\\/\\\/www.24gliwice.pl\\\/wiadomosci\\\/wp-content\\\/uploads\\\/2023\\\/10\\\/targowisko-1.jpg\",\"datePublished\":\"2023-10-23T00:27:08+00:00\",\"dateModified\":\"2023-10-23T08:58:29+00:00\",\"breadcrumb\":{\"@id\":\"https:\\\/\\\/www.24gliwice.pl\\\/wiadomosci\\\/bedzie-modernizacja-wiec-bedzie-drozej-pytamy-mzuk-o-plany-dotyczace-targowiska-na-ul-lipowej\\\/#breadcrumb\"},\"inLanguage\":\"pl-PL\",\"potentialAction\":[{\"@type\":\"ReadAction\",\"target\":[\"https:\\\/\\\/www.24gliwice.pl\\\/wiadomosci\\\/bedzie-modernizacja-wiec-bedzie-drozej-pytamy-mzuk-o-plany-dotyczace-targowiska-na-ul-lipowej\\\/\"]}]},{\"@type\":\"ImageObject\",\"inLanguage\":\"pl-PL\",\"@id\":\"https:\\\/\\\/www.24gliwice.pl\\\/wiadomosci\\\/bedzie-modernizacja-wiec-bedzie-drozej-pytamy-mzuk-o-plany-dotyczace-targowiska-na-ul-lipowej\\\/#primaryimage\",\"url\":\"https:\\\/\\\/www.24gliwice.pl\\\/wiadomosci\\\/wp-content\\\/uploads\\\/2023\\\/10\\\/targowisko-1.jpg\",\"contentUrl\":\"https:\\\/\\\/www.24gliwice.pl\\\/wiadomosci\\\/wp-content\\\/uploads\\\/2023\\\/10\\\/targowisko-1.jpg\",\"width\":780,\"height\":556},{\"@type\":\"BreadcrumbList\",\"@id\":\"https:\\\/\\\/www.24gliwice.pl\\\/wiadomosci\\\/bedzie-modernizacja-wiec-bedzie-drozej-pytamy-mzuk-o-plany-dotyczace-targowiska-na-ul-lipowej\\\/#breadcrumb\",\"itemListElement\":[{\"@type\":\"ListItem\",\"position\":1,\"name\":\"Strona g\u0142\u00f3wna\",\"item\":\"https:\\\/\\\/www.24gliwice.pl\\\/wiadomosci\\\/\"},{\"@type\":\"ListItem\",\"position\":2,\"name\":\"Czy po modernizacji b\u0119dzie dro\u017cej? Pytamy MZUK o plany dotycz\u0105ce targowiska przy ul. Lipowej\"}]},{\"@type\":\"WebSite\",\"@id\":\"https:\\\/\\\/www.24gliwice.pl\\\/wiadomosci\\\/#website\",\"url\":\"https:\\\/\\\/www.24gliwice.pl\\\/wiadomosci\\\/\",\"name\":\"24GLIWICE - Portal Gliwice | codziennie nowe wiadomo\u015bci\",\"description\":\"Portal Miejski Gliwice\",\"publisher\":{\"@id\":\"https:\\\/\\\/www.24gliwice.pl\\\/wiadomosci\\\/#organization\"},\"potentialAction\":[{\"@type\":\"SearchAction\",\"target\":{\"@type\":\"EntryPoint\",\"urlTemplate\":\"https:\\\/\\\/www.24gliwice.pl\\\/wiadomosci\\\/?s={search_term_string}\"},\"query-input\":{\"@type\":\"PropertyValueSpecification\",\"valueRequired\":true,\"valueName\":\"search_term_string\"}}],\"inLanguage\":\"pl-PL\"},{\"@type\":\"Organization\",\"@id\":\"https:\\\/\\\/www.24gliwice.pl\\\/wiadomosci\\\/#organization\",\"name\":\"24gliwice\",\"url\":\"https:\\\/\\\/www.24gliwice.pl\\\/wiadomosci\\\/\",\"logo\":{\"@type\":\"ImageObject\",\"inLanguage\":\"pl-PL\",\"@id\":\"https:\\\/\\\/www.24gliwice.pl\\\/wiadomosci\\\/#\\\/schema\\\/logo\\\/image\\\/\",\"url\":\"https:\\\/\\\/www.24gliwice.pl\\\/wiadomosci\\\/wp-content\\\/uploads\\\/2024\\\/10\\\/24gliwice-logo-696.jpg\",\"contentUrl\":\"https:\\\/\\\/www.24gliwice.pl\\\/wiadomosci\\\/wp-content\\\/uploads\\\/2024\\\/10\\\/24gliwice-logo-696.jpg\",\"width\":696,\"height\":696,\"caption\":\"24gliwice\"},\"image\":{\"@id\":\"https:\\\/\\\/www.24gliwice.pl\\\/wiadomosci\\\/#\\\/schema\\\/logo\\\/image\\\/\"},\"sameAs\":[\"https:\\\/\\\/www.facebook.com\\\/24gliwice\",\"https:\\\/\\\/x.com\\\/24gliwice\",\"https:\\\/\\\/www.youtube.com\\\/@24gliwice\"]},{\"@type\":\"Person\",\"@id\":\"https:\\\/\\\/www.24gliwice.pl\\\/wiadomosci\\\/#\\\/schema\\\/person\\\/940e8f8a097e322de4f463f061ef8d45\",\"name\":\"Micha\u0142 Szewczyk\",\"image\":{\"@type\":\"ImageObject\",\"inLanguage\":\"pl-PL\",\"@id\":\"https:\\\/\\\/secure.gravatar.com\\\/avatar\\\/771b8b6c74cd8d255e46392d605e01a86133900ef09b6ef3c8d451c9d92288cf?s=96&d=mm&r=g\",\"url\":\"https:\\\/\\\/secure.gravatar.com\\\/avatar\\\/771b8b6c74cd8d255e46392d605e01a86133900ef09b6ef3c8d451c9d92288cf?s=96&d=mm&r=g\",\"contentUrl\":\"https:\\\/\\\/secure.gravatar.com\\\/avatar\\\/771b8b6c74cd8d255e46392d605e01a86133900ef09b6ef3c8d451c9d92288cf?s=96&d=mm&r=g\",\"caption\":\"Micha\u0142 Szewczyk\"},\"sameAs\":[\"http:\\\/\\\/www.gazeta-miejska.pl\"],\"url\":\"https:\\\/\\\/www.24gliwice.pl\\\/wiadomosci\\\/author\\\/michal-szewczyk\\\/\"}]}<\/script>\n<!-- \/ Yoast SEO plugin. -->","yoast_head_json":{"title":"Czy po modernizacji b\u0119dzie dro\u017cej? Pytamy MZUK o plany dotycz\u0105ce targowiska przy ul. Lipowej - 24GLIWICE - Portal Gliwice | codziennie nowe informacje","robots":{"index":"index","follow":"follow","max-snippet":"max-snippet:-1","max-image-preview":"max-image-preview:large","max-video-preview":"max-video-preview:-1"},"canonical":"https:\/\/www.24gliwice.pl\/wiadomosci\/bedzie-modernizacja-wiec-bedzie-drozej-pytamy-mzuk-o-plany-dotyczace-targowiska-na-ul-lipowej\/","og_locale":"pl_PL","og_type":"article","og_title":"Czy po modernizacji b\u0119dzie dro\u017cej? Pytamy MZUK o plany dotycz\u0105ce targowiska przy ul. Lipowej - 24GLIWICE - Portal Gliwice | codziennie nowe informacje","og_description":"Rusza modernizacja targowiska na ul. Lipowej. W \u015blad za pierwszymi przetargami pojawi\u0142y si\u0119 obawy o podwy\u017ck\u0119 cen na targowisku po remoncie. Czy w zwi\u0105zku z inwestycj\u0105 z na targu b\u0119dzie dro\u017cej? &nbsp; Modernizacja targowiska przy ul. Lipowej ma ruszy\u0107 jeszcze w tym roku i potrwa 14 miesi\u0119cy. W tej chwili rozstrzygane jest post\u0119powanie przetargowe na [&hellip;]","og_url":"https:\/\/www.24gliwice.pl\/wiadomosci\/bedzie-modernizacja-wiec-bedzie-drozej-pytamy-mzuk-o-plany-dotyczace-targowiska-na-ul-lipowej\/","og_site_name":"24GLIWICE - Portal Gliwice | codziennie nowe informacje","article_publisher":"https:\/\/www.facebook.com\/24gliwice","article_published_time":"2023-10-23T00:27:08+00:00","article_modified_time":"2023-10-23T08:58:29+00:00","og_image":[{"width":810,"height":456,"url":"https:\/\/www.24gliwice.pl\/wiadomosci\/wp-content\/uploads\/2023\/10\/targowisko.jpg","type":"image\/jpeg"}],"author":"Micha\u0142 Szewczyk","twitter_card":"summary_large_image","twitter_creator":"@24gliwice","twitter_site":"@24gliwice","twitter_misc":{"Napisane przez":"Micha\u0142 Szewczyk","Szacowany czas czytania":"4 minuty"},"schema":{"@context":"https:\/\/schema.org","@graph":[{"@type":"Article","@id":"https:\/\/www.24gliwice.pl\/wiadomosci\/bedzie-modernizacja-wiec-bedzie-drozej-pytamy-mzuk-o-plany-dotyczace-targowiska-na-ul-lipowej\/#article","isPartOf":{"@id":"https:\/\/www.24gliwice.pl\/wiadomosci\/bedzie-modernizacja-wiec-bedzie-drozej-pytamy-mzuk-o-plany-dotyczace-targowiska-na-ul-lipowej\/"},"author":{"name":"Micha\u0142 Szewczyk","@id":"https:\/\/www.24gliwice.pl\/wiadomosci\/#\/schema\/person\/940e8f8a097e322de4f463f061ef8d45"},"headline":"Czy po modernizacji b\u0119dzie dro\u017cej? Pytamy MZUK o plany dotycz\u0105ce targowiska przy ul. Lipowej","datePublished":"2023-10-23T00:27:08+00:00","dateModified":"2023-10-23T08:58:29+00:00","mainEntityOfPage":{"@id":"https:\/\/www.24gliwice.pl\/wiadomosci\/bedzie-modernizacja-wiec-bedzie-drozej-pytamy-mzuk-o-plany-dotyczace-targowiska-na-ul-lipowej\/"},"wordCount":566,"commentCount":0,"publisher":{"@id":"https:\/\/www.24gliwice.pl\/wiadomosci\/#organization"},"image":{"@id":"https:\/\/www.24gliwice.pl\/wiadomosci\/bedzie-modernizacja-wiec-bedzie-drozej-pytamy-mzuk-o-plany-dotyczace-targowiska-na-ul-lipowej\/#primaryimage"},"thumbnailUrl":"https:\/\/www.24gliwice.pl\/wiadomosci\/wp-content\/uploads\/2023\/10\/targowisko-1.jpg","keywords":["targowisko"],"articleSection":["Gliwice","Najnowsze wiadomo\u015bci"],"inLanguage":"pl-PL","potentialAction":[{"@type":"CommentAction","name":"Comment","target":["https:\/\/www.24gliwice.pl\/wiadomosci\/bedzie-modernizacja-wiec-bedzie-drozej-pytamy-mzuk-o-plany-dotyczace-targowiska-na-ul-lipowej\/#respond"]}]},{"@type":"WebPage","@id":"https:\/\/www.24gliwice.pl\/wiadomosci\/bedzie-modernizacja-wiec-bedzie-drozej-pytamy-mzuk-o-plany-dotyczace-targowiska-na-ul-lipowej\/","url":"https:\/\/www.24gliwice.pl\/wiadomosci\/bedzie-modernizacja-wiec-bedzie-drozej-pytamy-mzuk-o-plany-dotyczace-targowiska-na-ul-lipowej\/","name":"Czy po modernizacji b\u0119dzie dro\u017cej? Pytamy MZUK o plany dotycz\u0105ce targowiska przy ul. Lipowej - 24GLIWICE - Portal Gliwice | codziennie nowe informacje","isPartOf":{"@id":"https:\/\/www.24gliwice.pl\/wiadomosci\/#website"},"primaryImageOfPage":{"@id":"https:\/\/www.24gliwice.pl\/wiadomosci\/bedzie-modernizacja-wiec-bedzie-drozej-pytamy-mzuk-o-plany-dotyczace-targowiska-na-ul-lipowej\/#primaryimage"},"image":{"@id":"https:\/\/www.24gliwice.pl\/wiadomosci\/bedzie-modernizacja-wiec-bedzie-drozej-pytamy-mzuk-o-plany-dotyczace-targowiska-na-ul-lipowej\/#primaryimage"},"thumbnailUrl":"https:\/\/www.24gliwice.pl\/wiadomosci\/wp-content\/uploads\/2023\/10\/targowisko-1.jpg","datePublished":"2023-10-23T00:27:08+00:00","dateModified":"2023-10-23T08:58:29+00:00","breadcrumb":{"@id":"https:\/\/www.24gliwice.pl\/wiadomosci\/bedzie-modernizacja-wiec-bedzie-drozej-pytamy-mzuk-o-plany-dotyczace-targowiska-na-ul-lipowej\/#breadcrumb"},"inLanguage":"pl-PL","potentialAction":[{"@type":"ReadAction","target":["https:\/\/www.24gliwice.pl\/wiadomosci\/bedzie-modernizacja-wiec-bedzie-drozej-pytamy-mzuk-o-plany-dotyczace-targowiska-na-ul-lipowej\/"]}]},{"@type":"ImageObject","inLanguage":"pl-PL","@id":"https:\/\/www.24gliwice.pl\/wiadomosci\/bedzie-modernizacja-wiec-bedzie-drozej-pytamy-mzuk-o-plany-dotyczace-targowiska-na-ul-lipowej\/#primaryimage","url":"https:\/\/www.24gliwice.pl\/wiadomosci\/wp-content\/uploads\/2023\/10\/targowisko-1.jpg","contentUrl":"https:\/\/www.24gliwice.pl\/wiadomosci\/wp-content\/uploads\/2023\/10\/targowisko-1.jpg","width":780,"height":556},{"@type":"BreadcrumbList","@id":"https:\/\/www.24gliwice.pl\/wiadomosci\/bedzie-modernizacja-wiec-bedzie-drozej-pytamy-mzuk-o-plany-dotyczace-targowiska-na-ul-lipowej\/#breadcrumb","itemListElement":[{"@type":"ListItem","position":1,"name":"Strona g\u0142\u00f3wna","item":"https:\/\/www.24gliwice.pl\/wiadomosci\/"},{"@type":"ListItem","position":2,"name":"Czy po modernizacji b\u0119dzie dro\u017cej? Pytamy MZUK o plany dotycz\u0105ce targowiska przy ul. Lipowej"}]},{"@type":"WebSite","@id":"https:\/\/www.24gliwice.pl\/wiadomosci\/#website","url":"https:\/\/www.24gliwice.pl\/wiadomosci\/","name":"24GLIWICE - Portal Gliwice | codziennie nowe wiadomo\u015bci","description":"Portal Miejski Gliwice","publisher":{"@id":"https:\/\/www.24gliwice.pl\/wiadomosci\/#organization"},"potentialAction":[{"@type":"SearchAction","target":{"@type":"EntryPoint","urlTemplate":"https:\/\/www.24gliwice.pl\/wiadomosci\/?s={search_term_string}"},"query-input":{"@type":"PropertyValueSpecification","valueRequired":true,"valueName":"search_term_string"}}],"inLanguage":"pl-PL"},{"@type":"Organization","@id":"https:\/\/www.24gliwice.pl\/wiadomosci\/#organization","name":"24gliwice","url":"https:\/\/www.24gliwice.pl\/wiadomosci\/","logo":{"@type":"ImageObject","inLanguage":"pl-PL","@id":"https:\/\/www.24gliwice.pl\/wiadomosci\/#\/schema\/logo\/image\/","url":"https:\/\/www.24gliwice.pl\/wiadomosci\/wp-content\/uploads\/2024\/10\/24gliwice-logo-696.jpg","contentUrl":"https:\/\/www.24gliwice.pl\/wiadomosci\/wp-content\/uploads\/2024\/10\/24gliwice-logo-696.jpg","width":696,"height":696,"caption":"24gliwice"},"image":{"@id":"https:\/\/www.24gliwice.pl\/wiadomosci\/#\/schema\/logo\/image\/"},"sameAs":["https:\/\/www.facebook.com\/24gliwice","https:\/\/x.com\/24gliwice","https:\/\/www.youtube.com\/@24gliwice"]},{"@type":"Person","@id":"https:\/\/www.24gliwice.pl\/wiadomosci\/#\/schema\/person\/940e8f8a097e322de4f463f061ef8d45","name":"Micha\u0142 Szewczyk","image":{"@type":"ImageObject","inLanguage":"pl-PL","@id":"https:\/\/secure.gravatar.com\/avatar\/771b8b6c74cd8d255e46392d605e01a86133900ef09b6ef3c8d451c9d92288cf?s=96&d=mm&r=g","url":"https:\/\/secure.gravatar.com\/avatar\/771b8b6c74cd8d255e46392d605e01a86133900ef09b6ef3c8d451c9d92288cf?s=96&d=mm&r=g","contentUrl":"https:\/\/secure.gravatar.com\/avatar\/771b8b6c74cd8d255e46392d605e01a86133900ef09b6ef3c8d451c9d92288cf?s=96&d=mm&r=g","caption":"Micha\u0142 Szewczyk"},"sameAs":["http:\/\/www.gazeta-miejska.pl"],"url":"https:\/\/www.24gliwice.pl\/wiadomosci\/author\/michal-szewczyk\/"}]}},"_links":{"self":[{"href":"https:\/\/www.24gliwice.pl\/wiadomosci\/wp-json\/wp\/v2\/posts\/223817","targetHints":{"allow":["GET"]}}],"collection":[{"href":"https:\/\/www.24gliwice.pl\/wiadomosci\/wp-json\/wp\/v2\/posts"}],"about":[{"href":"https:\/\/www.24gliwice.pl\/wiadomosci\/wp-json\/wp\/v2\/types\/post"}],"author":[{"embeddable":true,"href":"https:\/\/www.24gliwice.pl\/wiadomosci\/wp-json\/wp\/v2\/users\/12"}],"replies":[{"embeddable":true,"href":"https:\/\/www.24gliwice.pl\/wiadomosci\/wp-json\/wp\/v2\/comments?post=223817"}],"version-history":[{"count":0,"href":"https:\/\/www.24gliwice.pl\/wiadomosci\/wp-json\/wp\/v2\/posts\/223817\/revisions"}],"wp:attachment":[{"href":"https:\/\/www.24gliwice.pl\/wiadomosci\/wp-json\/wp\/v2\/media?parent=223817"}],"wp:term":[{"taxonomy":"category","embeddable":true,"href":"https:\/\/www.24gliwice.pl\/wiadomosci\/wp-json\/wp\/v2\/categories?post=223817"},{"taxonomy":"post_tag","embeddable":true,"href":"https:\/\/www.24gliwice.pl\/wiadomosci\/wp-json\/wp\/v2\/tags?post=223817"}],"curies":[{"name":"wp","href":"https:\/\/api.w.org\/{rel}","templated":true}]}}