{"id":224186,"date":"2023-10-31T00:05:40","date_gmt":"2023-10-30T23:05:40","guid":{"rendered":"https:\/\/www.24gliwice.pl\/wiadomosci\/?p=224186"},"modified":"2023-11-01T23:02:40","modified_gmt":"2023-11-01T22:02:40","slug":"bezplatna-komunikacja-miejska-i-specjalne-linie-autobusowe-w-dzien-wszystkich-swietych","status":"publish","type":"post","link":"https:\/\/www.24gliwice.pl\/wiadomosci\/bezplatna-komunikacja-miejska-i-specjalne-linie-autobusowe-w-dzien-wszystkich-swietych\/","title":{"rendered":"Bezp\u0142atna komunikacja miejska i specjalne linie autobusowe w dzie\u0144 Wszystkich \u015awi\u0119tych"},"content":{"rendered":"<div class=\"gliwi-a6-nad-leadem-artykulow gliwi-entity-placement\" id=\"gliwi-1340413689\"><div class=\"gliwi-adlabel\"><span style=\"font-size: 9px\">REKLAMA<\/span><\/div><div id=\"gliwi-329453977\" style=\"margin-bottom: 30px;margin-left: auto;margin-right: auto;text-align: center;\"><a data-no-instant=\"1\" href=\"https:\/\/przedszkole.halogen.org.pl\/\" rel=\"noopener\" class=\"a2t-link\" target=\"_blank\" aria-label=\"20260402-ANIMATOR-przedszkole_grafika_750x200\"><img loading=\"lazy\" decoding=\"async\" src=\"https:\/\/www.24gliwice.pl\/wiadomosci\/wp-content\/uploads\/2026\/04\/20260402-ANIMATOR-przedszkole_grafika_750x200.webp\" alt=\"\"  srcset=\"https:\/\/www.24gliwice.pl\/wiadomosci\/wp-content\/uploads\/2026\/04\/20260402-ANIMATOR-przedszkole_grafika_750x200.webp 750w, https:\/\/www.24gliwice.pl\/wiadomosci\/wp-content\/uploads\/2026\/04\/20260402-ANIMATOR-przedszkole_grafika_750x200-410x109.webp 410w\" sizes=\"(max-width: 750px) 100vw, 750px\" class=\"no-lazyload\" width=\"750\" height=\"200\"  style=\"display: inline-block; max-width: 100%; height: auto;\" \/><\/a><\/div><\/div><h2>Bezp\u0142atna komunikacja miejska i specjalne linie autobusowe kursuj\u0105ce w rejonie cmentarzy to propozycja ZTM na dzie\u0144 Wszystkich \u015awi\u0119tych, 1 listopada. Mo\u017cna wi\u0119c zrezygnowa\u0107 z samochodu &#8211; szczeg\u00f3lnie, \u017ce przy nekropoliach b\u0119d\u0105 zmiany w organizacji ruchu i zwyczajowy t\u0142ok.<\/h2>\n<p>&nbsp;<br \/>\nJak co roku w tym terminie ZTM we wsp\u00f3\u0142pracy z urz\u0119dami miast przygotowa\u0142 liczne udogodnienia dla os\u00f3b, kt\u00f3re wybieraj\u0105 si\u0119 na groby bliskich. Zamiast jecha\u0107 autem i martwi\u0107 si\u0119 m.in. o miejsce parkingowe, b\u0119dzie mo\u017cna bezp\u0142atnie korzysta\u0107 ze wszystkich \u015brodk\u00f3w transportu publicznego.<\/p>\n<h4>Dodatkowo, uruchomione zostan\u0105 specjalne linie autobusowe oznaczone liter\u0105 \u201eC&#8221;. Dzi\u0119ki nim \u0142atwiej b\u0119dzie dojecha\u0107 w pobli\u017ce najwa\u017cniejszych cmentarzy.<\/h4>\n<p>\u2013 <em>Ka\u017cdego dnia warto rozwa\u017cy\u0107 korzystanie z komunikacji miejskiej, ale w dzie\u0144 Wszystkich \u015awi\u0119tych szczeg\u00f3lnie. To nie tylko kwestia wprowadzonych przez nas na t\u0119 okoliczno\u015b\u0107 specjalnych linii i bezp\u0142atnych przejazd\u00f3w, ale r\u00f3wnie\u017c tego, \u017ce na przycmentarnych parkingach jest du\u017cy ruch i brakuje miejsc <\/em>\u2013 argumentuje dyrektor ZTM Ma\u0142gorzata Gutowska.<\/p><div class=\"gliwi-a3-w-tresci-artykulow gliwi-entity-placement\" id=\"gliwi-4093160247\"><div class=\"gliwi-adlabel\"><span style=\"font-size: 9px\">REKLAMA<\/span><\/div><div id=\"gliwi-1323641570\" style=\"margin-bottom: 30px;margin-left: auto;margin-right: auto;text-align: center;\"><a data-no-instant=\"1\" href=\"https:\/\/ogrodyandersa.pl\/\" rel=\"noopener\" class=\"a2t-link\" target=\"_blank\" aria-label=\"20260415 Ogrody Andersa KUP TERAZ D\"><img loading=\"lazy\" decoding=\"async\" src=\"https:\/\/www.24gliwice.pl\/wiadomosci\/wp-content\/uploads\/2026\/04\/20260415-Ogrody-Andersa-KUP-TERAZ-D.jpg\" alt=\"\"  srcset=\"https:\/\/www.24gliwice.pl\/wiadomosci\/wp-content\/uploads\/2026\/04\/20260415-Ogrody-Andersa-KUP-TERAZ-D.jpg 750w, https:\/\/www.24gliwice.pl\/wiadomosci\/wp-content\/uploads\/2026\/04\/20260415-Ogrody-Andersa-KUP-TERAZ-D-410x109.jpg 410w\" sizes=\"(max-width: 750px) 100vw, 750px\" class=\"no-lazyload\" width=\"750\" height=\"200\"  style=\"display: inline-block; max-width: 100%; height: auto;\" \/><\/a><\/div><\/div>\n<h4>18 linii specjalnych w 11 miastach<\/h4>\n<p>ZTM, dzi\u0119ki wsp\u00f3\u0142pracy i zaanga\u017cowaniu gmin, uruchomi w sumie 18 linii specjalnych. Autobusy b\u0119d\u0105 oznaczone liter\u0105 \u201eC&#8221; i b\u0119d\u0105 kursowa\u0107 w 11 miastach \u2013 B\u0119dzinie, Chorzowie, Czeladzi, D\u0105browie G\u00f3rniczej, Gliwicach, Katowicach, Knurowie, Rudzie \u015al\u0105skiej, Siemianowicach \u015al\u0105skich, Sosnowcu oraz Tychach. Trasy linii zosta\u0142y poprowadzone w taki spos\u00f3b, aby u\u0142atwi\u0107 dojazdy do najwa\u017cniejszych cmentarzy.<\/p>\n<p>W naszym mie\u015bcie b\u0119dzie mo\u017cna skorzysta\u0107 z dw\u00f3ch linii specjalnych &#8211; C1 oraz C3.<\/p>\n<p><a href=\"https:\/\/www.24gliwice.pl\/wiadomosci\/wp-content\/uploads\/2023\/10\/linie-cmentarne-001.jpg\"><img loading=\"lazy\" decoding=\"async\" class=\"alignnone  wp-image-224194\" src=\"https:\/\/www.24gliwice.pl\/wiadomosci\/wp-content\/uploads\/2023\/10\/linie-cmentarne-001.jpg\" alt=\"\" width=\"1154\" height=\"1631\" srcset=\"https:\/\/www.24gliwice.pl\/wiadomosci\/wp-content\/uploads\/2023\/10\/linie-cmentarne-001.jpg 849w, https:\/\/www.24gliwice.pl\/wiadomosci\/wp-content\/uploads\/2023\/10\/linie-cmentarne-001-164x232.jpg 164w, https:\/\/www.24gliwice.pl\/wiadomosci\/wp-content\/uploads\/2023\/10\/linie-cmentarne-001-322x455.jpg 322w, https:\/\/www.24gliwice.pl\/wiadomosci\/wp-content\/uploads\/2023\/10\/linie-cmentarne-001-768x1086.jpg 768w, https:\/\/www.24gliwice.pl\/wiadomosci\/wp-content\/uploads\/2023\/10\/linie-cmentarne-001-810x1145.jpg 810w\" sizes=\"auto, (max-width: 1154px) 100vw, 1154px\" \/><\/a><\/p>\n<ul>\n<li><strong>Linia C1 kierunek Trynek Toru\u0144ska:<\/strong><\/li>\n<\/ul>\n<p>Gliwice Cmentarz Centralny 01 \u2013 Gliwice Cmentarz Centralny 04 \u2013 Osiedle Wojska Polskiego Ordona 02 \u2013 Osiedle Wojska Polskiego Czwartak\u00f3w 02 \u2013 Gliwice Aleja Majowa 02 \u2013 Gliwice Styczy\u0144skiego 01 \u2013 Gliwice Puszkina 01 \u2013 Gliwice Sowi\u0144skiego 01 \u2013 W\u00f3jtowa Wie\u015b Dolnej Wsi 01 \u2013 Gliwice Sobieskiego 02 \u2013 Gliwice S\u0142owackiego 02 \u2013 Gliwice Teatr 02 \u2013 Gliwice Kochanowskiego 01 \u2013 Gliwice Rybnicka 01 \u2013 Sikornik Zimorodka 01 \u2013 Sikornik Osiedle 01 \u2013 Trynek Bardowskiego 01 \u2013 Trynek Asnyka 02 \u2013 Trynek Toru\u0144ska 01<\/p>\n<ul>\n<li><strong>Linia C1 kierunek Gliwice Cmentarz Centralny:<\/strong><\/li>\n<\/ul>\n<p>Trynek Toru\u0144ska 01 \u2013 Trynek Asnyka 01 \u2013 Trynek Bardowskiego 02 \u2013 Sikornik Osiedle 02 \u2013 Sikornik Zimorodka 02 \u2013 Gliwice Rybnicka 02 \u2013 Gliwice Kochanowskiego 02 \u2013 Gliwice Teatr 01 \u2013 Gliwice S\u0142owackiego 01 \u2013 Gliwice Sobieskiego 01 \u2013 W\u00f3jtowa Wie\u015b Dolnej Wsi 02 \u2013 Gliwice Sowi\u0144skiego 02 \u2013 Gliwice Puszkina 02 \u2013 Gliwice Styczy\u0144skiego 02 \u2013 Gliwice Wyspia\u0144skiego 02 \u2013 Gliwice G\u00f3ry Che\u0142mskiej 01 \u2013 Osiedle Wojska Polskiego Szko\u0142a 01 \u2013 Osiedle Wojska Polskiego Kozielska 01 \u2013 Gliwice Cmentarz Centralny 01<\/p>\n<ul>\n<li><strong>Linia C3 kierunek Gliwice Poniatowskiego:<\/strong><\/li>\n<\/ul>\n<p>Gliwice Cmentarz Centralny 05 \u2013 Gliwice Cmentarz Centralny 04 \u2013 Osiedle Wojska Polskiego Ordona 02 \u2013 Osiedle Wojska Polskiego Czwartak\u00f3w 02 \u2013 Gliwice Aleja Majowa 02 \u2013 Gliwice Wyspia\u0144skiego 02 \u2013 Gliwice Jasnog\u00f3rska 01 \u2013 Gliwice Plac Pi\u0142sudskiego 02 \u2013 Gliwice Cz\u0119stochowska 01 \u2013 Gliwice Piwna 01 \u2013 Gliwice Centrum Przesiadkowe 16 \u2013 Gliwice Opolska 01 &#8211; Gliwice D\u0105browskiego 01 \u2013 Gliwice Poniatowskiego 01<\/p>\n<ul>\n<li><strong>Linia C3 kierunek Gliwice Cmentarz Centralny:<\/strong><\/li>\n<\/ul>\n<p>Gliwice Poniatowskiego 02 \u2013 Gliwice D\u0105browskiego 02 \u2013 Gliwice Opolska 02 \u2013 Gliwice Centrum Przesiadkowe 17 \u2013 Gliwice Plac Piast\u00f3w 01 \u2013 Gliwice Strzody 02 \u2013 Gliwice Plac Pi\u0142sudskiego 01 \u2013 Gliwice Jasnog\u00f3rska 02 \u2013 Gliwice G\u00f3ry Che\u0142mskiej 01 \u2013 Osiedle Wojska Polskiego Szko\u0142a 01 \u2013 Osiedle Wojska Polskiego Kozielska 01 \u2013 Gliwice Cmentarz Centralny 05<\/p>\n<h4>B\u0119d\u0105 te\u017c inne udogodnienia<\/h4>\n<p>Bezp\u0142atne przejazdy 1 listopada oraz specjalne linie to nie wszystko, co przygotowa\u0142 na czas Wszystkich \u015awi\u0119tych ZTM. Organizator komunikacji miejskiej zaplanowa\u0142 tak\u017ce liczne zmiany na liniach regularnych. W\u015br\u00f3d nich s\u0105 m.in. zamiana mniejszych autobus\u00f3w na wi\u0119ksze, uruchomienie linii nocnych oraz \u2013 albo przede wszystkim \u2013 wprowadzenie 1 listopada na ok. 80 liniach regularnych specjalnych rozk\u0142ad\u00f3w jazdy, wa\u017cnych w dniu Wszystkich \u015awi\u0119tych.<\/p>\n<p>Szczeg\u00f3\u0142owe informacje dotycz\u0105ce udogodnie\u0144 przygotowanych przez ZTM na okres Wszystkich \u015awi\u0119tych mo\u017cna znale\u017a\u0107 na stronie internetowej ZTM w <a href=\"https:\/\/rj.metropoliaztm.pl\/news\/i\/2807\/\" target=\"_blank\" rel=\"noopener\">zak\u0142adce Komunikaty. <\/a><\/p>\n<p>(mat. ZTM)<\/p>\n<div class=\"gliwi-a5-na-koncu-artykulow gliwi-entity-placement\" id=\"gliwi-3155386082\"><div class=\"gliwi-adlabel\"><span style=\"font-size: 9px\">REKLAMA<\/span><\/div><div id=\"gliwi-2562993084\" style=\"margin-left: auto;margin-right: auto;text-align: center;\"><a data-no-instant=\"1\" href=\"https:\/\/www.jasek.pl\/\" rel=\"noopener\" class=\"a2t-link\" target=\"_blank\" aria-label=\"20200401-jasek 600\"><img loading=\"lazy\" decoding=\"async\" src=\"https:\/\/www.24gliwice.pl\/wiadomosci\/wp-content\/uploads\/2020\/04\/20200401-jasek-600.jpg\" alt=\"\"  srcset=\"https:\/\/www.24gliwice.pl\/wiadomosci\/wp-content\/uploads\/2020\/04\/20200401-jasek-600.jpg 600w, https:\/\/www.24gliwice.pl\/wiadomosci\/wp-content\/uploads\/2020\/04\/20200401-jasek-600-410x109.jpg 410w\" sizes=\"(max-width: 600px) 100vw, 600px\" class=\"no-lazyload\" width=\"600\" height=\"160\"  style=\"display: inline-block; max-width: 100%; height: auto;\" \/><\/a><\/div><\/div>","protected":false},"excerpt":{"rendered":"<p>Bezp\u0142atna komunikacja miejska i specjalne linie autobusowe kursuj\u0105ce w rejonie cmentarzy to propozycja ZTM na dzie\u0144 Wszystkich \u015awi\u0119tych, 1 listopada. Mo\u017cna wi\u0119c zrezygnowa\u0107 z samochodu &#8211; szczeg\u00f3lnie, \u017ce przy nekropoliach b\u0119d\u0105 zmiany w organizacji ruchu i zwyczajowy t\u0142ok. &nbsp; Jak co roku w tym terminie ZTM we wsp\u00f3\u0142pracy z urz\u0119dami miast przygotowa\u0142 liczne udogodnienia dla [&hellip;]<\/p>\n","protected":false},"author":15,"featured_media":125213,"comment_status":"open","ping_status":"closed","sticky":false,"template":"","format":"standard","meta":{"_monsterinsights_skip_tracking":false,"_monsterinsights_sitenote_active":false,"_monsterinsights_sitenote_note":"","_monsterinsights_sitenote_category":0,"footnotes":"","_links_to":"","_links_to_target":""},"categories":[3,1],"tags":[8378,5711],"class_list":["post-224186","post","type-post","status-publish","format-standard","has-post-thumbnail","hentry","category-gliwice","category-wszystko","tag-komunikacja-miejska","tag-wszystkich-swietych"],"yoast_head":"<!-- This site is optimized with the Yoast SEO plugin v27.5 - https:\/\/yoast.com\/product\/yoast-seo-wordpress\/ -->\n<title>Bezp\u0142atna komunikacja miejska i specjalne linie autobusowe w dzie\u0144 Wszystkich \u015awi\u0119tych - 24GLIWICE - Portal Gliwice | codziennie nowe informacje<\/title>\n<meta name=\"description\" content=\"1 listopada b\u0119dzie mo\u017cna podr\u00f3\u017cowa\u0107 komunikacj\u0105 miejsk\u0105 za darmo, a do nekropolii dowioz\u0105 specjalne linie autobusowe - w Gliwicach C1 i C3\" \/>\n<meta name=\"robots\" content=\"index, follow, max-snippet:-1, max-image-preview:large, max-video-preview:-1\" \/>\n<link rel=\"canonical\" href=\"https:\/\/www.24gliwice.pl\/wiadomosci\/bezplatna-komunikacja-miejska-i-specjalne-linie-autobusowe-w-dzien-wszystkich-swietych\/\" \/>\n<meta property=\"og:locale\" content=\"pl_PL\" \/>\n<meta property=\"og:type\" content=\"article\" \/>\n<meta property=\"og:title\" content=\"Bezp\u0142atna komunikacja miejska i specjalne linie autobusowe w dzie\u0144 Wszystkich \u015awi\u0119tych - 24GLIWICE - Portal Gliwice | codziennie nowe informacje\" \/>\n<meta property=\"og:description\" content=\"1 listopada b\u0119dzie mo\u017cna podr\u00f3\u017cowa\u0107 komunikacj\u0105 miejsk\u0105 za darmo, a do nekropolii dowioz\u0105 specjalne linie autobusowe - w Gliwicach C1 i C3\" \/>\n<meta property=\"og:url\" content=\"https:\/\/www.24gliwice.pl\/wiadomosci\/bezplatna-komunikacja-miejska-i-specjalne-linie-autobusowe-w-dzien-wszystkich-swietych\/\" \/>\n<meta property=\"og:site_name\" content=\"24GLIWICE - Portal Gliwice | codziennie nowe informacje\" \/>\n<meta property=\"article:publisher\" content=\"https:\/\/www.facebook.com\/24gliwice\" \/>\n<meta property=\"article:published_time\" content=\"2023-10-30T23:05:40+00:00\" \/>\n<meta property=\"article:modified_time\" content=\"2023-11-01T22:02:40+00:00\" \/>\n<meta property=\"og:image\" content=\"https:\/\/www.24gliwice.pl\/wiadomosci\/wp-content\/uploads\/2018\/10\/cmentarz-centralny-gliwice.jpg\" \/>\n\t<meta property=\"og:image:width\" content=\"810\" \/>\n\t<meta property=\"og:image:height\" content=\"456\" \/>\n\t<meta property=\"og:image:type\" content=\"image\/jpeg\" \/>\n<meta name=\"author\" content=\"\u017baneta Mrozek-Siewierska\" \/>\n<meta name=\"twitter:card\" content=\"summary_large_image\" \/>\n<meta name=\"twitter:creator\" content=\"@24gliwice\" \/>\n<meta name=\"twitter:site\" content=\"@24gliwice\" \/>\n<meta name=\"twitter:label1\" content=\"Napisane przez\" \/>\n\t<meta name=\"twitter:data1\" content=\"\u017baneta Mrozek-Siewierska\" \/>\n\t<meta name=\"twitter:label2\" content=\"Szacowany czas czytania\" \/>\n\t<meta name=\"twitter:data2\" content=\"4 minuty\" \/>\n<script type=\"application\/ld+json\" class=\"yoast-schema-graph\">{\"@context\":\"https:\\\/\\\/schema.org\",\"@graph\":[{\"@type\":\"Article\",\"@id\":\"https:\\\/\\\/www.24gliwice.pl\\\/wiadomosci\\\/bezplatna-komunikacja-miejska-i-specjalne-linie-autobusowe-w-dzien-wszystkich-swietych\\\/#article\",\"isPartOf\":{\"@id\":\"https:\\\/\\\/www.24gliwice.pl\\\/wiadomosci\\\/bezplatna-komunikacja-miejska-i-specjalne-linie-autobusowe-w-dzien-wszystkich-swietych\\\/\"},\"author\":{\"name\":\"\u017baneta Mrozek-Siewierska\",\"@id\":\"https:\\\/\\\/www.24gliwice.pl\\\/wiadomosci\\\/#\\\/schema\\\/person\\\/e42c650edd7f2fa332be3811fb166b6e\"},\"headline\":\"Bezp\u0142atna komunikacja miejska i specjalne linie autobusowe w dzie\u0144 Wszystkich \u015awi\u0119tych\",\"datePublished\":\"2023-10-30T23:05:40+00:00\",\"dateModified\":\"2023-11-01T22:02:40+00:00\",\"mainEntityOfPage\":{\"@id\":\"https:\\\/\\\/www.24gliwice.pl\\\/wiadomosci\\\/bezplatna-komunikacja-miejska-i-specjalne-linie-autobusowe-w-dzien-wszystkich-swietych\\\/\"},\"wordCount\":588,\"commentCount\":0,\"publisher\":{\"@id\":\"https:\\\/\\\/www.24gliwice.pl\\\/wiadomosci\\\/#organization\"},\"image\":{\"@id\":\"https:\\\/\\\/www.24gliwice.pl\\\/wiadomosci\\\/bezplatna-komunikacja-miejska-i-specjalne-linie-autobusowe-w-dzien-wszystkich-swietych\\\/#primaryimage\"},\"thumbnailUrl\":\"https:\\\/\\\/www.24gliwice.pl\\\/wiadomosci\\\/wp-content\\\/uploads\\\/2018\\\/10\\\/cmentarz-centralny-gliwice.jpg\",\"keywords\":[\"KOMUNIKACJA MIEJSKA\",\"WSZYSTKICH \u015aWI\u0118TYCH\"],\"articleSection\":[\"Gliwice\",\"Najnowsze wiadomo\u015bci\"],\"inLanguage\":\"pl-PL\",\"potentialAction\":[{\"@type\":\"CommentAction\",\"name\":\"Comment\",\"target\":[\"https:\\\/\\\/www.24gliwice.pl\\\/wiadomosci\\\/bezplatna-komunikacja-miejska-i-specjalne-linie-autobusowe-w-dzien-wszystkich-swietych\\\/#respond\"]}]},{\"@type\":\"WebPage\",\"@id\":\"https:\\\/\\\/www.24gliwice.pl\\\/wiadomosci\\\/bezplatna-komunikacja-miejska-i-specjalne-linie-autobusowe-w-dzien-wszystkich-swietych\\\/\",\"url\":\"https:\\\/\\\/www.24gliwice.pl\\\/wiadomosci\\\/bezplatna-komunikacja-miejska-i-specjalne-linie-autobusowe-w-dzien-wszystkich-swietych\\\/\",\"name\":\"Bezp\u0142atna komunikacja miejska i specjalne linie autobusowe w dzie\u0144 Wszystkich \u015awi\u0119tych - 24GLIWICE - Portal Gliwice | codziennie nowe informacje\",\"isPartOf\":{\"@id\":\"https:\\\/\\\/www.24gliwice.pl\\\/wiadomosci\\\/#website\"},\"primaryImageOfPage\":{\"@id\":\"https:\\\/\\\/www.24gliwice.pl\\\/wiadomosci\\\/bezplatna-komunikacja-miejska-i-specjalne-linie-autobusowe-w-dzien-wszystkich-swietych\\\/#primaryimage\"},\"image\":{\"@id\":\"https:\\\/\\\/www.24gliwice.pl\\\/wiadomosci\\\/bezplatna-komunikacja-miejska-i-specjalne-linie-autobusowe-w-dzien-wszystkich-swietych\\\/#primaryimage\"},\"thumbnailUrl\":\"https:\\\/\\\/www.24gliwice.pl\\\/wiadomosci\\\/wp-content\\\/uploads\\\/2018\\\/10\\\/cmentarz-centralny-gliwice.jpg\",\"datePublished\":\"2023-10-30T23:05:40+00:00\",\"dateModified\":\"2023-11-01T22:02:40+00:00\",\"description\":\"1 listopada b\u0119dzie mo\u017cna podr\u00f3\u017cowa\u0107 komunikacj\u0105 miejsk\u0105 za darmo, a do nekropolii dowioz\u0105 specjalne linie autobusowe - w Gliwicach C1 i C3\",\"breadcrumb\":{\"@id\":\"https:\\\/\\\/www.24gliwice.pl\\\/wiadomosci\\\/bezplatna-komunikacja-miejska-i-specjalne-linie-autobusowe-w-dzien-wszystkich-swietych\\\/#breadcrumb\"},\"inLanguage\":\"pl-PL\",\"potentialAction\":[{\"@type\":\"ReadAction\",\"target\":[\"https:\\\/\\\/www.24gliwice.pl\\\/wiadomosci\\\/bezplatna-komunikacja-miejska-i-specjalne-linie-autobusowe-w-dzien-wszystkich-swietych\\\/\"]}]},{\"@type\":\"ImageObject\",\"inLanguage\":\"pl-PL\",\"@id\":\"https:\\\/\\\/www.24gliwice.pl\\\/wiadomosci\\\/bezplatna-komunikacja-miejska-i-specjalne-linie-autobusowe-w-dzien-wszystkich-swietych\\\/#primaryimage\",\"url\":\"https:\\\/\\\/www.24gliwice.pl\\\/wiadomosci\\\/wp-content\\\/uploads\\\/2018\\\/10\\\/cmentarz-centralny-gliwice.jpg\",\"contentUrl\":\"https:\\\/\\\/www.24gliwice.pl\\\/wiadomosci\\\/wp-content\\\/uploads\\\/2018\\\/10\\\/cmentarz-centralny-gliwice.jpg\",\"width\":810,\"height\":456},{\"@type\":\"BreadcrumbList\",\"@id\":\"https:\\\/\\\/www.24gliwice.pl\\\/wiadomosci\\\/bezplatna-komunikacja-miejska-i-specjalne-linie-autobusowe-w-dzien-wszystkich-swietych\\\/#breadcrumb\",\"itemListElement\":[{\"@type\":\"ListItem\",\"position\":1,\"name\":\"Strona g\u0142\u00f3wna\",\"item\":\"https:\\\/\\\/www.24gliwice.pl\\\/wiadomosci\\\/\"},{\"@type\":\"ListItem\",\"position\":2,\"name\":\"Bezp\u0142atna komunikacja miejska i specjalne linie autobusowe w dzie\u0144 Wszystkich \u015awi\u0119tych\"}]},{\"@type\":\"WebSite\",\"@id\":\"https:\\\/\\\/www.24gliwice.pl\\\/wiadomosci\\\/#website\",\"url\":\"https:\\\/\\\/www.24gliwice.pl\\\/wiadomosci\\\/\",\"name\":\"24GLIWICE - Portal Gliwice | codziennie nowe wiadomo\u015bci\",\"description\":\"Portal Miejski Gliwice\",\"publisher\":{\"@id\":\"https:\\\/\\\/www.24gliwice.pl\\\/wiadomosci\\\/#organization\"},\"potentialAction\":[{\"@type\":\"SearchAction\",\"target\":{\"@type\":\"EntryPoint\",\"urlTemplate\":\"https:\\\/\\\/www.24gliwice.pl\\\/wiadomosci\\\/?s={search_term_string}\"},\"query-input\":{\"@type\":\"PropertyValueSpecification\",\"valueRequired\":true,\"valueName\":\"search_term_string\"}}],\"inLanguage\":\"pl-PL\"},{\"@type\":\"Organization\",\"@id\":\"https:\\\/\\\/www.24gliwice.pl\\\/wiadomosci\\\/#organization\",\"name\":\"24gliwice\",\"url\":\"https:\\\/\\\/www.24gliwice.pl\\\/wiadomosci\\\/\",\"logo\":{\"@type\":\"ImageObject\",\"inLanguage\":\"pl-PL\",\"@id\":\"https:\\\/\\\/www.24gliwice.pl\\\/wiadomosci\\\/#\\\/schema\\\/logo\\\/image\\\/\",\"url\":\"https:\\\/\\\/www.24gliwice.pl\\\/wiadomosci\\\/wp-content\\\/uploads\\\/2024\\\/10\\\/24gliwice-logo-696.jpg\",\"contentUrl\":\"https:\\\/\\\/www.24gliwice.pl\\\/wiadomosci\\\/wp-content\\\/uploads\\\/2024\\\/10\\\/24gliwice-logo-696.jpg\",\"width\":696,\"height\":696,\"caption\":\"24gliwice\"},\"image\":{\"@id\":\"https:\\\/\\\/www.24gliwice.pl\\\/wiadomosci\\\/#\\\/schema\\\/logo\\\/image\\\/\"},\"sameAs\":[\"https:\\\/\\\/www.facebook.com\\\/24gliwice\",\"https:\\\/\\\/x.com\\\/24gliwice\",\"https:\\\/\\\/www.youtube.com\\\/@24gliwice\"]},{\"@type\":\"Person\",\"@id\":\"https:\\\/\\\/www.24gliwice.pl\\\/wiadomosci\\\/#\\\/schema\\\/person\\\/e42c650edd7f2fa332be3811fb166b6e\",\"name\":\"\u017baneta Mrozek-Siewierska\",\"image\":{\"@type\":\"ImageObject\",\"inLanguage\":\"pl-PL\",\"@id\":\"https:\\\/\\\/secure.gravatar.com\\\/avatar\\\/1881429e9c64597c77ad7aef2d0a19be69a3253e57534d16aa15bf3a4d34a0a3?s=96&d=mm&r=g\",\"url\":\"https:\\\/\\\/secure.gravatar.com\\\/avatar\\\/1881429e9c64597c77ad7aef2d0a19be69a3253e57534d16aa15bf3a4d34a0a3?s=96&d=mm&r=g\",\"contentUrl\":\"https:\\\/\\\/secure.gravatar.com\\\/avatar\\\/1881429e9c64597c77ad7aef2d0a19be69a3253e57534d16aa15bf3a4d34a0a3?s=96&d=mm&r=g\",\"caption\":\"\u017baneta Mrozek-Siewierska\"},\"url\":\"https:\\\/\\\/www.24gliwice.pl\\\/wiadomosci\\\/author\\\/zms\\\/\"}]}<\/script>\n<!-- \/ Yoast SEO plugin. -->","yoast_head_json":{"title":"Bezp\u0142atna komunikacja miejska i specjalne linie autobusowe w dzie\u0144 Wszystkich \u015awi\u0119tych - 24GLIWICE - Portal Gliwice | codziennie nowe informacje","description":"1 listopada b\u0119dzie mo\u017cna podr\u00f3\u017cowa\u0107 komunikacj\u0105 miejsk\u0105 za darmo, a do nekropolii dowioz\u0105 specjalne linie autobusowe - w Gliwicach C1 i C3","robots":{"index":"index","follow":"follow","max-snippet":"max-snippet:-1","max-image-preview":"max-image-preview:large","max-video-preview":"max-video-preview:-1"},"canonical":"https:\/\/www.24gliwice.pl\/wiadomosci\/bezplatna-komunikacja-miejska-i-specjalne-linie-autobusowe-w-dzien-wszystkich-swietych\/","og_locale":"pl_PL","og_type":"article","og_title":"Bezp\u0142atna komunikacja miejska i specjalne linie autobusowe w dzie\u0144 Wszystkich \u015awi\u0119tych - 24GLIWICE - Portal Gliwice | codziennie nowe informacje","og_description":"1 listopada b\u0119dzie mo\u017cna podr\u00f3\u017cowa\u0107 komunikacj\u0105 miejsk\u0105 za darmo, a do nekropolii dowioz\u0105 specjalne linie autobusowe - w Gliwicach C1 i C3","og_url":"https:\/\/www.24gliwice.pl\/wiadomosci\/bezplatna-komunikacja-miejska-i-specjalne-linie-autobusowe-w-dzien-wszystkich-swietych\/","og_site_name":"24GLIWICE - Portal Gliwice | codziennie nowe informacje","article_publisher":"https:\/\/www.facebook.com\/24gliwice","article_published_time":"2023-10-30T23:05:40+00:00","article_modified_time":"2023-11-01T22:02:40+00:00","og_image":[{"width":810,"height":456,"url":"https:\/\/www.24gliwice.pl\/wiadomosci\/wp-content\/uploads\/2018\/10\/cmentarz-centralny-gliwice.jpg","type":"image\/jpeg"}],"author":"\u017baneta Mrozek-Siewierska","twitter_card":"summary_large_image","twitter_creator":"@24gliwice","twitter_site":"@24gliwice","twitter_misc":{"Napisane przez":"\u017baneta Mrozek-Siewierska","Szacowany czas czytania":"4 minuty"},"schema":{"@context":"https:\/\/schema.org","@graph":[{"@type":"Article","@id":"https:\/\/www.24gliwice.pl\/wiadomosci\/bezplatna-komunikacja-miejska-i-specjalne-linie-autobusowe-w-dzien-wszystkich-swietych\/#article","isPartOf":{"@id":"https:\/\/www.24gliwice.pl\/wiadomosci\/bezplatna-komunikacja-miejska-i-specjalne-linie-autobusowe-w-dzien-wszystkich-swietych\/"},"author":{"name":"\u017baneta Mrozek-Siewierska","@id":"https:\/\/www.24gliwice.pl\/wiadomosci\/#\/schema\/person\/e42c650edd7f2fa332be3811fb166b6e"},"headline":"Bezp\u0142atna komunikacja miejska i specjalne linie autobusowe w dzie\u0144 Wszystkich \u015awi\u0119tych","datePublished":"2023-10-30T23:05:40+00:00","dateModified":"2023-11-01T22:02:40+00:00","mainEntityOfPage":{"@id":"https:\/\/www.24gliwice.pl\/wiadomosci\/bezplatna-komunikacja-miejska-i-specjalne-linie-autobusowe-w-dzien-wszystkich-swietych\/"},"wordCount":588,"commentCount":0,"publisher":{"@id":"https:\/\/www.24gliwice.pl\/wiadomosci\/#organization"},"image":{"@id":"https:\/\/www.24gliwice.pl\/wiadomosci\/bezplatna-komunikacja-miejska-i-specjalne-linie-autobusowe-w-dzien-wszystkich-swietych\/#primaryimage"},"thumbnailUrl":"https:\/\/www.24gliwice.pl\/wiadomosci\/wp-content\/uploads\/2018\/10\/cmentarz-centralny-gliwice.jpg","keywords":["KOMUNIKACJA MIEJSKA","WSZYSTKICH \u015aWI\u0118TYCH"],"articleSection":["Gliwice","Najnowsze wiadomo\u015bci"],"inLanguage":"pl-PL","potentialAction":[{"@type":"CommentAction","name":"Comment","target":["https:\/\/www.24gliwice.pl\/wiadomosci\/bezplatna-komunikacja-miejska-i-specjalne-linie-autobusowe-w-dzien-wszystkich-swietych\/#respond"]}]},{"@type":"WebPage","@id":"https:\/\/www.24gliwice.pl\/wiadomosci\/bezplatna-komunikacja-miejska-i-specjalne-linie-autobusowe-w-dzien-wszystkich-swietych\/","url":"https:\/\/www.24gliwice.pl\/wiadomosci\/bezplatna-komunikacja-miejska-i-specjalne-linie-autobusowe-w-dzien-wszystkich-swietych\/","name":"Bezp\u0142atna komunikacja miejska i specjalne linie autobusowe w dzie\u0144 Wszystkich \u015awi\u0119tych - 24GLIWICE - Portal Gliwice | codziennie nowe informacje","isPartOf":{"@id":"https:\/\/www.24gliwice.pl\/wiadomosci\/#website"},"primaryImageOfPage":{"@id":"https:\/\/www.24gliwice.pl\/wiadomosci\/bezplatna-komunikacja-miejska-i-specjalne-linie-autobusowe-w-dzien-wszystkich-swietych\/#primaryimage"},"image":{"@id":"https:\/\/www.24gliwice.pl\/wiadomosci\/bezplatna-komunikacja-miejska-i-specjalne-linie-autobusowe-w-dzien-wszystkich-swietych\/#primaryimage"},"thumbnailUrl":"https:\/\/www.24gliwice.pl\/wiadomosci\/wp-content\/uploads\/2018\/10\/cmentarz-centralny-gliwice.jpg","datePublished":"2023-10-30T23:05:40+00:00","dateModified":"2023-11-01T22:02:40+00:00","description":"1 listopada b\u0119dzie mo\u017cna podr\u00f3\u017cowa\u0107 komunikacj\u0105 miejsk\u0105 za darmo, a do nekropolii dowioz\u0105 specjalne linie autobusowe - w Gliwicach C1 i C3","breadcrumb":{"@id":"https:\/\/www.24gliwice.pl\/wiadomosci\/bezplatna-komunikacja-miejska-i-specjalne-linie-autobusowe-w-dzien-wszystkich-swietych\/#breadcrumb"},"inLanguage":"pl-PL","potentialAction":[{"@type":"ReadAction","target":["https:\/\/www.24gliwice.pl\/wiadomosci\/bezplatna-komunikacja-miejska-i-specjalne-linie-autobusowe-w-dzien-wszystkich-swietych\/"]}]},{"@type":"ImageObject","inLanguage":"pl-PL","@id":"https:\/\/www.24gliwice.pl\/wiadomosci\/bezplatna-komunikacja-miejska-i-specjalne-linie-autobusowe-w-dzien-wszystkich-swietych\/#primaryimage","url":"https:\/\/www.24gliwice.pl\/wiadomosci\/wp-content\/uploads\/2018\/10\/cmentarz-centralny-gliwice.jpg","contentUrl":"https:\/\/www.24gliwice.pl\/wiadomosci\/wp-content\/uploads\/2018\/10\/cmentarz-centralny-gliwice.jpg","width":810,"height":456},{"@type":"BreadcrumbList","@id":"https:\/\/www.24gliwice.pl\/wiadomosci\/bezplatna-komunikacja-miejska-i-specjalne-linie-autobusowe-w-dzien-wszystkich-swietych\/#breadcrumb","itemListElement":[{"@type":"ListItem","position":1,"name":"Strona g\u0142\u00f3wna","item":"https:\/\/www.24gliwice.pl\/wiadomosci\/"},{"@type":"ListItem","position":2,"name":"Bezp\u0142atna komunikacja miejska i specjalne linie autobusowe w dzie\u0144 Wszystkich \u015awi\u0119tych"}]},{"@type":"WebSite","@id":"https:\/\/www.24gliwice.pl\/wiadomosci\/#website","url":"https:\/\/www.24gliwice.pl\/wiadomosci\/","name":"24GLIWICE - Portal Gliwice | codziennie nowe wiadomo\u015bci","description":"Portal Miejski Gliwice","publisher":{"@id":"https:\/\/www.24gliwice.pl\/wiadomosci\/#organization"},"potentialAction":[{"@type":"SearchAction","target":{"@type":"EntryPoint","urlTemplate":"https:\/\/www.24gliwice.pl\/wiadomosci\/?s={search_term_string}"},"query-input":{"@type":"PropertyValueSpecification","valueRequired":true,"valueName":"search_term_string"}}],"inLanguage":"pl-PL"},{"@type":"Organization","@id":"https:\/\/www.24gliwice.pl\/wiadomosci\/#organization","name":"24gliwice","url":"https:\/\/www.24gliwice.pl\/wiadomosci\/","logo":{"@type":"ImageObject","inLanguage":"pl-PL","@id":"https:\/\/www.24gliwice.pl\/wiadomosci\/#\/schema\/logo\/image\/","url":"https:\/\/www.24gliwice.pl\/wiadomosci\/wp-content\/uploads\/2024\/10\/24gliwice-logo-696.jpg","contentUrl":"https:\/\/www.24gliwice.pl\/wiadomosci\/wp-content\/uploads\/2024\/10\/24gliwice-logo-696.jpg","width":696,"height":696,"caption":"24gliwice"},"image":{"@id":"https:\/\/www.24gliwice.pl\/wiadomosci\/#\/schema\/logo\/image\/"},"sameAs":["https:\/\/www.facebook.com\/24gliwice","https:\/\/x.com\/24gliwice","https:\/\/www.youtube.com\/@24gliwice"]},{"@type":"Person","@id":"https:\/\/www.24gliwice.pl\/wiadomosci\/#\/schema\/person\/e42c650edd7f2fa332be3811fb166b6e","name":"\u017baneta Mrozek-Siewierska","image":{"@type":"ImageObject","inLanguage":"pl-PL","@id":"https:\/\/secure.gravatar.com\/avatar\/1881429e9c64597c77ad7aef2d0a19be69a3253e57534d16aa15bf3a4d34a0a3?s=96&d=mm&r=g","url":"https:\/\/secure.gravatar.com\/avatar\/1881429e9c64597c77ad7aef2d0a19be69a3253e57534d16aa15bf3a4d34a0a3?s=96&d=mm&r=g","contentUrl":"https:\/\/secure.gravatar.com\/avatar\/1881429e9c64597c77ad7aef2d0a19be69a3253e57534d16aa15bf3a4d34a0a3?s=96&d=mm&r=g","caption":"\u017baneta Mrozek-Siewierska"},"url":"https:\/\/www.24gliwice.pl\/wiadomosci\/author\/zms\/"}]}},"_links":{"self":[{"href":"https:\/\/www.24gliwice.pl\/wiadomosci\/wp-json\/wp\/v2\/posts\/224186","targetHints":{"allow":["GET"]}}],"collection":[{"href":"https:\/\/www.24gliwice.pl\/wiadomosci\/wp-json\/wp\/v2\/posts"}],"about":[{"href":"https:\/\/www.24gliwice.pl\/wiadomosci\/wp-json\/wp\/v2\/types\/post"}],"author":[{"embeddable":true,"href":"https:\/\/www.24gliwice.pl\/wiadomosci\/wp-json\/wp\/v2\/users\/15"}],"replies":[{"embeddable":true,"href":"https:\/\/www.24gliwice.pl\/wiadomosci\/wp-json\/wp\/v2\/comments?post=224186"}],"version-history":[{"count":0,"href":"https:\/\/www.24gliwice.pl\/wiadomosci\/wp-json\/wp\/v2\/posts\/224186\/revisions"}],"wp:featuredmedia":[{"embeddable":true,"href":"https:\/\/www.24gliwice.pl\/wiadomosci\/wp-json\/wp\/v2\/media\/125213"}],"wp:attachment":[{"href":"https:\/\/www.24gliwice.pl\/wiadomosci\/wp-json\/wp\/v2\/media?parent=224186"}],"wp:term":[{"taxonomy":"category","embeddable":true,"href":"https:\/\/www.24gliwice.pl\/wiadomosci\/wp-json\/wp\/v2\/categories?post=224186"},{"taxonomy":"post_tag","embeddable":true,"href":"https:\/\/www.24gliwice.pl\/wiadomosci\/wp-json\/wp\/v2\/tags?post=224186"}],"curies":[{"name":"wp","href":"https:\/\/api.w.org\/{rel}","templated":true}]}}