{"id":224897,"date":"2023-11-09T00:15:45","date_gmt":"2023-11-08T23:15:45","guid":{"rendered":"https:\/\/www.24gliwice.pl\/wiadomosci\/?p=224897"},"modified":"2023-11-12T01:00:11","modified_gmt":"2023-11-12T00:00:11","slug":"obchody-swieta-niepodleglosci-w-gliwicach-przemarsz-zlozenie-wiencow-koncert-i-przeglad-filmow","status":"publish","type":"post","link":"https:\/\/www.24gliwice.pl\/wiadomosci\/obchody-swieta-niepodleglosci-w-gliwicach-przemarsz-zlozenie-wiencow-koncert-i-przeglad-filmow\/","title":{"rendered":"Obchody \u015awi\u0119ta Niepodleg\u0142o\u015bci w Gliwicach. Przemarsz, z\u0142o\u017cenie wie\u0144c\u00f3w, koncert i przegl\u0105d film\u00f3w"},"content":{"rendered":"<div class=\"gliwi-a6-nad-leadem-artykulow gliwi-entity-placement\" id=\"gliwi-1193193198\"><div class=\"gliwi-adlabel\"><span style=\"font-size: 9px\">REKLAMA<\/span><\/div><div id=\"gliwi-2841509963\" style=\"margin-bottom: 25px;margin-left: auto;margin-right: auto;text-align: center;\"><a data-no-instant=\"1\" href=\"https:\/\/dom100.eu\/\" rel=\"noopener\" class=\"a2t-link\" target=\"_blank\" aria-label=\"20260415 DOM100 D\"><img loading=\"lazy\" decoding=\"async\" src=\"https:\/\/www.24gliwice.pl\/wiadomosci\/wp-content\/uploads\/2026\/04\/20260415-DOM100-D.jpg\" alt=\"\"  srcset=\"https:\/\/www.24gliwice.pl\/wiadomosci\/wp-content\/uploads\/2026\/04\/20260415-DOM100-D.jpg 750w, https:\/\/www.24gliwice.pl\/wiadomosci\/wp-content\/uploads\/2026\/04\/20260415-DOM100-D-410x109.jpg 410w\" sizes=\"(max-width: 750px) 100vw, 750px\" class=\"no-lazyload\" width=\"750\" height=\"200\"  style=\"display: inline-block; max-width: 100%; height: auto;\" \/><\/a><\/div><\/div><h2>11 listopada w Gliwicach odb\u0119d\u0105 si\u0119 obchody Narodowego \u015awi\u0119ta Niepodleg\u0142o\u015bci. Rozpocznie je uroczysta msza w katedrze, po kt\u00f3rej nast\u0105pi przemarsz uczestnik\u00f3w na plac Pi\u0142sudskiego. Wieczorem zaplanowano koncert w Teatrze Miejskim.<\/h2>\n<p>&nbsp;<br \/>\n11 listopada (sobota) obchodzimy \u015awi\u0119to Niepodleg\u0142o\u015bci by upami\u0119tni\u0107 wydarzenia z 1918 roku, gdy po 123 latach Polska wr\u00f3ci\u0142a na map\u0119 \u015bwiata.<\/p>\n<p>To w\u0142a\u015bnie J\u00f3zef Pi\u0142sudski 11 listopada 1918 roku otrzyma\u0142 od Rady Regencyjnej zwierzchnictwo i naczelne dow\u00f3dztwo nad podleg\u0142ym jej Wojskiem Polskim. Tego dnia Niemcy podpisa\u0142y zawieszenie broni ko\u0144cz\u0105ce I wojn\u0119 \u015bwiatow\u0105. Marzenie o odbudowie niepodleg\u0142ego pa\u0144stwa polskiego po latach zabor\u00f3w stawa\u0142o si\u0119 rzeczywisto\u015bci\u0105.<\/p><div class=\"gliwi-a3-w-tresci-artykulow gliwi-entity-placement\" id=\"gliwi-1986933350\"><div class=\"gliwi-adlabel\"><span style=\"font-size: 9px\">REKLAMA<\/span><\/div><div id=\"gliwi-899873589\" style=\"margin-bottom: 30px;margin-left: auto;margin-right: auto;text-align: center;\"><a data-no-instant=\"1\" href=\"https:\/\/ogrodyandersa.pl\/\" rel=\"noopener\" class=\"a2t-link\" target=\"_blank\" aria-label=\"20260415 Ogrody Andersa KUP TERAZ D\"><img loading=\"lazy\" decoding=\"async\" src=\"https:\/\/www.24gliwice.pl\/wiadomosci\/wp-content\/uploads\/2026\/04\/20260415-Ogrody-Andersa-KUP-TERAZ-D.jpg\" alt=\"\"  srcset=\"https:\/\/www.24gliwice.pl\/wiadomosci\/wp-content\/uploads\/2026\/04\/20260415-Ogrody-Andersa-KUP-TERAZ-D.jpg 750w, https:\/\/www.24gliwice.pl\/wiadomosci\/wp-content\/uploads\/2026\/04\/20260415-Ogrody-Andersa-KUP-TERAZ-D-410x109.jpg 410w\" sizes=\"(max-width: 750px) 100vw, 750px\" class=\"no-lazyload\" width=\"750\" height=\"200\"  style=\"display: inline-block; max-width: 100%; height: auto;\" \/><\/a><\/div><\/div>\n<h5>Plan tegorocznych obchod\u00f3w \u015awi\u0119ta Niepodleg\u0142o\u015bci w Gliwicach:<\/h5>\n<ul>\n<li>12:30 Msza \u015bw. w intencji Ojczyzny w Katedrze pw. \u015aw. Aposto\u0142\u00f3w Piotra i Paw\u0142a,<\/li>\n<li>13:45 Przemarsz uczestnik\u00f3w Mszy \u015bw. na Plac Marsza\u0142ka J. Pi\u0142sudskiego,<\/li>\n<li>ok. 14:00 Uroczysto\u015b\u0107 pod pomnikiem Marsza\u0142ka J. Pi\u0142sudskiego: z\u0142o\u017cenie meldunku wojskowego, podniesienie flagi pa\u0144stwowej i odegranie hymnu pa\u0144stwowego, przem\u00f3wienie przedstawiciela Miasta Gliwice, apel pami\u0119ci i salwa honorowa, z\u0142o\u017cenie kwiat\u00f3w pod pomnikiem,<\/li>\n<li>14:50 Z\u0142o\u017cenie kwiat\u00f3w pod pomnikiem ku czci \u017co\u0142nierzy francuskich poleg\u0142ych w latach 1920-1922 w Parku Starokozielskim.<\/li>\n<\/ul>\n<p>Wieczorem w Teatrze Miejskim w Gliwicach odb\u0119dzie si\u0119 uroczysty koncert Gliwickiej Orkiestry Kameralnej z okazji \u015awi\u0119ta Niepodleg\u0142o\u015bci. Wej\u015bci\u00f3wki kosztuj\u0105 5 z\u0142. Wi\u0119cej na ten temat pisali\u015bmy TU:<\/p>\n<blockquote class=\"wp-embedded-content\" data-secret=\"XcrKaV1BGV\"><p><a href=\"https:\/\/www.24gliwice.pl\/wiadomosci\/uroczysty-koncert-z-okazji-swieta-niepodleglosci-w-gliwickim-teatrze-miejskim-bilety-dostepne-sa-w-kasach\/\">Uroczysty koncert z okazji \u015awi\u0119ta Niepodleg\u0142o\u015bci w gliwickim Teatrze Miejskim. Bilety dost\u0119pne s\u0105 w kasach<\/a><\/p><\/blockquote>\n<p><iframe loading=\"lazy\" class=\"wp-embedded-content\" sandbox=\"allow-scripts\" security=\"restricted\" style=\"position: absolute; clip: rect(1px, 1px, 1px, 1px);\" title=\"&#8222;Uroczysty koncert z okazji \u015awi\u0119ta Niepodleg\u0142o\u015bci w gliwickim Teatrze Miejskim. Bilety dost\u0119pne s\u0105 w kasach&#8221; &#8212; 24GLIWICE - Portal Gliwice | codziennie nowe informacje\" src=\"https:\/\/www.24gliwice.pl\/wiadomosci\/uroczysty-koncert-z-okazji-swieta-niepodleglosci-w-gliwickim-teatrze-miejskim-bilety-dostepne-sa-w-kasach\/embed\/#?secret=OvxqmnSgjs#?secret=XcrKaV1BGV\" data-secret=\"XcrKaV1BGV\" width=\"600\" height=\"338\" frameborder=\"0\" marginwidth=\"0\" marginheight=\"0\" scrolling=\"no\"><\/iframe><\/p>\n<p>Tego dnia (11 listopada) mo\u017cna te\u017c wybra\u0107 si\u0119 do kina Amok, gdzie wej\u015bci\u00f3wki b\u0119d\u0105 kosztowa\u0142y 11 z\u0142. Zaplanowano tam przegl\u0105d polskich film\u00f3w fabularnych i dokumentalnych. Wi\u0119cej tutaj:<\/p>\n<blockquote class=\"wp-embedded-content\" data-secret=\"Or9asBOuzc\"><p><a href=\"https:\/\/www.24gliwice.pl\/wiadomosci\/przeglad-polskich-filmow-fabularnych-i-dokumentalnych-z-okazji-swieta-niepodleglosci-bilety-do-kina-za-11-zl\/\">Przegl\u0105d polskich film\u00f3w fabularnych i dokumentalnych z okazji \u015awi\u0119ta Niepodleg\u0142o\u015bci. Bilety do kina za 11 z\u0142<\/a><\/p><\/blockquote>\n<p><iframe loading=\"lazy\" class=\"wp-embedded-content\" sandbox=\"allow-scripts\" security=\"restricted\" style=\"position: absolute; clip: rect(1px, 1px, 1px, 1px);\" title=\"&#8222;Przegl\u0105d polskich film\u00f3w fabularnych i dokumentalnych z okazji \u015awi\u0119ta Niepodleg\u0142o\u015bci. Bilety do kina za 11 z\u0142&#8221; &#8212; 24GLIWICE - Portal Gliwice | codziennie nowe informacje\" src=\"https:\/\/www.24gliwice.pl\/wiadomosci\/przeglad-polskich-filmow-fabularnych-i-dokumentalnych-z-okazji-swieta-niepodleglosci-bilety-do-kina-za-11-zl\/embed\/#?secret=SwkItCz5Ui#?secret=Or9asBOuzc\" data-secret=\"Or9asBOuzc\" width=\"600\" height=\"338\" frameborder=\"0\" marginwidth=\"0\" marginheight=\"0\" scrolling=\"no\"><\/iframe><\/p>\n<p>(\u017cms)<\/p>\n<p><a href=\"https:\/\/www.24gliwice.pl\/wiadomosci\/wp-content\/uploads\/2023\/11\/11-listopada-plakat.jpg\"><img loading=\"lazy\" decoding=\"async\" class=\"alignnone wp-image-224899\" src=\"https:\/\/www.24gliwice.pl\/wiadomosci\/wp-content\/uploads\/2023\/11\/11-listopada-plakat.jpg\" alt=\"\" width=\"1094\" height=\"1577\" srcset=\"https:\/\/www.24gliwice.pl\/wiadomosci\/wp-content\/uploads\/2023\/11\/11-listopada-plakat.jpg 562w, https:\/\/www.24gliwice.pl\/wiadomosci\/wp-content\/uploads\/2023\/11\/11-listopada-plakat-161x232.jpg 161w, https:\/\/www.24gliwice.pl\/wiadomosci\/wp-content\/uploads\/2023\/11\/11-listopada-plakat-316x455.jpg 316w\" sizes=\"auto, (max-width: 1094px) 100vw, 1094px\" \/><\/a><\/p>\n<div class=\"gliwi-a5-na-koncu-artykulow gliwi-entity-placement\" id=\"gliwi-1679977172\"><div class=\"gliwi-adlabel\"><span style=\"font-size: 9px\">REKLAMA<\/span><\/div><div id=\"gliwi-3209632689\" style=\"margin-left: auto;margin-right: auto;text-align: center;\"><a data-no-instant=\"1\" href=\"https:\/\/prezeroarenagliwice.pl\/\" rel=\"noopener\" class=\"a2t-link\" target=\"_blank\" aria-label=\"20260309-PREZERO-WIOSNA-D\"><img loading=\"lazy\" decoding=\"async\" src=\"https:\/\/www.24gliwice.pl\/wiadomosci\/wp-content\/uploads\/2026\/03\/20260309-PREZERO-WIOSNA-D.webp\" alt=\"\"  srcset=\"https:\/\/www.24gliwice.pl\/wiadomosci\/wp-content\/uploads\/2026\/03\/20260309-PREZERO-WIOSNA-D.webp 750w, https:\/\/www.24gliwice.pl\/wiadomosci\/wp-content\/uploads\/2026\/03\/20260309-PREZERO-WIOSNA-D-410x109.webp 410w\" sizes=\"(max-width: 750px) 100vw, 750px\" class=\"no-lazyload\" width=\"750\" height=\"200\"  style=\"display: inline-block; max-width: 100%; height: auto;\" \/><\/a><\/div><\/div>","protected":false},"excerpt":{"rendered":"<p>11 listopada w Gliwicach odb\u0119d\u0105 si\u0119 obchody Narodowego \u015awi\u0119ta Niepodleg\u0142o\u015bci. Rozpocznie je uroczysta msza w katedrze, po kt\u00f3rej nast\u0105pi przemarsz uczestnik\u00f3w na plac Pi\u0142sudskiego. Wieczorem zaplanowano koncert w Teatrze Miejskim. &nbsp; 11 listopada (sobota) obchodzimy \u015awi\u0119to Niepodleg\u0142o\u015bci by upami\u0119tni\u0107 wydarzenia z 1918 roku, gdy po 123 latach Polska wr\u00f3ci\u0142a na map\u0119 \u015bwiata. To w\u0142a\u015bnie J\u00f3zef [&hellip;]<\/p>\n","protected":false},"author":15,"featured_media":224898,"comment_status":"open","ping_status":"closed","sticky":false,"template":"","format":"standard","meta":{"_monsterinsights_skip_tracking":false,"_monsterinsights_sitenote_active":false,"_monsterinsights_sitenote_note":"","_monsterinsights_sitenote_category":0,"footnotes":"","_links_to":"","_links_to_target":""},"categories":[3,6,1],"tags":[4748],"class_list":["post-224897","post","type-post","status-publish","format-standard","has-post-thumbnail","hentry","category-gliwice","category-kultura","category-wszystko","tag-11-listopada"],"yoast_head":"<!-- This site is optimized with the Yoast SEO plugin v27.5 - https:\/\/yoast.com\/product\/yoast-seo-wordpress\/ -->\n<title>Obchody \u015awi\u0119ta Niepodleg\u0142o\u015bci w Gliwicach. Przemarsz, z\u0142o\u017cenie wie\u0144c\u00f3w, koncert i przegl\u0105d film\u00f3w - 24GLIWICE - Portal Gliwice | codziennie nowe informacje<\/title>\n<meta name=\"description\" content=\"Gliwickie obchody Narodowego \u015awi\u0119ta Niepodleg\u0142o\u015bci rozpoczn\u0105 si\u0119 msz\u0105 w katedrze, po kt\u00f3rej zaplanowano przemarsz i z\u0142o\u017cenie wie\u0144c\u00f3w\" \/>\n<meta name=\"robots\" content=\"index, follow, max-snippet:-1, max-image-preview:large, max-video-preview:-1\" \/>\n<link rel=\"canonical\" href=\"https:\/\/www.24gliwice.pl\/wiadomosci\/obchody-swieta-niepodleglosci-w-gliwicach-przemarsz-zlozenie-wiencow-koncert-i-przeglad-filmow\/\" \/>\n<meta property=\"og:locale\" content=\"pl_PL\" \/>\n<meta property=\"og:type\" content=\"article\" \/>\n<meta property=\"og:title\" content=\"Obchody \u015awi\u0119ta Niepodleg\u0142o\u015bci w Gliwicach. Przemarsz, z\u0142o\u017cenie wie\u0144c\u00f3w, koncert i przegl\u0105d film\u00f3w - 24GLIWICE - Portal Gliwice | codziennie nowe informacje\" \/>\n<meta property=\"og:description\" content=\"Gliwickie obchody Narodowego \u015awi\u0119ta Niepodleg\u0142o\u015bci rozpoczn\u0105 si\u0119 msz\u0105 w katedrze, po kt\u00f3rej zaplanowano przemarsz i z\u0142o\u017cenie wie\u0144c\u00f3w\" \/>\n<meta property=\"og:url\" content=\"https:\/\/www.24gliwice.pl\/wiadomosci\/obchody-swieta-niepodleglosci-w-gliwicach-przemarsz-zlozenie-wiencow-koncert-i-przeglad-filmow\/\" \/>\n<meta property=\"og:site_name\" content=\"24GLIWICE - Portal Gliwice | codziennie nowe informacje\" \/>\n<meta property=\"article:publisher\" content=\"https:\/\/www.facebook.com\/24gliwice\" \/>\n<meta property=\"article:published_time\" content=\"2023-11-08T23:15:45+00:00\" \/>\n<meta property=\"article:modified_time\" content=\"2023-11-12T00:00:11+00:00\" \/>\n<meta property=\"og:image\" content=\"https:\/\/www.24gliwice.pl\/wiadomosci\/wp-content\/uploads\/2023\/11\/11-listopada-d-nita-garbiec.jpg\" \/>\n\t<meta property=\"og:image:width\" content=\"810\" \/>\n\t<meta property=\"og:image:height\" content=\"457\" \/>\n\t<meta property=\"og:image:type\" content=\"image\/jpeg\" \/>\n<meta name=\"author\" content=\"\u017baneta Mrozek-Siewierska\" \/>\n<meta name=\"twitter:card\" content=\"summary_large_image\" \/>\n<meta name=\"twitter:creator\" content=\"@24gliwice\" \/>\n<meta name=\"twitter:site\" content=\"@24gliwice\" \/>\n<meta name=\"twitter:label1\" content=\"Napisane przez\" \/>\n\t<meta name=\"twitter:data1\" content=\"\u017baneta Mrozek-Siewierska\" \/>\n\t<meta name=\"twitter:label2\" content=\"Szacowany czas czytania\" \/>\n\t<meta name=\"twitter:data2\" content=\"2 minuty\" \/>\n<script type=\"application\/ld+json\" class=\"yoast-schema-graph\">{\"@context\":\"https:\\\/\\\/schema.org\",\"@graph\":[{\"@type\":\"Article\",\"@id\":\"https:\\\/\\\/www.24gliwice.pl\\\/wiadomosci\\\/obchody-swieta-niepodleglosci-w-gliwicach-przemarsz-zlozenie-wiencow-koncert-i-przeglad-filmow\\\/#article\",\"isPartOf\":{\"@id\":\"https:\\\/\\\/www.24gliwice.pl\\\/wiadomosci\\\/obchody-swieta-niepodleglosci-w-gliwicach-przemarsz-zlozenie-wiencow-koncert-i-przeglad-filmow\\\/\"},\"author\":{\"name\":\"\u017baneta Mrozek-Siewierska\",\"@id\":\"https:\\\/\\\/www.24gliwice.pl\\\/wiadomosci\\\/#\\\/schema\\\/person\\\/e42c650edd7f2fa332be3811fb166b6e\"},\"headline\":\"Obchody \u015awi\u0119ta Niepodleg\u0142o\u015bci w Gliwicach. Przemarsz, z\u0142o\u017cenie wie\u0144c\u00f3w, koncert i przegl\u0105d film\u00f3w\",\"datePublished\":\"2023-11-08T23:15:45+00:00\",\"dateModified\":\"2023-11-12T00:00:11+00:00\",\"mainEntityOfPage\":{\"@id\":\"https:\\\/\\\/www.24gliwice.pl\\\/wiadomosci\\\/obchody-swieta-niepodleglosci-w-gliwicach-przemarsz-zlozenie-wiencow-koncert-i-przeglad-filmow\\\/\"},\"wordCount\":318,\"commentCount\":0,\"publisher\":{\"@id\":\"https:\\\/\\\/www.24gliwice.pl\\\/wiadomosci\\\/#organization\"},\"image\":{\"@id\":\"https:\\\/\\\/www.24gliwice.pl\\\/wiadomosci\\\/obchody-swieta-niepodleglosci-w-gliwicach-przemarsz-zlozenie-wiencow-koncert-i-przeglad-filmow\\\/#primaryimage\"},\"thumbnailUrl\":\"https:\\\/\\\/www.24gliwice.pl\\\/wiadomosci\\\/wp-content\\\/uploads\\\/2023\\\/11\\\/11-listopada-d-nita-garbiec.jpg\",\"keywords\":[\"11 LISTOPADA\"],\"articleSection\":[\"Gliwice\",\"Kultura, wydarzenia, imprezy\",\"Najnowsze wiadomo\u015bci\"],\"inLanguage\":\"pl-PL\",\"potentialAction\":[{\"@type\":\"CommentAction\",\"name\":\"Comment\",\"target\":[\"https:\\\/\\\/www.24gliwice.pl\\\/wiadomosci\\\/obchody-swieta-niepodleglosci-w-gliwicach-przemarsz-zlozenie-wiencow-koncert-i-przeglad-filmow\\\/#respond\"]}]},{\"@type\":\"WebPage\",\"@id\":\"https:\\\/\\\/www.24gliwice.pl\\\/wiadomosci\\\/obchody-swieta-niepodleglosci-w-gliwicach-przemarsz-zlozenie-wiencow-koncert-i-przeglad-filmow\\\/\",\"url\":\"https:\\\/\\\/www.24gliwice.pl\\\/wiadomosci\\\/obchody-swieta-niepodleglosci-w-gliwicach-przemarsz-zlozenie-wiencow-koncert-i-przeglad-filmow\\\/\",\"name\":\"Obchody \u015awi\u0119ta Niepodleg\u0142o\u015bci w Gliwicach. Przemarsz, z\u0142o\u017cenie wie\u0144c\u00f3w, koncert i przegl\u0105d film\u00f3w - 24GLIWICE - Portal Gliwice | codziennie nowe informacje\",\"isPartOf\":{\"@id\":\"https:\\\/\\\/www.24gliwice.pl\\\/wiadomosci\\\/#website\"},\"primaryImageOfPage\":{\"@id\":\"https:\\\/\\\/www.24gliwice.pl\\\/wiadomosci\\\/obchody-swieta-niepodleglosci-w-gliwicach-przemarsz-zlozenie-wiencow-koncert-i-przeglad-filmow\\\/#primaryimage\"},\"image\":{\"@id\":\"https:\\\/\\\/www.24gliwice.pl\\\/wiadomosci\\\/obchody-swieta-niepodleglosci-w-gliwicach-przemarsz-zlozenie-wiencow-koncert-i-przeglad-filmow\\\/#primaryimage\"},\"thumbnailUrl\":\"https:\\\/\\\/www.24gliwice.pl\\\/wiadomosci\\\/wp-content\\\/uploads\\\/2023\\\/11\\\/11-listopada-d-nita-garbiec.jpg\",\"datePublished\":\"2023-11-08T23:15:45+00:00\",\"dateModified\":\"2023-11-12T00:00:11+00:00\",\"description\":\"Gliwickie obchody Narodowego \u015awi\u0119ta Niepodleg\u0142o\u015bci rozpoczn\u0105 si\u0119 msz\u0105 w katedrze, po kt\u00f3rej zaplanowano przemarsz i z\u0142o\u017cenie wie\u0144c\u00f3w\",\"breadcrumb\":{\"@id\":\"https:\\\/\\\/www.24gliwice.pl\\\/wiadomosci\\\/obchody-swieta-niepodleglosci-w-gliwicach-przemarsz-zlozenie-wiencow-koncert-i-przeglad-filmow\\\/#breadcrumb\"},\"inLanguage\":\"pl-PL\",\"potentialAction\":[{\"@type\":\"ReadAction\",\"target\":[\"https:\\\/\\\/www.24gliwice.pl\\\/wiadomosci\\\/obchody-swieta-niepodleglosci-w-gliwicach-przemarsz-zlozenie-wiencow-koncert-i-przeglad-filmow\\\/\"]}]},{\"@type\":\"ImageObject\",\"inLanguage\":\"pl-PL\",\"@id\":\"https:\\\/\\\/www.24gliwice.pl\\\/wiadomosci\\\/obchody-swieta-niepodleglosci-w-gliwicach-przemarsz-zlozenie-wiencow-koncert-i-przeglad-filmow\\\/#primaryimage\",\"url\":\"https:\\\/\\\/www.24gliwice.pl\\\/wiadomosci\\\/wp-content\\\/uploads\\\/2023\\\/11\\\/11-listopada-d-nita-garbiec.jpg\",\"contentUrl\":\"https:\\\/\\\/www.24gliwice.pl\\\/wiadomosci\\\/wp-content\\\/uploads\\\/2023\\\/11\\\/11-listopada-d-nita-garbiec.jpg\",\"width\":810,\"height\":457},{\"@type\":\"BreadcrumbList\",\"@id\":\"https:\\\/\\\/www.24gliwice.pl\\\/wiadomosci\\\/obchody-swieta-niepodleglosci-w-gliwicach-przemarsz-zlozenie-wiencow-koncert-i-przeglad-filmow\\\/#breadcrumb\",\"itemListElement\":[{\"@type\":\"ListItem\",\"position\":1,\"name\":\"Strona g\u0142\u00f3wna\",\"item\":\"https:\\\/\\\/www.24gliwice.pl\\\/wiadomosci\\\/\"},{\"@type\":\"ListItem\",\"position\":2,\"name\":\"Obchody \u015awi\u0119ta Niepodleg\u0142o\u015bci w Gliwicach. Przemarsz, z\u0142o\u017cenie wie\u0144c\u00f3w, koncert i przegl\u0105d film\u00f3w\"}]},{\"@type\":\"WebSite\",\"@id\":\"https:\\\/\\\/www.24gliwice.pl\\\/wiadomosci\\\/#website\",\"url\":\"https:\\\/\\\/www.24gliwice.pl\\\/wiadomosci\\\/\",\"name\":\"24GLIWICE - Portal Gliwice | codziennie nowe wiadomo\u015bci\",\"description\":\"Portal Miejski Gliwice\",\"publisher\":{\"@id\":\"https:\\\/\\\/www.24gliwice.pl\\\/wiadomosci\\\/#organization\"},\"potentialAction\":[{\"@type\":\"SearchAction\",\"target\":{\"@type\":\"EntryPoint\",\"urlTemplate\":\"https:\\\/\\\/www.24gliwice.pl\\\/wiadomosci\\\/?s={search_term_string}\"},\"query-input\":{\"@type\":\"PropertyValueSpecification\",\"valueRequired\":true,\"valueName\":\"search_term_string\"}}],\"inLanguage\":\"pl-PL\"},{\"@type\":\"Organization\",\"@id\":\"https:\\\/\\\/www.24gliwice.pl\\\/wiadomosci\\\/#organization\",\"name\":\"24gliwice\",\"url\":\"https:\\\/\\\/www.24gliwice.pl\\\/wiadomosci\\\/\",\"logo\":{\"@type\":\"ImageObject\",\"inLanguage\":\"pl-PL\",\"@id\":\"https:\\\/\\\/www.24gliwice.pl\\\/wiadomosci\\\/#\\\/schema\\\/logo\\\/image\\\/\",\"url\":\"https:\\\/\\\/www.24gliwice.pl\\\/wiadomosci\\\/wp-content\\\/uploads\\\/2024\\\/10\\\/24gliwice-logo-696.jpg\",\"contentUrl\":\"https:\\\/\\\/www.24gliwice.pl\\\/wiadomosci\\\/wp-content\\\/uploads\\\/2024\\\/10\\\/24gliwice-logo-696.jpg\",\"width\":696,\"height\":696,\"caption\":\"24gliwice\"},\"image\":{\"@id\":\"https:\\\/\\\/www.24gliwice.pl\\\/wiadomosci\\\/#\\\/schema\\\/logo\\\/image\\\/\"},\"sameAs\":[\"https:\\\/\\\/www.facebook.com\\\/24gliwice\",\"https:\\\/\\\/x.com\\\/24gliwice\",\"https:\\\/\\\/www.youtube.com\\\/@24gliwice\"]},{\"@type\":\"Person\",\"@id\":\"https:\\\/\\\/www.24gliwice.pl\\\/wiadomosci\\\/#\\\/schema\\\/person\\\/e42c650edd7f2fa332be3811fb166b6e\",\"name\":\"\u017baneta Mrozek-Siewierska\",\"image\":{\"@type\":\"ImageObject\",\"inLanguage\":\"pl-PL\",\"@id\":\"https:\\\/\\\/secure.gravatar.com\\\/avatar\\\/1881429e9c64597c77ad7aef2d0a19be69a3253e57534d16aa15bf3a4d34a0a3?s=96&d=mm&r=g\",\"url\":\"https:\\\/\\\/secure.gravatar.com\\\/avatar\\\/1881429e9c64597c77ad7aef2d0a19be69a3253e57534d16aa15bf3a4d34a0a3?s=96&d=mm&r=g\",\"contentUrl\":\"https:\\\/\\\/secure.gravatar.com\\\/avatar\\\/1881429e9c64597c77ad7aef2d0a19be69a3253e57534d16aa15bf3a4d34a0a3?s=96&d=mm&r=g\",\"caption\":\"\u017baneta Mrozek-Siewierska\"},\"url\":\"https:\\\/\\\/www.24gliwice.pl\\\/wiadomosci\\\/author\\\/zms\\\/\"}]}<\/script>\n<!-- \/ Yoast SEO plugin. -->","yoast_head_json":{"title":"Obchody \u015awi\u0119ta Niepodleg\u0142o\u015bci w Gliwicach. Przemarsz, z\u0142o\u017cenie wie\u0144c\u00f3w, koncert i przegl\u0105d film\u00f3w - 24GLIWICE - Portal Gliwice | codziennie nowe informacje","description":"Gliwickie obchody Narodowego \u015awi\u0119ta Niepodleg\u0142o\u015bci rozpoczn\u0105 si\u0119 msz\u0105 w katedrze, po kt\u00f3rej zaplanowano przemarsz i z\u0142o\u017cenie wie\u0144c\u00f3w","robots":{"index":"index","follow":"follow","max-snippet":"max-snippet:-1","max-image-preview":"max-image-preview:large","max-video-preview":"max-video-preview:-1"},"canonical":"https:\/\/www.24gliwice.pl\/wiadomosci\/obchody-swieta-niepodleglosci-w-gliwicach-przemarsz-zlozenie-wiencow-koncert-i-przeglad-filmow\/","og_locale":"pl_PL","og_type":"article","og_title":"Obchody \u015awi\u0119ta Niepodleg\u0142o\u015bci w Gliwicach. Przemarsz, z\u0142o\u017cenie wie\u0144c\u00f3w, koncert i przegl\u0105d film\u00f3w - 24GLIWICE - Portal Gliwice | codziennie nowe informacje","og_description":"Gliwickie obchody Narodowego \u015awi\u0119ta Niepodleg\u0142o\u015bci rozpoczn\u0105 si\u0119 msz\u0105 w katedrze, po kt\u00f3rej zaplanowano przemarsz i z\u0142o\u017cenie wie\u0144c\u00f3w","og_url":"https:\/\/www.24gliwice.pl\/wiadomosci\/obchody-swieta-niepodleglosci-w-gliwicach-przemarsz-zlozenie-wiencow-koncert-i-przeglad-filmow\/","og_site_name":"24GLIWICE - Portal Gliwice | codziennie nowe informacje","article_publisher":"https:\/\/www.facebook.com\/24gliwice","article_published_time":"2023-11-08T23:15:45+00:00","article_modified_time":"2023-11-12T00:00:11+00:00","og_image":[{"width":810,"height":457,"url":"https:\/\/www.24gliwice.pl\/wiadomosci\/wp-content\/uploads\/2023\/11\/11-listopada-d-nita-garbiec.jpg","type":"image\/jpeg"}],"author":"\u017baneta Mrozek-Siewierska","twitter_card":"summary_large_image","twitter_creator":"@24gliwice","twitter_site":"@24gliwice","twitter_misc":{"Napisane przez":"\u017baneta Mrozek-Siewierska","Szacowany czas czytania":"2 minuty"},"schema":{"@context":"https:\/\/schema.org","@graph":[{"@type":"Article","@id":"https:\/\/www.24gliwice.pl\/wiadomosci\/obchody-swieta-niepodleglosci-w-gliwicach-przemarsz-zlozenie-wiencow-koncert-i-przeglad-filmow\/#article","isPartOf":{"@id":"https:\/\/www.24gliwice.pl\/wiadomosci\/obchody-swieta-niepodleglosci-w-gliwicach-przemarsz-zlozenie-wiencow-koncert-i-przeglad-filmow\/"},"author":{"name":"\u017baneta Mrozek-Siewierska","@id":"https:\/\/www.24gliwice.pl\/wiadomosci\/#\/schema\/person\/e42c650edd7f2fa332be3811fb166b6e"},"headline":"Obchody \u015awi\u0119ta Niepodleg\u0142o\u015bci w Gliwicach. Przemarsz, z\u0142o\u017cenie wie\u0144c\u00f3w, koncert i przegl\u0105d film\u00f3w","datePublished":"2023-11-08T23:15:45+00:00","dateModified":"2023-11-12T00:00:11+00:00","mainEntityOfPage":{"@id":"https:\/\/www.24gliwice.pl\/wiadomosci\/obchody-swieta-niepodleglosci-w-gliwicach-przemarsz-zlozenie-wiencow-koncert-i-przeglad-filmow\/"},"wordCount":318,"commentCount":0,"publisher":{"@id":"https:\/\/www.24gliwice.pl\/wiadomosci\/#organization"},"image":{"@id":"https:\/\/www.24gliwice.pl\/wiadomosci\/obchody-swieta-niepodleglosci-w-gliwicach-przemarsz-zlozenie-wiencow-koncert-i-przeglad-filmow\/#primaryimage"},"thumbnailUrl":"https:\/\/www.24gliwice.pl\/wiadomosci\/wp-content\/uploads\/2023\/11\/11-listopada-d-nita-garbiec.jpg","keywords":["11 LISTOPADA"],"articleSection":["Gliwice","Kultura, wydarzenia, imprezy","Najnowsze wiadomo\u015bci"],"inLanguage":"pl-PL","potentialAction":[{"@type":"CommentAction","name":"Comment","target":["https:\/\/www.24gliwice.pl\/wiadomosci\/obchody-swieta-niepodleglosci-w-gliwicach-przemarsz-zlozenie-wiencow-koncert-i-przeglad-filmow\/#respond"]}]},{"@type":"WebPage","@id":"https:\/\/www.24gliwice.pl\/wiadomosci\/obchody-swieta-niepodleglosci-w-gliwicach-przemarsz-zlozenie-wiencow-koncert-i-przeglad-filmow\/","url":"https:\/\/www.24gliwice.pl\/wiadomosci\/obchody-swieta-niepodleglosci-w-gliwicach-przemarsz-zlozenie-wiencow-koncert-i-przeglad-filmow\/","name":"Obchody \u015awi\u0119ta Niepodleg\u0142o\u015bci w Gliwicach. Przemarsz, z\u0142o\u017cenie wie\u0144c\u00f3w, koncert i przegl\u0105d film\u00f3w - 24GLIWICE - Portal Gliwice | codziennie nowe informacje","isPartOf":{"@id":"https:\/\/www.24gliwice.pl\/wiadomosci\/#website"},"primaryImageOfPage":{"@id":"https:\/\/www.24gliwice.pl\/wiadomosci\/obchody-swieta-niepodleglosci-w-gliwicach-przemarsz-zlozenie-wiencow-koncert-i-przeglad-filmow\/#primaryimage"},"image":{"@id":"https:\/\/www.24gliwice.pl\/wiadomosci\/obchody-swieta-niepodleglosci-w-gliwicach-przemarsz-zlozenie-wiencow-koncert-i-przeglad-filmow\/#primaryimage"},"thumbnailUrl":"https:\/\/www.24gliwice.pl\/wiadomosci\/wp-content\/uploads\/2023\/11\/11-listopada-d-nita-garbiec.jpg","datePublished":"2023-11-08T23:15:45+00:00","dateModified":"2023-11-12T00:00:11+00:00","description":"Gliwickie obchody Narodowego \u015awi\u0119ta Niepodleg\u0142o\u015bci rozpoczn\u0105 si\u0119 msz\u0105 w katedrze, po kt\u00f3rej zaplanowano przemarsz i z\u0142o\u017cenie wie\u0144c\u00f3w","breadcrumb":{"@id":"https:\/\/www.24gliwice.pl\/wiadomosci\/obchody-swieta-niepodleglosci-w-gliwicach-przemarsz-zlozenie-wiencow-koncert-i-przeglad-filmow\/#breadcrumb"},"inLanguage":"pl-PL","potentialAction":[{"@type":"ReadAction","target":["https:\/\/www.24gliwice.pl\/wiadomosci\/obchody-swieta-niepodleglosci-w-gliwicach-przemarsz-zlozenie-wiencow-koncert-i-przeglad-filmow\/"]}]},{"@type":"ImageObject","inLanguage":"pl-PL","@id":"https:\/\/www.24gliwice.pl\/wiadomosci\/obchody-swieta-niepodleglosci-w-gliwicach-przemarsz-zlozenie-wiencow-koncert-i-przeglad-filmow\/#primaryimage","url":"https:\/\/www.24gliwice.pl\/wiadomosci\/wp-content\/uploads\/2023\/11\/11-listopada-d-nita-garbiec.jpg","contentUrl":"https:\/\/www.24gliwice.pl\/wiadomosci\/wp-content\/uploads\/2023\/11\/11-listopada-d-nita-garbiec.jpg","width":810,"height":457},{"@type":"BreadcrumbList","@id":"https:\/\/www.24gliwice.pl\/wiadomosci\/obchody-swieta-niepodleglosci-w-gliwicach-przemarsz-zlozenie-wiencow-koncert-i-przeglad-filmow\/#breadcrumb","itemListElement":[{"@type":"ListItem","position":1,"name":"Strona g\u0142\u00f3wna","item":"https:\/\/www.24gliwice.pl\/wiadomosci\/"},{"@type":"ListItem","position":2,"name":"Obchody \u015awi\u0119ta Niepodleg\u0142o\u015bci w Gliwicach. Przemarsz, z\u0142o\u017cenie wie\u0144c\u00f3w, koncert i przegl\u0105d film\u00f3w"}]},{"@type":"WebSite","@id":"https:\/\/www.24gliwice.pl\/wiadomosci\/#website","url":"https:\/\/www.24gliwice.pl\/wiadomosci\/","name":"24GLIWICE - Portal Gliwice | codziennie nowe wiadomo\u015bci","description":"Portal Miejski Gliwice","publisher":{"@id":"https:\/\/www.24gliwice.pl\/wiadomosci\/#organization"},"potentialAction":[{"@type":"SearchAction","target":{"@type":"EntryPoint","urlTemplate":"https:\/\/www.24gliwice.pl\/wiadomosci\/?s={search_term_string}"},"query-input":{"@type":"PropertyValueSpecification","valueRequired":true,"valueName":"search_term_string"}}],"inLanguage":"pl-PL"},{"@type":"Organization","@id":"https:\/\/www.24gliwice.pl\/wiadomosci\/#organization","name":"24gliwice","url":"https:\/\/www.24gliwice.pl\/wiadomosci\/","logo":{"@type":"ImageObject","inLanguage":"pl-PL","@id":"https:\/\/www.24gliwice.pl\/wiadomosci\/#\/schema\/logo\/image\/","url":"https:\/\/www.24gliwice.pl\/wiadomosci\/wp-content\/uploads\/2024\/10\/24gliwice-logo-696.jpg","contentUrl":"https:\/\/www.24gliwice.pl\/wiadomosci\/wp-content\/uploads\/2024\/10\/24gliwice-logo-696.jpg","width":696,"height":696,"caption":"24gliwice"},"image":{"@id":"https:\/\/www.24gliwice.pl\/wiadomosci\/#\/schema\/logo\/image\/"},"sameAs":["https:\/\/www.facebook.com\/24gliwice","https:\/\/x.com\/24gliwice","https:\/\/www.youtube.com\/@24gliwice"]},{"@type":"Person","@id":"https:\/\/www.24gliwice.pl\/wiadomosci\/#\/schema\/person\/e42c650edd7f2fa332be3811fb166b6e","name":"\u017baneta Mrozek-Siewierska","image":{"@type":"ImageObject","inLanguage":"pl-PL","@id":"https:\/\/secure.gravatar.com\/avatar\/1881429e9c64597c77ad7aef2d0a19be69a3253e57534d16aa15bf3a4d34a0a3?s=96&d=mm&r=g","url":"https:\/\/secure.gravatar.com\/avatar\/1881429e9c64597c77ad7aef2d0a19be69a3253e57534d16aa15bf3a4d34a0a3?s=96&d=mm&r=g","contentUrl":"https:\/\/secure.gravatar.com\/avatar\/1881429e9c64597c77ad7aef2d0a19be69a3253e57534d16aa15bf3a4d34a0a3?s=96&d=mm&r=g","caption":"\u017baneta Mrozek-Siewierska"},"url":"https:\/\/www.24gliwice.pl\/wiadomosci\/author\/zms\/"}]}},"_links":{"self":[{"href":"https:\/\/www.24gliwice.pl\/wiadomosci\/wp-json\/wp\/v2\/posts\/224897","targetHints":{"allow":["GET"]}}],"collection":[{"href":"https:\/\/www.24gliwice.pl\/wiadomosci\/wp-json\/wp\/v2\/posts"}],"about":[{"href":"https:\/\/www.24gliwice.pl\/wiadomosci\/wp-json\/wp\/v2\/types\/post"}],"author":[{"embeddable":true,"href":"https:\/\/www.24gliwice.pl\/wiadomosci\/wp-json\/wp\/v2\/users\/15"}],"replies":[{"embeddable":true,"href":"https:\/\/www.24gliwice.pl\/wiadomosci\/wp-json\/wp\/v2\/comments?post=224897"}],"version-history":[{"count":0,"href":"https:\/\/www.24gliwice.pl\/wiadomosci\/wp-json\/wp\/v2\/posts\/224897\/revisions"}],"wp:featuredmedia":[{"embeddable":true,"href":"https:\/\/www.24gliwice.pl\/wiadomosci\/wp-json\/wp\/v2\/media\/224898"}],"wp:attachment":[{"href":"https:\/\/www.24gliwice.pl\/wiadomosci\/wp-json\/wp\/v2\/media?parent=224897"}],"wp:term":[{"taxonomy":"category","embeddable":true,"href":"https:\/\/www.24gliwice.pl\/wiadomosci\/wp-json\/wp\/v2\/categories?post=224897"},{"taxonomy":"post_tag","embeddable":true,"href":"https:\/\/www.24gliwice.pl\/wiadomosci\/wp-json\/wp\/v2\/tags?post=224897"}],"curies":[{"name":"wp","href":"https:\/\/api.w.org\/{rel}","templated":true}]}}