{"id":225377,"date":"2023-11-13T13:46:56","date_gmt":"2023-11-13T12:46:56","guid":{"rendered":"https:\/\/www.24gliwice.pl\/wiadomosci\/?p=225377"},"modified":"2023-11-13T13:46:56","modified_gmt":"2023-11-13T12:46:56","slug":"autonomiczny-pojazd-rozpoczal-testy-wizyta-drogowki-pytania-o-dodatkowe-zabezpieczenia-i-kontrola-oznakowania","status":"publish","type":"post","link":"https:\/\/www.24gliwice.pl\/wiadomosci\/autonomiczny-pojazd-rozpoczal-testy-wizyta-drogowki-pytania-o-dodatkowe-zabezpieczenia-i-kontrola-oznakowania\/","title":{"rendered":"Autonomiczny pojazd rozpocz\u0105\u0142 testy. Wizyta drog\u00f3wki, pytania o dodatkowe zabezpieczenia i kontrola oznakowania"},"content":{"rendered":"<div class=\"gliwi-a6-nad-leadem-artykulow gliwi-entity-placement\" id=\"gliwi-1777274482\"><div class=\"gliwi-adlabel\"><span style=\"font-size: 9px\">REKLAMA<\/span><\/div><div id=\"gliwi-2442792897\" style=\"margin-bottom: 30px;margin-left: auto;margin-right: auto;text-align: center;\"><a data-no-instant=\"1\" href=\"https:\/\/przedszkole.halogen.org.pl\/\" rel=\"noopener\" class=\"a2t-link\" target=\"_blank\" aria-label=\"20260402-ANIMATOR-przedszkole_grafika_750x200\"><img loading=\"lazy\" decoding=\"async\" src=\"https:\/\/www.24gliwice.pl\/wiadomosci\/wp-content\/uploads\/2026\/04\/20260402-ANIMATOR-przedszkole_grafika_750x200.webp\" alt=\"\"  srcset=\"https:\/\/www.24gliwice.pl\/wiadomosci\/wp-content\/uploads\/2026\/04\/20260402-ANIMATOR-przedszkole_grafika_750x200.webp 750w, https:\/\/www.24gliwice.pl\/wiadomosci\/wp-content\/uploads\/2026\/04\/20260402-ANIMATOR-przedszkole_grafika_750x200-410x109.webp 410w\" sizes=\"(max-width: 750px) 100vw, 750px\" class=\"no-lazyload\" width=\"750\" height=\"200\"  style=\"display: inline-block; max-width: 100%; height: auto;\" \/><\/a><\/div><\/div><p><iframe loading=\"lazy\" width=\"810\" height=\"456\" src=\"https:\/\/www.youtube.com\/embed\/--PDscl0nF8?si=IpdcsggBYDEmoTks\" title=\"YouTube video player\" frameborder=\"0\" allow=\"accelerometer; autoplay; clipboard-write; encrypted-media; gyroscope; picture-in-picture; web-share\" allowfullscreen><\/iframe><\/p>\n<h2>W miasteczku Politechniki \u015al\u0105skiej rozpocz\u0119\u0142y si\u0119 testy autonomicznego pojazdu BLEES. Na razie bez pasa\u017cer\u00f3w &#8211; do ko\u0144ca tygodnia przejazdy b\u0119d\u0105 realizowane tylko w obecno\u015bci operatora. P\u00f3\u017aniej maj\u0105 zacz\u0105\u0107 si\u0119 kursy z zainteresowanymi udzia\u0142em osobami.<\/h2>\n<p>&nbsp;<br \/>\nOko\u0142o godziny 11:00 na miejscu zjawili si\u0119 policjanci z wydzia\u0142u ruchu drogowego. Wizyta mia\u0142a na celu przede wszystkim kontrol\u0119 prawid\u0142owo\u015bci oznakowania, ale mundurowi weszli tak\u017ce do \u015brodka minibusa, gdzie dopytali, jak w fazie test\u00f3w b\u0119d\u0105 realizowane dodatkowe poziomy zabezpiecze\u0144. <\/p>\n<p><a href=\"https:\/\/www.24gliwice.pl\/wiadomosci\/wp-content\/uploads\/2023\/11\/blees-policja.jpg\"><img loading=\"lazy\" decoding=\"async\" src=\"https:\/\/www.24gliwice.pl\/wiadomosci\/wp-content\/uploads\/2023\/11\/blees-policja.jpg\" alt=\"\" width=\"810\" height=\"456\" class=\"alignnone size-full wp-image-225387\" srcset=\"https:\/\/www.24gliwice.pl\/wiadomosci\/wp-content\/uploads\/2023\/11\/blees-policja.jpg 810w, https:\/\/www.24gliwice.pl\/wiadomosci\/wp-content\/uploads\/2023\/11\/blees-policja-410x232.jpg 410w, https:\/\/www.24gliwice.pl\/wiadomosci\/wp-content\/uploads\/2023\/11\/blees-policja-808x455.jpg 808w, https:\/\/www.24gliwice.pl\/wiadomosci\/wp-content\/uploads\/2023\/11\/blees-policja-768x432.jpg 768w\" sizes=\"auto, (max-width: 810px) 100vw, 810px\" \/><\/a><\/p>\n<p>&#8211; Opr\u00f3cz tych zaimplementowanych systemowi automatycznego kierowania algorytm\u00f3w, powinien naszym zdaniem by\u0107 dodatkowy stopie\u0144 i s\u0105! Jest bardzo dobrze &#8211; komentuje podinspektor <strong>Marek S\u0142omski<\/strong>, oficer prasowy KMP Gliwice. <\/p><div class=\"gliwi-a3-w-tresci-artykulow gliwi-entity-placement\" id=\"gliwi-2689607534\"><div class=\"gliwi-adlabel\"><span style=\"font-size: 9px\">REKLAMA<\/span><\/div><div id=\"gliwi-683824860\" style=\"margin-bottom: 30px;margin-left: auto;margin-right: auto;text-align: center;\"><a data-no-instant=\"1\" href=\"https:\/\/ogrodyandersa.pl\/\" rel=\"noopener\" class=\"a2t-link\" target=\"_blank\" aria-label=\"20260415 Ogrody Andersa KUP TERAZ D\"><img loading=\"lazy\" decoding=\"async\" src=\"https:\/\/www.24gliwice.pl\/wiadomosci\/wp-content\/uploads\/2026\/04\/20260415-Ogrody-Andersa-KUP-TERAZ-D.jpg\" alt=\"\"  srcset=\"https:\/\/www.24gliwice.pl\/wiadomosci\/wp-content\/uploads\/2026\/04\/20260415-Ogrody-Andersa-KUP-TERAZ-D.jpg 750w, https:\/\/www.24gliwice.pl\/wiadomosci\/wp-content\/uploads\/2026\/04\/20260415-Ogrody-Andersa-KUP-TERAZ-D-410x109.jpg 410w\" sizes=\"(max-width: 750px) 100vw, 750px\" class=\"no-lazyload\" width=\"750\" height=\"200\"  style=\"display: inline-block; max-width: 100%; height: auto;\" \/><\/a><\/div><\/div>\n<h4>Uwaga na Akademickiej. Przejazdy realizowane b\u0119d\u0105 co 15 minut<\/h4>\n<p><a href=\"https:\/\/www.24gliwice.pl\/wiadomosci\/wp-content\/uploads\/2023\/11\/blees-oznakowanie2.jpg\"><img loading=\"lazy\" decoding=\"async\" src=\"https:\/\/www.24gliwice.pl\/wiadomosci\/wp-content\/uploads\/2023\/11\/blees-oznakowanie2.jpg\" alt=\"\" width=\"810\" height=\"456\" class=\"alignnone size-full wp-image-225386\" srcset=\"https:\/\/www.24gliwice.pl\/wiadomosci\/wp-content\/uploads\/2023\/11\/blees-oznakowanie2.jpg 810w, https:\/\/www.24gliwice.pl\/wiadomosci\/wp-content\/uploads\/2023\/11\/blees-oznakowanie2-410x232.jpg 410w, https:\/\/www.24gliwice.pl\/wiadomosci\/wp-content\/uploads\/2023\/11\/blees-oznakowanie2-808x455.jpg 808w, https:\/\/www.24gliwice.pl\/wiadomosci\/wp-content\/uploads\/2023\/11\/blees-oznakowanie2-768x432.jpg 768w\" sizes=\"auto, (max-width: 810px) 100vw, 810px\" \/><\/a><\/p>\n<p>Na zamkni\u0119tej dla ruchu ulicy Akademickiej co kilkadziesi\u0105t metr\u00f3w ustawiono oznakowanie ostrzegawcze z informacj\u0105 o prezentacji minibusa i pro\u015bb\u0105 o zachowanie ostro\u017cno\u015bci. Trasa prowadzi od Rektoratu (przystanek PoliBlees), przez Wydzia\u0142 Elektryczny (Skrzy\u017cowanie Tysi\u0105ca Mo\u017cliwo\u015bci), po Wydzia\u0142 Automatyki, Elektroniki i Informatyki Politechniki \u015al\u0105skiej (Wie\u017ca Mag\u00f3w). Nazwy przystank\u00f3w zosta\u0142y wy\u0142onione w konkursie zorganizowanym przez Politechnik\u0119 \u015al\u0105sk\u0105.<\/p>\n<h4>Przejazd BB-1 odbywa si\u0119 regularnie w dni robocze, w dw\u00f3ch kierunkach. Kursy maj\u0105 odbywa\u0107 si\u0119 co 15 minut mi\u0119dzy godzinami 9:00 a 14:45, z godzinn\u0105 przerw\u0105 mi\u0119dzy 12:00 a 13:00.<\/h4>\n<p>Autonomiczny minibus Blees BB-1 jest innowacyjnym \u015brodkiem transportu wyposa\u017conym w szereg element\u00f3w maj\u0105cych zapewnia\u0107 komfort i bezpiecze\u0144stwo. Pojazd ma oko\u0142o 5 m d\u0142ugo\u015bci i wa\u017cy blisko 3 tony. Jest wyposa\u017cony w bateri\u0119 o pojemno\u015bci 58 kWh, kt\u00f3rej czas \u0142adowania do 80% z \u0142adowarki plug-in wynosi ok. 30 minut.<\/p>\n<p><a href=\"https:\/\/www.24gliwice.pl\/wiadomosci\/wp-content\/uploads\/2023\/11\/blees-przystanek-szkrzyzowanie.jpg\"><img loading=\"lazy\" decoding=\"async\" src=\"https:\/\/www.24gliwice.pl\/wiadomosci\/wp-content\/uploads\/2023\/11\/blees-przystanek-szkrzyzowanie.jpg\" alt=\"\" width=\"810\" height=\"456\" class=\"alignnone size-full wp-image-225388\" srcset=\"https:\/\/www.24gliwice.pl\/wiadomosci\/wp-content\/uploads\/2023\/11\/blees-przystanek-szkrzyzowanie.jpg 810w, https:\/\/www.24gliwice.pl\/wiadomosci\/wp-content\/uploads\/2023\/11\/blees-przystanek-szkrzyzowanie-410x232.jpg 410w, https:\/\/www.24gliwice.pl\/wiadomosci\/wp-content\/uploads\/2023\/11\/blees-przystanek-szkrzyzowanie-808x455.jpg 808w, https:\/\/www.24gliwice.pl\/wiadomosci\/wp-content\/uploads\/2023\/11\/blees-przystanek-szkrzyzowanie-768x432.jpg 768w\" sizes=\"auto, (max-width: 810px) 100vw, 810px\" \/><\/a><\/p>\n<p><a href=\"https:\/\/www.24gliwice.pl\/wiadomosci\/wp-content\/uploads\/2023\/11\/blees-oznakowanie.jpg\"><img loading=\"lazy\" decoding=\"async\" src=\"https:\/\/www.24gliwice.pl\/wiadomosci\/wp-content\/uploads\/2023\/11\/blees-oznakowanie.jpg\" alt=\"\" width=\"810\" height=\"456\" class=\"alignnone size-full wp-image-225385\" srcset=\"https:\/\/www.24gliwice.pl\/wiadomosci\/wp-content\/uploads\/2023\/11\/blees-oznakowanie.jpg 810w, https:\/\/www.24gliwice.pl\/wiadomosci\/wp-content\/uploads\/2023\/11\/blees-oznakowanie-410x232.jpg 410w, https:\/\/www.24gliwice.pl\/wiadomosci\/wp-content\/uploads\/2023\/11\/blees-oznakowanie-808x455.jpg 808w, https:\/\/www.24gliwice.pl\/wiadomosci\/wp-content\/uploads\/2023\/11\/blees-oznakowanie-768x432.jpg 768w\" sizes=\"auto, (max-width: 810px) 100vw, 810px\" \/><\/a><\/p>\n<p>Na pok\u0142adzie znajduje si\u0119 operator lokalny, kt\u00f3ry monitoruje przebieg test\u00f3w oraz mo\u017ce przej\u0105\u0107 manualn\u0105 kontrol\u0119 nad pojazdem. Pojazd korzysta z map w wysokiej rozdzielczo\u015bci przygotowanych do jazdy autonomicznej, kt\u00f3re dostarczaj\u0105 precyzyjnych informacji o lokalizacji i obszarze przejazdu minibusa.<\/p>\n<p>Wszystkie manewry monitorowane s\u0105 przez modu\u0142 nadzoru, kt\u00f3rego zadaniem jest ci\u0105g\u0142e utrzymywanie bezpiecze\u0144stwa pojazdu. Pojazd autonomiczny Blees BB-1 porusza si\u0119 z zadan\u0105 pr\u0119dko\u015bci\u0105, kt\u00f3ra powinna zapewnia\u0107 bezpiecze\u0144stwo przejazdu na trasie test\u00f3w. <\/p>\n<h4>System autonomii stale dostosowuje r\u00f3\u017cne parametry, takie jak pr\u0119dko\u015b\u0107, przyspieszenie, zwalnianie i od\u015brodkowe przyspieszenie. Wszystko to, aby zapewni\u0107 pasa\u017cerom wygod\u0119.<\/h4>\n<p>Pojazd jest wyposa\u017cony w szereg czujnik\u00f3w obejmuj\u0105cych ca\u0142y obszar wok\u00f3\u0142 pojazdu. W ten spos\u00f3b zapewniaj\u0105 jego lepsz\u0105 orientacj\u0119 w terenie oraz w bie\u017c\u0105cej sytuacji na drodze. <\/p>\n<p><a href=\"https:\/\/www.24gliwice.pl\/wiadomosci\/wp-content\/uploads\/2023\/11\/blees-przystanek-wydzial-aeii.jpg\"><img loading=\"lazy\" decoding=\"async\" src=\"https:\/\/www.24gliwice.pl\/wiadomosci\/wp-content\/uploads\/2023\/11\/blees-przystanek-wydzial-aeii.jpg\" alt=\"\" width=\"810\" height=\"456\" class=\"alignnone size-full wp-image-225389\" srcset=\"https:\/\/www.24gliwice.pl\/wiadomosci\/wp-content\/uploads\/2023\/11\/blees-przystanek-wydzial-aeii.jpg 810w, https:\/\/www.24gliwice.pl\/wiadomosci\/wp-content\/uploads\/2023\/11\/blees-przystanek-wydzial-aeii-410x232.jpg 410w, https:\/\/www.24gliwice.pl\/wiadomosci\/wp-content\/uploads\/2023\/11\/blees-przystanek-wydzial-aeii-808x455.jpg 808w, https:\/\/www.24gliwice.pl\/wiadomosci\/wp-content\/uploads\/2023\/11\/blees-przystanek-wydzial-aeii-768x432.jpg 768w\" sizes=\"auto, (max-width: 810px) 100vw, 810px\" \/><\/a><\/p>\n<p>&#8211; <em>Testy Blees BB-1 w Gliwicach to wa\u017cny krok na drodze do wprowadzenia autonomicznych minibus\u00f3w w komunikacji zbiorowej. W przysz\u0142o\u015bci tego typu pojazdy b\u0119d\u0105 uzupe\u0142nieniem transportu publicznego, realizuj\u0105c przewozy na obszarach, gdzie obecnie jest to niemo\u017cliwe lub nieefektywne. W ten spos\u00f3b zwi\u0119kszy si\u0119 dost\u0119pno\u015b\u0107 komunikacji publicznej dla wszystkich mieszka\u0144c\u00f3w<\/em> &#8211; informuje miasto.<\/p>\n<p>(\u017cms), UM Gliwice<\/p>\n<div class=\"gliwi-a5-na-koncu-artykulow gliwi-entity-placement\" id=\"gliwi-2447660215\"><div class=\"gliwi-adlabel\"><span style=\"font-size: 9px\">REKLAMA<\/span><\/div><div id=\"gliwi-3534723720\" style=\"margin-left: auto;margin-right: auto;text-align: center;\"><a data-no-instant=\"1\" href=\"https:\/\/prezeroarenagliwice.pl\/\" rel=\"noopener\" class=\"a2t-link\" target=\"_blank\" aria-label=\"20260309-PREZERO-WIOSNA-D\"><img loading=\"lazy\" decoding=\"async\" src=\"https:\/\/www.24gliwice.pl\/wiadomosci\/wp-content\/uploads\/2026\/03\/20260309-PREZERO-WIOSNA-D.webp\" alt=\"\"  srcset=\"https:\/\/www.24gliwice.pl\/wiadomosci\/wp-content\/uploads\/2026\/03\/20260309-PREZERO-WIOSNA-D.webp 750w, https:\/\/www.24gliwice.pl\/wiadomosci\/wp-content\/uploads\/2026\/03\/20260309-PREZERO-WIOSNA-D-410x109.webp 410w\" sizes=\"(max-width: 750px) 100vw, 750px\" class=\"no-lazyload\" width=\"750\" height=\"200\"  style=\"display: inline-block; max-width: 100%; height: auto;\" \/><\/a><\/div><\/div>","protected":false},"excerpt":{"rendered":"<p>W miasteczku Politechniki \u015al\u0105skiej rozpocz\u0119\u0142y si\u0119 testy autonomicznego pojazdu BLEES. Na razie bez pasa\u017cer\u00f3w &#8211; do ko\u0144ca tygodnia przejazdy b\u0119d\u0105 realizowane tylko w obecno\u015bci operatora. P\u00f3\u017aniej maj\u0105 zacz\u0105\u0107 si\u0119 kursy z zainteresowanymi udzia\u0142em osobami. &nbsp; Oko\u0142o godziny 11:00 na miejscu zjawili si\u0119 policjanci z wydzia\u0142u ruchu drogowego. Wizyta mia\u0142a na celu przede wszystkim kontrol\u0119 prawid\u0142owo\u015bci [&hellip;]<\/p>\n","protected":false},"author":15,"featured_media":225384,"comment_status":"open","ping_status":"closed","sticky":false,"template":"","format":"video","meta":{"_monsterinsights_skip_tracking":false,"_monsterinsights_sitenote_active":false,"_monsterinsights_sitenote_note":"","_monsterinsights_sitenote_category":0,"footnotes":"","_links_to":"","_links_to_target":""},"categories":[3,1,9,4],"tags":[21730],"class_list":["post-225377","post","type-post","status-publish","format-video","has-post-thumbnail","hentry","category-gliwice","category-wszystko","category-aktualnosci_lokalne","category-telewizja-gliwice","tag-blees","post_format-post-format-video"],"yoast_head":"<!-- This site is optimized with the Yoast SEO plugin v27.5 - https:\/\/yoast.com\/product\/yoast-seo-wordpress\/ -->\n<title>Autonomiczny pojazd rozpocz\u0105\u0142 testy. Wizyta drog\u00f3wki, pytania o dodatkowe zabezpieczenia i kontrola oznakowania - 24GLIWICE - Portal Gliwice | codziennie nowe informacje<\/title>\n<meta name=\"description\" content=\"Rozpocz\u0119\u0142y si\u0119 testy autonomicznego pojazdu Blees. Na pocz\u0105tek na miejscu zjawi\u0142a si\u0119 drog\u00f3wka. Przejazdy odbywaj\u0105 si\u0119 co 15 minut\" \/>\n<meta name=\"robots\" content=\"index, follow, max-snippet:-1, max-image-preview:large, max-video-preview:-1\" \/>\n<link rel=\"canonical\" href=\"https:\/\/www.24gliwice.pl\/wiadomosci\/autonomiczny-pojazd-rozpoczal-testy-wizyta-drogowki-pytania-o-dodatkowe-zabezpieczenia-i-kontrola-oznakowania\/\" \/>\n<meta property=\"og:locale\" content=\"pl_PL\" \/>\n<meta property=\"og:type\" content=\"article\" \/>\n<meta property=\"og:title\" content=\"Autonomiczny pojazd rozpocz\u0105\u0142 testy. Wizyta drog\u00f3wki, pytania o dodatkowe zabezpieczenia i kontrola oznakowania - 24GLIWICE - Portal Gliwice | codziennie nowe informacje\" \/>\n<meta property=\"og:description\" content=\"Rozpocz\u0119\u0142y si\u0119 testy autonomicznego pojazdu Blees. Na pocz\u0105tek na miejscu zjawi\u0142a si\u0119 drog\u00f3wka. Przejazdy odbywaj\u0105 si\u0119 co 15 minut\" \/>\n<meta property=\"og:url\" content=\"https:\/\/www.24gliwice.pl\/wiadomosci\/autonomiczny-pojazd-rozpoczal-testy-wizyta-drogowki-pytania-o-dodatkowe-zabezpieczenia-i-kontrola-oznakowania\/\" \/>\n<meta property=\"og:site_name\" content=\"24GLIWICE - Portal Gliwice | codziennie nowe informacje\" \/>\n<meta property=\"article:publisher\" content=\"https:\/\/www.facebook.com\/24gliwice\" \/>\n<meta property=\"article:published_time\" content=\"2023-11-13T12:46:56+00:00\" \/>\n<meta property=\"og:image\" content=\"https:\/\/www.24gliwice.pl\/wiadomosci\/wp-content\/uploads\/2023\/11\/blees-autonomiczny-pojazd-13-listopada.jpg\" \/>\n\t<meta property=\"og:image:width\" content=\"810\" \/>\n\t<meta property=\"og:image:height\" content=\"456\" \/>\n\t<meta property=\"og:image:type\" content=\"image\/jpeg\" \/>\n<meta name=\"author\" content=\"\u017baneta Mrozek-Siewierska\" \/>\n<meta name=\"twitter:card\" content=\"summary_large_image\" \/>\n<meta name=\"twitter:creator\" content=\"@24gliwice\" \/>\n<meta name=\"twitter:site\" content=\"@24gliwice\" \/>\n<meta name=\"twitter:label1\" content=\"Napisane przez\" \/>\n\t<meta name=\"twitter:data1\" content=\"\u017baneta Mrozek-Siewierska\" \/>\n\t<meta name=\"twitter:label2\" content=\"Szacowany czas czytania\" \/>\n\t<meta name=\"twitter:data2\" content=\"4 minuty\" \/>\n<script type=\"application\/ld+json\" class=\"yoast-schema-graph\">{\"@context\":\"https:\\\/\\\/schema.org\",\"@graph\":[{\"@type\":\"Article\",\"@id\":\"https:\\\/\\\/www.24gliwice.pl\\\/wiadomosci\\\/autonomiczny-pojazd-rozpoczal-testy-wizyta-drogowki-pytania-o-dodatkowe-zabezpieczenia-i-kontrola-oznakowania\\\/#article\",\"isPartOf\":{\"@id\":\"https:\\\/\\\/www.24gliwice.pl\\\/wiadomosci\\\/autonomiczny-pojazd-rozpoczal-testy-wizyta-drogowki-pytania-o-dodatkowe-zabezpieczenia-i-kontrola-oznakowania\\\/\"},\"author\":{\"name\":\"\u017baneta Mrozek-Siewierska\",\"@id\":\"https:\\\/\\\/www.24gliwice.pl\\\/wiadomosci\\\/#\\\/schema\\\/person\\\/e42c650edd7f2fa332be3811fb166b6e\"},\"headline\":\"Autonomiczny pojazd rozpocz\u0105\u0142 testy. Wizyta drog\u00f3wki, pytania o dodatkowe zabezpieczenia i kontrola oznakowania\",\"datePublished\":\"2023-11-13T12:46:56+00:00\",\"mainEntityOfPage\":{\"@id\":\"https:\\\/\\\/www.24gliwice.pl\\\/wiadomosci\\\/autonomiczny-pojazd-rozpoczal-testy-wizyta-drogowki-pytania-o-dodatkowe-zabezpieczenia-i-kontrola-oznakowania\\\/\"},\"wordCount\":505,\"commentCount\":0,\"publisher\":{\"@id\":\"https:\\\/\\\/www.24gliwice.pl\\\/wiadomosci\\\/#organization\"},\"image\":{\"@id\":\"https:\\\/\\\/www.24gliwice.pl\\\/wiadomosci\\\/autonomiczny-pojazd-rozpoczal-testy-wizyta-drogowki-pytania-o-dodatkowe-zabezpieczenia-i-kontrola-oznakowania\\\/#primaryimage\"},\"thumbnailUrl\":\"https:\\\/\\\/www.24gliwice.pl\\\/wiadomosci\\\/wp-content\\\/uploads\\\/2023\\\/11\\\/blees-autonomiczny-pojazd-13-listopada.jpg\",\"keywords\":[\"blees\"],\"articleSection\":[\"Gliwice\",\"Najnowsze wiadomo\u015bci\",\"Portal Gliwice - Wiadomo\u015bci lokalne\",\"Telewizja, materia\u0142y wideo\"],\"inLanguage\":\"pl-PL\",\"potentialAction\":[{\"@type\":\"CommentAction\",\"name\":\"Comment\",\"target\":[\"https:\\\/\\\/www.24gliwice.pl\\\/wiadomosci\\\/autonomiczny-pojazd-rozpoczal-testy-wizyta-drogowki-pytania-o-dodatkowe-zabezpieczenia-i-kontrola-oznakowania\\\/#respond\"]}]},{\"@type\":\"WebPage\",\"@id\":\"https:\\\/\\\/www.24gliwice.pl\\\/wiadomosci\\\/autonomiczny-pojazd-rozpoczal-testy-wizyta-drogowki-pytania-o-dodatkowe-zabezpieczenia-i-kontrola-oznakowania\\\/\",\"url\":\"https:\\\/\\\/www.24gliwice.pl\\\/wiadomosci\\\/autonomiczny-pojazd-rozpoczal-testy-wizyta-drogowki-pytania-o-dodatkowe-zabezpieczenia-i-kontrola-oznakowania\\\/\",\"name\":\"Autonomiczny pojazd rozpocz\u0105\u0142 testy. Wizyta drog\u00f3wki, pytania o dodatkowe zabezpieczenia i kontrola oznakowania - 24GLIWICE - Portal Gliwice | codziennie nowe informacje\",\"isPartOf\":{\"@id\":\"https:\\\/\\\/www.24gliwice.pl\\\/wiadomosci\\\/#website\"},\"primaryImageOfPage\":{\"@id\":\"https:\\\/\\\/www.24gliwice.pl\\\/wiadomosci\\\/autonomiczny-pojazd-rozpoczal-testy-wizyta-drogowki-pytania-o-dodatkowe-zabezpieczenia-i-kontrola-oznakowania\\\/#primaryimage\"},\"image\":{\"@id\":\"https:\\\/\\\/www.24gliwice.pl\\\/wiadomosci\\\/autonomiczny-pojazd-rozpoczal-testy-wizyta-drogowki-pytania-o-dodatkowe-zabezpieczenia-i-kontrola-oznakowania\\\/#primaryimage\"},\"thumbnailUrl\":\"https:\\\/\\\/www.24gliwice.pl\\\/wiadomosci\\\/wp-content\\\/uploads\\\/2023\\\/11\\\/blees-autonomiczny-pojazd-13-listopada.jpg\",\"datePublished\":\"2023-11-13T12:46:56+00:00\",\"description\":\"Rozpocz\u0119\u0142y si\u0119 testy autonomicznego pojazdu Blees. Na pocz\u0105tek na miejscu zjawi\u0142a si\u0119 drog\u00f3wka. Przejazdy odbywaj\u0105 si\u0119 co 15 minut\",\"breadcrumb\":{\"@id\":\"https:\\\/\\\/www.24gliwice.pl\\\/wiadomosci\\\/autonomiczny-pojazd-rozpoczal-testy-wizyta-drogowki-pytania-o-dodatkowe-zabezpieczenia-i-kontrola-oznakowania\\\/#breadcrumb\"},\"inLanguage\":\"pl-PL\",\"potentialAction\":[{\"@type\":\"ReadAction\",\"target\":[\"https:\\\/\\\/www.24gliwice.pl\\\/wiadomosci\\\/autonomiczny-pojazd-rozpoczal-testy-wizyta-drogowki-pytania-o-dodatkowe-zabezpieczenia-i-kontrola-oznakowania\\\/\"]}]},{\"@type\":\"ImageObject\",\"inLanguage\":\"pl-PL\",\"@id\":\"https:\\\/\\\/www.24gliwice.pl\\\/wiadomosci\\\/autonomiczny-pojazd-rozpoczal-testy-wizyta-drogowki-pytania-o-dodatkowe-zabezpieczenia-i-kontrola-oznakowania\\\/#primaryimage\",\"url\":\"https:\\\/\\\/www.24gliwice.pl\\\/wiadomosci\\\/wp-content\\\/uploads\\\/2023\\\/11\\\/blees-autonomiczny-pojazd-13-listopada.jpg\",\"contentUrl\":\"https:\\\/\\\/www.24gliwice.pl\\\/wiadomosci\\\/wp-content\\\/uploads\\\/2023\\\/11\\\/blees-autonomiczny-pojazd-13-listopada.jpg\",\"width\":810,\"height\":456},{\"@type\":\"BreadcrumbList\",\"@id\":\"https:\\\/\\\/www.24gliwice.pl\\\/wiadomosci\\\/autonomiczny-pojazd-rozpoczal-testy-wizyta-drogowki-pytania-o-dodatkowe-zabezpieczenia-i-kontrola-oznakowania\\\/#breadcrumb\",\"itemListElement\":[{\"@type\":\"ListItem\",\"position\":1,\"name\":\"Strona g\u0142\u00f3wna\",\"item\":\"https:\\\/\\\/www.24gliwice.pl\\\/wiadomosci\\\/\"},{\"@type\":\"ListItem\",\"position\":2,\"name\":\"Autonomiczny pojazd rozpocz\u0105\u0142 testy. Wizyta drog\u00f3wki, pytania o dodatkowe zabezpieczenia i kontrola oznakowania\"}]},{\"@type\":\"WebSite\",\"@id\":\"https:\\\/\\\/www.24gliwice.pl\\\/wiadomosci\\\/#website\",\"url\":\"https:\\\/\\\/www.24gliwice.pl\\\/wiadomosci\\\/\",\"name\":\"24GLIWICE - Portal Gliwice | codziennie nowe wiadomo\u015bci\",\"description\":\"Portal Miejski Gliwice\",\"publisher\":{\"@id\":\"https:\\\/\\\/www.24gliwice.pl\\\/wiadomosci\\\/#organization\"},\"potentialAction\":[{\"@type\":\"SearchAction\",\"target\":{\"@type\":\"EntryPoint\",\"urlTemplate\":\"https:\\\/\\\/www.24gliwice.pl\\\/wiadomosci\\\/?s={search_term_string}\"},\"query-input\":{\"@type\":\"PropertyValueSpecification\",\"valueRequired\":true,\"valueName\":\"search_term_string\"}}],\"inLanguage\":\"pl-PL\"},{\"@type\":\"Organization\",\"@id\":\"https:\\\/\\\/www.24gliwice.pl\\\/wiadomosci\\\/#organization\",\"name\":\"24gliwice\",\"url\":\"https:\\\/\\\/www.24gliwice.pl\\\/wiadomosci\\\/\",\"logo\":{\"@type\":\"ImageObject\",\"inLanguage\":\"pl-PL\",\"@id\":\"https:\\\/\\\/www.24gliwice.pl\\\/wiadomosci\\\/#\\\/schema\\\/logo\\\/image\\\/\",\"url\":\"https:\\\/\\\/www.24gliwice.pl\\\/wiadomosci\\\/wp-content\\\/uploads\\\/2024\\\/10\\\/24gliwice-logo-696.jpg\",\"contentUrl\":\"https:\\\/\\\/www.24gliwice.pl\\\/wiadomosci\\\/wp-content\\\/uploads\\\/2024\\\/10\\\/24gliwice-logo-696.jpg\",\"width\":696,\"height\":696,\"caption\":\"24gliwice\"},\"image\":{\"@id\":\"https:\\\/\\\/www.24gliwice.pl\\\/wiadomosci\\\/#\\\/schema\\\/logo\\\/image\\\/\"},\"sameAs\":[\"https:\\\/\\\/www.facebook.com\\\/24gliwice\",\"https:\\\/\\\/x.com\\\/24gliwice\",\"https:\\\/\\\/www.youtube.com\\\/@24gliwice\"]},{\"@type\":\"Person\",\"@id\":\"https:\\\/\\\/www.24gliwice.pl\\\/wiadomosci\\\/#\\\/schema\\\/person\\\/e42c650edd7f2fa332be3811fb166b6e\",\"name\":\"\u017baneta Mrozek-Siewierska\",\"image\":{\"@type\":\"ImageObject\",\"inLanguage\":\"pl-PL\",\"@id\":\"https:\\\/\\\/secure.gravatar.com\\\/avatar\\\/1881429e9c64597c77ad7aef2d0a19be69a3253e57534d16aa15bf3a4d34a0a3?s=96&d=mm&r=g\",\"url\":\"https:\\\/\\\/secure.gravatar.com\\\/avatar\\\/1881429e9c64597c77ad7aef2d0a19be69a3253e57534d16aa15bf3a4d34a0a3?s=96&d=mm&r=g\",\"contentUrl\":\"https:\\\/\\\/secure.gravatar.com\\\/avatar\\\/1881429e9c64597c77ad7aef2d0a19be69a3253e57534d16aa15bf3a4d34a0a3?s=96&d=mm&r=g\",\"caption\":\"\u017baneta Mrozek-Siewierska\"},\"url\":\"https:\\\/\\\/www.24gliwice.pl\\\/wiadomosci\\\/author\\\/zms\\\/\"}]}<\/script>\n<!-- \/ Yoast SEO plugin. -->","yoast_head_json":{"title":"Autonomiczny pojazd rozpocz\u0105\u0142 testy. Wizyta drog\u00f3wki, pytania o dodatkowe zabezpieczenia i kontrola oznakowania - 24GLIWICE - Portal Gliwice | codziennie nowe informacje","description":"Rozpocz\u0119\u0142y si\u0119 testy autonomicznego pojazdu Blees. Na pocz\u0105tek na miejscu zjawi\u0142a si\u0119 drog\u00f3wka. Przejazdy odbywaj\u0105 si\u0119 co 15 minut","robots":{"index":"index","follow":"follow","max-snippet":"max-snippet:-1","max-image-preview":"max-image-preview:large","max-video-preview":"max-video-preview:-1"},"canonical":"https:\/\/www.24gliwice.pl\/wiadomosci\/autonomiczny-pojazd-rozpoczal-testy-wizyta-drogowki-pytania-o-dodatkowe-zabezpieczenia-i-kontrola-oznakowania\/","og_locale":"pl_PL","og_type":"article","og_title":"Autonomiczny pojazd rozpocz\u0105\u0142 testy. Wizyta drog\u00f3wki, pytania o dodatkowe zabezpieczenia i kontrola oznakowania - 24GLIWICE - Portal Gliwice | codziennie nowe informacje","og_description":"Rozpocz\u0119\u0142y si\u0119 testy autonomicznego pojazdu Blees. Na pocz\u0105tek na miejscu zjawi\u0142a si\u0119 drog\u00f3wka. Przejazdy odbywaj\u0105 si\u0119 co 15 minut","og_url":"https:\/\/www.24gliwice.pl\/wiadomosci\/autonomiczny-pojazd-rozpoczal-testy-wizyta-drogowki-pytania-o-dodatkowe-zabezpieczenia-i-kontrola-oznakowania\/","og_site_name":"24GLIWICE - Portal Gliwice | codziennie nowe informacje","article_publisher":"https:\/\/www.facebook.com\/24gliwice","article_published_time":"2023-11-13T12:46:56+00:00","og_image":[{"width":810,"height":456,"url":"https:\/\/www.24gliwice.pl\/wiadomosci\/wp-content\/uploads\/2023\/11\/blees-autonomiczny-pojazd-13-listopada.jpg","type":"image\/jpeg"}],"author":"\u017baneta Mrozek-Siewierska","twitter_card":"summary_large_image","twitter_creator":"@24gliwice","twitter_site":"@24gliwice","twitter_misc":{"Napisane przez":"\u017baneta Mrozek-Siewierska","Szacowany czas czytania":"4 minuty"},"schema":{"@context":"https:\/\/schema.org","@graph":[{"@type":"Article","@id":"https:\/\/www.24gliwice.pl\/wiadomosci\/autonomiczny-pojazd-rozpoczal-testy-wizyta-drogowki-pytania-o-dodatkowe-zabezpieczenia-i-kontrola-oznakowania\/#article","isPartOf":{"@id":"https:\/\/www.24gliwice.pl\/wiadomosci\/autonomiczny-pojazd-rozpoczal-testy-wizyta-drogowki-pytania-o-dodatkowe-zabezpieczenia-i-kontrola-oznakowania\/"},"author":{"name":"\u017baneta Mrozek-Siewierska","@id":"https:\/\/www.24gliwice.pl\/wiadomosci\/#\/schema\/person\/e42c650edd7f2fa332be3811fb166b6e"},"headline":"Autonomiczny pojazd rozpocz\u0105\u0142 testy. Wizyta drog\u00f3wki, pytania o dodatkowe zabezpieczenia i kontrola oznakowania","datePublished":"2023-11-13T12:46:56+00:00","mainEntityOfPage":{"@id":"https:\/\/www.24gliwice.pl\/wiadomosci\/autonomiczny-pojazd-rozpoczal-testy-wizyta-drogowki-pytania-o-dodatkowe-zabezpieczenia-i-kontrola-oznakowania\/"},"wordCount":505,"commentCount":0,"publisher":{"@id":"https:\/\/www.24gliwice.pl\/wiadomosci\/#organization"},"image":{"@id":"https:\/\/www.24gliwice.pl\/wiadomosci\/autonomiczny-pojazd-rozpoczal-testy-wizyta-drogowki-pytania-o-dodatkowe-zabezpieczenia-i-kontrola-oznakowania\/#primaryimage"},"thumbnailUrl":"https:\/\/www.24gliwice.pl\/wiadomosci\/wp-content\/uploads\/2023\/11\/blees-autonomiczny-pojazd-13-listopada.jpg","keywords":["blees"],"articleSection":["Gliwice","Najnowsze wiadomo\u015bci","Portal Gliwice - Wiadomo\u015bci lokalne","Telewizja, materia\u0142y wideo"],"inLanguage":"pl-PL","potentialAction":[{"@type":"CommentAction","name":"Comment","target":["https:\/\/www.24gliwice.pl\/wiadomosci\/autonomiczny-pojazd-rozpoczal-testy-wizyta-drogowki-pytania-o-dodatkowe-zabezpieczenia-i-kontrola-oznakowania\/#respond"]}]},{"@type":"WebPage","@id":"https:\/\/www.24gliwice.pl\/wiadomosci\/autonomiczny-pojazd-rozpoczal-testy-wizyta-drogowki-pytania-o-dodatkowe-zabezpieczenia-i-kontrola-oznakowania\/","url":"https:\/\/www.24gliwice.pl\/wiadomosci\/autonomiczny-pojazd-rozpoczal-testy-wizyta-drogowki-pytania-o-dodatkowe-zabezpieczenia-i-kontrola-oznakowania\/","name":"Autonomiczny pojazd rozpocz\u0105\u0142 testy. Wizyta drog\u00f3wki, pytania o dodatkowe zabezpieczenia i kontrola oznakowania - 24GLIWICE - Portal Gliwice | codziennie nowe informacje","isPartOf":{"@id":"https:\/\/www.24gliwice.pl\/wiadomosci\/#website"},"primaryImageOfPage":{"@id":"https:\/\/www.24gliwice.pl\/wiadomosci\/autonomiczny-pojazd-rozpoczal-testy-wizyta-drogowki-pytania-o-dodatkowe-zabezpieczenia-i-kontrola-oznakowania\/#primaryimage"},"image":{"@id":"https:\/\/www.24gliwice.pl\/wiadomosci\/autonomiczny-pojazd-rozpoczal-testy-wizyta-drogowki-pytania-o-dodatkowe-zabezpieczenia-i-kontrola-oznakowania\/#primaryimage"},"thumbnailUrl":"https:\/\/www.24gliwice.pl\/wiadomosci\/wp-content\/uploads\/2023\/11\/blees-autonomiczny-pojazd-13-listopada.jpg","datePublished":"2023-11-13T12:46:56+00:00","description":"Rozpocz\u0119\u0142y si\u0119 testy autonomicznego pojazdu Blees. Na pocz\u0105tek na miejscu zjawi\u0142a si\u0119 drog\u00f3wka. Przejazdy odbywaj\u0105 si\u0119 co 15 minut","breadcrumb":{"@id":"https:\/\/www.24gliwice.pl\/wiadomosci\/autonomiczny-pojazd-rozpoczal-testy-wizyta-drogowki-pytania-o-dodatkowe-zabezpieczenia-i-kontrola-oznakowania\/#breadcrumb"},"inLanguage":"pl-PL","potentialAction":[{"@type":"ReadAction","target":["https:\/\/www.24gliwice.pl\/wiadomosci\/autonomiczny-pojazd-rozpoczal-testy-wizyta-drogowki-pytania-o-dodatkowe-zabezpieczenia-i-kontrola-oznakowania\/"]}]},{"@type":"ImageObject","inLanguage":"pl-PL","@id":"https:\/\/www.24gliwice.pl\/wiadomosci\/autonomiczny-pojazd-rozpoczal-testy-wizyta-drogowki-pytania-o-dodatkowe-zabezpieczenia-i-kontrola-oznakowania\/#primaryimage","url":"https:\/\/www.24gliwice.pl\/wiadomosci\/wp-content\/uploads\/2023\/11\/blees-autonomiczny-pojazd-13-listopada.jpg","contentUrl":"https:\/\/www.24gliwice.pl\/wiadomosci\/wp-content\/uploads\/2023\/11\/blees-autonomiczny-pojazd-13-listopada.jpg","width":810,"height":456},{"@type":"BreadcrumbList","@id":"https:\/\/www.24gliwice.pl\/wiadomosci\/autonomiczny-pojazd-rozpoczal-testy-wizyta-drogowki-pytania-o-dodatkowe-zabezpieczenia-i-kontrola-oznakowania\/#breadcrumb","itemListElement":[{"@type":"ListItem","position":1,"name":"Strona g\u0142\u00f3wna","item":"https:\/\/www.24gliwice.pl\/wiadomosci\/"},{"@type":"ListItem","position":2,"name":"Autonomiczny pojazd rozpocz\u0105\u0142 testy. Wizyta drog\u00f3wki, pytania o dodatkowe zabezpieczenia i kontrola oznakowania"}]},{"@type":"WebSite","@id":"https:\/\/www.24gliwice.pl\/wiadomosci\/#website","url":"https:\/\/www.24gliwice.pl\/wiadomosci\/","name":"24GLIWICE - Portal Gliwice | codziennie nowe wiadomo\u015bci","description":"Portal Miejski Gliwice","publisher":{"@id":"https:\/\/www.24gliwice.pl\/wiadomosci\/#organization"},"potentialAction":[{"@type":"SearchAction","target":{"@type":"EntryPoint","urlTemplate":"https:\/\/www.24gliwice.pl\/wiadomosci\/?s={search_term_string}"},"query-input":{"@type":"PropertyValueSpecification","valueRequired":true,"valueName":"search_term_string"}}],"inLanguage":"pl-PL"},{"@type":"Organization","@id":"https:\/\/www.24gliwice.pl\/wiadomosci\/#organization","name":"24gliwice","url":"https:\/\/www.24gliwice.pl\/wiadomosci\/","logo":{"@type":"ImageObject","inLanguage":"pl-PL","@id":"https:\/\/www.24gliwice.pl\/wiadomosci\/#\/schema\/logo\/image\/","url":"https:\/\/www.24gliwice.pl\/wiadomosci\/wp-content\/uploads\/2024\/10\/24gliwice-logo-696.jpg","contentUrl":"https:\/\/www.24gliwice.pl\/wiadomosci\/wp-content\/uploads\/2024\/10\/24gliwice-logo-696.jpg","width":696,"height":696,"caption":"24gliwice"},"image":{"@id":"https:\/\/www.24gliwice.pl\/wiadomosci\/#\/schema\/logo\/image\/"},"sameAs":["https:\/\/www.facebook.com\/24gliwice","https:\/\/x.com\/24gliwice","https:\/\/www.youtube.com\/@24gliwice"]},{"@type":"Person","@id":"https:\/\/www.24gliwice.pl\/wiadomosci\/#\/schema\/person\/e42c650edd7f2fa332be3811fb166b6e","name":"\u017baneta Mrozek-Siewierska","image":{"@type":"ImageObject","inLanguage":"pl-PL","@id":"https:\/\/secure.gravatar.com\/avatar\/1881429e9c64597c77ad7aef2d0a19be69a3253e57534d16aa15bf3a4d34a0a3?s=96&d=mm&r=g","url":"https:\/\/secure.gravatar.com\/avatar\/1881429e9c64597c77ad7aef2d0a19be69a3253e57534d16aa15bf3a4d34a0a3?s=96&d=mm&r=g","contentUrl":"https:\/\/secure.gravatar.com\/avatar\/1881429e9c64597c77ad7aef2d0a19be69a3253e57534d16aa15bf3a4d34a0a3?s=96&d=mm&r=g","caption":"\u017baneta Mrozek-Siewierska"},"url":"https:\/\/www.24gliwice.pl\/wiadomosci\/author\/zms\/"}]}},"_links":{"self":[{"href":"https:\/\/www.24gliwice.pl\/wiadomosci\/wp-json\/wp\/v2\/posts\/225377","targetHints":{"allow":["GET"]}}],"collection":[{"href":"https:\/\/www.24gliwice.pl\/wiadomosci\/wp-json\/wp\/v2\/posts"}],"about":[{"href":"https:\/\/www.24gliwice.pl\/wiadomosci\/wp-json\/wp\/v2\/types\/post"}],"author":[{"embeddable":true,"href":"https:\/\/www.24gliwice.pl\/wiadomosci\/wp-json\/wp\/v2\/users\/15"}],"replies":[{"embeddable":true,"href":"https:\/\/www.24gliwice.pl\/wiadomosci\/wp-json\/wp\/v2\/comments?post=225377"}],"version-history":[{"count":0,"href":"https:\/\/www.24gliwice.pl\/wiadomosci\/wp-json\/wp\/v2\/posts\/225377\/revisions"}],"wp:featuredmedia":[{"embeddable":true,"href":"https:\/\/www.24gliwice.pl\/wiadomosci\/wp-json\/wp\/v2\/media\/225384"}],"wp:attachment":[{"href":"https:\/\/www.24gliwice.pl\/wiadomosci\/wp-json\/wp\/v2\/media?parent=225377"}],"wp:term":[{"taxonomy":"category","embeddable":true,"href":"https:\/\/www.24gliwice.pl\/wiadomosci\/wp-json\/wp\/v2\/categories?post=225377"},{"taxonomy":"post_tag","embeddable":true,"href":"https:\/\/www.24gliwice.pl\/wiadomosci\/wp-json\/wp\/v2\/tags?post=225377"}],"curies":[{"name":"wp","href":"https:\/\/api.w.org\/{rel}","templated":true}]}}