{"id":225651,"date":"2023-11-17T06:02:49","date_gmt":"2023-11-17T05:02:49","guid":{"rendered":"https:\/\/www.24gliwice.pl\/wiadomosci\/?p=225651"},"modified":"2023-11-16T20:22:50","modified_gmt":"2023-11-16T19:22:50","slug":"fragment-ulicy-dubois-zamknieto-kierowcy-musza-kierowac-sie-na-objazd-utrudnienia-do-konca-miesiaca","status":"publish","type":"post","link":"https:\/\/www.24gliwice.pl\/wiadomosci\/fragment-ulicy-dubois-zamknieto-kierowcy-musza-kierowac-sie-na-objazd-utrudnienia-do-konca-miesiaca\/","title":{"rendered":"Fragment ulicy Dubois zamkni\u0119to, kierowcy musz\u0105 kierowa\u0107 si\u0119 na objazd. Utrudnienia do ko\u0144ca miesi\u0105ca"},"content":{"rendered":"<div class=\"gliwi-a6-nad-leadem-artykulow gliwi-entity-placement\" id=\"gliwi-1250316589\"><div class=\"gliwi-adlabel\"><span style=\"font-size: 9px\">REKLAMA<\/span><\/div><div id=\"gliwi-230797279\" style=\"margin-bottom: 30px;margin-left: auto;margin-right: auto;text-align: center;\"><a data-no-instant=\"1\" href=\"https:\/\/przedszkole.halogen.org.pl\/\" rel=\"noopener\" class=\"a2t-link\" target=\"_blank\" aria-label=\"20260402-ANIMATOR-przedszkole_grafika_750x200\"><img loading=\"lazy\" decoding=\"async\" src=\"https:\/\/www.24gliwice.pl\/wiadomosci\/wp-content\/uploads\/2026\/04\/20260402-ANIMATOR-przedszkole_grafika_750x200.webp\" alt=\"\"  srcset=\"https:\/\/www.24gliwice.pl\/wiadomosci\/wp-content\/uploads\/2026\/04\/20260402-ANIMATOR-przedszkole_grafika_750x200.webp 750w, https:\/\/www.24gliwice.pl\/wiadomosci\/wp-content\/uploads\/2026\/04\/20260402-ANIMATOR-przedszkole_grafika_750x200-410x109.webp 410w\" sizes=\"(max-width: 750px) 100vw, 750px\" class=\"no-lazyload\" width=\"750\" height=\"200\"  style=\"display: inline-block; max-width: 100%; height: auto;\" \/><\/a><\/div><\/div><h2>Odcinek ulicy Dubois, zgodnie z zapowiedzi\u0105, zosta\u0142 zamkni\u0119ty dla ruchu. Kierowcy musz\u0105 kierowa\u0107 si\u0119 na trasy objazdowe. Sytuacja ta potrwa do ko\u0144ca listopada.<\/h2>\n<p>&nbsp;<br \/>\nWy\u0142\u0105czenie obejmuje fragment od skrzy\u017cowania z ulic\u0105 Jana \u015aliwki a\u017c do ronda im. Stanis\u0142awa Byliny. <\/p>\n<p><a href=\"https:\/\/www.24gliwice.pl\/wiadomosci\/wp-content\/uploads\/2023\/11\/Dubois-2.png.jpg\"><img loading=\"lazy\" decoding=\"async\" src=\"https:\/\/www.24gliwice.pl\/wiadomosci\/wp-content\/uploads\/2023\/11\/Dubois-2.png.jpg\" alt=\"\" width=\"810\" height=\"456\" class=\"alignnone size-full wp-image-225653\" srcset=\"https:\/\/www.24gliwice.pl\/wiadomosci\/wp-content\/uploads\/2023\/11\/Dubois-2.png.jpg 810w, https:\/\/www.24gliwice.pl\/wiadomosci\/wp-content\/uploads\/2023\/11\/Dubois-2.png-410x232.jpg 410w, https:\/\/www.24gliwice.pl\/wiadomosci\/wp-content\/uploads\/2023\/11\/Dubois-2.png-808x455.jpg 808w, https:\/\/www.24gliwice.pl\/wiadomosci\/wp-content\/uploads\/2023\/11\/Dubois-2.png-768x432.jpg 768w\" sizes=\"auto, (max-width: 810px) 100vw, 810px\" \/><\/a><\/p>\n<p>&#8211; <em>Kierowcy poruszaj\u0105 si\u0119 objazdem wytyczonym Drogow\u0105 Tras\u0105 \u015arednicow\u0105. Powodem zmian w organizacji ruchu jest realizacja zadania pod nazw\u0105 \u2013 \u201eModernizacja kanalizacji deszczowej na terenie miasta Gliwice\u201d. Wed\u0142ug informacji wykonawcy prace potrwaj\u0105 do ko\u0144ca listopada br. z mo\u017cliwo\u015bci\u0105 przed\u0142u\u017cenia terminu realizacji<\/em> &#8211; przypomina Zarz\u0105d Dr\u00f3g Miejskich w Gliwicach. <\/p><div class=\"gliwi-a3-w-tresci-artykulow gliwi-entity-placement\" id=\"gliwi-969258764\"><div class=\"gliwi-adlabel\"><span style=\"font-size: 9px\">REKLAMA<\/span><\/div><div id=\"gliwi-4245262492\" style=\"margin-bottom: 30px;margin-left: auto;margin-right: auto;text-align: center;\"><a data-no-instant=\"1\" href=\"https:\/\/ogrodyandersa.pl\/\" rel=\"noopener\" class=\"a2t-link\" target=\"_blank\" aria-label=\"20260415 Ogrody Andersa KUP TERAZ D\"><img loading=\"lazy\" decoding=\"async\" src=\"https:\/\/www.24gliwice.pl\/wiadomosci\/wp-content\/uploads\/2026\/04\/20260415-Ogrody-Andersa-KUP-TERAZ-D.jpg\" alt=\"\"  srcset=\"https:\/\/www.24gliwice.pl\/wiadomosci\/wp-content\/uploads\/2026\/04\/20260415-Ogrody-Andersa-KUP-TERAZ-D.jpg 750w, https:\/\/www.24gliwice.pl\/wiadomosci\/wp-content\/uploads\/2026\/04\/20260415-Ogrody-Andersa-KUP-TERAZ-D-410x109.jpg 410w\" sizes=\"(max-width: 750px) 100vw, 750px\" class=\"no-lazyload\" width=\"750\" height=\"200\"  style=\"display: inline-block; max-width: 100%; height: auto;\" \/><\/a><\/div><\/div>\n<p>(\u017cms)\/ZDM Gliwice<br \/>\nfot. ZDM Gliwice<\/p>\n<div class=\"gliwi-a5-na-koncu-artykulow gliwi-entity-placement\" id=\"gliwi-2962250560\"><div class=\"gliwi-adlabel\"><span style=\"font-size: 9px\">REKLAMA<\/span><\/div><div id=\"gliwi-392492124\" style=\"margin-left: auto;margin-right: auto;text-align: center;\"><a data-no-instant=\"1\" href=\"https:\/\/www.jasek.pl\/\" rel=\"noopener\" class=\"a2t-link\" target=\"_blank\" aria-label=\"20200401-jasek 600\"><img loading=\"lazy\" decoding=\"async\" src=\"https:\/\/www.24gliwice.pl\/wiadomosci\/wp-content\/uploads\/2020\/04\/20200401-jasek-600.jpg\" alt=\"\"  srcset=\"https:\/\/www.24gliwice.pl\/wiadomosci\/wp-content\/uploads\/2020\/04\/20200401-jasek-600.jpg 600w, https:\/\/www.24gliwice.pl\/wiadomosci\/wp-content\/uploads\/2020\/04\/20200401-jasek-600-410x109.jpg 410w\" sizes=\"(max-width: 600px) 100vw, 600px\" class=\"no-lazyload\" width=\"600\" height=\"160\"  style=\"display: inline-block; max-width: 100%; height: auto;\" \/><\/a><\/div><\/div>","protected":false},"excerpt":{"rendered":"<p>Odcinek ulicy Dubois, zgodnie z zapowiedzi\u0105, zosta\u0142 zamkni\u0119ty dla ruchu. Kierowcy musz\u0105 kierowa\u0107 si\u0119 na trasy objazdowe. Sytuacja ta potrwa do ko\u0144ca listopada. &nbsp; Wy\u0142\u0105czenie obejmuje fragment od skrzy\u017cowania z ulic\u0105 Jana \u015aliwki a\u017c do ronda im. Stanis\u0142awa Byliny. &#8211; Kierowcy poruszaj\u0105 si\u0119 objazdem wytyczonym Drogow\u0105 Tras\u0105 \u015arednicow\u0105. Powodem zmian w organizacji ruchu jest realizacja [&hellip;]<\/p>\n","protected":false},"author":15,"featured_media":225654,"comment_status":"open","ping_status":"closed","sticky":false,"template":"","format":"standard","meta":{"_monsterinsights_skip_tracking":false,"_monsterinsights_sitenote_active":false,"_monsterinsights_sitenote_note":"","_monsterinsights_sitenote_category":0,"footnotes":"","_links_to":"","_links_to_target":""},"categories":[3,1],"tags":[12778,978],"class_list":["post-225651","post","type-post","status-publish","format-standard","has-post-thumbnail","hentry","category-gliwice","category-wszystko","tag-dubois","tag-objazd"],"yoast_head":"<!-- This site is optimized with the Yoast SEO plugin v27.5 - https:\/\/yoast.com\/product\/yoast-seo-wordpress\/ -->\n<title>Fragment ulicy Dubois zamkni\u0119to, kierowcy musz\u0105 kierowa\u0107 si\u0119 na objazd. Utrudnienia do ko\u0144ca miesi\u0105ca - 24GLIWICE - Portal Gliwice | codziennie nowe informacje<\/title>\n<meta name=\"description\" content=\"Ulica Dubois zosta\u0142a zamkni\u0119ta dla ruchu. Kierowcy musz\u0105 jecha\u0107 objazdow\u0105 tras\u0105, kt\u00f3ra wiedzie m.in. przez DT\u015a\" \/>\n<meta name=\"robots\" content=\"index, follow, max-snippet:-1, max-image-preview:large, max-video-preview:-1\" \/>\n<link rel=\"canonical\" href=\"https:\/\/www.24gliwice.pl\/wiadomosci\/fragment-ulicy-dubois-zamknieto-kierowcy-musza-kierowac-sie-na-objazd-utrudnienia-do-konca-miesiaca\/\" \/>\n<meta property=\"og:locale\" content=\"pl_PL\" \/>\n<meta property=\"og:type\" content=\"article\" \/>\n<meta property=\"og:title\" content=\"Fragment ulicy Dubois zamkni\u0119to, kierowcy musz\u0105 kierowa\u0107 si\u0119 na objazd. Utrudnienia do ko\u0144ca miesi\u0105ca - 24GLIWICE - Portal Gliwice | codziennie nowe informacje\" \/>\n<meta property=\"og:description\" content=\"Ulica Dubois zosta\u0142a zamkni\u0119ta dla ruchu. Kierowcy musz\u0105 jecha\u0107 objazdow\u0105 tras\u0105, kt\u00f3ra wiedzie m.in. przez DT\u015a\" \/>\n<meta property=\"og:url\" content=\"https:\/\/www.24gliwice.pl\/wiadomosci\/fragment-ulicy-dubois-zamknieto-kierowcy-musza-kierowac-sie-na-objazd-utrudnienia-do-konca-miesiaca\/\" \/>\n<meta property=\"og:site_name\" content=\"24GLIWICE - Portal Gliwice | codziennie nowe informacje\" \/>\n<meta property=\"article:publisher\" content=\"https:\/\/www.facebook.com\/24gliwice\" \/>\n<meta property=\"article:published_time\" content=\"2023-11-17T05:02:49+00:00\" \/>\n<meta property=\"og:image\" content=\"https:\/\/www.24gliwice.pl\/wiadomosci\/wp-content\/uploads\/2023\/11\/Dubois.png.jpg\" \/>\n\t<meta property=\"og:image:width\" content=\"810\" \/>\n\t<meta property=\"og:image:height\" content=\"456\" \/>\n\t<meta property=\"og:image:type\" content=\"image\/jpeg\" \/>\n<meta name=\"author\" content=\"\u017baneta Mrozek-Siewierska\" \/>\n<meta name=\"twitter:card\" content=\"summary_large_image\" \/>\n<meta name=\"twitter:creator\" content=\"@24gliwice\" \/>\n<meta name=\"twitter:site\" content=\"@24gliwice\" \/>\n<meta name=\"twitter:label1\" content=\"Napisane przez\" \/>\n\t<meta name=\"twitter:data1\" content=\"\u017baneta Mrozek-Siewierska\" \/>\n\t<meta name=\"twitter:label2\" content=\"Szacowany czas czytania\" \/>\n\t<meta name=\"twitter:data2\" content=\"1 minuta\" \/>\n<script type=\"application\/ld+json\" class=\"yoast-schema-graph\">{\"@context\":\"https:\\\/\\\/schema.org\",\"@graph\":[{\"@type\":\"Article\",\"@id\":\"https:\\\/\\\/www.24gliwice.pl\\\/wiadomosci\\\/fragment-ulicy-dubois-zamknieto-kierowcy-musza-kierowac-sie-na-objazd-utrudnienia-do-konca-miesiaca\\\/#article\",\"isPartOf\":{\"@id\":\"https:\\\/\\\/www.24gliwice.pl\\\/wiadomosci\\\/fragment-ulicy-dubois-zamknieto-kierowcy-musza-kierowac-sie-na-objazd-utrudnienia-do-konca-miesiaca\\\/\"},\"author\":{\"name\":\"\u017baneta Mrozek-Siewierska\",\"@id\":\"https:\\\/\\\/www.24gliwice.pl\\\/wiadomosci\\\/#\\\/schema\\\/person\\\/e42c650edd7f2fa332be3811fb166b6e\"},\"headline\":\"Fragment ulicy Dubois zamkni\u0119to, kierowcy musz\u0105 kierowa\u0107 si\u0119 na objazd. Utrudnienia do ko\u0144ca miesi\u0105ca\",\"datePublished\":\"2023-11-17T05:02:49+00:00\",\"mainEntityOfPage\":{\"@id\":\"https:\\\/\\\/www.24gliwice.pl\\\/wiadomosci\\\/fragment-ulicy-dubois-zamknieto-kierowcy-musza-kierowac-sie-na-objazd-utrudnienia-do-konca-miesiaca\\\/\"},\"wordCount\":122,\"commentCount\":0,\"publisher\":{\"@id\":\"https:\\\/\\\/www.24gliwice.pl\\\/wiadomosci\\\/#organization\"},\"image\":{\"@id\":\"https:\\\/\\\/www.24gliwice.pl\\\/wiadomosci\\\/fragment-ulicy-dubois-zamknieto-kierowcy-musza-kierowac-sie-na-objazd-utrudnienia-do-konca-miesiaca\\\/#primaryimage\"},\"thumbnailUrl\":\"https:\\\/\\\/www.24gliwice.pl\\\/wiadomosci\\\/wp-content\\\/uploads\\\/2023\\\/11\\\/Dubois.png.jpg\",\"keywords\":[\"dubois\",\"OBJAZD\"],\"articleSection\":[\"Gliwice\",\"Najnowsze wiadomo\u015bci\"],\"inLanguage\":\"pl-PL\",\"potentialAction\":[{\"@type\":\"CommentAction\",\"name\":\"Comment\",\"target\":[\"https:\\\/\\\/www.24gliwice.pl\\\/wiadomosci\\\/fragment-ulicy-dubois-zamknieto-kierowcy-musza-kierowac-sie-na-objazd-utrudnienia-do-konca-miesiaca\\\/#respond\"]}]},{\"@type\":\"WebPage\",\"@id\":\"https:\\\/\\\/www.24gliwice.pl\\\/wiadomosci\\\/fragment-ulicy-dubois-zamknieto-kierowcy-musza-kierowac-sie-na-objazd-utrudnienia-do-konca-miesiaca\\\/\",\"url\":\"https:\\\/\\\/www.24gliwice.pl\\\/wiadomosci\\\/fragment-ulicy-dubois-zamknieto-kierowcy-musza-kierowac-sie-na-objazd-utrudnienia-do-konca-miesiaca\\\/\",\"name\":\"Fragment ulicy Dubois zamkni\u0119to, kierowcy musz\u0105 kierowa\u0107 si\u0119 na objazd. Utrudnienia do ko\u0144ca miesi\u0105ca - 24GLIWICE - Portal Gliwice | codziennie nowe informacje\",\"isPartOf\":{\"@id\":\"https:\\\/\\\/www.24gliwice.pl\\\/wiadomosci\\\/#website\"},\"primaryImageOfPage\":{\"@id\":\"https:\\\/\\\/www.24gliwice.pl\\\/wiadomosci\\\/fragment-ulicy-dubois-zamknieto-kierowcy-musza-kierowac-sie-na-objazd-utrudnienia-do-konca-miesiaca\\\/#primaryimage\"},\"image\":{\"@id\":\"https:\\\/\\\/www.24gliwice.pl\\\/wiadomosci\\\/fragment-ulicy-dubois-zamknieto-kierowcy-musza-kierowac-sie-na-objazd-utrudnienia-do-konca-miesiaca\\\/#primaryimage\"},\"thumbnailUrl\":\"https:\\\/\\\/www.24gliwice.pl\\\/wiadomosci\\\/wp-content\\\/uploads\\\/2023\\\/11\\\/Dubois.png.jpg\",\"datePublished\":\"2023-11-17T05:02:49+00:00\",\"description\":\"Ulica Dubois zosta\u0142a zamkni\u0119ta dla ruchu. Kierowcy musz\u0105 jecha\u0107 objazdow\u0105 tras\u0105, kt\u00f3ra wiedzie m.in. przez DT\u015a\",\"breadcrumb\":{\"@id\":\"https:\\\/\\\/www.24gliwice.pl\\\/wiadomosci\\\/fragment-ulicy-dubois-zamknieto-kierowcy-musza-kierowac-sie-na-objazd-utrudnienia-do-konca-miesiaca\\\/#breadcrumb\"},\"inLanguage\":\"pl-PL\",\"potentialAction\":[{\"@type\":\"ReadAction\",\"target\":[\"https:\\\/\\\/www.24gliwice.pl\\\/wiadomosci\\\/fragment-ulicy-dubois-zamknieto-kierowcy-musza-kierowac-sie-na-objazd-utrudnienia-do-konca-miesiaca\\\/\"]}]},{\"@type\":\"ImageObject\",\"inLanguage\":\"pl-PL\",\"@id\":\"https:\\\/\\\/www.24gliwice.pl\\\/wiadomosci\\\/fragment-ulicy-dubois-zamknieto-kierowcy-musza-kierowac-sie-na-objazd-utrudnienia-do-konca-miesiaca\\\/#primaryimage\",\"url\":\"https:\\\/\\\/www.24gliwice.pl\\\/wiadomosci\\\/wp-content\\\/uploads\\\/2023\\\/11\\\/Dubois.png.jpg\",\"contentUrl\":\"https:\\\/\\\/www.24gliwice.pl\\\/wiadomosci\\\/wp-content\\\/uploads\\\/2023\\\/11\\\/Dubois.png.jpg\",\"width\":810,\"height\":456},{\"@type\":\"BreadcrumbList\",\"@id\":\"https:\\\/\\\/www.24gliwice.pl\\\/wiadomosci\\\/fragment-ulicy-dubois-zamknieto-kierowcy-musza-kierowac-sie-na-objazd-utrudnienia-do-konca-miesiaca\\\/#breadcrumb\",\"itemListElement\":[{\"@type\":\"ListItem\",\"position\":1,\"name\":\"Strona g\u0142\u00f3wna\",\"item\":\"https:\\\/\\\/www.24gliwice.pl\\\/wiadomosci\\\/\"},{\"@type\":\"ListItem\",\"position\":2,\"name\":\"Fragment ulicy Dubois zamkni\u0119to, kierowcy musz\u0105 kierowa\u0107 si\u0119 na objazd. Utrudnienia do ko\u0144ca miesi\u0105ca\"}]},{\"@type\":\"WebSite\",\"@id\":\"https:\\\/\\\/www.24gliwice.pl\\\/wiadomosci\\\/#website\",\"url\":\"https:\\\/\\\/www.24gliwice.pl\\\/wiadomosci\\\/\",\"name\":\"24GLIWICE - Portal Gliwice | codziennie nowe wiadomo\u015bci\",\"description\":\"Portal Miejski Gliwice\",\"publisher\":{\"@id\":\"https:\\\/\\\/www.24gliwice.pl\\\/wiadomosci\\\/#organization\"},\"potentialAction\":[{\"@type\":\"SearchAction\",\"target\":{\"@type\":\"EntryPoint\",\"urlTemplate\":\"https:\\\/\\\/www.24gliwice.pl\\\/wiadomosci\\\/?s={search_term_string}\"},\"query-input\":{\"@type\":\"PropertyValueSpecification\",\"valueRequired\":true,\"valueName\":\"search_term_string\"}}],\"inLanguage\":\"pl-PL\"},{\"@type\":\"Organization\",\"@id\":\"https:\\\/\\\/www.24gliwice.pl\\\/wiadomosci\\\/#organization\",\"name\":\"24gliwice\",\"url\":\"https:\\\/\\\/www.24gliwice.pl\\\/wiadomosci\\\/\",\"logo\":{\"@type\":\"ImageObject\",\"inLanguage\":\"pl-PL\",\"@id\":\"https:\\\/\\\/www.24gliwice.pl\\\/wiadomosci\\\/#\\\/schema\\\/logo\\\/image\\\/\",\"url\":\"https:\\\/\\\/www.24gliwice.pl\\\/wiadomosci\\\/wp-content\\\/uploads\\\/2024\\\/10\\\/24gliwice-logo-696.jpg\",\"contentUrl\":\"https:\\\/\\\/www.24gliwice.pl\\\/wiadomosci\\\/wp-content\\\/uploads\\\/2024\\\/10\\\/24gliwice-logo-696.jpg\",\"width\":696,\"height\":696,\"caption\":\"24gliwice\"},\"image\":{\"@id\":\"https:\\\/\\\/www.24gliwice.pl\\\/wiadomosci\\\/#\\\/schema\\\/logo\\\/image\\\/\"},\"sameAs\":[\"https:\\\/\\\/www.facebook.com\\\/24gliwice\",\"https:\\\/\\\/x.com\\\/24gliwice\",\"https:\\\/\\\/www.youtube.com\\\/@24gliwice\"]},{\"@type\":\"Person\",\"@id\":\"https:\\\/\\\/www.24gliwice.pl\\\/wiadomosci\\\/#\\\/schema\\\/person\\\/e42c650edd7f2fa332be3811fb166b6e\",\"name\":\"\u017baneta Mrozek-Siewierska\",\"image\":{\"@type\":\"ImageObject\",\"inLanguage\":\"pl-PL\",\"@id\":\"https:\\\/\\\/secure.gravatar.com\\\/avatar\\\/1881429e9c64597c77ad7aef2d0a19be69a3253e57534d16aa15bf3a4d34a0a3?s=96&d=mm&r=g\",\"url\":\"https:\\\/\\\/secure.gravatar.com\\\/avatar\\\/1881429e9c64597c77ad7aef2d0a19be69a3253e57534d16aa15bf3a4d34a0a3?s=96&d=mm&r=g\",\"contentUrl\":\"https:\\\/\\\/secure.gravatar.com\\\/avatar\\\/1881429e9c64597c77ad7aef2d0a19be69a3253e57534d16aa15bf3a4d34a0a3?s=96&d=mm&r=g\",\"caption\":\"\u017baneta Mrozek-Siewierska\"},\"url\":\"https:\\\/\\\/www.24gliwice.pl\\\/wiadomosci\\\/author\\\/zms\\\/\"}]}<\/script>\n<!-- \/ Yoast SEO plugin. -->","yoast_head_json":{"title":"Fragment ulicy Dubois zamkni\u0119to, kierowcy musz\u0105 kierowa\u0107 si\u0119 na objazd. Utrudnienia do ko\u0144ca miesi\u0105ca - 24GLIWICE - Portal Gliwice | codziennie nowe informacje","description":"Ulica Dubois zosta\u0142a zamkni\u0119ta dla ruchu. Kierowcy musz\u0105 jecha\u0107 objazdow\u0105 tras\u0105, kt\u00f3ra wiedzie m.in. przez DT\u015a","robots":{"index":"index","follow":"follow","max-snippet":"max-snippet:-1","max-image-preview":"max-image-preview:large","max-video-preview":"max-video-preview:-1"},"canonical":"https:\/\/www.24gliwice.pl\/wiadomosci\/fragment-ulicy-dubois-zamknieto-kierowcy-musza-kierowac-sie-na-objazd-utrudnienia-do-konca-miesiaca\/","og_locale":"pl_PL","og_type":"article","og_title":"Fragment ulicy Dubois zamkni\u0119to, kierowcy musz\u0105 kierowa\u0107 si\u0119 na objazd. Utrudnienia do ko\u0144ca miesi\u0105ca - 24GLIWICE - Portal Gliwice | codziennie nowe informacje","og_description":"Ulica Dubois zosta\u0142a zamkni\u0119ta dla ruchu. Kierowcy musz\u0105 jecha\u0107 objazdow\u0105 tras\u0105, kt\u00f3ra wiedzie m.in. przez DT\u015a","og_url":"https:\/\/www.24gliwice.pl\/wiadomosci\/fragment-ulicy-dubois-zamknieto-kierowcy-musza-kierowac-sie-na-objazd-utrudnienia-do-konca-miesiaca\/","og_site_name":"24GLIWICE - Portal Gliwice | codziennie nowe informacje","article_publisher":"https:\/\/www.facebook.com\/24gliwice","article_published_time":"2023-11-17T05:02:49+00:00","og_image":[{"width":810,"height":456,"url":"https:\/\/www.24gliwice.pl\/wiadomosci\/wp-content\/uploads\/2023\/11\/Dubois.png.jpg","type":"image\/jpeg"}],"author":"\u017baneta Mrozek-Siewierska","twitter_card":"summary_large_image","twitter_creator":"@24gliwice","twitter_site":"@24gliwice","twitter_misc":{"Napisane przez":"\u017baneta Mrozek-Siewierska","Szacowany czas czytania":"1 minuta"},"schema":{"@context":"https:\/\/schema.org","@graph":[{"@type":"Article","@id":"https:\/\/www.24gliwice.pl\/wiadomosci\/fragment-ulicy-dubois-zamknieto-kierowcy-musza-kierowac-sie-na-objazd-utrudnienia-do-konca-miesiaca\/#article","isPartOf":{"@id":"https:\/\/www.24gliwice.pl\/wiadomosci\/fragment-ulicy-dubois-zamknieto-kierowcy-musza-kierowac-sie-na-objazd-utrudnienia-do-konca-miesiaca\/"},"author":{"name":"\u017baneta Mrozek-Siewierska","@id":"https:\/\/www.24gliwice.pl\/wiadomosci\/#\/schema\/person\/e42c650edd7f2fa332be3811fb166b6e"},"headline":"Fragment ulicy Dubois zamkni\u0119to, kierowcy musz\u0105 kierowa\u0107 si\u0119 na objazd. Utrudnienia do ko\u0144ca miesi\u0105ca","datePublished":"2023-11-17T05:02:49+00:00","mainEntityOfPage":{"@id":"https:\/\/www.24gliwice.pl\/wiadomosci\/fragment-ulicy-dubois-zamknieto-kierowcy-musza-kierowac-sie-na-objazd-utrudnienia-do-konca-miesiaca\/"},"wordCount":122,"commentCount":0,"publisher":{"@id":"https:\/\/www.24gliwice.pl\/wiadomosci\/#organization"},"image":{"@id":"https:\/\/www.24gliwice.pl\/wiadomosci\/fragment-ulicy-dubois-zamknieto-kierowcy-musza-kierowac-sie-na-objazd-utrudnienia-do-konca-miesiaca\/#primaryimage"},"thumbnailUrl":"https:\/\/www.24gliwice.pl\/wiadomosci\/wp-content\/uploads\/2023\/11\/Dubois.png.jpg","keywords":["dubois","OBJAZD"],"articleSection":["Gliwice","Najnowsze wiadomo\u015bci"],"inLanguage":"pl-PL","potentialAction":[{"@type":"CommentAction","name":"Comment","target":["https:\/\/www.24gliwice.pl\/wiadomosci\/fragment-ulicy-dubois-zamknieto-kierowcy-musza-kierowac-sie-na-objazd-utrudnienia-do-konca-miesiaca\/#respond"]}]},{"@type":"WebPage","@id":"https:\/\/www.24gliwice.pl\/wiadomosci\/fragment-ulicy-dubois-zamknieto-kierowcy-musza-kierowac-sie-na-objazd-utrudnienia-do-konca-miesiaca\/","url":"https:\/\/www.24gliwice.pl\/wiadomosci\/fragment-ulicy-dubois-zamknieto-kierowcy-musza-kierowac-sie-na-objazd-utrudnienia-do-konca-miesiaca\/","name":"Fragment ulicy Dubois zamkni\u0119to, kierowcy musz\u0105 kierowa\u0107 si\u0119 na objazd. Utrudnienia do ko\u0144ca miesi\u0105ca - 24GLIWICE - Portal Gliwice | codziennie nowe informacje","isPartOf":{"@id":"https:\/\/www.24gliwice.pl\/wiadomosci\/#website"},"primaryImageOfPage":{"@id":"https:\/\/www.24gliwice.pl\/wiadomosci\/fragment-ulicy-dubois-zamknieto-kierowcy-musza-kierowac-sie-na-objazd-utrudnienia-do-konca-miesiaca\/#primaryimage"},"image":{"@id":"https:\/\/www.24gliwice.pl\/wiadomosci\/fragment-ulicy-dubois-zamknieto-kierowcy-musza-kierowac-sie-na-objazd-utrudnienia-do-konca-miesiaca\/#primaryimage"},"thumbnailUrl":"https:\/\/www.24gliwice.pl\/wiadomosci\/wp-content\/uploads\/2023\/11\/Dubois.png.jpg","datePublished":"2023-11-17T05:02:49+00:00","description":"Ulica Dubois zosta\u0142a zamkni\u0119ta dla ruchu. Kierowcy musz\u0105 jecha\u0107 objazdow\u0105 tras\u0105, kt\u00f3ra wiedzie m.in. przez DT\u015a","breadcrumb":{"@id":"https:\/\/www.24gliwice.pl\/wiadomosci\/fragment-ulicy-dubois-zamknieto-kierowcy-musza-kierowac-sie-na-objazd-utrudnienia-do-konca-miesiaca\/#breadcrumb"},"inLanguage":"pl-PL","potentialAction":[{"@type":"ReadAction","target":["https:\/\/www.24gliwice.pl\/wiadomosci\/fragment-ulicy-dubois-zamknieto-kierowcy-musza-kierowac-sie-na-objazd-utrudnienia-do-konca-miesiaca\/"]}]},{"@type":"ImageObject","inLanguage":"pl-PL","@id":"https:\/\/www.24gliwice.pl\/wiadomosci\/fragment-ulicy-dubois-zamknieto-kierowcy-musza-kierowac-sie-na-objazd-utrudnienia-do-konca-miesiaca\/#primaryimage","url":"https:\/\/www.24gliwice.pl\/wiadomosci\/wp-content\/uploads\/2023\/11\/Dubois.png.jpg","contentUrl":"https:\/\/www.24gliwice.pl\/wiadomosci\/wp-content\/uploads\/2023\/11\/Dubois.png.jpg","width":810,"height":456},{"@type":"BreadcrumbList","@id":"https:\/\/www.24gliwice.pl\/wiadomosci\/fragment-ulicy-dubois-zamknieto-kierowcy-musza-kierowac-sie-na-objazd-utrudnienia-do-konca-miesiaca\/#breadcrumb","itemListElement":[{"@type":"ListItem","position":1,"name":"Strona g\u0142\u00f3wna","item":"https:\/\/www.24gliwice.pl\/wiadomosci\/"},{"@type":"ListItem","position":2,"name":"Fragment ulicy Dubois zamkni\u0119to, kierowcy musz\u0105 kierowa\u0107 si\u0119 na objazd. Utrudnienia do ko\u0144ca miesi\u0105ca"}]},{"@type":"WebSite","@id":"https:\/\/www.24gliwice.pl\/wiadomosci\/#website","url":"https:\/\/www.24gliwice.pl\/wiadomosci\/","name":"24GLIWICE - Portal Gliwice | codziennie nowe wiadomo\u015bci","description":"Portal Miejski Gliwice","publisher":{"@id":"https:\/\/www.24gliwice.pl\/wiadomosci\/#organization"},"potentialAction":[{"@type":"SearchAction","target":{"@type":"EntryPoint","urlTemplate":"https:\/\/www.24gliwice.pl\/wiadomosci\/?s={search_term_string}"},"query-input":{"@type":"PropertyValueSpecification","valueRequired":true,"valueName":"search_term_string"}}],"inLanguage":"pl-PL"},{"@type":"Organization","@id":"https:\/\/www.24gliwice.pl\/wiadomosci\/#organization","name":"24gliwice","url":"https:\/\/www.24gliwice.pl\/wiadomosci\/","logo":{"@type":"ImageObject","inLanguage":"pl-PL","@id":"https:\/\/www.24gliwice.pl\/wiadomosci\/#\/schema\/logo\/image\/","url":"https:\/\/www.24gliwice.pl\/wiadomosci\/wp-content\/uploads\/2024\/10\/24gliwice-logo-696.jpg","contentUrl":"https:\/\/www.24gliwice.pl\/wiadomosci\/wp-content\/uploads\/2024\/10\/24gliwice-logo-696.jpg","width":696,"height":696,"caption":"24gliwice"},"image":{"@id":"https:\/\/www.24gliwice.pl\/wiadomosci\/#\/schema\/logo\/image\/"},"sameAs":["https:\/\/www.facebook.com\/24gliwice","https:\/\/x.com\/24gliwice","https:\/\/www.youtube.com\/@24gliwice"]},{"@type":"Person","@id":"https:\/\/www.24gliwice.pl\/wiadomosci\/#\/schema\/person\/e42c650edd7f2fa332be3811fb166b6e","name":"\u017baneta Mrozek-Siewierska","image":{"@type":"ImageObject","inLanguage":"pl-PL","@id":"https:\/\/secure.gravatar.com\/avatar\/1881429e9c64597c77ad7aef2d0a19be69a3253e57534d16aa15bf3a4d34a0a3?s=96&d=mm&r=g","url":"https:\/\/secure.gravatar.com\/avatar\/1881429e9c64597c77ad7aef2d0a19be69a3253e57534d16aa15bf3a4d34a0a3?s=96&d=mm&r=g","contentUrl":"https:\/\/secure.gravatar.com\/avatar\/1881429e9c64597c77ad7aef2d0a19be69a3253e57534d16aa15bf3a4d34a0a3?s=96&d=mm&r=g","caption":"\u017baneta Mrozek-Siewierska"},"url":"https:\/\/www.24gliwice.pl\/wiadomosci\/author\/zms\/"}]}},"_links":{"self":[{"href":"https:\/\/www.24gliwice.pl\/wiadomosci\/wp-json\/wp\/v2\/posts\/225651","targetHints":{"allow":["GET"]}}],"collection":[{"href":"https:\/\/www.24gliwice.pl\/wiadomosci\/wp-json\/wp\/v2\/posts"}],"about":[{"href":"https:\/\/www.24gliwice.pl\/wiadomosci\/wp-json\/wp\/v2\/types\/post"}],"author":[{"embeddable":true,"href":"https:\/\/www.24gliwice.pl\/wiadomosci\/wp-json\/wp\/v2\/users\/15"}],"replies":[{"embeddable":true,"href":"https:\/\/www.24gliwice.pl\/wiadomosci\/wp-json\/wp\/v2\/comments?post=225651"}],"version-history":[{"count":0,"href":"https:\/\/www.24gliwice.pl\/wiadomosci\/wp-json\/wp\/v2\/posts\/225651\/revisions"}],"wp:featuredmedia":[{"embeddable":true,"href":"https:\/\/www.24gliwice.pl\/wiadomosci\/wp-json\/wp\/v2\/media\/225654"}],"wp:attachment":[{"href":"https:\/\/www.24gliwice.pl\/wiadomosci\/wp-json\/wp\/v2\/media?parent=225651"}],"wp:term":[{"taxonomy":"category","embeddable":true,"href":"https:\/\/www.24gliwice.pl\/wiadomosci\/wp-json\/wp\/v2\/categories?post=225651"},{"taxonomy":"post_tag","embeddable":true,"href":"https:\/\/www.24gliwice.pl\/wiadomosci\/wp-json\/wp\/v2\/tags?post=225651"}],"curies":[{"name":"wp","href":"https:\/\/api.w.org\/{rel}","templated":true}]}}