{"id":225699,"date":"2023-11-17T09:56:40","date_gmt":"2023-11-17T08:56:40","guid":{"rendered":"https:\/\/www.24gliwice.pl\/wiadomosci\/?p=225699"},"modified":"2023-11-17T09:56:56","modified_gmt":"2023-11-17T08:56:56","slug":"smiertelny-wypadek-na-dw-901-wskutek-czolowego-zderzenia-z-ciezarowka-zginal-29-letni-kierowca","status":"publish","type":"post","link":"https:\/\/www.24gliwice.pl\/wiadomosci\/smiertelny-wypadek-na-dw-901-wskutek-czolowego-zderzenia-z-ciezarowka-zginal-29-letni-kierowca\/","title":{"rendered":"\u015amiertelny wypadek na DW 901. Wskutek czo\u0142owego zderzenia z ci\u0119\u017car\u00f3wk\u0105 zgin\u0105\u0142 29-letni kierowca"},"content":{"rendered":"<div class=\"gliwi-a6-nad-leadem-artykulow gliwi-entity-placement\" id=\"gliwi-3608016907\"><div class=\"gliwi-adlabel\"><span style=\"font-size: 9px\">REKLAMA<\/span><\/div><div id=\"gliwi-392152702\" style=\"margin-bottom: 30px;margin-left: auto;margin-right: auto;text-align: center;\"><a data-no-instant=\"1\" href=\"https:\/\/przedszkole.halogen.org.pl\/\" rel=\"noopener\" class=\"a2t-link\" target=\"_blank\" aria-label=\"20260402-ANIMATOR-przedszkole_grafika_750x200\"><img loading=\"lazy\" decoding=\"async\" src=\"https:\/\/www.24gliwice.pl\/wiadomosci\/wp-content\/uploads\/2026\/04\/20260402-ANIMATOR-przedszkole_grafika_750x200.webp\" alt=\"\"  srcset=\"https:\/\/www.24gliwice.pl\/wiadomosci\/wp-content\/uploads\/2026\/04\/20260402-ANIMATOR-przedszkole_grafika_750x200.webp 750w, https:\/\/www.24gliwice.pl\/wiadomosci\/wp-content\/uploads\/2026\/04\/20260402-ANIMATOR-przedszkole_grafika_750x200-410x109.webp 410w\" sizes=\"(max-width: 750px) 100vw, 750px\" class=\"no-lazyload\" width=\"750\" height=\"200\"  style=\"display: inline-block; max-width: 100%; height: auto;\" \/><\/a><\/div><\/div><h2>W Zacharzowicach w powiecie gliwickim dosz\u0142o do tragicznego wypadku drogowego. W wyniku zderzenia samochodu osobowego z ci\u0119\u017carowym, \u015bmier\u0107 poni\u00f3s\u0142 kierowca pierwszego z pojazd\u00f3w.<\/h2>\n<p>Do zdarzenia dosz\u0142o mi\u0119dzy Pyskowicami a Wielowsi\u0105 (DW 901), na \u0142uku drogi, po godzinie 17:00 w czwartek. Trasa by\u0142a zablokowana w obu kierunkach. Internauci donosili, \u017ce wskutek zdarzenia osob\u00f3wka uleg\u0142a rozerwaniu na cz\u0119\u015bci. <\/p>\n<p><a href=\"https:\/\/www.24gliwice.pl\/wiadomosci\/wp-content\/uploads\/2023\/11\/smiertelny-wypadek-w-zacharzowicach-policja.jpg\"><img loading=\"lazy\" decoding=\"async\" src=\"https:\/\/www.24gliwice.pl\/wiadomosci\/wp-content\/uploads\/2023\/11\/smiertelny-wypadek-w-zacharzowicach-policja.jpg\" alt=\"\" width=\"810\" height=\"457\" class=\"alignnone size-full wp-image-225704\" srcset=\"https:\/\/www.24gliwice.pl\/wiadomosci\/wp-content\/uploads\/2023\/11\/smiertelny-wypadek-w-zacharzowicach-policja.jpg 810w, https:\/\/www.24gliwice.pl\/wiadomosci\/wp-content\/uploads\/2023\/11\/smiertelny-wypadek-w-zacharzowicach-policja-410x232.jpg 410w, https:\/\/www.24gliwice.pl\/wiadomosci\/wp-content\/uploads\/2023\/11\/smiertelny-wypadek-w-zacharzowicach-policja-806x455.jpg 806w, https:\/\/www.24gliwice.pl\/wiadomosci\/wp-content\/uploads\/2023\/11\/smiertelny-wypadek-w-zacharzowicach-policja-768x433.jpg 768w\" sizes=\"auto, (max-width: 810px) 100vw, 810px\" \/><\/a><\/p>\n<p>&#8211; 16 listopada o godzinie 17:25 Dy\u017curny Stanowiska Kierowania Komendanta Miejskiego PSP w Gliwicach przyj\u0105\u0142 zg\u0142oszenie o wypadku samochodu osobowego z samochodem ci\u0119\u017carowym w miejscowo\u015bci Zacharzowice w gminie Wielowie\u015b na ul. Pozna\u0144skiej. W wyniku zdarzenia \u015bmier\u0107 poni\u00f3s\u0142 kieruj\u0105cy samochodem osobowym &#8211; informuje stra\u017c po\u017carna. W dzia\u0142aniach bra\u0142o udzia\u0142 5 zast\u0119p\u00f3w PSP, \u0142\u0105cznie 16 stra\u017cak\u00f3w. Okoliczno\u015bci wypadku wyja\u015bnia policja. Ofiara to mieszkaniec Pyskowic.<\/p><div class=\"gliwi-a3-w-tresci-artykulow gliwi-entity-placement\" id=\"gliwi-3109817640\"><div class=\"gliwi-adlabel\"><span style=\"font-size: 9px\">REKLAMA<\/span><\/div><div id=\"gliwi-3301100838\" style=\"margin-bottom: 30px;margin-left: auto;margin-right: auto;text-align: center;\"><a data-no-instant=\"1\" href=\"https:\/\/zlobek.halogen.org.pl\/\" rel=\"noopener\" class=\"a2t-link\" target=\"_blank\" aria-label=\"animator-zlobek_750x200\"><img loading=\"lazy\" decoding=\"async\" src=\"https:\/\/www.24gliwice.pl\/wiadomosci\/wp-content\/uploads\/2026\/02\/animator-zlobek_750x200.webp\" alt=\"\"  srcset=\"https:\/\/www.24gliwice.pl\/wiadomosci\/wp-content\/uploads\/2026\/02\/animator-zlobek_750x200.webp 750w, https:\/\/www.24gliwice.pl\/wiadomosci\/wp-content\/uploads\/2026\/02\/animator-zlobek_750x200-410x109.webp 410w\" sizes=\"(max-width: 750px) 100vw, 750px\" class=\"no-lazyload\" width=\"750\" height=\"200\"  style=\"display: inline-block; max-width: 100%; height: auto;\" \/><\/a><\/div><\/div>\n<blockquote><p><em>Ze wst\u0119pnych ustale\u0144 wynika, \u017ce 29-letni kierowca volkswagena, w trakcie wyprzedzania ci\u0105gu pojazd\u00f3w, utraci\u0142 panowanie nad pojazdem i zjecha\u0142 na przeciwny pas ruchu, doprowadzaj\u0105c do zderzenia z nadje\u017cd\u017caj\u0105cym z naprzeciwka dostawczym meredesem, kt\u00f3rym kierowa\u0142 61-latek. Kierowca wi\u0119kszego pojazdu zosta\u0142 opatrzony na miejscu, nie dozna\u0142 powa\u017cnych obra\u017ce\u0144<\/em><\/p><\/blockquote>\n<p>&#8211; informuje podinspektor <strong>Marek S\u0142omski<\/strong>, oficer prasowy KMP Gliwice.<\/p>\n<p>Droga by\u0142a nieprzejezdna przez wiele godzin. Na miejscu pracowali policjanci z gliwickiej drog\u00f3wki, prokurator, technik kryminalistyki oraz bieg\u0142y z zakresu rekonstrukcji wypadk\u00f3w drogowych, kt\u00f3rzy prowadzili ogl\u0119dziny.<\/p>\n<p><a href=\"https:\/\/www.24gliwice.pl\/wiadomosci\/wp-content\/uploads\/2023\/11\/smiertelny-wypadek-w-zacharzowicach-policja2.jpg\"><img loading=\"lazy\" decoding=\"async\" src=\"https:\/\/www.24gliwice.pl\/wiadomosci\/wp-content\/uploads\/2023\/11\/smiertelny-wypadek-w-zacharzowicach-policja2.jpg\" alt=\"\" width=\"810\" height=\"607\" class=\"alignnone size-full wp-image-225705\" srcset=\"https:\/\/www.24gliwice.pl\/wiadomosci\/wp-content\/uploads\/2023\/11\/smiertelny-wypadek-w-zacharzowicach-policja2.jpg 810w, https:\/\/www.24gliwice.pl\/wiadomosci\/wp-content\/uploads\/2023\/11\/smiertelny-wypadek-w-zacharzowicach-policja2-310x232.jpg 310w, https:\/\/www.24gliwice.pl\/wiadomosci\/wp-content\/uploads\/2023\/11\/smiertelny-wypadek-w-zacharzowicach-policja2-607x455.jpg 607w, https:\/\/www.24gliwice.pl\/wiadomosci\/wp-content\/uploads\/2023\/11\/smiertelny-wypadek-w-zacharzowicach-policja2-768x576.jpg 768w\" sizes=\"auto, (max-width: 810px) 100vw, 810px\" \/><\/a><\/p>\n<p>&#8211; <em>Zebrane dowody oraz zeznania \u015bwiadk\u00f3w pozwol\u0105 na ustalenie bezpo\u015brednich przyczyn i okoliczno\u015bci tego tragicznego zdarzenia. Szcz\u0105tki samochodu, kt\u00f3rym podr\u00f3\u017cowa\u0142 mieszkaniec Pyskowic, zosta\u0142y zabezpieczone do dalszych bada\u0144<\/em> &#8211; dodaje S\u0142omski. <\/p>\n<p>(\u017cms)<br \/>\nfot. KM PSP Gliwice, KMP Gliwice<\/p>\n<p><a href=\"https:\/\/www.24gliwice.pl\/wiadomosci\/wp-content\/uploads\/2023\/11\/smiertelny-wypadek-w-zacharzowicach.jpg\"><img loading=\"lazy\" decoding=\"async\" src=\"https:\/\/www.24gliwice.pl\/wiadomosci\/wp-content\/uploads\/2023\/11\/smiertelny-wypadek-w-zacharzowicach.jpg\" alt=\"\" width=\"810\" height=\"456\" class=\"alignnone size-full wp-image-225700\" srcset=\"https:\/\/www.24gliwice.pl\/wiadomosci\/wp-content\/uploads\/2023\/11\/smiertelny-wypadek-w-zacharzowicach.jpg 810w, https:\/\/www.24gliwice.pl\/wiadomosci\/wp-content\/uploads\/2023\/11\/smiertelny-wypadek-w-zacharzowicach-410x232.jpg 410w, https:\/\/www.24gliwice.pl\/wiadomosci\/wp-content\/uploads\/2023\/11\/smiertelny-wypadek-w-zacharzowicach-808x455.jpg 808w, https:\/\/www.24gliwice.pl\/wiadomosci\/wp-content\/uploads\/2023\/11\/smiertelny-wypadek-w-zacharzowicach-768x432.jpg 768w\" sizes=\"auto, (max-width: 810px) 100vw, 810px\" \/><\/a><\/p>\n<div class=\"gliwi-a5-na-koncu-artykulow gliwi-entity-placement\" id=\"gliwi-1650004038\"><div class=\"gliwi-adlabel\"><span style=\"font-size: 9px\">REKLAMA<\/span><\/div><div id=\"gliwi-2052438906\" style=\"margin-left: auto;margin-right: auto;text-align: center;\"><a data-no-instant=\"1\" href=\"https:\/\/www.jasek.pl\/\" rel=\"noopener\" class=\"a2t-link\" target=\"_blank\" aria-label=\"20200401-jasek 600\"><img loading=\"lazy\" decoding=\"async\" src=\"https:\/\/www.24gliwice.pl\/wiadomosci\/wp-content\/uploads\/2020\/04\/20200401-jasek-600.jpg\" alt=\"\"  srcset=\"https:\/\/www.24gliwice.pl\/wiadomosci\/wp-content\/uploads\/2020\/04\/20200401-jasek-600.jpg 600w, https:\/\/www.24gliwice.pl\/wiadomosci\/wp-content\/uploads\/2020\/04\/20200401-jasek-600-410x109.jpg 410w\" sizes=\"(max-width: 600px) 100vw, 600px\" class=\"no-lazyload\" width=\"600\" height=\"160\"  style=\"display: inline-block; max-width: 100%; height: auto;\" \/><\/a><\/div><\/div>","protected":false},"excerpt":{"rendered":"<p>W Zacharzowicach w powiecie gliwickim dosz\u0142o do tragicznego wypadku drogowego. W wyniku zderzenia samochodu osobowego z ci\u0119\u017carowym, \u015bmier\u0107 poni\u00f3s\u0142 kierowca pierwszego z pojazd\u00f3w. Do zdarzenia dosz\u0142o mi\u0119dzy Pyskowicami a Wielowsi\u0105 (DW 901), na \u0142uku drogi, po godzinie 17:00 w czwartek. Trasa by\u0142a zablokowana w obu kierunkach. Internauci donosili, \u017ce wskutek zdarzenia osob\u00f3wka uleg\u0142a rozerwaniu na [&hellip;]<\/p>\n","protected":false},"author":15,"featured_media":225706,"comment_status":"open","ping_status":"closed","sticky":false,"template":"","format":"standard","meta":{"_monsterinsights_skip_tracking":false,"_monsterinsights_sitenote_active":false,"_monsterinsights_sitenote_note":"","_monsterinsights_sitenote_category":0,"footnotes":"","_links_to":"","_links_to_target":""},"categories":[3,1,5],"tags":[22688,8893],"class_list":["post-225699","post","type-post","status-publish","format-standard","has-post-thumbnail","hentry","category-gliwice","category-wszystko","category-kryminalki","tag-nojasek","tag-smiertelny-wypadek"],"yoast_head":"<!-- This site is optimized with the Yoast SEO plugin v27.5 - https:\/\/yoast.com\/product\/yoast-seo-wordpress\/ -->\n<title>\u015amiertelny wypadek na DW 901. Wskutek czo\u0142owego zderzenia z ci\u0119\u017car\u00f3wk\u0105 zgin\u0105\u0142 29-letni kierowca - 24GLIWICE - Portal Gliwice | codziennie nowe informacje<\/title>\n<meta name=\"description\" content=\"Na DW901 w Zacharzowicach dosz\u0142o do \u015bmiertelnego wypadku. Na \u0142uku drogi kierowca golfa straci\u0142 panowanie i wjecha\u0107 w nadje\u017cd\u017caj\u0105c\u0105 ci\u0119\u017car\u00f3wk\u0119\" \/>\n<meta name=\"robots\" content=\"index, follow, max-snippet:-1, max-image-preview:large, max-video-preview:-1\" \/>\n<link rel=\"canonical\" href=\"https:\/\/www.24gliwice.pl\/wiadomosci\/smiertelny-wypadek-na-dw-901-wskutek-czolowego-zderzenia-z-ciezarowka-zginal-29-letni-kierowca\/\" \/>\n<meta property=\"og:locale\" content=\"pl_PL\" \/>\n<meta property=\"og:type\" content=\"article\" \/>\n<meta property=\"og:title\" content=\"\u015amiertelny wypadek na DW 901. Wskutek czo\u0142owego zderzenia z ci\u0119\u017car\u00f3wk\u0105 zgin\u0105\u0142 29-letni kierowca - 24GLIWICE - Portal Gliwice | codziennie nowe informacje\" \/>\n<meta property=\"og:description\" content=\"Na DW901 w Zacharzowicach dosz\u0142o do \u015bmiertelnego wypadku. Na \u0142uku drogi kierowca golfa straci\u0142 panowanie i wjecha\u0107 w nadje\u017cd\u017caj\u0105c\u0105 ci\u0119\u017car\u00f3wk\u0119\" \/>\n<meta property=\"og:url\" content=\"https:\/\/www.24gliwice.pl\/wiadomosci\/smiertelny-wypadek-na-dw-901-wskutek-czolowego-zderzenia-z-ciezarowka-zginal-29-letni-kierowca\/\" \/>\n<meta property=\"og:site_name\" content=\"24GLIWICE - Portal Gliwice | codziennie nowe informacje\" \/>\n<meta property=\"article:publisher\" content=\"https:\/\/www.facebook.com\/24gliwice\" \/>\n<meta property=\"article:published_time\" content=\"2023-11-17T08:56:40+00:00\" \/>\n<meta property=\"article:modified_time\" content=\"2023-11-17T08:56:56+00:00\" \/>\n<meta property=\"og:image\" content=\"https:\/\/www.24gliwice.pl\/wiadomosci\/wp-content\/uploads\/2023\/11\/smiertelny-wypadek-w-zacharzowicach-policja3.jpg\" \/>\n\t<meta property=\"og:image:width\" content=\"810\" \/>\n\t<meta property=\"og:image:height\" content=\"457\" \/>\n\t<meta property=\"og:image:type\" content=\"image\/jpeg\" \/>\n<meta name=\"author\" content=\"\u017baneta Mrozek-Siewierska\" \/>\n<meta name=\"twitter:card\" content=\"summary_large_image\" \/>\n<meta name=\"twitter:creator\" content=\"@24gliwice\" \/>\n<meta name=\"twitter:site\" content=\"@24gliwice\" \/>\n<meta name=\"twitter:label1\" content=\"Napisane przez\" \/>\n\t<meta name=\"twitter:data1\" content=\"\u017baneta Mrozek-Siewierska\" \/>\n\t<meta name=\"twitter:label2\" content=\"Szacowany czas czytania\" \/>\n\t<meta name=\"twitter:data2\" content=\"2 minuty\" \/>\n<script type=\"application\/ld+json\" class=\"yoast-schema-graph\">{\"@context\":\"https:\\\/\\\/schema.org\",\"@graph\":[{\"@type\":\"Article\",\"@id\":\"https:\\\/\\\/www.24gliwice.pl\\\/wiadomosci\\\/smiertelny-wypadek-na-dw-901-wskutek-czolowego-zderzenia-z-ciezarowka-zginal-29-letni-kierowca\\\/#article\",\"isPartOf\":{\"@id\":\"https:\\\/\\\/www.24gliwice.pl\\\/wiadomosci\\\/smiertelny-wypadek-na-dw-901-wskutek-czolowego-zderzenia-z-ciezarowka-zginal-29-letni-kierowca\\\/\"},\"author\":{\"name\":\"\u017baneta Mrozek-Siewierska\",\"@id\":\"https:\\\/\\\/www.24gliwice.pl\\\/wiadomosci\\\/#\\\/schema\\\/person\\\/e42c650edd7f2fa332be3811fb166b6e\"},\"headline\":\"\u015amiertelny wypadek na DW 901. Wskutek czo\u0142owego zderzenia z ci\u0119\u017car\u00f3wk\u0105 zgin\u0105\u0142 29-letni kierowca\",\"datePublished\":\"2023-11-17T08:56:40+00:00\",\"dateModified\":\"2023-11-17T08:56:56+00:00\",\"mainEntityOfPage\":{\"@id\":\"https:\\\/\\\/www.24gliwice.pl\\\/wiadomosci\\\/smiertelny-wypadek-na-dw-901-wskutek-czolowego-zderzenia-z-ciezarowka-zginal-29-letni-kierowca\\\/\"},\"wordCount\":297,\"commentCount\":0,\"publisher\":{\"@id\":\"https:\\\/\\\/www.24gliwice.pl\\\/wiadomosci\\\/#organization\"},\"image\":{\"@id\":\"https:\\\/\\\/www.24gliwice.pl\\\/wiadomosci\\\/smiertelny-wypadek-na-dw-901-wskutek-czolowego-zderzenia-z-ciezarowka-zginal-29-letni-kierowca\\\/#primaryimage\"},\"thumbnailUrl\":\"https:\\\/\\\/www.24gliwice.pl\\\/wiadomosci\\\/wp-content\\\/uploads\\\/2023\\\/11\\\/smiertelny-wypadek-w-zacharzowicach-policja3.jpg\",\"keywords\":[\"NOJASEK\",\"\u015aMIERTELNY WYPADEK\"],\"articleSection\":[\"Gliwice\",\"Najnowsze wiadomo\u015bci\",\"Prawo\"],\"inLanguage\":\"pl-PL\",\"potentialAction\":[{\"@type\":\"CommentAction\",\"name\":\"Comment\",\"target\":[\"https:\\\/\\\/www.24gliwice.pl\\\/wiadomosci\\\/smiertelny-wypadek-na-dw-901-wskutek-czolowego-zderzenia-z-ciezarowka-zginal-29-letni-kierowca\\\/#respond\"]}]},{\"@type\":\"WebPage\",\"@id\":\"https:\\\/\\\/www.24gliwice.pl\\\/wiadomosci\\\/smiertelny-wypadek-na-dw-901-wskutek-czolowego-zderzenia-z-ciezarowka-zginal-29-letni-kierowca\\\/\",\"url\":\"https:\\\/\\\/www.24gliwice.pl\\\/wiadomosci\\\/smiertelny-wypadek-na-dw-901-wskutek-czolowego-zderzenia-z-ciezarowka-zginal-29-letni-kierowca\\\/\",\"name\":\"\u015amiertelny wypadek na DW 901. Wskutek czo\u0142owego zderzenia z ci\u0119\u017car\u00f3wk\u0105 zgin\u0105\u0142 29-letni kierowca - 24GLIWICE - Portal Gliwice | codziennie nowe informacje\",\"isPartOf\":{\"@id\":\"https:\\\/\\\/www.24gliwice.pl\\\/wiadomosci\\\/#website\"},\"primaryImageOfPage\":{\"@id\":\"https:\\\/\\\/www.24gliwice.pl\\\/wiadomosci\\\/smiertelny-wypadek-na-dw-901-wskutek-czolowego-zderzenia-z-ciezarowka-zginal-29-letni-kierowca\\\/#primaryimage\"},\"image\":{\"@id\":\"https:\\\/\\\/www.24gliwice.pl\\\/wiadomosci\\\/smiertelny-wypadek-na-dw-901-wskutek-czolowego-zderzenia-z-ciezarowka-zginal-29-letni-kierowca\\\/#primaryimage\"},\"thumbnailUrl\":\"https:\\\/\\\/www.24gliwice.pl\\\/wiadomosci\\\/wp-content\\\/uploads\\\/2023\\\/11\\\/smiertelny-wypadek-w-zacharzowicach-policja3.jpg\",\"datePublished\":\"2023-11-17T08:56:40+00:00\",\"dateModified\":\"2023-11-17T08:56:56+00:00\",\"description\":\"Na DW901 w Zacharzowicach dosz\u0142o do \u015bmiertelnego wypadku. Na \u0142uku drogi kierowca golfa straci\u0142 panowanie i wjecha\u0107 w nadje\u017cd\u017caj\u0105c\u0105 ci\u0119\u017car\u00f3wk\u0119\",\"breadcrumb\":{\"@id\":\"https:\\\/\\\/www.24gliwice.pl\\\/wiadomosci\\\/smiertelny-wypadek-na-dw-901-wskutek-czolowego-zderzenia-z-ciezarowka-zginal-29-letni-kierowca\\\/#breadcrumb\"},\"inLanguage\":\"pl-PL\",\"potentialAction\":[{\"@type\":\"ReadAction\",\"target\":[\"https:\\\/\\\/www.24gliwice.pl\\\/wiadomosci\\\/smiertelny-wypadek-na-dw-901-wskutek-czolowego-zderzenia-z-ciezarowka-zginal-29-letni-kierowca\\\/\"]}]},{\"@type\":\"ImageObject\",\"inLanguage\":\"pl-PL\",\"@id\":\"https:\\\/\\\/www.24gliwice.pl\\\/wiadomosci\\\/smiertelny-wypadek-na-dw-901-wskutek-czolowego-zderzenia-z-ciezarowka-zginal-29-letni-kierowca\\\/#primaryimage\",\"url\":\"https:\\\/\\\/www.24gliwice.pl\\\/wiadomosci\\\/wp-content\\\/uploads\\\/2023\\\/11\\\/smiertelny-wypadek-w-zacharzowicach-policja3.jpg\",\"contentUrl\":\"https:\\\/\\\/www.24gliwice.pl\\\/wiadomosci\\\/wp-content\\\/uploads\\\/2023\\\/11\\\/smiertelny-wypadek-w-zacharzowicach-policja3.jpg\",\"width\":810,\"height\":457},{\"@type\":\"BreadcrumbList\",\"@id\":\"https:\\\/\\\/www.24gliwice.pl\\\/wiadomosci\\\/smiertelny-wypadek-na-dw-901-wskutek-czolowego-zderzenia-z-ciezarowka-zginal-29-letni-kierowca\\\/#breadcrumb\",\"itemListElement\":[{\"@type\":\"ListItem\",\"position\":1,\"name\":\"Strona g\u0142\u00f3wna\",\"item\":\"https:\\\/\\\/www.24gliwice.pl\\\/wiadomosci\\\/\"},{\"@type\":\"ListItem\",\"position\":2,\"name\":\"\u015amiertelny wypadek na DW 901. Wskutek czo\u0142owego zderzenia z ci\u0119\u017car\u00f3wk\u0105 zgin\u0105\u0142 29-letni kierowca\"}]},{\"@type\":\"WebSite\",\"@id\":\"https:\\\/\\\/www.24gliwice.pl\\\/wiadomosci\\\/#website\",\"url\":\"https:\\\/\\\/www.24gliwice.pl\\\/wiadomosci\\\/\",\"name\":\"24GLIWICE - Portal Gliwice | codziennie nowe wiadomo\u015bci\",\"description\":\"Portal Miejski Gliwice\",\"publisher\":{\"@id\":\"https:\\\/\\\/www.24gliwice.pl\\\/wiadomosci\\\/#organization\"},\"potentialAction\":[{\"@type\":\"SearchAction\",\"target\":{\"@type\":\"EntryPoint\",\"urlTemplate\":\"https:\\\/\\\/www.24gliwice.pl\\\/wiadomosci\\\/?s={search_term_string}\"},\"query-input\":{\"@type\":\"PropertyValueSpecification\",\"valueRequired\":true,\"valueName\":\"search_term_string\"}}],\"inLanguage\":\"pl-PL\"},{\"@type\":\"Organization\",\"@id\":\"https:\\\/\\\/www.24gliwice.pl\\\/wiadomosci\\\/#organization\",\"name\":\"24gliwice\",\"url\":\"https:\\\/\\\/www.24gliwice.pl\\\/wiadomosci\\\/\",\"logo\":{\"@type\":\"ImageObject\",\"inLanguage\":\"pl-PL\",\"@id\":\"https:\\\/\\\/www.24gliwice.pl\\\/wiadomosci\\\/#\\\/schema\\\/logo\\\/image\\\/\",\"url\":\"https:\\\/\\\/www.24gliwice.pl\\\/wiadomosci\\\/wp-content\\\/uploads\\\/2024\\\/10\\\/24gliwice-logo-696.jpg\",\"contentUrl\":\"https:\\\/\\\/www.24gliwice.pl\\\/wiadomosci\\\/wp-content\\\/uploads\\\/2024\\\/10\\\/24gliwice-logo-696.jpg\",\"width\":696,\"height\":696,\"caption\":\"24gliwice\"},\"image\":{\"@id\":\"https:\\\/\\\/www.24gliwice.pl\\\/wiadomosci\\\/#\\\/schema\\\/logo\\\/image\\\/\"},\"sameAs\":[\"https:\\\/\\\/www.facebook.com\\\/24gliwice\",\"https:\\\/\\\/x.com\\\/24gliwice\",\"https:\\\/\\\/www.youtube.com\\\/@24gliwice\"]},{\"@type\":\"Person\",\"@id\":\"https:\\\/\\\/www.24gliwice.pl\\\/wiadomosci\\\/#\\\/schema\\\/person\\\/e42c650edd7f2fa332be3811fb166b6e\",\"name\":\"\u017baneta Mrozek-Siewierska\",\"image\":{\"@type\":\"ImageObject\",\"inLanguage\":\"pl-PL\",\"@id\":\"https:\\\/\\\/secure.gravatar.com\\\/avatar\\\/1881429e9c64597c77ad7aef2d0a19be69a3253e57534d16aa15bf3a4d34a0a3?s=96&d=mm&r=g\",\"url\":\"https:\\\/\\\/secure.gravatar.com\\\/avatar\\\/1881429e9c64597c77ad7aef2d0a19be69a3253e57534d16aa15bf3a4d34a0a3?s=96&d=mm&r=g\",\"contentUrl\":\"https:\\\/\\\/secure.gravatar.com\\\/avatar\\\/1881429e9c64597c77ad7aef2d0a19be69a3253e57534d16aa15bf3a4d34a0a3?s=96&d=mm&r=g\",\"caption\":\"\u017baneta Mrozek-Siewierska\"},\"url\":\"https:\\\/\\\/www.24gliwice.pl\\\/wiadomosci\\\/author\\\/zms\\\/\"}]}<\/script>\n<!-- \/ Yoast SEO plugin. -->","yoast_head_json":{"title":"\u015amiertelny wypadek na DW 901. Wskutek czo\u0142owego zderzenia z ci\u0119\u017car\u00f3wk\u0105 zgin\u0105\u0142 29-letni kierowca - 24GLIWICE - Portal Gliwice | codziennie nowe informacje","description":"Na DW901 w Zacharzowicach dosz\u0142o do \u015bmiertelnego wypadku. Na \u0142uku drogi kierowca golfa straci\u0142 panowanie i wjecha\u0107 w nadje\u017cd\u017caj\u0105c\u0105 ci\u0119\u017car\u00f3wk\u0119","robots":{"index":"index","follow":"follow","max-snippet":"max-snippet:-1","max-image-preview":"max-image-preview:large","max-video-preview":"max-video-preview:-1"},"canonical":"https:\/\/www.24gliwice.pl\/wiadomosci\/smiertelny-wypadek-na-dw-901-wskutek-czolowego-zderzenia-z-ciezarowka-zginal-29-letni-kierowca\/","og_locale":"pl_PL","og_type":"article","og_title":"\u015amiertelny wypadek na DW 901. Wskutek czo\u0142owego zderzenia z ci\u0119\u017car\u00f3wk\u0105 zgin\u0105\u0142 29-letni kierowca - 24GLIWICE - Portal Gliwice | codziennie nowe informacje","og_description":"Na DW901 w Zacharzowicach dosz\u0142o do \u015bmiertelnego wypadku. Na \u0142uku drogi kierowca golfa straci\u0142 panowanie i wjecha\u0107 w nadje\u017cd\u017caj\u0105c\u0105 ci\u0119\u017car\u00f3wk\u0119","og_url":"https:\/\/www.24gliwice.pl\/wiadomosci\/smiertelny-wypadek-na-dw-901-wskutek-czolowego-zderzenia-z-ciezarowka-zginal-29-letni-kierowca\/","og_site_name":"24GLIWICE - Portal Gliwice | codziennie nowe informacje","article_publisher":"https:\/\/www.facebook.com\/24gliwice","article_published_time":"2023-11-17T08:56:40+00:00","article_modified_time":"2023-11-17T08:56:56+00:00","og_image":[{"width":810,"height":457,"url":"https:\/\/www.24gliwice.pl\/wiadomosci\/wp-content\/uploads\/2023\/11\/smiertelny-wypadek-w-zacharzowicach-policja3.jpg","type":"image\/jpeg"}],"author":"\u017baneta Mrozek-Siewierska","twitter_card":"summary_large_image","twitter_creator":"@24gliwice","twitter_site":"@24gliwice","twitter_misc":{"Napisane przez":"\u017baneta Mrozek-Siewierska","Szacowany czas czytania":"2 minuty"},"schema":{"@context":"https:\/\/schema.org","@graph":[{"@type":"Article","@id":"https:\/\/www.24gliwice.pl\/wiadomosci\/smiertelny-wypadek-na-dw-901-wskutek-czolowego-zderzenia-z-ciezarowka-zginal-29-letni-kierowca\/#article","isPartOf":{"@id":"https:\/\/www.24gliwice.pl\/wiadomosci\/smiertelny-wypadek-na-dw-901-wskutek-czolowego-zderzenia-z-ciezarowka-zginal-29-letni-kierowca\/"},"author":{"name":"\u017baneta Mrozek-Siewierska","@id":"https:\/\/www.24gliwice.pl\/wiadomosci\/#\/schema\/person\/e42c650edd7f2fa332be3811fb166b6e"},"headline":"\u015amiertelny wypadek na DW 901. Wskutek czo\u0142owego zderzenia z ci\u0119\u017car\u00f3wk\u0105 zgin\u0105\u0142 29-letni kierowca","datePublished":"2023-11-17T08:56:40+00:00","dateModified":"2023-11-17T08:56:56+00:00","mainEntityOfPage":{"@id":"https:\/\/www.24gliwice.pl\/wiadomosci\/smiertelny-wypadek-na-dw-901-wskutek-czolowego-zderzenia-z-ciezarowka-zginal-29-letni-kierowca\/"},"wordCount":297,"commentCount":0,"publisher":{"@id":"https:\/\/www.24gliwice.pl\/wiadomosci\/#organization"},"image":{"@id":"https:\/\/www.24gliwice.pl\/wiadomosci\/smiertelny-wypadek-na-dw-901-wskutek-czolowego-zderzenia-z-ciezarowka-zginal-29-letni-kierowca\/#primaryimage"},"thumbnailUrl":"https:\/\/www.24gliwice.pl\/wiadomosci\/wp-content\/uploads\/2023\/11\/smiertelny-wypadek-w-zacharzowicach-policja3.jpg","keywords":["NOJASEK","\u015aMIERTELNY WYPADEK"],"articleSection":["Gliwice","Najnowsze wiadomo\u015bci","Prawo"],"inLanguage":"pl-PL","potentialAction":[{"@type":"CommentAction","name":"Comment","target":["https:\/\/www.24gliwice.pl\/wiadomosci\/smiertelny-wypadek-na-dw-901-wskutek-czolowego-zderzenia-z-ciezarowka-zginal-29-letni-kierowca\/#respond"]}]},{"@type":"WebPage","@id":"https:\/\/www.24gliwice.pl\/wiadomosci\/smiertelny-wypadek-na-dw-901-wskutek-czolowego-zderzenia-z-ciezarowka-zginal-29-letni-kierowca\/","url":"https:\/\/www.24gliwice.pl\/wiadomosci\/smiertelny-wypadek-na-dw-901-wskutek-czolowego-zderzenia-z-ciezarowka-zginal-29-letni-kierowca\/","name":"\u015amiertelny wypadek na DW 901. Wskutek czo\u0142owego zderzenia z ci\u0119\u017car\u00f3wk\u0105 zgin\u0105\u0142 29-letni kierowca - 24GLIWICE - Portal Gliwice | codziennie nowe informacje","isPartOf":{"@id":"https:\/\/www.24gliwice.pl\/wiadomosci\/#website"},"primaryImageOfPage":{"@id":"https:\/\/www.24gliwice.pl\/wiadomosci\/smiertelny-wypadek-na-dw-901-wskutek-czolowego-zderzenia-z-ciezarowka-zginal-29-letni-kierowca\/#primaryimage"},"image":{"@id":"https:\/\/www.24gliwice.pl\/wiadomosci\/smiertelny-wypadek-na-dw-901-wskutek-czolowego-zderzenia-z-ciezarowka-zginal-29-letni-kierowca\/#primaryimage"},"thumbnailUrl":"https:\/\/www.24gliwice.pl\/wiadomosci\/wp-content\/uploads\/2023\/11\/smiertelny-wypadek-w-zacharzowicach-policja3.jpg","datePublished":"2023-11-17T08:56:40+00:00","dateModified":"2023-11-17T08:56:56+00:00","description":"Na DW901 w Zacharzowicach dosz\u0142o do \u015bmiertelnego wypadku. Na \u0142uku drogi kierowca golfa straci\u0142 panowanie i wjecha\u0107 w nadje\u017cd\u017caj\u0105c\u0105 ci\u0119\u017car\u00f3wk\u0119","breadcrumb":{"@id":"https:\/\/www.24gliwice.pl\/wiadomosci\/smiertelny-wypadek-na-dw-901-wskutek-czolowego-zderzenia-z-ciezarowka-zginal-29-letni-kierowca\/#breadcrumb"},"inLanguage":"pl-PL","potentialAction":[{"@type":"ReadAction","target":["https:\/\/www.24gliwice.pl\/wiadomosci\/smiertelny-wypadek-na-dw-901-wskutek-czolowego-zderzenia-z-ciezarowka-zginal-29-letni-kierowca\/"]}]},{"@type":"ImageObject","inLanguage":"pl-PL","@id":"https:\/\/www.24gliwice.pl\/wiadomosci\/smiertelny-wypadek-na-dw-901-wskutek-czolowego-zderzenia-z-ciezarowka-zginal-29-letni-kierowca\/#primaryimage","url":"https:\/\/www.24gliwice.pl\/wiadomosci\/wp-content\/uploads\/2023\/11\/smiertelny-wypadek-w-zacharzowicach-policja3.jpg","contentUrl":"https:\/\/www.24gliwice.pl\/wiadomosci\/wp-content\/uploads\/2023\/11\/smiertelny-wypadek-w-zacharzowicach-policja3.jpg","width":810,"height":457},{"@type":"BreadcrumbList","@id":"https:\/\/www.24gliwice.pl\/wiadomosci\/smiertelny-wypadek-na-dw-901-wskutek-czolowego-zderzenia-z-ciezarowka-zginal-29-letni-kierowca\/#breadcrumb","itemListElement":[{"@type":"ListItem","position":1,"name":"Strona g\u0142\u00f3wna","item":"https:\/\/www.24gliwice.pl\/wiadomosci\/"},{"@type":"ListItem","position":2,"name":"\u015amiertelny wypadek na DW 901. Wskutek czo\u0142owego zderzenia z ci\u0119\u017car\u00f3wk\u0105 zgin\u0105\u0142 29-letni kierowca"}]},{"@type":"WebSite","@id":"https:\/\/www.24gliwice.pl\/wiadomosci\/#website","url":"https:\/\/www.24gliwice.pl\/wiadomosci\/","name":"24GLIWICE - Portal Gliwice | codziennie nowe wiadomo\u015bci","description":"Portal Miejski Gliwice","publisher":{"@id":"https:\/\/www.24gliwice.pl\/wiadomosci\/#organization"},"potentialAction":[{"@type":"SearchAction","target":{"@type":"EntryPoint","urlTemplate":"https:\/\/www.24gliwice.pl\/wiadomosci\/?s={search_term_string}"},"query-input":{"@type":"PropertyValueSpecification","valueRequired":true,"valueName":"search_term_string"}}],"inLanguage":"pl-PL"},{"@type":"Organization","@id":"https:\/\/www.24gliwice.pl\/wiadomosci\/#organization","name":"24gliwice","url":"https:\/\/www.24gliwice.pl\/wiadomosci\/","logo":{"@type":"ImageObject","inLanguage":"pl-PL","@id":"https:\/\/www.24gliwice.pl\/wiadomosci\/#\/schema\/logo\/image\/","url":"https:\/\/www.24gliwice.pl\/wiadomosci\/wp-content\/uploads\/2024\/10\/24gliwice-logo-696.jpg","contentUrl":"https:\/\/www.24gliwice.pl\/wiadomosci\/wp-content\/uploads\/2024\/10\/24gliwice-logo-696.jpg","width":696,"height":696,"caption":"24gliwice"},"image":{"@id":"https:\/\/www.24gliwice.pl\/wiadomosci\/#\/schema\/logo\/image\/"},"sameAs":["https:\/\/www.facebook.com\/24gliwice","https:\/\/x.com\/24gliwice","https:\/\/www.youtube.com\/@24gliwice"]},{"@type":"Person","@id":"https:\/\/www.24gliwice.pl\/wiadomosci\/#\/schema\/person\/e42c650edd7f2fa332be3811fb166b6e","name":"\u017baneta Mrozek-Siewierska","image":{"@type":"ImageObject","inLanguage":"pl-PL","@id":"https:\/\/secure.gravatar.com\/avatar\/1881429e9c64597c77ad7aef2d0a19be69a3253e57534d16aa15bf3a4d34a0a3?s=96&d=mm&r=g","url":"https:\/\/secure.gravatar.com\/avatar\/1881429e9c64597c77ad7aef2d0a19be69a3253e57534d16aa15bf3a4d34a0a3?s=96&d=mm&r=g","contentUrl":"https:\/\/secure.gravatar.com\/avatar\/1881429e9c64597c77ad7aef2d0a19be69a3253e57534d16aa15bf3a4d34a0a3?s=96&d=mm&r=g","caption":"\u017baneta Mrozek-Siewierska"},"url":"https:\/\/www.24gliwice.pl\/wiadomosci\/author\/zms\/"}]}},"_links":{"self":[{"href":"https:\/\/www.24gliwice.pl\/wiadomosci\/wp-json\/wp\/v2\/posts\/225699","targetHints":{"allow":["GET"]}}],"collection":[{"href":"https:\/\/www.24gliwice.pl\/wiadomosci\/wp-json\/wp\/v2\/posts"}],"about":[{"href":"https:\/\/www.24gliwice.pl\/wiadomosci\/wp-json\/wp\/v2\/types\/post"}],"author":[{"embeddable":true,"href":"https:\/\/www.24gliwice.pl\/wiadomosci\/wp-json\/wp\/v2\/users\/15"}],"replies":[{"embeddable":true,"href":"https:\/\/www.24gliwice.pl\/wiadomosci\/wp-json\/wp\/v2\/comments?post=225699"}],"version-history":[{"count":0,"href":"https:\/\/www.24gliwice.pl\/wiadomosci\/wp-json\/wp\/v2\/posts\/225699\/revisions"}],"wp:featuredmedia":[{"embeddable":true,"href":"https:\/\/www.24gliwice.pl\/wiadomosci\/wp-json\/wp\/v2\/media\/225706"}],"wp:attachment":[{"href":"https:\/\/www.24gliwice.pl\/wiadomosci\/wp-json\/wp\/v2\/media?parent=225699"}],"wp:term":[{"taxonomy":"category","embeddable":true,"href":"https:\/\/www.24gliwice.pl\/wiadomosci\/wp-json\/wp\/v2\/categories?post=225699"},{"taxonomy":"post_tag","embeddable":true,"href":"https:\/\/www.24gliwice.pl\/wiadomosci\/wp-json\/wp\/v2\/tags?post=225699"}],"curies":[{"name":"wp","href":"https:\/\/api.w.org\/{rel}","templated":true}]}}