{"id":226432,"date":"2023-11-29T15:33:20","date_gmt":"2023-11-29T14:33:20","guid":{"rendered":"https:\/\/www.24gliwice.pl\/wiadomosci\/?p=226432"},"modified":"2023-11-29T16:20:39","modified_gmt":"2023-11-29T15:20:39","slug":"uczniowie-z-22-gliwickich-szkol-wyroznieni-podczas-gali-gliwickiego-lauru-nauki-2023","status":"publish","type":"post","link":"https:\/\/www.24gliwice.pl\/wiadomosci\/uczniowie-z-22-gliwickich-szkol-wyroznieni-podczas-gali-gliwickiego-lauru-nauki-2023\/","title":{"rendered":"Uczniowie i pedagodzy z 22 gliwickich szk\u00f3\u0142 wyr\u00f3\u017cnieni podczas gali Gliwickiego Lauru Nauki 2023"},"content":{"rendered":"<h3><strong>\u0141\u0105cznie 89 uczni\u00f3w z 22 gliwickich szk\u00f3\u0142 zosta\u0142o wyr\u00f3\u017cnionych podczas uroczystej gali Gliwickiego Lauru Nauki 2023, kt\u00f3ra odby\u0142a si\u0119 w poniedzia\u0142ek, 27 listopada, w Kinie Amok. Nagrody wr\u0119czy\u0142 uczniom prezydent Gliwic Adam Neumann, kt\u00f3ry uhonorowa\u0142 tak\u017ce 59 pedagog\u00f3w i dyrektor\u00f3w gliwickich szk\u00f3\u0142, do kt\u00f3rych ucz\u0119szczaj\u0105 laureaci.<\/strong><\/h3>\n<p>&nbsp;<br \/>\n\u2013\u00a0<em>W tym roku nagrodzonych za wspania\u0142e wyniki w nauce zosta\u0142o wielu uczni\u00f3w gliwickich szk\u00f3\u0142. To \u015bwiadczy o tym, \u017ce poziom kszta\u0142cenia w Gliwicach jest bardzo wysoki i to niezwykle nas cieszy. Najbardziej powinni\u015bmy dba\u0107 \u2013 co zreszt\u0105 staramy si\u0119 robi\u0107 \u2013 o ucz\u0105ce si\u0119 dzieci i m\u0142odzie\u017c, bo to jest przysz\u0142o\u015b\u0107 naszego miasta. Chcieliby\u015bmy, aby po sko\u0144czeniu szko\u0142y i studi\u00f3w wy\u017cszych zdecydowali si\u0119 zosta\u0107 w Gliwicach i pracowa\u0107 zawodowo na rzecz naszego miasta<\/em>\u00a0\u2013 m\u00f3wi\u0142 prezydent Gliwic\u00a0<strong>Adam Neumann<\/strong>.<\/p>\n<div id=\"attachment_226438\" style=\"width: 820px\" class=\"wp-caption aligncenter\"><img loading=\"lazy\" decoding=\"async\" aria-describedby=\"caption-attachment-226438\" src=\"https:\/\/www.24gliwice.pl\/wiadomosci\/wp-content\/uploads\/2023\/11\/061_1.jpg\" alt=\"\" width=\"810\" height=\"541\" class=\"size-full wp-image-226438\" srcset=\"https:\/\/www.24gliwice.pl\/wiadomosci\/wp-content\/uploads\/2023\/11\/061_1.jpg 810w, https:\/\/www.24gliwice.pl\/wiadomosci\/wp-content\/uploads\/2023\/11\/061_1-347x232.jpg 347w, https:\/\/www.24gliwice.pl\/wiadomosci\/wp-content\/uploads\/2023\/11\/061_1-681x455.jpg 681w, https:\/\/www.24gliwice.pl\/wiadomosci\/wp-content\/uploads\/2023\/11\/061_1-768x513.jpg 768w\" sizes=\"auto, (max-width: 810px) 100vw, 810px\" \/><p id=\"caption-attachment-226438\" class=\"wp-caption-text\">Fot. D. Nita-Garbiec\/ED<\/p><\/div>\n<p>W\u015br\u00f3d nagrodzonych w XVIII edycji Gliwickiego Lauru Nauki znale\u017ali si\u0119 laureaci i finali\u015bci konkurs\u00f3w przedmiotowych oraz olimpiad o zasi\u0119gu wojew\u00f3dzkim i krajowym, a tak\u017ce zdobywcy stypendium Prezydenta Miasta Gliwice \u2013 w tym 36 uczni\u00f3w szk\u00f3\u0142 podstawowych i 53 uczni\u00f3w szk\u00f3\u0142 \u015brednich.<\/p>\n<div id=\"attachment_226437\" style=\"width: 820px\" class=\"wp-caption aligncenter\"><img loading=\"lazy\" decoding=\"async\" aria-describedby=\"caption-attachment-226437\" src=\"https:\/\/www.24gliwice.pl\/wiadomosci\/wp-content\/uploads\/2023\/11\/014_0.jpg\" alt=\"\" width=\"810\" height=\"541\" class=\"size-full wp-image-226437\" srcset=\"https:\/\/www.24gliwice.pl\/wiadomosci\/wp-content\/uploads\/2023\/11\/014_0.jpg 810w, https:\/\/www.24gliwice.pl\/wiadomosci\/wp-content\/uploads\/2023\/11\/014_0-347x232.jpg 347w, https:\/\/www.24gliwice.pl\/wiadomosci\/wp-content\/uploads\/2023\/11\/014_0-681x455.jpg 681w, https:\/\/www.24gliwice.pl\/wiadomosci\/wp-content\/uploads\/2023\/11\/014_0-768x513.jpg 768w\" sizes=\"auto, (max-width: 810px) 100vw, 810px\" \/><p id=\"caption-attachment-226437\" class=\"wp-caption-text\">Fot. D. Nita-Garbiec\/ED<\/p><\/div>\n<p>\u2013\u00a0<em>Mamy zdoln\u0105 m\u0142odzie\u017c i jestem pewna, \u017ce r\u00f3wnie\u017c w przysz\u0142o\u015bci b\u0119dziemy mieli zdoln\u0105 m\u0142odzie\u017c. Na szcz\u0119\u015bcie jest du\u017co m\u0142odych ludzi, kt\u00f3rym bardzo zale\u017cy na tym, aby zdobywa\u0107 wiedz\u0119, a tym samym budowa\u0107 nasz\u0105 przysz\u0142o\u015b\u0107<\/em>\u00a0\u2013 podsumowa\u0142a Anna Krasowska, dyrektorka SP nr 21 w Gliwicach i organizatorka gali.<\/p>\n<div id=\"attachment_226440\" style=\"width: 820px\" class=\"wp-caption aligncenter\"><img loading=\"lazy\" decoding=\"async\" aria-describedby=\"caption-attachment-226440\" src=\"https:\/\/www.24gliwice.pl\/wiadomosci\/wp-content\/uploads\/2023\/11\/280.jpg\" alt=\"\" width=\"810\" height=\"541\" class=\"size-full wp-image-226440\" srcset=\"https:\/\/www.24gliwice.pl\/wiadomosci\/wp-content\/uploads\/2023\/11\/280.jpg 810w, https:\/\/www.24gliwice.pl\/wiadomosci\/wp-content\/uploads\/2023\/11\/280-347x232.jpg 347w, https:\/\/www.24gliwice.pl\/wiadomosci\/wp-content\/uploads\/2023\/11\/280-681x455.jpg 681w, https:\/\/www.24gliwice.pl\/wiadomosci\/wp-content\/uploads\/2023\/11\/280-768x513.jpg 768w\" sizes=\"auto, (max-width: 810px) 100vw, 810px\" \/><p id=\"caption-attachment-226440\" class=\"wp-caption-text\">Fot. D. Nita-Garbiec\/ED<\/p><\/div>\n<div id=\"attachment_226441\" style=\"width: 820px\" class=\"wp-caption aligncenter\"><img loading=\"lazy\" decoding=\"async\" aria-describedby=\"caption-attachment-226441\" src=\"https:\/\/www.24gliwice.pl\/wiadomosci\/wp-content\/uploads\/2023\/11\/410.jpg\" alt=\"\" width=\"810\" height=\"541\" class=\"size-full wp-image-226441\" srcset=\"https:\/\/www.24gliwice.pl\/wiadomosci\/wp-content\/uploads\/2023\/11\/410.jpg 810w, https:\/\/www.24gliwice.pl\/wiadomosci\/wp-content\/uploads\/2023\/11\/410-347x232.jpg 347w, https:\/\/www.24gliwice.pl\/wiadomosci\/wp-content\/uploads\/2023\/11\/410-681x455.jpg 681w, https:\/\/www.24gliwice.pl\/wiadomosci\/wp-content\/uploads\/2023\/11\/410-768x513.jpg 768w\" sizes=\"auto, (max-width: 810px) 100vw, 810px\" \/><p id=\"caption-attachment-226441\" class=\"wp-caption-text\">Fot. D. Nita-Garbiec\/ED<\/p><\/div>\n<p>Wszystkim nagrodzonym uczniom oraz ich nauczycielom serdecznie gratulujemy i \u017cyczymy dalszych sukces\u00f3w! (ml)<\/p>\n<p><small>Publikacja: Miasto Gliwice<\/small><\/p>\n","protected":false},"excerpt":{"rendered":"<p>\u0141\u0105cznie 89 uczni\u00f3w z 22 gliwickich szk\u00f3\u0142 zosta\u0142o wyr\u00f3\u017cnionych podczas uroczystej gali Gliwickiego Lauru Nauki 2023, kt\u00f3ra odby\u0142a si\u0119 w poniedzia\u0142ek, 27 listopada, w Kinie Amok. Nagrody wr\u0119czy\u0142 uczniom prezydent Gliwic Adam Neumann, kt\u00f3ry uhonorowa\u0142 tak\u017ce 59 pedagog\u00f3w i dyrektor\u00f3w gliwickich szk\u00f3\u0142, do kt\u00f3rych ucz\u0119szczaj\u0105 laureaci. &nbsp; \u2013\u00a0W tym roku nagrodzonych za wspania\u0142e wyniki w [&hellip;]<\/p>\n","protected":false},"author":4,"featured_media":226439,"comment_status":"closed","ping_status":"closed","sticky":false,"template":"","format":"standard","meta":{"_monsterinsights_skip_tracking":false,"_monsterinsights_sitenote_active":false,"_monsterinsights_sitenote_note":"","_monsterinsights_sitenote_category":0,"footnotes":"","_links_to":"","_links_to_target":""},"categories":[3,1,8],"tags":[],"class_list":["post-226432","post","type-post","status-publish","format-standard","has-post-thumbnail","hentry","category-gliwice","category-wszystko","category-samorzad_polityka"],"yoast_head":"<!-- This site is optimized with the Yoast SEO plugin v27.5 - https:\/\/yoast.com\/product\/yoast-seo-wordpress\/ -->\n<title>Uczniowie i pedagodzy z 22 gliwickich szk\u00f3\u0142 wyr\u00f3\u017cnieni podczas gali Gliwickiego Lauru Nauki 2023 - 24GLIWICE - Portal Gliwice | codziennie nowe informacje<\/title>\n<meta name=\"robots\" content=\"index, follow, max-snippet:-1, max-image-preview:large, max-video-preview:-1\" \/>\n<link rel=\"canonical\" href=\"https:\/\/www.24gliwice.pl\/wiadomosci\/uczniowie-z-22-gliwickich-szkol-wyroznieni-podczas-gali-gliwickiego-lauru-nauki-2023\/\" \/>\n<meta property=\"og:locale\" content=\"pl_PL\" \/>\n<meta property=\"og:type\" content=\"article\" \/>\n<meta property=\"og:title\" content=\"Uczniowie i pedagodzy z 22 gliwickich szk\u00f3\u0142 wyr\u00f3\u017cnieni podczas gali Gliwickiego Lauru Nauki 2023 - 24GLIWICE - Portal Gliwice | codziennie nowe informacje\" \/>\n<meta property=\"og:description\" content=\"\u0141\u0105cznie 89 uczni\u00f3w z 22 gliwickich szk\u00f3\u0142 zosta\u0142o wyr\u00f3\u017cnionych podczas uroczystej gali Gliwickiego Lauru Nauki 2023, kt\u00f3ra odby\u0142a si\u0119 w poniedzia\u0142ek, 27 listopada, w Kinie Amok. Nagrody wr\u0119czy\u0142 uczniom prezydent Gliwic Adam Neumann, kt\u00f3ry uhonorowa\u0142 tak\u017ce 59 pedagog\u00f3w i dyrektor\u00f3w gliwickich szk\u00f3\u0142, do kt\u00f3rych ucz\u0119szczaj\u0105 laureaci. &nbsp; \u2013\u00a0W tym roku nagrodzonych za wspania\u0142e wyniki w [&hellip;]\" \/>\n<meta property=\"og:url\" content=\"https:\/\/www.24gliwice.pl\/wiadomosci\/uczniowie-z-22-gliwickich-szkol-wyroznieni-podczas-gali-gliwickiego-lauru-nauki-2023\/\" \/>\n<meta property=\"og:site_name\" content=\"24GLIWICE - Portal Gliwice | codziennie nowe informacje\" \/>\n<meta property=\"article:publisher\" content=\"https:\/\/www.facebook.com\/24gliwice\" \/>\n<meta property=\"article:author\" content=\"https:\/\/www.facebook.com\/marcin.fabrykowski\" \/>\n<meta property=\"article:published_time\" content=\"2023-11-29T14:33:20+00:00\" \/>\n<meta property=\"article:modified_time\" content=\"2023-11-29T15:20:39+00:00\" \/>\n<meta property=\"og:image\" content=\"https:\/\/www.24gliwice.pl\/wiadomosci\/wp-content\/uploads\/2023\/11\/087.jpg\" \/>\n\t<meta property=\"og:image:width\" content=\"810\" \/>\n\t<meta property=\"og:image:height\" content=\"541\" \/>\n\t<meta property=\"og:image:type\" content=\"image\/jpeg\" \/>\n<meta name=\"author\" content=\"Marcin Fabrykowski\" \/>\n<meta name=\"twitter:card\" content=\"summary_large_image\" \/>\n<meta name=\"twitter:creator\" content=\"@24gliwice\" \/>\n<meta name=\"twitter:site\" content=\"@24gliwice\" \/>\n<meta name=\"twitter:label1\" content=\"Napisane przez\" \/>\n\t<meta name=\"twitter:data1\" content=\"Marcin Fabrykowski\" \/>\n\t<meta name=\"twitter:label2\" content=\"Szacowany czas czytania\" \/>\n\t<meta name=\"twitter:data2\" content=\"3 minuty\" \/>\n<script type=\"application\/ld+json\" class=\"yoast-schema-graph\">{\"@context\":\"https:\\\/\\\/schema.org\",\"@graph\":[{\"@type\":\"Article\",\"@id\":\"https:\\\/\\\/www.24gliwice.pl\\\/wiadomosci\\\/uczniowie-z-22-gliwickich-szkol-wyroznieni-podczas-gali-gliwickiego-lauru-nauki-2023\\\/#article\",\"isPartOf\":{\"@id\":\"https:\\\/\\\/www.24gliwice.pl\\\/wiadomosci\\\/uczniowie-z-22-gliwickich-szkol-wyroznieni-podczas-gali-gliwickiego-lauru-nauki-2023\\\/\"},\"author\":{\"name\":\"Marcin Fabrykowski\",\"@id\":\"https:\\\/\\\/www.24gliwice.pl\\\/wiadomosci\\\/#\\\/schema\\\/person\\\/cb5857e4a4d048c15984c1edcc8ef0c0\"},\"headline\":\"Uczniowie i pedagodzy z 22 gliwickich szk\u00f3\u0142 wyr\u00f3\u017cnieni podczas gali Gliwickiego Lauru Nauki 2023\",\"datePublished\":\"2023-11-29T14:33:20+00:00\",\"dateModified\":\"2023-11-29T15:20:39+00:00\",\"mainEntityOfPage\":{\"@id\":\"https:\\\/\\\/www.24gliwice.pl\\\/wiadomosci\\\/uczniowie-z-22-gliwickich-szkol-wyroznieni-podczas-gali-gliwickiego-lauru-nauki-2023\\\/\"},\"wordCount\":325,\"publisher\":{\"@id\":\"https:\\\/\\\/www.24gliwice.pl\\\/wiadomosci\\\/#organization\"},\"image\":{\"@id\":\"https:\\\/\\\/www.24gliwice.pl\\\/wiadomosci\\\/uczniowie-z-22-gliwickich-szkol-wyroznieni-podczas-gali-gliwickiego-lauru-nauki-2023\\\/#primaryimage\"},\"thumbnailUrl\":\"https:\\\/\\\/www.24gliwice.pl\\\/wiadomosci\\\/wp-content\\\/uploads\\\/2023\\\/11\\\/087.jpg\",\"articleSection\":[\"Gliwice\",\"Najnowsze wiadomo\u015bci\",\"Samorz\u0105d, polityka\"],\"inLanguage\":\"pl-PL\"},{\"@type\":\"WebPage\",\"@id\":\"https:\\\/\\\/www.24gliwice.pl\\\/wiadomosci\\\/uczniowie-z-22-gliwickich-szkol-wyroznieni-podczas-gali-gliwickiego-lauru-nauki-2023\\\/\",\"url\":\"https:\\\/\\\/www.24gliwice.pl\\\/wiadomosci\\\/uczniowie-z-22-gliwickich-szkol-wyroznieni-podczas-gali-gliwickiego-lauru-nauki-2023\\\/\",\"name\":\"Uczniowie i pedagodzy z 22 gliwickich szk\u00f3\u0142 wyr\u00f3\u017cnieni podczas gali Gliwickiego Lauru Nauki 2023 - 24GLIWICE - Portal Gliwice | codziennie nowe informacje\",\"isPartOf\":{\"@id\":\"https:\\\/\\\/www.24gliwice.pl\\\/wiadomosci\\\/#website\"},\"primaryImageOfPage\":{\"@id\":\"https:\\\/\\\/www.24gliwice.pl\\\/wiadomosci\\\/uczniowie-z-22-gliwickich-szkol-wyroznieni-podczas-gali-gliwickiego-lauru-nauki-2023\\\/#primaryimage\"},\"image\":{\"@id\":\"https:\\\/\\\/www.24gliwice.pl\\\/wiadomosci\\\/uczniowie-z-22-gliwickich-szkol-wyroznieni-podczas-gali-gliwickiego-lauru-nauki-2023\\\/#primaryimage\"},\"thumbnailUrl\":\"https:\\\/\\\/www.24gliwice.pl\\\/wiadomosci\\\/wp-content\\\/uploads\\\/2023\\\/11\\\/087.jpg\",\"datePublished\":\"2023-11-29T14:33:20+00:00\",\"dateModified\":\"2023-11-29T15:20:39+00:00\",\"breadcrumb\":{\"@id\":\"https:\\\/\\\/www.24gliwice.pl\\\/wiadomosci\\\/uczniowie-z-22-gliwickich-szkol-wyroznieni-podczas-gali-gliwickiego-lauru-nauki-2023\\\/#breadcrumb\"},\"inLanguage\":\"pl-PL\",\"potentialAction\":[{\"@type\":\"ReadAction\",\"target\":[\"https:\\\/\\\/www.24gliwice.pl\\\/wiadomosci\\\/uczniowie-z-22-gliwickich-szkol-wyroznieni-podczas-gali-gliwickiego-lauru-nauki-2023\\\/\"]}]},{\"@type\":\"ImageObject\",\"inLanguage\":\"pl-PL\",\"@id\":\"https:\\\/\\\/www.24gliwice.pl\\\/wiadomosci\\\/uczniowie-z-22-gliwickich-szkol-wyroznieni-podczas-gali-gliwickiego-lauru-nauki-2023\\\/#primaryimage\",\"url\":\"https:\\\/\\\/www.24gliwice.pl\\\/wiadomosci\\\/wp-content\\\/uploads\\\/2023\\\/11\\\/087.jpg\",\"contentUrl\":\"https:\\\/\\\/www.24gliwice.pl\\\/wiadomosci\\\/wp-content\\\/uploads\\\/2023\\\/11\\\/087.jpg\",\"width\":810,\"height\":541,\"caption\":\"Fot. D. Nita-Garbiec\\\/ED\"},{\"@type\":\"BreadcrumbList\",\"@id\":\"https:\\\/\\\/www.24gliwice.pl\\\/wiadomosci\\\/uczniowie-z-22-gliwickich-szkol-wyroznieni-podczas-gali-gliwickiego-lauru-nauki-2023\\\/#breadcrumb\",\"itemListElement\":[{\"@type\":\"ListItem\",\"position\":1,\"name\":\"Strona g\u0142\u00f3wna\",\"item\":\"https:\\\/\\\/www.24gliwice.pl\\\/wiadomosci\\\/\"},{\"@type\":\"ListItem\",\"position\":2,\"name\":\"Uczniowie i pedagodzy z 22 gliwickich szk\u00f3\u0142 wyr\u00f3\u017cnieni podczas gali Gliwickiego Lauru Nauki 2023\"}]},{\"@type\":\"WebSite\",\"@id\":\"https:\\\/\\\/www.24gliwice.pl\\\/wiadomosci\\\/#website\",\"url\":\"https:\\\/\\\/www.24gliwice.pl\\\/wiadomosci\\\/\",\"name\":\"24GLIWICE - Portal Gliwice | codziennie nowe wiadomo\u015bci\",\"description\":\"Portal Miejski Gliwice\",\"publisher\":{\"@id\":\"https:\\\/\\\/www.24gliwice.pl\\\/wiadomosci\\\/#organization\"},\"potentialAction\":[{\"@type\":\"SearchAction\",\"target\":{\"@type\":\"EntryPoint\",\"urlTemplate\":\"https:\\\/\\\/www.24gliwice.pl\\\/wiadomosci\\\/?s={search_term_string}\"},\"query-input\":{\"@type\":\"PropertyValueSpecification\",\"valueRequired\":true,\"valueName\":\"search_term_string\"}}],\"inLanguage\":\"pl-PL\"},{\"@type\":\"Organization\",\"@id\":\"https:\\\/\\\/www.24gliwice.pl\\\/wiadomosci\\\/#organization\",\"name\":\"24gliwice\",\"url\":\"https:\\\/\\\/www.24gliwice.pl\\\/wiadomosci\\\/\",\"logo\":{\"@type\":\"ImageObject\",\"inLanguage\":\"pl-PL\",\"@id\":\"https:\\\/\\\/www.24gliwice.pl\\\/wiadomosci\\\/#\\\/schema\\\/logo\\\/image\\\/\",\"url\":\"https:\\\/\\\/www.24gliwice.pl\\\/wiadomosci\\\/wp-content\\\/uploads\\\/2024\\\/10\\\/24gliwice-logo-696.jpg\",\"contentUrl\":\"https:\\\/\\\/www.24gliwice.pl\\\/wiadomosci\\\/wp-content\\\/uploads\\\/2024\\\/10\\\/24gliwice-logo-696.jpg\",\"width\":696,\"height\":696,\"caption\":\"24gliwice\"},\"image\":{\"@id\":\"https:\\\/\\\/www.24gliwice.pl\\\/wiadomosci\\\/#\\\/schema\\\/logo\\\/image\\\/\"},\"sameAs\":[\"https:\\\/\\\/www.facebook.com\\\/24gliwice\",\"https:\\\/\\\/x.com\\\/24gliwice\",\"https:\\\/\\\/www.youtube.com\\\/@24gliwice\"]},{\"@type\":\"Person\",\"@id\":\"https:\\\/\\\/www.24gliwice.pl\\\/wiadomosci\\\/#\\\/schema\\\/person\\\/cb5857e4a4d048c15984c1edcc8ef0c0\",\"name\":\"Marcin Fabrykowski\",\"image\":{\"@type\":\"ImageObject\",\"inLanguage\":\"pl-PL\",\"@id\":\"https:\\\/\\\/www.24gliwice.pl\\\/wiadomosci\\\/wp-content\\\/uploads\\\/2025\\\/11\\\/zdjecie-moje-marcin-300-96x96.jpg\",\"url\":\"https:\\\/\\\/www.24gliwice.pl\\\/wiadomosci\\\/wp-content\\\/uploads\\\/2025\\\/11\\\/zdjecie-moje-marcin-300-96x96.jpg\",\"contentUrl\":\"https:\\\/\\\/www.24gliwice.pl\\\/wiadomosci\\\/wp-content\\\/uploads\\\/2025\\\/11\\\/zdjecie-moje-marcin-300-96x96.jpg\",\"caption\":\"Marcin Fabrykowski\"},\"sameAs\":[\"http:\\\/\\\/24gliwice.pl\",\"https:\\\/\\\/www.facebook.com\\\/marcin.fabrykowski\"],\"url\":\"https:\\\/\\\/www.24gliwice.pl\\\/wiadomosci\\\/author\\\/marcin-fabrykowski\\\/\"}]}<\/script>\n<!-- \/ Yoast SEO plugin. -->","yoast_head_json":{"title":"Uczniowie i pedagodzy z 22 gliwickich szk\u00f3\u0142 wyr\u00f3\u017cnieni podczas gali Gliwickiego Lauru Nauki 2023 - 24GLIWICE - Portal Gliwice | codziennie nowe informacje","robots":{"index":"index","follow":"follow","max-snippet":"max-snippet:-1","max-image-preview":"max-image-preview:large","max-video-preview":"max-video-preview:-1"},"canonical":"https:\/\/www.24gliwice.pl\/wiadomosci\/uczniowie-z-22-gliwickich-szkol-wyroznieni-podczas-gali-gliwickiego-lauru-nauki-2023\/","og_locale":"pl_PL","og_type":"article","og_title":"Uczniowie i pedagodzy z 22 gliwickich szk\u00f3\u0142 wyr\u00f3\u017cnieni podczas gali Gliwickiego Lauru Nauki 2023 - 24GLIWICE - Portal Gliwice | codziennie nowe informacje","og_description":"\u0141\u0105cznie 89 uczni\u00f3w z 22 gliwickich szk\u00f3\u0142 zosta\u0142o wyr\u00f3\u017cnionych podczas uroczystej gali Gliwickiego Lauru Nauki 2023, kt\u00f3ra odby\u0142a si\u0119 w poniedzia\u0142ek, 27 listopada, w Kinie Amok. Nagrody wr\u0119czy\u0142 uczniom prezydent Gliwic Adam Neumann, kt\u00f3ry uhonorowa\u0142 tak\u017ce 59 pedagog\u00f3w i dyrektor\u00f3w gliwickich szk\u00f3\u0142, do kt\u00f3rych ucz\u0119szczaj\u0105 laureaci. &nbsp; \u2013\u00a0W tym roku nagrodzonych za wspania\u0142e wyniki w [&hellip;]","og_url":"https:\/\/www.24gliwice.pl\/wiadomosci\/uczniowie-z-22-gliwickich-szkol-wyroznieni-podczas-gali-gliwickiego-lauru-nauki-2023\/","og_site_name":"24GLIWICE - Portal Gliwice | codziennie nowe informacje","article_publisher":"https:\/\/www.facebook.com\/24gliwice","article_author":"https:\/\/www.facebook.com\/marcin.fabrykowski","article_published_time":"2023-11-29T14:33:20+00:00","article_modified_time":"2023-11-29T15:20:39+00:00","og_image":[{"width":810,"height":541,"url":"https:\/\/www.24gliwice.pl\/wiadomosci\/wp-content\/uploads\/2023\/11\/087.jpg","type":"image\/jpeg"}],"author":"Marcin Fabrykowski","twitter_card":"summary_large_image","twitter_creator":"@24gliwice","twitter_site":"@24gliwice","twitter_misc":{"Napisane przez":"Marcin Fabrykowski","Szacowany czas czytania":"3 minuty"},"schema":{"@context":"https:\/\/schema.org","@graph":[{"@type":"Article","@id":"https:\/\/www.24gliwice.pl\/wiadomosci\/uczniowie-z-22-gliwickich-szkol-wyroznieni-podczas-gali-gliwickiego-lauru-nauki-2023\/#article","isPartOf":{"@id":"https:\/\/www.24gliwice.pl\/wiadomosci\/uczniowie-z-22-gliwickich-szkol-wyroznieni-podczas-gali-gliwickiego-lauru-nauki-2023\/"},"author":{"name":"Marcin Fabrykowski","@id":"https:\/\/www.24gliwice.pl\/wiadomosci\/#\/schema\/person\/cb5857e4a4d048c15984c1edcc8ef0c0"},"headline":"Uczniowie i pedagodzy z 22 gliwickich szk\u00f3\u0142 wyr\u00f3\u017cnieni podczas gali Gliwickiego Lauru Nauki 2023","datePublished":"2023-11-29T14:33:20+00:00","dateModified":"2023-11-29T15:20:39+00:00","mainEntityOfPage":{"@id":"https:\/\/www.24gliwice.pl\/wiadomosci\/uczniowie-z-22-gliwickich-szkol-wyroznieni-podczas-gali-gliwickiego-lauru-nauki-2023\/"},"wordCount":325,"publisher":{"@id":"https:\/\/www.24gliwice.pl\/wiadomosci\/#organization"},"image":{"@id":"https:\/\/www.24gliwice.pl\/wiadomosci\/uczniowie-z-22-gliwickich-szkol-wyroznieni-podczas-gali-gliwickiego-lauru-nauki-2023\/#primaryimage"},"thumbnailUrl":"https:\/\/www.24gliwice.pl\/wiadomosci\/wp-content\/uploads\/2023\/11\/087.jpg","articleSection":["Gliwice","Najnowsze wiadomo\u015bci","Samorz\u0105d, polityka"],"inLanguage":"pl-PL"},{"@type":"WebPage","@id":"https:\/\/www.24gliwice.pl\/wiadomosci\/uczniowie-z-22-gliwickich-szkol-wyroznieni-podczas-gali-gliwickiego-lauru-nauki-2023\/","url":"https:\/\/www.24gliwice.pl\/wiadomosci\/uczniowie-z-22-gliwickich-szkol-wyroznieni-podczas-gali-gliwickiego-lauru-nauki-2023\/","name":"Uczniowie i pedagodzy z 22 gliwickich szk\u00f3\u0142 wyr\u00f3\u017cnieni podczas gali Gliwickiego Lauru Nauki 2023 - 24GLIWICE - Portal Gliwice | codziennie nowe informacje","isPartOf":{"@id":"https:\/\/www.24gliwice.pl\/wiadomosci\/#website"},"primaryImageOfPage":{"@id":"https:\/\/www.24gliwice.pl\/wiadomosci\/uczniowie-z-22-gliwickich-szkol-wyroznieni-podczas-gali-gliwickiego-lauru-nauki-2023\/#primaryimage"},"image":{"@id":"https:\/\/www.24gliwice.pl\/wiadomosci\/uczniowie-z-22-gliwickich-szkol-wyroznieni-podczas-gali-gliwickiego-lauru-nauki-2023\/#primaryimage"},"thumbnailUrl":"https:\/\/www.24gliwice.pl\/wiadomosci\/wp-content\/uploads\/2023\/11\/087.jpg","datePublished":"2023-11-29T14:33:20+00:00","dateModified":"2023-11-29T15:20:39+00:00","breadcrumb":{"@id":"https:\/\/www.24gliwice.pl\/wiadomosci\/uczniowie-z-22-gliwickich-szkol-wyroznieni-podczas-gali-gliwickiego-lauru-nauki-2023\/#breadcrumb"},"inLanguage":"pl-PL","potentialAction":[{"@type":"ReadAction","target":["https:\/\/www.24gliwice.pl\/wiadomosci\/uczniowie-z-22-gliwickich-szkol-wyroznieni-podczas-gali-gliwickiego-lauru-nauki-2023\/"]}]},{"@type":"ImageObject","inLanguage":"pl-PL","@id":"https:\/\/www.24gliwice.pl\/wiadomosci\/uczniowie-z-22-gliwickich-szkol-wyroznieni-podczas-gali-gliwickiego-lauru-nauki-2023\/#primaryimage","url":"https:\/\/www.24gliwice.pl\/wiadomosci\/wp-content\/uploads\/2023\/11\/087.jpg","contentUrl":"https:\/\/www.24gliwice.pl\/wiadomosci\/wp-content\/uploads\/2023\/11\/087.jpg","width":810,"height":541,"caption":"Fot. D. Nita-Garbiec\/ED"},{"@type":"BreadcrumbList","@id":"https:\/\/www.24gliwice.pl\/wiadomosci\/uczniowie-z-22-gliwickich-szkol-wyroznieni-podczas-gali-gliwickiego-lauru-nauki-2023\/#breadcrumb","itemListElement":[{"@type":"ListItem","position":1,"name":"Strona g\u0142\u00f3wna","item":"https:\/\/www.24gliwice.pl\/wiadomosci\/"},{"@type":"ListItem","position":2,"name":"Uczniowie i pedagodzy z 22 gliwickich szk\u00f3\u0142 wyr\u00f3\u017cnieni podczas gali Gliwickiego Lauru Nauki 2023"}]},{"@type":"WebSite","@id":"https:\/\/www.24gliwice.pl\/wiadomosci\/#website","url":"https:\/\/www.24gliwice.pl\/wiadomosci\/","name":"24GLIWICE - Portal Gliwice | codziennie nowe wiadomo\u015bci","description":"Portal Miejski Gliwice","publisher":{"@id":"https:\/\/www.24gliwice.pl\/wiadomosci\/#organization"},"potentialAction":[{"@type":"SearchAction","target":{"@type":"EntryPoint","urlTemplate":"https:\/\/www.24gliwice.pl\/wiadomosci\/?s={search_term_string}"},"query-input":{"@type":"PropertyValueSpecification","valueRequired":true,"valueName":"search_term_string"}}],"inLanguage":"pl-PL"},{"@type":"Organization","@id":"https:\/\/www.24gliwice.pl\/wiadomosci\/#organization","name":"24gliwice","url":"https:\/\/www.24gliwice.pl\/wiadomosci\/","logo":{"@type":"ImageObject","inLanguage":"pl-PL","@id":"https:\/\/www.24gliwice.pl\/wiadomosci\/#\/schema\/logo\/image\/","url":"https:\/\/www.24gliwice.pl\/wiadomosci\/wp-content\/uploads\/2024\/10\/24gliwice-logo-696.jpg","contentUrl":"https:\/\/www.24gliwice.pl\/wiadomosci\/wp-content\/uploads\/2024\/10\/24gliwice-logo-696.jpg","width":696,"height":696,"caption":"24gliwice"},"image":{"@id":"https:\/\/www.24gliwice.pl\/wiadomosci\/#\/schema\/logo\/image\/"},"sameAs":["https:\/\/www.facebook.com\/24gliwice","https:\/\/x.com\/24gliwice","https:\/\/www.youtube.com\/@24gliwice"]},{"@type":"Person","@id":"https:\/\/www.24gliwice.pl\/wiadomosci\/#\/schema\/person\/cb5857e4a4d048c15984c1edcc8ef0c0","name":"Marcin Fabrykowski","image":{"@type":"ImageObject","inLanguage":"pl-PL","@id":"https:\/\/www.24gliwice.pl\/wiadomosci\/wp-content\/uploads\/2025\/11\/zdjecie-moje-marcin-300-96x96.jpg","url":"https:\/\/www.24gliwice.pl\/wiadomosci\/wp-content\/uploads\/2025\/11\/zdjecie-moje-marcin-300-96x96.jpg","contentUrl":"https:\/\/www.24gliwice.pl\/wiadomosci\/wp-content\/uploads\/2025\/11\/zdjecie-moje-marcin-300-96x96.jpg","caption":"Marcin Fabrykowski"},"sameAs":["http:\/\/24gliwice.pl","https:\/\/www.facebook.com\/marcin.fabrykowski"],"url":"https:\/\/www.24gliwice.pl\/wiadomosci\/author\/marcin-fabrykowski\/"}]}},"_links":{"self":[{"href":"https:\/\/www.24gliwice.pl\/wiadomosci\/wp-json\/wp\/v2\/posts\/226432","targetHints":{"allow":["GET"]}}],"collection":[{"href":"https:\/\/www.24gliwice.pl\/wiadomosci\/wp-json\/wp\/v2\/posts"}],"about":[{"href":"https:\/\/www.24gliwice.pl\/wiadomosci\/wp-json\/wp\/v2\/types\/post"}],"author":[{"embeddable":true,"href":"https:\/\/www.24gliwice.pl\/wiadomosci\/wp-json\/wp\/v2\/users\/4"}],"replies":[{"embeddable":true,"href":"https:\/\/www.24gliwice.pl\/wiadomosci\/wp-json\/wp\/v2\/comments?post=226432"}],"version-history":[{"count":0,"href":"https:\/\/www.24gliwice.pl\/wiadomosci\/wp-json\/wp\/v2\/posts\/226432\/revisions"}],"wp:featuredmedia":[{"embeddable":true,"href":"https:\/\/www.24gliwice.pl\/wiadomosci\/wp-json\/wp\/v2\/media\/226439"}],"wp:attachment":[{"href":"https:\/\/www.24gliwice.pl\/wiadomosci\/wp-json\/wp\/v2\/media?parent=226432"}],"wp:term":[{"taxonomy":"category","embeddable":true,"href":"https:\/\/www.24gliwice.pl\/wiadomosci\/wp-json\/wp\/v2\/categories?post=226432"},{"taxonomy":"post_tag","embeddable":true,"href":"https:\/\/www.24gliwice.pl\/wiadomosci\/wp-json\/wp\/v2\/tags?post=226432"}],"curies":[{"name":"wp","href":"https:\/\/api.w.org\/{rel}","templated":true}]}}