{"id":226510,"date":"2023-12-01T02:22:13","date_gmt":"2023-12-01T01:22:13","guid":{"rendered":"https:\/\/www.24gliwice.pl\/wiadomosci\/?p=226510"},"modified":"2023-12-01T02:22:13","modified_gmt":"2023-12-01T01:22:13","slug":"kolejne-ulice-zostana-objete-limitem-predkosci-zmiany-wprowadzone-beda-na-wniosek-rady-dzielnicy","status":"publish","type":"post","link":"https:\/\/www.24gliwice.pl\/wiadomosci\/kolejne-ulice-zostana-objete-limitem-predkosci-zmiany-wprowadzone-beda-na-wniosek-rady-dzielnicy\/","title":{"rendered":"Kolejne ulice zostan\u0105 obj\u0119te limitem pr\u0119dko\u015bci. Zmiany wprowadzone b\u0119d\u0105 na wniosek Rady Dzielnicy"},"content":{"rendered":"<div class=\"gliwi-a6-nad-leadem-artykulow gliwi-entity-placement\" id=\"gliwi-1030718405\"><div class=\"gliwi-adlabel\"><span style=\"font-size: 9px\">REKLAMA<\/span><\/div><div id=\"gliwi-3575059139\" style=\"margin-bottom: 25px;margin-left: auto;margin-right: auto;text-align: center;\"><a data-no-instant=\"1\" href=\"https:\/\/dom100.eu\/\" rel=\"noopener\" class=\"a2t-link\" target=\"_blank\" aria-label=\"20260415 DOM100 D\"><img loading=\"lazy\" decoding=\"async\" src=\"https:\/\/www.24gliwice.pl\/wiadomosci\/wp-content\/uploads\/2026\/04\/20260415-DOM100-D.jpg\" alt=\"\"  srcset=\"https:\/\/www.24gliwice.pl\/wiadomosci\/wp-content\/uploads\/2026\/04\/20260415-DOM100-D.jpg 750w, https:\/\/www.24gliwice.pl\/wiadomosci\/wp-content\/uploads\/2026\/04\/20260415-DOM100-D-410x109.jpg 410w\" sizes=\"(max-width: 750px) 100vw, 750px\" class=\"no-lazyload\" width=\"750\" height=\"200\"  style=\"display: inline-block; max-width: 100%; height: auto;\" \/><\/a><\/div><\/div><h2>Na wniosek Rady Dzielnicy w Bojkowie &#8220;Strefa Tempo 30&#8221; zostanie wprowadzona na ul. J\u0119czmiennej, Koniczynowej, Urodzajnej, \u017bytniej, Kwiat\u00f3w Polnych, Snopowej i Spacerowej. Chodzi o popraw\u0119 bezpiecze\u0144stwa w tym rejonie Gliwic, oczywi\u015bcie pod warunkiem, \u017ce kierowcy b\u0119d\u0105 si\u0119 stosowa\u0107 do nowych limit\u00f3w.<\/h2>\n<p>&nbsp;<br \/>\n&#8211; <em>Strefa obejmie cz\u0119\u015b\u0107 ulic, po kt\u00f3rych poruszanie si\u0119 z pr\u0119dko\u015bci\u0105 nie wi\u0119ksz\u0105 ni\u017c 30 km\/h odbywa\u0107 si\u0119 b\u0119dzie przede wszystkim z korzy\u015bci\u0105 dla pieszych<\/em> &#8211; uzasadnia Zarz\u0105d Dr\u00f3g Miejskich w Gliwicach.<\/p>\n<blockquote><p><em>Wcze\u015bniej, w dzielnicy Bojk\u00f3w stref\u0119 &#8211; &#8220;Tempo 30&#8221; wprowadzili\u015bmy mi\u0119dzy innymi na ulicach: Chmielnej i \u0141\u0105kowej, Glebowej, Miodowej i \u015bw. Brata Alberta<\/em><\/p><\/blockquote>\n<p>&#8211; dodaje ZDM.<\/p><div class=\"gliwi-a3-w-tresci-artykulow gliwi-entity-placement\" id=\"gliwi-149717699\"><div class=\"gliwi-adlabel\"><span style=\"font-size: 9px\">REKLAMA<\/span><\/div><div id=\"gliwi-855125918\" style=\"margin-bottom: 30px;margin-left: auto;margin-right: auto;text-align: center;\"><a data-no-instant=\"1\" href=\"https:\/\/zlobek.halogen.org.pl\/\" rel=\"noopener\" class=\"a2t-link\" target=\"_blank\" aria-label=\"animator-zlobek_750x200\"><img loading=\"lazy\" decoding=\"async\" src=\"https:\/\/www.24gliwice.pl\/wiadomosci\/wp-content\/uploads\/2026\/02\/animator-zlobek_750x200.webp\" alt=\"\"  srcset=\"https:\/\/www.24gliwice.pl\/wiadomosci\/wp-content\/uploads\/2026\/02\/animator-zlobek_750x200.webp 750w, https:\/\/www.24gliwice.pl\/wiadomosci\/wp-content\/uploads\/2026\/02\/animator-zlobek_750x200-410x109.webp 410w\" sizes=\"(max-width: 750px) 100vw, 750px\" class=\"no-lazyload\" width=\"750\" height=\"200\"  style=\"display: inline-block; max-width: 100%; height: auto;\" \/><\/a><\/div><\/div>\n<p>Strefy ograniczonej pr\u0119dko\u015bci wprowadzane s\u0105 wsz\u0119dzie tam, gdzie jest potrzeba zwi\u0119kszenia bezpiecze\u0144stwa, zw\u0142aszcza w miejscach o du\u017cym nat\u0119\u017ceniu ruchu pieszych i rowerzyst\u00f3w.<\/p>\n<p><a href=\"https:\/\/www.24gliwice.pl\/wiadomosci\/wp-content\/uploads\/2023\/11\/strefa-tempo-bojkow.jpg\"><img loading=\"lazy\" decoding=\"async\" class=\"alignnone  wp-image-226515\" src=\"https:\/\/www.24gliwice.pl\/wiadomosci\/wp-content\/uploads\/2023\/11\/strefa-tempo-bojkow.jpg\" alt=\"\" width=\"1194\" height=\"672\" srcset=\"https:\/\/www.24gliwice.pl\/wiadomosci\/wp-content\/uploads\/2023\/11\/strefa-tempo-bojkow.jpg 810w, https:\/\/www.24gliwice.pl\/wiadomosci\/wp-content\/uploads\/2023\/11\/strefa-tempo-bojkow-410x232.jpg 410w, https:\/\/www.24gliwice.pl\/wiadomosci\/wp-content\/uploads\/2023\/11\/strefa-tempo-bojkow-808x455.jpg 808w, https:\/\/www.24gliwice.pl\/wiadomosci\/wp-content\/uploads\/2023\/11\/strefa-tempo-bojkow-768x432.jpg 768w\" sizes=\"auto, (max-width: 1194px) 100vw, 1194px\" \/><\/a><\/p>\n<p>Na terenie Gliwic, nie tylko w Bojkowie, od pewnego czasu stosowane s\u0105 takie ograniczenia (czasem jest to zamiana strefy zamieszkania na stref\u0119 &#8220;Tempo 30&#8221; &#8211; taka sytuacja by\u0142a m.in. w \u0141ab\u0119dach i w <a href=\"https:\/\/www.24gliwice.pl\/wiadomosci\/kierowcy-notorycznie-przekraczali-predkosc-beda-zmiany-modyfikacje-w-kilku-dzielnicach-gliwic\/\" target=\"_blank\" rel=\"noopener\">\u015ar\u00f3dmie\u015bciu<\/a>).<\/p>\n<blockquote class=\"wp-embedded-content\" data-secret=\"veXdDGDPOg\"><p><a href=\"https:\/\/www.24gliwice.pl\/wiadomosci\/strefa-30-zamiast-strefy-zamieszkania-w-labedach\/\">ZDM znosi stref\u0119 zamieszkania, cho\u0107 brakuje chodnik\u00f3w. Piesi b\u0119d\u0105 tak &#8222;jak dot\u0105d&#8221; porusza\u0107 si\u0119 po jezdni<\/a><\/p><\/blockquote>\n<p><iframe loading=\"lazy\" class=\"wp-embedded-content\" sandbox=\"allow-scripts\" security=\"restricted\" style=\"position: absolute; clip: rect(1px, 1px, 1px, 1px);\" title=\"&#8222;ZDM znosi stref\u0119 zamieszkania, cho\u0107 brakuje chodnik\u00f3w. Piesi b\u0119d\u0105 tak &#8222;jak dot\u0105d&#8221; porusza\u0107 si\u0119 po jezdni&#8221; &#8212; 24GLIWICE - Portal Gliwice | codziennie nowe informacje\" src=\"https:\/\/www.24gliwice.pl\/wiadomosci\/strefa-30-zamiast-strefy-zamieszkania-w-labedach\/embed\/#?secret=0kiX6lCYcy#?secret=veXdDGDPOg\" data-secret=\"veXdDGDPOg\" width=\"600\" height=\"338\" frameborder=\"0\" marginwidth=\"0\" marginheight=\"0\" scrolling=\"no\"><\/iframe><\/p>\n<p>Niedawno ograniczenie do 30 km\/h zacz\u0119\u0142o obowi\u0105zywa\u0107 na kilkunastu ulicach w rejonie alei Mickiewicza na terenie W\u00f3jtowej Wsi. Takie rozwi\u0105zania wprowadzono tak\u017ce m.in. na Sikorniku i w Czechowicach.<\/p>\n<p>(\u017cms)\/ZDM Gliwice<\/p>\n<div class=\"gliwi-a5-na-koncu-artykulow gliwi-entity-placement\" id=\"gliwi-1232079976\"><div class=\"gliwi-adlabel\"><span style=\"font-size: 9px\">REKLAMA<\/span><\/div><div id=\"gliwi-712478688\" style=\"margin-left: auto;margin-right: auto;text-align: center;\"><a data-no-instant=\"1\" href=\"https:\/\/prezeroarenagliwice.pl\/\" rel=\"noopener\" class=\"a2t-link\" target=\"_blank\" aria-label=\"20260309-PREZERO-WIOSNA-D\"><img loading=\"lazy\" decoding=\"async\" src=\"https:\/\/www.24gliwice.pl\/wiadomosci\/wp-content\/uploads\/2026\/03\/20260309-PREZERO-WIOSNA-D.webp\" alt=\"\"  srcset=\"https:\/\/www.24gliwice.pl\/wiadomosci\/wp-content\/uploads\/2026\/03\/20260309-PREZERO-WIOSNA-D.webp 750w, https:\/\/www.24gliwice.pl\/wiadomosci\/wp-content\/uploads\/2026\/03\/20260309-PREZERO-WIOSNA-D-410x109.webp 410w\" sizes=\"(max-width: 750px) 100vw, 750px\" class=\"no-lazyload\" width=\"750\" height=\"200\"  style=\"display: inline-block; max-width: 100%; height: auto;\" \/><\/a><\/div><\/div>","protected":false},"excerpt":{"rendered":"<p>Na wniosek Rady Dzielnicy w Bojkowie &#8220;Strefa Tempo 30&#8221; zostanie wprowadzona na ul. J\u0119czmiennej, Koniczynowej, Urodzajnej, \u017bytniej, Kwiat\u00f3w Polnych, Snopowej i Spacerowej. Chodzi o popraw\u0119 bezpiecze\u0144stwa w tym rejonie Gliwic, oczywi\u015bcie pod warunkiem, \u017ce kierowcy b\u0119d\u0105 si\u0119 stosowa\u0107 do nowych limit\u00f3w. &nbsp; &#8211; Strefa obejmie cz\u0119\u015b\u0107 ulic, po kt\u00f3rych poruszanie si\u0119 z pr\u0119dko\u015bci\u0105 nie wi\u0119ksz\u0105 [&hellip;]<\/p>\n","protected":false},"author":15,"featured_media":226516,"comment_status":"open","ping_status":"closed","sticky":false,"template":"","format":"standard","meta":{"_monsterinsights_skip_tracking":false,"_monsterinsights_sitenote_active":false,"_monsterinsights_sitenote_note":"","_monsterinsights_sitenote_category":0,"footnotes":"","_links_to":"","_links_to_target":""},"categories":[3,1,9],"tags":[9666,22857],"class_list":["post-226510","post","type-post","status-publish","format-standard","has-post-thumbnail","hentry","category-gliwice","category-wszystko","category-aktualnosci_lokalne","tag-bojkow","tag-strefa-tempo-30"],"yoast_head":"<!-- This site is optimized with the Yoast SEO plugin v27.5 - https:\/\/yoast.com\/product\/yoast-seo-wordpress\/ -->\n<title>Kolejne ulice zostan\u0105 obj\u0119te limitem pr\u0119dko\u015bci. Zmiany wprowadzone b\u0119d\u0105 na wniosek Rady Dzielnicy - 24GLIWICE - Portal Gliwice | codziennie nowe informacje<\/title>\n<meta name=\"description\" content=\"Na kolejnych ulicach w Bojkowie wprowadzone zostanie ograniczenie pr\u0119dko\u015bci do 30 km\/h. O zmiany wnioskowa\u0142a tamtejsza Rada Dzielnicy\" \/>\n<meta name=\"robots\" content=\"index, follow, max-snippet:-1, max-image-preview:large, max-video-preview:-1\" \/>\n<link rel=\"canonical\" href=\"https:\/\/www.24gliwice.pl\/wiadomosci\/kolejne-ulice-zostana-objete-limitem-predkosci-zmiany-wprowadzone-beda-na-wniosek-rady-dzielnicy\/\" \/>\n<meta property=\"og:locale\" content=\"pl_PL\" \/>\n<meta property=\"og:type\" content=\"article\" \/>\n<meta property=\"og:title\" content=\"Kolejne ulice zostan\u0105 obj\u0119te limitem pr\u0119dko\u015bci. Zmiany wprowadzone b\u0119d\u0105 na wniosek Rady Dzielnicy - 24GLIWICE - Portal Gliwice | codziennie nowe informacje\" \/>\n<meta property=\"og:description\" content=\"Na kolejnych ulicach w Bojkowie wprowadzone zostanie ograniczenie pr\u0119dko\u015bci do 30 km\/h. O zmiany wnioskowa\u0142a tamtejsza Rada Dzielnicy\" \/>\n<meta property=\"og:url\" content=\"https:\/\/www.24gliwice.pl\/wiadomosci\/kolejne-ulice-zostana-objete-limitem-predkosci-zmiany-wprowadzone-beda-na-wniosek-rady-dzielnicy\/\" \/>\n<meta property=\"og:site_name\" content=\"24GLIWICE - Portal Gliwice | codziennie nowe informacje\" \/>\n<meta property=\"article:publisher\" content=\"https:\/\/www.facebook.com\/24gliwice\" \/>\n<meta property=\"article:published_time\" content=\"2023-12-01T01:22:13+00:00\" \/>\n<meta property=\"og:image\" content=\"https:\/\/www.24gliwice.pl\/wiadomosci\/wp-content\/uploads\/2023\/11\/strefa-tempo-bojkow2.jpg\" \/>\n\t<meta property=\"og:image:width\" content=\"810\" \/>\n\t<meta property=\"og:image:height\" content=\"456\" \/>\n\t<meta property=\"og:image:type\" content=\"image\/jpeg\" \/>\n<meta name=\"author\" content=\"\u017baneta Mrozek-Siewierska\" \/>\n<meta name=\"twitter:card\" content=\"summary_large_image\" \/>\n<meta name=\"twitter:creator\" content=\"@24gliwice\" \/>\n<meta name=\"twitter:site\" content=\"@24gliwice\" \/>\n<meta name=\"twitter:label1\" content=\"Napisane przez\" \/>\n\t<meta name=\"twitter:data1\" content=\"\u017baneta Mrozek-Siewierska\" \/>\n\t<meta name=\"twitter:label2\" content=\"Szacowany czas czytania\" \/>\n\t<meta name=\"twitter:data2\" content=\"2 minuty\" \/>\n<script type=\"application\/ld+json\" class=\"yoast-schema-graph\">{\"@context\":\"https:\\\/\\\/schema.org\",\"@graph\":[{\"@type\":\"Article\",\"@id\":\"https:\\\/\\\/www.24gliwice.pl\\\/wiadomosci\\\/kolejne-ulice-zostana-objete-limitem-predkosci-zmiany-wprowadzone-beda-na-wniosek-rady-dzielnicy\\\/#article\",\"isPartOf\":{\"@id\":\"https:\\\/\\\/www.24gliwice.pl\\\/wiadomosci\\\/kolejne-ulice-zostana-objete-limitem-predkosci-zmiany-wprowadzone-beda-na-wniosek-rady-dzielnicy\\\/\"},\"author\":{\"name\":\"\u017baneta Mrozek-Siewierska\",\"@id\":\"https:\\\/\\\/www.24gliwice.pl\\\/wiadomosci\\\/#\\\/schema\\\/person\\\/e42c650edd7f2fa332be3811fb166b6e\"},\"headline\":\"Kolejne ulice zostan\u0105 obj\u0119te limitem pr\u0119dko\u015bci. Zmiany wprowadzone b\u0119d\u0105 na wniosek Rady Dzielnicy\",\"datePublished\":\"2023-12-01T01:22:13+00:00\",\"mainEntityOfPage\":{\"@id\":\"https:\\\/\\\/www.24gliwice.pl\\\/wiadomosci\\\/kolejne-ulice-zostana-objete-limitem-predkosci-zmiany-wprowadzone-beda-na-wniosek-rady-dzielnicy\\\/\"},\"wordCount\":245,\"commentCount\":0,\"publisher\":{\"@id\":\"https:\\\/\\\/www.24gliwice.pl\\\/wiadomosci\\\/#organization\"},\"image\":{\"@id\":\"https:\\\/\\\/www.24gliwice.pl\\\/wiadomosci\\\/kolejne-ulice-zostana-objete-limitem-predkosci-zmiany-wprowadzone-beda-na-wniosek-rady-dzielnicy\\\/#primaryimage\"},\"thumbnailUrl\":\"https:\\\/\\\/www.24gliwice.pl\\\/wiadomosci\\\/wp-content\\\/uploads\\\/2023\\\/11\\\/strefa-tempo-bojkow2.jpg\",\"keywords\":[\"BOJK\u00d3W\",\"strefa Tempo 30\"],\"articleSection\":[\"Gliwice\",\"Najnowsze wiadomo\u015bci\",\"Portal Gliwice - Wiadomo\u015bci lokalne\"],\"inLanguage\":\"pl-PL\",\"potentialAction\":[{\"@type\":\"CommentAction\",\"name\":\"Comment\",\"target\":[\"https:\\\/\\\/www.24gliwice.pl\\\/wiadomosci\\\/kolejne-ulice-zostana-objete-limitem-predkosci-zmiany-wprowadzone-beda-na-wniosek-rady-dzielnicy\\\/#respond\"]}]},{\"@type\":\"WebPage\",\"@id\":\"https:\\\/\\\/www.24gliwice.pl\\\/wiadomosci\\\/kolejne-ulice-zostana-objete-limitem-predkosci-zmiany-wprowadzone-beda-na-wniosek-rady-dzielnicy\\\/\",\"url\":\"https:\\\/\\\/www.24gliwice.pl\\\/wiadomosci\\\/kolejne-ulice-zostana-objete-limitem-predkosci-zmiany-wprowadzone-beda-na-wniosek-rady-dzielnicy\\\/\",\"name\":\"Kolejne ulice zostan\u0105 obj\u0119te limitem pr\u0119dko\u015bci. Zmiany wprowadzone b\u0119d\u0105 na wniosek Rady Dzielnicy - 24GLIWICE - Portal Gliwice | codziennie nowe informacje\",\"isPartOf\":{\"@id\":\"https:\\\/\\\/www.24gliwice.pl\\\/wiadomosci\\\/#website\"},\"primaryImageOfPage\":{\"@id\":\"https:\\\/\\\/www.24gliwice.pl\\\/wiadomosci\\\/kolejne-ulice-zostana-objete-limitem-predkosci-zmiany-wprowadzone-beda-na-wniosek-rady-dzielnicy\\\/#primaryimage\"},\"image\":{\"@id\":\"https:\\\/\\\/www.24gliwice.pl\\\/wiadomosci\\\/kolejne-ulice-zostana-objete-limitem-predkosci-zmiany-wprowadzone-beda-na-wniosek-rady-dzielnicy\\\/#primaryimage\"},\"thumbnailUrl\":\"https:\\\/\\\/www.24gliwice.pl\\\/wiadomosci\\\/wp-content\\\/uploads\\\/2023\\\/11\\\/strefa-tempo-bojkow2.jpg\",\"datePublished\":\"2023-12-01T01:22:13+00:00\",\"description\":\"Na kolejnych ulicach w Bojkowie wprowadzone zostanie ograniczenie pr\u0119dko\u015bci do 30 km\\\/h. O zmiany wnioskowa\u0142a tamtejsza Rada Dzielnicy\",\"breadcrumb\":{\"@id\":\"https:\\\/\\\/www.24gliwice.pl\\\/wiadomosci\\\/kolejne-ulice-zostana-objete-limitem-predkosci-zmiany-wprowadzone-beda-na-wniosek-rady-dzielnicy\\\/#breadcrumb\"},\"inLanguage\":\"pl-PL\",\"potentialAction\":[{\"@type\":\"ReadAction\",\"target\":[\"https:\\\/\\\/www.24gliwice.pl\\\/wiadomosci\\\/kolejne-ulice-zostana-objete-limitem-predkosci-zmiany-wprowadzone-beda-na-wniosek-rady-dzielnicy\\\/\"]}]},{\"@type\":\"ImageObject\",\"inLanguage\":\"pl-PL\",\"@id\":\"https:\\\/\\\/www.24gliwice.pl\\\/wiadomosci\\\/kolejne-ulice-zostana-objete-limitem-predkosci-zmiany-wprowadzone-beda-na-wniosek-rady-dzielnicy\\\/#primaryimage\",\"url\":\"https:\\\/\\\/www.24gliwice.pl\\\/wiadomosci\\\/wp-content\\\/uploads\\\/2023\\\/11\\\/strefa-tempo-bojkow2.jpg\",\"contentUrl\":\"https:\\\/\\\/www.24gliwice.pl\\\/wiadomosci\\\/wp-content\\\/uploads\\\/2023\\\/11\\\/strefa-tempo-bojkow2.jpg\",\"width\":810,\"height\":456},{\"@type\":\"BreadcrumbList\",\"@id\":\"https:\\\/\\\/www.24gliwice.pl\\\/wiadomosci\\\/kolejne-ulice-zostana-objete-limitem-predkosci-zmiany-wprowadzone-beda-na-wniosek-rady-dzielnicy\\\/#breadcrumb\",\"itemListElement\":[{\"@type\":\"ListItem\",\"position\":1,\"name\":\"Strona g\u0142\u00f3wna\",\"item\":\"https:\\\/\\\/www.24gliwice.pl\\\/wiadomosci\\\/\"},{\"@type\":\"ListItem\",\"position\":2,\"name\":\"Kolejne ulice zostan\u0105 obj\u0119te limitem pr\u0119dko\u015bci. Zmiany wprowadzone b\u0119d\u0105 na wniosek Rady Dzielnicy\"}]},{\"@type\":\"WebSite\",\"@id\":\"https:\\\/\\\/www.24gliwice.pl\\\/wiadomosci\\\/#website\",\"url\":\"https:\\\/\\\/www.24gliwice.pl\\\/wiadomosci\\\/\",\"name\":\"24GLIWICE - Portal Gliwice | codziennie nowe wiadomo\u015bci\",\"description\":\"Portal Miejski Gliwice\",\"publisher\":{\"@id\":\"https:\\\/\\\/www.24gliwice.pl\\\/wiadomosci\\\/#organization\"},\"potentialAction\":[{\"@type\":\"SearchAction\",\"target\":{\"@type\":\"EntryPoint\",\"urlTemplate\":\"https:\\\/\\\/www.24gliwice.pl\\\/wiadomosci\\\/?s={search_term_string}\"},\"query-input\":{\"@type\":\"PropertyValueSpecification\",\"valueRequired\":true,\"valueName\":\"search_term_string\"}}],\"inLanguage\":\"pl-PL\"},{\"@type\":\"Organization\",\"@id\":\"https:\\\/\\\/www.24gliwice.pl\\\/wiadomosci\\\/#organization\",\"name\":\"24gliwice\",\"url\":\"https:\\\/\\\/www.24gliwice.pl\\\/wiadomosci\\\/\",\"logo\":{\"@type\":\"ImageObject\",\"inLanguage\":\"pl-PL\",\"@id\":\"https:\\\/\\\/www.24gliwice.pl\\\/wiadomosci\\\/#\\\/schema\\\/logo\\\/image\\\/\",\"url\":\"https:\\\/\\\/www.24gliwice.pl\\\/wiadomosci\\\/wp-content\\\/uploads\\\/2024\\\/10\\\/24gliwice-logo-696.jpg\",\"contentUrl\":\"https:\\\/\\\/www.24gliwice.pl\\\/wiadomosci\\\/wp-content\\\/uploads\\\/2024\\\/10\\\/24gliwice-logo-696.jpg\",\"width\":696,\"height\":696,\"caption\":\"24gliwice\"},\"image\":{\"@id\":\"https:\\\/\\\/www.24gliwice.pl\\\/wiadomosci\\\/#\\\/schema\\\/logo\\\/image\\\/\"},\"sameAs\":[\"https:\\\/\\\/www.facebook.com\\\/24gliwice\",\"https:\\\/\\\/x.com\\\/24gliwice\",\"https:\\\/\\\/www.youtube.com\\\/@24gliwice\"]},{\"@type\":\"Person\",\"@id\":\"https:\\\/\\\/www.24gliwice.pl\\\/wiadomosci\\\/#\\\/schema\\\/person\\\/e42c650edd7f2fa332be3811fb166b6e\",\"name\":\"\u017baneta Mrozek-Siewierska\",\"image\":{\"@type\":\"ImageObject\",\"inLanguage\":\"pl-PL\",\"@id\":\"https:\\\/\\\/secure.gravatar.com\\\/avatar\\\/1881429e9c64597c77ad7aef2d0a19be69a3253e57534d16aa15bf3a4d34a0a3?s=96&d=mm&r=g\",\"url\":\"https:\\\/\\\/secure.gravatar.com\\\/avatar\\\/1881429e9c64597c77ad7aef2d0a19be69a3253e57534d16aa15bf3a4d34a0a3?s=96&d=mm&r=g\",\"contentUrl\":\"https:\\\/\\\/secure.gravatar.com\\\/avatar\\\/1881429e9c64597c77ad7aef2d0a19be69a3253e57534d16aa15bf3a4d34a0a3?s=96&d=mm&r=g\",\"caption\":\"\u017baneta Mrozek-Siewierska\"},\"url\":\"https:\\\/\\\/www.24gliwice.pl\\\/wiadomosci\\\/author\\\/zms\\\/\"}]}<\/script>\n<!-- \/ Yoast SEO plugin. -->","yoast_head_json":{"title":"Kolejne ulice zostan\u0105 obj\u0119te limitem pr\u0119dko\u015bci. Zmiany wprowadzone b\u0119d\u0105 na wniosek Rady Dzielnicy - 24GLIWICE - Portal Gliwice | codziennie nowe informacje","description":"Na kolejnych ulicach w Bojkowie wprowadzone zostanie ograniczenie pr\u0119dko\u015bci do 30 km\/h. O zmiany wnioskowa\u0142a tamtejsza Rada Dzielnicy","robots":{"index":"index","follow":"follow","max-snippet":"max-snippet:-1","max-image-preview":"max-image-preview:large","max-video-preview":"max-video-preview:-1"},"canonical":"https:\/\/www.24gliwice.pl\/wiadomosci\/kolejne-ulice-zostana-objete-limitem-predkosci-zmiany-wprowadzone-beda-na-wniosek-rady-dzielnicy\/","og_locale":"pl_PL","og_type":"article","og_title":"Kolejne ulice zostan\u0105 obj\u0119te limitem pr\u0119dko\u015bci. Zmiany wprowadzone b\u0119d\u0105 na wniosek Rady Dzielnicy - 24GLIWICE - Portal Gliwice | codziennie nowe informacje","og_description":"Na kolejnych ulicach w Bojkowie wprowadzone zostanie ograniczenie pr\u0119dko\u015bci do 30 km\/h. O zmiany wnioskowa\u0142a tamtejsza Rada Dzielnicy","og_url":"https:\/\/www.24gliwice.pl\/wiadomosci\/kolejne-ulice-zostana-objete-limitem-predkosci-zmiany-wprowadzone-beda-na-wniosek-rady-dzielnicy\/","og_site_name":"24GLIWICE - Portal Gliwice | codziennie nowe informacje","article_publisher":"https:\/\/www.facebook.com\/24gliwice","article_published_time":"2023-12-01T01:22:13+00:00","og_image":[{"width":810,"height":456,"url":"https:\/\/www.24gliwice.pl\/wiadomosci\/wp-content\/uploads\/2023\/11\/strefa-tempo-bojkow2.jpg","type":"image\/jpeg"}],"author":"\u017baneta Mrozek-Siewierska","twitter_card":"summary_large_image","twitter_creator":"@24gliwice","twitter_site":"@24gliwice","twitter_misc":{"Napisane przez":"\u017baneta Mrozek-Siewierska","Szacowany czas czytania":"2 minuty"},"schema":{"@context":"https:\/\/schema.org","@graph":[{"@type":"Article","@id":"https:\/\/www.24gliwice.pl\/wiadomosci\/kolejne-ulice-zostana-objete-limitem-predkosci-zmiany-wprowadzone-beda-na-wniosek-rady-dzielnicy\/#article","isPartOf":{"@id":"https:\/\/www.24gliwice.pl\/wiadomosci\/kolejne-ulice-zostana-objete-limitem-predkosci-zmiany-wprowadzone-beda-na-wniosek-rady-dzielnicy\/"},"author":{"name":"\u017baneta Mrozek-Siewierska","@id":"https:\/\/www.24gliwice.pl\/wiadomosci\/#\/schema\/person\/e42c650edd7f2fa332be3811fb166b6e"},"headline":"Kolejne ulice zostan\u0105 obj\u0119te limitem pr\u0119dko\u015bci. Zmiany wprowadzone b\u0119d\u0105 na wniosek Rady Dzielnicy","datePublished":"2023-12-01T01:22:13+00:00","mainEntityOfPage":{"@id":"https:\/\/www.24gliwice.pl\/wiadomosci\/kolejne-ulice-zostana-objete-limitem-predkosci-zmiany-wprowadzone-beda-na-wniosek-rady-dzielnicy\/"},"wordCount":245,"commentCount":0,"publisher":{"@id":"https:\/\/www.24gliwice.pl\/wiadomosci\/#organization"},"image":{"@id":"https:\/\/www.24gliwice.pl\/wiadomosci\/kolejne-ulice-zostana-objete-limitem-predkosci-zmiany-wprowadzone-beda-na-wniosek-rady-dzielnicy\/#primaryimage"},"thumbnailUrl":"https:\/\/www.24gliwice.pl\/wiadomosci\/wp-content\/uploads\/2023\/11\/strefa-tempo-bojkow2.jpg","keywords":["BOJK\u00d3W","strefa Tempo 30"],"articleSection":["Gliwice","Najnowsze wiadomo\u015bci","Portal Gliwice - Wiadomo\u015bci lokalne"],"inLanguage":"pl-PL","potentialAction":[{"@type":"CommentAction","name":"Comment","target":["https:\/\/www.24gliwice.pl\/wiadomosci\/kolejne-ulice-zostana-objete-limitem-predkosci-zmiany-wprowadzone-beda-na-wniosek-rady-dzielnicy\/#respond"]}]},{"@type":"WebPage","@id":"https:\/\/www.24gliwice.pl\/wiadomosci\/kolejne-ulice-zostana-objete-limitem-predkosci-zmiany-wprowadzone-beda-na-wniosek-rady-dzielnicy\/","url":"https:\/\/www.24gliwice.pl\/wiadomosci\/kolejne-ulice-zostana-objete-limitem-predkosci-zmiany-wprowadzone-beda-na-wniosek-rady-dzielnicy\/","name":"Kolejne ulice zostan\u0105 obj\u0119te limitem pr\u0119dko\u015bci. Zmiany wprowadzone b\u0119d\u0105 na wniosek Rady Dzielnicy - 24GLIWICE - Portal Gliwice | codziennie nowe informacje","isPartOf":{"@id":"https:\/\/www.24gliwice.pl\/wiadomosci\/#website"},"primaryImageOfPage":{"@id":"https:\/\/www.24gliwice.pl\/wiadomosci\/kolejne-ulice-zostana-objete-limitem-predkosci-zmiany-wprowadzone-beda-na-wniosek-rady-dzielnicy\/#primaryimage"},"image":{"@id":"https:\/\/www.24gliwice.pl\/wiadomosci\/kolejne-ulice-zostana-objete-limitem-predkosci-zmiany-wprowadzone-beda-na-wniosek-rady-dzielnicy\/#primaryimage"},"thumbnailUrl":"https:\/\/www.24gliwice.pl\/wiadomosci\/wp-content\/uploads\/2023\/11\/strefa-tempo-bojkow2.jpg","datePublished":"2023-12-01T01:22:13+00:00","description":"Na kolejnych ulicach w Bojkowie wprowadzone zostanie ograniczenie pr\u0119dko\u015bci do 30 km\/h. O zmiany wnioskowa\u0142a tamtejsza Rada Dzielnicy","breadcrumb":{"@id":"https:\/\/www.24gliwice.pl\/wiadomosci\/kolejne-ulice-zostana-objete-limitem-predkosci-zmiany-wprowadzone-beda-na-wniosek-rady-dzielnicy\/#breadcrumb"},"inLanguage":"pl-PL","potentialAction":[{"@type":"ReadAction","target":["https:\/\/www.24gliwice.pl\/wiadomosci\/kolejne-ulice-zostana-objete-limitem-predkosci-zmiany-wprowadzone-beda-na-wniosek-rady-dzielnicy\/"]}]},{"@type":"ImageObject","inLanguage":"pl-PL","@id":"https:\/\/www.24gliwice.pl\/wiadomosci\/kolejne-ulice-zostana-objete-limitem-predkosci-zmiany-wprowadzone-beda-na-wniosek-rady-dzielnicy\/#primaryimage","url":"https:\/\/www.24gliwice.pl\/wiadomosci\/wp-content\/uploads\/2023\/11\/strefa-tempo-bojkow2.jpg","contentUrl":"https:\/\/www.24gliwice.pl\/wiadomosci\/wp-content\/uploads\/2023\/11\/strefa-tempo-bojkow2.jpg","width":810,"height":456},{"@type":"BreadcrumbList","@id":"https:\/\/www.24gliwice.pl\/wiadomosci\/kolejne-ulice-zostana-objete-limitem-predkosci-zmiany-wprowadzone-beda-na-wniosek-rady-dzielnicy\/#breadcrumb","itemListElement":[{"@type":"ListItem","position":1,"name":"Strona g\u0142\u00f3wna","item":"https:\/\/www.24gliwice.pl\/wiadomosci\/"},{"@type":"ListItem","position":2,"name":"Kolejne ulice zostan\u0105 obj\u0119te limitem pr\u0119dko\u015bci. Zmiany wprowadzone b\u0119d\u0105 na wniosek Rady Dzielnicy"}]},{"@type":"WebSite","@id":"https:\/\/www.24gliwice.pl\/wiadomosci\/#website","url":"https:\/\/www.24gliwice.pl\/wiadomosci\/","name":"24GLIWICE - Portal Gliwice | codziennie nowe wiadomo\u015bci","description":"Portal Miejski Gliwice","publisher":{"@id":"https:\/\/www.24gliwice.pl\/wiadomosci\/#organization"},"potentialAction":[{"@type":"SearchAction","target":{"@type":"EntryPoint","urlTemplate":"https:\/\/www.24gliwice.pl\/wiadomosci\/?s={search_term_string}"},"query-input":{"@type":"PropertyValueSpecification","valueRequired":true,"valueName":"search_term_string"}}],"inLanguage":"pl-PL"},{"@type":"Organization","@id":"https:\/\/www.24gliwice.pl\/wiadomosci\/#organization","name":"24gliwice","url":"https:\/\/www.24gliwice.pl\/wiadomosci\/","logo":{"@type":"ImageObject","inLanguage":"pl-PL","@id":"https:\/\/www.24gliwice.pl\/wiadomosci\/#\/schema\/logo\/image\/","url":"https:\/\/www.24gliwice.pl\/wiadomosci\/wp-content\/uploads\/2024\/10\/24gliwice-logo-696.jpg","contentUrl":"https:\/\/www.24gliwice.pl\/wiadomosci\/wp-content\/uploads\/2024\/10\/24gliwice-logo-696.jpg","width":696,"height":696,"caption":"24gliwice"},"image":{"@id":"https:\/\/www.24gliwice.pl\/wiadomosci\/#\/schema\/logo\/image\/"},"sameAs":["https:\/\/www.facebook.com\/24gliwice","https:\/\/x.com\/24gliwice","https:\/\/www.youtube.com\/@24gliwice"]},{"@type":"Person","@id":"https:\/\/www.24gliwice.pl\/wiadomosci\/#\/schema\/person\/e42c650edd7f2fa332be3811fb166b6e","name":"\u017baneta Mrozek-Siewierska","image":{"@type":"ImageObject","inLanguage":"pl-PL","@id":"https:\/\/secure.gravatar.com\/avatar\/1881429e9c64597c77ad7aef2d0a19be69a3253e57534d16aa15bf3a4d34a0a3?s=96&d=mm&r=g","url":"https:\/\/secure.gravatar.com\/avatar\/1881429e9c64597c77ad7aef2d0a19be69a3253e57534d16aa15bf3a4d34a0a3?s=96&d=mm&r=g","contentUrl":"https:\/\/secure.gravatar.com\/avatar\/1881429e9c64597c77ad7aef2d0a19be69a3253e57534d16aa15bf3a4d34a0a3?s=96&d=mm&r=g","caption":"\u017baneta Mrozek-Siewierska"},"url":"https:\/\/www.24gliwice.pl\/wiadomosci\/author\/zms\/"}]}},"_links":{"self":[{"href":"https:\/\/www.24gliwice.pl\/wiadomosci\/wp-json\/wp\/v2\/posts\/226510","targetHints":{"allow":["GET"]}}],"collection":[{"href":"https:\/\/www.24gliwice.pl\/wiadomosci\/wp-json\/wp\/v2\/posts"}],"about":[{"href":"https:\/\/www.24gliwice.pl\/wiadomosci\/wp-json\/wp\/v2\/types\/post"}],"author":[{"embeddable":true,"href":"https:\/\/www.24gliwice.pl\/wiadomosci\/wp-json\/wp\/v2\/users\/15"}],"replies":[{"embeddable":true,"href":"https:\/\/www.24gliwice.pl\/wiadomosci\/wp-json\/wp\/v2\/comments?post=226510"}],"version-history":[{"count":0,"href":"https:\/\/www.24gliwice.pl\/wiadomosci\/wp-json\/wp\/v2\/posts\/226510\/revisions"}],"wp:featuredmedia":[{"embeddable":true,"href":"https:\/\/www.24gliwice.pl\/wiadomosci\/wp-json\/wp\/v2\/media\/226516"}],"wp:attachment":[{"href":"https:\/\/www.24gliwice.pl\/wiadomosci\/wp-json\/wp\/v2\/media?parent=226510"}],"wp:term":[{"taxonomy":"category","embeddable":true,"href":"https:\/\/www.24gliwice.pl\/wiadomosci\/wp-json\/wp\/v2\/categories?post=226510"},{"taxonomy":"post_tag","embeddable":true,"href":"https:\/\/www.24gliwice.pl\/wiadomosci\/wp-json\/wp\/v2\/tags?post=226510"}],"curies":[{"name":"wp","href":"https:\/\/api.w.org\/{rel}","templated":true}]}}