{"id":226614,"date":"2023-12-02T14:00:11","date_gmt":"2023-12-02T13:00:11","guid":{"rendered":"https:\/\/www.24gliwice.pl\/wiadomosci\/?p=226614"},"modified":"2023-12-04T13:37:11","modified_gmt":"2023-12-04T12:37:11","slug":"swiety-mikolaj-zamieszkal-na-daszynskiego","status":"publish","type":"post","link":"https:\/\/www.24gliwice.pl\/wiadomosci\/swiety-mikolaj-zamieszkal-na-daszynskiego\/","title":{"rendered":"\u015awi\u0119ty Miko\u0142aj zamieszka\u0142 na Daszy\u0144skiego!"},"content":{"rendered":"<h3>Ju\u017c 9 grudnia (sobota) w domu pokazowym firmy KENO Home odb\u0119dzie si\u0119 spotkanie z Miko\u0142ajem! Ten sympatyczny starszy pan podobno zaplanowa\u0142 kilka dni odpoczynku we wspomnianym domu, a w zamian za go\u015bcin\u0119 przygotowa\u0142 kilka niespodzianek dla najm\u0142odszych mieszka\u0144c\u00f3w Gliwic i okolic. <\/h3>\n<p>&nbsp;<br \/>\nSpotkanie z pewno\u015bci\u0105 wywo\u0142a wiele u\u015bmiech\u00f3w na twarzach nie tylko dzieci, ale r\u00f3wnie\u017c ich rodzic\u00f3w. B\u0119dzie to r\u00f3wnie\u017c idealna okazja do poznania oferty firmy KENO Home, producenta dom\u00f3w modu\u0142owych z drewna. <\/p>\n<p><strong>Miko\u0142aj i jego \u015bwita b\u0119d\u0105 czeka\u0107 na wszystkie dzieciaki od 10:00 do 13:00 w domu pokazowym KENO Home w Gliwicach, przy ulicy Daszy\u0144skiego 636.<\/strong><\/p>\n<div id='gallery-1' class='vce-gallery gallery galleryid-226614 gallery-columns-2 gallery-size-vce-lay-a'><div class=\"vce-gallery-big\"><div class=\"big-gallery-item item-0\" >\n\t\t\t<div class='gallery-icon'>\n\t\t\t\t<a href='https:\/\/www.24gliwice.pl\/wiadomosci\/wp-content\/uploads\/2023\/12\/fot.-2.jpg'><img loading=\"lazy\" decoding=\"async\" width=\"810\" height=\"540\" src=\"https:\/\/www.24gliwice.pl\/wiadomosci\/wp-content\/uploads\/2023\/12\/fot.-2.jpg\" class=\"attachment-vce-lay-a size-vce-lay-a\" alt=\"\" srcset=\"https:\/\/www.24gliwice.pl\/wiadomosci\/wp-content\/uploads\/2023\/12\/fot.-2.jpg 810w, https:\/\/www.24gliwice.pl\/wiadomosci\/wp-content\/uploads\/2023\/12\/fot.-2-348x232.jpg 348w, https:\/\/www.24gliwice.pl\/wiadomosci\/wp-content\/uploads\/2023\/12\/fot.-2-683x455.jpg 683w, https:\/\/www.24gliwice.pl\/wiadomosci\/wp-content\/uploads\/2023\/12\/fot.-2-768x512.jpg 768w\" sizes=\"auto, (max-width: 810px) 100vw, 810px\" \/><\/a>\n\t\t\t<\/div><\/div><div class=\"big-gallery-item item-1\" style=\"display:none;\">\n\t\t\t<div class='gallery-icon'>\n\t\t\t\t<a href='https:\/\/www.24gliwice.pl\/wiadomosci\/wp-content\/uploads\/2023\/12\/fot.-3.jpg'><img loading=\"lazy\" decoding=\"async\" width=\"810\" height=\"540\" src=\"https:\/\/www.24gliwice.pl\/wiadomosci\/wp-content\/uploads\/2023\/12\/fot.-3.jpg\" class=\"attachment-vce-lay-a size-vce-lay-a\" alt=\"\" srcset=\"https:\/\/www.24gliwice.pl\/wiadomosci\/wp-content\/uploads\/2023\/12\/fot.-3.jpg 810w, https:\/\/www.24gliwice.pl\/wiadomosci\/wp-content\/uploads\/2023\/12\/fot.-3-348x232.jpg 348w, https:\/\/www.24gliwice.pl\/wiadomosci\/wp-content\/uploads\/2023\/12\/fot.-3-683x455.jpg 683w, https:\/\/www.24gliwice.pl\/wiadomosci\/wp-content\/uploads\/2023\/12\/fot.-3-768x512.jpg 768w\" sizes=\"auto, (max-width: 810px) 100vw, 810px\" \/><\/a>\n\t\t\t<\/div><\/div><\/div><div class=\"vce-gallery-slider\" data-columns=\"2\"><figure class='gallery-item' data-item='0'>\n\t\t\t<div class='gallery-icon landscape'>\n\t\t\t\t<a href='https:\/\/www.24gliwice.pl\/wiadomosci\/wp-content\/uploads\/2023\/12\/fot.-2.jpg'><img loading=\"lazy\" decoding=\"async\" width=\"810\" height=\"540\" src=\"https:\/\/www.24gliwice.pl\/wiadomosci\/wp-content\/uploads\/2023\/12\/fot.-2.jpg\" class=\"attachment-vce-lay-a size-vce-lay-a\" alt=\"\" srcset=\"https:\/\/www.24gliwice.pl\/wiadomosci\/wp-content\/uploads\/2023\/12\/fot.-2.jpg 810w, https:\/\/www.24gliwice.pl\/wiadomosci\/wp-content\/uploads\/2023\/12\/fot.-2-348x232.jpg 348w, https:\/\/www.24gliwice.pl\/wiadomosci\/wp-content\/uploads\/2023\/12\/fot.-2-683x455.jpg 683w, https:\/\/www.24gliwice.pl\/wiadomosci\/wp-content\/uploads\/2023\/12\/fot.-2-768x512.jpg 768w\" sizes=\"auto, (max-width: 810px) 100vw, 810px\" \/><\/a>\n\t\t\t<\/div><\/figure><figure class='gallery-item' data-item='1'>\n\t\t\t<div class='gallery-icon landscape'>\n\t\t\t\t<a href='https:\/\/www.24gliwice.pl\/wiadomosci\/wp-content\/uploads\/2023\/12\/fot.-3.jpg'><img loading=\"lazy\" decoding=\"async\" width=\"810\" height=\"540\" src=\"https:\/\/www.24gliwice.pl\/wiadomosci\/wp-content\/uploads\/2023\/12\/fot.-3.jpg\" class=\"attachment-vce-lay-a size-vce-lay-a\" alt=\"\" srcset=\"https:\/\/www.24gliwice.pl\/wiadomosci\/wp-content\/uploads\/2023\/12\/fot.-3.jpg 810w, https:\/\/www.24gliwice.pl\/wiadomosci\/wp-content\/uploads\/2023\/12\/fot.-3-348x232.jpg 348w, https:\/\/www.24gliwice.pl\/wiadomosci\/wp-content\/uploads\/2023\/12\/fot.-3-683x455.jpg 683w, https:\/\/www.24gliwice.pl\/wiadomosci\/wp-content\/uploads\/2023\/12\/fot.-3-768x512.jpg 768w\" sizes=\"auto, (max-width: 810px) 100vw, 810px\" \/><\/a>\n\t\t\t<\/div><\/figure><\/div><\/div>\n\n<h4>Dom pokazowy KENO Home nie jest zwyk\u0142ym budynkiem<\/h4>\n<p> To miejsce, w kt\u00f3rym dzieje si\u0119 wiele interesuj\u0105cych przedsi\u0119wzi\u0119\u0107. W zale\u017cno\u015bci od potrzeb wspomniany dom zamienia si\u0119 w plan filmowy, studio fotograficzne, a nawet studio radiowe, z kt\u00f3rego mo\u017cliwe jest prowadzenie audycji na \u017cywo! Ponadto wyposa\u017cony jest w szereg nowoczesnych rozwi\u0105za\u0144 poprawiaj\u0105cych komfort mieszkania oraz u\u0142atwiaj\u0105cych funkcjonowanie w nim. Za pomoc\u0105 systemu SMART HOME mo\u017cliwe jest sterowanie wentylacj\u0105, ogrzewaniem, \u015bwiat\u0142em, roletami zewn\u0119trznymi, a nawet  zas\u0142onami \u2013 z dowolnego miejsca na \u015bwiecie. Dom wykonany jest w ca\u0142o\u015bci z litego drewna w technologii CLT (z ang. drewno klejone krzy\u017cowo). <\/p>\n<h4>Jak odbywa si\u0119 budowa domu modu\u0142owego w technologii CLT?<\/h4>\n<p> Niemal\u017ce ca\u0142o\u015b\u0107 proces\u00f3w budowlanych ma miejsce na hali produkcyjnej, gdzie ze specjalnie wyci\u0119tych p\u0142yt sk\u0142ada si\u0119 poszczeg\u00f3lne modu\u0142y. Jest to tak zwany proces prefabrykacji, kt\u00f3ry trwa niezale\u017cnie od pogody. Podczas powstawania kolejnych modu\u0142\u00f3w, w tym samym czasie przygotowywane s\u0105 ju\u017c fundamenty i przy\u0142\u0105cza medi\u00f3w. Z\u0142o\u017cone ju\u017c modu\u0142y \u0142\u0105czy si\u0119 ze sob\u0105 na miejscu docelowym, gdzie ma stan\u0105\u0107 budynek.<\/p>\n<p>Ko\u0144cowy etap budowy obejmuje uko\u0144czenie system\u00f3w zewn\u0119trznych, takich jak elementy ok\u0142adzin, pokry\u0107 dachowych oraz uko\u0144czenie przestrzeni wewn\u0119trznych. To wszystko skraca czas budowy, dzi\u0119ki czemu otrzymujemy trwa\u0142\u0105 i szczeln\u0105 konstrukcj\u0119, kt\u00f3ra ma wysokie parametry izolacyjne i akustyczne. Jest naturalna i proekologiczna, wspieraj\u0105ca ide\u0119 zr\u00f3wnowa\u017conego budownictwa.<\/p>\n<p><img loading=\"lazy\" decoding=\"async\" src=\"https:\/\/www.24gliwice.pl\/wiadomosci\/wp-content\/uploads\/2023\/12\/fot.-4.jpg\" alt=\"\" width=\"810\" height=\"540\" class=\"aligncenter size-full wp-image-226618\" srcset=\"https:\/\/www.24gliwice.pl\/wiadomosci\/wp-content\/uploads\/2023\/12\/fot.-4.jpg 810w, https:\/\/www.24gliwice.pl\/wiadomosci\/wp-content\/uploads\/2023\/12\/fot.-4-348x232.jpg 348w, https:\/\/www.24gliwice.pl\/wiadomosci\/wp-content\/uploads\/2023\/12\/fot.-4-683x455.jpg 683w, https:\/\/www.24gliwice.pl\/wiadomosci\/wp-content\/uploads\/2023\/12\/fot.-4-768x512.jpg 768w\" sizes=\"auto, (max-width: 810px) 100vw, 810px\" \/><\/p>\n<h4>Komfortow\u0105 temperatur\u0119 we wn\u0119trzu zapewnia pompa ciep\u0142a marki Kensol<\/h4>\n<p> To urz\u0105dzenie, kt\u00f3re w prawie bezszelestny i bezobs\u0142ugowy spos\u00f3b ogrzeje dom do okre\u015blonej przez mieszka\u0144c\u00f3w temperatury. To innowacyjna technologia, kt\u00f3ra przekszta\u0142ca energi\u0119 ciepln\u0105 z jednego \u017ar\u00f3d\u0142a na ciep\u0142o lub ch\u0142\u00f3d u\u017cyteczny w innym miejscu. Urz\u0105dzenia te dzia\u0142aj\u0105 na zasadzie cyklu termodynamicznego, podobnego do dzia\u0142ania klimatyzatora, ale z odwr\u00f3conym cyklem, pozwalaj\u0105c na efektywne wykorzystanie niskich temperatur zewn\u0119trznych do produkcji ciep\u0142a nawet w okresie zimowym. Pompy ciep\u0142a marki Kensol wykorzystuj\u0105 do pracy czynnik R-32, dzi\u0119ki temu gwarantuj\u0105 p\u0142ynn\u0105 i bezproblemow\u0105 prac\u0119 w zakresie temperatur od -30 do 48oC.<\/p>\n<p>Gliwicka firma Kensol od kilku lat pr\u0119\u017cnie si\u0119 rozwija i oferuje kompleksowe rozwi\u0105zania OZE dla domu, nieustannie poszerzaj\u0105c swoj\u0105 ofert\u0119. W tej chwili g\u0142\u00f3wnymi produktami marki s\u0105 pompy ciep\u0142a, fotowoltaika, kolektory s\u0142oneczne oraz magazyny energii. W 2024 roku firma planuje powi\u0119kszy\u0107 swoj\u0105 ofert\u0119 o klimatyzacj\u0119 oraz ogrzewanie pod\u0142ogowe.  <\/p>\n<p>Specjali\u015bci Kensola oferuj\u0105 profesjonaln\u0105 pomoc w doborze odpowiednich urz\u0105dze\u0144, dzi\u0119ki czemu klienci firmy maj\u0105 pewno\u015b\u0107, \u017ce zainstalowany sprz\u0119t b\u0119dzie skuteczny i maksymalnie wydajny. Ponadto, zdecydowan\u0105 przewag\u0105 marki s\u0105 jej polskie korzenie, zdalny nadz\u00f3r, polski serwis oraz mo\u017cliwo\u015b\u0107 dofinansowania zakupu, a na pompy ciep\u0142a Kensol zapewniona jest a\u017c 5 letnia gwarancja. Kensol wraz z ca\u0142\u0105 Grupa Keno zamierzaj\u0105 w najbli\u017cszym czasie mocno zaanga\u017cowa\u0107 si\u0119 w lokalne \u017cycie gliwiczan, wi\u0119c na pewno jeszcze o nich us\u0142yszmy. Wszystkich zainteresowanych rozwi\u0105zaniami, kt\u00f3re proponuje firma zapraszamy na stron\u0119 <a href=\"https:\/\/kensol.pl\/pl\">www.Kensol.pl<\/a> i do bezpo\u015bredniego kontaktu.<\/p>\n<p><img loading=\"lazy\" decoding=\"async\" src=\"https:\/\/www.24gliwice.pl\/wiadomosci\/wp-content\/uploads\/2023\/12\/fot.-5.jpg\" alt=\"\" width=\"810\" height=\"540\" class=\"aligncenter size-full wp-image-226619\" srcset=\"https:\/\/www.24gliwice.pl\/wiadomosci\/wp-content\/uploads\/2023\/12\/fot.-5.jpg 810w, https:\/\/www.24gliwice.pl\/wiadomosci\/wp-content\/uploads\/2023\/12\/fot.-5-348x232.jpg 348w, https:\/\/www.24gliwice.pl\/wiadomosci\/wp-content\/uploads\/2023\/12\/fot.-5-683x455.jpg 683w, https:\/\/www.24gliwice.pl\/wiadomosci\/wp-content\/uploads\/2023\/12\/fot.-5-768x512.jpg 768w\" sizes=\"auto, (max-width: 810px) 100vw, 810px\" \/><\/p>\n<p>KENO Home oraz Kensol s\u0105 cz\u0119\u015bci\u0105 Grupy KENO, czo\u0142owego dostawcy kompleksowych rozwi\u0105za\u0144 Odnawialnych \u0179r\u00f3de\u0142 Energii, z siedzib\u0105 w gliwickiej Ostropie. KENO od lat wyznacza trendy i kierunek rozwoju polskiego rynku OZE. W ci\u0105gu 15 lat swojego funkcjonowania Grupa ugruntowa\u0142a swoj\u0105 mocn\u0105 pozycj\u0119 w gronie firm oferuj\u0105cych zbli\u017cone rozwi\u0105zania. <\/p>\n<p><strong>Spotkanie z Miko\u0142ajem w <a href=\"https:\/\/keno-home.com\/\" rel=\"noopener\" target=\"_blank\">KENO Home<\/a>:<\/strong><br \/>\n9 grudnia (sobota)<br \/>\nGliwice, Daszy\u0144skiego 636<br \/>\nod 10:00 do 13:00<br \/>\nZapraszamy!<\/p>\n<p><small>materia\u0142 partnera<\/small><\/p>\n","protected":false},"excerpt":{"rendered":"<p>Ju\u017c 9 grudnia (sobota) w domu pokazowym firmy KENO Home odb\u0119dzie si\u0119 spotkanie z Miko\u0142ajem! Ten sympatyczny starszy pan podobno zaplanowa\u0142 kilka dni odpoczynku we wspomnianym domu, a w zamian za go\u015bcin\u0119 przygotowa\u0142 kilka niespodzianek dla najm\u0142odszych mieszka\u0144c\u00f3w Gliwic i okolic. &nbsp; Spotkanie z pewno\u015bci\u0105 wywo\u0142a wiele u\u015bmiech\u00f3w na twarzach nie tylko dzieci, ale r\u00f3wnie\u017c [&hellip;]<\/p>\n","protected":false},"author":4,"featured_media":226615,"comment_status":"closed","ping_status":"closed","sticky":false,"template":"","format":"standard","meta":{"_monsterinsights_skip_tracking":false,"_monsterinsights_sitenote_active":false,"_monsterinsights_sitenote_note":"","_monsterinsights_sitenote_category":0,"footnotes":"","_links_to":"","_links_to_target":""},"categories":[3,1,1129],"tags":[],"class_list":["post-226614","post","type-post","status-publish","format-standard","has-post-thumbnail","hentry","category-gliwice","category-wszystko","category-polecamy"],"yoast_head":"<!-- This site is optimized with the Yoast SEO plugin v27.5 - https:\/\/yoast.com\/product\/yoast-seo-wordpress\/ -->\n<title>\u015awi\u0119ty Miko\u0142aj zamieszka\u0142 na Daszy\u0144skiego! - 24GLIWICE - Portal Gliwice | codziennie nowe informacje<\/title>\n<meta name=\"robots\" content=\"index, follow, max-snippet:-1, max-image-preview:large, max-video-preview:-1\" \/>\n<link rel=\"canonical\" href=\"https:\/\/www.24gliwice.pl\/wiadomosci\/swiety-mikolaj-zamieszkal-na-daszynskiego\/\" \/>\n<meta property=\"og:locale\" content=\"pl_PL\" \/>\n<meta property=\"og:type\" content=\"article\" \/>\n<meta property=\"og:title\" content=\"\u015awi\u0119ty Miko\u0142aj zamieszka\u0142 na Daszy\u0144skiego! - 24GLIWICE - Portal Gliwice | codziennie nowe informacje\" \/>\n<meta property=\"og:description\" content=\"Ju\u017c 9 grudnia (sobota) w domu pokazowym firmy KENO Home odb\u0119dzie si\u0119 spotkanie z Miko\u0142ajem! Ten sympatyczny starszy pan podobno zaplanowa\u0142 kilka dni odpoczynku we wspomnianym domu, a w zamian za go\u015bcin\u0119 przygotowa\u0142 kilka niespodzianek dla najm\u0142odszych mieszka\u0144c\u00f3w Gliwic i okolic. &nbsp; Spotkanie z pewno\u015bci\u0105 wywo\u0142a wiele u\u015bmiech\u00f3w na twarzach nie tylko dzieci, ale r\u00f3wnie\u017c [&hellip;]\" \/>\n<meta property=\"og:url\" content=\"https:\/\/www.24gliwice.pl\/wiadomosci\/swiety-mikolaj-zamieszkal-na-daszynskiego\/\" \/>\n<meta property=\"og:site_name\" content=\"24GLIWICE - Portal Gliwice | codziennie nowe informacje\" \/>\n<meta property=\"article:publisher\" content=\"https:\/\/www.facebook.com\/24gliwice\" \/>\n<meta property=\"article:author\" content=\"https:\/\/www.facebook.com\/marcin.fabrykowski\" \/>\n<meta property=\"article:published_time\" content=\"2023-12-02T13:00:11+00:00\" \/>\n<meta property=\"article:modified_time\" content=\"2023-12-04T12:37:11+00:00\" \/>\n<meta property=\"og:image\" content=\"https:\/\/www.24gliwice.pl\/wiadomosci\/wp-content\/uploads\/2023\/12\/fot.-1.jpg\" \/>\n\t<meta property=\"og:image:width\" content=\"1140\" \/>\n\t<meta property=\"og:image:height\" content=\"597\" \/>\n\t<meta property=\"og:image:type\" content=\"image\/jpeg\" \/>\n<meta name=\"author\" content=\"Marcin Fabrykowski\" \/>\n<meta name=\"twitter:card\" content=\"summary_large_image\" \/>\n<meta name=\"twitter:creator\" content=\"@24gliwice\" \/>\n<meta name=\"twitter:site\" content=\"@24gliwice\" \/>\n<meta name=\"twitter:label1\" content=\"Napisane przez\" \/>\n\t<meta name=\"twitter:data1\" content=\"Marcin Fabrykowski\" \/>\n\t<meta name=\"twitter:label2\" content=\"Szacowany czas czytania\" \/>\n\t<meta name=\"twitter:data2\" content=\"5 minut\" \/>\n<script type=\"application\/ld+json\" class=\"yoast-schema-graph\">{\"@context\":\"https:\\\/\\\/schema.org\",\"@graph\":[{\"@type\":\"Article\",\"@id\":\"https:\\\/\\\/www.24gliwice.pl\\\/wiadomosci\\\/swiety-mikolaj-zamieszkal-na-daszynskiego\\\/#article\",\"isPartOf\":{\"@id\":\"https:\\\/\\\/www.24gliwice.pl\\\/wiadomosci\\\/swiety-mikolaj-zamieszkal-na-daszynskiego\\\/\"},\"author\":{\"name\":\"Marcin Fabrykowski\",\"@id\":\"https:\\\/\\\/www.24gliwice.pl\\\/wiadomosci\\\/#\\\/schema\\\/person\\\/cb5857e4a4d048c15984c1edcc8ef0c0\"},\"headline\":\"\u015awi\u0119ty Miko\u0142aj zamieszka\u0142 na Daszy\u0144skiego!\",\"datePublished\":\"2023-12-02T13:00:11+00:00\",\"dateModified\":\"2023-12-04T12:37:11+00:00\",\"mainEntityOfPage\":{\"@id\":\"https:\\\/\\\/www.24gliwice.pl\\\/wiadomosci\\\/swiety-mikolaj-zamieszkal-na-daszynskiego\\\/\"},\"wordCount\":730,\"publisher\":{\"@id\":\"https:\\\/\\\/www.24gliwice.pl\\\/wiadomosci\\\/#organization\"},\"image\":{\"@id\":\"https:\\\/\\\/www.24gliwice.pl\\\/wiadomosci\\\/swiety-mikolaj-zamieszkal-na-daszynskiego\\\/#primaryimage\"},\"thumbnailUrl\":\"https:\\\/\\\/www.24gliwice.pl\\\/wiadomosci\\\/wp-content\\\/uploads\\\/2023\\\/12\\\/fot.-1.jpg\",\"articleSection\":[\"Gliwice\",\"Najnowsze wiadomo\u015bci\",\"Polecamy\"],\"inLanguage\":\"pl-PL\"},{\"@type\":\"WebPage\",\"@id\":\"https:\\\/\\\/www.24gliwice.pl\\\/wiadomosci\\\/swiety-mikolaj-zamieszkal-na-daszynskiego\\\/\",\"url\":\"https:\\\/\\\/www.24gliwice.pl\\\/wiadomosci\\\/swiety-mikolaj-zamieszkal-na-daszynskiego\\\/\",\"name\":\"\u015awi\u0119ty Miko\u0142aj zamieszka\u0142 na Daszy\u0144skiego! - 24GLIWICE - Portal Gliwice | codziennie nowe informacje\",\"isPartOf\":{\"@id\":\"https:\\\/\\\/www.24gliwice.pl\\\/wiadomosci\\\/#website\"},\"primaryImageOfPage\":{\"@id\":\"https:\\\/\\\/www.24gliwice.pl\\\/wiadomosci\\\/swiety-mikolaj-zamieszkal-na-daszynskiego\\\/#primaryimage\"},\"image\":{\"@id\":\"https:\\\/\\\/www.24gliwice.pl\\\/wiadomosci\\\/swiety-mikolaj-zamieszkal-na-daszynskiego\\\/#primaryimage\"},\"thumbnailUrl\":\"https:\\\/\\\/www.24gliwice.pl\\\/wiadomosci\\\/wp-content\\\/uploads\\\/2023\\\/12\\\/fot.-1.jpg\",\"datePublished\":\"2023-12-02T13:00:11+00:00\",\"dateModified\":\"2023-12-04T12:37:11+00:00\",\"breadcrumb\":{\"@id\":\"https:\\\/\\\/www.24gliwice.pl\\\/wiadomosci\\\/swiety-mikolaj-zamieszkal-na-daszynskiego\\\/#breadcrumb\"},\"inLanguage\":\"pl-PL\",\"potentialAction\":[{\"@type\":\"ReadAction\",\"target\":[\"https:\\\/\\\/www.24gliwice.pl\\\/wiadomosci\\\/swiety-mikolaj-zamieszkal-na-daszynskiego\\\/\"]}]},{\"@type\":\"ImageObject\",\"inLanguage\":\"pl-PL\",\"@id\":\"https:\\\/\\\/www.24gliwice.pl\\\/wiadomosci\\\/swiety-mikolaj-zamieszkal-na-daszynskiego\\\/#primaryimage\",\"url\":\"https:\\\/\\\/www.24gliwice.pl\\\/wiadomosci\\\/wp-content\\\/uploads\\\/2023\\\/12\\\/fot.-1.jpg\",\"contentUrl\":\"https:\\\/\\\/www.24gliwice.pl\\\/wiadomosci\\\/wp-content\\\/uploads\\\/2023\\\/12\\\/fot.-1.jpg\",\"width\":1140,\"height\":597},{\"@type\":\"BreadcrumbList\",\"@id\":\"https:\\\/\\\/www.24gliwice.pl\\\/wiadomosci\\\/swiety-mikolaj-zamieszkal-na-daszynskiego\\\/#breadcrumb\",\"itemListElement\":[{\"@type\":\"ListItem\",\"position\":1,\"name\":\"Strona g\u0142\u00f3wna\",\"item\":\"https:\\\/\\\/www.24gliwice.pl\\\/wiadomosci\\\/\"},{\"@type\":\"ListItem\",\"position\":2,\"name\":\"\u015awi\u0119ty Miko\u0142aj zamieszka\u0142 na Daszy\u0144skiego!\"}]},{\"@type\":\"WebSite\",\"@id\":\"https:\\\/\\\/www.24gliwice.pl\\\/wiadomosci\\\/#website\",\"url\":\"https:\\\/\\\/www.24gliwice.pl\\\/wiadomosci\\\/\",\"name\":\"24GLIWICE - Portal Gliwice | codziennie nowe wiadomo\u015bci\",\"description\":\"Portal Miejski Gliwice\",\"publisher\":{\"@id\":\"https:\\\/\\\/www.24gliwice.pl\\\/wiadomosci\\\/#organization\"},\"potentialAction\":[{\"@type\":\"SearchAction\",\"target\":{\"@type\":\"EntryPoint\",\"urlTemplate\":\"https:\\\/\\\/www.24gliwice.pl\\\/wiadomosci\\\/?s={search_term_string}\"},\"query-input\":{\"@type\":\"PropertyValueSpecification\",\"valueRequired\":true,\"valueName\":\"search_term_string\"}}],\"inLanguage\":\"pl-PL\"},{\"@type\":\"Organization\",\"@id\":\"https:\\\/\\\/www.24gliwice.pl\\\/wiadomosci\\\/#organization\",\"name\":\"24gliwice\",\"url\":\"https:\\\/\\\/www.24gliwice.pl\\\/wiadomosci\\\/\",\"logo\":{\"@type\":\"ImageObject\",\"inLanguage\":\"pl-PL\",\"@id\":\"https:\\\/\\\/www.24gliwice.pl\\\/wiadomosci\\\/#\\\/schema\\\/logo\\\/image\\\/\",\"url\":\"https:\\\/\\\/www.24gliwice.pl\\\/wiadomosci\\\/wp-content\\\/uploads\\\/2024\\\/10\\\/24gliwice-logo-696.jpg\",\"contentUrl\":\"https:\\\/\\\/www.24gliwice.pl\\\/wiadomosci\\\/wp-content\\\/uploads\\\/2024\\\/10\\\/24gliwice-logo-696.jpg\",\"width\":696,\"height\":696,\"caption\":\"24gliwice\"},\"image\":{\"@id\":\"https:\\\/\\\/www.24gliwice.pl\\\/wiadomosci\\\/#\\\/schema\\\/logo\\\/image\\\/\"},\"sameAs\":[\"https:\\\/\\\/www.facebook.com\\\/24gliwice\",\"https:\\\/\\\/x.com\\\/24gliwice\",\"https:\\\/\\\/www.youtube.com\\\/@24gliwice\"]},{\"@type\":\"Person\",\"@id\":\"https:\\\/\\\/www.24gliwice.pl\\\/wiadomosci\\\/#\\\/schema\\\/person\\\/cb5857e4a4d048c15984c1edcc8ef0c0\",\"name\":\"Marcin Fabrykowski\",\"image\":{\"@type\":\"ImageObject\",\"inLanguage\":\"pl-PL\",\"@id\":\"https:\\\/\\\/www.24gliwice.pl\\\/wiadomosci\\\/wp-content\\\/uploads\\\/2025\\\/11\\\/zdjecie-moje-marcin-300-96x96.jpg\",\"url\":\"https:\\\/\\\/www.24gliwice.pl\\\/wiadomosci\\\/wp-content\\\/uploads\\\/2025\\\/11\\\/zdjecie-moje-marcin-300-96x96.jpg\",\"contentUrl\":\"https:\\\/\\\/www.24gliwice.pl\\\/wiadomosci\\\/wp-content\\\/uploads\\\/2025\\\/11\\\/zdjecie-moje-marcin-300-96x96.jpg\",\"caption\":\"Marcin Fabrykowski\"},\"sameAs\":[\"http:\\\/\\\/24gliwice.pl\",\"https:\\\/\\\/www.facebook.com\\\/marcin.fabrykowski\"],\"url\":\"https:\\\/\\\/www.24gliwice.pl\\\/wiadomosci\\\/author\\\/marcin-fabrykowski\\\/\"}]}<\/script>\n<!-- \/ Yoast SEO plugin. -->","yoast_head_json":{"title":"\u015awi\u0119ty Miko\u0142aj zamieszka\u0142 na Daszy\u0144skiego! - 24GLIWICE - Portal Gliwice | codziennie nowe informacje","robots":{"index":"index","follow":"follow","max-snippet":"max-snippet:-1","max-image-preview":"max-image-preview:large","max-video-preview":"max-video-preview:-1"},"canonical":"https:\/\/www.24gliwice.pl\/wiadomosci\/swiety-mikolaj-zamieszkal-na-daszynskiego\/","og_locale":"pl_PL","og_type":"article","og_title":"\u015awi\u0119ty Miko\u0142aj zamieszka\u0142 na Daszy\u0144skiego! - 24GLIWICE - Portal Gliwice | codziennie nowe informacje","og_description":"Ju\u017c 9 grudnia (sobota) w domu pokazowym firmy KENO Home odb\u0119dzie si\u0119 spotkanie z Miko\u0142ajem! Ten sympatyczny starszy pan podobno zaplanowa\u0142 kilka dni odpoczynku we wspomnianym domu, a w zamian za go\u015bcin\u0119 przygotowa\u0142 kilka niespodzianek dla najm\u0142odszych mieszka\u0144c\u00f3w Gliwic i okolic. &nbsp; Spotkanie z pewno\u015bci\u0105 wywo\u0142a wiele u\u015bmiech\u00f3w na twarzach nie tylko dzieci, ale r\u00f3wnie\u017c [&hellip;]","og_url":"https:\/\/www.24gliwice.pl\/wiadomosci\/swiety-mikolaj-zamieszkal-na-daszynskiego\/","og_site_name":"24GLIWICE - Portal Gliwice | codziennie nowe informacje","article_publisher":"https:\/\/www.facebook.com\/24gliwice","article_author":"https:\/\/www.facebook.com\/marcin.fabrykowski","article_published_time":"2023-12-02T13:00:11+00:00","article_modified_time":"2023-12-04T12:37:11+00:00","og_image":[{"width":1140,"height":597,"url":"https:\/\/www.24gliwice.pl\/wiadomosci\/wp-content\/uploads\/2023\/12\/fot.-1.jpg","type":"image\/jpeg"}],"author":"Marcin Fabrykowski","twitter_card":"summary_large_image","twitter_creator":"@24gliwice","twitter_site":"@24gliwice","twitter_misc":{"Napisane przez":"Marcin Fabrykowski","Szacowany czas czytania":"5 minut"},"schema":{"@context":"https:\/\/schema.org","@graph":[{"@type":"Article","@id":"https:\/\/www.24gliwice.pl\/wiadomosci\/swiety-mikolaj-zamieszkal-na-daszynskiego\/#article","isPartOf":{"@id":"https:\/\/www.24gliwice.pl\/wiadomosci\/swiety-mikolaj-zamieszkal-na-daszynskiego\/"},"author":{"name":"Marcin Fabrykowski","@id":"https:\/\/www.24gliwice.pl\/wiadomosci\/#\/schema\/person\/cb5857e4a4d048c15984c1edcc8ef0c0"},"headline":"\u015awi\u0119ty Miko\u0142aj zamieszka\u0142 na Daszy\u0144skiego!","datePublished":"2023-12-02T13:00:11+00:00","dateModified":"2023-12-04T12:37:11+00:00","mainEntityOfPage":{"@id":"https:\/\/www.24gliwice.pl\/wiadomosci\/swiety-mikolaj-zamieszkal-na-daszynskiego\/"},"wordCount":730,"publisher":{"@id":"https:\/\/www.24gliwice.pl\/wiadomosci\/#organization"},"image":{"@id":"https:\/\/www.24gliwice.pl\/wiadomosci\/swiety-mikolaj-zamieszkal-na-daszynskiego\/#primaryimage"},"thumbnailUrl":"https:\/\/www.24gliwice.pl\/wiadomosci\/wp-content\/uploads\/2023\/12\/fot.-1.jpg","articleSection":["Gliwice","Najnowsze wiadomo\u015bci","Polecamy"],"inLanguage":"pl-PL"},{"@type":"WebPage","@id":"https:\/\/www.24gliwice.pl\/wiadomosci\/swiety-mikolaj-zamieszkal-na-daszynskiego\/","url":"https:\/\/www.24gliwice.pl\/wiadomosci\/swiety-mikolaj-zamieszkal-na-daszynskiego\/","name":"\u015awi\u0119ty Miko\u0142aj zamieszka\u0142 na Daszy\u0144skiego! - 24GLIWICE - Portal Gliwice | codziennie nowe informacje","isPartOf":{"@id":"https:\/\/www.24gliwice.pl\/wiadomosci\/#website"},"primaryImageOfPage":{"@id":"https:\/\/www.24gliwice.pl\/wiadomosci\/swiety-mikolaj-zamieszkal-na-daszynskiego\/#primaryimage"},"image":{"@id":"https:\/\/www.24gliwice.pl\/wiadomosci\/swiety-mikolaj-zamieszkal-na-daszynskiego\/#primaryimage"},"thumbnailUrl":"https:\/\/www.24gliwice.pl\/wiadomosci\/wp-content\/uploads\/2023\/12\/fot.-1.jpg","datePublished":"2023-12-02T13:00:11+00:00","dateModified":"2023-12-04T12:37:11+00:00","breadcrumb":{"@id":"https:\/\/www.24gliwice.pl\/wiadomosci\/swiety-mikolaj-zamieszkal-na-daszynskiego\/#breadcrumb"},"inLanguage":"pl-PL","potentialAction":[{"@type":"ReadAction","target":["https:\/\/www.24gliwice.pl\/wiadomosci\/swiety-mikolaj-zamieszkal-na-daszynskiego\/"]}]},{"@type":"ImageObject","inLanguage":"pl-PL","@id":"https:\/\/www.24gliwice.pl\/wiadomosci\/swiety-mikolaj-zamieszkal-na-daszynskiego\/#primaryimage","url":"https:\/\/www.24gliwice.pl\/wiadomosci\/wp-content\/uploads\/2023\/12\/fot.-1.jpg","contentUrl":"https:\/\/www.24gliwice.pl\/wiadomosci\/wp-content\/uploads\/2023\/12\/fot.-1.jpg","width":1140,"height":597},{"@type":"BreadcrumbList","@id":"https:\/\/www.24gliwice.pl\/wiadomosci\/swiety-mikolaj-zamieszkal-na-daszynskiego\/#breadcrumb","itemListElement":[{"@type":"ListItem","position":1,"name":"Strona g\u0142\u00f3wna","item":"https:\/\/www.24gliwice.pl\/wiadomosci\/"},{"@type":"ListItem","position":2,"name":"\u015awi\u0119ty Miko\u0142aj zamieszka\u0142 na Daszy\u0144skiego!"}]},{"@type":"WebSite","@id":"https:\/\/www.24gliwice.pl\/wiadomosci\/#website","url":"https:\/\/www.24gliwice.pl\/wiadomosci\/","name":"24GLIWICE - Portal Gliwice | codziennie nowe wiadomo\u015bci","description":"Portal Miejski Gliwice","publisher":{"@id":"https:\/\/www.24gliwice.pl\/wiadomosci\/#organization"},"potentialAction":[{"@type":"SearchAction","target":{"@type":"EntryPoint","urlTemplate":"https:\/\/www.24gliwice.pl\/wiadomosci\/?s={search_term_string}"},"query-input":{"@type":"PropertyValueSpecification","valueRequired":true,"valueName":"search_term_string"}}],"inLanguage":"pl-PL"},{"@type":"Organization","@id":"https:\/\/www.24gliwice.pl\/wiadomosci\/#organization","name":"24gliwice","url":"https:\/\/www.24gliwice.pl\/wiadomosci\/","logo":{"@type":"ImageObject","inLanguage":"pl-PL","@id":"https:\/\/www.24gliwice.pl\/wiadomosci\/#\/schema\/logo\/image\/","url":"https:\/\/www.24gliwice.pl\/wiadomosci\/wp-content\/uploads\/2024\/10\/24gliwice-logo-696.jpg","contentUrl":"https:\/\/www.24gliwice.pl\/wiadomosci\/wp-content\/uploads\/2024\/10\/24gliwice-logo-696.jpg","width":696,"height":696,"caption":"24gliwice"},"image":{"@id":"https:\/\/www.24gliwice.pl\/wiadomosci\/#\/schema\/logo\/image\/"},"sameAs":["https:\/\/www.facebook.com\/24gliwice","https:\/\/x.com\/24gliwice","https:\/\/www.youtube.com\/@24gliwice"]},{"@type":"Person","@id":"https:\/\/www.24gliwice.pl\/wiadomosci\/#\/schema\/person\/cb5857e4a4d048c15984c1edcc8ef0c0","name":"Marcin Fabrykowski","image":{"@type":"ImageObject","inLanguage":"pl-PL","@id":"https:\/\/www.24gliwice.pl\/wiadomosci\/wp-content\/uploads\/2025\/11\/zdjecie-moje-marcin-300-96x96.jpg","url":"https:\/\/www.24gliwice.pl\/wiadomosci\/wp-content\/uploads\/2025\/11\/zdjecie-moje-marcin-300-96x96.jpg","contentUrl":"https:\/\/www.24gliwice.pl\/wiadomosci\/wp-content\/uploads\/2025\/11\/zdjecie-moje-marcin-300-96x96.jpg","caption":"Marcin Fabrykowski"},"sameAs":["http:\/\/24gliwice.pl","https:\/\/www.facebook.com\/marcin.fabrykowski"],"url":"https:\/\/www.24gliwice.pl\/wiadomosci\/author\/marcin-fabrykowski\/"}]}},"_links":{"self":[{"href":"https:\/\/www.24gliwice.pl\/wiadomosci\/wp-json\/wp\/v2\/posts\/226614","targetHints":{"allow":["GET"]}}],"collection":[{"href":"https:\/\/www.24gliwice.pl\/wiadomosci\/wp-json\/wp\/v2\/posts"}],"about":[{"href":"https:\/\/www.24gliwice.pl\/wiadomosci\/wp-json\/wp\/v2\/types\/post"}],"author":[{"embeddable":true,"href":"https:\/\/www.24gliwice.pl\/wiadomosci\/wp-json\/wp\/v2\/users\/4"}],"replies":[{"embeddable":true,"href":"https:\/\/www.24gliwice.pl\/wiadomosci\/wp-json\/wp\/v2\/comments?post=226614"}],"version-history":[{"count":0,"href":"https:\/\/www.24gliwice.pl\/wiadomosci\/wp-json\/wp\/v2\/posts\/226614\/revisions"}],"wp:featuredmedia":[{"embeddable":true,"href":"https:\/\/www.24gliwice.pl\/wiadomosci\/wp-json\/wp\/v2\/media\/226615"}],"wp:attachment":[{"href":"https:\/\/www.24gliwice.pl\/wiadomosci\/wp-json\/wp\/v2\/media?parent=226614"}],"wp:term":[{"taxonomy":"category","embeddable":true,"href":"https:\/\/www.24gliwice.pl\/wiadomosci\/wp-json\/wp\/v2\/categories?post=226614"},{"taxonomy":"post_tag","embeddable":true,"href":"https:\/\/www.24gliwice.pl\/wiadomosci\/wp-json\/wp\/v2\/tags?post=226614"}],"curies":[{"name":"wp","href":"https:\/\/api.w.org\/{rel}","templated":true}]}}