{"id":226677,"date":"2023-12-13T03:09:17","date_gmt":"2023-12-13T02:09:17","guid":{"rendered":"https:\/\/www.24gliwice.pl\/wiadomosci\/?p=226677"},"modified":"2023-12-13T03:09:17","modified_gmt":"2023-12-13T02:09:17","slug":"krzeslo-elektryczne-walizki-do-zbierania-sladow-i-sprzet-fotograficzny-powstalo-mini-muzeum-kryminalistyki","status":"publish","type":"post","link":"https:\/\/www.24gliwice.pl\/wiadomosci\/krzeslo-elektryczne-walizki-do-zbierania-sladow-i-sprzet-fotograficzny-powstalo-mini-muzeum-kryminalistyki\/","title":{"rendered":"&#8220;Krzes\u0142o elektryczne&#8221;, walizki do zbierania \u015blad\u00f3w i sprz\u0119t fotograficzny. Powsta\u0142o mini-muzeum kryminalistyki"},"content":{"rendered":"<div class=\"gliwi-a6-nad-leadem-artykulow gliwi-entity-placement\" id=\"gliwi-3725087859\"><div class=\"gliwi-adlabel\"><span style=\"font-size: 9px\">REKLAMA<\/span><\/div><div id=\"gliwi-1177879417\" style=\"margin-bottom: 25px;margin-left: auto;margin-right: auto;text-align: center;\"><a data-no-instant=\"1\" href=\"https:\/\/dom100.eu\/\" rel=\"noopener\" class=\"a2t-link\" target=\"_blank\" aria-label=\"20260415 DOM100 D\"><img loading=\"lazy\" decoding=\"async\" src=\"https:\/\/www.24gliwice.pl\/wiadomosci\/wp-content\/uploads\/2026\/04\/20260415-DOM100-D.jpg\" alt=\"\"  srcset=\"https:\/\/www.24gliwice.pl\/wiadomosci\/wp-content\/uploads\/2026\/04\/20260415-DOM100-D.jpg 750w, https:\/\/www.24gliwice.pl\/wiadomosci\/wp-content\/uploads\/2026\/04\/20260415-DOM100-D-410x109.jpg 410w\" sizes=\"(max-width: 750px) 100vw, 750px\" class=\"no-lazyload\" width=\"750\" height=\"200\"  style=\"display: inline-block; max-width: 100%; height: auto;\" \/><\/a><\/div><\/div><p><iframe loading=\"lazy\" width=\"810\" height=\"455\" src=\"https:\/\/www.youtube.com\/embed\/wKLtleIjols?si=pRSg4y9no5Y8tGtY\" title=\"YouTube video player\" frameborder=\"0\" allow=\"accelerometer; autoplay; clipboard-write; encrypted-media; gyroscope; picture-in-picture; web-share\" allowfullscreen><\/iframe><\/p>\n<h2>W Gliwicach powsta\u0142o jedyne na \u015al\u0105sku, a mo\u017ce i w ca\u0142ej Polsce, mini-muzeum kryminalistyki. Znajduje si\u0119 w budynku Komendy Miejskiej Policji. Na razie dost\u0119pne b\u0119dzie dla wycieczek zorganizowanych ze szk\u00f3\u0142, przede wszystkim mundur\u00f3wek, a tak\u017ce dla student\u00f3w.<\/h2>\n<p>&nbsp;<br \/>\nPo przenosinach do nowego budynku Komendy Policji (ten powstanie w ci\u0105gu najbli\u017cszych kilku lat na terenie Ligoty Zabrskiej), wystawa ma zosta\u0107 udost\u0119pniona dla szerszej publiki. Znajduj\u0105 si\u0119 tam m.in. sprz\u0119ty fotograficzne, kamery VHS, walizki kryminalistyczne oraz wyposa\u017cenie ciemni fotograficznej. S\u0105 tam tak\u017ce narz\u0119dzia i materia\u0142y do ujawniania i utrwalania zabezpieczonych \u015blad\u00f3w.<\/p>\n<blockquote><p><em>Jednym z ciekawszych eksponat\u00f3w jest sprz\u0119t do wykonywania zdj\u0119\u0107 osobom podejrzanym, zawieraj\u0105cy drewniane obrotowe krzes\u0142o do fotografii sygnalitycznej, nawi\u0105zuj\u0105ce wygl\u0105dem do krzese\u0142 elektrycznych znanych z ameryka\u0144skich film\u00f3w<\/em><\/p><\/blockquote>\n<p>&#8211; zdradza rzecznik gliwickiej policji, podinspektor <strong>Marek S\u0142omski. <\/strong><\/p><div class=\"gliwi-a3-w-tresci-artykulow gliwi-entity-placement\" id=\"gliwi-2220343281\"><div class=\"gliwi-adlabel\"><span style=\"font-size: 9px\">REKLAMA<\/span><\/div><div id=\"gliwi-579316424\" style=\"margin-bottom: 30px;margin-left: auto;margin-right: auto;text-align: center;\"><a data-no-instant=\"1\" href=\"https:\/\/ogrodyandersa.pl\/\" rel=\"noopener\" class=\"a2t-link\" target=\"_blank\" aria-label=\"20260415 Ogrody Andersa KUP TERAZ D\"><img loading=\"lazy\" decoding=\"async\" src=\"https:\/\/www.24gliwice.pl\/wiadomosci\/wp-content\/uploads\/2026\/04\/20260415-Ogrody-Andersa-KUP-TERAZ-D.jpg\" alt=\"\"  srcset=\"https:\/\/www.24gliwice.pl\/wiadomosci\/wp-content\/uploads\/2026\/04\/20260415-Ogrody-Andersa-KUP-TERAZ-D.jpg 750w, https:\/\/www.24gliwice.pl\/wiadomosci\/wp-content\/uploads\/2026\/04\/20260415-Ogrody-Andersa-KUP-TERAZ-D-410x109.jpg 410w\" sizes=\"(max-width: 750px) 100vw, 750px\" class=\"no-lazyload\" width=\"750\" height=\"200\"  style=\"display: inline-block; max-width: 100%; height: auto;\" \/><\/a><\/div><\/div>\n<p>Ostatnie dwie dekady przynios\u0142y rewolucj\u0119 technologiczn\u0105, tak\u017ce w dziedzinie techniki kryminalistycznej, stanowi\u0105cej kluczowy element w efektywnym przeciwdzia\u0142aniu przest\u0119pczo\u015bci. Obserwowane szybkie zmiany sprawiaj\u0105, \u017ce nowe pokolenie kryminalistyk\u00f3w nie zawsze rozpoznaje narz\u0119dzia u\u017cywane przez poprzednik\u00f3w. Zrodzi\u0142 si\u0119 wi\u0119c pomys\u0142 na zachowanie dla potomnych pami\u0119ci o historycznym sprz\u0119cie. Tego wyzwania podj\u0105\u0142 si\u0119 kierownik gliwickiego pionu techniki kryminalistycznej, asp. sztab. <strong>Dariusz Sikora<\/strong> z ca\u0142ym zespo\u0142em. Postanowili utrwali\u0107 dziedzictwo tej specjalno\u015bci, tworz\u0105c k\u0105cik historyczny.<\/p>\n<p><img loading=\"lazy\" decoding=\"async\" src=\"https:\/\/www.24gliwice.pl\/wiadomosci\/wp-content\/uploads\/2023\/12\/muzeum-kryminalistyki-2.jpg\" alt=\"\" width=\"810\" height=\"456\" class=\"aligncenter size-full wp-image-227239\" srcset=\"https:\/\/www.24gliwice.pl\/wiadomosci\/wp-content\/uploads\/2023\/12\/muzeum-kryminalistyki-2.jpg 810w, https:\/\/www.24gliwice.pl\/wiadomosci\/wp-content\/uploads\/2023\/12\/muzeum-kryminalistyki-2-410x232.jpg 410w, https:\/\/www.24gliwice.pl\/wiadomosci\/wp-content\/uploads\/2023\/12\/muzeum-kryminalistyki-2-808x455.jpg 808w, https:\/\/www.24gliwice.pl\/wiadomosci\/wp-content\/uploads\/2023\/12\/muzeum-kryminalistyki-2-768x432.jpg 768w\" sizes=\"auto, (max-width: 810px) 100vw, 810px\" \/><\/p>\n<p>&#8211; <em>W ka\u017cdej komendzie, ju\u017c od szczebla powiatowego\/miejskiego, znajduj\u0105 si\u0119 piony techniki kryminalistycznej. W Gliwicach obecnie s\u0142u\u017cy jedenastu wyspecjalizowanych policjant\u00f3w, posiadaj\u0105cych obszern\u0105 wiedz\u0119 z zakresu kryminalistyki, medycyny s\u0105dowej, chemii, fizyki, informatyki, fotografii i elektroniki. Ich zadania obejmuj\u0105 nie tylko obs\u0142ug\u0119 zdarze\u0144 kryminalnych, ale tak\u017ce realizacj\u0119 zlece\u0144 od prokuratur i s\u0105d\u00f3w<\/em> &#8211; m\u00f3wi S\u0142omski.<\/p>\n<p>Obecne czasy to okres intensywnego rozwoju nauki i narz\u0119dzi s\u0142u\u017c\u0105cych do zabezpieczania \u015blad\u00f3w dzia\u0142ania przest\u0119pc\u00f3w. Sprz\u0119t u\u017cywany jeszcze kilka lat temu stopniowo odchodzi do lamusa, a m\u0142odzi adepci sztuki policyjnej nie zawsze s\u0105 w stanie zidentyfikowa\u0107 urz\u0105dzenia z zak\u0105tk\u00f3w laboratorium. Dlatego te\u017c zesp\u00f3\u0142 gliwickich technik\u00f3w postanowi\u0142 zainicjowa\u0107 powstanie minimuzeum &#8211; k\u0105cika historycznego sprz\u0119tu techniki kryminalistycznej, by \u201euratowa\u0107 od zapomnienia&#8221; stare narz\u0119dzia s\u0142u\u017c\u0105ce kryminalistykom. Wygl\u0105da jednak na to, \u017ce rozpocz\u0119te stosunkowo niedawno dzia\u0142ania w tym kierunku, w przysz\u0142o\u015bci mog\u0105 zaowocowa\u0107 rozwini\u0119ciem tej inicjatywy do sporej wystawy. Jak m\u00f3wi\u0105 nasi rozm\u00f3wcy, od kiedy informacja na ten temat obieg\u0142a inne garnizony policji, z ca\u0142ego kraju dzwoni\u0105 policyjni technicy chc\u0105cy przekaza\u0107 tam sw\u00f3j dawny sprz\u0119t. &#8211; Codziennie otrzymujemy nowe eksponaty z innych jednostek &#8211; m\u00f3wi asp. sztabowy Sikora.<\/p>\n<p>(\u017cms), KMP Gliwice<br \/>\nfot. 24gliwice <\/p>\n<div class=\"gliwi-a5-na-koncu-artykulow gliwi-entity-placement\" id=\"gliwi-4139679605\"><div class=\"gliwi-adlabel\"><span style=\"font-size: 9px\">REKLAMA<\/span><\/div><div id=\"gliwi-1044124250\" style=\"margin-left: auto;margin-right: auto;text-align: center;\"><a data-no-instant=\"1\" href=\"https:\/\/prezeroarenagliwice.pl\/\" rel=\"noopener\" class=\"a2t-link\" target=\"_blank\" aria-label=\"20260309-PREZERO-WIOSNA-D\"><img loading=\"lazy\" decoding=\"async\" src=\"https:\/\/www.24gliwice.pl\/wiadomosci\/wp-content\/uploads\/2026\/03\/20260309-PREZERO-WIOSNA-D.webp\" alt=\"\"  srcset=\"https:\/\/www.24gliwice.pl\/wiadomosci\/wp-content\/uploads\/2026\/03\/20260309-PREZERO-WIOSNA-D.webp 750w, https:\/\/www.24gliwice.pl\/wiadomosci\/wp-content\/uploads\/2026\/03\/20260309-PREZERO-WIOSNA-D-410x109.webp 410w\" sizes=\"(max-width: 750px) 100vw, 750px\" class=\"no-lazyload\" width=\"750\" height=\"200\"  style=\"display: inline-block; max-width: 100%; height: auto;\" \/><\/a><\/div><\/div>","protected":false},"excerpt":{"rendered":"<p>W Gliwicach powsta\u0142o jedyne na \u015al\u0105sku, a mo\u017ce i w ca\u0142ej Polsce, mini-muzeum kryminalistyki. Znajduje si\u0119 w budynku Komendy Miejskiej Policji. Na razie dost\u0119pne b\u0119dzie dla wycieczek zorganizowanych ze szk\u00f3\u0142, przede wszystkim mundur\u00f3wek, a tak\u017ce dla student\u00f3w. &nbsp; Po przenosinach do nowego budynku Komendy Policji (ten powstanie w ci\u0105gu najbli\u017cszych kilku lat na terenie Ligoty [&hellip;]<\/p>\n","protected":false},"author":15,"featured_media":227239,"comment_status":"open","ping_status":"closed","sticky":false,"template":"","format":"video","meta":{"_monsterinsights_skip_tracking":false,"_monsterinsights_sitenote_active":false,"_monsterinsights_sitenote_note":"","_monsterinsights_sitenote_category":0,"footnotes":"","_links_to":"","_links_to_target":""},"categories":[3,1,9,5,4],"tags":[],"class_list":["post-226677","post","type-post","status-publish","format-video","has-post-thumbnail","hentry","category-gliwice","category-wszystko","category-aktualnosci_lokalne","category-kryminalki","category-telewizja-gliwice","post_format-post-format-video"],"yoast_head":"<!-- This site is optimized with the Yoast SEO plugin v27.4 - https:\/\/yoast.com\/product\/yoast-seo-wordpress\/ -->\n<title>&quot;Krzes\u0142o elektryczne&quot;, walizki do zbierania \u015blad\u00f3w i sprz\u0119t fotograficzny. Powsta\u0142o mini-muzeum kryminalistyki - 24GLIWICE - Portal Gliwice | codziennie nowe informacje<\/title>\n<meta name=\"description\" content=\"Minimuzeum kryminalistyki powsta\u0142o w pomieszczeniach gliwickiej komendy policji. Na razie b\u0119dzie dost\u0119pne jedynie dla grup zorganizowanych\" \/>\n<meta name=\"robots\" content=\"index, follow, max-snippet:-1, max-image-preview:large, max-video-preview:-1\" \/>\n<link rel=\"canonical\" href=\"https:\/\/www.24gliwice.pl\/wiadomosci\/krzeslo-elektryczne-walizki-do-zbierania-sladow-i-sprzet-fotograficzny-powstalo-mini-muzeum-kryminalistyki\/\" \/>\n<meta property=\"og:locale\" content=\"pl_PL\" \/>\n<meta property=\"og:type\" content=\"article\" \/>\n<meta property=\"og:title\" content=\"&quot;Krzes\u0142o elektryczne&quot;, walizki do zbierania \u015blad\u00f3w i sprz\u0119t fotograficzny. Powsta\u0142o mini-muzeum kryminalistyki - 24GLIWICE - Portal Gliwice | codziennie nowe informacje\" \/>\n<meta property=\"og:description\" content=\"Minimuzeum kryminalistyki powsta\u0142o w pomieszczeniach gliwickiej komendy policji. Na razie b\u0119dzie dost\u0119pne jedynie dla grup zorganizowanych\" \/>\n<meta property=\"og:url\" content=\"https:\/\/www.24gliwice.pl\/wiadomosci\/krzeslo-elektryczne-walizki-do-zbierania-sladow-i-sprzet-fotograficzny-powstalo-mini-muzeum-kryminalistyki\/\" \/>\n<meta property=\"og:site_name\" content=\"24GLIWICE - Portal Gliwice | codziennie nowe informacje\" \/>\n<meta property=\"article:publisher\" content=\"https:\/\/www.facebook.com\/24gliwice\" \/>\n<meta property=\"article:published_time\" content=\"2023-12-13T02:09:17+00:00\" \/>\n<meta property=\"og:image\" content=\"https:\/\/www.24gliwice.pl\/wiadomosci\/wp-content\/uploads\/2023\/12\/muzeum-kryminalistyki-2.jpg\" \/>\n\t<meta property=\"og:image:width\" content=\"810\" \/>\n\t<meta property=\"og:image:height\" content=\"456\" \/>\n\t<meta property=\"og:image:type\" content=\"image\/jpeg\" \/>\n<meta name=\"author\" content=\"\u017baneta Mrozek-Siewierska\" \/>\n<meta name=\"twitter:card\" content=\"summary_large_image\" \/>\n<meta name=\"twitter:creator\" content=\"@24gliwice\" \/>\n<meta name=\"twitter:site\" content=\"@24gliwice\" \/>\n<meta name=\"twitter:label1\" content=\"Napisane przez\" \/>\n\t<meta name=\"twitter:data1\" content=\"\u017baneta Mrozek-Siewierska\" \/>\n\t<meta name=\"twitter:label2\" content=\"Szacowany czas czytania\" \/>\n\t<meta name=\"twitter:data2\" content=\"3 minuty\" \/>\n<script type=\"application\/ld+json\" class=\"yoast-schema-graph\">{\"@context\":\"https:\\\/\\\/schema.org\",\"@graph\":[{\"@type\":\"Article\",\"@id\":\"https:\\\/\\\/www.24gliwice.pl\\\/wiadomosci\\\/krzeslo-elektryczne-walizki-do-zbierania-sladow-i-sprzet-fotograficzny-powstalo-mini-muzeum-kryminalistyki\\\/#article\",\"isPartOf\":{\"@id\":\"https:\\\/\\\/www.24gliwice.pl\\\/wiadomosci\\\/krzeslo-elektryczne-walizki-do-zbierania-sladow-i-sprzet-fotograficzny-powstalo-mini-muzeum-kryminalistyki\\\/\"},\"author\":{\"name\":\"\u017baneta Mrozek-Siewierska\",\"@id\":\"https:\\\/\\\/www.24gliwice.pl\\\/wiadomosci\\\/#\\\/schema\\\/person\\\/e42c650edd7f2fa332be3811fb166b6e\"},\"headline\":\"&#8220;Krzes\u0142o elektryczne&#8221;, walizki do zbierania \u015blad\u00f3w i sprz\u0119t fotograficzny. Powsta\u0142o mini-muzeum kryminalistyki\",\"datePublished\":\"2023-12-13T02:09:17+00:00\",\"mainEntityOfPage\":{\"@id\":\"https:\\\/\\\/www.24gliwice.pl\\\/wiadomosci\\\/krzeslo-elektryczne-walizki-do-zbierania-sladow-i-sprzet-fotograficzny-powstalo-mini-muzeum-kryminalistyki\\\/\"},\"wordCount\":484,\"commentCount\":0,\"publisher\":{\"@id\":\"https:\\\/\\\/www.24gliwice.pl\\\/wiadomosci\\\/#organization\"},\"image\":{\"@id\":\"https:\\\/\\\/www.24gliwice.pl\\\/wiadomosci\\\/krzeslo-elektryczne-walizki-do-zbierania-sladow-i-sprzet-fotograficzny-powstalo-mini-muzeum-kryminalistyki\\\/#primaryimage\"},\"thumbnailUrl\":\"https:\\\/\\\/www.24gliwice.pl\\\/wiadomosci\\\/wp-content\\\/uploads\\\/2023\\\/12\\\/muzeum-kryminalistyki-2.jpg\",\"articleSection\":[\"Gliwice\",\"Najnowsze wiadomo\u015bci\",\"Portal Gliwice - Wiadomo\u015bci lokalne\",\"Prawo\",\"Telewizja, materia\u0142y wideo\"],\"inLanguage\":\"pl-PL\",\"potentialAction\":[{\"@type\":\"CommentAction\",\"name\":\"Comment\",\"target\":[\"https:\\\/\\\/www.24gliwice.pl\\\/wiadomosci\\\/krzeslo-elektryczne-walizki-do-zbierania-sladow-i-sprzet-fotograficzny-powstalo-mini-muzeum-kryminalistyki\\\/#respond\"]}]},{\"@type\":\"WebPage\",\"@id\":\"https:\\\/\\\/www.24gliwice.pl\\\/wiadomosci\\\/krzeslo-elektryczne-walizki-do-zbierania-sladow-i-sprzet-fotograficzny-powstalo-mini-muzeum-kryminalistyki\\\/\",\"url\":\"https:\\\/\\\/www.24gliwice.pl\\\/wiadomosci\\\/krzeslo-elektryczne-walizki-do-zbierania-sladow-i-sprzet-fotograficzny-powstalo-mini-muzeum-kryminalistyki\\\/\",\"name\":\"\\\"Krzes\u0142o elektryczne\\\", walizki do zbierania \u015blad\u00f3w i sprz\u0119t fotograficzny. Powsta\u0142o mini-muzeum kryminalistyki - 24GLIWICE - Portal Gliwice | codziennie nowe informacje\",\"isPartOf\":{\"@id\":\"https:\\\/\\\/www.24gliwice.pl\\\/wiadomosci\\\/#website\"},\"primaryImageOfPage\":{\"@id\":\"https:\\\/\\\/www.24gliwice.pl\\\/wiadomosci\\\/krzeslo-elektryczne-walizki-do-zbierania-sladow-i-sprzet-fotograficzny-powstalo-mini-muzeum-kryminalistyki\\\/#primaryimage\"},\"image\":{\"@id\":\"https:\\\/\\\/www.24gliwice.pl\\\/wiadomosci\\\/krzeslo-elektryczne-walizki-do-zbierania-sladow-i-sprzet-fotograficzny-powstalo-mini-muzeum-kryminalistyki\\\/#primaryimage\"},\"thumbnailUrl\":\"https:\\\/\\\/www.24gliwice.pl\\\/wiadomosci\\\/wp-content\\\/uploads\\\/2023\\\/12\\\/muzeum-kryminalistyki-2.jpg\",\"datePublished\":\"2023-12-13T02:09:17+00:00\",\"description\":\"Minimuzeum kryminalistyki powsta\u0142o w pomieszczeniach gliwickiej komendy policji. Na razie b\u0119dzie dost\u0119pne jedynie dla grup zorganizowanych\",\"breadcrumb\":{\"@id\":\"https:\\\/\\\/www.24gliwice.pl\\\/wiadomosci\\\/krzeslo-elektryczne-walizki-do-zbierania-sladow-i-sprzet-fotograficzny-powstalo-mini-muzeum-kryminalistyki\\\/#breadcrumb\"},\"inLanguage\":\"pl-PL\",\"potentialAction\":[{\"@type\":\"ReadAction\",\"target\":[\"https:\\\/\\\/www.24gliwice.pl\\\/wiadomosci\\\/krzeslo-elektryczne-walizki-do-zbierania-sladow-i-sprzet-fotograficzny-powstalo-mini-muzeum-kryminalistyki\\\/\"]}]},{\"@type\":\"ImageObject\",\"inLanguage\":\"pl-PL\",\"@id\":\"https:\\\/\\\/www.24gliwice.pl\\\/wiadomosci\\\/krzeslo-elektryczne-walizki-do-zbierania-sladow-i-sprzet-fotograficzny-powstalo-mini-muzeum-kryminalistyki\\\/#primaryimage\",\"url\":\"https:\\\/\\\/www.24gliwice.pl\\\/wiadomosci\\\/wp-content\\\/uploads\\\/2023\\\/12\\\/muzeum-kryminalistyki-2.jpg\",\"contentUrl\":\"https:\\\/\\\/www.24gliwice.pl\\\/wiadomosci\\\/wp-content\\\/uploads\\\/2023\\\/12\\\/muzeum-kryminalistyki-2.jpg\",\"width\":810,\"height\":456},{\"@type\":\"BreadcrumbList\",\"@id\":\"https:\\\/\\\/www.24gliwice.pl\\\/wiadomosci\\\/krzeslo-elektryczne-walizki-do-zbierania-sladow-i-sprzet-fotograficzny-powstalo-mini-muzeum-kryminalistyki\\\/#breadcrumb\",\"itemListElement\":[{\"@type\":\"ListItem\",\"position\":1,\"name\":\"Strona g\u0142\u00f3wna\",\"item\":\"https:\\\/\\\/www.24gliwice.pl\\\/wiadomosci\\\/\"},{\"@type\":\"ListItem\",\"position\":2,\"name\":\"&#8222;Krzes\u0142o elektryczne&#8221;, walizki do zbierania \u015blad\u00f3w i sprz\u0119t fotograficzny. Powsta\u0142o mini-muzeum kryminalistyki\"}]},{\"@type\":\"WebSite\",\"@id\":\"https:\\\/\\\/www.24gliwice.pl\\\/wiadomosci\\\/#website\",\"url\":\"https:\\\/\\\/www.24gliwice.pl\\\/wiadomosci\\\/\",\"name\":\"24GLIWICE - Portal Gliwice | codziennie nowe wiadomo\u015bci\",\"description\":\"Portal Miejski Gliwice\",\"publisher\":{\"@id\":\"https:\\\/\\\/www.24gliwice.pl\\\/wiadomosci\\\/#organization\"},\"potentialAction\":[{\"@type\":\"SearchAction\",\"target\":{\"@type\":\"EntryPoint\",\"urlTemplate\":\"https:\\\/\\\/www.24gliwice.pl\\\/wiadomosci\\\/?s={search_term_string}\"},\"query-input\":{\"@type\":\"PropertyValueSpecification\",\"valueRequired\":true,\"valueName\":\"search_term_string\"}}],\"inLanguage\":\"pl-PL\"},{\"@type\":\"Organization\",\"@id\":\"https:\\\/\\\/www.24gliwice.pl\\\/wiadomosci\\\/#organization\",\"name\":\"24gliwice\",\"url\":\"https:\\\/\\\/www.24gliwice.pl\\\/wiadomosci\\\/\",\"logo\":{\"@type\":\"ImageObject\",\"inLanguage\":\"pl-PL\",\"@id\":\"https:\\\/\\\/www.24gliwice.pl\\\/wiadomosci\\\/#\\\/schema\\\/logo\\\/image\\\/\",\"url\":\"https:\\\/\\\/www.24gliwice.pl\\\/wiadomosci\\\/wp-content\\\/uploads\\\/2024\\\/10\\\/24gliwice-logo-696.jpg\",\"contentUrl\":\"https:\\\/\\\/www.24gliwice.pl\\\/wiadomosci\\\/wp-content\\\/uploads\\\/2024\\\/10\\\/24gliwice-logo-696.jpg\",\"width\":696,\"height\":696,\"caption\":\"24gliwice\"},\"image\":{\"@id\":\"https:\\\/\\\/www.24gliwice.pl\\\/wiadomosci\\\/#\\\/schema\\\/logo\\\/image\\\/\"},\"sameAs\":[\"https:\\\/\\\/www.facebook.com\\\/24gliwice\",\"https:\\\/\\\/x.com\\\/24gliwice\",\"https:\\\/\\\/www.youtube.com\\\/@24gliwice\"]},{\"@type\":\"Person\",\"@id\":\"https:\\\/\\\/www.24gliwice.pl\\\/wiadomosci\\\/#\\\/schema\\\/person\\\/e42c650edd7f2fa332be3811fb166b6e\",\"name\":\"\u017baneta Mrozek-Siewierska\",\"image\":{\"@type\":\"ImageObject\",\"inLanguage\":\"pl-PL\",\"@id\":\"https:\\\/\\\/www.24gliwice.pl\\\/wiadomosci\\\/wp-content\\\/uploads\\\/2021\\\/11\\\/Zaneta-M_S-zdjecie-czb-96x96.jpg\",\"url\":\"https:\\\/\\\/www.24gliwice.pl\\\/wiadomosci\\\/wp-content\\\/uploads\\\/2021\\\/11\\\/Zaneta-M_S-zdjecie-czb-96x96.jpg\",\"contentUrl\":\"https:\\\/\\\/www.24gliwice.pl\\\/wiadomosci\\\/wp-content\\\/uploads\\\/2021\\\/11\\\/Zaneta-M_S-zdjecie-czb-96x96.jpg\",\"caption\":\"\u017baneta Mrozek-Siewierska\"},\"url\":\"https:\\\/\\\/www.24gliwice.pl\\\/wiadomosci\\\/author\\\/zms\\\/\"}]}<\/script>\n<!-- \/ Yoast SEO plugin. -->","yoast_head_json":{"title":"\"Krzes\u0142o elektryczne\", walizki do zbierania \u015blad\u00f3w i sprz\u0119t fotograficzny. Powsta\u0142o mini-muzeum kryminalistyki - 24GLIWICE - Portal Gliwice | codziennie nowe informacje","description":"Minimuzeum kryminalistyki powsta\u0142o w pomieszczeniach gliwickiej komendy policji. Na razie b\u0119dzie dost\u0119pne jedynie dla grup zorganizowanych","robots":{"index":"index","follow":"follow","max-snippet":"max-snippet:-1","max-image-preview":"max-image-preview:large","max-video-preview":"max-video-preview:-1"},"canonical":"https:\/\/www.24gliwice.pl\/wiadomosci\/krzeslo-elektryczne-walizki-do-zbierania-sladow-i-sprzet-fotograficzny-powstalo-mini-muzeum-kryminalistyki\/","og_locale":"pl_PL","og_type":"article","og_title":"\"Krzes\u0142o elektryczne\", walizki do zbierania \u015blad\u00f3w i sprz\u0119t fotograficzny. Powsta\u0142o mini-muzeum kryminalistyki - 24GLIWICE - Portal Gliwice | codziennie nowe informacje","og_description":"Minimuzeum kryminalistyki powsta\u0142o w pomieszczeniach gliwickiej komendy policji. Na razie b\u0119dzie dost\u0119pne jedynie dla grup zorganizowanych","og_url":"https:\/\/www.24gliwice.pl\/wiadomosci\/krzeslo-elektryczne-walizki-do-zbierania-sladow-i-sprzet-fotograficzny-powstalo-mini-muzeum-kryminalistyki\/","og_site_name":"24GLIWICE - Portal Gliwice | codziennie nowe informacje","article_publisher":"https:\/\/www.facebook.com\/24gliwice","article_published_time":"2023-12-13T02:09:17+00:00","og_image":[{"width":810,"height":456,"url":"https:\/\/www.24gliwice.pl\/wiadomosci\/wp-content\/uploads\/2023\/12\/muzeum-kryminalistyki-2.jpg","type":"image\/jpeg"}],"author":"\u017baneta Mrozek-Siewierska","twitter_card":"summary_large_image","twitter_creator":"@24gliwice","twitter_site":"@24gliwice","twitter_misc":{"Napisane przez":"\u017baneta Mrozek-Siewierska","Szacowany czas czytania":"3 minuty"},"schema":{"@context":"https:\/\/schema.org","@graph":[{"@type":"Article","@id":"https:\/\/www.24gliwice.pl\/wiadomosci\/krzeslo-elektryczne-walizki-do-zbierania-sladow-i-sprzet-fotograficzny-powstalo-mini-muzeum-kryminalistyki\/#article","isPartOf":{"@id":"https:\/\/www.24gliwice.pl\/wiadomosci\/krzeslo-elektryczne-walizki-do-zbierania-sladow-i-sprzet-fotograficzny-powstalo-mini-muzeum-kryminalistyki\/"},"author":{"name":"\u017baneta Mrozek-Siewierska","@id":"https:\/\/www.24gliwice.pl\/wiadomosci\/#\/schema\/person\/e42c650edd7f2fa332be3811fb166b6e"},"headline":"&#8220;Krzes\u0142o elektryczne&#8221;, walizki do zbierania \u015blad\u00f3w i sprz\u0119t fotograficzny. Powsta\u0142o mini-muzeum kryminalistyki","datePublished":"2023-12-13T02:09:17+00:00","mainEntityOfPage":{"@id":"https:\/\/www.24gliwice.pl\/wiadomosci\/krzeslo-elektryczne-walizki-do-zbierania-sladow-i-sprzet-fotograficzny-powstalo-mini-muzeum-kryminalistyki\/"},"wordCount":484,"commentCount":0,"publisher":{"@id":"https:\/\/www.24gliwice.pl\/wiadomosci\/#organization"},"image":{"@id":"https:\/\/www.24gliwice.pl\/wiadomosci\/krzeslo-elektryczne-walizki-do-zbierania-sladow-i-sprzet-fotograficzny-powstalo-mini-muzeum-kryminalistyki\/#primaryimage"},"thumbnailUrl":"https:\/\/www.24gliwice.pl\/wiadomosci\/wp-content\/uploads\/2023\/12\/muzeum-kryminalistyki-2.jpg","articleSection":["Gliwice","Najnowsze wiadomo\u015bci","Portal Gliwice - Wiadomo\u015bci lokalne","Prawo","Telewizja, materia\u0142y wideo"],"inLanguage":"pl-PL","potentialAction":[{"@type":"CommentAction","name":"Comment","target":["https:\/\/www.24gliwice.pl\/wiadomosci\/krzeslo-elektryczne-walizki-do-zbierania-sladow-i-sprzet-fotograficzny-powstalo-mini-muzeum-kryminalistyki\/#respond"]}]},{"@type":"WebPage","@id":"https:\/\/www.24gliwice.pl\/wiadomosci\/krzeslo-elektryczne-walizki-do-zbierania-sladow-i-sprzet-fotograficzny-powstalo-mini-muzeum-kryminalistyki\/","url":"https:\/\/www.24gliwice.pl\/wiadomosci\/krzeslo-elektryczne-walizki-do-zbierania-sladow-i-sprzet-fotograficzny-powstalo-mini-muzeum-kryminalistyki\/","name":"\"Krzes\u0142o elektryczne\", walizki do zbierania \u015blad\u00f3w i sprz\u0119t fotograficzny. Powsta\u0142o mini-muzeum kryminalistyki - 24GLIWICE - Portal Gliwice | codziennie nowe informacje","isPartOf":{"@id":"https:\/\/www.24gliwice.pl\/wiadomosci\/#website"},"primaryImageOfPage":{"@id":"https:\/\/www.24gliwice.pl\/wiadomosci\/krzeslo-elektryczne-walizki-do-zbierania-sladow-i-sprzet-fotograficzny-powstalo-mini-muzeum-kryminalistyki\/#primaryimage"},"image":{"@id":"https:\/\/www.24gliwice.pl\/wiadomosci\/krzeslo-elektryczne-walizki-do-zbierania-sladow-i-sprzet-fotograficzny-powstalo-mini-muzeum-kryminalistyki\/#primaryimage"},"thumbnailUrl":"https:\/\/www.24gliwice.pl\/wiadomosci\/wp-content\/uploads\/2023\/12\/muzeum-kryminalistyki-2.jpg","datePublished":"2023-12-13T02:09:17+00:00","description":"Minimuzeum kryminalistyki powsta\u0142o w pomieszczeniach gliwickiej komendy policji. Na razie b\u0119dzie dost\u0119pne jedynie dla grup zorganizowanych","breadcrumb":{"@id":"https:\/\/www.24gliwice.pl\/wiadomosci\/krzeslo-elektryczne-walizki-do-zbierania-sladow-i-sprzet-fotograficzny-powstalo-mini-muzeum-kryminalistyki\/#breadcrumb"},"inLanguage":"pl-PL","potentialAction":[{"@type":"ReadAction","target":["https:\/\/www.24gliwice.pl\/wiadomosci\/krzeslo-elektryczne-walizki-do-zbierania-sladow-i-sprzet-fotograficzny-powstalo-mini-muzeum-kryminalistyki\/"]}]},{"@type":"ImageObject","inLanguage":"pl-PL","@id":"https:\/\/www.24gliwice.pl\/wiadomosci\/krzeslo-elektryczne-walizki-do-zbierania-sladow-i-sprzet-fotograficzny-powstalo-mini-muzeum-kryminalistyki\/#primaryimage","url":"https:\/\/www.24gliwice.pl\/wiadomosci\/wp-content\/uploads\/2023\/12\/muzeum-kryminalistyki-2.jpg","contentUrl":"https:\/\/www.24gliwice.pl\/wiadomosci\/wp-content\/uploads\/2023\/12\/muzeum-kryminalistyki-2.jpg","width":810,"height":456},{"@type":"BreadcrumbList","@id":"https:\/\/www.24gliwice.pl\/wiadomosci\/krzeslo-elektryczne-walizki-do-zbierania-sladow-i-sprzet-fotograficzny-powstalo-mini-muzeum-kryminalistyki\/#breadcrumb","itemListElement":[{"@type":"ListItem","position":1,"name":"Strona g\u0142\u00f3wna","item":"https:\/\/www.24gliwice.pl\/wiadomosci\/"},{"@type":"ListItem","position":2,"name":"&#8222;Krzes\u0142o elektryczne&#8221;, walizki do zbierania \u015blad\u00f3w i sprz\u0119t fotograficzny. Powsta\u0142o mini-muzeum kryminalistyki"}]},{"@type":"WebSite","@id":"https:\/\/www.24gliwice.pl\/wiadomosci\/#website","url":"https:\/\/www.24gliwice.pl\/wiadomosci\/","name":"24GLIWICE - Portal Gliwice | codziennie nowe wiadomo\u015bci","description":"Portal Miejski Gliwice","publisher":{"@id":"https:\/\/www.24gliwice.pl\/wiadomosci\/#organization"},"potentialAction":[{"@type":"SearchAction","target":{"@type":"EntryPoint","urlTemplate":"https:\/\/www.24gliwice.pl\/wiadomosci\/?s={search_term_string}"},"query-input":{"@type":"PropertyValueSpecification","valueRequired":true,"valueName":"search_term_string"}}],"inLanguage":"pl-PL"},{"@type":"Organization","@id":"https:\/\/www.24gliwice.pl\/wiadomosci\/#organization","name":"24gliwice","url":"https:\/\/www.24gliwice.pl\/wiadomosci\/","logo":{"@type":"ImageObject","inLanguage":"pl-PL","@id":"https:\/\/www.24gliwice.pl\/wiadomosci\/#\/schema\/logo\/image\/","url":"https:\/\/www.24gliwice.pl\/wiadomosci\/wp-content\/uploads\/2024\/10\/24gliwice-logo-696.jpg","contentUrl":"https:\/\/www.24gliwice.pl\/wiadomosci\/wp-content\/uploads\/2024\/10\/24gliwice-logo-696.jpg","width":696,"height":696,"caption":"24gliwice"},"image":{"@id":"https:\/\/www.24gliwice.pl\/wiadomosci\/#\/schema\/logo\/image\/"},"sameAs":["https:\/\/www.facebook.com\/24gliwice","https:\/\/x.com\/24gliwice","https:\/\/www.youtube.com\/@24gliwice"]},{"@type":"Person","@id":"https:\/\/www.24gliwice.pl\/wiadomosci\/#\/schema\/person\/e42c650edd7f2fa332be3811fb166b6e","name":"\u017baneta Mrozek-Siewierska","image":{"@type":"ImageObject","inLanguage":"pl-PL","@id":"https:\/\/www.24gliwice.pl\/wiadomosci\/wp-content\/uploads\/2021\/11\/Zaneta-M_S-zdjecie-czb-96x96.jpg","url":"https:\/\/www.24gliwice.pl\/wiadomosci\/wp-content\/uploads\/2021\/11\/Zaneta-M_S-zdjecie-czb-96x96.jpg","contentUrl":"https:\/\/www.24gliwice.pl\/wiadomosci\/wp-content\/uploads\/2021\/11\/Zaneta-M_S-zdjecie-czb-96x96.jpg","caption":"\u017baneta Mrozek-Siewierska"},"url":"https:\/\/www.24gliwice.pl\/wiadomosci\/author\/zms\/"}]}},"_links":{"self":[{"href":"https:\/\/www.24gliwice.pl\/wiadomosci\/wp-json\/wp\/v2\/posts\/226677","targetHints":{"allow":["GET"]}}],"collection":[{"href":"https:\/\/www.24gliwice.pl\/wiadomosci\/wp-json\/wp\/v2\/posts"}],"about":[{"href":"https:\/\/www.24gliwice.pl\/wiadomosci\/wp-json\/wp\/v2\/types\/post"}],"author":[{"embeddable":true,"href":"https:\/\/www.24gliwice.pl\/wiadomosci\/wp-json\/wp\/v2\/users\/15"}],"replies":[{"embeddable":true,"href":"https:\/\/www.24gliwice.pl\/wiadomosci\/wp-json\/wp\/v2\/comments?post=226677"}],"version-history":[{"count":8,"href":"https:\/\/www.24gliwice.pl\/wiadomosci\/wp-json\/wp\/v2\/posts\/226677\/revisions"}],"predecessor-version":[{"id":227241,"href":"https:\/\/www.24gliwice.pl\/wiadomosci\/wp-json\/wp\/v2\/posts\/226677\/revisions\/227241"}],"wp:featuredmedia":[{"embeddable":true,"href":"https:\/\/www.24gliwice.pl\/wiadomosci\/wp-json\/wp\/v2\/media\/227239"}],"wp:attachment":[{"href":"https:\/\/www.24gliwice.pl\/wiadomosci\/wp-json\/wp\/v2\/media?parent=226677"}],"wp:term":[{"taxonomy":"category","embeddable":true,"href":"https:\/\/www.24gliwice.pl\/wiadomosci\/wp-json\/wp\/v2\/categories?post=226677"},{"taxonomy":"post_tag","embeddable":true,"href":"https:\/\/www.24gliwice.pl\/wiadomosci\/wp-json\/wp\/v2\/tags?post=226677"}],"curies":[{"name":"wp","href":"https:\/\/api.w.org\/{rel}","templated":true}]}}