{"id":226776,"date":"2023-12-06T00:26:14","date_gmt":"2023-12-05T23:26:14","guid":{"rendered":"https:\/\/www.24gliwice.pl\/wiadomosci\/?p=226776"},"modified":"2023-12-07T02:22:07","modified_gmt":"2023-12-07T01:22:07","slug":"otwarcie-nowego-marketu-sieci-aldi-caly-park-handlowy-zostanie-uruchomiony-pozniej","status":"publish","type":"post","link":"https:\/\/www.24gliwice.pl\/wiadomosci\/otwarcie-nowego-marketu-sieci-aldi-caly-park-handlowy-zostanie-uruchomiony-pozniej\/","title":{"rendered":"Otwarcie nowego marketu sieci ALDI. Ca\u0142y park handlowy zostanie uruchomiony p\u00f3\u017aniej"},"content":{"rendered":"<div class=\"gliwi-a6-nad-leadem-artykulow gliwi-entity-placement\" id=\"gliwi-769227336\"><div class=\"gliwi-adlabel\"><span style=\"font-size: 9px\">REKLAMA<\/span><\/div><div id=\"gliwi-4093956400\" style=\"margin-bottom: 30px;margin-left: auto;margin-right: auto;text-align: center;\"><a data-no-instant=\"1\" href=\"https:\/\/przedszkole.halogen.org.pl\/\" rel=\"noopener\" class=\"a2t-link\" target=\"_blank\" aria-label=\"20260402-ANIMATOR-przedszkole_grafika_750x200\"><img loading=\"lazy\" decoding=\"async\" src=\"https:\/\/www.24gliwice.pl\/wiadomosci\/wp-content\/uploads\/2026\/04\/20260402-ANIMATOR-przedszkole_grafika_750x200.webp\" alt=\"\"  srcset=\"https:\/\/www.24gliwice.pl\/wiadomosci\/wp-content\/uploads\/2026\/04\/20260402-ANIMATOR-przedszkole_grafika_750x200.webp 750w, https:\/\/www.24gliwice.pl\/wiadomosci\/wp-content\/uploads\/2026\/04\/20260402-ANIMATOR-przedszkole_grafika_750x200-410x109.webp 410w\" sizes=\"(max-width: 750px) 100vw, 750px\" class=\"no-lazyload\" width=\"750\" height=\"200\"  style=\"display: inline-block; max-width: 100%; height: auto;\" \/><\/a><\/div><\/div><h2>Nowy market ALDI, a r\u00f3wnocze\u015bnie pierwszy sklep tej sieci w Pyskowicach, zostanie otwarty ju\u017c w \u015brod\u0119, 6 grudnia. Znajduje si\u0119 przy ulicy Pozna\u0144skiej 12 w wybudowanym tam parku handlowym.<\/h2>\n<p>&nbsp;<br \/>\nZ okazji otwarcia b\u0119d\u0105 degustacje i specjalne promocje. Sie\u0107 zatrudni\u0142a kilkunastu pracownik\u00f3w na potrzeby nowego sklepu.<\/p>\n<p>\u2013 <em>Jako sie\u0107 jeste\u015bmy obecni ju\u017c w ka\u017cdym wojew\u00f3dztwie, a \u015al\u0105sk stanowi przy tym jeden z bardzo istotnych obszar\u00f3w naszego rozwoju. W wojew\u00f3dztwie \u015bl\u0105skim mamy obecnie ju\u017c 69 plac\u00f3wek \u2013 zaledwie tydzie\u0144 temu otwierali\u015bmy pierwszy sklep w Wi\u015ble, teraz do listy \u015bl\u0105skich sklep\u00f3w do\u0142\u0105czaj\u0105 tak\u017ce Pyskowice<\/em> \u2013 m\u00f3wi <strong>Eliza Polak<\/strong>, Kierownik Sprzeda\u017cy ALDI w Polsce. <\/p><div class=\"gliwi-a3-w-tresci-artykulow gliwi-entity-placement\" id=\"gliwi-1277804008\"><div class=\"gliwi-adlabel\"><span style=\"font-size: 9px\">REKLAMA<\/span><\/div><div id=\"gliwi-3836421500\" style=\"margin-bottom: 30px;margin-left: auto;margin-right: auto;text-align: center;\"><a data-no-instant=\"1\" href=\"https:\/\/zlobek.halogen.org.pl\/\" rel=\"noopener\" class=\"a2t-link\" target=\"_blank\" aria-label=\"animator-zlobek_750x200\"><img loading=\"lazy\" decoding=\"async\" src=\"https:\/\/www.24gliwice.pl\/wiadomosci\/wp-content\/uploads\/2026\/02\/animator-zlobek_750x200.webp\" alt=\"\"  srcset=\"https:\/\/www.24gliwice.pl\/wiadomosci\/wp-content\/uploads\/2026\/02\/animator-zlobek_750x200.webp 750w, https:\/\/www.24gliwice.pl\/wiadomosci\/wp-content\/uploads\/2026\/02\/animator-zlobek_750x200-410x109.webp 410w\" sizes=\"(max-width: 750px) 100vw, 750px\" class=\"no-lazyload\" width=\"750\" height=\"200\"  style=\"display: inline-block; max-width: 100%; height: auto;\" \/><\/a><\/div><\/div>\n<h4>Sklep w Pyskowicach zosta\u0142 przygotowany zgodnie z nowym konceptem wizualnym marki, widocznym zar\u00f3wno w sposobie aran\u017cacji przestrzeni, jaki i asortymentu oraz jego ekspozycji. \u0141\u0105czna powierzchnia nowego ALDI wynosi oko\u0142o 1000 m2.<\/h4>\n<p>Sie\u0107 zadba\u0142a r\u00f3wnie\u017c o dodatkowe udogodnienia dla klient\u00f3w. Sklep wyposa\u017cony jest w krajalnic\u0119 do chleba i ma\u0142e w\u00f3zki zakupowe dla najm\u0142odszych klient\u00f3w. Tu\u017c przy wej\u015bciu znajduje si\u0119 parking z uwzgl\u0119dnieniem miejsc dla rodzin z dzie\u0107mi, a tak\u017ce os\u00f3b niepe\u0142nosprawnych. Sklep otwarty b\u0119dzie od poniedzia\u0142ku do soboty w godzinach od 8:00 do 21:00, a w niedziele handlowe od 9:00 do 20:00. <\/p>\n<h4>Co z parkiem handlowym przy ul. Pozna\u0144skiej?<\/h4>\n<p>Wraz z marketem sieci ALDI w Pyskowicach, kt\u00f3ry znajduje si\u0119 w wolnostoj\u0105cym budynku, nie zostanie uruchomiony na razie ca\u0142y park handlowy wybudowany w tej lokalizacji przez firm\u0119 PANOVA. Informacje zamieszczone w mediach spo\u0142eczno\u015bciowych sp\u00f3\u0142ki 9 listopada, m\u00f3wi\u0105 o wyka\u0144czaniu nieruchomo\u015bci i aran\u017cacji lokali dla nowych najemc\u00f3w. Jak ustalili\u015bmy, ci ostatni maj\u0105 wprowadzi\u0107 si\u0119 tam w I kwartale 2024 roku.<\/p>\n<p><iframe loading=\"lazy\" src=\"https:\/\/www.facebook.com\/plugins\/post.php?href=https%3A%2F%2Fwww.facebook.com%2Fpanovapolska%2Fposts%2Fpfbid02UoyJ2vWkGEVzPMx3PSKSzNpTvu8nm8ZLay38Vrm7bA564yx7chcRZt9CPoYZ6uJgl&#038;show_text=true&#038;width=500\" width=\"500\" height=\"750\" style=\"border:none;overflow:hidden\" scrolling=\"no\" frameborder=\"0\" allowfullscreen=\"true\" allow=\"autoplay; clipboard-write; encrypted-media; picture-in-picture; web-share\"><\/iframe><\/p>\n<p>Przypomnijmy, \u017ce w powstaj\u0105cym przy ulicy Pozna\u0144skiej parku handlowym o powierzchni niemal 8 tys. m2 znalaz\u0142o si\u0119 11 lokali. Grupa PANOVA, kt\u00f3ra jest w\u0142a\u015bcicielem, generalnym wykonawc\u0105 i zarazem zarz\u0105dc\u0105 tego obiektu, do wrze\u015bnia br. podpisa\u0142a umowy z takimi markami jak Action, wspomniany ju\u017c ALDI, Dealz, Martes Sport, Rossmann, RTV EURO AGD, TEDi, Sinsay oraz KiK.<\/p>\n<p>(\u017cms)<\/p>\n<div class=\"gliwi-a5-na-koncu-artykulow gliwi-entity-placement\" id=\"gliwi-19414000\"><div class=\"gliwi-adlabel\"><span style=\"font-size: 9px\">REKLAMA<\/span><\/div><div id=\"gliwi-3489931268\" style=\"margin-left: auto;margin-right: auto;text-align: center;\"><a data-no-instant=\"1\" href=\"https:\/\/prezeroarenagliwice.pl\/\" rel=\"noopener\" class=\"a2t-link\" target=\"_blank\" aria-label=\"20260309-PREZERO-WIOSNA-D\"><img loading=\"lazy\" decoding=\"async\" src=\"https:\/\/www.24gliwice.pl\/wiadomosci\/wp-content\/uploads\/2026\/03\/20260309-PREZERO-WIOSNA-D.webp\" alt=\"\"  srcset=\"https:\/\/www.24gliwice.pl\/wiadomosci\/wp-content\/uploads\/2026\/03\/20260309-PREZERO-WIOSNA-D.webp 750w, https:\/\/www.24gliwice.pl\/wiadomosci\/wp-content\/uploads\/2026\/03\/20260309-PREZERO-WIOSNA-D-410x109.webp 410w\" sizes=\"(max-width: 750px) 100vw, 750px\" class=\"no-lazyload\" width=\"750\" height=\"200\"  style=\"display: inline-block; max-width: 100%; height: auto;\" \/><\/a><\/div><\/div>","protected":false},"excerpt":{"rendered":"<p>Nowy market ALDI, a r\u00f3wnocze\u015bnie pierwszy sklep tej sieci w Pyskowicach, zostanie otwarty ju\u017c w \u015brod\u0119, 6 grudnia. Znajduje si\u0119 przy ulicy Pozna\u0144skiej 12 w wybudowanym tam parku handlowym. &nbsp; Z okazji otwarcia b\u0119d\u0105 degustacje i specjalne promocje. Sie\u0107 zatrudni\u0142a kilkunastu pracownik\u00f3w na potrzeby nowego sklepu. \u2013 Jako sie\u0107 jeste\u015bmy obecni ju\u017c w ka\u017cdym wojew\u00f3dztwie, [&hellip;]<\/p>\n","protected":false},"author":15,"featured_media":215467,"comment_status":"open","ping_status":"closed","sticky":false,"template":"","format":"standard","meta":{"_monsterinsights_skip_tracking":false,"_monsterinsights_sitenote_active":false,"_monsterinsights_sitenote_note":"","_monsterinsights_sitenote_category":0,"footnotes":"","_links_to":"","_links_to_target":""},"categories":[1],"tags":[9509,22951],"class_list":["post-226776","post","type-post","status-publish","format-standard","has-post-thumbnail","hentry","category-wszystko","tag-aldi","tag-park-handlowy"],"yoast_head":"<!-- This site is optimized with the Yoast SEO plugin v27.5 - https:\/\/yoast.com\/product\/yoast-seo-wordpress\/ -->\n<title>Otwarcie nowego marketu sieci ALDI. Ca\u0142y park handlowy zostanie uruchomiony p\u00f3\u017aniej - 24GLIWICE - Portal Gliwice | codziennie nowe informacje<\/title>\n<meta name=\"description\" content=\"W Pyskowicach otwarty zostanie nowy market ALDI. Czy wraz z nim ruszy ca\u0142y park handlowy? Nie wiadomo, bo inwestor nie udziela odpowiedzi\" \/>\n<meta name=\"robots\" content=\"index, follow, max-snippet:-1, max-image-preview:large, max-video-preview:-1\" \/>\n<link rel=\"canonical\" href=\"https:\/\/www.24gliwice.pl\/wiadomosci\/otwarcie-nowego-marketu-sieci-aldi-caly-park-handlowy-zostanie-uruchomiony-pozniej\/\" \/>\n<meta property=\"og:locale\" content=\"pl_PL\" \/>\n<meta property=\"og:type\" content=\"article\" \/>\n<meta property=\"og:title\" content=\"Otwarcie nowego marketu sieci ALDI. Ca\u0142y park handlowy zostanie uruchomiony p\u00f3\u017aniej - 24GLIWICE - Portal Gliwice | codziennie nowe informacje\" \/>\n<meta property=\"og:description\" content=\"W Pyskowicach otwarty zostanie nowy market ALDI. Czy wraz z nim ruszy ca\u0142y park handlowy? Nie wiadomo, bo inwestor nie udziela odpowiedzi\" \/>\n<meta property=\"og:url\" content=\"https:\/\/www.24gliwice.pl\/wiadomosci\/otwarcie-nowego-marketu-sieci-aldi-caly-park-handlowy-zostanie-uruchomiony-pozniej\/\" \/>\n<meta property=\"og:site_name\" content=\"24GLIWICE - Portal Gliwice | codziennie nowe informacje\" \/>\n<meta property=\"article:publisher\" content=\"https:\/\/www.facebook.com\/24gliwice\" \/>\n<meta property=\"article:published_time\" content=\"2023-12-05T23:26:14+00:00\" \/>\n<meta property=\"article:modified_time\" content=\"2023-12-07T01:22:07+00:00\" \/>\n<meta property=\"og:image\" content=\"https:\/\/www.24gliwice.pl\/wiadomosci\/wp-content\/uploads\/2023\/05\/aldi3-001.jpg\" \/>\n\t<meta property=\"og:image:width\" content=\"810\" \/>\n\t<meta property=\"og:image:height\" content=\"457\" \/>\n\t<meta property=\"og:image:type\" content=\"image\/jpeg\" \/>\n<meta name=\"author\" content=\"\u017baneta Mrozek-Siewierska\" \/>\n<meta name=\"twitter:card\" content=\"summary_large_image\" \/>\n<meta name=\"twitter:creator\" content=\"@24gliwice\" \/>\n<meta name=\"twitter:site\" content=\"@24gliwice\" \/>\n<meta name=\"twitter:label1\" content=\"Napisane przez\" \/>\n\t<meta name=\"twitter:data1\" content=\"\u017baneta Mrozek-Siewierska\" \/>\n\t<meta name=\"twitter:label2\" content=\"Szacowany czas czytania\" \/>\n\t<meta name=\"twitter:data2\" content=\"2 minuty\" \/>\n<script type=\"application\/ld+json\" class=\"yoast-schema-graph\">{\"@context\":\"https:\\\/\\\/schema.org\",\"@graph\":[{\"@type\":\"Article\",\"@id\":\"https:\\\/\\\/www.24gliwice.pl\\\/wiadomosci\\\/otwarcie-nowego-marketu-sieci-aldi-caly-park-handlowy-zostanie-uruchomiony-pozniej\\\/#article\",\"isPartOf\":{\"@id\":\"https:\\\/\\\/www.24gliwice.pl\\\/wiadomosci\\\/otwarcie-nowego-marketu-sieci-aldi-caly-park-handlowy-zostanie-uruchomiony-pozniej\\\/\"},\"author\":{\"name\":\"\u017baneta Mrozek-Siewierska\",\"@id\":\"https:\\\/\\\/www.24gliwice.pl\\\/wiadomosci\\\/#\\\/schema\\\/person\\\/e42c650edd7f2fa332be3811fb166b6e\"},\"headline\":\"Otwarcie nowego marketu sieci ALDI. Ca\u0142y park handlowy zostanie uruchomiony p\u00f3\u017aniej\",\"datePublished\":\"2023-12-05T23:26:14+00:00\",\"dateModified\":\"2023-12-07T01:22:07+00:00\",\"mainEntityOfPage\":{\"@id\":\"https:\\\/\\\/www.24gliwice.pl\\\/wiadomosci\\\/otwarcie-nowego-marketu-sieci-aldi-caly-park-handlowy-zostanie-uruchomiony-pozniej\\\/\"},\"wordCount\":375,\"commentCount\":0,\"publisher\":{\"@id\":\"https:\\\/\\\/www.24gliwice.pl\\\/wiadomosci\\\/#organization\"},\"image\":{\"@id\":\"https:\\\/\\\/www.24gliwice.pl\\\/wiadomosci\\\/otwarcie-nowego-marketu-sieci-aldi-caly-park-handlowy-zostanie-uruchomiony-pozniej\\\/#primaryimage\"},\"thumbnailUrl\":\"https:\\\/\\\/www.24gliwice.pl\\\/wiadomosci\\\/wp-content\\\/uploads\\\/2023\\\/05\\\/aldi3-001.jpg\",\"keywords\":[\"ALDI\",\"park handlowy\"],\"articleSection\":[\"Najnowsze wiadomo\u015bci\"],\"inLanguage\":\"pl-PL\",\"potentialAction\":[{\"@type\":\"CommentAction\",\"name\":\"Comment\",\"target\":[\"https:\\\/\\\/www.24gliwice.pl\\\/wiadomosci\\\/otwarcie-nowego-marketu-sieci-aldi-caly-park-handlowy-zostanie-uruchomiony-pozniej\\\/#respond\"]}]},{\"@type\":\"WebPage\",\"@id\":\"https:\\\/\\\/www.24gliwice.pl\\\/wiadomosci\\\/otwarcie-nowego-marketu-sieci-aldi-caly-park-handlowy-zostanie-uruchomiony-pozniej\\\/\",\"url\":\"https:\\\/\\\/www.24gliwice.pl\\\/wiadomosci\\\/otwarcie-nowego-marketu-sieci-aldi-caly-park-handlowy-zostanie-uruchomiony-pozniej\\\/\",\"name\":\"Otwarcie nowego marketu sieci ALDI. Ca\u0142y park handlowy zostanie uruchomiony p\u00f3\u017aniej - 24GLIWICE - Portal Gliwice | codziennie nowe informacje\",\"isPartOf\":{\"@id\":\"https:\\\/\\\/www.24gliwice.pl\\\/wiadomosci\\\/#website\"},\"primaryImageOfPage\":{\"@id\":\"https:\\\/\\\/www.24gliwice.pl\\\/wiadomosci\\\/otwarcie-nowego-marketu-sieci-aldi-caly-park-handlowy-zostanie-uruchomiony-pozniej\\\/#primaryimage\"},\"image\":{\"@id\":\"https:\\\/\\\/www.24gliwice.pl\\\/wiadomosci\\\/otwarcie-nowego-marketu-sieci-aldi-caly-park-handlowy-zostanie-uruchomiony-pozniej\\\/#primaryimage\"},\"thumbnailUrl\":\"https:\\\/\\\/www.24gliwice.pl\\\/wiadomosci\\\/wp-content\\\/uploads\\\/2023\\\/05\\\/aldi3-001.jpg\",\"datePublished\":\"2023-12-05T23:26:14+00:00\",\"dateModified\":\"2023-12-07T01:22:07+00:00\",\"description\":\"W Pyskowicach otwarty zostanie nowy market ALDI. Czy wraz z nim ruszy ca\u0142y park handlowy? Nie wiadomo, bo inwestor nie udziela odpowiedzi\",\"breadcrumb\":{\"@id\":\"https:\\\/\\\/www.24gliwice.pl\\\/wiadomosci\\\/otwarcie-nowego-marketu-sieci-aldi-caly-park-handlowy-zostanie-uruchomiony-pozniej\\\/#breadcrumb\"},\"inLanguage\":\"pl-PL\",\"potentialAction\":[{\"@type\":\"ReadAction\",\"target\":[\"https:\\\/\\\/www.24gliwice.pl\\\/wiadomosci\\\/otwarcie-nowego-marketu-sieci-aldi-caly-park-handlowy-zostanie-uruchomiony-pozniej\\\/\"]}]},{\"@type\":\"ImageObject\",\"inLanguage\":\"pl-PL\",\"@id\":\"https:\\\/\\\/www.24gliwice.pl\\\/wiadomosci\\\/otwarcie-nowego-marketu-sieci-aldi-caly-park-handlowy-zostanie-uruchomiony-pozniej\\\/#primaryimage\",\"url\":\"https:\\\/\\\/www.24gliwice.pl\\\/wiadomosci\\\/wp-content\\\/uploads\\\/2023\\\/05\\\/aldi3-001.jpg\",\"contentUrl\":\"https:\\\/\\\/www.24gliwice.pl\\\/wiadomosci\\\/wp-content\\\/uploads\\\/2023\\\/05\\\/aldi3-001.jpg\",\"width\":810,\"height\":457},{\"@type\":\"BreadcrumbList\",\"@id\":\"https:\\\/\\\/www.24gliwice.pl\\\/wiadomosci\\\/otwarcie-nowego-marketu-sieci-aldi-caly-park-handlowy-zostanie-uruchomiony-pozniej\\\/#breadcrumb\",\"itemListElement\":[{\"@type\":\"ListItem\",\"position\":1,\"name\":\"Strona g\u0142\u00f3wna\",\"item\":\"https:\\\/\\\/www.24gliwice.pl\\\/wiadomosci\\\/\"},{\"@type\":\"ListItem\",\"position\":2,\"name\":\"Otwarcie nowego marketu sieci ALDI. Ca\u0142y park handlowy zostanie uruchomiony p\u00f3\u017aniej\"}]},{\"@type\":\"WebSite\",\"@id\":\"https:\\\/\\\/www.24gliwice.pl\\\/wiadomosci\\\/#website\",\"url\":\"https:\\\/\\\/www.24gliwice.pl\\\/wiadomosci\\\/\",\"name\":\"24GLIWICE - Portal Gliwice | codziennie nowe wiadomo\u015bci\",\"description\":\"Portal Miejski Gliwice\",\"publisher\":{\"@id\":\"https:\\\/\\\/www.24gliwice.pl\\\/wiadomosci\\\/#organization\"},\"potentialAction\":[{\"@type\":\"SearchAction\",\"target\":{\"@type\":\"EntryPoint\",\"urlTemplate\":\"https:\\\/\\\/www.24gliwice.pl\\\/wiadomosci\\\/?s={search_term_string}\"},\"query-input\":{\"@type\":\"PropertyValueSpecification\",\"valueRequired\":true,\"valueName\":\"search_term_string\"}}],\"inLanguage\":\"pl-PL\"},{\"@type\":\"Organization\",\"@id\":\"https:\\\/\\\/www.24gliwice.pl\\\/wiadomosci\\\/#organization\",\"name\":\"24gliwice\",\"url\":\"https:\\\/\\\/www.24gliwice.pl\\\/wiadomosci\\\/\",\"logo\":{\"@type\":\"ImageObject\",\"inLanguage\":\"pl-PL\",\"@id\":\"https:\\\/\\\/www.24gliwice.pl\\\/wiadomosci\\\/#\\\/schema\\\/logo\\\/image\\\/\",\"url\":\"https:\\\/\\\/www.24gliwice.pl\\\/wiadomosci\\\/wp-content\\\/uploads\\\/2024\\\/10\\\/24gliwice-logo-696.jpg\",\"contentUrl\":\"https:\\\/\\\/www.24gliwice.pl\\\/wiadomosci\\\/wp-content\\\/uploads\\\/2024\\\/10\\\/24gliwice-logo-696.jpg\",\"width\":696,\"height\":696,\"caption\":\"24gliwice\"},\"image\":{\"@id\":\"https:\\\/\\\/www.24gliwice.pl\\\/wiadomosci\\\/#\\\/schema\\\/logo\\\/image\\\/\"},\"sameAs\":[\"https:\\\/\\\/www.facebook.com\\\/24gliwice\",\"https:\\\/\\\/x.com\\\/24gliwice\",\"https:\\\/\\\/www.youtube.com\\\/@24gliwice\"]},{\"@type\":\"Person\",\"@id\":\"https:\\\/\\\/www.24gliwice.pl\\\/wiadomosci\\\/#\\\/schema\\\/person\\\/e42c650edd7f2fa332be3811fb166b6e\",\"name\":\"\u017baneta Mrozek-Siewierska\",\"image\":{\"@type\":\"ImageObject\",\"inLanguage\":\"pl-PL\",\"@id\":\"https:\\\/\\\/secure.gravatar.com\\\/avatar\\\/1881429e9c64597c77ad7aef2d0a19be69a3253e57534d16aa15bf3a4d34a0a3?s=96&d=mm&r=g\",\"url\":\"https:\\\/\\\/secure.gravatar.com\\\/avatar\\\/1881429e9c64597c77ad7aef2d0a19be69a3253e57534d16aa15bf3a4d34a0a3?s=96&d=mm&r=g\",\"contentUrl\":\"https:\\\/\\\/secure.gravatar.com\\\/avatar\\\/1881429e9c64597c77ad7aef2d0a19be69a3253e57534d16aa15bf3a4d34a0a3?s=96&d=mm&r=g\",\"caption\":\"\u017baneta Mrozek-Siewierska\"},\"url\":\"https:\\\/\\\/www.24gliwice.pl\\\/wiadomosci\\\/author\\\/zms\\\/\"}]}<\/script>\n<!-- \/ Yoast SEO plugin. -->","yoast_head_json":{"title":"Otwarcie nowego marketu sieci ALDI. Ca\u0142y park handlowy zostanie uruchomiony p\u00f3\u017aniej - 24GLIWICE - Portal Gliwice | codziennie nowe informacje","description":"W Pyskowicach otwarty zostanie nowy market ALDI. Czy wraz z nim ruszy ca\u0142y park handlowy? Nie wiadomo, bo inwestor nie udziela odpowiedzi","robots":{"index":"index","follow":"follow","max-snippet":"max-snippet:-1","max-image-preview":"max-image-preview:large","max-video-preview":"max-video-preview:-1"},"canonical":"https:\/\/www.24gliwice.pl\/wiadomosci\/otwarcie-nowego-marketu-sieci-aldi-caly-park-handlowy-zostanie-uruchomiony-pozniej\/","og_locale":"pl_PL","og_type":"article","og_title":"Otwarcie nowego marketu sieci ALDI. Ca\u0142y park handlowy zostanie uruchomiony p\u00f3\u017aniej - 24GLIWICE - Portal Gliwice | codziennie nowe informacje","og_description":"W Pyskowicach otwarty zostanie nowy market ALDI. Czy wraz z nim ruszy ca\u0142y park handlowy? Nie wiadomo, bo inwestor nie udziela odpowiedzi","og_url":"https:\/\/www.24gliwice.pl\/wiadomosci\/otwarcie-nowego-marketu-sieci-aldi-caly-park-handlowy-zostanie-uruchomiony-pozniej\/","og_site_name":"24GLIWICE - Portal Gliwice | codziennie nowe informacje","article_publisher":"https:\/\/www.facebook.com\/24gliwice","article_published_time":"2023-12-05T23:26:14+00:00","article_modified_time":"2023-12-07T01:22:07+00:00","og_image":[{"width":810,"height":457,"url":"https:\/\/www.24gliwice.pl\/wiadomosci\/wp-content\/uploads\/2023\/05\/aldi3-001.jpg","type":"image\/jpeg"}],"author":"\u017baneta Mrozek-Siewierska","twitter_card":"summary_large_image","twitter_creator":"@24gliwice","twitter_site":"@24gliwice","twitter_misc":{"Napisane przez":"\u017baneta Mrozek-Siewierska","Szacowany czas czytania":"2 minuty"},"schema":{"@context":"https:\/\/schema.org","@graph":[{"@type":"Article","@id":"https:\/\/www.24gliwice.pl\/wiadomosci\/otwarcie-nowego-marketu-sieci-aldi-caly-park-handlowy-zostanie-uruchomiony-pozniej\/#article","isPartOf":{"@id":"https:\/\/www.24gliwice.pl\/wiadomosci\/otwarcie-nowego-marketu-sieci-aldi-caly-park-handlowy-zostanie-uruchomiony-pozniej\/"},"author":{"name":"\u017baneta Mrozek-Siewierska","@id":"https:\/\/www.24gliwice.pl\/wiadomosci\/#\/schema\/person\/e42c650edd7f2fa332be3811fb166b6e"},"headline":"Otwarcie nowego marketu sieci ALDI. Ca\u0142y park handlowy zostanie uruchomiony p\u00f3\u017aniej","datePublished":"2023-12-05T23:26:14+00:00","dateModified":"2023-12-07T01:22:07+00:00","mainEntityOfPage":{"@id":"https:\/\/www.24gliwice.pl\/wiadomosci\/otwarcie-nowego-marketu-sieci-aldi-caly-park-handlowy-zostanie-uruchomiony-pozniej\/"},"wordCount":375,"commentCount":0,"publisher":{"@id":"https:\/\/www.24gliwice.pl\/wiadomosci\/#organization"},"image":{"@id":"https:\/\/www.24gliwice.pl\/wiadomosci\/otwarcie-nowego-marketu-sieci-aldi-caly-park-handlowy-zostanie-uruchomiony-pozniej\/#primaryimage"},"thumbnailUrl":"https:\/\/www.24gliwice.pl\/wiadomosci\/wp-content\/uploads\/2023\/05\/aldi3-001.jpg","keywords":["ALDI","park handlowy"],"articleSection":["Najnowsze wiadomo\u015bci"],"inLanguage":"pl-PL","potentialAction":[{"@type":"CommentAction","name":"Comment","target":["https:\/\/www.24gliwice.pl\/wiadomosci\/otwarcie-nowego-marketu-sieci-aldi-caly-park-handlowy-zostanie-uruchomiony-pozniej\/#respond"]}]},{"@type":"WebPage","@id":"https:\/\/www.24gliwice.pl\/wiadomosci\/otwarcie-nowego-marketu-sieci-aldi-caly-park-handlowy-zostanie-uruchomiony-pozniej\/","url":"https:\/\/www.24gliwice.pl\/wiadomosci\/otwarcie-nowego-marketu-sieci-aldi-caly-park-handlowy-zostanie-uruchomiony-pozniej\/","name":"Otwarcie nowego marketu sieci ALDI. Ca\u0142y park handlowy zostanie uruchomiony p\u00f3\u017aniej - 24GLIWICE - Portal Gliwice | codziennie nowe informacje","isPartOf":{"@id":"https:\/\/www.24gliwice.pl\/wiadomosci\/#website"},"primaryImageOfPage":{"@id":"https:\/\/www.24gliwice.pl\/wiadomosci\/otwarcie-nowego-marketu-sieci-aldi-caly-park-handlowy-zostanie-uruchomiony-pozniej\/#primaryimage"},"image":{"@id":"https:\/\/www.24gliwice.pl\/wiadomosci\/otwarcie-nowego-marketu-sieci-aldi-caly-park-handlowy-zostanie-uruchomiony-pozniej\/#primaryimage"},"thumbnailUrl":"https:\/\/www.24gliwice.pl\/wiadomosci\/wp-content\/uploads\/2023\/05\/aldi3-001.jpg","datePublished":"2023-12-05T23:26:14+00:00","dateModified":"2023-12-07T01:22:07+00:00","description":"W Pyskowicach otwarty zostanie nowy market ALDI. Czy wraz z nim ruszy ca\u0142y park handlowy? Nie wiadomo, bo inwestor nie udziela odpowiedzi","breadcrumb":{"@id":"https:\/\/www.24gliwice.pl\/wiadomosci\/otwarcie-nowego-marketu-sieci-aldi-caly-park-handlowy-zostanie-uruchomiony-pozniej\/#breadcrumb"},"inLanguage":"pl-PL","potentialAction":[{"@type":"ReadAction","target":["https:\/\/www.24gliwice.pl\/wiadomosci\/otwarcie-nowego-marketu-sieci-aldi-caly-park-handlowy-zostanie-uruchomiony-pozniej\/"]}]},{"@type":"ImageObject","inLanguage":"pl-PL","@id":"https:\/\/www.24gliwice.pl\/wiadomosci\/otwarcie-nowego-marketu-sieci-aldi-caly-park-handlowy-zostanie-uruchomiony-pozniej\/#primaryimage","url":"https:\/\/www.24gliwice.pl\/wiadomosci\/wp-content\/uploads\/2023\/05\/aldi3-001.jpg","contentUrl":"https:\/\/www.24gliwice.pl\/wiadomosci\/wp-content\/uploads\/2023\/05\/aldi3-001.jpg","width":810,"height":457},{"@type":"BreadcrumbList","@id":"https:\/\/www.24gliwice.pl\/wiadomosci\/otwarcie-nowego-marketu-sieci-aldi-caly-park-handlowy-zostanie-uruchomiony-pozniej\/#breadcrumb","itemListElement":[{"@type":"ListItem","position":1,"name":"Strona g\u0142\u00f3wna","item":"https:\/\/www.24gliwice.pl\/wiadomosci\/"},{"@type":"ListItem","position":2,"name":"Otwarcie nowego marketu sieci ALDI. Ca\u0142y park handlowy zostanie uruchomiony p\u00f3\u017aniej"}]},{"@type":"WebSite","@id":"https:\/\/www.24gliwice.pl\/wiadomosci\/#website","url":"https:\/\/www.24gliwice.pl\/wiadomosci\/","name":"24GLIWICE - Portal Gliwice | codziennie nowe wiadomo\u015bci","description":"Portal Miejski Gliwice","publisher":{"@id":"https:\/\/www.24gliwice.pl\/wiadomosci\/#organization"},"potentialAction":[{"@type":"SearchAction","target":{"@type":"EntryPoint","urlTemplate":"https:\/\/www.24gliwice.pl\/wiadomosci\/?s={search_term_string}"},"query-input":{"@type":"PropertyValueSpecification","valueRequired":true,"valueName":"search_term_string"}}],"inLanguage":"pl-PL"},{"@type":"Organization","@id":"https:\/\/www.24gliwice.pl\/wiadomosci\/#organization","name":"24gliwice","url":"https:\/\/www.24gliwice.pl\/wiadomosci\/","logo":{"@type":"ImageObject","inLanguage":"pl-PL","@id":"https:\/\/www.24gliwice.pl\/wiadomosci\/#\/schema\/logo\/image\/","url":"https:\/\/www.24gliwice.pl\/wiadomosci\/wp-content\/uploads\/2024\/10\/24gliwice-logo-696.jpg","contentUrl":"https:\/\/www.24gliwice.pl\/wiadomosci\/wp-content\/uploads\/2024\/10\/24gliwice-logo-696.jpg","width":696,"height":696,"caption":"24gliwice"},"image":{"@id":"https:\/\/www.24gliwice.pl\/wiadomosci\/#\/schema\/logo\/image\/"},"sameAs":["https:\/\/www.facebook.com\/24gliwice","https:\/\/x.com\/24gliwice","https:\/\/www.youtube.com\/@24gliwice"]},{"@type":"Person","@id":"https:\/\/www.24gliwice.pl\/wiadomosci\/#\/schema\/person\/e42c650edd7f2fa332be3811fb166b6e","name":"\u017baneta Mrozek-Siewierska","image":{"@type":"ImageObject","inLanguage":"pl-PL","@id":"https:\/\/secure.gravatar.com\/avatar\/1881429e9c64597c77ad7aef2d0a19be69a3253e57534d16aa15bf3a4d34a0a3?s=96&d=mm&r=g","url":"https:\/\/secure.gravatar.com\/avatar\/1881429e9c64597c77ad7aef2d0a19be69a3253e57534d16aa15bf3a4d34a0a3?s=96&d=mm&r=g","contentUrl":"https:\/\/secure.gravatar.com\/avatar\/1881429e9c64597c77ad7aef2d0a19be69a3253e57534d16aa15bf3a4d34a0a3?s=96&d=mm&r=g","caption":"\u017baneta Mrozek-Siewierska"},"url":"https:\/\/www.24gliwice.pl\/wiadomosci\/author\/zms\/"}]}},"_links":{"self":[{"href":"https:\/\/www.24gliwice.pl\/wiadomosci\/wp-json\/wp\/v2\/posts\/226776","targetHints":{"allow":["GET"]}}],"collection":[{"href":"https:\/\/www.24gliwice.pl\/wiadomosci\/wp-json\/wp\/v2\/posts"}],"about":[{"href":"https:\/\/www.24gliwice.pl\/wiadomosci\/wp-json\/wp\/v2\/types\/post"}],"author":[{"embeddable":true,"href":"https:\/\/www.24gliwice.pl\/wiadomosci\/wp-json\/wp\/v2\/users\/15"}],"replies":[{"embeddable":true,"href":"https:\/\/www.24gliwice.pl\/wiadomosci\/wp-json\/wp\/v2\/comments?post=226776"}],"version-history":[{"count":0,"href":"https:\/\/www.24gliwice.pl\/wiadomosci\/wp-json\/wp\/v2\/posts\/226776\/revisions"}],"wp:featuredmedia":[{"embeddable":true,"href":"https:\/\/www.24gliwice.pl\/wiadomosci\/wp-json\/wp\/v2\/media\/215467"}],"wp:attachment":[{"href":"https:\/\/www.24gliwice.pl\/wiadomosci\/wp-json\/wp\/v2\/media?parent=226776"}],"wp:term":[{"taxonomy":"category","embeddable":true,"href":"https:\/\/www.24gliwice.pl\/wiadomosci\/wp-json\/wp\/v2\/categories?post=226776"},{"taxonomy":"post_tag","embeddable":true,"href":"https:\/\/www.24gliwice.pl\/wiadomosci\/wp-json\/wp\/v2\/tags?post=226776"}],"curies":[{"name":"wp","href":"https:\/\/api.w.org\/{rel}","templated":true}]}}