{"id":226933,"date":"2023-12-07T18:46:25","date_gmt":"2023-12-07T17:46:25","guid":{"rendered":"https:\/\/www.24gliwice.pl\/wiadomosci\/?p=226933"},"modified":"2023-12-08T01:08:17","modified_gmt":"2023-12-08T00:08:17","slug":"trwa-mrozenie-tafli-gliwickiego-lodowiska-obiekt-rozpocznie-dzialanie-juz-za-kilka-dni","status":"publish","type":"post","link":"https:\/\/www.24gliwice.pl\/wiadomosci\/trwa-mrozenie-tafli-gliwickiego-lodowiska-obiekt-rozpocznie-dzialanie-juz-za-kilka-dni\/","title":{"rendered":"Trwa mro\u017cenie tafli gliwickiego lodowiska. Obiekt rozpocznie dzia\u0142anie ju\u017c za kilka dni"},"content":{"rendered":"<div class=\"gliwi-a6-nad-leadem-artykulow gliwi-entity-placement\" id=\"gliwi-1599407227\"><div class=\"gliwi-adlabel\"><span style=\"font-size: 9px\">REKLAMA<\/span><\/div><div id=\"gliwi-2957467750\" style=\"margin-bottom: 25px;margin-left: auto;margin-right: auto;text-align: center;\"><a data-no-instant=\"1\" href=\"https:\/\/dom100.eu\/\" rel=\"noopener\" class=\"a2t-link\" target=\"_blank\" aria-label=\"20260415 DOM100 D\"><img loading=\"lazy\" decoding=\"async\" src=\"https:\/\/www.24gliwice.pl\/wiadomosci\/wp-content\/uploads\/2026\/04\/20260415-DOM100-D.jpg\" alt=\"\"  srcset=\"https:\/\/www.24gliwice.pl\/wiadomosci\/wp-content\/uploads\/2026\/04\/20260415-DOM100-D.jpg 750w, https:\/\/www.24gliwice.pl\/wiadomosci\/wp-content\/uploads\/2026\/04\/20260415-DOM100-D-410x109.jpg 410w\" sizes=\"(max-width: 750px) 100vw, 750px\" class=\"no-lazyload\" width=\"750\" height=\"200\"  style=\"display: inline-block; max-width: 100%; height: auto;\" \/><\/a><\/div><\/div><p><H2>Gliwickie Lodowisko &#8220;Tafla&#8221; ma rozpocz\u0105\u0107 dzia\u0142anie ju\u017c od poniedzia\u0142ku, 11 grudnia. Podstawowe ceny bilet\u00f3w to 20 z\u0142 (N) i 10 z\u0142 (U), jest jednak wiele zni\u017cek, szczeg\u00f3lnie dla rodzin z dzie\u0107mi. Posiadacze Karty Du\u017cej Rodziny zap\u0142ac\u0105 niewiele wi\u0119cej, ni\u017c w s\u0105siednim Zabrzu.<\/h2>\n<p>&nbsp;<br \/>\nObiekt przy ulicy Akademickiej 29 przeszed\u0142 gruntown\u0105 modernizacj\u0119. \u015alizga\u0107 si\u0119 b\u0119dzie mo\u017cna codziennie od godziny 8:00 do 21:00. Ceny bilet\u00f3w kszta\u0142tuj\u0105 si\u0119 nast\u0119puj\u0105co: <\/p>\n<ul>\n<li>Bilet normalny: 20 z\u0142\/h;<\/li>\n<li>Ulgowy (do 18 r. \u017cycia): 12 z\u0142\/h;<\/li>\n<li>Rodzice z dw\u00f3jk\u0105 dzieci: 15 z\u0142\/h rodzic i 10 z\u0142\/h za dziecko;<\/li>\n<li>Bilety z kart\u0105 du\u017cej rodziny: rodzic 10 z\u0142\/h; dziecko 6 z\u0142\/h;<\/li>\n<li>Grupy szkolne: 10 z\u0142\/h za dziecko;<\/li>\n<li>Wypo\u017cyczalnia \u0142y\u017cew: 12 z\u0142\/h (kaucja za wypo\u017cyczenie 20 z\u0142);<\/li>\n<li>Ostrzenie \u0142y\u017cew: 14 z\u0142.<\/li>\n<\/ul>\n<p>W Zabrzu lodowisko &#8220;pod chmurk\u0105&#8221; ruszy\u0142o na pocz\u0105tku grudnia. Rozstawiono je jak co roku obok zabrza\u0144skiego Ratusza, na skwerze przy ulicy Powsta\u0144c\u00f3w \u015al\u0105skich. Podobnie jak w Gliwicach, dzia\u0142a codziennie, ale w innych godzinach &#8211; od poniedzia\u0142ku do pi\u0105tku: 14:00 \u2013 21:00, a w soboty i niedziele: 9:00-21:00. Bilet normalny kosztuje 9 z\u0142, za\u015b ulgowy 5 z\u0142 &#8211; to ceny zbli\u017cone do tych, jakie zap\u0142ac\u0105 posiadacze du\u017cych rodzin w Gliwicach. Mniej (u s\u0105siad\u00f3w) kosztuje wypo\u017cyczenie \u0142y\u017cew (9 z\u0142). <\/p>\n<blockquote class=\"wp-embedded-content\" data-secret=\"AbuBbjRWeK\"><p><a href=\"https:\/\/www.24zabrze.pl\/wiadomosci\/lodowisko-obok-zabrzanskiego-ratusza-juz-dziala-ile-kosztuje-wstep-i-wypozyczenie-lyzew\/\">Lodowisko obok zabrza\u0144skiego ratusza ju\u017c dzia\u0142a. Ile kosztuje wst\u0119p i wypo\u017cyczenie \u0142y\u017cew?<\/a><\/p><div class=\"gliwi-a3-w-tresci-artykulow gliwi-entity-placement\" id=\"gliwi-3957045101\"><div class=\"gliwi-adlabel\"><span style=\"font-size: 9px\">REKLAMA<\/span><\/div><div id=\"gliwi-3046099955\" style=\"margin-bottom: 30px;margin-left: auto;margin-right: auto;text-align: center;\"><a data-no-instant=\"1\" href=\"https:\/\/zlobek.halogen.org.pl\/\" rel=\"noopener\" class=\"a2t-link\" target=\"_blank\" aria-label=\"animator-zlobek_750x200\"><img loading=\"lazy\" decoding=\"async\" src=\"https:\/\/www.24gliwice.pl\/wiadomosci\/wp-content\/uploads\/2026\/02\/animator-zlobek_750x200.webp\" alt=\"\"  srcset=\"https:\/\/www.24gliwice.pl\/wiadomosci\/wp-content\/uploads\/2026\/02\/animator-zlobek_750x200.webp 750w, https:\/\/www.24gliwice.pl\/wiadomosci\/wp-content\/uploads\/2026\/02\/animator-zlobek_750x200-410x109.webp 410w\" sizes=\"(max-width: 750px) 100vw, 750px\" class=\"no-lazyload\" width=\"750\" height=\"200\"  style=\"display: inline-block; max-width: 100%; height: auto;\" \/><\/a><\/div><\/div><\/blockquote>\n<p><iframe loading=\"lazy\" class=\"wp-embedded-content\" sandbox=\"allow-scripts\" security=\"restricted\" style=\"position: absolute; clip: rect(1px, 1px, 1px, 1px);\" title=\"&#8222;Lodowisko obok zabrza\u0144skiego ratusza ju\u017c dzia\u0142a. Ile kosztuje wst\u0119p i wypo\u017cyczenie \u0142y\u017cew?&#8221; &#8212; 24zabrze.pl - Portal Miejski Zabrze | wiadomo\u015bci\" src=\"https:\/\/www.24zabrze.pl\/wiadomosci\/lodowisko-obok-zabrzanskiego-ratusza-juz-dziala-ile-kosztuje-wstep-i-wypozyczenie-lyzew\/embed\/#?secret=BlIEMIcXKd#?secret=AbuBbjRWeK\" data-secret=\"AbuBbjRWeK\" width=\"600\" height=\"338\" frameborder=\"0\" marginwidth=\"0\" marginheight=\"0\" scrolling=\"no\"><\/iframe><\/p>\n<h4>Obiekt przeszed\u0142 modernizacj\u0119<\/h4>\n<p>Lodowisko Tafla jest dzier\u017cawione od miasta przez Politechnik\u0119 \u015al\u0105sk\u0105. Zarz\u0105dza nim O\u015brodek Sportu Politechniki \u015al\u0105skiej, kt\u00f3ry \u2013 zgodnie z umow\u0105 \u2013 ma prawo pobierania op\u0142at za korzystanie z lodowiska. Jednocze\u015bnie musi ponosi\u0107 koszty jego funkcjonowania, a tak\u017ce energii elektrycznej. Do zada\u0144 zarz\u0105dcy obiektu nale\u017cy r\u00f3wnie\u017c przeprowadzanie corocznych przegl\u0105d\u00f3w technicznych, prac modernizacyjnych i serwisowych, utrzymywanie obiektu w nale\u017cytym porz\u0105dku i dobrym stanie, odprowadzanie podatku od nieruchomo\u015bci i op\u0142acanie czynszu za dzier\u017caw\u0119, kt\u00f3ra \u2013 wg zapis\u00f3w obowi\u0105zuj\u0105cej umowy \u2013 potrwa do 2032 r.<\/p>\n<h4>Tak\u017ce tutejszy samorz\u0105d partycypuje w kosztach utrzymania gliwickiej \u015blizgawki. Ze \u015brodk\u00f3w z miejskiej kasy sfinansowana zosta\u0142a m.in. zrealizowana w tym roku modernizacja uk\u0142adu ch\u0142odniczego, natomiast w ubieg\u0142ym pokryto po\u0142ow\u0119 koszt\u00f3w energii elektrycznej.<\/h4>\n<p>W ramach przeprowadzonych w ostatnim czasie prac wymieniono ca\u0142y uk\u0142ad ch\u0142odzenia p\u0142yty lodowiska, zabudowano nowy agregat ch\u0142odniczy wype\u0142niony glikolem etylenowym (nie jak dotychczas solank\u0105), na dachu budynku zabudowano nowy dry-cooler (urz\u0105dzenie do ch\u0142odzenia system\u00f3w), wymieniono rury uk\u0142adu z armatur\u0105 i pompami obiegowymi, automatyk\u0119 sterowania i zasilania uk\u0142adu. Dostosowano te\u017c wentylacj\u0119 budynku do wymaga\u0144 nowego uk\u0142adu ch\u0142odzenia lodowiska, a instalacj\u0119 elektryczn\u0105 do potrzeb zasilania i sterowania. Zabudowano pompy ciep\u0142a oraz zasobniki ciep\u0142ej wody. Inwestycja, kt\u00f3r\u0105 sfinansowano z miejskiego bud\u017cetu, kosztowa\u0142a niemal 1,7 mln z\u0142. Dodatkowo, zarz\u0105dca budynku wymieni\u0142 cz\u0119\u015b\u0107 szafek szatnianych i zamontowa\u0142 kamery monitoringu.<\/p>\n<p>Niedawno rozpocz\u0119to mro\u017cenie tafli i przygotowania do udost\u0119pnienia obiektu \u0142y\u017cwiarzom. Obecnie trwa polewanie 1800 m2 wod\u0105. Tafla zostanie pokryta kilkudziesi\u0119cioma warstwami, kt\u00f3re musz\u0105 stopniowo, po kolei zamarza\u0107, co ma zapobiec p\u0119kaniu lodu. Ca\u0142o\u015b\u0107 ma by\u0107 gotowa na 11 grudnia.<\/p>\n<p>(\u017cms)\/UM Gliwice (mf)<\/p>\n<div class=\"gliwi-a5-na-koncu-artykulow gliwi-entity-placement\" id=\"gliwi-2799927181\"><div class=\"gliwi-adlabel\"><span style=\"font-size: 9px\">REKLAMA<\/span><\/div><div id=\"gliwi-3931006515\" style=\"margin-left: auto;margin-right: auto;text-align: center;\"><a data-no-instant=\"1\" href=\"https:\/\/prezeroarenagliwice.pl\/\" rel=\"noopener\" class=\"a2t-link\" target=\"_blank\" aria-label=\"20260309-PREZERO-WIOSNA-D\"><img loading=\"lazy\" decoding=\"async\" src=\"https:\/\/www.24gliwice.pl\/wiadomosci\/wp-content\/uploads\/2026\/03\/20260309-PREZERO-WIOSNA-D.webp\" alt=\"\"  srcset=\"https:\/\/www.24gliwice.pl\/wiadomosci\/wp-content\/uploads\/2026\/03\/20260309-PREZERO-WIOSNA-D.webp 750w, https:\/\/www.24gliwice.pl\/wiadomosci\/wp-content\/uploads\/2026\/03\/20260309-PREZERO-WIOSNA-D-410x109.webp 410w\" sizes=\"(max-width: 750px) 100vw, 750px\" class=\"no-lazyload\" width=\"750\" height=\"200\"  style=\"display: inline-block; max-width: 100%; height: auto;\" \/><\/a><\/div><\/div>","protected":false},"excerpt":{"rendered":"<p>Gliwickie Lodowisko &#8220;Tafla&#8221; ma rozpocz\u0105\u0107 dzia\u0142anie ju\u017c od poniedzia\u0142ku, 11 grudnia. Podstawowe ceny bilet\u00f3w to 20 z\u0142 (N) i 10 z\u0142 (U), jest jednak wiele zni\u017cek, szczeg\u00f3lnie dla rodzin z dzie\u0107mi. Posiadacze Karty Du\u017cej Rodziny zap\u0142ac\u0105 niewiele wi\u0119cej, ni\u017c w s\u0105siednim Zabrzu. &nbsp; Obiekt przy ulicy Akademickiej 29 przeszed\u0142 gruntown\u0105 modernizacj\u0119. \u015alizga\u0107 si\u0119 b\u0119dzie mo\u017cna [&hellip;]<\/p>\n","protected":false},"author":15,"featured_media":226374,"comment_status":"open","ping_status":"closed","sticky":false,"template":"","format":"standard","meta":{"_monsterinsights_skip_tracking":false,"_monsterinsights_sitenote_active":false,"_monsterinsights_sitenote_note":"","_monsterinsights_sitenote_category":0,"footnotes":"","_links_to":"","_links_to_target":""},"categories":[3,1],"tags":[311,6976],"class_list":["post-226933","post","type-post","status-publish","format-standard","has-post-thumbnail","hentry","category-gliwice","category-wszystko","tag-ceny-biletow","tag-lodowisko"],"yoast_head":"<!-- This site is optimized with the Yoast SEO plugin v27.4 - https:\/\/yoast.com\/product\/yoast-seo-wordpress\/ -->\n<title>Trwa mro\u017cenie tafli gliwickiego lodowiska. Obiekt rozpocznie dzia\u0142anie ju\u017c za kilka dni - 24GLIWICE - Portal Gliwice | codziennie nowe informacje<\/title>\n<meta name=\"description\" content=\"Lodowisko Tafla ma rozpocz\u0105\u0107 dzia\u0142anie ju\u017c za kilka dni. Od 11 grudnia codziennie obiekt b\u0119dzie czeka\u0142 na \u0142y\u017cwiarzy od godziny 8:00 do 21:00\" \/>\n<meta name=\"robots\" content=\"index, follow, max-snippet:-1, max-image-preview:large, max-video-preview:-1\" \/>\n<link rel=\"canonical\" href=\"https:\/\/www.24gliwice.pl\/wiadomosci\/trwa-mrozenie-tafli-gliwickiego-lodowiska-obiekt-rozpocznie-dzialanie-juz-za-kilka-dni\/\" \/>\n<meta property=\"og:locale\" content=\"pl_PL\" \/>\n<meta property=\"og:type\" content=\"article\" \/>\n<meta property=\"og:title\" content=\"Trwa mro\u017cenie tafli gliwickiego lodowiska. Obiekt rozpocznie dzia\u0142anie ju\u017c za kilka dni - 24GLIWICE - Portal Gliwice | codziennie nowe informacje\" \/>\n<meta property=\"og:description\" content=\"Lodowisko Tafla ma rozpocz\u0105\u0107 dzia\u0142anie ju\u017c za kilka dni. Od 11 grudnia codziennie obiekt b\u0119dzie czeka\u0142 na \u0142y\u017cwiarzy od godziny 8:00 do 21:00\" \/>\n<meta property=\"og:url\" content=\"https:\/\/www.24gliwice.pl\/wiadomosci\/trwa-mrozenie-tafli-gliwickiego-lodowiska-obiekt-rozpocznie-dzialanie-juz-za-kilka-dni\/\" \/>\n<meta property=\"og:site_name\" content=\"24GLIWICE - Portal Gliwice | codziennie nowe informacje\" \/>\n<meta property=\"article:publisher\" content=\"https:\/\/www.facebook.com\/24gliwice\" \/>\n<meta property=\"article:published_time\" content=\"2023-12-07T17:46:25+00:00\" \/>\n<meta property=\"article:modified_time\" content=\"2023-12-08T00:08:17+00:00\" \/>\n<meta property=\"og:image\" content=\"https:\/\/www.24gliwice.pl\/wiadomosci\/wp-content\/uploads\/2023\/11\/lodowisko-tafla-lg-2.jpg\" \/>\n\t<meta property=\"og:image:width\" content=\"810\" \/>\n\t<meta property=\"og:image:height\" content=\"457\" \/>\n\t<meta property=\"og:image:type\" content=\"image\/jpeg\" \/>\n<meta name=\"author\" content=\"\u017baneta Mrozek-Siewierska\" \/>\n<meta name=\"twitter:card\" content=\"summary_large_image\" \/>\n<meta name=\"twitter:creator\" content=\"@24gliwice\" \/>\n<meta name=\"twitter:site\" content=\"@24gliwice\" \/>\n<meta name=\"twitter:label1\" content=\"Napisane przez\" \/>\n\t<meta name=\"twitter:data1\" content=\"\u017baneta Mrozek-Siewierska\" \/>\n\t<meta name=\"twitter:label2\" content=\"Szacowany czas czytania\" \/>\n\t<meta name=\"twitter:data2\" content=\"3 minuty\" \/>\n<script type=\"application\/ld+json\" class=\"yoast-schema-graph\">{\"@context\":\"https:\\\/\\\/schema.org\",\"@graph\":[{\"@type\":\"Article\",\"@id\":\"https:\\\/\\\/www.24gliwice.pl\\\/wiadomosci\\\/trwa-mrozenie-tafli-gliwickiego-lodowiska-obiekt-rozpocznie-dzialanie-juz-za-kilka-dni\\\/#article\",\"isPartOf\":{\"@id\":\"https:\\\/\\\/www.24gliwice.pl\\\/wiadomosci\\\/trwa-mrozenie-tafli-gliwickiego-lodowiska-obiekt-rozpocznie-dzialanie-juz-za-kilka-dni\\\/\"},\"author\":{\"name\":\"\u017baneta Mrozek-Siewierska\",\"@id\":\"https:\\\/\\\/www.24gliwice.pl\\\/wiadomosci\\\/#\\\/schema\\\/person\\\/e42c650edd7f2fa332be3811fb166b6e\"},\"headline\":\"Trwa mro\u017cenie tafli gliwickiego lodowiska. Obiekt rozpocznie dzia\u0142anie ju\u017c za kilka dni\",\"datePublished\":\"2023-12-07T17:46:25+00:00\",\"dateModified\":\"2023-12-08T00:08:17+00:00\",\"mainEntityOfPage\":{\"@id\":\"https:\\\/\\\/www.24gliwice.pl\\\/wiadomosci\\\/trwa-mrozenie-tafli-gliwickiego-lodowiska-obiekt-rozpocznie-dzialanie-juz-za-kilka-dni\\\/\"},\"wordCount\":544,\"commentCount\":0,\"publisher\":{\"@id\":\"https:\\\/\\\/www.24gliwice.pl\\\/wiadomosci\\\/#organization\"},\"image\":{\"@id\":\"https:\\\/\\\/www.24gliwice.pl\\\/wiadomosci\\\/trwa-mrozenie-tafli-gliwickiego-lodowiska-obiekt-rozpocznie-dzialanie-juz-za-kilka-dni\\\/#primaryimage\"},\"thumbnailUrl\":\"https:\\\/\\\/www.24gliwice.pl\\\/wiadomosci\\\/wp-content\\\/uploads\\\/2023\\\/11\\\/lodowisko-tafla-lg-2.jpg\",\"keywords\":[\"ceny bilet\u00f3w\",\"LODOWISKO\"],\"articleSection\":[\"Gliwice\",\"Najnowsze wiadomo\u015bci\"],\"inLanguage\":\"pl-PL\",\"potentialAction\":[{\"@type\":\"CommentAction\",\"name\":\"Comment\",\"target\":[\"https:\\\/\\\/www.24gliwice.pl\\\/wiadomosci\\\/trwa-mrozenie-tafli-gliwickiego-lodowiska-obiekt-rozpocznie-dzialanie-juz-za-kilka-dni\\\/#respond\"]}]},{\"@type\":\"WebPage\",\"@id\":\"https:\\\/\\\/www.24gliwice.pl\\\/wiadomosci\\\/trwa-mrozenie-tafli-gliwickiego-lodowiska-obiekt-rozpocznie-dzialanie-juz-za-kilka-dni\\\/\",\"url\":\"https:\\\/\\\/www.24gliwice.pl\\\/wiadomosci\\\/trwa-mrozenie-tafli-gliwickiego-lodowiska-obiekt-rozpocznie-dzialanie-juz-za-kilka-dni\\\/\",\"name\":\"Trwa mro\u017cenie tafli gliwickiego lodowiska. Obiekt rozpocznie dzia\u0142anie ju\u017c za kilka dni - 24GLIWICE - Portal Gliwice | codziennie nowe informacje\",\"isPartOf\":{\"@id\":\"https:\\\/\\\/www.24gliwice.pl\\\/wiadomosci\\\/#website\"},\"primaryImageOfPage\":{\"@id\":\"https:\\\/\\\/www.24gliwice.pl\\\/wiadomosci\\\/trwa-mrozenie-tafli-gliwickiego-lodowiska-obiekt-rozpocznie-dzialanie-juz-za-kilka-dni\\\/#primaryimage\"},\"image\":{\"@id\":\"https:\\\/\\\/www.24gliwice.pl\\\/wiadomosci\\\/trwa-mrozenie-tafli-gliwickiego-lodowiska-obiekt-rozpocznie-dzialanie-juz-za-kilka-dni\\\/#primaryimage\"},\"thumbnailUrl\":\"https:\\\/\\\/www.24gliwice.pl\\\/wiadomosci\\\/wp-content\\\/uploads\\\/2023\\\/11\\\/lodowisko-tafla-lg-2.jpg\",\"datePublished\":\"2023-12-07T17:46:25+00:00\",\"dateModified\":\"2023-12-08T00:08:17+00:00\",\"description\":\"Lodowisko Tafla ma rozpocz\u0105\u0107 dzia\u0142anie ju\u017c za kilka dni. Od 11 grudnia codziennie obiekt b\u0119dzie czeka\u0142 na \u0142y\u017cwiarzy od godziny 8:00 do 21:00\",\"breadcrumb\":{\"@id\":\"https:\\\/\\\/www.24gliwice.pl\\\/wiadomosci\\\/trwa-mrozenie-tafli-gliwickiego-lodowiska-obiekt-rozpocznie-dzialanie-juz-za-kilka-dni\\\/#breadcrumb\"},\"inLanguage\":\"pl-PL\",\"potentialAction\":[{\"@type\":\"ReadAction\",\"target\":[\"https:\\\/\\\/www.24gliwice.pl\\\/wiadomosci\\\/trwa-mrozenie-tafli-gliwickiego-lodowiska-obiekt-rozpocznie-dzialanie-juz-za-kilka-dni\\\/\"]}]},{\"@type\":\"ImageObject\",\"inLanguage\":\"pl-PL\",\"@id\":\"https:\\\/\\\/www.24gliwice.pl\\\/wiadomosci\\\/trwa-mrozenie-tafli-gliwickiego-lodowiska-obiekt-rozpocznie-dzialanie-juz-za-kilka-dni\\\/#primaryimage\",\"url\":\"https:\\\/\\\/www.24gliwice.pl\\\/wiadomosci\\\/wp-content\\\/uploads\\\/2023\\\/11\\\/lodowisko-tafla-lg-2.jpg\",\"contentUrl\":\"https:\\\/\\\/www.24gliwice.pl\\\/wiadomosci\\\/wp-content\\\/uploads\\\/2023\\\/11\\\/lodowisko-tafla-lg-2.jpg\",\"width\":810,\"height\":457},{\"@type\":\"BreadcrumbList\",\"@id\":\"https:\\\/\\\/www.24gliwice.pl\\\/wiadomosci\\\/trwa-mrozenie-tafli-gliwickiego-lodowiska-obiekt-rozpocznie-dzialanie-juz-za-kilka-dni\\\/#breadcrumb\",\"itemListElement\":[{\"@type\":\"ListItem\",\"position\":1,\"name\":\"Strona g\u0142\u00f3wna\",\"item\":\"https:\\\/\\\/www.24gliwice.pl\\\/wiadomosci\\\/\"},{\"@type\":\"ListItem\",\"position\":2,\"name\":\"Trwa mro\u017cenie tafli gliwickiego lodowiska. Obiekt rozpocznie dzia\u0142anie ju\u017c za kilka dni\"}]},{\"@type\":\"WebSite\",\"@id\":\"https:\\\/\\\/www.24gliwice.pl\\\/wiadomosci\\\/#website\",\"url\":\"https:\\\/\\\/www.24gliwice.pl\\\/wiadomosci\\\/\",\"name\":\"24GLIWICE - Portal Gliwice | codziennie nowe wiadomo\u015bci\",\"description\":\"Portal Miejski Gliwice\",\"publisher\":{\"@id\":\"https:\\\/\\\/www.24gliwice.pl\\\/wiadomosci\\\/#organization\"},\"potentialAction\":[{\"@type\":\"SearchAction\",\"target\":{\"@type\":\"EntryPoint\",\"urlTemplate\":\"https:\\\/\\\/www.24gliwice.pl\\\/wiadomosci\\\/?s={search_term_string}\"},\"query-input\":{\"@type\":\"PropertyValueSpecification\",\"valueRequired\":true,\"valueName\":\"search_term_string\"}}],\"inLanguage\":\"pl-PL\"},{\"@type\":\"Organization\",\"@id\":\"https:\\\/\\\/www.24gliwice.pl\\\/wiadomosci\\\/#organization\",\"name\":\"24gliwice\",\"url\":\"https:\\\/\\\/www.24gliwice.pl\\\/wiadomosci\\\/\",\"logo\":{\"@type\":\"ImageObject\",\"inLanguage\":\"pl-PL\",\"@id\":\"https:\\\/\\\/www.24gliwice.pl\\\/wiadomosci\\\/#\\\/schema\\\/logo\\\/image\\\/\",\"url\":\"https:\\\/\\\/www.24gliwice.pl\\\/wiadomosci\\\/wp-content\\\/uploads\\\/2024\\\/10\\\/24gliwice-logo-696.jpg\",\"contentUrl\":\"https:\\\/\\\/www.24gliwice.pl\\\/wiadomosci\\\/wp-content\\\/uploads\\\/2024\\\/10\\\/24gliwice-logo-696.jpg\",\"width\":696,\"height\":696,\"caption\":\"24gliwice\"},\"image\":{\"@id\":\"https:\\\/\\\/www.24gliwice.pl\\\/wiadomosci\\\/#\\\/schema\\\/logo\\\/image\\\/\"},\"sameAs\":[\"https:\\\/\\\/www.facebook.com\\\/24gliwice\",\"https:\\\/\\\/x.com\\\/24gliwice\",\"https:\\\/\\\/www.youtube.com\\\/@24gliwice\"]},{\"@type\":\"Person\",\"@id\":\"https:\\\/\\\/www.24gliwice.pl\\\/wiadomosci\\\/#\\\/schema\\\/person\\\/e42c650edd7f2fa332be3811fb166b6e\",\"name\":\"\u017baneta Mrozek-Siewierska\",\"image\":{\"@type\":\"ImageObject\",\"inLanguage\":\"pl-PL\",\"@id\":\"https:\\\/\\\/www.24gliwice.pl\\\/wiadomosci\\\/wp-content\\\/uploads\\\/2021\\\/11\\\/Zaneta-M_S-zdjecie-czb-96x96.jpg\",\"url\":\"https:\\\/\\\/www.24gliwice.pl\\\/wiadomosci\\\/wp-content\\\/uploads\\\/2021\\\/11\\\/Zaneta-M_S-zdjecie-czb-96x96.jpg\",\"contentUrl\":\"https:\\\/\\\/www.24gliwice.pl\\\/wiadomosci\\\/wp-content\\\/uploads\\\/2021\\\/11\\\/Zaneta-M_S-zdjecie-czb-96x96.jpg\",\"caption\":\"\u017baneta Mrozek-Siewierska\"},\"url\":\"https:\\\/\\\/www.24gliwice.pl\\\/wiadomosci\\\/author\\\/zms\\\/\"}]}<\/script>\n<!-- \/ Yoast SEO plugin. -->","yoast_head_json":{"title":"Trwa mro\u017cenie tafli gliwickiego lodowiska. Obiekt rozpocznie dzia\u0142anie ju\u017c za kilka dni - 24GLIWICE - Portal Gliwice | codziennie nowe informacje","description":"Lodowisko Tafla ma rozpocz\u0105\u0107 dzia\u0142anie ju\u017c za kilka dni. Od 11 grudnia codziennie obiekt b\u0119dzie czeka\u0142 na \u0142y\u017cwiarzy od godziny 8:00 do 21:00","robots":{"index":"index","follow":"follow","max-snippet":"max-snippet:-1","max-image-preview":"max-image-preview:large","max-video-preview":"max-video-preview:-1"},"canonical":"https:\/\/www.24gliwice.pl\/wiadomosci\/trwa-mrozenie-tafli-gliwickiego-lodowiska-obiekt-rozpocznie-dzialanie-juz-za-kilka-dni\/","og_locale":"pl_PL","og_type":"article","og_title":"Trwa mro\u017cenie tafli gliwickiego lodowiska. Obiekt rozpocznie dzia\u0142anie ju\u017c za kilka dni - 24GLIWICE - Portal Gliwice | codziennie nowe informacje","og_description":"Lodowisko Tafla ma rozpocz\u0105\u0107 dzia\u0142anie ju\u017c za kilka dni. Od 11 grudnia codziennie obiekt b\u0119dzie czeka\u0142 na \u0142y\u017cwiarzy od godziny 8:00 do 21:00","og_url":"https:\/\/www.24gliwice.pl\/wiadomosci\/trwa-mrozenie-tafli-gliwickiego-lodowiska-obiekt-rozpocznie-dzialanie-juz-za-kilka-dni\/","og_site_name":"24GLIWICE - Portal Gliwice | codziennie nowe informacje","article_publisher":"https:\/\/www.facebook.com\/24gliwice","article_published_time":"2023-12-07T17:46:25+00:00","article_modified_time":"2023-12-08T00:08:17+00:00","og_image":[{"width":810,"height":457,"url":"https:\/\/www.24gliwice.pl\/wiadomosci\/wp-content\/uploads\/2023\/11\/lodowisko-tafla-lg-2.jpg","type":"image\/jpeg"}],"author":"\u017baneta Mrozek-Siewierska","twitter_card":"summary_large_image","twitter_creator":"@24gliwice","twitter_site":"@24gliwice","twitter_misc":{"Napisane przez":"\u017baneta Mrozek-Siewierska","Szacowany czas czytania":"3 minuty"},"schema":{"@context":"https:\/\/schema.org","@graph":[{"@type":"Article","@id":"https:\/\/www.24gliwice.pl\/wiadomosci\/trwa-mrozenie-tafli-gliwickiego-lodowiska-obiekt-rozpocznie-dzialanie-juz-za-kilka-dni\/#article","isPartOf":{"@id":"https:\/\/www.24gliwice.pl\/wiadomosci\/trwa-mrozenie-tafli-gliwickiego-lodowiska-obiekt-rozpocznie-dzialanie-juz-za-kilka-dni\/"},"author":{"name":"\u017baneta Mrozek-Siewierska","@id":"https:\/\/www.24gliwice.pl\/wiadomosci\/#\/schema\/person\/e42c650edd7f2fa332be3811fb166b6e"},"headline":"Trwa mro\u017cenie tafli gliwickiego lodowiska. Obiekt rozpocznie dzia\u0142anie ju\u017c za kilka dni","datePublished":"2023-12-07T17:46:25+00:00","dateModified":"2023-12-08T00:08:17+00:00","mainEntityOfPage":{"@id":"https:\/\/www.24gliwice.pl\/wiadomosci\/trwa-mrozenie-tafli-gliwickiego-lodowiska-obiekt-rozpocznie-dzialanie-juz-za-kilka-dni\/"},"wordCount":544,"commentCount":0,"publisher":{"@id":"https:\/\/www.24gliwice.pl\/wiadomosci\/#organization"},"image":{"@id":"https:\/\/www.24gliwice.pl\/wiadomosci\/trwa-mrozenie-tafli-gliwickiego-lodowiska-obiekt-rozpocznie-dzialanie-juz-za-kilka-dni\/#primaryimage"},"thumbnailUrl":"https:\/\/www.24gliwice.pl\/wiadomosci\/wp-content\/uploads\/2023\/11\/lodowisko-tafla-lg-2.jpg","keywords":["ceny bilet\u00f3w","LODOWISKO"],"articleSection":["Gliwice","Najnowsze wiadomo\u015bci"],"inLanguage":"pl-PL","potentialAction":[{"@type":"CommentAction","name":"Comment","target":["https:\/\/www.24gliwice.pl\/wiadomosci\/trwa-mrozenie-tafli-gliwickiego-lodowiska-obiekt-rozpocznie-dzialanie-juz-za-kilka-dni\/#respond"]}]},{"@type":"WebPage","@id":"https:\/\/www.24gliwice.pl\/wiadomosci\/trwa-mrozenie-tafli-gliwickiego-lodowiska-obiekt-rozpocznie-dzialanie-juz-za-kilka-dni\/","url":"https:\/\/www.24gliwice.pl\/wiadomosci\/trwa-mrozenie-tafli-gliwickiego-lodowiska-obiekt-rozpocznie-dzialanie-juz-za-kilka-dni\/","name":"Trwa mro\u017cenie tafli gliwickiego lodowiska. Obiekt rozpocznie dzia\u0142anie ju\u017c za kilka dni - 24GLIWICE - Portal Gliwice | codziennie nowe informacje","isPartOf":{"@id":"https:\/\/www.24gliwice.pl\/wiadomosci\/#website"},"primaryImageOfPage":{"@id":"https:\/\/www.24gliwice.pl\/wiadomosci\/trwa-mrozenie-tafli-gliwickiego-lodowiska-obiekt-rozpocznie-dzialanie-juz-za-kilka-dni\/#primaryimage"},"image":{"@id":"https:\/\/www.24gliwice.pl\/wiadomosci\/trwa-mrozenie-tafli-gliwickiego-lodowiska-obiekt-rozpocznie-dzialanie-juz-za-kilka-dni\/#primaryimage"},"thumbnailUrl":"https:\/\/www.24gliwice.pl\/wiadomosci\/wp-content\/uploads\/2023\/11\/lodowisko-tafla-lg-2.jpg","datePublished":"2023-12-07T17:46:25+00:00","dateModified":"2023-12-08T00:08:17+00:00","description":"Lodowisko Tafla ma rozpocz\u0105\u0107 dzia\u0142anie ju\u017c za kilka dni. Od 11 grudnia codziennie obiekt b\u0119dzie czeka\u0142 na \u0142y\u017cwiarzy od godziny 8:00 do 21:00","breadcrumb":{"@id":"https:\/\/www.24gliwice.pl\/wiadomosci\/trwa-mrozenie-tafli-gliwickiego-lodowiska-obiekt-rozpocznie-dzialanie-juz-za-kilka-dni\/#breadcrumb"},"inLanguage":"pl-PL","potentialAction":[{"@type":"ReadAction","target":["https:\/\/www.24gliwice.pl\/wiadomosci\/trwa-mrozenie-tafli-gliwickiego-lodowiska-obiekt-rozpocznie-dzialanie-juz-za-kilka-dni\/"]}]},{"@type":"ImageObject","inLanguage":"pl-PL","@id":"https:\/\/www.24gliwice.pl\/wiadomosci\/trwa-mrozenie-tafli-gliwickiego-lodowiska-obiekt-rozpocznie-dzialanie-juz-za-kilka-dni\/#primaryimage","url":"https:\/\/www.24gliwice.pl\/wiadomosci\/wp-content\/uploads\/2023\/11\/lodowisko-tafla-lg-2.jpg","contentUrl":"https:\/\/www.24gliwice.pl\/wiadomosci\/wp-content\/uploads\/2023\/11\/lodowisko-tafla-lg-2.jpg","width":810,"height":457},{"@type":"BreadcrumbList","@id":"https:\/\/www.24gliwice.pl\/wiadomosci\/trwa-mrozenie-tafli-gliwickiego-lodowiska-obiekt-rozpocznie-dzialanie-juz-za-kilka-dni\/#breadcrumb","itemListElement":[{"@type":"ListItem","position":1,"name":"Strona g\u0142\u00f3wna","item":"https:\/\/www.24gliwice.pl\/wiadomosci\/"},{"@type":"ListItem","position":2,"name":"Trwa mro\u017cenie tafli gliwickiego lodowiska. Obiekt rozpocznie dzia\u0142anie ju\u017c za kilka dni"}]},{"@type":"WebSite","@id":"https:\/\/www.24gliwice.pl\/wiadomosci\/#website","url":"https:\/\/www.24gliwice.pl\/wiadomosci\/","name":"24GLIWICE - Portal Gliwice | codziennie nowe wiadomo\u015bci","description":"Portal Miejski Gliwice","publisher":{"@id":"https:\/\/www.24gliwice.pl\/wiadomosci\/#organization"},"potentialAction":[{"@type":"SearchAction","target":{"@type":"EntryPoint","urlTemplate":"https:\/\/www.24gliwice.pl\/wiadomosci\/?s={search_term_string}"},"query-input":{"@type":"PropertyValueSpecification","valueRequired":true,"valueName":"search_term_string"}}],"inLanguage":"pl-PL"},{"@type":"Organization","@id":"https:\/\/www.24gliwice.pl\/wiadomosci\/#organization","name":"24gliwice","url":"https:\/\/www.24gliwice.pl\/wiadomosci\/","logo":{"@type":"ImageObject","inLanguage":"pl-PL","@id":"https:\/\/www.24gliwice.pl\/wiadomosci\/#\/schema\/logo\/image\/","url":"https:\/\/www.24gliwice.pl\/wiadomosci\/wp-content\/uploads\/2024\/10\/24gliwice-logo-696.jpg","contentUrl":"https:\/\/www.24gliwice.pl\/wiadomosci\/wp-content\/uploads\/2024\/10\/24gliwice-logo-696.jpg","width":696,"height":696,"caption":"24gliwice"},"image":{"@id":"https:\/\/www.24gliwice.pl\/wiadomosci\/#\/schema\/logo\/image\/"},"sameAs":["https:\/\/www.facebook.com\/24gliwice","https:\/\/x.com\/24gliwice","https:\/\/www.youtube.com\/@24gliwice"]},{"@type":"Person","@id":"https:\/\/www.24gliwice.pl\/wiadomosci\/#\/schema\/person\/e42c650edd7f2fa332be3811fb166b6e","name":"\u017baneta Mrozek-Siewierska","image":{"@type":"ImageObject","inLanguage":"pl-PL","@id":"https:\/\/www.24gliwice.pl\/wiadomosci\/wp-content\/uploads\/2021\/11\/Zaneta-M_S-zdjecie-czb-96x96.jpg","url":"https:\/\/www.24gliwice.pl\/wiadomosci\/wp-content\/uploads\/2021\/11\/Zaneta-M_S-zdjecie-czb-96x96.jpg","contentUrl":"https:\/\/www.24gliwice.pl\/wiadomosci\/wp-content\/uploads\/2021\/11\/Zaneta-M_S-zdjecie-czb-96x96.jpg","caption":"\u017baneta Mrozek-Siewierska"},"url":"https:\/\/www.24gliwice.pl\/wiadomosci\/author\/zms\/"}]}},"_links":{"self":[{"href":"https:\/\/www.24gliwice.pl\/wiadomosci\/wp-json\/wp\/v2\/posts\/226933","targetHints":{"allow":["GET"]}}],"collection":[{"href":"https:\/\/www.24gliwice.pl\/wiadomosci\/wp-json\/wp\/v2\/posts"}],"about":[{"href":"https:\/\/www.24gliwice.pl\/wiadomosci\/wp-json\/wp\/v2\/types\/post"}],"author":[{"embeddable":true,"href":"https:\/\/www.24gliwice.pl\/wiadomosci\/wp-json\/wp\/v2\/users\/15"}],"replies":[{"embeddable":true,"href":"https:\/\/www.24gliwice.pl\/wiadomosci\/wp-json\/wp\/v2\/comments?post=226933"}],"version-history":[{"count":7,"href":"https:\/\/www.24gliwice.pl\/wiadomosci\/wp-json\/wp\/v2\/posts\/226933\/revisions"}],"predecessor-version":[{"id":226971,"href":"https:\/\/www.24gliwice.pl\/wiadomosci\/wp-json\/wp\/v2\/posts\/226933\/revisions\/226971"}],"wp:featuredmedia":[{"embeddable":true,"href":"https:\/\/www.24gliwice.pl\/wiadomosci\/wp-json\/wp\/v2\/media\/226374"}],"wp:attachment":[{"href":"https:\/\/www.24gliwice.pl\/wiadomosci\/wp-json\/wp\/v2\/media?parent=226933"}],"wp:term":[{"taxonomy":"category","embeddable":true,"href":"https:\/\/www.24gliwice.pl\/wiadomosci\/wp-json\/wp\/v2\/categories?post=226933"},{"taxonomy":"post_tag","embeddable":true,"href":"https:\/\/www.24gliwice.pl\/wiadomosci\/wp-json\/wp\/v2\/tags?post=226933"}],"curies":[{"name":"wp","href":"https:\/\/api.w.org\/{rel}","templated":true}]}}