{"id":229560,"date":"2024-02-02T06:15:20","date_gmt":"2024-02-02T05:15:20","guid":{"rendered":"https:\/\/www.24gliwice.pl\/wiadomosci\/?p=229560"},"modified":"2024-02-04T03:37:49","modified_gmt":"2024-02-04T02:37:49","slug":"mieszkancy-chca-zamykania-ulic-na-czas-koncertow-zwracamy-sie-o-przywrocenie-porzadku","status":"publish","type":"post","link":"https:\/\/www.24gliwice.pl\/wiadomosci\/mieszkancy-chca-zamykania-ulic-na-czas-koncertow-zwracamy-sie-o-przywrocenie-porzadku\/","title":{"rendered":"Mieszka\u0144cy chc\u0105 zamykania ulic na czas koncert\u00f3w. &#8220;Zwracamy si\u0119 o przywr\u00f3cenie porz\u0105dku&#8221;"},"content":{"rendered":"<div class=\"gliwi-a6-nad-leadem-artykulow gliwi-entity-placement\" id=\"gliwi-493839865\"><div class=\"gliwi-adlabel\"><span style=\"font-size: 9px\">REKLAMA<\/span><\/div><div id=\"gliwi-3547177075\" style=\"margin-bottom: 25px;margin-left: auto;margin-right: auto;text-align: center;\"><a data-no-instant=\"1\" href=\"https:\/\/dom100.eu\/\" rel=\"noopener\" class=\"a2t-link\" target=\"_blank\" aria-label=\"20260415 DOM100 D\"><img loading=\"lazy\" decoding=\"async\" src=\"https:\/\/www.24gliwice.pl\/wiadomosci\/wp-content\/uploads\/2026\/04\/20260415-DOM100-D.jpg\" alt=\"\"  srcset=\"https:\/\/www.24gliwice.pl\/wiadomosci\/wp-content\/uploads\/2026\/04\/20260415-DOM100-D.jpg 750w, https:\/\/www.24gliwice.pl\/wiadomosci\/wp-content\/uploads\/2026\/04\/20260415-DOM100-D-410x109.jpg 410w\" sizes=\"(max-width: 750px) 100vw, 750px\" class=\"no-lazyload\" width=\"750\" height=\"200\"  style=\"display: inline-block; max-width: 100%; height: auto;\" \/><\/a><\/div><\/div><h2>Mieszka\u0144cy w dzielnicy Baildona skar\u017c\u0105 si\u0119 na problemy z przyjezdnymi kierowcami w czasie koncert\u00f3w w hali PreZero Arena. Do prezydenta Gliwic trafi\u0142a petycja o zamykanie ulic na czas organizowanych w hali imprez.<\/h2>\n<p>&nbsp;<br \/>\n<a href=\"https:\/\/www.24gliwice.pl\/wiadomosci\/wp-content\/uploads\/2024\/01\/baildona-parkowanie4.jpg\"><img loading=\"lazy\" decoding=\"async\" src=\"https:\/\/www.24gliwice.pl\/wiadomosci\/wp-content\/uploads\/2024\/01\/baildona-parkowanie4.jpg\" alt=\"\" width=\"1200\" height=\"677\" class=\"alignnone size-full wp-image-229570\" srcset=\"https:\/\/www.24gliwice.pl\/wiadomosci\/wp-content\/uploads\/2024\/01\/baildona-parkowanie4.jpg 1200w, https:\/\/www.24gliwice.pl\/wiadomosci\/wp-content\/uploads\/2024\/01\/baildona-parkowanie4-410x232.jpg 410w, https:\/\/www.24gliwice.pl\/wiadomosci\/wp-content\/uploads\/2024\/01\/baildona-parkowanie4-806x455.jpg 806w, https:\/\/www.24gliwice.pl\/wiadomosci\/wp-content\/uploads\/2024\/01\/baildona-parkowanie4-768x433.jpg 768w, https:\/\/www.24gliwice.pl\/wiadomosci\/wp-content\/uploads\/2024\/01\/baildona-parkowanie4-810x457.jpg 810w, https:\/\/www.24gliwice.pl\/wiadomosci\/wp-content\/uploads\/2024\/01\/baildona-parkowanie4-1140x643.jpg 1140w\" sizes=\"auto, (max-width: 1200px) 100vw, 1200px\" \/><\/a><\/p>\n<p>O sprawie pisali\u015bmy ju\u017c wcze\u015bniej, gdy w mediach spo\u0142eczno\u015bciowych opublikowane zosta\u0142y zdj\u0119cia i nagrania prezentuj\u0105ce, jak ten rejon Gliwic wygl\u0105da\u0142 podczas koncertu Bryana Adamsa, jednak &#8211; jak wskazywa\u0142 ich autor &#8211; sytuacja by\u0142a podobna r\u00f3wnie\u017c podczas innych wydarze\u0144 w obiekcie przy ul. Akademickiej. <\/p>\n<blockquote class=\"wp-embedded-content\" data-secret=\"CHhtrwgZS5\"><p><a href=\"https:\/\/www.24gliwice.pl\/wiadomosci\/podczas-duzych-imprez-w-arenie-kierowcy-parkuja-gdzie-popadnie-miasto-podejmiemy-dzialania\/\">Podczas du\u017cych imprez w Arenie kierowcy parkuj\u0105 gdzie popadnie. Miasto: podejmiemy dzia\u0142ania<\/a><\/p><\/blockquote>\n<p><iframe loading=\"lazy\" class=\"wp-embedded-content\" sandbox=\"allow-scripts\" security=\"restricted\" style=\"position: absolute; clip: rect(1px, 1px, 1px, 1px);\" title=\"&#8222;Podczas du\u017cych imprez w Arenie kierowcy parkuj\u0105 gdzie popadnie. Miasto: podejmiemy dzia\u0142ania&#8221; &#8212; 24GLIWICE - Portal Gliwice | codziennie nowe informacje\" src=\"https:\/\/www.24gliwice.pl\/wiadomosci\/podczas-duzych-imprez-w-arenie-kierowcy-parkuja-gdzie-popadnie-miasto-podejmiemy-dzialania\/embed\/#?secret=u4ipfsSE91#?secret=CHhtrwgZS5\" data-secret=\"CHhtrwgZS5\" width=\"600\" height=\"338\" frameborder=\"0\" marginwidth=\"0\" marginheight=\"0\" scrolling=\"no\"><\/iframe><\/p>\n<h4>Z\u0142o\u017cona na pocz\u0105tku stycznia petycja to najwyra\u017aniej kolejny krok w pr\u00f3bie przywr\u00f3cenia porz\u0105dku na zamieszkiwanym terenie. <\/h4>\n<p>&#8211; <em>W imieniu mieszka\u0144c\u00f3w Gliwic: Dzielnica Baildona z wyszczeg\u00f3lnieniem ulic: Olszynki, Szczepanowskiego, Cha\u0142upnicza, Kr\u00f3lewskiej Tamy, Odlewnik\u00f3w, Robotnicza, zwracamy si\u0119 pro\u015bb\u0105 o natychmiastow\u0105 oraz ka\u017cdorazowo, interwencj\u0105 w sprawie zapewnienia nam jako mieszka\u0144com wymienionych ulic, bezpiecze\u0144stwa i przywr\u00f3cenie porz\u0105dku<\/em> &#8211; wskazuj\u0105 autorzy na wst\u0119pie. <\/p><div class=\"gliwi-a3-w-tresci-artykulow gliwi-entity-placement\" id=\"gliwi-3759909799\"><div class=\"gliwi-adlabel\"><span style=\"font-size: 9px\">REKLAMA<\/span><\/div><div id=\"gliwi-3790348667\" style=\"margin-bottom: 30px;margin-left: auto;margin-right: auto;text-align: center;\"><a data-no-instant=\"1\" href=\"https:\/\/ogrodyandersa.pl\/\" rel=\"noopener\" class=\"a2t-link\" target=\"_blank\" aria-label=\"20260415 Ogrody Andersa KUP TERAZ D\"><img loading=\"lazy\" decoding=\"async\" src=\"https:\/\/www.24gliwice.pl\/wiadomosci\/wp-content\/uploads\/2026\/04\/20260415-Ogrody-Andersa-KUP-TERAZ-D.jpg\" alt=\"\"  srcset=\"https:\/\/www.24gliwice.pl\/wiadomosci\/wp-content\/uploads\/2026\/04\/20260415-Ogrody-Andersa-KUP-TERAZ-D.jpg 750w, https:\/\/www.24gliwice.pl\/wiadomosci\/wp-content\/uploads\/2026\/04\/20260415-Ogrody-Andersa-KUP-TERAZ-D-410x109.jpg 410w\" sizes=\"(max-width: 750px) 100vw, 750px\" class=\"no-lazyload\" width=\"750\" height=\"200\"  style=\"display: inline-block; max-width: 100%; height: auto;\" \/><\/a><\/div><\/div>\n<p><a href=\"https:\/\/www.24gliwice.pl\/wiadomosci\/wp-content\/uploads\/2024\/01\/baildona-parkowanie3.jpg\"><img loading=\"lazy\" decoding=\"async\" src=\"https:\/\/www.24gliwice.pl\/wiadomosci\/wp-content\/uploads\/2024\/01\/baildona-parkowanie3.jpg\" alt=\"\" width=\"1200\" height=\"675\" class=\"alignnone size-full wp-image-229569\" srcset=\"https:\/\/www.24gliwice.pl\/wiadomosci\/wp-content\/uploads\/2024\/01\/baildona-parkowanie3.jpg 1200w, https:\/\/www.24gliwice.pl\/wiadomosci\/wp-content\/uploads\/2024\/01\/baildona-parkowanie3-410x232.jpg 410w, https:\/\/www.24gliwice.pl\/wiadomosci\/wp-content\/uploads\/2024\/01\/baildona-parkowanie3-810x456.jpg 810w, https:\/\/www.24gliwice.pl\/wiadomosci\/wp-content\/uploads\/2024\/01\/baildona-parkowanie3-768x432.jpg 768w, https:\/\/www.24gliwice.pl\/wiadomosci\/wp-content\/uploads\/2024\/01\/baildona-parkowanie3-1140x641.jpg 1140w\" sizes=\"auto, (max-width: 1200px) 100vw, 1200px\" \/><\/a><\/p>\n<p>W dalszej cz\u0119\u015bci wskazuj\u0105 na problemy, jakie wynikaj\u0105 z parkowania uczestnik\u00f3w imprez pod ich domami. W\u015br\u00f3d nich wymieniaj\u0105 brak mo\u017cliwo\u015bci dojechania do swojej posesji, zaparkowania pod w\u0142asnym domem czy wjechania na teren podw\u00f3rka. Zwracaj\u0105 te\u017c uwag\u0119 na problem nocnych awantur powracaj\u0105cych kierowc\u00f3w, oraz niejednokrotnie spo\u017cywania alkoholu w miejscu publicznym, za\u0142atwianie potrzeb fizjologicznych na zabytkowym Cmentarzu Hutnika, a tak\u017ce traktowanie go przez niekt\u00f3rych widz\u00f3w jak \u015bmietnik. <\/p>\n<blockquote><p><em>Obraz tej sytuacji, daje interesuj\u0105c\u0105 wizyt\u00f3wk\u0119 miastu, a szczeg\u00f3lnie turystom zagranicznym niejednokrotnie odwiedzaj\u0105cym to miejsce<\/em> <\/p><\/blockquote>\n<p>&#8211; dodaj\u0105 autorzy. <\/p>\n<p>Gdy wcze\u015bniej pytali\u015bmy o t\u0119 spraw\u0119 miasta, magistrat informowa\u0142, \u017ce we wskazanym rejonie stra\u017c miejska prowadzi intensywne czynno\u015bci porz\u0105dkowe, zapewniono nas te\u017c, \u017ce podj\u0119te zostan\u0105 dzia\u0142ania w celu zapobiegania takim sytuacjom. Mieszka\u0144cy dzielnicy Baildona wskazuj\u0105, \u017ce samo zaanga\u017cowanie stra\u017cnik\u00f3w nie przyniesie po\u017c\u0105danego efektu. Zamiast tego oczekuj\u0105 natychmiastowego rozwi\u0105zania tego problemu, poprzez ka\u017cdorazowe zamykanie ulic wskazanych na wst\u0119pie, tak jak ma to miejsce w przypadku cz\u0119\u015bci dzielnicy Podlesie, podczas mecz\u00f3w Piasta Gliwice. <\/p>\n<p><a href=\"https:\/\/www.24gliwice.pl\/wiadomosci\/wp-content\/uploads\/2024\/01\/baildona-parkowanie.jpg\"><img loading=\"lazy\" decoding=\"async\" src=\"https:\/\/www.24gliwice.pl\/wiadomosci\/wp-content\/uploads\/2024\/01\/baildona-parkowanie.jpg\" alt=\"\" width=\"1200\" height=\"675\" class=\"alignnone size-full wp-image-229567\" srcset=\"https:\/\/www.24gliwice.pl\/wiadomosci\/wp-content\/uploads\/2024\/01\/baildona-parkowanie.jpg 1200w, https:\/\/www.24gliwice.pl\/wiadomosci\/wp-content\/uploads\/2024\/01\/baildona-parkowanie-410x232.jpg 410w, https:\/\/www.24gliwice.pl\/wiadomosci\/wp-content\/uploads\/2024\/01\/baildona-parkowanie-810x456.jpg 810w, https:\/\/www.24gliwice.pl\/wiadomosci\/wp-content\/uploads\/2024\/01\/baildona-parkowanie-768x432.jpg 768w, https:\/\/www.24gliwice.pl\/wiadomosci\/wp-content\/uploads\/2024\/01\/baildona-parkowanie-1140x641.jpg 1140w\" sizes=\"auto, (max-width: 1200px) 100vw, 1200px\" \/><\/a><\/p>\n<p>Pismo z petycj\u0105 zosta\u0142o z\u0142o\u017cone do prezydenta Gliwic. Do\u0142\u0105czono do niego listy poparcia mieszka\u0144c\u00f3w (6 stron) i opini\u0119 Rady Dzielnicy. Teraz urz\u0119dnicy maj\u0105 3 miesi\u0105ce na zapoznanie si\u0119 z postulatem, zawartym w dokumencie i udzielenie odpowiedzi. <\/p>\n<p>(\u017cms)<\/p>\n<p><a href=\"https:\/\/www.24gliwice.pl\/wiadomosci\/wp-content\/uploads\/2024\/01\/baildona-parkowanie2.jpg\"><img loading=\"lazy\" decoding=\"async\" src=\"https:\/\/www.24gliwice.pl\/wiadomosci\/wp-content\/uploads\/2024\/01\/baildona-parkowanie2.jpg\" alt=\"\" width=\"1200\" height=\"675\" class=\"alignnone size-full wp-image-229568\" srcset=\"https:\/\/www.24gliwice.pl\/wiadomosci\/wp-content\/uploads\/2024\/01\/baildona-parkowanie2.jpg 1200w, https:\/\/www.24gliwice.pl\/wiadomosci\/wp-content\/uploads\/2024\/01\/baildona-parkowanie2-410x232.jpg 410w, https:\/\/www.24gliwice.pl\/wiadomosci\/wp-content\/uploads\/2024\/01\/baildona-parkowanie2-810x456.jpg 810w, https:\/\/www.24gliwice.pl\/wiadomosci\/wp-content\/uploads\/2024\/01\/baildona-parkowanie2-768x432.jpg 768w, https:\/\/www.24gliwice.pl\/wiadomosci\/wp-content\/uploads\/2024\/01\/baildona-parkowanie2-1140x641.jpg 1140w\" sizes=\"auto, (max-width: 1200px) 100vw, 1200px\" \/><\/a><\/p>\n<div class=\"gliwi-a5-na-koncu-artykulow gliwi-entity-placement\" id=\"gliwi-3838805733\"><div class=\"gliwi-adlabel\"><span style=\"font-size: 9px\">REKLAMA<\/span><\/div><div id=\"gliwi-1936427532\" style=\"margin-left: auto;margin-right: auto;text-align: center;\"><a data-no-instant=\"1\" href=\"https:\/\/prezeroarenagliwice.pl\/\" rel=\"noopener\" class=\"a2t-link\" target=\"_blank\" aria-label=\"20260309-PREZERO-WIOSNA-D\"><img loading=\"lazy\" decoding=\"async\" src=\"https:\/\/www.24gliwice.pl\/wiadomosci\/wp-content\/uploads\/2026\/03\/20260309-PREZERO-WIOSNA-D.webp\" alt=\"\"  srcset=\"https:\/\/www.24gliwice.pl\/wiadomosci\/wp-content\/uploads\/2026\/03\/20260309-PREZERO-WIOSNA-D.webp 750w, https:\/\/www.24gliwice.pl\/wiadomosci\/wp-content\/uploads\/2026\/03\/20260309-PREZERO-WIOSNA-D-410x109.webp 410w\" sizes=\"(max-width: 750px) 100vw, 750px\" class=\"no-lazyload\" width=\"750\" height=\"200\"  style=\"display: inline-block; max-width: 100%; height: auto;\" \/><\/a><\/div><\/div>","protected":false},"excerpt":{"rendered":"<p>Mieszka\u0144cy w dzielnicy Baildona skar\u017c\u0105 si\u0119 na problemy z przyjezdnymi kierowcami w czasie koncert\u00f3w w hali PreZero Arena. Do prezydenta Gliwic trafi\u0142a petycja o zamykanie ulic na czas organizowanych w hali imprez. &nbsp; O sprawie pisali\u015bmy ju\u017c wcze\u015bniej, gdy w mediach spo\u0142eczno\u015bciowych opublikowane zosta\u0142y zdj\u0119cia i nagrania prezentuj\u0105ce, jak ten rejon Gliwic wygl\u0105da\u0142 podczas koncertu [&hellip;]<\/p>\n","protected":false},"author":15,"featured_media":229563,"comment_status":"open","ping_status":"closed","sticky":false,"template":"","format":"standard","meta":{"_monsterinsights_skip_tracking":false,"_monsterinsights_sitenote_active":false,"_monsterinsights_sitenote_note":"","_monsterinsights_sitenote_category":0,"footnotes":"","_links_to":"","_links_to_target":""},"categories":[3,1,9],"tags":[3077,13773],"class_list":["post-229560","post","type-post","status-publish","format-standard","has-post-thumbnail","hentry","category-gliwice","category-wszystko","category-aktualnosci_lokalne","tag-arena-gliwice","tag-baildona"],"yoast_head":"<!-- This site is optimized with the Yoast SEO plugin v27.4 - https:\/\/yoast.com\/product\/yoast-seo-wordpress\/ -->\n<title>Mieszka\u0144cy chc\u0105 zamykania ulic na czas koncert\u00f3w. &quot;Zwracamy si\u0119 o przywr\u00f3cenie porz\u0105dku&quot; - 24GLIWICE - Portal Gliwice | codziennie nowe informacje<\/title>\n<meta name=\"description\" content=\"Mieszka\u0144cy dzielnicy Baildona chc\u0105 zamykania ulic na czas imprez w hali PreZero Arena Gliwice. Z\u0142o\u017cyli petycj\u0119 do prezydenta miasta\" \/>\n<meta name=\"robots\" content=\"index, follow, max-snippet:-1, max-image-preview:large, max-video-preview:-1\" \/>\n<link rel=\"canonical\" href=\"https:\/\/www.24gliwice.pl\/wiadomosci\/mieszkancy-chca-zamykania-ulic-na-czas-koncertow-zwracamy-sie-o-przywrocenie-porzadku\/\" \/>\n<meta property=\"og:locale\" content=\"pl_PL\" \/>\n<meta property=\"og:type\" content=\"article\" \/>\n<meta property=\"og:title\" content=\"Mieszka\u0144cy chc\u0105 zamykania ulic na czas koncert\u00f3w. &quot;Zwracamy si\u0119 o przywr\u00f3cenie porz\u0105dku&quot; - 24GLIWICE - Portal Gliwice | codziennie nowe informacje\" \/>\n<meta property=\"og:description\" content=\"Mieszka\u0144cy dzielnicy Baildona chc\u0105 zamykania ulic na czas imprez w hali PreZero Arena Gliwice. Z\u0142o\u017cyli petycj\u0119 do prezydenta miasta\" \/>\n<meta property=\"og:url\" content=\"https:\/\/www.24gliwice.pl\/wiadomosci\/mieszkancy-chca-zamykania-ulic-na-czas-koncertow-zwracamy-sie-o-przywrocenie-porzadku\/\" \/>\n<meta property=\"og:site_name\" content=\"24GLIWICE - Portal Gliwice | codziennie nowe informacje\" \/>\n<meta property=\"article:publisher\" content=\"https:\/\/www.facebook.com\/24gliwice\" \/>\n<meta property=\"article:published_time\" content=\"2024-02-02T05:15:20+00:00\" \/>\n<meta property=\"article:modified_time\" content=\"2024-02-04T02:37:49+00:00\" \/>\n<meta property=\"og:image\" content=\"https:\/\/www.24gliwice.pl\/wiadomosci\/wp-content\/uploads\/2024\/01\/Przechwytywanie-w-trybie-pelnoekranowym-31.01.2024-142724.bmp.jpg\" \/>\n\t<meta property=\"og:image:width\" content=\"759\" \/>\n\t<meta property=\"og:image:height\" content=\"426\" \/>\n\t<meta property=\"og:image:type\" content=\"image\/jpeg\" \/>\n<meta name=\"author\" content=\"\u017baneta Mrozek-Siewierska\" \/>\n<meta name=\"twitter:card\" content=\"summary_large_image\" \/>\n<meta name=\"twitter:creator\" content=\"@24gliwice\" \/>\n<meta name=\"twitter:site\" content=\"@24gliwice\" \/>\n<meta name=\"twitter:label1\" content=\"Napisane przez\" \/>\n\t<meta name=\"twitter:data1\" content=\"\u017baneta Mrozek-Siewierska\" \/>\n\t<meta name=\"twitter:label2\" content=\"Szacowany czas czytania\" \/>\n\t<meta name=\"twitter:data2\" content=\"3 minuty\" \/>\n<script type=\"application\/ld+json\" class=\"yoast-schema-graph\">{\"@context\":\"https:\\\/\\\/schema.org\",\"@graph\":[{\"@type\":\"Article\",\"@id\":\"https:\\\/\\\/www.24gliwice.pl\\\/wiadomosci\\\/mieszkancy-chca-zamykania-ulic-na-czas-koncertow-zwracamy-sie-o-przywrocenie-porzadku\\\/#article\",\"isPartOf\":{\"@id\":\"https:\\\/\\\/www.24gliwice.pl\\\/wiadomosci\\\/mieszkancy-chca-zamykania-ulic-na-czas-koncertow-zwracamy-sie-o-przywrocenie-porzadku\\\/\"},\"author\":{\"name\":\"\u017baneta Mrozek-Siewierska\",\"@id\":\"https:\\\/\\\/www.24gliwice.pl\\\/wiadomosci\\\/#\\\/schema\\\/person\\\/e42c650edd7f2fa332be3811fb166b6e\"},\"headline\":\"Mieszka\u0144cy chc\u0105 zamykania ulic na czas koncert\u00f3w. &#8220;Zwracamy si\u0119 o przywr\u00f3cenie porz\u0105dku&#8221;\",\"datePublished\":\"2024-02-02T05:15:20+00:00\",\"dateModified\":\"2024-02-04T02:37:49+00:00\",\"mainEntityOfPage\":{\"@id\":\"https:\\\/\\\/www.24gliwice.pl\\\/wiadomosci\\\/mieszkancy-chca-zamykania-ulic-na-czas-koncertow-zwracamy-sie-o-przywrocenie-porzadku\\\/\"},\"wordCount\":421,\"commentCount\":0,\"publisher\":{\"@id\":\"https:\\\/\\\/www.24gliwice.pl\\\/wiadomosci\\\/#organization\"},\"image\":{\"@id\":\"https:\\\/\\\/www.24gliwice.pl\\\/wiadomosci\\\/mieszkancy-chca-zamykania-ulic-na-czas-koncertow-zwracamy-sie-o-przywrocenie-porzadku\\\/#primaryimage\"},\"thumbnailUrl\":\"https:\\\/\\\/www.24gliwice.pl\\\/wiadomosci\\\/wp-content\\\/uploads\\\/2024\\\/01\\\/Przechwytywanie-w-trybie-pelnoekranowym-31.01.2024-142724.bmp.jpg\",\"keywords\":[\"ARENA GLIWICE\",\"baildona\"],\"articleSection\":[\"Gliwice\",\"Najnowsze wiadomo\u015bci\",\"Portal Gliwice - Wiadomo\u015bci lokalne\"],\"inLanguage\":\"pl-PL\",\"potentialAction\":[{\"@type\":\"CommentAction\",\"name\":\"Comment\",\"target\":[\"https:\\\/\\\/www.24gliwice.pl\\\/wiadomosci\\\/mieszkancy-chca-zamykania-ulic-na-czas-koncertow-zwracamy-sie-o-przywrocenie-porzadku\\\/#respond\"]}]},{\"@type\":\"WebPage\",\"@id\":\"https:\\\/\\\/www.24gliwice.pl\\\/wiadomosci\\\/mieszkancy-chca-zamykania-ulic-na-czas-koncertow-zwracamy-sie-o-przywrocenie-porzadku\\\/\",\"url\":\"https:\\\/\\\/www.24gliwice.pl\\\/wiadomosci\\\/mieszkancy-chca-zamykania-ulic-na-czas-koncertow-zwracamy-sie-o-przywrocenie-porzadku\\\/\",\"name\":\"Mieszka\u0144cy chc\u0105 zamykania ulic na czas koncert\u00f3w. \\\"Zwracamy si\u0119 o przywr\u00f3cenie porz\u0105dku\\\" - 24GLIWICE - Portal Gliwice | codziennie nowe informacje\",\"isPartOf\":{\"@id\":\"https:\\\/\\\/www.24gliwice.pl\\\/wiadomosci\\\/#website\"},\"primaryImageOfPage\":{\"@id\":\"https:\\\/\\\/www.24gliwice.pl\\\/wiadomosci\\\/mieszkancy-chca-zamykania-ulic-na-czas-koncertow-zwracamy-sie-o-przywrocenie-porzadku\\\/#primaryimage\"},\"image\":{\"@id\":\"https:\\\/\\\/www.24gliwice.pl\\\/wiadomosci\\\/mieszkancy-chca-zamykania-ulic-na-czas-koncertow-zwracamy-sie-o-przywrocenie-porzadku\\\/#primaryimage\"},\"thumbnailUrl\":\"https:\\\/\\\/www.24gliwice.pl\\\/wiadomosci\\\/wp-content\\\/uploads\\\/2024\\\/01\\\/Przechwytywanie-w-trybie-pelnoekranowym-31.01.2024-142724.bmp.jpg\",\"datePublished\":\"2024-02-02T05:15:20+00:00\",\"dateModified\":\"2024-02-04T02:37:49+00:00\",\"description\":\"Mieszka\u0144cy dzielnicy Baildona chc\u0105 zamykania ulic na czas imprez w hali PreZero Arena Gliwice. Z\u0142o\u017cyli petycj\u0119 do prezydenta miasta\",\"breadcrumb\":{\"@id\":\"https:\\\/\\\/www.24gliwice.pl\\\/wiadomosci\\\/mieszkancy-chca-zamykania-ulic-na-czas-koncertow-zwracamy-sie-o-przywrocenie-porzadku\\\/#breadcrumb\"},\"inLanguage\":\"pl-PL\",\"potentialAction\":[{\"@type\":\"ReadAction\",\"target\":[\"https:\\\/\\\/www.24gliwice.pl\\\/wiadomosci\\\/mieszkancy-chca-zamykania-ulic-na-czas-koncertow-zwracamy-sie-o-przywrocenie-porzadku\\\/\"]}]},{\"@type\":\"ImageObject\",\"inLanguage\":\"pl-PL\",\"@id\":\"https:\\\/\\\/www.24gliwice.pl\\\/wiadomosci\\\/mieszkancy-chca-zamykania-ulic-na-czas-koncertow-zwracamy-sie-o-przywrocenie-porzadku\\\/#primaryimage\",\"url\":\"https:\\\/\\\/www.24gliwice.pl\\\/wiadomosci\\\/wp-content\\\/uploads\\\/2024\\\/01\\\/Przechwytywanie-w-trybie-pelnoekranowym-31.01.2024-142724.bmp.jpg\",\"contentUrl\":\"https:\\\/\\\/www.24gliwice.pl\\\/wiadomosci\\\/wp-content\\\/uploads\\\/2024\\\/01\\\/Przechwytywanie-w-trybie-pelnoekranowym-31.01.2024-142724.bmp.jpg\",\"width\":759,\"height\":426},{\"@type\":\"BreadcrumbList\",\"@id\":\"https:\\\/\\\/www.24gliwice.pl\\\/wiadomosci\\\/mieszkancy-chca-zamykania-ulic-na-czas-koncertow-zwracamy-sie-o-przywrocenie-porzadku\\\/#breadcrumb\",\"itemListElement\":[{\"@type\":\"ListItem\",\"position\":1,\"name\":\"Strona g\u0142\u00f3wna\",\"item\":\"https:\\\/\\\/www.24gliwice.pl\\\/wiadomosci\\\/\"},{\"@type\":\"ListItem\",\"position\":2,\"name\":\"Mieszka\u0144cy chc\u0105 zamykania ulic na czas koncert\u00f3w. &#8222;Zwracamy si\u0119 o przywr\u00f3cenie porz\u0105dku&#8221;\"}]},{\"@type\":\"WebSite\",\"@id\":\"https:\\\/\\\/www.24gliwice.pl\\\/wiadomosci\\\/#website\",\"url\":\"https:\\\/\\\/www.24gliwice.pl\\\/wiadomosci\\\/\",\"name\":\"24GLIWICE - Portal Gliwice | codziennie nowe wiadomo\u015bci\",\"description\":\"Portal Miejski Gliwice\",\"publisher\":{\"@id\":\"https:\\\/\\\/www.24gliwice.pl\\\/wiadomosci\\\/#organization\"},\"potentialAction\":[{\"@type\":\"SearchAction\",\"target\":{\"@type\":\"EntryPoint\",\"urlTemplate\":\"https:\\\/\\\/www.24gliwice.pl\\\/wiadomosci\\\/?s={search_term_string}\"},\"query-input\":{\"@type\":\"PropertyValueSpecification\",\"valueRequired\":true,\"valueName\":\"search_term_string\"}}],\"inLanguage\":\"pl-PL\"},{\"@type\":\"Organization\",\"@id\":\"https:\\\/\\\/www.24gliwice.pl\\\/wiadomosci\\\/#organization\",\"name\":\"24gliwice\",\"url\":\"https:\\\/\\\/www.24gliwice.pl\\\/wiadomosci\\\/\",\"logo\":{\"@type\":\"ImageObject\",\"inLanguage\":\"pl-PL\",\"@id\":\"https:\\\/\\\/www.24gliwice.pl\\\/wiadomosci\\\/#\\\/schema\\\/logo\\\/image\\\/\",\"url\":\"https:\\\/\\\/www.24gliwice.pl\\\/wiadomosci\\\/wp-content\\\/uploads\\\/2024\\\/10\\\/24gliwice-logo-696.jpg\",\"contentUrl\":\"https:\\\/\\\/www.24gliwice.pl\\\/wiadomosci\\\/wp-content\\\/uploads\\\/2024\\\/10\\\/24gliwice-logo-696.jpg\",\"width\":696,\"height\":696,\"caption\":\"24gliwice\"},\"image\":{\"@id\":\"https:\\\/\\\/www.24gliwice.pl\\\/wiadomosci\\\/#\\\/schema\\\/logo\\\/image\\\/\"},\"sameAs\":[\"https:\\\/\\\/www.facebook.com\\\/24gliwice\",\"https:\\\/\\\/x.com\\\/24gliwice\",\"https:\\\/\\\/www.youtube.com\\\/@24gliwice\"]},{\"@type\":\"Person\",\"@id\":\"https:\\\/\\\/www.24gliwice.pl\\\/wiadomosci\\\/#\\\/schema\\\/person\\\/e42c650edd7f2fa332be3811fb166b6e\",\"name\":\"\u017baneta Mrozek-Siewierska\",\"image\":{\"@type\":\"ImageObject\",\"inLanguage\":\"pl-PL\",\"@id\":\"https:\\\/\\\/www.24gliwice.pl\\\/wiadomosci\\\/wp-content\\\/uploads\\\/2021\\\/11\\\/Zaneta-M_S-zdjecie-czb-96x96.jpg\",\"url\":\"https:\\\/\\\/www.24gliwice.pl\\\/wiadomosci\\\/wp-content\\\/uploads\\\/2021\\\/11\\\/Zaneta-M_S-zdjecie-czb-96x96.jpg\",\"contentUrl\":\"https:\\\/\\\/www.24gliwice.pl\\\/wiadomosci\\\/wp-content\\\/uploads\\\/2021\\\/11\\\/Zaneta-M_S-zdjecie-czb-96x96.jpg\",\"caption\":\"\u017baneta Mrozek-Siewierska\"},\"url\":\"https:\\\/\\\/www.24gliwice.pl\\\/wiadomosci\\\/author\\\/zms\\\/\"}]}<\/script>\n<!-- \/ Yoast SEO plugin. -->","yoast_head_json":{"title":"Mieszka\u0144cy chc\u0105 zamykania ulic na czas koncert\u00f3w. \"Zwracamy si\u0119 o przywr\u00f3cenie porz\u0105dku\" - 24GLIWICE - Portal Gliwice | codziennie nowe informacje","description":"Mieszka\u0144cy dzielnicy Baildona chc\u0105 zamykania ulic na czas imprez w hali PreZero Arena Gliwice. Z\u0142o\u017cyli petycj\u0119 do prezydenta miasta","robots":{"index":"index","follow":"follow","max-snippet":"max-snippet:-1","max-image-preview":"max-image-preview:large","max-video-preview":"max-video-preview:-1"},"canonical":"https:\/\/www.24gliwice.pl\/wiadomosci\/mieszkancy-chca-zamykania-ulic-na-czas-koncertow-zwracamy-sie-o-przywrocenie-porzadku\/","og_locale":"pl_PL","og_type":"article","og_title":"Mieszka\u0144cy chc\u0105 zamykania ulic na czas koncert\u00f3w. \"Zwracamy si\u0119 o przywr\u00f3cenie porz\u0105dku\" - 24GLIWICE - Portal Gliwice | codziennie nowe informacje","og_description":"Mieszka\u0144cy dzielnicy Baildona chc\u0105 zamykania ulic na czas imprez w hali PreZero Arena Gliwice. Z\u0142o\u017cyli petycj\u0119 do prezydenta miasta","og_url":"https:\/\/www.24gliwice.pl\/wiadomosci\/mieszkancy-chca-zamykania-ulic-na-czas-koncertow-zwracamy-sie-o-przywrocenie-porzadku\/","og_site_name":"24GLIWICE - Portal Gliwice | codziennie nowe informacje","article_publisher":"https:\/\/www.facebook.com\/24gliwice","article_published_time":"2024-02-02T05:15:20+00:00","article_modified_time":"2024-02-04T02:37:49+00:00","og_image":[{"width":759,"height":426,"url":"https:\/\/www.24gliwice.pl\/wiadomosci\/wp-content\/uploads\/2024\/01\/Przechwytywanie-w-trybie-pelnoekranowym-31.01.2024-142724.bmp.jpg","type":"image\/jpeg"}],"author":"\u017baneta Mrozek-Siewierska","twitter_card":"summary_large_image","twitter_creator":"@24gliwice","twitter_site":"@24gliwice","twitter_misc":{"Napisane przez":"\u017baneta Mrozek-Siewierska","Szacowany czas czytania":"3 minuty"},"schema":{"@context":"https:\/\/schema.org","@graph":[{"@type":"Article","@id":"https:\/\/www.24gliwice.pl\/wiadomosci\/mieszkancy-chca-zamykania-ulic-na-czas-koncertow-zwracamy-sie-o-przywrocenie-porzadku\/#article","isPartOf":{"@id":"https:\/\/www.24gliwice.pl\/wiadomosci\/mieszkancy-chca-zamykania-ulic-na-czas-koncertow-zwracamy-sie-o-przywrocenie-porzadku\/"},"author":{"name":"\u017baneta Mrozek-Siewierska","@id":"https:\/\/www.24gliwice.pl\/wiadomosci\/#\/schema\/person\/e42c650edd7f2fa332be3811fb166b6e"},"headline":"Mieszka\u0144cy chc\u0105 zamykania ulic na czas koncert\u00f3w. &#8220;Zwracamy si\u0119 o przywr\u00f3cenie porz\u0105dku&#8221;","datePublished":"2024-02-02T05:15:20+00:00","dateModified":"2024-02-04T02:37:49+00:00","mainEntityOfPage":{"@id":"https:\/\/www.24gliwice.pl\/wiadomosci\/mieszkancy-chca-zamykania-ulic-na-czas-koncertow-zwracamy-sie-o-przywrocenie-porzadku\/"},"wordCount":421,"commentCount":0,"publisher":{"@id":"https:\/\/www.24gliwice.pl\/wiadomosci\/#organization"},"image":{"@id":"https:\/\/www.24gliwice.pl\/wiadomosci\/mieszkancy-chca-zamykania-ulic-na-czas-koncertow-zwracamy-sie-o-przywrocenie-porzadku\/#primaryimage"},"thumbnailUrl":"https:\/\/www.24gliwice.pl\/wiadomosci\/wp-content\/uploads\/2024\/01\/Przechwytywanie-w-trybie-pelnoekranowym-31.01.2024-142724.bmp.jpg","keywords":["ARENA GLIWICE","baildona"],"articleSection":["Gliwice","Najnowsze wiadomo\u015bci","Portal Gliwice - Wiadomo\u015bci lokalne"],"inLanguage":"pl-PL","potentialAction":[{"@type":"CommentAction","name":"Comment","target":["https:\/\/www.24gliwice.pl\/wiadomosci\/mieszkancy-chca-zamykania-ulic-na-czas-koncertow-zwracamy-sie-o-przywrocenie-porzadku\/#respond"]}]},{"@type":"WebPage","@id":"https:\/\/www.24gliwice.pl\/wiadomosci\/mieszkancy-chca-zamykania-ulic-na-czas-koncertow-zwracamy-sie-o-przywrocenie-porzadku\/","url":"https:\/\/www.24gliwice.pl\/wiadomosci\/mieszkancy-chca-zamykania-ulic-na-czas-koncertow-zwracamy-sie-o-przywrocenie-porzadku\/","name":"Mieszka\u0144cy chc\u0105 zamykania ulic na czas koncert\u00f3w. \"Zwracamy si\u0119 o przywr\u00f3cenie porz\u0105dku\" - 24GLIWICE - Portal Gliwice | codziennie nowe informacje","isPartOf":{"@id":"https:\/\/www.24gliwice.pl\/wiadomosci\/#website"},"primaryImageOfPage":{"@id":"https:\/\/www.24gliwice.pl\/wiadomosci\/mieszkancy-chca-zamykania-ulic-na-czas-koncertow-zwracamy-sie-o-przywrocenie-porzadku\/#primaryimage"},"image":{"@id":"https:\/\/www.24gliwice.pl\/wiadomosci\/mieszkancy-chca-zamykania-ulic-na-czas-koncertow-zwracamy-sie-o-przywrocenie-porzadku\/#primaryimage"},"thumbnailUrl":"https:\/\/www.24gliwice.pl\/wiadomosci\/wp-content\/uploads\/2024\/01\/Przechwytywanie-w-trybie-pelnoekranowym-31.01.2024-142724.bmp.jpg","datePublished":"2024-02-02T05:15:20+00:00","dateModified":"2024-02-04T02:37:49+00:00","description":"Mieszka\u0144cy dzielnicy Baildona chc\u0105 zamykania ulic na czas imprez w hali PreZero Arena Gliwice. Z\u0142o\u017cyli petycj\u0119 do prezydenta miasta","breadcrumb":{"@id":"https:\/\/www.24gliwice.pl\/wiadomosci\/mieszkancy-chca-zamykania-ulic-na-czas-koncertow-zwracamy-sie-o-przywrocenie-porzadku\/#breadcrumb"},"inLanguage":"pl-PL","potentialAction":[{"@type":"ReadAction","target":["https:\/\/www.24gliwice.pl\/wiadomosci\/mieszkancy-chca-zamykania-ulic-na-czas-koncertow-zwracamy-sie-o-przywrocenie-porzadku\/"]}]},{"@type":"ImageObject","inLanguage":"pl-PL","@id":"https:\/\/www.24gliwice.pl\/wiadomosci\/mieszkancy-chca-zamykania-ulic-na-czas-koncertow-zwracamy-sie-o-przywrocenie-porzadku\/#primaryimage","url":"https:\/\/www.24gliwice.pl\/wiadomosci\/wp-content\/uploads\/2024\/01\/Przechwytywanie-w-trybie-pelnoekranowym-31.01.2024-142724.bmp.jpg","contentUrl":"https:\/\/www.24gliwice.pl\/wiadomosci\/wp-content\/uploads\/2024\/01\/Przechwytywanie-w-trybie-pelnoekranowym-31.01.2024-142724.bmp.jpg","width":759,"height":426},{"@type":"BreadcrumbList","@id":"https:\/\/www.24gliwice.pl\/wiadomosci\/mieszkancy-chca-zamykania-ulic-na-czas-koncertow-zwracamy-sie-o-przywrocenie-porzadku\/#breadcrumb","itemListElement":[{"@type":"ListItem","position":1,"name":"Strona g\u0142\u00f3wna","item":"https:\/\/www.24gliwice.pl\/wiadomosci\/"},{"@type":"ListItem","position":2,"name":"Mieszka\u0144cy chc\u0105 zamykania ulic na czas koncert\u00f3w. &#8222;Zwracamy si\u0119 o przywr\u00f3cenie porz\u0105dku&#8221;"}]},{"@type":"WebSite","@id":"https:\/\/www.24gliwice.pl\/wiadomosci\/#website","url":"https:\/\/www.24gliwice.pl\/wiadomosci\/","name":"24GLIWICE - Portal Gliwice | codziennie nowe wiadomo\u015bci","description":"Portal Miejski Gliwice","publisher":{"@id":"https:\/\/www.24gliwice.pl\/wiadomosci\/#organization"},"potentialAction":[{"@type":"SearchAction","target":{"@type":"EntryPoint","urlTemplate":"https:\/\/www.24gliwice.pl\/wiadomosci\/?s={search_term_string}"},"query-input":{"@type":"PropertyValueSpecification","valueRequired":true,"valueName":"search_term_string"}}],"inLanguage":"pl-PL"},{"@type":"Organization","@id":"https:\/\/www.24gliwice.pl\/wiadomosci\/#organization","name":"24gliwice","url":"https:\/\/www.24gliwice.pl\/wiadomosci\/","logo":{"@type":"ImageObject","inLanguage":"pl-PL","@id":"https:\/\/www.24gliwice.pl\/wiadomosci\/#\/schema\/logo\/image\/","url":"https:\/\/www.24gliwice.pl\/wiadomosci\/wp-content\/uploads\/2024\/10\/24gliwice-logo-696.jpg","contentUrl":"https:\/\/www.24gliwice.pl\/wiadomosci\/wp-content\/uploads\/2024\/10\/24gliwice-logo-696.jpg","width":696,"height":696,"caption":"24gliwice"},"image":{"@id":"https:\/\/www.24gliwice.pl\/wiadomosci\/#\/schema\/logo\/image\/"},"sameAs":["https:\/\/www.facebook.com\/24gliwice","https:\/\/x.com\/24gliwice","https:\/\/www.youtube.com\/@24gliwice"]},{"@type":"Person","@id":"https:\/\/www.24gliwice.pl\/wiadomosci\/#\/schema\/person\/e42c650edd7f2fa332be3811fb166b6e","name":"\u017baneta Mrozek-Siewierska","image":{"@type":"ImageObject","inLanguage":"pl-PL","@id":"https:\/\/www.24gliwice.pl\/wiadomosci\/wp-content\/uploads\/2021\/11\/Zaneta-M_S-zdjecie-czb-96x96.jpg","url":"https:\/\/www.24gliwice.pl\/wiadomosci\/wp-content\/uploads\/2021\/11\/Zaneta-M_S-zdjecie-czb-96x96.jpg","contentUrl":"https:\/\/www.24gliwice.pl\/wiadomosci\/wp-content\/uploads\/2021\/11\/Zaneta-M_S-zdjecie-czb-96x96.jpg","caption":"\u017baneta Mrozek-Siewierska"},"url":"https:\/\/www.24gliwice.pl\/wiadomosci\/author\/zms\/"}]}},"_links":{"self":[{"href":"https:\/\/www.24gliwice.pl\/wiadomosci\/wp-json\/wp\/v2\/posts\/229560","targetHints":{"allow":["GET"]}}],"collection":[{"href":"https:\/\/www.24gliwice.pl\/wiadomosci\/wp-json\/wp\/v2\/posts"}],"about":[{"href":"https:\/\/www.24gliwice.pl\/wiadomosci\/wp-json\/wp\/v2\/types\/post"}],"author":[{"embeddable":true,"href":"https:\/\/www.24gliwice.pl\/wiadomosci\/wp-json\/wp\/v2\/users\/15"}],"replies":[{"embeddable":true,"href":"https:\/\/www.24gliwice.pl\/wiadomosci\/wp-json\/wp\/v2\/comments?post=229560"}],"version-history":[{"count":10,"href":"https:\/\/www.24gliwice.pl\/wiadomosci\/wp-json\/wp\/v2\/posts\/229560\/revisions"}],"predecessor-version":[{"id":229681,"href":"https:\/\/www.24gliwice.pl\/wiadomosci\/wp-json\/wp\/v2\/posts\/229560\/revisions\/229681"}],"wp:featuredmedia":[{"embeddable":true,"href":"https:\/\/www.24gliwice.pl\/wiadomosci\/wp-json\/wp\/v2\/media\/229563"}],"wp:attachment":[{"href":"https:\/\/www.24gliwice.pl\/wiadomosci\/wp-json\/wp\/v2\/media?parent=229560"}],"wp:term":[{"taxonomy":"category","embeddable":true,"href":"https:\/\/www.24gliwice.pl\/wiadomosci\/wp-json\/wp\/v2\/categories?post=229560"},{"taxonomy":"post_tag","embeddable":true,"href":"https:\/\/www.24gliwice.pl\/wiadomosci\/wp-json\/wp\/v2\/tags?post=229560"}],"curies":[{"name":"wp","href":"https:\/\/api.w.org\/{rel}","templated":true}]}}