{"id":230281,"date":"2024-02-13T03:02:06","date_gmt":"2024-02-13T02:02:06","guid":{"rendered":"https:\/\/www.24gliwice.pl\/wiadomosci\/?p=230281"},"modified":"2024-02-13T03:02:06","modified_gmt":"2024-02-13T02:02:06","slug":"co-moze-powstac-na-terenie-obok-ch-europa-centralna-cene-nieruchomosci-obnizono-o-kilka-milionow-zlotych","status":"publish","type":"post","link":"https:\/\/www.24gliwice.pl\/wiadomosci\/co-moze-powstac-na-terenie-obok-ch-europa-centralna-cene-nieruchomosci-obnizono-o-kilka-milionow-zlotych\/","title":{"rendered":"Co mo\u017ce powsta\u0107 na terenie obok CH Europa Centralna? Cen\u0119 nieruchomo\u015bci obni\u017cono o kilka milion\u00f3w z\u0142otych"},"content":{"rendered":"<div class=\"gliwi-a6-nad-leadem-artykulow gliwi-entity-placement\" id=\"gliwi-2386815047\"><div class=\"gliwi-adlabel\"><span style=\"font-size: 9px\">REKLAMA<\/span><\/div><div id=\"gliwi-2848079822\" style=\"margin-bottom: 25px;margin-left: auto;margin-right: auto;text-align: center;\"><a data-no-instant=\"1\" href=\"https:\/\/dom100.eu\/\" rel=\"noopener\" class=\"a2t-link\" target=\"_blank\" aria-label=\"20260415 DOM100 D\"><img loading=\"lazy\" decoding=\"async\" src=\"https:\/\/www.24gliwice.pl\/wiadomosci\/wp-content\/uploads\/2026\/04\/20260415-DOM100-D.jpg\" alt=\"\"  srcset=\"https:\/\/www.24gliwice.pl\/wiadomosci\/wp-content\/uploads\/2026\/04\/20260415-DOM100-D.jpg 750w, https:\/\/www.24gliwice.pl\/wiadomosci\/wp-content\/uploads\/2026\/04\/20260415-DOM100-D-410x109.jpg 410w\" sizes=\"(max-width: 750px) 100vw, 750px\" class=\"no-lazyload\" width=\"750\" height=\"200\"  style=\"display: inline-block; max-width: 100%; height: auto;\" \/><\/a><\/div><\/div><h2>Nale\u017c\u0105ce do miasta tereny inwestycyjne przy w\u0119\u017ale autostradowym w So\u015bnicy ponownie wystawiono na sprzeda\u017c. Pr\u00f3by ich zbycia podejmowane by\u0142y ju\u017c w poprzednich latach, najwyra\u017aniej nieskuteczne. W bie\u017c\u0105cym podej\u015bciu cen\u0119 wywo\u0142awcz\u0105 nieruchomo\u015bci obni\u017cono z 20 na 13 mln z\u0142. Czy teraz znajd\u0105 si\u0119 ch\u0119tni na zagospodarowanie dzia\u0142ek?<\/h2>\n<p>&nbsp;<br \/>\nGrunty te znajduj\u0105 si\u0119 obok centrum handlowego Europa Centralna. Na nieruchomo\u015b\u0107 sk\u0142ada si\u0119 sze\u015b\u0107 dzia\u0142ek &#8211; 537\/(1\/2\/3) i 538\/(1\/2\/3) w obr. Ligota Zabrska, tworz\u0105cych razem kszta\u0142t zbli\u017cony do prostok\u0105ta, o \u0142\u0105cznej powierzchni blisko 2,3 ha. <\/p>\n<p><a href=\"https:\/\/www.24gliwice.pl\/wiadomosci\/wp-content\/uploads\/2024\/02\/Zrzut-ekranu-2024-02-12-165305.jpg\"><img loading=\"lazy\" decoding=\"async\" src=\"https:\/\/www.24gliwice.pl\/wiadomosci\/wp-content\/uploads\/2024\/02\/Zrzut-ekranu-2024-02-12-165305.jpg\" alt=\"\" width=\"810\" height=\"456\" class=\"alignnone size-full wp-image-230292\" srcset=\"https:\/\/www.24gliwice.pl\/wiadomosci\/wp-content\/uploads\/2024\/02\/Zrzut-ekranu-2024-02-12-165305.jpg 810w, https:\/\/www.24gliwice.pl\/wiadomosci\/wp-content\/uploads\/2024\/02\/Zrzut-ekranu-2024-02-12-165305-410x232.jpg 410w, https:\/\/www.24gliwice.pl\/wiadomosci\/wp-content\/uploads\/2024\/02\/Zrzut-ekranu-2024-02-12-165305-808x455.jpg 808w, https:\/\/www.24gliwice.pl\/wiadomosci\/wp-content\/uploads\/2024\/02\/Zrzut-ekranu-2024-02-12-165305-768x432.jpg 768w\" sizes=\"auto, (max-width: 810px) 100vw, 810px\" \/><\/a><\/p>\n<p>\u2013 Nieruchomo\u015b\u0107 po\u0142o\u017cona jest w odleg\u0142o\u015bci oko\u0142o 5 km od centrum Gliwic, przy autostradzie A1 i A4, w pobli\u017cu drogi krajowej nr 44. S\u0105siedztwo nieruchomo\u015bci stanowi Centrum Handlowe \u201eEuropa Centralna\u201d oraz tereny przemys\u0142owe. Dzia\u0142ki s\u0105 niezabudowane, poro\u015bni\u0119te w cz\u0119\u015bci drzewami i krzewami. W p\u00f3\u0142nocnej cz\u0119\u015bci przebiega droga wewn\u0119trzna &#8211; czytamy w og\u0142oszeniu o sprzeda\u017cy. W zasi\u0119gu nieruchomo\u015bci przebiegaj\u0105 sieci uzbrojenia terenu \u2013 gazowa, kanalizacyjna, elektroenergetyczna, wodoci\u0105gowa, a tak\u017ce sie\u0107 telekomunikacyjna.<\/p><div class=\"gliwi-a3-w-tresci-artykulow gliwi-entity-placement\" id=\"gliwi-3960771897\"><div class=\"gliwi-adlabel\"><span style=\"font-size: 9px\">REKLAMA<\/span><\/div><div id=\"gliwi-1639483884\" style=\"margin-bottom: 30px;margin-left: auto;margin-right: auto;text-align: center;\"><a data-no-instant=\"1\" href=\"https:\/\/ogrodyandersa.pl\/\" rel=\"noopener\" class=\"a2t-link\" target=\"_blank\" aria-label=\"20260415 Ogrody Andersa KUP TERAZ D\"><img loading=\"lazy\" decoding=\"async\" src=\"https:\/\/www.24gliwice.pl\/wiadomosci\/wp-content\/uploads\/2026\/04\/20260415-Ogrody-Andersa-KUP-TERAZ-D.jpg\" alt=\"\"  srcset=\"https:\/\/www.24gliwice.pl\/wiadomosci\/wp-content\/uploads\/2026\/04\/20260415-Ogrody-Andersa-KUP-TERAZ-D.jpg 750w, https:\/\/www.24gliwice.pl\/wiadomosci\/wp-content\/uploads\/2026\/04\/20260415-Ogrody-Andersa-KUP-TERAZ-D-410x109.jpg 410w\" sizes=\"(max-width: 750px) 100vw, 750px\" class=\"no-lazyload\" width=\"750\" height=\"200\"  style=\"display: inline-block; max-width: 100%; height: auto;\" \/><\/a><\/div><\/div>\n<h4>Co tu mo\u017ce powsta\u0107?<\/h4>\n<p>Dzia\u0142ki znajduj\u0105 si\u0119 w Gliwickim Obszarze Gospodarczym, na obszarze oznaczonym w MPZP jako 01UCP, co oznacza: tereny zabudowy us\u0142ugowej, w tym rozmieszczenia obiekt\u00f3w handlowych o powierzchni sprzeda\u017cy powy\u017cej 2000 m2, oraz obiekt\u00f3w produkcyjnych i magazyn\u00f3w. Jego przeznaczenie podstawowe to us\u0142ugi handlu detalicznego i hurtowego, gastronomii, turystyki, kultury, sportu i rekreacji, administracji w tym biura, oraz stacje paliw, obiekty produkcyjne oraz magazyny.<\/p>\n<h4>Wysoko\u015b\u0107 obiekt\u00f3w budowlanych, kt\u00f3re powstan\u0105 na tej nieruchomo\u015bci, nie mo\u017ce przekroczy\u0107 wysoko\u015bci bezwzgl\u0119dnej 298,75 m n.p.m., w zwi\u0105zku z wyst\u0119powaniem przestrzeni ograniczaj\u0105cych lotniska \u201eGliwice\u201d.<\/h4>\n<p>Nieruchomo\u015b\u0107 po\u0142o\u017cona jest w granicach terenu g\u00f3rniczego \u201eSo\u015bnica III\u201d, obejmuj\u0105cego udokumentowane z\u0142o\u017ca w\u0119gli kamiennych oraz metanu. Wed\u0142ug informacji uzyskanej przez Polsk\u0105 Grup\u0119 G\u00f3rnicz\u0105 do ko\u0144ca 2042 r. nie prognozuje si\u0119 wyst\u0105pienia wp\u0142yw\u00f3w eksploatacji g\u00f3rniczej KWK \u201eSo\u015bnica\u201d. Istnieje mo\u017cliwo\u015b\u0107 wyst\u0105pienia wstrz\u0105s\u00f3w pochodzenia g\u00f3rniczego wywo\u0142uj\u0105cych przyspieszenia drga\u0144 powierzchni, kt\u00f3re b\u0119d\u0105 oddzia\u0142ywa\u0142y na zabudow\u0119 w \u201eI\u201d stopniu.<\/p>\n<p><a href=\"https:\/\/www.24gliwice.pl\/wiadomosci\/wp-content\/uploads\/2024\/02\/Dzialki-europa-centralna.jpg\"><img loading=\"lazy\" decoding=\"async\" src=\"https:\/\/www.24gliwice.pl\/wiadomosci\/wp-content\/uploads\/2024\/02\/Dzialki-europa-centralna.jpg\" alt=\"\" width=\"810\" height=\"458\" class=\"alignnone size-full wp-image-230294\" srcset=\"https:\/\/www.24gliwice.pl\/wiadomosci\/wp-content\/uploads\/2024\/02\/Dzialki-europa-centralna.jpg 810w, https:\/\/www.24gliwice.pl\/wiadomosci\/wp-content\/uploads\/2024\/02\/Dzialki-europa-centralna-410x232.jpg 410w, https:\/\/www.24gliwice.pl\/wiadomosci\/wp-content\/uploads\/2024\/02\/Dzialki-europa-centralna-805x455.jpg 805w, https:\/\/www.24gliwice.pl\/wiadomosci\/wp-content\/uploads\/2024\/02\/Dzialki-europa-centralna-768x434.jpg 768w\" sizes=\"auto, (max-width: 810px) 100vw, 810px\" \/><\/a><\/p>\n<p>Przetarg nieograniczony na sprzeda\u017c dzia\u0142ek odb\u0119dzie si\u0119 9 kwietnia br. Cena wywo\u0142awcza wynosi 13 mln z\u0142, a minimalne post\u0105pienie 130 tys. z\u0142. By wzi\u0105\u0107 udzia\u0142 w post\u0119powaniu konieczne jest wp\u0142acenie wadium &#8211; 1,3 mln z\u0142. <a href=\"https:\/\/bip.gliwice.eu\/storage\/zpm\/ZPM_2023_9036.pdf\" rel=\"noopener\" target=\"_blank\">Szczeg\u00f3\u0142owe informacje na ten temat mo\u017cna znale\u017a\u0107 tu.<\/a><\/p>\n<p><a href=\"https:\/\/bip.gliwice.eu\/sprzedaz-dzialki-nr-5371-nr-5372-nr-5373-nr-5381-nr-5382-nr-5383-obreb-ligota-zabrska-na-wschod-od-ul-pszczynskiej\" rel=\"noopener\" target=\"_blank\">Og\u0142oszenie o sprzeda\u017cy znajduje si\u0119 te\u017c na stronie BIP Urz\u0119du Miejskiego. <\/a><\/p>\n<p>(\u017cms)<br \/>\nfot. scr. Google Maps, MSIP Gliwice<\/p>\n<div class=\"gliwi-a5-na-koncu-artykulow gliwi-entity-placement\" id=\"gliwi-2496310461\"><div class=\"gliwi-adlabel\"><span style=\"font-size: 9px\">REKLAMA<\/span><\/div><div id=\"gliwi-2929923051\" style=\"margin-left: auto;margin-right: auto;text-align: center;\"><a data-no-instant=\"1\" href=\"https:\/\/prezeroarenagliwice.pl\/\" rel=\"noopener\" class=\"a2t-link\" target=\"_blank\" aria-label=\"20260309-PREZERO-WIOSNA-D\"><img loading=\"lazy\" decoding=\"async\" src=\"https:\/\/www.24gliwice.pl\/wiadomosci\/wp-content\/uploads\/2026\/03\/20260309-PREZERO-WIOSNA-D.webp\" alt=\"\"  srcset=\"https:\/\/www.24gliwice.pl\/wiadomosci\/wp-content\/uploads\/2026\/03\/20260309-PREZERO-WIOSNA-D.webp 750w, https:\/\/www.24gliwice.pl\/wiadomosci\/wp-content\/uploads\/2026\/03\/20260309-PREZERO-WIOSNA-D-410x109.webp 410w\" sizes=\"(max-width: 750px) 100vw, 750px\" class=\"no-lazyload\" width=\"750\" height=\"200\"  style=\"display: inline-block; max-width: 100%; height: auto;\" \/><\/a><\/div><\/div>","protected":false},"excerpt":{"rendered":"<p>Nale\u017c\u0105ce do miasta tereny inwestycyjne przy w\u0119\u017ale autostradowym w So\u015bnicy ponownie wystawiono na sprzeda\u017c. Pr\u00f3by ich zbycia podejmowane by\u0142y ju\u017c w poprzednich latach, najwyra\u017aniej nieskuteczne. W bie\u017c\u0105cym podej\u015bciu cen\u0119 wywo\u0142awcz\u0105 nieruchomo\u015bci obni\u017cono z 20 na 13 mln z\u0142. Czy teraz znajd\u0105 si\u0119 ch\u0119tni na zagospodarowanie dzia\u0142ek? &nbsp; Grunty te znajduj\u0105 si\u0119 obok centrum handlowego Europa [&hellip;]<\/p>\n","protected":false},"author":15,"featured_media":212055,"comment_status":"open","ping_status":"closed","sticky":false,"template":"","format":"standard","meta":{"_monsterinsights_skip_tracking":false,"_monsterinsights_sitenote_active":false,"_monsterinsights_sitenote_note":"","_monsterinsights_sitenote_category":0,"footnotes":"","_links_to":"","_links_to_target":""},"categories":[3,1,9],"tags":[8759,286],"class_list":["post-230281","post","type-post","status-publish","format-standard","has-post-thumbnail","hentry","category-gliwice","category-wszystko","category-aktualnosci_lokalne","tag-dzialki","tag-europa-centralna"],"yoast_head":"<!-- This site is optimized with the Yoast SEO plugin v27.5 - https:\/\/yoast.com\/product\/yoast-seo-wordpress\/ -->\n<title>Co mo\u017ce powsta\u0107 na terenie obok CH Europa Centralna? Cen\u0119 nieruchomo\u015bci obni\u017cono o kilka milion\u00f3w z\u0142otych - 24GLIWICE - Portal Gliwice | codziennie nowe informacje<\/title>\n<meta name=\"description\" content=\"Dzia\u0142ki obok CH Europa Centralna ponownie wystawiono w przetargu. Cena wywo\u0142awcza nieruchomo\u015bci spad\u0142a z 20 (p\u00f3\u017aniej 19) na 13 mln z\u0142otych\" \/>\n<meta name=\"robots\" content=\"index, follow, max-snippet:-1, max-image-preview:large, max-video-preview:-1\" \/>\n<link rel=\"canonical\" href=\"https:\/\/www.24gliwice.pl\/wiadomosci\/?p=230281\" \/>\n<meta property=\"og:locale\" content=\"pl_PL\" \/>\n<meta property=\"og:type\" content=\"article\" \/>\n<meta property=\"og:title\" content=\"Co mo\u017ce powsta\u0107 na terenie obok CH Europa Centralna? Cen\u0119 nieruchomo\u015bci obni\u017cono o kilka milion\u00f3w z\u0142otych - 24GLIWICE - Portal Gliwice | codziennie nowe informacje\" \/>\n<meta property=\"og:description\" content=\"Dzia\u0142ki obok CH Europa Centralna ponownie wystawiono w przetargu. Cena wywo\u0142awcza nieruchomo\u015bci spad\u0142a z 20 (p\u00f3\u017aniej 19) na 13 mln z\u0142otych\" \/>\n<meta property=\"og:url\" content=\"https:\/\/www.24gliwice.pl\/wiadomosci\/?p=230281\" \/>\n<meta property=\"og:site_name\" content=\"24GLIWICE - Portal Gliwice | codziennie nowe informacje\" \/>\n<meta property=\"article:publisher\" content=\"https:\/\/www.facebook.com\/24gliwice\" \/>\n<meta property=\"article:published_time\" content=\"2024-02-13T02:02:06+00:00\" \/>\n<meta property=\"og:image\" content=\"https:\/\/www.24gliwice.pl\/wiadomosci\/wp-content\/uploads\/2023\/04\/europa-centralna.jpg\" \/>\n\t<meta property=\"og:image:width\" content=\"810\" \/>\n\t<meta property=\"og:image:height\" content=\"457\" \/>\n\t<meta property=\"og:image:type\" content=\"image\/jpeg\" \/>\n<meta name=\"author\" content=\"\u017baneta Mrozek-Siewierska\" \/>\n<meta name=\"twitter:card\" content=\"summary_large_image\" \/>\n<meta name=\"twitter:creator\" content=\"@24gliwice\" \/>\n<meta name=\"twitter:site\" content=\"@24gliwice\" \/>\n<meta name=\"twitter:label1\" content=\"Napisane przez\" \/>\n\t<meta name=\"twitter:data1\" content=\"\u017baneta Mrozek-Siewierska\" \/>\n\t<meta name=\"twitter:label2\" content=\"Szacowany czas czytania\" \/>\n\t<meta name=\"twitter:data2\" content=\"3 minuty\" \/>\n<script type=\"application\/ld+json\" class=\"yoast-schema-graph\">{\"@context\":\"https:\\\/\\\/schema.org\",\"@graph\":[{\"@type\":\"Article\",\"@id\":\"https:\\\/\\\/www.24gliwice.pl\\\/wiadomosci\\\/?p=230281#article\",\"isPartOf\":{\"@id\":\"https:\\\/\\\/www.24gliwice.pl\\\/wiadomosci\\\/?p=230281\"},\"author\":{\"name\":\"\u017baneta Mrozek-Siewierska\",\"@id\":\"https:\\\/\\\/www.24gliwice.pl\\\/wiadomosci\\\/#\\\/schema\\\/person\\\/e42c650edd7f2fa332be3811fb166b6e\"},\"headline\":\"Co mo\u017ce powsta\u0107 na terenie obok CH Europa Centralna? Cen\u0119 nieruchomo\u015bci obni\u017cono o kilka milion\u00f3w z\u0142otych\",\"datePublished\":\"2024-02-13T02:02:06+00:00\",\"mainEntityOfPage\":{\"@id\":\"https:\\\/\\\/www.24gliwice.pl\\\/wiadomosci\\\/?p=230281\"},\"wordCount\":460,\"commentCount\":0,\"publisher\":{\"@id\":\"https:\\\/\\\/www.24gliwice.pl\\\/wiadomosci\\\/#organization\"},\"image\":{\"@id\":\"https:\\\/\\\/www.24gliwice.pl\\\/wiadomosci\\\/?p=230281#primaryimage\"},\"thumbnailUrl\":\"https:\\\/\\\/www.24gliwice.pl\\\/wiadomosci\\\/wp-content\\\/uploads\\\/2023\\\/04\\\/europa-centralna.jpg\",\"keywords\":[\"dzia\u0142ki\",\"EUROPA CENTRALNA\"],\"articleSection\":[\"Gliwice\",\"Najnowsze wiadomo\u015bci\",\"Portal Gliwice - Wiadomo\u015bci lokalne\"],\"inLanguage\":\"pl-PL\",\"potentialAction\":[{\"@type\":\"CommentAction\",\"name\":\"Comment\",\"target\":[\"https:\\\/\\\/www.24gliwice.pl\\\/wiadomosci\\\/?p=230281#respond\"]}]},{\"@type\":\"WebPage\",\"@id\":\"https:\\\/\\\/www.24gliwice.pl\\\/wiadomosci\\\/?p=230281\",\"url\":\"https:\\\/\\\/www.24gliwice.pl\\\/wiadomosci\\\/?p=230281\",\"name\":\"Co mo\u017ce powsta\u0107 na terenie obok CH Europa Centralna? Cen\u0119 nieruchomo\u015bci obni\u017cono o kilka milion\u00f3w z\u0142otych - 24GLIWICE - Portal Gliwice | codziennie nowe informacje\",\"isPartOf\":{\"@id\":\"https:\\\/\\\/www.24gliwice.pl\\\/wiadomosci\\\/#website\"},\"primaryImageOfPage\":{\"@id\":\"https:\\\/\\\/www.24gliwice.pl\\\/wiadomosci\\\/?p=230281#primaryimage\"},\"image\":{\"@id\":\"https:\\\/\\\/www.24gliwice.pl\\\/wiadomosci\\\/?p=230281#primaryimage\"},\"thumbnailUrl\":\"https:\\\/\\\/www.24gliwice.pl\\\/wiadomosci\\\/wp-content\\\/uploads\\\/2023\\\/04\\\/europa-centralna.jpg\",\"datePublished\":\"2024-02-13T02:02:06+00:00\",\"description\":\"Dzia\u0142ki obok CH Europa Centralna ponownie wystawiono w przetargu. Cena wywo\u0142awcza nieruchomo\u015bci spad\u0142a z 20 (p\u00f3\u017aniej 19) na 13 mln z\u0142otych\",\"breadcrumb\":{\"@id\":\"https:\\\/\\\/www.24gliwice.pl\\\/wiadomosci\\\/?p=230281#breadcrumb\"},\"inLanguage\":\"pl-PL\",\"potentialAction\":[{\"@type\":\"ReadAction\",\"target\":[\"https:\\\/\\\/www.24gliwice.pl\\\/wiadomosci\\\/?p=230281\"]}]},{\"@type\":\"ImageObject\",\"inLanguage\":\"pl-PL\",\"@id\":\"https:\\\/\\\/www.24gliwice.pl\\\/wiadomosci\\\/?p=230281#primaryimage\",\"url\":\"https:\\\/\\\/www.24gliwice.pl\\\/wiadomosci\\\/wp-content\\\/uploads\\\/2023\\\/04\\\/europa-centralna.jpg\",\"contentUrl\":\"https:\\\/\\\/www.24gliwice.pl\\\/wiadomosci\\\/wp-content\\\/uploads\\\/2023\\\/04\\\/europa-centralna.jpg\",\"width\":810,\"height\":457,\"caption\":\"Piotr Krajewski - Fotografia Architektury \\\/ Architectural Photography\"},{\"@type\":\"BreadcrumbList\",\"@id\":\"https:\\\/\\\/www.24gliwice.pl\\\/wiadomosci\\\/?p=230281#breadcrumb\",\"itemListElement\":[{\"@type\":\"ListItem\",\"position\":1,\"name\":\"Strona g\u0142\u00f3wna\",\"item\":\"https:\\\/\\\/www.24gliwice.pl\\\/wiadomosci\\\/\"},{\"@type\":\"ListItem\",\"position\":2,\"name\":\"Co mo\u017ce powsta\u0107 na terenie obok CH Europa Centralna? Cen\u0119 nieruchomo\u015bci obni\u017cono o kilka milion\u00f3w z\u0142otych\"}]},{\"@type\":\"WebSite\",\"@id\":\"https:\\\/\\\/www.24gliwice.pl\\\/wiadomosci\\\/#website\",\"url\":\"https:\\\/\\\/www.24gliwice.pl\\\/wiadomosci\\\/\",\"name\":\"24GLIWICE - Portal Gliwice | codziennie nowe wiadomo\u015bci\",\"description\":\"Portal Miejski Gliwice\",\"publisher\":{\"@id\":\"https:\\\/\\\/www.24gliwice.pl\\\/wiadomosci\\\/#organization\"},\"potentialAction\":[{\"@type\":\"SearchAction\",\"target\":{\"@type\":\"EntryPoint\",\"urlTemplate\":\"https:\\\/\\\/www.24gliwice.pl\\\/wiadomosci\\\/?s={search_term_string}\"},\"query-input\":{\"@type\":\"PropertyValueSpecification\",\"valueRequired\":true,\"valueName\":\"search_term_string\"}}],\"inLanguage\":\"pl-PL\"},{\"@type\":\"Organization\",\"@id\":\"https:\\\/\\\/www.24gliwice.pl\\\/wiadomosci\\\/#organization\",\"name\":\"24gliwice\",\"url\":\"https:\\\/\\\/www.24gliwice.pl\\\/wiadomosci\\\/\",\"logo\":{\"@type\":\"ImageObject\",\"inLanguage\":\"pl-PL\",\"@id\":\"https:\\\/\\\/www.24gliwice.pl\\\/wiadomosci\\\/#\\\/schema\\\/logo\\\/image\\\/\",\"url\":\"https:\\\/\\\/www.24gliwice.pl\\\/wiadomosci\\\/wp-content\\\/uploads\\\/2024\\\/10\\\/24gliwice-logo-696.jpg\",\"contentUrl\":\"https:\\\/\\\/www.24gliwice.pl\\\/wiadomosci\\\/wp-content\\\/uploads\\\/2024\\\/10\\\/24gliwice-logo-696.jpg\",\"width\":696,\"height\":696,\"caption\":\"24gliwice\"},\"image\":{\"@id\":\"https:\\\/\\\/www.24gliwice.pl\\\/wiadomosci\\\/#\\\/schema\\\/logo\\\/image\\\/\"},\"sameAs\":[\"https:\\\/\\\/www.facebook.com\\\/24gliwice\",\"https:\\\/\\\/x.com\\\/24gliwice\",\"https:\\\/\\\/www.youtube.com\\\/@24gliwice\"]},{\"@type\":\"Person\",\"@id\":\"https:\\\/\\\/www.24gliwice.pl\\\/wiadomosci\\\/#\\\/schema\\\/person\\\/e42c650edd7f2fa332be3811fb166b6e\",\"name\":\"\u017baneta Mrozek-Siewierska\",\"image\":{\"@type\":\"ImageObject\",\"inLanguage\":\"pl-PL\",\"@id\":\"https:\\\/\\\/secure.gravatar.com\\\/avatar\\\/1881429e9c64597c77ad7aef2d0a19be69a3253e57534d16aa15bf3a4d34a0a3?s=96&d=mm&r=g\",\"url\":\"https:\\\/\\\/secure.gravatar.com\\\/avatar\\\/1881429e9c64597c77ad7aef2d0a19be69a3253e57534d16aa15bf3a4d34a0a3?s=96&d=mm&r=g\",\"contentUrl\":\"https:\\\/\\\/secure.gravatar.com\\\/avatar\\\/1881429e9c64597c77ad7aef2d0a19be69a3253e57534d16aa15bf3a4d34a0a3?s=96&d=mm&r=g\",\"caption\":\"\u017baneta Mrozek-Siewierska\"},\"url\":\"https:\\\/\\\/www.24gliwice.pl\\\/wiadomosci\\\/author\\\/zms\\\/\"}]}<\/script>\n<!-- \/ Yoast SEO plugin. -->","yoast_head_json":{"title":"Co mo\u017ce powsta\u0107 na terenie obok CH Europa Centralna? Cen\u0119 nieruchomo\u015bci obni\u017cono o kilka milion\u00f3w z\u0142otych - 24GLIWICE - Portal Gliwice | codziennie nowe informacje","description":"Dzia\u0142ki obok CH Europa Centralna ponownie wystawiono w przetargu. Cena wywo\u0142awcza nieruchomo\u015bci spad\u0142a z 20 (p\u00f3\u017aniej 19) na 13 mln z\u0142otych","robots":{"index":"index","follow":"follow","max-snippet":"max-snippet:-1","max-image-preview":"max-image-preview:large","max-video-preview":"max-video-preview:-1"},"canonical":"https:\/\/www.24gliwice.pl\/wiadomosci\/?p=230281","og_locale":"pl_PL","og_type":"article","og_title":"Co mo\u017ce powsta\u0107 na terenie obok CH Europa Centralna? Cen\u0119 nieruchomo\u015bci obni\u017cono o kilka milion\u00f3w z\u0142otych - 24GLIWICE - Portal Gliwice | codziennie nowe informacje","og_description":"Dzia\u0142ki obok CH Europa Centralna ponownie wystawiono w przetargu. Cena wywo\u0142awcza nieruchomo\u015bci spad\u0142a z 20 (p\u00f3\u017aniej 19) na 13 mln z\u0142otych","og_url":"https:\/\/www.24gliwice.pl\/wiadomosci\/?p=230281","og_site_name":"24GLIWICE - Portal Gliwice | codziennie nowe informacje","article_publisher":"https:\/\/www.facebook.com\/24gliwice","article_published_time":"2024-02-13T02:02:06+00:00","og_image":[{"width":810,"height":457,"url":"https:\/\/www.24gliwice.pl\/wiadomosci\/wp-content\/uploads\/2023\/04\/europa-centralna.jpg","type":"image\/jpeg"}],"author":"\u017baneta Mrozek-Siewierska","twitter_card":"summary_large_image","twitter_creator":"@24gliwice","twitter_site":"@24gliwice","twitter_misc":{"Napisane przez":"\u017baneta Mrozek-Siewierska","Szacowany czas czytania":"3 minuty"},"schema":{"@context":"https:\/\/schema.org","@graph":[{"@type":"Article","@id":"https:\/\/www.24gliwice.pl\/wiadomosci\/?p=230281#article","isPartOf":{"@id":"https:\/\/www.24gliwice.pl\/wiadomosci\/?p=230281"},"author":{"name":"\u017baneta Mrozek-Siewierska","@id":"https:\/\/www.24gliwice.pl\/wiadomosci\/#\/schema\/person\/e42c650edd7f2fa332be3811fb166b6e"},"headline":"Co mo\u017ce powsta\u0107 na terenie obok CH Europa Centralna? Cen\u0119 nieruchomo\u015bci obni\u017cono o kilka milion\u00f3w z\u0142otych","datePublished":"2024-02-13T02:02:06+00:00","mainEntityOfPage":{"@id":"https:\/\/www.24gliwice.pl\/wiadomosci\/?p=230281"},"wordCount":460,"commentCount":0,"publisher":{"@id":"https:\/\/www.24gliwice.pl\/wiadomosci\/#organization"},"image":{"@id":"https:\/\/www.24gliwice.pl\/wiadomosci\/?p=230281#primaryimage"},"thumbnailUrl":"https:\/\/www.24gliwice.pl\/wiadomosci\/wp-content\/uploads\/2023\/04\/europa-centralna.jpg","keywords":["dzia\u0142ki","EUROPA CENTRALNA"],"articleSection":["Gliwice","Najnowsze wiadomo\u015bci","Portal Gliwice - Wiadomo\u015bci lokalne"],"inLanguage":"pl-PL","potentialAction":[{"@type":"CommentAction","name":"Comment","target":["https:\/\/www.24gliwice.pl\/wiadomosci\/?p=230281#respond"]}]},{"@type":"WebPage","@id":"https:\/\/www.24gliwice.pl\/wiadomosci\/?p=230281","url":"https:\/\/www.24gliwice.pl\/wiadomosci\/?p=230281","name":"Co mo\u017ce powsta\u0107 na terenie obok CH Europa Centralna? Cen\u0119 nieruchomo\u015bci obni\u017cono o kilka milion\u00f3w z\u0142otych - 24GLIWICE - Portal Gliwice | codziennie nowe informacje","isPartOf":{"@id":"https:\/\/www.24gliwice.pl\/wiadomosci\/#website"},"primaryImageOfPage":{"@id":"https:\/\/www.24gliwice.pl\/wiadomosci\/?p=230281#primaryimage"},"image":{"@id":"https:\/\/www.24gliwice.pl\/wiadomosci\/?p=230281#primaryimage"},"thumbnailUrl":"https:\/\/www.24gliwice.pl\/wiadomosci\/wp-content\/uploads\/2023\/04\/europa-centralna.jpg","datePublished":"2024-02-13T02:02:06+00:00","description":"Dzia\u0142ki obok CH Europa Centralna ponownie wystawiono w przetargu. Cena wywo\u0142awcza nieruchomo\u015bci spad\u0142a z 20 (p\u00f3\u017aniej 19) na 13 mln z\u0142otych","breadcrumb":{"@id":"https:\/\/www.24gliwice.pl\/wiadomosci\/?p=230281#breadcrumb"},"inLanguage":"pl-PL","potentialAction":[{"@type":"ReadAction","target":["https:\/\/www.24gliwice.pl\/wiadomosci\/?p=230281"]}]},{"@type":"ImageObject","inLanguage":"pl-PL","@id":"https:\/\/www.24gliwice.pl\/wiadomosci\/?p=230281#primaryimage","url":"https:\/\/www.24gliwice.pl\/wiadomosci\/wp-content\/uploads\/2023\/04\/europa-centralna.jpg","contentUrl":"https:\/\/www.24gliwice.pl\/wiadomosci\/wp-content\/uploads\/2023\/04\/europa-centralna.jpg","width":810,"height":457,"caption":"Piotr Krajewski - Fotografia Architektury \/ Architectural Photography"},{"@type":"BreadcrumbList","@id":"https:\/\/www.24gliwice.pl\/wiadomosci\/?p=230281#breadcrumb","itemListElement":[{"@type":"ListItem","position":1,"name":"Strona g\u0142\u00f3wna","item":"https:\/\/www.24gliwice.pl\/wiadomosci\/"},{"@type":"ListItem","position":2,"name":"Co mo\u017ce powsta\u0107 na terenie obok CH Europa Centralna? Cen\u0119 nieruchomo\u015bci obni\u017cono o kilka milion\u00f3w z\u0142otych"}]},{"@type":"WebSite","@id":"https:\/\/www.24gliwice.pl\/wiadomosci\/#website","url":"https:\/\/www.24gliwice.pl\/wiadomosci\/","name":"24GLIWICE - Portal Gliwice | codziennie nowe wiadomo\u015bci","description":"Portal Miejski Gliwice","publisher":{"@id":"https:\/\/www.24gliwice.pl\/wiadomosci\/#organization"},"potentialAction":[{"@type":"SearchAction","target":{"@type":"EntryPoint","urlTemplate":"https:\/\/www.24gliwice.pl\/wiadomosci\/?s={search_term_string}"},"query-input":{"@type":"PropertyValueSpecification","valueRequired":true,"valueName":"search_term_string"}}],"inLanguage":"pl-PL"},{"@type":"Organization","@id":"https:\/\/www.24gliwice.pl\/wiadomosci\/#organization","name":"24gliwice","url":"https:\/\/www.24gliwice.pl\/wiadomosci\/","logo":{"@type":"ImageObject","inLanguage":"pl-PL","@id":"https:\/\/www.24gliwice.pl\/wiadomosci\/#\/schema\/logo\/image\/","url":"https:\/\/www.24gliwice.pl\/wiadomosci\/wp-content\/uploads\/2024\/10\/24gliwice-logo-696.jpg","contentUrl":"https:\/\/www.24gliwice.pl\/wiadomosci\/wp-content\/uploads\/2024\/10\/24gliwice-logo-696.jpg","width":696,"height":696,"caption":"24gliwice"},"image":{"@id":"https:\/\/www.24gliwice.pl\/wiadomosci\/#\/schema\/logo\/image\/"},"sameAs":["https:\/\/www.facebook.com\/24gliwice","https:\/\/x.com\/24gliwice","https:\/\/www.youtube.com\/@24gliwice"]},{"@type":"Person","@id":"https:\/\/www.24gliwice.pl\/wiadomosci\/#\/schema\/person\/e42c650edd7f2fa332be3811fb166b6e","name":"\u017baneta Mrozek-Siewierska","image":{"@type":"ImageObject","inLanguage":"pl-PL","@id":"https:\/\/secure.gravatar.com\/avatar\/1881429e9c64597c77ad7aef2d0a19be69a3253e57534d16aa15bf3a4d34a0a3?s=96&d=mm&r=g","url":"https:\/\/secure.gravatar.com\/avatar\/1881429e9c64597c77ad7aef2d0a19be69a3253e57534d16aa15bf3a4d34a0a3?s=96&d=mm&r=g","contentUrl":"https:\/\/secure.gravatar.com\/avatar\/1881429e9c64597c77ad7aef2d0a19be69a3253e57534d16aa15bf3a4d34a0a3?s=96&d=mm&r=g","caption":"\u017baneta Mrozek-Siewierska"},"url":"https:\/\/www.24gliwice.pl\/wiadomosci\/author\/zms\/"}]}},"_links":{"self":[{"href":"https:\/\/www.24gliwice.pl\/wiadomosci\/wp-json\/wp\/v2\/posts\/230281","targetHints":{"allow":["GET"]}}],"collection":[{"href":"https:\/\/www.24gliwice.pl\/wiadomosci\/wp-json\/wp\/v2\/posts"}],"about":[{"href":"https:\/\/www.24gliwice.pl\/wiadomosci\/wp-json\/wp\/v2\/types\/post"}],"author":[{"embeddable":true,"href":"https:\/\/www.24gliwice.pl\/wiadomosci\/wp-json\/wp\/v2\/users\/15"}],"replies":[{"embeddable":true,"href":"https:\/\/www.24gliwice.pl\/wiadomosci\/wp-json\/wp\/v2\/comments?post=230281"}],"version-history":[{"count":0,"href":"https:\/\/www.24gliwice.pl\/wiadomosci\/wp-json\/wp\/v2\/posts\/230281\/revisions"}],"wp:featuredmedia":[{"embeddable":true,"href":"https:\/\/www.24gliwice.pl\/wiadomosci\/wp-json\/wp\/v2\/media\/212055"}],"wp:attachment":[{"href":"https:\/\/www.24gliwice.pl\/wiadomosci\/wp-json\/wp\/v2\/media?parent=230281"}],"wp:term":[{"taxonomy":"category","embeddable":true,"href":"https:\/\/www.24gliwice.pl\/wiadomosci\/wp-json\/wp\/v2\/categories?post=230281"},{"taxonomy":"post_tag","embeddable":true,"href":"https:\/\/www.24gliwice.pl\/wiadomosci\/wp-json\/wp\/v2\/tags?post=230281"}],"curies":[{"name":"wp","href":"https:\/\/api.w.org\/{rel}","templated":true}]}}