{"id":235161,"date":"2024-04-25T17:16:01","date_gmt":"2024-04-25T15:16:01","guid":{"rendered":"https:\/\/www.24gliwice.pl\/wiadomosci\/?p=235161"},"modified":"2024-04-27T03:12:57","modified_gmt":"2024-04-27T01:12:57","slug":"odrestaurowana-stajnia-dostala-drugie-zycie-mozna-oddac-na-nia-glos-w-konkursie-modernizacja-roku","status":"publish","type":"post","link":"https:\/\/www.24gliwice.pl\/wiadomosci\/odrestaurowana-stajnia-dostala-drugie-zycie-mozna-oddac-na-nia-glos-w-konkursie-modernizacja-roku\/","title":{"rendered":"Odrestaurowana stajnia dosta\u0142a drugie \u017cycie. Mo\u017cna odda\u0107 na ni\u0105 g\u0142os w konkursie &#8220;Modernizacja Roku&#8221;"},"content":{"rendered":"<div class=\"gliwi-a6-nad-leadem-artykulow gliwi-entity-placement\" id=\"gliwi-619300482\"><div class=\"gliwi-adlabel\"><span style=\"font-size: 9px\">REKLAMA<\/span><\/div><div id=\"gliwi-3989651916\" style=\"margin-bottom: 30px;margin-left: auto;margin-right: auto;text-align: center;\"><a data-no-instant=\"1\" href=\"https:\/\/przedszkole.halogen.org.pl\/\" rel=\"noopener\" class=\"a2t-link\" target=\"_blank\" aria-label=\"20260402-ANIMATOR-przedszkole_grafika_750x200\"><img loading=\"lazy\" decoding=\"async\" src=\"https:\/\/www.24gliwice.pl\/wiadomosci\/wp-content\/uploads\/2026\/04\/20260402-ANIMATOR-przedszkole_grafika_750x200.webp\" alt=\"\"  srcset=\"https:\/\/www.24gliwice.pl\/wiadomosci\/wp-content\/uploads\/2026\/04\/20260402-ANIMATOR-przedszkole_grafika_750x200.webp 750w, https:\/\/www.24gliwice.pl\/wiadomosci\/wp-content\/uploads\/2026\/04\/20260402-ANIMATOR-przedszkole_grafika_750x200-410x109.webp 410w\" sizes=\"(max-width: 750px) 100vw, 750px\" class=\"no-lazyload\" width=\"750\" height=\"200\"  style=\"display: inline-block; max-width: 100%; height: auto;\" \/><\/a><\/div><\/div><h2>Studenckie Centrum Kreatywno\u015bci w przebudowanym budynku dawnej stajni przy ul. Akademickiej w Gliwicach zosta\u0142o zg\u0142oszone do konkursu na &#8220;Modernizacj\u0119 Roku&#8221;. Na obiekt nale\u017c\u0105cy teraz do Politechniki \u015al\u0105skiej oddano ju\u017c ponad 200 g\u0142os\u00f3w.<\/h2>\n<p>&nbsp;<br \/>\nCelem konkursu jest promocja oraz wy\u0142onienie ka\u017cdego roku najlepszych, wyr\u00f3\u017cniaj\u0105cych si\u0119 szczeg\u00f3lnymi walorami przedsi\u0119wzi\u0119\u0107 budowlanych. <\/p>\n<p><a href=\"https:\/\/www.24gliwice.pl\/wiadomosci\/wp-content\/uploads\/2024\/02\/studenckie-centrum-kreatywnosci-lg8.jpg\"><img loading=\"lazy\" decoding=\"async\" src=\"https:\/\/www.24gliwice.pl\/wiadomosci\/wp-content\/uploads\/2024\/02\/studenckie-centrum-kreatywnosci-lg8.jpg\" alt=\"\" width=\"2048\" height=\"1155\" class=\"alignnone size-full wp-image-230068\" srcset=\"https:\/\/www.24gliwice.pl\/wiadomosci\/wp-content\/uploads\/2024\/02\/studenckie-centrum-kreatywnosci-lg8.jpg 2048w, https:\/\/www.24gliwice.pl\/wiadomosci\/wp-content\/uploads\/2024\/02\/studenckie-centrum-kreatywnosci-lg8-410x232.jpg 410w, https:\/\/www.24gliwice.pl\/wiadomosci\/wp-content\/uploads\/2024\/02\/studenckie-centrum-kreatywnosci-lg8-807x455.jpg 807w, https:\/\/www.24gliwice.pl\/wiadomosci\/wp-content\/uploads\/2024\/02\/studenckie-centrum-kreatywnosci-lg8-768x433.jpg 768w, https:\/\/www.24gliwice.pl\/wiadomosci\/wp-content\/uploads\/2024\/02\/studenckie-centrum-kreatywnosci-lg8-1536x866.jpg 1536w, https:\/\/www.24gliwice.pl\/wiadomosci\/wp-content\/uploads\/2024\/02\/studenckie-centrum-kreatywnosci-lg8-810x457.jpg 810w, https:\/\/www.24gliwice.pl\/wiadomosci\/wp-content\/uploads\/2024\/02\/studenckie-centrum-kreatywnosci-lg8-1140x643.jpg 1140w\" sizes=\"auto, (max-width: 2048px) 100vw, 2048px\" \/><\/a><\/p>\n<p>Uratowany od ca\u0142kowitej degradacji, zmodernizowany obiekt dawnych stajni przy ulicy Akademickiej w Gliwicach ju\u017c uzyska\u0142 uznanie. Budynek z pocz\u0105tku XX w. (1920-1934), zbudowany w stylu historyzmu, stanowi\u0142 kiedy\u015b cz\u0119\u015b\u0107 remizy stra\u017cackiej. Niegdy\u015b by\u0142 stajni\u0105 dla koni stra\u017cackich, jednak od d\u0142u\u017cszego czasu sta\u0142 opuszczony i nieu\u017cytkowany a jego stan techniczny z roku na rok pogarsza\u0142 si\u0119. Przeprowadzona modernizacja uratowa\u0142a go ca\u0142kowitej degradacji a budynek sta\u0142 si\u0119 siedzib\u0105 Studenckiego Centrum Kreatywno\u015bci. <\/p><div class=\"gliwi-a3-w-tresci-artykulow gliwi-entity-placement\" id=\"gliwi-2565812213\"><div class=\"gliwi-adlabel\"><span style=\"font-size: 9px\">REKLAMA<\/span><\/div><div id=\"gliwi-891506242\" style=\"margin-bottom: 30px;margin-left: auto;margin-right: auto;text-align: center;\"><a data-no-instant=\"1\" href=\"https:\/\/zlobek.halogen.org.pl\/\" rel=\"noopener\" class=\"a2t-link\" target=\"_blank\" aria-label=\"animator-zlobek_750x200\"><img loading=\"lazy\" decoding=\"async\" src=\"https:\/\/www.24gliwice.pl\/wiadomosci\/wp-content\/uploads\/2026\/02\/animator-zlobek_750x200.webp\" alt=\"\"  srcset=\"https:\/\/www.24gliwice.pl\/wiadomosci\/wp-content\/uploads\/2026\/02\/animator-zlobek_750x200.webp 750w, https:\/\/www.24gliwice.pl\/wiadomosci\/wp-content\/uploads\/2026\/02\/animator-zlobek_750x200-410x109.webp 410w\" sizes=\"(max-width: 750px) 100vw, 750px\" class=\"no-lazyload\" width=\"750\" height=\"200\"  style=\"display: inline-block; max-width: 100%; height: auto;\" \/><\/a><\/div><\/div>\n<p><a href=\"https:\/\/www.24gliwice.pl\/wiadomosci\/wp-content\/uploads\/2024\/02\/studenckie-centrum-kreatywnosci-lg6.jpg\"><img loading=\"lazy\" decoding=\"async\" src=\"https:\/\/www.24gliwice.pl\/wiadomosci\/wp-content\/uploads\/2024\/02\/studenckie-centrum-kreatywnosci-lg6.jpg\" alt=\"\" width=\"2048\" height=\"1152\" class=\"alignnone size-full wp-image-230066\" srcset=\"https:\/\/www.24gliwice.pl\/wiadomosci\/wp-content\/uploads\/2024\/02\/studenckie-centrum-kreatywnosci-lg6.jpg 2048w, https:\/\/www.24gliwice.pl\/wiadomosci\/wp-content\/uploads\/2024\/02\/studenckie-centrum-kreatywnosci-lg6-410x232.jpg 410w, https:\/\/www.24gliwice.pl\/wiadomosci\/wp-content\/uploads\/2024\/02\/studenckie-centrum-kreatywnosci-lg6-810x456.jpg 810w, https:\/\/www.24gliwice.pl\/wiadomosci\/wp-content\/uploads\/2024\/02\/studenckie-centrum-kreatywnosci-lg6-768x432.jpg 768w, https:\/\/www.24gliwice.pl\/wiadomosci\/wp-content\/uploads\/2024\/02\/studenckie-centrum-kreatywnosci-lg6-1536x864.jpg 1536w, https:\/\/www.24gliwice.pl\/wiadomosci\/wp-content\/uploads\/2024\/02\/studenckie-centrum-kreatywnosci-lg6-1140x641.jpg 1140w\" sizes=\"auto, (max-width: 2048px) 100vw, 2048px\" \/><\/a><\/p>\n<p>&#8211; <em>Obiekt ma interesuj\u0105ce wn\u0119trza, gdzie uzewn\u0119trznione s\u0105 wszystkie instalacje i technologie. W szklane szyby zatopione s\u0105 panele fotowoltaiczne. Przed obiektem pojawi\u0142y si\u0119 elementy ma\u0142ej architektury, designerskie \u0142awki i rozpoznawalna marka BenchMan. Tak\u017ce umieszczone na panelach bocznych \u0142awek sylwety czerwonych koni nawi\u0105zuj\u0105 do dawnej stajni koni stra\u017cackich. Na jednej z \u0142awek wyci\u0119to informacj\u0119 o obiekcie. Obecnie przebiega\u0107 b\u0119dzie proces wyposa\u017cania w meble i multimedia<\/em> &#8211; czytamy w opisie na stronie konkursu. <\/p>\n<p><a href=\"https:\/\/www.24gliwice.pl\/wiadomosci\/wp-content\/uploads\/2024\/02\/studenckie-centrum-kreatywnosci-lg2.jpg\"><img loading=\"lazy\" decoding=\"async\" src=\"https:\/\/www.24gliwice.pl\/wiadomosci\/wp-content\/uploads\/2024\/02\/studenckie-centrum-kreatywnosci-lg2.jpg\" alt=\"\" width=\"2048\" height=\"1155\" class=\"alignnone size-full wp-image-230062\" srcset=\"https:\/\/www.24gliwice.pl\/wiadomosci\/wp-content\/uploads\/2024\/02\/studenckie-centrum-kreatywnosci-lg2.jpg 2048w, https:\/\/www.24gliwice.pl\/wiadomosci\/wp-content\/uploads\/2024\/02\/studenckie-centrum-kreatywnosci-lg2-410x232.jpg 410w, https:\/\/www.24gliwice.pl\/wiadomosci\/wp-content\/uploads\/2024\/02\/studenckie-centrum-kreatywnosci-lg2-807x455.jpg 807w, https:\/\/www.24gliwice.pl\/wiadomosci\/wp-content\/uploads\/2024\/02\/studenckie-centrum-kreatywnosci-lg2-768x433.jpg 768w, https:\/\/www.24gliwice.pl\/wiadomosci\/wp-content\/uploads\/2024\/02\/studenckie-centrum-kreatywnosci-lg2-1536x866.jpg 1536w, https:\/\/www.24gliwice.pl\/wiadomosci\/wp-content\/uploads\/2024\/02\/studenckie-centrum-kreatywnosci-lg2-810x457.jpg 810w, https:\/\/www.24gliwice.pl\/wiadomosci\/wp-content\/uploads\/2024\/02\/studenckie-centrum-kreatywnosci-lg2-1140x643.jpg 1140w\" sizes=\"auto, (max-width: 2048px) 100vw, 2048px\" \/><\/a><\/p>\n<p>Szczeg\u00f3\u0142owe informacje na temat obiektu oraz konkursu \u201eModernizacja Roku &#038; Budowa XXI w.\u201d, a tak\u017ce mo\u017cliwo\u015b\u0107 oddania g\u0142osu &#8211; <a href=\"https:\/\/www.modernizacjaroku.org.pl\/pl\/edition\/4024\/object\/4481\/studenckie-centrum-kreatywnosci-politechniki-slaskiej-w-gliwicach\" rel=\"noopener\" target=\"_blank\">kliknij tu. <\/a><\/p>\n<p>(\u017cms)\/POLSL.PL<\/p>\n<div class=\"gliwi-a5-na-koncu-artykulow gliwi-entity-placement\" id=\"gliwi-2302556189\"><div class=\"gliwi-adlabel\"><span style=\"font-size: 9px\">REKLAMA<\/span><\/div><div id=\"gliwi-3966040410\" style=\"margin-left: auto;margin-right: auto;text-align: center;\"><a data-no-instant=\"1\" href=\"https:\/\/prezeroarenagliwice.pl\/\" rel=\"noopener\" class=\"a2t-link\" target=\"_blank\" aria-label=\"20260309-PREZERO-WIOSNA-D\"><img loading=\"lazy\" decoding=\"async\" src=\"https:\/\/www.24gliwice.pl\/wiadomosci\/wp-content\/uploads\/2026\/03\/20260309-PREZERO-WIOSNA-D.webp\" alt=\"\"  srcset=\"https:\/\/www.24gliwice.pl\/wiadomosci\/wp-content\/uploads\/2026\/03\/20260309-PREZERO-WIOSNA-D.webp 750w, https:\/\/www.24gliwice.pl\/wiadomosci\/wp-content\/uploads\/2026\/03\/20260309-PREZERO-WIOSNA-D-410x109.webp 410w\" sizes=\"(max-width: 750px) 100vw, 750px\" class=\"no-lazyload\" width=\"750\" height=\"200\"  style=\"display: inline-block; max-width: 100%; height: auto;\" \/><\/a><\/div><\/div>","protected":false},"excerpt":{"rendered":"<p>Studenckie Centrum Kreatywno\u015bci w przebudowanym budynku dawnej stajni przy ul. Akademickiej w Gliwicach zosta\u0142o zg\u0142oszone do konkursu na &#8220;Modernizacj\u0119 Roku&#8221;. Na obiekt nale\u017c\u0105cy teraz do Politechniki \u015al\u0105skiej oddano ju\u017c ponad 200 g\u0142os\u00f3w. &nbsp; Celem konkursu jest promocja oraz wy\u0142onienie ka\u017cdego roku najlepszych, wyr\u00f3\u017cniaj\u0105cych si\u0119 szczeg\u00f3lnymi walorami przedsi\u0119wzi\u0119\u0107 budowlanych. Uratowany od ca\u0142kowitej degradacji, zmodernizowany obiekt dawnych [&hellip;]<\/p>\n","protected":false},"author":15,"featured_media":235166,"comment_status":"open","ping_status":"closed","sticky":false,"template":"","format":"standard","meta":{"_monsterinsights_skip_tracking":false,"_monsterinsights_sitenote_active":false,"_monsterinsights_sitenote_note":"","_monsterinsights_sitenote_category":0,"footnotes":"","_links_to":"","_links_to_target":""},"categories":[3,1,9],"tags":[23557,23556],"class_list":["post-235161","post","type-post","status-publish","format-standard","has-post-thumbnail","hentry","category-gliwice","category-wszystko","category-aktualnosci_lokalne","tag-modernizacja-roku","tag-stajnia"],"yoast_head":"<!-- This site is optimized with the Yoast SEO plugin v27.5 - https:\/\/yoast.com\/product\/yoast-seo-wordpress\/ -->\n<title>Odrestaurowana stajnia dosta\u0142a drugie \u017cycie. Mo\u017cna odda\u0107 na ni\u0105 g\u0142os w konkursie &quot;Modernizacja Roku&quot; - 24GLIWICE - Portal Gliwice | codziennie nowe informacje<\/title>\n<meta name=\"description\" content=\"Studenckie Centrum Kreatywno\u015bci, utworzone w przebudowanej stajni przy ul. Akademickiej, nominowane w konkursie &quot;Modernizacja roku&quot;\" \/>\n<meta name=\"robots\" content=\"index, follow, max-snippet:-1, max-image-preview:large, max-video-preview:-1\" \/>\n<link rel=\"canonical\" href=\"https:\/\/www.24gliwice.pl\/wiadomosci\/odrestaurowana-stajnia-dostala-drugie-zycie-mozna-oddac-na-nia-glos-w-konkursie-modernizacja-roku\/\" \/>\n<meta property=\"og:locale\" content=\"pl_PL\" \/>\n<meta property=\"og:type\" content=\"article\" \/>\n<meta property=\"og:title\" content=\"Odrestaurowana stajnia dosta\u0142a drugie \u017cycie. Mo\u017cna odda\u0107 na ni\u0105 g\u0142os w konkursie &quot;Modernizacja Roku&quot; - 24GLIWICE - Portal Gliwice | codziennie nowe informacje\" \/>\n<meta property=\"og:description\" content=\"Studenckie Centrum Kreatywno\u015bci, utworzone w przebudowanej stajni przy ul. Akademickiej, nominowane w konkursie &quot;Modernizacja roku&quot;\" \/>\n<meta property=\"og:url\" content=\"https:\/\/www.24gliwice.pl\/wiadomosci\/odrestaurowana-stajnia-dostala-drugie-zycie-mozna-oddac-na-nia-glos-w-konkursie-modernizacja-roku\/\" \/>\n<meta property=\"og:site_name\" content=\"24GLIWICE - Portal Gliwice | codziennie nowe informacje\" \/>\n<meta property=\"article:publisher\" content=\"https:\/\/www.facebook.com\/24gliwice\" \/>\n<meta property=\"article:published_time\" content=\"2024-04-25T15:16:01+00:00\" \/>\n<meta property=\"article:modified_time\" content=\"2024-04-27T01:12:57+00:00\" \/>\n<meta property=\"og:image\" content=\"https:\/\/www.24gliwice.pl\/wiadomosci\/wp-content\/uploads\/2024\/04\/akademicka-stajnie-fot.-Maciej-Mutwil-4.jpg\" \/>\n\t<meta property=\"og:image:width\" content=\"769\" \/>\n\t<meta property=\"og:image:height\" content=\"433\" \/>\n\t<meta property=\"og:image:type\" content=\"image\/jpeg\" \/>\n<meta name=\"author\" content=\"\u017baneta Mrozek-Siewierska\" \/>\n<meta name=\"twitter:card\" content=\"summary_large_image\" \/>\n<meta name=\"twitter:creator\" content=\"@24gliwice\" \/>\n<meta name=\"twitter:site\" content=\"@24gliwice\" \/>\n<meta name=\"twitter:label1\" content=\"Napisane przez\" \/>\n\t<meta name=\"twitter:data1\" content=\"\u017baneta Mrozek-Siewierska\" \/>\n\t<meta name=\"twitter:label2\" content=\"Szacowany czas czytania\" \/>\n\t<meta name=\"twitter:data2\" content=\"3 minuty\" \/>\n<script type=\"application\/ld+json\" class=\"yoast-schema-graph\">{\"@context\":\"https:\\\/\\\/schema.org\",\"@graph\":[{\"@type\":\"Article\",\"@id\":\"https:\\\/\\\/www.24gliwice.pl\\\/wiadomosci\\\/odrestaurowana-stajnia-dostala-drugie-zycie-mozna-oddac-na-nia-glos-w-konkursie-modernizacja-roku\\\/#article\",\"isPartOf\":{\"@id\":\"https:\\\/\\\/www.24gliwice.pl\\\/wiadomosci\\\/odrestaurowana-stajnia-dostala-drugie-zycie-mozna-oddac-na-nia-glos-w-konkursie-modernizacja-roku\\\/\"},\"author\":{\"name\":\"\u017baneta Mrozek-Siewierska\",\"@id\":\"https:\\\/\\\/www.24gliwice.pl\\\/wiadomosci\\\/#\\\/schema\\\/person\\\/e42c650edd7f2fa332be3811fb166b6e\"},\"headline\":\"Odrestaurowana stajnia dosta\u0142a drugie \u017cycie. Mo\u017cna odda\u0107 na ni\u0105 g\u0142os w konkursie &#8220;Modernizacja Roku&#8221;\",\"datePublished\":\"2024-04-25T15:16:01+00:00\",\"dateModified\":\"2024-04-27T01:12:57+00:00\",\"mainEntityOfPage\":{\"@id\":\"https:\\\/\\\/www.24gliwice.pl\\\/wiadomosci\\\/odrestaurowana-stajnia-dostala-drugie-zycie-mozna-oddac-na-nia-glos-w-konkursie-modernizacja-roku\\\/\"},\"wordCount\":265,\"commentCount\":0,\"publisher\":{\"@id\":\"https:\\\/\\\/www.24gliwice.pl\\\/wiadomosci\\\/#organization\"},\"image\":{\"@id\":\"https:\\\/\\\/www.24gliwice.pl\\\/wiadomosci\\\/odrestaurowana-stajnia-dostala-drugie-zycie-mozna-oddac-na-nia-glos-w-konkursie-modernizacja-roku\\\/#primaryimage\"},\"thumbnailUrl\":\"https:\\\/\\\/www.24gliwice.pl\\\/wiadomosci\\\/wp-content\\\/uploads\\\/2024\\\/04\\\/akademicka-stajnie-fot.-Maciej-Mutwil-4.jpg\",\"keywords\":[\"MODERNIZACJA ROKU\",\"STAJNIA\"],\"articleSection\":[\"Gliwice\",\"Najnowsze wiadomo\u015bci\",\"Portal Gliwice - Wiadomo\u015bci lokalne\"],\"inLanguage\":\"pl-PL\",\"potentialAction\":[{\"@type\":\"CommentAction\",\"name\":\"Comment\",\"target\":[\"https:\\\/\\\/www.24gliwice.pl\\\/wiadomosci\\\/odrestaurowana-stajnia-dostala-drugie-zycie-mozna-oddac-na-nia-glos-w-konkursie-modernizacja-roku\\\/#respond\"]}]},{\"@type\":\"WebPage\",\"@id\":\"https:\\\/\\\/www.24gliwice.pl\\\/wiadomosci\\\/odrestaurowana-stajnia-dostala-drugie-zycie-mozna-oddac-na-nia-glos-w-konkursie-modernizacja-roku\\\/\",\"url\":\"https:\\\/\\\/www.24gliwice.pl\\\/wiadomosci\\\/odrestaurowana-stajnia-dostala-drugie-zycie-mozna-oddac-na-nia-glos-w-konkursie-modernizacja-roku\\\/\",\"name\":\"Odrestaurowana stajnia dosta\u0142a drugie \u017cycie. Mo\u017cna odda\u0107 na ni\u0105 g\u0142os w konkursie \\\"Modernizacja Roku\\\" - 24GLIWICE - Portal Gliwice | codziennie nowe informacje\",\"isPartOf\":{\"@id\":\"https:\\\/\\\/www.24gliwice.pl\\\/wiadomosci\\\/#website\"},\"primaryImageOfPage\":{\"@id\":\"https:\\\/\\\/www.24gliwice.pl\\\/wiadomosci\\\/odrestaurowana-stajnia-dostala-drugie-zycie-mozna-oddac-na-nia-glos-w-konkursie-modernizacja-roku\\\/#primaryimage\"},\"image\":{\"@id\":\"https:\\\/\\\/www.24gliwice.pl\\\/wiadomosci\\\/odrestaurowana-stajnia-dostala-drugie-zycie-mozna-oddac-na-nia-glos-w-konkursie-modernizacja-roku\\\/#primaryimage\"},\"thumbnailUrl\":\"https:\\\/\\\/www.24gliwice.pl\\\/wiadomosci\\\/wp-content\\\/uploads\\\/2024\\\/04\\\/akademicka-stajnie-fot.-Maciej-Mutwil-4.jpg\",\"datePublished\":\"2024-04-25T15:16:01+00:00\",\"dateModified\":\"2024-04-27T01:12:57+00:00\",\"description\":\"Studenckie Centrum Kreatywno\u015bci, utworzone w przebudowanej stajni przy ul. Akademickiej, nominowane w konkursie \\\"Modernizacja roku\\\"\",\"breadcrumb\":{\"@id\":\"https:\\\/\\\/www.24gliwice.pl\\\/wiadomosci\\\/odrestaurowana-stajnia-dostala-drugie-zycie-mozna-oddac-na-nia-glos-w-konkursie-modernizacja-roku\\\/#breadcrumb\"},\"inLanguage\":\"pl-PL\",\"potentialAction\":[{\"@type\":\"ReadAction\",\"target\":[\"https:\\\/\\\/www.24gliwice.pl\\\/wiadomosci\\\/odrestaurowana-stajnia-dostala-drugie-zycie-mozna-oddac-na-nia-glos-w-konkursie-modernizacja-roku\\\/\"]}]},{\"@type\":\"ImageObject\",\"inLanguage\":\"pl-PL\",\"@id\":\"https:\\\/\\\/www.24gliwice.pl\\\/wiadomosci\\\/odrestaurowana-stajnia-dostala-drugie-zycie-mozna-oddac-na-nia-glos-w-konkursie-modernizacja-roku\\\/#primaryimage\",\"url\":\"https:\\\/\\\/www.24gliwice.pl\\\/wiadomosci\\\/wp-content\\\/uploads\\\/2024\\\/04\\\/akademicka-stajnie-fot.-Maciej-Mutwil-4.jpg\",\"contentUrl\":\"https:\\\/\\\/www.24gliwice.pl\\\/wiadomosci\\\/wp-content\\\/uploads\\\/2024\\\/04\\\/akademicka-stajnie-fot.-Maciej-Mutwil-4.jpg\",\"width\":769,\"height\":433},{\"@type\":\"BreadcrumbList\",\"@id\":\"https:\\\/\\\/www.24gliwice.pl\\\/wiadomosci\\\/odrestaurowana-stajnia-dostala-drugie-zycie-mozna-oddac-na-nia-glos-w-konkursie-modernizacja-roku\\\/#breadcrumb\",\"itemListElement\":[{\"@type\":\"ListItem\",\"position\":1,\"name\":\"Strona g\u0142\u00f3wna\",\"item\":\"https:\\\/\\\/www.24gliwice.pl\\\/wiadomosci\\\/\"},{\"@type\":\"ListItem\",\"position\":2,\"name\":\"Odrestaurowana stajnia dosta\u0142a drugie \u017cycie. Mo\u017cna odda\u0107 na ni\u0105 g\u0142os w konkursie &#8222;Modernizacja Roku&#8221;\"}]},{\"@type\":\"WebSite\",\"@id\":\"https:\\\/\\\/www.24gliwice.pl\\\/wiadomosci\\\/#website\",\"url\":\"https:\\\/\\\/www.24gliwice.pl\\\/wiadomosci\\\/\",\"name\":\"24GLIWICE - Portal Gliwice | codziennie nowe wiadomo\u015bci\",\"description\":\"Portal Miejski Gliwice\",\"publisher\":{\"@id\":\"https:\\\/\\\/www.24gliwice.pl\\\/wiadomosci\\\/#organization\"},\"potentialAction\":[{\"@type\":\"SearchAction\",\"target\":{\"@type\":\"EntryPoint\",\"urlTemplate\":\"https:\\\/\\\/www.24gliwice.pl\\\/wiadomosci\\\/?s={search_term_string}\"},\"query-input\":{\"@type\":\"PropertyValueSpecification\",\"valueRequired\":true,\"valueName\":\"search_term_string\"}}],\"inLanguage\":\"pl-PL\"},{\"@type\":\"Organization\",\"@id\":\"https:\\\/\\\/www.24gliwice.pl\\\/wiadomosci\\\/#organization\",\"name\":\"24gliwice\",\"url\":\"https:\\\/\\\/www.24gliwice.pl\\\/wiadomosci\\\/\",\"logo\":{\"@type\":\"ImageObject\",\"inLanguage\":\"pl-PL\",\"@id\":\"https:\\\/\\\/www.24gliwice.pl\\\/wiadomosci\\\/#\\\/schema\\\/logo\\\/image\\\/\",\"url\":\"https:\\\/\\\/www.24gliwice.pl\\\/wiadomosci\\\/wp-content\\\/uploads\\\/2024\\\/10\\\/24gliwice-logo-696.jpg\",\"contentUrl\":\"https:\\\/\\\/www.24gliwice.pl\\\/wiadomosci\\\/wp-content\\\/uploads\\\/2024\\\/10\\\/24gliwice-logo-696.jpg\",\"width\":696,\"height\":696,\"caption\":\"24gliwice\"},\"image\":{\"@id\":\"https:\\\/\\\/www.24gliwice.pl\\\/wiadomosci\\\/#\\\/schema\\\/logo\\\/image\\\/\"},\"sameAs\":[\"https:\\\/\\\/www.facebook.com\\\/24gliwice\",\"https:\\\/\\\/x.com\\\/24gliwice\",\"https:\\\/\\\/www.youtube.com\\\/@24gliwice\"]},{\"@type\":\"Person\",\"@id\":\"https:\\\/\\\/www.24gliwice.pl\\\/wiadomosci\\\/#\\\/schema\\\/person\\\/e42c650edd7f2fa332be3811fb166b6e\",\"name\":\"\u017baneta Mrozek-Siewierska\",\"image\":{\"@type\":\"ImageObject\",\"inLanguage\":\"pl-PL\",\"@id\":\"https:\\\/\\\/secure.gravatar.com\\\/avatar\\\/1881429e9c64597c77ad7aef2d0a19be69a3253e57534d16aa15bf3a4d34a0a3?s=96&d=mm&r=g\",\"url\":\"https:\\\/\\\/secure.gravatar.com\\\/avatar\\\/1881429e9c64597c77ad7aef2d0a19be69a3253e57534d16aa15bf3a4d34a0a3?s=96&d=mm&r=g\",\"contentUrl\":\"https:\\\/\\\/secure.gravatar.com\\\/avatar\\\/1881429e9c64597c77ad7aef2d0a19be69a3253e57534d16aa15bf3a4d34a0a3?s=96&d=mm&r=g\",\"caption\":\"\u017baneta Mrozek-Siewierska\"},\"url\":\"https:\\\/\\\/www.24gliwice.pl\\\/wiadomosci\\\/author\\\/zms\\\/\"}]}<\/script>\n<!-- \/ Yoast SEO plugin. -->","yoast_head_json":{"title":"Odrestaurowana stajnia dosta\u0142a drugie \u017cycie. Mo\u017cna odda\u0107 na ni\u0105 g\u0142os w konkursie \"Modernizacja Roku\" - 24GLIWICE - Portal Gliwice | codziennie nowe informacje","description":"Studenckie Centrum Kreatywno\u015bci, utworzone w przebudowanej stajni przy ul. Akademickiej, nominowane w konkursie \"Modernizacja roku\"","robots":{"index":"index","follow":"follow","max-snippet":"max-snippet:-1","max-image-preview":"max-image-preview:large","max-video-preview":"max-video-preview:-1"},"canonical":"https:\/\/www.24gliwice.pl\/wiadomosci\/odrestaurowana-stajnia-dostala-drugie-zycie-mozna-oddac-na-nia-glos-w-konkursie-modernizacja-roku\/","og_locale":"pl_PL","og_type":"article","og_title":"Odrestaurowana stajnia dosta\u0142a drugie \u017cycie. Mo\u017cna odda\u0107 na ni\u0105 g\u0142os w konkursie \"Modernizacja Roku\" - 24GLIWICE - Portal Gliwice | codziennie nowe informacje","og_description":"Studenckie Centrum Kreatywno\u015bci, utworzone w przebudowanej stajni przy ul. Akademickiej, nominowane w konkursie \"Modernizacja roku\"","og_url":"https:\/\/www.24gliwice.pl\/wiadomosci\/odrestaurowana-stajnia-dostala-drugie-zycie-mozna-oddac-na-nia-glos-w-konkursie-modernizacja-roku\/","og_site_name":"24GLIWICE - Portal Gliwice | codziennie nowe informacje","article_publisher":"https:\/\/www.facebook.com\/24gliwice","article_published_time":"2024-04-25T15:16:01+00:00","article_modified_time":"2024-04-27T01:12:57+00:00","og_image":[{"width":769,"height":433,"url":"https:\/\/www.24gliwice.pl\/wiadomosci\/wp-content\/uploads\/2024\/04\/akademicka-stajnie-fot.-Maciej-Mutwil-4.jpg","type":"image\/jpeg"}],"author":"\u017baneta Mrozek-Siewierska","twitter_card":"summary_large_image","twitter_creator":"@24gliwice","twitter_site":"@24gliwice","twitter_misc":{"Napisane przez":"\u017baneta Mrozek-Siewierska","Szacowany czas czytania":"3 minuty"},"schema":{"@context":"https:\/\/schema.org","@graph":[{"@type":"Article","@id":"https:\/\/www.24gliwice.pl\/wiadomosci\/odrestaurowana-stajnia-dostala-drugie-zycie-mozna-oddac-na-nia-glos-w-konkursie-modernizacja-roku\/#article","isPartOf":{"@id":"https:\/\/www.24gliwice.pl\/wiadomosci\/odrestaurowana-stajnia-dostala-drugie-zycie-mozna-oddac-na-nia-glos-w-konkursie-modernizacja-roku\/"},"author":{"name":"\u017baneta Mrozek-Siewierska","@id":"https:\/\/www.24gliwice.pl\/wiadomosci\/#\/schema\/person\/e42c650edd7f2fa332be3811fb166b6e"},"headline":"Odrestaurowana stajnia dosta\u0142a drugie \u017cycie. Mo\u017cna odda\u0107 na ni\u0105 g\u0142os w konkursie &#8220;Modernizacja Roku&#8221;","datePublished":"2024-04-25T15:16:01+00:00","dateModified":"2024-04-27T01:12:57+00:00","mainEntityOfPage":{"@id":"https:\/\/www.24gliwice.pl\/wiadomosci\/odrestaurowana-stajnia-dostala-drugie-zycie-mozna-oddac-na-nia-glos-w-konkursie-modernizacja-roku\/"},"wordCount":265,"commentCount":0,"publisher":{"@id":"https:\/\/www.24gliwice.pl\/wiadomosci\/#organization"},"image":{"@id":"https:\/\/www.24gliwice.pl\/wiadomosci\/odrestaurowana-stajnia-dostala-drugie-zycie-mozna-oddac-na-nia-glos-w-konkursie-modernizacja-roku\/#primaryimage"},"thumbnailUrl":"https:\/\/www.24gliwice.pl\/wiadomosci\/wp-content\/uploads\/2024\/04\/akademicka-stajnie-fot.-Maciej-Mutwil-4.jpg","keywords":["MODERNIZACJA ROKU","STAJNIA"],"articleSection":["Gliwice","Najnowsze wiadomo\u015bci","Portal Gliwice - Wiadomo\u015bci lokalne"],"inLanguage":"pl-PL","potentialAction":[{"@type":"CommentAction","name":"Comment","target":["https:\/\/www.24gliwice.pl\/wiadomosci\/odrestaurowana-stajnia-dostala-drugie-zycie-mozna-oddac-na-nia-glos-w-konkursie-modernizacja-roku\/#respond"]}]},{"@type":"WebPage","@id":"https:\/\/www.24gliwice.pl\/wiadomosci\/odrestaurowana-stajnia-dostala-drugie-zycie-mozna-oddac-na-nia-glos-w-konkursie-modernizacja-roku\/","url":"https:\/\/www.24gliwice.pl\/wiadomosci\/odrestaurowana-stajnia-dostala-drugie-zycie-mozna-oddac-na-nia-glos-w-konkursie-modernizacja-roku\/","name":"Odrestaurowana stajnia dosta\u0142a drugie \u017cycie. Mo\u017cna odda\u0107 na ni\u0105 g\u0142os w konkursie \"Modernizacja Roku\" - 24GLIWICE - Portal Gliwice | codziennie nowe informacje","isPartOf":{"@id":"https:\/\/www.24gliwice.pl\/wiadomosci\/#website"},"primaryImageOfPage":{"@id":"https:\/\/www.24gliwice.pl\/wiadomosci\/odrestaurowana-stajnia-dostala-drugie-zycie-mozna-oddac-na-nia-glos-w-konkursie-modernizacja-roku\/#primaryimage"},"image":{"@id":"https:\/\/www.24gliwice.pl\/wiadomosci\/odrestaurowana-stajnia-dostala-drugie-zycie-mozna-oddac-na-nia-glos-w-konkursie-modernizacja-roku\/#primaryimage"},"thumbnailUrl":"https:\/\/www.24gliwice.pl\/wiadomosci\/wp-content\/uploads\/2024\/04\/akademicka-stajnie-fot.-Maciej-Mutwil-4.jpg","datePublished":"2024-04-25T15:16:01+00:00","dateModified":"2024-04-27T01:12:57+00:00","description":"Studenckie Centrum Kreatywno\u015bci, utworzone w przebudowanej stajni przy ul. Akademickiej, nominowane w konkursie \"Modernizacja roku\"","breadcrumb":{"@id":"https:\/\/www.24gliwice.pl\/wiadomosci\/odrestaurowana-stajnia-dostala-drugie-zycie-mozna-oddac-na-nia-glos-w-konkursie-modernizacja-roku\/#breadcrumb"},"inLanguage":"pl-PL","potentialAction":[{"@type":"ReadAction","target":["https:\/\/www.24gliwice.pl\/wiadomosci\/odrestaurowana-stajnia-dostala-drugie-zycie-mozna-oddac-na-nia-glos-w-konkursie-modernizacja-roku\/"]}]},{"@type":"ImageObject","inLanguage":"pl-PL","@id":"https:\/\/www.24gliwice.pl\/wiadomosci\/odrestaurowana-stajnia-dostala-drugie-zycie-mozna-oddac-na-nia-glos-w-konkursie-modernizacja-roku\/#primaryimage","url":"https:\/\/www.24gliwice.pl\/wiadomosci\/wp-content\/uploads\/2024\/04\/akademicka-stajnie-fot.-Maciej-Mutwil-4.jpg","contentUrl":"https:\/\/www.24gliwice.pl\/wiadomosci\/wp-content\/uploads\/2024\/04\/akademicka-stajnie-fot.-Maciej-Mutwil-4.jpg","width":769,"height":433},{"@type":"BreadcrumbList","@id":"https:\/\/www.24gliwice.pl\/wiadomosci\/odrestaurowana-stajnia-dostala-drugie-zycie-mozna-oddac-na-nia-glos-w-konkursie-modernizacja-roku\/#breadcrumb","itemListElement":[{"@type":"ListItem","position":1,"name":"Strona g\u0142\u00f3wna","item":"https:\/\/www.24gliwice.pl\/wiadomosci\/"},{"@type":"ListItem","position":2,"name":"Odrestaurowana stajnia dosta\u0142a drugie \u017cycie. Mo\u017cna odda\u0107 na ni\u0105 g\u0142os w konkursie &#8222;Modernizacja Roku&#8221;"}]},{"@type":"WebSite","@id":"https:\/\/www.24gliwice.pl\/wiadomosci\/#website","url":"https:\/\/www.24gliwice.pl\/wiadomosci\/","name":"24GLIWICE - Portal Gliwice | codziennie nowe wiadomo\u015bci","description":"Portal Miejski Gliwice","publisher":{"@id":"https:\/\/www.24gliwice.pl\/wiadomosci\/#organization"},"potentialAction":[{"@type":"SearchAction","target":{"@type":"EntryPoint","urlTemplate":"https:\/\/www.24gliwice.pl\/wiadomosci\/?s={search_term_string}"},"query-input":{"@type":"PropertyValueSpecification","valueRequired":true,"valueName":"search_term_string"}}],"inLanguage":"pl-PL"},{"@type":"Organization","@id":"https:\/\/www.24gliwice.pl\/wiadomosci\/#organization","name":"24gliwice","url":"https:\/\/www.24gliwice.pl\/wiadomosci\/","logo":{"@type":"ImageObject","inLanguage":"pl-PL","@id":"https:\/\/www.24gliwice.pl\/wiadomosci\/#\/schema\/logo\/image\/","url":"https:\/\/www.24gliwice.pl\/wiadomosci\/wp-content\/uploads\/2024\/10\/24gliwice-logo-696.jpg","contentUrl":"https:\/\/www.24gliwice.pl\/wiadomosci\/wp-content\/uploads\/2024\/10\/24gliwice-logo-696.jpg","width":696,"height":696,"caption":"24gliwice"},"image":{"@id":"https:\/\/www.24gliwice.pl\/wiadomosci\/#\/schema\/logo\/image\/"},"sameAs":["https:\/\/www.facebook.com\/24gliwice","https:\/\/x.com\/24gliwice","https:\/\/www.youtube.com\/@24gliwice"]},{"@type":"Person","@id":"https:\/\/www.24gliwice.pl\/wiadomosci\/#\/schema\/person\/e42c650edd7f2fa332be3811fb166b6e","name":"\u017baneta Mrozek-Siewierska","image":{"@type":"ImageObject","inLanguage":"pl-PL","@id":"https:\/\/secure.gravatar.com\/avatar\/1881429e9c64597c77ad7aef2d0a19be69a3253e57534d16aa15bf3a4d34a0a3?s=96&d=mm&r=g","url":"https:\/\/secure.gravatar.com\/avatar\/1881429e9c64597c77ad7aef2d0a19be69a3253e57534d16aa15bf3a4d34a0a3?s=96&d=mm&r=g","contentUrl":"https:\/\/secure.gravatar.com\/avatar\/1881429e9c64597c77ad7aef2d0a19be69a3253e57534d16aa15bf3a4d34a0a3?s=96&d=mm&r=g","caption":"\u017baneta Mrozek-Siewierska"},"url":"https:\/\/www.24gliwice.pl\/wiadomosci\/author\/zms\/"}]}},"_links":{"self":[{"href":"https:\/\/www.24gliwice.pl\/wiadomosci\/wp-json\/wp\/v2\/posts\/235161","targetHints":{"allow":["GET"]}}],"collection":[{"href":"https:\/\/www.24gliwice.pl\/wiadomosci\/wp-json\/wp\/v2\/posts"}],"about":[{"href":"https:\/\/www.24gliwice.pl\/wiadomosci\/wp-json\/wp\/v2\/types\/post"}],"author":[{"embeddable":true,"href":"https:\/\/www.24gliwice.pl\/wiadomosci\/wp-json\/wp\/v2\/users\/15"}],"replies":[{"embeddable":true,"href":"https:\/\/www.24gliwice.pl\/wiadomosci\/wp-json\/wp\/v2\/comments?post=235161"}],"version-history":[{"count":0,"href":"https:\/\/www.24gliwice.pl\/wiadomosci\/wp-json\/wp\/v2\/posts\/235161\/revisions"}],"wp:featuredmedia":[{"embeddable":true,"href":"https:\/\/www.24gliwice.pl\/wiadomosci\/wp-json\/wp\/v2\/media\/235166"}],"wp:attachment":[{"href":"https:\/\/www.24gliwice.pl\/wiadomosci\/wp-json\/wp\/v2\/media?parent=235161"}],"wp:term":[{"taxonomy":"category","embeddable":true,"href":"https:\/\/www.24gliwice.pl\/wiadomosci\/wp-json\/wp\/v2\/categories?post=235161"},{"taxonomy":"post_tag","embeddable":true,"href":"https:\/\/www.24gliwice.pl\/wiadomosci\/wp-json\/wp\/v2\/tags?post=235161"}],"curies":[{"name":"wp","href":"https:\/\/api.w.org\/{rel}","templated":true}]}}