{"id":235841,"date":"2024-05-12T03:27:01","date_gmt":"2024-05-12T01:27:01","guid":{"rendered":"https:\/\/www.24gliwice.pl\/wiadomosci\/?p=235841"},"modified":"2024-05-12T03:27:01","modified_gmt":"2024-05-12T01:27:01","slug":"nowy-market-i-park-handlowy-obok-budowanego-osiedla-calosc-ma-byc-gotowa-za-okolo-2-lata","status":"publish","type":"post","link":"https:\/\/www.24gliwice.pl\/wiadomosci\/nowy-market-i-park-handlowy-obok-budowanego-osiedla-calosc-ma-byc-gotowa-za-okolo-2-lata\/","title":{"rendered":"Nowy market i park handlowy obok budowanego osiedla. Ca\u0142o\u015b\u0107 ma by\u0107 gotowa za oko\u0142o 2 lata"},"content":{"rendered":"<div class=\"gliwi-a6-nad-leadem-artykulow gliwi-entity-placement\" id=\"gliwi-70216232\"><div class=\"gliwi-adlabel\"><span style=\"font-size: 9px\">REKLAMA<\/span><\/div><div id=\"gliwi-175883296\" style=\"margin-bottom: 30px;margin-left: auto;margin-right: auto;text-align: center;\"><a data-no-instant=\"1\" href=\"https:\/\/przedszkole.halogen.org.pl\/\" rel=\"noopener\" class=\"a2t-link\" target=\"_blank\" aria-label=\"20260402-ANIMATOR-przedszkole_grafika_750x200\"><img loading=\"lazy\" decoding=\"async\" src=\"https:\/\/www.24gliwice.pl\/wiadomosci\/wp-content\/uploads\/2026\/04\/20260402-ANIMATOR-przedszkole_grafika_750x200.webp\" alt=\"\"  srcset=\"https:\/\/www.24gliwice.pl\/wiadomosci\/wp-content\/uploads\/2026\/04\/20260402-ANIMATOR-przedszkole_grafika_750x200.webp 750w, https:\/\/www.24gliwice.pl\/wiadomosci\/wp-content\/uploads\/2026\/04\/20260402-ANIMATOR-przedszkole_grafika_750x200-410x109.webp 410w\" sizes=\"(max-width: 750px) 100vw, 750px\" class=\"no-lazyload\" width=\"750\" height=\"200\"  style=\"display: inline-block; max-width: 100%; height: auto;\" \/><\/a><\/div><\/div><h2>Market spo\u017cywczy znanej sieci i park handlowy to inwestycja planowana przez firm\u0119 SPEC BAU Polska na dzia\u0142kach przy ul. Andersa\/Okulickiego. Przedsi\u0119wzi\u0119cie jest na etapie pozyskiwania pozwolenia na budow\u0119, je\u015bli wszystko p\u00f3jdzie zgodnie z planem, b\u0119dzie gotowe za niespe\u0142na 2 lata.<\/h2>\n<p>&nbsp;<br \/>\nPark handlowy, w kt\u00f3rym znajdzie si\u0119 m.in. drogeria, a tak\u017ce cz\u0119\u015b\u0107 biurowa, b\u0119dzie stanowi\u0142 uzupe\u0142nienie dla osiedla firmy ATAL, kt\u00f3re obecnie jest realizowane na terenie mi\u0119dzy ogr\u00f3dkami dzia\u0142kowymi, a ulic\u0105 Okulickiego. Przy jego realizacji konieczna b\u0119dzie przebudowa ulicy Andersa &#8211; docelowo nowy teren miejski ma by\u0107 skomunikowany dwoma zjazdami.<\/p>\n<p><a href=\"https:\/\/www.24gliwice.pl\/wiadomosci\/wp-content\/uploads\/2024\/05\/atal-osiedle2.jpg\"><img loading=\"lazy\" decoding=\"async\" class=\"alignnone size-full wp-image-235885\" src=\"https:\/\/www.24gliwice.pl\/wiadomosci\/wp-content\/uploads\/2024\/05\/atal-osiedle2.jpg\" alt=\"\" width=\"810\" height=\"456\" srcset=\"https:\/\/www.24gliwice.pl\/wiadomosci\/wp-content\/uploads\/2024\/05\/atal-osiedle2.jpg 810w, https:\/\/www.24gliwice.pl\/wiadomosci\/wp-content\/uploads\/2024\/05\/atal-osiedle2-410x232.jpg 410w, https:\/\/www.24gliwice.pl\/wiadomosci\/wp-content\/uploads\/2024\/05\/atal-osiedle2-808x455.jpg 808w, https:\/\/www.24gliwice.pl\/wiadomosci\/wp-content\/uploads\/2024\/05\/atal-osiedle2-768x432.jpg 768w\" sizes=\"auto, (max-width: 810px) 100vw, 810px\" \/><\/a><\/p>\n<p><a href=\"https:\/\/www.24gliwice.pl\/wiadomosci\/wp-content\/uploads\/2024\/05\/atal-osiedle3.jpg\"><img loading=\"lazy\" decoding=\"async\" class=\"alignnone size-full wp-image-235886\" src=\"https:\/\/www.24gliwice.pl\/wiadomosci\/wp-content\/uploads\/2024\/05\/atal-osiedle3.jpg\" alt=\"\" width=\"810\" height=\"456\" srcset=\"https:\/\/www.24gliwice.pl\/wiadomosci\/wp-content\/uploads\/2024\/05\/atal-osiedle3.jpg 810w, https:\/\/www.24gliwice.pl\/wiadomosci\/wp-content\/uploads\/2024\/05\/atal-osiedle3-410x232.jpg 410w, https:\/\/www.24gliwice.pl\/wiadomosci\/wp-content\/uploads\/2024\/05\/atal-osiedle3-808x455.jpg 808w, https:\/\/www.24gliwice.pl\/wiadomosci\/wp-content\/uploads\/2024\/05\/atal-osiedle3-768x432.jpg 768w\" sizes=\"auto, (max-width: 810px) 100vw, 810px\" \/><\/a><\/p>\n<p>Inwestycja pod nazw\u0105 &#8220;budowa budynku handlowo-us\u0142ugowego wraz z infrastruktur\u0105 towarzysz\u0105ca i drogow\u0105&#8221; ma powsta\u0107 na dzia\u0142kach 2047, 2046, 2045, 2038 w obr\u0119bie Nowe Miasto. Jest to niemal ten sam zakres grunt\u00f3w, kt\u00f3ry wskazano we wniosku firmy ATAL, kt\u00f3ra buduje obok osiedle wielolokalowych budynk\u00f3w mieszkalnych &#8211; okazuje si\u0119, \u017ce inwestor odkupi\u0142 od dewelopera cz\u0119\u015b\u0107 terenu, gdzie postawi swoj\u0105 nieruchomo\u015b\u0107. Zako\u0144czenie tej inwestycji planowane jest na ko\u0144c\u00f3wk\u0119 2025 roku lub I kwarta\u0142 2026 r.<\/p><div class=\"gliwi-a3-w-tresci-artykulow gliwi-entity-placement\" id=\"gliwi-1041620145\"><div class=\"gliwi-adlabel\"><span style=\"font-size: 9px\">REKLAMA<\/span><\/div><div id=\"gliwi-60042786\" style=\"margin-bottom: 30px;margin-left: auto;margin-right: auto;text-align: center;\"><a data-no-instant=\"1\" href=\"https:\/\/zlobek.halogen.org.pl\/\" rel=\"noopener\" class=\"a2t-link\" target=\"_blank\" aria-label=\"animator-zlobek_750x200\"><img loading=\"lazy\" decoding=\"async\" src=\"https:\/\/www.24gliwice.pl\/wiadomosci\/wp-content\/uploads\/2026\/02\/animator-zlobek_750x200.webp\" alt=\"\"  srcset=\"https:\/\/www.24gliwice.pl\/wiadomosci\/wp-content\/uploads\/2026\/02\/animator-zlobek_750x200.webp 750w, https:\/\/www.24gliwice.pl\/wiadomosci\/wp-content\/uploads\/2026\/02\/animator-zlobek_750x200-410x109.webp 410w\" sizes=\"(max-width: 750px) 100vw, 750px\" class=\"no-lazyload\" width=\"750\" height=\"200\"  style=\"display: inline-block; max-width: 100%; height: auto;\" \/><\/a><\/div><\/div>\n<p><a href=\"https:\/\/www.24gliwice.pl\/wiadomosci\/wp-content\/uploads\/2024\/05\/Zrzut-ekranu-2024-05-10-181942.jpg\"><img loading=\"lazy\" decoding=\"async\" class=\"alignnone size-full wp-image-235894\" src=\"https:\/\/www.24gliwice.pl\/wiadomosci\/wp-content\/uploads\/2024\/05\/Zrzut-ekranu-2024-05-10-181942.jpg\" alt=\"\" width=\"810\" height=\"535\" srcset=\"https:\/\/www.24gliwice.pl\/wiadomosci\/wp-content\/uploads\/2024\/05\/Zrzut-ekranu-2024-05-10-181942.jpg 810w, https:\/\/www.24gliwice.pl\/wiadomosci\/wp-content\/uploads\/2024\/05\/Zrzut-ekranu-2024-05-10-181942-351x232.jpg 351w, https:\/\/www.24gliwice.pl\/wiadomosci\/wp-content\/uploads\/2024\/05\/Zrzut-ekranu-2024-05-10-181942-689x455.jpg 689w, https:\/\/www.24gliwice.pl\/wiadomosci\/wp-content\/uploads\/2024\/05\/Zrzut-ekranu-2024-05-10-181942-768x507.jpg 768w\" sizes=\"auto, (max-width: 810px) 100vw, 810px\" \/><\/a><\/p>\n<h4>Wi\u0119cej mieszka\u0144, market\u00f3w i wi\u0119ksze obci\u0105\u017cenie dr\u00f3g<\/h4>\n<p><a href=\"https:\/\/www.24gliwice.pl\/wiadomosci\/wp-content\/uploads\/2024\/05\/nowy-market-andersa-okulickiego.jpg\"><img loading=\"lazy\" decoding=\"async\" class=\"alignnone size-full wp-image-235887\" src=\"https:\/\/www.24gliwice.pl\/wiadomosci\/wp-content\/uploads\/2024\/05\/nowy-market-andersa-okulickiego.jpg\" alt=\"\" width=\"810\" height=\"457\" srcset=\"https:\/\/www.24gliwice.pl\/wiadomosci\/wp-content\/uploads\/2024\/05\/nowy-market-andersa-okulickiego.jpg 810w, https:\/\/www.24gliwice.pl\/wiadomosci\/wp-content\/uploads\/2024\/05\/nowy-market-andersa-okulickiego-410x232.jpg 410w, https:\/\/www.24gliwice.pl\/wiadomosci\/wp-content\/uploads\/2024\/05\/nowy-market-andersa-okulickiego-806x455.jpg 806w, https:\/\/www.24gliwice.pl\/wiadomosci\/wp-content\/uploads\/2024\/05\/nowy-market-andersa-okulickiego-768x433.jpg 768w\" sizes=\"auto, (max-width: 810px) 100vw, 810px\" \/><\/a><\/p>\n<p>Market spo\u017cywczy, kt\u00f3ry powstanie przy ulicy Andersa b\u0119dzie kolejnym tego rodzaju obiektem w tej cz\u0119\u015bci Gliwic. Po drugiej stronie ulicy Andersa dzia\u0142aj\u0105 sklepy sieci LIDL oraz Biedronka. Dwa inne markety nale\u017c\u0105ce do Jeronimo Martins le\u017c\u0105 na osiedlu Wojska Polskiego (przy ul. Kozielskiej i Czwartak\u00f3w), nieco dalej dzia\u0142a park handlowy Arena, a w planie jest przebudowa dawnego Tesco Extra przy ul. \u0141ab\u0119dzkiej (Stare Gliwice), kt\u00f3re r\u00f3wnie\u017c zachowa funkcj\u0119 handlow\u0105.<\/p>\n<h4>Nowy obiekt handlowy, a tak\u017ce budowane osiedle po zasiedleniu przez mieszka\u0144c\u00f3w, stan\u0105 si\u0119 kolejnymi generatorami ruchu drogowego w tej cz\u0119\u015bci Gliwic.<\/h4>\n<p>Przypomnijmy, \u017ce inwestycja firmy ATAL zak\u0142ada\u0142a budow\u0119 kilku budynk\u00f3w mieszkalnych, w kt\u00f3rych znajdzie si\u0119 ponad 800 mieszka\u0144 (niedawno z\u0142o\u017cono wniosek o pozwolenie na budow\u0119 dw\u00f3ch kolejnych budynk\u00f3w wieloklatkowych). Oznacza to &#8211; jak mo\u017cna zak\u0142ada\u0107 &#8211; co najmniej tyle samo samochod\u00f3w nale\u017c\u0105cych do ich lokator\u00f3w. Dodajmy do tego jeszcze, \u017ce ulica Okulickiego le\u017cy od niedawna w przebiegu drogi krajowej nr 78, poprowadzonej tam od ulicy Rybnickiej po nowych odcinkach obwodnicy zachodniej, co dodatkowo zwi\u0119ksza ruch samochodowy.<\/p>\n<p><a href=\"https:\/\/www.24gliwice.pl\/wiadomosci\/wp-content\/uploads\/2024\/05\/atal-osiedle.jpg\"><img loading=\"lazy\" decoding=\"async\" class=\"alignnone size-full wp-image-235884\" src=\"https:\/\/www.24gliwice.pl\/wiadomosci\/wp-content\/uploads\/2024\/05\/atal-osiedle.jpg\" alt=\"\" width=\"810\" height=\"457\" srcset=\"https:\/\/www.24gliwice.pl\/wiadomosci\/wp-content\/uploads\/2024\/05\/atal-osiedle.jpg 810w, https:\/\/www.24gliwice.pl\/wiadomosci\/wp-content\/uploads\/2024\/05\/atal-osiedle-410x232.jpg 410w, https:\/\/www.24gliwice.pl\/wiadomosci\/wp-content\/uploads\/2024\/05\/atal-osiedle-806x455.jpg 806w, https:\/\/www.24gliwice.pl\/wiadomosci\/wp-content\/uploads\/2024\/05\/atal-osiedle-768x433.jpg 768w\" sizes=\"auto, (max-width: 810px) 100vw, 810px\" \/><\/a><\/p>\n<p>To jednak nie koniec przewidywanych zmian w tej cz\u0119\u015bci Gliwic. Kilka miesi\u0119cy temu Zarz\u0105d Dr\u00f3g Miejskich poszukiwa\u0142 wykonawcy analizy ruchu i koncepcji rozwi\u0105za\u0144 dla potencjalnej rozbudowy uk\u0142adu komunikacyjnego obejmuj\u0105cego ulice Andersa, Kozielsk\u0105 i Okulickiego. Efektem prac mia\u0142o by\u0107 przedstawienie mo\u017cliwo\u015bci zwi\u0119kszenia przepustowo\u015bci dr\u00f3g. Jak wynika\u0142o z dokumentacji, w przysz\u0142o\u015bci w Starych Gliwicach przewidziano budow\u0119 dw\u00f3ch osiedli mieszkaniowych przy drodze wewn\u0119trznej (nie istniej\u0105cej jeszcze &#8211; wi\u0119c bez nazwy) znajduj\u0105cej si\u0119 na przed\u0142u\u017ceniu ul. Chemicznej. Ostatecznie post\u0119powanie zosta\u0142o uniewa\u017cnione, ze wzgl\u0119du na zbyt wysokie wyceny w ofertach z\u0142o\u017conych przez wykonawc\u00f3w. Rozwoju tkanki miejskiej raczej na pewno to nie zatrzyma.<\/p>\n<p>Bardziej szczeg\u00f3\u0142owo opisywali\u015bmy to tu:<\/p>\n<blockquote class=\"wp-embedded-content\" data-secret=\"B1NTQ7YMlg\"><p><a href=\"https:\/\/www.24gliwice.pl\/wiadomosci\/w-tej-czesci-gliwic-przewidywane-sa-zmiany-nowe-drogi-i-osiedla-jedna-z-ulic-do-przebudowy-juz-w-i-polroczu\/\">W tej cz\u0119\u015bci Gliwic przewidywane s\u0105 zmiany. Nowe drogi i osiedla, jedna z ulic do przebudowy ju\u017c w I p\u00f3\u0142roczu<\/a><\/p><\/blockquote>\n<p><iframe loading=\"lazy\" class=\"wp-embedded-content\" sandbox=\"allow-scripts\" security=\"restricted\" style=\"position: absolute; clip: rect(1px, 1px, 1px, 1px);\" title=\"&#8222;W tej cz\u0119\u015bci Gliwic przewidywane s\u0105 zmiany. Nowe drogi i osiedla, jedna z ulic do przebudowy ju\u017c w I p\u00f3\u0142roczu&#8221; &#8212; 24GLIWICE - Portal Gliwice | codziennie nowe informacje\" src=\"https:\/\/www.24gliwice.pl\/wiadomosci\/w-tej-czesci-gliwic-przewidywane-sa-zmiany-nowe-drogi-i-osiedla-jedna-z-ulic-do-przebudowy-juz-w-i-polroczu\/embed\/#?secret=mDCjKRhu6s#?secret=B1NTQ7YMlg\" data-secret=\"B1NTQ7YMlg\" width=\"600\" height=\"338\" frameborder=\"0\" marginwidth=\"0\" marginheight=\"0\" scrolling=\"no\"><\/iframe><\/p>\n<p>(\u017cms)<\/p>\n<p><a href=\"https:\/\/www.24gliwice.pl\/wiadomosci\/wp-content\/uploads\/2024\/05\/nowy-market-andersa-okulickiego2.jpg\"><img loading=\"lazy\" decoding=\"async\" class=\"alignnone size-full wp-image-235888\" src=\"https:\/\/www.24gliwice.pl\/wiadomosci\/wp-content\/uploads\/2024\/05\/nowy-market-andersa-okulickiego2.jpg\" alt=\"\" width=\"810\" height=\"456\" srcset=\"https:\/\/www.24gliwice.pl\/wiadomosci\/wp-content\/uploads\/2024\/05\/nowy-market-andersa-okulickiego2.jpg 810w, https:\/\/www.24gliwice.pl\/wiadomosci\/wp-content\/uploads\/2024\/05\/nowy-market-andersa-okulickiego2-410x232.jpg 410w, https:\/\/www.24gliwice.pl\/wiadomosci\/wp-content\/uploads\/2024\/05\/nowy-market-andersa-okulickiego2-808x455.jpg 808w, https:\/\/www.24gliwice.pl\/wiadomosci\/wp-content\/uploads\/2024\/05\/nowy-market-andersa-okulickiego2-768x432.jpg 768w\" sizes=\"auto, (max-width: 810px) 100vw, 810px\" \/><\/a><\/p>\n<div class=\"gliwi-a5-na-koncu-artykulow gliwi-entity-placement\" id=\"gliwi-2407266739\"><div class=\"gliwi-adlabel\"><span style=\"font-size: 9px\">REKLAMA<\/span><\/div><div id=\"gliwi-609503452\" style=\"margin-left: auto;margin-right: auto;text-align: center;\"><a data-no-instant=\"1\" href=\"https:\/\/www.jasek.pl\/\" rel=\"noopener\" class=\"a2t-link\" target=\"_blank\" aria-label=\"20200401-jasek 600\"><img loading=\"lazy\" decoding=\"async\" src=\"https:\/\/www.24gliwice.pl\/wiadomosci\/wp-content\/uploads\/2020\/04\/20200401-jasek-600.jpg\" alt=\"\"  srcset=\"https:\/\/www.24gliwice.pl\/wiadomosci\/wp-content\/uploads\/2020\/04\/20200401-jasek-600.jpg 600w, https:\/\/www.24gliwice.pl\/wiadomosci\/wp-content\/uploads\/2020\/04\/20200401-jasek-600-410x109.jpg 410w\" sizes=\"(max-width: 600px) 100vw, 600px\" class=\"no-lazyload\" width=\"600\" height=\"160\"  style=\"display: inline-block; max-width: 100%; height: auto;\" \/><\/a><\/div><\/div>","protected":false},"excerpt":{"rendered":"<p>Market spo\u017cywczy znanej sieci i park handlowy to inwestycja planowana przez firm\u0119 SPEC BAU Polska na dzia\u0142kach przy ul. Andersa\/Okulickiego. Przedsi\u0119wzi\u0119cie jest na etapie pozyskiwania pozwolenia na budow\u0119, je\u015bli wszystko p\u00f3jdzie zgodnie z planem, b\u0119dzie gotowe za niespe\u0142na 2 lata. &nbsp; Park handlowy, w kt\u00f3rym znajdzie si\u0119 m.in. drogeria, a tak\u017ce cz\u0119\u015b\u0107 biurowa, b\u0119dzie stanowi\u0142 [&hellip;]<\/p>\n","protected":false},"author":15,"featured_media":235891,"comment_status":"open","ping_status":"closed","sticky":false,"template":"","format":"standard","meta":{"_monsterinsights_skip_tracking":false,"_monsterinsights_sitenote_active":false,"_monsterinsights_sitenote_note":"","_monsterinsights_sitenote_category":0,"footnotes":"","_links_to":"","_links_to_target":""},"categories":[3,1,9],"tags":[280,23590],"class_list":["post-235841","post","type-post","status-publish","format-standard","has-post-thumbnail","hentry","category-gliwice","category-wszystko","category-aktualnosci_lokalne","tag-andersa","tag-nowy-market"],"yoast_head":"<!-- This site is optimized with the Yoast SEO plugin v27.5 - https:\/\/yoast.com\/product\/yoast-seo-wordpress\/ -->\n<title>Nowy market i park handlowy obok budowanego osiedla. Ca\u0142o\u015b\u0107 ma by\u0107 gotowa za oko\u0142o 2 lata - 24GLIWICE - Portal Gliwice | codziennie nowe informacje<\/title>\n<meta name=\"description\" content=\"Na dzia\u0142kach przy ulicy Andersa powstanie park handlowy z marketem spo\u017cywczym znanej sieci. Z\u0142o\u017cono wniosek o wydanie pozwolenia na budow\u0119\" \/>\n<meta name=\"robots\" content=\"index, follow, max-snippet:-1, max-image-preview:large, max-video-preview:-1\" \/>\n<link rel=\"canonical\" href=\"https:\/\/www.24gliwice.pl\/wiadomosci\/nowy-market-i-park-handlowy-obok-budowanego-osiedla-calosc-ma-byc-gotowa-za-okolo-2-lata\/\" \/>\n<meta property=\"og:locale\" content=\"pl_PL\" \/>\n<meta property=\"og:type\" content=\"article\" \/>\n<meta property=\"og:title\" content=\"Nowy market i park handlowy obok budowanego osiedla. Ca\u0142o\u015b\u0107 ma by\u0107 gotowa za oko\u0142o 2 lata - 24GLIWICE - Portal Gliwice | codziennie nowe informacje\" \/>\n<meta property=\"og:description\" content=\"Na dzia\u0142kach przy ulicy Andersa powstanie park handlowy z marketem spo\u017cywczym znanej sieci. Z\u0142o\u017cono wniosek o wydanie pozwolenia na budow\u0119\" \/>\n<meta property=\"og:url\" content=\"https:\/\/www.24gliwice.pl\/wiadomosci\/nowy-market-i-park-handlowy-obok-budowanego-osiedla-calosc-ma-byc-gotowa-za-okolo-2-lata\/\" \/>\n<meta property=\"og:site_name\" content=\"24GLIWICE - Portal Gliwice | codziennie nowe informacje\" \/>\n<meta property=\"article:publisher\" content=\"https:\/\/www.facebook.com\/24gliwice\" \/>\n<meta property=\"article:published_time\" content=\"2024-05-12T01:27:01+00:00\" \/>\n<meta property=\"og:image\" content=\"https:\/\/www.24gliwice.pl\/wiadomosci\/wp-content\/uploads\/2024\/05\/nowy-market-andersa-okulickiego4-001.jpg\" \/>\n\t<meta property=\"og:image:width\" content=\"810\" \/>\n\t<meta property=\"og:image:height\" content=\"456\" \/>\n\t<meta property=\"og:image:type\" content=\"image\/jpeg\" \/>\n<meta name=\"author\" content=\"\u017baneta Mrozek-Siewierska\" \/>\n<meta name=\"twitter:card\" content=\"summary_large_image\" \/>\n<meta name=\"twitter:creator\" content=\"@24gliwice\" \/>\n<meta name=\"twitter:site\" content=\"@24gliwice\" \/>\n<meta name=\"twitter:label1\" content=\"Napisane przez\" \/>\n\t<meta name=\"twitter:data1\" content=\"\u017baneta Mrozek-Siewierska\" \/>\n\t<meta name=\"twitter:label2\" content=\"Szacowany czas czytania\" \/>\n\t<meta name=\"twitter:data2\" content=\"4 minuty\" \/>\n<script type=\"application\/ld+json\" class=\"yoast-schema-graph\">{\"@context\":\"https:\\\/\\\/schema.org\",\"@graph\":[{\"@type\":\"Article\",\"@id\":\"https:\\\/\\\/www.24gliwice.pl\\\/wiadomosci\\\/nowy-market-i-park-handlowy-obok-budowanego-osiedla-calosc-ma-byc-gotowa-za-okolo-2-lata\\\/#article\",\"isPartOf\":{\"@id\":\"https:\\\/\\\/www.24gliwice.pl\\\/wiadomosci\\\/nowy-market-i-park-handlowy-obok-budowanego-osiedla-calosc-ma-byc-gotowa-za-okolo-2-lata\\\/\"},\"author\":{\"name\":\"\u017baneta Mrozek-Siewierska\",\"@id\":\"https:\\\/\\\/www.24gliwice.pl\\\/wiadomosci\\\/#\\\/schema\\\/person\\\/e42c650edd7f2fa332be3811fb166b6e\"},\"headline\":\"Nowy market i park handlowy obok budowanego osiedla. Ca\u0142o\u015b\u0107 ma by\u0107 gotowa za oko\u0142o 2 lata\",\"datePublished\":\"2024-05-12T01:27:01+00:00\",\"mainEntityOfPage\":{\"@id\":\"https:\\\/\\\/www.24gliwice.pl\\\/wiadomosci\\\/nowy-market-i-park-handlowy-obok-budowanego-osiedla-calosc-ma-byc-gotowa-za-okolo-2-lata\\\/\"},\"wordCount\":547,\"commentCount\":0,\"publisher\":{\"@id\":\"https:\\\/\\\/www.24gliwice.pl\\\/wiadomosci\\\/#organization\"},\"image\":{\"@id\":\"https:\\\/\\\/www.24gliwice.pl\\\/wiadomosci\\\/nowy-market-i-park-handlowy-obok-budowanego-osiedla-calosc-ma-byc-gotowa-za-okolo-2-lata\\\/#primaryimage\"},\"thumbnailUrl\":\"https:\\\/\\\/www.24gliwice.pl\\\/wiadomosci\\\/wp-content\\\/uploads\\\/2024\\\/05\\\/nowy-market-andersa-okulickiego4-001.jpg\",\"keywords\":[\"ANDERSA\",\"NOWY MARKET\"],\"articleSection\":[\"Gliwice\",\"Najnowsze wiadomo\u015bci\",\"Portal Gliwice - Wiadomo\u015bci lokalne\"],\"inLanguage\":\"pl-PL\",\"potentialAction\":[{\"@type\":\"CommentAction\",\"name\":\"Comment\",\"target\":[\"https:\\\/\\\/www.24gliwice.pl\\\/wiadomosci\\\/nowy-market-i-park-handlowy-obok-budowanego-osiedla-calosc-ma-byc-gotowa-za-okolo-2-lata\\\/#respond\"]}]},{\"@type\":\"WebPage\",\"@id\":\"https:\\\/\\\/www.24gliwice.pl\\\/wiadomosci\\\/nowy-market-i-park-handlowy-obok-budowanego-osiedla-calosc-ma-byc-gotowa-za-okolo-2-lata\\\/\",\"url\":\"https:\\\/\\\/www.24gliwice.pl\\\/wiadomosci\\\/nowy-market-i-park-handlowy-obok-budowanego-osiedla-calosc-ma-byc-gotowa-za-okolo-2-lata\\\/\",\"name\":\"Nowy market i park handlowy obok budowanego osiedla. Ca\u0142o\u015b\u0107 ma by\u0107 gotowa za oko\u0142o 2 lata - 24GLIWICE - Portal Gliwice | codziennie nowe informacje\",\"isPartOf\":{\"@id\":\"https:\\\/\\\/www.24gliwice.pl\\\/wiadomosci\\\/#website\"},\"primaryImageOfPage\":{\"@id\":\"https:\\\/\\\/www.24gliwice.pl\\\/wiadomosci\\\/nowy-market-i-park-handlowy-obok-budowanego-osiedla-calosc-ma-byc-gotowa-za-okolo-2-lata\\\/#primaryimage\"},\"image\":{\"@id\":\"https:\\\/\\\/www.24gliwice.pl\\\/wiadomosci\\\/nowy-market-i-park-handlowy-obok-budowanego-osiedla-calosc-ma-byc-gotowa-za-okolo-2-lata\\\/#primaryimage\"},\"thumbnailUrl\":\"https:\\\/\\\/www.24gliwice.pl\\\/wiadomosci\\\/wp-content\\\/uploads\\\/2024\\\/05\\\/nowy-market-andersa-okulickiego4-001.jpg\",\"datePublished\":\"2024-05-12T01:27:01+00:00\",\"description\":\"Na dzia\u0142kach przy ulicy Andersa powstanie park handlowy z marketem spo\u017cywczym znanej sieci. Z\u0142o\u017cono wniosek o wydanie pozwolenia na budow\u0119\",\"breadcrumb\":{\"@id\":\"https:\\\/\\\/www.24gliwice.pl\\\/wiadomosci\\\/nowy-market-i-park-handlowy-obok-budowanego-osiedla-calosc-ma-byc-gotowa-za-okolo-2-lata\\\/#breadcrumb\"},\"inLanguage\":\"pl-PL\",\"potentialAction\":[{\"@type\":\"ReadAction\",\"target\":[\"https:\\\/\\\/www.24gliwice.pl\\\/wiadomosci\\\/nowy-market-i-park-handlowy-obok-budowanego-osiedla-calosc-ma-byc-gotowa-za-okolo-2-lata\\\/\"]}]},{\"@type\":\"ImageObject\",\"inLanguage\":\"pl-PL\",\"@id\":\"https:\\\/\\\/www.24gliwice.pl\\\/wiadomosci\\\/nowy-market-i-park-handlowy-obok-budowanego-osiedla-calosc-ma-byc-gotowa-za-okolo-2-lata\\\/#primaryimage\",\"url\":\"https:\\\/\\\/www.24gliwice.pl\\\/wiadomosci\\\/wp-content\\\/uploads\\\/2024\\\/05\\\/nowy-market-andersa-okulickiego4-001.jpg\",\"contentUrl\":\"https:\\\/\\\/www.24gliwice.pl\\\/wiadomosci\\\/wp-content\\\/uploads\\\/2024\\\/05\\\/nowy-market-andersa-okulickiego4-001.jpg\",\"width\":810,\"height\":456},{\"@type\":\"BreadcrumbList\",\"@id\":\"https:\\\/\\\/www.24gliwice.pl\\\/wiadomosci\\\/nowy-market-i-park-handlowy-obok-budowanego-osiedla-calosc-ma-byc-gotowa-za-okolo-2-lata\\\/#breadcrumb\",\"itemListElement\":[{\"@type\":\"ListItem\",\"position\":1,\"name\":\"Strona g\u0142\u00f3wna\",\"item\":\"https:\\\/\\\/www.24gliwice.pl\\\/wiadomosci\\\/\"},{\"@type\":\"ListItem\",\"position\":2,\"name\":\"Nowy market i park handlowy obok budowanego osiedla. Ca\u0142o\u015b\u0107 ma by\u0107 gotowa za oko\u0142o 2 lata\"}]},{\"@type\":\"WebSite\",\"@id\":\"https:\\\/\\\/www.24gliwice.pl\\\/wiadomosci\\\/#website\",\"url\":\"https:\\\/\\\/www.24gliwice.pl\\\/wiadomosci\\\/\",\"name\":\"24GLIWICE - Portal Gliwice | codziennie nowe wiadomo\u015bci\",\"description\":\"Portal Miejski Gliwice\",\"publisher\":{\"@id\":\"https:\\\/\\\/www.24gliwice.pl\\\/wiadomosci\\\/#organization\"},\"potentialAction\":[{\"@type\":\"SearchAction\",\"target\":{\"@type\":\"EntryPoint\",\"urlTemplate\":\"https:\\\/\\\/www.24gliwice.pl\\\/wiadomosci\\\/?s={search_term_string}\"},\"query-input\":{\"@type\":\"PropertyValueSpecification\",\"valueRequired\":true,\"valueName\":\"search_term_string\"}}],\"inLanguage\":\"pl-PL\"},{\"@type\":\"Organization\",\"@id\":\"https:\\\/\\\/www.24gliwice.pl\\\/wiadomosci\\\/#organization\",\"name\":\"24gliwice\",\"url\":\"https:\\\/\\\/www.24gliwice.pl\\\/wiadomosci\\\/\",\"logo\":{\"@type\":\"ImageObject\",\"inLanguage\":\"pl-PL\",\"@id\":\"https:\\\/\\\/www.24gliwice.pl\\\/wiadomosci\\\/#\\\/schema\\\/logo\\\/image\\\/\",\"url\":\"https:\\\/\\\/www.24gliwice.pl\\\/wiadomosci\\\/wp-content\\\/uploads\\\/2024\\\/10\\\/24gliwice-logo-696.jpg\",\"contentUrl\":\"https:\\\/\\\/www.24gliwice.pl\\\/wiadomosci\\\/wp-content\\\/uploads\\\/2024\\\/10\\\/24gliwice-logo-696.jpg\",\"width\":696,\"height\":696,\"caption\":\"24gliwice\"},\"image\":{\"@id\":\"https:\\\/\\\/www.24gliwice.pl\\\/wiadomosci\\\/#\\\/schema\\\/logo\\\/image\\\/\"},\"sameAs\":[\"https:\\\/\\\/www.facebook.com\\\/24gliwice\",\"https:\\\/\\\/x.com\\\/24gliwice\",\"https:\\\/\\\/www.youtube.com\\\/@24gliwice\"]},{\"@type\":\"Person\",\"@id\":\"https:\\\/\\\/www.24gliwice.pl\\\/wiadomosci\\\/#\\\/schema\\\/person\\\/e42c650edd7f2fa332be3811fb166b6e\",\"name\":\"\u017baneta Mrozek-Siewierska\",\"image\":{\"@type\":\"ImageObject\",\"inLanguage\":\"pl-PL\",\"@id\":\"https:\\\/\\\/secure.gravatar.com\\\/avatar\\\/1881429e9c64597c77ad7aef2d0a19be69a3253e57534d16aa15bf3a4d34a0a3?s=96&d=mm&r=g\",\"url\":\"https:\\\/\\\/secure.gravatar.com\\\/avatar\\\/1881429e9c64597c77ad7aef2d0a19be69a3253e57534d16aa15bf3a4d34a0a3?s=96&d=mm&r=g\",\"contentUrl\":\"https:\\\/\\\/secure.gravatar.com\\\/avatar\\\/1881429e9c64597c77ad7aef2d0a19be69a3253e57534d16aa15bf3a4d34a0a3?s=96&d=mm&r=g\",\"caption\":\"\u017baneta Mrozek-Siewierska\"},\"url\":\"https:\\\/\\\/www.24gliwice.pl\\\/wiadomosci\\\/author\\\/zms\\\/\"}]}<\/script>\n<!-- \/ Yoast SEO plugin. -->","yoast_head_json":{"title":"Nowy market i park handlowy obok budowanego osiedla. Ca\u0142o\u015b\u0107 ma by\u0107 gotowa za oko\u0142o 2 lata - 24GLIWICE - Portal Gliwice | codziennie nowe informacje","description":"Na dzia\u0142kach przy ulicy Andersa powstanie park handlowy z marketem spo\u017cywczym znanej sieci. Z\u0142o\u017cono wniosek o wydanie pozwolenia na budow\u0119","robots":{"index":"index","follow":"follow","max-snippet":"max-snippet:-1","max-image-preview":"max-image-preview:large","max-video-preview":"max-video-preview:-1"},"canonical":"https:\/\/www.24gliwice.pl\/wiadomosci\/nowy-market-i-park-handlowy-obok-budowanego-osiedla-calosc-ma-byc-gotowa-za-okolo-2-lata\/","og_locale":"pl_PL","og_type":"article","og_title":"Nowy market i park handlowy obok budowanego osiedla. Ca\u0142o\u015b\u0107 ma by\u0107 gotowa za oko\u0142o 2 lata - 24GLIWICE - Portal Gliwice | codziennie nowe informacje","og_description":"Na dzia\u0142kach przy ulicy Andersa powstanie park handlowy z marketem spo\u017cywczym znanej sieci. Z\u0142o\u017cono wniosek o wydanie pozwolenia na budow\u0119","og_url":"https:\/\/www.24gliwice.pl\/wiadomosci\/nowy-market-i-park-handlowy-obok-budowanego-osiedla-calosc-ma-byc-gotowa-za-okolo-2-lata\/","og_site_name":"24GLIWICE - Portal Gliwice | codziennie nowe informacje","article_publisher":"https:\/\/www.facebook.com\/24gliwice","article_published_time":"2024-05-12T01:27:01+00:00","og_image":[{"width":810,"height":456,"url":"https:\/\/www.24gliwice.pl\/wiadomosci\/wp-content\/uploads\/2024\/05\/nowy-market-andersa-okulickiego4-001.jpg","type":"image\/jpeg"}],"author":"\u017baneta Mrozek-Siewierska","twitter_card":"summary_large_image","twitter_creator":"@24gliwice","twitter_site":"@24gliwice","twitter_misc":{"Napisane przez":"\u017baneta Mrozek-Siewierska","Szacowany czas czytania":"4 minuty"},"schema":{"@context":"https:\/\/schema.org","@graph":[{"@type":"Article","@id":"https:\/\/www.24gliwice.pl\/wiadomosci\/nowy-market-i-park-handlowy-obok-budowanego-osiedla-calosc-ma-byc-gotowa-za-okolo-2-lata\/#article","isPartOf":{"@id":"https:\/\/www.24gliwice.pl\/wiadomosci\/nowy-market-i-park-handlowy-obok-budowanego-osiedla-calosc-ma-byc-gotowa-za-okolo-2-lata\/"},"author":{"name":"\u017baneta Mrozek-Siewierska","@id":"https:\/\/www.24gliwice.pl\/wiadomosci\/#\/schema\/person\/e42c650edd7f2fa332be3811fb166b6e"},"headline":"Nowy market i park handlowy obok budowanego osiedla. Ca\u0142o\u015b\u0107 ma by\u0107 gotowa za oko\u0142o 2 lata","datePublished":"2024-05-12T01:27:01+00:00","mainEntityOfPage":{"@id":"https:\/\/www.24gliwice.pl\/wiadomosci\/nowy-market-i-park-handlowy-obok-budowanego-osiedla-calosc-ma-byc-gotowa-za-okolo-2-lata\/"},"wordCount":547,"commentCount":0,"publisher":{"@id":"https:\/\/www.24gliwice.pl\/wiadomosci\/#organization"},"image":{"@id":"https:\/\/www.24gliwice.pl\/wiadomosci\/nowy-market-i-park-handlowy-obok-budowanego-osiedla-calosc-ma-byc-gotowa-za-okolo-2-lata\/#primaryimage"},"thumbnailUrl":"https:\/\/www.24gliwice.pl\/wiadomosci\/wp-content\/uploads\/2024\/05\/nowy-market-andersa-okulickiego4-001.jpg","keywords":["ANDERSA","NOWY MARKET"],"articleSection":["Gliwice","Najnowsze wiadomo\u015bci","Portal Gliwice - Wiadomo\u015bci lokalne"],"inLanguage":"pl-PL","potentialAction":[{"@type":"CommentAction","name":"Comment","target":["https:\/\/www.24gliwice.pl\/wiadomosci\/nowy-market-i-park-handlowy-obok-budowanego-osiedla-calosc-ma-byc-gotowa-za-okolo-2-lata\/#respond"]}]},{"@type":"WebPage","@id":"https:\/\/www.24gliwice.pl\/wiadomosci\/nowy-market-i-park-handlowy-obok-budowanego-osiedla-calosc-ma-byc-gotowa-za-okolo-2-lata\/","url":"https:\/\/www.24gliwice.pl\/wiadomosci\/nowy-market-i-park-handlowy-obok-budowanego-osiedla-calosc-ma-byc-gotowa-za-okolo-2-lata\/","name":"Nowy market i park handlowy obok budowanego osiedla. Ca\u0142o\u015b\u0107 ma by\u0107 gotowa za oko\u0142o 2 lata - 24GLIWICE - Portal Gliwice | codziennie nowe informacje","isPartOf":{"@id":"https:\/\/www.24gliwice.pl\/wiadomosci\/#website"},"primaryImageOfPage":{"@id":"https:\/\/www.24gliwice.pl\/wiadomosci\/nowy-market-i-park-handlowy-obok-budowanego-osiedla-calosc-ma-byc-gotowa-za-okolo-2-lata\/#primaryimage"},"image":{"@id":"https:\/\/www.24gliwice.pl\/wiadomosci\/nowy-market-i-park-handlowy-obok-budowanego-osiedla-calosc-ma-byc-gotowa-za-okolo-2-lata\/#primaryimage"},"thumbnailUrl":"https:\/\/www.24gliwice.pl\/wiadomosci\/wp-content\/uploads\/2024\/05\/nowy-market-andersa-okulickiego4-001.jpg","datePublished":"2024-05-12T01:27:01+00:00","description":"Na dzia\u0142kach przy ulicy Andersa powstanie park handlowy z marketem spo\u017cywczym znanej sieci. Z\u0142o\u017cono wniosek o wydanie pozwolenia na budow\u0119","breadcrumb":{"@id":"https:\/\/www.24gliwice.pl\/wiadomosci\/nowy-market-i-park-handlowy-obok-budowanego-osiedla-calosc-ma-byc-gotowa-za-okolo-2-lata\/#breadcrumb"},"inLanguage":"pl-PL","potentialAction":[{"@type":"ReadAction","target":["https:\/\/www.24gliwice.pl\/wiadomosci\/nowy-market-i-park-handlowy-obok-budowanego-osiedla-calosc-ma-byc-gotowa-za-okolo-2-lata\/"]}]},{"@type":"ImageObject","inLanguage":"pl-PL","@id":"https:\/\/www.24gliwice.pl\/wiadomosci\/nowy-market-i-park-handlowy-obok-budowanego-osiedla-calosc-ma-byc-gotowa-za-okolo-2-lata\/#primaryimage","url":"https:\/\/www.24gliwice.pl\/wiadomosci\/wp-content\/uploads\/2024\/05\/nowy-market-andersa-okulickiego4-001.jpg","contentUrl":"https:\/\/www.24gliwice.pl\/wiadomosci\/wp-content\/uploads\/2024\/05\/nowy-market-andersa-okulickiego4-001.jpg","width":810,"height":456},{"@type":"BreadcrumbList","@id":"https:\/\/www.24gliwice.pl\/wiadomosci\/nowy-market-i-park-handlowy-obok-budowanego-osiedla-calosc-ma-byc-gotowa-za-okolo-2-lata\/#breadcrumb","itemListElement":[{"@type":"ListItem","position":1,"name":"Strona g\u0142\u00f3wna","item":"https:\/\/www.24gliwice.pl\/wiadomosci\/"},{"@type":"ListItem","position":2,"name":"Nowy market i park handlowy obok budowanego osiedla. Ca\u0142o\u015b\u0107 ma by\u0107 gotowa za oko\u0142o 2 lata"}]},{"@type":"WebSite","@id":"https:\/\/www.24gliwice.pl\/wiadomosci\/#website","url":"https:\/\/www.24gliwice.pl\/wiadomosci\/","name":"24GLIWICE - Portal Gliwice | codziennie nowe wiadomo\u015bci","description":"Portal Miejski Gliwice","publisher":{"@id":"https:\/\/www.24gliwice.pl\/wiadomosci\/#organization"},"potentialAction":[{"@type":"SearchAction","target":{"@type":"EntryPoint","urlTemplate":"https:\/\/www.24gliwice.pl\/wiadomosci\/?s={search_term_string}"},"query-input":{"@type":"PropertyValueSpecification","valueRequired":true,"valueName":"search_term_string"}}],"inLanguage":"pl-PL"},{"@type":"Organization","@id":"https:\/\/www.24gliwice.pl\/wiadomosci\/#organization","name":"24gliwice","url":"https:\/\/www.24gliwice.pl\/wiadomosci\/","logo":{"@type":"ImageObject","inLanguage":"pl-PL","@id":"https:\/\/www.24gliwice.pl\/wiadomosci\/#\/schema\/logo\/image\/","url":"https:\/\/www.24gliwice.pl\/wiadomosci\/wp-content\/uploads\/2024\/10\/24gliwice-logo-696.jpg","contentUrl":"https:\/\/www.24gliwice.pl\/wiadomosci\/wp-content\/uploads\/2024\/10\/24gliwice-logo-696.jpg","width":696,"height":696,"caption":"24gliwice"},"image":{"@id":"https:\/\/www.24gliwice.pl\/wiadomosci\/#\/schema\/logo\/image\/"},"sameAs":["https:\/\/www.facebook.com\/24gliwice","https:\/\/x.com\/24gliwice","https:\/\/www.youtube.com\/@24gliwice"]},{"@type":"Person","@id":"https:\/\/www.24gliwice.pl\/wiadomosci\/#\/schema\/person\/e42c650edd7f2fa332be3811fb166b6e","name":"\u017baneta Mrozek-Siewierska","image":{"@type":"ImageObject","inLanguage":"pl-PL","@id":"https:\/\/secure.gravatar.com\/avatar\/1881429e9c64597c77ad7aef2d0a19be69a3253e57534d16aa15bf3a4d34a0a3?s=96&d=mm&r=g","url":"https:\/\/secure.gravatar.com\/avatar\/1881429e9c64597c77ad7aef2d0a19be69a3253e57534d16aa15bf3a4d34a0a3?s=96&d=mm&r=g","contentUrl":"https:\/\/secure.gravatar.com\/avatar\/1881429e9c64597c77ad7aef2d0a19be69a3253e57534d16aa15bf3a4d34a0a3?s=96&d=mm&r=g","caption":"\u017baneta Mrozek-Siewierska"},"url":"https:\/\/www.24gliwice.pl\/wiadomosci\/author\/zms\/"}]}},"_links":{"self":[{"href":"https:\/\/www.24gliwice.pl\/wiadomosci\/wp-json\/wp\/v2\/posts\/235841","targetHints":{"allow":["GET"]}}],"collection":[{"href":"https:\/\/www.24gliwice.pl\/wiadomosci\/wp-json\/wp\/v2\/posts"}],"about":[{"href":"https:\/\/www.24gliwice.pl\/wiadomosci\/wp-json\/wp\/v2\/types\/post"}],"author":[{"embeddable":true,"href":"https:\/\/www.24gliwice.pl\/wiadomosci\/wp-json\/wp\/v2\/users\/15"}],"replies":[{"embeddable":true,"href":"https:\/\/www.24gliwice.pl\/wiadomosci\/wp-json\/wp\/v2\/comments?post=235841"}],"version-history":[{"count":0,"href":"https:\/\/www.24gliwice.pl\/wiadomosci\/wp-json\/wp\/v2\/posts\/235841\/revisions"}],"wp:featuredmedia":[{"embeddable":true,"href":"https:\/\/www.24gliwice.pl\/wiadomosci\/wp-json\/wp\/v2\/media\/235891"}],"wp:attachment":[{"href":"https:\/\/www.24gliwice.pl\/wiadomosci\/wp-json\/wp\/v2\/media?parent=235841"}],"wp:term":[{"taxonomy":"category","embeddable":true,"href":"https:\/\/www.24gliwice.pl\/wiadomosci\/wp-json\/wp\/v2\/categories?post=235841"},{"taxonomy":"post_tag","embeddable":true,"href":"https:\/\/www.24gliwice.pl\/wiadomosci\/wp-json\/wp\/v2\/tags?post=235841"}],"curies":[{"name":"wp","href":"https:\/\/api.w.org\/{rel}","templated":true}]}}