{"id":236145,"date":"2024-05-16T15:12:53","date_gmt":"2024-05-16T13:12:53","guid":{"rendered":"https:\/\/www.24gliwice.pl\/wiadomosci\/?p=236145"},"modified":"2024-05-31T23:06:03","modified_gmt":"2024-05-31T21:06:03","slug":"ale-kosmos-podworko-dzien-dziecka-2024","status":"publish","type":"post","link":"https:\/\/www.24gliwice.pl\/wiadomosci\/ale-kosmos-podworko-dzien-dziecka-2024\/","title":{"rendered":"Ale kosmos! Podw\u00f3rko \u2013 Dzie\u0144 Dziecka 2024"},"content":{"rendered":"<h2>Dzie\u0144 Dziecka to czas, \u017ceby spe\u0142nia\u0107 marzenia najm\u0142odszych. Kto z nas cho\u0107 raz nie \u015bni\u0142 o podr\u00f3\u017cy w kosmos, spacerze po ksi\u0119\u017cycu i szybowaniu mi\u0119dzy gwiazdami? No to lecimy i zapraszamy na kosmiczne \u201ePodw\u00f3rko\u201d \u2013 2 czerwca na plac g\u0142\u00f3wny przy PreZero Arena Gliwice.<\/h2>\n<p>&nbsp;<br \/>\n<span style=\"color: #ff0000;\">AKTUALIZACJA: Z uwagi na prognozowany deszcz, <strong>wydarzenie zostanie przeniesione do hali g\u0142\u00f3wnej PreZero Areny Gliwice<\/strong>. Pogoda na pewno nie zepsuje Wam zabawy :-)<\/span><\/p>\n<p>Nasz\u0105 kosmiczn\u0105 misj\u0119 rozpoczniemy o godzinie 13.00 i od razu obierzemy kierunek na planet\u0119 \u201eZABAWA\u201d. Polecimy\u00a0<strong>rakiet\u0105 Apollo<\/strong>\u00a0(<strong>wirtualna rzeczywisto\u015b\u0107),<\/strong>\u00a0a nasz statek b\u0119dzie obraca\u0142 si\u0119, przechyla\u0142, kr\u0119ci\u0142 (<strong>ruchomy symulator lotu<\/strong>). Na w\u0142asnej sk\u00f3rze (dzi\u0119ki\u00a0<strong>\u017cyroskopowi<\/strong>) poczujemy si\u0142\u0119 przeci\u0105\u017ce\u0144 grawitacyjnych i sprawdzimy, jak orientujemy si\u0119 w tr\u00f3jwymiarowej przestrzeni. Jak na prawdziwych astronaut\u00f3w przysta\u0142o, zaprezentujemy\u00a0<strong>kosmiczne akrobacje<\/strong>\u00a0(<strong>warsztaty z Dance Aren\u0105<\/strong>).<\/p>\n<p><iframe loading=\"lazy\" width=\"560\" height=\"315\" src=\"https:\/\/www.youtube.com\/embed\/xFxFL4Fbd7U?si=A8mFxw4wURcM46mt\" title=\"YouTube video player\" frameborder=\"0\" allow=\"accelerometer; autoplay; clipboard-write; encrypted-media; gyroscope; picture-in-picture; web-share\" referrerpolicy=\"strict-origin-when-cross-origin\" allowfullscreen><\/iframe><\/p>\n<p>Podczas naszej podr\u00f3\u017cy po kosmosie miniemy\u00a0<strong>Drog\u0119 Mleczn\u0105<\/strong>\u00a0(warsztaty podrzucania, \u017conglowania i poznawania praw fizyki). Napotkane planety zbadamy przy pomocy\u00a0<strong>\u0142azika marsja\u0144skiego<\/strong>\u00a0(symulator pojazdu badaj\u0105cego czerwon\u0105 planet\u0119 w po\u0142\u0105czeniu z goglami wirtualnej rzeczywisto\u015bci). W kosmicznym\u00a0<strong>Laboratorium<\/strong>\u00a0poczujemy gor\u0105co gwiazd i kosmiczne zimno mi\u0119dzygwiezdnego py\u0142u (seria kr\u00f3tkich warsztat\u00f3w z kontrolowanymi wybuchami, ciek\u0142ym azotem i suchym lodem). Tego dnia nikt nie powie Wam: nie bujaj w ob\u0142okach. Ba! B\u0119dziemy Was do tego zach\u0119ca\u0107, m.in. w naszym\u00a0<strong>Planetarium,\u00a0<\/strong>gdzie astronauta poka\u017ce Wam odleg\u0142e planety, mg\u0142awice i galaktyki.<\/p>\n<p>Zbudujemy\u00a0<strong>baz\u0119 kosmiczn\u0105,\u00a0<\/strong>sk\u0105d obserwowa\u0107 b\u0119dziemy S\u0142o\u0144ce i plamy na jego powierzchni. Lot w kosmos b\u0119dzie dla nas pe\u0142en wyzwa\u0144 i zada\u0144 o r\u00f3\u017cnym poziomie trudno\u015bci, zaczynaj\u0105c od budowy skafandra astronauty.<\/p>\n<p>Spotkamy przybysz\u00f3w z innych planet \u2013 ufoludki i ich lataj\u0105ce spodki (warsztaty plastyczne z wykorzystaniem materia\u0142\u00f3w zero waste). Niewykluczone, \u017ce stoczymy\u00a0<strong>gwiezdne wojny<\/strong>\u00a0(laserowy paintball). Na szcz\u0119\u015bcie towarzyszy\u0107 b\u0119d\u0105 nam dwaj mili kosmici \u2013 Paxi, nasz przewodnik po uk\u0142adzie s\u0142onecznym i Zigi, strze\u017c\u0105cy bram Planetarium, a tak\u017ce Pan Magiczny i jego iluzje nie z tej ziemi!<\/p>\n<p>\u201eHuston, NIE mamy problemu\u201d, bo leci z nami pilot, czyli\u00a0<strong>Teatr Lufcik na Korbk\u0119<\/strong>, dla kt\u00f3rego kosmiczna zabawa i animacje to codzienno\u015b\u0107. Co czeka nas w 2100 roku? Czy b\u0119dziemy wtedy swobodnie podr\u00f3\u017cowa\u0107 do gwiazd? Zaplanujmy i przygotujmy si\u0119 do tego!<\/p>\n<p>Kiedy ju\u017c wr\u00f3cimy na ziemi\u0119, przypomnimy naszym ma\u0142ym astronautom, jak wa\u017cna jest ekologia i troska o nasz\u0105 planet\u0119, Ziemi\u0119. Wszystko kr\u0119ci\u0107 b\u0119dzie si\u0119 wok\u00f3\u0142 poprawnej segregacji \u015bmieci, recyclingu i zero waste (<strong>Eko GLOBalnie Ziemia zielona planeta<\/strong>\u00a0\u2013 strefa edukacyjna i warsztaty, kt\u00f3rych uczestnicy do domu zabior\u0105 EKOufoludka).<\/p>\n<p>Najm\u0142odszych zaprosimy do specjalnej\u00a0<strong>strefy malucha<\/strong>. Z kolei z my\u015bl\u0105 o dzieciach ze szczeg\u00f3lnymi potrzebami w budynku PreZero Arena Gliwice powstanie\u00a0<strong>strefa ciszy<\/strong>.<\/p>\n<h4>Do naszego kosmicznego statku nie obowi\u0105zuj\u0105 bilety \u2013 udzia\u0142 we wszystkich atrakcjach zaplanowanych przez organizator\u00f3w jest bezp\u0142atny.\u00a0Podw\u00f3rko potrwa do godziny 18.00.\u00a0<strong>Mamy nadziej\u0119, \u017ce na koniec dnia powiecie \u201eAle kosmos!\u201d.<\/strong><\/h4>\n<hr \/>\n<p><strong>2 czerwca | g. 13.00 \u2013 18.00 | PreZero Arena Gliwice | wst\u0119p wolny<\/strong><\/p>\n<hr \/>\n<p>Organizatorem imprezy z okazji Dnia Dziecka s\u0105 Miasto Gliwice, Centrum Kultury Victoria w Gliwicach i PreZero Arena Gliwice.<\/p>\n<p><small>Publikacja: CK VICTORIA<\/small><\/p>\n","protected":false},"excerpt":{"rendered":"<p>Dzie\u0144 Dziecka to czas, \u017ceby spe\u0142nia\u0107 marzenia najm\u0142odszych. Kto z nas cho\u0107 raz nie \u015bni\u0142 o podr\u00f3\u017cy w kosmos, spacerze po ksi\u0119\u017cycu i szybowaniu mi\u0119dzy gwiazdami? No to lecimy i zapraszamy na kosmiczne \u201ePodw\u00f3rko\u201d \u2013 2 czerwca na plac g\u0142\u00f3wny przy PreZero Arena Gliwice. &nbsp; AKTUALIZACJA: Z uwagi na prognozowany deszcz, wydarzenie zostanie przeniesione do [&hellip;]<\/p>\n","protected":false},"author":4,"featured_media":236148,"comment_status":"closed","ping_status":"closed","sticky":false,"template":"","format":"standard","meta":{"_monsterinsights_skip_tracking":false,"_monsterinsights_sitenote_active":false,"_monsterinsights_sitenote_note":"","_monsterinsights_sitenote_category":0,"footnotes":"","_links_to":"","_links_to_target":""},"categories":[3,6,1,1129],"tags":[],"class_list":["post-236145","post","type-post","status-publish","format-standard","has-post-thumbnail","hentry","category-gliwice","category-kultura","category-wszystko","category-polecamy"],"yoast_head":"<!-- This site is optimized with the Yoast SEO plugin v27.5 - https:\/\/yoast.com\/product\/yoast-seo-wordpress\/ -->\n<title>Ale kosmos! Podw\u00f3rko \u2013 Dzie\u0144 Dziecka 2024 - 24GLIWICE - Portal Gliwice | codziennie nowe informacje<\/title>\n<meta name=\"robots\" content=\"index, follow, max-snippet:-1, max-image-preview:large, max-video-preview:-1\" \/>\n<link rel=\"canonical\" href=\"https:\/\/www.24gliwice.pl\/wiadomosci\/ale-kosmos-podworko-dzien-dziecka-2024\/\" \/>\n<meta property=\"og:locale\" content=\"pl_PL\" \/>\n<meta property=\"og:type\" content=\"article\" \/>\n<meta property=\"og:title\" content=\"Ale kosmos! Podw\u00f3rko \u2013 Dzie\u0144 Dziecka 2024 - 24GLIWICE - Portal Gliwice | codziennie nowe informacje\" \/>\n<meta property=\"og:description\" content=\"Dzie\u0144 Dziecka to czas, \u017ceby spe\u0142nia\u0107 marzenia najm\u0142odszych. Kto z nas cho\u0107 raz nie \u015bni\u0142 o podr\u00f3\u017cy w kosmos, spacerze po ksi\u0119\u017cycu i szybowaniu mi\u0119dzy gwiazdami? No to lecimy i zapraszamy na kosmiczne \u201ePodw\u00f3rko\u201d \u2013 2 czerwca na plac g\u0142\u00f3wny przy PreZero Arena Gliwice. &nbsp; AKTUALIZACJA: Z uwagi na prognozowany deszcz, wydarzenie zostanie przeniesione do [&hellip;]\" \/>\n<meta property=\"og:url\" content=\"https:\/\/www.24gliwice.pl\/wiadomosci\/ale-kosmos-podworko-dzien-dziecka-2024\/\" \/>\n<meta property=\"og:site_name\" content=\"24GLIWICE - Portal Gliwice | codziennie nowe informacje\" \/>\n<meta property=\"article:publisher\" content=\"https:\/\/www.facebook.com\/24gliwice\" \/>\n<meta property=\"article:author\" content=\"https:\/\/www.facebook.com\/marcin.fabrykowski\" \/>\n<meta property=\"article:published_time\" content=\"2024-05-16T13:12:53+00:00\" \/>\n<meta property=\"article:modified_time\" content=\"2024-05-31T21:06:03+00:00\" \/>\n<meta property=\"og:image\" content=\"https:\/\/www.24gliwice.pl\/wiadomosci\/wp-content\/uploads\/2024\/05\/Podworko-2024-na-www.jpg\" \/>\n\t<meta property=\"og:image:width\" content=\"1140\" \/>\n\t<meta property=\"og:image:height\" content=\"570\" \/>\n\t<meta property=\"og:image:type\" content=\"image\/jpeg\" \/>\n<meta name=\"author\" content=\"Marcin Fabrykowski\" \/>\n<meta name=\"twitter:card\" content=\"summary_large_image\" \/>\n<meta name=\"twitter:creator\" content=\"@24gliwice\" \/>\n<meta name=\"twitter:site\" content=\"@24gliwice\" \/>\n<meta name=\"twitter:label1\" content=\"Napisane przez\" \/>\n\t<meta name=\"twitter:data1\" content=\"Marcin Fabrykowski\" \/>\n\t<meta name=\"twitter:label2\" content=\"Szacowany czas czytania\" \/>\n\t<meta name=\"twitter:data2\" content=\"4 minuty\" \/>\n<script type=\"application\/ld+json\" class=\"yoast-schema-graph\">{\"@context\":\"https:\\\/\\\/schema.org\",\"@graph\":[{\"@type\":\"Article\",\"@id\":\"https:\\\/\\\/www.24gliwice.pl\\\/wiadomosci\\\/ale-kosmos-podworko-dzien-dziecka-2024\\\/#article\",\"isPartOf\":{\"@id\":\"https:\\\/\\\/www.24gliwice.pl\\\/wiadomosci\\\/ale-kosmos-podworko-dzien-dziecka-2024\\\/\"},\"author\":{\"name\":\"Marcin Fabrykowski\",\"@id\":\"https:\\\/\\\/www.24gliwice.pl\\\/wiadomosci\\\/#\\\/schema\\\/person\\\/cb5857e4a4d048c15984c1edcc8ef0c0\"},\"headline\":\"Ale kosmos! Podw\u00f3rko \u2013 Dzie\u0144 Dziecka 2024\",\"datePublished\":\"2024-05-16T13:12:53+00:00\",\"dateModified\":\"2024-05-31T21:06:03+00:00\",\"mainEntityOfPage\":{\"@id\":\"https:\\\/\\\/www.24gliwice.pl\\\/wiadomosci\\\/ale-kosmos-podworko-dzien-dziecka-2024\\\/\"},\"wordCount\":536,\"publisher\":{\"@id\":\"https:\\\/\\\/www.24gliwice.pl\\\/wiadomosci\\\/#organization\"},\"image\":{\"@id\":\"https:\\\/\\\/www.24gliwice.pl\\\/wiadomosci\\\/ale-kosmos-podworko-dzien-dziecka-2024\\\/#primaryimage\"},\"thumbnailUrl\":\"https:\\\/\\\/www.24gliwice.pl\\\/wiadomosci\\\/wp-content\\\/uploads\\\/2024\\\/05\\\/Podworko-2024-na-www.jpg\",\"articleSection\":[\"Gliwice\",\"Kultura, wydarzenia, imprezy\",\"Najnowsze wiadomo\u015bci\",\"Polecamy\"],\"inLanguage\":\"pl-PL\"},{\"@type\":\"WebPage\",\"@id\":\"https:\\\/\\\/www.24gliwice.pl\\\/wiadomosci\\\/ale-kosmos-podworko-dzien-dziecka-2024\\\/\",\"url\":\"https:\\\/\\\/www.24gliwice.pl\\\/wiadomosci\\\/ale-kosmos-podworko-dzien-dziecka-2024\\\/\",\"name\":\"Ale kosmos! Podw\u00f3rko \u2013 Dzie\u0144 Dziecka 2024 - 24GLIWICE - Portal Gliwice | codziennie nowe informacje\",\"isPartOf\":{\"@id\":\"https:\\\/\\\/www.24gliwice.pl\\\/wiadomosci\\\/#website\"},\"primaryImageOfPage\":{\"@id\":\"https:\\\/\\\/www.24gliwice.pl\\\/wiadomosci\\\/ale-kosmos-podworko-dzien-dziecka-2024\\\/#primaryimage\"},\"image\":{\"@id\":\"https:\\\/\\\/www.24gliwice.pl\\\/wiadomosci\\\/ale-kosmos-podworko-dzien-dziecka-2024\\\/#primaryimage\"},\"thumbnailUrl\":\"https:\\\/\\\/www.24gliwice.pl\\\/wiadomosci\\\/wp-content\\\/uploads\\\/2024\\\/05\\\/Podworko-2024-na-www.jpg\",\"datePublished\":\"2024-05-16T13:12:53+00:00\",\"dateModified\":\"2024-05-31T21:06:03+00:00\",\"breadcrumb\":{\"@id\":\"https:\\\/\\\/www.24gliwice.pl\\\/wiadomosci\\\/ale-kosmos-podworko-dzien-dziecka-2024\\\/#breadcrumb\"},\"inLanguage\":\"pl-PL\",\"potentialAction\":[{\"@type\":\"ReadAction\",\"target\":[\"https:\\\/\\\/www.24gliwice.pl\\\/wiadomosci\\\/ale-kosmos-podworko-dzien-dziecka-2024\\\/\"]}]},{\"@type\":\"ImageObject\",\"inLanguage\":\"pl-PL\",\"@id\":\"https:\\\/\\\/www.24gliwice.pl\\\/wiadomosci\\\/ale-kosmos-podworko-dzien-dziecka-2024\\\/#primaryimage\",\"url\":\"https:\\\/\\\/www.24gliwice.pl\\\/wiadomosci\\\/wp-content\\\/uploads\\\/2024\\\/05\\\/Podworko-2024-na-www.jpg\",\"contentUrl\":\"https:\\\/\\\/www.24gliwice.pl\\\/wiadomosci\\\/wp-content\\\/uploads\\\/2024\\\/05\\\/Podworko-2024-na-www.jpg\",\"width\":1140,\"height\":570},{\"@type\":\"BreadcrumbList\",\"@id\":\"https:\\\/\\\/www.24gliwice.pl\\\/wiadomosci\\\/ale-kosmos-podworko-dzien-dziecka-2024\\\/#breadcrumb\",\"itemListElement\":[{\"@type\":\"ListItem\",\"position\":1,\"name\":\"Strona g\u0142\u00f3wna\",\"item\":\"https:\\\/\\\/www.24gliwice.pl\\\/wiadomosci\\\/\"},{\"@type\":\"ListItem\",\"position\":2,\"name\":\"Ale kosmos! Podw\u00f3rko \u2013 Dzie\u0144 Dziecka 2024\"}]},{\"@type\":\"WebSite\",\"@id\":\"https:\\\/\\\/www.24gliwice.pl\\\/wiadomosci\\\/#website\",\"url\":\"https:\\\/\\\/www.24gliwice.pl\\\/wiadomosci\\\/\",\"name\":\"24GLIWICE - Portal Gliwice | codziennie nowe wiadomo\u015bci\",\"description\":\"Portal Miejski Gliwice\",\"publisher\":{\"@id\":\"https:\\\/\\\/www.24gliwice.pl\\\/wiadomosci\\\/#organization\"},\"potentialAction\":[{\"@type\":\"SearchAction\",\"target\":{\"@type\":\"EntryPoint\",\"urlTemplate\":\"https:\\\/\\\/www.24gliwice.pl\\\/wiadomosci\\\/?s={search_term_string}\"},\"query-input\":{\"@type\":\"PropertyValueSpecification\",\"valueRequired\":true,\"valueName\":\"search_term_string\"}}],\"inLanguage\":\"pl-PL\"},{\"@type\":\"Organization\",\"@id\":\"https:\\\/\\\/www.24gliwice.pl\\\/wiadomosci\\\/#organization\",\"name\":\"24gliwice\",\"url\":\"https:\\\/\\\/www.24gliwice.pl\\\/wiadomosci\\\/\",\"logo\":{\"@type\":\"ImageObject\",\"inLanguage\":\"pl-PL\",\"@id\":\"https:\\\/\\\/www.24gliwice.pl\\\/wiadomosci\\\/#\\\/schema\\\/logo\\\/image\\\/\",\"url\":\"https:\\\/\\\/www.24gliwice.pl\\\/wiadomosci\\\/wp-content\\\/uploads\\\/2024\\\/10\\\/24gliwice-logo-696.jpg\",\"contentUrl\":\"https:\\\/\\\/www.24gliwice.pl\\\/wiadomosci\\\/wp-content\\\/uploads\\\/2024\\\/10\\\/24gliwice-logo-696.jpg\",\"width\":696,\"height\":696,\"caption\":\"24gliwice\"},\"image\":{\"@id\":\"https:\\\/\\\/www.24gliwice.pl\\\/wiadomosci\\\/#\\\/schema\\\/logo\\\/image\\\/\"},\"sameAs\":[\"https:\\\/\\\/www.facebook.com\\\/24gliwice\",\"https:\\\/\\\/x.com\\\/24gliwice\",\"https:\\\/\\\/www.youtube.com\\\/@24gliwice\"]},{\"@type\":\"Person\",\"@id\":\"https:\\\/\\\/www.24gliwice.pl\\\/wiadomosci\\\/#\\\/schema\\\/person\\\/cb5857e4a4d048c15984c1edcc8ef0c0\",\"name\":\"Marcin Fabrykowski\",\"image\":{\"@type\":\"ImageObject\",\"inLanguage\":\"pl-PL\",\"@id\":\"https:\\\/\\\/www.24gliwice.pl\\\/wiadomosci\\\/wp-content\\\/uploads\\\/2025\\\/11\\\/zdjecie-moje-marcin-300-96x96.jpg\",\"url\":\"https:\\\/\\\/www.24gliwice.pl\\\/wiadomosci\\\/wp-content\\\/uploads\\\/2025\\\/11\\\/zdjecie-moje-marcin-300-96x96.jpg\",\"contentUrl\":\"https:\\\/\\\/www.24gliwice.pl\\\/wiadomosci\\\/wp-content\\\/uploads\\\/2025\\\/11\\\/zdjecie-moje-marcin-300-96x96.jpg\",\"caption\":\"Marcin Fabrykowski\"},\"sameAs\":[\"http:\\\/\\\/24gliwice.pl\",\"https:\\\/\\\/www.facebook.com\\\/marcin.fabrykowski\"],\"url\":\"https:\\\/\\\/www.24gliwice.pl\\\/wiadomosci\\\/author\\\/marcin-fabrykowski\\\/\"}]}<\/script>\n<!-- \/ Yoast SEO plugin. -->","yoast_head_json":{"title":"Ale kosmos! Podw\u00f3rko \u2013 Dzie\u0144 Dziecka 2024 - 24GLIWICE - Portal Gliwice | codziennie nowe informacje","robots":{"index":"index","follow":"follow","max-snippet":"max-snippet:-1","max-image-preview":"max-image-preview:large","max-video-preview":"max-video-preview:-1"},"canonical":"https:\/\/www.24gliwice.pl\/wiadomosci\/ale-kosmos-podworko-dzien-dziecka-2024\/","og_locale":"pl_PL","og_type":"article","og_title":"Ale kosmos! Podw\u00f3rko \u2013 Dzie\u0144 Dziecka 2024 - 24GLIWICE - Portal Gliwice | codziennie nowe informacje","og_description":"Dzie\u0144 Dziecka to czas, \u017ceby spe\u0142nia\u0107 marzenia najm\u0142odszych. Kto z nas cho\u0107 raz nie \u015bni\u0142 o podr\u00f3\u017cy w kosmos, spacerze po ksi\u0119\u017cycu i szybowaniu mi\u0119dzy gwiazdami? No to lecimy i zapraszamy na kosmiczne \u201ePodw\u00f3rko\u201d \u2013 2 czerwca na plac g\u0142\u00f3wny przy PreZero Arena Gliwice. &nbsp; AKTUALIZACJA: Z uwagi na prognozowany deszcz, wydarzenie zostanie przeniesione do [&hellip;]","og_url":"https:\/\/www.24gliwice.pl\/wiadomosci\/ale-kosmos-podworko-dzien-dziecka-2024\/","og_site_name":"24GLIWICE - Portal Gliwice | codziennie nowe informacje","article_publisher":"https:\/\/www.facebook.com\/24gliwice","article_author":"https:\/\/www.facebook.com\/marcin.fabrykowski","article_published_time":"2024-05-16T13:12:53+00:00","article_modified_time":"2024-05-31T21:06:03+00:00","og_image":[{"width":1140,"height":570,"url":"https:\/\/www.24gliwice.pl\/wiadomosci\/wp-content\/uploads\/2024\/05\/Podworko-2024-na-www.jpg","type":"image\/jpeg"}],"author":"Marcin Fabrykowski","twitter_card":"summary_large_image","twitter_creator":"@24gliwice","twitter_site":"@24gliwice","twitter_misc":{"Napisane przez":"Marcin Fabrykowski","Szacowany czas czytania":"4 minuty"},"schema":{"@context":"https:\/\/schema.org","@graph":[{"@type":"Article","@id":"https:\/\/www.24gliwice.pl\/wiadomosci\/ale-kosmos-podworko-dzien-dziecka-2024\/#article","isPartOf":{"@id":"https:\/\/www.24gliwice.pl\/wiadomosci\/ale-kosmos-podworko-dzien-dziecka-2024\/"},"author":{"name":"Marcin Fabrykowski","@id":"https:\/\/www.24gliwice.pl\/wiadomosci\/#\/schema\/person\/cb5857e4a4d048c15984c1edcc8ef0c0"},"headline":"Ale kosmos! Podw\u00f3rko \u2013 Dzie\u0144 Dziecka 2024","datePublished":"2024-05-16T13:12:53+00:00","dateModified":"2024-05-31T21:06:03+00:00","mainEntityOfPage":{"@id":"https:\/\/www.24gliwice.pl\/wiadomosci\/ale-kosmos-podworko-dzien-dziecka-2024\/"},"wordCount":536,"publisher":{"@id":"https:\/\/www.24gliwice.pl\/wiadomosci\/#organization"},"image":{"@id":"https:\/\/www.24gliwice.pl\/wiadomosci\/ale-kosmos-podworko-dzien-dziecka-2024\/#primaryimage"},"thumbnailUrl":"https:\/\/www.24gliwice.pl\/wiadomosci\/wp-content\/uploads\/2024\/05\/Podworko-2024-na-www.jpg","articleSection":["Gliwice","Kultura, wydarzenia, imprezy","Najnowsze wiadomo\u015bci","Polecamy"],"inLanguage":"pl-PL"},{"@type":"WebPage","@id":"https:\/\/www.24gliwice.pl\/wiadomosci\/ale-kosmos-podworko-dzien-dziecka-2024\/","url":"https:\/\/www.24gliwice.pl\/wiadomosci\/ale-kosmos-podworko-dzien-dziecka-2024\/","name":"Ale kosmos! Podw\u00f3rko \u2013 Dzie\u0144 Dziecka 2024 - 24GLIWICE - Portal Gliwice | codziennie nowe informacje","isPartOf":{"@id":"https:\/\/www.24gliwice.pl\/wiadomosci\/#website"},"primaryImageOfPage":{"@id":"https:\/\/www.24gliwice.pl\/wiadomosci\/ale-kosmos-podworko-dzien-dziecka-2024\/#primaryimage"},"image":{"@id":"https:\/\/www.24gliwice.pl\/wiadomosci\/ale-kosmos-podworko-dzien-dziecka-2024\/#primaryimage"},"thumbnailUrl":"https:\/\/www.24gliwice.pl\/wiadomosci\/wp-content\/uploads\/2024\/05\/Podworko-2024-na-www.jpg","datePublished":"2024-05-16T13:12:53+00:00","dateModified":"2024-05-31T21:06:03+00:00","breadcrumb":{"@id":"https:\/\/www.24gliwice.pl\/wiadomosci\/ale-kosmos-podworko-dzien-dziecka-2024\/#breadcrumb"},"inLanguage":"pl-PL","potentialAction":[{"@type":"ReadAction","target":["https:\/\/www.24gliwice.pl\/wiadomosci\/ale-kosmos-podworko-dzien-dziecka-2024\/"]}]},{"@type":"ImageObject","inLanguage":"pl-PL","@id":"https:\/\/www.24gliwice.pl\/wiadomosci\/ale-kosmos-podworko-dzien-dziecka-2024\/#primaryimage","url":"https:\/\/www.24gliwice.pl\/wiadomosci\/wp-content\/uploads\/2024\/05\/Podworko-2024-na-www.jpg","contentUrl":"https:\/\/www.24gliwice.pl\/wiadomosci\/wp-content\/uploads\/2024\/05\/Podworko-2024-na-www.jpg","width":1140,"height":570},{"@type":"BreadcrumbList","@id":"https:\/\/www.24gliwice.pl\/wiadomosci\/ale-kosmos-podworko-dzien-dziecka-2024\/#breadcrumb","itemListElement":[{"@type":"ListItem","position":1,"name":"Strona g\u0142\u00f3wna","item":"https:\/\/www.24gliwice.pl\/wiadomosci\/"},{"@type":"ListItem","position":2,"name":"Ale kosmos! Podw\u00f3rko \u2013 Dzie\u0144 Dziecka 2024"}]},{"@type":"WebSite","@id":"https:\/\/www.24gliwice.pl\/wiadomosci\/#website","url":"https:\/\/www.24gliwice.pl\/wiadomosci\/","name":"24GLIWICE - Portal Gliwice | codziennie nowe wiadomo\u015bci","description":"Portal Miejski Gliwice","publisher":{"@id":"https:\/\/www.24gliwice.pl\/wiadomosci\/#organization"},"potentialAction":[{"@type":"SearchAction","target":{"@type":"EntryPoint","urlTemplate":"https:\/\/www.24gliwice.pl\/wiadomosci\/?s={search_term_string}"},"query-input":{"@type":"PropertyValueSpecification","valueRequired":true,"valueName":"search_term_string"}}],"inLanguage":"pl-PL"},{"@type":"Organization","@id":"https:\/\/www.24gliwice.pl\/wiadomosci\/#organization","name":"24gliwice","url":"https:\/\/www.24gliwice.pl\/wiadomosci\/","logo":{"@type":"ImageObject","inLanguage":"pl-PL","@id":"https:\/\/www.24gliwice.pl\/wiadomosci\/#\/schema\/logo\/image\/","url":"https:\/\/www.24gliwice.pl\/wiadomosci\/wp-content\/uploads\/2024\/10\/24gliwice-logo-696.jpg","contentUrl":"https:\/\/www.24gliwice.pl\/wiadomosci\/wp-content\/uploads\/2024\/10\/24gliwice-logo-696.jpg","width":696,"height":696,"caption":"24gliwice"},"image":{"@id":"https:\/\/www.24gliwice.pl\/wiadomosci\/#\/schema\/logo\/image\/"},"sameAs":["https:\/\/www.facebook.com\/24gliwice","https:\/\/x.com\/24gliwice","https:\/\/www.youtube.com\/@24gliwice"]},{"@type":"Person","@id":"https:\/\/www.24gliwice.pl\/wiadomosci\/#\/schema\/person\/cb5857e4a4d048c15984c1edcc8ef0c0","name":"Marcin Fabrykowski","image":{"@type":"ImageObject","inLanguage":"pl-PL","@id":"https:\/\/www.24gliwice.pl\/wiadomosci\/wp-content\/uploads\/2025\/11\/zdjecie-moje-marcin-300-96x96.jpg","url":"https:\/\/www.24gliwice.pl\/wiadomosci\/wp-content\/uploads\/2025\/11\/zdjecie-moje-marcin-300-96x96.jpg","contentUrl":"https:\/\/www.24gliwice.pl\/wiadomosci\/wp-content\/uploads\/2025\/11\/zdjecie-moje-marcin-300-96x96.jpg","caption":"Marcin Fabrykowski"},"sameAs":["http:\/\/24gliwice.pl","https:\/\/www.facebook.com\/marcin.fabrykowski"],"url":"https:\/\/www.24gliwice.pl\/wiadomosci\/author\/marcin-fabrykowski\/"}]}},"_links":{"self":[{"href":"https:\/\/www.24gliwice.pl\/wiadomosci\/wp-json\/wp\/v2\/posts\/236145","targetHints":{"allow":["GET"]}}],"collection":[{"href":"https:\/\/www.24gliwice.pl\/wiadomosci\/wp-json\/wp\/v2\/posts"}],"about":[{"href":"https:\/\/www.24gliwice.pl\/wiadomosci\/wp-json\/wp\/v2\/types\/post"}],"author":[{"embeddable":true,"href":"https:\/\/www.24gliwice.pl\/wiadomosci\/wp-json\/wp\/v2\/users\/4"}],"replies":[{"embeddable":true,"href":"https:\/\/www.24gliwice.pl\/wiadomosci\/wp-json\/wp\/v2\/comments?post=236145"}],"version-history":[{"count":0,"href":"https:\/\/www.24gliwice.pl\/wiadomosci\/wp-json\/wp\/v2\/posts\/236145\/revisions"}],"wp:featuredmedia":[{"embeddable":true,"href":"https:\/\/www.24gliwice.pl\/wiadomosci\/wp-json\/wp\/v2\/media\/236148"}],"wp:attachment":[{"href":"https:\/\/www.24gliwice.pl\/wiadomosci\/wp-json\/wp\/v2\/media?parent=236145"}],"wp:term":[{"taxonomy":"category","embeddable":true,"href":"https:\/\/www.24gliwice.pl\/wiadomosci\/wp-json\/wp\/v2\/categories?post=236145"},{"taxonomy":"post_tag","embeddable":true,"href":"https:\/\/www.24gliwice.pl\/wiadomosci\/wp-json\/wp\/v2\/tags?post=236145"}],"curies":[{"name":"wp","href":"https:\/\/api.w.org\/{rel}","templated":true}]}}