{"id":236401,"date":"2024-05-23T16:55:17","date_gmt":"2024-05-23T14:55:17","guid":{"rendered":"https:\/\/www.24gliwice.pl\/wiadomosci\/?p=236401"},"modified":"2024-05-23T16:55:17","modified_gmt":"2024-05-23T14:55:17","slug":"dzien-dziecka-z-zocha-szyjemy-smoka-wawelskiego-warsztaty-w-muzeum-w-gliwicach-obowiazuja-zapisy","status":"publish","type":"post","link":"https:\/\/www.24gliwice.pl\/wiadomosci\/dzien-dziecka-z-zocha-szyjemy-smoka-wawelskiego-warsztaty-w-muzeum-w-gliwicach-obowiazuja-zapisy\/","title":{"rendered":"Dzie\u0144 Dziecka z Zoch\u0105 \u2013 szyjemy smoka wawelskiego. Warsztaty w Muzeum w Gliwicach, obowi\u0105zuj\u0105 zapisy"},"content":{"rendered":"<div class=\"gliwi-a6-nad-leadem-artykulow gliwi-entity-placement\" id=\"gliwi-4137589215\"><div class=\"gliwi-adlabel\"><span style=\"font-size: 9px\">REKLAMA<\/span><\/div><div id=\"gliwi-793486027\" style=\"margin-bottom: 30px;margin-left: auto;margin-right: auto;text-align: center;\"><a data-no-instant=\"1\" href=\"https:\/\/przedszkole.halogen.org.pl\/\" rel=\"noopener\" class=\"a2t-link\" target=\"_blank\" aria-label=\"20260402-ANIMATOR-przedszkole_grafika_750x200\"><img loading=\"lazy\" decoding=\"async\" src=\"https:\/\/www.24gliwice.pl\/wiadomosci\/wp-content\/uploads\/2026\/04\/20260402-ANIMATOR-przedszkole_grafika_750x200.webp\" alt=\"\"  srcset=\"https:\/\/www.24gliwice.pl\/wiadomosci\/wp-content\/uploads\/2026\/04\/20260402-ANIMATOR-przedszkole_grafika_750x200.webp 750w, https:\/\/www.24gliwice.pl\/wiadomosci\/wp-content\/uploads\/2026\/04\/20260402-ANIMATOR-przedszkole_grafika_750x200-410x109.webp 410w\" sizes=\"(max-width: 750px) 100vw, 750px\" class=\"no-lazyload\" width=\"750\" height=\"200\"  style=\"display: inline-block; max-width: 100%; height: auto;\" \/><\/a><\/div><\/div><h2>1 czerwca mo\u017cna sp\u0119dzi\u0107 na warsztatach zabawkarskich w gliwickim Muzeum. Wydarzenie &#8220;Dzie\u0144 Dziecka z Zoch\u0105 \u2013 szyjemy smoka wawelskiego&#8221; towarzyszy wystawie \u201eZofia Stryje\u0144ska \u2013 tajemnicze i radosne opowie\u015bci&#8221; w Willi Caro (ul. Dolnych Wa\u0142\u00f3w 8a).<\/h2>\n<p>&nbsp;<br \/>\nZaj\u0119cia, kt\u00f3re przeznaczone s\u0105 dla dzieci z opiekunami, m\u0142odzie\u017cy i doros\u0142ych, zorganizowane zostan\u0105 o godzinach: 11.00, 13.00 i 15.00. Liczba miejsc jest ograniczona &#8211; zapisy przyjmowane b\u0119d\u0105 od wtorku, 28 maja, pod numerem 783 560 006 (warto si\u0119 pospieszy\u0107). Koszt udzia\u0142u to 1 z\u0142\/osob\u0119. <\/p>\n<blockquote><p><em>Poniewa\u017c s\u0105 to warsztaty szycia, mile widziane s\u0105 podstawowe umiej\u0119tno\u015bci z tej dziedziny \u2013 najm\u0142odszych uczestnik\u00f3w zapraszamy z opiekunami, kt\u00f3rzy zaanga\u017cuj\u0105 si\u0119 w aktywn\u0105 pomoc<\/em><\/p><\/blockquote>\n<p>&#8211; zaznaczaj\u0105 organizatorzy. Zaj\u0119cia poprowadzi Magdalena Schuster, artystka-plastyczka. <\/p><div class=\"gliwi-a3-w-tresci-artykulow gliwi-entity-placement\" id=\"gliwi-4103100669\"><div class=\"gliwi-adlabel\"><span style=\"font-size: 9px\">REKLAMA<\/span><\/div><div id=\"gliwi-2138186729\" style=\"margin-bottom: 30px;margin-left: auto;margin-right: auto;text-align: center;\"><a data-no-instant=\"1\" href=\"https:\/\/zlobek.halogen.org.pl\/\" rel=\"noopener\" class=\"a2t-link\" target=\"_blank\" aria-label=\"animator-zlobek_750x200\"><img loading=\"lazy\" decoding=\"async\" src=\"https:\/\/www.24gliwice.pl\/wiadomosci\/wp-content\/uploads\/2026\/02\/animator-zlobek_750x200.webp\" alt=\"\"  srcset=\"https:\/\/www.24gliwice.pl\/wiadomosci\/wp-content\/uploads\/2026\/02\/animator-zlobek_750x200.webp 750w, https:\/\/www.24gliwice.pl\/wiadomosci\/wp-content\/uploads\/2026\/02\/animator-zlobek_750x200-410x109.webp 410w\" sizes=\"(max-width: 750px) 100vw, 750px\" class=\"no-lazyload\" width=\"750\" height=\"200\"  style=\"display: inline-block; max-width: 100%; height: auto;\" \/><\/a><\/div><\/div>\n<p>Wydarzenie organizowane przez Muzeum z okazji Dnia Dziecka towarzyszy wystawie tw\u00f3rczo\u015bci Zofii Stryje\u0144skiej. &#8211; <em>To zdecydowanie najwszechstronniejsza artystka polskiego dwudziestolecia mi\u0119dzywojennego \u2013 malarka, rysowniczka, graficzka, ale te\u017c projektantka \u2013 tkanin, zabawek, kostium\u00f3w, mebli&#8230;<\/em> &#8211; zaznacza MwG. Podczas cyklu warsztat\u00f3w b\u0119dzie mo\u017cna samodzielnie spr\u00f3bowa\u0107 dziedzin, w kt\u00f3rych swego czasu kr\u00f3lowa\u0142a Stryje\u0144ska. <\/p>\n<p>&#8211; <em>Zocha ju\u017c jako ma\u0142a dziewczynka ch\u0119tnie ws\u0142uchiwa\u0142a si\u0119 w legendy i ludowe opowie\u015bci. Z pewno\u015bci\u0105 na pami\u0119\u0107 zna\u0142a zw\u0142aszcza jedn\u0105 z nich, t\u0119 szczeg\u00f3lnie kojarzon\u0105 z jej rodzinnym Krakowem \u2013 histori\u0119 smoka wawelskiego. Podczas tych warsztat\u00f3w nawi\u0105\u017cemy do uproszczonych bry\u0142 artystki i uszyjemy mi\u0119kkie smocze maskotki, korzystaj\u0105c z zupe\u0142nie wsp\u00f3\u0142czesnego materia\u0142u: polaru<\/em> &#8211; zapowiada Muzeum w Gliwicach. <\/p>\n<p>(\u017cms\/mat. organizatora)<br \/>\nfot. mat. organizatora<\/p>\n<div class=\"gliwi-a5-na-koncu-artykulow gliwi-entity-placement\" id=\"gliwi-1515968297\"><div class=\"gliwi-adlabel\"><span style=\"font-size: 9px\">REKLAMA<\/span><\/div><div id=\"gliwi-1286545365\" style=\"margin-left: auto;margin-right: auto;text-align: center;\"><a data-no-instant=\"1\" href=\"https:\/\/prezeroarenagliwice.pl\/\" rel=\"noopener\" class=\"a2t-link\" target=\"_blank\" aria-label=\"20260309-PREZERO-WIOSNA-D\"><img loading=\"lazy\" decoding=\"async\" src=\"https:\/\/www.24gliwice.pl\/wiadomosci\/wp-content\/uploads\/2026\/03\/20260309-PREZERO-WIOSNA-D.webp\" alt=\"\"  srcset=\"https:\/\/www.24gliwice.pl\/wiadomosci\/wp-content\/uploads\/2026\/03\/20260309-PREZERO-WIOSNA-D.webp 750w, https:\/\/www.24gliwice.pl\/wiadomosci\/wp-content\/uploads\/2026\/03\/20260309-PREZERO-WIOSNA-D-410x109.webp 410w\" sizes=\"(max-width: 750px) 100vw, 750px\" class=\"no-lazyload\" width=\"750\" height=\"200\"  style=\"display: inline-block; max-width: 100%; height: auto;\" \/><\/a><\/div><\/div>","protected":false},"excerpt":{"rendered":"<p>1 czerwca mo\u017cna sp\u0119dzi\u0107 na warsztatach zabawkarskich w gliwickim Muzeum. Wydarzenie &#8220;Dzie\u0144 Dziecka z Zoch\u0105 \u2013 szyjemy smoka wawelskiego&#8221; towarzyszy wystawie \u201eZofia Stryje\u0144ska \u2013 tajemnicze i radosne opowie\u015bci&#8221; w Willi Caro (ul. Dolnych Wa\u0142\u00f3w 8a). &nbsp; Zaj\u0119cia, kt\u00f3re przeznaczone s\u0105 dla dzieci z opiekunami, m\u0142odzie\u017cy i doros\u0142ych, zorganizowane zostan\u0105 o godzinach: 11.00, 13.00 i 15.00. [&hellip;]<\/p>\n","protected":false},"author":15,"featured_media":236420,"comment_status":"open","ping_status":"closed","sticky":false,"template":"","format":"standard","meta":{"_monsterinsights_skip_tracking":false,"_monsterinsights_sitenote_active":false,"_monsterinsights_sitenote_note":"","_monsterinsights_sitenote_category":0,"footnotes":"","_links_to":"","_links_to_target":""},"categories":[3,6,1],"tags":[2630,1187],"class_list":["post-236401","post","type-post","status-publish","format-standard","has-post-thumbnail","hentry","category-gliwice","category-kultura","category-wszystko","tag-dzien-dziecka","tag-warsztaty"],"yoast_head":"<!-- This site is optimized with the Yoast SEO plugin v27.5 - https:\/\/yoast.com\/product\/yoast-seo-wordpress\/ -->\n<title>Dzie\u0144 Dziecka z Zoch\u0105 \u2013 szyjemy smoka wawelskiego. Warsztaty w Muzeum w Gliwicach, obowi\u0105zuj\u0105 zapisy - 24GLIWICE - Portal Gliwice | codziennie nowe informacje<\/title>\n<meta name=\"description\" content=\"W Dzie\u0144 Dziecka mo\u017cna wybra\u0107 si\u0119 na warsztaty w gliwickim Muzeum. Uczestnicy b\u0119d\u0105 szyli samodzielnie smoka wawelskiego z polaru\" \/>\n<meta name=\"robots\" content=\"index, follow, max-snippet:-1, max-image-preview:large, max-video-preview:-1\" \/>\n<link rel=\"canonical\" href=\"https:\/\/www.24gliwice.pl\/wiadomosci\/dzien-dziecka-z-zocha-szyjemy-smoka-wawelskiego-warsztaty-w-muzeum-w-gliwicach-obowiazuja-zapisy\/\" \/>\n<meta property=\"og:locale\" content=\"pl_PL\" \/>\n<meta property=\"og:type\" content=\"article\" \/>\n<meta property=\"og:title\" content=\"Dzie\u0144 Dziecka z Zoch\u0105 \u2013 szyjemy smoka wawelskiego. Warsztaty w Muzeum w Gliwicach, obowi\u0105zuj\u0105 zapisy - 24GLIWICE - Portal Gliwice | codziennie nowe informacje\" \/>\n<meta property=\"og:description\" content=\"W Dzie\u0144 Dziecka mo\u017cna wybra\u0107 si\u0119 na warsztaty w gliwickim Muzeum. Uczestnicy b\u0119d\u0105 szyli samodzielnie smoka wawelskiego z polaru\" \/>\n<meta property=\"og:url\" content=\"https:\/\/www.24gliwice.pl\/wiadomosci\/dzien-dziecka-z-zocha-szyjemy-smoka-wawelskiego-warsztaty-w-muzeum-w-gliwicach-obowiazuja-zapisy\/\" \/>\n<meta property=\"og:site_name\" content=\"24GLIWICE - Portal Gliwice | codziennie nowe informacje\" \/>\n<meta property=\"article:publisher\" content=\"https:\/\/www.facebook.com\/24gliwice\" \/>\n<meta property=\"article:published_time\" content=\"2024-05-23T14:55:17+00:00\" \/>\n<meta property=\"og:image\" content=\"https:\/\/www.24gliwice.pl\/wiadomosci\/wp-content\/uploads\/2024\/05\/muzeum-warsztaty-smok.jpg\" \/>\n\t<meta property=\"og:image:width\" content=\"562\" \/>\n\t<meta property=\"og:image:height\" content=\"316\" \/>\n\t<meta property=\"og:image:type\" content=\"image\/jpeg\" \/>\n<meta name=\"author\" content=\"\u017baneta Mrozek-Siewierska\" \/>\n<meta name=\"twitter:card\" content=\"summary_large_image\" \/>\n<meta name=\"twitter:creator\" content=\"@24gliwice\" \/>\n<meta name=\"twitter:site\" content=\"@24gliwice\" \/>\n<meta name=\"twitter:label1\" content=\"Napisane przez\" \/>\n\t<meta name=\"twitter:data1\" content=\"\u017baneta Mrozek-Siewierska\" \/>\n\t<meta name=\"twitter:label2\" content=\"Szacowany czas czytania\" \/>\n\t<meta name=\"twitter:data2\" content=\"2 minuty\" \/>\n<script type=\"application\/ld+json\" class=\"yoast-schema-graph\">{\"@context\":\"https:\\\/\\\/schema.org\",\"@graph\":[{\"@type\":\"Article\",\"@id\":\"https:\\\/\\\/www.24gliwice.pl\\\/wiadomosci\\\/dzien-dziecka-z-zocha-szyjemy-smoka-wawelskiego-warsztaty-w-muzeum-w-gliwicach-obowiazuja-zapisy\\\/#article\",\"isPartOf\":{\"@id\":\"https:\\\/\\\/www.24gliwice.pl\\\/wiadomosci\\\/dzien-dziecka-z-zocha-szyjemy-smoka-wawelskiego-warsztaty-w-muzeum-w-gliwicach-obowiazuja-zapisy\\\/\"},\"author\":{\"name\":\"\u017baneta Mrozek-Siewierska\",\"@id\":\"https:\\\/\\\/www.24gliwice.pl\\\/wiadomosci\\\/#\\\/schema\\\/person\\\/e42c650edd7f2fa332be3811fb166b6e\"},\"headline\":\"Dzie\u0144 Dziecka z Zoch\u0105 \u2013 szyjemy smoka wawelskiego. Warsztaty w Muzeum w Gliwicach, obowi\u0105zuj\u0105 zapisy\",\"datePublished\":\"2024-05-23T14:55:17+00:00\",\"mainEntityOfPage\":{\"@id\":\"https:\\\/\\\/www.24gliwice.pl\\\/wiadomosci\\\/dzien-dziecka-z-zocha-szyjemy-smoka-wawelskiego-warsztaty-w-muzeum-w-gliwicach-obowiazuja-zapisy\\\/\"},\"wordCount\":276,\"commentCount\":0,\"publisher\":{\"@id\":\"https:\\\/\\\/www.24gliwice.pl\\\/wiadomosci\\\/#organization\"},\"image\":{\"@id\":\"https:\\\/\\\/www.24gliwice.pl\\\/wiadomosci\\\/dzien-dziecka-z-zocha-szyjemy-smoka-wawelskiego-warsztaty-w-muzeum-w-gliwicach-obowiazuja-zapisy\\\/#primaryimage\"},\"thumbnailUrl\":\"https:\\\/\\\/www.24gliwice.pl\\\/wiadomosci\\\/wp-content\\\/uploads\\\/2024\\\/05\\\/muzeum-warsztaty-smok.jpg\",\"keywords\":[\"DZIE\u0143 DZIECKA\",\"WARSZTATY\"],\"articleSection\":[\"Gliwice\",\"Kultura, wydarzenia, imprezy\",\"Najnowsze wiadomo\u015bci\"],\"inLanguage\":\"pl-PL\",\"potentialAction\":[{\"@type\":\"CommentAction\",\"name\":\"Comment\",\"target\":[\"https:\\\/\\\/www.24gliwice.pl\\\/wiadomosci\\\/dzien-dziecka-z-zocha-szyjemy-smoka-wawelskiego-warsztaty-w-muzeum-w-gliwicach-obowiazuja-zapisy\\\/#respond\"]}]},{\"@type\":\"WebPage\",\"@id\":\"https:\\\/\\\/www.24gliwice.pl\\\/wiadomosci\\\/dzien-dziecka-z-zocha-szyjemy-smoka-wawelskiego-warsztaty-w-muzeum-w-gliwicach-obowiazuja-zapisy\\\/\",\"url\":\"https:\\\/\\\/www.24gliwice.pl\\\/wiadomosci\\\/dzien-dziecka-z-zocha-szyjemy-smoka-wawelskiego-warsztaty-w-muzeum-w-gliwicach-obowiazuja-zapisy\\\/\",\"name\":\"Dzie\u0144 Dziecka z Zoch\u0105 \u2013 szyjemy smoka wawelskiego. Warsztaty w Muzeum w Gliwicach, obowi\u0105zuj\u0105 zapisy - 24GLIWICE - Portal Gliwice | codziennie nowe informacje\",\"isPartOf\":{\"@id\":\"https:\\\/\\\/www.24gliwice.pl\\\/wiadomosci\\\/#website\"},\"primaryImageOfPage\":{\"@id\":\"https:\\\/\\\/www.24gliwice.pl\\\/wiadomosci\\\/dzien-dziecka-z-zocha-szyjemy-smoka-wawelskiego-warsztaty-w-muzeum-w-gliwicach-obowiazuja-zapisy\\\/#primaryimage\"},\"image\":{\"@id\":\"https:\\\/\\\/www.24gliwice.pl\\\/wiadomosci\\\/dzien-dziecka-z-zocha-szyjemy-smoka-wawelskiego-warsztaty-w-muzeum-w-gliwicach-obowiazuja-zapisy\\\/#primaryimage\"},\"thumbnailUrl\":\"https:\\\/\\\/www.24gliwice.pl\\\/wiadomosci\\\/wp-content\\\/uploads\\\/2024\\\/05\\\/muzeum-warsztaty-smok.jpg\",\"datePublished\":\"2024-05-23T14:55:17+00:00\",\"description\":\"W Dzie\u0144 Dziecka mo\u017cna wybra\u0107 si\u0119 na warsztaty w gliwickim Muzeum. Uczestnicy b\u0119d\u0105 szyli samodzielnie smoka wawelskiego z polaru\",\"breadcrumb\":{\"@id\":\"https:\\\/\\\/www.24gliwice.pl\\\/wiadomosci\\\/dzien-dziecka-z-zocha-szyjemy-smoka-wawelskiego-warsztaty-w-muzeum-w-gliwicach-obowiazuja-zapisy\\\/#breadcrumb\"},\"inLanguage\":\"pl-PL\",\"potentialAction\":[{\"@type\":\"ReadAction\",\"target\":[\"https:\\\/\\\/www.24gliwice.pl\\\/wiadomosci\\\/dzien-dziecka-z-zocha-szyjemy-smoka-wawelskiego-warsztaty-w-muzeum-w-gliwicach-obowiazuja-zapisy\\\/\"]}]},{\"@type\":\"ImageObject\",\"inLanguage\":\"pl-PL\",\"@id\":\"https:\\\/\\\/www.24gliwice.pl\\\/wiadomosci\\\/dzien-dziecka-z-zocha-szyjemy-smoka-wawelskiego-warsztaty-w-muzeum-w-gliwicach-obowiazuja-zapisy\\\/#primaryimage\",\"url\":\"https:\\\/\\\/www.24gliwice.pl\\\/wiadomosci\\\/wp-content\\\/uploads\\\/2024\\\/05\\\/muzeum-warsztaty-smok.jpg\",\"contentUrl\":\"https:\\\/\\\/www.24gliwice.pl\\\/wiadomosci\\\/wp-content\\\/uploads\\\/2024\\\/05\\\/muzeum-warsztaty-smok.jpg\",\"width\":562,\"height\":316},{\"@type\":\"BreadcrumbList\",\"@id\":\"https:\\\/\\\/www.24gliwice.pl\\\/wiadomosci\\\/dzien-dziecka-z-zocha-szyjemy-smoka-wawelskiego-warsztaty-w-muzeum-w-gliwicach-obowiazuja-zapisy\\\/#breadcrumb\",\"itemListElement\":[{\"@type\":\"ListItem\",\"position\":1,\"name\":\"Strona g\u0142\u00f3wna\",\"item\":\"https:\\\/\\\/www.24gliwice.pl\\\/wiadomosci\\\/\"},{\"@type\":\"ListItem\",\"position\":2,\"name\":\"Dzie\u0144 Dziecka z Zoch\u0105 \u2013 szyjemy smoka wawelskiego. Warsztaty w Muzeum w Gliwicach, obowi\u0105zuj\u0105 zapisy\"}]},{\"@type\":\"WebSite\",\"@id\":\"https:\\\/\\\/www.24gliwice.pl\\\/wiadomosci\\\/#website\",\"url\":\"https:\\\/\\\/www.24gliwice.pl\\\/wiadomosci\\\/\",\"name\":\"24GLIWICE - Portal Gliwice | codziennie nowe wiadomo\u015bci\",\"description\":\"Portal Miejski Gliwice\",\"publisher\":{\"@id\":\"https:\\\/\\\/www.24gliwice.pl\\\/wiadomosci\\\/#organization\"},\"potentialAction\":[{\"@type\":\"SearchAction\",\"target\":{\"@type\":\"EntryPoint\",\"urlTemplate\":\"https:\\\/\\\/www.24gliwice.pl\\\/wiadomosci\\\/?s={search_term_string}\"},\"query-input\":{\"@type\":\"PropertyValueSpecification\",\"valueRequired\":true,\"valueName\":\"search_term_string\"}}],\"inLanguage\":\"pl-PL\"},{\"@type\":\"Organization\",\"@id\":\"https:\\\/\\\/www.24gliwice.pl\\\/wiadomosci\\\/#organization\",\"name\":\"24gliwice\",\"url\":\"https:\\\/\\\/www.24gliwice.pl\\\/wiadomosci\\\/\",\"logo\":{\"@type\":\"ImageObject\",\"inLanguage\":\"pl-PL\",\"@id\":\"https:\\\/\\\/www.24gliwice.pl\\\/wiadomosci\\\/#\\\/schema\\\/logo\\\/image\\\/\",\"url\":\"https:\\\/\\\/www.24gliwice.pl\\\/wiadomosci\\\/wp-content\\\/uploads\\\/2024\\\/10\\\/24gliwice-logo-696.jpg\",\"contentUrl\":\"https:\\\/\\\/www.24gliwice.pl\\\/wiadomosci\\\/wp-content\\\/uploads\\\/2024\\\/10\\\/24gliwice-logo-696.jpg\",\"width\":696,\"height\":696,\"caption\":\"24gliwice\"},\"image\":{\"@id\":\"https:\\\/\\\/www.24gliwice.pl\\\/wiadomosci\\\/#\\\/schema\\\/logo\\\/image\\\/\"},\"sameAs\":[\"https:\\\/\\\/www.facebook.com\\\/24gliwice\",\"https:\\\/\\\/x.com\\\/24gliwice\",\"https:\\\/\\\/www.youtube.com\\\/@24gliwice\"]},{\"@type\":\"Person\",\"@id\":\"https:\\\/\\\/www.24gliwice.pl\\\/wiadomosci\\\/#\\\/schema\\\/person\\\/e42c650edd7f2fa332be3811fb166b6e\",\"name\":\"\u017baneta Mrozek-Siewierska\",\"image\":{\"@type\":\"ImageObject\",\"inLanguage\":\"pl-PL\",\"@id\":\"https:\\\/\\\/secure.gravatar.com\\\/avatar\\\/1881429e9c64597c77ad7aef2d0a19be69a3253e57534d16aa15bf3a4d34a0a3?s=96&d=mm&r=g\",\"url\":\"https:\\\/\\\/secure.gravatar.com\\\/avatar\\\/1881429e9c64597c77ad7aef2d0a19be69a3253e57534d16aa15bf3a4d34a0a3?s=96&d=mm&r=g\",\"contentUrl\":\"https:\\\/\\\/secure.gravatar.com\\\/avatar\\\/1881429e9c64597c77ad7aef2d0a19be69a3253e57534d16aa15bf3a4d34a0a3?s=96&d=mm&r=g\",\"caption\":\"\u017baneta Mrozek-Siewierska\"},\"url\":\"https:\\\/\\\/www.24gliwice.pl\\\/wiadomosci\\\/author\\\/zms\\\/\"}]}<\/script>\n<!-- \/ Yoast SEO plugin. -->","yoast_head_json":{"title":"Dzie\u0144 Dziecka z Zoch\u0105 \u2013 szyjemy smoka wawelskiego. Warsztaty w Muzeum w Gliwicach, obowi\u0105zuj\u0105 zapisy - 24GLIWICE - Portal Gliwice | codziennie nowe informacje","description":"W Dzie\u0144 Dziecka mo\u017cna wybra\u0107 si\u0119 na warsztaty w gliwickim Muzeum. Uczestnicy b\u0119d\u0105 szyli samodzielnie smoka wawelskiego z polaru","robots":{"index":"index","follow":"follow","max-snippet":"max-snippet:-1","max-image-preview":"max-image-preview:large","max-video-preview":"max-video-preview:-1"},"canonical":"https:\/\/www.24gliwice.pl\/wiadomosci\/dzien-dziecka-z-zocha-szyjemy-smoka-wawelskiego-warsztaty-w-muzeum-w-gliwicach-obowiazuja-zapisy\/","og_locale":"pl_PL","og_type":"article","og_title":"Dzie\u0144 Dziecka z Zoch\u0105 \u2013 szyjemy smoka wawelskiego. Warsztaty w Muzeum w Gliwicach, obowi\u0105zuj\u0105 zapisy - 24GLIWICE - Portal Gliwice | codziennie nowe informacje","og_description":"W Dzie\u0144 Dziecka mo\u017cna wybra\u0107 si\u0119 na warsztaty w gliwickim Muzeum. Uczestnicy b\u0119d\u0105 szyli samodzielnie smoka wawelskiego z polaru","og_url":"https:\/\/www.24gliwice.pl\/wiadomosci\/dzien-dziecka-z-zocha-szyjemy-smoka-wawelskiego-warsztaty-w-muzeum-w-gliwicach-obowiazuja-zapisy\/","og_site_name":"24GLIWICE - Portal Gliwice | codziennie nowe informacje","article_publisher":"https:\/\/www.facebook.com\/24gliwice","article_published_time":"2024-05-23T14:55:17+00:00","og_image":[{"width":562,"height":316,"url":"https:\/\/www.24gliwice.pl\/wiadomosci\/wp-content\/uploads\/2024\/05\/muzeum-warsztaty-smok.jpg","type":"image\/jpeg"}],"author":"\u017baneta Mrozek-Siewierska","twitter_card":"summary_large_image","twitter_creator":"@24gliwice","twitter_site":"@24gliwice","twitter_misc":{"Napisane przez":"\u017baneta Mrozek-Siewierska","Szacowany czas czytania":"2 minuty"},"schema":{"@context":"https:\/\/schema.org","@graph":[{"@type":"Article","@id":"https:\/\/www.24gliwice.pl\/wiadomosci\/dzien-dziecka-z-zocha-szyjemy-smoka-wawelskiego-warsztaty-w-muzeum-w-gliwicach-obowiazuja-zapisy\/#article","isPartOf":{"@id":"https:\/\/www.24gliwice.pl\/wiadomosci\/dzien-dziecka-z-zocha-szyjemy-smoka-wawelskiego-warsztaty-w-muzeum-w-gliwicach-obowiazuja-zapisy\/"},"author":{"name":"\u017baneta Mrozek-Siewierska","@id":"https:\/\/www.24gliwice.pl\/wiadomosci\/#\/schema\/person\/e42c650edd7f2fa332be3811fb166b6e"},"headline":"Dzie\u0144 Dziecka z Zoch\u0105 \u2013 szyjemy smoka wawelskiego. Warsztaty w Muzeum w Gliwicach, obowi\u0105zuj\u0105 zapisy","datePublished":"2024-05-23T14:55:17+00:00","mainEntityOfPage":{"@id":"https:\/\/www.24gliwice.pl\/wiadomosci\/dzien-dziecka-z-zocha-szyjemy-smoka-wawelskiego-warsztaty-w-muzeum-w-gliwicach-obowiazuja-zapisy\/"},"wordCount":276,"commentCount":0,"publisher":{"@id":"https:\/\/www.24gliwice.pl\/wiadomosci\/#organization"},"image":{"@id":"https:\/\/www.24gliwice.pl\/wiadomosci\/dzien-dziecka-z-zocha-szyjemy-smoka-wawelskiego-warsztaty-w-muzeum-w-gliwicach-obowiazuja-zapisy\/#primaryimage"},"thumbnailUrl":"https:\/\/www.24gliwice.pl\/wiadomosci\/wp-content\/uploads\/2024\/05\/muzeum-warsztaty-smok.jpg","keywords":["DZIE\u0143 DZIECKA","WARSZTATY"],"articleSection":["Gliwice","Kultura, wydarzenia, imprezy","Najnowsze wiadomo\u015bci"],"inLanguage":"pl-PL","potentialAction":[{"@type":"CommentAction","name":"Comment","target":["https:\/\/www.24gliwice.pl\/wiadomosci\/dzien-dziecka-z-zocha-szyjemy-smoka-wawelskiego-warsztaty-w-muzeum-w-gliwicach-obowiazuja-zapisy\/#respond"]}]},{"@type":"WebPage","@id":"https:\/\/www.24gliwice.pl\/wiadomosci\/dzien-dziecka-z-zocha-szyjemy-smoka-wawelskiego-warsztaty-w-muzeum-w-gliwicach-obowiazuja-zapisy\/","url":"https:\/\/www.24gliwice.pl\/wiadomosci\/dzien-dziecka-z-zocha-szyjemy-smoka-wawelskiego-warsztaty-w-muzeum-w-gliwicach-obowiazuja-zapisy\/","name":"Dzie\u0144 Dziecka z Zoch\u0105 \u2013 szyjemy smoka wawelskiego. Warsztaty w Muzeum w Gliwicach, obowi\u0105zuj\u0105 zapisy - 24GLIWICE - Portal Gliwice | codziennie nowe informacje","isPartOf":{"@id":"https:\/\/www.24gliwice.pl\/wiadomosci\/#website"},"primaryImageOfPage":{"@id":"https:\/\/www.24gliwice.pl\/wiadomosci\/dzien-dziecka-z-zocha-szyjemy-smoka-wawelskiego-warsztaty-w-muzeum-w-gliwicach-obowiazuja-zapisy\/#primaryimage"},"image":{"@id":"https:\/\/www.24gliwice.pl\/wiadomosci\/dzien-dziecka-z-zocha-szyjemy-smoka-wawelskiego-warsztaty-w-muzeum-w-gliwicach-obowiazuja-zapisy\/#primaryimage"},"thumbnailUrl":"https:\/\/www.24gliwice.pl\/wiadomosci\/wp-content\/uploads\/2024\/05\/muzeum-warsztaty-smok.jpg","datePublished":"2024-05-23T14:55:17+00:00","description":"W Dzie\u0144 Dziecka mo\u017cna wybra\u0107 si\u0119 na warsztaty w gliwickim Muzeum. Uczestnicy b\u0119d\u0105 szyli samodzielnie smoka wawelskiego z polaru","breadcrumb":{"@id":"https:\/\/www.24gliwice.pl\/wiadomosci\/dzien-dziecka-z-zocha-szyjemy-smoka-wawelskiego-warsztaty-w-muzeum-w-gliwicach-obowiazuja-zapisy\/#breadcrumb"},"inLanguage":"pl-PL","potentialAction":[{"@type":"ReadAction","target":["https:\/\/www.24gliwice.pl\/wiadomosci\/dzien-dziecka-z-zocha-szyjemy-smoka-wawelskiego-warsztaty-w-muzeum-w-gliwicach-obowiazuja-zapisy\/"]}]},{"@type":"ImageObject","inLanguage":"pl-PL","@id":"https:\/\/www.24gliwice.pl\/wiadomosci\/dzien-dziecka-z-zocha-szyjemy-smoka-wawelskiego-warsztaty-w-muzeum-w-gliwicach-obowiazuja-zapisy\/#primaryimage","url":"https:\/\/www.24gliwice.pl\/wiadomosci\/wp-content\/uploads\/2024\/05\/muzeum-warsztaty-smok.jpg","contentUrl":"https:\/\/www.24gliwice.pl\/wiadomosci\/wp-content\/uploads\/2024\/05\/muzeum-warsztaty-smok.jpg","width":562,"height":316},{"@type":"BreadcrumbList","@id":"https:\/\/www.24gliwice.pl\/wiadomosci\/dzien-dziecka-z-zocha-szyjemy-smoka-wawelskiego-warsztaty-w-muzeum-w-gliwicach-obowiazuja-zapisy\/#breadcrumb","itemListElement":[{"@type":"ListItem","position":1,"name":"Strona g\u0142\u00f3wna","item":"https:\/\/www.24gliwice.pl\/wiadomosci\/"},{"@type":"ListItem","position":2,"name":"Dzie\u0144 Dziecka z Zoch\u0105 \u2013 szyjemy smoka wawelskiego. Warsztaty w Muzeum w Gliwicach, obowi\u0105zuj\u0105 zapisy"}]},{"@type":"WebSite","@id":"https:\/\/www.24gliwice.pl\/wiadomosci\/#website","url":"https:\/\/www.24gliwice.pl\/wiadomosci\/","name":"24GLIWICE - Portal Gliwice | codziennie nowe wiadomo\u015bci","description":"Portal Miejski Gliwice","publisher":{"@id":"https:\/\/www.24gliwice.pl\/wiadomosci\/#organization"},"potentialAction":[{"@type":"SearchAction","target":{"@type":"EntryPoint","urlTemplate":"https:\/\/www.24gliwice.pl\/wiadomosci\/?s={search_term_string}"},"query-input":{"@type":"PropertyValueSpecification","valueRequired":true,"valueName":"search_term_string"}}],"inLanguage":"pl-PL"},{"@type":"Organization","@id":"https:\/\/www.24gliwice.pl\/wiadomosci\/#organization","name":"24gliwice","url":"https:\/\/www.24gliwice.pl\/wiadomosci\/","logo":{"@type":"ImageObject","inLanguage":"pl-PL","@id":"https:\/\/www.24gliwice.pl\/wiadomosci\/#\/schema\/logo\/image\/","url":"https:\/\/www.24gliwice.pl\/wiadomosci\/wp-content\/uploads\/2024\/10\/24gliwice-logo-696.jpg","contentUrl":"https:\/\/www.24gliwice.pl\/wiadomosci\/wp-content\/uploads\/2024\/10\/24gliwice-logo-696.jpg","width":696,"height":696,"caption":"24gliwice"},"image":{"@id":"https:\/\/www.24gliwice.pl\/wiadomosci\/#\/schema\/logo\/image\/"},"sameAs":["https:\/\/www.facebook.com\/24gliwice","https:\/\/x.com\/24gliwice","https:\/\/www.youtube.com\/@24gliwice"]},{"@type":"Person","@id":"https:\/\/www.24gliwice.pl\/wiadomosci\/#\/schema\/person\/e42c650edd7f2fa332be3811fb166b6e","name":"\u017baneta Mrozek-Siewierska","image":{"@type":"ImageObject","inLanguage":"pl-PL","@id":"https:\/\/secure.gravatar.com\/avatar\/1881429e9c64597c77ad7aef2d0a19be69a3253e57534d16aa15bf3a4d34a0a3?s=96&d=mm&r=g","url":"https:\/\/secure.gravatar.com\/avatar\/1881429e9c64597c77ad7aef2d0a19be69a3253e57534d16aa15bf3a4d34a0a3?s=96&d=mm&r=g","contentUrl":"https:\/\/secure.gravatar.com\/avatar\/1881429e9c64597c77ad7aef2d0a19be69a3253e57534d16aa15bf3a4d34a0a3?s=96&d=mm&r=g","caption":"\u017baneta Mrozek-Siewierska"},"url":"https:\/\/www.24gliwice.pl\/wiadomosci\/author\/zms\/"}]}},"_links":{"self":[{"href":"https:\/\/www.24gliwice.pl\/wiadomosci\/wp-json\/wp\/v2\/posts\/236401","targetHints":{"allow":["GET"]}}],"collection":[{"href":"https:\/\/www.24gliwice.pl\/wiadomosci\/wp-json\/wp\/v2\/posts"}],"about":[{"href":"https:\/\/www.24gliwice.pl\/wiadomosci\/wp-json\/wp\/v2\/types\/post"}],"author":[{"embeddable":true,"href":"https:\/\/www.24gliwice.pl\/wiadomosci\/wp-json\/wp\/v2\/users\/15"}],"replies":[{"embeddable":true,"href":"https:\/\/www.24gliwice.pl\/wiadomosci\/wp-json\/wp\/v2\/comments?post=236401"}],"version-history":[{"count":0,"href":"https:\/\/www.24gliwice.pl\/wiadomosci\/wp-json\/wp\/v2\/posts\/236401\/revisions"}],"wp:featuredmedia":[{"embeddable":true,"href":"https:\/\/www.24gliwice.pl\/wiadomosci\/wp-json\/wp\/v2\/media\/236420"}],"wp:attachment":[{"href":"https:\/\/www.24gliwice.pl\/wiadomosci\/wp-json\/wp\/v2\/media?parent=236401"}],"wp:term":[{"taxonomy":"category","embeddable":true,"href":"https:\/\/www.24gliwice.pl\/wiadomosci\/wp-json\/wp\/v2\/categories?post=236401"},{"taxonomy":"post_tag","embeddable":true,"href":"https:\/\/www.24gliwice.pl\/wiadomosci\/wp-json\/wp\/v2\/tags?post=236401"}],"curies":[{"name":"wp","href":"https:\/\/api.w.org\/{rel}","templated":true}]}}