{"id":236776,"date":"2024-05-31T00:11:07","date_gmt":"2024-05-30T22:11:07","guid":{"rendered":"https:\/\/www.24gliwice.pl\/wiadomosci\/?p=236776"},"modified":"2024-06-03T13:54:06","modified_gmt":"2024-06-03T11:54:06","slug":"gdzie-wybrac-sie-z-dziecmi-w-dlugi-weekend-w-gliwicach-bedzie-sie-sporo-dzialo","status":"publish","type":"post","link":"https:\/\/www.24gliwice.pl\/wiadomosci\/gdzie-wybrac-sie-z-dziecmi-w-dlugi-weekend-w-gliwicach-bedzie-sie-sporo-dzialo\/","title":{"rendered":"Gdzie wybra\u0107 si\u0119 z dzie\u0107mi w d\u0142ugi weekend? W Gliwicach b\u0119dzie si\u0119 sporo dzia\u0142o"},"content":{"rendered":"<div class=\"gliwi-a6-nad-leadem-artykulow gliwi-entity-placement\" id=\"gliwi-2290445739\"><div class=\"gliwi-adlabel\"><span style=\"font-size: 9px\">REKLAMA<\/span><\/div><div id=\"gliwi-976077203\" style=\"margin-bottom: 25px;margin-left: auto;margin-right: auto;text-align: center;\"><a data-no-instant=\"1\" href=\"https:\/\/dom100.eu\/\" rel=\"noopener\" class=\"a2t-link\" target=\"_blank\" aria-label=\"20260415 DOM100 D\"><img loading=\"lazy\" decoding=\"async\" src=\"https:\/\/www.24gliwice.pl\/wiadomosci\/wp-content\/uploads\/2026\/04\/20260415-DOM100-D.jpg\" alt=\"\"  srcset=\"https:\/\/www.24gliwice.pl\/wiadomosci\/wp-content\/uploads\/2026\/04\/20260415-DOM100-D.jpg 750w, https:\/\/www.24gliwice.pl\/wiadomosci\/wp-content\/uploads\/2026\/04\/20260415-DOM100-D-410x109.jpg 410w\" sizes=\"(max-width: 750px) 100vw, 750px\" class=\"no-lazyload\" width=\"750\" height=\"200\"  style=\"display: inline-block; max-width: 100%; height: auto;\" \/><\/a><\/div><\/div><h2>Industriada, seanse kinowe z Basi\u0105, premiera &#8220;Powrotu&#8221; Pana Kleksa, pikniki: stra\u017cacki w Brzezince oraz rodzinny w OW Czechowice, Dni Latania, Podw\u00f3rko, Hulacykl &#8211; przed\u0142u\u017cony weekend w Gliwicach obfituje w r\u00f3\u017cne atrakcje, kt\u00f3rych cz\u0119\u015b\u0107 zwi\u0105zana jest z Dniem Dziecka, inne tak\u017ce mog\u0105 stanowi\u0107 atrakcj\u0119 dla najm\u0142odszych mieszka\u0144c\u00f3w.<\/h2>\n<p><strong>Od 31 maja do 2 czerwca <\/strong>mo\u017cna wybra\u0107 si\u0119 na kinowy seans do kina Amok. Dla najm\u0142odszych widz\u00f3w wy\u015bwietlany b\u0119dzie tam film \u201eBasia. Jestem w sam raz\u201d. <a href=\"https:\/\/amok.gliwice.pl\/wydarzenia\/dzien-dziecka-z-basia\/\" rel=\"noopener\" target=\"_blank\">Bilety s\u0105 jeszcze dost\u0119pne &#8211; do nabycia tu<\/a>. Wi\u0119cej na ten temat pisali\u015bmy tutaj:<\/p>\n<blockquote class=\"wp-embedded-content\" data-secret=\"w6pkiu0SYl\"><p><a href=\"https:\/\/www.24gliwice.pl\/wiadomosci\/dzien-dziecka-z-basia-w-kinie-amok-przewidziano-trzy-kinowe-seanse-dla-dzieci\/\">Dzie\u0144 Dziecka z Basi\u0105 w kinie AMOK. Przewidziano trzy kinowe seanse dla dzieci<\/a><\/p><\/blockquote>\n<p><iframe loading=\"lazy\" class=\"wp-embedded-content\" sandbox=\"allow-scripts\" security=\"restricted\" style=\"position: absolute; clip: rect(1px, 1px, 1px, 1px);\" title=\"&#8222;Dzie\u0144 Dziecka z Basi\u0105 w kinie AMOK. Przewidziano trzy kinowe seanse dla dzieci&#8221; &#8212; 24GLIWICE - Portal Gliwice | codziennie nowe informacje\" src=\"https:\/\/www.24gliwice.pl\/wiadomosci\/dzien-dziecka-z-basia-w-kinie-amok-przewidziano-trzy-kinowe-seanse-dla-dzieci\/embed\/#?secret=QeBv2ehHvJ#?secret=w6pkiu0SYl\" data-secret=\"w6pkiu0SYl\" width=\"600\" height=\"338\" frameborder=\"0\" marginwidth=\"0\" marginheight=\"0\" scrolling=\"no\"><\/iframe><\/p>\n<p>W tym samym przedziale czasowym w Teatrze Miejskim w Gliwicach b\u0119dzie mia\u0142a miejsce premiera i kolejne pokazy spektaklu &#8220;Pan Kleks. Powr\u00f3t&#8221; z udzia\u0142em dzieci\u0119cych aktor\u00f3w. <a href=\"https:\/\/teatr.gliwice.pl\/repertuar\/\" rel=\"noopener\" target=\"_blank\">Bilety s\u0105 jeszcze dost\u0119pne na stronie Teatru Miejskiego.<\/a> Opr\u00f3cz tego w planie jest przedstawienie dla najm\u0142odszych widz\u00f3w &#8211; &#8220;Mama Mu&#8221; &#8211; kt\u00f3remu z okazji Dnia Dziecka towarzyszy\u0107 b\u0119dzie wydarzenie specjalne. Wi\u0119cej pisali\u015bmy o tym tutaj:<\/p><div class=\"gliwi-a3-w-tresci-artykulow gliwi-entity-placement\" id=\"gliwi-2784075148\"><div class=\"gliwi-adlabel\"><span style=\"font-size: 9px\">REKLAMA<\/span><\/div><div id=\"gliwi-4014634022\" style=\"margin-bottom: 30px;margin-left: auto;margin-right: auto;text-align: center;\"><a data-no-instant=\"1\" href=\"https:\/\/zlobek.halogen.org.pl\/\" rel=\"noopener\" class=\"a2t-link\" target=\"_blank\" aria-label=\"animator-zlobek_750x200\"><img loading=\"lazy\" decoding=\"async\" src=\"https:\/\/www.24gliwice.pl\/wiadomosci\/wp-content\/uploads\/2026\/02\/animator-zlobek_750x200.webp\" alt=\"\"  srcset=\"https:\/\/www.24gliwice.pl\/wiadomosci\/wp-content\/uploads\/2026\/02\/animator-zlobek_750x200.webp 750w, https:\/\/www.24gliwice.pl\/wiadomosci\/wp-content\/uploads\/2026\/02\/animator-zlobek_750x200-410x109.webp 410w\" sizes=\"(max-width: 750px) 100vw, 750px\" class=\"no-lazyload\" width=\"750\" height=\"200\"  style=\"display: inline-block; max-width: 100%; height: auto;\" \/><\/a><\/div><\/div>\n<blockquote class=\"wp-embedded-content\" data-secret=\"cYDFwg8rXO\"><p><a href=\"https:\/\/www.24gliwice.pl\/wiadomosci\/plany-na-dzien-dziecka-w-repertuarze-teatru-sa-dwie-propozycje-mozna-juz-kupowac-bilety\/\">Plany na Dzie\u0144 Dziecka? W repertuarze Teatru s\u0105 dwie propozycje, mo\u017cna ju\u017c kupowa\u0107 bilety<\/a><\/p><\/blockquote>\n<p><iframe loading=\"lazy\" class=\"wp-embedded-content\" sandbox=\"allow-scripts\" security=\"restricted\" style=\"position: absolute; clip: rect(1px, 1px, 1px, 1px);\" title=\"&#8222;Plany na Dzie\u0144 Dziecka? W repertuarze Teatru s\u0105 dwie propozycje, mo\u017cna ju\u017c kupowa\u0107 bilety&#8221; &#8212; 24GLIWICE - Portal Gliwice | codziennie nowe informacje\" src=\"https:\/\/www.24gliwice.pl\/wiadomosci\/plany-na-dzien-dziecka-w-repertuarze-teatru-sa-dwie-propozycje-mozna-juz-kupowac-bilety\/embed\/#?secret=FLJk3e03sR#?secret=cYDFwg8rXO\" data-secret=\"cYDFwg8rXO\" width=\"600\" height=\"338\" frameborder=\"0\" marginwidth=\"0\" marginheight=\"0\" scrolling=\"no\"><\/iframe><\/p>\n<h4>Sobota, 1 czerwca<\/h4>\n<p>Tego dnia w Gliwicach, a tak\u017ce 28 innych miejscowo\u015bciach naszego wojew\u00f3dztwa odb\u0119dzie si\u0119 INDUSTRIADA, czyli \u015awi\u0119to Zabytk\u00f3w Techniki. To ju\u017c 15. edycja tej imprezy, w ramach kt\u00f3rej w 47 obiektach zorganizowanych zostan\u0105 423 wydarzenia i atrakcje. Szczeg\u00f3\u0142owy program mo\u017cna sprawdzi\u0107 na stronie <a href=\"http:\/\/industriada.pl\" rel=\"noopener\" target=\"_blank\">industriada.pl<\/a>. O tym, co b\u0119dzie si\u0119 dzia\u0142o w naszym mie\u015bcie pisali\u015bmy tutaj:<\/p>\n<blockquote class=\"wp-embedded-content\" data-secret=\"qcntyqvmjx\"><p><a href=\"https:\/\/www.24gliwice.pl\/wiadomosci\/industriada-w-gliwicach-odbedzie-sie-w-kilku-lokalizacjach-w-planie-warsztaty-zwiedzanie-konkursy-i-pokazy\/\">Industriada w Gliwicach odb\u0119dzie si\u0119 w kilku lokalizacjach. W planie warsztaty, zwiedzanie, konkursy i pokazy<\/a><\/p><\/blockquote>\n<p><iframe loading=\"lazy\" class=\"wp-embedded-content\" sandbox=\"allow-scripts\" security=\"restricted\" style=\"position: absolute; clip: rect(1px, 1px, 1px, 1px);\" title=\"&#8222;Industriada w Gliwicach odb\u0119dzie si\u0119 w kilku lokalizacjach. W planie warsztaty, zwiedzanie, konkursy i pokazy&#8221; &#8212; 24GLIWICE - Portal Gliwice | codziennie nowe informacje\" src=\"https:\/\/www.24gliwice.pl\/wiadomosci\/industriada-w-gliwicach-odbedzie-sie-w-kilku-lokalizacjach-w-planie-warsztaty-zwiedzanie-konkursy-i-pokazy\/embed\/#?secret=PBKYHjXbPf#?secret=qcntyqvmjx\" data-secret=\"qcntyqvmjx\" width=\"600\" height=\"338\" frameborder=\"0\" marginwidth=\"0\" marginheight=\"0\" scrolling=\"no\"><\/iframe><\/p>\n<p>Uwaga &#8211; na INDUSTRIAD\u0118 mo\u017cna dojecha\u0107 bezp\u0142atnie transportem publicznym. By skorzysta\u0107 z autobus\u00f3w, tramwaj\u00f3w i trolejbus\u00f3w nale\u017cy pobra\u0107 specjalny kupon. <a href=\"https:\/\/bezplatneprzejazdy.transportgzm.pl\/4d46bfa5-e0ec-4070-843d-a20f4e6ecccb\" rel=\"noopener\" target=\"_blank\">Mo\u017cna go wygenerowa\u0107 tu.<\/a><\/p>\n<p>W gliwickim Muzeum odb\u0119d\u0105 si\u0119 warsztaty &#8220;Dzie\u0144 Dziecka z Zoch\u0105&#8221;, w ramach kt\u00f3rych uczestnicy z dost\u0119pnych materia\u0142\u00f3w uszyj\u0105 w\u0142asnego smoka wawelskiego. Obowi\u0105zuj\u0105 zapisy, szczeg\u00f3\u0142y tu:<\/p>\n<blockquote class=\"wp-embedded-content\" data-secret=\"punzaOzxJy\"><p><a href=\"https:\/\/www.24gliwice.pl\/wiadomosci\/dzien-dziecka-z-zocha-szyjemy-smoka-wawelskiego-warsztaty-w-muzeum-w-gliwicach-obowiazuja-zapisy\/\">Dzie\u0144 Dziecka z Zoch\u0105 \u2013 szyjemy smoka wawelskiego. Warsztaty w Muzeum w Gliwicach, obowi\u0105zuj\u0105 zapisy<\/a><\/p><\/blockquote>\n<p><iframe loading=\"lazy\" class=\"wp-embedded-content\" sandbox=\"allow-scripts\" security=\"restricted\" style=\"position: absolute; clip: rect(1px, 1px, 1px, 1px);\" title=\"&#8222;Dzie\u0144 Dziecka z Zoch\u0105 \u2013 szyjemy smoka wawelskiego. Warsztaty w Muzeum w Gliwicach, obowi\u0105zuj\u0105 zapisy&#8221; &#8212; 24GLIWICE - Portal Gliwice | codziennie nowe informacje\" src=\"https:\/\/www.24gliwice.pl\/wiadomosci\/dzien-dziecka-z-zocha-szyjemy-smoka-wawelskiego-warsztaty-w-muzeum-w-gliwicach-obowiazuja-zapisy\/embed\/#?secret=4chTMUFtkP#?secret=punzaOzxJy\" data-secret=\"punzaOzxJy\" width=\"600\" height=\"338\" frameborder=\"0\" marginwidth=\"0\" marginheight=\"0\" scrolling=\"no\"><\/iframe><\/p>\n<p>W Brzezince o godzinie 15:00 rozpocznie si\u0119 Stra\u017cacki Piknik. Na boisku przy ul. Radomskiej 132 zaplanowano konkurencje sportowe i sprawno\u015bciowe dla dzieci, spartakiad\u0119 rodzinn\u0105, turnieje, gry i zabawy z animatorem, malowanie twarzy, pokazy sprawno\u015bci stra\u017cak\u00f3w, dmucha\u0144ce, lanie wody, a tak\u017ce koncert orkiestry Brzezinka (17:00). To jednak nie wszystko, bo o godzinie 19:30 na scenie pojawi si\u0119 zesp\u00f3\u0142 Chrz\u0105szcze. Wi\u0119cej mo\u017cna przeczyta\u0107 tu:<\/p>\n<blockquote class=\"wp-embedded-content\" data-secret=\"1D1kWWBc3u\"><p><a href=\"https:\/\/www.24gliwice.pl\/wiadomosci\/animacje-dla-dzieci-dmuchance-pokazy-sprzetu-gry-i-turnieje-dwa-strazackie-pikniki-tydzien-po-tygodniu\/\">Animacje dla dzieci, dmucha\u0144ce, pokazy sprz\u0119tu, gry i turnieje. Dwa stra\u017cackie pikniki tydzie\u0144 po tygodniu<\/a><\/p><\/blockquote>\n<p><iframe loading=\"lazy\" class=\"wp-embedded-content\" sandbox=\"allow-scripts\" security=\"restricted\" style=\"position: absolute; clip: rect(1px, 1px, 1px, 1px);\" title=\"&#8222;Animacje dla dzieci, dmucha\u0144ce, pokazy sprz\u0119tu, gry i turnieje. Dwa stra\u017cackie pikniki tydzie\u0144 po tygodniu&#8221; &#8212; 24GLIWICE - Portal Gliwice | codziennie nowe informacje\" src=\"https:\/\/www.24gliwice.pl\/wiadomosci\/animacje-dla-dzieci-dmuchance-pokazy-sprzetu-gry-i-turnieje-dwa-strazackie-pikniki-tydzien-po-tygodniu\/embed\/#?secret=cZhIBWBgLz#?secret=1D1kWWBc3u\" data-secret=\"1D1kWWBc3u\" width=\"600\" height=\"338\" frameborder=\"0\" marginwidth=\"0\" marginheight=\"0\" scrolling=\"no\"><\/iframe><\/p>\n<p>To jednak nie koniec, bo 1 czerwca w O\u015brodku Wypoczynkowym w Czechowicach planowane jest rozpocz\u0119cie sezonu k\u0105pielowego. Z tej okazji r\u00f3wnie\u017c tam odb\u0119dzie si\u0119 rodzinny piknik. W programie s\u0105 liczne atrakcje dla najm\u0142odszych, pokazy sportowe i \u0107wiczenia z udzielania pierwszej pomocy. Impreza rozpocznie si\u0119 o godzinie 12:00 i potrwa do 15:00.<\/p>\n<blockquote class=\"wp-embedded-content\" data-secret=\"ZIRt8oHi6p\"><p><a href=\"https:\/\/www.24gliwice.pl\/wiadomosci\/w-tym-tygodniu-rozpoczyna-sie-sezon-kapielowy-w-ow-czechowice-rodzinny-piknik-i-atrakcje\/\">W tym tygodniu rozpoczyna si\u0119 sezon k\u0105pielowy w OW Czechowice. Rodzinny piknik i atrakcje<\/a><\/p><\/blockquote>\n<p><iframe loading=\"lazy\" class=\"wp-embedded-content\" sandbox=\"allow-scripts\" security=\"restricted\" style=\"position: absolute; clip: rect(1px, 1px, 1px, 1px);\" title=\"&#8222;W tym tygodniu rozpoczyna si\u0119 sezon k\u0105pielowy w OW Czechowice. Rodzinny piknik i atrakcje&#8221; &#8212; 24GLIWICE - Portal Gliwice | codziennie nowe informacje\" src=\"https:\/\/www.24gliwice.pl\/wiadomosci\/w-tym-tygodniu-rozpoczyna-sie-sezon-kapielowy-w-ow-czechowice-rodzinny-piknik-i-atrakcje\/embed\/#?secret=AyEapn8WGb#?secret=ZIRt8oHi6p\" data-secret=\"ZIRt8oHi6p\" width=\"600\" height=\"338\" frameborder=\"0\" marginwidth=\"0\" marginheight=\"0\" scrolling=\"no\"><\/iframe><\/p>\n<h4>Niedziela, 2 czerwca<\/h4>\n<p>Na gliwickim lotnisku w ramach Tygodnia Latania, 2 czerwca w godzinach 10:00-17:00 odb\u0119d\u0105 si\u0119 pokazy grup akrobacyjnych, akrobacje szybowcowe, zrzuty skoczk\u00f3w, kt\u00f3rym towarzyszy\u0107 b\u0119d\u0105 liczne atrakcje dla dzieci. Szczeg\u00f3\u0142y:<\/p>\n<blockquote class=\"wp-embedded-content\" data-secret=\"OWhxjyO0Ww\"><p><a href=\"https:\/\/www.24gliwice.pl\/wiadomosci\/podniebne-akrobacje-zrzuty-skoczkow-z-flagami-pokaz-pracy-smiglowca-i-wiroplatu-na-gliwickim-lotnisku\/\">Podniebne akrobacje, zrzuty skoczk\u00f3w z flagami, pokaz pracy \u015bmig\u0142owca i wirop\u0142atu na gliwickim lotnisku<\/a><\/p><\/blockquote>\n<p><iframe loading=\"lazy\" class=\"wp-embedded-content\" sandbox=\"allow-scripts\" security=\"restricted\" style=\"position: absolute; clip: rect(1px, 1px, 1px, 1px);\" title=\"&#8222;Podniebne akrobacje, zrzuty skoczk\u00f3w z flagami, pokaz pracy \u015bmig\u0142owca i wirop\u0142atu na gliwickim lotnisku&#8221; &#8212; 24GLIWICE - Portal Gliwice | codziennie nowe informacje\" src=\"https:\/\/www.24gliwice.pl\/wiadomosci\/podniebne-akrobacje-zrzuty-skoczkow-z-flagami-pokaz-pracy-smiglowca-i-wiroplatu-na-gliwickim-lotnisku\/embed\/#?secret=jZAjtuy3FE#?secret=OWhxjyO0Ww\" data-secret=\"OWhxjyO0Ww\" width=\"600\" height=\"338\" frameborder=\"0\" marginwidth=\"0\" marginheight=\"0\" scrolling=\"no\"><\/iframe><\/p>\n<p>Z placu Krakowskiego o godzinie 14:00 wystartuje Hulacykl, czyli wsp\u00f3lny przejazd na hulajnogach i rowerach dla dzieci i rodzic\u00f3w. B\u0119d\u0105 dwie trasy &#8211; d\u0142u\u017csza i kr\u00f3tsza &#8211; z met\u0105 na placu zabaw w parku Chrobrego. Wi\u0119cej:<\/p>\n<blockquote class=\"wp-embedded-content\" data-secret=\"mdD93r3gxJ\"><p><a href=\"https:\/\/www.24gliwice.pl\/wiadomosci\/hulacykl-startuje-z-pl-krakowskiego-dwie-trasy-rozne-rodzaje-transportu-meta-na-placu-zabaw\/\">Hulacykl startuje z pl. Krakowskiego. Dwie trasy, r\u00f3\u017cne rodzaje transportu, meta na placu zabaw<\/a><\/p><\/blockquote>\n<p><iframe loading=\"lazy\" class=\"wp-embedded-content\" sandbox=\"allow-scripts\" security=\"restricted\" style=\"position: absolute; clip: rect(1px, 1px, 1px, 1px);\" title=\"&#8222;Hulacykl startuje z pl. Krakowskiego. Dwie trasy, r\u00f3\u017cne rodzaje transportu, meta na placu zabaw&#8221; &#8212; 24GLIWICE - Portal Gliwice | codziennie nowe informacje\" src=\"https:\/\/www.24gliwice.pl\/wiadomosci\/hulacykl-startuje-z-pl-krakowskiego-dwie-trasy-rozne-rodzaje-transportu-meta-na-placu-zabaw\/embed\/#?secret=cDv1MMaV44#?secret=mdD93r3gxJ\" data-secret=\"mdD93r3gxJ\" width=\"600\" height=\"338\" frameborder=\"0\" marginwidth=\"0\" marginheight=\"0\" scrolling=\"no\"><\/iframe><\/p>\n<p>Na placu pod hal\u0105 PREZERO Arena Gliwice odb\u0119dzie si\u0119 &#8220;Podw\u00f3rko&#8221; &#8211; impreza organizowana z okazji Dnia Dziecka. Rozpocz\u0119cie o godzinie 13:00, zako\u0144czenie o 18:00. W\u015br\u00f3d planowanych atrakcji: symulator pojazdu badaj\u0105cego czerwon\u0105 planet\u0119 w po\u0142\u0105czeniu z goglami wirtualnej rzeczywisto\u015bci, kosmiczne laboratorium, \u017cyroskop, Teatr Lufcik na Korbk\u0119 i wiele innych. Szczeg\u00f3\u0142owo opisywali\u015bmy to tu:<\/p>\n<blockquote class=\"wp-embedded-content\" data-secret=\"YeyUEWASVX\"><p><a href=\"https:\/\/www.24gliwice.pl\/wiadomosci\/ale-kosmos-podworko-dzien-dziecka-2024\/\">Ale kosmos! Podw\u00f3rko \u2013 Dzie\u0144 Dziecka 2024<\/a><\/p><\/blockquote>\n<p><iframe loading=\"lazy\" class=\"wp-embedded-content\" sandbox=\"allow-scripts\" security=\"restricted\" style=\"position: absolute; clip: rect(1px, 1px, 1px, 1px);\" title=\"&#8222;Ale kosmos! Podw\u00f3rko \u2013 Dzie\u0144 Dziecka 2024&#8221; &#8212; 24GLIWICE - Portal Gliwice | codziennie nowe informacje\" src=\"https:\/\/www.24gliwice.pl\/wiadomosci\/ale-kosmos-podworko-dzien-dziecka-2024\/embed\/#?secret=DFmGwW2S9x#?secret=YeyUEWASVX\" data-secret=\"YeyUEWASVX\" width=\"600\" height=\"338\" frameborder=\"0\" marginwidth=\"0\" marginheight=\"0\" scrolling=\"no\"><\/iframe><\/p>\n<p>(\u017cms)<\/p>\n<div class=\"gliwi-a5-na-koncu-artykulow gliwi-entity-placement\" id=\"gliwi-3771159499\"><div class=\"gliwi-adlabel\"><span style=\"font-size: 9px\">REKLAMA<\/span><\/div><div id=\"gliwi-1283562751\" style=\"margin-left: auto;margin-right: auto;text-align: center;\"><a data-no-instant=\"1\" href=\"https:\/\/prezeroarenagliwice.pl\/\" rel=\"noopener\" class=\"a2t-link\" target=\"_blank\" aria-label=\"20260309-PREZERO-WIOSNA-D\"><img loading=\"lazy\" decoding=\"async\" src=\"https:\/\/www.24gliwice.pl\/wiadomosci\/wp-content\/uploads\/2026\/03\/20260309-PREZERO-WIOSNA-D.webp\" alt=\"\"  srcset=\"https:\/\/www.24gliwice.pl\/wiadomosci\/wp-content\/uploads\/2026\/03\/20260309-PREZERO-WIOSNA-D.webp 750w, https:\/\/www.24gliwice.pl\/wiadomosci\/wp-content\/uploads\/2026\/03\/20260309-PREZERO-WIOSNA-D-410x109.webp 410w\" sizes=\"(max-width: 750px) 100vw, 750px\" class=\"no-lazyload\" width=\"750\" height=\"200\"  style=\"display: inline-block; max-width: 100%; height: auto;\" \/><\/a><\/div><\/div>","protected":false},"excerpt":{"rendered":"<p>Industriada, seanse kinowe z Basi\u0105, premiera &#8220;Powrotu&#8221; Pana Kleksa, pikniki: stra\u017cacki w Brzezince oraz rodzinny w OW Czechowice, Dni Latania, Podw\u00f3rko, Hulacykl &#8211; przed\u0142u\u017cony weekend w Gliwicach obfituje w r\u00f3\u017cne atrakcje, kt\u00f3rych cz\u0119\u015b\u0107 zwi\u0105zana jest z Dniem Dziecka, inne tak\u017ce mog\u0105 stanowi\u0107 atrakcj\u0119 dla najm\u0142odszych mieszka\u0144c\u00f3w. Od 31 maja do 2 czerwca mo\u017cna wybra\u0107 si\u0119 [&hellip;]<\/p>\n","protected":false},"author":15,"featured_media":236785,"comment_status":"open","ping_status":"closed","sticky":false,"template":"","format":"standard","meta":{"_monsterinsights_skip_tracking":false,"_monsterinsights_sitenote_active":false,"_monsterinsights_sitenote_note":"","_monsterinsights_sitenote_category":0,"footnotes":"","_links_to":"","_links_to_target":""},"categories":[3,6,1],"tags":[12472,2630],"class_list":["post-236776","post","type-post","status-publish","format-standard","has-post-thumbnail","hentry","category-gliwice","category-kultura","category-wszystko","tag-atrakcje-dla-dzieci","tag-dzien-dziecka"],"yoast_head":"<!-- This site is optimized with the Yoast SEO plugin v27.5 - https:\/\/yoast.com\/product\/yoast-seo-wordpress\/ -->\n<title>Gdzie wybra\u0107 si\u0119 z dzie\u0107mi w d\u0142ugi weekend? W Gliwicach b\u0119dzie si\u0119 sporo dzia\u0142o - 24GLIWICE - Portal Gliwice | codziennie nowe informacje<\/title>\n<meta name=\"description\" content=\"W d\u0142ugi majowo-czerwcowy weekend w Gliwicach b\u0119dzie si\u0119 sporo dzia\u0142o - Industriada i atrakcje z okazji Dnia Dziecka. Gdzie mo\u017cna si\u0119 wybra\u0107?\" \/>\n<meta name=\"robots\" content=\"index, follow, max-snippet:-1, max-image-preview:large, max-video-preview:-1\" \/>\n<link rel=\"canonical\" href=\"https:\/\/www.24gliwice.pl\/wiadomosci\/gdzie-wybrac-sie-z-dziecmi-w-dlugi-weekend-w-gliwicach-bedzie-sie-sporo-dzialo\/\" \/>\n<meta property=\"og:locale\" content=\"pl_PL\" \/>\n<meta property=\"og:type\" content=\"article\" \/>\n<meta property=\"og:title\" content=\"Gdzie wybra\u0107 si\u0119 z dzie\u0107mi w d\u0142ugi weekend? W Gliwicach b\u0119dzie si\u0119 sporo dzia\u0142o - 24GLIWICE - Portal Gliwice | codziennie nowe informacje\" \/>\n<meta property=\"og:description\" content=\"W d\u0142ugi majowo-czerwcowy weekend w Gliwicach b\u0119dzie si\u0119 sporo dzia\u0142o - Industriada i atrakcje z okazji Dnia Dziecka. Gdzie mo\u017cna si\u0119 wybra\u0107?\" \/>\n<meta property=\"og:url\" content=\"https:\/\/www.24gliwice.pl\/wiadomosci\/gdzie-wybrac-sie-z-dziecmi-w-dlugi-weekend-w-gliwicach-bedzie-sie-sporo-dzialo\/\" \/>\n<meta property=\"og:site_name\" content=\"24GLIWICE - Portal Gliwice | codziennie nowe informacje\" \/>\n<meta property=\"article:publisher\" content=\"https:\/\/www.facebook.com\/24gliwice\" \/>\n<meta property=\"article:published_time\" content=\"2024-05-30T22:11:07+00:00\" \/>\n<meta property=\"article:modified_time\" content=\"2024-06-03T11:54:06+00:00\" \/>\n<meta property=\"og:image\" content=\"https:\/\/www.24gliwice.pl\/wiadomosci\/wp-content\/uploads\/2024\/05\/Zrzut-ekranu-2024-05-29-105012.jpg\" \/>\n\t<meta property=\"og:image:width\" content=\"810\" \/>\n\t<meta property=\"og:image:height\" content=\"438\" \/>\n\t<meta property=\"og:image:type\" content=\"image\/jpeg\" \/>\n<meta name=\"author\" content=\"\u017baneta Mrozek-Siewierska\" \/>\n<meta name=\"twitter:card\" content=\"summary_large_image\" \/>\n<meta name=\"twitter:creator\" content=\"@24gliwice\" \/>\n<meta name=\"twitter:site\" content=\"@24gliwice\" \/>\n<meta name=\"twitter:label1\" content=\"Napisane przez\" \/>\n\t<meta name=\"twitter:data1\" content=\"\u017baneta Mrozek-Siewierska\" \/>\n\t<meta name=\"twitter:label2\" content=\"Szacowany czas czytania\" \/>\n\t<meta name=\"twitter:data2\" content=\"4 minuty\" \/>\n<script type=\"application\/ld+json\" class=\"yoast-schema-graph\">{\"@context\":\"https:\\\/\\\/schema.org\",\"@graph\":[{\"@type\":\"Article\",\"@id\":\"https:\\\/\\\/www.24gliwice.pl\\\/wiadomosci\\\/gdzie-wybrac-sie-z-dziecmi-w-dlugi-weekend-w-gliwicach-bedzie-sie-sporo-dzialo\\\/#article\",\"isPartOf\":{\"@id\":\"https:\\\/\\\/www.24gliwice.pl\\\/wiadomosci\\\/gdzie-wybrac-sie-z-dziecmi-w-dlugi-weekend-w-gliwicach-bedzie-sie-sporo-dzialo\\\/\"},\"author\":{\"name\":\"\u017baneta Mrozek-Siewierska\",\"@id\":\"https:\\\/\\\/www.24gliwice.pl\\\/wiadomosci\\\/#\\\/schema\\\/person\\\/e42c650edd7f2fa332be3811fb166b6e\"},\"headline\":\"Gdzie wybra\u0107 si\u0119 z dzie\u0107mi w d\u0142ugi weekend? W Gliwicach b\u0119dzie si\u0119 sporo dzia\u0142o\",\"datePublished\":\"2024-05-30T22:11:07+00:00\",\"dateModified\":\"2024-06-03T11:54:06+00:00\",\"mainEntityOfPage\":{\"@id\":\"https:\\\/\\\/www.24gliwice.pl\\\/wiadomosci\\\/gdzie-wybrac-sie-z-dziecmi-w-dlugi-weekend-w-gliwicach-bedzie-sie-sporo-dzialo\\\/\"},\"wordCount\":640,\"commentCount\":0,\"publisher\":{\"@id\":\"https:\\\/\\\/www.24gliwice.pl\\\/wiadomosci\\\/#organization\"},\"image\":{\"@id\":\"https:\\\/\\\/www.24gliwice.pl\\\/wiadomosci\\\/gdzie-wybrac-sie-z-dziecmi-w-dlugi-weekend-w-gliwicach-bedzie-sie-sporo-dzialo\\\/#primaryimage\"},\"thumbnailUrl\":\"https:\\\/\\\/www.24gliwice.pl\\\/wiadomosci\\\/wp-content\\\/uploads\\\/2024\\\/05\\\/Zrzut-ekranu-2024-05-29-105012.jpg\",\"keywords\":[\"atrakcje dla dzieci\",\"DZIE\u0143 DZIECKA\"],\"articleSection\":[\"Gliwice\",\"Kultura, wydarzenia, imprezy\",\"Najnowsze wiadomo\u015bci\"],\"inLanguage\":\"pl-PL\",\"potentialAction\":[{\"@type\":\"CommentAction\",\"name\":\"Comment\",\"target\":[\"https:\\\/\\\/www.24gliwice.pl\\\/wiadomosci\\\/gdzie-wybrac-sie-z-dziecmi-w-dlugi-weekend-w-gliwicach-bedzie-sie-sporo-dzialo\\\/#respond\"]}]},{\"@type\":\"WebPage\",\"@id\":\"https:\\\/\\\/www.24gliwice.pl\\\/wiadomosci\\\/gdzie-wybrac-sie-z-dziecmi-w-dlugi-weekend-w-gliwicach-bedzie-sie-sporo-dzialo\\\/\",\"url\":\"https:\\\/\\\/www.24gliwice.pl\\\/wiadomosci\\\/gdzie-wybrac-sie-z-dziecmi-w-dlugi-weekend-w-gliwicach-bedzie-sie-sporo-dzialo\\\/\",\"name\":\"Gdzie wybra\u0107 si\u0119 z dzie\u0107mi w d\u0142ugi weekend? W Gliwicach b\u0119dzie si\u0119 sporo dzia\u0142o - 24GLIWICE - Portal Gliwice | codziennie nowe informacje\",\"isPartOf\":{\"@id\":\"https:\\\/\\\/www.24gliwice.pl\\\/wiadomosci\\\/#website\"},\"primaryImageOfPage\":{\"@id\":\"https:\\\/\\\/www.24gliwice.pl\\\/wiadomosci\\\/gdzie-wybrac-sie-z-dziecmi-w-dlugi-weekend-w-gliwicach-bedzie-sie-sporo-dzialo\\\/#primaryimage\"},\"image\":{\"@id\":\"https:\\\/\\\/www.24gliwice.pl\\\/wiadomosci\\\/gdzie-wybrac-sie-z-dziecmi-w-dlugi-weekend-w-gliwicach-bedzie-sie-sporo-dzialo\\\/#primaryimage\"},\"thumbnailUrl\":\"https:\\\/\\\/www.24gliwice.pl\\\/wiadomosci\\\/wp-content\\\/uploads\\\/2024\\\/05\\\/Zrzut-ekranu-2024-05-29-105012.jpg\",\"datePublished\":\"2024-05-30T22:11:07+00:00\",\"dateModified\":\"2024-06-03T11:54:06+00:00\",\"description\":\"W d\u0142ugi majowo-czerwcowy weekend w Gliwicach b\u0119dzie si\u0119 sporo dzia\u0142o - Industriada i atrakcje z okazji Dnia Dziecka. Gdzie mo\u017cna si\u0119 wybra\u0107?\",\"breadcrumb\":{\"@id\":\"https:\\\/\\\/www.24gliwice.pl\\\/wiadomosci\\\/gdzie-wybrac-sie-z-dziecmi-w-dlugi-weekend-w-gliwicach-bedzie-sie-sporo-dzialo\\\/#breadcrumb\"},\"inLanguage\":\"pl-PL\",\"potentialAction\":[{\"@type\":\"ReadAction\",\"target\":[\"https:\\\/\\\/www.24gliwice.pl\\\/wiadomosci\\\/gdzie-wybrac-sie-z-dziecmi-w-dlugi-weekend-w-gliwicach-bedzie-sie-sporo-dzialo\\\/\"]}]},{\"@type\":\"ImageObject\",\"inLanguage\":\"pl-PL\",\"@id\":\"https:\\\/\\\/www.24gliwice.pl\\\/wiadomosci\\\/gdzie-wybrac-sie-z-dziecmi-w-dlugi-weekend-w-gliwicach-bedzie-sie-sporo-dzialo\\\/#primaryimage\",\"url\":\"https:\\\/\\\/www.24gliwice.pl\\\/wiadomosci\\\/wp-content\\\/uploads\\\/2024\\\/05\\\/Zrzut-ekranu-2024-05-29-105012.jpg\",\"contentUrl\":\"https:\\\/\\\/www.24gliwice.pl\\\/wiadomosci\\\/wp-content\\\/uploads\\\/2024\\\/05\\\/Zrzut-ekranu-2024-05-29-105012.jpg\",\"width\":810,\"height\":438},{\"@type\":\"BreadcrumbList\",\"@id\":\"https:\\\/\\\/www.24gliwice.pl\\\/wiadomosci\\\/gdzie-wybrac-sie-z-dziecmi-w-dlugi-weekend-w-gliwicach-bedzie-sie-sporo-dzialo\\\/#breadcrumb\",\"itemListElement\":[{\"@type\":\"ListItem\",\"position\":1,\"name\":\"Strona g\u0142\u00f3wna\",\"item\":\"https:\\\/\\\/www.24gliwice.pl\\\/wiadomosci\\\/\"},{\"@type\":\"ListItem\",\"position\":2,\"name\":\"Gdzie wybra\u0107 si\u0119 z dzie\u0107mi w d\u0142ugi weekend? W Gliwicach b\u0119dzie si\u0119 sporo dzia\u0142o\"}]},{\"@type\":\"WebSite\",\"@id\":\"https:\\\/\\\/www.24gliwice.pl\\\/wiadomosci\\\/#website\",\"url\":\"https:\\\/\\\/www.24gliwice.pl\\\/wiadomosci\\\/\",\"name\":\"24GLIWICE - Portal Gliwice | codziennie nowe wiadomo\u015bci\",\"description\":\"Portal Miejski Gliwice\",\"publisher\":{\"@id\":\"https:\\\/\\\/www.24gliwice.pl\\\/wiadomosci\\\/#organization\"},\"potentialAction\":[{\"@type\":\"SearchAction\",\"target\":{\"@type\":\"EntryPoint\",\"urlTemplate\":\"https:\\\/\\\/www.24gliwice.pl\\\/wiadomosci\\\/?s={search_term_string}\"},\"query-input\":{\"@type\":\"PropertyValueSpecification\",\"valueRequired\":true,\"valueName\":\"search_term_string\"}}],\"inLanguage\":\"pl-PL\"},{\"@type\":\"Organization\",\"@id\":\"https:\\\/\\\/www.24gliwice.pl\\\/wiadomosci\\\/#organization\",\"name\":\"24gliwice\",\"url\":\"https:\\\/\\\/www.24gliwice.pl\\\/wiadomosci\\\/\",\"logo\":{\"@type\":\"ImageObject\",\"inLanguage\":\"pl-PL\",\"@id\":\"https:\\\/\\\/www.24gliwice.pl\\\/wiadomosci\\\/#\\\/schema\\\/logo\\\/image\\\/\",\"url\":\"https:\\\/\\\/www.24gliwice.pl\\\/wiadomosci\\\/wp-content\\\/uploads\\\/2024\\\/10\\\/24gliwice-logo-696.jpg\",\"contentUrl\":\"https:\\\/\\\/www.24gliwice.pl\\\/wiadomosci\\\/wp-content\\\/uploads\\\/2024\\\/10\\\/24gliwice-logo-696.jpg\",\"width\":696,\"height\":696,\"caption\":\"24gliwice\"},\"image\":{\"@id\":\"https:\\\/\\\/www.24gliwice.pl\\\/wiadomosci\\\/#\\\/schema\\\/logo\\\/image\\\/\"},\"sameAs\":[\"https:\\\/\\\/www.facebook.com\\\/24gliwice\",\"https:\\\/\\\/x.com\\\/24gliwice\",\"https:\\\/\\\/www.youtube.com\\\/@24gliwice\"]},{\"@type\":\"Person\",\"@id\":\"https:\\\/\\\/www.24gliwice.pl\\\/wiadomosci\\\/#\\\/schema\\\/person\\\/e42c650edd7f2fa332be3811fb166b6e\",\"name\":\"\u017baneta Mrozek-Siewierska\",\"image\":{\"@type\":\"ImageObject\",\"inLanguage\":\"pl-PL\",\"@id\":\"https:\\\/\\\/secure.gravatar.com\\\/avatar\\\/1881429e9c64597c77ad7aef2d0a19be69a3253e57534d16aa15bf3a4d34a0a3?s=96&d=mm&r=g\",\"url\":\"https:\\\/\\\/secure.gravatar.com\\\/avatar\\\/1881429e9c64597c77ad7aef2d0a19be69a3253e57534d16aa15bf3a4d34a0a3?s=96&d=mm&r=g\",\"contentUrl\":\"https:\\\/\\\/secure.gravatar.com\\\/avatar\\\/1881429e9c64597c77ad7aef2d0a19be69a3253e57534d16aa15bf3a4d34a0a3?s=96&d=mm&r=g\",\"caption\":\"\u017baneta Mrozek-Siewierska\"},\"url\":\"https:\\\/\\\/www.24gliwice.pl\\\/wiadomosci\\\/author\\\/zms\\\/\"}]}<\/script>\n<!-- \/ Yoast SEO plugin. -->","yoast_head_json":{"title":"Gdzie wybra\u0107 si\u0119 z dzie\u0107mi w d\u0142ugi weekend? W Gliwicach b\u0119dzie si\u0119 sporo dzia\u0142o - 24GLIWICE - Portal Gliwice | codziennie nowe informacje","description":"W d\u0142ugi majowo-czerwcowy weekend w Gliwicach b\u0119dzie si\u0119 sporo dzia\u0142o - Industriada i atrakcje z okazji Dnia Dziecka. Gdzie mo\u017cna si\u0119 wybra\u0107?","robots":{"index":"index","follow":"follow","max-snippet":"max-snippet:-1","max-image-preview":"max-image-preview:large","max-video-preview":"max-video-preview:-1"},"canonical":"https:\/\/www.24gliwice.pl\/wiadomosci\/gdzie-wybrac-sie-z-dziecmi-w-dlugi-weekend-w-gliwicach-bedzie-sie-sporo-dzialo\/","og_locale":"pl_PL","og_type":"article","og_title":"Gdzie wybra\u0107 si\u0119 z dzie\u0107mi w d\u0142ugi weekend? W Gliwicach b\u0119dzie si\u0119 sporo dzia\u0142o - 24GLIWICE - Portal Gliwice | codziennie nowe informacje","og_description":"W d\u0142ugi majowo-czerwcowy weekend w Gliwicach b\u0119dzie si\u0119 sporo dzia\u0142o - Industriada i atrakcje z okazji Dnia Dziecka. Gdzie mo\u017cna si\u0119 wybra\u0107?","og_url":"https:\/\/www.24gliwice.pl\/wiadomosci\/gdzie-wybrac-sie-z-dziecmi-w-dlugi-weekend-w-gliwicach-bedzie-sie-sporo-dzialo\/","og_site_name":"24GLIWICE - Portal Gliwice | codziennie nowe informacje","article_publisher":"https:\/\/www.facebook.com\/24gliwice","article_published_time":"2024-05-30T22:11:07+00:00","article_modified_time":"2024-06-03T11:54:06+00:00","og_image":[{"width":810,"height":438,"url":"https:\/\/www.24gliwice.pl\/wiadomosci\/wp-content\/uploads\/2024\/05\/Zrzut-ekranu-2024-05-29-105012.jpg","type":"image\/jpeg"}],"author":"\u017baneta Mrozek-Siewierska","twitter_card":"summary_large_image","twitter_creator":"@24gliwice","twitter_site":"@24gliwice","twitter_misc":{"Napisane przez":"\u017baneta Mrozek-Siewierska","Szacowany czas czytania":"4 minuty"},"schema":{"@context":"https:\/\/schema.org","@graph":[{"@type":"Article","@id":"https:\/\/www.24gliwice.pl\/wiadomosci\/gdzie-wybrac-sie-z-dziecmi-w-dlugi-weekend-w-gliwicach-bedzie-sie-sporo-dzialo\/#article","isPartOf":{"@id":"https:\/\/www.24gliwice.pl\/wiadomosci\/gdzie-wybrac-sie-z-dziecmi-w-dlugi-weekend-w-gliwicach-bedzie-sie-sporo-dzialo\/"},"author":{"name":"\u017baneta Mrozek-Siewierska","@id":"https:\/\/www.24gliwice.pl\/wiadomosci\/#\/schema\/person\/e42c650edd7f2fa332be3811fb166b6e"},"headline":"Gdzie wybra\u0107 si\u0119 z dzie\u0107mi w d\u0142ugi weekend? W Gliwicach b\u0119dzie si\u0119 sporo dzia\u0142o","datePublished":"2024-05-30T22:11:07+00:00","dateModified":"2024-06-03T11:54:06+00:00","mainEntityOfPage":{"@id":"https:\/\/www.24gliwice.pl\/wiadomosci\/gdzie-wybrac-sie-z-dziecmi-w-dlugi-weekend-w-gliwicach-bedzie-sie-sporo-dzialo\/"},"wordCount":640,"commentCount":0,"publisher":{"@id":"https:\/\/www.24gliwice.pl\/wiadomosci\/#organization"},"image":{"@id":"https:\/\/www.24gliwice.pl\/wiadomosci\/gdzie-wybrac-sie-z-dziecmi-w-dlugi-weekend-w-gliwicach-bedzie-sie-sporo-dzialo\/#primaryimage"},"thumbnailUrl":"https:\/\/www.24gliwice.pl\/wiadomosci\/wp-content\/uploads\/2024\/05\/Zrzut-ekranu-2024-05-29-105012.jpg","keywords":["atrakcje dla dzieci","DZIE\u0143 DZIECKA"],"articleSection":["Gliwice","Kultura, wydarzenia, imprezy","Najnowsze wiadomo\u015bci"],"inLanguage":"pl-PL","potentialAction":[{"@type":"CommentAction","name":"Comment","target":["https:\/\/www.24gliwice.pl\/wiadomosci\/gdzie-wybrac-sie-z-dziecmi-w-dlugi-weekend-w-gliwicach-bedzie-sie-sporo-dzialo\/#respond"]}]},{"@type":"WebPage","@id":"https:\/\/www.24gliwice.pl\/wiadomosci\/gdzie-wybrac-sie-z-dziecmi-w-dlugi-weekend-w-gliwicach-bedzie-sie-sporo-dzialo\/","url":"https:\/\/www.24gliwice.pl\/wiadomosci\/gdzie-wybrac-sie-z-dziecmi-w-dlugi-weekend-w-gliwicach-bedzie-sie-sporo-dzialo\/","name":"Gdzie wybra\u0107 si\u0119 z dzie\u0107mi w d\u0142ugi weekend? W Gliwicach b\u0119dzie si\u0119 sporo dzia\u0142o - 24GLIWICE - Portal Gliwice | codziennie nowe informacje","isPartOf":{"@id":"https:\/\/www.24gliwice.pl\/wiadomosci\/#website"},"primaryImageOfPage":{"@id":"https:\/\/www.24gliwice.pl\/wiadomosci\/gdzie-wybrac-sie-z-dziecmi-w-dlugi-weekend-w-gliwicach-bedzie-sie-sporo-dzialo\/#primaryimage"},"image":{"@id":"https:\/\/www.24gliwice.pl\/wiadomosci\/gdzie-wybrac-sie-z-dziecmi-w-dlugi-weekend-w-gliwicach-bedzie-sie-sporo-dzialo\/#primaryimage"},"thumbnailUrl":"https:\/\/www.24gliwice.pl\/wiadomosci\/wp-content\/uploads\/2024\/05\/Zrzut-ekranu-2024-05-29-105012.jpg","datePublished":"2024-05-30T22:11:07+00:00","dateModified":"2024-06-03T11:54:06+00:00","description":"W d\u0142ugi majowo-czerwcowy weekend w Gliwicach b\u0119dzie si\u0119 sporo dzia\u0142o - Industriada i atrakcje z okazji Dnia Dziecka. Gdzie mo\u017cna si\u0119 wybra\u0107?","breadcrumb":{"@id":"https:\/\/www.24gliwice.pl\/wiadomosci\/gdzie-wybrac-sie-z-dziecmi-w-dlugi-weekend-w-gliwicach-bedzie-sie-sporo-dzialo\/#breadcrumb"},"inLanguage":"pl-PL","potentialAction":[{"@type":"ReadAction","target":["https:\/\/www.24gliwice.pl\/wiadomosci\/gdzie-wybrac-sie-z-dziecmi-w-dlugi-weekend-w-gliwicach-bedzie-sie-sporo-dzialo\/"]}]},{"@type":"ImageObject","inLanguage":"pl-PL","@id":"https:\/\/www.24gliwice.pl\/wiadomosci\/gdzie-wybrac-sie-z-dziecmi-w-dlugi-weekend-w-gliwicach-bedzie-sie-sporo-dzialo\/#primaryimage","url":"https:\/\/www.24gliwice.pl\/wiadomosci\/wp-content\/uploads\/2024\/05\/Zrzut-ekranu-2024-05-29-105012.jpg","contentUrl":"https:\/\/www.24gliwice.pl\/wiadomosci\/wp-content\/uploads\/2024\/05\/Zrzut-ekranu-2024-05-29-105012.jpg","width":810,"height":438},{"@type":"BreadcrumbList","@id":"https:\/\/www.24gliwice.pl\/wiadomosci\/gdzie-wybrac-sie-z-dziecmi-w-dlugi-weekend-w-gliwicach-bedzie-sie-sporo-dzialo\/#breadcrumb","itemListElement":[{"@type":"ListItem","position":1,"name":"Strona g\u0142\u00f3wna","item":"https:\/\/www.24gliwice.pl\/wiadomosci\/"},{"@type":"ListItem","position":2,"name":"Gdzie wybra\u0107 si\u0119 z dzie\u0107mi w d\u0142ugi weekend? W Gliwicach b\u0119dzie si\u0119 sporo dzia\u0142o"}]},{"@type":"WebSite","@id":"https:\/\/www.24gliwice.pl\/wiadomosci\/#website","url":"https:\/\/www.24gliwice.pl\/wiadomosci\/","name":"24GLIWICE - Portal Gliwice | codziennie nowe wiadomo\u015bci","description":"Portal Miejski Gliwice","publisher":{"@id":"https:\/\/www.24gliwice.pl\/wiadomosci\/#organization"},"potentialAction":[{"@type":"SearchAction","target":{"@type":"EntryPoint","urlTemplate":"https:\/\/www.24gliwice.pl\/wiadomosci\/?s={search_term_string}"},"query-input":{"@type":"PropertyValueSpecification","valueRequired":true,"valueName":"search_term_string"}}],"inLanguage":"pl-PL"},{"@type":"Organization","@id":"https:\/\/www.24gliwice.pl\/wiadomosci\/#organization","name":"24gliwice","url":"https:\/\/www.24gliwice.pl\/wiadomosci\/","logo":{"@type":"ImageObject","inLanguage":"pl-PL","@id":"https:\/\/www.24gliwice.pl\/wiadomosci\/#\/schema\/logo\/image\/","url":"https:\/\/www.24gliwice.pl\/wiadomosci\/wp-content\/uploads\/2024\/10\/24gliwice-logo-696.jpg","contentUrl":"https:\/\/www.24gliwice.pl\/wiadomosci\/wp-content\/uploads\/2024\/10\/24gliwice-logo-696.jpg","width":696,"height":696,"caption":"24gliwice"},"image":{"@id":"https:\/\/www.24gliwice.pl\/wiadomosci\/#\/schema\/logo\/image\/"},"sameAs":["https:\/\/www.facebook.com\/24gliwice","https:\/\/x.com\/24gliwice","https:\/\/www.youtube.com\/@24gliwice"]},{"@type":"Person","@id":"https:\/\/www.24gliwice.pl\/wiadomosci\/#\/schema\/person\/e42c650edd7f2fa332be3811fb166b6e","name":"\u017baneta Mrozek-Siewierska","image":{"@type":"ImageObject","inLanguage":"pl-PL","@id":"https:\/\/secure.gravatar.com\/avatar\/1881429e9c64597c77ad7aef2d0a19be69a3253e57534d16aa15bf3a4d34a0a3?s=96&d=mm&r=g","url":"https:\/\/secure.gravatar.com\/avatar\/1881429e9c64597c77ad7aef2d0a19be69a3253e57534d16aa15bf3a4d34a0a3?s=96&d=mm&r=g","contentUrl":"https:\/\/secure.gravatar.com\/avatar\/1881429e9c64597c77ad7aef2d0a19be69a3253e57534d16aa15bf3a4d34a0a3?s=96&d=mm&r=g","caption":"\u017baneta Mrozek-Siewierska"},"url":"https:\/\/www.24gliwice.pl\/wiadomosci\/author\/zms\/"}]}},"_links":{"self":[{"href":"https:\/\/www.24gliwice.pl\/wiadomosci\/wp-json\/wp\/v2\/posts\/236776","targetHints":{"allow":["GET"]}}],"collection":[{"href":"https:\/\/www.24gliwice.pl\/wiadomosci\/wp-json\/wp\/v2\/posts"}],"about":[{"href":"https:\/\/www.24gliwice.pl\/wiadomosci\/wp-json\/wp\/v2\/types\/post"}],"author":[{"embeddable":true,"href":"https:\/\/www.24gliwice.pl\/wiadomosci\/wp-json\/wp\/v2\/users\/15"}],"replies":[{"embeddable":true,"href":"https:\/\/www.24gliwice.pl\/wiadomosci\/wp-json\/wp\/v2\/comments?post=236776"}],"version-history":[{"count":0,"href":"https:\/\/www.24gliwice.pl\/wiadomosci\/wp-json\/wp\/v2\/posts\/236776\/revisions"}],"wp:featuredmedia":[{"embeddable":true,"href":"https:\/\/www.24gliwice.pl\/wiadomosci\/wp-json\/wp\/v2\/media\/236785"}],"wp:attachment":[{"href":"https:\/\/www.24gliwice.pl\/wiadomosci\/wp-json\/wp\/v2\/media?parent=236776"}],"wp:term":[{"taxonomy":"category","embeddable":true,"href":"https:\/\/www.24gliwice.pl\/wiadomosci\/wp-json\/wp\/v2\/categories?post=236776"},{"taxonomy":"post_tag","embeddable":true,"href":"https:\/\/www.24gliwice.pl\/wiadomosci\/wp-json\/wp\/v2\/tags?post=236776"}],"curies":[{"name":"wp","href":"https:\/\/api.w.org\/{rel}","templated":true}]}}