{"id":236928,"date":"2024-06-03T16:06:37","date_gmt":"2024-06-03T14:06:37","guid":{"rendered":"https:\/\/www.24gliwice.pl\/wiadomosci\/?p=236928"},"modified":"2024-06-03T16:06:37","modified_gmt":"2024-06-03T14:06:37","slug":"bedzie-remont-w-sercu-gliwickiej-starowki-prace-pod-okiem-konserwatora-zakoncza-sie-jesienia","status":"publish","type":"post","link":"https:\/\/www.24gliwice.pl\/wiadomosci\/bedzie-remont-w-sercu-gliwickiej-starowki-prace-pod-okiem-konserwatora-zakoncza-sie-jesienia\/","title":{"rendered":"B\u0119dzie remont w sercu gliwickiej star\u00f3wki. Prace pod okiem konserwatora zako\u0144cz\u0105 si\u0119 jesieni\u0105"},"content":{"rendered":"<div class=\"gliwi-a6-nad-leadem-artykulow gliwi-entity-placement\" id=\"gliwi-2709203971\"><div class=\"gliwi-adlabel\"><span style=\"font-size: 9px\">REKLAMA<\/span><\/div><div id=\"gliwi-1948830490\" style=\"margin-bottom: 25px;margin-left: auto;margin-right: auto;text-align: center;\"><a data-no-instant=\"1\" href=\"https:\/\/dom100.eu\/\" rel=\"noopener\" class=\"a2t-link\" target=\"_blank\" aria-label=\"20260415 DOM100 D\"><img loading=\"lazy\" decoding=\"async\" src=\"https:\/\/www.24gliwice.pl\/wiadomosci\/wp-content\/uploads\/2026\/04\/20260415-DOM100-D.jpg\" alt=\"\"  srcset=\"https:\/\/www.24gliwice.pl\/wiadomosci\/wp-content\/uploads\/2026\/04\/20260415-DOM100-D.jpg 750w, https:\/\/www.24gliwice.pl\/wiadomosci\/wp-content\/uploads\/2026\/04\/20260415-DOM100-D-410x109.jpg 410w\" sizes=\"(max-width: 750px) 100vw, 750px\" class=\"no-lazyload\" width=\"750\" height=\"200\"  style=\"display: inline-block; max-width: 100%; height: auto;\" \/><\/a><\/div><\/div><h2>Remont elewacji gliwickiego Ratusza rozpocznie si\u0119 od 1 lipca. Zadanie wykona firma \u201eDes Henryk Dowgier Anna Dowgier\u201d z Krakowa, a koszt inwestycji wyniesie ponad 1,2 mln z\u0142. Miasto pozyska\u0142o dofinansowanie do tego przedsi\u0119wzi\u0119cia &#8211; 98% kwoty pokryj\u0105 \u015brodki z Rz\u0105dowego Programu Odbudowy Zabytk\u00f3w.<\/h2>\n<p>&nbsp;<br \/>\nGliwicki Ratusz to jeden z najbardziej rozpoznawalnych symboli miasta i \u015bwiadek wielowiekowej historii grodu nad K\u0142odnic\u0105. Wkr\u00f3tce rozpocznie si\u0119 remont jego elewacji. Budynek w odnowionej ods\u0142onie b\u0119dzie mo\u017cna zobaczy\u0107 jesieni\u0105. <\/p>\n<p>W ramach zadania przeprowadzona zostanie kompleksowa renowacja elewacji budynku. Obejmie m.in. dok\u0142adne sprawdzenie, oczyszczenie, uzupe\u0142nienie i odmalowanie tynk\u00f3w, wykonanie nowych rynien i rur spustowych oraz renowacj\u0119 stalowych krat i kwietnik\u00f3w okiennych. Obecna kolorystyka zostanie utrzymana, tworzy sp\u00f3jn\u0105 ca\u0142o\u015b\u0107 z barwami zastosowanymi w zabudowie Rynku.<\/p><div class=\"gliwi-a3-w-tresci-artykulow gliwi-entity-placement\" id=\"gliwi-4140237547\"><div class=\"gliwi-adlabel\"><span style=\"font-size: 9px\">REKLAMA<\/span><\/div><div id=\"gliwi-1628803283\" style=\"margin-bottom: 30px;margin-left: auto;margin-right: auto;text-align: center;\"><a data-no-instant=\"1\" href=\"https:\/\/zlobek.halogen.org.pl\/\" rel=\"noopener\" class=\"a2t-link\" target=\"_blank\" aria-label=\"animator-zlobek_750x200\"><img loading=\"lazy\" decoding=\"async\" src=\"https:\/\/www.24gliwice.pl\/wiadomosci\/wp-content\/uploads\/2026\/02\/animator-zlobek_750x200.webp\" alt=\"\"  srcset=\"https:\/\/www.24gliwice.pl\/wiadomosci\/wp-content\/uploads\/2026\/02\/animator-zlobek_750x200.webp 750w, https:\/\/www.24gliwice.pl\/wiadomosci\/wp-content\/uploads\/2026\/02\/animator-zlobek_750x200-410x109.webp 410w\" sizes=\"(max-width: 750px) 100vw, 750px\" class=\"no-lazyload\" width=\"750\" height=\"200\"  style=\"display: inline-block; max-width: 100%; height: auto;\" \/><\/a><\/div><\/div>\n<h4>Pieczo\u0142owitej konserwacji poddana zostanie te\u017c pochodz\u0105ca z pierwszej po\u0142owy XVIII wieku barokowa rze\u017aba Matki Boskiej Niepokalanie Pocz\u0119tej autorstwa Johanna Melchiora \u00d6sterreicha, zdobi\u0105ca jedn\u0105 ze \u015bcian budynku.<\/h4>\n<p>B\u0119dzie m.in. oczyszczona i odpowiednio zabezpieczona, uzupe\u0142nione zostan\u0105 ubytki i sp\u0119kania kamienia, odtworzone b\u0119d\u0105 z\u0142ocenia, powstanie r\u00f3wnie\u017c nowa podstawa z blachy miedzianej. <\/p>\n<p>Prace maj\u0105 ruszy\u0107 1 lipca, a ich zako\u0144czenie planowane jest na koniec pa\u017adziernika. B\u0119d\u0105 prowadzone za zgod\u0105 i pod nadzorem Wojew\u00f3dzkiego Konserwatora Zabytk\u00f3w. Miasto zapewnia, \u017ce ogr\u00f3dek gastronomiczny funkcjonuj\u0105cy przy Ratuszu, b\u0119dzie dost\u0119pny. <\/p>\n<p>Wi\u0119cej na temat remontu Ratusza pisali\u015bmy tu:<\/p>\n<blockquote class=\"wp-embedded-content\" data-secret=\"i5YsDMvRTS\"><p><a href=\"https:\/\/www.24gliwice.pl\/wiadomosci\/remont-gliwickiego-ratusza-powinien-rozpoczac-sie-w-wakacje-wiadomo-co-jest-na-liscie-prac\/\">Remont gliwickiego Ratusza powinien rozpocz\u0105\u0107 si\u0119 w wakacje. Wiadomo, co jest na li\u015bcie prac<\/a><\/p><\/blockquote>\n<p><iframe loading=\"lazy\" class=\"wp-embedded-content\" sandbox=\"allow-scripts\" security=\"restricted\" style=\"position: absolute; clip: rect(1px, 1px, 1px, 1px);\" title=\"&#8222;Remont gliwickiego Ratusza powinien rozpocz\u0105\u0107 si\u0119 w wakacje. Wiadomo, co jest na li\u015bcie prac&#8221; &#8212; 24GLIWICE - Portal Gliwice | codziennie nowe informacje\" src=\"https:\/\/www.24gliwice.pl\/wiadomosci\/remont-gliwickiego-ratusza-powinien-rozpoczac-sie-w-wakacje-wiadomo-co-jest-na-liscie-prac\/embed\/#?secret=eZL0aUltJ7#?secret=i5YsDMvRTS\" data-secret=\"i5YsDMvRTS\" width=\"600\" height=\"338\" frameborder=\"0\" marginwidth=\"0\" marginheight=\"0\" scrolling=\"no\"><\/iframe><\/p>\n<p>(\u017cms)\/UM Gliwice(ml\/al)<\/p>\n<div class=\"gliwi-a5-na-koncu-artykulow gliwi-entity-placement\" id=\"gliwi-3545546738\"><div class=\"gliwi-adlabel\"><span style=\"font-size: 9px\">REKLAMA<\/span><\/div><div id=\"gliwi-3161903506\" style=\"margin-left: auto;margin-right: auto;text-align: center;\"><a data-no-instant=\"1\" href=\"https:\/\/prezeroarenagliwice.pl\/\" rel=\"noopener\" class=\"a2t-link\" target=\"_blank\" aria-label=\"20260309-PREZERO-WIOSNA-D\"><img loading=\"lazy\" decoding=\"async\" src=\"https:\/\/www.24gliwice.pl\/wiadomosci\/wp-content\/uploads\/2026\/03\/20260309-PREZERO-WIOSNA-D.webp\" alt=\"\"  srcset=\"https:\/\/www.24gliwice.pl\/wiadomosci\/wp-content\/uploads\/2026\/03\/20260309-PREZERO-WIOSNA-D.webp 750w, https:\/\/www.24gliwice.pl\/wiadomosci\/wp-content\/uploads\/2026\/03\/20260309-PREZERO-WIOSNA-D-410x109.webp 410w\" sizes=\"(max-width: 750px) 100vw, 750px\" class=\"no-lazyload\" width=\"750\" height=\"200\"  style=\"display: inline-block; max-width: 100%; height: auto;\" \/><\/a><\/div><\/div>","protected":false},"excerpt":{"rendered":"<p>Remont elewacji gliwickiego Ratusza rozpocznie si\u0119 od 1 lipca. Zadanie wykona firma \u201eDes Henryk Dowgier Anna Dowgier\u201d z Krakowa, a koszt inwestycji wyniesie ponad 1,2 mln z\u0142. Miasto pozyska\u0142o dofinansowanie do tego przedsi\u0119wzi\u0119cia &#8211; 98% kwoty pokryj\u0105 \u015brodki z Rz\u0105dowego Programu Odbudowy Zabytk\u00f3w. &nbsp; Gliwicki Ratusz to jeden z najbardziej rozpoznawalnych symboli miasta i \u015bwiadek [&hellip;]<\/p>\n","protected":false},"author":15,"featured_media":236946,"comment_status":"open","ping_status":"closed","sticky":false,"template":"","format":"standard","meta":{"_monsterinsights_skip_tracking":false,"_monsterinsights_sitenote_active":false,"_monsterinsights_sitenote_note":"","_monsterinsights_sitenote_category":0,"footnotes":"","_links_to":"","_links_to_target":""},"categories":[3,1],"tags":[3306,6778],"class_list":["post-236928","post","type-post","status-publish","format-standard","has-post-thumbnail","hentry","category-gliwice","category-wszystko","tag-ratusz","tag-rynek"],"yoast_head":"<!-- This site is optimized with the Yoast SEO plugin v27.5 - https:\/\/yoast.com\/product\/yoast-seo-wordpress\/ -->\n<title>B\u0119dzie remont w sercu gliwickiej star\u00f3wki. Prace pod okiem konserwatora zako\u0144cz\u0105 si\u0119 jesieni\u0105 - 24GLIWICE - Portal Gliwice | codziennie nowe informacje<\/title>\n<meta name=\"description\" content=\"Remont elewacji Ratusza na gliwickim Rynku rozpocznie si\u0119 od 1 lipca. Prace poch\u0142on\u0105 ponad 1,2 mln z\u0142, miasto pozyska\u0142o 98 % dofinansowanie\" \/>\n<meta name=\"robots\" content=\"index, follow, max-snippet:-1, max-image-preview:large, max-video-preview:-1\" \/>\n<link rel=\"canonical\" href=\"https:\/\/www.24gliwice.pl\/wiadomosci\/bedzie-remont-w-sercu-gliwickiej-starowki-prace-pod-okiem-konserwatora-zakoncza-sie-jesienia\/\" \/>\n<meta property=\"og:locale\" content=\"pl_PL\" \/>\n<meta property=\"og:type\" content=\"article\" \/>\n<meta property=\"og:title\" content=\"B\u0119dzie remont w sercu gliwickiej star\u00f3wki. Prace pod okiem konserwatora zako\u0144cz\u0105 si\u0119 jesieni\u0105 - 24GLIWICE - Portal Gliwice | codziennie nowe informacje\" \/>\n<meta property=\"og:description\" content=\"Remont elewacji Ratusza na gliwickim Rynku rozpocznie si\u0119 od 1 lipca. Prace poch\u0142on\u0105 ponad 1,2 mln z\u0142, miasto pozyska\u0142o 98 % dofinansowanie\" \/>\n<meta property=\"og:url\" content=\"https:\/\/www.24gliwice.pl\/wiadomosci\/bedzie-remont-w-sercu-gliwickiej-starowki-prace-pod-okiem-konserwatora-zakoncza-sie-jesienia\/\" \/>\n<meta property=\"og:site_name\" content=\"24GLIWICE - Portal Gliwice | codziennie nowe informacje\" \/>\n<meta property=\"article:publisher\" content=\"https:\/\/www.facebook.com\/24gliwice\" \/>\n<meta property=\"article:published_time\" content=\"2024-06-03T14:06:37+00:00\" \/>\n<meta property=\"og:image\" content=\"https:\/\/www.24gliwice.pl\/wiadomosci\/wp-content\/uploads\/2024\/06\/rynek-gliwice.jpg\" \/>\n\t<meta property=\"og:image:width\" content=\"810\" \/>\n\t<meta property=\"og:image:height\" content=\"457\" \/>\n\t<meta property=\"og:image:type\" content=\"image\/jpeg\" \/>\n<meta name=\"author\" content=\"\u017baneta Mrozek-Siewierska\" \/>\n<meta name=\"twitter:card\" content=\"summary_large_image\" \/>\n<meta name=\"twitter:creator\" content=\"@24gliwice\" \/>\n<meta name=\"twitter:site\" content=\"@24gliwice\" \/>\n<meta name=\"twitter:label1\" content=\"Napisane przez\" \/>\n\t<meta name=\"twitter:data1\" content=\"\u017baneta Mrozek-Siewierska\" \/>\n\t<meta name=\"twitter:label2\" content=\"Szacowany czas czytania\" \/>\n\t<meta name=\"twitter:data2\" content=\"2 minuty\" \/>\n<script type=\"application\/ld+json\" class=\"yoast-schema-graph\">{\"@context\":\"https:\\\/\\\/schema.org\",\"@graph\":[{\"@type\":\"Article\",\"@id\":\"https:\\\/\\\/www.24gliwice.pl\\\/wiadomosci\\\/bedzie-remont-w-sercu-gliwickiej-starowki-prace-pod-okiem-konserwatora-zakoncza-sie-jesienia\\\/#article\",\"isPartOf\":{\"@id\":\"https:\\\/\\\/www.24gliwice.pl\\\/wiadomosci\\\/bedzie-remont-w-sercu-gliwickiej-starowki-prace-pod-okiem-konserwatora-zakoncza-sie-jesienia\\\/\"},\"author\":{\"name\":\"\u017baneta Mrozek-Siewierska\",\"@id\":\"https:\\\/\\\/www.24gliwice.pl\\\/wiadomosci\\\/#\\\/schema\\\/person\\\/e42c650edd7f2fa332be3811fb166b6e\"},\"headline\":\"B\u0119dzie remont w sercu gliwickiej star\u00f3wki. Prace pod okiem konserwatora zako\u0144cz\u0105 si\u0119 jesieni\u0105\",\"datePublished\":\"2024-06-03T14:06:37+00:00\",\"mainEntityOfPage\":{\"@id\":\"https:\\\/\\\/www.24gliwice.pl\\\/wiadomosci\\\/bedzie-remont-w-sercu-gliwickiej-starowki-prace-pod-okiem-konserwatora-zakoncza-sie-jesienia\\\/\"},\"wordCount\":270,\"commentCount\":0,\"publisher\":{\"@id\":\"https:\\\/\\\/www.24gliwice.pl\\\/wiadomosci\\\/#organization\"},\"image\":{\"@id\":\"https:\\\/\\\/www.24gliwice.pl\\\/wiadomosci\\\/bedzie-remont-w-sercu-gliwickiej-starowki-prace-pod-okiem-konserwatora-zakoncza-sie-jesienia\\\/#primaryimage\"},\"thumbnailUrl\":\"https:\\\/\\\/www.24gliwice.pl\\\/wiadomosci\\\/wp-content\\\/uploads\\\/2024\\\/06\\\/rynek-gliwice.jpg\",\"keywords\":[\"RATUSZ\",\"RYNEK\"],\"articleSection\":[\"Gliwice\",\"Najnowsze wiadomo\u015bci\"],\"inLanguage\":\"pl-PL\",\"potentialAction\":[{\"@type\":\"CommentAction\",\"name\":\"Comment\",\"target\":[\"https:\\\/\\\/www.24gliwice.pl\\\/wiadomosci\\\/bedzie-remont-w-sercu-gliwickiej-starowki-prace-pod-okiem-konserwatora-zakoncza-sie-jesienia\\\/#respond\"]}]},{\"@type\":\"WebPage\",\"@id\":\"https:\\\/\\\/www.24gliwice.pl\\\/wiadomosci\\\/bedzie-remont-w-sercu-gliwickiej-starowki-prace-pod-okiem-konserwatora-zakoncza-sie-jesienia\\\/\",\"url\":\"https:\\\/\\\/www.24gliwice.pl\\\/wiadomosci\\\/bedzie-remont-w-sercu-gliwickiej-starowki-prace-pod-okiem-konserwatora-zakoncza-sie-jesienia\\\/\",\"name\":\"B\u0119dzie remont w sercu gliwickiej star\u00f3wki. Prace pod okiem konserwatora zako\u0144cz\u0105 si\u0119 jesieni\u0105 - 24GLIWICE - Portal Gliwice | codziennie nowe informacje\",\"isPartOf\":{\"@id\":\"https:\\\/\\\/www.24gliwice.pl\\\/wiadomosci\\\/#website\"},\"primaryImageOfPage\":{\"@id\":\"https:\\\/\\\/www.24gliwice.pl\\\/wiadomosci\\\/bedzie-remont-w-sercu-gliwickiej-starowki-prace-pod-okiem-konserwatora-zakoncza-sie-jesienia\\\/#primaryimage\"},\"image\":{\"@id\":\"https:\\\/\\\/www.24gliwice.pl\\\/wiadomosci\\\/bedzie-remont-w-sercu-gliwickiej-starowki-prace-pod-okiem-konserwatora-zakoncza-sie-jesienia\\\/#primaryimage\"},\"thumbnailUrl\":\"https:\\\/\\\/www.24gliwice.pl\\\/wiadomosci\\\/wp-content\\\/uploads\\\/2024\\\/06\\\/rynek-gliwice.jpg\",\"datePublished\":\"2024-06-03T14:06:37+00:00\",\"description\":\"Remont elewacji Ratusza na gliwickim Rynku rozpocznie si\u0119 od 1 lipca. Prace poch\u0142on\u0105 ponad 1,2 mln z\u0142, miasto pozyska\u0142o 98 % dofinansowanie\",\"breadcrumb\":{\"@id\":\"https:\\\/\\\/www.24gliwice.pl\\\/wiadomosci\\\/bedzie-remont-w-sercu-gliwickiej-starowki-prace-pod-okiem-konserwatora-zakoncza-sie-jesienia\\\/#breadcrumb\"},\"inLanguage\":\"pl-PL\",\"potentialAction\":[{\"@type\":\"ReadAction\",\"target\":[\"https:\\\/\\\/www.24gliwice.pl\\\/wiadomosci\\\/bedzie-remont-w-sercu-gliwickiej-starowki-prace-pod-okiem-konserwatora-zakoncza-sie-jesienia\\\/\"]}]},{\"@type\":\"ImageObject\",\"inLanguage\":\"pl-PL\",\"@id\":\"https:\\\/\\\/www.24gliwice.pl\\\/wiadomosci\\\/bedzie-remont-w-sercu-gliwickiej-starowki-prace-pod-okiem-konserwatora-zakoncza-sie-jesienia\\\/#primaryimage\",\"url\":\"https:\\\/\\\/www.24gliwice.pl\\\/wiadomosci\\\/wp-content\\\/uploads\\\/2024\\\/06\\\/rynek-gliwice.jpg\",\"contentUrl\":\"https:\\\/\\\/www.24gliwice.pl\\\/wiadomosci\\\/wp-content\\\/uploads\\\/2024\\\/06\\\/rynek-gliwice.jpg\",\"width\":810,\"height\":457},{\"@type\":\"BreadcrumbList\",\"@id\":\"https:\\\/\\\/www.24gliwice.pl\\\/wiadomosci\\\/bedzie-remont-w-sercu-gliwickiej-starowki-prace-pod-okiem-konserwatora-zakoncza-sie-jesienia\\\/#breadcrumb\",\"itemListElement\":[{\"@type\":\"ListItem\",\"position\":1,\"name\":\"Strona g\u0142\u00f3wna\",\"item\":\"https:\\\/\\\/www.24gliwice.pl\\\/wiadomosci\\\/\"},{\"@type\":\"ListItem\",\"position\":2,\"name\":\"B\u0119dzie remont w sercu gliwickiej star\u00f3wki. Prace pod okiem konserwatora zako\u0144cz\u0105 si\u0119 jesieni\u0105\"}]},{\"@type\":\"WebSite\",\"@id\":\"https:\\\/\\\/www.24gliwice.pl\\\/wiadomosci\\\/#website\",\"url\":\"https:\\\/\\\/www.24gliwice.pl\\\/wiadomosci\\\/\",\"name\":\"24GLIWICE - Portal Gliwice | codziennie nowe wiadomo\u015bci\",\"description\":\"Portal Miejski Gliwice\",\"publisher\":{\"@id\":\"https:\\\/\\\/www.24gliwice.pl\\\/wiadomosci\\\/#organization\"},\"potentialAction\":[{\"@type\":\"SearchAction\",\"target\":{\"@type\":\"EntryPoint\",\"urlTemplate\":\"https:\\\/\\\/www.24gliwice.pl\\\/wiadomosci\\\/?s={search_term_string}\"},\"query-input\":{\"@type\":\"PropertyValueSpecification\",\"valueRequired\":true,\"valueName\":\"search_term_string\"}}],\"inLanguage\":\"pl-PL\"},{\"@type\":\"Organization\",\"@id\":\"https:\\\/\\\/www.24gliwice.pl\\\/wiadomosci\\\/#organization\",\"name\":\"24gliwice\",\"url\":\"https:\\\/\\\/www.24gliwice.pl\\\/wiadomosci\\\/\",\"logo\":{\"@type\":\"ImageObject\",\"inLanguage\":\"pl-PL\",\"@id\":\"https:\\\/\\\/www.24gliwice.pl\\\/wiadomosci\\\/#\\\/schema\\\/logo\\\/image\\\/\",\"url\":\"https:\\\/\\\/www.24gliwice.pl\\\/wiadomosci\\\/wp-content\\\/uploads\\\/2024\\\/10\\\/24gliwice-logo-696.jpg\",\"contentUrl\":\"https:\\\/\\\/www.24gliwice.pl\\\/wiadomosci\\\/wp-content\\\/uploads\\\/2024\\\/10\\\/24gliwice-logo-696.jpg\",\"width\":696,\"height\":696,\"caption\":\"24gliwice\"},\"image\":{\"@id\":\"https:\\\/\\\/www.24gliwice.pl\\\/wiadomosci\\\/#\\\/schema\\\/logo\\\/image\\\/\"},\"sameAs\":[\"https:\\\/\\\/www.facebook.com\\\/24gliwice\",\"https:\\\/\\\/x.com\\\/24gliwice\",\"https:\\\/\\\/www.youtube.com\\\/@24gliwice\"]},{\"@type\":\"Person\",\"@id\":\"https:\\\/\\\/www.24gliwice.pl\\\/wiadomosci\\\/#\\\/schema\\\/person\\\/e42c650edd7f2fa332be3811fb166b6e\",\"name\":\"\u017baneta Mrozek-Siewierska\",\"image\":{\"@type\":\"ImageObject\",\"inLanguage\":\"pl-PL\",\"@id\":\"https:\\\/\\\/secure.gravatar.com\\\/avatar\\\/1881429e9c64597c77ad7aef2d0a19be69a3253e57534d16aa15bf3a4d34a0a3?s=96&d=mm&r=g\",\"url\":\"https:\\\/\\\/secure.gravatar.com\\\/avatar\\\/1881429e9c64597c77ad7aef2d0a19be69a3253e57534d16aa15bf3a4d34a0a3?s=96&d=mm&r=g\",\"contentUrl\":\"https:\\\/\\\/secure.gravatar.com\\\/avatar\\\/1881429e9c64597c77ad7aef2d0a19be69a3253e57534d16aa15bf3a4d34a0a3?s=96&d=mm&r=g\",\"caption\":\"\u017baneta Mrozek-Siewierska\"},\"url\":\"https:\\\/\\\/www.24gliwice.pl\\\/wiadomosci\\\/author\\\/zms\\\/\"}]}<\/script>\n<!-- \/ Yoast SEO plugin. -->","yoast_head_json":{"title":"B\u0119dzie remont w sercu gliwickiej star\u00f3wki. Prace pod okiem konserwatora zako\u0144cz\u0105 si\u0119 jesieni\u0105 - 24GLIWICE - Portal Gliwice | codziennie nowe informacje","description":"Remont elewacji Ratusza na gliwickim Rynku rozpocznie si\u0119 od 1 lipca. Prace poch\u0142on\u0105 ponad 1,2 mln z\u0142, miasto pozyska\u0142o 98 % dofinansowanie","robots":{"index":"index","follow":"follow","max-snippet":"max-snippet:-1","max-image-preview":"max-image-preview:large","max-video-preview":"max-video-preview:-1"},"canonical":"https:\/\/www.24gliwice.pl\/wiadomosci\/bedzie-remont-w-sercu-gliwickiej-starowki-prace-pod-okiem-konserwatora-zakoncza-sie-jesienia\/","og_locale":"pl_PL","og_type":"article","og_title":"B\u0119dzie remont w sercu gliwickiej star\u00f3wki. Prace pod okiem konserwatora zako\u0144cz\u0105 si\u0119 jesieni\u0105 - 24GLIWICE - Portal Gliwice | codziennie nowe informacje","og_description":"Remont elewacji Ratusza na gliwickim Rynku rozpocznie si\u0119 od 1 lipca. Prace poch\u0142on\u0105 ponad 1,2 mln z\u0142, miasto pozyska\u0142o 98 % dofinansowanie","og_url":"https:\/\/www.24gliwice.pl\/wiadomosci\/bedzie-remont-w-sercu-gliwickiej-starowki-prace-pod-okiem-konserwatora-zakoncza-sie-jesienia\/","og_site_name":"24GLIWICE - Portal Gliwice | codziennie nowe informacje","article_publisher":"https:\/\/www.facebook.com\/24gliwice","article_published_time":"2024-06-03T14:06:37+00:00","og_image":[{"width":810,"height":457,"url":"https:\/\/www.24gliwice.pl\/wiadomosci\/wp-content\/uploads\/2024\/06\/rynek-gliwice.jpg","type":"image\/jpeg"}],"author":"\u017baneta Mrozek-Siewierska","twitter_card":"summary_large_image","twitter_creator":"@24gliwice","twitter_site":"@24gliwice","twitter_misc":{"Napisane przez":"\u017baneta Mrozek-Siewierska","Szacowany czas czytania":"2 minuty"},"schema":{"@context":"https:\/\/schema.org","@graph":[{"@type":"Article","@id":"https:\/\/www.24gliwice.pl\/wiadomosci\/bedzie-remont-w-sercu-gliwickiej-starowki-prace-pod-okiem-konserwatora-zakoncza-sie-jesienia\/#article","isPartOf":{"@id":"https:\/\/www.24gliwice.pl\/wiadomosci\/bedzie-remont-w-sercu-gliwickiej-starowki-prace-pod-okiem-konserwatora-zakoncza-sie-jesienia\/"},"author":{"name":"\u017baneta Mrozek-Siewierska","@id":"https:\/\/www.24gliwice.pl\/wiadomosci\/#\/schema\/person\/e42c650edd7f2fa332be3811fb166b6e"},"headline":"B\u0119dzie remont w sercu gliwickiej star\u00f3wki. Prace pod okiem konserwatora zako\u0144cz\u0105 si\u0119 jesieni\u0105","datePublished":"2024-06-03T14:06:37+00:00","mainEntityOfPage":{"@id":"https:\/\/www.24gliwice.pl\/wiadomosci\/bedzie-remont-w-sercu-gliwickiej-starowki-prace-pod-okiem-konserwatora-zakoncza-sie-jesienia\/"},"wordCount":270,"commentCount":0,"publisher":{"@id":"https:\/\/www.24gliwice.pl\/wiadomosci\/#organization"},"image":{"@id":"https:\/\/www.24gliwice.pl\/wiadomosci\/bedzie-remont-w-sercu-gliwickiej-starowki-prace-pod-okiem-konserwatora-zakoncza-sie-jesienia\/#primaryimage"},"thumbnailUrl":"https:\/\/www.24gliwice.pl\/wiadomosci\/wp-content\/uploads\/2024\/06\/rynek-gliwice.jpg","keywords":["RATUSZ","RYNEK"],"articleSection":["Gliwice","Najnowsze wiadomo\u015bci"],"inLanguage":"pl-PL","potentialAction":[{"@type":"CommentAction","name":"Comment","target":["https:\/\/www.24gliwice.pl\/wiadomosci\/bedzie-remont-w-sercu-gliwickiej-starowki-prace-pod-okiem-konserwatora-zakoncza-sie-jesienia\/#respond"]}]},{"@type":"WebPage","@id":"https:\/\/www.24gliwice.pl\/wiadomosci\/bedzie-remont-w-sercu-gliwickiej-starowki-prace-pod-okiem-konserwatora-zakoncza-sie-jesienia\/","url":"https:\/\/www.24gliwice.pl\/wiadomosci\/bedzie-remont-w-sercu-gliwickiej-starowki-prace-pod-okiem-konserwatora-zakoncza-sie-jesienia\/","name":"B\u0119dzie remont w sercu gliwickiej star\u00f3wki. Prace pod okiem konserwatora zako\u0144cz\u0105 si\u0119 jesieni\u0105 - 24GLIWICE - Portal Gliwice | codziennie nowe informacje","isPartOf":{"@id":"https:\/\/www.24gliwice.pl\/wiadomosci\/#website"},"primaryImageOfPage":{"@id":"https:\/\/www.24gliwice.pl\/wiadomosci\/bedzie-remont-w-sercu-gliwickiej-starowki-prace-pod-okiem-konserwatora-zakoncza-sie-jesienia\/#primaryimage"},"image":{"@id":"https:\/\/www.24gliwice.pl\/wiadomosci\/bedzie-remont-w-sercu-gliwickiej-starowki-prace-pod-okiem-konserwatora-zakoncza-sie-jesienia\/#primaryimage"},"thumbnailUrl":"https:\/\/www.24gliwice.pl\/wiadomosci\/wp-content\/uploads\/2024\/06\/rynek-gliwice.jpg","datePublished":"2024-06-03T14:06:37+00:00","description":"Remont elewacji Ratusza na gliwickim Rynku rozpocznie si\u0119 od 1 lipca. Prace poch\u0142on\u0105 ponad 1,2 mln z\u0142, miasto pozyska\u0142o 98 % dofinansowanie","breadcrumb":{"@id":"https:\/\/www.24gliwice.pl\/wiadomosci\/bedzie-remont-w-sercu-gliwickiej-starowki-prace-pod-okiem-konserwatora-zakoncza-sie-jesienia\/#breadcrumb"},"inLanguage":"pl-PL","potentialAction":[{"@type":"ReadAction","target":["https:\/\/www.24gliwice.pl\/wiadomosci\/bedzie-remont-w-sercu-gliwickiej-starowki-prace-pod-okiem-konserwatora-zakoncza-sie-jesienia\/"]}]},{"@type":"ImageObject","inLanguage":"pl-PL","@id":"https:\/\/www.24gliwice.pl\/wiadomosci\/bedzie-remont-w-sercu-gliwickiej-starowki-prace-pod-okiem-konserwatora-zakoncza-sie-jesienia\/#primaryimage","url":"https:\/\/www.24gliwice.pl\/wiadomosci\/wp-content\/uploads\/2024\/06\/rynek-gliwice.jpg","contentUrl":"https:\/\/www.24gliwice.pl\/wiadomosci\/wp-content\/uploads\/2024\/06\/rynek-gliwice.jpg","width":810,"height":457},{"@type":"BreadcrumbList","@id":"https:\/\/www.24gliwice.pl\/wiadomosci\/bedzie-remont-w-sercu-gliwickiej-starowki-prace-pod-okiem-konserwatora-zakoncza-sie-jesienia\/#breadcrumb","itemListElement":[{"@type":"ListItem","position":1,"name":"Strona g\u0142\u00f3wna","item":"https:\/\/www.24gliwice.pl\/wiadomosci\/"},{"@type":"ListItem","position":2,"name":"B\u0119dzie remont w sercu gliwickiej star\u00f3wki. Prace pod okiem konserwatora zako\u0144cz\u0105 si\u0119 jesieni\u0105"}]},{"@type":"WebSite","@id":"https:\/\/www.24gliwice.pl\/wiadomosci\/#website","url":"https:\/\/www.24gliwice.pl\/wiadomosci\/","name":"24GLIWICE - Portal Gliwice | codziennie nowe wiadomo\u015bci","description":"Portal Miejski Gliwice","publisher":{"@id":"https:\/\/www.24gliwice.pl\/wiadomosci\/#organization"},"potentialAction":[{"@type":"SearchAction","target":{"@type":"EntryPoint","urlTemplate":"https:\/\/www.24gliwice.pl\/wiadomosci\/?s={search_term_string}"},"query-input":{"@type":"PropertyValueSpecification","valueRequired":true,"valueName":"search_term_string"}}],"inLanguage":"pl-PL"},{"@type":"Organization","@id":"https:\/\/www.24gliwice.pl\/wiadomosci\/#organization","name":"24gliwice","url":"https:\/\/www.24gliwice.pl\/wiadomosci\/","logo":{"@type":"ImageObject","inLanguage":"pl-PL","@id":"https:\/\/www.24gliwice.pl\/wiadomosci\/#\/schema\/logo\/image\/","url":"https:\/\/www.24gliwice.pl\/wiadomosci\/wp-content\/uploads\/2024\/10\/24gliwice-logo-696.jpg","contentUrl":"https:\/\/www.24gliwice.pl\/wiadomosci\/wp-content\/uploads\/2024\/10\/24gliwice-logo-696.jpg","width":696,"height":696,"caption":"24gliwice"},"image":{"@id":"https:\/\/www.24gliwice.pl\/wiadomosci\/#\/schema\/logo\/image\/"},"sameAs":["https:\/\/www.facebook.com\/24gliwice","https:\/\/x.com\/24gliwice","https:\/\/www.youtube.com\/@24gliwice"]},{"@type":"Person","@id":"https:\/\/www.24gliwice.pl\/wiadomosci\/#\/schema\/person\/e42c650edd7f2fa332be3811fb166b6e","name":"\u017baneta Mrozek-Siewierska","image":{"@type":"ImageObject","inLanguage":"pl-PL","@id":"https:\/\/secure.gravatar.com\/avatar\/1881429e9c64597c77ad7aef2d0a19be69a3253e57534d16aa15bf3a4d34a0a3?s=96&d=mm&r=g","url":"https:\/\/secure.gravatar.com\/avatar\/1881429e9c64597c77ad7aef2d0a19be69a3253e57534d16aa15bf3a4d34a0a3?s=96&d=mm&r=g","contentUrl":"https:\/\/secure.gravatar.com\/avatar\/1881429e9c64597c77ad7aef2d0a19be69a3253e57534d16aa15bf3a4d34a0a3?s=96&d=mm&r=g","caption":"\u017baneta Mrozek-Siewierska"},"url":"https:\/\/www.24gliwice.pl\/wiadomosci\/author\/zms\/"}]}},"_links":{"self":[{"href":"https:\/\/www.24gliwice.pl\/wiadomosci\/wp-json\/wp\/v2\/posts\/236928","targetHints":{"allow":["GET"]}}],"collection":[{"href":"https:\/\/www.24gliwice.pl\/wiadomosci\/wp-json\/wp\/v2\/posts"}],"about":[{"href":"https:\/\/www.24gliwice.pl\/wiadomosci\/wp-json\/wp\/v2\/types\/post"}],"author":[{"embeddable":true,"href":"https:\/\/www.24gliwice.pl\/wiadomosci\/wp-json\/wp\/v2\/users\/15"}],"replies":[{"embeddable":true,"href":"https:\/\/www.24gliwice.pl\/wiadomosci\/wp-json\/wp\/v2\/comments?post=236928"}],"version-history":[{"count":0,"href":"https:\/\/www.24gliwice.pl\/wiadomosci\/wp-json\/wp\/v2\/posts\/236928\/revisions"}],"wp:featuredmedia":[{"embeddable":true,"href":"https:\/\/www.24gliwice.pl\/wiadomosci\/wp-json\/wp\/v2\/media\/236946"}],"wp:attachment":[{"href":"https:\/\/www.24gliwice.pl\/wiadomosci\/wp-json\/wp\/v2\/media?parent=236928"}],"wp:term":[{"taxonomy":"category","embeddable":true,"href":"https:\/\/www.24gliwice.pl\/wiadomosci\/wp-json\/wp\/v2\/categories?post=236928"},{"taxonomy":"post_tag","embeddable":true,"href":"https:\/\/www.24gliwice.pl\/wiadomosci\/wp-json\/wp\/v2\/tags?post=236928"}],"curies":[{"name":"wp","href":"https:\/\/api.w.org\/{rel}","templated":true}]}}